{"id":11216,"date":"2025-05-26T16:40:38","date_gmt":"2025-05-26T22:40:38","guid":{"rendered":"https:\/\/staytv.net\/?p=11216"},"modified":"2025-05-26T16:40:38","modified_gmt":"2025-05-26T22:40:38","slug":"congreso-de-costa-rica-instala-comisiones-permanentes-especiales-designados-los-presidentes-y-secretarios","status":"publish","type":"post","link":"https:\/\/staytv.cr\/index.php\/2025\/05\/26\/congreso-de-costa-rica-instala-comisiones-permanentes-especiales-designados-los-presidentes-y-secretarios\/","title":{"rendered":"Congreso de Costa Rica Instala Comisiones Permanentes Especiales; Designados los Presidentes y Secretarios"},"content":{"rendered":"<div class=\"prose dark:prose-invert prose-sm lg:prose-base prose-zinc prose-a:cursor-pointer prose-a:font-normal max-w-full whitespace-normal [overflow-wrap:anywhere]\">\n<p><strong>[San Jos\u00e9, Costa Rica]<\/strong>\u00a0\u2013 La vicepresidenta del Congreso, la diputada Vanessa Castro, y el Presidente legislativo, Rodrigo Arias S\u00e1nchez, instalaron ocho comisiones permanentes especiales, designando a sus respectivos presidentes y secretarios.<\/p>\n<p><iframe title=\"Congreso de Costa Rica Instala Comisiones Permanentes Especiales; Designados los Presidentes\" width=\"1170\" height=\"658\" data-src=\"https:\/\/www.youtube.com\/embed\/Lcw5WJwehXY?feature=oembed\" frameborder=\"0\" allow=\"accelerometer; autoplay; clipboard-write; encrypted-media; gyroscope; picture-in-picture; web-share\" referrerpolicy=\"strict-origin-when-cross-origin\" allowfullscreen src=\"data:image\/svg+xml;base64,PHN2ZyB3aWR0aD0iMSIgaGVpZ2h0PSIxIiB4bWxucz0iaHR0cDovL3d3dy53My5vcmcvMjAwMC9zdmciPjwvc3ZnPg==\" class=\"lazyload\" data-load-mode=\"1\"><\/iframe><\/p>\n<p><strong>Tabla de Comisiones Permanentes Especiales y sus Dirigentes<\/strong><\/p>\n<div class=\"flex flex-col\">\n<div class=\"sticky top-0 z-20 flex h-9 w-full items-center justify-between rounded-t-md bg-ds-bg-elevated px-1\"><\/div>\n<div class=\"relative overflow-hidden z-10 contain-inline-size\" dir=\"ltr\">\n<div class=\"size-full rounded-[inherit] [&amp;&gt;div]:!block [&amp;&gt;div]:!h-[inherit]\" style=\"box-sizing: border-box; border: 0px solid #e4e4e7; scrollbar-color: rgba(39, 39, 42, 0.6) #ffffff; scrollbar-width: none; scroll-behavior: smooth; --scrollbar-track: hsl(0 0% 100%); --scrollbar-thumb: rgba(39,39,42,.6); --scrollbar-track-radius: 0.5rem; --scrollbar-thumb-radius: 0.5rem; --scrollbar-corner-radius: 0.5rem; --tw-border-spacing-x: 0; --tw-border-spacing-y: 0; --tw-translate-x: 0; --tw-translate-y: 0; --tw-rotate: 0; --tw-skew-x: 0; --tw-skew-y: 0; --tw-scale-x: 1; --tw-scale-y: 1; --tw-scroll-snap-strictness: proximity; --tw-ring-offset-width: 0px; --tw-ring-offset-color: #fff; --tw-ring-color: rgba(59,130,246,.5); --tw-ring-offset-shadow: 0 0 #0000; --tw-ring-shadow: 0 0 #0000; --tw-shadow: 0 0 #0000; --tw-shadow-colored: 0 0 #0000; width: 768px; height: 368px; border-radius: inherit; overflow-anchor: none; overflow: scroll;\" data-radix-scroll-area-viewport=\"\">\n<div>\n<div class=\"relative w-full overflow-auto\">\n<table class=\"w-full caption-bottom text-sm my-0\">\n<thead class=\"[&amp;_tr]:border-b\">\n<tr class=\"border-b transition-colors data-[state=selected]:bg-muted hover:bg-muted\/50 duration-300\">\n<th class=\"h-10 px-2 text-left align-middle font-medium text-muted-foreground [&amp;:has([role=checkbox])]:pr-0 [&amp;&gt;[role=checkbox]]:translate-y-[2px] min-w-36 whitespace-normal pt-2 tracking-wide w-fit max-w-52\" style=\"box-sizing: border-box; border: 0px solid #e4e4e7; scrollbar-color: rgba(39, 39, 42, 0.6) #ffffff; scrollbar-width: thin; scroll-behavior: smooth; --scrollbar-track: hsl(0 0% 100%); --scrollbar-thumb: rgba(39,39,42,.6); --scrollbar-track-radius: 0.5rem; --scrollbar-thumb-radius: 0.5rem; --scrollbar-corner-radius: 0.5rem; --tw-border-spacing-x: 0; --tw-border-spacing-y: 0; --tw-translate-x: 0; --tw-translate-y: 0; --tw-rotate: 0; --tw-skew-x: 0; --tw-skew-y: 0; --tw-scale-x: 1; --tw-scale-y: 1; --tw-scroll-snap-strictness: proximity; --tw-ring-offset-width: 0px; --tw-ring-offset-color: #fff; --tw-ring-color: rgba(59,130,246,.5); --tw-ring-offset-shadow: 0 0 #0000; --tw-ring-shadow: 0 0 #0000; --tw-shadow: 0 0 #0000; --tw-shadow-colored: 0 0 #0000; color: #71717a; font-weight: 500; vertical-align: middle; text-align: left; height: 2.5rem; width: fit-content; min-width: 9rem; max-width: 13rem; white-space: normal; padding: 0.5rem 0.5rem 0.571429em; letter-spacing: 0.025em; padding-inline: 0px 0.571429em; overflow-anchor: none;\">Comisi\u00f3n<\/th>\n<th class=\"h-10 px-2 text-left align-middle font-medium text-muted-foreground [&amp;:has([role=checkbox])]:pr-0 [&amp;&gt;[role=checkbox]]:translate-y-[2px] min-w-36 whitespace-normal pt-2 tracking-wide w-fit max-w-52\" style=\"box-sizing: border-box; border: 0px solid #e4e4e7; scrollbar-color: rgba(39, 39, 42, 0.6) #ffffff; scrollbar-width: thin; scroll-behavior: smooth; --scrollbar-track: hsl(0 0% 100%); --scrollbar-thumb: rgba(39,39,42,.6); --scrollbar-track-radius: 0.5rem; --scrollbar-thumb-radius: 0.5rem; --scrollbar-corner-radius: 0.5rem; --tw-border-spacing-x: 0; --tw-border-spacing-y: 0; --tw-translate-x: 0; --tw-translate-y: 0; --tw-rotate: 0; --tw-skew-x: 0; --tw-skew-y: 0; --tw-scale-x: 1; --tw-scale-y: 1; --tw-scroll-snap-strictness: proximity; --tw-ring-offset-width: 0px; --tw-ring-offset-color: #fff; --tw-ring-color: rgba(59,130,246,.5); --tw-ring-offset-shadow: 0 0 #0000; --tw-ring-shadow: 0 0 #0000; --tw-shadow: 0 0 #0000; --tw-shadow-colored: 0 0 #0000; color: #71717a; font-weight: 500; vertical-align: middle; text-align: left; height: 2.5rem; width: fit-content; min-width: 9rem; max-width: 13rem; white-space: normal; padding: 0.5rem 0.5rem 0.571429em; letter-spacing: 0.025em; padding-inline: 0.571429em; overflow-anchor: none;\">Presidente<\/th>\n<th class=\"h-10 px-2 text-left align-middle font-medium text-muted-foreground [&amp;:has([role=checkbox])]:pr-0 [&amp;&gt;[role=checkbox]]:translate-y-[2px] min-w-36 whitespace-normal pt-2 tracking-wide w-fit max-w-52\" style=\"box-sizing: border-box; border: 0px solid #e4e4e7; scrollbar-color: rgba(39, 39, 42, 0.6) #ffffff; scrollbar-width: thin; scroll-behavior: smooth; --scrollbar-track: hsl(0 0% 100%); --scrollbar-thumb: rgba(39,39,42,.6); --scrollbar-track-radius: 0.5rem; --scrollbar-thumb-radius: 0.5rem; --scrollbar-corner-radius: 0.5rem; --tw-border-spacing-x: 0; --tw-border-spacing-y: 0; --tw-translate-x: 0; --tw-translate-y: 0; --tw-rotate: 0; --tw-skew-x: 0; --tw-skew-y: 0; --tw-scale-x: 1; --tw-scale-y: 1; --tw-scroll-snap-strictness: proximity; --tw-ring-offset-width: 0px; --tw-ring-offset-color: #fff; --tw-ring-color: rgba(59,130,246,.5); --tw-ring-offset-shadow: 0 0 #0000; --tw-ring-shadow: 0 0 #0000; --tw-shadow: 0 0 #0000; --tw-shadow-colored: 0 0 #0000; color: #71717a; font-weight: 500; vertical-align: middle; text-align: left; height: 2.5rem; width: fit-content; min-width: 9rem; max-width: 13rem; white-space: normal; padding: 0.5rem 0.5rem 0.571429em; letter-spacing: 0.025em; padding-inline: 0.571429em 0px; overflow-anchor: none;\">Secretario<\/th>\n<\/tr>\n<\/thead>\n<tbody class=\"[&amp;_tr:last-child]:border-0\">\n<tr class=\"border-b transition-colors data-[state=selected]:bg-muted hover:bg-muted\/50 duration-300\">\n<td class=\"p-2 align-middle [&amp;:has([role=checkbox])]:pr-0 [&amp;&gt;[role=checkbox]]:translate-y-[2px]\" style=\"box-sizing: border-box; border: 0px solid #e4e4e7; scrollbar-color: rgba(39, 39, 42, 0.6) #ffffff; scrollbar-width: thin; scroll-behavior: smooth; --scrollbar-track: hsl(0 0% 100%); --scrollbar-thumb: rgba(39,39,42,.6); --scrollbar-track-radius: 0.5rem; --scrollbar-thumb-radius: 0.5rem; --scrollbar-corner-radius: 0.5rem; --tw-border-spacing-x: 0; --tw-border-spacing-y: 0; --tw-translate-x: 0; --tw-translate-y: 0; --tw-rotate: 0; --tw-skew-x: 0; --tw-skew-y: 0; --tw-scale-x: 1; --tw-scale-y: 1; --tw-scroll-snap-strictness: proximity; --tw-ring-offset-width: 0px; --tw-ring-offset-color: #fff; --tw-ring-color: rgba(59,130,246,.5); --tw-ring-offset-shadow: 0 0 #0000; --tw-ring-shadow: 0 0 #0000; --tw-shadow: 0 0 #0000; --tw-shadow-colored: 0 0 #0000; vertical-align: middle; text-align: left; padding: 0.571429em 0.5rem; padding-inline: 0px 0.571429em; overflow-anchor: none;\">Juventud, Ni\u00f1ez y Adolescencia<\/td>\n<td class=\"p-2 align-middle [&amp;:has([role=checkbox])]:pr-0 [&amp;&gt;[role=checkbox]]:translate-y-[2px]\" style=\"box-sizing: border-box; border: 0px solid #e4e4e7; scrollbar-color: rgba(39, 39, 42, 0.6) #ffffff; scrollbar-width: thin; scroll-behavior: smooth; --scrollbar-track: hsl(0 0% 100%); --scrollbar-thumb: rgba(39,39,42,.6); --scrollbar-track-radius: 0.5rem; --scrollbar-thumb-radius: 0.5rem; --scrollbar-corner-radius: 0.5rem; --tw-border-spacing-x: 0; --tw-border-spacing-y: 0; --tw-translate-x: 0; --tw-translate-y: 0; --tw-rotate: 0; --tw-skew-x: 0; --tw-skew-y: 0; --tw-scale-x: 1; --tw-scale-y: 1; --tw-scroll-snap-strictness: proximity; --tw-ring-offset-width: 0px; --tw-ring-offset-color: #fff; --tw-ring-color: rgba(59,130,246,.5); --tw-ring-offset-shadow: 0 0 #0000; --tw-ring-shadow: 0 0 #0000; --tw-shadow: 0 0 #0000; --tw-shadow-colored: 0 0 #0000; vertical-align: middle; text-align: left; padding: 0.571429em 0.5rem; padding-inline: 0.571429em; overflow-anchor: none;\">Carlos Felipe Garc\u00eda<\/td>\n<td class=\"p-2 align-middle [&amp;:has([role=checkbox])]:pr-0 [&amp;&gt;[role=checkbox]]:translate-y-[2px]\" style=\"box-sizing: border-box; border: 0px solid #e4e4e7; scrollbar-color: rgba(39, 39, 42, 0.6) #ffffff; scrollbar-width: thin; scroll-behavior: smooth; --scrollbar-track: hsl(0 0% 100%); --scrollbar-thumb: rgba(39,39,42,.6); --scrollbar-track-radius: 0.5rem; --scrollbar-thumb-radius: 0.5rem; --scrollbar-corner-radius: 0.5rem; --tw-border-spacing-x: 0; --tw-border-spacing-y: 0; --tw-translate-x: 0; --tw-translate-y: 0; --tw-rotate: 0; --tw-skew-x: 0; --tw-skew-y: 0; --tw-scale-x: 1; --tw-scale-y: 1; --tw-scroll-snap-strictness: proximity; --tw-ring-offset-width: 0px; --tw-ring-offset-color: #fff; --tw-ring-color: rgba(59,130,246,.5); --tw-ring-offset-shadow: 0 0 #0000; --tw-ring-shadow: 0 0 #0000; --tw-shadow: 0 0 #0000; --tw-shadow-colored: 0 0 #0000; vertical-align: middle; text-align: left; padding: 0.571429em 0.5rem; padding-inline: 0.571429em 0px; overflow-anchor: none;\">Jason Valverde Castro (PLN)<\/td>\n<\/tr>\n<tr class=\"border-b transition-colors data-[state=selected]:bg-muted hover:bg-muted\/50 duration-300\">\n<td class=\"p-2 align-middle [&amp;:has([role=checkbox])]:pr-0 [&amp;&gt;[role=checkbox]]:translate-y-[2px]\" style=\"box-sizing: border-box; border: 0px solid #e4e4e7; scrollbar-color: rgba(39, 39, 42, 0.6) #ffffff; scrollbar-width: thin; scroll-behavior: smooth; --scrollbar-track: hsl(0 0% 100%); --scrollbar-thumb: rgba(39,39,42,.6); --scrollbar-track-radius: 0.5rem; --scrollbar-thumb-radius: 0.5rem; --scrollbar-corner-radius: 0.5rem; --tw-border-spacing-x: 0; --tw-border-spacing-y: 0; --tw-translate-x: 0; --tw-translate-y: 0; --tw-rotate: 0; --tw-skew-x: 0; --tw-skew-y: 0; --tw-scale-x: 1; --tw-scale-y: 1; --tw-scroll-snap-strictness: proximity; --tw-ring-offset-width: 0px; --tw-ring-offset-color: #fff; --tw-ring-color: rgba(59,130,246,.5); --tw-ring-offset-shadow: 0 0 #0000; --tw-ring-shadow: 0 0 #0000; --tw-shadow: 0 0 #0000; --tw-shadow-colored: 0 0 #0000; vertical-align: middle; text-align: left; padding: 0.571429em 0.5rem; padding-inline: 0px 0.571429em; overflow-anchor: none;\">Relaciones Internacionales<\/td>\n<td class=\"p-2 align-middle [&amp;:has([role=checkbox])]:pr-0 [&amp;&gt;[role=checkbox]]:translate-y-[2px]\" style=\"box-sizing: border-box; border: 0px solid #e4e4e7; scrollbar-color: rgba(39, 39, 42, 0.6) #ffffff; scrollbar-width: thin; scroll-behavior: smooth; --scrollbar-track: hsl(0 0% 100%); --scrollbar-thumb: rgba(39,39,42,.6); --scrollbar-track-radius: 0.5rem; --scrollbar-thumb-radius: 0.5rem; --scrollbar-corner-radius: 0.5rem; --tw-border-spacing-x: 0; --tw-border-spacing-y: 0; --tw-translate-x: 0; --tw-translate-y: 0; --tw-rotate: 0; --tw-skew-x: 0; --tw-skew-y: 0; --tw-scale-x: 1; --tw-scale-y: 1; --tw-scroll-snap-strictness: proximity; --tw-ring-offset-width: 0px; --tw-ring-offset-color: #fff; --tw-ring-color: rgba(59,130,246,.5); --tw-ring-offset-shadow: 0 0 #0000; --tw-ring-shadow: 0 0 #0000; --tw-shadow: 0 0 #0000; --tw-shadow-colored: 0 0 #0000; vertical-align: middle; text-align: left; padding: 0.571429em 0.5rem; padding-inline: 0.571429em; overflow-anchor: none;\">Luis Fernando Mendoza (Guanacasteco)<\/td>\n<td class=\"p-2 align-middle [&amp;:has([role=checkbox])]:pr-0 [&amp;&gt;[role=checkbox]]:translate-y-[2px]\" style=\"box-sizing: border-box; border: 0px solid #e4e4e7; scrollbar-color: rgba(39, 39, 42, 0.6) #ffffff; scrollbar-width: thin; scroll-behavior: smooth; --scrollbar-track: hsl(0 0% 100%); --scrollbar-thumb: rgba(39,39,42,.6); --scrollbar-track-radius: 0.5rem; --scrollbar-thumb-radius: 0.5rem; --scrollbar-corner-radius: 0.5rem; --tw-border-spacing-x: 0; --tw-border-spacing-y: 0; --tw-translate-x: 0; --tw-translate-y: 0; --tw-rotate: 0; --tw-skew-x: 0; --tw-skew-y: 0; --tw-scale-x: 1; --tw-scale-y: 1; --tw-scroll-snap-strictness: proximity; --tw-ring-offset-width: 0px; --tw-ring-offset-color: #fff; --tw-ring-color: rgba(59,130,246,.5); --tw-ring-offset-shadow: 0 0 #0000; --tw-ring-shadow: 0 0 #0000; --tw-shadow: 0 0 #0000; --tw-shadow-colored: 0 0 #0000; vertical-align: middle; text-align: left; padding: 0.571429em 0.5rem; padding-inline: 0.571429em 0px; overflow-anchor: none;\">Jos\u00e9 Pablo Sibaja<\/td>\n<\/tr>\n<tr class=\"border-b transition-colors data-[state=selected]:bg-muted hover:bg-muted\/50 duration-300\">\n<td class=\"p-2 align-middle [&amp;:has([role=checkbox])]:pr-0 [&amp;&gt;[role=checkbox]]:translate-y-[2px]\" style=\"box-sizing: border-box; border: 0px solid #e4e4e7; scrollbar-color: rgba(39, 39, 42, 0.6) #ffffff; scrollbar-width: thin; scroll-behavior: smooth; --scrollbar-track: hsl(0 0% 100%); --scrollbar-thumb: rgba(39,39,42,.6); --scrollbar-track-radius: 0.5rem; --scrollbar-thumb-radius: 0.5rem; --scrollbar-corner-radius: 0.5rem; --tw-border-spacing-x: 0; --tw-border-spacing-y: 0; --tw-translate-x: 0; --tw-translate-y: 0; --tw-rotate: 0; --tw-skew-x: 0; --tw-skew-y: 0; --tw-scale-x: 1; --tw-scale-y: 1; --tw-scroll-snap-strictness: proximity; --tw-ring-offset-width: 0px; --tw-ring-offset-color: #fff; --tw-ring-color: rgba(59,130,246,.5); --tw-ring-offset-shadow: 0 0 #0000; --tw-ring-shadow: 0 0 #0000; --tw-shadow: 0 0 #0000; --tw-shadow-colored: 0 0 #0000; vertical-align: middle; text-align: left; padding: 0.571429em 0.5rem; padding-inline: 0px 0.571429em; overflow-anchor: none;\">Discapacidad y Adulto Mayor<\/td>\n<td class=\"p-2 align-middle [&amp;:has([role=checkbox])]:pr-0 [&amp;&gt;[role=checkbox]]:translate-y-[2px]\" style=\"box-sizing: border-box; border: 0px solid #e4e4e7; scrollbar-color: rgba(39, 39, 42, 0.6) #ffffff; scrollbar-width: thin; scroll-behavior: smooth; --scrollbar-track: hsl(0 0% 100%); --scrollbar-thumb: rgba(39,39,42,.6); --scrollbar-track-radius: 0.5rem; --scrollbar-thumb-radius: 0.5rem; --scrollbar-corner-radius: 0.5rem; --tw-border-spacing-x: 0; --tw-border-spacing-y: 0; --tw-translate-x: 0; --tw-translate-y: 0; --tw-rotate: 0; --tw-skew-x: 0; --tw-skew-y: 0; --tw-scale-x: 1; --tw-scale-y: 1; --tw-scroll-snap-strictness: proximity; --tw-ring-offset-width: 0px; --tw-ring-offset-color: #fff; --tw-ring-color: rgba(59,130,246,.5); --tw-ring-offset-shadow: 0 0 #0000; --tw-ring-shadow: 0 0 #0000; --tw-shadow: 0 0 #0000; --tw-shadow-colored: 0 0 #0000; vertical-align: middle; text-align: left; padding: 0.571429em 0.5rem; padding-inline: 0.571429em; overflow-anchor: none;\">Catherine Moreira<\/td>\n<td class=\"p-2 align-middle [&amp;:has([role=checkbox])]:pr-0 [&amp;&gt;[role=checkbox]]:translate-y-[2px]\" style=\"box-sizing: border-box; border: 0px solid #e4e4e7; scrollbar-color: rgba(39, 39, 42, 0.6) #ffffff; scrollbar-width: thin; scroll-behavior: smooth; --scrollbar-track: hsl(0 0% 100%); --scrollbar-thumb: rgba(39,39,42,.6); --scrollbar-track-radius: 0.5rem; --scrollbar-thumb-radius: 0.5rem; --scrollbar-corner-radius: 0.5rem; --tw-border-spacing-x: 0; --tw-border-spacing-y: 0; --tw-translate-x: 0; --tw-translate-y: 0; --tw-rotate: 0; --tw-skew-x: 0; --tw-skew-y: 0; --tw-scale-x: 1; --tw-scale-y: 1; --tw-scroll-snap-strictness: proximity; --tw-ring-offset-width: 0px; --tw-ring-offset-color: #fff; --tw-ring-color: rgba(59,130,246,.5); --tw-ring-offset-shadow: 0 0 #0000; --tw-ring-shadow: 0 0 #0000; --tw-shadow: 0 0 #0000; --tw-shadow-colored: 0 0 #0000; vertical-align: middle; text-align: left; padding: 0.571429em 0.5rem; padding-inline: 0.571429em 0px; overflow-anchor: none;\">Priscila Vindas (Frente Amplio)<\/td>\n<\/tr>\n<tr class=\"border-b transition-colors data-[state=selected]:bg-muted hover:bg-muted\/50 duration-300\">\n<td class=\"p-2 align-middle [&amp;:has([role=checkbox])]:pr-0 [&amp;&gt;[role=checkbox]]:translate-y-[2px]\" style=\"box-sizing: border-box; border: 0px solid #e4e4e7; scrollbar-color: rgba(39, 39, 42, 0.6) #ffffff; scrollbar-width: thin; scroll-behavior: smooth; --scrollbar-track: hsl(0 0% 100%); --scrollbar-thumb: rgba(39,39,42,.6); --scrollbar-track-radius: 0.5rem; --scrollbar-thumb-radius: 0.5rem; --scrollbar-corner-radius: 0.5rem; --tw-border-spacing-x: 0; --tw-border-spacing-y: 0; --tw-translate-x: 0; --tw-translate-y: 0; --tw-rotate: 0; --tw-skew-x: 0; --tw-skew-y: 0; --tw-scale-x: 1; --tw-scale-y: 1; --tw-scroll-snap-strictness: proximity; --tw-ring-offset-width: 0px; --tw-ring-offset-color: #fff; --tw-ring-color: rgba(59,130,246,.5); --tw-ring-offset-shadow: 0 0 #0000; --tw-ring-shadow: 0 0 #0000; --tw-shadow: 0 0 #0000; --tw-shadow-colored: 0 0 #0000; vertical-align: middle; text-align: left; padding: 0.571429em 0.5rem; padding-inline: 0px 0.571429em; overflow-anchor: none;\">Asuntos Municipales<\/td>\n<td class=\"p-2 align-middle [&amp;:has([role=checkbox])]:pr-0 [&amp;&gt;[role=checkbox]]:translate-y-[2px]\" style=\"box-sizing: border-box; border: 0px solid #e4e4e7; scrollbar-color: rgba(39, 39, 42, 0.6) #ffffff; scrollbar-width: thin; scroll-behavior: smooth; --scrollbar-track: hsl(0 0% 100%); --scrollbar-thumb: rgba(39,39,42,.6); --scrollbar-track-radius: 0.5rem; --scrollbar-thumb-radius: 0.5rem; --scrollbar-corner-radius: 0.5rem; --tw-border-spacing-x: 0; --tw-border-spacing-y: 0; --tw-translate-x: 0; --tw-translate-y: 0; --tw-rotate: 0; --tw-skew-x: 0; --tw-skew-y: 0; --tw-scale-x: 1; --tw-scale-y: 1; --tw-scroll-snap-strictness: proximity; --tw-ring-offset-width: 0px; --tw-ring-offset-color: #fff; --tw-ring-color: rgba(59,130,246,.5); --tw-ring-offset-shadow: 0 0 #0000; --tw-ring-shadow: 0 0 #0000; --tw-shadow: 0 0 #0000; --tw-shadow-colored: 0 0 #0000; vertical-align: middle; text-align: left; padding: 0.571429em 0.5rem; padding-inline: 0.571429em; overflow-anchor: none;\">Horacio Alvarado Bogantes<\/td>\n<td class=\"p-2 align-middle [&amp;:has([role=checkbox])]:pr-0 [&amp;&gt;[role=checkbox]]:translate-y-[2px]\" style=\"box-sizing: border-box; border: 0px solid #e4e4e7; scrollbar-color: rgba(39, 39, 42, 0.6) #ffffff; scrollbar-width: thin; scroll-behavior: smooth; --scrollbar-track: hsl(0 0% 100%); --scrollbar-thumb: rgba(39,39,42,.6); --scrollbar-track-radius: 0.5rem; --scrollbar-thumb-radius: 0.5rem; --scrollbar-corner-radius: 0.5rem; --tw-border-spacing-x: 0; --tw-border-spacing-y: 0; --tw-translate-x: 0; --tw-translate-y: 0; --tw-rotate: 0; --tw-skew-x: 0; --tw-skew-y: 0; --tw-scale-x: 1; --tw-scale-y: 1; --tw-scroll-snap-strictness: proximity; --tw-ring-offset-width: 0px; --tw-ring-offset-color: #fff; --tw-ring-color: rgba(59,130,246,.5); --tw-ring-offset-shadow: 0 0 #0000; --tw-ring-shadow: 0 0 #0000; --tw-shadow: 0 0 #0000; --tw-shadow-colored: 0 0 #0000; vertical-align: middle; text-align: left; padding: 0.571429em 0.5rem; padding-inline: 0.571429em 0px; overflow-anchor: none;\">Dani Vargas Serrano<\/td>\n<\/tr>\n<tr class=\"border-b transition-colors data-[state=selected]:bg-muted hover:bg-muted\/50 duration-300\">\n<td class=\"p-2 align-middle [&amp;:has([role=checkbox])]:pr-0 [&amp;&gt;[role=checkbox]]:translate-y-[2px]\" style=\"box-sizing: border-box; border: 0px solid #e4e4e7; scrollbar-color: rgba(39, 39, 42, 0.6) #ffffff; scrollbar-width: thin; scroll-behavior: smooth; --scrollbar-track: hsl(0 0% 100%); --scrollbar-thumb: rgba(39,39,42,.6); --scrollbar-track-radius: 0.5rem; --scrollbar-thumb-radius: 0.5rem; --scrollbar-corner-radius: 0.5rem; --tw-border-spacing-x: 0; --tw-border-spacing-y: 0; --tw-translate-x: 0; --tw-translate-y: 0; --tw-rotate: 0; --tw-skew-x: 0; --tw-skew-y: 0; --tw-scale-x: 1; --tw-scale-y: 1; --tw-scroll-snap-strictness: proximity; --tw-ring-offset-width: 0px; --tw-ring-offset-color: #fff; --tw-ring-color: rgba(59,130,246,.5); --tw-ring-offset-shadow: 0 0 #0000; --tw-ring-shadow: 0 0 #0000; --tw-shadow: 0 0 #0000; --tw-shadow-colored: 0 0 #0000; vertical-align: middle; text-align: left; padding: 0.571429em 0.5rem; padding-inline: 0px 0.571429em; overflow-anchor: none;\">Seguridad y Narcotr\u00e1fico<\/td>\n<td class=\"p-2 align-middle [&amp;:has([role=checkbox])]:pr-0 [&amp;&gt;[role=checkbox]]:translate-y-[2px]\" style=\"box-sizing: border-box; border: 0px solid #e4e4e7; scrollbar-color: rgba(39, 39, 42, 0.6) #ffffff; scrollbar-width: thin; scroll-behavior: smooth; --scrollbar-track: hsl(0 0% 100%); --scrollbar-thumb: rgba(39,39,42,.6); --scrollbar-track-radius: 0.5rem; --scrollbar-thumb-radius: 0.5rem; --scrollbar-corner-radius: 0.5rem; --tw-border-spacing-x: 0; --tw-border-spacing-y: 0; --tw-translate-x: 0; --tw-translate-y: 0; --tw-rotate: 0; --tw-skew-x: 0; --tw-skew-y: 0; --tw-scale-x: 1; --tw-scale-y: 1; --tw-scroll-snap-strictness: proximity; --tw-ring-offset-width: 0px; --tw-ring-offset-color: #fff; --tw-ring-color: rgba(59,130,246,.5); --tw-ring-offset-shadow: 0 0 #0000; --tw-ring-shadow: 0 0 #0000; --tw-shadow: 0 0 #0000; --tw-shadow-colored: 0 0 #0000; vertical-align: middle; text-align: left; padding: 0.571429em 0.5rem; padding-inline: 0.571429em; overflow-anchor: none;\">Gilbert Jim\u00e9nez (PLN)<\/td>\n<td class=\"p-2 align-middle [&amp;:has([role=checkbox])]:pr-0 [&amp;&gt;[role=checkbox]]:translate-y-[2px]\" style=\"box-sizing: border-box; border: 0px solid #e4e4e7; scrollbar-color: rgba(39, 39, 42, 0.6) #ffffff; scrollbar-width: thin; scroll-behavior: smooth; --scrollbar-track: hsl(0 0% 100%); --scrollbar-thumb: rgba(39,39,42,.6); --scrollbar-track-radius: 0.5rem; --scrollbar-thumb-radius: 0.5rem; --scrollbar-corner-radius: 0.5rem; --tw-border-spacing-x: 0; --tw-border-spacing-y: 0; --tw-translate-x: 0; --tw-translate-y: 0; --tw-rotate: 0; --tw-skew-x: 0; --tw-skew-y: 0; --tw-scale-x: 1; --tw-scale-y: 1; --tw-scroll-snap-strictness: proximity; --tw-ring-offset-width: 0px; --tw-ring-offset-color: #fff; --tw-ring-color: rgba(59,130,246,.5); --tw-ring-offset-shadow: 0 0 #0000; --tw-ring-shadow: 0 0 #0000; --tw-shadow: 0 0 #0000; --tw-shadow-colored: 0 0 #0000; vertical-align: middle; text-align: left; padding: 0.571429em 0.5rem; padding-inline: 0.571429em 0px; overflow-anchor: none;\">Gilberto Campos Cruz (PLP)<\/td>\n<\/tr>\n<tr class=\"border-b transition-colors data-[state=selected]:bg-muted hover:bg-muted\/50 duration-300\">\n<td class=\"p-2 align-middle [&amp;:has([role=checkbox])]:pr-0 [&amp;&gt;[role=checkbox]]:translate-y-[2px]\" style=\"box-sizing: border-box; border: 0px solid #e4e4e7; scrollbar-color: rgba(39, 39, 42, 0.6) #ffffff; scrollbar-width: thin; scroll-behavior: smooth; --scrollbar-track: hsl(0 0% 100%); --scrollbar-thumb: rgba(39,39,42,.6); --scrollbar-track-radius: 0.5rem; --scrollbar-thumb-radius: 0.5rem; --scrollbar-corner-radius: 0.5rem; --tw-border-spacing-x: 0; --tw-border-spacing-y: 0; --tw-translate-x: 0; --tw-translate-y: 0; --tw-rotate: 0; --tw-skew-x: 0; --tw-skew-y: 0; --tw-scale-x: 1; --tw-scale-y: 1; --tw-scroll-snap-strictness: proximity; --tw-ring-offset-width: 0px; --tw-ring-offset-color: #fff; --tw-ring-color: rgba(59,130,246,.5); --tw-ring-offset-shadow: 0 0 #0000; --tw-ring-shadow: 0 0 #0000; --tw-shadow: 0 0 #0000; --tw-shadow-colored: 0 0 #0000; vertical-align: middle; text-align: left; padding: 0.571429em 0.5rem; padding-inline: 0px 0.571429em; overflow-anchor: none;\">Derechos Humanos<\/td>\n<td class=\"p-2 align-middle [&amp;:has([role=checkbox])]:pr-0 [&amp;&gt;[role=checkbox]]:translate-y-[2px]\" style=\"box-sizing: border-box; border: 0px solid #e4e4e7; scrollbar-color: rgba(39, 39, 42, 0.6) #ffffff; scrollbar-width: thin; scroll-behavior: smooth; --scrollbar-track: hsl(0 0% 100%); --scrollbar-thumb: rgba(39,39,42,.6); --scrollbar-track-radius: 0.5rem; --scrollbar-thumb-radius: 0.5rem; --scrollbar-corner-radius: 0.5rem; --tw-border-spacing-x: 0; --tw-border-spacing-y: 0; --tw-translate-x: 0; --tw-translate-y: 0; --tw-rotate: 0; --tw-skew-x: 0; --tw-skew-y: 0; --tw-scale-x: 1; --tw-scale-y: 1; --tw-scroll-snap-strictness: proximity; --tw-ring-offset-width: 0px; --tw-ring-offset-color: #fff; --tw-ring-color: rgba(59,130,246,.5); --tw-ring-offset-shadow: 0 0 #0000; --tw-ring-shadow: 0 0 #0000; --tw-shadow: 0 0 #0000; --tw-shadow-colored: 0 0 #0000; vertical-align: middle; text-align: left; padding: 0.571429em 0.5rem; padding-inline: 0.571429em; overflow-anchor: none;\">Monserrat Ruiz<\/td>\n<td class=\"p-2 align-middle [&amp;:has([role=checkbox])]:pr-0 [&amp;&gt;[role=checkbox]]:translate-y-[2px]\" style=\"box-sizing: border-box; border: 0px solid #e4e4e7; scrollbar-color: rgba(39, 39, 42, 0.6) #ffffff; scrollbar-width: thin; scroll-behavior: smooth; --scrollbar-track: hsl(0 0% 100%); --scrollbar-thumb: rgba(39,39,42,.6); --scrollbar-track-radius: 0.5rem; --scrollbar-thumb-radius: 0.5rem; --scrollbar-corner-radius: 0.5rem; --tw-border-spacing-x: 0; --tw-border-spacing-y: 0; --tw-translate-x: 0; --tw-translate-y: 0; --tw-rotate: 0; --tw-skew-x: 0; --tw-skew-y: 0; --tw-scale-x: 1; --tw-scale-y: 1; --tw-scroll-snap-strictness: proximity; --tw-ring-offset-width: 0px; --tw-ring-offset-color: #fff; --tw-ring-color: rgba(59,130,246,.5); --tw-ring-offset-shadow: 0 0 #0000; --tw-ring-shadow: 0 0 #0000; --tw-shadow: 0 0 #0000; --tw-shadow-colored: 0 0 #0000; vertical-align: middle; text-align: left; padding: 0.571429em 0.5rem; padding-inline: 0.571429em 0px; overflow-anchor: none;\">Melina Obando<\/td>\n<\/tr>\n<tr class=\"border-b transition-colors data-[state=selected]:bg-muted hover:bg-muted\/50 duration-300\">\n<td class=\"p-2 align-middle [&amp;:has([role=checkbox])]:pr-0 [&amp;&gt;[role=checkbox]]:translate-y-[2px]\" style=\"box-sizing: border-box; border: 0px solid #e4e4e7; scrollbar-color: rgba(39, 39, 42, 0.6) #ffffff; scrollbar-width: thin; scroll-behavior: smooth; --scrollbar-track: hsl(0 0% 100%); --scrollbar-thumb: rgba(39,39,42,.6); --scrollbar-track-radius: 0.5rem; --scrollbar-thumb-radius: 0.5rem; --scrollbar-corner-radius: 0.5rem; --tw-border-spacing-x: 0; --tw-border-spacing-y: 0; --tw-translate-x: 0; --tw-translate-y: 0; --tw-rotate: 0; --tw-skew-x: 0; --tw-skew-y: 0; --tw-scale-x: 1; --tw-scale-y: 1; --tw-scroll-snap-strictness: proximity; --tw-ring-offset-width: 0px; --tw-ring-offset-color: #fff; --tw-ring-color: rgba(59,130,246,.5); --tw-ring-offset-shadow: 0 0 #0000; --tw-ring-shadow: 0 0 #0000; --tw-shadow: 0 0 #0000; --tw-shadow-colored: 0 0 #0000; vertical-align: middle; text-align: left; padding: 0.571429em 0.5rem; padding-inline: 0px 0.571429em; overflow-anchor: none;\">Turismo<\/td>\n<td class=\"p-2 align-middle [&amp;:has([role=checkbox])]:pr-0 [&amp;&gt;[role=checkbox]]:translate-y-[2px]\" style=\"box-sizing: border-box; border: 0px solid #e4e4e7; scrollbar-color: rgba(39, 39, 42, 0.6) #ffffff; scrollbar-width: thin; scroll-behavior: smooth; --scrollbar-track: hsl(0 0% 100%); --scrollbar-thumb: rgba(39,39,42,.6); --scrollbar-track-radius: 0.5rem; --scrollbar-thumb-radius: 0.5rem; --scrollbar-corner-radius: 0.5rem; --tw-border-spacing-x: 0; --tw-border-spacing-y: 0; --tw-translate-x: 0; --tw-translate-y: 0; --tw-rotate: 0; --tw-skew-x: 0; --tw-skew-y: 0; --tw-scale-x: 1; --tw-scale-y: 1; --tw-scroll-snap-strictness: proximity; --tw-ring-offset-width: 0px; --tw-ring-offset-color: #fff; --tw-ring-color: rgba(59,130,246,.5); --tw-ring-offset-shadow: 0 0 #0000; --tw-ring-shadow: 0 0 #0000; --tw-shadow: 0 0 #0000; --tw-shadow-colored: 0 0 #0000; vertical-align: middle; text-align: left; padding: 0.571429em 0.5rem; padding-inline: 0.571429em; overflow-anchor: none;\">Carolina Delgado<\/td>\n<td class=\"p-2 align-middle [&amp;:has([role=checkbox])]:pr-0 [&amp;&gt;[role=checkbox]]:translate-y-[2px]\" style=\"box-sizing: border-box; border: 0px solid #e4e4e7; scrollbar-color: rgba(39, 39, 42, 0.6) #ffffff; scrollbar-width: thin; scroll-behavior: smooth; --scrollbar-track: hsl(0 0% 100%); --scrollbar-thumb: rgba(39,39,42,.6); --scrollbar-track-radius: 0.5rem; --scrollbar-thumb-radius: 0.5rem; --scrollbar-corner-radius: 0.5rem; --tw-border-spacing-x: 0; --tw-border-spacing-y: 0; --tw-translate-x: 0; --tw-translate-y: 0; --tw-rotate: 0; --tw-skew-x: 0; --tw-skew-y: 0; --tw-scale-x: 1; --tw-scale-y: 1; --tw-scroll-snap-strictness: proximity; --tw-ring-offset-width: 0px; --tw-ring-offset-color: #fff; --tw-ring-color: rgba(59,130,246,.5); --tw-ring-offset-shadow: 0 0 #0000; --tw-ring-shadow: 0 0 #0000; --tw-shadow: 0 0 #0000; --tw-shadow-colored: 0 0 #0000; vertical-align: middle; text-align: left; padding: 0.571429em 0.5rem; padding-inline: 0.571429em 0px; overflow-anchor: none;\">Priscila Vindas<\/td>\n<\/tr>\n<tr class=\"border-b transition-colors data-[state=selected]:bg-muted hover:bg-muted\/50 duration-300\">\n<td class=\"p-2 align-middle [&amp;:has([role=checkbox])]:pr-0 [&amp;&gt;[role=checkbox]]:translate-y-[2px]\" style=\"box-sizing: border-box; border: 0px solid #e4e4e7; scrollbar-color: rgba(39, 39, 42, 0.6) #ffffff; scrollbar-width: thin; scroll-behavior: smooth; --scrollbar-track: hsl(0 0% 100%); --scrollbar-thumb: rgba(39,39,42,.6); --scrollbar-track-radius: 0.5rem; --scrollbar-thumb-radius: 0.5rem; --scrollbar-corner-radius: 0.5rem; --tw-border-spacing-x: 0; --tw-border-spacing-y: 0; --tw-translate-x: 0; --tw-translate-y: 0; --tw-rotate: 0; --tw-skew-x: 0; --tw-skew-y: 0; --tw-scale-x: 1; --tw-scale-y: 1; --tw-scroll-snap-strictness: proximity; --tw-ring-offset-width: 0px; --tw-ring-offset-color: #fff; --tw-ring-color: rgba(59,130,246,.5); --tw-ring-offset-shadow: 0 0 #0000; --tw-ring-shadow: 0 0 #0000; --tw-shadow: 0 0 #0000; --tw-shadow-colored: 0 0 #0000; vertical-align: middle; text-align: left; padding: 0.571429em 0.5rem; padding-inline: 0px 0.571429em; overflow-anchor: none;\">Grupo Parlamentario de la Mujer<\/td>\n<td class=\"p-2 align-middle [&amp;:has([role=checkbox])]:pr-0 [&amp;&gt;[role=checkbox]]:translate-y-[2px]\" style=\"box-sizing: border-box; border: 0px solid #e4e4e7; scrollbar-color: rgba(39, 39, 42, 0.6) #ffffff; scrollbar-width: thin; scroll-behavior: smooth; --scrollbar-track: hsl(0 0% 100%); --scrollbar-thumb: rgba(39,39,42,.6); --scrollbar-track-radius: 0.5rem; --scrollbar-thumb-radius: 0.5rem; --scrollbar-corner-radius: 0.5rem; --tw-border-spacing-x: 0; --tw-border-spacing-y: 0; --tw-translate-x: 0; --tw-translate-y: 0; --tw-rotate: 0; --tw-skew-x: 0; --tw-skew-y: 0; --tw-scale-x: 1; --tw-scale-y: 1; --tw-scroll-snap-strictness: proximity; --tw-ring-offset-width: 0px; --tw-ring-offset-color: #fff; --tw-ring-color: rgba(59,130,246,.5); --tw-ring-offset-shadow: 0 0 #0000; --tw-ring-shadow: 0 0 #0000; --tw-shadow: 0 0 #0000; --tw-shadow-colored: 0 0 #0000; vertical-align: middle; text-align: left; padding: 0.571429em 0.5rem; padding-inline: 0.571429em; overflow-anchor: none;\">Carolina Delgado<\/td>\n<td class=\"p-2 align-middle [&amp;:has([role=checkbox])]:pr-0 [&amp;&gt;[role=checkbox]]:translate-y-[2px]\" style=\"box-sizing: border-box; border: 0px solid #e4e4e7; scrollbar-color: rgba(39, 39, 42, 0.6) #ffffff; scrollbar-width: thin; scroll-behavior: smooth; --scrollbar-track: hsl(0 0% 100%); --scrollbar-thumb: rgba(39,39,42,.6); --scrollbar-track-radius: 0.5rem; --scrollbar-thumb-radius: 0.5rem; --scrollbar-corner-radius: 0.5rem; --tw-border-spacing-x: 0; --tw-border-spacing-y: 0; --tw-translate-x: 0; --tw-translate-y: 0; --tw-rotate: 0; --tw-skew-x: 0; --tw-skew-y: 0; --tw-scale-x: 1; --tw-scale-y: 1; --tw-scroll-snap-strictness: proximity; --tw-ring-offset-width: 0px; --tw-ring-offset-color: #fff; --tw-ring-color: rgba(59,130,246,.5); --tw-ring-offset-shadow: 0 0 #0000; --tw-ring-shadow: 0 0 #0000; --tw-shadow: 0 0 #0000; --tw-shadow-colored: 0 0 #0000; vertical-align: middle; text-align: left; padding: 0.571429em 0.5rem; padding-inline: 0.571429em 0px; overflow-anchor: none;\">Cintia C\u00f3rdoba<\/td>\n<\/tr>\n<\/tbody>\n<\/table>\n<\/div>\n<\/div>\n<\/div>\n<\/div>\n<\/div>\n<p><strong>Abreviaturas:<\/strong><\/p>\n<ul>\n<li>PLN: Partido Liberaci\u00f3n Nacional<\/li>\n<li>PLP: Partido Liberal Progresista<\/li>\n<li>Frente Amplio: Partido Frente Amplio<\/li>\n<\/ul>\n<\/div>\n<div class=\"duration-300 ease-linear group-focus-within\/message:opacity-100 group-focus-within\/message:duration-200 group-hover\/message:opacity-100 group-hover\/message:duration-200 flex gap-2 select-none transform-gpu z-10 opacity-100\"><\/div>\n","protected":false},"excerpt":{"rendered":"<p>[San Jos\u00e9, Costa Rica]\u00a0\u2013 La vicepresidenta del Congreso, la diputada Vanessa Castro, y el Presidente legislativo, Rodrigo Arias S\u00e1nchez, instalaron ocho comisiones permanentes especiales, designando a sus respectivos presidentes y secretarios. Tabla de Comisiones Permanentes Especiales y sus Dirigentes Comisi\u00f3n Presidente Secretario Juventud, Ni\u00f1ez y Adolescencia Carlos Felipe Garc\u00eda Jason Valverde Castro (PLN) Relaciones Internacionales [&hellip;]<\/p>\n","protected":false},"author":10,"featured_media":11217,"comment_status":"closed","ping_status":"open","sticky":false,"template":"","format":"standard","meta":{"episode_type":"","audio_file":"","podmotor_file_id":"","podmotor_episode_id":"","cover_image":"","cover_image_id":"","duration":"","filesize":"","filesize_raw":"","date_recorded":"","explicit":"","block":"","itunes_episode_number":"","itunes_title":"","itunes_season_number":"","itunes_episode_type":"","footnotes":""},"categories":[13],"tags":[],"class_list":{"0":"post-11216","1":"post","2":"type-post","3":"status-publish","4":"format-standard","5":"has-post-thumbnail","7":"category-nacional"},"aioseo_notices":[],"aioseo_head":"\n\t\t<!-- All in One SEO Pro 4.8.3.2 - aioseo.com -->\n\t<meta name=\"description\" content=\"[San Jos\u00e9, Costa Rica] \u2013 La vicepresidenta del Congreso, la diputada Vanessa Castro, y el Presidente legislativo, Rodrigo Arias S\u00e1nchez, instalaron ocho comisiones permanentes especiales, designando a sus respectivos presidentes y secretarios. Tabla de Comisiones Permanentes Especiales y sus Dirigentes Comisi\u00f3n Presidente Secretario Juventud, Ni\u00f1ez y Adolescencia Carlos Felipe Garc\u00eda Jason Valverde Castro (PLN) Relaciones Internacionales\" \/>\n\t<meta name=\"robots\" content=\"max-image-preview:large\" \/>\n\t<meta name=\"author\" content=\"Diego Molina\"\/>\n\t<link rel=\"canonical\" href=\"https:\/\/staytv.cr\/index.php\/2025\/05\/26\/congreso-de-costa-rica-instala-comisiones-permanentes-especiales-designados-los-presidentes-y-secretarios\/\" \/>\n\t<meta name=\"generator\" content=\"All in One SEO Pro (AIOSEO) 4.8.3.2\" \/>\n\t\t<meta property=\"og:locale\" content=\"es_ES\" \/>\n\t\t<meta property=\"og:site_name\" content=\"Staytv - Medio de comunicaci\u00f3n digital de Costa Rica.\" \/>\n\t\t<meta property=\"og:type\" content=\"article\" \/>\n\t\t<meta property=\"og:title\" content=\"Congreso de Costa Rica Instala Comisiones Permanentes Especiales; Designados los Presidentes y Secretarios - Staytv\" \/>\n\t\t<meta property=\"og:description\" content=\"[San Jos\u00e9, Costa Rica] \u2013 La vicepresidenta del Congreso, la diputada Vanessa Castro, y el Presidente legislativo, Rodrigo Arias S\u00e1nchez, instalaron ocho comisiones permanentes especiales, designando a sus respectivos presidentes y secretarios. Tabla de Comisiones Permanentes Especiales y sus Dirigentes Comisi\u00f3n Presidente Secretario Juventud, Ni\u00f1ez y Adolescencia Carlos Felipe Garc\u00eda Jason Valverde Castro (PLN) Relaciones Internacionales\" \/>\n\t\t<meta property=\"og:url\" content=\"https:\/\/staytv.cr\/index.php\/2025\/05\/26\/congreso-de-costa-rica-instala-comisiones-permanentes-especiales-designados-los-presidentes-y-secretarios\/\" \/>\n\t\t<meta property=\"og:image\" content=\"https:\/\/staytv.cr\/wp-content\/uploads\/Sin-titulo-13-34.png\" \/>\n\t\t<meta property=\"og:image:secure_url\" content=\"https:\/\/staytv.cr\/wp-content\/uploads\/Sin-titulo-13-34.png\" \/>\n\t\t<meta property=\"og:image:width\" content=\"1280\" \/>\n\t\t<meta property=\"og:image:height\" content=\"720\" \/>\n\t\t<meta property=\"article:published_time\" content=\"2025-05-26T22:40:38+00:00\" \/>\n\t\t<meta property=\"article:modified_time\" content=\"2025-05-26T22:40:38+00:00\" \/>\n\t\t<meta property=\"article:publisher\" content=\"https:\/\/www.facebook.com\/staytvcr\" \/>\n\t\t<meta name=\"twitter:card\" content=\"summary_large_image\" \/>\n\t\t<meta name=\"twitter:title\" content=\"Congreso de Costa Rica Instala Comisiones Permanentes Especiales; Designados los Presidentes y Secretarios - Staytv\" \/>\n\t\t<meta name=\"twitter:description\" content=\"[San Jos\u00e9, Costa Rica] \u2013 La vicepresidenta del Congreso, la diputada Vanessa Castro, y el Presidente legislativo, Rodrigo Arias S\u00e1nchez, instalaron ocho comisiones permanentes especiales, designando a sus respectivos presidentes y secretarios. Tabla de Comisiones Permanentes Especiales y sus Dirigentes Comisi\u00f3n Presidente Secretario Juventud, Ni\u00f1ez y Adolescencia Carlos Felipe Garc\u00eda Jason Valverde Castro (PLN) Relaciones Internacionales\" \/>\n\t\t<meta name=\"twitter:image\" content=\"https:\/\/staytv.cr\/wp-content\/uploads\/Sin-titulo-13-34.png\" \/>\n\t\t<script type=\"application\/ld+json\" class=\"aioseo-schema\">\n\t\t\t{\"@context\":\"https:\\\/\\\/schema.org\",\"@graph\":[{\"@type\":\"BreadcrumbList\",\"@id\":\"https:\\\/\\\/staytv.cr\\\/index.php\\\/2025\\\/05\\\/26\\\/congreso-de-costa-rica-instala-comisiones-permanentes-especiales-designados-los-presidentes-y-secretarios\\\/#breadcrumblist\",\"itemListElement\":[{\"@type\":\"ListItem\",\"@id\":\"https:\\\/\\\/staytv.cr#listItem\",\"position\":1,\"name\":\"Home\",\"item\":\"https:\\\/\\\/staytv.cr\",\"nextItem\":{\"@type\":\"ListItem\",\"@id\":\"https:\\\/\\\/staytv.cr\\\/index.php\\\/category\\\/nacional\\\/#listItem\",\"name\":\"NACIONAL\"}},{\"@type\":\"ListItem\",\"@id\":\"https:\\\/\\\/staytv.cr\\\/index.php\\\/category\\\/nacional\\\/#listItem\",\"position\":2,\"name\":\"NACIONAL\",\"item\":\"https:\\\/\\\/staytv.cr\\\/index.php\\\/category\\\/nacional\\\/\",\"nextItem\":{\"@type\":\"ListItem\",\"@id\":\"https:\\\/\\\/staytv.cr\\\/index.php\\\/2025\\\/05\\\/26\\\/congreso-de-costa-rica-instala-comisiones-permanentes-especiales-designados-los-presidentes-y-secretarios\\\/#listItem\",\"name\":\"Congreso de Costa Rica Instala Comisiones Permanentes Especiales; Designados los Presidentes y Secretarios\"},\"previousItem\":{\"@type\":\"ListItem\",\"@id\":\"https:\\\/\\\/staytv.cr#listItem\",\"name\":\"Home\"}},{\"@type\":\"ListItem\",\"@id\":\"https:\\\/\\\/staytv.cr\\\/index.php\\\/2025\\\/05\\\/26\\\/congreso-de-costa-rica-instala-comisiones-permanentes-especiales-designados-los-presidentes-y-secretarios\\\/#listItem\",\"position\":3,\"name\":\"Congreso de Costa Rica Instala Comisiones Permanentes Especiales; Designados los Presidentes y Secretarios\",\"previousItem\":{\"@type\":\"ListItem\",\"@id\":\"https:\\\/\\\/staytv.cr\\\/index.php\\\/category\\\/nacional\\\/#listItem\",\"name\":\"NACIONAL\"}}]},{\"@type\":\"Organization\",\"@id\":\"https:\\\/\\\/staytv.cr\\\/#organization\",\"name\":\"Stay TV\",\"description\":\"Stay TV es un medio digital de noticias con base en Centroam\\u00e9rica, con cobertura local e internacional desde una mirada asi\\u00e1tica.\",\"url\":\"https:\\\/\\\/staytv.cr\\\/\",\"logo\":{\"@type\":\"ImageObject\",\"url\":\"https:\\\/\\\/staytv.cr\\\/wp-content\\\/uploads\\\/cropped-StayTV_logo_oficial_simple.png\",\"@id\":\"https:\\\/\\\/staytv.cr\\\/index.php\\\/2025\\\/05\\\/26\\\/congreso-de-costa-rica-instala-comisiones-permanentes-especiales-designados-los-presidentes-y-secretarios\\\/#organizationLogo\",\"width\":2560,\"height\":769},\"image\":{\"@id\":\"https:\\\/\\\/staytv.cr\\\/index.php\\\/2025\\\/05\\\/26\\\/congreso-de-costa-rica-instala-comisiones-permanentes-especiales-designados-los-presidentes-y-secretarios\\\/#organizationLogo\"},\"sameAs\":[\"https:\\\/\\\/www.instagram.com\\\/staytvcr\\\/\"]},{\"@type\":\"Person\",\"@id\":\"https:\\\/\\\/staytv.cr\\\/index.php\\\/author\\\/diegostaytv\\\/#author\",\"url\":\"https:\\\/\\\/staytv.cr\\\/index.php\\\/author\\\/diegostaytv\\\/\",\"name\":\"Diego Molina\",\"image\":{\"@type\":\"ImageObject\",\"url\":\"https:\\\/\\\/secure.gravatar.com\\\/avatar\\\/7d23cb63381aa64750c7e76727c208369ebd6f2565e9dc4c62e323b1ea59af41?s=96&d=mm&r=g\"}},{\"@type\":\"WebPage\",\"@id\":\"https:\\\/\\\/staytv.cr\\\/index.php\\\/2025\\\/05\\\/26\\\/congreso-de-costa-rica-instala-comisiones-permanentes-especiales-designados-los-presidentes-y-secretarios\\\/#webpage\",\"url\":\"https:\\\/\\\/staytv.cr\\\/index.php\\\/2025\\\/05\\\/26\\\/congreso-de-costa-rica-instala-comisiones-permanentes-especiales-designados-los-presidentes-y-secretarios\\\/\",\"name\":\"Congreso de Costa Rica Instala Comisiones Permanentes Especiales; Designados los Presidentes y Secretarios - Staytv\",\"description\":\"[San Jos\\u00e9, Costa Rica] \\u2013 La vicepresidenta del Congreso, la diputada Vanessa Castro, y el Presidente legislativo, Rodrigo Arias S\\u00e1nchez, instalaron ocho comisiones permanentes especiales, designando a sus respectivos presidentes y secretarios. Tabla de Comisiones Permanentes Especiales y sus Dirigentes Comisi\\u00f3n Presidente Secretario Juventud, Ni\\u00f1ez y Adolescencia Carlos Felipe Garc\\u00eda Jason Valverde Castro (PLN) Relaciones Internacionales\",\"inLanguage\":\"es-ES\",\"isPartOf\":{\"@id\":\"https:\\\/\\\/staytv.cr\\\/#website\"},\"breadcrumb\":{\"@id\":\"https:\\\/\\\/staytv.cr\\\/index.php\\\/2025\\\/05\\\/26\\\/congreso-de-costa-rica-instala-comisiones-permanentes-especiales-designados-los-presidentes-y-secretarios\\\/#breadcrumblist\"},\"author\":{\"@id\":\"https:\\\/\\\/staytv.cr\\\/index.php\\\/author\\\/diegostaytv\\\/#author\"},\"creator\":{\"@id\":\"https:\\\/\\\/staytv.cr\\\/index.php\\\/author\\\/diegostaytv\\\/#author\"},\"image\":{\"@type\":\"ImageObject\",\"url\":\"https:\\\/\\\/staytv.cr\\\/wp-content\\\/uploads\\\/Sin-titulo-13-34.png\",\"@id\":\"https:\\\/\\\/staytv.cr\\\/index.php\\\/2025\\\/05\\\/26\\\/congreso-de-costa-rica-instala-comisiones-permanentes-especiales-designados-los-presidentes-y-secretarios\\\/#mainImage\",\"width\":1280,\"height\":720},\"primaryImageOfPage\":{\"@id\":\"https:\\\/\\\/staytv.cr\\\/index.php\\\/2025\\\/05\\\/26\\\/congreso-de-costa-rica-instala-comisiones-permanentes-especiales-designados-los-presidentes-y-secretarios\\\/#mainImage\"},\"datePublished\":\"2025-05-26T16:40:38-06:00\",\"dateModified\":\"2025-05-26T16:40:38-06:00\"},{\"@type\":\"WebSite\",\"@id\":\"https:\\\/\\\/staytv.cr\\\/#website\",\"url\":\"https:\\\/\\\/staytv.cr\\\/\",\"name\":\"Staytv\",\"description\":\"Medio de comunicaci\\u00f3n digital de Costa Rica.\",\"inLanguage\":\"es-ES\",\"publisher\":{\"@id\":\"https:\\\/\\\/staytv.cr\\\/#organization\"}}]}\n\t\t<\/script>\n\t\t<!-- All in One SEO Pro -->\r\n\t\t<title>Congreso de Costa Rica Instala Comisiones Permanentes Especiales; Designados los Presidentes y Secretarios - Staytv<\/title>\n\n","aioseo_head_json":{"title":"Congreso de Costa Rica Instala Comisiones Permanentes Especiales; Designados los Presidentes y Secretarios - Staytv","description":"[San Jos\u00e9, Costa Rica] \u2013 La vicepresidenta del Congreso, la diputada Vanessa Castro, y el Presidente legislativo, Rodrigo Arias S\u00e1nchez, instalaron ocho comisiones permanentes especiales, designando a sus respectivos presidentes y secretarios. Tabla de Comisiones Permanentes Especiales y sus Dirigentes Comisi\u00f3n Presidente Secretario Juventud, Ni\u00f1ez y Adolescencia Carlos Felipe Garc\u00eda Jason Valverde Castro (PLN) Relaciones Internacionales","canonical_url":"https:\/\/staytv.cr\/index.php\/2025\/05\/26\/congreso-de-costa-rica-instala-comisiones-permanentes-especiales-designados-los-presidentes-y-secretarios\/","robots":"max-image-preview:large","keywords":"","webmasterTools":{"miscellaneous":""},"schema":{"@context":"https:\/\/schema.org","@graph":[{"@type":"BreadcrumbList","@id":"https:\/\/staytv.cr\/index.php\/2025\/05\/26\/congreso-de-costa-rica-instala-comisiones-permanentes-especiales-designados-los-presidentes-y-secretarios\/#breadcrumblist","itemListElement":[{"@type":"ListItem","@id":"https:\/\/staytv.cr#listItem","position":1,"name":"Home","item":"https:\/\/staytv.cr","nextItem":{"@type":"ListItem","@id":"https:\/\/staytv.cr\/index.php\/category\/nacional\/#listItem","name":"NACIONAL"}},{"@type":"ListItem","@id":"https:\/\/staytv.cr\/index.php\/category\/nacional\/#listItem","position":2,"name":"NACIONAL","item":"https:\/\/staytv.cr\/index.php\/category\/nacional\/","nextItem":{"@type":"ListItem","@id":"https:\/\/staytv.cr\/index.php\/2025\/05\/26\/congreso-de-costa-rica-instala-comisiones-permanentes-especiales-designados-los-presidentes-y-secretarios\/#listItem","name":"Congreso de Costa Rica Instala Comisiones Permanentes Especiales; Designados los Presidentes y Secretarios"},"previousItem":{"@type":"ListItem","@id":"https:\/\/staytv.cr#listItem","name":"Home"}},{"@type":"ListItem","@id":"https:\/\/staytv.cr\/index.php\/2025\/05\/26\/congreso-de-costa-rica-instala-comisiones-permanentes-especiales-designados-los-presidentes-y-secretarios\/#listItem","position":3,"name":"Congreso de Costa Rica Instala Comisiones Permanentes Especiales; Designados los Presidentes y Secretarios","previousItem":{"@type":"ListItem","@id":"https:\/\/staytv.cr\/index.php\/category\/nacional\/#listItem","name":"NACIONAL"}}]},{"@type":"Organization","@id":"https:\/\/staytv.cr\/#organization","name":"Stay TV","description":"Stay TV es un medio digital de noticias con base en Centroam\u00e9rica, con cobertura local e internacional desde una mirada asi\u00e1tica.","url":"https:\/\/staytv.cr\/","logo":{"@type":"ImageObject","url":"https:\/\/staytv.cr\/wp-content\/uploads\/cropped-StayTV_logo_oficial_simple.png","@id":"https:\/\/staytv.cr\/index.php\/2025\/05\/26\/congreso-de-costa-rica-instala-comisiones-permanentes-especiales-designados-los-presidentes-y-secretarios\/#organizationLogo","width":2560,"height":769},"image":{"@id":"https:\/\/staytv.cr\/index.php\/2025\/05\/26\/congreso-de-costa-rica-instala-comisiones-permanentes-especiales-designados-los-presidentes-y-secretarios\/#organizationLogo"},"sameAs":["https:\/\/www.instagram.com\/staytvcr\/"]},{"@type":"Person","@id":"https:\/\/staytv.cr\/index.php\/author\/diegostaytv\/#author","url":"https:\/\/staytv.cr\/index.php\/author\/diegostaytv\/","name":"Diego Molina","image":{"@type":"ImageObject","url":"https:\/\/secure.gravatar.com\/avatar\/7d23cb63381aa64750c7e76727c208369ebd6f2565e9dc4c62e323b1ea59af41?s=96&d=mm&r=g"}},{"@type":"WebPage","@id":"https:\/\/staytv.cr\/index.php\/2025\/05\/26\/congreso-de-costa-rica-instala-comisiones-permanentes-especiales-designados-los-presidentes-y-secretarios\/#webpage","url":"https:\/\/staytv.cr\/index.php\/2025\/05\/26\/congreso-de-costa-rica-instala-comisiones-permanentes-especiales-designados-los-presidentes-y-secretarios\/","name":"Congreso de Costa Rica Instala Comisiones Permanentes Especiales; Designados los Presidentes y Secretarios - Staytv","description":"[San Jos\u00e9, Costa Rica] \u2013 La vicepresidenta del Congreso, la diputada Vanessa Castro, y el Presidente legislativo, Rodrigo Arias S\u00e1nchez, instalaron ocho comisiones permanentes especiales, designando a sus respectivos presidentes y secretarios. Tabla de Comisiones Permanentes Especiales y sus Dirigentes Comisi\u00f3n Presidente Secretario Juventud, Ni\u00f1ez y Adolescencia Carlos Felipe Garc\u00eda Jason Valverde Castro (PLN) Relaciones Internacionales","inLanguage":"es-ES","isPartOf":{"@id":"https:\/\/staytv.cr\/#website"},"breadcrumb":{"@id":"https:\/\/staytv.cr\/index.php\/2025\/05\/26\/congreso-de-costa-rica-instala-comisiones-permanentes-especiales-designados-los-presidentes-y-secretarios\/#breadcrumblist"},"author":{"@id":"https:\/\/staytv.cr\/index.php\/author\/diegostaytv\/#author"},"creator":{"@id":"https:\/\/staytv.cr\/index.php\/author\/diegostaytv\/#author"},"image":{"@type":"ImageObject","url":"https:\/\/staytv.cr\/wp-content\/uploads\/Sin-titulo-13-34.png","@id":"https:\/\/staytv.cr\/index.php\/2025\/05\/26\/congreso-de-costa-rica-instala-comisiones-permanentes-especiales-designados-los-presidentes-y-secretarios\/#mainImage","width":1280,"height":720},"primaryImageOfPage":{"@id":"https:\/\/staytv.cr\/index.php\/2025\/05\/26\/congreso-de-costa-rica-instala-comisiones-permanentes-especiales-designados-los-presidentes-y-secretarios\/#mainImage"},"datePublished":"2025-05-26T16:40:38-06:00","dateModified":"2025-05-26T16:40:38-06:00"},{"@type":"WebSite","@id":"https:\/\/staytv.cr\/#website","url":"https:\/\/staytv.cr\/","name":"Staytv","description":"Medio de comunicaci\u00f3n digital de Costa Rica.","inLanguage":"es-ES","publisher":{"@id":"https:\/\/staytv.cr\/#organization"}}]},"og:locale":"es_ES","og:site_name":"Staytv - Medio de comunicaci\u00f3n digital de Costa Rica.","og:type":"article","og:title":"Congreso de Costa Rica Instala Comisiones Permanentes Especiales; Designados los Presidentes y Secretarios - Staytv","og:description":"[San Jos\u00e9, Costa Rica] \u2013 La vicepresidenta del Congreso, la diputada Vanessa Castro, y el Presidente legislativo, Rodrigo Arias S\u00e1nchez, instalaron ocho comisiones permanentes especiales, designando a sus respectivos presidentes y secretarios. Tabla de Comisiones Permanentes Especiales y sus Dirigentes Comisi\u00f3n Presidente Secretario Juventud, Ni\u00f1ez y Adolescencia Carlos Felipe Garc\u00eda Jason Valverde Castro (PLN) Relaciones Internacionales","og:url":"https:\/\/staytv.cr\/index.php\/2025\/05\/26\/congreso-de-costa-rica-instala-comisiones-permanentes-especiales-designados-los-presidentes-y-secretarios\/","og:image":"https:\/\/staytv.cr\/wp-content\/uploads\/Sin-titulo-13-34.png","og:image:secure_url":"https:\/\/staytv.cr\/wp-content\/uploads\/Sin-titulo-13-34.png","og:image:width":1280,"og:image:height":720,"article:published_time":"2025-05-26T22:40:38+00:00","article:modified_time":"2025-05-26T22:40:38+00:00","article:publisher":"https:\/\/www.facebook.com\/staytvcr","twitter:card":"summary_large_image","twitter:title":"Congreso de Costa Rica Instala Comisiones Permanentes Especiales; Designados los Presidentes y Secretarios - Staytv","twitter:description":"[San Jos\u00e9, Costa Rica] \u2013 La vicepresidenta del Congreso, la diputada Vanessa Castro, y el Presidente legislativo, Rodrigo Arias S\u00e1nchez, instalaron ocho comisiones permanentes especiales, designando a sus respectivos presidentes y secretarios. Tabla de Comisiones Permanentes Especiales y sus Dirigentes Comisi\u00f3n Presidente Secretario Juventud, Ni\u00f1ez y Adolescencia Carlos Felipe Garc\u00eda Jason Valverde Castro (PLN) Relaciones Internacionales","twitter:image":"https:\/\/staytv.cr\/wp-content\/uploads\/Sin-titulo-13-34.png"},"aioseo_meta_data":[],"aioseo_breadcrumb":"<div class=\"aioseo-breadcrumbs\"><span class=\"aioseo-breadcrumb\">\n\t<a href=\"https:\/\/staytv.cr\" title=\"Home\">Home<\/a>\n<\/span><span class=\"aioseo-breadcrumb-separator\">&raquo;<\/span><span class=\"aioseo-breadcrumb\">\n\t<a href=\"https:\/\/staytv.cr\/index.php\/category\/nacional\/\" title=\"NACIONAL\">NACIONAL<\/a>\n<\/span><span class=\"aioseo-breadcrumb-separator\">&raquo;<\/span><span class=\"aioseo-breadcrumb\">\n\tCongreso de Costa Rica Instala Comisiones Permanentes Especiales; Designados los Presidentes y Secretarios\n<\/span><\/div>","aioseo_breadcrumb_json":[{"label":"Home","link":"https:\/\/staytv.cr"},{"label":"NACIONAL","link":"https:\/\/staytv.cr\/index.php\/category\/nacional\/"},{"label":"Congreso de Costa Rica Instala Comisiones Permanentes Especiales; Designados los Presidentes y Secretarios","link":"https:\/\/staytv.cr\/index.php\/2025\/05\/26\/congreso-de-costa-rica-instala-comisiones-permanentes-especiales-designados-los-presidentes-y-secretarios\/"}],"_links":{"self":[{"href":"https:\/\/staytv.cr\/index.php\/wp-json\/wp\/v2\/posts\/11216","targetHints":{"allow":["GET"]}}],"collection":[{"href":"https:\/\/staytv.cr\/index.php\/wp-json\/wp\/v2\/posts"}],"about":[{"href":"https:\/\/staytv.cr\/index.php\/wp-json\/wp\/v2\/types\/post"}],"author":[{"embeddable":true,"href":"https:\/\/staytv.cr\/index.php\/wp-json\/wp\/v2\/users\/10"}],"replies":[{"embeddable":true,"href":"https:\/\/staytv.cr\/index.php\/wp-json\/wp\/v2\/comments?post=11216"}],"version-history":[{"count":1,"href":"https:\/\/staytv.cr\/index.php\/wp-json\/wp\/v2\/posts\/11216\/revisions"}],"predecessor-version":[{"id":11218,"href":"https:\/\/staytv.cr\/index.php\/wp-json\/wp\/v2\/posts\/11216\/revisions\/11218"}],"wp:featuredmedia":[{"embeddable":true,"href":"https:\/\/staytv.cr\/index.php\/wp-json\/wp\/v2\/media\/11217"}],"wp:attachment":[{"href":"https:\/\/staytv.cr\/index.php\/wp-json\/wp\/v2\/media?parent=11216"}],"wp:term":[{"taxonomy":"category","embeddable":true,"href":"https:\/\/staytv.cr\/index.php\/wp-json\/wp\/v2\/categories?post=11216"},{"taxonomy":"post_tag","embeddable":true,"href":"https:\/\/staytv.cr\/index.php\/wp-json\/wp\/v2\/tags?post=11216"}],"curies":[{"name":"wp","href":"https:\/\/api.w.org\/{rel}","templated":true}]}}