{"id":11482,"date":"2025-05-29T16:39:43","date_gmt":"2025-05-29T22:39:43","guid":{"rendered":"https:\/\/staytv.net\/?p=11482"},"modified":"2025-05-29T16:40:55","modified_gmt":"2025-05-29T22:40:55","slug":"mag-minae-y-salud-modernizan-registro-de-agroquimicos-para-proteger-la-salud-el-ambiente-y-la-produccion-nacional","status":"publish","type":"post","link":"https:\/\/staytv.cr\/index.php\/2025\/05\/29\/mag-minae-y-salud-modernizan-registro-de-agroquimicos-para-proteger-la-salud-el-ambiente-y-la-produccion-nacional\/","title":{"rendered":"MAG, MINAE y Salud Modernizan Registro de Agroqu\u00edmicos para Proteger la Salud, el Ambiente y la Producci\u00f3n Nacional"},"content":{"rendered":"<p>&#8211; El Gobierno de la Rep\u00fablica moderniza el sistema de registro de agroqu\u00edmicos en el pa\u00eds, mediante una reforma al Decreto Ejecutivo N.\u00ba 43838-MAG-S-MINAE, impulsando una agricultura m\u00e1s segura y responsable.<\/p>\n<p>El Ministerio de Agricultura y Ganader\u00eda (MAG) lidera esta actualizaci\u00f3n junto al Ministerio de Salud (MS) y al Ministerio de Ambiente y Energ\u00eda (MINAE), fortaleciendo el control y uso de insumos agr\u00edcolas.<\/p>\n<p><iframe title=\"Decreto de Agroqu\u00edmicos\" width=\"1170\" height=\"658\" data-src=\"https:\/\/www.youtube.com\/embed\/mqCqUVcbOjw?feature=oembed\" frameborder=\"0\" allow=\"accelerometer; autoplay; clipboard-write; encrypted-media; gyroscope; picture-in-picture; web-share\" referrerpolicy=\"strict-origin-when-cross-origin\" allowfullscreen src=\"data:image\/svg+xml;base64,PHN2ZyB3aWR0aD0iMSIgaGVpZ2h0PSIxIiB4bWxucz0iaHR0cDovL3d3dy53My5vcmcvMjAwMC9zdmciPjwvc3ZnPg==\" class=\"lazyload\" data-load-mode=\"1\"><\/iframe><\/p>\n<div class=\"flex flex-col\">\n<div class=\"sticky top-0 z-20 flex h-9 w-full items-center justify-between rounded-t-md bg-ds-bg-elevated px-1\"><\/div>\n<div class=\"relative overflow-hidden z-10 contain-inline-size\" dir=\"ltr\">\n<div class=\"size-full rounded-[inherit] [&amp;&gt;div]:!block [&amp;&gt;div]:!h-[inherit]\" style=\"box-sizing: border-box; border: 0px solid #e4e4e7; scrollbar-color: rgba(39, 39, 42, 0.6) #ffffff; scrollbar-width: none; scroll-behavior: smooth; --scrollbar-track: hsl(0 0% 100%); --scrollbar-thumb: rgba(39,39,42,.6); --scrollbar-track-radius: 0.5rem; --scrollbar-thumb-radius: 0.5rem; --scrollbar-corner-radius: 0.5rem; --tw-border-spacing-x: 0; --tw-border-spacing-y: 0; --tw-translate-x: 0; --tw-translate-y: 0; --tw-rotate: 0; --tw-skew-x: 0; --tw-skew-y: 0; --tw-scale-x: 1; --tw-scale-y: 1; --tw-scroll-snap-strictness: proximity; --tw-ring-offset-width: 0px; --tw-ring-offset-color: #fff; --tw-ring-color: rgba(59,130,246,.5); --tw-ring-offset-shadow: 0 0 #0000; --tw-ring-shadow: 0 0 #0000; --tw-shadow: 0 0 #0000; --tw-shadow-colored: 0 0 #0000; width: 768px; height: 212px; border-radius: inherit; overflow-anchor: none; overflow: scroll;\" data-radix-scroll-area-viewport=\"\">\n<div>\n<div class=\"relative w-full overflow-auto\">\n<table class=\"w-full caption-bottom text-sm my-0\">\n<thead class=\"[&amp;_tr]:border-b\">\n<tr class=\"border-b transition-colors data-[state=selected]:bg-muted hover:bg-muted\/50 duration-300\">\n<th class=\"h-10 px-2 text-left align-middle font-medium text-muted-foreground [&amp;:has([role=checkbox])]:pr-0 [&amp;&gt;[role=checkbox]]:translate-y-[2px] min-w-36 whitespace-normal pt-2 tracking-wide w-fit max-w-52\" style=\"box-sizing: border-box; border: 0px solid #e4e4e7; scrollbar-color: rgba(39, 39, 42, 0.6) #ffffff; scrollbar-width: thin; scroll-behavior: smooth; --scrollbar-track: hsl(0 0% 100%); --scrollbar-thumb: rgba(39,39,42,.6); --scrollbar-track-radius: 0.5rem; --scrollbar-thumb-radius: 0.5rem; --scrollbar-corner-radius: 0.5rem; --tw-border-spacing-x: 0; --tw-border-spacing-y: 0; --tw-translate-x: 0; --tw-translate-y: 0; --tw-rotate: 0; --tw-skew-x: 0; --tw-skew-y: 0; --tw-scale-x: 1; --tw-scale-y: 1; --tw-scroll-snap-strictness: proximity; --tw-ring-offset-width: 0px; --tw-ring-offset-color: #fff; --tw-ring-color: rgba(59,130,246,.5); --tw-ring-offset-shadow: 0 0 #0000; --tw-ring-shadow: 0 0 #0000; --tw-shadow: 0 0 #0000; --tw-shadow-colored: 0 0 #0000; color: #71717a; font-weight: 500; vertical-align: middle; text-align: left; height: 2.5rem; width: fit-content; min-width: 9rem; max-width: 13rem; white-space: normal; padding: 0.5rem 0.5rem 0.571429em; letter-spacing: 0.025em; padding-inline: 0px 0.571429em; overflow-anchor: none;\">Aspecto Clave<\/th>\n<th class=\"h-10 px-2 text-left align-middle font-medium text-muted-foreground [&amp;:has([role=checkbox])]:pr-0 [&amp;&gt;[role=checkbox]]:translate-y-[2px] min-w-36 whitespace-normal pt-2 tracking-wide w-fit max-w-52\" style=\"box-sizing: border-box; border: 0px solid #e4e4e7; scrollbar-color: rgba(39, 39, 42, 0.6) #ffffff; scrollbar-width: thin; scroll-behavior: smooth; --scrollbar-track: hsl(0 0% 100%); --scrollbar-thumb: rgba(39,39,42,.6); --scrollbar-track-radius: 0.5rem; --scrollbar-thumb-radius: 0.5rem; --scrollbar-corner-radius: 0.5rem; --tw-border-spacing-x: 0; --tw-border-spacing-y: 0; --tw-translate-x: 0; --tw-translate-y: 0; --tw-rotate: 0; --tw-skew-x: 0; --tw-skew-y: 0; --tw-scale-x: 1; --tw-scale-y: 1; --tw-scroll-snap-strictness: proximity; --tw-ring-offset-width: 0px; --tw-ring-offset-color: #fff; --tw-ring-color: rgba(59,130,246,.5); --tw-ring-offset-shadow: 0 0 #0000; --tw-ring-shadow: 0 0 #0000; --tw-shadow: 0 0 #0000; --tw-shadow-colored: 0 0 #0000; color: #71717a; font-weight: 500; vertical-align: middle; text-align: left; height: 2.5rem; width: fit-content; min-width: 9rem; max-width: 13rem; white-space: normal; padding: 0.5rem 0.5rem 0.571429em; letter-spacing: 0.025em; padding-inline: 0.571429em 0px; overflow-anchor: none;\">Detalle<\/th>\n<\/tr>\n<\/thead>\n<tbody class=\"[&amp;_tr:last-child]:border-0\">\n<tr class=\"border-b transition-colors data-[state=selected]:bg-muted hover:bg-muted\/50 duration-300\">\n<td class=\"p-2 align-middle [&amp;:has([role=checkbox])]:pr-0 [&amp;&gt;[role=checkbox]]:translate-y-[2px]\" style=\"box-sizing: border-box; border: 0px solid #e4e4e7; scrollbar-color: rgba(39, 39, 42, 0.6) #ffffff; scrollbar-width: thin; scroll-behavior: smooth; --scrollbar-track: hsl(0 0% 100%); --scrollbar-thumb: rgba(39,39,42,.6); --scrollbar-track-radius: 0.5rem; --scrollbar-thumb-radius: 0.5rem; --scrollbar-corner-radius: 0.5rem; --tw-border-spacing-x: 0; --tw-border-spacing-y: 0; --tw-translate-x: 0; --tw-translate-y: 0; --tw-rotate: 0; --tw-skew-x: 0; --tw-skew-y: 0; --tw-scale-x: 1; --tw-scale-y: 1; --tw-scroll-snap-strictness: proximity; --tw-ring-offset-width: 0px; --tw-ring-offset-color: #fff; --tw-ring-color: rgba(59,130,246,.5); --tw-ring-offset-shadow: 0 0 #0000; --tw-ring-shadow: 0 0 #0000; --tw-shadow: 0 0 #0000; --tw-shadow-colored: 0 0 #0000; vertical-align: middle; text-align: left; padding: 0.571429em 0.5rem; padding-inline: 0px 0.571429em; overflow-anchor: none;\">Objetivo Principal<\/td>\n<td class=\"p-2 align-middle [&amp;:has([role=checkbox])]:pr-0 [&amp;&gt;[role=checkbox]]:translate-y-[2px]\" style=\"box-sizing: border-box; border: 0px solid #e4e4e7; scrollbar-color: rgba(39, 39, 42, 0.6) #ffffff; scrollbar-width: thin; scroll-behavior: smooth; --scrollbar-track: hsl(0 0% 100%); --scrollbar-thumb: rgba(39,39,42,.6); --scrollbar-track-radius: 0.5rem; --scrollbar-thumb-radius: 0.5rem; --scrollbar-corner-radius: 0.5rem; --tw-border-spacing-x: 0; --tw-border-spacing-y: 0; --tw-translate-x: 0; --tw-translate-y: 0; --tw-rotate: 0; --tw-skew-x: 0; --tw-skew-y: 0; --tw-scale-x: 1; --tw-scale-y: 1; --tw-scroll-snap-strictness: proximity; --tw-ring-offset-width: 0px; --tw-ring-offset-color: #fff; --tw-ring-color: rgba(59,130,246,.5); --tw-ring-offset-shadow: 0 0 #0000; --tw-ring-shadow: 0 0 #0000; --tw-shadow: 0 0 #0000; --tw-shadow-colored: 0 0 #0000; vertical-align: middle; text-align: left; padding: 0.571429em 0.5rem; padding-inline: 0.571429em 0px; overflow-anchor: none;\">Modernizar el registro de agroqu\u00edmicos para proteger la salud, el ambiente y la producci\u00f3n nacional.<\/td>\n<\/tr>\n<tr class=\"border-b transition-colors data-[state=selected]:bg-muted hover:bg-muted\/50 duration-300\">\n<td class=\"p-2 align-middle [&amp;:has([role=checkbox])]:pr-0 [&amp;&gt;[role=checkbox]]:translate-y-[2px]\" style=\"box-sizing: border-box; border: 0px solid #e4e4e7; scrollbar-color: rgba(39, 39, 42, 0.6) #ffffff; scrollbar-width: thin; scroll-behavior: smooth; --scrollbar-track: hsl(0 0% 100%); --scrollbar-thumb: rgba(39,39,42,.6); --scrollbar-track-radius: 0.5rem; --scrollbar-thumb-radius: 0.5rem; --scrollbar-corner-radius: 0.5rem; --tw-border-spacing-x: 0; --tw-border-spacing-y: 0; --tw-translate-x: 0; --tw-translate-y: 0; --tw-rotate: 0; --tw-skew-x: 0; --tw-skew-y: 0; --tw-scale-x: 1; --tw-scale-y: 1; --tw-scroll-snap-strictness: proximity; --tw-ring-offset-width: 0px; --tw-ring-offset-color: #fff; --tw-ring-color: rgba(59,130,246,.5); --tw-ring-offset-shadow: 0 0 #0000; --tw-ring-shadow: 0 0 #0000; --tw-shadow: 0 0 #0000; --tw-shadow-colored: 0 0 #0000; vertical-align: middle; text-align: left; padding: 0.571429em 0.5rem; padding-inline: 0px 0.571429em; overflow-anchor: none;\">Liderazgo<\/td>\n<td class=\"p-2 align-middle [&amp;:has([role=checkbox])]:pr-0 [&amp;&gt;[role=checkbox]]:translate-y-[2px]\" style=\"box-sizing: border-box; border: 0px solid #e4e4e7; scrollbar-color: rgba(39, 39, 42, 0.6) #ffffff; scrollbar-width: thin; scroll-behavior: smooth; --scrollbar-track: hsl(0 0% 100%); --scrollbar-thumb: rgba(39,39,42,.6); --scrollbar-track-radius: 0.5rem; --scrollbar-thumb-radius: 0.5rem; --scrollbar-corner-radius: 0.5rem; --tw-border-spacing-x: 0; --tw-border-spacing-y: 0; --tw-translate-x: 0; --tw-translate-y: 0; --tw-rotate: 0; --tw-skew-x: 0; --tw-skew-y: 0; --tw-scale-x: 1; --tw-scale-y: 1; --tw-scroll-snap-strictness: proximity; --tw-ring-offset-width: 0px; --tw-ring-offset-color: #fff; --tw-ring-color: rgba(59,130,246,.5); --tw-ring-offset-shadow: 0 0 #0000; --tw-ring-shadow: 0 0 #0000; --tw-shadow: 0 0 #0000; --tw-shadow-colored: 0 0 #0000; vertical-align: middle; text-align: left; padding: 0.571429em 0.5rem; padding-inline: 0.571429em 0px; overflow-anchor: none;\">Ministerio de Agricultura y Ganader\u00eda (MAG) junto al Ministerio de Salud (MS) y al Ministerio de Ambiente y Energ\u00eda (MINAE).<\/td>\n<\/tr>\n<tr class=\"border-b transition-colors data-[state=selected]:bg-muted hover:bg-muted\/50 duration-300\">\n<td class=\"p-2 align-middle [&amp;:has([role=checkbox])]:pr-0 [&amp;&gt;[role=checkbox]]:translate-y-[2px]\" style=\"box-sizing: border-box; border: 0px solid #e4e4e7; scrollbar-color: rgba(39, 39, 42, 0.6) #ffffff; scrollbar-width: thin; scroll-behavior: smooth; --scrollbar-track: hsl(0 0% 100%); --scrollbar-thumb: rgba(39,39,42,.6); --scrollbar-track-radius: 0.5rem; --scrollbar-thumb-radius: 0.5rem; --scrollbar-corner-radius: 0.5rem; --tw-border-spacing-x: 0; --tw-border-spacing-y: 0; --tw-translate-x: 0; --tw-translate-y: 0; --tw-rotate: 0; --tw-skew-x: 0; --tw-skew-y: 0; --tw-scale-x: 1; --tw-scale-y: 1; --tw-scroll-snap-strictness: proximity; --tw-ring-offset-width: 0px; --tw-ring-offset-color: #fff; --tw-ring-color: rgba(59,130,246,.5); --tw-ring-offset-shadow: 0 0 #0000; --tw-ring-shadow: 0 0 #0000; --tw-shadow: 0 0 #0000; --tw-shadow-colored: 0 0 #0000; vertical-align: middle; text-align: left; padding: 0.571429em 0.5rem; padding-inline: 0px 0.571429em; overflow-anchor: none;\">Base Legal<\/td>\n<td class=\"p-2 align-middle [&amp;:has([role=checkbox])]:pr-0 [&amp;&gt;[role=checkbox]]:translate-y-[2px]\" style=\"box-sizing: border-box; border: 0px solid #e4e4e7; scrollbar-color: rgba(39, 39, 42, 0.6) #ffffff; scrollbar-width: thin; scroll-behavior: smooth; --scrollbar-track: hsl(0 0% 100%); --scrollbar-thumb: rgba(39,39,42,.6); --scrollbar-track-radius: 0.5rem; --scrollbar-thumb-radius: 0.5rem; --scrollbar-corner-radius: 0.5rem; --tw-border-spacing-x: 0; --tw-border-spacing-y: 0; --tw-translate-x: 0; --tw-translate-y: 0; --tw-rotate: 0; --tw-skew-x: 0; --tw-skew-y: 0; --tw-scale-x: 1; --tw-scale-y: 1; --tw-scroll-snap-strictness: proximity; --tw-ring-offset-width: 0px; --tw-ring-offset-color: #fff; --tw-ring-color: rgba(59,130,246,.5); --tw-ring-offset-shadow: 0 0 #0000; --tw-ring-shadow: 0 0 #0000; --tw-shadow: 0 0 #0000; --tw-shadow-colored: 0 0 #0000; vertical-align: middle; text-align: left; padding: 0.571429em 0.5rem; padding-inline: 0.571429em 0px; overflow-anchor: none;\">Reforma al Decreto Ejecutivo N.\u00ba 43838-MAG-S-MINAE<\/td>\n<\/tr>\n<\/tbody>\n<\/table>\n<\/div>\n<\/div>\n<\/div>\n<\/div>\n<\/div>\n<p><iframe title=\"MAG, MINAE y Salud Modernizan Registro de Agroqu\u00edmicos\" width=\"1170\" height=\"658\" data-src=\"https:\/\/www.youtube.com\/embed\/jvFM3FhX-q4?feature=oembed\" frameborder=\"0\" allow=\"accelerometer; autoplay; clipboard-write; encrypted-media; gyroscope; picture-in-picture; web-share\" referrerpolicy=\"strict-origin-when-cross-origin\" allowfullscreen src=\"data:image\/svg+xml;base64,PHN2ZyB3aWR0aD0iMSIgaGVpZ2h0PSIxIiB4bWxucz0iaHR0cDovL3d3dy53My5vcmcvMjAwMC9zdmciPjwvc3ZnPg==\" class=\"lazyload\" data-load-mode=\"1\"><\/iframe><\/p>\n<p><strong>Cambios Implementados:<\/strong><\/p>\n<ul>\n<li><strong>Registro de Plaguicidas Minerales:<\/strong>\u00a0Costa Rica contar\u00e1 con una base legal para registrar plaguicidas minerales o inorg\u00e1nicos.<\/li>\n<li><strong>Referencia a Agencias Internacionales:<\/strong>\u00a0Se podr\u00e1n utilizar estudios y evaluaciones de agencias como EPA (Estados Unidos), EFSA (Uni\u00f3n Europea), FAO, agilizando el proceso de registro.<\/li>\n<li><strong>Plazos Concretos para Actualizaci\u00f3n:<\/strong>\u00a0Se establecen plazos claros para actualizar los registros existentes, brindando transparencia y previsibilidad.<\/li>\n<\/ul>\n<p><strong>Nueva Modalidad de Registro:<\/strong><\/p>\n<div class=\"flex flex-col\">\n<div class=\"sticky top-0 z-20 flex h-9 w-full items-center justify-between rounded-t-md bg-ds-bg-elevated px-1\"><\/div>\n<div class=\"relative overflow-hidden z-10 contain-inline-size\" dir=\"ltr\">\n<div class=\"size-full rounded-[inherit] [&amp;&gt;div]:!block [&amp;&gt;div]:!h-[inherit]\" style=\"box-sizing: border-box; border: 0px solid #e4e4e7; scrollbar-color: rgba(39, 39, 42, 0.6) #ffffff; scrollbar-width: none; scroll-behavior: smooth; --scrollbar-track: hsl(0 0% 100%); --scrollbar-thumb: rgba(39,39,42,.6); --scrollbar-track-radius: 0.5rem; --scrollbar-thumb-radius: 0.5rem; --scrollbar-corner-radius: 0.5rem; --tw-border-spacing-x: 0; --tw-border-spacing-y: 0; --tw-translate-x: 0; --tw-translate-y: 0; --tw-rotate: 0; --tw-skew-x: 0; --tw-skew-y: 0; --tw-scale-x: 1; --tw-scale-y: 1; --tw-scroll-snap-strictness: proximity; --tw-ring-offset-width: 0px; --tw-ring-offset-color: #fff; --tw-ring-color: rgba(59,130,246,.5); --tw-ring-offset-shadow: 0 0 #0000; --tw-ring-shadow: 0 0 #0000; --tw-shadow: 0 0 #0000; --tw-shadow-colored: 0 0 #0000; width: 768px; height: 253.333px; border-radius: inherit; overflow-anchor: none; overflow: scroll;\" data-radix-scroll-area-viewport=\"\">\n<div>\n<div class=\"relative w-full overflow-auto\">\n<table class=\"w-full caption-bottom text-sm my-0\">\n<thead class=\"[&amp;_tr]:border-b\">\n<tr class=\"border-b transition-colors data-[state=selected]:bg-muted hover:bg-muted\/50 duration-300\">\n<th class=\"h-10 px-2 text-left align-middle font-medium text-muted-foreground [&amp;:has([role=checkbox])]:pr-0 [&amp;&gt;[role=checkbox]]:translate-y-[2px] min-w-36 whitespace-normal pt-2 tracking-wide w-fit max-w-52\" style=\"box-sizing: border-box; border: 0px solid #e4e4e7; scrollbar-color: rgba(39, 39, 42, 0.6) #ffffff; scrollbar-width: thin; scroll-behavior: smooth; --scrollbar-track: hsl(0 0% 100%); --scrollbar-thumb: rgba(39,39,42,.6); --scrollbar-track-radius: 0.5rem; --scrollbar-thumb-radius: 0.5rem; --scrollbar-corner-radius: 0.5rem; --tw-border-spacing-x: 0; --tw-border-spacing-y: 0; --tw-translate-x: 0; --tw-translate-y: 0; --tw-rotate: 0; --tw-skew-x: 0; --tw-skew-y: 0; --tw-scale-x: 1; --tw-scale-y: 1; --tw-scroll-snap-strictness: proximity; --tw-ring-offset-width: 0px; --tw-ring-offset-color: #fff; --tw-ring-color: rgba(59,130,246,.5); --tw-ring-offset-shadow: 0 0 #0000; --tw-ring-shadow: 0 0 #0000; --tw-shadow: 0 0 #0000; --tw-shadow-colored: 0 0 #0000; color: #71717a; font-weight: 500; vertical-align: middle; text-align: left; height: 2.5rem; width: fit-content; min-width: 9rem; max-width: 13rem; white-space: normal; padding: 0.5rem 0.5rem 0.571429em; letter-spacing: 0.025em; padding-inline: 0px 0.571429em; overflow-anchor: none;\">Caracter\u00edstica<\/th>\n<th class=\"h-10 px-2 text-left align-middle font-medium text-muted-foreground [&amp;:has([role=checkbox])]:pr-0 [&amp;&gt;[role=checkbox]]:translate-y-[2px] min-w-36 whitespace-normal pt-2 tracking-wide w-fit max-w-52\" style=\"box-sizing: border-box; border: 0px solid #e4e4e7; scrollbar-color: rgba(39, 39, 42, 0.6) #ffffff; scrollbar-width: thin; scroll-behavior: smooth; --scrollbar-track: hsl(0 0% 100%); --scrollbar-thumb: rgba(39,39,42,.6); --scrollbar-track-radius: 0.5rem; --scrollbar-thumb-radius: 0.5rem; --scrollbar-corner-radius: 0.5rem; --tw-border-spacing-x: 0; --tw-border-spacing-y: 0; --tw-translate-x: 0; --tw-translate-y: 0; --tw-rotate: 0; --tw-skew-x: 0; --tw-skew-y: 0; --tw-scale-x: 1; --tw-scale-y: 1; --tw-scroll-snap-strictness: proximity; --tw-ring-offset-width: 0px; --tw-ring-offset-color: #fff; --tw-ring-color: rgba(59,130,246,.5); --tw-ring-offset-shadow: 0 0 #0000; --tw-ring-shadow: 0 0 #0000; --tw-shadow: 0 0 #0000; --tw-shadow-colored: 0 0 #0000; color: #71717a; font-weight: 500; vertical-align: middle; text-align: left; height: 2.5rem; width: fit-content; min-width: 9rem; max-width: 13rem; white-space: normal; padding: 0.5rem 0.5rem 0.571429em; letter-spacing: 0.025em; padding-inline: 0.571429em 0px; overflow-anchor: none;\">Detalle<\/th>\n<\/tr>\n<\/thead>\n<tbody class=\"[&amp;_tr:last-child]:border-0\">\n<tr class=\"border-b transition-colors data-[state=selected]:bg-muted hover:bg-muted\/50 duration-300\">\n<td class=\"p-2 align-middle [&amp;:has([role=checkbox])]:pr-0 [&amp;&gt;[role=checkbox]]:translate-y-[2px]\" style=\"box-sizing: border-box; border: 0px solid #e4e4e7; scrollbar-color: rgba(39, 39, 42, 0.6) #ffffff; scrollbar-width: thin; scroll-behavior: smooth; --scrollbar-track: hsl(0 0% 100%); --scrollbar-thumb: rgba(39,39,42,.6); --scrollbar-track-radius: 0.5rem; --scrollbar-thumb-radius: 0.5rem; --scrollbar-corner-radius: 0.5rem; --tw-border-spacing-x: 0; --tw-border-spacing-y: 0; --tw-translate-x: 0; --tw-translate-y: 0; --tw-rotate: 0; --tw-skew-x: 0; --tw-skew-y: 0; --tw-scale-x: 1; --tw-scale-y: 1; --tw-scroll-snap-strictness: proximity; --tw-ring-offset-width: 0px; --tw-ring-offset-color: #fff; --tw-ring-color: rgba(59,130,246,.5); --tw-ring-offset-shadow: 0 0 #0000; --tw-ring-shadow: 0 0 #0000; --tw-shadow: 0 0 #0000; --tw-shadow-colored: 0 0 #0000; vertical-align: middle; text-align: left; padding: 0.571429em 0.5rem; padding-inline: 0px 0.571429em; overflow-anchor: none;\">Vigencia<\/td>\n<td class=\"p-2 align-middle [&amp;:has([role=checkbox])]:pr-0 [&amp;&gt;[role=checkbox]]:translate-y-[2px]\" style=\"box-sizing: border-box; border: 0px solid #e4e4e7; scrollbar-color: rgba(39, 39, 42, 0.6) #ffffff; scrollbar-width: thin; scroll-behavior: smooth; --scrollbar-track: hsl(0 0% 100%); --scrollbar-thumb: rgba(39,39,42,.6); --scrollbar-track-radius: 0.5rem; --scrollbar-thumb-radius: 0.5rem; --scrollbar-corner-radius: 0.5rem; --tw-border-spacing-x: 0; --tw-border-spacing-y: 0; --tw-translate-x: 0; --tw-translate-y: 0; --tw-rotate: 0; --tw-skew-x: 0; --tw-skew-y: 0; --tw-scale-x: 1; --tw-scale-y: 1; --tw-scroll-snap-strictness: proximity; --tw-ring-offset-width: 0px; --tw-ring-offset-color: #fff; --tw-ring-color: rgba(59,130,246,.5); --tw-ring-offset-shadow: 0 0 #0000; --tw-ring-shadow: 0 0 #0000; --tw-shadow: 0 0 #0000; --tw-shadow-colored: 0 0 #0000; vertical-align: middle; text-align: left; padding: 0.571429em 0.5rem; padding-inline: 0.571429em 0px; overflow-anchor: none;\">4 a\u00f1os para los registrantes<\/td>\n<\/tr>\n<tr class=\"border-b transition-colors data-[state=selected]:bg-muted hover:bg-muted\/50 duration-300\">\n<td class=\"p-2 align-middle [&amp;:has([role=checkbox])]:pr-0 [&amp;&gt;[role=checkbox]]:translate-y-[2px]\" style=\"box-sizing: border-box; border: 0px solid #e4e4e7; scrollbar-color: rgba(39, 39, 42, 0.6) #ffffff; scrollbar-width: thin; scroll-behavior: smooth; --scrollbar-track: hsl(0 0% 100%); --scrollbar-thumb: rgba(39,39,42,.6); --scrollbar-track-radius: 0.5rem; --scrollbar-thumb-radius: 0.5rem; --scrollbar-corner-radius: 0.5rem; --tw-border-spacing-x: 0; --tw-border-spacing-y: 0; --tw-translate-x: 0; --tw-translate-y: 0; --tw-rotate: 0; --tw-skew-x: 0; --tw-skew-y: 0; --tw-scale-x: 1; --tw-scale-y: 1; --tw-scroll-snap-strictness: proximity; --tw-ring-offset-width: 0px; --tw-ring-offset-color: #fff; --tw-ring-color: rgba(59,130,246,.5); --tw-ring-offset-shadow: 0 0 #0000; --tw-ring-shadow: 0 0 #0000; --tw-shadow: 0 0 #0000; --tw-shadow-colored: 0 0 #0000; vertical-align: middle; text-align: left; padding: 0.571429em 0.5rem; padding-inline: 0px 0.571429em; overflow-anchor: none;\">Monitoreo<\/td>\n<td class=\"p-2 align-middle [&amp;:has([role=checkbox])]:pr-0 [&amp;&gt;[role=checkbox]]:translate-y-[2px]\" style=\"box-sizing: border-box; border: 0px solid #e4e4e7; scrollbar-color: rgba(39, 39, 42, 0.6) #ffffff; scrollbar-width: thin; scroll-behavior: smooth; --scrollbar-track: hsl(0 0% 100%); --scrollbar-thumb: rgba(39,39,42,.6); --scrollbar-track-radius: 0.5rem; --scrollbar-thumb-radius: 0.5rem; --scrollbar-corner-radius: 0.5rem; --tw-border-spacing-x: 0; --tw-border-spacing-y: 0; --tw-translate-x: 0; --tw-translate-y: 0; --tw-rotate: 0; --tw-skew-x: 0; --tw-skew-y: 0; --tw-scale-x: 1; --tw-scale-y: 1; --tw-scroll-snap-strictness: proximity; --tw-ring-offset-width: 0px; --tw-ring-offset-color: #fff; --tw-ring-color: rgba(59,130,246,.5); --tw-ring-offset-shadow: 0 0 #0000; --tw-ring-shadow: 0 0 #0000; --tw-shadow: 0 0 #0000; --tw-shadow-colored: 0 0 #0000; vertical-align: middle; text-align: left; padding: 0.571429em 0.5rem; padding-inline: 0.571429em 0px; overflow-anchor: none;\">El Servicio Fitosanitario del Estado (SFE) monitorear\u00e1 dos veces al a\u00f1o la calidad de los productos registrados<\/td>\n<\/tr>\n<tr class=\"border-b transition-colors data-[state=selected]:bg-muted hover:bg-muted\/50 duration-300\">\n<td class=\"p-2 align-middle [&amp;:has([role=checkbox])]:pr-0 [&amp;&gt;[role=checkbox]]:translate-y-[2px]\" style=\"box-sizing: border-box; border: 0px solid #e4e4e7; scrollbar-color: rgba(39, 39, 42, 0.6) #ffffff; scrollbar-width: thin; scroll-behavior: smooth; --scrollbar-track: hsl(0 0% 100%); --scrollbar-thumb: rgba(39,39,42,.6); --scrollbar-track-radius: 0.5rem; --scrollbar-thumb-radius: 0.5rem; --scrollbar-corner-radius: 0.5rem; --tw-border-spacing-x: 0; --tw-border-spacing-y: 0; --tw-translate-x: 0; --tw-translate-y: 0; --tw-rotate: 0; --tw-skew-x: 0; --tw-skew-y: 0; --tw-scale-x: 1; --tw-scale-y: 1; --tw-scroll-snap-strictness: proximity; --tw-ring-offset-width: 0px; --tw-ring-offset-color: #fff; --tw-ring-color: rgba(59,130,246,.5); --tw-ring-offset-shadow: 0 0 #0000; --tw-ring-shadow: 0 0 #0000; --tw-shadow: 0 0 #0000; --tw-shadow-colored: 0 0 #0000; vertical-align: middle; text-align: left; padding: 0.571429em 0.5rem; padding-inline: 0px 0.571429em; overflow-anchor: none;\">Proceso<\/td>\n<td class=\"p-2 align-middle [&amp;:has([role=checkbox])]:pr-0 [&amp;&gt;[role=checkbox]]:translate-y-[2px]\" style=\"box-sizing: border-box; border: 0px solid #e4e4e7; scrollbar-color: rgba(39, 39, 42, 0.6) #ffffff; scrollbar-width: thin; scroll-behavior: smooth; --scrollbar-track: hsl(0 0% 100%); --scrollbar-thumb: rgba(39,39,42,.6); --scrollbar-track-radius: 0.5rem; --scrollbar-thumb-radius: 0.5rem; --scrollbar-corner-radius: 0.5rem; --tw-border-spacing-x: 0; --tw-border-spacing-y: 0; --tw-translate-x: 0; --tw-translate-y: 0; --tw-rotate: 0; --tw-skew-x: 0; --tw-skew-y: 0; --tw-scale-x: 1; --tw-scale-y: 1; --tw-scroll-snap-strictness: proximity; --tw-ring-offset-width: 0px; --tw-ring-offset-color: #fff; --tw-ring-color: rgba(59,130,246,.5); --tw-ring-offset-shadow: 0 0 #0000; --tw-ring-shadow: 0 0 #0000; --tw-shadow: 0 0 #0000; --tw-shadow-colored: 0 0 #0000; vertical-align: middle; text-align: left; padding: 0.571429em 0.5rem; padding-inline: 0.571429em 0px; overflow-anchor: none;\">M\u00e1s \u00e1gil y con rigurosidad t\u00e9cnica<\/td>\n<\/tr>\n<tr class=\"border-b transition-colors data-[state=selected]:bg-muted hover:bg-muted\/50 duration-300\">\n<td class=\"p-2 align-middle [&amp;:has([role=checkbox])]:pr-0 [&amp;&gt;[role=checkbox]]:translate-y-[2px]\" style=\"box-sizing: border-box; border: 0px solid #e4e4e7; scrollbar-color: rgba(39, 39, 42, 0.6) #ffffff; scrollbar-width: thin; scroll-behavior: smooth; --scrollbar-track: hsl(0 0% 100%); --scrollbar-thumb: rgba(39,39,42,.6); --scrollbar-track-radius: 0.5rem; --scrollbar-thumb-radius: 0.5rem; --scrollbar-corner-radius: 0.5rem; --tw-border-spacing-x: 0; --tw-border-spacing-y: 0; --tw-translate-x: 0; --tw-translate-y: 0; --tw-rotate: 0; --tw-skew-x: 0; --tw-skew-y: 0; --tw-scale-x: 1; --tw-scale-y: 1; --tw-scroll-snap-strictness: proximity; --tw-ring-offset-width: 0px; --tw-ring-offset-color: #fff; --tw-ring-color: rgba(59,130,246,.5); --tw-ring-offset-shadow: 0 0 #0000; --tw-ring-shadow: 0 0 #0000; --tw-shadow: 0 0 #0000; --tw-shadow-colored: 0 0 #0000; vertical-align: middle; text-align: left; padding: 0.571429em 0.5rem; padding-inline: 0px 0.571429em; overflow-anchor: none;\">Acceso al Registro<\/td>\n<td class=\"p-2 align-middle [&amp;:has([role=checkbox])]:pr-0 [&amp;&gt;[role=checkbox]]:translate-y-[2px]\" style=\"box-sizing: border-box; border: 0px solid #e4e4e7; scrollbar-color: rgba(39, 39, 42, 0.6) #ffffff; scrollbar-width: thin; scroll-behavior: smooth; --scrollbar-track: hsl(0 0% 100%); --scrollbar-thumb: rgba(39,39,42,.6); --scrollbar-track-radius: 0.5rem; --scrollbar-thumb-radius: 0.5rem; --scrollbar-corner-radius: 0.5rem; --tw-border-spacing-x: 0; --tw-border-spacing-y: 0; --tw-translate-x: 0; --tw-translate-y: 0; --tw-rotate: 0; --tw-skew-x: 0; --tw-skew-y: 0; --tw-scale-x: 1; --tw-scale-y: 1; --tw-scroll-snap-strictness: proximity; --tw-ring-offset-width: 0px; --tw-ring-offset-color: #fff; --tw-ring-color: rgba(59,130,246,.5); --tw-ring-offset-shadow: 0 0 #0000; --tw-ring-shadow: 0 0 #0000; --tw-shadow: 0 0 #0000; --tw-shadow-colored: 0 0 #0000; vertical-align: middle; text-align: left; padding: 0.571429em 0.5rem; padding-inline: 0.571429em 0px; overflow-anchor: none;\">Cualquier empresa podr\u00e1 registrar mol\u00e9culas sin necesidad de un perfil de referencia, cumpliendo con los requisitos t\u00e9cnicos<\/td>\n<\/tr>\n<\/tbody>\n<\/table>\n<\/div>\n<\/div>\n<\/div>\n<\/div>\n<\/div>\n<p><strong>Protecci\u00f3n de la Salud y el Ambiente:<\/strong><\/p>\n<p>El MINAE, el Ministerio de Salud y el SFE elaborar\u00e1n una lista de plaguicidas que no podr\u00e1n registrarse por homologaci\u00f3n si est\u00e1n prohibidos en al menos el 70% de los pa\u00edses miembros de la OCDE.<\/p>\n<p><strong>Declaraciones:<\/strong><\/p>\n<ul>\n<li>V\u00edctor Julio Carvajal, ministro de Agricultura: \u00abEste decreto marca un antes y un despu\u00e9s. Damos un paso m\u00e1s hacia la modernizaci\u00f3n del parque de agroqu\u00edmicos&#8230;\u00bb.<\/li>\n<li>Franz Tattenbach, ministro de Ambiente y Energ\u00eda: \u00ab&#8230;hemos llegado a acuerdos importantes con el MAG para que se respeten los criterios y procedimientos ambientales&#8230;\u00bb.<\/li>\n<li>Mary Munive, ministra de Salud: \u00abProteger la salud es una prioridad. Queremos asegurarnos de que los insumos agr\u00edcolas no representen riesgos para la poblaci\u00f3n\u00bb.<\/li>\n<\/ul>\n","protected":false},"excerpt":{"rendered":"<p>&#8211; El Gobierno de la Rep\u00fablica moderniza el sistema de registro de agroqu\u00edmicos en el pa\u00eds, mediante una reforma al Decreto Ejecutivo N.\u00ba 43838-MAG-S-MINAE, impulsando una agricultura m\u00e1s segura y responsable. El Ministerio de Agricultura y Ganader\u00eda (MAG) lidera esta actualizaci\u00f3n junto al Ministerio de Salud (MS) y al Ministerio de Ambiente y Energ\u00eda (MINAE), [&hellip;]<\/p>\n","protected":false},"author":10,"featured_media":11484,"comment_status":"closed","ping_status":"open","sticky":false,"template":"","format":"standard","meta":{"episode_type":"","audio_file":"","podmotor_file_id":"","podmotor_episode_id":"","cover_image":"","cover_image_id":"","duration":"","filesize":"","filesize_raw":"","date_recorded":"","explicit":"","block":"","itunes_episode_number":"","itunes_title":"","itunes_season_number":"","itunes_episode_type":"","footnotes":""},"categories":[13],"tags":[],"class_list":{"0":"post-11482","1":"post","2":"type-post","3":"status-publish","4":"format-standard","5":"has-post-thumbnail","7":"category-nacional"},"aioseo_notices":[],"aioseo_head":"\n\t\t<!-- All in One SEO Pro 4.8.3.2 - aioseo.com -->\n\t<meta name=\"description\" content=\"- El Gobierno de la Rep\u00fablica moderniza el sistema de registro de agroqu\u00edmicos en el pa\u00eds, mediante una reforma al Decreto Ejecutivo N.\u00ba 43838-MAG-S-MINAE, impulsando una agricultura m\u00e1s segura y responsable. El Ministerio de Agricultura y Ganader\u00eda (MAG) lidera esta actualizaci\u00f3n junto al Ministerio de Salud (MS) y al Ministerio de Ambiente y Energ\u00eda (MINAE),\" \/>\n\t<meta name=\"robots\" content=\"max-image-preview:large\" \/>\n\t<meta name=\"author\" content=\"Diego Molina\"\/>\n\t<link rel=\"canonical\" href=\"https:\/\/staytv.cr\/index.php\/2025\/05\/29\/mag-minae-y-salud-modernizan-registro-de-agroquimicos-para-proteger-la-salud-el-ambiente-y-la-produccion-nacional\/\" \/>\n\t<meta name=\"generator\" content=\"All in One SEO Pro (AIOSEO) 4.8.3.2\" \/>\n\t\t<meta property=\"og:locale\" content=\"es_ES\" \/>\n\t\t<meta property=\"og:site_name\" content=\"Staytv - Medio de comunicaci\u00f3n digital de Costa Rica.\" \/>\n\t\t<meta property=\"og:type\" content=\"article\" \/>\n\t\t<meta property=\"og:title\" content=\"MAG, MINAE y Salud Modernizan Registro de Agroqu\u00edmicos para Proteger la Salud, el Ambiente y la Producci\u00f3n Nacional - Staytv\" \/>\n\t\t<meta property=\"og:description\" content=\"- El Gobierno de la Rep\u00fablica moderniza el sistema de registro de agroqu\u00edmicos en el pa\u00eds, mediante una reforma al Decreto Ejecutivo N.\u00ba 43838-MAG-S-MINAE, impulsando una agricultura m\u00e1s segura y responsable. El Ministerio de Agricultura y Ganader\u00eda (MAG) lidera esta actualizaci\u00f3n junto al Ministerio de Salud (MS) y al Ministerio de Ambiente y Energ\u00eda (MINAE),\" \/>\n\t\t<meta property=\"og:url\" content=\"https:\/\/staytv.cr\/index.php\/2025\/05\/29\/mag-minae-y-salud-modernizan-registro-de-agroquimicos-para-proteger-la-salud-el-ambiente-y-la-produccion-nacional\/\" \/>\n\t\t<meta property=\"og:image\" content=\"https:\/\/staytv.cr\/wp-content\/uploads\/Sin-titulo-16-32.png\" \/>\n\t\t<meta property=\"og:image:secure_url\" content=\"https:\/\/staytv.cr\/wp-content\/uploads\/Sin-titulo-16-32.png\" \/>\n\t\t<meta property=\"og:image:width\" content=\"1280\" \/>\n\t\t<meta property=\"og:image:height\" content=\"720\" \/>\n\t\t<meta property=\"article:published_time\" content=\"2025-05-29T22:39:43+00:00\" \/>\n\t\t<meta property=\"article:modified_time\" content=\"2025-05-29T22:40:55+00:00\" \/>\n\t\t<meta property=\"article:publisher\" content=\"https:\/\/www.facebook.com\/staytvcr\" \/>\n\t\t<meta name=\"twitter:card\" content=\"summary_large_image\" \/>\n\t\t<meta name=\"twitter:title\" content=\"MAG, MINAE y Salud Modernizan Registro de Agroqu\u00edmicos para Proteger la Salud, el Ambiente y la Producci\u00f3n Nacional - Staytv\" \/>\n\t\t<meta name=\"twitter:description\" content=\"- El Gobierno de la Rep\u00fablica moderniza el sistema de registro de agroqu\u00edmicos en el pa\u00eds, mediante una reforma al Decreto Ejecutivo N.\u00ba 43838-MAG-S-MINAE, impulsando una agricultura m\u00e1s segura y responsable. El Ministerio de Agricultura y Ganader\u00eda (MAG) lidera esta actualizaci\u00f3n junto al Ministerio de Salud (MS) y al Ministerio de Ambiente y Energ\u00eda (MINAE),\" \/>\n\t\t<meta name=\"twitter:image\" content=\"https:\/\/staytv.cr\/wp-content\/uploads\/Sin-titulo-16-32.png\" \/>\n\t\t<script type=\"application\/ld+json\" class=\"aioseo-schema\">\n\t\t\t{\"@context\":\"https:\\\/\\\/schema.org\",\"@graph\":[{\"@type\":\"BreadcrumbList\",\"@id\":\"https:\\\/\\\/staytv.cr\\\/index.php\\\/2025\\\/05\\\/29\\\/mag-minae-y-salud-modernizan-registro-de-agroquimicos-para-proteger-la-salud-el-ambiente-y-la-produccion-nacional\\\/#breadcrumblist\",\"itemListElement\":[{\"@type\":\"ListItem\",\"@id\":\"https:\\\/\\\/staytv.cr#listItem\",\"position\":1,\"name\":\"Home\",\"item\":\"https:\\\/\\\/staytv.cr\",\"nextItem\":{\"@type\":\"ListItem\",\"@id\":\"https:\\\/\\\/staytv.cr\\\/index.php\\\/category\\\/nacional\\\/#listItem\",\"name\":\"NACIONAL\"}},{\"@type\":\"ListItem\",\"@id\":\"https:\\\/\\\/staytv.cr\\\/index.php\\\/category\\\/nacional\\\/#listItem\",\"position\":2,\"name\":\"NACIONAL\",\"item\":\"https:\\\/\\\/staytv.cr\\\/index.php\\\/category\\\/nacional\\\/\",\"nextItem\":{\"@type\":\"ListItem\",\"@id\":\"https:\\\/\\\/staytv.cr\\\/index.php\\\/2025\\\/05\\\/29\\\/mag-minae-y-salud-modernizan-registro-de-agroquimicos-para-proteger-la-salud-el-ambiente-y-la-produccion-nacional\\\/#listItem\",\"name\":\"MAG, MINAE y Salud Modernizan Registro de Agroqu\\u00edmicos para Proteger la Salud, el Ambiente y la Producci\\u00f3n Nacional\"},\"previousItem\":{\"@type\":\"ListItem\",\"@id\":\"https:\\\/\\\/staytv.cr#listItem\",\"name\":\"Home\"}},{\"@type\":\"ListItem\",\"@id\":\"https:\\\/\\\/staytv.cr\\\/index.php\\\/2025\\\/05\\\/29\\\/mag-minae-y-salud-modernizan-registro-de-agroquimicos-para-proteger-la-salud-el-ambiente-y-la-produccion-nacional\\\/#listItem\",\"position\":3,\"name\":\"MAG, MINAE y Salud Modernizan Registro de Agroqu\\u00edmicos para Proteger la Salud, el Ambiente y la Producci\\u00f3n Nacional\",\"previousItem\":{\"@type\":\"ListItem\",\"@id\":\"https:\\\/\\\/staytv.cr\\\/index.php\\\/category\\\/nacional\\\/#listItem\",\"name\":\"NACIONAL\"}}]},{\"@type\":\"Organization\",\"@id\":\"https:\\\/\\\/staytv.cr\\\/#organization\",\"name\":\"Stay TV\",\"description\":\"Stay TV es un medio digital de noticias con base en Centroam\\u00e9rica, con cobertura local e internacional desde una mirada asi\\u00e1tica.\",\"url\":\"https:\\\/\\\/staytv.cr\\\/\",\"logo\":{\"@type\":\"ImageObject\",\"url\":\"https:\\\/\\\/staytv.cr\\\/wp-content\\\/uploads\\\/cropped-StayTV_logo_oficial_simple.png\",\"@id\":\"https:\\\/\\\/staytv.cr\\\/index.php\\\/2025\\\/05\\\/29\\\/mag-minae-y-salud-modernizan-registro-de-agroquimicos-para-proteger-la-salud-el-ambiente-y-la-produccion-nacional\\\/#organizationLogo\",\"width\":2560,\"height\":769},\"image\":{\"@id\":\"https:\\\/\\\/staytv.cr\\\/index.php\\\/2025\\\/05\\\/29\\\/mag-minae-y-salud-modernizan-registro-de-agroquimicos-para-proteger-la-salud-el-ambiente-y-la-produccion-nacional\\\/#organizationLogo\"},\"sameAs\":[\"https:\\\/\\\/www.instagram.com\\\/staytvcr\\\/\"]},{\"@type\":\"Person\",\"@id\":\"https:\\\/\\\/staytv.cr\\\/index.php\\\/author\\\/diegostaytv\\\/#author\",\"url\":\"https:\\\/\\\/staytv.cr\\\/index.php\\\/author\\\/diegostaytv\\\/\",\"name\":\"Diego Molina\",\"image\":{\"@type\":\"ImageObject\",\"url\":\"https:\\\/\\\/secure.gravatar.com\\\/avatar\\\/7d23cb63381aa64750c7e76727c208369ebd6f2565e9dc4c62e323b1ea59af41?s=96&d=mm&r=g\"}},{\"@type\":\"WebPage\",\"@id\":\"https:\\\/\\\/staytv.cr\\\/index.php\\\/2025\\\/05\\\/29\\\/mag-minae-y-salud-modernizan-registro-de-agroquimicos-para-proteger-la-salud-el-ambiente-y-la-produccion-nacional\\\/#webpage\",\"url\":\"https:\\\/\\\/staytv.cr\\\/index.php\\\/2025\\\/05\\\/29\\\/mag-minae-y-salud-modernizan-registro-de-agroquimicos-para-proteger-la-salud-el-ambiente-y-la-produccion-nacional\\\/\",\"name\":\"MAG, MINAE y Salud Modernizan Registro de Agroqu\\u00edmicos para Proteger la Salud, el Ambiente y la Producci\\u00f3n Nacional - Staytv\",\"description\":\"- El Gobierno de la Rep\\u00fablica moderniza el sistema de registro de agroqu\\u00edmicos en el pa\\u00eds, mediante una reforma al Decreto Ejecutivo N.\\u00ba 43838-MAG-S-MINAE, impulsando una agricultura m\\u00e1s segura y responsable. El Ministerio de Agricultura y Ganader\\u00eda (MAG) lidera esta actualizaci\\u00f3n junto al Ministerio de Salud (MS) y al Ministerio de Ambiente y Energ\\u00eda (MINAE),\",\"inLanguage\":\"es-ES\",\"isPartOf\":{\"@id\":\"https:\\\/\\\/staytv.cr\\\/#website\"},\"breadcrumb\":{\"@id\":\"https:\\\/\\\/staytv.cr\\\/index.php\\\/2025\\\/05\\\/29\\\/mag-minae-y-salud-modernizan-registro-de-agroquimicos-para-proteger-la-salud-el-ambiente-y-la-produccion-nacional\\\/#breadcrumblist\"},\"author\":{\"@id\":\"https:\\\/\\\/staytv.cr\\\/index.php\\\/author\\\/diegostaytv\\\/#author\"},\"creator\":{\"@id\":\"https:\\\/\\\/staytv.cr\\\/index.php\\\/author\\\/diegostaytv\\\/#author\"},\"image\":{\"@type\":\"ImageObject\",\"url\":\"https:\\\/\\\/staytv.cr\\\/wp-content\\\/uploads\\\/Sin-titulo-16-32.png\",\"@id\":\"https:\\\/\\\/staytv.cr\\\/index.php\\\/2025\\\/05\\\/29\\\/mag-minae-y-salud-modernizan-registro-de-agroquimicos-para-proteger-la-salud-el-ambiente-y-la-produccion-nacional\\\/#mainImage\",\"width\":1280,\"height\":720},\"primaryImageOfPage\":{\"@id\":\"https:\\\/\\\/staytv.cr\\\/index.php\\\/2025\\\/05\\\/29\\\/mag-minae-y-salud-modernizan-registro-de-agroquimicos-para-proteger-la-salud-el-ambiente-y-la-produccion-nacional\\\/#mainImage\"},\"datePublished\":\"2025-05-29T16:39:43-06:00\",\"dateModified\":\"2025-05-29T16:40:55-06:00\"},{\"@type\":\"WebSite\",\"@id\":\"https:\\\/\\\/staytv.cr\\\/#website\",\"url\":\"https:\\\/\\\/staytv.cr\\\/\",\"name\":\"Staytv\",\"description\":\"Medio de comunicaci\\u00f3n digital de Costa Rica.\",\"inLanguage\":\"es-ES\",\"publisher\":{\"@id\":\"https:\\\/\\\/staytv.cr\\\/#organization\"}}]}\n\t\t<\/script>\n\t\t<!-- All in One SEO Pro -->\r\n\t\t<title>MAG, MINAE y Salud Modernizan Registro de Agroqu\u00edmicos para Proteger la Salud, el Ambiente y la Producci\u00f3n Nacional - Staytv<\/title>\n\n","aioseo_head_json":{"title":"MAG, MINAE y Salud Modernizan Registro de Agroqu\u00edmicos para Proteger la Salud, el Ambiente y la Producci\u00f3n Nacional - Staytv","description":"- El Gobierno de la Rep\u00fablica moderniza el sistema de registro de agroqu\u00edmicos en el pa\u00eds, mediante una reforma al Decreto Ejecutivo N.\u00ba 43838-MAG-S-MINAE, impulsando una agricultura m\u00e1s segura y responsable. El Ministerio de Agricultura y Ganader\u00eda (MAG) lidera esta actualizaci\u00f3n junto al Ministerio de Salud (MS) y al Ministerio de Ambiente y Energ\u00eda (MINAE),","canonical_url":"https:\/\/staytv.cr\/index.php\/2025\/05\/29\/mag-minae-y-salud-modernizan-registro-de-agroquimicos-para-proteger-la-salud-el-ambiente-y-la-produccion-nacional\/","robots":"max-image-preview:large","keywords":"","webmasterTools":{"miscellaneous":""},"schema":{"@context":"https:\/\/schema.org","@graph":[{"@type":"BreadcrumbList","@id":"https:\/\/staytv.cr\/index.php\/2025\/05\/29\/mag-minae-y-salud-modernizan-registro-de-agroquimicos-para-proteger-la-salud-el-ambiente-y-la-produccion-nacional\/#breadcrumblist","itemListElement":[{"@type":"ListItem","@id":"https:\/\/staytv.cr#listItem","position":1,"name":"Home","item":"https:\/\/staytv.cr","nextItem":{"@type":"ListItem","@id":"https:\/\/staytv.cr\/index.php\/category\/nacional\/#listItem","name":"NACIONAL"}},{"@type":"ListItem","@id":"https:\/\/staytv.cr\/index.php\/category\/nacional\/#listItem","position":2,"name":"NACIONAL","item":"https:\/\/staytv.cr\/index.php\/category\/nacional\/","nextItem":{"@type":"ListItem","@id":"https:\/\/staytv.cr\/index.php\/2025\/05\/29\/mag-minae-y-salud-modernizan-registro-de-agroquimicos-para-proteger-la-salud-el-ambiente-y-la-produccion-nacional\/#listItem","name":"MAG, MINAE y Salud Modernizan Registro de Agroqu\u00edmicos para Proteger la Salud, el Ambiente y la Producci\u00f3n Nacional"},"previousItem":{"@type":"ListItem","@id":"https:\/\/staytv.cr#listItem","name":"Home"}},{"@type":"ListItem","@id":"https:\/\/staytv.cr\/index.php\/2025\/05\/29\/mag-minae-y-salud-modernizan-registro-de-agroquimicos-para-proteger-la-salud-el-ambiente-y-la-produccion-nacional\/#listItem","position":3,"name":"MAG, MINAE y Salud Modernizan Registro de Agroqu\u00edmicos para Proteger la Salud, el Ambiente y la Producci\u00f3n Nacional","previousItem":{"@type":"ListItem","@id":"https:\/\/staytv.cr\/index.php\/category\/nacional\/#listItem","name":"NACIONAL"}}]},{"@type":"Organization","@id":"https:\/\/staytv.cr\/#organization","name":"Stay TV","description":"Stay TV es un medio digital de noticias con base en Centroam\u00e9rica, con cobertura local e internacional desde una mirada asi\u00e1tica.","url":"https:\/\/staytv.cr\/","logo":{"@type":"ImageObject","url":"https:\/\/staytv.cr\/wp-content\/uploads\/cropped-StayTV_logo_oficial_simple.png","@id":"https:\/\/staytv.cr\/index.php\/2025\/05\/29\/mag-minae-y-salud-modernizan-registro-de-agroquimicos-para-proteger-la-salud-el-ambiente-y-la-produccion-nacional\/#organizationLogo","width":2560,"height":769},"image":{"@id":"https:\/\/staytv.cr\/index.php\/2025\/05\/29\/mag-minae-y-salud-modernizan-registro-de-agroquimicos-para-proteger-la-salud-el-ambiente-y-la-produccion-nacional\/#organizationLogo"},"sameAs":["https:\/\/www.instagram.com\/staytvcr\/"]},{"@type":"Person","@id":"https:\/\/staytv.cr\/index.php\/author\/diegostaytv\/#author","url":"https:\/\/staytv.cr\/index.php\/author\/diegostaytv\/","name":"Diego Molina","image":{"@type":"ImageObject","url":"https:\/\/secure.gravatar.com\/avatar\/7d23cb63381aa64750c7e76727c208369ebd6f2565e9dc4c62e323b1ea59af41?s=96&d=mm&r=g"}},{"@type":"WebPage","@id":"https:\/\/staytv.cr\/index.php\/2025\/05\/29\/mag-minae-y-salud-modernizan-registro-de-agroquimicos-para-proteger-la-salud-el-ambiente-y-la-produccion-nacional\/#webpage","url":"https:\/\/staytv.cr\/index.php\/2025\/05\/29\/mag-minae-y-salud-modernizan-registro-de-agroquimicos-para-proteger-la-salud-el-ambiente-y-la-produccion-nacional\/","name":"MAG, MINAE y Salud Modernizan Registro de Agroqu\u00edmicos para Proteger la Salud, el Ambiente y la Producci\u00f3n Nacional - Staytv","description":"- El Gobierno de la Rep\u00fablica moderniza el sistema de registro de agroqu\u00edmicos en el pa\u00eds, mediante una reforma al Decreto Ejecutivo N.\u00ba 43838-MAG-S-MINAE, impulsando una agricultura m\u00e1s segura y responsable. El Ministerio de Agricultura y Ganader\u00eda (MAG) lidera esta actualizaci\u00f3n junto al Ministerio de Salud (MS) y al Ministerio de Ambiente y Energ\u00eda (MINAE),","inLanguage":"es-ES","isPartOf":{"@id":"https:\/\/staytv.cr\/#website"},"breadcrumb":{"@id":"https:\/\/staytv.cr\/index.php\/2025\/05\/29\/mag-minae-y-salud-modernizan-registro-de-agroquimicos-para-proteger-la-salud-el-ambiente-y-la-produccion-nacional\/#breadcrumblist"},"author":{"@id":"https:\/\/staytv.cr\/index.php\/author\/diegostaytv\/#author"},"creator":{"@id":"https:\/\/staytv.cr\/index.php\/author\/diegostaytv\/#author"},"image":{"@type":"ImageObject","url":"https:\/\/staytv.cr\/wp-content\/uploads\/Sin-titulo-16-32.png","@id":"https:\/\/staytv.cr\/index.php\/2025\/05\/29\/mag-minae-y-salud-modernizan-registro-de-agroquimicos-para-proteger-la-salud-el-ambiente-y-la-produccion-nacional\/#mainImage","width":1280,"height":720},"primaryImageOfPage":{"@id":"https:\/\/staytv.cr\/index.php\/2025\/05\/29\/mag-minae-y-salud-modernizan-registro-de-agroquimicos-para-proteger-la-salud-el-ambiente-y-la-produccion-nacional\/#mainImage"},"datePublished":"2025-05-29T16:39:43-06:00","dateModified":"2025-05-29T16:40:55-06:00"},{"@type":"WebSite","@id":"https:\/\/staytv.cr\/#website","url":"https:\/\/staytv.cr\/","name":"Staytv","description":"Medio de comunicaci\u00f3n digital de Costa Rica.","inLanguage":"es-ES","publisher":{"@id":"https:\/\/staytv.cr\/#organization"}}]},"og:locale":"es_ES","og:site_name":"Staytv - Medio de comunicaci\u00f3n digital de Costa Rica.","og:type":"article","og:title":"MAG, MINAE y Salud Modernizan Registro de Agroqu\u00edmicos para Proteger la Salud, el Ambiente y la Producci\u00f3n Nacional - Staytv","og:description":"- El Gobierno de la Rep\u00fablica moderniza el sistema de registro de agroqu\u00edmicos en el pa\u00eds, mediante una reforma al Decreto Ejecutivo N.\u00ba 43838-MAG-S-MINAE, impulsando una agricultura m\u00e1s segura y responsable. El Ministerio de Agricultura y Ganader\u00eda (MAG) lidera esta actualizaci\u00f3n junto al Ministerio de Salud (MS) y al Ministerio de Ambiente y Energ\u00eda (MINAE),","og:url":"https:\/\/staytv.cr\/index.php\/2025\/05\/29\/mag-minae-y-salud-modernizan-registro-de-agroquimicos-para-proteger-la-salud-el-ambiente-y-la-produccion-nacional\/","og:image":"https:\/\/staytv.cr\/wp-content\/uploads\/Sin-titulo-16-32.png","og:image:secure_url":"https:\/\/staytv.cr\/wp-content\/uploads\/Sin-titulo-16-32.png","og:image:width":1280,"og:image:height":720,"article:published_time":"2025-05-29T22:39:43+00:00","article:modified_time":"2025-05-29T22:40:55+00:00","article:publisher":"https:\/\/www.facebook.com\/staytvcr","twitter:card":"summary_large_image","twitter:title":"MAG, MINAE y Salud Modernizan Registro de Agroqu\u00edmicos para Proteger la Salud, el Ambiente y la Producci\u00f3n Nacional - Staytv","twitter:description":"- El Gobierno de la Rep\u00fablica moderniza el sistema de registro de agroqu\u00edmicos en el pa\u00eds, mediante una reforma al Decreto Ejecutivo N.\u00ba 43838-MAG-S-MINAE, impulsando una agricultura m\u00e1s segura y responsable. El Ministerio de Agricultura y Ganader\u00eda (MAG) lidera esta actualizaci\u00f3n junto al Ministerio de Salud (MS) y al Ministerio de Ambiente y Energ\u00eda (MINAE),","twitter:image":"https:\/\/staytv.cr\/wp-content\/uploads\/Sin-titulo-16-32.png"},"aioseo_meta_data":[],"aioseo_breadcrumb":"<div class=\"aioseo-breadcrumbs\"><span class=\"aioseo-breadcrumb\">\n\t<a href=\"https:\/\/staytv.cr\" title=\"Home\">Home<\/a>\n<\/span><span class=\"aioseo-breadcrumb-separator\">&raquo;<\/span><span class=\"aioseo-breadcrumb\">\n\t<a href=\"https:\/\/staytv.cr\/index.php\/category\/nacional\/\" title=\"NACIONAL\">NACIONAL<\/a>\n<\/span><span class=\"aioseo-breadcrumb-separator\">&raquo;<\/span><span class=\"aioseo-breadcrumb\">\n\tMAG, MINAE y Salud Modernizan Registro de Agroqu\u00edmicos para Proteger la Salud, el Ambiente y la Producci\u00f3n Nacional\n<\/span><\/div>","aioseo_breadcrumb_json":[{"label":"Home","link":"https:\/\/staytv.cr"},{"label":"NACIONAL","link":"https:\/\/staytv.cr\/index.php\/category\/nacional\/"},{"label":"MAG, MINAE y Salud Modernizan Registro de Agroqu\u00edmicos para Proteger la Salud, el Ambiente y la Producci\u00f3n Nacional","link":"https:\/\/staytv.cr\/index.php\/2025\/05\/29\/mag-minae-y-salud-modernizan-registro-de-agroquimicos-para-proteger-la-salud-el-ambiente-y-la-produccion-nacional\/"}],"_links":{"self":[{"href":"https:\/\/staytv.cr\/index.php\/wp-json\/wp\/v2\/posts\/11482","targetHints":{"allow":["GET"]}}],"collection":[{"href":"https:\/\/staytv.cr\/index.php\/wp-json\/wp\/v2\/posts"}],"about":[{"href":"https:\/\/staytv.cr\/index.php\/wp-json\/wp\/v2\/types\/post"}],"author":[{"embeddable":true,"href":"https:\/\/staytv.cr\/index.php\/wp-json\/wp\/v2\/users\/10"}],"replies":[{"embeddable":true,"href":"https:\/\/staytv.cr\/index.php\/wp-json\/wp\/v2\/comments?post=11482"}],"version-history":[{"count":1,"href":"https:\/\/staytv.cr\/index.php\/wp-json\/wp\/v2\/posts\/11482\/revisions"}],"predecessor-version":[{"id":11483,"href":"https:\/\/staytv.cr\/index.php\/wp-json\/wp\/v2\/posts\/11482\/revisions\/11483"}],"wp:featuredmedia":[{"embeddable":true,"href":"https:\/\/staytv.cr\/index.php\/wp-json\/wp\/v2\/media\/11484"}],"wp:attachment":[{"href":"https:\/\/staytv.cr\/index.php\/wp-json\/wp\/v2\/media?parent=11482"}],"wp:term":[{"taxonomy":"category","embeddable":true,"href":"https:\/\/staytv.cr\/index.php\/wp-json\/wp\/v2\/categories?post=11482"},{"taxonomy":"post_tag","embeddable":true,"href":"https:\/\/staytv.cr\/index.php\/wp-json\/wp\/v2\/tags?post=11482"}],"curies":[{"name":"wp","href":"https:\/\/api.w.org\/{rel}","templated":true}]}}