{"id":11781,"date":"2025-06-03T15:31:00","date_gmt":"2025-06-03T21:31:00","guid":{"rendered":"https:\/\/staytv.net\/?p=11781"},"modified":"2025-08-03T00:54:03","modified_gmt":"2025-08-03T06:54:03","slug":"tragico-accidente-en-carretera-autobus-y-vehiculo-liviano-colisionan-dejando-dos-fallecidos-y-dos-heridos-criticos","status":"publish","type":"post","link":"https:\/\/staytv.cr\/index.php\/2025\/06\/03\/tragico-accidente-en-carretera-autobus-y-vehiculo-liviano-colisionan-dejando-dos-fallecidos-y-dos-heridos-criticos\/","title":{"rendered":"Tr\u00e1gico Accidente en Carretera: Autob\u00fas y Veh\u00edculo Liviano Colisionan Dejando Dos Fallecidos y Dos Heridos Cr\u00edticos"},"content":{"rendered":"<p><img decoding=\"async\" class=\"alignleft size-full wp-image-11783 lazyload\" data-src=\"https:\/\/staytv.net\/wp-content\/uploads\/Sin-titulo-13.1.jpg\" alt=\"\" width=\"1280\" height=\"720\" src=\"data:image\/svg+xml;base64,PHN2ZyB3aWR0aD0iMSIgaGVpZ2h0PSIxIiB4bWxucz0iaHR0cDovL3d3dy53My5vcmcvMjAwMC9zdmciPjwvc3ZnPg==\" style=\"--smush-placeholder-width: 1280px; --smush-placeholder-aspect-ratio: 1280\/720;\" \/>Guanacaste, Liberia, Ca\u00f1as Dulces\u2013 A la 01:50 horas, la Cruz Roja Costarricense recibi\u00f3 una alerta a trav\u00e9s de la plataforma 9-1-1 sobre un accidente de tr\u00e1nsito que involucraba un autob\u00fas a su m\u00e1xima capacidad y un veh\u00edculo liviano con cuatro ocupantes.<\/p>\n<p>M\u00faltiples ambulancias y una unidad de rescate respondieron a la emergencia. Al llegar al lugar, las unidades de la Cruz Roja confirmaron el tr\u00e1gico fallecimiento de una ni\u00f1a de 11 a\u00f1os y una mujer adulta de aproximadamente 35 a\u00f1os, quienes viajaban en el veh\u00edculo liviano.<\/p>\n<p>De este mismo autom\u00f3vil, se trasladaron dos personas adultas en condici\u00f3n cr\u00edtica al hospital de Liberia.<\/p>\n<p>En cuanto a los ocupantes del autob\u00fas, se valoraron aproximadamente 45 personas, ninguna de las cuales requiri\u00f3 traslado a un centro hospitalario.<\/p>\n<p><iframe title=\"Tr\u00e1gico Accidente en Carretera: Autob\u00fas y Veh\u00edculo Liviano Colisionan Dejando Dos Fallecidos\" width=\"1170\" height=\"658\" data-src=\"https:\/\/www.youtube.com\/embed\/pZueS8UQv0Q?feature=oembed\" frameborder=\"0\" allow=\"accelerometer; autoplay; clipboard-write; encrypted-media; gyroscope; picture-in-picture; web-share\" referrerpolicy=\"strict-origin-when-cross-origin\" allowfullscreen src=\"data:image\/svg+xml;base64,PHN2ZyB3aWR0aD0iMSIgaGVpZ2h0PSIxIiB4bWxucz0iaHR0cDovL3d3dy53My5vcmcvMjAwMC9zdmciPjwvc3ZnPg==\" class=\"lazyload\" data-load-mode=\"1\"><\/iframe><\/p>\n<p><strong>Tabla de Detalles del Accidente:<\/strong><\/p>\n<div class=\"flex flex-col\">\n<div class=\"sticky top-0 z-20 flex h-9 w-full items-center justify-between rounded-t-md bg-ds-bg-elevated px-1\"><\/div>\n<div class=\"relative overflow-hidden z-10 contain-inline-size\" dir=\"ltr\">\n<div class=\"size-full rounded-[inherit] [&amp;&gt;div]:!block [&amp;&gt;div]:!h-[inherit]\" style=\"box-sizing: border-box; border: 0px solid #e4e4e7; scrollbar-color: rgba(39, 39, 42, 0.6) #ffffff; scrollbar-width: none; scroll-behavior: smooth; --scrollbar-track: hsl(0 0% 100%); --scrollbar-thumb: rgba(39,39,42,.6); --scrollbar-track-radius: 0.5rem; --scrollbar-thumb-radius: 0.5rem; --scrollbar-corner-radius: 0.5rem; --tw-border-spacing-x: 0; --tw-border-spacing-y: 0; --tw-translate-x: 0; --tw-translate-y: 0; --tw-rotate: 0; --tw-skew-x: 0; --tw-skew-y: 0; --tw-scale-x: 1; --tw-scale-y: 1; --tw-scroll-snap-strictness: proximity; --tw-ring-offset-width: 0px; --tw-ring-offset-color: #fff; --tw-ring-color: rgba(59,130,246,.5); --tw-ring-offset-shadow: 0 0 #0000; --tw-ring-shadow: 0 0 #0000; --tw-shadow: 0 0 #0000; --tw-shadow-colored: 0 0 #0000; width: 768px; height: 401.333px; border-radius: inherit; overflow-anchor: none; overflow: scroll;\" data-radix-scroll-area-viewport=\"\">\n<div>\n<div class=\"relative w-full overflow-auto\">\n<table class=\"w-full caption-bottom text-sm my-0\">\n<thead class=\"[&amp;_tr]:border-b\">\n<tr class=\"border-b transition-colors data-[state=selected]:bg-muted hover:bg-muted\/50 duration-300\">\n<th class=\"h-10 px-2 text-left align-middle font-medium text-muted-foreground [&amp;:has([role=checkbox])]:pr-0 [&amp;&gt;[role=checkbox]]:translate-y-[2px] min-w-36 whitespace-normal pt-2 tracking-wide w-fit max-w-52\" style=\"box-sizing: border-box; border: 0px solid #e4e4e7; scrollbar-color: rgba(39, 39, 42, 0.6) #ffffff; scrollbar-width: thin; scroll-behavior: smooth; --scrollbar-track: hsl(0 0% 100%); --scrollbar-thumb: rgba(39,39,42,.6); --scrollbar-track-radius: 0.5rem; --scrollbar-thumb-radius: 0.5rem; --scrollbar-corner-radius: 0.5rem; --tw-border-spacing-x: 0; --tw-border-spacing-y: 0; --tw-translate-x: 0; --tw-translate-y: 0; --tw-rotate: 0; --tw-skew-x: 0; --tw-skew-y: 0; --tw-scale-x: 1; --tw-scale-y: 1; --tw-scroll-snap-strictness: proximity; --tw-ring-offset-width: 0px; --tw-ring-offset-color: #fff; --tw-ring-color: rgba(59,130,246,.5); --tw-ring-offset-shadow: 0 0 #0000; --tw-ring-shadow: 0 0 #0000; --tw-shadow: 0 0 #0000; --tw-shadow-colored: 0 0 #0000; color: #71717a; font-weight: 500; vertical-align: middle; text-align: left; height: 2.5rem; width: fit-content; min-width: 9rem; max-width: 13rem; white-space: normal; padding: 0.5rem 0.5rem 0.571429em; letter-spacing: 0.025em; padding-inline: 0px 0.571429em; overflow-anchor: none;\">Detalle<\/th>\n<th class=\"h-10 px-2 text-left align-middle font-medium text-muted-foreground [&amp;:has([role=checkbox])]:pr-0 [&amp;&gt;[role=checkbox]]:translate-y-[2px] min-w-36 whitespace-normal pt-2 tracking-wide w-fit max-w-52\" style=\"box-sizing: border-box; border: 0px solid #e4e4e7; scrollbar-color: rgba(39, 39, 42, 0.6) #ffffff; scrollbar-width: thin; scroll-behavior: smooth; --scrollbar-track: hsl(0 0% 100%); --scrollbar-thumb: rgba(39,39,42,.6); --scrollbar-track-radius: 0.5rem; --scrollbar-thumb-radius: 0.5rem; --scrollbar-corner-radius: 0.5rem; --tw-border-spacing-x: 0; --tw-border-spacing-y: 0; --tw-translate-x: 0; --tw-translate-y: 0; --tw-rotate: 0; --tw-skew-x: 0; --tw-skew-y: 0; --tw-scale-x: 1; --tw-scale-y: 1; --tw-scroll-snap-strictness: proximity; --tw-ring-offset-width: 0px; --tw-ring-offset-color: #fff; --tw-ring-color: rgba(59,130,246,.5); --tw-ring-offset-shadow: 0 0 #0000; --tw-ring-shadow: 0 0 #0000; --tw-shadow: 0 0 #0000; --tw-shadow-colored: 0 0 #0000; color: #71717a; font-weight: 500; vertical-align: middle; text-align: left; height: 2.5rem; width: fit-content; min-width: 9rem; max-width: 13rem; white-space: normal; padding: 0.5rem 0.5rem 0.571429em; letter-spacing: 0.025em; padding-inline: 0.571429em 0px; overflow-anchor: none;\">Descripci\u00f3n<\/th>\n<\/tr>\n<\/thead>\n<tbody class=\"[&amp;_tr:last-child]:border-0\">\n<tr class=\"border-b transition-colors data-[state=selected]:bg-muted hover:bg-muted\/50 duration-300\">\n<td class=\"p-2 align-middle [&amp;:has([role=checkbox])]:pr-0 [&amp;&gt;[role=checkbox]]:translate-y-[2px]\" style=\"box-sizing: border-box; border: 0px solid #e4e4e7; scrollbar-color: rgba(39, 39, 42, 0.6) #ffffff; scrollbar-width: thin; scroll-behavior: smooth; --scrollbar-track: hsl(0 0% 100%); --scrollbar-thumb: rgba(39,39,42,.6); --scrollbar-track-radius: 0.5rem; --scrollbar-thumb-radius: 0.5rem; --scrollbar-corner-radius: 0.5rem; --tw-border-spacing-x: 0; --tw-border-spacing-y: 0; --tw-translate-x: 0; --tw-translate-y: 0; --tw-rotate: 0; --tw-skew-x: 0; --tw-skew-y: 0; --tw-scale-x: 1; --tw-scale-y: 1; --tw-scroll-snap-strictness: proximity; --tw-ring-offset-width: 0px; --tw-ring-offset-color: #fff; --tw-ring-color: rgba(59,130,246,.5); --tw-ring-offset-shadow: 0 0 #0000; --tw-ring-shadow: 0 0 #0000; --tw-shadow: 0 0 #0000; --tw-shadow-colored: 0 0 #0000; vertical-align: middle; text-align: left; padding: 0.571429em 0.5rem; padding-inline: 0px 0.571429em; overflow-anchor: none;\">Hora del Incidente<\/td>\n<td class=\"p-2 align-middle [&amp;:has([role=checkbox])]:pr-0 [&amp;&gt;[role=checkbox]]:translate-y-[2px]\" style=\"box-sizing: border-box; border: 0px solid #e4e4e7; scrollbar-color: rgba(39, 39, 42, 0.6) #ffffff; scrollbar-width: thin; scroll-behavior: smooth; --scrollbar-track: hsl(0 0% 100%); --scrollbar-thumb: rgba(39,39,42,.6); --scrollbar-track-radius: 0.5rem; --scrollbar-thumb-radius: 0.5rem; --scrollbar-corner-radius: 0.5rem; --tw-border-spacing-x: 0; --tw-border-spacing-y: 0; --tw-translate-x: 0; --tw-translate-y: 0; --tw-rotate: 0; --tw-skew-x: 0; --tw-skew-y: 0; --tw-scale-x: 1; --tw-scale-y: 1; --tw-scroll-snap-strictness: proximity; --tw-ring-offset-width: 0px; --tw-ring-offset-color: #fff; --tw-ring-color: rgba(59,130,246,.5); --tw-ring-offset-shadow: 0 0 #0000; --tw-ring-shadow: 0 0 #0000; --tw-shadow: 0 0 #0000; --tw-shadow-colored: 0 0 #0000; vertical-align: middle; text-align: left; padding: 0.571429em 0.5rem; padding-inline: 0.571429em 0px; overflow-anchor: none;\">01:50 horas<\/td>\n<\/tr>\n<tr class=\"border-b transition-colors data-[state=selected]:bg-muted hover:bg-muted\/50 duration-300\">\n<td class=\"p-2 align-middle [&amp;:has([role=checkbox])]:pr-0 [&amp;&gt;[role=checkbox]]:translate-y-[2px]\" style=\"box-sizing: border-box; border: 0px solid #e4e4e7; scrollbar-color: rgba(39, 39, 42, 0.6) #ffffff; scrollbar-width: thin; scroll-behavior: smooth; --scrollbar-track: hsl(0 0% 100%); --scrollbar-thumb: rgba(39,39,42,.6); --scrollbar-track-radius: 0.5rem; --scrollbar-thumb-radius: 0.5rem; --scrollbar-corner-radius: 0.5rem; --tw-border-spacing-x: 0; --tw-border-spacing-y: 0; --tw-translate-x: 0; --tw-translate-y: 0; --tw-rotate: 0; --tw-skew-x: 0; --tw-skew-y: 0; --tw-scale-x: 1; --tw-scale-y: 1; --tw-scroll-snap-strictness: proximity; --tw-ring-offset-width: 0px; --tw-ring-offset-color: #fff; --tw-ring-color: rgba(59,130,246,.5); --tw-ring-offset-shadow: 0 0 #0000; --tw-ring-shadow: 0 0 #0000; --tw-shadow: 0 0 #0000; --tw-shadow-colored: 0 0 #0000; vertical-align: middle; text-align: left; padding: 0.571429em 0.5rem; padding-inline: 0px 0.571429em; overflow-anchor: none;\">Naturaleza del Incidente<\/td>\n<td class=\"p-2 align-middle [&amp;:has([role=checkbox])]:pr-0 [&amp;&gt;[role=checkbox]]:translate-y-[2px]\" style=\"box-sizing: border-box; border: 0px solid #e4e4e7; scrollbar-color: rgba(39, 39, 42, 0.6) #ffffff; scrollbar-width: thin; scroll-behavior: smooth; --scrollbar-track: hsl(0 0% 100%); --scrollbar-thumb: rgba(39,39,42,.6); --scrollbar-track-radius: 0.5rem; --scrollbar-thumb-radius: 0.5rem; --scrollbar-corner-radius: 0.5rem; --tw-border-spacing-x: 0; --tw-border-spacing-y: 0; --tw-translate-x: 0; --tw-translate-y: 0; --tw-rotate: 0; --tw-skew-x: 0; --tw-skew-y: 0; --tw-scale-x: 1; --tw-scale-y: 1; --tw-scroll-snap-strictness: proximity; --tw-ring-offset-width: 0px; --tw-ring-offset-color: #fff; --tw-ring-color: rgba(59,130,246,.5); --tw-ring-offset-shadow: 0 0 #0000; --tw-ring-shadow: 0 0 #0000; --tw-shadow: 0 0 #0000; --tw-shadow-colored: 0 0 #0000; vertical-align: middle; text-align: left; padding: 0.571429em 0.5rem; padding-inline: 0.571429em 0px; overflow-anchor: none;\">Accidente de tr\u00e1nsito (colisi\u00f3n entre autob\u00fas y veh\u00edculo liviano)<\/td>\n<\/tr>\n<tr class=\"border-b transition-colors data-[state=selected]:bg-muted hover:bg-muted\/50 duration-300\">\n<td class=\"p-2 align-middle [&amp;:has([role=checkbox])]:pr-0 [&amp;&gt;[role=checkbox]]:translate-y-[2px]\" style=\"box-sizing: border-box; border: 0px solid #e4e4e7; scrollbar-color: rgba(39, 39, 42, 0.6) #ffffff; scrollbar-width: thin; scroll-behavior: smooth; --scrollbar-track: hsl(0 0% 100%); --scrollbar-thumb: rgba(39,39,42,.6); --scrollbar-track-radius: 0.5rem; --scrollbar-thumb-radius: 0.5rem; --scrollbar-corner-radius: 0.5rem; --tw-border-spacing-x: 0; --tw-border-spacing-y: 0; --tw-translate-x: 0; --tw-translate-y: 0; --tw-rotate: 0; --tw-skew-x: 0; --tw-skew-y: 0; --tw-scale-x: 1; --tw-scale-y: 1; --tw-scroll-snap-strictness: proximity; --tw-ring-offset-width: 0px; --tw-ring-offset-color: #fff; --tw-ring-color: rgba(59,130,246,.5); --tw-ring-offset-shadow: 0 0 #0000; --tw-ring-shadow: 0 0 #0000; --tw-shadow: 0 0 #0000; --tw-shadow-colored: 0 0 #0000; vertical-align: middle; text-align: left; padding: 0.571429em 0.5rem; padding-inline: 0px 0.571429em; overflow-anchor: none;\">Veh\u00edculos Involucrados<\/td>\n<td class=\"p-2 align-middle [&amp;:has([role=checkbox])]:pr-0 [&amp;&gt;[role=checkbox]]:translate-y-[2px]\" style=\"box-sizing: border-box; border: 0px solid #e4e4e7; scrollbar-color: rgba(39, 39, 42, 0.6) #ffffff; scrollbar-width: thin; scroll-behavior: smooth; --scrollbar-track: hsl(0 0% 100%); --scrollbar-thumb: rgba(39,39,42,.6); --scrollbar-track-radius: 0.5rem; --scrollbar-thumb-radius: 0.5rem; --scrollbar-corner-radius: 0.5rem; --tw-border-spacing-x: 0; --tw-border-spacing-y: 0; --tw-translate-x: 0; --tw-translate-y: 0; --tw-rotate: 0; --tw-skew-x: 0; --tw-skew-y: 0; --tw-scale-x: 1; --tw-scale-y: 1; --tw-scroll-snap-strictness: proximity; --tw-ring-offset-width: 0px; --tw-ring-offset-color: #fff; --tw-ring-color: rgba(59,130,246,.5); --tw-ring-offset-shadow: 0 0 #0000; --tw-ring-shadow: 0 0 #0000; --tw-shadow: 0 0 #0000; --tw-shadow-colored: 0 0 #0000; vertical-align: middle; text-align: left; padding: 0.571429em 0.5rem; padding-inline: 0.571429em 0px; overflow-anchor: none;\">Autob\u00fas (a m\u00e1xima capacidad), Veh\u00edculo liviano (con 4 ocupantes)<\/td>\n<\/tr>\n<tr class=\"border-b transition-colors data-[state=selected]:bg-muted hover:bg-muted\/50 duration-300\">\n<td class=\"p-2 align-middle [&amp;:has([role=checkbox])]:pr-0 [&amp;&gt;[role=checkbox]]:translate-y-[2px]\" style=\"box-sizing: border-box; border: 0px solid #e4e4e7; scrollbar-color: rgba(39, 39, 42, 0.6) #ffffff; scrollbar-width: thin; scroll-behavior: smooth; --scrollbar-track: hsl(0 0% 100%); --scrollbar-thumb: rgba(39,39,42,.6); --scrollbar-track-radius: 0.5rem; --scrollbar-thumb-radius: 0.5rem; --scrollbar-corner-radius: 0.5rem; --tw-border-spacing-x: 0; --tw-border-spacing-y: 0; --tw-translate-x: 0; --tw-translate-y: 0; --tw-rotate: 0; --tw-skew-x: 0; --tw-skew-y: 0; --tw-scale-x: 1; --tw-scale-y: 1; --tw-scroll-snap-strictness: proximity; --tw-ring-offset-width: 0px; --tw-ring-offset-color: #fff; --tw-ring-color: rgba(59,130,246,.5); --tw-ring-offset-shadow: 0 0 #0000; --tw-ring-shadow: 0 0 #0000; --tw-shadow: 0 0 #0000; --tw-shadow-colored: 0 0 #0000; vertical-align: middle; text-align: left; padding: 0.571429em 0.5rem; padding-inline: 0px 0.571429em; overflow-anchor: none;\">Respuesta de Emergencia<\/td>\n<td class=\"p-2 align-middle [&amp;:has([role=checkbox])]:pr-0 [&amp;&gt;[role=checkbox]]:translate-y-[2px]\" style=\"box-sizing: border-box; border: 0px solid #e4e4e7; scrollbar-color: rgba(39, 39, 42, 0.6) #ffffff; scrollbar-width: thin; scroll-behavior: smooth; --scrollbar-track: hsl(0 0% 100%); --scrollbar-thumb: rgba(39,39,42,.6); --scrollbar-track-radius: 0.5rem; --scrollbar-thumb-radius: 0.5rem; --scrollbar-corner-radius: 0.5rem; --tw-border-spacing-x: 0; --tw-border-spacing-y: 0; --tw-translate-x: 0; --tw-translate-y: 0; --tw-rotate: 0; --tw-skew-x: 0; --tw-skew-y: 0; --tw-scale-x: 1; --tw-scale-y: 1; --tw-scroll-snap-strictness: proximity; --tw-ring-offset-width: 0px; --tw-ring-offset-color: #fff; --tw-ring-color: rgba(59,130,246,.5); --tw-ring-offset-shadow: 0 0 #0000; --tw-ring-shadow: 0 0 #0000; --tw-shadow: 0 0 #0000; --tw-shadow-colored: 0 0 #0000; vertical-align: middle; text-align: left; padding: 0.571429em 0.5rem; padding-inline: 0.571429em 0px; overflow-anchor: none;\">M\u00faltiples ambulancias y una unidad de rescate de la Cruz Roja Costarricense<\/td>\n<\/tr>\n<tr class=\"border-b transition-colors data-[state=selected]:bg-muted hover:bg-muted\/50 duration-300\">\n<td class=\"p-2 align-middle [&amp;:has([role=checkbox])]:pr-0 [&amp;&gt;[role=checkbox]]:translate-y-[2px]\" style=\"box-sizing: border-box; border: 0px solid #e4e4e7; scrollbar-color: rgba(39, 39, 42, 0.6) #ffffff; scrollbar-width: thin; scroll-behavior: smooth; --scrollbar-track: hsl(0 0% 100%); --scrollbar-thumb: rgba(39,39,42,.6); --scrollbar-track-radius: 0.5rem; --scrollbar-thumb-radius: 0.5rem; --scrollbar-corner-radius: 0.5rem; --tw-border-spacing-x: 0; --tw-border-spacing-y: 0; --tw-translate-x: 0; --tw-translate-y: 0; --tw-rotate: 0; --tw-skew-x: 0; --tw-skew-y: 0; --tw-scale-x: 1; --tw-scale-y: 1; --tw-scroll-snap-strictness: proximity; --tw-ring-offset-width: 0px; --tw-ring-offset-color: #fff; --tw-ring-color: rgba(59,130,246,.5); --tw-ring-offset-shadow: 0 0 #0000; --tw-ring-shadow: 0 0 #0000; --tw-shadow: 0 0 #0000; --tw-shadow-colored: 0 0 #0000; vertical-align: middle; text-align: left; padding: 0.571429em 0.5rem; padding-inline: 0px 0.571429em; overflow-anchor: none;\">Fallecidos<\/td>\n<td class=\"p-2 align-middle [&amp;:has([role=checkbox])]:pr-0 [&amp;&gt;[role=checkbox]]:translate-y-[2px]\" style=\"box-sizing: border-box; border: 0px solid #e4e4e7; scrollbar-color: rgba(39, 39, 42, 0.6) #ffffff; scrollbar-width: thin; scroll-behavior: smooth; --scrollbar-track: hsl(0 0% 100%); --scrollbar-thumb: rgba(39,39,42,.6); --scrollbar-track-radius: 0.5rem; --scrollbar-thumb-radius: 0.5rem; --scrollbar-corner-radius: 0.5rem; --tw-border-spacing-x: 0; --tw-border-spacing-y: 0; --tw-translate-x: 0; --tw-translate-y: 0; --tw-rotate: 0; --tw-skew-x: 0; --tw-skew-y: 0; --tw-scale-x: 1; --tw-scale-y: 1; --tw-scroll-snap-strictness: proximity; --tw-ring-offset-width: 0px; --tw-ring-offset-color: #fff; --tw-ring-color: rgba(59,130,246,.5); --tw-ring-offset-shadow: 0 0 #0000; --tw-ring-shadow: 0 0 #0000; --tw-shadow: 0 0 #0000; --tw-shadow-colored: 0 0 #0000; vertical-align: middle; text-align: left; padding: 0.571429em 0.5rem; padding-inline: 0.571429em 0px; overflow-anchor: none;\">Ni\u00f1a de 11 a\u00f1os (ocupante del veh\u00edculo liviano), Mujer adulta de aprox. 35 a\u00f1os (ocupante del veh\u00edculo liviano)<\/td>\n<\/tr>\n<tr class=\"border-b transition-colors data-[state=selected]:bg-muted hover:bg-muted\/50 duration-300\">\n<td class=\"p-2 align-middle [&amp;:has([role=checkbox])]:pr-0 [&amp;&gt;[role=checkbox]]:translate-y-[2px]\" style=\"box-sizing: border-box; border: 0px solid #e4e4e7; scrollbar-color: rgba(39, 39, 42, 0.6) #ffffff; scrollbar-width: thin; scroll-behavior: smooth; --scrollbar-track: hsl(0 0% 100%); --scrollbar-thumb: rgba(39,39,42,.6); --scrollbar-track-radius: 0.5rem; --scrollbar-thumb-radius: 0.5rem; --scrollbar-corner-radius: 0.5rem; --tw-border-spacing-x: 0; --tw-border-spacing-y: 0; --tw-translate-x: 0; --tw-translate-y: 0; --tw-rotate: 0; --tw-skew-x: 0; --tw-skew-y: 0; --tw-scale-x: 1; --tw-scale-y: 1; --tw-scroll-snap-strictness: proximity; --tw-ring-offset-width: 0px; --tw-ring-offset-color: #fff; --tw-ring-color: rgba(59,130,246,.5); --tw-ring-offset-shadow: 0 0 #0000; --tw-ring-shadow: 0 0 #0000; --tw-shadow: 0 0 #0000; --tw-shadow-colored: 0 0 #0000; vertical-align: middle; text-align: left; padding: 0.571429em 0.5rem; padding-inline: 0px 0.571429em; overflow-anchor: none;\">Heridos Cr\u00edticos<\/td>\n<td class=\"p-2 align-middle [&amp;:has([role=checkbox])]:pr-0 [&amp;&gt;[role=checkbox]]:translate-y-[2px]\" style=\"box-sizing: border-box; border: 0px solid #e4e4e7; scrollbar-color: rgba(39, 39, 42, 0.6) #ffffff; scrollbar-width: thin; scroll-behavior: smooth; --scrollbar-track: hsl(0 0% 100%); --scrollbar-thumb: rgba(39,39,42,.6); --scrollbar-track-radius: 0.5rem; --scrollbar-thumb-radius: 0.5rem; --scrollbar-corner-radius: 0.5rem; --tw-border-spacing-x: 0; --tw-border-spacing-y: 0; --tw-translate-x: 0; --tw-translate-y: 0; --tw-rotate: 0; --tw-skew-x: 0; --tw-skew-y: 0; --tw-scale-x: 1; --tw-scale-y: 1; --tw-scroll-snap-strictness: proximity; --tw-ring-offset-width: 0px; --tw-ring-offset-color: #fff; --tw-ring-color: rgba(59,130,246,.5); --tw-ring-offset-shadow: 0 0 #0000; --tw-ring-shadow: 0 0 #0000; --tw-shadow: 0 0 #0000; --tw-shadow-colored: 0 0 #0000; vertical-align: middle; text-align: left; padding: 0.571429em 0.5rem; padding-inline: 0.571429em 0px; overflow-anchor: none;\">Dos adultos (ocupantes del veh\u00edculo liviano) trasladados al hospital de Liberia<\/td>\n<\/tr>\n<tr class=\"border-b transition-colors data-[state=selected]:bg-muted hover:bg-muted\/50 duration-300\">\n<td class=\"p-2 align-middle [&amp;:has([role=checkbox])]:pr-0 [&amp;&gt;[role=checkbox]]:translate-y-[2px]\" style=\"box-sizing: border-box; border: 0px solid #e4e4e7; scrollbar-color: rgba(39, 39, 42, 0.6) #ffffff; scrollbar-width: thin; scroll-behavior: smooth; --scrollbar-track: hsl(0 0% 100%); --scrollbar-thumb: rgba(39,39,42,.6); --scrollbar-track-radius: 0.5rem; --scrollbar-thumb-radius: 0.5rem; --scrollbar-corner-radius: 0.5rem; --tw-border-spacing-x: 0; --tw-border-spacing-y: 0; --tw-translate-x: 0; --tw-translate-y: 0; --tw-rotate: 0; --tw-skew-x: 0; --tw-skew-y: 0; --tw-scale-x: 1; --tw-scale-y: 1; --tw-scroll-snap-strictness: proximity; --tw-ring-offset-width: 0px; --tw-ring-offset-color: #fff; --tw-ring-color: rgba(59,130,246,.5); --tw-ring-offset-shadow: 0 0 #0000; --tw-ring-shadow: 0 0 #0000; --tw-shadow: 0 0 #0000; --tw-shadow-colored: 0 0 #0000; vertical-align: middle; text-align: left; padding: 0.571429em 0.5rem; padding-inline: 0px 0.571429em; overflow-anchor: none;\">Ocupantes del Autob\u00fas<\/td>\n<td class=\"p-2 align-middle [&amp;:has([role=checkbox])]:pr-0 [&amp;&gt;[role=checkbox]]:translate-y-[2px]\" style=\"box-sizing: border-box; border: 0px solid #e4e4e7; scrollbar-color: rgba(39, 39, 42, 0.6) #ffffff; scrollbar-width: thin; scroll-behavior: smooth; --scrollbar-track: hsl(0 0% 100%); --scrollbar-thumb: rgba(39,39,42,.6); --scrollbar-track-radius: 0.5rem; --scrollbar-thumb-radius: 0.5rem; --scrollbar-corner-radius: 0.5rem; --tw-border-spacing-x: 0; --tw-border-spacing-y: 0; --tw-translate-x: 0; --tw-translate-y: 0; --tw-rotate: 0; --tw-skew-x: 0; --tw-skew-y: 0; --tw-scale-x: 1; --tw-scale-y: 1; --tw-scroll-snap-strictness: proximity; --tw-ring-offset-width: 0px; --tw-ring-offset-color: #fff; --tw-ring-color: rgba(59,130,246,.5); --tw-ring-offset-shadow: 0 0 #0000; --tw-ring-shadow: 0 0 #0000; --tw-shadow: 0 0 #0000; --tw-shadow-colored: 0 0 #0000; vertical-align: middle; text-align: left; padding: 0.571429em 0.5rem; padding-inline: 0.571429em 0px; overflow-anchor: none;\">Aprox. 45 personas valoradas en el lugar, sin necesidad de traslado a un centro hospitalario<\/td>\n<\/tr>\n<\/tbody>\n<\/table>\n<\/div>\n<\/div>\n<\/div>\n<\/div>\n<\/div>\n<p>Las autoridades competentes han iniciado la investigaci\u00f3n para determinar las causas exactas de este lamentable suceso.<\/p>\n","protected":false},"excerpt":{"rendered":"<p>Guanacaste, Liberia, Ca\u00f1as Dulces\u2013 A la 01:50 horas, la Cruz Roja Costarricense recibi\u00f3 una alerta a trav\u00e9s de la plataforma 9-1-1 sobre un accidente de tr\u00e1nsito que involucraba un autob\u00fas a su m\u00e1xima capacidad y un veh\u00edculo liviano con cuatro ocupantes. M\u00faltiples ambulancias y una unidad de rescate respondieron a la emergencia. Al llegar al [&hellip;]<\/p>\n","protected":false},"author":10,"featured_media":11782,"comment_status":"closed","ping_status":"open","sticky":false,"template":"","format":"standard","meta":{"episode_type":"","audio_file":"","podmotor_file_id":"","podmotor_episode_id":"","cover_image":"","cover_image_id":"","duration":"","filesize":"","filesize_raw":"","date_recorded":"","explicit":"","block":"","itunes_episode_number":"","itunes_title":"","itunes_season_number":"","itunes_episode_type":"","footnotes":""},"categories":[1],"tags":[],"class_list":{"0":"post-11781","1":"post","2":"type-post","3":"status-publish","4":"format-standard","5":"has-post-thumbnail","7":"category-sucesos"},"aioseo_notices":[],"aioseo_head":"\n\t\t<!-- All in One SEO Pro 4.8.3.2 - aioseo.com -->\n\t<meta name=\"description\" content=\"Guanacaste, Liberia, Ca\u00f1as Dulces\u2013 A la 01:50 horas, la Cruz Roja Costarricense recibi\u00f3 una alerta a trav\u00e9s de la plataforma 9-1-1 sobre un accidente de tr\u00e1nsito que involucraba un autob\u00fas a su m\u00e1xima capacidad y un veh\u00edculo liviano con cuatro ocupantes. M\u00faltiples ambulancias y una unidad de rescate respondieron a la emergencia. Al llegar al\" \/>\n\t<meta name=\"robots\" content=\"max-image-preview:large\" \/>\n\t<meta name=\"author\" content=\"Diego Molina\"\/>\n\t<link rel=\"canonical\" href=\"https:\/\/staytv.cr\/index.php\/2025\/06\/03\/tragico-accidente-en-carretera-autobus-y-vehiculo-liviano-colisionan-dejando-dos-fallecidos-y-dos-heridos-criticos\/\" \/>\n\t<meta name=\"generator\" content=\"All in One SEO Pro (AIOSEO) 4.8.3.2\" \/>\n\t\t<meta property=\"og:locale\" content=\"es_ES\" \/>\n\t\t<meta property=\"og:site_name\" content=\"Staytv - Medio de comunicaci\u00f3n digital de Costa Rica.\" \/>\n\t\t<meta property=\"og:type\" content=\"article\" \/>\n\t\t<meta property=\"og:title\" content=\"Tr\u00e1gico Accidente en Carretera: Autob\u00fas y Veh\u00edculo Liviano Colisionan Dejando Dos Fallecidos y Dos Heridos Cr\u00edticos - Staytv\" \/>\n\t\t<meta property=\"og:description\" content=\"Guanacaste, Liberia, Ca\u00f1as Dulces\u2013 A la 01:50 horas, la Cruz Roja Costarricense recibi\u00f3 una alerta a trav\u00e9s de la plataforma 9-1-1 sobre un accidente de tr\u00e1nsito que involucraba un autob\u00fas a su m\u00e1xima capacidad y un veh\u00edculo liviano con cuatro ocupantes. M\u00faltiples ambulancias y una unidad de rescate respondieron a la emergencia. Al llegar al\" \/>\n\t\t<meta property=\"og:url\" content=\"https:\/\/staytv.cr\/index.php\/2025\/06\/03\/tragico-accidente-en-carretera-autobus-y-vehiculo-liviano-colisionan-dejando-dos-fallecidos-y-dos-heridos-criticos\/\" \/>\n\t\t<meta property=\"og:image\" content=\"https:\/\/staytv.cr\/wp-content\/uploads\/Sin-titulo-13.jpg\" \/>\n\t\t<meta property=\"og:image:secure_url\" content=\"https:\/\/staytv.cr\/wp-content\/uploads\/Sin-titulo-13.jpg\" \/>\n\t\t<meta property=\"og:image:width\" content=\"1280\" \/>\n\t\t<meta property=\"og:image:height\" content=\"720\" \/>\n\t\t<meta property=\"article:published_time\" content=\"2025-06-03T21:31:00+00:00\" \/>\n\t\t<meta property=\"article:modified_time\" content=\"2025-08-03T06:54:03+00:00\" \/>\n\t\t<meta property=\"article:publisher\" content=\"https:\/\/www.facebook.com\/staytvcr\" \/>\n\t\t<meta name=\"twitter:card\" content=\"summary_large_image\" \/>\n\t\t<meta name=\"twitter:title\" content=\"Tr\u00e1gico Accidente en Carretera: Autob\u00fas y Veh\u00edculo Liviano Colisionan Dejando Dos Fallecidos y Dos Heridos Cr\u00edticos - Staytv\" \/>\n\t\t<meta name=\"twitter:description\" content=\"Guanacaste, Liberia, Ca\u00f1as Dulces\u2013 A la 01:50 horas, la Cruz Roja Costarricense recibi\u00f3 una alerta a trav\u00e9s de la plataforma 9-1-1 sobre un accidente de tr\u00e1nsito que involucraba un autob\u00fas a su m\u00e1xima capacidad y un veh\u00edculo liviano con cuatro ocupantes. M\u00faltiples ambulancias y una unidad de rescate respondieron a la emergencia. Al llegar al\" \/>\n\t\t<meta name=\"twitter:image\" content=\"https:\/\/staytv.cr\/wp-content\/uploads\/Sin-titulo-13.jpg\" \/>\n\t\t<script type=\"application\/ld+json\" class=\"aioseo-schema\">\n\t\t\t{\"@context\":\"https:\\\/\\\/schema.org\",\"@graph\":[{\"@type\":\"BreadcrumbList\",\"@id\":\"https:\\\/\\\/staytv.cr\\\/index.php\\\/2025\\\/06\\\/03\\\/tragico-accidente-en-carretera-autobus-y-vehiculo-liviano-colisionan-dejando-dos-fallecidos-y-dos-heridos-criticos\\\/#breadcrumblist\",\"itemListElement\":[{\"@type\":\"ListItem\",\"@id\":\"https:\\\/\\\/staytv.cr#listItem\",\"position\":1,\"name\":\"Home\",\"item\":\"https:\\\/\\\/staytv.cr\",\"nextItem\":{\"@type\":\"ListItem\",\"@id\":\"https:\\\/\\\/staytv.cr\\\/index.php\\\/category\\\/sucesos\\\/#listItem\",\"name\":\"SUCESOS\"}},{\"@type\":\"ListItem\",\"@id\":\"https:\\\/\\\/staytv.cr\\\/index.php\\\/category\\\/sucesos\\\/#listItem\",\"position\":2,\"name\":\"SUCESOS\",\"item\":\"https:\\\/\\\/staytv.cr\\\/index.php\\\/category\\\/sucesos\\\/\",\"nextItem\":{\"@type\":\"ListItem\",\"@id\":\"https:\\\/\\\/staytv.cr\\\/index.php\\\/2025\\\/06\\\/03\\\/tragico-accidente-en-carretera-autobus-y-vehiculo-liviano-colisionan-dejando-dos-fallecidos-y-dos-heridos-criticos\\\/#listItem\",\"name\":\"Tr\\u00e1gico Accidente en Carretera: Autob\\u00fas y Veh\\u00edculo Liviano Colisionan Dejando Dos Fallecidos y Dos Heridos Cr\\u00edticos\"},\"previousItem\":{\"@type\":\"ListItem\",\"@id\":\"https:\\\/\\\/staytv.cr#listItem\",\"name\":\"Home\"}},{\"@type\":\"ListItem\",\"@id\":\"https:\\\/\\\/staytv.cr\\\/index.php\\\/2025\\\/06\\\/03\\\/tragico-accidente-en-carretera-autobus-y-vehiculo-liviano-colisionan-dejando-dos-fallecidos-y-dos-heridos-criticos\\\/#listItem\",\"position\":3,\"name\":\"Tr\\u00e1gico Accidente en Carretera: Autob\\u00fas y Veh\\u00edculo Liviano Colisionan Dejando Dos Fallecidos y Dos Heridos Cr\\u00edticos\",\"previousItem\":{\"@type\":\"ListItem\",\"@id\":\"https:\\\/\\\/staytv.cr\\\/index.php\\\/category\\\/sucesos\\\/#listItem\",\"name\":\"SUCESOS\"}}]},{\"@type\":\"Organization\",\"@id\":\"https:\\\/\\\/staytv.cr\\\/#organization\",\"name\":\"Stay TV\",\"description\":\"Stay TV es un medio digital de noticias con base en Centroam\\u00e9rica, con cobertura local e internacional desde una mirada asi\\u00e1tica.\",\"url\":\"https:\\\/\\\/staytv.cr\\\/\",\"logo\":{\"@type\":\"ImageObject\",\"url\":\"https:\\\/\\\/staytv.cr\\\/wp-content\\\/uploads\\\/cropped-StayTV_logo_oficial_simple.png\",\"@id\":\"https:\\\/\\\/staytv.cr\\\/index.php\\\/2025\\\/06\\\/03\\\/tragico-accidente-en-carretera-autobus-y-vehiculo-liviano-colisionan-dejando-dos-fallecidos-y-dos-heridos-criticos\\\/#organizationLogo\",\"width\":2560,\"height\":769},\"image\":{\"@id\":\"https:\\\/\\\/staytv.cr\\\/index.php\\\/2025\\\/06\\\/03\\\/tragico-accidente-en-carretera-autobus-y-vehiculo-liviano-colisionan-dejando-dos-fallecidos-y-dos-heridos-criticos\\\/#organizationLogo\"},\"sameAs\":[\"https:\\\/\\\/www.instagram.com\\\/staytvcr\\\/\"]},{\"@type\":\"Person\",\"@id\":\"https:\\\/\\\/staytv.cr\\\/index.php\\\/author\\\/diegostaytv\\\/#author\",\"url\":\"https:\\\/\\\/staytv.cr\\\/index.php\\\/author\\\/diegostaytv\\\/\",\"name\":\"Diego Molina\",\"image\":{\"@type\":\"ImageObject\",\"url\":\"https:\\\/\\\/secure.gravatar.com\\\/avatar\\\/7d23cb63381aa64750c7e76727c208369ebd6f2565e9dc4c62e323b1ea59af41?s=96&d=mm&r=g\"}},{\"@type\":\"WebPage\",\"@id\":\"https:\\\/\\\/staytv.cr\\\/index.php\\\/2025\\\/06\\\/03\\\/tragico-accidente-en-carretera-autobus-y-vehiculo-liviano-colisionan-dejando-dos-fallecidos-y-dos-heridos-criticos\\\/#webpage\",\"url\":\"https:\\\/\\\/staytv.cr\\\/index.php\\\/2025\\\/06\\\/03\\\/tragico-accidente-en-carretera-autobus-y-vehiculo-liviano-colisionan-dejando-dos-fallecidos-y-dos-heridos-criticos\\\/\",\"name\":\"Tr\\u00e1gico Accidente en Carretera: Autob\\u00fas y Veh\\u00edculo Liviano Colisionan Dejando Dos Fallecidos y Dos Heridos Cr\\u00edticos - Staytv\",\"description\":\"Guanacaste, Liberia, Ca\\u00f1as Dulces\\u2013 A la 01:50 horas, la Cruz Roja Costarricense recibi\\u00f3 una alerta a trav\\u00e9s de la plataforma 9-1-1 sobre un accidente de tr\\u00e1nsito que involucraba un autob\\u00fas a su m\\u00e1xima capacidad y un veh\\u00edculo liviano con cuatro ocupantes. M\\u00faltiples ambulancias y una unidad de rescate respondieron a la emergencia. Al llegar al\",\"inLanguage\":\"es-ES\",\"isPartOf\":{\"@id\":\"https:\\\/\\\/staytv.cr\\\/#website\"},\"breadcrumb\":{\"@id\":\"https:\\\/\\\/staytv.cr\\\/index.php\\\/2025\\\/06\\\/03\\\/tragico-accidente-en-carretera-autobus-y-vehiculo-liviano-colisionan-dejando-dos-fallecidos-y-dos-heridos-criticos\\\/#breadcrumblist\"},\"author\":{\"@id\":\"https:\\\/\\\/staytv.cr\\\/index.php\\\/author\\\/diegostaytv\\\/#author\"},\"creator\":{\"@id\":\"https:\\\/\\\/staytv.cr\\\/index.php\\\/author\\\/diegostaytv\\\/#author\"},\"image\":{\"@type\":\"ImageObject\",\"url\":\"https:\\\/\\\/staytv.cr\\\/wp-content\\\/uploads\\\/Sin-titulo-13.jpg\",\"@id\":\"https:\\\/\\\/staytv.cr\\\/index.php\\\/2025\\\/06\\\/03\\\/tragico-accidente-en-carretera-autobus-y-vehiculo-liviano-colisionan-dejando-dos-fallecidos-y-dos-heridos-criticos\\\/#mainImage\",\"width\":1280,\"height\":720},\"primaryImageOfPage\":{\"@id\":\"https:\\\/\\\/staytv.cr\\\/index.php\\\/2025\\\/06\\\/03\\\/tragico-accidente-en-carretera-autobus-y-vehiculo-liviano-colisionan-dejando-dos-fallecidos-y-dos-heridos-criticos\\\/#mainImage\"},\"datePublished\":\"2025-06-03T15:31:00-06:00\",\"dateModified\":\"2025-08-03T00:54:03-06:00\"},{\"@type\":\"WebSite\",\"@id\":\"https:\\\/\\\/staytv.cr\\\/#website\",\"url\":\"https:\\\/\\\/staytv.cr\\\/\",\"name\":\"Staytv\",\"description\":\"Medio de comunicaci\\u00f3n digital de Costa Rica.\",\"inLanguage\":\"es-ES\",\"publisher\":{\"@id\":\"https:\\\/\\\/staytv.cr\\\/#organization\"}}]}\n\t\t<\/script>\n\t\t<!-- All in One SEO Pro -->\r\n\t\t<title>Tr\u00e1gico Accidente en Carretera: Autob\u00fas y Veh\u00edculo Liviano Colisionan Dejando Dos Fallecidos y Dos Heridos Cr\u00edticos - Staytv<\/title>\n\n","aioseo_head_json":{"title":"Tr\u00e1gico Accidente en Carretera: Autob\u00fas y Veh\u00edculo Liviano Colisionan Dejando Dos Fallecidos y Dos Heridos Cr\u00edticos - Staytv","description":"Guanacaste, Liberia, Ca\u00f1as Dulces\u2013 A la 01:50 horas, la Cruz Roja Costarricense recibi\u00f3 una alerta a trav\u00e9s de la plataforma 9-1-1 sobre un accidente de tr\u00e1nsito que involucraba un autob\u00fas a su m\u00e1xima capacidad y un veh\u00edculo liviano con cuatro ocupantes. M\u00faltiples ambulancias y una unidad de rescate respondieron a la emergencia. Al llegar al","canonical_url":"https:\/\/staytv.cr\/index.php\/2025\/06\/03\/tragico-accidente-en-carretera-autobus-y-vehiculo-liviano-colisionan-dejando-dos-fallecidos-y-dos-heridos-criticos\/","robots":"max-image-preview:large","keywords":"","webmasterTools":{"miscellaneous":""},"schema":{"@context":"https:\/\/schema.org","@graph":[{"@type":"BreadcrumbList","@id":"https:\/\/staytv.cr\/index.php\/2025\/06\/03\/tragico-accidente-en-carretera-autobus-y-vehiculo-liviano-colisionan-dejando-dos-fallecidos-y-dos-heridos-criticos\/#breadcrumblist","itemListElement":[{"@type":"ListItem","@id":"https:\/\/staytv.cr#listItem","position":1,"name":"Home","item":"https:\/\/staytv.cr","nextItem":{"@type":"ListItem","@id":"https:\/\/staytv.cr\/index.php\/category\/sucesos\/#listItem","name":"SUCESOS"}},{"@type":"ListItem","@id":"https:\/\/staytv.cr\/index.php\/category\/sucesos\/#listItem","position":2,"name":"SUCESOS","item":"https:\/\/staytv.cr\/index.php\/category\/sucesos\/","nextItem":{"@type":"ListItem","@id":"https:\/\/staytv.cr\/index.php\/2025\/06\/03\/tragico-accidente-en-carretera-autobus-y-vehiculo-liviano-colisionan-dejando-dos-fallecidos-y-dos-heridos-criticos\/#listItem","name":"Tr\u00e1gico Accidente en Carretera: Autob\u00fas y Veh\u00edculo Liviano Colisionan Dejando Dos Fallecidos y Dos Heridos Cr\u00edticos"},"previousItem":{"@type":"ListItem","@id":"https:\/\/staytv.cr#listItem","name":"Home"}},{"@type":"ListItem","@id":"https:\/\/staytv.cr\/index.php\/2025\/06\/03\/tragico-accidente-en-carretera-autobus-y-vehiculo-liviano-colisionan-dejando-dos-fallecidos-y-dos-heridos-criticos\/#listItem","position":3,"name":"Tr\u00e1gico Accidente en Carretera: Autob\u00fas y Veh\u00edculo Liviano Colisionan Dejando Dos Fallecidos y Dos Heridos Cr\u00edticos","previousItem":{"@type":"ListItem","@id":"https:\/\/staytv.cr\/index.php\/category\/sucesos\/#listItem","name":"SUCESOS"}}]},{"@type":"Organization","@id":"https:\/\/staytv.cr\/#organization","name":"Stay TV","description":"Stay TV es un medio digital de noticias con base en Centroam\u00e9rica, con cobertura local e internacional desde una mirada asi\u00e1tica.","url":"https:\/\/staytv.cr\/","logo":{"@type":"ImageObject","url":"https:\/\/staytv.cr\/wp-content\/uploads\/cropped-StayTV_logo_oficial_simple.png","@id":"https:\/\/staytv.cr\/index.php\/2025\/06\/03\/tragico-accidente-en-carretera-autobus-y-vehiculo-liviano-colisionan-dejando-dos-fallecidos-y-dos-heridos-criticos\/#organizationLogo","width":2560,"height":769},"image":{"@id":"https:\/\/staytv.cr\/index.php\/2025\/06\/03\/tragico-accidente-en-carretera-autobus-y-vehiculo-liviano-colisionan-dejando-dos-fallecidos-y-dos-heridos-criticos\/#organizationLogo"},"sameAs":["https:\/\/www.instagram.com\/staytvcr\/"]},{"@type":"Person","@id":"https:\/\/staytv.cr\/index.php\/author\/diegostaytv\/#author","url":"https:\/\/staytv.cr\/index.php\/author\/diegostaytv\/","name":"Diego Molina","image":{"@type":"ImageObject","url":"https:\/\/secure.gravatar.com\/avatar\/7d23cb63381aa64750c7e76727c208369ebd6f2565e9dc4c62e323b1ea59af41?s=96&d=mm&r=g"}},{"@type":"WebPage","@id":"https:\/\/staytv.cr\/index.php\/2025\/06\/03\/tragico-accidente-en-carretera-autobus-y-vehiculo-liviano-colisionan-dejando-dos-fallecidos-y-dos-heridos-criticos\/#webpage","url":"https:\/\/staytv.cr\/index.php\/2025\/06\/03\/tragico-accidente-en-carretera-autobus-y-vehiculo-liviano-colisionan-dejando-dos-fallecidos-y-dos-heridos-criticos\/","name":"Tr\u00e1gico Accidente en Carretera: Autob\u00fas y Veh\u00edculo Liviano Colisionan Dejando Dos Fallecidos y Dos Heridos Cr\u00edticos - Staytv","description":"Guanacaste, Liberia, Ca\u00f1as Dulces\u2013 A la 01:50 horas, la Cruz Roja Costarricense recibi\u00f3 una alerta a trav\u00e9s de la plataforma 9-1-1 sobre un accidente de tr\u00e1nsito que involucraba un autob\u00fas a su m\u00e1xima capacidad y un veh\u00edculo liviano con cuatro ocupantes. M\u00faltiples ambulancias y una unidad de rescate respondieron a la emergencia. Al llegar al","inLanguage":"es-ES","isPartOf":{"@id":"https:\/\/staytv.cr\/#website"},"breadcrumb":{"@id":"https:\/\/staytv.cr\/index.php\/2025\/06\/03\/tragico-accidente-en-carretera-autobus-y-vehiculo-liviano-colisionan-dejando-dos-fallecidos-y-dos-heridos-criticos\/#breadcrumblist"},"author":{"@id":"https:\/\/staytv.cr\/index.php\/author\/diegostaytv\/#author"},"creator":{"@id":"https:\/\/staytv.cr\/index.php\/author\/diegostaytv\/#author"},"image":{"@type":"ImageObject","url":"https:\/\/staytv.cr\/wp-content\/uploads\/Sin-titulo-13.jpg","@id":"https:\/\/staytv.cr\/index.php\/2025\/06\/03\/tragico-accidente-en-carretera-autobus-y-vehiculo-liviano-colisionan-dejando-dos-fallecidos-y-dos-heridos-criticos\/#mainImage","width":1280,"height":720},"primaryImageOfPage":{"@id":"https:\/\/staytv.cr\/index.php\/2025\/06\/03\/tragico-accidente-en-carretera-autobus-y-vehiculo-liviano-colisionan-dejando-dos-fallecidos-y-dos-heridos-criticos\/#mainImage"},"datePublished":"2025-06-03T15:31:00-06:00","dateModified":"2025-08-03T00:54:03-06:00"},{"@type":"WebSite","@id":"https:\/\/staytv.cr\/#website","url":"https:\/\/staytv.cr\/","name":"Staytv","description":"Medio de comunicaci\u00f3n digital de Costa Rica.","inLanguage":"es-ES","publisher":{"@id":"https:\/\/staytv.cr\/#organization"}}]},"og:locale":"es_ES","og:site_name":"Staytv - Medio de comunicaci\u00f3n digital de Costa Rica.","og:type":"article","og:title":"Tr\u00e1gico Accidente en Carretera: Autob\u00fas y Veh\u00edculo Liviano Colisionan Dejando Dos Fallecidos y Dos Heridos Cr\u00edticos - Staytv","og:description":"Guanacaste, Liberia, Ca\u00f1as Dulces\u2013 A la 01:50 horas, la Cruz Roja Costarricense recibi\u00f3 una alerta a trav\u00e9s de la plataforma 9-1-1 sobre un accidente de tr\u00e1nsito que involucraba un autob\u00fas a su m\u00e1xima capacidad y un veh\u00edculo liviano con cuatro ocupantes. M\u00faltiples ambulancias y una unidad de rescate respondieron a la emergencia. Al llegar al","og:url":"https:\/\/staytv.cr\/index.php\/2025\/06\/03\/tragico-accidente-en-carretera-autobus-y-vehiculo-liviano-colisionan-dejando-dos-fallecidos-y-dos-heridos-criticos\/","og:image":"https:\/\/staytv.cr\/wp-content\/uploads\/Sin-titulo-13.jpg","og:image:secure_url":"https:\/\/staytv.cr\/wp-content\/uploads\/Sin-titulo-13.jpg","og:image:width":1280,"og:image:height":720,"article:published_time":"2025-06-03T21:31:00+00:00","article:modified_time":"2025-08-03T06:54:03+00:00","article:publisher":"https:\/\/www.facebook.com\/staytvcr","twitter:card":"summary_large_image","twitter:title":"Tr\u00e1gico Accidente en Carretera: Autob\u00fas y Veh\u00edculo Liviano Colisionan Dejando Dos Fallecidos y Dos Heridos Cr\u00edticos - Staytv","twitter:description":"Guanacaste, Liberia, Ca\u00f1as Dulces\u2013 A la 01:50 horas, la Cruz Roja Costarricense recibi\u00f3 una alerta a trav\u00e9s de la plataforma 9-1-1 sobre un accidente de tr\u00e1nsito que involucraba un autob\u00fas a su m\u00e1xima capacidad y un veh\u00edculo liviano con cuatro ocupantes. M\u00faltiples ambulancias y una unidad de rescate respondieron a la emergencia. Al llegar al","twitter:image":"https:\/\/staytv.cr\/wp-content\/uploads\/Sin-titulo-13.jpg"},"aioseo_meta_data":[],"aioseo_breadcrumb":"<div class=\"aioseo-breadcrumbs\"><span class=\"aioseo-breadcrumb\">\n\t<a href=\"https:\/\/staytv.cr\" title=\"Home\">Home<\/a>\n<\/span><span class=\"aioseo-breadcrumb-separator\">&raquo;<\/span><span class=\"aioseo-breadcrumb\">\n\t<a href=\"https:\/\/staytv.cr\/index.php\/category\/sucesos\/\" title=\"SUCESOS\">SUCESOS<\/a>\n<\/span><span class=\"aioseo-breadcrumb-separator\">&raquo;<\/span><span class=\"aioseo-breadcrumb\">\n\tTr\u00e1gico Accidente en Carretera: Autob\u00fas y Veh\u00edculo Liviano Colisionan Dejando Dos Fallecidos y Dos Heridos Cr\u00edticos\n<\/span><\/div>","aioseo_breadcrumb_json":[{"label":"Home","link":"https:\/\/staytv.cr"},{"label":"SUCESOS","link":"https:\/\/staytv.cr\/index.php\/category\/sucesos\/"},{"label":"Tr\u00e1gico Accidente en Carretera: Autob\u00fas y Veh\u00edculo Liviano Colisionan Dejando Dos Fallecidos y Dos Heridos Cr\u00edticos","link":"https:\/\/staytv.cr\/index.php\/2025\/06\/03\/tragico-accidente-en-carretera-autobus-y-vehiculo-liviano-colisionan-dejando-dos-fallecidos-y-dos-heridos-criticos\/"}],"_links":{"self":[{"href":"https:\/\/staytv.cr\/index.php\/wp-json\/wp\/v2\/posts\/11781","targetHints":{"allow":["GET"]}}],"collection":[{"href":"https:\/\/staytv.cr\/index.php\/wp-json\/wp\/v2\/posts"}],"about":[{"href":"https:\/\/staytv.cr\/index.php\/wp-json\/wp\/v2\/types\/post"}],"author":[{"embeddable":true,"href":"https:\/\/staytv.cr\/index.php\/wp-json\/wp\/v2\/users\/10"}],"replies":[{"embeddable":true,"href":"https:\/\/staytv.cr\/index.php\/wp-json\/wp\/v2\/comments?post=11781"}],"version-history":[{"count":1,"href":"https:\/\/staytv.cr\/index.php\/wp-json\/wp\/v2\/posts\/11781\/revisions"}],"predecessor-version":[{"id":11784,"href":"https:\/\/staytv.cr\/index.php\/wp-json\/wp\/v2\/posts\/11781\/revisions\/11784"}],"wp:featuredmedia":[{"embeddable":true,"href":"https:\/\/staytv.cr\/index.php\/wp-json\/wp\/v2\/media\/11782"}],"wp:attachment":[{"href":"https:\/\/staytv.cr\/index.php\/wp-json\/wp\/v2\/media?parent=11781"}],"wp:term":[{"taxonomy":"category","embeddable":true,"href":"https:\/\/staytv.cr\/index.php\/wp-json\/wp\/v2\/categories?post=11781"},{"taxonomy":"post_tag","embeddable":true,"href":"https:\/\/staytv.cr\/index.php\/wp-json\/wp\/v2\/tags?post=11781"}],"curies":[{"name":"wp","href":"https:\/\/api.w.org\/{rel}","templated":true}]}}