{"id":14274,"date":"2025-07-08T10:56:51","date_gmt":"2025-07-08T16:56:51","guid":{"rendered":"https:\/\/staytv.net\/?p=14274"},"modified":"2025-07-08T10:56:51","modified_gmt":"2025-07-08T16:56:51","slug":"ejecutivo-desconvoca-jornadas-4x3-para-priorizar-prestamo-internacional-de-500-millones","status":"publish","type":"post","link":"https:\/\/staytv.cr\/index.php\/2025\/07\/08\/ejecutivo-desconvoca-jornadas-4x3-para-priorizar-prestamo-internacional-de-500-millones\/","title":{"rendered":"Ejecutivo desconvoca jornadas 4&#215;3 para priorizar pr\u00e9stamo internacional de $500 millones"},"content":{"rendered":"<p data-start=\"199\" data-end=\"624\"><strong data-start=\"199\" data-end=\"232\">San Jos\u00e9, 7 de julio de 2025.<\/strong> El Poder Ejecutivo desconvoc\u00f3 temporalmente el proyecto de jornadas laborales excepcionales, expediente 24.290, con el fin de dar prioridad a la discusi\u00f3n de dos proyectos de cr\u00e9dito considerados urgentes para las finanzas del pa\u00eds. Uno de ellos es el pr\u00e9stamo por $500 millones con el Banco Internacional de Reconstrucci\u00f3n y Fomento (BIRF) y otro con la Alianza Francesa para el Desarrollo.<\/p>\n<p data-start=\"626\" data-end=\"1021\">La medida gener\u00f3 fuertes cr\u00edticas por parte de legisladores de oposici\u00f3n, quienes se\u00f1alaron una falta de planificaci\u00f3n y manejo parlamentario por parte del Ejecutivo. Seg\u00fan argumentaron, la desconvocatoria no solo interrumpi\u00f3 el debate previsto para ese d\u00eda, sino que tambi\u00e9n impide sesionar al d\u00eda siguiente por los requisitos reglamentarios de convocatoria con al menos 24 horas de antelaci\u00f3n.<\/p>\n<p data-start=\"1023\" data-end=\"1315\">\u00abSeguimos sin saber realmente lo que se necesita, sin reconocer los espacios de negociaci\u00f3n. Ahora tratan de imponer\u00bb, expres\u00f3 uno de los diputados en el Plenario, al tiempo que se\u00f1al\u00f3 que quienes se hab\u00edan preparado para discutir seriamente el proyecto fueron sorprendidos por esta decisi\u00f3n.<\/p>\n<p data-start=\"1317\" data-end=\"1711\">La iniciativa de jornadas 4&#215;3 pretend\u00eda permitir jornadas laborales de 12 horas por cuatro d\u00edas a la semana, con tres d\u00edas de descanso, bajo condiciones espec\u00edficas y excepcionales en el sector privado. Seg\u00fan el Ejecutivo, la pausa en su tr\u00e1mite se justifica por la urgencia de aprobar los cr\u00e9ditos externos, dado que en julio vencen millonarios compromisos financieros adquiridos en el pasado.<\/p>\n<p data-start=\"1713\" data-end=\"2027\">El cr\u00e9dito con el BIRF, por $500 millones, est\u00e1 destinado a <strong data-start=\"1773\" data-end=\"1813\">proteger ingresos, preservar empleos<\/strong> y promover la recuperaci\u00f3n de peque\u00f1as y medianas empresas tras el impacto del COVID-19. Sin embargo, una moci\u00f3n para modificar la agenda legislativa y permitir su votaci\u00f3n inmediata fue rechazada por el Plenario.<\/p>\n<p data-start=\"2029\" data-end=\"2394\">La oposici\u00f3n advierte que esta manera de operar compromete la agenda legislativa, obstaculiza los debates y evidencia una falta de seriedad en la conducci\u00f3n pol\u00edtica. Mientras tanto, se espera que en los pr\u00f3ximos d\u00edas el Ejecutivo convoque nuevamente el proyecto de jornadas excepcionales, lo cual depender\u00e1 del avance de los cr\u00e9ditos internacionales en discusi\u00f3n.<\/p>\n<p data-start=\"2029\" data-end=\"2394\">\n<p><iframe title=\"Ejecutivo desconvoca jornadas 4x3 para priorizar pr\u00e9stamo internacional de $500 millones\" width=\"1170\" height=\"658\" data-src=\"https:\/\/www.youtube.com\/embed\/BFRSTFW_3ts?feature=oembed\" frameborder=\"0\" allow=\"accelerometer; autoplay; clipboard-write; encrypted-media; gyroscope; picture-in-picture; web-share\" referrerpolicy=\"strict-origin-when-cross-origin\" allowfullscreen src=\"data:image\/svg+xml;base64,PHN2ZyB3aWR0aD0iMSIgaGVpZ2h0PSIxIiB4bWxucz0iaHR0cDovL3d3dy53My5vcmcvMjAwMC9zdmciPjwvc3ZnPg==\" class=\"lazyload\" data-load-mode=\"1\"><\/iframe><\/p>\n","protected":false},"excerpt":{"rendered":"<p>San Jos\u00e9, 7 de julio de 2025. El Poder Ejecutivo desconvoc\u00f3 temporalmente el proyecto de jornadas laborales excepcionales, expediente 24.290, con el fin de dar prioridad a la discusi\u00f3n de dos proyectos de cr\u00e9dito considerados urgentes para las finanzas del pa\u00eds. Uno de ellos es el pr\u00e9stamo por $500 millones con el Banco Internacional de [&hellip;]<\/p>\n","protected":false},"author":10,"featured_media":14275,"comment_status":"closed","ping_status":"open","sticky":false,"template":"","format":"standard","meta":{"episode_type":"","audio_file":"","podmotor_file_id":"","podmotor_episode_id":"","cover_image":"","cover_image_id":"","duration":"","filesize":"","filesize_raw":"","date_recorded":"","explicit":"","block":"","itunes_episode_number":"","itunes_title":"","itunes_season_number":"","itunes_episode_type":"","footnotes":""},"categories":[13],"tags":[],"class_list":{"0":"post-14274","1":"post","2":"type-post","3":"status-publish","4":"format-standard","5":"has-post-thumbnail","7":"category-nacional"},"aioseo_notices":[],"aioseo_head":"\n\t\t<!-- All in One SEO Pro 4.8.3.2 - aioseo.com -->\n\t<meta name=\"description\" content=\"San Jos\u00e9, 7 de julio de 2025. El Poder Ejecutivo desconvoc\u00f3 temporalmente el proyecto de jornadas laborales excepcionales, expediente 24.290, con el fin de dar prioridad a la discusi\u00f3n de dos proyectos de cr\u00e9dito considerados urgentes para las finanzas del pa\u00eds. Uno de ellos es el pr\u00e9stamo por $500 millones con el Banco Internacional de\" \/>\n\t<meta name=\"robots\" content=\"max-image-preview:large\" \/>\n\t<meta name=\"author\" content=\"Diego Molina\"\/>\n\t<link rel=\"canonical\" href=\"https:\/\/staytv.cr\/index.php\/2025\/07\/08\/ejecutivo-desconvoca-jornadas-4x3-para-priorizar-prestamo-internacional-de-500-millones\/\" \/>\n\t<meta name=\"generator\" content=\"All in One SEO Pro (AIOSEO) 4.8.3.2\" \/>\n\t\t<meta property=\"og:locale\" content=\"es_ES\" \/>\n\t\t<meta property=\"og:site_name\" content=\"Staytv - Medio de comunicaci\u00f3n digital de Costa Rica.\" \/>\n\t\t<meta property=\"og:type\" content=\"article\" \/>\n\t\t<meta property=\"og:title\" content=\"Ejecutivo desconvoca jornadas 4\u00d73 para priorizar pr\u00e9stamo internacional de $500 millones - Staytv\" \/>\n\t\t<meta property=\"og:description\" content=\"San Jos\u00e9, 7 de julio de 2025. El Poder Ejecutivo desconvoc\u00f3 temporalmente el proyecto de jornadas laborales excepcionales, expediente 24.290, con el fin de dar prioridad a la discusi\u00f3n de dos proyectos de cr\u00e9dito considerados urgentes para las finanzas del pa\u00eds. Uno de ellos es el pr\u00e9stamo por $500 millones con el Banco Internacional de\" \/>\n\t\t<meta property=\"og:url\" content=\"https:\/\/staytv.cr\/index.php\/2025\/07\/08\/ejecutivo-desconvoca-jornadas-4x3-para-priorizar-prestamo-internacional-de-500-millones\/\" \/>\n\t\t<meta property=\"og:image\" content=\"https:\/\/staytv.cr\/wp-content\/uploads\/Sin-titulo-5-29.jpg\" \/>\n\t\t<meta property=\"og:image:secure_url\" content=\"https:\/\/staytv.cr\/wp-content\/uploads\/Sin-titulo-5-29.jpg\" \/>\n\t\t<meta property=\"og:image:width\" content=\"1280\" \/>\n\t\t<meta property=\"og:image:height\" content=\"720\" \/>\n\t\t<meta property=\"article:published_time\" content=\"2025-07-08T16:56:51+00:00\" \/>\n\t\t<meta property=\"article:modified_time\" content=\"2025-07-08T16:56:51+00:00\" \/>\n\t\t<meta property=\"article:publisher\" content=\"https:\/\/www.facebook.com\/staytvcr\" \/>\n\t\t<meta name=\"twitter:card\" content=\"summary_large_image\" \/>\n\t\t<meta name=\"twitter:title\" content=\"Ejecutivo desconvoca jornadas 4\u00d73 para priorizar pr\u00e9stamo internacional de $500 millones - Staytv\" \/>\n\t\t<meta name=\"twitter:description\" content=\"San Jos\u00e9, 7 de julio de 2025. El Poder Ejecutivo desconvoc\u00f3 temporalmente el proyecto de jornadas laborales excepcionales, expediente 24.290, con el fin de dar prioridad a la discusi\u00f3n de dos proyectos de cr\u00e9dito considerados urgentes para las finanzas del pa\u00eds. Uno de ellos es el pr\u00e9stamo por $500 millones con el Banco Internacional de\" \/>\n\t\t<meta name=\"twitter:image\" content=\"https:\/\/staytv.cr\/wp-content\/uploads\/Sin-titulo-5-29.jpg\" \/>\n\t\t<script type=\"application\/ld+json\" class=\"aioseo-schema\">\n\t\t\t{\"@context\":\"https:\\\/\\\/schema.org\",\"@graph\":[{\"@type\":\"BreadcrumbList\",\"@id\":\"https:\\\/\\\/staytv.cr\\\/index.php\\\/2025\\\/07\\\/08\\\/ejecutivo-desconvoca-jornadas-4x3-para-priorizar-prestamo-internacional-de-500-millones\\\/#breadcrumblist\",\"itemListElement\":[{\"@type\":\"ListItem\",\"@id\":\"https:\\\/\\\/staytv.cr#listItem\",\"position\":1,\"name\":\"Home\",\"item\":\"https:\\\/\\\/staytv.cr\",\"nextItem\":{\"@type\":\"ListItem\",\"@id\":\"https:\\\/\\\/staytv.cr\\\/index.php\\\/category\\\/nacional\\\/#listItem\",\"name\":\"NACIONAL\"}},{\"@type\":\"ListItem\",\"@id\":\"https:\\\/\\\/staytv.cr\\\/index.php\\\/category\\\/nacional\\\/#listItem\",\"position\":2,\"name\":\"NACIONAL\",\"item\":\"https:\\\/\\\/staytv.cr\\\/index.php\\\/category\\\/nacional\\\/\",\"nextItem\":{\"@type\":\"ListItem\",\"@id\":\"https:\\\/\\\/staytv.cr\\\/index.php\\\/2025\\\/07\\\/08\\\/ejecutivo-desconvoca-jornadas-4x3-para-priorizar-prestamo-internacional-de-500-millones\\\/#listItem\",\"name\":\"Ejecutivo desconvoca jornadas 4&#215;3 para priorizar pr\\u00e9stamo internacional de $500 millones\"},\"previousItem\":{\"@type\":\"ListItem\",\"@id\":\"https:\\\/\\\/staytv.cr#listItem\",\"name\":\"Home\"}},{\"@type\":\"ListItem\",\"@id\":\"https:\\\/\\\/staytv.cr\\\/index.php\\\/2025\\\/07\\\/08\\\/ejecutivo-desconvoca-jornadas-4x3-para-priorizar-prestamo-internacional-de-500-millones\\\/#listItem\",\"position\":3,\"name\":\"Ejecutivo desconvoca jornadas 4&#215;3 para priorizar pr\\u00e9stamo internacional de $500 millones\",\"previousItem\":{\"@type\":\"ListItem\",\"@id\":\"https:\\\/\\\/staytv.cr\\\/index.php\\\/category\\\/nacional\\\/#listItem\",\"name\":\"NACIONAL\"}}]},{\"@type\":\"Organization\",\"@id\":\"https:\\\/\\\/staytv.cr\\\/#organization\",\"name\":\"Stay TV\",\"description\":\"Stay TV es un medio digital de noticias con base en Centroam\\u00e9rica, con cobertura local e internacional desde una mirada asi\\u00e1tica.\",\"url\":\"https:\\\/\\\/staytv.cr\\\/\",\"logo\":{\"@type\":\"ImageObject\",\"url\":\"https:\\\/\\\/staytv.cr\\\/wp-content\\\/uploads\\\/cropped-StayTV_logo_oficial_simple.png\",\"@id\":\"https:\\\/\\\/staytv.cr\\\/index.php\\\/2025\\\/07\\\/08\\\/ejecutivo-desconvoca-jornadas-4x3-para-priorizar-prestamo-internacional-de-500-millones\\\/#organizationLogo\",\"width\":2560,\"height\":769},\"image\":{\"@id\":\"https:\\\/\\\/staytv.cr\\\/index.php\\\/2025\\\/07\\\/08\\\/ejecutivo-desconvoca-jornadas-4x3-para-priorizar-prestamo-internacional-de-500-millones\\\/#organizationLogo\"},\"sameAs\":[\"https:\\\/\\\/www.instagram.com\\\/staytvcr\\\/\"]},{\"@type\":\"Person\",\"@id\":\"https:\\\/\\\/staytv.cr\\\/index.php\\\/author\\\/diegostaytv\\\/#author\",\"url\":\"https:\\\/\\\/staytv.cr\\\/index.php\\\/author\\\/diegostaytv\\\/\",\"name\":\"Diego Molina\",\"image\":{\"@type\":\"ImageObject\",\"url\":\"https:\\\/\\\/secure.gravatar.com\\\/avatar\\\/7d23cb63381aa64750c7e76727c208369ebd6f2565e9dc4c62e323b1ea59af41?s=96&d=mm&r=g\"}},{\"@type\":\"WebPage\",\"@id\":\"https:\\\/\\\/staytv.cr\\\/index.php\\\/2025\\\/07\\\/08\\\/ejecutivo-desconvoca-jornadas-4x3-para-priorizar-prestamo-internacional-de-500-millones\\\/#webpage\",\"url\":\"https:\\\/\\\/staytv.cr\\\/index.php\\\/2025\\\/07\\\/08\\\/ejecutivo-desconvoca-jornadas-4x3-para-priorizar-prestamo-internacional-de-500-millones\\\/\",\"name\":\"Ejecutivo desconvoca jornadas 4\\u00d73 para priorizar pr\\u00e9stamo internacional de $500 millones - Staytv\",\"description\":\"San Jos\\u00e9, 7 de julio de 2025. El Poder Ejecutivo desconvoc\\u00f3 temporalmente el proyecto de jornadas laborales excepcionales, expediente 24.290, con el fin de dar prioridad a la discusi\\u00f3n de dos proyectos de cr\\u00e9dito considerados urgentes para las finanzas del pa\\u00eds. Uno de ellos es el pr\\u00e9stamo por $500 millones con el Banco Internacional de\",\"inLanguage\":\"es-ES\",\"isPartOf\":{\"@id\":\"https:\\\/\\\/staytv.cr\\\/#website\"},\"breadcrumb\":{\"@id\":\"https:\\\/\\\/staytv.cr\\\/index.php\\\/2025\\\/07\\\/08\\\/ejecutivo-desconvoca-jornadas-4x3-para-priorizar-prestamo-internacional-de-500-millones\\\/#breadcrumblist\"},\"author\":{\"@id\":\"https:\\\/\\\/staytv.cr\\\/index.php\\\/author\\\/diegostaytv\\\/#author\"},\"creator\":{\"@id\":\"https:\\\/\\\/staytv.cr\\\/index.php\\\/author\\\/diegostaytv\\\/#author\"},\"image\":{\"@type\":\"ImageObject\",\"url\":\"https:\\\/\\\/staytv.cr\\\/wp-content\\\/uploads\\\/Sin-titulo-5-29.jpg\",\"@id\":\"https:\\\/\\\/staytv.cr\\\/index.php\\\/2025\\\/07\\\/08\\\/ejecutivo-desconvoca-jornadas-4x3-para-priorizar-prestamo-internacional-de-500-millones\\\/#mainImage\",\"width\":1280,\"height\":720},\"primaryImageOfPage\":{\"@id\":\"https:\\\/\\\/staytv.cr\\\/index.php\\\/2025\\\/07\\\/08\\\/ejecutivo-desconvoca-jornadas-4x3-para-priorizar-prestamo-internacional-de-500-millones\\\/#mainImage\"},\"datePublished\":\"2025-07-08T10:56:51-06:00\",\"dateModified\":\"2025-07-08T10:56:51-06:00\"},{\"@type\":\"WebSite\",\"@id\":\"https:\\\/\\\/staytv.cr\\\/#website\",\"url\":\"https:\\\/\\\/staytv.cr\\\/\",\"name\":\"Staytv\",\"description\":\"Medio de comunicaci\\u00f3n digital de Costa Rica.\",\"inLanguage\":\"es-ES\",\"publisher\":{\"@id\":\"https:\\\/\\\/staytv.cr\\\/#organization\"}}]}\n\t\t<\/script>\n\t\t<!-- All in One SEO Pro -->\r\n\t\t<title>Ejecutivo desconvoca jornadas 4\u00d73 para priorizar pr\u00e9stamo internacional de $500 millones - Staytv<\/title>\n\n","aioseo_head_json":{"title":"Ejecutivo desconvoca jornadas 4\u00d73 para priorizar pr\u00e9stamo internacional de $500 millones - Staytv","description":"San Jos\u00e9, 7 de julio de 2025. El Poder Ejecutivo desconvoc\u00f3 temporalmente el proyecto de jornadas laborales excepcionales, expediente 24.290, con el fin de dar prioridad a la discusi\u00f3n de dos proyectos de cr\u00e9dito considerados urgentes para las finanzas del pa\u00eds. Uno de ellos es el pr\u00e9stamo por $500 millones con el Banco Internacional de","canonical_url":"https:\/\/staytv.cr\/index.php\/2025\/07\/08\/ejecutivo-desconvoca-jornadas-4x3-para-priorizar-prestamo-internacional-de-500-millones\/","robots":"max-image-preview:large","keywords":"","webmasterTools":{"miscellaneous":""},"schema":{"@context":"https:\/\/schema.org","@graph":[{"@type":"BreadcrumbList","@id":"https:\/\/staytv.cr\/index.php\/2025\/07\/08\/ejecutivo-desconvoca-jornadas-4x3-para-priorizar-prestamo-internacional-de-500-millones\/#breadcrumblist","itemListElement":[{"@type":"ListItem","@id":"https:\/\/staytv.cr#listItem","position":1,"name":"Home","item":"https:\/\/staytv.cr","nextItem":{"@type":"ListItem","@id":"https:\/\/staytv.cr\/index.php\/category\/nacional\/#listItem","name":"NACIONAL"}},{"@type":"ListItem","@id":"https:\/\/staytv.cr\/index.php\/category\/nacional\/#listItem","position":2,"name":"NACIONAL","item":"https:\/\/staytv.cr\/index.php\/category\/nacional\/","nextItem":{"@type":"ListItem","@id":"https:\/\/staytv.cr\/index.php\/2025\/07\/08\/ejecutivo-desconvoca-jornadas-4x3-para-priorizar-prestamo-internacional-de-500-millones\/#listItem","name":"Ejecutivo desconvoca jornadas 4&#215;3 para priorizar pr\u00e9stamo internacional de $500 millones"},"previousItem":{"@type":"ListItem","@id":"https:\/\/staytv.cr#listItem","name":"Home"}},{"@type":"ListItem","@id":"https:\/\/staytv.cr\/index.php\/2025\/07\/08\/ejecutivo-desconvoca-jornadas-4x3-para-priorizar-prestamo-internacional-de-500-millones\/#listItem","position":3,"name":"Ejecutivo desconvoca jornadas 4&#215;3 para priorizar pr\u00e9stamo internacional de $500 millones","previousItem":{"@type":"ListItem","@id":"https:\/\/staytv.cr\/index.php\/category\/nacional\/#listItem","name":"NACIONAL"}}]},{"@type":"Organization","@id":"https:\/\/staytv.cr\/#organization","name":"Stay TV","description":"Stay TV es un medio digital de noticias con base en Centroam\u00e9rica, con cobertura local e internacional desde una mirada asi\u00e1tica.","url":"https:\/\/staytv.cr\/","logo":{"@type":"ImageObject","url":"https:\/\/staytv.cr\/wp-content\/uploads\/cropped-StayTV_logo_oficial_simple.png","@id":"https:\/\/staytv.cr\/index.php\/2025\/07\/08\/ejecutivo-desconvoca-jornadas-4x3-para-priorizar-prestamo-internacional-de-500-millones\/#organizationLogo","width":2560,"height":769},"image":{"@id":"https:\/\/staytv.cr\/index.php\/2025\/07\/08\/ejecutivo-desconvoca-jornadas-4x3-para-priorizar-prestamo-internacional-de-500-millones\/#organizationLogo"},"sameAs":["https:\/\/www.instagram.com\/staytvcr\/"]},{"@type":"Person","@id":"https:\/\/staytv.cr\/index.php\/author\/diegostaytv\/#author","url":"https:\/\/staytv.cr\/index.php\/author\/diegostaytv\/","name":"Diego Molina","image":{"@type":"ImageObject","url":"https:\/\/secure.gravatar.com\/avatar\/7d23cb63381aa64750c7e76727c208369ebd6f2565e9dc4c62e323b1ea59af41?s=96&d=mm&r=g"}},{"@type":"WebPage","@id":"https:\/\/staytv.cr\/index.php\/2025\/07\/08\/ejecutivo-desconvoca-jornadas-4x3-para-priorizar-prestamo-internacional-de-500-millones\/#webpage","url":"https:\/\/staytv.cr\/index.php\/2025\/07\/08\/ejecutivo-desconvoca-jornadas-4x3-para-priorizar-prestamo-internacional-de-500-millones\/","name":"Ejecutivo desconvoca jornadas 4\u00d73 para priorizar pr\u00e9stamo internacional de $500 millones - Staytv","description":"San Jos\u00e9, 7 de julio de 2025. El Poder Ejecutivo desconvoc\u00f3 temporalmente el proyecto de jornadas laborales excepcionales, expediente 24.290, con el fin de dar prioridad a la discusi\u00f3n de dos proyectos de cr\u00e9dito considerados urgentes para las finanzas del pa\u00eds. Uno de ellos es el pr\u00e9stamo por $500 millones con el Banco Internacional de","inLanguage":"es-ES","isPartOf":{"@id":"https:\/\/staytv.cr\/#website"},"breadcrumb":{"@id":"https:\/\/staytv.cr\/index.php\/2025\/07\/08\/ejecutivo-desconvoca-jornadas-4x3-para-priorizar-prestamo-internacional-de-500-millones\/#breadcrumblist"},"author":{"@id":"https:\/\/staytv.cr\/index.php\/author\/diegostaytv\/#author"},"creator":{"@id":"https:\/\/staytv.cr\/index.php\/author\/diegostaytv\/#author"},"image":{"@type":"ImageObject","url":"https:\/\/staytv.cr\/wp-content\/uploads\/Sin-titulo-5-29.jpg","@id":"https:\/\/staytv.cr\/index.php\/2025\/07\/08\/ejecutivo-desconvoca-jornadas-4x3-para-priorizar-prestamo-internacional-de-500-millones\/#mainImage","width":1280,"height":720},"primaryImageOfPage":{"@id":"https:\/\/staytv.cr\/index.php\/2025\/07\/08\/ejecutivo-desconvoca-jornadas-4x3-para-priorizar-prestamo-internacional-de-500-millones\/#mainImage"},"datePublished":"2025-07-08T10:56:51-06:00","dateModified":"2025-07-08T10:56:51-06:00"},{"@type":"WebSite","@id":"https:\/\/staytv.cr\/#website","url":"https:\/\/staytv.cr\/","name":"Staytv","description":"Medio de comunicaci\u00f3n digital de Costa Rica.","inLanguage":"es-ES","publisher":{"@id":"https:\/\/staytv.cr\/#organization"}}]},"og:locale":"es_ES","og:site_name":"Staytv - Medio de comunicaci\u00f3n digital de Costa Rica.","og:type":"article","og:title":"Ejecutivo desconvoca jornadas 4\u00d73 para priorizar pr\u00e9stamo internacional de $500 millones - Staytv","og:description":"San Jos\u00e9, 7 de julio de 2025. El Poder Ejecutivo desconvoc\u00f3 temporalmente el proyecto de jornadas laborales excepcionales, expediente 24.290, con el fin de dar prioridad a la discusi\u00f3n de dos proyectos de cr\u00e9dito considerados urgentes para las finanzas del pa\u00eds. Uno de ellos es el pr\u00e9stamo por $500 millones con el Banco Internacional de","og:url":"https:\/\/staytv.cr\/index.php\/2025\/07\/08\/ejecutivo-desconvoca-jornadas-4x3-para-priorizar-prestamo-internacional-de-500-millones\/","og:image":"https:\/\/staytv.cr\/wp-content\/uploads\/Sin-titulo-5-29.jpg","og:image:secure_url":"https:\/\/staytv.cr\/wp-content\/uploads\/Sin-titulo-5-29.jpg","og:image:width":1280,"og:image:height":720,"article:published_time":"2025-07-08T16:56:51+00:00","article:modified_time":"2025-07-08T16:56:51+00:00","article:publisher":"https:\/\/www.facebook.com\/staytvcr","twitter:card":"summary_large_image","twitter:title":"Ejecutivo desconvoca jornadas 4\u00d73 para priorizar pr\u00e9stamo internacional de $500 millones - Staytv","twitter:description":"San Jos\u00e9, 7 de julio de 2025. El Poder Ejecutivo desconvoc\u00f3 temporalmente el proyecto de jornadas laborales excepcionales, expediente 24.290, con el fin de dar prioridad a la discusi\u00f3n de dos proyectos de cr\u00e9dito considerados urgentes para las finanzas del pa\u00eds. Uno de ellos es el pr\u00e9stamo por $500 millones con el Banco Internacional de","twitter:image":"https:\/\/staytv.cr\/wp-content\/uploads\/Sin-titulo-5-29.jpg"},"aioseo_meta_data":[],"aioseo_breadcrumb":"<div class=\"aioseo-breadcrumbs\"><span class=\"aioseo-breadcrumb\">\n\t<a href=\"https:\/\/staytv.cr\" title=\"Home\">Home<\/a>\n<\/span><span class=\"aioseo-breadcrumb-separator\">&raquo;<\/span><span class=\"aioseo-breadcrumb\">\n\t<a href=\"https:\/\/staytv.cr\/index.php\/category\/nacional\/\" title=\"NACIONAL\">NACIONAL<\/a>\n<\/span><span class=\"aioseo-breadcrumb-separator\">&raquo;<\/span><span class=\"aioseo-breadcrumb\">\n\tEjecutivo desconvoca jornadas 4\u00d73 para priorizar pr\u00e9stamo internacional de $500 millones\n<\/span><\/div>","aioseo_breadcrumb_json":[{"label":"Home","link":"https:\/\/staytv.cr"},{"label":"NACIONAL","link":"https:\/\/staytv.cr\/index.php\/category\/nacional\/"},{"label":"Ejecutivo desconvoca jornadas 4&#215;3 para priorizar pr\u00e9stamo internacional de $500 millones","link":"https:\/\/staytv.cr\/index.php\/2025\/07\/08\/ejecutivo-desconvoca-jornadas-4x3-para-priorizar-prestamo-internacional-de-500-millones\/"}],"_links":{"self":[{"href":"https:\/\/staytv.cr\/index.php\/wp-json\/wp\/v2\/posts\/14274","targetHints":{"allow":["GET"]}}],"collection":[{"href":"https:\/\/staytv.cr\/index.php\/wp-json\/wp\/v2\/posts"}],"about":[{"href":"https:\/\/staytv.cr\/index.php\/wp-json\/wp\/v2\/types\/post"}],"author":[{"embeddable":true,"href":"https:\/\/staytv.cr\/index.php\/wp-json\/wp\/v2\/users\/10"}],"replies":[{"embeddable":true,"href":"https:\/\/staytv.cr\/index.php\/wp-json\/wp\/v2\/comments?post=14274"}],"version-history":[{"count":1,"href":"https:\/\/staytv.cr\/index.php\/wp-json\/wp\/v2\/posts\/14274\/revisions"}],"predecessor-version":[{"id":14276,"href":"https:\/\/staytv.cr\/index.php\/wp-json\/wp\/v2\/posts\/14274\/revisions\/14276"}],"wp:featuredmedia":[{"embeddable":true,"href":"https:\/\/staytv.cr\/index.php\/wp-json\/wp\/v2\/media\/14275"}],"wp:attachment":[{"href":"https:\/\/staytv.cr\/index.php\/wp-json\/wp\/v2\/media?parent=14274"}],"wp:term":[{"taxonomy":"category","embeddable":true,"href":"https:\/\/staytv.cr\/index.php\/wp-json\/wp\/v2\/categories?post=14274"},{"taxonomy":"post_tag","embeddable":true,"href":"https:\/\/staytv.cr\/index.php\/wp-json\/wp\/v2\/tags?post=14274"}],"curies":[{"name":"wp","href":"https:\/\/api.w.org\/{rel}","templated":true}]}}