{"id":15028,"date":"2025-07-17T13:20:03","date_gmt":"2025-07-17T19:20:03","guid":{"rendered":"https:\/\/staytv.net\/?p=15028"},"modified":"2025-07-17T13:23:25","modified_gmt":"2025-07-17T19:23:25","slug":"ministra-de-salud-culpa-a-contra","status":"publish","type":"post","link":"https:\/\/staytv.cr\/index.php\/2025\/07\/17\/ministra-de-salud-culpa-a-contra\/","title":{"rendered":"Ministra de Salud culpa a Contralor\u00eda por atraso en proyectos y devoluci\u00f3n de \u20b51.200 millones"},"content":{"rendered":"<p data-start=\"213\" data-end=\"559\"><strong data-start=\"213\" data-end=\"246\">San Jos\u00e9, 17 de julio de 2025<\/strong> \u2013 La ministra de Salud, <strong data-start=\"271\" data-end=\"303\">Dra. Mary Munive Angerm\u00fcller<\/strong>, responsabiliz\u00f3 directamente a la Contralor\u00eda General de la Rep\u00fablica por la paralizaci\u00f3n de m\u00faltiples gestiones institucionales y la devoluci\u00f3n de m\u00e1s de <strong data-start=\"459\" data-end=\"478\">\u20b51.200 millones<\/strong>, a causa de tr\u00e1mites que, seg\u00fan denunci\u00f3, no fueron resueltos en tiempo y forma.<\/p>\n<p data-start=\"561\" data-end=\"827\">Durante una conferencia de prensa esta ma\u00f1ana, Munive arremeti\u00f3 contra la instituci\u00f3n contralora, afirmando que sus atrasos han obstaculizado la adquisici\u00f3n de veh\u00edculos, la compra de equipo tecnol\u00f3gico y la finalizaci\u00f3n de obras en la comunidad de <strong data-start=\"810\" data-end=\"826\">Miravalles 2<\/strong>.<\/p>\n<p><iframe title=\"Ministra de Salud culpa a Contralor\u00eda por atraso en proyectos y devoluci\u00f3n de \u20b51.200 millones\" width=\"1170\" height=\"658\" data-src=\"https:\/\/www.youtube.com\/embed\/Feg_cd_JkXA?feature=oembed\" frameborder=\"0\" allow=\"accelerometer; autoplay; clipboard-write; encrypted-media; gyroscope; picture-in-picture; web-share\" referrerpolicy=\"strict-origin-when-cross-origin\" allowfullscreen src=\"data:image\/svg+xml;base64,PHN2ZyB3aWR0aD0iMSIgaGVpZ2h0PSIxIiB4bWxucz0iaHR0cDovL3d3dy53My5vcmcvMjAwMC9zdmciPjwvc3ZnPg==\" class=\"lazyload\" data-load-mode=\"1\"><\/iframe><\/p>\n<h3 data-start=\"829\" data-end=\"865\">Detalles de los fondos devueltos<\/h3>\n<p data-start=\"867\" data-end=\"1161\">Seg\u00fan la jerarca, el Ministerio de Salud tuvo que reintegrar <strong data-start=\"928\" data-end=\"945\">\u20b5636 millones<\/strong> correspondientes a la compra de <strong data-start=\"978\" data-end=\"994\">36 veh\u00edculos<\/strong> para siete \u00c1reas Rectoras de Salud y el nivel central, debido a que la Contralor\u00eda tard\u00f3 <strong data-start=\"1084\" data-end=\"1118\">63 d\u00edas en resolver un recurso<\/strong>, cuando el plazo legal era de <strong data-start=\"1149\" data-end=\"1160\">30 d\u00edas<\/strong>.<\/p>\n<p data-start=\"1163\" data-end=\"1476\">A esto se suman otros <strong data-start=\"1185\" data-end=\"1202\">\u20b5659 millones<\/strong> que no pudieron ejecutarse por trabas administrativas relacionadas con un recurso de amparo pendiente de resoluci\u00f3n, el cual provoc\u00f3 <strong data-start=\"1336\" data-end=\"1365\">m\u00e1s de 100 d\u00edas de atraso<\/strong> en los trabajos de demolici\u00f3n y limpieza en Miravalles 2, a pesar de que el contrato ya hab\u00eda sido adjudicado.<\/p>\n<h3 data-start=\"1478\" data-end=\"1525\">Retraso de un a\u00f1o en compra de computadoras<\/h3>\n<p data-start=\"1527\" data-end=\"1869\">La ministra tambi\u00e9n se\u00f1al\u00f3 que la <strong data-start=\"1561\" data-end=\"1592\">compra de equipo de c\u00f3mputo<\/strong> para los tres niveles de gesti\u00f3n del Ministerio inici\u00f3 en abril de 2024 y concluy\u00f3 hasta mayo de 2025, a pesar de que la propia Contralor\u00eda establece un plazo m\u00e1ximo de <strong data-start=\"1762\" data-end=\"1773\">30 d\u00edas<\/strong> para ese tipo de tr\u00e1mites. \u201cUn proceso que debi\u00f3 tomar un mes, tom\u00f3 un a\u00f1o completo\u201d, denunci\u00f3.<\/p>\n<h3 data-start=\"1871\" data-end=\"1908\">Avances a pesar de los obst\u00e1culos<\/h3>\n<p data-start=\"1910\" data-end=\"1997\">Pese a las trabas se\u00f1aladas, el Ministerio logr\u00f3 ejecutar las siguientes adquisiciones:<\/p>\n<div class=\"_tableContainer_80l1q_1\">\n<div class=\"_tableWrapper_80l1q_14 group flex w-fit flex-col-reverse\" tabindex=\"-1\">\n<table class=\"w-fit min-w-(--thread-content-width)\" data-start=\"1999\" data-end=\"2334\">\n<thead data-start=\"1999\" data-end=\"2030\">\n<tr data-start=\"1999\" data-end=\"2030\">\n<th data-start=\"1999\" data-end=\"2010\" data-col-size=\"sm\">Proyecto<\/th>\n<th data-start=\"2010\" data-end=\"2018\" data-col-size=\"sm\">Monto<\/th>\n<th data-start=\"2018\" data-end=\"2030\" data-col-size=\"md\">Detalles<\/th>\n<\/tr>\n<\/thead>\n<tbody data-start=\"2063\" data-end=\"2334\">\n<tr data-start=\"2063\" data-end=\"2141\">\n<td data-start=\"2063\" data-end=\"2075\" data-col-size=\"sm\">Veh\u00edculos<\/td>\n<td data-start=\"2075\" data-end=\"2090\" data-col-size=\"sm\">\u20b5636.200.000<\/td>\n<td data-start=\"2090\" data-end=\"2141\" data-col-size=\"md\">36 unidades para \u00c1reas Rectoras y nivel central<\/td>\n<\/tr>\n<tr data-start=\"2142\" data-end=\"2243\">\n<td data-start=\"2142\" data-end=\"2157\" data-col-size=\"sm\">Computadoras<\/td>\n<td data-start=\"2157\" data-end=\"2177\" data-col-size=\"sm\">\u20b51.068.471.931,35<\/td>\n<td data-start=\"2177\" data-end=\"2243\" data-col-size=\"md\">1.217 equipos para ocho Direcciones Regionales y nivel central<\/td>\n<\/tr>\n<tr data-start=\"2244\" data-end=\"2334\">\n<td data-start=\"2244\" data-end=\"2268\" data-col-size=\"sm\">Obras en Miravalles 2<\/td>\n<td data-start=\"2268\" data-end=\"2283\" data-col-size=\"sm\">No detallado<\/td>\n<td data-start=\"2283\" data-end=\"2334\" data-col-size=\"md\">Inicio de trabajos pendientes tras adjudicaci\u00f3n<\/td>\n<\/tr>\n<\/tbody>\n<\/table>\n<div class=\"sticky end-(--thread-content-margin) h-0 self-end select-none\">\n<div class=\"absolute end-0 flex items-end\"><\/div>\n<\/div>\n<\/div>\n<\/div>\n<h3 data-start=\"2336\" data-end=\"2383\">Fuerte cr\u00edtica a la contralora Marta Acosta<\/h3>\n<p data-start=\"2385\" data-end=\"2536\">La ministra Munive no escatim\u00f3 en se\u00f1alamientos directos a la contralora general, <strong data-start=\"2467\" data-end=\"2483\">Marta Acosta<\/strong>, a quien responsabiliz\u00f3 por el rezago institucional:<\/p>\n<blockquote data-start=\"2538\" data-end=\"2729\">\n<p data-start=\"2540\" data-end=\"2729\">\u201cLa se\u00f1ora Marta Acosta es responsable de que el pa\u00eds no pueda avanzar. Sus atrasos e indiferencias impiden una correcta gesti\u00f3n de las estrategias planteadas desde el Ministerio de Salud\u201d.<\/p>\n<\/blockquote>\n<p data-start=\"2731\" data-end=\"2800\">Y concluy\u00f3 de forma ir\u00f3nica:<br data-start=\"2759\" data-end=\"2762\" \/><strong data-start=\"2762\" data-end=\"2800\">\u201cGracias Marta Acosta, \u00a1Por nada!\u201d<\/strong><\/p>\n","protected":false},"excerpt":{"rendered":"<p>San Jos\u00e9, 17 de julio de 2025 \u2013 La ministra de Salud, Dra. Mary Munive Angerm\u00fcller, responsabiliz\u00f3 directamente a la Contralor\u00eda General de la Rep\u00fablica por la paralizaci\u00f3n de m\u00faltiples gestiones institucionales y la devoluci\u00f3n de m\u00e1s de \u20b51.200 millones, a causa de tr\u00e1mites que, seg\u00fan denunci\u00f3, no fueron resueltos en tiempo y forma. Durante [&hellip;]<\/p>\n","protected":false},"author":10,"featured_media":15029,"comment_status":"closed","ping_status":"open","sticky":false,"template":"","format":"standard","meta":{"episode_type":"","audio_file":"","podmotor_file_id":"","podmotor_episode_id":"","cover_image":"","cover_image_id":"","duration":"","filesize":"","filesize_raw":"","date_recorded":"","explicit":"","block":"","itunes_episode_number":"","itunes_title":"","itunes_season_number":"","itunes_episode_type":"","footnotes":""},"categories":[13],"tags":[],"class_list":{"0":"post-15028","1":"post","2":"type-post","3":"status-publish","4":"format-standard","5":"has-post-thumbnail","7":"category-nacional"},"aioseo_notices":[],"aioseo_head":"\n\t\t<!-- All in One SEO Pro 4.8.3.2 - aioseo.com -->\n\t<meta name=\"description\" content=\"San Jos\u00e9, 17 de julio de 2025 \u2013 La ministra de Salud, Dra. Mary Munive Angerm\u00fcller, responsabiliz\u00f3 directamente a la Contralor\u00eda General de la Rep\u00fablica por la paralizaci\u00f3n de m\u00faltiples gestiones institucionales y la devoluci\u00f3n de m\u00e1s de \u20b51.200 millones, a causa de tr\u00e1mites que, seg\u00fan denunci\u00f3, no fueron resueltos en tiempo y forma. Durante\" \/>\n\t<meta name=\"robots\" content=\"max-image-preview:large\" \/>\n\t<meta name=\"author\" content=\"Diego Molina\"\/>\n\t<link rel=\"canonical\" href=\"https:\/\/staytv.cr\/index.php\/2025\/07\/17\/ministra-de-salud-culpa-a-contra\/\" \/>\n\t<meta name=\"generator\" content=\"All in One SEO Pro (AIOSEO) 4.8.3.2\" \/>\n\t\t<meta property=\"og:locale\" content=\"es_ES\" \/>\n\t\t<meta property=\"og:site_name\" content=\"Staytv - Medio de comunicaci\u00f3n digital de Costa Rica.\" \/>\n\t\t<meta property=\"og:type\" content=\"article\" \/>\n\t\t<meta property=\"og:title\" content=\"Ministra de Salud culpa a Contralor\u00eda por atraso en proyectos y devoluci\u00f3n de \u20b51.200 millones - Staytv\" \/>\n\t\t<meta property=\"og:description\" content=\"San Jos\u00e9, 17 de julio de 2025 \u2013 La ministra de Salud, Dra. Mary Munive Angerm\u00fcller, responsabiliz\u00f3 directamente a la Contralor\u00eda General de la Rep\u00fablica por la paralizaci\u00f3n de m\u00faltiples gestiones institucionales y la devoluci\u00f3n de m\u00e1s de \u20b51.200 millones, a causa de tr\u00e1mites que, seg\u00fan denunci\u00f3, no fueron resueltos en tiempo y forma. Durante\" \/>\n\t\t<meta property=\"og:url\" content=\"https:\/\/staytv.cr\/index.php\/2025\/07\/17\/ministra-de-salud-culpa-a-contra\/\" \/>\n\t\t<meta property=\"og:image\" content=\"https:\/\/staytv.cr\/wp-content\/uploads\/Sin-titulo-9-47.png\" \/>\n\t\t<meta property=\"og:image:secure_url\" content=\"https:\/\/staytv.cr\/wp-content\/uploads\/Sin-titulo-9-47.png\" \/>\n\t\t<meta property=\"og:image:width\" content=\"1280\" \/>\n\t\t<meta property=\"og:image:height\" content=\"720\" \/>\n\t\t<meta property=\"article:published_time\" content=\"2025-07-17T19:20:03+00:00\" \/>\n\t\t<meta property=\"article:modified_time\" content=\"2025-07-17T19:23:25+00:00\" \/>\n\t\t<meta property=\"article:publisher\" content=\"https:\/\/www.facebook.com\/staytvcr\" \/>\n\t\t<meta name=\"twitter:card\" content=\"summary_large_image\" \/>\n\t\t<meta name=\"twitter:title\" content=\"Ministra de Salud culpa a Contralor\u00eda por atraso en proyectos y devoluci\u00f3n de \u20b51.200 millones - Staytv\" \/>\n\t\t<meta name=\"twitter:description\" content=\"San Jos\u00e9, 17 de julio de 2025 \u2013 La ministra de Salud, Dra. Mary Munive Angerm\u00fcller, responsabiliz\u00f3 directamente a la Contralor\u00eda General de la Rep\u00fablica por la paralizaci\u00f3n de m\u00faltiples gestiones institucionales y la devoluci\u00f3n de m\u00e1s de \u20b51.200 millones, a causa de tr\u00e1mites que, seg\u00fan denunci\u00f3, no fueron resueltos en tiempo y forma. Durante\" \/>\n\t\t<meta name=\"twitter:image\" content=\"https:\/\/staytv.cr\/wp-content\/uploads\/Sin-titulo-9-47.png\" \/>\n\t\t<script type=\"application\/ld+json\" class=\"aioseo-schema\">\n\t\t\t{\"@context\":\"https:\\\/\\\/schema.org\",\"@graph\":[{\"@type\":\"BreadcrumbList\",\"@id\":\"https:\\\/\\\/staytv.cr\\\/index.php\\\/2025\\\/07\\\/17\\\/ministra-de-salud-culpa-a-contra\\\/#breadcrumblist\",\"itemListElement\":[{\"@type\":\"ListItem\",\"@id\":\"https:\\\/\\\/staytv.cr#listItem\",\"position\":1,\"name\":\"Home\",\"item\":\"https:\\\/\\\/staytv.cr\",\"nextItem\":{\"@type\":\"ListItem\",\"@id\":\"https:\\\/\\\/staytv.cr\\\/index.php\\\/category\\\/nacional\\\/#listItem\",\"name\":\"NACIONAL\"}},{\"@type\":\"ListItem\",\"@id\":\"https:\\\/\\\/staytv.cr\\\/index.php\\\/category\\\/nacional\\\/#listItem\",\"position\":2,\"name\":\"NACIONAL\",\"item\":\"https:\\\/\\\/staytv.cr\\\/index.php\\\/category\\\/nacional\\\/\",\"nextItem\":{\"@type\":\"ListItem\",\"@id\":\"https:\\\/\\\/staytv.cr\\\/index.php\\\/2025\\\/07\\\/17\\\/ministra-de-salud-culpa-a-contra\\\/#listItem\",\"name\":\"Ministra de Salud culpa a Contralor\\u00eda por atraso en proyectos y devoluci\\u00f3n de \\u20b51.200 millones\"},\"previousItem\":{\"@type\":\"ListItem\",\"@id\":\"https:\\\/\\\/staytv.cr#listItem\",\"name\":\"Home\"}},{\"@type\":\"ListItem\",\"@id\":\"https:\\\/\\\/staytv.cr\\\/index.php\\\/2025\\\/07\\\/17\\\/ministra-de-salud-culpa-a-contra\\\/#listItem\",\"position\":3,\"name\":\"Ministra de Salud culpa a Contralor\\u00eda por atraso en proyectos y devoluci\\u00f3n de \\u20b51.200 millones\",\"previousItem\":{\"@type\":\"ListItem\",\"@id\":\"https:\\\/\\\/staytv.cr\\\/index.php\\\/category\\\/nacional\\\/#listItem\",\"name\":\"NACIONAL\"}}]},{\"@type\":\"Organization\",\"@id\":\"https:\\\/\\\/staytv.cr\\\/#organization\",\"name\":\"Stay TV\",\"description\":\"Stay TV es un medio digital de noticias con base en Centroam\\u00e9rica, con cobertura local e internacional desde una mirada asi\\u00e1tica.\",\"url\":\"https:\\\/\\\/staytv.cr\\\/\",\"logo\":{\"@type\":\"ImageObject\",\"url\":\"https:\\\/\\\/staytv.cr\\\/wp-content\\\/uploads\\\/cropped-StayTV_logo_oficial_simple.png\",\"@id\":\"https:\\\/\\\/staytv.cr\\\/index.php\\\/2025\\\/07\\\/17\\\/ministra-de-salud-culpa-a-contra\\\/#organizationLogo\",\"width\":2560,\"height\":769},\"image\":{\"@id\":\"https:\\\/\\\/staytv.cr\\\/index.php\\\/2025\\\/07\\\/17\\\/ministra-de-salud-culpa-a-contra\\\/#organizationLogo\"},\"sameAs\":[\"https:\\\/\\\/www.instagram.com\\\/staytvcr\\\/\"]},{\"@type\":\"Person\",\"@id\":\"https:\\\/\\\/staytv.cr\\\/index.php\\\/author\\\/diegostaytv\\\/#author\",\"url\":\"https:\\\/\\\/staytv.cr\\\/index.php\\\/author\\\/diegostaytv\\\/\",\"name\":\"Diego Molina\",\"image\":{\"@type\":\"ImageObject\",\"url\":\"https:\\\/\\\/secure.gravatar.com\\\/avatar\\\/7d23cb63381aa64750c7e76727c208369ebd6f2565e9dc4c62e323b1ea59af41?s=96&d=mm&r=g\"}},{\"@type\":\"WebPage\",\"@id\":\"https:\\\/\\\/staytv.cr\\\/index.php\\\/2025\\\/07\\\/17\\\/ministra-de-salud-culpa-a-contra\\\/#webpage\",\"url\":\"https:\\\/\\\/staytv.cr\\\/index.php\\\/2025\\\/07\\\/17\\\/ministra-de-salud-culpa-a-contra\\\/\",\"name\":\"Ministra de Salud culpa a Contralor\\u00eda por atraso en proyectos y devoluci\\u00f3n de \\u20b51.200 millones - Staytv\",\"description\":\"San Jos\\u00e9, 17 de julio de 2025 \\u2013 La ministra de Salud, Dra. Mary Munive Angerm\\u00fcller, responsabiliz\\u00f3 directamente a la Contralor\\u00eda General de la Rep\\u00fablica por la paralizaci\\u00f3n de m\\u00faltiples gestiones institucionales y la devoluci\\u00f3n de m\\u00e1s de \\u20b51.200 millones, a causa de tr\\u00e1mites que, seg\\u00fan denunci\\u00f3, no fueron resueltos en tiempo y forma. Durante\",\"inLanguage\":\"es-ES\",\"isPartOf\":{\"@id\":\"https:\\\/\\\/staytv.cr\\\/#website\"},\"breadcrumb\":{\"@id\":\"https:\\\/\\\/staytv.cr\\\/index.php\\\/2025\\\/07\\\/17\\\/ministra-de-salud-culpa-a-contra\\\/#breadcrumblist\"},\"author\":{\"@id\":\"https:\\\/\\\/staytv.cr\\\/index.php\\\/author\\\/diegostaytv\\\/#author\"},\"creator\":{\"@id\":\"https:\\\/\\\/staytv.cr\\\/index.php\\\/author\\\/diegostaytv\\\/#author\"},\"image\":{\"@type\":\"ImageObject\",\"url\":\"https:\\\/\\\/staytv.cr\\\/wp-content\\\/uploads\\\/Sin-titulo-9-47.png\",\"@id\":\"https:\\\/\\\/staytv.cr\\\/index.php\\\/2025\\\/07\\\/17\\\/ministra-de-salud-culpa-a-contra\\\/#mainImage\",\"width\":1280,\"height\":720},\"primaryImageOfPage\":{\"@id\":\"https:\\\/\\\/staytv.cr\\\/index.php\\\/2025\\\/07\\\/17\\\/ministra-de-salud-culpa-a-contra\\\/#mainImage\"},\"datePublished\":\"2025-07-17T13:20:03-06:00\",\"dateModified\":\"2025-07-17T13:23:25-06:00\"},{\"@type\":\"WebSite\",\"@id\":\"https:\\\/\\\/staytv.cr\\\/#website\",\"url\":\"https:\\\/\\\/staytv.cr\\\/\",\"name\":\"Staytv\",\"description\":\"Medio de comunicaci\\u00f3n digital de Costa Rica.\",\"inLanguage\":\"es-ES\",\"publisher\":{\"@id\":\"https:\\\/\\\/staytv.cr\\\/#organization\"}}]}\n\t\t<\/script>\n\t\t<!-- All in One SEO Pro -->\r\n\t\t<title>Ministra de Salud culpa a Contralor\u00eda por atraso en proyectos y devoluci\u00f3n de \u20b51.200 millones - Staytv<\/title>\n\n","aioseo_head_json":{"title":"Ministra de Salud culpa a Contralor\u00eda por atraso en proyectos y devoluci\u00f3n de \u20b51.200 millones - Staytv","description":"San Jos\u00e9, 17 de julio de 2025 \u2013 La ministra de Salud, Dra. Mary Munive Angerm\u00fcller, responsabiliz\u00f3 directamente a la Contralor\u00eda General de la Rep\u00fablica por la paralizaci\u00f3n de m\u00faltiples gestiones institucionales y la devoluci\u00f3n de m\u00e1s de \u20b51.200 millones, a causa de tr\u00e1mites que, seg\u00fan denunci\u00f3, no fueron resueltos en tiempo y forma. Durante","canonical_url":"https:\/\/staytv.cr\/index.php\/2025\/07\/17\/ministra-de-salud-culpa-a-contra\/","robots":"max-image-preview:large","keywords":"","webmasterTools":{"miscellaneous":""},"schema":{"@context":"https:\/\/schema.org","@graph":[{"@type":"BreadcrumbList","@id":"https:\/\/staytv.cr\/index.php\/2025\/07\/17\/ministra-de-salud-culpa-a-contra\/#breadcrumblist","itemListElement":[{"@type":"ListItem","@id":"https:\/\/staytv.cr#listItem","position":1,"name":"Home","item":"https:\/\/staytv.cr","nextItem":{"@type":"ListItem","@id":"https:\/\/staytv.cr\/index.php\/category\/nacional\/#listItem","name":"NACIONAL"}},{"@type":"ListItem","@id":"https:\/\/staytv.cr\/index.php\/category\/nacional\/#listItem","position":2,"name":"NACIONAL","item":"https:\/\/staytv.cr\/index.php\/category\/nacional\/","nextItem":{"@type":"ListItem","@id":"https:\/\/staytv.cr\/index.php\/2025\/07\/17\/ministra-de-salud-culpa-a-contra\/#listItem","name":"Ministra de Salud culpa a Contralor\u00eda por atraso en proyectos y devoluci\u00f3n de \u20b51.200 millones"},"previousItem":{"@type":"ListItem","@id":"https:\/\/staytv.cr#listItem","name":"Home"}},{"@type":"ListItem","@id":"https:\/\/staytv.cr\/index.php\/2025\/07\/17\/ministra-de-salud-culpa-a-contra\/#listItem","position":3,"name":"Ministra de Salud culpa a Contralor\u00eda por atraso en proyectos y devoluci\u00f3n de \u20b51.200 millones","previousItem":{"@type":"ListItem","@id":"https:\/\/staytv.cr\/index.php\/category\/nacional\/#listItem","name":"NACIONAL"}}]},{"@type":"Organization","@id":"https:\/\/staytv.cr\/#organization","name":"Stay TV","description":"Stay TV es un medio digital de noticias con base en Centroam\u00e9rica, con cobertura local e internacional desde una mirada asi\u00e1tica.","url":"https:\/\/staytv.cr\/","logo":{"@type":"ImageObject","url":"https:\/\/staytv.cr\/wp-content\/uploads\/cropped-StayTV_logo_oficial_simple.png","@id":"https:\/\/staytv.cr\/index.php\/2025\/07\/17\/ministra-de-salud-culpa-a-contra\/#organizationLogo","width":2560,"height":769},"image":{"@id":"https:\/\/staytv.cr\/index.php\/2025\/07\/17\/ministra-de-salud-culpa-a-contra\/#organizationLogo"},"sameAs":["https:\/\/www.instagram.com\/staytvcr\/"]},{"@type":"Person","@id":"https:\/\/staytv.cr\/index.php\/author\/diegostaytv\/#author","url":"https:\/\/staytv.cr\/index.php\/author\/diegostaytv\/","name":"Diego Molina","image":{"@type":"ImageObject","url":"https:\/\/secure.gravatar.com\/avatar\/7d23cb63381aa64750c7e76727c208369ebd6f2565e9dc4c62e323b1ea59af41?s=96&d=mm&r=g"}},{"@type":"WebPage","@id":"https:\/\/staytv.cr\/index.php\/2025\/07\/17\/ministra-de-salud-culpa-a-contra\/#webpage","url":"https:\/\/staytv.cr\/index.php\/2025\/07\/17\/ministra-de-salud-culpa-a-contra\/","name":"Ministra de Salud culpa a Contralor\u00eda por atraso en proyectos y devoluci\u00f3n de \u20b51.200 millones - Staytv","description":"San Jos\u00e9, 17 de julio de 2025 \u2013 La ministra de Salud, Dra. Mary Munive Angerm\u00fcller, responsabiliz\u00f3 directamente a la Contralor\u00eda General de la Rep\u00fablica por la paralizaci\u00f3n de m\u00faltiples gestiones institucionales y la devoluci\u00f3n de m\u00e1s de \u20b51.200 millones, a causa de tr\u00e1mites que, seg\u00fan denunci\u00f3, no fueron resueltos en tiempo y forma. Durante","inLanguage":"es-ES","isPartOf":{"@id":"https:\/\/staytv.cr\/#website"},"breadcrumb":{"@id":"https:\/\/staytv.cr\/index.php\/2025\/07\/17\/ministra-de-salud-culpa-a-contra\/#breadcrumblist"},"author":{"@id":"https:\/\/staytv.cr\/index.php\/author\/diegostaytv\/#author"},"creator":{"@id":"https:\/\/staytv.cr\/index.php\/author\/diegostaytv\/#author"},"image":{"@type":"ImageObject","url":"https:\/\/staytv.cr\/wp-content\/uploads\/Sin-titulo-9-47.png","@id":"https:\/\/staytv.cr\/index.php\/2025\/07\/17\/ministra-de-salud-culpa-a-contra\/#mainImage","width":1280,"height":720},"primaryImageOfPage":{"@id":"https:\/\/staytv.cr\/index.php\/2025\/07\/17\/ministra-de-salud-culpa-a-contra\/#mainImage"},"datePublished":"2025-07-17T13:20:03-06:00","dateModified":"2025-07-17T13:23:25-06:00"},{"@type":"WebSite","@id":"https:\/\/staytv.cr\/#website","url":"https:\/\/staytv.cr\/","name":"Staytv","description":"Medio de comunicaci\u00f3n digital de Costa Rica.","inLanguage":"es-ES","publisher":{"@id":"https:\/\/staytv.cr\/#organization"}}]},"og:locale":"es_ES","og:site_name":"Staytv - Medio de comunicaci\u00f3n digital de Costa Rica.","og:type":"article","og:title":"Ministra de Salud culpa a Contralor\u00eda por atraso en proyectos y devoluci\u00f3n de \u20b51.200 millones - Staytv","og:description":"San Jos\u00e9, 17 de julio de 2025 \u2013 La ministra de Salud, Dra. Mary Munive Angerm\u00fcller, responsabiliz\u00f3 directamente a la Contralor\u00eda General de la Rep\u00fablica por la paralizaci\u00f3n de m\u00faltiples gestiones institucionales y la devoluci\u00f3n de m\u00e1s de \u20b51.200 millones, a causa de tr\u00e1mites que, seg\u00fan denunci\u00f3, no fueron resueltos en tiempo y forma. Durante","og:url":"https:\/\/staytv.cr\/index.php\/2025\/07\/17\/ministra-de-salud-culpa-a-contra\/","og:image":"https:\/\/staytv.cr\/wp-content\/uploads\/Sin-titulo-9-47.png","og:image:secure_url":"https:\/\/staytv.cr\/wp-content\/uploads\/Sin-titulo-9-47.png","og:image:width":1280,"og:image:height":720,"article:published_time":"2025-07-17T19:20:03+00:00","article:modified_time":"2025-07-17T19:23:25+00:00","article:publisher":"https:\/\/www.facebook.com\/staytvcr","twitter:card":"summary_large_image","twitter:title":"Ministra de Salud culpa a Contralor\u00eda por atraso en proyectos y devoluci\u00f3n de \u20b51.200 millones - Staytv","twitter:description":"San Jos\u00e9, 17 de julio de 2025 \u2013 La ministra de Salud, Dra. Mary Munive Angerm\u00fcller, responsabiliz\u00f3 directamente a la Contralor\u00eda General de la Rep\u00fablica por la paralizaci\u00f3n de m\u00faltiples gestiones institucionales y la devoluci\u00f3n de m\u00e1s de \u20b51.200 millones, a causa de tr\u00e1mites que, seg\u00fan denunci\u00f3, no fueron resueltos en tiempo y forma. Durante","twitter:image":"https:\/\/staytv.cr\/wp-content\/uploads\/Sin-titulo-9-47.png"},"aioseo_meta_data":[],"aioseo_breadcrumb":"<div class=\"aioseo-breadcrumbs\"><span class=\"aioseo-breadcrumb\">\n\t<a href=\"https:\/\/staytv.cr\" title=\"Home\">Home<\/a>\n<\/span><span class=\"aioseo-breadcrumb-separator\">&raquo;<\/span><span class=\"aioseo-breadcrumb\">\n\t<a href=\"https:\/\/staytv.cr\/index.php\/category\/nacional\/\" title=\"NACIONAL\">NACIONAL<\/a>\n<\/span><span class=\"aioseo-breadcrumb-separator\">&raquo;<\/span><span class=\"aioseo-breadcrumb\">\n\tMinistra de Salud culpa a Contralor\u00eda por atraso en proyectos y devoluci\u00f3n de \u20b51.200 millones\n<\/span><\/div>","aioseo_breadcrumb_json":[{"label":"Home","link":"https:\/\/staytv.cr"},{"label":"NACIONAL","link":"https:\/\/staytv.cr\/index.php\/category\/nacional\/"},{"label":"Ministra de Salud culpa a Contralor\u00eda por atraso en proyectos y devoluci\u00f3n de \u20b51.200 millones","link":"https:\/\/staytv.cr\/index.php\/2025\/07\/17\/ministra-de-salud-culpa-a-contra\/"}],"_links":{"self":[{"href":"https:\/\/staytv.cr\/index.php\/wp-json\/wp\/v2\/posts\/15028","targetHints":{"allow":["GET"]}}],"collection":[{"href":"https:\/\/staytv.cr\/index.php\/wp-json\/wp\/v2\/posts"}],"about":[{"href":"https:\/\/staytv.cr\/index.php\/wp-json\/wp\/v2\/types\/post"}],"author":[{"embeddable":true,"href":"https:\/\/staytv.cr\/index.php\/wp-json\/wp\/v2\/users\/10"}],"replies":[{"embeddable":true,"href":"https:\/\/staytv.cr\/index.php\/wp-json\/wp\/v2\/comments?post=15028"}],"version-history":[{"count":1,"href":"https:\/\/staytv.cr\/index.php\/wp-json\/wp\/v2\/posts\/15028\/revisions"}],"predecessor-version":[{"id":15030,"href":"https:\/\/staytv.cr\/index.php\/wp-json\/wp\/v2\/posts\/15028\/revisions\/15030"}],"wp:featuredmedia":[{"embeddable":true,"href":"https:\/\/staytv.cr\/index.php\/wp-json\/wp\/v2\/media\/15029"}],"wp:attachment":[{"href":"https:\/\/staytv.cr\/index.php\/wp-json\/wp\/v2\/media?parent=15028"}],"wp:term":[{"taxonomy":"category","embeddable":true,"href":"https:\/\/staytv.cr\/index.php\/wp-json\/wp\/v2\/categories?post=15028"},{"taxonomy":"post_tag","embeddable":true,"href":"https:\/\/staytv.cr\/index.php\/wp-json\/wp\/v2\/tags?post=15028"}],"curies":[{"name":"wp","href":"https:\/\/api.w.org\/{rel}","templated":true}]}}