{"id":15055,"date":"2025-07-17T16:46:50","date_gmt":"2025-07-17T22:46:50","guid":{"rendered":"https:\/\/staytv-net-559754.hostingersite.com\/?p=15055"},"modified":"2025-08-03T00:53:13","modified_gmt":"2025-08-03T06:53:13","slug":"oij-decomisa-especies-en-peligro-de-extincion-en-local-comercial-de-coronado","status":"publish","type":"post","link":"https:\/\/staytv.cr\/index.php\/2025\/07\/17\/oij-decomisa-especies-en-peligro-de-extincion-en-local-comercial-de-coronado\/","title":{"rendered":"OIJ decomisa especies en peligro de extinci\u00f3n en local comercial de Coronado"},"content":{"rendered":"<p data-start=\"160\" data-end=\"487\"><strong data-start=\"160\" data-end=\"194\">San Jos\u00e9, 17 de julio de 2025.<\/strong> Agentes de la Secci\u00f3n Especializada Contra los Delitos Medioambientales del Organismo de Investigaci\u00f3n Judicial (OIJ) realizaron un allanamiento en un local comercial en <strong data-start=\"365\" data-end=\"377\">Coronado<\/strong>, donde encontraron diversas especies silvestres que, al parecer, eran <strong data-start=\"448\" data-end=\"470\">ofrecidas en venta<\/strong> de forma ilegal.<\/p>\n<div id='gallery-1' class='gallery galleryid-15055 gallery-columns-2 gallery-size-full'><figure class='gallery-item'>\n\t\t\t<div class='gallery-icon landscape'>\n\t\t\t\t<a href='https:\/\/staytv.cr\/index.php\/2025\/07\/17\/oij-decomisa-especies-en-peligro-de-extincion-en-local-comercial-de-coronado\/img-20250717-wa0173\/'><img decoding=\"async\" width=\"1280\" height=\"774\" data-src=\"https:\/\/staytv.cr\/wp-content\/uploads\/IMG-20250717-WA0173.jpg\" class=\"attachment-full size-full lazyload\" alt=\"\" src=\"data:image\/svg+xml;base64,PHN2ZyB3aWR0aD0iMSIgaGVpZ2h0PSIxIiB4bWxucz0iaHR0cDovL3d3dy53My5vcmcvMjAwMC9zdmciPjwvc3ZnPg==\" style=\"--smush-placeholder-width: 1280px; --smush-placeholder-aspect-ratio: 1280\/774;\" data-srcset=\"https:\/\/staytv.cr\/wp-content\/uploads\/IMG-20250717-WA0173.jpg 1280w, https:\/\/staytv.cr\/wp-content\/uploads\/IMG-20250717-WA0173-300x181.jpg 300w, https:\/\/staytv.cr\/wp-content\/uploads\/IMG-20250717-WA0173-1024x619.jpg 1024w, https:\/\/staytv.cr\/wp-content\/uploads\/IMG-20250717-WA0173-150x91.jpg 150w, https:\/\/staytv.cr\/wp-content\/uploads\/IMG-20250717-WA0173-768x464.jpg 768w, https:\/\/staytv.cr\/wp-content\/uploads\/IMG-20250717-WA0173-860x520.jpg 860w\" data-sizes=\"auto\" data-original-sizes=\"(max-width: 1280px) 100vw, 1280px\" \/><\/a>\n\t\t\t<\/div><\/figure><figure class='gallery-item'>\n\t\t\t<div class='gallery-icon landscape'>\n\t\t\t\t<a href='https:\/\/staytv.cr\/index.php\/2025\/07\/17\/oij-decomisa-especies-en-peligro-de-extincion-en-local-comercial-de-coronado\/img-20250717-wa0171\/'><img decoding=\"async\" width=\"913\" height=\"620\" data-src=\"https:\/\/staytv.cr\/wp-content\/uploads\/IMG-20250717-WA0171.jpg\" class=\"attachment-full size-full lazyload\" alt=\"\" src=\"data:image\/svg+xml;base64,PHN2ZyB3aWR0aD0iMSIgaGVpZ2h0PSIxIiB4bWxucz0iaHR0cDovL3d3dy53My5vcmcvMjAwMC9zdmciPjwvc3ZnPg==\" style=\"--smush-placeholder-width: 913px; --smush-placeholder-aspect-ratio: 913\/620;\" data-srcset=\"https:\/\/staytv.cr\/wp-content\/uploads\/IMG-20250717-WA0171.jpg 913w, https:\/\/staytv.cr\/wp-content\/uploads\/IMG-20250717-WA0171-300x204.jpg 300w, https:\/\/staytv.cr\/wp-content\/uploads\/IMG-20250717-WA0171-150x102.jpg 150w, https:\/\/staytv.cr\/wp-content\/uploads\/IMG-20250717-WA0171-768x522.jpg 768w, https:\/\/staytv.cr\/wp-content\/uploads\/IMG-20250717-WA0171-860x584.jpg 860w\" data-sizes=\"auto\" data-original-sizes=\"(max-width: 913px) 100vw, 913px\" \/><\/a>\n\t\t\t<\/div><\/figure><figure class='gallery-item'>\n\t\t\t<div class='gallery-icon portrait'>\n\t\t\t\t<a href='https:\/\/staytv.cr\/index.php\/2025\/07\/17\/oij-decomisa-especies-en-peligro-de-extincion-en-local-comercial-de-coronado\/img-20250717-wa0170\/'><img decoding=\"async\" width=\"543\" height=\"1065\" data-src=\"https:\/\/staytv.cr\/wp-content\/uploads\/IMG-20250717-WA0170.jpg\" class=\"attachment-full size-full lazyload\" alt=\"\" src=\"data:image\/svg+xml;base64,PHN2ZyB3aWR0aD0iMSIgaGVpZ2h0PSIxIiB4bWxucz0iaHR0cDovL3d3dy53My5vcmcvMjAwMC9zdmciPjwvc3ZnPg==\" style=\"--smush-placeholder-width: 543px; --smush-placeholder-aspect-ratio: 543\/1065;\" data-srcset=\"https:\/\/staytv.cr\/wp-content\/uploads\/IMG-20250717-WA0170.jpg 543w, https:\/\/staytv.cr\/wp-content\/uploads\/IMG-20250717-WA0170-153x300.jpg 153w, https:\/\/staytv.cr\/wp-content\/uploads\/IMG-20250717-WA0170-522x1024.jpg 522w, https:\/\/staytv.cr\/wp-content\/uploads\/IMG-20250717-WA0170-76x150.jpg 76w\" data-sizes=\"auto\" data-original-sizes=\"(max-width: 543px) 100vw, 543px\" \/><\/a>\n\t\t\t<\/div><\/figure><figure class='gallery-item'>\n\t\t\t<div class='gallery-icon landscape'>\n\t\t\t\t<a href='https:\/\/staytv.cr\/index.php\/2025\/07\/17\/oij-decomisa-especies-en-peligro-de-extincion-en-local-comercial-de-coronado\/img-20250717-wa0169\/'><img decoding=\"async\" width=\"888\" height=\"619\" data-src=\"https:\/\/staytv.cr\/wp-content\/uploads\/IMG-20250717-WA0169.jpg\" class=\"attachment-full size-full lazyload\" alt=\"\" src=\"data:image\/svg+xml;base64,PHN2ZyB3aWR0aD0iMSIgaGVpZ2h0PSIxIiB4bWxucz0iaHR0cDovL3d3dy53My5vcmcvMjAwMC9zdmciPjwvc3ZnPg==\" style=\"--smush-placeholder-width: 888px; --smush-placeholder-aspect-ratio: 888\/619;\" data-srcset=\"https:\/\/staytv.cr\/wp-content\/uploads\/IMG-20250717-WA0169.jpg 888w, https:\/\/staytv.cr\/wp-content\/uploads\/IMG-20250717-WA0169-300x209.jpg 300w, https:\/\/staytv.cr\/wp-content\/uploads\/IMG-20250717-WA0169-150x105.jpg 150w, https:\/\/staytv.cr\/wp-content\/uploads\/IMG-20250717-WA0169-768x535.jpg 768w, https:\/\/staytv.cr\/wp-content\/uploads\/IMG-20250717-WA0169-860x599.jpg 860w\" data-sizes=\"auto\" data-original-sizes=\"(max-width: 888px) 100vw, 888px\" \/><\/a>\n\t\t\t<\/div><\/figure>\n\t\t<\/div>\n\n<p data-start=\"489\" data-end=\"941\">Entre las especies decomisadas destacan <strong data-start=\"529\" data-end=\"599\">dos ejemplares de axolote mexicano o ajolote (Ambystoma mexicanum)<\/strong>, una especie de salamandra que se encuentra en <strong data-start=\"647\" data-end=\"679\">peligro cr\u00edtico de extinci\u00f3n<\/strong>, seg\u00fan la Lista Roja de la Uni\u00f3n Internacional para la Conservaci\u00f3n de la Naturaleza (UICN). Esta especie ha sido severamente afectada por la <strong data-start=\"822\" data-end=\"844\">p\u00e9rdida de h\u00e1bitat<\/strong>, la <strong data-start=\"849\" data-end=\"887\">introducci\u00f3n de especies invasoras<\/strong>, la <strong data-start=\"892\" data-end=\"909\">contaminaci\u00f3n<\/strong> y la <strong data-start=\"915\" data-end=\"940\">explotaci\u00f3n comercial<\/strong>.<\/p>\n<p data-start=\"943\" data-end=\"1123\">Adem\u00e1s de los ajolotes, los agentes del OIJ tambi\u00e9n decomisaron <strong data-start=\"1007\" data-end=\"1022\">11 tortugas<\/strong>, cuyo estatus legal y estado de conservaci\u00f3n est\u00e1n siendo valorados por las autoridades ambientales.<\/p>\n<p data-start=\"1125\" data-end=\"1347\">Todos los animales fueron trasladados al <strong data-start=\"1166\" data-end=\"1204\">Refugio de Vida Silvestre Wildlife<\/strong>, centro autorizado por el <strong data-start=\"1231\" data-end=\"1284\">Sistema Nacional de \u00c1reas de Conservaci\u00f3n (SINAC)<\/strong> para el manejo y protecci\u00f3n de especies silvestres rescatadas.<\/p>\n<p data-start=\"1349\" data-end=\"1732\" data-is-last-node=\"\" data-is-only-node=\"\">La investigaci\u00f3n contin\u00faa para determinar la responsabilidad de los propietarios del local comercial y establecer si existen m\u00e1s especies afectadas por esta pr\u00e1ctica ilegal. Las autoridades recordaron que la <strong data-start=\"1557\" data-end=\"1644\">venta no autorizada de fauna silvestre est\u00e1 penada por la legislaci\u00f3n costarricense<\/strong>, debido al grave impacto que representa para la biodiversidad nacional e internacional.<\/p>\n","protected":false},"excerpt":{"rendered":"<p>San Jos\u00e9, 17 de julio de 2025. Agentes de la Secci\u00f3n Es [&hellip;]<\/p>\n","protected":false},"author":10,"featured_media":15060,"comment_status":"closed","ping_status":"open","sticky":false,"template":"","format":"standard","meta":{"_monsterinsights_skip_tracking":false,"_monsterinsights_sitenote_active":false,"_monsterinsights_sitenote_note":"","_monsterinsights_sitenote_category":0,"episode_type":"","audio_file":"","podmotor_file_id":"","podmotor_episode_id":"","cover_image":"","cover_image_id":"","duration":"","filesize":"","filesize_raw":"","date_recorded":"","explicit":"","block":"","itunes_episode_number":"","itunes_title":"","itunes_season_number":"","itunes_episode_type":"","footnotes":""},"categories":[1],"tags":[],"class_list":["post-15055","post","type-post","status-publish","format-standard","has-post-thumbnail","category-sucesos"],"aioseo_notices":[],"aioseo_head":"\n\t\t<!-- All in One SEO Pro 4.8.3.2 - aioseo.com -->\n\t<meta name=\"description\" content=\"San Jos\u00e9, 17 de julio de 2025. Agentes de la Secci\u00f3n Es\" \/>\n\t<meta name=\"robots\" content=\"max-image-preview:large\" \/>\n\t<meta name=\"author\" content=\"Diego Molina\"\/>\n\t<link rel=\"canonical\" href=\"https:\/\/staytv.cr\/index.php\/2025\/07\/17\/oij-decomisa-especies-en-peligro-de-extincion-en-local-comercial-de-coronado\/\" \/>\n\t<meta name=\"generator\" content=\"All in One SEO Pro (AIOSEO) 4.8.3.2\" \/>\n\t\t<meta property=\"og:locale\" content=\"zh_TW\" \/>\n\t\t<meta property=\"og:site_name\" content=\"Staytv - Medio de comunicaci\u00f3n digital de Costa Rica.\" \/>\n\t\t<meta property=\"og:type\" content=\"article\" \/>\n\t\t<meta property=\"og:title\" content=\"OIJ decomisa especies en peligro de extinci\u00f3n en local comercial de Coronado - Staytv\" \/>\n\t\t<meta property=\"og:description\" content=\"San Jos\u00e9, 17 de julio de 2025. Agentes de la Secci\u00f3n Es\" \/>\n\t\t<meta property=\"og:url\" content=\"https:\/\/staytv.cr\/index.php\/2025\/07\/17\/oij-decomisa-especies-en-peligro-de-extincion-en-local-comercial-de-coronado\/\" \/>\n\t\t<meta property=\"og:image\" content=\"https:\/\/staytv.cr\/wp-content\/uploads\/Sin-titulo-15-39.png\" \/>\n\t\t<meta property=\"og:image:secure_url\" content=\"https:\/\/staytv.cr\/wp-content\/uploads\/Sin-titulo-15-39.png\" \/>\n\t\t<meta property=\"og:image:width\" content=\"1280\" \/>\n\t\t<meta property=\"og:image:height\" content=\"720\" \/>\n\t\t<meta property=\"article:published_time\" content=\"2025-07-17T22:46:50+00:00\" \/>\n\t\t<meta property=\"article:modified_time\" content=\"2025-08-03T06:53:13+00:00\" \/>\n\t\t<meta property=\"article:publisher\" content=\"https:\/\/www.facebook.com\/staytvcr\" \/>\n\t\t<meta name=\"twitter:card\" content=\"summary_large_image\" \/>\n\t\t<meta name=\"twitter:title\" content=\"OIJ decomisa especies en peligro de extinci\u00f3n en local comercial de Coronado - Staytv\" \/>\n\t\t<meta name=\"twitter:description\" content=\"San Jos\u00e9, 17 de julio de 2025. Agentes de la Secci\u00f3n Es\" \/>\n\t\t<meta name=\"twitter:image\" content=\"https:\/\/staytv.cr\/wp-content\/uploads\/Sin-titulo-15-39.png\" \/>\n\t\t<script type=\"application\/ld+json\" class=\"aioseo-schema\">\n\t\t\t{\"@context\":\"https:\\\/\\\/schema.org\",\"@graph\":[{\"@type\":\"BreadcrumbList\",\"@id\":\"https:\\\/\\\/staytv.cr\\\/index.php\\\/2025\\\/07\\\/17\\\/oij-decomisa-especies-en-peligro-de-extincion-en-local-comercial-de-coronado\\\/#breadcrumblist\",\"itemListElement\":[{\"@type\":\"ListItem\",\"@id\":\"https:\\\/\\\/staytv.cr#listItem\",\"position\":1,\"name\":\"Home\",\"item\":\"https:\\\/\\\/staytv.cr\",\"nextItem\":{\"@type\":\"ListItem\",\"@id\":\"https:\\\/\\\/staytv.cr\\\/index.php\\\/category\\\/sucesos\\\/#listItem\",\"name\":\"SUCESOS\"}},{\"@type\":\"ListItem\",\"@id\":\"https:\\\/\\\/staytv.cr\\\/index.php\\\/category\\\/sucesos\\\/#listItem\",\"position\":2,\"name\":\"SUCESOS\",\"item\":\"https:\\\/\\\/staytv.cr\\\/index.php\\\/category\\\/sucesos\\\/\",\"nextItem\":{\"@type\":\"ListItem\",\"@id\":\"https:\\\/\\\/staytv.cr\\\/index.php\\\/2025\\\/07\\\/17\\\/oij-decomisa-especies-en-peligro-de-extincion-en-local-comercial-de-coronado\\\/#listItem\",\"name\":\"OIJ decomisa especies en peligro de extinci\\u00f3n en local comercial de Coronado\"},\"previousItem\":{\"@type\":\"ListItem\",\"@id\":\"https:\\\/\\\/staytv.cr#listItem\",\"name\":\"Home\"}},{\"@type\":\"ListItem\",\"@id\":\"https:\\\/\\\/staytv.cr\\\/index.php\\\/2025\\\/07\\\/17\\\/oij-decomisa-especies-en-peligro-de-extincion-en-local-comercial-de-coronado\\\/#listItem\",\"position\":3,\"name\":\"OIJ decomisa especies en peligro de extinci\\u00f3n en local comercial de Coronado\",\"previousItem\":{\"@type\":\"ListItem\",\"@id\":\"https:\\\/\\\/staytv.cr\\\/index.php\\\/category\\\/sucesos\\\/#listItem\",\"name\":\"SUCESOS\"}}]},{\"@type\":\"Organization\",\"@id\":\"https:\\\/\\\/staytv.cr\\\/#organization\",\"name\":\"Stay TV\",\"description\":\"Stay TV es un medio digital de noticias con base en Centroam\\u00e9rica, con cobertura local e internacional desde una mirada asi\\u00e1tica.\",\"url\":\"https:\\\/\\\/staytv.cr\\\/\",\"logo\":{\"@type\":\"ImageObject\",\"url\":\"https:\\\/\\\/staytv.cr\\\/wp-content\\\/uploads\\\/cropped-StayTV_logo_oficial_simple.png\",\"@id\":\"https:\\\/\\\/staytv.cr\\\/index.php\\\/2025\\\/07\\\/17\\\/oij-decomisa-especies-en-peligro-de-extincion-en-local-comercial-de-coronado\\\/#organizationLogo\",\"width\":2560,\"height\":769},\"image\":{\"@id\":\"https:\\\/\\\/staytv.cr\\\/index.php\\\/2025\\\/07\\\/17\\\/oij-decomisa-especies-en-peligro-de-extincion-en-local-comercial-de-coronado\\\/#organizationLogo\"},\"sameAs\":[\"https:\\\/\\\/www.instagram.com\\\/staytvcr\\\/\"]},{\"@type\":\"Person\",\"@id\":\"https:\\\/\\\/staytv.cr\\\/index.php\\\/author\\\/diegostaytv\\\/#author\",\"url\":\"https:\\\/\\\/staytv.cr\\\/index.php\\\/author\\\/diegostaytv\\\/\",\"name\":\"Diego Molina\",\"image\":{\"@type\":\"ImageObject\",\"url\":\"https:\\\/\\\/secure.gravatar.com\\\/avatar\\\/7d23cb63381aa64750c7e76727c208369ebd6f2565e9dc4c62e323b1ea59af41?s=96&d=mm&r=g\"}},{\"@type\":\"WebPage\",\"@id\":\"https:\\\/\\\/staytv.cr\\\/index.php\\\/2025\\\/07\\\/17\\\/oij-decomisa-especies-en-peligro-de-extincion-en-local-comercial-de-coronado\\\/#webpage\",\"url\":\"https:\\\/\\\/staytv.cr\\\/index.php\\\/2025\\\/07\\\/17\\\/oij-decomisa-especies-en-peligro-de-extincion-en-local-comercial-de-coronado\\\/\",\"name\":\"OIJ decomisa especies en peligro de extinci\\u00f3n en local comercial de Coronado - Staytv\",\"description\":\"San Jos\\u00e9, 17 de julio de 2025. Agentes de la Secci\\u00f3n Es\",\"inLanguage\":\"zh-TW\",\"isPartOf\":{\"@id\":\"https:\\\/\\\/staytv.cr\\\/#website\"},\"breadcrumb\":{\"@id\":\"https:\\\/\\\/staytv.cr\\\/index.php\\\/2025\\\/07\\\/17\\\/oij-decomisa-especies-en-peligro-de-extincion-en-local-comercial-de-coronado\\\/#breadcrumblist\"},\"author\":{\"@id\":\"https:\\\/\\\/staytv.cr\\\/index.php\\\/author\\\/diegostaytv\\\/#author\"},\"creator\":{\"@id\":\"https:\\\/\\\/staytv.cr\\\/index.php\\\/author\\\/diegostaytv\\\/#author\"},\"image\":{\"@type\":\"ImageObject\",\"url\":\"https:\\\/\\\/staytv.cr\\\/wp-content\\\/uploads\\\/Sin-titulo-15-39.png\",\"@id\":\"https:\\\/\\\/staytv.cr\\\/index.php\\\/2025\\\/07\\\/17\\\/oij-decomisa-especies-en-peligro-de-extincion-en-local-comercial-de-coronado\\\/#mainImage\",\"width\":1280,\"height\":720},\"primaryImageOfPage\":{\"@id\":\"https:\\\/\\\/staytv.cr\\\/index.php\\\/2025\\\/07\\\/17\\\/oij-decomisa-especies-en-peligro-de-extincion-en-local-comercial-de-coronado\\\/#mainImage\"},\"datePublished\":\"2025-07-17T16:46:50-06:00\",\"dateModified\":\"2025-08-03T00:53:13-06:00\"},{\"@type\":\"WebSite\",\"@id\":\"https:\\\/\\\/staytv.cr\\\/#website\",\"url\":\"https:\\\/\\\/staytv.cr\\\/\",\"name\":\"Staytv\",\"description\":\"Medio de comunicaci\\u00f3n digital de Costa Rica.\",\"inLanguage\":\"zh-TW\",\"publisher\":{\"@id\":\"https:\\\/\\\/staytv.cr\\\/#organization\"}}]}\n\t\t<\/script>\n\t\t<!-- All in One SEO Pro -->\r\n\t\t<title>OIJ decomisa especies en peligro de extinci\u00f3n en local comercial de Coronado - Staytv<\/title>\n\n","aioseo_head_json":{"title":"OIJ decomisa especies en peligro de extinci\u00f3n en local comercial de Coronado - Staytv","description":"San Jos\u00e9, 17 de julio de 2025. Agentes de la Secci\u00f3n Es","canonical_url":"https:\/\/staytv.cr\/index.php\/2025\/07\/17\/oij-decomisa-especies-en-peligro-de-extincion-en-local-comercial-de-coronado\/","robots":"max-image-preview:large","keywords":"","webmasterTools":{"miscellaneous":""},"schema":{"@context":"https:\/\/schema.org","@graph":[{"@type":"BreadcrumbList","@id":"https:\/\/staytv.cr\/index.php\/2025\/07\/17\/oij-decomisa-especies-en-peligro-de-extincion-en-local-comercial-de-coronado\/#breadcrumblist","itemListElement":[{"@type":"ListItem","@id":"https:\/\/staytv.cr#listItem","position":1,"name":"Home","item":"https:\/\/staytv.cr","nextItem":{"@type":"ListItem","@id":"https:\/\/staytv.cr\/index.php\/category\/sucesos\/#listItem","name":"SUCESOS"}},{"@type":"ListItem","@id":"https:\/\/staytv.cr\/index.php\/category\/sucesos\/#listItem","position":2,"name":"SUCESOS","item":"https:\/\/staytv.cr\/index.php\/category\/sucesos\/","nextItem":{"@type":"ListItem","@id":"https:\/\/staytv.cr\/index.php\/2025\/07\/17\/oij-decomisa-especies-en-peligro-de-extincion-en-local-comercial-de-coronado\/#listItem","name":"OIJ decomisa especies en peligro de extinci\u00f3n en local comercial de Coronado"},"previousItem":{"@type":"ListItem","@id":"https:\/\/staytv.cr#listItem","name":"Home"}},{"@type":"ListItem","@id":"https:\/\/staytv.cr\/index.php\/2025\/07\/17\/oij-decomisa-especies-en-peligro-de-extincion-en-local-comercial-de-coronado\/#listItem","position":3,"name":"OIJ decomisa especies en peligro de extinci\u00f3n en local comercial de Coronado","previousItem":{"@type":"ListItem","@id":"https:\/\/staytv.cr\/index.php\/category\/sucesos\/#listItem","name":"SUCESOS"}}]},{"@type":"Organization","@id":"https:\/\/staytv.cr\/#organization","name":"Stay TV","description":"Stay TV es un medio digital de noticias con base en Centroam\u00e9rica, con cobertura local e internacional desde una mirada asi\u00e1tica.","url":"https:\/\/staytv.cr\/","logo":{"@type":"ImageObject","url":"https:\/\/staytv.cr\/wp-content\/uploads\/cropped-StayTV_logo_oficial_simple.png","@id":"https:\/\/staytv.cr\/index.php\/2025\/07\/17\/oij-decomisa-especies-en-peligro-de-extincion-en-local-comercial-de-coronado\/#organizationLogo","width":2560,"height":769},"image":{"@id":"https:\/\/staytv.cr\/index.php\/2025\/07\/17\/oij-decomisa-especies-en-peligro-de-extincion-en-local-comercial-de-coronado\/#organizationLogo"},"sameAs":["https:\/\/www.instagram.com\/staytvcr\/"]},{"@type":"Person","@id":"https:\/\/staytv.cr\/index.php\/author\/diegostaytv\/#author","url":"https:\/\/staytv.cr\/index.php\/author\/diegostaytv\/","name":"Diego Molina","image":{"@type":"ImageObject","url":"https:\/\/secure.gravatar.com\/avatar\/7d23cb63381aa64750c7e76727c208369ebd6f2565e9dc4c62e323b1ea59af41?s=96&d=mm&r=g"}},{"@type":"WebPage","@id":"https:\/\/staytv.cr\/index.php\/2025\/07\/17\/oij-decomisa-especies-en-peligro-de-extincion-en-local-comercial-de-coronado\/#webpage","url":"https:\/\/staytv.cr\/index.php\/2025\/07\/17\/oij-decomisa-especies-en-peligro-de-extincion-en-local-comercial-de-coronado\/","name":"OIJ decomisa especies en peligro de extinci\u00f3n en local comercial de Coronado - Staytv","description":"San Jos\u00e9, 17 de julio de 2025. Agentes de la Secci\u00f3n Es","inLanguage":"zh-TW","isPartOf":{"@id":"https:\/\/staytv.cr\/#website"},"breadcrumb":{"@id":"https:\/\/staytv.cr\/index.php\/2025\/07\/17\/oij-decomisa-especies-en-peligro-de-extincion-en-local-comercial-de-coronado\/#breadcrumblist"},"author":{"@id":"https:\/\/staytv.cr\/index.php\/author\/diegostaytv\/#author"},"creator":{"@id":"https:\/\/staytv.cr\/index.php\/author\/diegostaytv\/#author"},"image":{"@type":"ImageObject","url":"https:\/\/staytv.cr\/wp-content\/uploads\/Sin-titulo-15-39.png","@id":"https:\/\/staytv.cr\/index.php\/2025\/07\/17\/oij-decomisa-especies-en-peligro-de-extincion-en-local-comercial-de-coronado\/#mainImage","width":1280,"height":720},"primaryImageOfPage":{"@id":"https:\/\/staytv.cr\/index.php\/2025\/07\/17\/oij-decomisa-especies-en-peligro-de-extincion-en-local-comercial-de-coronado\/#mainImage"},"datePublished":"2025-07-17T16:46:50-06:00","dateModified":"2025-08-03T00:53:13-06:00"},{"@type":"WebSite","@id":"https:\/\/staytv.cr\/#website","url":"https:\/\/staytv.cr\/","name":"Staytv","description":"Medio de comunicaci\u00f3n digital de Costa Rica.","inLanguage":"zh-TW","publisher":{"@id":"https:\/\/staytv.cr\/#organization"}}]},"og:locale":"zh_TW","og:site_name":"Staytv - Medio de comunicaci\u00f3n digital de Costa Rica.","og:type":"article","og:title":"OIJ decomisa especies en peligro de extinci\u00f3n en local comercial de Coronado - Staytv","og:description":"San Jos\u00e9, 17 de julio de 2025. Agentes de la Secci\u00f3n Es","og:url":"https:\/\/staytv.cr\/index.php\/2025\/07\/17\/oij-decomisa-especies-en-peligro-de-extincion-en-local-comercial-de-coronado\/","og:image":"https:\/\/staytv.cr\/wp-content\/uploads\/Sin-titulo-15-39.png","og:image:secure_url":"https:\/\/staytv.cr\/wp-content\/uploads\/Sin-titulo-15-39.png","og:image:width":1280,"og:image:height":720,"article:published_time":"2025-07-17T22:46:50+00:00","article:modified_time":"2025-08-03T06:53:13+00:00","article:publisher":"https:\/\/www.facebook.com\/staytvcr","twitter:card":"summary_large_image","twitter:title":"OIJ decomisa especies en peligro de extinci\u00f3n en local comercial de Coronado - Staytv","twitter:description":"San Jos\u00e9, 17 de julio de 2025. Agentes de la Secci\u00f3n Es","twitter:image":"https:\/\/staytv.cr\/wp-content\/uploads\/Sin-titulo-15-39.png"},"aioseo_meta_data":[],"aioseo_breadcrumb":"<div class=\"aioseo-breadcrumbs\"><span class=\"aioseo-breadcrumb\">\n\t<a href=\"https:\/\/staytv.cr\" title=\"Home\">Home<\/a>\n<\/span><span class=\"aioseo-breadcrumb-separator\">&raquo;<\/span><span class=\"aioseo-breadcrumb\">\n\t<a href=\"https:\/\/staytv.cr\/index.php\/category\/sucesos\/\" title=\"SUCESOS\">SUCESOS<\/a>\n<\/span><span class=\"aioseo-breadcrumb-separator\">&raquo;<\/span><span class=\"aioseo-breadcrumb\">\n\tOIJ decomisa especies en peligro de extinci\u00f3n en local comercial de Coronado\n<\/span><\/div>","aioseo_breadcrumb_json":[{"label":"Home","link":"https:\/\/staytv.cr"},{"label":"SUCESOS","link":"https:\/\/staytv.cr\/index.php\/category\/sucesos\/"},{"label":"OIJ decomisa especies en peligro de extinci\u00f3n en local comercial de Coronado","link":"https:\/\/staytv.cr\/index.php\/2025\/07\/17\/oij-decomisa-especies-en-peligro-de-extincion-en-local-comercial-de-coronado\/"}],"_links":{"self":[{"href":"https:\/\/staytv.cr\/index.php\/wp-json\/wp\/v2\/posts\/15055","targetHints":{"allow":["GET"]}}],"collection":[{"href":"https:\/\/staytv.cr\/index.php\/wp-json\/wp\/v2\/posts"}],"about":[{"href":"https:\/\/staytv.cr\/index.php\/wp-json\/wp\/v2\/types\/post"}],"author":[{"embeddable":true,"href":"https:\/\/staytv.cr\/index.php\/wp-json\/wp\/v2\/users\/10"}],"replies":[{"embeddable":true,"href":"https:\/\/staytv.cr\/index.php\/wp-json\/wp\/v2\/comments?post=15055"}],"version-history":[{"count":1,"href":"https:\/\/staytv.cr\/index.php\/wp-json\/wp\/v2\/posts\/15055\/revisions"}],"predecessor-version":[{"id":15061,"href":"https:\/\/staytv.cr\/index.php\/wp-json\/wp\/v2\/posts\/15055\/revisions\/15061"}],"wp:featuredmedia":[{"embeddable":true,"href":"https:\/\/staytv.cr\/index.php\/wp-json\/wp\/v2\/media\/15060"}],"wp:attachment":[{"href":"https:\/\/staytv.cr\/index.php\/wp-json\/wp\/v2\/media?parent=15055"}],"wp:term":[{"taxonomy":"category","embeddable":true,"href":"https:\/\/staytv.cr\/index.php\/wp-json\/wp\/v2\/categories?post=15055"},{"taxonomy":"post_tag","embeddable":true,"href":"https:\/\/staytv.cr\/index.php\/wp-json\/wp\/v2\/tags?post=15055"}],"curies":[{"name":"wp","href":"https:\/\/api.w.org\/{rel}","templated":true}]}}