{"id":17158,"date":"2025-08-04T14:03:17","date_gmt":"2025-08-04T20:03:17","guid":{"rendered":"https:\/\/staytv.net\/?p=17158"},"modified":"2025-08-04T14:08:02","modified_gmt":"2025-08-04T20:08:02","slug":"iglesia-catolica-defiende-a-la-ccss-durante-homilia-del-2-de-agosto","status":"publish","type":"post","link":"https:\/\/staytv.cr\/index.php\/2025\/08\/04\/iglesia-catolica-defiende-a-la-ccss-durante-homilia-del-2-de-agosto\/","title":{"rendered":"Iglesia Cat\u00f3lica defiende a la CCSS durante homil\u00eda del 2 de agosto"},"content":{"rendered":"<p>Durante la tradicional homil\u00eda en honor a la Virgen de los \u00c1ngeles, celebrada el 2 de agosto en la Bas\u00edlica de Cartago, la Iglesia Cat\u00f3lica costarricense subray\u00f3 la importancia de proteger y fortalecer la Caja Costarricense de Seguro Social (CCSS). En su mensaje, monse\u00f1or Jos\u00e9 Rafael Quir\u00f3s, arzobispo de San Jos\u00e9, expres\u00f3 una clara defensa del sistema p\u00fablico de salud y manifest\u00f3 una preocupaci\u00f3n creciente respecto a los desaf\u00edos que enfrenta la instituci\u00f3n.<\/p>\n<p>\u00abDe ninguna manera puede debilitarse\u00bb, afirm\u00f3 el prelado en referencia a la CCSS. En su discurso, recalc\u00f3 que la Caja constituye un pilar fundamental para la justicia social en el pa\u00eds, y a\u00f1adi\u00f3 que cualquier intento por deteriorarla pone en riesgo el bienestar de millones de costarricenses que dependen de sus servicios m\u00e9dicos y de seguridad social.<\/p>\n<p>La homil\u00eda del D\u00eda de la Virgen de los \u00c1ngeles, patrona de Costa Rica, re\u00fane cada a\u00f1o a miles de fieles que peregrinan desde distintos puntos del pa\u00eds hasta Cartago. En esta ocasi\u00f3n, el mensaje del arzobispo no solo se centr\u00f3 en la espiritualidad y la devoci\u00f3n mariana, sino que tambi\u00e9n abord\u00f3 temas sociales de gran relevancia.<\/p>\n<p>Monse\u00f1or Quir\u00f3s subray\u00f3 que la CCSS no es un privilegio ni un lujo, sino un derecho fundamental que ha sido construido a lo largo de d\u00e9cadas con el esfuerzo de generaciones. \u201cEs un patrimonio del pueblo costarricense que debe ser protegido frente a cualquier intento de deterioro administrativo, financiero o pol\u00edtico\u201d, destac\u00f3.<\/p>\n<p>El l\u00edder religioso tambi\u00e9n hizo un llamado a la ciudadan\u00eda y a los tomadores de decisiones para no permitir que la instituci\u00f3n se debilite por intereses particulares o por una falta de inversi\u00f3n estatal. \u201cEs deber de todos cuidar lo que tantas generaciones han edificado con tanto esfuerzo\u201d, apunt\u00f3.<\/p>\n<p>La CCSS ha enfrentado en los \u00faltimos a\u00f1os desaf\u00edos financieros y operativos, agravados por la pandemia de COVID-19. Si bien ha mostrado resiliencia, diferentes sectores han expresado preocupaci\u00f3n por recortes presupuestarios, atrasos en pagos estatales y reformas que podr\u00edan impactar su sostenibilidad a largo plazo.<\/p>\n<p>Tras la homil\u00eda, diferentes sectores sociales y personalidades reaccionaron positivamente al pronunciamiento de la Iglesia. Algunos sindicatos y grupos ciudadanos coincidieron con el mensaje del arzobispo y enfatizaron la necesidad de fortalecer la instituci\u00f3n garantizando transparencia, eficiencia y financiamiento adecuado.<\/p>\n<p>La intervenci\u00f3n del arzobispo Quir\u00f3s refleja la postura hist\u00f3rica de la Iglesia costarricense en defensa de los derechos sociales y de las instituciones p\u00fablicas. Su mensaje busca generar conciencia colectiva en un momento cr\u00edtico para una de las entidades m\u00e1s emblem\u00e1ticas del pa\u00eds. La defensa de la CCSS, en este contexto, se inscribe en un llamado m\u00e1s amplio por justicia social y protecci\u00f3n del bien com\u00fan.<\/p>\n","protected":false},"excerpt":{"rendered":"<p>Durante la tradicional homil\u00eda en honor a la Virgen de los \u00c1ngeles, celebrada el 2 de agosto en la Bas\u00edlica de Cartago, la Iglesia Cat\u00f3lica costarricense subray\u00f3 la importancia de proteger y fortalecer la Caja Costarricense de Seguro Social (CCSS). En su mensaje, monse\u00f1or Jos\u00e9 Rafael Quir\u00f3s, arzobispo de San Jos\u00e9, expres\u00f3 una clara defensa [&hellip;]<\/p>\n","protected":false},"author":11,"featured_media":17349,"comment_status":"closed","ping_status":"open","sticky":false,"template":"","format":"standard","meta":{"episode_type":"","audio_file":"","podmotor_file_id":"","podmotor_episode_id":"","cover_image":"","cover_image_id":"","duration":"","filesize":"","filesize_raw":"","date_recorded":"","explicit":"","block":"","itunes_episode_number":"","itunes_title":"","itunes_season_number":"","itunes_episode_type":"","footnotes":""},"categories":[13],"tags":[],"class_list":{"0":"post-17158","1":"post","2":"type-post","3":"status-publish","4":"format-standard","5":"has-post-thumbnail","7":"category-nacional"},"aioseo_notices":[],"aioseo_head":"\n\t\t<!-- All in One SEO Pro 4.8.3.2 - aioseo.com -->\n\t<meta name=\"description\" content=\"Durante la tradicional homil\u00eda en honor a la Virgen de los \u00c1ngeles, celebrada el 2 de agosto en la Bas\u00edlica de Cartago, la Iglesia Cat\u00f3lica costarricense subray\u00f3 la importancia de proteger y fortalecer la Caja Costarricense de Seguro Social (CCSS). En su mensaje, monse\u00f1or Jos\u00e9 Rafael Quir\u00f3s, arzobispo de San Jos\u00e9, expres\u00f3 una clara defensa\" \/>\n\t<meta name=\"robots\" content=\"max-image-preview:large\" \/>\n\t<meta name=\"author\" content=\"Ryan\"\/>\n\t<link rel=\"canonical\" href=\"https:\/\/staytv.cr\/index.php\/2025\/08\/04\/iglesia-catolica-defiende-a-la-ccss-durante-homilia-del-2-de-agosto\/\" \/>\n\t<meta name=\"generator\" content=\"All in One SEO Pro (AIOSEO) 4.8.3.2\" \/>\n\t\t<meta property=\"og:locale\" content=\"es_ES\" \/>\n\t\t<meta property=\"og:site_name\" content=\"Staytv - Medio de comunicaci\u00f3n digital de Costa Rica.\" \/>\n\t\t<meta property=\"og:type\" content=\"article\" \/>\n\t\t<meta property=\"og:title\" content=\"Iglesia Cat\u00f3lica defiende a la CCSS durante homil\u00eda del 2 de agosto - Staytv\" \/>\n\t\t<meta property=\"og:description\" content=\"Durante la tradicional homil\u00eda en honor a la Virgen de los \u00c1ngeles, celebrada el 2 de agosto en la Bas\u00edlica de Cartago, la Iglesia Cat\u00f3lica costarricense subray\u00f3 la importancia de proteger y fortalecer la Caja Costarricense de Seguro Social (CCSS). En su mensaje, monse\u00f1or Jos\u00e9 Rafael Quir\u00f3s, arzobispo de San Jos\u00e9, expres\u00f3 una clara defensa\" \/>\n\t\t<meta property=\"og:url\" content=\"https:\/\/staytv.cr\/index.php\/2025\/08\/04\/iglesia-catolica-defiende-a-la-ccss-durante-homilia-del-2-de-agosto\/\" \/>\n\t\t<meta property=\"og:image\" content=\"https:\/\/staytv.cr\/wp-content\/uploads\/Sin-titulo-5-68.jpg\" \/>\n\t\t<meta property=\"og:image:secure_url\" content=\"https:\/\/staytv.cr\/wp-content\/uploads\/Sin-titulo-5-68.jpg\" \/>\n\t\t<meta property=\"og:image:width\" content=\"1280\" \/>\n\t\t<meta property=\"og:image:height\" content=\"720\" \/>\n\t\t<meta property=\"article:published_time\" content=\"2025-08-04T20:03:17+00:00\" \/>\n\t\t<meta property=\"article:modified_time\" content=\"2025-08-04T20:08:02+00:00\" \/>\n\t\t<meta property=\"article:publisher\" content=\"https:\/\/www.facebook.com\/staytvcr\" \/>\n\t\t<meta name=\"twitter:card\" content=\"summary_large_image\" \/>\n\t\t<meta name=\"twitter:title\" content=\"Iglesia Cat\u00f3lica defiende a la CCSS durante homil\u00eda del 2 de agosto - Staytv\" \/>\n\t\t<meta name=\"twitter:description\" content=\"Durante la tradicional homil\u00eda en honor a la Virgen de los \u00c1ngeles, celebrada el 2 de agosto en la Bas\u00edlica de Cartago, la Iglesia Cat\u00f3lica costarricense subray\u00f3 la importancia de proteger y fortalecer la Caja Costarricense de Seguro Social (CCSS). En su mensaje, monse\u00f1or Jos\u00e9 Rafael Quir\u00f3s, arzobispo de San Jos\u00e9, expres\u00f3 una clara defensa\" \/>\n\t\t<meta name=\"twitter:image\" content=\"https:\/\/staytv.cr\/wp-content\/uploads\/Sin-titulo-5-68.jpg\" \/>\n\t\t<script type=\"application\/ld+json\" class=\"aioseo-schema\">\n\t\t\t{\"@context\":\"https:\\\/\\\/schema.org\",\"@graph\":[{\"@type\":\"BreadcrumbList\",\"@id\":\"https:\\\/\\\/staytv.cr\\\/index.php\\\/2025\\\/08\\\/04\\\/iglesia-catolica-defiende-a-la-ccss-durante-homilia-del-2-de-agosto\\\/#breadcrumblist\",\"itemListElement\":[{\"@type\":\"ListItem\",\"@id\":\"https:\\\/\\\/staytv.cr#listItem\",\"position\":1,\"name\":\"Home\",\"item\":\"https:\\\/\\\/staytv.cr\",\"nextItem\":{\"@type\":\"ListItem\",\"@id\":\"https:\\\/\\\/staytv.cr\\\/index.php\\\/category\\\/nacional\\\/#listItem\",\"name\":\"NACIONAL\"}},{\"@type\":\"ListItem\",\"@id\":\"https:\\\/\\\/staytv.cr\\\/index.php\\\/category\\\/nacional\\\/#listItem\",\"position\":2,\"name\":\"NACIONAL\",\"item\":\"https:\\\/\\\/staytv.cr\\\/index.php\\\/category\\\/nacional\\\/\",\"nextItem\":{\"@type\":\"ListItem\",\"@id\":\"https:\\\/\\\/staytv.cr\\\/index.php\\\/2025\\\/08\\\/04\\\/iglesia-catolica-defiende-a-la-ccss-durante-homilia-del-2-de-agosto\\\/#listItem\",\"name\":\"Iglesia Cat\\u00f3lica defiende a la CCSS durante homil\\u00eda del 2 de agosto\"},\"previousItem\":{\"@type\":\"ListItem\",\"@id\":\"https:\\\/\\\/staytv.cr#listItem\",\"name\":\"Home\"}},{\"@type\":\"ListItem\",\"@id\":\"https:\\\/\\\/staytv.cr\\\/index.php\\\/2025\\\/08\\\/04\\\/iglesia-catolica-defiende-a-la-ccss-durante-homilia-del-2-de-agosto\\\/#listItem\",\"position\":3,\"name\":\"Iglesia Cat\\u00f3lica defiende a la CCSS durante homil\\u00eda del 2 de agosto\",\"previousItem\":{\"@type\":\"ListItem\",\"@id\":\"https:\\\/\\\/staytv.cr\\\/index.php\\\/category\\\/nacional\\\/#listItem\",\"name\":\"NACIONAL\"}}]},{\"@type\":\"Organization\",\"@id\":\"https:\\\/\\\/staytv.cr\\\/#organization\",\"name\":\"Stay TV\",\"description\":\"Stay TV es un medio digital de noticias con base en Centroam\\u00e9rica, con cobertura local e internacional desde una mirada asi\\u00e1tica.\",\"url\":\"https:\\\/\\\/staytv.cr\\\/\",\"logo\":{\"@type\":\"ImageObject\",\"url\":\"https:\\\/\\\/staytv.cr\\\/wp-content\\\/uploads\\\/cropped-StayTV_logo_oficial_simple.png\",\"@id\":\"https:\\\/\\\/staytv.cr\\\/index.php\\\/2025\\\/08\\\/04\\\/iglesia-catolica-defiende-a-la-ccss-durante-homilia-del-2-de-agosto\\\/#organizationLogo\",\"width\":2560,\"height\":769},\"image\":{\"@id\":\"https:\\\/\\\/staytv.cr\\\/index.php\\\/2025\\\/08\\\/04\\\/iglesia-catolica-defiende-a-la-ccss-durante-homilia-del-2-de-agosto\\\/#organizationLogo\"},\"sameAs\":[\"https:\\\/\\\/www.instagram.com\\\/staytvcr\\\/\"]},{\"@type\":\"Person\",\"@id\":\"https:\\\/\\\/staytv.cr\\\/index.php\\\/author\\\/ryantv\\\/#author\",\"url\":\"https:\\\/\\\/staytv.cr\\\/index.php\\\/author\\\/ryantv\\\/\",\"name\":\"Ryan\",\"image\":{\"@type\":\"ImageObject\",\"url\":\"https:\\\/\\\/secure.gravatar.com\\\/avatar\\\/f95152fd26e0540ce723631868753fd2ae822574fa609b52b1b123eea57755e2?s=96&d=mm&r=g\"}},{\"@type\":\"WebPage\",\"@id\":\"https:\\\/\\\/staytv.cr\\\/index.php\\\/2025\\\/08\\\/04\\\/iglesia-catolica-defiende-a-la-ccss-durante-homilia-del-2-de-agosto\\\/#webpage\",\"url\":\"https:\\\/\\\/staytv.cr\\\/index.php\\\/2025\\\/08\\\/04\\\/iglesia-catolica-defiende-a-la-ccss-durante-homilia-del-2-de-agosto\\\/\",\"name\":\"Iglesia Cat\\u00f3lica defiende a la CCSS durante homil\\u00eda del 2 de agosto - Staytv\",\"description\":\"Durante la tradicional homil\\u00eda en honor a la Virgen de los \\u00c1ngeles, celebrada el 2 de agosto en la Bas\\u00edlica de Cartago, la Iglesia Cat\\u00f3lica costarricense subray\\u00f3 la importancia de proteger y fortalecer la Caja Costarricense de Seguro Social (CCSS). En su mensaje, monse\\u00f1or Jos\\u00e9 Rafael Quir\\u00f3s, arzobispo de San Jos\\u00e9, expres\\u00f3 una clara defensa\",\"inLanguage\":\"es-ES\",\"isPartOf\":{\"@id\":\"https:\\\/\\\/staytv.cr\\\/#website\"},\"breadcrumb\":{\"@id\":\"https:\\\/\\\/staytv.cr\\\/index.php\\\/2025\\\/08\\\/04\\\/iglesia-catolica-defiende-a-la-ccss-durante-homilia-del-2-de-agosto\\\/#breadcrumblist\"},\"author\":{\"@id\":\"https:\\\/\\\/staytv.cr\\\/index.php\\\/author\\\/ryantv\\\/#author\"},\"creator\":{\"@id\":\"https:\\\/\\\/staytv.cr\\\/index.php\\\/author\\\/ryantv\\\/#author\"},\"image\":{\"@type\":\"ImageObject\",\"url\":\"https:\\\/\\\/staytv.cr\\\/wp-content\\\/uploads\\\/Sin-titulo-5-68.jpg\",\"@id\":\"https:\\\/\\\/staytv.cr\\\/index.php\\\/2025\\\/08\\\/04\\\/iglesia-catolica-defiende-a-la-ccss-durante-homilia-del-2-de-agosto\\\/#mainImage\",\"width\":1280,\"height\":720},\"primaryImageOfPage\":{\"@id\":\"https:\\\/\\\/staytv.cr\\\/index.php\\\/2025\\\/08\\\/04\\\/iglesia-catolica-defiende-a-la-ccss-durante-homilia-del-2-de-agosto\\\/#mainImage\"},\"datePublished\":\"2025-08-04T14:03:17-06:00\",\"dateModified\":\"2025-08-04T14:08:02-06:00\"},{\"@type\":\"WebSite\",\"@id\":\"https:\\\/\\\/staytv.cr\\\/#website\",\"url\":\"https:\\\/\\\/staytv.cr\\\/\",\"name\":\"Staytv\",\"description\":\"Medio de comunicaci\\u00f3n digital de Costa Rica.\",\"inLanguage\":\"es-ES\",\"publisher\":{\"@id\":\"https:\\\/\\\/staytv.cr\\\/#organization\"}}]}\n\t\t<\/script>\n\t\t<!-- All in One SEO Pro -->\r\n\t\t<title>Iglesia Cat\u00f3lica defiende a la CCSS durante homil\u00eda del 2 de agosto - Staytv<\/title>\n\n","aioseo_head_json":{"title":"Iglesia Cat\u00f3lica defiende a la CCSS durante homil\u00eda del 2 de agosto - Staytv","description":"Durante la tradicional homil\u00eda en honor a la Virgen de los \u00c1ngeles, celebrada el 2 de agosto en la Bas\u00edlica de Cartago, la Iglesia Cat\u00f3lica costarricense subray\u00f3 la importancia de proteger y fortalecer la Caja Costarricense de Seguro Social (CCSS). En su mensaje, monse\u00f1or Jos\u00e9 Rafael Quir\u00f3s, arzobispo de San Jos\u00e9, expres\u00f3 una clara defensa","canonical_url":"https:\/\/staytv.cr\/index.php\/2025\/08\/04\/iglesia-catolica-defiende-a-la-ccss-durante-homilia-del-2-de-agosto\/","robots":"max-image-preview:large","keywords":"","webmasterTools":{"miscellaneous":""},"schema":{"@context":"https:\/\/schema.org","@graph":[{"@type":"BreadcrumbList","@id":"https:\/\/staytv.cr\/index.php\/2025\/08\/04\/iglesia-catolica-defiende-a-la-ccss-durante-homilia-del-2-de-agosto\/#breadcrumblist","itemListElement":[{"@type":"ListItem","@id":"https:\/\/staytv.cr#listItem","position":1,"name":"Home","item":"https:\/\/staytv.cr","nextItem":{"@type":"ListItem","@id":"https:\/\/staytv.cr\/index.php\/category\/nacional\/#listItem","name":"NACIONAL"}},{"@type":"ListItem","@id":"https:\/\/staytv.cr\/index.php\/category\/nacional\/#listItem","position":2,"name":"NACIONAL","item":"https:\/\/staytv.cr\/index.php\/category\/nacional\/","nextItem":{"@type":"ListItem","@id":"https:\/\/staytv.cr\/index.php\/2025\/08\/04\/iglesia-catolica-defiende-a-la-ccss-durante-homilia-del-2-de-agosto\/#listItem","name":"Iglesia Cat\u00f3lica defiende a la CCSS durante homil\u00eda del 2 de agosto"},"previousItem":{"@type":"ListItem","@id":"https:\/\/staytv.cr#listItem","name":"Home"}},{"@type":"ListItem","@id":"https:\/\/staytv.cr\/index.php\/2025\/08\/04\/iglesia-catolica-defiende-a-la-ccss-durante-homilia-del-2-de-agosto\/#listItem","position":3,"name":"Iglesia Cat\u00f3lica defiende a la CCSS durante homil\u00eda del 2 de agosto","previousItem":{"@type":"ListItem","@id":"https:\/\/staytv.cr\/index.php\/category\/nacional\/#listItem","name":"NACIONAL"}}]},{"@type":"Organization","@id":"https:\/\/staytv.cr\/#organization","name":"Stay TV","description":"Stay TV es un medio digital de noticias con base en Centroam\u00e9rica, con cobertura local e internacional desde una mirada asi\u00e1tica.","url":"https:\/\/staytv.cr\/","logo":{"@type":"ImageObject","url":"https:\/\/staytv.cr\/wp-content\/uploads\/cropped-StayTV_logo_oficial_simple.png","@id":"https:\/\/staytv.cr\/index.php\/2025\/08\/04\/iglesia-catolica-defiende-a-la-ccss-durante-homilia-del-2-de-agosto\/#organizationLogo","width":2560,"height":769},"image":{"@id":"https:\/\/staytv.cr\/index.php\/2025\/08\/04\/iglesia-catolica-defiende-a-la-ccss-durante-homilia-del-2-de-agosto\/#organizationLogo"},"sameAs":["https:\/\/www.instagram.com\/staytvcr\/"]},{"@type":"Person","@id":"https:\/\/staytv.cr\/index.php\/author\/ryantv\/#author","url":"https:\/\/staytv.cr\/index.php\/author\/ryantv\/","name":"Ryan","image":{"@type":"ImageObject","url":"https:\/\/secure.gravatar.com\/avatar\/f95152fd26e0540ce723631868753fd2ae822574fa609b52b1b123eea57755e2?s=96&d=mm&r=g"}},{"@type":"WebPage","@id":"https:\/\/staytv.cr\/index.php\/2025\/08\/04\/iglesia-catolica-defiende-a-la-ccss-durante-homilia-del-2-de-agosto\/#webpage","url":"https:\/\/staytv.cr\/index.php\/2025\/08\/04\/iglesia-catolica-defiende-a-la-ccss-durante-homilia-del-2-de-agosto\/","name":"Iglesia Cat\u00f3lica defiende a la CCSS durante homil\u00eda del 2 de agosto - Staytv","description":"Durante la tradicional homil\u00eda en honor a la Virgen de los \u00c1ngeles, celebrada el 2 de agosto en la Bas\u00edlica de Cartago, la Iglesia Cat\u00f3lica costarricense subray\u00f3 la importancia de proteger y fortalecer la Caja Costarricense de Seguro Social (CCSS). En su mensaje, monse\u00f1or Jos\u00e9 Rafael Quir\u00f3s, arzobispo de San Jos\u00e9, expres\u00f3 una clara defensa","inLanguage":"es-ES","isPartOf":{"@id":"https:\/\/staytv.cr\/#website"},"breadcrumb":{"@id":"https:\/\/staytv.cr\/index.php\/2025\/08\/04\/iglesia-catolica-defiende-a-la-ccss-durante-homilia-del-2-de-agosto\/#breadcrumblist"},"author":{"@id":"https:\/\/staytv.cr\/index.php\/author\/ryantv\/#author"},"creator":{"@id":"https:\/\/staytv.cr\/index.php\/author\/ryantv\/#author"},"image":{"@type":"ImageObject","url":"https:\/\/staytv.cr\/wp-content\/uploads\/Sin-titulo-5-68.jpg","@id":"https:\/\/staytv.cr\/index.php\/2025\/08\/04\/iglesia-catolica-defiende-a-la-ccss-durante-homilia-del-2-de-agosto\/#mainImage","width":1280,"height":720},"primaryImageOfPage":{"@id":"https:\/\/staytv.cr\/index.php\/2025\/08\/04\/iglesia-catolica-defiende-a-la-ccss-durante-homilia-del-2-de-agosto\/#mainImage"},"datePublished":"2025-08-04T14:03:17-06:00","dateModified":"2025-08-04T14:08:02-06:00"},{"@type":"WebSite","@id":"https:\/\/staytv.cr\/#website","url":"https:\/\/staytv.cr\/","name":"Staytv","description":"Medio de comunicaci\u00f3n digital de Costa Rica.","inLanguage":"es-ES","publisher":{"@id":"https:\/\/staytv.cr\/#organization"}}]},"og:locale":"es_ES","og:site_name":"Staytv - Medio de comunicaci\u00f3n digital de Costa Rica.","og:type":"article","og:title":"Iglesia Cat\u00f3lica defiende a la CCSS durante homil\u00eda del 2 de agosto - Staytv","og:description":"Durante la tradicional homil\u00eda en honor a la Virgen de los \u00c1ngeles, celebrada el 2 de agosto en la Bas\u00edlica de Cartago, la Iglesia Cat\u00f3lica costarricense subray\u00f3 la importancia de proteger y fortalecer la Caja Costarricense de Seguro Social (CCSS). En su mensaje, monse\u00f1or Jos\u00e9 Rafael Quir\u00f3s, arzobispo de San Jos\u00e9, expres\u00f3 una clara defensa","og:url":"https:\/\/staytv.cr\/index.php\/2025\/08\/04\/iglesia-catolica-defiende-a-la-ccss-durante-homilia-del-2-de-agosto\/","og:image":"https:\/\/staytv.cr\/wp-content\/uploads\/Sin-titulo-5-68.jpg","og:image:secure_url":"https:\/\/staytv.cr\/wp-content\/uploads\/Sin-titulo-5-68.jpg","og:image:width":1280,"og:image:height":720,"article:published_time":"2025-08-04T20:03:17+00:00","article:modified_time":"2025-08-04T20:08:02+00:00","article:publisher":"https:\/\/www.facebook.com\/staytvcr","twitter:card":"summary_large_image","twitter:title":"Iglesia Cat\u00f3lica defiende a la CCSS durante homil\u00eda del 2 de agosto - Staytv","twitter:description":"Durante la tradicional homil\u00eda en honor a la Virgen de los \u00c1ngeles, celebrada el 2 de agosto en la Bas\u00edlica de Cartago, la Iglesia Cat\u00f3lica costarricense subray\u00f3 la importancia de proteger y fortalecer la Caja Costarricense de Seguro Social (CCSS). En su mensaje, monse\u00f1or Jos\u00e9 Rafael Quir\u00f3s, arzobispo de San Jos\u00e9, expres\u00f3 una clara defensa","twitter:image":"https:\/\/staytv.cr\/wp-content\/uploads\/Sin-titulo-5-68.jpg"},"aioseo_meta_data":[],"aioseo_breadcrumb":"<div class=\"aioseo-breadcrumbs\"><span class=\"aioseo-breadcrumb\">\n\t<a href=\"https:\/\/staytv.cr\" title=\"Home\">Home<\/a>\n<\/span><span class=\"aioseo-breadcrumb-separator\">&raquo;<\/span><span class=\"aioseo-breadcrumb\">\n\t<a href=\"https:\/\/staytv.cr\/index.php\/category\/nacional\/\" title=\"NACIONAL\">NACIONAL<\/a>\n<\/span><span class=\"aioseo-breadcrumb-separator\">&raquo;<\/span><span class=\"aioseo-breadcrumb\">\n\tIglesia Cat\u00f3lica defiende a la CCSS durante homil\u00eda del 2 de agosto\n<\/span><\/div>","aioseo_breadcrumb_json":[{"label":"Home","link":"https:\/\/staytv.cr"},{"label":"NACIONAL","link":"https:\/\/staytv.cr\/index.php\/category\/nacional\/"},{"label":"Iglesia Cat\u00f3lica defiende a la CCSS durante homil\u00eda del 2 de agosto","link":"https:\/\/staytv.cr\/index.php\/2025\/08\/04\/iglesia-catolica-defiende-a-la-ccss-durante-homilia-del-2-de-agosto\/"}],"_links":{"self":[{"href":"https:\/\/staytv.cr\/index.php\/wp-json\/wp\/v2\/posts\/17158","targetHints":{"allow":["GET"]}}],"collection":[{"href":"https:\/\/staytv.cr\/index.php\/wp-json\/wp\/v2\/posts"}],"about":[{"href":"https:\/\/staytv.cr\/index.php\/wp-json\/wp\/v2\/types\/post"}],"author":[{"embeddable":true,"href":"https:\/\/staytv.cr\/index.php\/wp-json\/wp\/v2\/users\/11"}],"replies":[{"embeddable":true,"href":"https:\/\/staytv.cr\/index.php\/wp-json\/wp\/v2\/comments?post=17158"}],"version-history":[{"count":1,"href":"https:\/\/staytv.cr\/index.php\/wp-json\/wp\/v2\/posts\/17158\/revisions"}],"predecessor-version":[{"id":17161,"href":"https:\/\/staytv.cr\/index.php\/wp-json\/wp\/v2\/posts\/17158\/revisions\/17161"}],"wp:featuredmedia":[{"embeddable":true,"href":"https:\/\/staytv.cr\/index.php\/wp-json\/wp\/v2\/media\/17349"}],"wp:attachment":[{"href":"https:\/\/staytv.cr\/index.php\/wp-json\/wp\/v2\/media?parent=17158"}],"wp:term":[{"taxonomy":"category","embeddable":true,"href":"https:\/\/staytv.cr\/index.php\/wp-json\/wp\/v2\/categories?post=17158"},{"taxonomy":"post_tag","embeddable":true,"href":"https:\/\/staytv.cr\/index.php\/wp-json\/wp\/v2\/tags?post=17158"}],"curies":[{"name":"wp","href":"https:\/\/api.w.org\/{rel}","templated":true}]}}