{"id":22294,"date":"2025-09-08T08:59:24","date_gmt":"2025-09-08T14:59:24","guid":{"rendered":"https:\/\/staytv.cr\/?p=22294"},"modified":"2025-09-08T08:59:24","modified_gmt":"2025-09-08T14:59:24","slug":"inta-celebra-60-anos-de-innovacion-agropecuaria-en-guanacaste","status":"publish","type":"post","link":"https:\/\/staytv.cr\/index.php\/2025\/09\/08\/inta-celebra-60-anos-de-innovacion-agropecuaria-en-guanacaste\/","title":{"rendered":"INTA celebra 60 a\u00f1os de innovaci\u00f3n agropecuaria en Guanacaste"},"content":{"rendered":"<p data-start=\"258\" data-end=\"727\">El <strong data-start=\"299\" data-end=\"350\">INTA celebra 60 a\u00f1os de innovaci\u00f3n agropecuaria<\/strong> con una Feria Tecnol\u00f3gica de alto impacto en el Centro de Innovaci\u00f3n Agropecuaria Enrique Jim\u00e9nez N\u00fa\u00f1ez (CIA-EJN), ubicado en Ca\u00f1as, Guanacaste. El evento, realizado el pasado jueves 4 de septiembre, reuni\u00f3 a productores, investigadores, t\u00e9cnicos, estudiantes y representantes de instituciones estrat\u00e9gicas para fortalecer el v\u00ednculo entre ciencia, tecnolog\u00eda y agricultura.<\/p>\n<h2 data-start=\"729\" data-end=\"786\">Contexto de la feria de innovaci\u00f3n agropecuaria INTA<\/h2>\n<p data-start=\"788\" data-end=\"1191\">El <strong data-start=\"791\" data-end=\"877\">Instituto Nacional de Innovaci\u00f3n y Transferencia en Tecnolog\u00eda Agropecuaria (INTA)<\/strong> organiz\u00f3 esta feria como parte de las celebraciones por su 60 aniversario. El CIA-EJN, fundado en 1965, ha sido durante seis d\u00e9cadas un <strong data-start=\"1014\" data-end=\"1114\">referente en investigaci\u00f3n y transferencia tecnol\u00f3gica para el sector agropecuario costarricense<\/strong>, especialmente en las condiciones del tr\u00f3pico seco de la Regi\u00f3n Chorotega.<\/p>\n<p data-start=\"1193\" data-end=\"1480\">La actividad cont\u00f3 con la participaci\u00f3n de la viceministra de Agricultura y Ganader\u00eda y presidenta de la Junta Directiva del INTA, <strong data-start=\"1324\" data-end=\"1343\">Mary Ching Sojo<\/strong>, y del viceministro <strong data-start=\"1364\" data-end=\"1389\">Fernando Vargas P\u00e9rez<\/strong>, quienes recorrieron las estaciones demostrativas y conversaron con los actores locales.<\/p>\n<h2 data-start=\"1482\" data-end=\"1542\">Innovaci\u00f3n agropecuaria en el CIA Enrique Jim\u00e9nez N\u00fa\u00f1ez<\/h2>\n<p data-start=\"1544\" data-end=\"1943\">Durante la feria, se presentaron m\u00faltiples avances tecnol\u00f3gicos impulsados por el INTA y sus aliados estrat\u00e9gicos. Entre ellos destacan los <strong data-start=\"1684\" data-end=\"1753\">programas de mejoramiento gen\u00e9tico en arroz, frijol, sorgo y soya<\/strong>, la producci\u00f3n de hortalizas bajo ambientes protegidos, el uso de bioinsumos para una agricultura m\u00e1s sostenible y la elaboraci\u00f3n de silo de sorgo para mejorar la alimentaci\u00f3n del ganado.<\/p>\n<p data-start=\"1945\" data-end=\"2164\">En el \u00e1mbito pecuario, se expusieron innovaciones en <strong data-start=\"1998\" data-end=\"2041\">mejoramiento gen\u00e9tico en ganado Brahman<\/strong> y t\u00e9cnicas para la conservaci\u00f3n de polinizadores, esenciales para mantener la biodiversidad y la productividad agr\u00edcola.<\/p>\n<div id='gallery-1' class='gallery galleryid-22294 gallery-columns-3 gallery-size-full'><figure class='gallery-item'>\n\t\t\t<div class='gallery-icon landscape'>\n\t\t\t\t<a href='https:\/\/staytv.cr\/index.php\/2025\/09\/08\/inta-celebra-60-anos-de-innovacion-agropecuaria-en-guanacaste\/foto-feria-4\/'><img decoding=\"async\" width=\"1280\" height=\"720\" data-src=\"https:\/\/staytv.cr\/wp-content\/uploads\/Foto-Feria-4.jpg\" class=\"attachment-full size-full lazyload\" alt=\"\" src=\"data:image\/svg+xml;base64,PHN2ZyB3aWR0aD0iMSIgaGVpZ2h0PSIxIiB4bWxucz0iaHR0cDovL3d3dy53My5vcmcvMjAwMC9zdmciPjwvc3ZnPg==\" style=\"--smush-placeholder-width: 1280px; --smush-placeholder-aspect-ratio: 1280\/720;\" data-srcset=\"https:\/\/staytv.cr\/wp-content\/uploads\/Foto-Feria-4.jpg 1280w, https:\/\/staytv.cr\/wp-content\/uploads\/Foto-Feria-4-300x169.jpg 300w, https:\/\/staytv.cr\/wp-content\/uploads\/Foto-Feria-4-1024x576.jpg 1024w, https:\/\/staytv.cr\/wp-content\/uploads\/Foto-Feria-4-150x84.jpg 150w, https:\/\/staytv.cr\/wp-content\/uploads\/Foto-Feria-4-768x432.jpg 768w, https:\/\/staytv.cr\/wp-content\/uploads\/Foto-Feria-4-860x484.jpg 860w\" data-sizes=\"auto\" data-original-sizes=\"(max-width: 1280px) 100vw, 1280px\" \/><\/a>\n\t\t\t<\/div><\/figure><figure class='gallery-item'>\n\t\t\t<div class='gallery-icon landscape'>\n\t\t\t\t<a href='https:\/\/staytv.cr\/index.php\/2025\/09\/08\/inta-celebra-60-anos-de-innovacion-agropecuaria-en-guanacaste\/foto-feria-3\/'><img decoding=\"async\" width=\"1280\" height=\"720\" data-src=\"https:\/\/staytv.cr\/wp-content\/uploads\/Foto-Feria-3.jpg\" class=\"attachment-full size-full lazyload\" alt=\"INTA celebra 60 a\u00f1os\" aria-describedby=\"gallery-1-22297\" src=\"data:image\/svg+xml;base64,PHN2ZyB3aWR0aD0iMSIgaGVpZ2h0PSIxIiB4bWxucz0iaHR0cDovL3d3dy53My5vcmcvMjAwMC9zdmciPjwvc3ZnPg==\" style=\"--smush-placeholder-width: 1280px; --smush-placeholder-aspect-ratio: 1280\/720;\" data-srcset=\"https:\/\/staytv.cr\/wp-content\/uploads\/Foto-Feria-3.jpg 1280w, https:\/\/staytv.cr\/wp-content\/uploads\/Foto-Feria-3-300x169.jpg 300w, https:\/\/staytv.cr\/wp-content\/uploads\/Foto-Feria-3-1024x576.jpg 1024w, https:\/\/staytv.cr\/wp-content\/uploads\/Foto-Feria-3-150x84.jpg 150w, https:\/\/staytv.cr\/wp-content\/uploads\/Foto-Feria-3-768x432.jpg 768w, https:\/\/staytv.cr\/wp-content\/uploads\/Foto-Feria-3-860x484.jpg 860w\" data-sizes=\"auto\" data-original-sizes=\"(max-width: 1280px) 100vw, 1280px\" \/><\/a>\n\t\t\t<\/div>\n\t\t\t\t<figcaption class='wp-caption-text gallery-caption' id='gallery-1-22297'>\n\t\t\t\tINTA celebra 60 a\u00f1os\n\t\t\t\t<\/figcaption><\/figure>\n\t\t<\/div>\n\n<h2 data-start=\"2166\" data-end=\"2227\">Beneficios sociales y productivos del INTA en Costa Rica<\/h2>\n<p data-start=\"2229\" data-end=\"2543\">El papel del <strong data-start=\"2242\" data-end=\"2294\">INTA en la innovaci\u00f3n agropecuaria de Costa Rica<\/strong> ha sido determinante para impulsar la competitividad y la sostenibilidad del campo. El uso de tecnolog\u00edas adaptadas al tr\u00f3pico seco ha permitido fortalecer la producci\u00f3n local, especialmente en rubros clave como el caf\u00e9, los c\u00edtricos y el ganado.<\/p>\n<p data-start=\"2545\" data-end=\"2892\">Adem\u00e1s, la feria no solo present\u00f3 avances t\u00e9cnicos, sino que tambi\u00e9n incluy\u00f3 <strong data-start=\"2622\" data-end=\"2661\">actividades culturales y educativas<\/strong>, como estaciones de juegos tradicionales y espacios de interacci\u00f3n comunitaria. Estas iniciativas promueven la participaci\u00f3n de estudiantes y habitantes locales, fortaleciendo el tejido social y generando sentido de pertenencia.<\/p>\n<h5 data-start=\"2545\" data-end=\"2892\">Lea tamb\u00e9n:\u00a0<a href=\"https:\/\/staytv.cr\/index.php\/2025\/06\/04\/mag-reporta-baja-en-precios-de-insumos-agropecuarios-en-abril\/\">MAG reporta baja en precios de insumos agropecuarios en abril<\/a><\/h5>\n<figure id=\"attachment_22299\" aria-describedby=\"caption-attachment-22299\" style=\"width: 1280px\" class=\"wp-caption alignleft\"><img decoding=\"async\" class=\"size-full wp-image-22299 lazyload\" data-src=\"https:\/\/staytv.cr\/wp-content\/uploads\/Foto-Feria-5.png\" alt=\"INTA celebra 60 a\u00f1os\" width=\"1280\" height=\"960\" src=\"data:image\/svg+xml;base64,PHN2ZyB3aWR0aD0iMSIgaGVpZ2h0PSIxIiB4bWxucz0iaHR0cDovL3d3dy53My5vcmcvMjAwMC9zdmciPjwvc3ZnPg==\" style=\"--smush-placeholder-width: 1280px; --smush-placeholder-aspect-ratio: 1280\/960;\" data-srcset=\"https:\/\/staytv.cr\/wp-content\/uploads\/Foto-Feria-5.png 1280w, https:\/\/staytv.cr\/wp-content\/uploads\/Foto-Feria-5-300x225.png 300w, https:\/\/staytv.cr\/wp-content\/uploads\/Foto-Feria-5-1024x768.png 1024w, https:\/\/staytv.cr\/wp-content\/uploads\/Foto-Feria-5-150x113.png 150w, https:\/\/staytv.cr\/wp-content\/uploads\/Foto-Feria-5-768x576.png 768w, https:\/\/staytv.cr\/wp-content\/uploads\/Foto-Feria-5-860x645.png 860w\" data-sizes=\"auto\" data-original-sizes=\"(max-width: 1280px) 100vw, 1280px\" \/><figcaption id=\"caption-attachment-22299\" class=\"wp-caption-text\">INTA celebra 60 a\u00f1os<\/figcaption><\/figure>\n<h2 data-start=\"2894\" data-end=\"2946\">An\u00e1lisis de la transformaci\u00f3n en la agricultura<\/h2>\n<p data-start=\"2948\" data-end=\"3388\">La celebraci\u00f3n de los 60 a\u00f1os del INTA y la organizaci\u00f3n de la Feria Tecnol\u00f3gica 2025 reafirman la visi\u00f3n del pa\u00eds de avanzar hacia una <strong data-start=\"3084\" data-end=\"3123\">agricultura sostenible e innovadora<\/strong>. La inversi\u00f3n de <strong data-start=\"3141\" data-end=\"3216\">\u00a2524 millones aportados por el Instituto Costarricense de Turismo (ICT)<\/strong> demuestra el inter\u00e9s del Estado en consolidar la oferta de turismo cient\u00edfico y natural, vinculando a la comunidad rural con los beneficios de la investigaci\u00f3n aplicada.<\/p>\n<p data-start=\"3390\" data-end=\"3813\">Como lo destac\u00f3 la viceministra Ching Sojo, la existencia del CIA Enrique Jim\u00e9nez N\u00fa\u00f1ez es una muestra del compromiso hist\u00f3rico con el desarrollo de la ciencia agropecuaria, mientras que el ministro de Ambiente y Energ\u00eda, <strong data-start=\"3612\" data-end=\"3632\">Franz Tattenbach<\/strong>, subray\u00f3 la importancia de fortalecer la infraestructura de las \u00e1reas silvestres protegidas para mantener el liderazgo de Costa Rica como <strong data-start=\"3771\" data-end=\"3810\">destino sostenible de clase mundial<\/strong>.<\/p>\n<p data-start=\"3815\" data-end=\"4030\">La pr\u00f3xima feria se llevar\u00e1 a cabo el <strong data-start=\"3853\" data-end=\"3947\">12 de septiembre en el Centro de Innovaci\u00f3n Agropecuaria Los Diamantes, en Gu\u00e1piles, Lim\u00f3n<\/strong>, continuando con la proyecci\u00f3n de conocimiento hacia otras comunidades del pa\u00eds.<\/p>\n<h5 data-start=\"3815\" data-end=\"4030\">Fuente:\u00a0<a href=\"https:\/\/www.mag.go.cr\">https:\/\/www.mag.go.cr<\/a><\/h5>\n","protected":false},"excerpt":{"rendered":"<p>El INTA celebra 60 a\u00f1os de innovaci\u00f3n agropecuaria con una Feria Tecnol\u00f3gica de alto impacto en el Centro de Innovaci\u00f3n Agropecuaria Enrique Jim\u00e9nez N\u00fa\u00f1ez (CIA-EJN), ubicado en Ca\u00f1as, Guanacaste. El evento, realizado el pasado jueves 4 de septiembre, reuni\u00f3 a productores, investigadores, t\u00e9cnicos, estudiantes y representantes de instituciones estrat\u00e9gicas para fortalecer el v\u00ednculo entre ciencia, [&hellip;]<\/p>\n","protected":false},"author":10,"featured_media":22300,"comment_status":"closed","ping_status":"open","sticky":false,"template":"","format":"standard","meta":{"episode_type":"","audio_file":"","podmotor_file_id":"","podmotor_episode_id":"","cover_image":"","cover_image_id":"","duration":"","filesize":"","filesize_raw":"","date_recorded":"","explicit":"","block":"","itunes_episode_number":"","itunes_title":"","itunes_season_number":"","itunes_episode_type":"","footnotes":""},"categories":[13],"tags":[],"class_list":{"0":"post-22294","1":"post","2":"type-post","3":"status-publish","4":"format-standard","5":"has-post-thumbnail","7":"category-nacional"},"aioseo_notices":[],"aioseo_head":"\n\t\t<!-- All in One SEO Pro 4.8.3.2 - aioseo.com -->\n\t<meta name=\"description\" content=\"INTA celebra 60 a\u00f1os con Feria Tecnol\u00f3gica en Guanacaste. El evento destac\u00f3 innovaci\u00f3n agropecuaria y fortalecimiento del sector en comunidades rurales.\" \/>\n\t<meta name=\"robots\" content=\"max-image-preview:large\" \/>\n\t<meta name=\"author\" content=\"Diego Molina\"\/>\n\t<link rel=\"canonical\" href=\"https:\/\/staytv.cr\/index.php\/2025\/09\/08\/inta-celebra-60-anos-de-innovacion-agropecuaria-en-guanacaste\/\" \/>\n\t<meta name=\"generator\" content=\"All in One SEO Pro (AIOSEO) 4.8.3.2\" \/>\n\t\t<meta property=\"og:locale\" content=\"es_ES\" \/>\n\t\t<meta property=\"og:site_name\" content=\"Staytv - Medio de comunicaci\u00f3n digital de Costa Rica.\" \/>\n\t\t<meta property=\"og:type\" content=\"article\" \/>\n\t\t<meta property=\"og:title\" content=\"INTA celebra 60 a\u00f1os con feria tecnol\u00f3gica en Guanacaste\" \/>\n\t\t<meta property=\"og:description\" content=\"INTA celebra 60 a\u00f1os con Feria Tecnol\u00f3gica en Guanacaste. El evento destac\u00f3 innovaci\u00f3n agropecuaria y fortalecimiento del sector en comunidades rurales.\" \/>\n\t\t<meta property=\"og:url\" content=\"https:\/\/staytv.cr\/index.php\/2025\/09\/08\/inta-celebra-60-anos-de-innovacion-agropecuaria-en-guanacaste\/\" \/>\n\t\t<meta property=\"og:image\" content=\"https:\/\/staytv.cr\/wp-content\/uploads\/Sin-titulo-2-103.png\" \/>\n\t\t<meta property=\"og:image:secure_url\" content=\"https:\/\/staytv.cr\/wp-content\/uploads\/Sin-titulo-2-103.png\" \/>\n\t\t<meta property=\"og:image:width\" content=\"1280\" \/>\n\t\t<meta property=\"og:image:height\" content=\"720\" \/>\n\t\t<meta property=\"article:published_time\" content=\"2025-09-08T14:59:24+00:00\" \/>\n\t\t<meta property=\"article:modified_time\" content=\"2025-09-08T14:59:24+00:00\" \/>\n\t\t<meta property=\"article:publisher\" content=\"https:\/\/www.facebook.com\/staytvcr\" \/>\n\t\t<meta name=\"twitter:card\" content=\"summary_large_image\" \/>\n\t\t<meta name=\"twitter:title\" content=\"INTA celebra 60 a\u00f1os con feria tecnol\u00f3gica en Guanacaste\" \/>\n\t\t<meta name=\"twitter:description\" content=\"INTA celebra 60 a\u00f1os con Feria Tecnol\u00f3gica en Guanacaste. El evento destac\u00f3 innovaci\u00f3n agropecuaria y fortalecimiento del sector en comunidades rurales.\" \/>\n\t\t<meta name=\"twitter:image\" content=\"https:\/\/staytv.cr\/wp-content\/uploads\/Sin-titulo-2-103.png\" \/>\n\t\t<script type=\"application\/ld+json\" class=\"aioseo-schema\">\n\t\t\t{\"@context\":\"https:\\\/\\\/schema.org\",\"@graph\":[{\"@type\":\"BreadcrumbList\",\"@id\":\"https:\\\/\\\/staytv.cr\\\/index.php\\\/2025\\\/09\\\/08\\\/inta-celebra-60-anos-de-innovacion-agropecuaria-en-guanacaste\\\/#breadcrumblist\",\"itemListElement\":[{\"@type\":\"ListItem\",\"@id\":\"https:\\\/\\\/staytv.cr#listItem\",\"position\":1,\"name\":\"Home\",\"item\":\"https:\\\/\\\/staytv.cr\",\"nextItem\":{\"@type\":\"ListItem\",\"@id\":\"https:\\\/\\\/staytv.cr\\\/index.php\\\/category\\\/nacional\\\/#listItem\",\"name\":\"NACIONAL\"}},{\"@type\":\"ListItem\",\"@id\":\"https:\\\/\\\/staytv.cr\\\/index.php\\\/category\\\/nacional\\\/#listItem\",\"position\":2,\"name\":\"NACIONAL\",\"item\":\"https:\\\/\\\/staytv.cr\\\/index.php\\\/category\\\/nacional\\\/\",\"nextItem\":{\"@type\":\"ListItem\",\"@id\":\"https:\\\/\\\/staytv.cr\\\/index.php\\\/2025\\\/09\\\/08\\\/inta-celebra-60-anos-de-innovacion-agropecuaria-en-guanacaste\\\/#listItem\",\"name\":\"INTA celebra 60 a\\u00f1os de innovaci\\u00f3n agropecuaria en Guanacaste\"},\"previousItem\":{\"@type\":\"ListItem\",\"@id\":\"https:\\\/\\\/staytv.cr#listItem\",\"name\":\"Home\"}},{\"@type\":\"ListItem\",\"@id\":\"https:\\\/\\\/staytv.cr\\\/index.php\\\/2025\\\/09\\\/08\\\/inta-celebra-60-anos-de-innovacion-agropecuaria-en-guanacaste\\\/#listItem\",\"position\":3,\"name\":\"INTA celebra 60 a\\u00f1os de innovaci\\u00f3n agropecuaria en Guanacaste\",\"previousItem\":{\"@type\":\"ListItem\",\"@id\":\"https:\\\/\\\/staytv.cr\\\/index.php\\\/category\\\/nacional\\\/#listItem\",\"name\":\"NACIONAL\"}}]},{\"@type\":\"Organization\",\"@id\":\"https:\\\/\\\/staytv.cr\\\/#organization\",\"name\":\"Stay TV\",\"description\":\"Stay TV es un medio digital de noticias con base en Centroam\\u00e9rica, con cobertura local e internacional desde una mirada asi\\u00e1tica.\",\"url\":\"https:\\\/\\\/staytv.cr\\\/\",\"logo\":{\"@type\":\"ImageObject\",\"url\":\"https:\\\/\\\/staytv.cr\\\/wp-content\\\/uploads\\\/cropped-StayTV_logo_oficial_simple.png\",\"@id\":\"https:\\\/\\\/staytv.cr\\\/index.php\\\/2025\\\/09\\\/08\\\/inta-celebra-60-anos-de-innovacion-agropecuaria-en-guanacaste\\\/#organizationLogo\",\"width\":2560,\"height\":769},\"image\":{\"@id\":\"https:\\\/\\\/staytv.cr\\\/index.php\\\/2025\\\/09\\\/08\\\/inta-celebra-60-anos-de-innovacion-agropecuaria-en-guanacaste\\\/#organizationLogo\"},\"sameAs\":[\"https:\\\/\\\/www.instagram.com\\\/staytvcr\\\/\"]},{\"@type\":\"Person\",\"@id\":\"https:\\\/\\\/staytv.cr\\\/index.php\\\/author\\\/diegostaytv\\\/#author\",\"url\":\"https:\\\/\\\/staytv.cr\\\/index.php\\\/author\\\/diegostaytv\\\/\",\"name\":\"Diego Molina\",\"image\":{\"@type\":\"ImageObject\",\"url\":\"https:\\\/\\\/secure.gravatar.com\\\/avatar\\\/7d23cb63381aa64750c7e76727c208369ebd6f2565e9dc4c62e323b1ea59af41?s=96&d=mm&r=g\"}},{\"@type\":\"WebPage\",\"@id\":\"https:\\\/\\\/staytv.cr\\\/index.php\\\/2025\\\/09\\\/08\\\/inta-celebra-60-anos-de-innovacion-agropecuaria-en-guanacaste\\\/#webpage\",\"url\":\"https:\\\/\\\/staytv.cr\\\/index.php\\\/2025\\\/09\\\/08\\\/inta-celebra-60-anos-de-innovacion-agropecuaria-en-guanacaste\\\/\",\"name\":\"INTA celebra 60 a\\u00f1os con feria tecnol\\u00f3gica en Guanacaste\",\"description\":\"INTA celebra 60 a\\u00f1os con Feria Tecnol\\u00f3gica en Guanacaste. El evento destac\\u00f3 innovaci\\u00f3n agropecuaria y fortalecimiento del sector en comunidades rurales.\",\"inLanguage\":\"es-ES\",\"isPartOf\":{\"@id\":\"https:\\\/\\\/staytv.cr\\\/#website\"},\"breadcrumb\":{\"@id\":\"https:\\\/\\\/staytv.cr\\\/index.php\\\/2025\\\/09\\\/08\\\/inta-celebra-60-anos-de-innovacion-agropecuaria-en-guanacaste\\\/#breadcrumblist\"},\"author\":{\"@id\":\"https:\\\/\\\/staytv.cr\\\/index.php\\\/author\\\/diegostaytv\\\/#author\"},\"creator\":{\"@id\":\"https:\\\/\\\/staytv.cr\\\/index.php\\\/author\\\/diegostaytv\\\/#author\"},\"image\":{\"@type\":\"ImageObject\",\"url\":\"https:\\\/\\\/staytv.cr\\\/wp-content\\\/uploads\\\/Sin-titulo-2-103.png\",\"@id\":\"https:\\\/\\\/staytv.cr\\\/index.php\\\/2025\\\/09\\\/08\\\/inta-celebra-60-anos-de-innovacion-agropecuaria-en-guanacaste\\\/#mainImage\",\"width\":1280,\"height\":720,\"caption\":\"INTA celebra 60 a\\u00f1os\"},\"primaryImageOfPage\":{\"@id\":\"https:\\\/\\\/staytv.cr\\\/index.php\\\/2025\\\/09\\\/08\\\/inta-celebra-60-anos-de-innovacion-agropecuaria-en-guanacaste\\\/#mainImage\"},\"datePublished\":\"2025-09-08T08:59:24-06:00\",\"dateModified\":\"2025-09-08T08:59:24-06:00\"},{\"@type\":\"WebSite\",\"@id\":\"https:\\\/\\\/staytv.cr\\\/#website\",\"url\":\"https:\\\/\\\/staytv.cr\\\/\",\"name\":\"Staytv\",\"description\":\"Medio de comunicaci\\u00f3n digital de Costa Rica.\",\"inLanguage\":\"es-ES\",\"publisher\":{\"@id\":\"https:\\\/\\\/staytv.cr\\\/#organization\"}}]}\n\t\t<\/script>\n\t\t<!-- All in One SEO Pro -->\r\n\t\t<title>INTA celebra 60 a\u00f1os con feria tecnol\u00f3gica en Guanacaste<\/title>\n\n","aioseo_head_json":{"title":"INTA celebra 60 a\u00f1os con feria tecnol\u00f3gica en Guanacaste","description":"INTA celebra 60 a\u00f1os con Feria Tecnol\u00f3gica en Guanacaste. El evento destac\u00f3 innovaci\u00f3n agropecuaria y fortalecimiento del sector en comunidades rurales.","canonical_url":"https:\/\/staytv.cr\/index.php\/2025\/09\/08\/inta-celebra-60-anos-de-innovacion-agropecuaria-en-guanacaste\/","robots":"max-image-preview:large","keywords":"","webmasterTools":{"miscellaneous":""},"schema":{"@context":"https:\/\/schema.org","@graph":[{"@type":"BreadcrumbList","@id":"https:\/\/staytv.cr\/index.php\/2025\/09\/08\/inta-celebra-60-anos-de-innovacion-agropecuaria-en-guanacaste\/#breadcrumblist","itemListElement":[{"@type":"ListItem","@id":"https:\/\/staytv.cr#listItem","position":1,"name":"Home","item":"https:\/\/staytv.cr","nextItem":{"@type":"ListItem","@id":"https:\/\/staytv.cr\/index.php\/category\/nacional\/#listItem","name":"NACIONAL"}},{"@type":"ListItem","@id":"https:\/\/staytv.cr\/index.php\/category\/nacional\/#listItem","position":2,"name":"NACIONAL","item":"https:\/\/staytv.cr\/index.php\/category\/nacional\/","nextItem":{"@type":"ListItem","@id":"https:\/\/staytv.cr\/index.php\/2025\/09\/08\/inta-celebra-60-anos-de-innovacion-agropecuaria-en-guanacaste\/#listItem","name":"INTA celebra 60 a\u00f1os de innovaci\u00f3n agropecuaria en Guanacaste"},"previousItem":{"@type":"ListItem","@id":"https:\/\/staytv.cr#listItem","name":"Home"}},{"@type":"ListItem","@id":"https:\/\/staytv.cr\/index.php\/2025\/09\/08\/inta-celebra-60-anos-de-innovacion-agropecuaria-en-guanacaste\/#listItem","position":3,"name":"INTA celebra 60 a\u00f1os de innovaci\u00f3n agropecuaria en Guanacaste","previousItem":{"@type":"ListItem","@id":"https:\/\/staytv.cr\/index.php\/category\/nacional\/#listItem","name":"NACIONAL"}}]},{"@type":"Organization","@id":"https:\/\/staytv.cr\/#organization","name":"Stay TV","description":"Stay TV es un medio digital de noticias con base en Centroam\u00e9rica, con cobertura local e internacional desde una mirada asi\u00e1tica.","url":"https:\/\/staytv.cr\/","logo":{"@type":"ImageObject","url":"https:\/\/staytv.cr\/wp-content\/uploads\/cropped-StayTV_logo_oficial_simple.png","@id":"https:\/\/staytv.cr\/index.php\/2025\/09\/08\/inta-celebra-60-anos-de-innovacion-agropecuaria-en-guanacaste\/#organizationLogo","width":2560,"height":769},"image":{"@id":"https:\/\/staytv.cr\/index.php\/2025\/09\/08\/inta-celebra-60-anos-de-innovacion-agropecuaria-en-guanacaste\/#organizationLogo"},"sameAs":["https:\/\/www.instagram.com\/staytvcr\/"]},{"@type":"Person","@id":"https:\/\/staytv.cr\/index.php\/author\/diegostaytv\/#author","url":"https:\/\/staytv.cr\/index.php\/author\/diegostaytv\/","name":"Diego Molina","image":{"@type":"ImageObject","url":"https:\/\/secure.gravatar.com\/avatar\/7d23cb63381aa64750c7e76727c208369ebd6f2565e9dc4c62e323b1ea59af41?s=96&d=mm&r=g"}},{"@type":"WebPage","@id":"https:\/\/staytv.cr\/index.php\/2025\/09\/08\/inta-celebra-60-anos-de-innovacion-agropecuaria-en-guanacaste\/#webpage","url":"https:\/\/staytv.cr\/index.php\/2025\/09\/08\/inta-celebra-60-anos-de-innovacion-agropecuaria-en-guanacaste\/","name":"INTA celebra 60 a\u00f1os con feria tecnol\u00f3gica en Guanacaste","description":"INTA celebra 60 a\u00f1os con Feria Tecnol\u00f3gica en Guanacaste. El evento destac\u00f3 innovaci\u00f3n agropecuaria y fortalecimiento del sector en comunidades rurales.","inLanguage":"es-ES","isPartOf":{"@id":"https:\/\/staytv.cr\/#website"},"breadcrumb":{"@id":"https:\/\/staytv.cr\/index.php\/2025\/09\/08\/inta-celebra-60-anos-de-innovacion-agropecuaria-en-guanacaste\/#breadcrumblist"},"author":{"@id":"https:\/\/staytv.cr\/index.php\/author\/diegostaytv\/#author"},"creator":{"@id":"https:\/\/staytv.cr\/index.php\/author\/diegostaytv\/#author"},"image":{"@type":"ImageObject","url":"https:\/\/staytv.cr\/wp-content\/uploads\/Sin-titulo-2-103.png","@id":"https:\/\/staytv.cr\/index.php\/2025\/09\/08\/inta-celebra-60-anos-de-innovacion-agropecuaria-en-guanacaste\/#mainImage","width":1280,"height":720,"caption":"INTA celebra 60 a\u00f1os"},"primaryImageOfPage":{"@id":"https:\/\/staytv.cr\/index.php\/2025\/09\/08\/inta-celebra-60-anos-de-innovacion-agropecuaria-en-guanacaste\/#mainImage"},"datePublished":"2025-09-08T08:59:24-06:00","dateModified":"2025-09-08T08:59:24-06:00"},{"@type":"WebSite","@id":"https:\/\/staytv.cr\/#website","url":"https:\/\/staytv.cr\/","name":"Staytv","description":"Medio de comunicaci\u00f3n digital de Costa Rica.","inLanguage":"es-ES","publisher":{"@id":"https:\/\/staytv.cr\/#organization"}}]},"og:locale":"es_ES","og:site_name":"Staytv - Medio de comunicaci\u00f3n digital de Costa Rica.","og:type":"article","og:title":"INTA celebra 60 a\u00f1os con feria tecnol\u00f3gica en Guanacaste","og:description":"INTA celebra 60 a\u00f1os con Feria Tecnol\u00f3gica en Guanacaste. El evento destac\u00f3 innovaci\u00f3n agropecuaria y fortalecimiento del sector en comunidades rurales.","og:url":"https:\/\/staytv.cr\/index.php\/2025\/09\/08\/inta-celebra-60-anos-de-innovacion-agropecuaria-en-guanacaste\/","og:image":"https:\/\/staytv.cr\/wp-content\/uploads\/Sin-titulo-2-103.png","og:image:secure_url":"https:\/\/staytv.cr\/wp-content\/uploads\/Sin-titulo-2-103.png","og:image:width":1280,"og:image:height":720,"article:published_time":"2025-09-08T14:59:24+00:00","article:modified_time":"2025-09-08T14:59:24+00:00","article:publisher":"https:\/\/www.facebook.com\/staytvcr","twitter:card":"summary_large_image","twitter:title":"INTA celebra 60 a\u00f1os con feria tecnol\u00f3gica en Guanacaste","twitter:description":"INTA celebra 60 a\u00f1os con Feria Tecnol\u00f3gica en Guanacaste. El evento destac\u00f3 innovaci\u00f3n agropecuaria y fortalecimiento del sector en comunidades rurales.","twitter:image":"https:\/\/staytv.cr\/wp-content\/uploads\/Sin-titulo-2-103.png"},"aioseo_meta_data":{"post_id":"22294","title":"INTA celebra 60 a\u00f1os con feria tecnol\u00f3gica en Guanacaste","description":"INTA celebra 60 a\u00f1os con Feria Tecnol\u00f3gica en Guanacaste. El evento destac\u00f3 innovaci\u00f3n agropecuaria y fortalecimiento del sector en comunidades rurales.","keywords":null,"keyphrases":{"focus":{"keyphrase":"INTA","score":100,"analysis":{"keyphraseInTitle":{"score":9,"maxScore":9,"error":0},"keyphraseInDescription":{"score":9,"maxScore":9,"error":0},"keyphraseLength":{"score":9,"maxScore":9,"error":0,"length":1},"keyphraseInURL":{"score":5,"maxScore":5,"error":0},"keyphraseInIntroduction":{"score":9,"maxScore":9,"error":0},"keyphraseInSubHeadings":{"score":9,"maxScore":9,"error":0},"keyphraseInImageAlt":{"score":9,"maxScore":9,"error":0},"keywordDensity":{"type":"best","score":9,"maxScore":9,"error":0}}},"additional":[]},"canonical_url":null,"og_title":null,"og_description":null,"og_object_type":"default","og_image_type":"default","og_image_custom_url":null,"og_image_custom_fields":null,"og_custom_image_width":null,"og_custom_image_height":null,"og_video":"","og_custom_url":null,"og_article_section":null,"og_article_tags":null,"twitter_use_og":true,"twitter_card":"default","twitter_image_type":"default","twitter_image_custom_url":null,"twitter_image_custom_fields":null,"twitter_title":null,"twitter_description":null,"schema_type":null,"schema_type_options":null,"pillar_content":false,"robots_default":true,"robots_noindex":false,"robots_noarchive":false,"robots_nosnippet":false,"robots_nofollow":false,"robots_noimageindex":false,"robots_noodp":false,"robots_notranslate":false,"robots_max_snippet":"-1","robots_max_videopreview":"-1","robots_max_imagepreview":"none","tabs":null,"priority":null,"frequency":"default","local_seo":null,"created":"2025-09-08 14:47:59","updated":"2025-09-08 14:59:24"},"aioseo_breadcrumb":"<div class=\"aioseo-breadcrumbs\"><span class=\"aioseo-breadcrumb\">\n\t<a href=\"https:\/\/staytv.cr\" title=\"Home\">Home<\/a>\n<\/span><span class=\"aioseo-breadcrumb-separator\">&raquo;<\/span><span class=\"aioseo-breadcrumb\">\n\t<a href=\"https:\/\/staytv.cr\/index.php\/category\/nacional\/\" title=\"NACIONAL\">NACIONAL<\/a>\n<\/span><span class=\"aioseo-breadcrumb-separator\">&raquo;<\/span><span class=\"aioseo-breadcrumb\">\n\tINTA celebra 60 a\u00f1os de innovaci\u00f3n agropecuaria en Guanacaste\n<\/span><\/div>","aioseo_breadcrumb_json":[{"label":"Home","link":"https:\/\/staytv.cr"},{"label":"NACIONAL","link":"https:\/\/staytv.cr\/index.php\/category\/nacional\/"},{"label":"INTA celebra 60 a\u00f1os de innovaci\u00f3n agropecuaria en Guanacaste","link":"https:\/\/staytv.cr\/index.php\/2025\/09\/08\/inta-celebra-60-anos-de-innovacion-agropecuaria-en-guanacaste\/"}],"_links":{"self":[{"href":"https:\/\/staytv.cr\/index.php\/wp-json\/wp\/v2\/posts\/22294","targetHints":{"allow":["GET"]}}],"collection":[{"href":"https:\/\/staytv.cr\/index.php\/wp-json\/wp\/v2\/posts"}],"about":[{"href":"https:\/\/staytv.cr\/index.php\/wp-json\/wp\/v2\/types\/post"}],"author":[{"embeddable":true,"href":"https:\/\/staytv.cr\/index.php\/wp-json\/wp\/v2\/users\/10"}],"replies":[{"embeddable":true,"href":"https:\/\/staytv.cr\/index.php\/wp-json\/wp\/v2\/comments?post=22294"}],"version-history":[{"count":1,"href":"https:\/\/staytv.cr\/index.php\/wp-json\/wp\/v2\/posts\/22294\/revisions"}],"predecessor-version":[{"id":22301,"href":"https:\/\/staytv.cr\/index.php\/wp-json\/wp\/v2\/posts\/22294\/revisions\/22301"}],"wp:featuredmedia":[{"embeddable":true,"href":"https:\/\/staytv.cr\/index.php\/wp-json\/wp\/v2\/media\/22300"}],"wp:attachment":[{"href":"https:\/\/staytv.cr\/index.php\/wp-json\/wp\/v2\/media?parent=22294"}],"wp:term":[{"taxonomy":"category","embeddable":true,"href":"https:\/\/staytv.cr\/index.php\/wp-json\/wp\/v2\/categories?post=22294"},{"taxonomy":"post_tag","embeddable":true,"href":"https:\/\/staytv.cr\/index.php\/wp-json\/wp\/v2\/tags?post=22294"}],"curies":[{"name":"wp","href":"https:\/\/api.w.org\/{rel}","templated":true}]}}