{"id":22808,"date":"2025-09-17T10:56:48","date_gmt":"2025-09-17T16:56:48","guid":{"rendered":"https:\/\/staytv.cr\/?p=22808"},"modified":"2025-09-17T10:56:48","modified_gmt":"2025-09-17T16:56:48","slug":"productores-arroceros-pernoctaran-frente-a-la-asamblea-legislativa-en-defensa-de-la-seguridad-alimentaria","status":"publish","type":"post","link":"https:\/\/staytv.cr\/index.php\/2025\/09\/17\/productores-arroceros-pernoctaran-frente-a-la-asamblea-legislativa-en-defensa-de-la-seguridad-alimentaria\/","title":{"rendered":"Productores arroceros pernoctar\u00e1n frente a la Asamblea Legislativa en defensa de la Seguridad Alimentaria"},"content":{"rendered":"<p data-start=\"109\" data-end=\"454\">\u00a0Ante la dif\u00edcil situaci\u00f3n que vive el sector desde 2022, <strong data-start=\"206\" data-end=\"231\">productores arroceros<\/strong> anunciaron que <strong data-start=\"247\" data-end=\"292\">pernoctar\u00e1n, de forma pac\u00edfica y continua<\/strong>, frente a la <strong data-start=\"306\" data-end=\"330\">Asamblea Legislativa<\/strong> para exigir avance inmediato del <strong data-start=\"364\" data-end=\"390\">proyecto de Ley 24.211<\/strong>, que crea el <strong data-start=\"404\" data-end=\"453\">Fondo Nacional de Auxilio Arrocero (FONARROZ)<\/strong>.<\/p>\n<p><iframe title=\"Productores arroceros pernoctar\u00e1n frente a la Asamblea Legislativa en defensa\" width=\"1170\" height=\"658\" data-src=\"https:\/\/www.youtube.com\/embed\/PGpcj8NqmVw?feature=oembed\" frameborder=\"0\" allow=\"accelerometer; autoplay; clipboard-write; encrypted-media; gyroscope; picture-in-picture; web-share\" referrerpolicy=\"strict-origin-when-cross-origin\" allowfullscreen src=\"data:image\/svg+xml;base64,PHN2ZyB3aWR0aD0iMSIgaGVpZ2h0PSIxIiB4bWxucz0iaHR0cDovL3d3dy53My5vcmcvMjAwMC9zdmciPjwvc3ZnPg==\" class=\"lazyload\" data-load-mode=\"1\"><\/iframe><\/p>\n<h2 data-start=\"456\" data-end=\"522\">Productores arroceros piden convocar y votar el proyecto 24.211<\/h2>\n<p data-start=\"523\" data-end=\"860\">Los productores solicitan que el apoyo se materialice <strong data-start=\"577\" data-end=\"612\">convocando el expediente 24.211<\/strong> en sesiones ordinarias, <strong data-start=\"637\" data-end=\"689\">viendo las mociones de reiteraci\u00f3n a la brevedad<\/strong> y <strong data-start=\"692\" data-end=\"731\">pas\u00e1ndolo a primer y segundo debate<\/strong>. Sostienen que la iniciativa <strong data-start=\"761\" data-end=\"799\">resguarda la Seguridad Alimentaria<\/strong> al crear un <strong data-start=\"812\" data-end=\"832\">fondo de auxilio<\/strong> para el productor nacional.<\/p>\n<blockquote data-start=\"862\" data-end=\"1157\">\n<p data-start=\"864\" data-end=\"1157\">\u201cNo nos queda m\u00e1s que venir a quedarnos ac\u00e1, hacernos sentir; quiz\u00e1 as\u00ed avance el proyecto de ley 24.211. Solo pedimos pol\u00edticas similares a las de otros pa\u00edses, donde s\u00ed se protege al productor nacional y la Seguridad Alimentaria\u201d, se\u00f1al\u00f3 <strong data-start=\"1104\" data-end=\"1122\">Fernando Rivas<\/strong>, productor de la Regi\u00f3n Chorotega.<\/p>\n<\/blockquote>\n<h2 data-start=\"1159\" data-end=\"1221\">Ca\u00edda hist\u00f3rica desde 2022<\/h2>\n<ul data-start=\"1222\" data-end=\"1554\">\n<li data-start=\"1222\" data-end=\"1306\">\n<p data-start=\"1224\" data-end=\"1306\"><strong data-start=\"1224\" data-end=\"1249\">-41% en \u00e1rea sembrada<\/strong>: de <strong data-start=\"1254\" data-end=\"1275\">&gt;35.000 ha (2022)<\/strong> a <strong data-start=\"1278\" data-end=\"1291\">14.352 ha<\/strong> actualmente.<\/p>\n<\/li>\n<li data-start=\"1307\" data-end=\"1421\">\n<p data-start=\"1309\" data-end=\"1421\"><strong data-start=\"1309\" data-end=\"1345\">Desplome del valor de producci\u00f3n<\/strong>: de <strong data-start=\"1350\" data-end=\"1383\">&gt;\u20a140.000 millones (2021\u20132022)<\/strong> a <strong data-start=\"1386\" data-end=\"1418\">\u20a115.000 millones (2023\u20132024)<\/strong>.<\/p>\n<\/li>\n<li data-start=\"1422\" data-end=\"1554\">\n<p data-start=\"1424\" data-end=\"1554\"><strong data-start=\"1424\" data-end=\"1442\">Impacto social<\/strong>: p\u00e9rdida de miles de empleos directos e indirectos y afectaci\u00f3n a encadenamientos productivos en zonas rurales.<\/p>\n<\/li>\n<\/ul>\n<h2 data-start=\"1556\" data-end=\"1621\">Productores arroceros: Seguridad Alimentaria como meta de pa\u00eds<\/h2>\n<p data-start=\"1622\" data-end=\"1869\">El sector subraya que <strong data-start=\"1644\" data-end=\"1678\">\u201ceste es un proyecto de todos\u201d<\/strong>: mantener vivo al arroz nacional <strong data-start=\"1712\" data-end=\"1753\">garantiza acceso a un alimento b\u00e1sico<\/strong> en la mesa de los costarricenses, sostiene encadenamientos rurales y reduce vulnerabilidades ante choques externos.<\/p>\n<h5 data-start=\"1622\" data-end=\"1869\">Fuente: <a href=\"https:\/\/l.facebook.com\/l.php?u=http%3A%2F%2Fwww.conarroz.com%2F%3Ffbclid%3DIwZXh0bgNhZW0CMTAAYnJpZBExYjBacElDYU45Q0hZU3pZMgEeY-e5dy89AYI5nA18Id2bI8gEmtOFhwm-POaXtJWVHFMK03LBklvETh5IOl8_aem_8_o5H5bBmSJQpi6IZKXidw&amp;h=AT1q0BhQa4SCdJrVIZCQ0Ko4sAk6Lm4NIvltMZDOQ4R1p874zU1YiV4lQ6wnzvb5SWznrGhrdq42jcbzsqCRMrgPw-wQIKtO59c9mzZrcNUMaXHk9XEZv7mfnWkoUTeYIguK-kriPH6L_NHiHMSAoQ\">FONARROZ<\/a><\/h5>\n<h5 data-start=\"1622\" data-end=\"1869\">Lea tambi\u00e9n:\u00a0<a href=\"https:\/\/staytv.cr\/index.php\/2025\/08\/06\/productores-presionan-para-votacion-del-proyecto-fonarroz-buscan-rescatar-la-produccion-nacional-de-arroz\/\">PRODUCTORES PRESIONAN PARA VOTACI\u00d3N DEL PROYECTO FONARROZ: BUSCAN RESCATAR LA PRODUCCI\u00d3N NACIONAL DE ARROZ<\/a><\/h5>\n","protected":false},"excerpt":{"rendered":"<p>\u00a0Ante la dif\u00edcil situaci\u00f3n que vive el sector desde 2022, productores arroceros anunciaron que pernoctar\u00e1n, de forma pac\u00edfica y continua, frente a la Asamblea Legislativa para exigir avance inmediato del proyecto de Ley 24.211, que crea el Fondo Nacional de Auxilio Arrocero (FONARROZ). Productores arroceros piden convocar y votar el proyecto 24.211 Los productores solicitan [&hellip;]<\/p>\n","protected":false},"author":10,"featured_media":22809,"comment_status":"closed","ping_status":"open","sticky":false,"template":"","format":"standard","meta":{"episode_type":"","audio_file":"","podmotor_file_id":"","podmotor_episode_id":"","cover_image":"","cover_image_id":"","duration":"","filesize":"","filesize_raw":"","date_recorded":"","explicit":"","block":"","itunes_episode_number":"","itunes_title":"","itunes_season_number":"","itunes_episode_type":"","footnotes":""},"categories":[13],"tags":[1164,1161,70,1166,1163,1167,1168,1160,1162,1165,468],"class_list":{"0":"post-22808","1":"post","2":"type-post","3":"status-publish","4":"format-standard","5":"has-post-thumbnail","7":"category-nacional","8":"tag-agricultura","9":"tag-asamblea-legislativa","10":"tag-costa-rica","11":"tag-economia-rural","12":"tag-fonarroz","13":"tag-manifestaciones","14":"tag-politicas-publicas","15":"tag-productores-arroceros","16":"tag-proyecto-24-211","17":"tag-region-chorotega","18":"tag-seguridad-alimentaria"},"aioseo_notices":[],"aioseo_head":"\n\t\t<!-- All in One SEO Pro 4.8.3.2 - aioseo.com -->\n\t<meta name=\"description\" content=\"Ante la dif\u00edcil situaci\u00f3n que vive el sector desde 2022, productores arroceros anunciaron que pernoctar\u00e1n, de forma pac\u00edfica y continua, frente a la Asamblea Legislativa para exigir avance inmediato del proyecto de Ley 24.211, que crea el Fondo Nacional de Auxilio Arrocero (FONARROZ). https:\/\/youtu.be\/PGpcj8NqmVw Productores arroceros piden convocar y votar el proyecto 24.211 Los productores\" \/>\n\t<meta name=\"robots\" content=\"max-image-preview:large\" \/>\n\t<meta name=\"author\" content=\"Diego Molina\"\/>\n\t<link rel=\"canonical\" href=\"https:\/\/staytv.cr\/index.php\/2025\/09\/17\/productores-arroceros-pernoctaran-frente-a-la-asamblea-legislativa-en-defensa-de-la-seguridad-alimentaria\/\" \/>\n\t<meta name=\"generator\" content=\"All in One SEO Pro (AIOSEO) 4.8.3.2\" \/>\n\t\t<meta property=\"og:locale\" content=\"es_ES\" \/>\n\t\t<meta property=\"og:site_name\" content=\"Staytv - Medio de comunicaci\u00f3n digital de Costa Rica.\" \/>\n\t\t<meta property=\"og:type\" content=\"article\" \/>\n\t\t<meta property=\"og:title\" content=\"Productores arroceros pernoctar\u00e1n frente a la Asamblea Legislativa en defensa de la Seguridad Alimentaria - Staytv\" \/>\n\t\t<meta property=\"og:description\" content=\"Ante la dif\u00edcil situaci\u00f3n que vive el sector desde 2022, productores arroceros anunciaron que pernoctar\u00e1n, de forma pac\u00edfica y continua, frente a la Asamblea Legislativa para exigir avance inmediato del proyecto de Ley 24.211, que crea el Fondo Nacional de Auxilio Arrocero (FONARROZ). https:\/\/youtu.be\/PGpcj8NqmVw Productores arroceros piden convocar y votar el proyecto 24.211 Los productores\" \/>\n\t\t<meta property=\"og:url\" content=\"https:\/\/staytv.cr\/index.php\/2025\/09\/17\/productores-arroceros-pernoctaran-frente-a-la-asamblea-legislativa-en-defensa-de-la-seguridad-alimentaria\/\" \/>\n\t\t<meta property=\"og:image\" content=\"https:\/\/staytv.cr\/wp-content\/uploads\/Sin-titulo-4-108.png\" \/>\n\t\t<meta property=\"og:image:secure_url\" content=\"https:\/\/staytv.cr\/wp-content\/uploads\/Sin-titulo-4-108.png\" \/>\n\t\t<meta property=\"og:image:width\" content=\"1280\" \/>\n\t\t<meta property=\"og:image:height\" content=\"720\" \/>\n\t\t<meta property=\"article:published_time\" content=\"2025-09-17T16:56:48+00:00\" \/>\n\t\t<meta property=\"article:modified_time\" content=\"2025-09-17T16:56:48+00:00\" \/>\n\t\t<meta property=\"article:publisher\" content=\"https:\/\/www.facebook.com\/staytvcr\" \/>\n\t\t<meta name=\"twitter:card\" content=\"summary_large_image\" \/>\n\t\t<meta name=\"twitter:title\" content=\"Productores arroceros pernoctar\u00e1n frente a la Asamblea Legislativa en defensa de la Seguridad Alimentaria - Staytv\" \/>\n\t\t<meta name=\"twitter:description\" content=\"Ante la dif\u00edcil situaci\u00f3n que vive el sector desde 2022, productores arroceros anunciaron que pernoctar\u00e1n, de forma pac\u00edfica y continua, frente a la Asamblea Legislativa para exigir avance inmediato del proyecto de Ley 24.211, que crea el Fondo Nacional de Auxilio Arrocero (FONARROZ). https:\/\/youtu.be\/PGpcj8NqmVw Productores arroceros piden convocar y votar el proyecto 24.211 Los productores\" \/>\n\t\t<meta name=\"twitter:image\" content=\"https:\/\/staytv.cr\/wp-content\/uploads\/Sin-titulo-4-108.png\" \/>\n\t\t<script type=\"application\/ld+json\" class=\"aioseo-schema\">\n\t\t\t{\"@context\":\"https:\\\/\\\/schema.org\",\"@graph\":[{\"@type\":\"BreadcrumbList\",\"@id\":\"https:\\\/\\\/staytv.cr\\\/index.php\\\/2025\\\/09\\\/17\\\/productores-arroceros-pernoctaran-frente-a-la-asamblea-legislativa-en-defensa-de-la-seguridad-alimentaria\\\/#breadcrumblist\",\"itemListElement\":[{\"@type\":\"ListItem\",\"@id\":\"https:\\\/\\\/staytv.cr#listItem\",\"position\":1,\"name\":\"Home\",\"item\":\"https:\\\/\\\/staytv.cr\",\"nextItem\":{\"@type\":\"ListItem\",\"@id\":\"https:\\\/\\\/staytv.cr\\\/index.php\\\/category\\\/nacional\\\/#listItem\",\"name\":\"NACIONAL\"}},{\"@type\":\"ListItem\",\"@id\":\"https:\\\/\\\/staytv.cr\\\/index.php\\\/category\\\/nacional\\\/#listItem\",\"position\":2,\"name\":\"NACIONAL\",\"item\":\"https:\\\/\\\/staytv.cr\\\/index.php\\\/category\\\/nacional\\\/\",\"nextItem\":{\"@type\":\"ListItem\",\"@id\":\"https:\\\/\\\/staytv.cr\\\/index.php\\\/2025\\\/09\\\/17\\\/productores-arroceros-pernoctaran-frente-a-la-asamblea-legislativa-en-defensa-de-la-seguridad-alimentaria\\\/#listItem\",\"name\":\"Productores arroceros pernoctar\\u00e1n frente a la Asamblea Legislativa en defensa de la Seguridad Alimentaria\"},\"previousItem\":{\"@type\":\"ListItem\",\"@id\":\"https:\\\/\\\/staytv.cr#listItem\",\"name\":\"Home\"}},{\"@type\":\"ListItem\",\"@id\":\"https:\\\/\\\/staytv.cr\\\/index.php\\\/2025\\\/09\\\/17\\\/productores-arroceros-pernoctaran-frente-a-la-asamblea-legislativa-en-defensa-de-la-seguridad-alimentaria\\\/#listItem\",\"position\":3,\"name\":\"Productores arroceros pernoctar\\u00e1n frente a la Asamblea Legislativa en defensa de la Seguridad Alimentaria\",\"previousItem\":{\"@type\":\"ListItem\",\"@id\":\"https:\\\/\\\/staytv.cr\\\/index.php\\\/category\\\/nacional\\\/#listItem\",\"name\":\"NACIONAL\"}}]},{\"@type\":\"Organization\",\"@id\":\"https:\\\/\\\/staytv.cr\\\/#organization\",\"name\":\"Stay TV\",\"description\":\"Stay TV es un medio digital de noticias con base en Centroam\\u00e9rica, con cobertura local e internacional desde una mirada asi\\u00e1tica.\",\"url\":\"https:\\\/\\\/staytv.cr\\\/\",\"logo\":{\"@type\":\"ImageObject\",\"url\":\"https:\\\/\\\/staytv.cr\\\/wp-content\\\/uploads\\\/cropped-StayTV_logo_oficial_simple.png\",\"@id\":\"https:\\\/\\\/staytv.cr\\\/index.php\\\/2025\\\/09\\\/17\\\/productores-arroceros-pernoctaran-frente-a-la-asamblea-legislativa-en-defensa-de-la-seguridad-alimentaria\\\/#organizationLogo\",\"width\":2560,\"height\":769},\"image\":{\"@id\":\"https:\\\/\\\/staytv.cr\\\/index.php\\\/2025\\\/09\\\/17\\\/productores-arroceros-pernoctaran-frente-a-la-asamblea-legislativa-en-defensa-de-la-seguridad-alimentaria\\\/#organizationLogo\"},\"sameAs\":[\"https:\\\/\\\/www.instagram.com\\\/staytvcr\\\/\"]},{\"@type\":\"Person\",\"@id\":\"https:\\\/\\\/staytv.cr\\\/index.php\\\/author\\\/diegostaytv\\\/#author\",\"url\":\"https:\\\/\\\/staytv.cr\\\/index.php\\\/author\\\/diegostaytv\\\/\",\"name\":\"Diego Molina\",\"image\":{\"@type\":\"ImageObject\",\"url\":\"https:\\\/\\\/secure.gravatar.com\\\/avatar\\\/7d23cb63381aa64750c7e76727c208369ebd6f2565e9dc4c62e323b1ea59af41?s=96&d=mm&r=g\"}},{\"@type\":\"WebPage\",\"@id\":\"https:\\\/\\\/staytv.cr\\\/index.php\\\/2025\\\/09\\\/17\\\/productores-arroceros-pernoctaran-frente-a-la-asamblea-legislativa-en-defensa-de-la-seguridad-alimentaria\\\/#webpage\",\"url\":\"https:\\\/\\\/staytv.cr\\\/index.php\\\/2025\\\/09\\\/17\\\/productores-arroceros-pernoctaran-frente-a-la-asamblea-legislativa-en-defensa-de-la-seguridad-alimentaria\\\/\",\"name\":\"Productores arroceros pernoctar\\u00e1n frente a la Asamblea Legislativa en defensa de la Seguridad Alimentaria - Staytv\",\"description\":\"Ante la dif\\u00edcil situaci\\u00f3n que vive el sector desde 2022, productores arroceros anunciaron que pernoctar\\u00e1n, de forma pac\\u00edfica y continua, frente a la Asamblea Legislativa para exigir avance inmediato del proyecto de Ley 24.211, que crea el Fondo Nacional de Auxilio Arrocero (FONARROZ). https:\\\/\\\/youtu.be\\\/PGpcj8NqmVw Productores arroceros piden convocar y votar el proyecto 24.211 Los productores\",\"inLanguage\":\"es-ES\",\"isPartOf\":{\"@id\":\"https:\\\/\\\/staytv.cr\\\/#website\"},\"breadcrumb\":{\"@id\":\"https:\\\/\\\/staytv.cr\\\/index.php\\\/2025\\\/09\\\/17\\\/productores-arroceros-pernoctaran-frente-a-la-asamblea-legislativa-en-defensa-de-la-seguridad-alimentaria\\\/#breadcrumblist\"},\"author\":{\"@id\":\"https:\\\/\\\/staytv.cr\\\/index.php\\\/author\\\/diegostaytv\\\/#author\"},\"creator\":{\"@id\":\"https:\\\/\\\/staytv.cr\\\/index.php\\\/author\\\/diegostaytv\\\/#author\"},\"image\":{\"@type\":\"ImageObject\",\"url\":\"https:\\\/\\\/staytv.cr\\\/wp-content\\\/uploads\\\/Sin-titulo-4-108.png\",\"@id\":\"https:\\\/\\\/staytv.cr\\\/index.php\\\/2025\\\/09\\\/17\\\/productores-arroceros-pernoctaran-frente-a-la-asamblea-legislativa-en-defensa-de-la-seguridad-alimentaria\\\/#mainImage\",\"width\":1280,\"height\":720,\"caption\":\"Productores arroceros frente a la Asamblea\"},\"primaryImageOfPage\":{\"@id\":\"https:\\\/\\\/staytv.cr\\\/index.php\\\/2025\\\/09\\\/17\\\/productores-arroceros-pernoctaran-frente-a-la-asamblea-legislativa-en-defensa-de-la-seguridad-alimentaria\\\/#mainImage\"},\"datePublished\":\"2025-09-17T10:56:48-06:00\",\"dateModified\":\"2025-09-17T10:56:48-06:00\"},{\"@type\":\"WebSite\",\"@id\":\"https:\\\/\\\/staytv.cr\\\/#website\",\"url\":\"https:\\\/\\\/staytv.cr\\\/\",\"name\":\"Staytv\",\"description\":\"Medio de comunicaci\\u00f3n digital de Costa Rica.\",\"inLanguage\":\"es-ES\",\"publisher\":{\"@id\":\"https:\\\/\\\/staytv.cr\\\/#organization\"}}]}\n\t\t<\/script>\n\t\t<!-- All in One SEO Pro -->\r\n\t\t<title>Productores arroceros pernoctar\u00e1n frente a la Asamblea Legislativa en defensa de la Seguridad Alimentaria - Staytv<\/title>\n\n","aioseo_head_json":{"title":"Productores arroceros pernoctar\u00e1n frente a la Asamblea Legislativa en defensa de la Seguridad Alimentaria - Staytv","description":"Ante la dif\u00edcil situaci\u00f3n que vive el sector desde 2022, productores arroceros anunciaron que pernoctar\u00e1n, de forma pac\u00edfica y continua, frente a la Asamblea Legislativa para exigir avance inmediato del proyecto de Ley 24.211, que crea el Fondo Nacional de Auxilio Arrocero (FONARROZ). https:\/\/youtu.be\/PGpcj8NqmVw Productores arroceros piden convocar y votar el proyecto 24.211 Los productores","canonical_url":"https:\/\/staytv.cr\/index.php\/2025\/09\/17\/productores-arroceros-pernoctaran-frente-a-la-asamblea-legislativa-en-defensa-de-la-seguridad-alimentaria\/","robots":"max-image-preview:large","keywords":"","webmasterTools":{"miscellaneous":""},"schema":{"@context":"https:\/\/schema.org","@graph":[{"@type":"BreadcrumbList","@id":"https:\/\/staytv.cr\/index.php\/2025\/09\/17\/productores-arroceros-pernoctaran-frente-a-la-asamblea-legislativa-en-defensa-de-la-seguridad-alimentaria\/#breadcrumblist","itemListElement":[{"@type":"ListItem","@id":"https:\/\/staytv.cr#listItem","position":1,"name":"Home","item":"https:\/\/staytv.cr","nextItem":{"@type":"ListItem","@id":"https:\/\/staytv.cr\/index.php\/category\/nacional\/#listItem","name":"NACIONAL"}},{"@type":"ListItem","@id":"https:\/\/staytv.cr\/index.php\/category\/nacional\/#listItem","position":2,"name":"NACIONAL","item":"https:\/\/staytv.cr\/index.php\/category\/nacional\/","nextItem":{"@type":"ListItem","@id":"https:\/\/staytv.cr\/index.php\/2025\/09\/17\/productores-arroceros-pernoctaran-frente-a-la-asamblea-legislativa-en-defensa-de-la-seguridad-alimentaria\/#listItem","name":"Productores arroceros pernoctar\u00e1n frente a la Asamblea Legislativa en defensa de la Seguridad Alimentaria"},"previousItem":{"@type":"ListItem","@id":"https:\/\/staytv.cr#listItem","name":"Home"}},{"@type":"ListItem","@id":"https:\/\/staytv.cr\/index.php\/2025\/09\/17\/productores-arroceros-pernoctaran-frente-a-la-asamblea-legislativa-en-defensa-de-la-seguridad-alimentaria\/#listItem","position":3,"name":"Productores arroceros pernoctar\u00e1n frente a la Asamblea Legislativa en defensa de la Seguridad Alimentaria","previousItem":{"@type":"ListItem","@id":"https:\/\/staytv.cr\/index.php\/category\/nacional\/#listItem","name":"NACIONAL"}}]},{"@type":"Organization","@id":"https:\/\/staytv.cr\/#organization","name":"Stay TV","description":"Stay TV es un medio digital de noticias con base en Centroam\u00e9rica, con cobertura local e internacional desde una mirada asi\u00e1tica.","url":"https:\/\/staytv.cr\/","logo":{"@type":"ImageObject","url":"https:\/\/staytv.cr\/wp-content\/uploads\/cropped-StayTV_logo_oficial_simple.png","@id":"https:\/\/staytv.cr\/index.php\/2025\/09\/17\/productores-arroceros-pernoctaran-frente-a-la-asamblea-legislativa-en-defensa-de-la-seguridad-alimentaria\/#organizationLogo","width":2560,"height":769},"image":{"@id":"https:\/\/staytv.cr\/index.php\/2025\/09\/17\/productores-arroceros-pernoctaran-frente-a-la-asamblea-legislativa-en-defensa-de-la-seguridad-alimentaria\/#organizationLogo"},"sameAs":["https:\/\/www.instagram.com\/staytvcr\/"]},{"@type":"Person","@id":"https:\/\/staytv.cr\/index.php\/author\/diegostaytv\/#author","url":"https:\/\/staytv.cr\/index.php\/author\/diegostaytv\/","name":"Diego Molina","image":{"@type":"ImageObject","url":"https:\/\/secure.gravatar.com\/avatar\/7d23cb63381aa64750c7e76727c208369ebd6f2565e9dc4c62e323b1ea59af41?s=96&d=mm&r=g"}},{"@type":"WebPage","@id":"https:\/\/staytv.cr\/index.php\/2025\/09\/17\/productores-arroceros-pernoctaran-frente-a-la-asamblea-legislativa-en-defensa-de-la-seguridad-alimentaria\/#webpage","url":"https:\/\/staytv.cr\/index.php\/2025\/09\/17\/productores-arroceros-pernoctaran-frente-a-la-asamblea-legislativa-en-defensa-de-la-seguridad-alimentaria\/","name":"Productores arroceros pernoctar\u00e1n frente a la Asamblea Legislativa en defensa de la Seguridad Alimentaria - Staytv","description":"Ante la dif\u00edcil situaci\u00f3n que vive el sector desde 2022, productores arroceros anunciaron que pernoctar\u00e1n, de forma pac\u00edfica y continua, frente a la Asamblea Legislativa para exigir avance inmediato del proyecto de Ley 24.211, que crea el Fondo Nacional de Auxilio Arrocero (FONARROZ). https:\/\/youtu.be\/PGpcj8NqmVw Productores arroceros piden convocar y votar el proyecto 24.211 Los productores","inLanguage":"es-ES","isPartOf":{"@id":"https:\/\/staytv.cr\/#website"},"breadcrumb":{"@id":"https:\/\/staytv.cr\/index.php\/2025\/09\/17\/productores-arroceros-pernoctaran-frente-a-la-asamblea-legislativa-en-defensa-de-la-seguridad-alimentaria\/#breadcrumblist"},"author":{"@id":"https:\/\/staytv.cr\/index.php\/author\/diegostaytv\/#author"},"creator":{"@id":"https:\/\/staytv.cr\/index.php\/author\/diegostaytv\/#author"},"image":{"@type":"ImageObject","url":"https:\/\/staytv.cr\/wp-content\/uploads\/Sin-titulo-4-108.png","@id":"https:\/\/staytv.cr\/index.php\/2025\/09\/17\/productores-arroceros-pernoctaran-frente-a-la-asamblea-legislativa-en-defensa-de-la-seguridad-alimentaria\/#mainImage","width":1280,"height":720,"caption":"Productores arroceros frente a la Asamblea"},"primaryImageOfPage":{"@id":"https:\/\/staytv.cr\/index.php\/2025\/09\/17\/productores-arroceros-pernoctaran-frente-a-la-asamblea-legislativa-en-defensa-de-la-seguridad-alimentaria\/#mainImage"},"datePublished":"2025-09-17T10:56:48-06:00","dateModified":"2025-09-17T10:56:48-06:00"},{"@type":"WebSite","@id":"https:\/\/staytv.cr\/#website","url":"https:\/\/staytv.cr\/","name":"Staytv","description":"Medio de comunicaci\u00f3n digital de Costa Rica.","inLanguage":"es-ES","publisher":{"@id":"https:\/\/staytv.cr\/#organization"}}]},"og:locale":"es_ES","og:site_name":"Staytv - Medio de comunicaci\u00f3n digital de Costa Rica.","og:type":"article","og:title":"Productores arroceros pernoctar\u00e1n frente a la Asamblea Legislativa en defensa de la Seguridad Alimentaria - Staytv","og:description":"Ante la dif\u00edcil situaci\u00f3n que vive el sector desde 2022, productores arroceros anunciaron que pernoctar\u00e1n, de forma pac\u00edfica y continua, frente a la Asamblea Legislativa para exigir avance inmediato del proyecto de Ley 24.211, que crea el Fondo Nacional de Auxilio Arrocero (FONARROZ). https:\/\/youtu.be\/PGpcj8NqmVw Productores arroceros piden convocar y votar el proyecto 24.211 Los productores","og:url":"https:\/\/staytv.cr\/index.php\/2025\/09\/17\/productores-arroceros-pernoctaran-frente-a-la-asamblea-legislativa-en-defensa-de-la-seguridad-alimentaria\/","og:image":"https:\/\/staytv.cr\/wp-content\/uploads\/Sin-titulo-4-108.png","og:image:secure_url":"https:\/\/staytv.cr\/wp-content\/uploads\/Sin-titulo-4-108.png","og:image:width":1280,"og:image:height":720,"article:published_time":"2025-09-17T16:56:48+00:00","article:modified_time":"2025-09-17T16:56:48+00:00","article:publisher":"https:\/\/www.facebook.com\/staytvcr","twitter:card":"summary_large_image","twitter:title":"Productores arroceros pernoctar\u00e1n frente a la Asamblea Legislativa en defensa de la Seguridad Alimentaria - Staytv","twitter:description":"Ante la dif\u00edcil situaci\u00f3n que vive el sector desde 2022, productores arroceros anunciaron que pernoctar\u00e1n, de forma pac\u00edfica y continua, frente a la Asamblea Legislativa para exigir avance inmediato del proyecto de Ley 24.211, que crea el Fondo Nacional de Auxilio Arrocero (FONARROZ). https:\/\/youtu.be\/PGpcj8NqmVw Productores arroceros piden convocar y votar el proyecto 24.211 Los productores","twitter:image":"https:\/\/staytv.cr\/wp-content\/uploads\/Sin-titulo-4-108.png"},"aioseo_meta_data":{"post_id":"22808","title":null,"description":null,"keywords":null,"keyphrases":{"focus":{"keyphrase":"productores arroceros","score":100,"analysis":{"keyphraseInTitle":{"score":9,"maxScore":9,"error":0},"keyphraseInDescription":{"score":9,"maxScore":9,"error":0},"keyphraseLength":{"score":9,"maxScore":9,"error":0,"length":2},"keyphraseInURL":{"score":5,"maxScore":5,"error":0},"keyphraseInIntroduction":{"score":9,"maxScore":9,"error":0},"keyphraseInSubHeadings":{"score":9,"maxScore":9,"error":0},"keyphraseInImageAlt":[],"keywordDensity":{"type":"best","score":9,"maxScore":9,"error":0}}},"additional":[]},"canonical_url":null,"og_title":null,"og_description":null,"og_object_type":"default","og_image_type":"default","og_image_custom_url":null,"og_image_custom_fields":null,"og_custom_image_width":null,"og_custom_image_height":null,"og_video":"","og_custom_url":null,"og_article_section":null,"og_article_tags":null,"twitter_use_og":true,"twitter_card":"default","twitter_image_type":"default","twitter_image_custom_url":null,"twitter_image_custom_fields":null,"twitter_title":null,"twitter_description":null,"schema_type":null,"schema_type_options":null,"pillar_content":false,"robots_default":true,"robots_noindex":false,"robots_noarchive":false,"robots_nosnippet":false,"robots_nofollow":false,"robots_noimageindex":false,"robots_noodp":false,"robots_notranslate":false,"robots_max_snippet":"-1","robots_max_videopreview":"-1","robots_max_imagepreview":"none","tabs":null,"priority":null,"frequency":"default","local_seo":null,"created":"2025-09-17 16:47:04","updated":"2025-09-17 16:56:49"},"aioseo_breadcrumb":"<div class=\"aioseo-breadcrumbs\"><span class=\"aioseo-breadcrumb\">\n\t<a href=\"https:\/\/staytv.cr\" title=\"Home\">Home<\/a>\n<\/span><span class=\"aioseo-breadcrumb-separator\">&raquo;<\/span><span class=\"aioseo-breadcrumb\">\n\t<a href=\"https:\/\/staytv.cr\/index.php\/category\/nacional\/\" title=\"NACIONAL\">NACIONAL<\/a>\n<\/span><span class=\"aioseo-breadcrumb-separator\">&raquo;<\/span><span class=\"aioseo-breadcrumb\">\n\tProductores arroceros pernoctar\u00e1n frente a la Asamblea Legislativa en defensa de la Seguridad Alimentaria\n<\/span><\/div>","aioseo_breadcrumb_json":[{"label":"Home","link":"https:\/\/staytv.cr"},{"label":"NACIONAL","link":"https:\/\/staytv.cr\/index.php\/category\/nacional\/"},{"label":"Productores arroceros pernoctar\u00e1n frente a la Asamblea Legislativa en defensa de la Seguridad Alimentaria","link":"https:\/\/staytv.cr\/index.php\/2025\/09\/17\/productores-arroceros-pernoctaran-frente-a-la-asamblea-legislativa-en-defensa-de-la-seguridad-alimentaria\/"}],"_links":{"self":[{"href":"https:\/\/staytv.cr\/index.php\/wp-json\/wp\/v2\/posts\/22808","targetHints":{"allow":["GET"]}}],"collection":[{"href":"https:\/\/staytv.cr\/index.php\/wp-json\/wp\/v2\/posts"}],"about":[{"href":"https:\/\/staytv.cr\/index.php\/wp-json\/wp\/v2\/types\/post"}],"author":[{"embeddable":true,"href":"https:\/\/staytv.cr\/index.php\/wp-json\/wp\/v2\/users\/10"}],"replies":[{"embeddable":true,"href":"https:\/\/staytv.cr\/index.php\/wp-json\/wp\/v2\/comments?post=22808"}],"version-history":[{"count":1,"href":"https:\/\/staytv.cr\/index.php\/wp-json\/wp\/v2\/posts\/22808\/revisions"}],"predecessor-version":[{"id":22810,"href":"https:\/\/staytv.cr\/index.php\/wp-json\/wp\/v2\/posts\/22808\/revisions\/22810"}],"wp:featuredmedia":[{"embeddable":true,"href":"https:\/\/staytv.cr\/index.php\/wp-json\/wp\/v2\/media\/22809"}],"wp:attachment":[{"href":"https:\/\/staytv.cr\/index.php\/wp-json\/wp\/v2\/media?parent=22808"}],"wp:term":[{"taxonomy":"category","embeddable":true,"href":"https:\/\/staytv.cr\/index.php\/wp-json\/wp\/v2\/categories?post=22808"},{"taxonomy":"post_tag","embeddable":true,"href":"https:\/\/staytv.cr\/index.php\/wp-json\/wp\/v2\/tags?post=22808"}],"curies":[{"name":"wp","href":"https:\/\/api.w.org\/{rel}","templated":true}]}}