{"id":24365,"date":"2025-10-24T16:33:33","date_gmt":"2025-10-24T22:33:33","guid":{"rendered":"https:\/\/staytv.cr\/?p=24365"},"modified":"2025-10-24T16:35:27","modified_gmt":"2025-10-24T22:35:27","slug":"dos-muertos-tras-accidente-de-avion-de-carga-en-hong-kong","status":"publish","type":"post","link":"https:\/\/staytv.cr\/index.php\/2025\/10\/24\/dos-muertos-tras-accidente-de-avion-de-carga-en-hong-kong\/","title":{"rendered":"\u2708\ufe0f DOS MUERTOS TRAS ACCIDENTE DE AVI\u00d3N DE CARGA EN HONG KONG"},"content":{"rendered":"<h3 data-start=\"282\" data-end=\"390\">Boeing de carga turca cay\u00f3 al mar tras salirse de la pista en el Aeropuerto Internacional de Hong Kong<\/h3>\n<p data-start=\"392\" data-end=\"774\">Un <strong data-start=\"395\" data-end=\"439\">accidente de avi\u00f3n de carga en Hong Kong<\/strong> dej\u00f3 dos personas fallecidas la madrugada de este lunes, cuando una aeronave de la aerol\u00ednea turca <strong data-start=\"539\" data-end=\"555\">ACT Airlines<\/strong> se sali\u00f3 de la pista del Aeropuerto Internacional de Hong Kong (HKIA) y termin\u00f3 cayendo al mar. Las v\u00edctimas eran trabajadores del aeropuerto que se encontraban en un veh\u00edculo golpeado por el avi\u00f3n antes del impacto.<\/p>\n<p data-start=\"776\" data-end=\"915\">El siniestro ha conmocionado al sector a\u00e9reo internacional y desat\u00f3 una investigaci\u00f3n inmediata para esclarecer las causas del incidente.<\/p>\n<hr data-start=\"917\" data-end=\"920\" \/>\n<h3 data-start=\"922\" data-end=\"950\">DETALLES DEL ACCIDENTE<\/h3>\n<p data-start=\"952\" data-end=\"1251\">Seg\u00fan reportes oficiales, el avi\u00f3n \u2014un <strong data-start=\"991\" data-end=\"1030\">Boeing de carga procedente de Dub\u00e1i<\/strong>\u2014 perdi\u00f3 el control a las <strong data-start=\"1056\" data-end=\"1069\">3:50 a.m.<\/strong>, mientras realizaba maniobras de aterrizaje en condiciones de baja visibilidad. La aeronave se parti\u00f3 en dos al tocar el mar, lo que dificult\u00f3 las labores de rescate y contenci\u00f3n.<\/p>\n<p data-start=\"1253\" data-end=\"1433\">Equipos de emergencia y bomberos actuaron r\u00e1pidamente para evacuar la zona y atender a los heridos, mientras las autoridades aeroportuarias activaban los protocolos de seguridad.<\/p>\n<hr data-start=\"1435\" data-end=\"1438\" \/>\n<h3 data-start=\"1440\" data-end=\"1474\">V\u00cdCTIMAS Y DA\u00d1OS REGISTRADOS<\/h3>\n<p data-start=\"1476\" data-end=\"1661\">Las dos v\u00edctimas fatales eran miembros del <strong data-start=\"1519\" data-end=\"1556\">personal operativo del aeropuerto<\/strong>, quienes se encontraban dentro de un veh\u00edculo de mantenimiento que fue embestido y arrastrado al agua.<\/p>\n<p data-start=\"1663\" data-end=\"1900\">Adem\u00e1s de las p\u00e9rdidas humanas, el accidente provoc\u00f3 <strong data-start=\"1716\" data-end=\"1771\">da\u00f1os severos a la aeronave y al \u00e1rea de aterrizaje<\/strong>, generando preocupaci\u00f3n sobre el impacto en las operaciones del HKIA, uno de los aeropuertos de carga m\u00e1s importantes de Asia.<\/p>\n<hr data-start=\"1902\" data-end=\"1905\" \/>\n<h3 data-start=\"1907\" data-end=\"1935\">INVESTIGACI\u00d3N EN CURSO<\/h3>\n<p data-start=\"1937\" data-end=\"2254\">Las autoridades locales confirmaron que se abri\u00f3 una <strong data-start=\"1990\" data-end=\"2026\">investigaci\u00f3n t\u00e9cnica y judicial<\/strong> para determinar las causas exactas del siniestro. Los an\u00e1lisis se centrar\u00e1n en tres ejes: las <strong data-start=\"2121\" data-end=\"2151\">condiciones meteorol\u00f3gicas<\/strong>, el <strong data-start=\"2156\" data-end=\"2186\">estado mec\u00e1nico del Boeing<\/strong> y posibles <strong data-start=\"2198\" data-end=\"2217\">errores humanos<\/strong> durante la maniobra de aterrizaje.<\/p>\n<p data-start=\"2256\" data-end=\"2479\">El Departamento de Aviaci\u00f3n Civil de Hong Kong indic\u00f3 que la prioridad inmediata fue asegurar el per\u00edmetro, recuperar los restos del avi\u00f3n y garantizar la seguridad operativa antes de reanudar las actividades en la pista.<\/p>\n<hr data-start=\"2481\" data-end=\"2484\" \/>\n<h3 data-start=\"2486\" data-end=\"2521\">REPERCUSIONES INTERNACIONALES<\/h3>\n<p data-start=\"2523\" data-end=\"2787\">El <strong data-start=\"2526\" data-end=\"2570\">accidente de avi\u00f3n de carga en Hong Kong<\/strong> ha generado reacciones en todo el mundo. Organismos aeron\u00e1uticos y aerol\u00edneas de carga expresaron condolencias y pidieron reforzar los protocolos de aterrizaje y aproximaci\u00f3n, especialmente en aeropuertos costeros.<\/p>\n<p data-start=\"2789\" data-end=\"3022\">Por su parte, la administraci\u00f3n del HKIA asegur\u00f3 que mantendr\u00e1 <strong data-start=\"2852\" data-end=\"2929\">plena colaboraci\u00f3n con las autoridades turcas y los fabricantes del avi\u00f3n<\/strong> para esclarecer los hechos y aplicar mejoras que reduzcan el riesgo de incidentes futuros.<\/p>\n<hr data-start=\"3024\" data-end=\"3027\" \/>\n<h3 data-start=\"3029\" data-end=\"3075\">UN RECORDATORIO SOBRE LA SEGURIDAD A\u00c9REA<\/h3>\n<p data-start=\"3077\" data-end=\"3369\">Este hecho pone de relieve la importancia de la <strong data-start=\"3125\" data-end=\"3169\">seguridad operacional en vuelos de carga<\/strong>, un sector que crece aceleradamente en Asia. Las autoridades hongkonesas reiteraron su compromiso con la prevenci\u00f3n y se\u00f1alaron que se tomar\u00e1n medidas correctivas una vez finalice la investigaci\u00f3n.<\/p>\n<hr data-start=\"3371\" data-end=\"3374\" \/>\n<p data-start=\"3376\" data-end=\"3536\"><strong data-start=\"3488\" data-end=\"3536\">Lea m\u00e1s noticias en staytv.cr, da <a href=\"https:\/\/staytv.cr\/index.php\/category\/internacional\/\">Click AC\u00c1<\/a>.<\/strong><\/p>\n","protected":false},"excerpt":{"rendered":"<p>Boeing de carga turca cay\u00f3 al mar tras salirse de la pista en el Aeropuerto Internacional de Hong Kong Un accidente de avi\u00f3n de carga en Hong Kong dej\u00f3 dos personas fallecidas la madrugada de este lunes, cuando una aeronave de la aerol\u00ednea turca ACT Airlines se sali\u00f3 de la pista del Aeropuerto Internacional de [&hellip;]<\/p>\n","protected":false},"author":11,"featured_media":24620,"comment_status":"closed","ping_status":"open","sticky":false,"template":"","format":"standard","meta":{"episode_type":"","audio_file":"","podmotor_file_id":"","podmotor_episode_id":"","cover_image":"","cover_image_id":"","duration":"","filesize":"","filesize_raw":"","date_recorded":"","explicit":"","block":"","itunes_episode_number":"","itunes_title":"","itunes_season_number":"","itunes_episode_type":"","footnotes":""},"categories":[8],"tags":[],"class_list":{"0":"post-24365","1":"post","2":"type-post","3":"status-publish","4":"format-standard","5":"has-post-thumbnail","7":"category-internacional"},"aioseo_notices":[],"aioseo_head":"\n\t\t<!-- All in One SEO Pro 4.8.3.2 - aioseo.com -->\n\t<meta name=\"description\" content=\"Accidente de avi\u00f3n de carga en Hong Kong deja dos muertos tras caer al mar. Autoridades investigan causas del siniestro en el Aeropuerto Internacional.\" \/>\n\t<meta name=\"robots\" content=\"max-image-preview:large\" \/>\n\t<meta name=\"author\" content=\"Ryan\"\/>\n\t<link rel=\"canonical\" href=\"https:\/\/staytv.cr\/index.php\/2025\/10\/24\/dos-muertos-tras-accidente-de-avion-de-carga-en-hong-kong\/\" \/>\n\t<meta name=\"generator\" content=\"All in One SEO Pro (AIOSEO) 4.8.3.2\" \/>\n\t\t<meta property=\"og:locale\" content=\"es_ES\" \/>\n\t\t<meta property=\"og:site_name\" content=\"Staytv - Medio de comunicaci\u00f3n digital de Costa Rica.\" \/>\n\t\t<meta property=\"og:type\" content=\"article\" \/>\n\t\t<meta property=\"og:title\" content=\"Accidente de avi\u00f3n de carga en Hong Kong deja dos muertos\" \/>\n\t\t<meta property=\"og:description\" content=\"Accidente de avi\u00f3n de carga en Hong Kong deja dos muertos tras caer al mar. Autoridades investigan causas del siniestro en el Aeropuerto Internacional.\" \/>\n\t\t<meta property=\"og:url\" content=\"https:\/\/staytv.cr\/index.php\/2025\/10\/24\/dos-muertos-tras-accidente-de-avion-de-carga-en-hong-kong\/\" \/>\n\t\t<meta property=\"og:image\" content=\"https:\/\/staytv.cr\/wp-content\/uploads\/Sin-titulo-13-91.png\" \/>\n\t\t<meta property=\"og:image:secure_url\" content=\"https:\/\/staytv.cr\/wp-content\/uploads\/Sin-titulo-13-91.png\" \/>\n\t\t<meta property=\"og:image:width\" content=\"1280\" \/>\n\t\t<meta property=\"og:image:height\" content=\"720\" \/>\n\t\t<meta property=\"article:published_time\" content=\"2025-10-24T22:33:33+00:00\" \/>\n\t\t<meta property=\"article:modified_time\" content=\"2025-10-24T22:35:27+00:00\" \/>\n\t\t<meta property=\"article:publisher\" content=\"https:\/\/www.facebook.com\/staytvcr\" \/>\n\t\t<meta name=\"twitter:card\" content=\"summary_large_image\" \/>\n\t\t<meta name=\"twitter:title\" content=\"Accidente de avi\u00f3n de carga en Hong Kong deja dos muertos\" \/>\n\t\t<meta name=\"twitter:description\" content=\"Accidente de avi\u00f3n de carga en Hong Kong deja dos muertos tras caer al mar. Autoridades investigan causas del siniestro en el Aeropuerto Internacional.\" \/>\n\t\t<meta name=\"twitter:image\" content=\"https:\/\/staytv.cr\/wp-content\/uploads\/Sin-titulo-13-91.png\" \/>\n\t\t<script type=\"application\/ld+json\" class=\"aioseo-schema\">\n\t\t\t{\"@context\":\"https:\\\/\\\/schema.org\",\"@graph\":[{\"@type\":\"BreadcrumbList\",\"@id\":\"https:\\\/\\\/staytv.cr\\\/index.php\\\/2025\\\/10\\\/24\\\/dos-muertos-tras-accidente-de-avion-de-carga-en-hong-kong\\\/#breadcrumblist\",\"itemListElement\":[{\"@type\":\"ListItem\",\"@id\":\"https:\\\/\\\/staytv.cr#listItem\",\"position\":1,\"name\":\"Home\",\"item\":\"https:\\\/\\\/staytv.cr\",\"nextItem\":{\"@type\":\"ListItem\",\"@id\":\"https:\\\/\\\/staytv.cr\\\/index.php\\\/category\\\/internacional\\\/#listItem\",\"name\":\"INTERNACIONAL\"}},{\"@type\":\"ListItem\",\"@id\":\"https:\\\/\\\/staytv.cr\\\/index.php\\\/category\\\/internacional\\\/#listItem\",\"position\":2,\"name\":\"INTERNACIONAL\",\"item\":\"https:\\\/\\\/staytv.cr\\\/index.php\\\/category\\\/internacional\\\/\",\"nextItem\":{\"@type\":\"ListItem\",\"@id\":\"https:\\\/\\\/staytv.cr\\\/index.php\\\/2025\\\/10\\\/24\\\/dos-muertos-tras-accidente-de-avion-de-carga-en-hong-kong\\\/#listItem\",\"name\":\"\\u2708\\ufe0f DOS MUERTOS TRAS ACCIDENTE DE AVI\\u00d3N DE CARGA EN HONG KONG\"},\"previousItem\":{\"@type\":\"ListItem\",\"@id\":\"https:\\\/\\\/staytv.cr#listItem\",\"name\":\"Home\"}},{\"@type\":\"ListItem\",\"@id\":\"https:\\\/\\\/staytv.cr\\\/index.php\\\/2025\\\/10\\\/24\\\/dos-muertos-tras-accidente-de-avion-de-carga-en-hong-kong\\\/#listItem\",\"position\":3,\"name\":\"\\u2708\\ufe0f DOS MUERTOS TRAS ACCIDENTE DE AVI\\u00d3N DE CARGA EN HONG KONG\",\"previousItem\":{\"@type\":\"ListItem\",\"@id\":\"https:\\\/\\\/staytv.cr\\\/index.php\\\/category\\\/internacional\\\/#listItem\",\"name\":\"INTERNACIONAL\"}}]},{\"@type\":\"Organization\",\"@id\":\"https:\\\/\\\/staytv.cr\\\/#organization\",\"name\":\"Stay TV\",\"description\":\"Stay TV es un medio digital de noticias con base en Centroam\\u00e9rica, con cobertura local e internacional desde una mirada asi\\u00e1tica.\",\"url\":\"https:\\\/\\\/staytv.cr\\\/\",\"logo\":{\"@type\":\"ImageObject\",\"url\":\"https:\\\/\\\/staytv.cr\\\/wp-content\\\/uploads\\\/cropped-StayTV_logo_oficial_simple.png\",\"@id\":\"https:\\\/\\\/staytv.cr\\\/index.php\\\/2025\\\/10\\\/24\\\/dos-muertos-tras-accidente-de-avion-de-carga-en-hong-kong\\\/#organizationLogo\",\"width\":2560,\"height\":769},\"image\":{\"@id\":\"https:\\\/\\\/staytv.cr\\\/index.php\\\/2025\\\/10\\\/24\\\/dos-muertos-tras-accidente-de-avion-de-carga-en-hong-kong\\\/#organizationLogo\"},\"sameAs\":[\"https:\\\/\\\/www.instagram.com\\\/staytvcr\\\/\"]},{\"@type\":\"Person\",\"@id\":\"https:\\\/\\\/staytv.cr\\\/index.php\\\/author\\\/ryantv\\\/#author\",\"url\":\"https:\\\/\\\/staytv.cr\\\/index.php\\\/author\\\/ryantv\\\/\",\"name\":\"Ryan\",\"image\":{\"@type\":\"ImageObject\",\"url\":\"https:\\\/\\\/secure.gravatar.com\\\/avatar\\\/f95152fd26e0540ce723631868753fd2ae822574fa609b52b1b123eea57755e2?s=96&d=mm&r=g\"}},{\"@type\":\"WebPage\",\"@id\":\"https:\\\/\\\/staytv.cr\\\/index.php\\\/2025\\\/10\\\/24\\\/dos-muertos-tras-accidente-de-avion-de-carga-en-hong-kong\\\/#webpage\",\"url\":\"https:\\\/\\\/staytv.cr\\\/index.php\\\/2025\\\/10\\\/24\\\/dos-muertos-tras-accidente-de-avion-de-carga-en-hong-kong\\\/\",\"name\":\"Accidente de avi\\u00f3n de carga en Hong Kong deja dos muertos\",\"description\":\"Accidente de avi\\u00f3n de carga en Hong Kong deja dos muertos tras caer al mar. Autoridades investigan causas del siniestro en el Aeropuerto Internacional.\",\"inLanguage\":\"es-ES\",\"isPartOf\":{\"@id\":\"https:\\\/\\\/staytv.cr\\\/#website\"},\"breadcrumb\":{\"@id\":\"https:\\\/\\\/staytv.cr\\\/index.php\\\/2025\\\/10\\\/24\\\/dos-muertos-tras-accidente-de-avion-de-carga-en-hong-kong\\\/#breadcrumblist\"},\"author\":{\"@id\":\"https:\\\/\\\/staytv.cr\\\/index.php\\\/author\\\/ryantv\\\/#author\"},\"creator\":{\"@id\":\"https:\\\/\\\/staytv.cr\\\/index.php\\\/author\\\/ryantv\\\/#author\"},\"image\":{\"@type\":\"ImageObject\",\"url\":\"https:\\\/\\\/staytv.cr\\\/wp-content\\\/uploads\\\/Sin-titulo-13-91.png\",\"@id\":\"https:\\\/\\\/staytv.cr\\\/index.php\\\/2025\\\/10\\\/24\\\/dos-muertos-tras-accidente-de-avion-de-carga-en-hong-kong\\\/#mainImage\",\"width\":1280,\"height\":720,\"caption\":\"Accidente de avi\\u00f3n de carga en Hong Kong tras aterrizaje fallido.\"},\"primaryImageOfPage\":{\"@id\":\"https:\\\/\\\/staytv.cr\\\/index.php\\\/2025\\\/10\\\/24\\\/dos-muertos-tras-accidente-de-avion-de-carga-en-hong-kong\\\/#mainImage\"},\"datePublished\":\"2025-10-24T16:33:33-06:00\",\"dateModified\":\"2025-10-24T16:35:27-06:00\"},{\"@type\":\"WebSite\",\"@id\":\"https:\\\/\\\/staytv.cr\\\/#website\",\"url\":\"https:\\\/\\\/staytv.cr\\\/\",\"name\":\"Staytv\",\"description\":\"Medio de comunicaci\\u00f3n digital de Costa Rica.\",\"inLanguage\":\"es-ES\",\"publisher\":{\"@id\":\"https:\\\/\\\/staytv.cr\\\/#organization\"}}]}\n\t\t<\/script>\n\t\t<!-- All in One SEO Pro -->\r\n\t\t<title>Accidente de avi\u00f3n de carga en Hong Kong deja dos muertos<\/title>\n\n","aioseo_head_json":{"title":"Accidente de avi\u00f3n de carga en Hong Kong deja dos muertos","description":"Accidente de avi\u00f3n de carga en Hong Kong deja dos muertos tras caer al mar. Autoridades investigan causas del siniestro en el Aeropuerto Internacional.","canonical_url":"https:\/\/staytv.cr\/index.php\/2025\/10\/24\/dos-muertos-tras-accidente-de-avion-de-carga-en-hong-kong\/","robots":"max-image-preview:large","keywords":"","webmasterTools":{"miscellaneous":""},"schema":{"@context":"https:\/\/schema.org","@graph":[{"@type":"BreadcrumbList","@id":"https:\/\/staytv.cr\/index.php\/2025\/10\/24\/dos-muertos-tras-accidente-de-avion-de-carga-en-hong-kong\/#breadcrumblist","itemListElement":[{"@type":"ListItem","@id":"https:\/\/staytv.cr#listItem","position":1,"name":"Home","item":"https:\/\/staytv.cr","nextItem":{"@type":"ListItem","@id":"https:\/\/staytv.cr\/index.php\/category\/internacional\/#listItem","name":"INTERNACIONAL"}},{"@type":"ListItem","@id":"https:\/\/staytv.cr\/index.php\/category\/internacional\/#listItem","position":2,"name":"INTERNACIONAL","item":"https:\/\/staytv.cr\/index.php\/category\/internacional\/","nextItem":{"@type":"ListItem","@id":"https:\/\/staytv.cr\/index.php\/2025\/10\/24\/dos-muertos-tras-accidente-de-avion-de-carga-en-hong-kong\/#listItem","name":"\u2708\ufe0f DOS MUERTOS TRAS ACCIDENTE DE AVI\u00d3N DE CARGA EN HONG KONG"},"previousItem":{"@type":"ListItem","@id":"https:\/\/staytv.cr#listItem","name":"Home"}},{"@type":"ListItem","@id":"https:\/\/staytv.cr\/index.php\/2025\/10\/24\/dos-muertos-tras-accidente-de-avion-de-carga-en-hong-kong\/#listItem","position":3,"name":"\u2708\ufe0f DOS MUERTOS TRAS ACCIDENTE DE AVI\u00d3N DE CARGA EN HONG KONG","previousItem":{"@type":"ListItem","@id":"https:\/\/staytv.cr\/index.php\/category\/internacional\/#listItem","name":"INTERNACIONAL"}}]},{"@type":"Organization","@id":"https:\/\/staytv.cr\/#organization","name":"Stay TV","description":"Stay TV es un medio digital de noticias con base en Centroam\u00e9rica, con cobertura local e internacional desde una mirada asi\u00e1tica.","url":"https:\/\/staytv.cr\/","logo":{"@type":"ImageObject","url":"https:\/\/staytv.cr\/wp-content\/uploads\/cropped-StayTV_logo_oficial_simple.png","@id":"https:\/\/staytv.cr\/index.php\/2025\/10\/24\/dos-muertos-tras-accidente-de-avion-de-carga-en-hong-kong\/#organizationLogo","width":2560,"height":769},"image":{"@id":"https:\/\/staytv.cr\/index.php\/2025\/10\/24\/dos-muertos-tras-accidente-de-avion-de-carga-en-hong-kong\/#organizationLogo"},"sameAs":["https:\/\/www.instagram.com\/staytvcr\/"]},{"@type":"Person","@id":"https:\/\/staytv.cr\/index.php\/author\/ryantv\/#author","url":"https:\/\/staytv.cr\/index.php\/author\/ryantv\/","name":"Ryan","image":{"@type":"ImageObject","url":"https:\/\/secure.gravatar.com\/avatar\/f95152fd26e0540ce723631868753fd2ae822574fa609b52b1b123eea57755e2?s=96&d=mm&r=g"}},{"@type":"WebPage","@id":"https:\/\/staytv.cr\/index.php\/2025\/10\/24\/dos-muertos-tras-accidente-de-avion-de-carga-en-hong-kong\/#webpage","url":"https:\/\/staytv.cr\/index.php\/2025\/10\/24\/dos-muertos-tras-accidente-de-avion-de-carga-en-hong-kong\/","name":"Accidente de avi\u00f3n de carga en Hong Kong deja dos muertos","description":"Accidente de avi\u00f3n de carga en Hong Kong deja dos muertos tras caer al mar. Autoridades investigan causas del siniestro en el Aeropuerto Internacional.","inLanguage":"es-ES","isPartOf":{"@id":"https:\/\/staytv.cr\/#website"},"breadcrumb":{"@id":"https:\/\/staytv.cr\/index.php\/2025\/10\/24\/dos-muertos-tras-accidente-de-avion-de-carga-en-hong-kong\/#breadcrumblist"},"author":{"@id":"https:\/\/staytv.cr\/index.php\/author\/ryantv\/#author"},"creator":{"@id":"https:\/\/staytv.cr\/index.php\/author\/ryantv\/#author"},"image":{"@type":"ImageObject","url":"https:\/\/staytv.cr\/wp-content\/uploads\/Sin-titulo-13-91.png","@id":"https:\/\/staytv.cr\/index.php\/2025\/10\/24\/dos-muertos-tras-accidente-de-avion-de-carga-en-hong-kong\/#mainImage","width":1280,"height":720,"caption":"Accidente de avi\u00f3n de carga en Hong Kong tras aterrizaje fallido."},"primaryImageOfPage":{"@id":"https:\/\/staytv.cr\/index.php\/2025\/10\/24\/dos-muertos-tras-accidente-de-avion-de-carga-en-hong-kong\/#mainImage"},"datePublished":"2025-10-24T16:33:33-06:00","dateModified":"2025-10-24T16:35:27-06:00"},{"@type":"WebSite","@id":"https:\/\/staytv.cr\/#website","url":"https:\/\/staytv.cr\/","name":"Staytv","description":"Medio de comunicaci\u00f3n digital de Costa Rica.","inLanguage":"es-ES","publisher":{"@id":"https:\/\/staytv.cr\/#organization"}}]},"og:locale":"es_ES","og:site_name":"Staytv - Medio de comunicaci\u00f3n digital de Costa Rica.","og:type":"article","og:title":"Accidente de avi\u00f3n de carga en Hong Kong deja dos muertos","og:description":"Accidente de avi\u00f3n de carga en Hong Kong deja dos muertos tras caer al mar. Autoridades investigan causas del siniestro en el Aeropuerto Internacional.","og:url":"https:\/\/staytv.cr\/index.php\/2025\/10\/24\/dos-muertos-tras-accidente-de-avion-de-carga-en-hong-kong\/","og:image":"https:\/\/staytv.cr\/wp-content\/uploads\/Sin-titulo-13-91.png","og:image:secure_url":"https:\/\/staytv.cr\/wp-content\/uploads\/Sin-titulo-13-91.png","og:image:width":1280,"og:image:height":720,"article:published_time":"2025-10-24T22:33:33+00:00","article:modified_time":"2025-10-24T22:35:27+00:00","article:publisher":"https:\/\/www.facebook.com\/staytvcr","twitter:card":"summary_large_image","twitter:title":"Accidente de avi\u00f3n de carga en Hong Kong deja dos muertos","twitter:description":"Accidente de avi\u00f3n de carga en Hong Kong deja dos muertos tras caer al mar. Autoridades investigan causas del siniestro en el Aeropuerto Internacional.","twitter:image":"https:\/\/staytv.cr\/wp-content\/uploads\/Sin-titulo-13-91.png"},"aioseo_meta_data":{"post_id":"24365","title":"Accidente de avi\u00f3n de carga en Hong Kong deja dos muertos","description":"Accidente de avi\u00f3n de carga en Hong Kong deja dos muertos tras caer al mar. Autoridades investigan causas del siniestro en el Aeropuerto Internacional.","keywords":null,"keyphrases":{"focus":{"keyphrase":"accidente","score":90,"analysis":{"keyphraseInTitle":{"score":9,"maxScore":9,"error":0},"keyphraseInDescription":{"score":9,"maxScore":9,"error":0},"keyphraseLength":{"score":9,"maxScore":9,"error":0,"length":1},"keyphraseInURL":{"score":5,"maxScore":5,"error":0},"keyphraseInIntroduction":{"score":9,"maxScore":9,"error":0},"keyphraseInSubHeadings":{"score":3,"maxScore":9,"error":1},"keyphraseInImageAlt":[],"keywordDensity":{"type":"best","score":9,"maxScore":9,"error":0}}},"additional":[]},"canonical_url":null,"og_title":null,"og_description":null,"og_object_type":"default","og_image_type":"default","og_image_custom_url":null,"og_image_custom_fields":null,"og_custom_image_width":null,"og_custom_image_height":null,"og_video":"","og_custom_url":null,"og_article_section":null,"og_article_tags":null,"twitter_use_og":true,"twitter_card":"default","twitter_image_type":"default","twitter_image_custom_url":null,"twitter_image_custom_fields":null,"twitter_title":null,"twitter_description":null,"schema_type":null,"schema_type_options":null,"pillar_content":false,"robots_default":true,"robots_noindex":false,"robots_noarchive":false,"robots_nosnippet":false,"robots_nofollow":false,"robots_noimageindex":false,"robots_noodp":false,"robots_notranslate":false,"robots_max_snippet":"-1","robots_max_videopreview":"-1","robots_max_imagepreview":"none","tabs":null,"priority":null,"frequency":"default","local_seo":null,"created":"2025-10-20 08:25:47","updated":"2025-10-24 22:35:27"},"aioseo_breadcrumb":"<div class=\"aioseo-breadcrumbs\"><span class=\"aioseo-breadcrumb\">\n\t<a href=\"https:\/\/staytv.cr\" title=\"Home\">Home<\/a>\n<\/span><span class=\"aioseo-breadcrumb-separator\">&raquo;<\/span><span class=\"aioseo-breadcrumb\">\n\t<a href=\"https:\/\/staytv.cr\/index.php\/category\/internacional\/\" title=\"INTERNACIONAL\">INTERNACIONAL<\/a>\n<\/span><span class=\"aioseo-breadcrumb-separator\">&raquo;<\/span><span class=\"aioseo-breadcrumb\">\n\t\u2708\ufe0f DOS MUERTOS TRAS ACCIDENTE DE AVI\u00d3N DE CARGA EN HONG KONG\n<\/span><\/div>","aioseo_breadcrumb_json":[{"label":"Home","link":"https:\/\/staytv.cr"},{"label":"INTERNACIONAL","link":"https:\/\/staytv.cr\/index.php\/category\/internacional\/"},{"label":"\u2708\ufe0f DOS MUERTOS TRAS ACCIDENTE DE AVI\u00d3N DE CARGA EN HONG KONG","link":"https:\/\/staytv.cr\/index.php\/2025\/10\/24\/dos-muertos-tras-accidente-de-avion-de-carga-en-hong-kong\/"}],"_links":{"self":[{"href":"https:\/\/staytv.cr\/index.php\/wp-json\/wp\/v2\/posts\/24365","targetHints":{"allow":["GET"]}}],"collection":[{"href":"https:\/\/staytv.cr\/index.php\/wp-json\/wp\/v2\/posts"}],"about":[{"href":"https:\/\/staytv.cr\/index.php\/wp-json\/wp\/v2\/types\/post"}],"author":[{"embeddable":true,"href":"https:\/\/staytv.cr\/index.php\/wp-json\/wp\/v2\/users\/11"}],"replies":[{"embeddable":true,"href":"https:\/\/staytv.cr\/index.php\/wp-json\/wp\/v2\/comments?post=24365"}],"version-history":[{"count":3,"href":"https:\/\/staytv.cr\/index.php\/wp-json\/wp\/v2\/posts\/24365\/revisions"}],"predecessor-version":[{"id":24622,"href":"https:\/\/staytv.cr\/index.php\/wp-json\/wp\/v2\/posts\/24365\/revisions\/24622"}],"wp:featuredmedia":[{"embeddable":true,"href":"https:\/\/staytv.cr\/index.php\/wp-json\/wp\/v2\/media\/24620"}],"wp:attachment":[{"href":"https:\/\/staytv.cr\/index.php\/wp-json\/wp\/v2\/media?parent=24365"}],"wp:term":[{"taxonomy":"category","embeddable":true,"href":"https:\/\/staytv.cr\/index.php\/wp-json\/wp\/v2\/categories?post=24365"},{"taxonomy":"post_tag","embeddable":true,"href":"https:\/\/staytv.cr\/index.php\/wp-json\/wp\/v2\/tags?post=24365"}],"curies":[{"name":"wp","href":"https:\/\/api.w.org\/{rel}","templated":true}]}}