{"id":24566,"date":"2025-10-23T16:47:47","date_gmt":"2025-10-23T22:47:47","guid":{"rendered":"https:\/\/staytv.cr\/?p=24566"},"modified":"2025-10-23T16:48:26","modified_gmt":"2025-10-23T22:48:26","slug":"expovino-costa-rica","status":"publish","type":"post","link":"https:\/\/staytv.cr\/index.php\/2025\/10\/23\/expovino-costa-rica\/","title":{"rendered":"\ud83c\udf47 COMENZ\u00d3 EXPOVINO: M\u00c1S DE 100 BODEGAS INTERNACIONALES SE DAN CITA EN COSTA RICA"},"content":{"rendered":"<p data-start=\"230\" data-end=\"316\"><strong data-start=\"3569\" data-end=\"3592\">Expovino Costa Rica<\/strong> dio inicio a su s\u00e9tima edici\u00f3n, reuniendo m\u00e1s de 100 bodegas internacionales y distribuidores nacionales en el Centro de Convenciones.<!--more--><\/p>\n<h3 data-start=\"318\" data-end=\"414\">El evento re\u00fane a expertos, distribuidores y amantes del vino en el Centro de Convenciones<\/h3>\n<p data-start=\"416\" data-end=\"662\"><strong data-start=\"416\" data-end=\"429\">San Jos\u00e9.<\/strong> Este jueves dio inicio la <strong data-start=\"456\" data-end=\"497\">s\u00e9tima edici\u00f3n de Expovino Costa Rica<\/strong>, el encuentro m\u00e1s importante de la cultura vin\u00edcola del pa\u00eds, que se realizar\u00e1 hasta este s\u00e1bado <strong data-start=\"595\" data-end=\"612\">25 de octubre<\/strong> en el <strong data-start=\"619\" data-end=\"659\">Centro de Convenciones de Costa Rica<\/strong>.<\/p>\n<p data-start=\"664\" data-end=\"908\">El evento re\u00fane a m\u00e1s de <strong data-start=\"689\" data-end=\"738\">100 representantes de bodegas internacionales<\/strong> procedentes de <strong data-start=\"754\" data-end=\"805\">Espa\u00f1a, Italia, Argentina, Chile y otros pa\u00edses<\/strong>, adem\u00e1s de <strong data-start=\"817\" data-end=\"849\">25 distribuidores nacionales<\/strong> que exhiben m\u00e1s de <strong data-start=\"869\" data-end=\"905\">500 bodegas y miles de etiquetas<\/strong>.<\/p>\n<div id='gallery-1' class='gallery galleryid-24566 gallery-columns-2 gallery-size-large'><figure class='gallery-item'>\n\t\t\t<div class='gallery-icon landscape'>\n\t\t\t\t<a href='https:\/\/staytv.cr\/index.php\/2025\/10\/23\/expovino-costa-rica\/imagen-de-whatsapp-2025-10-23-a-las-16-04-49_21eb01d3\/'><img decoding=\"async\" width=\"1024\" height=\"682\" data-src=\"https:\/\/staytv.cr\/wp-content\/uploads\/Imagen-de-WhatsApp-2025-10-23-a-las-16.04.49_21eb01d3-1024x682.jpg\" class=\"attachment-large size-large lazyload\" alt=\"Expovino Costa Rica re\u00fane m\u00e1s de 100 bodegas internacionales en su s\u00e9ptima edici\u00f3n.\" aria-describedby=\"gallery-1-24567\" src=\"data:image\/svg+xml;base64,PHN2ZyB3aWR0aD0iMSIgaGVpZ2h0PSIxIiB4bWxucz0iaHR0cDovL3d3dy53My5vcmcvMjAwMC9zdmciPjwvc3ZnPg==\" style=\"--smush-placeholder-width: 1024px; --smush-placeholder-aspect-ratio: 1024\/682;\" data-srcset=\"https:\/\/staytv.cr\/wp-content\/uploads\/Imagen-de-WhatsApp-2025-10-23-a-las-16.04.49_21eb01d3-1024x682.jpg 1024w, https:\/\/staytv.cr\/wp-content\/uploads\/Imagen-de-WhatsApp-2025-10-23-a-las-16.04.49_21eb01d3-300x200.jpg 300w, https:\/\/staytv.cr\/wp-content\/uploads\/Imagen-de-WhatsApp-2025-10-23-a-las-16.04.49_21eb01d3-150x100.jpg 150w, https:\/\/staytv.cr\/wp-content\/uploads\/Imagen-de-WhatsApp-2025-10-23-a-las-16.04.49_21eb01d3-768x512.jpg 768w, https:\/\/staytv.cr\/wp-content\/uploads\/Imagen-de-WhatsApp-2025-10-23-a-las-16.04.49_21eb01d3-1536x1023.jpg 1536w, https:\/\/staytv.cr\/wp-content\/uploads\/Imagen-de-WhatsApp-2025-10-23-a-las-16.04.49_21eb01d3-330x220.jpg 330w, https:\/\/staytv.cr\/wp-content\/uploads\/Imagen-de-WhatsApp-2025-10-23-a-las-16.04.49_21eb01d3-420x280.jpg 420w, https:\/\/staytv.cr\/wp-content\/uploads\/Imagen-de-WhatsApp-2025-10-23-a-las-16.04.49_21eb01d3-615x410.jpg 615w, https:\/\/staytv.cr\/wp-content\/uploads\/Imagen-de-WhatsApp-2025-10-23-a-las-16.04.49_21eb01d3-860x573.jpg 860w, https:\/\/staytv.cr\/wp-content\/uploads\/Imagen-de-WhatsApp-2025-10-23-a-las-16.04.49_21eb01d3.jpg 1600w\" data-sizes=\"auto\" data-original-sizes=\"(max-width: 1024px) 100vw, 1024px\" \/><\/a>\n\t\t\t<\/div>\n\t\t\t\t<figcaption class='wp-caption-text gallery-caption' id='gallery-1-24567'>\n\t\t\t\tExpovino Costa Rica re\u00fane m\u00e1s de 100 bodegas internacionales en su s\u00e9ptima edici\u00f3n.\n\t\t\t\t<\/figcaption><\/figure><figure class='gallery-item'>\n\t\t\t<div class='gallery-icon landscape'>\n\t\t\t\t<a href='https:\/\/staytv.cr\/index.php\/2025\/10\/23\/expovino-costa-rica\/imagen-de-whatsapp-2025-10-23-a-las-16-04-49_b32a5142\/'><img decoding=\"async\" width=\"1024\" height=\"682\" data-src=\"https:\/\/staytv.cr\/wp-content\/uploads\/Imagen-de-WhatsApp-2025-10-23-a-las-16.04.49_b32a5142-1024x682.jpg\" class=\"attachment-large size-large lazyload\" alt=\"\" src=\"data:image\/svg+xml;base64,PHN2ZyB3aWR0aD0iMSIgaGVpZ2h0PSIxIiB4bWxucz0iaHR0cDovL3d3dy53My5vcmcvMjAwMC9zdmciPjwvc3ZnPg==\" style=\"--smush-placeholder-width: 1024px; --smush-placeholder-aspect-ratio: 1024\/682;\" data-srcset=\"https:\/\/staytv.cr\/wp-content\/uploads\/Imagen-de-WhatsApp-2025-10-23-a-las-16.04.49_b32a5142-1024x682.jpg 1024w, https:\/\/staytv.cr\/wp-content\/uploads\/Imagen-de-WhatsApp-2025-10-23-a-las-16.04.49_b32a5142-300x200.jpg 300w, https:\/\/staytv.cr\/wp-content\/uploads\/Imagen-de-WhatsApp-2025-10-23-a-las-16.04.49_b32a5142-150x100.jpg 150w, https:\/\/staytv.cr\/wp-content\/uploads\/Imagen-de-WhatsApp-2025-10-23-a-las-16.04.49_b32a5142-768x512.jpg 768w, https:\/\/staytv.cr\/wp-content\/uploads\/Imagen-de-WhatsApp-2025-10-23-a-las-16.04.49_b32a5142-1536x1023.jpg 1536w, https:\/\/staytv.cr\/wp-content\/uploads\/Imagen-de-WhatsApp-2025-10-23-a-las-16.04.49_b32a5142-330x220.jpg 330w, https:\/\/staytv.cr\/wp-content\/uploads\/Imagen-de-WhatsApp-2025-10-23-a-las-16.04.49_b32a5142-420x280.jpg 420w, https:\/\/staytv.cr\/wp-content\/uploads\/Imagen-de-WhatsApp-2025-10-23-a-las-16.04.49_b32a5142-615x410.jpg 615w, https:\/\/staytv.cr\/wp-content\/uploads\/Imagen-de-WhatsApp-2025-10-23-a-las-16.04.49_b32a5142-860x573.jpg 860w, https:\/\/staytv.cr\/wp-content\/uploads\/Imagen-de-WhatsApp-2025-10-23-a-las-16.04.49_b32a5142.jpg 1600w\" data-sizes=\"auto\" data-original-sizes=\"(max-width: 1024px) 100vw, 1024px\" \/><\/a>\n\t\t\t<\/div><\/figure>\n\t\t<\/div>\n\n<hr data-start=\"910\" data-end=\"913\" \/>\n<h3 data-start=\"915\" data-end=\"974\">Una experiencia que une conocimiento, cultura y sabor<\/h3>\n<p data-start=\"976\" data-end=\"1362\">Durante dos d\u00edas, los asistentes podr\u00e1n disfrutar de una experiencia \u00fanica que combina <strong data-start=\"1063\" data-end=\"1101\">aprendizaje, degustaci\u00f3n y cultura<\/strong>, con el vino como protagonista.<br data-start=\"1133\" data-end=\"1136\" \/>Los representantes internacionales compartir\u00e1n directamente sus conocimientos y pasiones con el p\u00fablico costarricense, fortaleciendo la conexi\u00f3n entre <strong data-start=\"1287\" data-end=\"1359\">productores, distribuidores, chefs, hoteleros y consumidores locales<\/strong>.<\/p>\n<blockquote data-start=\"1364\" data-end=\"1628\">\n<p data-start=\"1366\" data-end=\"1628\">\u201cCada a\u00f1o, Expovino se consolida como un punto de encuentro clave entre Costa Rica y el mundo del vino. Nos enorgullece que tantos expertos viajen hasta nuestro pa\u00eds para compartir su conocimiento y su cultura\u201d, expres\u00f3 <strong data-start=\"1586\" data-end=\"1601\">Karl Hempel<\/strong>, organizador del evento.<\/p>\n<\/blockquote>\n<hr data-start=\"1630\" data-end=\"1633\" \/>\n<h3 data-start=\"1635\" data-end=\"1679\">Un espacio de aprendizaje y networking<\/h3>\n<p data-start=\"1681\" data-end=\"2008\">A diferencia de una simple feria o celebraci\u00f3n, <strong data-start=\"1729\" data-end=\"1741\">Expovino<\/strong> se presenta como un espacio de <strong data-start=\"1773\" data-end=\"1823\">aprendizaje, networking y disfrute responsable<\/strong>.<br data-start=\"1824\" data-end=\"1827\" \/>El evento busca <strong data-start=\"1843\" data-end=\"1875\">promover la cultura del vino<\/strong>, fomentar el <strong data-start=\"1889\" data-end=\"1910\">consumo informado<\/strong> y fortalecer las <strong data-start=\"1928\" data-end=\"1954\">relaciones comerciales<\/strong> dentro del sector gastron\u00f3mico y hotelero del pa\u00eds.<\/p>\n<p data-start=\"2010\" data-end=\"2274\">Adem\u00e1s, los visitantes pueden explorar el <strong data-start=\"2052\" data-end=\"2092\">directorio de expositores nacionales<\/strong> y el <strong data-start=\"2098\" data-end=\"2134\">listado de bodegas participantes<\/strong> en el sitio oficial <a class=\"decorated-link\" href=\"https:\/\/www.expovinocr.com\" target=\"_new\" rel=\"noopener\" data-start=\"2155\" data-end=\"2203\">www.expovinocr.com<\/a><\/p>\n<p data-start=\"2010\" data-end=\"2274\">donde tambi\u00e9n se encuentran disponibles las <strong data-start=\"2249\" data-end=\"2261\">entradas<\/strong> al evento.<\/p>\n<hr data-start=\"2276\" data-end=\"2279\" \/>\n<h3 data-start=\"2281\" data-end=\"2306\">Detalles del evento<\/h3>\n<p data-start=\"2308\" data-end=\"2634\">\ud83d\udcc5 <strong data-start=\"2311\" data-end=\"2322\">Fechas:<\/strong> Viernes 24 y s\u00e1bado 25 de octubre, 2025<br data-start=\"2362\" data-end=\"2365\" \/>\ud83d\udd52 <strong data-start=\"2368\" data-end=\"2380\">Horario:<\/strong> 3:00 p.m. a 9:00 p.m.<br data-start=\"2402\" data-end=\"2405\" \/>\ud83d\udccd <strong data-start=\"2408\" data-end=\"2418\">Lugar:<\/strong> Centro de Convenciones de Costa Rica<br data-start=\"2455\" data-end=\"2458\" \/>\ud83c\udf10 <strong data-start=\"2461\" data-end=\"2488\">Entradas e informaci\u00f3n:<\/strong> <a class=\"decorated-link\" href=\"http:\/\/www.expovinocr.com\" target=\"_new\" rel=\"noopener\" data-start=\"2489\" data-end=\"2507\">www.expovinocr.com<\/a><\/p>\n<h3 data-start=\"2641\" data-end=\"2691\">Expovino: 15 a\u00f1os de tradici\u00f3n y crecimiento<\/h3>\n<p data-start=\"2693\" data-end=\"3061\">Con m\u00e1s de <strong data-start=\"2704\" data-end=\"2730\">15 a\u00f1os de trayectoria<\/strong>, <strong data-start=\"2732\" data-end=\"2755\">Expovino Costa Rica<\/strong> se ha consolidado como <strong data-start=\"2779\" data-end=\"2832\">la feria de vino m\u00e1s grande e influyente del pa\u00eds<\/strong>.<br data-start=\"2833\" data-end=\"2836\" \/>Su objetivo es impulsar la <strong data-start=\"2863\" data-end=\"2886\">educaci\u00f3n enol\u00f3gica<\/strong>, fortalecer el desarrollo del <strong data-start=\"2917\" data-end=\"2951\">sector gastron\u00f3mico y hotelero<\/strong> y posicionar a Costa Rica como un punto de encuentro entre la cultura del vino y la innovaci\u00f3n empresarial.<\/p>\n<p data-start=\"3063\" data-end=\"3111\"><strong data-start=\"3063\" data-end=\"3111\">Lea m\u00e1s noticias en staytv.cr, da <a href=\"https:\/\/staytv.cr\/index.php\/category\/estilo-de-vida\">Click AC\u00c1.<\/a><\/strong><\/p>\n<p data-start=\"2010\" data-end=\"2274\">\n","protected":false},"excerpt":{"rendered":"<p>Expovino Costa Rica dio inicio a su s\u00e9tima edici\u00f3n, reuniendo m\u00e1s de 100 bodegas internacionales y distribuidores nacionales en el Centro de Convenciones.<\/p>\n","protected":false},"author":10,"featured_media":24569,"comment_status":"closed","ping_status":"open","sticky":false,"template":"","format":"standard","meta":{"episode_type":"","audio_file":"","podmotor_file_id":"","podmotor_episode_id":"","cover_image":"","cover_image_id":"","duration":"","filesize":"","filesize_raw":"","date_recorded":"","explicit":"","block":"","itunes_episode_number":"","itunes_title":"","itunes_season_number":"","itunes_episode_type":"","footnotes":""},"categories":[9],"tags":[1497,1498,1503,1500,1495,1496,1499,1502,1501],"class_list":{"0":"post-24566","1":"post","2":"type-post","3":"status-publish","4":"format-standard","5":"has-post-thumbnail","7":"category-estilo-de-vida","8":"tag-bodegas-internacionales","9":"tag-centro-de-convenciones","10":"tag-cultura-del-vino","11":"tag-enologia","12":"tag-expovino-costa-rica","13":"tag-feria-de-vino","14":"tag-gastronomia","15":"tag-karl-hempel","16":"tag-vino-tico"},"aioseo_notices":[],"aioseo_head":"\n\t\t<!-- All in One SEO Pro 4.8.3.2 - aioseo.com -->\n\t<meta name=\"description\" content=\"Expovino Costa Rica re\u00fane m\u00e1s de 100 bodegas internacionales en el Centro de Convenciones, ofreciendo degustaciones, aprendizaje y cultura del vino.\" \/>\n\t<meta name=\"robots\" content=\"max-image-preview:large\" \/>\n\t<meta name=\"author\" content=\"Diego Molina\"\/>\n\t<link rel=\"canonical\" href=\"https:\/\/staytv.cr\/index.php\/2025\/10\/23\/expovino-costa-rica\/\" \/>\n\t<meta name=\"generator\" content=\"All in One SEO Pro (AIOSEO) 4.8.3.2\" \/>\n\t\t<meta property=\"og:locale\" content=\"es_ES\" \/>\n\t\t<meta property=\"og:site_name\" content=\"Staytv - Medio de comunicaci\u00f3n digital de Costa Rica.\" \/>\n\t\t<meta property=\"og:type\" content=\"article\" \/>\n\t\t<meta property=\"og:title\" content=\"Comenz\u00f3 Expovino Costa Rica con m\u00e1s de 100 bodegas internacionales\" \/>\n\t\t<meta property=\"og:description\" content=\"Expovino Costa Rica re\u00fane m\u00e1s de 100 bodegas internacionales en el Centro de Convenciones, ofreciendo degustaciones, aprendizaje y cultura del vino.\" \/>\n\t\t<meta property=\"og:url\" content=\"https:\/\/staytv.cr\/index.php\/2025\/10\/23\/expovino-costa-rica\/\" \/>\n\t\t<meta property=\"og:image\" content=\"https:\/\/staytv.cr\/wp-content\/uploads\/Sin-titulo-9-109.png\" \/>\n\t\t<meta property=\"og:image:secure_url\" content=\"https:\/\/staytv.cr\/wp-content\/uploads\/Sin-titulo-9-109.png\" \/>\n\t\t<meta property=\"og:image:width\" content=\"1280\" \/>\n\t\t<meta property=\"og:image:height\" content=\"720\" \/>\n\t\t<meta property=\"article:published_time\" content=\"2025-10-23T22:47:47+00:00\" \/>\n\t\t<meta property=\"article:modified_time\" content=\"2025-10-23T22:48:26+00:00\" \/>\n\t\t<meta property=\"article:publisher\" content=\"https:\/\/www.facebook.com\/staytvcr\" \/>\n\t\t<meta name=\"twitter:card\" content=\"summary_large_image\" \/>\n\t\t<meta name=\"twitter:title\" content=\"Comenz\u00f3 Expovino Costa Rica con m\u00e1s de 100 bodegas internacionales\" \/>\n\t\t<meta name=\"twitter:description\" content=\"Expovino Costa Rica re\u00fane m\u00e1s de 100 bodegas internacionales en el Centro de Convenciones, ofreciendo degustaciones, aprendizaje y cultura del vino.\" \/>\n\t\t<meta name=\"twitter:image\" content=\"https:\/\/staytv.cr\/wp-content\/uploads\/Sin-titulo-9-109.png\" \/>\n\t\t<script type=\"application\/ld+json\" class=\"aioseo-schema\">\n\t\t\t{\"@context\":\"https:\\\/\\\/schema.org\",\"@graph\":[{\"@type\":\"BreadcrumbList\",\"@id\":\"https:\\\/\\\/staytv.cr\\\/index.php\\\/2025\\\/10\\\/23\\\/expovino-costa-rica\\\/#breadcrumblist\",\"itemListElement\":[{\"@type\":\"ListItem\",\"@id\":\"https:\\\/\\\/staytv.cr#listItem\",\"position\":1,\"name\":\"Home\",\"item\":\"https:\\\/\\\/staytv.cr\",\"nextItem\":{\"@type\":\"ListItem\",\"@id\":\"https:\\\/\\\/staytv.cr\\\/index.php\\\/category\\\/estilo-de-vida\\\/#listItem\",\"name\":\"ESTILO DE VIDA\"}},{\"@type\":\"ListItem\",\"@id\":\"https:\\\/\\\/staytv.cr\\\/index.php\\\/category\\\/estilo-de-vida\\\/#listItem\",\"position\":2,\"name\":\"ESTILO DE VIDA\",\"item\":\"https:\\\/\\\/staytv.cr\\\/index.php\\\/category\\\/estilo-de-vida\\\/\",\"nextItem\":{\"@type\":\"ListItem\",\"@id\":\"https:\\\/\\\/staytv.cr\\\/index.php\\\/2025\\\/10\\\/23\\\/expovino-costa-rica\\\/#listItem\",\"name\":\"\\ud83c\\udf47 COMENZ\\u00d3 EXPOVINO: M\\u00c1S DE 100 BODEGAS INTERNACIONALES SE DAN CITA EN COSTA RICA\"},\"previousItem\":{\"@type\":\"ListItem\",\"@id\":\"https:\\\/\\\/staytv.cr#listItem\",\"name\":\"Home\"}},{\"@type\":\"ListItem\",\"@id\":\"https:\\\/\\\/staytv.cr\\\/index.php\\\/2025\\\/10\\\/23\\\/expovino-costa-rica\\\/#listItem\",\"position\":3,\"name\":\"\\ud83c\\udf47 COMENZ\\u00d3 EXPOVINO: M\\u00c1S DE 100 BODEGAS INTERNACIONALES SE DAN CITA EN COSTA RICA\",\"previousItem\":{\"@type\":\"ListItem\",\"@id\":\"https:\\\/\\\/staytv.cr\\\/index.php\\\/category\\\/estilo-de-vida\\\/#listItem\",\"name\":\"ESTILO DE VIDA\"}}]},{\"@type\":\"Organization\",\"@id\":\"https:\\\/\\\/staytv.cr\\\/#organization\",\"name\":\"Stay TV\",\"description\":\"Stay TV es un medio digital de noticias con base en Centroam\\u00e9rica, con cobertura local e internacional desde una mirada asi\\u00e1tica.\",\"url\":\"https:\\\/\\\/staytv.cr\\\/\",\"logo\":{\"@type\":\"ImageObject\",\"url\":\"https:\\\/\\\/staytv.cr\\\/wp-content\\\/uploads\\\/cropped-StayTV_logo_oficial_simple.png\",\"@id\":\"https:\\\/\\\/staytv.cr\\\/index.php\\\/2025\\\/10\\\/23\\\/expovino-costa-rica\\\/#organizationLogo\",\"width\":2560,\"height\":769},\"image\":{\"@id\":\"https:\\\/\\\/staytv.cr\\\/index.php\\\/2025\\\/10\\\/23\\\/expovino-costa-rica\\\/#organizationLogo\"},\"sameAs\":[\"https:\\\/\\\/www.instagram.com\\\/staytvcr\\\/\"]},{\"@type\":\"Person\",\"@id\":\"https:\\\/\\\/staytv.cr\\\/index.php\\\/author\\\/diegostaytv\\\/#author\",\"url\":\"https:\\\/\\\/staytv.cr\\\/index.php\\\/author\\\/diegostaytv\\\/\",\"name\":\"Diego Molina\",\"image\":{\"@type\":\"ImageObject\",\"url\":\"https:\\\/\\\/secure.gravatar.com\\\/avatar\\\/7d23cb63381aa64750c7e76727c208369ebd6f2565e9dc4c62e323b1ea59af41?s=96&d=mm&r=g\"}},{\"@type\":\"WebPage\",\"@id\":\"https:\\\/\\\/staytv.cr\\\/index.php\\\/2025\\\/10\\\/23\\\/expovino-costa-rica\\\/#webpage\",\"url\":\"https:\\\/\\\/staytv.cr\\\/index.php\\\/2025\\\/10\\\/23\\\/expovino-costa-rica\\\/\",\"name\":\"Comenz\\u00f3 Expovino Costa Rica con m\\u00e1s de 100 bodegas internacionales\",\"description\":\"Expovino Costa Rica re\\u00fane m\\u00e1s de 100 bodegas internacionales en el Centro de Convenciones, ofreciendo degustaciones, aprendizaje y cultura del vino.\",\"inLanguage\":\"es-ES\",\"isPartOf\":{\"@id\":\"https:\\\/\\\/staytv.cr\\\/#website\"},\"breadcrumb\":{\"@id\":\"https:\\\/\\\/staytv.cr\\\/index.php\\\/2025\\\/10\\\/23\\\/expovino-costa-rica\\\/#breadcrumblist\"},\"author\":{\"@id\":\"https:\\\/\\\/staytv.cr\\\/index.php\\\/author\\\/diegostaytv\\\/#author\"},\"creator\":{\"@id\":\"https:\\\/\\\/staytv.cr\\\/index.php\\\/author\\\/diegostaytv\\\/#author\"},\"image\":{\"@type\":\"ImageObject\",\"url\":\"https:\\\/\\\/staytv.cr\\\/wp-content\\\/uploads\\\/Sin-titulo-9-109.png\",\"@id\":\"https:\\\/\\\/staytv.cr\\\/index.php\\\/2025\\\/10\\\/23\\\/expovino-costa-rica\\\/#mainImage\",\"width\":1280,\"height\":720,\"caption\":\"Expovino Costa Rica re\\u00fane m\\u00e1s de 100 bodegas internacionales en su s\\u00e9ptima edici\\u00f3n.\"},\"primaryImageOfPage\":{\"@id\":\"https:\\\/\\\/staytv.cr\\\/index.php\\\/2025\\\/10\\\/23\\\/expovino-costa-rica\\\/#mainImage\"},\"datePublished\":\"2025-10-23T16:47:47-06:00\",\"dateModified\":\"2025-10-23T16:48:26-06:00\"},{\"@type\":\"WebSite\",\"@id\":\"https:\\\/\\\/staytv.cr\\\/#website\",\"url\":\"https:\\\/\\\/staytv.cr\\\/\",\"name\":\"Staytv\",\"description\":\"Medio de comunicaci\\u00f3n digital de Costa Rica.\",\"inLanguage\":\"es-ES\",\"publisher\":{\"@id\":\"https:\\\/\\\/staytv.cr\\\/#organization\"}}]}\n\t\t<\/script>\n\t\t<!-- All in One SEO Pro -->\r\n\t\t<title>Comenz\u00f3 Expovino Costa Rica con m\u00e1s de 100 bodegas internacionales<\/title>\n\n","aioseo_head_json":{"title":"Comenz\u00f3 Expovino Costa Rica con m\u00e1s de 100 bodegas internacionales","description":"Expovino Costa Rica re\u00fane m\u00e1s de 100 bodegas internacionales en el Centro de Convenciones, ofreciendo degustaciones, aprendizaje y cultura del vino.","canonical_url":"https:\/\/staytv.cr\/index.php\/2025\/10\/23\/expovino-costa-rica\/","robots":"max-image-preview:large","keywords":"","webmasterTools":{"miscellaneous":""},"schema":{"@context":"https:\/\/schema.org","@graph":[{"@type":"BreadcrumbList","@id":"https:\/\/staytv.cr\/index.php\/2025\/10\/23\/expovino-costa-rica\/#breadcrumblist","itemListElement":[{"@type":"ListItem","@id":"https:\/\/staytv.cr#listItem","position":1,"name":"Home","item":"https:\/\/staytv.cr","nextItem":{"@type":"ListItem","@id":"https:\/\/staytv.cr\/index.php\/category\/estilo-de-vida\/#listItem","name":"ESTILO DE VIDA"}},{"@type":"ListItem","@id":"https:\/\/staytv.cr\/index.php\/category\/estilo-de-vida\/#listItem","position":2,"name":"ESTILO DE VIDA","item":"https:\/\/staytv.cr\/index.php\/category\/estilo-de-vida\/","nextItem":{"@type":"ListItem","@id":"https:\/\/staytv.cr\/index.php\/2025\/10\/23\/expovino-costa-rica\/#listItem","name":"\ud83c\udf47 COMENZ\u00d3 EXPOVINO: M\u00c1S DE 100 BODEGAS INTERNACIONALES SE DAN CITA EN COSTA RICA"},"previousItem":{"@type":"ListItem","@id":"https:\/\/staytv.cr#listItem","name":"Home"}},{"@type":"ListItem","@id":"https:\/\/staytv.cr\/index.php\/2025\/10\/23\/expovino-costa-rica\/#listItem","position":3,"name":"\ud83c\udf47 COMENZ\u00d3 EXPOVINO: M\u00c1S DE 100 BODEGAS INTERNACIONALES SE DAN CITA EN COSTA RICA","previousItem":{"@type":"ListItem","@id":"https:\/\/staytv.cr\/index.php\/category\/estilo-de-vida\/#listItem","name":"ESTILO DE VIDA"}}]},{"@type":"Organization","@id":"https:\/\/staytv.cr\/#organization","name":"Stay TV","description":"Stay TV es un medio digital de noticias con base en Centroam\u00e9rica, con cobertura local e internacional desde una mirada asi\u00e1tica.","url":"https:\/\/staytv.cr\/","logo":{"@type":"ImageObject","url":"https:\/\/staytv.cr\/wp-content\/uploads\/cropped-StayTV_logo_oficial_simple.png","@id":"https:\/\/staytv.cr\/index.php\/2025\/10\/23\/expovino-costa-rica\/#organizationLogo","width":2560,"height":769},"image":{"@id":"https:\/\/staytv.cr\/index.php\/2025\/10\/23\/expovino-costa-rica\/#organizationLogo"},"sameAs":["https:\/\/www.instagram.com\/staytvcr\/"]},{"@type":"Person","@id":"https:\/\/staytv.cr\/index.php\/author\/diegostaytv\/#author","url":"https:\/\/staytv.cr\/index.php\/author\/diegostaytv\/","name":"Diego Molina","image":{"@type":"ImageObject","url":"https:\/\/secure.gravatar.com\/avatar\/7d23cb63381aa64750c7e76727c208369ebd6f2565e9dc4c62e323b1ea59af41?s=96&d=mm&r=g"}},{"@type":"WebPage","@id":"https:\/\/staytv.cr\/index.php\/2025\/10\/23\/expovino-costa-rica\/#webpage","url":"https:\/\/staytv.cr\/index.php\/2025\/10\/23\/expovino-costa-rica\/","name":"Comenz\u00f3 Expovino Costa Rica con m\u00e1s de 100 bodegas internacionales","description":"Expovino Costa Rica re\u00fane m\u00e1s de 100 bodegas internacionales en el Centro de Convenciones, ofreciendo degustaciones, aprendizaje y cultura del vino.","inLanguage":"es-ES","isPartOf":{"@id":"https:\/\/staytv.cr\/#website"},"breadcrumb":{"@id":"https:\/\/staytv.cr\/index.php\/2025\/10\/23\/expovino-costa-rica\/#breadcrumblist"},"author":{"@id":"https:\/\/staytv.cr\/index.php\/author\/diegostaytv\/#author"},"creator":{"@id":"https:\/\/staytv.cr\/index.php\/author\/diegostaytv\/#author"},"image":{"@type":"ImageObject","url":"https:\/\/staytv.cr\/wp-content\/uploads\/Sin-titulo-9-109.png","@id":"https:\/\/staytv.cr\/index.php\/2025\/10\/23\/expovino-costa-rica\/#mainImage","width":1280,"height":720,"caption":"Expovino Costa Rica re\u00fane m\u00e1s de 100 bodegas internacionales en su s\u00e9ptima edici\u00f3n."},"primaryImageOfPage":{"@id":"https:\/\/staytv.cr\/index.php\/2025\/10\/23\/expovino-costa-rica\/#mainImage"},"datePublished":"2025-10-23T16:47:47-06:00","dateModified":"2025-10-23T16:48:26-06:00"},{"@type":"WebSite","@id":"https:\/\/staytv.cr\/#website","url":"https:\/\/staytv.cr\/","name":"Staytv","description":"Medio de comunicaci\u00f3n digital de Costa Rica.","inLanguage":"es-ES","publisher":{"@id":"https:\/\/staytv.cr\/#organization"}}]},"og:locale":"es_ES","og:site_name":"Staytv - Medio de comunicaci\u00f3n digital de Costa Rica.","og:type":"article","og:title":"Comenz\u00f3 Expovino Costa Rica con m\u00e1s de 100 bodegas internacionales","og:description":"Expovino Costa Rica re\u00fane m\u00e1s de 100 bodegas internacionales en el Centro de Convenciones, ofreciendo degustaciones, aprendizaje y cultura del vino.","og:url":"https:\/\/staytv.cr\/index.php\/2025\/10\/23\/expovino-costa-rica\/","og:image":"https:\/\/staytv.cr\/wp-content\/uploads\/Sin-titulo-9-109.png","og:image:secure_url":"https:\/\/staytv.cr\/wp-content\/uploads\/Sin-titulo-9-109.png","og:image:width":1280,"og:image:height":720,"article:published_time":"2025-10-23T22:47:47+00:00","article:modified_time":"2025-10-23T22:48:26+00:00","article:publisher":"https:\/\/www.facebook.com\/staytvcr","twitter:card":"summary_large_image","twitter:title":"Comenz\u00f3 Expovino Costa Rica con m\u00e1s de 100 bodegas internacionales","twitter:description":"Expovino Costa Rica re\u00fane m\u00e1s de 100 bodegas internacionales en el Centro de Convenciones, ofreciendo degustaciones, aprendizaje y cultura del vino.","twitter:image":"https:\/\/staytv.cr\/wp-content\/uploads\/Sin-titulo-9-109.png"},"aioseo_meta_data":{"post_id":"24566","title":"Comenz\u00f3 Expovino Costa Rica con m\u00e1s de 100 bodegas internacionales","description":"Expovino Costa Rica re\u00fane m\u00e1s de 100 bodegas internacionales en el Centro de Convenciones, ofreciendo degustaciones, aprendizaje y cultura del vino.","keywords":null,"keyphrases":{"focus":{"keyphrase":"Expovino Costa Rica","score":82,"analysis":{"keyphraseInTitle":{"score":9,"maxScore":9,"error":0},"keyphraseInDescription":{"score":9,"maxScore":9,"error":0},"keyphraseLength":{"score":9,"maxScore":9,"error":0,"length":3},"keyphraseInURL":{"score":5,"maxScore":5,"error":0},"keyphraseInIntroduction":{"score":9,"maxScore":9,"error":0},"keyphraseInSubHeadings":{"score":3,"maxScore":9,"error":1},"keyphraseInImageAlt":{"score":3,"maxScore":9,"error":1},"keywordDensity":{"type":"best","score":9,"maxScore":9,"error":0}}},"additional":[]},"canonical_url":null,"og_title":null,"og_description":null,"og_object_type":"default","og_image_type":"default","og_image_custom_url":null,"og_image_custom_fields":null,"og_custom_image_width":null,"og_custom_image_height":null,"og_video":"","og_custom_url":null,"og_article_section":null,"og_article_tags":null,"twitter_use_og":true,"twitter_card":"default","twitter_image_type":"default","twitter_image_custom_url":null,"twitter_image_custom_fields":null,"twitter_title":null,"twitter_description":null,"schema_type":null,"schema_type_options":null,"pillar_content":false,"robots_default":true,"robots_noindex":false,"robots_noarchive":false,"robots_nosnippet":false,"robots_nofollow":false,"robots_noimageindex":false,"robots_noodp":false,"robots_notranslate":false,"robots_max_snippet":"-1","robots_max_videopreview":"-1","robots_max_imagepreview":"none","tabs":null,"priority":null,"frequency":"default","local_seo":null,"created":"2025-10-23 22:42:26","updated":"2025-10-23 22:48:26"},"aioseo_breadcrumb":"<div class=\"aioseo-breadcrumbs\"><span class=\"aioseo-breadcrumb\">\n\t<a href=\"https:\/\/staytv.cr\" title=\"Home\">Home<\/a>\n<\/span><span class=\"aioseo-breadcrumb-separator\">&raquo;<\/span><span class=\"aioseo-breadcrumb\">\n\t<a href=\"https:\/\/staytv.cr\/index.php\/category\/estilo-de-vida\/\" title=\"ESTILO DE VIDA\">ESTILO DE VIDA<\/a>\n<\/span><span class=\"aioseo-breadcrumb-separator\">&raquo;<\/span><span class=\"aioseo-breadcrumb\">\n\t\ud83c\udf47 COMENZ\u00d3 EXPOVINO: M\u00c1S DE 100 BODEGAS INTERNACIONALES SE DAN CITA EN COSTA RICA\n<\/span><\/div>","aioseo_breadcrumb_json":[{"label":"Home","link":"https:\/\/staytv.cr"},{"label":"ESTILO DE VIDA","link":"https:\/\/staytv.cr\/index.php\/category\/estilo-de-vida\/"},{"label":"\ud83c\udf47 COMENZ\u00d3 EXPOVINO: M\u00c1S DE 100 BODEGAS INTERNACIONALES SE DAN CITA EN COSTA RICA","link":"https:\/\/staytv.cr\/index.php\/2025\/10\/23\/expovino-costa-rica\/"}],"_links":{"self":[{"href":"https:\/\/staytv.cr\/index.php\/wp-json\/wp\/v2\/posts\/24566","targetHints":{"allow":["GET"]}}],"collection":[{"href":"https:\/\/staytv.cr\/index.php\/wp-json\/wp\/v2\/posts"}],"about":[{"href":"https:\/\/staytv.cr\/index.php\/wp-json\/wp\/v2\/types\/post"}],"author":[{"embeddable":true,"href":"https:\/\/staytv.cr\/index.php\/wp-json\/wp\/v2\/users\/10"}],"replies":[{"embeddable":true,"href":"https:\/\/staytv.cr\/index.php\/wp-json\/wp\/v2\/comments?post=24566"}],"version-history":[{"count":1,"href":"https:\/\/staytv.cr\/index.php\/wp-json\/wp\/v2\/posts\/24566\/revisions"}],"predecessor-version":[{"id":24570,"href":"https:\/\/staytv.cr\/index.php\/wp-json\/wp\/v2\/posts\/24566\/revisions\/24570"}],"wp:featuredmedia":[{"embeddable":true,"href":"https:\/\/staytv.cr\/index.php\/wp-json\/wp\/v2\/media\/24569"}],"wp:attachment":[{"href":"https:\/\/staytv.cr\/index.php\/wp-json\/wp\/v2\/media?parent=24566"}],"wp:term":[{"taxonomy":"category","embeddable":true,"href":"https:\/\/staytv.cr\/index.php\/wp-json\/wp\/v2\/categories?post=24566"},{"taxonomy":"post_tag","embeddable":true,"href":"https:\/\/staytv.cr\/index.php\/wp-json\/wp\/v2\/tags?post=24566"}],"curies":[{"name":"wp","href":"https:\/\/api.w.org\/{rel}","templated":true}]}}