{"id":24707,"date":"2025-10-27T13:14:41","date_gmt":"2025-10-27T19:14:41","guid":{"rendered":"https:\/\/staytv.cr\/?p=24707"},"modified":"2025-10-27T14:04:04","modified_gmt":"2025-10-27T20:04:04","slug":"fuerza-publica-pavas-detiene-a-fugado-del-zurqui","status":"publish","type":"post","link":"https:\/\/staytv.cr\/index.php\/2025\/10\/27\/fuerza-publica-pavas-detiene-a-fugado-del-zurqui\/","title":{"rendered":"\ud83d\udc6e Fuerza P\u00fablica Pavas captura a fugado del Centro Penal Juvenil Zurqu\u00ed"},"content":{"rendered":"<p data-start=\"233\" data-end=\"312\">Fuerza P\u00fablica Pavas detiene a fugado del Zurqu\u00ed<!--more--><\/p>\n<p><iframe title=\"\ud83d\udc6e Fuerza P\u00fablica Pavas captura a fugado del Centro Penal Juvenil Zurqu\u00ed\" width=\"1170\" height=\"658\" data-src=\"https:\/\/www.youtube.com\/embed\/6oEIWfQLWGM?feature=oembed\" frameborder=\"0\" allow=\"accelerometer; autoplay; clipboard-write; encrypted-media; gyroscope; picture-in-picture; web-share\" referrerpolicy=\"strict-origin-when-cross-origin\" allowfullscreen src=\"data:image\/svg+xml;base64,PHN2ZyB3aWR0aD0iMSIgaGVpZ2h0PSIxIiB4bWxucz0iaHR0cDovL3d3dy53My5vcmcvMjAwMC9zdmciPjwvc3ZnPg==\" class=\"lazyload\" data-load-mode=\"1\"><\/iframe><\/p>\n<h3 data-start=\"357\" data-end=\"390\"><\/h3>\n<p data-start=\"392\" data-end=\"604\">La <strong data-start=\"395\" data-end=\"419\">Fuerza P\u00fablica Pavas<\/strong> logr\u00f3 esta ma\u00f1ana la captura del segundo privado de libertad que permanec\u00eda pr\u00f3fugo del <strong data-start=\"508\" data-end=\"539\">Centro Penal Juvenil Zurqu\u00ed<\/strong>, tras una operaci\u00f3n conjunta con la <strong data-start=\"576\" data-end=\"601\">Polic\u00eda Penitenciaria<\/strong>.<\/p>\n<p data-start=\"606\" data-end=\"858\">El cumplimiento se produjo a las <strong data-start=\"639\" data-end=\"666\">8:45 a.m. de este lunes<\/strong> durante un patrullaje realizado por oficiales de la unidad 3970 y personal penitenciario en la <strong data-start=\"762\" data-end=\"802\">alameda 7 de la Ciudadela Libertad 2<\/strong>, en el distrito de Pavas, cant\u00f3n central de San Jos\u00e9.<\/p>\n<p data-start=\"860\" data-end=\"1008\">El detenido, identificado con el <strong data-start=\"893\" data-end=\"911\">apellido Salas<\/strong>, intent\u00f3 huir al notar la presencia policial, pero fue interceptado y aprehendido en el lugar.<\/p>\n<div id='gallery-1' class='gallery galleryid-24707 gallery-columns-1 gallery-size-large'><figure class='gallery-item'>\n\t\t\t<div class='gallery-icon landscape'>\n\t\t\t\t<a href='https:\/\/staytv.cr\/index.php\/2025\/10\/27\/fuerza-publica-pavas-detiene-a-fugado-del-zurqui\/imagen-de-whatsapp-2025-10-27-a-las-12-07-27_39133bb8\/'><img decoding=\"async\" width=\"1024\" height=\"618\" data-src=\"https:\/\/staytv.cr\/wp-content\/uploads\/Imagen-de-WhatsApp-2025-10-27-a-las-12.07.27_39133bb8-1024x618.jpg\" class=\"attachment-large size-large lazyload\" alt=\"Fuerza P\u00fablica Pavas captura a fugado del Centro Penal Juvenil Zurqu\u00ed\" aria-describedby=\"gallery-1-24708\" src=\"data:image\/svg+xml;base64,PHN2ZyB3aWR0aD0iMSIgaGVpZ2h0PSIxIiB4bWxucz0iaHR0cDovL3d3dy53My5vcmcvMjAwMC9zdmciPjwvc3ZnPg==\" style=\"--smush-placeholder-width: 1024px; --smush-placeholder-aspect-ratio: 1024\/618;\" data-srcset=\"https:\/\/staytv.cr\/wp-content\/uploads\/Imagen-de-WhatsApp-2025-10-27-a-las-12.07.27_39133bb8-1024x618.jpg 1024w, https:\/\/staytv.cr\/wp-content\/uploads\/Imagen-de-WhatsApp-2025-10-27-a-las-12.07.27_39133bb8-300x181.jpg 300w, https:\/\/staytv.cr\/wp-content\/uploads\/Imagen-de-WhatsApp-2025-10-27-a-las-12.07.27_39133bb8-150x90.jpg 150w, https:\/\/staytv.cr\/wp-content\/uploads\/Imagen-de-WhatsApp-2025-10-27-a-las-12.07.27_39133bb8-768x463.jpg 768w, https:\/\/staytv.cr\/wp-content\/uploads\/Imagen-de-WhatsApp-2025-10-27-a-las-12.07.27_39133bb8-1536x926.jpg 1536w, https:\/\/staytv.cr\/wp-content\/uploads\/Imagen-de-WhatsApp-2025-10-27-a-las-12.07.27_39133bb8-860x519.jpg 860w, https:\/\/staytv.cr\/wp-content\/uploads\/Imagen-de-WhatsApp-2025-10-27-a-las-12.07.27_39133bb8.jpg 1600w\" data-sizes=\"auto\" data-original-sizes=\"(max-width: 1024px) 100vw, 1024px\" \/><\/a>\n\t\t\t<\/div>\n\t\t\t\t<figcaption class='wp-caption-text gallery-caption' id='gallery-1-24708'>\n\t\t\t\tFuerza P\u00fablica Pavas captura a fugado del Centro Penal Juvenil Zurqu\u00ed\n\t\t\t\t<\/figcaption><\/figure><figure class='gallery-item'>\n\t\t\t<div class='gallery-icon portrait'>\n\t\t\t\t<a href='https:\/\/staytv.cr\/index.php\/2025\/10\/27\/fuerza-publica-pavas-detiene-a-fugado-del-zurqui\/imagen-de-whatsapp-2025-10-27-a-las-12-03-23_3f4e7237\/'><img decoding=\"async\" width=\"473\" height=\"1024\" data-src=\"https:\/\/staytv.cr\/wp-content\/uploads\/Imagen-de-WhatsApp-2025-10-27-a-las-12.03.23_3f4e7237-473x1024.jpg\" class=\"attachment-large size-large lazyload\" alt=\"\" src=\"data:image\/svg+xml;base64,PHN2ZyB3aWR0aD0iMSIgaGVpZ2h0PSIxIiB4bWxucz0iaHR0cDovL3d3dy53My5vcmcvMjAwMC9zdmciPjwvc3ZnPg==\" style=\"--smush-placeholder-width: 473px; --smush-placeholder-aspect-ratio: 473\/1024;\" data-srcset=\"https:\/\/staytv.cr\/wp-content\/uploads\/Imagen-de-WhatsApp-2025-10-27-a-las-12.03.23_3f4e7237-473x1024.jpg 473w, https:\/\/staytv.cr\/wp-content\/uploads\/Imagen-de-WhatsApp-2025-10-27-a-las-12.03.23_3f4e7237-139x300.jpg 139w, https:\/\/staytv.cr\/wp-content\/uploads\/Imagen-de-WhatsApp-2025-10-27-a-las-12.03.23_3f4e7237-69x150.jpg 69w, https:\/\/staytv.cr\/wp-content\/uploads\/Imagen-de-WhatsApp-2025-10-27-a-las-12.03.23_3f4e7237-709x1536.jpg 709w, https:\/\/staytv.cr\/wp-content\/uploads\/Imagen-de-WhatsApp-2025-10-27-a-las-12.03.23_3f4e7237.jpg 739w\" data-sizes=\"auto\" data-original-sizes=\"(max-width: 473px) 100vw, 473px\" \/><\/a>\n\t\t\t<\/div><\/figure>\n\t\t<\/div>\n\n<h3 data-start=\"1010\" data-end=\"1080\">\ud83d\ude93 Operativo conjunto entre Fuerza P\u00fablica y Polic\u00eda Penitenciaria<\/h3>\n<p data-start=\"1082\" data-end=\"1402\">Las autoridades confirmaron que la coordinaci\u00f3n entre ambos cuerpos policiales permiti\u00f3 ubicar al sujeto luego de varias horas de b\u00fasqueda. Tras su detenci\u00f3n, <strong data-start=\"1241\" data-end=\"1311\">Salas fue trasladado a la delegaci\u00f3n de la Fuerza P\u00fablica de Pavas<\/strong>, donde permanece bajo custodia mientras se coordina su entrega al sistema penitenciario.<\/p>\n<p data-start=\"1404\" data-end=\"1674\">Se trata del <strong data-start=\"1417\" data-end=\"1443\">segundo de los fugados<\/strong> del Centro Penal Juvenil Zurqu\u00ed, cuya evasi\u00f3n fue reportada recientemente. La primera captura se hab\u00eda efectuado d\u00edas atr\u00e1s, tambi\u00e9n gracias a labores conjuntas de inteligencia y patrullaje en diferentes zonas del Valle Central.<\/p>\n<h3 data-start=\"1676\" data-end=\"1723\">\u2696\ufe0f Coordinaci\u00f3n institucional y seguimiento<\/h3>\n<p data-start=\"1725\" data-end=\"2069\">El <strong data-start=\"1728\" data-end=\"1763\">Ministerio de Seguridad P\u00fablica<\/strong> inform\u00f3 que contin\u00faa la colaboraci\u00f3n interinstitucional para reforzar los protocolos de custodia y prevenir nuevas evasiones. La <strong data-start=\"1893\" data-end=\"1918\">Polic\u00eda Penitenciaria<\/strong> mantiene abierta una investigaci\u00f3n interna para determinar las circunstancias en que ambos privados de libertad lograron escapar del centro juvenil.<\/p>\n<p data-start=\"2071\" data-end=\"2255\">Las autoridades reiteraron su compromiso con la seguridad ciudadana y agradecieron el apoyo de la comunidad en el suministro de informaci\u00f3n que permiti\u00f3 la localizaci\u00f3n del fugitivo.<\/p>\n<p data-start=\"2257\" data-end=\"2376\"><strong data-start=\"2257\" data-end=\"2268\">Fuente:<\/strong> <a href=\"https:\/\/www.seguridadpublica.go.cr\/\">Ministerio de Seguridad P\u00fablica<\/a> \/ Polic\u00eda Penitenciaria<br data-start=\"2324\" data-end=\"2327\" \/>\ud83d\udc49 <em data-start=\"2330\" data-end=\"2376\">Lea m\u00e1s noticias en staytv.cr, da <a href=\"https:\/\/staytv.cr\/index.php\/category\/sucesos\/\">Click AC\u00c1.<\/a><\/em><\/p>\n","protected":false},"excerpt":{"rendered":"<p>Fuerza P\u00fablica Pavas detiene a fugado del Zurqu\u00ed<\/p>\n","protected":false},"author":10,"featured_media":24710,"comment_status":"closed","ping_status":"open","sticky":false,"template":"","format":"standard","meta":{"episode_type":"","audio_file":"","podmotor_file_id":"","podmotor_episode_id":"","cover_image":"","cover_image_id":"","duration":"","filesize":"","filesize_raw":"","date_recorded":"","explicit":"","block":"","itunes_episode_number":"","itunes_title":"","itunes_season_number":"","itunes_episode_type":"","footnotes":""},"categories":[1],"tags":[],"class_list":{"0":"post-24707","1":"post","2":"type-post","3":"status-publish","4":"format-standard","5":"has-post-thumbnail","7":"category-sucesos"},"aioseo_notices":[],"aioseo_head":"\n\t\t<!-- All in One SEO Pro 4.8.3.2 - aioseo.com -->\n\t<meta name=\"description\" content=\"Fuerza P\u00fablica Pavas captur\u00f3 al segundo fugado del Centro Penal Juvenil Zurqu\u00ed durante un operativo conjunto con la Polic\u00eda Penitenciaria.\" \/>\n\t<meta name=\"robots\" content=\"max-image-preview:large\" \/>\n\t<meta name=\"author\" content=\"Diego Molina\"\/>\n\t<link rel=\"canonical\" href=\"https:\/\/staytv.cr\/index.php\/2025\/10\/27\/fuerza-publica-pavas-detiene-a-fugado-del-zurqui\/\" \/>\n\t<meta name=\"generator\" content=\"All in One SEO Pro (AIOSEO) 4.8.3.2\" \/>\n\t\t<meta property=\"og:locale\" content=\"es_ES\" \/>\n\t\t<meta property=\"og:site_name\" content=\"Staytv - Medio de comunicaci\u00f3n digital de Costa Rica.\" \/>\n\t\t<meta property=\"og:type\" content=\"article\" \/>\n\t\t<meta property=\"og:title\" content=\"Fuerza P\u00fablica Pavas detiene a fugado del Zurqu\u00ed\" \/>\n\t\t<meta property=\"og:description\" content=\"Fuerza P\u00fablica Pavas captur\u00f3 al segundo fugado del Centro Penal Juvenil Zurqu\u00ed durante un operativo conjunto con la Polic\u00eda Penitenciaria.\" \/>\n\t\t<meta property=\"og:url\" content=\"https:\/\/staytv.cr\/index.php\/2025\/10\/27\/fuerza-publica-pavas-detiene-a-fugado-del-zurqui\/\" \/>\n\t\t<meta property=\"og:image\" content=\"https:\/\/staytv.cr\/wp-content\/uploads\/Sin-titulo-8-120.png\" \/>\n\t\t<meta property=\"og:image:secure_url\" content=\"https:\/\/staytv.cr\/wp-content\/uploads\/Sin-titulo-8-120.png\" \/>\n\t\t<meta property=\"og:image:width\" content=\"1280\" \/>\n\t\t<meta property=\"og:image:height\" content=\"720\" \/>\n\t\t<meta property=\"article:published_time\" content=\"2025-10-27T19:14:41+00:00\" \/>\n\t\t<meta property=\"article:modified_time\" content=\"2025-10-27T20:04:04+00:00\" \/>\n\t\t<meta property=\"article:publisher\" content=\"https:\/\/www.facebook.com\/staytvcr\" \/>\n\t\t<meta name=\"twitter:card\" content=\"summary_large_image\" \/>\n\t\t<meta name=\"twitter:title\" content=\"Fuerza P\u00fablica Pavas detiene a fugado del Zurqu\u00ed\" \/>\n\t\t<meta name=\"twitter:description\" content=\"Fuerza P\u00fablica Pavas captur\u00f3 al segundo fugado del Centro Penal Juvenil Zurqu\u00ed durante un operativo conjunto con la Polic\u00eda Penitenciaria.\" \/>\n\t\t<meta name=\"twitter:image\" content=\"https:\/\/staytv.cr\/wp-content\/uploads\/Sin-titulo-8-120.png\" \/>\n\t\t<script type=\"application\/ld+json\" class=\"aioseo-schema\">\n\t\t\t{\"@context\":\"https:\\\/\\\/schema.org\",\"@graph\":[{\"@type\":\"BreadcrumbList\",\"@id\":\"https:\\\/\\\/staytv.cr\\\/index.php\\\/2025\\\/10\\\/27\\\/fuerza-publica-pavas-detiene-a-fugado-del-zurqui\\\/#breadcrumblist\",\"itemListElement\":[{\"@type\":\"ListItem\",\"@id\":\"https:\\\/\\\/staytv.cr#listItem\",\"position\":1,\"name\":\"Home\",\"item\":\"https:\\\/\\\/staytv.cr\",\"nextItem\":{\"@type\":\"ListItem\",\"@id\":\"https:\\\/\\\/staytv.cr\\\/index.php\\\/category\\\/sucesos\\\/#listItem\",\"name\":\"SUCESOS\"}},{\"@type\":\"ListItem\",\"@id\":\"https:\\\/\\\/staytv.cr\\\/index.php\\\/category\\\/sucesos\\\/#listItem\",\"position\":2,\"name\":\"SUCESOS\",\"item\":\"https:\\\/\\\/staytv.cr\\\/index.php\\\/category\\\/sucesos\\\/\",\"nextItem\":{\"@type\":\"ListItem\",\"@id\":\"https:\\\/\\\/staytv.cr\\\/index.php\\\/2025\\\/10\\\/27\\\/fuerza-publica-pavas-detiene-a-fugado-del-zurqui\\\/#listItem\",\"name\":\"\\ud83d\\udc6e Fuerza P\\u00fablica Pavas captura a fugado del Centro Penal Juvenil Zurqu\\u00ed\"},\"previousItem\":{\"@type\":\"ListItem\",\"@id\":\"https:\\\/\\\/staytv.cr#listItem\",\"name\":\"Home\"}},{\"@type\":\"ListItem\",\"@id\":\"https:\\\/\\\/staytv.cr\\\/index.php\\\/2025\\\/10\\\/27\\\/fuerza-publica-pavas-detiene-a-fugado-del-zurqui\\\/#listItem\",\"position\":3,\"name\":\"\\ud83d\\udc6e Fuerza P\\u00fablica Pavas captura a fugado del Centro Penal Juvenil Zurqu\\u00ed\",\"previousItem\":{\"@type\":\"ListItem\",\"@id\":\"https:\\\/\\\/staytv.cr\\\/index.php\\\/category\\\/sucesos\\\/#listItem\",\"name\":\"SUCESOS\"}}]},{\"@type\":\"Organization\",\"@id\":\"https:\\\/\\\/staytv.cr\\\/#organization\",\"name\":\"Stay TV\",\"description\":\"Stay TV es un medio digital de noticias con base en Centroam\\u00e9rica, con cobertura local e internacional desde una mirada asi\\u00e1tica.\",\"url\":\"https:\\\/\\\/staytv.cr\\\/\",\"logo\":{\"@type\":\"ImageObject\",\"url\":\"https:\\\/\\\/staytv.cr\\\/wp-content\\\/uploads\\\/cropped-StayTV_logo_oficial_simple.png\",\"@id\":\"https:\\\/\\\/staytv.cr\\\/index.php\\\/2025\\\/10\\\/27\\\/fuerza-publica-pavas-detiene-a-fugado-del-zurqui\\\/#organizationLogo\",\"width\":2560,\"height\":769},\"image\":{\"@id\":\"https:\\\/\\\/staytv.cr\\\/index.php\\\/2025\\\/10\\\/27\\\/fuerza-publica-pavas-detiene-a-fugado-del-zurqui\\\/#organizationLogo\"},\"sameAs\":[\"https:\\\/\\\/www.instagram.com\\\/staytvcr\\\/\"]},{\"@type\":\"Person\",\"@id\":\"https:\\\/\\\/staytv.cr\\\/index.php\\\/author\\\/diegostaytv\\\/#author\",\"url\":\"https:\\\/\\\/staytv.cr\\\/index.php\\\/author\\\/diegostaytv\\\/\",\"name\":\"Diego Molina\",\"image\":{\"@type\":\"ImageObject\",\"url\":\"https:\\\/\\\/secure.gravatar.com\\\/avatar\\\/7d23cb63381aa64750c7e76727c208369ebd6f2565e9dc4c62e323b1ea59af41?s=96&d=mm&r=g\"}},{\"@type\":\"WebPage\",\"@id\":\"https:\\\/\\\/staytv.cr\\\/index.php\\\/2025\\\/10\\\/27\\\/fuerza-publica-pavas-detiene-a-fugado-del-zurqui\\\/#webpage\",\"url\":\"https:\\\/\\\/staytv.cr\\\/index.php\\\/2025\\\/10\\\/27\\\/fuerza-publica-pavas-detiene-a-fugado-del-zurqui\\\/\",\"name\":\"Fuerza P\\u00fablica Pavas detiene a fugado del Zurqu\\u00ed\",\"description\":\"Fuerza P\\u00fablica Pavas captur\\u00f3 al segundo fugado del Centro Penal Juvenil Zurqu\\u00ed durante un operativo conjunto con la Polic\\u00eda Penitenciaria.\",\"inLanguage\":\"es-ES\",\"isPartOf\":{\"@id\":\"https:\\\/\\\/staytv.cr\\\/#website\"},\"breadcrumb\":{\"@id\":\"https:\\\/\\\/staytv.cr\\\/index.php\\\/2025\\\/10\\\/27\\\/fuerza-publica-pavas-detiene-a-fugado-del-zurqui\\\/#breadcrumblist\"},\"author\":{\"@id\":\"https:\\\/\\\/staytv.cr\\\/index.php\\\/author\\\/diegostaytv\\\/#author\"},\"creator\":{\"@id\":\"https:\\\/\\\/staytv.cr\\\/index.php\\\/author\\\/diegostaytv\\\/#author\"},\"image\":{\"@type\":\"ImageObject\",\"url\":\"https:\\\/\\\/staytv.cr\\\/wp-content\\\/uploads\\\/Sin-titulo-8-120.png\",\"@id\":\"https:\\\/\\\/staytv.cr\\\/index.php\\\/2025\\\/10\\\/27\\\/fuerza-publica-pavas-detiene-a-fugado-del-zurqui\\\/#mainImage\",\"width\":1280,\"height\":720,\"caption\":\"Fuerza P\\u00fablica Pavas captura a fugado del Centro Penal Juvenil Zurqu\\u00ed\"},\"primaryImageOfPage\":{\"@id\":\"https:\\\/\\\/staytv.cr\\\/index.php\\\/2025\\\/10\\\/27\\\/fuerza-publica-pavas-detiene-a-fugado-del-zurqui\\\/#mainImage\"},\"datePublished\":\"2025-10-27T13:14:41-06:00\",\"dateModified\":\"2025-10-27T14:04:04-06:00\"},{\"@type\":\"WebSite\",\"@id\":\"https:\\\/\\\/staytv.cr\\\/#website\",\"url\":\"https:\\\/\\\/staytv.cr\\\/\",\"name\":\"Staytv\",\"description\":\"Medio de comunicaci\\u00f3n digital de Costa Rica.\",\"inLanguage\":\"es-ES\",\"publisher\":{\"@id\":\"https:\\\/\\\/staytv.cr\\\/#organization\"}}]}\n\t\t<\/script>\n\t\t<!-- All in One SEO Pro -->\r\n\t\t<title>Fuerza P\u00fablica Pavas detiene a fugado del Zurqu\u00ed<\/title>\n\n","aioseo_head_json":{"title":"Fuerza P\u00fablica Pavas detiene a fugado del Zurqu\u00ed","description":"Fuerza P\u00fablica Pavas captur\u00f3 al segundo fugado del Centro Penal Juvenil Zurqu\u00ed durante un operativo conjunto con la Polic\u00eda Penitenciaria.","canonical_url":"https:\/\/staytv.cr\/index.php\/2025\/10\/27\/fuerza-publica-pavas-detiene-a-fugado-del-zurqui\/","robots":"max-image-preview:large","keywords":"","webmasterTools":{"miscellaneous":""},"schema":{"@context":"https:\/\/schema.org","@graph":[{"@type":"BreadcrumbList","@id":"https:\/\/staytv.cr\/index.php\/2025\/10\/27\/fuerza-publica-pavas-detiene-a-fugado-del-zurqui\/#breadcrumblist","itemListElement":[{"@type":"ListItem","@id":"https:\/\/staytv.cr#listItem","position":1,"name":"Home","item":"https:\/\/staytv.cr","nextItem":{"@type":"ListItem","@id":"https:\/\/staytv.cr\/index.php\/category\/sucesos\/#listItem","name":"SUCESOS"}},{"@type":"ListItem","@id":"https:\/\/staytv.cr\/index.php\/category\/sucesos\/#listItem","position":2,"name":"SUCESOS","item":"https:\/\/staytv.cr\/index.php\/category\/sucesos\/","nextItem":{"@type":"ListItem","@id":"https:\/\/staytv.cr\/index.php\/2025\/10\/27\/fuerza-publica-pavas-detiene-a-fugado-del-zurqui\/#listItem","name":"\ud83d\udc6e Fuerza P\u00fablica Pavas captura a fugado del Centro Penal Juvenil Zurqu\u00ed"},"previousItem":{"@type":"ListItem","@id":"https:\/\/staytv.cr#listItem","name":"Home"}},{"@type":"ListItem","@id":"https:\/\/staytv.cr\/index.php\/2025\/10\/27\/fuerza-publica-pavas-detiene-a-fugado-del-zurqui\/#listItem","position":3,"name":"\ud83d\udc6e Fuerza P\u00fablica Pavas captura a fugado del Centro Penal Juvenil Zurqu\u00ed","previousItem":{"@type":"ListItem","@id":"https:\/\/staytv.cr\/index.php\/category\/sucesos\/#listItem","name":"SUCESOS"}}]},{"@type":"Organization","@id":"https:\/\/staytv.cr\/#organization","name":"Stay TV","description":"Stay TV es un medio digital de noticias con base en Centroam\u00e9rica, con cobertura local e internacional desde una mirada asi\u00e1tica.","url":"https:\/\/staytv.cr\/","logo":{"@type":"ImageObject","url":"https:\/\/staytv.cr\/wp-content\/uploads\/cropped-StayTV_logo_oficial_simple.png","@id":"https:\/\/staytv.cr\/index.php\/2025\/10\/27\/fuerza-publica-pavas-detiene-a-fugado-del-zurqui\/#organizationLogo","width":2560,"height":769},"image":{"@id":"https:\/\/staytv.cr\/index.php\/2025\/10\/27\/fuerza-publica-pavas-detiene-a-fugado-del-zurqui\/#organizationLogo"},"sameAs":["https:\/\/www.instagram.com\/staytvcr\/"]},{"@type":"Person","@id":"https:\/\/staytv.cr\/index.php\/author\/diegostaytv\/#author","url":"https:\/\/staytv.cr\/index.php\/author\/diegostaytv\/","name":"Diego Molina","image":{"@type":"ImageObject","url":"https:\/\/secure.gravatar.com\/avatar\/7d23cb63381aa64750c7e76727c208369ebd6f2565e9dc4c62e323b1ea59af41?s=96&d=mm&r=g"}},{"@type":"WebPage","@id":"https:\/\/staytv.cr\/index.php\/2025\/10\/27\/fuerza-publica-pavas-detiene-a-fugado-del-zurqui\/#webpage","url":"https:\/\/staytv.cr\/index.php\/2025\/10\/27\/fuerza-publica-pavas-detiene-a-fugado-del-zurqui\/","name":"Fuerza P\u00fablica Pavas detiene a fugado del Zurqu\u00ed","description":"Fuerza P\u00fablica Pavas captur\u00f3 al segundo fugado del Centro Penal Juvenil Zurqu\u00ed durante un operativo conjunto con la Polic\u00eda Penitenciaria.","inLanguage":"es-ES","isPartOf":{"@id":"https:\/\/staytv.cr\/#website"},"breadcrumb":{"@id":"https:\/\/staytv.cr\/index.php\/2025\/10\/27\/fuerza-publica-pavas-detiene-a-fugado-del-zurqui\/#breadcrumblist"},"author":{"@id":"https:\/\/staytv.cr\/index.php\/author\/diegostaytv\/#author"},"creator":{"@id":"https:\/\/staytv.cr\/index.php\/author\/diegostaytv\/#author"},"image":{"@type":"ImageObject","url":"https:\/\/staytv.cr\/wp-content\/uploads\/Sin-titulo-8-120.png","@id":"https:\/\/staytv.cr\/index.php\/2025\/10\/27\/fuerza-publica-pavas-detiene-a-fugado-del-zurqui\/#mainImage","width":1280,"height":720,"caption":"Fuerza P\u00fablica Pavas captura a fugado del Centro Penal Juvenil Zurqu\u00ed"},"primaryImageOfPage":{"@id":"https:\/\/staytv.cr\/index.php\/2025\/10\/27\/fuerza-publica-pavas-detiene-a-fugado-del-zurqui\/#mainImage"},"datePublished":"2025-10-27T13:14:41-06:00","dateModified":"2025-10-27T14:04:04-06:00"},{"@type":"WebSite","@id":"https:\/\/staytv.cr\/#website","url":"https:\/\/staytv.cr\/","name":"Staytv","description":"Medio de comunicaci\u00f3n digital de Costa Rica.","inLanguage":"es-ES","publisher":{"@id":"https:\/\/staytv.cr\/#organization"}}]},"og:locale":"es_ES","og:site_name":"Staytv - Medio de comunicaci\u00f3n digital de Costa Rica.","og:type":"article","og:title":"Fuerza P\u00fablica Pavas detiene a fugado del Zurqu\u00ed","og:description":"Fuerza P\u00fablica Pavas captur\u00f3 al segundo fugado del Centro Penal Juvenil Zurqu\u00ed durante un operativo conjunto con la Polic\u00eda Penitenciaria.","og:url":"https:\/\/staytv.cr\/index.php\/2025\/10\/27\/fuerza-publica-pavas-detiene-a-fugado-del-zurqui\/","og:image":"https:\/\/staytv.cr\/wp-content\/uploads\/Sin-titulo-8-120.png","og:image:secure_url":"https:\/\/staytv.cr\/wp-content\/uploads\/Sin-titulo-8-120.png","og:image:width":1280,"og:image:height":720,"article:published_time":"2025-10-27T19:14:41+00:00","article:modified_time":"2025-10-27T20:04:04+00:00","article:publisher":"https:\/\/www.facebook.com\/staytvcr","twitter:card":"summary_large_image","twitter:title":"Fuerza P\u00fablica Pavas detiene a fugado del Zurqu\u00ed","twitter:description":"Fuerza P\u00fablica Pavas captur\u00f3 al segundo fugado del Centro Penal Juvenil Zurqu\u00ed durante un operativo conjunto con la Polic\u00eda Penitenciaria.","twitter:image":"https:\/\/staytv.cr\/wp-content\/uploads\/Sin-titulo-8-120.png"},"aioseo_meta_data":{"post_id":"24707","title":"Fuerza P\u00fablica Pavas detiene a fugado del Zurqu\u00ed","description":"Fuerza P\u00fablica Pavas captur\u00f3 al segundo fugado del Centro Penal Juvenil Zurqu\u00ed durante un operativo conjunto con la Polic\u00eda Penitenciaria.","keywords":null,"keyphrases":{"focus":{"keyphrase":"Fuerza P\u00fablica","score":91,"analysis":{"keyphraseInTitle":{"score":9,"maxScore":9,"error":0},"keyphraseInDescription":{"score":9,"maxScore":9,"error":0},"keyphraseLength":{"score":9,"maxScore":9,"error":0,"length":3},"keyphraseInURL":{"score":5,"maxScore":5,"error":0},"keyphraseInIntroduction":{"score":9,"maxScore":9,"error":0},"keyphraseInSubHeadings":{"score":9,"maxScore":9,"error":0},"keyphraseInImageAlt":{"score":3,"maxScore":9,"error":1},"keywordDensity":{"type":"best","score":9,"maxScore":9,"error":0}}},"additional":[]},"canonical_url":null,"og_title":null,"og_description":null,"og_object_type":"default","og_image_type":"default","og_image_custom_url":null,"og_image_custom_fields":null,"og_custom_image_width":null,"og_custom_image_height":null,"og_video":"","og_custom_url":null,"og_article_section":null,"og_article_tags":null,"twitter_use_og":true,"twitter_card":"default","twitter_image_type":"default","twitter_image_custom_url":null,"twitter_image_custom_fields":null,"twitter_title":null,"twitter_description":null,"schema_type":null,"schema_type_options":null,"pillar_content":false,"robots_default":true,"robots_noindex":false,"robots_noarchive":false,"robots_nosnippet":false,"robots_nofollow":false,"robots_noimageindex":false,"robots_noodp":false,"robots_notranslate":false,"robots_max_snippet":"-1","robots_max_videopreview":"-1","robots_max_imagepreview":"none","tabs":null,"priority":null,"frequency":"default","local_seo":null,"created":"2025-10-27 18:46:06","updated":"2025-10-27 20:04:04"},"aioseo_breadcrumb":"<div class=\"aioseo-breadcrumbs\"><span class=\"aioseo-breadcrumb\">\n\t<a href=\"https:\/\/staytv.cr\" title=\"Home\">Home<\/a>\n<\/span><span class=\"aioseo-breadcrumb-separator\">&raquo;<\/span><span class=\"aioseo-breadcrumb\">\n\t<a href=\"https:\/\/staytv.cr\/index.php\/category\/sucesos\/\" title=\"SUCESOS\">SUCESOS<\/a>\n<\/span><span class=\"aioseo-breadcrumb-separator\">&raquo;<\/span><span class=\"aioseo-breadcrumb\">\n\t\ud83d\udc6e Fuerza P\u00fablica Pavas captura a fugado del Centro Penal Juvenil Zurqu\u00ed\n<\/span><\/div>","aioseo_breadcrumb_json":[{"label":"Home","link":"https:\/\/staytv.cr"},{"label":"SUCESOS","link":"https:\/\/staytv.cr\/index.php\/category\/sucesos\/"},{"label":"\ud83d\udc6e Fuerza P\u00fablica Pavas captura a fugado del Centro Penal Juvenil Zurqu\u00ed","link":"https:\/\/staytv.cr\/index.php\/2025\/10\/27\/fuerza-publica-pavas-detiene-a-fugado-del-zurqui\/"}],"_links":{"self":[{"href":"https:\/\/staytv.cr\/index.php\/wp-json\/wp\/v2\/posts\/24707","targetHints":{"allow":["GET"]}}],"collection":[{"href":"https:\/\/staytv.cr\/index.php\/wp-json\/wp\/v2\/posts"}],"about":[{"href":"https:\/\/staytv.cr\/index.php\/wp-json\/wp\/v2\/types\/post"}],"author":[{"embeddable":true,"href":"https:\/\/staytv.cr\/index.php\/wp-json\/wp\/v2\/users\/10"}],"replies":[{"embeddable":true,"href":"https:\/\/staytv.cr\/index.php\/wp-json\/wp\/v2\/comments?post=24707"}],"version-history":[{"count":1,"href":"https:\/\/staytv.cr\/index.php\/wp-json\/wp\/v2\/posts\/24707\/revisions"}],"predecessor-version":[{"id":24711,"href":"https:\/\/staytv.cr\/index.php\/wp-json\/wp\/v2\/posts\/24707\/revisions\/24711"}],"wp:featuredmedia":[{"embeddable":true,"href":"https:\/\/staytv.cr\/index.php\/wp-json\/wp\/v2\/media\/24710"}],"wp:attachment":[{"href":"https:\/\/staytv.cr\/index.php\/wp-json\/wp\/v2\/media?parent=24707"}],"wp:term":[{"taxonomy":"category","embeddable":true,"href":"https:\/\/staytv.cr\/index.php\/wp-json\/wp\/v2\/categories?post=24707"},{"taxonomy":"post_tag","embeddable":true,"href":"https:\/\/staytv.cr\/index.php\/wp-json\/wp\/v2\/tags?post=24707"}],"curies":[{"name":"wp","href":"https:\/\/api.w.org\/{rel}","templated":true}]}}