{"id":25207,"date":"2025-11-05T12:09:22","date_gmt":"2025-11-05T18:09:22","guid":{"rendered":"https:\/\/staytv-net-559754.hostingersite.com\/?p=25207"},"modified":"2025-11-05T12:09:22","modified_gmt":"2025-11-05T18:09:22","slug":"extradicion-de-macho-coca-eeuu-2025","status":"publish","type":"post","link":"https:\/\/staytv.cr\/index.php\/2025\/11\/05\/extradicion-de-macho-coca-eeuu-2025\/","title":{"rendered":"EE.UU. solicita extradici\u00f3n de alias \u201cMacho Coca\u201d por presunto tr\u00e1fico internacional de drogas"},"content":{"rendered":"<article>\n<header>\u00a0Extradici\u00f3n de Macho Coca: EE.UU. acusa a costarricense por tr\u00e1fico internacional de drogas<\/p>\n<hr \/>\n<\/header>\n<section>El <strong>Tribunal de Distrito de los Estados Unidos para el Distrito Sur de Nueva York<\/strong> solicit\u00f3 la <strong>extradici\u00f3n de un costarricense de apellidos Bell Fern\u00e1ndez<\/strong>, conocido como \u201cMacho Coca\u201d, para que enfrente cargos por <strong>tr\u00e1fico internacional de drogas<\/strong>. La gesti\u00f3n fue confirmada por la <strong>Fiscal\u00eda General<\/strong> y es resultado de la cooperaci\u00f3n entre el <strong>Ministerio P\u00fablico<\/strong>, la <strong>DEA<\/strong> y el <strong>Organismo de Investigaci\u00f3n Judicial (OIJ)<\/strong>.<\/p>\n<p>&nbsp;<\/p>\n<\/section>\n<section>\n<h2>Bell Fern\u00e1ndez bajo prisi\u00f3n preventiva en Costa Rica<\/h2>\n<p>De acuerdo con el Ministerio P\u00fablico, el proceso de extradici\u00f3n incluye una solicitud de <strong>detenci\u00f3n provisional<\/strong> ante el <em>Tribunal Penal del I Circuito Judicial de San Jos\u00e9<\/em>, aunque no implica su captura, ya que el imputado cumple actualmente <strong>prisi\u00f3n preventiva<\/strong> por una causa relacionada con el <strong>robo de combustible<\/strong>.<\/p>\n<p>Las autoridades estadounidenses se\u00f1alan a \u201cMacho Coca\u201d, de 62 a\u00f1os, como supuesto miembro de una <strong>estructura delictiva transnacional<\/strong> que oper\u00f3 entre marzo del 2022 y agosto del 2023, dedicada al acopio y distribuci\u00f3n de coca\u00edna desde Costa Rica hacia Estados Unidos.<\/p>\n<\/section>\n<section>\n<h2>Acusaciones de la justicia estadounidense<\/h2>\n<p>Seg\u00fan la investigaci\u00f3n, Bell Fern\u00e1ndez habr\u00eda fungido como <strong>l\u00edder de la organizaci\u00f3n<\/strong>, manteniendo contactos con agentes encubiertos de la DEA. Entre las evidencias se incluyen la presunta venta de una muestra de coca\u00edna y la negociaci\u00f3n para enviar un cargamento de <strong>700 kilogramos de droga<\/strong> con destino a Nueva York.<\/p>\n<p>El Ministerio P\u00fablico indic\u00f3 que estas diligencias forman parte del trabajo conjunto entre Costa Rica y Estados Unidos para perseguir estructuras criminales compartidas, tanto en territorio nacional como internacional.<\/p>\n<\/section>\n<section>\n<h2>Vinculaci\u00f3n con la lista OFAC del Departamento del Tesoro<\/h2>\n<p>En noviembre del 2023, la <strong>Oficina de Control de Activos Extranjeros (OFAC)<\/strong> del <strong>Departamento del Tesoro de EE.UU.<\/strong> incluy\u00f3 a Bell Fern\u00e1ndez en su lista de sancionados, por presunta relaci\u00f3n con actividades de narcotr\u00e1fico y lavado de dinero.<\/p>\n<p>La inclusi\u00f3n en la lista implica el <strong>bloqueo de activos<\/strong> bajo jurisdicci\u00f3n estadounidense y la prohibici\u00f3n para ciudadanos o empresas de ese pa\u00eds de realizar transacciones con las personas sancionadas. Esto suele generar aislamiento financiero a nivel global.<\/p>\n<p>En esa misma lista tambi\u00e9n figuran los costarricenses <strong>Alejandro Arias Monge<\/strong> (\u201cDiablo\u201d), <strong>Alejandro Antonio James Wilson<\/strong> (\u201cTuresky\u201d), y los extraditables <strong>Celso Manuel Gamboa S\u00e1nchez<\/strong> y <strong>Edwin Danney L\u00f3pez Vega<\/strong> (\u201cPecho de rata\u201d).<\/p>\n<\/section>\n<footer><strong>Fuente:<\/strong> Fiscal\u00eda General \/<a href=\"https:\/\/sitiooij.poder-judicial.go.cr\/index.php\"> Ministerio P\u00fablico de Costa Rica.<\/a><\/p>\n<div style=\"background: #f7f7f7; padding: 6px;\">\n<p>\ud83d\udc49 Lea m\u00e1s noticias en staytv.cr, da <a href=\"https:\/\/staytv.cr\/index.php\/category\/sucesos\/\">Click AC\u00c1.<\/a><\/p>\n<\/div>\n<\/footer>\n<p><!-- \ud83d\udd0e BLOQUE SEO AIOSEO --><\/p>\n<section>&nbsp;<\/p>\n<\/section>\n<\/article>\n","protected":false},"excerpt":{"rendered":"<p>\u00a0Extradici\u00f3n de Macho Coca: EE.UU. acusa a costarricens [&hellip;]<\/p>\n","protected":false},"author":10,"featured_media":25208,"comment_status":"open","ping_status":"open","sticky":false,"template":"","format":"standard","meta":{"_monsterinsights_skip_tracking":false,"_monsterinsights_sitenote_active":false,"_monsterinsights_sitenote_note":"","_monsterinsights_sitenote_category":0,"episode_type":"","audio_file":"","podmotor_file_id":"","podmotor_episode_id":"","cover_image":"","cover_image_id":"","duration":"","filesize":"","filesize_raw":"","date_recorded":"","explicit":"","block":"","itunes_episode_number":"","itunes_title":"","itunes_season_number":"","itunes_episode_type":"","footnotes":""},"categories":[1],"tags":[70,1633,969,1632,1631,1384,178,1634,130,1335],"class_list":["post-25207","post","type-post","status-publish","format-standard","has-post-thumbnail","category-sucesos","tag-costa-rica","tag-dea","tag-eeuu","tag-extradicion","tag-macho-coca","tag-ministerio-publico","tag-narcotrafico","tag-ofac","tag-oij","tag-staytv"],"aioseo_notices":[],"aioseo_head":"\n\t\t<!-- All in One SEO Pro 4.8.3.2 - aioseo.com -->\n\t<meta name=\"description\" content=\"Extradici\u00f3n de Macho Coca: EE.UU. solicita a Costa Rica entregar a Bell Fern\u00e1ndez, se\u00f1alado por tr\u00e1fico internacional de drogas. Detalles del caso en StayTV.\" \/>\n\t<meta name=\"robots\" content=\"max-image-preview:large\" \/>\n\t<meta name=\"author\" content=\"Diego Molina\"\/>\n\t<link rel=\"canonical\" href=\"https:\/\/staytv.cr\/index.php\/2025\/11\/05\/extradicion-de-macho-coca-eeuu-2025\/\" \/>\n\t<meta name=\"generator\" content=\"All in One SEO Pro (AIOSEO) 4.8.3.2\" \/>\n\t\t<meta property=\"og:locale\" content=\"zh_TW\" \/>\n\t\t<meta property=\"og:site_name\" content=\"Staytv - Medio de comunicaci\u00f3n digital de Costa Rica.\" \/>\n\t\t<meta property=\"og:type\" content=\"article\" \/>\n\t\t<meta property=\"og:title\" content=\"Extradici\u00f3n de Macho Coca: EE.UU. por tr\u00e1fico internacional\" \/>\n\t\t<meta property=\"og:description\" content=\"Extradici\u00f3n de Macho Coca: EE.UU. solicita a Costa Rica entregar a Bell Fern\u00e1ndez, se\u00f1alado por tr\u00e1fico internacional de drogas. Detalles del caso en StayTV.\" \/>\n\t\t<meta property=\"og:url\" content=\"https:\/\/staytv.cr\/index.php\/2025\/11\/05\/extradicion-de-macho-coca-eeuu-2025\/\" \/>\n\t\t<meta property=\"og:image\" content=\"https:\/\/staytv.cr\/wp-content\/uploads\/Sin-titulo-7-135.png\" \/>\n\t\t<meta property=\"og:image:secure_url\" content=\"https:\/\/staytv.cr\/wp-content\/uploads\/Sin-titulo-7-135.png\" \/>\n\t\t<meta property=\"og:image:width\" content=\"1280\" \/>\n\t\t<meta property=\"og:image:height\" content=\"720\" \/>\n\t\t<meta property=\"article:published_time\" content=\"2025-11-05T18:09:22+00:00\" \/>\n\t\t<meta property=\"article:modified_time\" content=\"2025-11-05T18:09:22+00:00\" \/>\n\t\t<meta property=\"article:publisher\" content=\"https:\/\/www.facebook.com\/staytvcr\" \/>\n\t\t<meta name=\"twitter:card\" content=\"summary_large_image\" \/>\n\t\t<meta name=\"twitter:title\" content=\"Extradici\u00f3n de Macho Coca: EE.UU. por tr\u00e1fico internacional\" \/>\n\t\t<meta name=\"twitter:description\" content=\"Extradici\u00f3n de Macho Coca: EE.UU. solicita a Costa Rica entregar a Bell Fern\u00e1ndez, se\u00f1alado por tr\u00e1fico internacional de drogas. Detalles del caso en StayTV.\" \/>\n\t\t<meta name=\"twitter:image\" content=\"https:\/\/staytv.cr\/wp-content\/uploads\/Sin-titulo-7-135.png\" \/>\n\t\t<script type=\"application\/ld+json\" class=\"aioseo-schema\">\n\t\t\t{\"@context\":\"https:\\\/\\\/schema.org\",\"@graph\":[{\"@type\":\"BreadcrumbList\",\"@id\":\"https:\\\/\\\/staytv.cr\\\/index.php\\\/2025\\\/11\\\/05\\\/extradicion-de-macho-coca-eeuu-2025\\\/#breadcrumblist\",\"itemListElement\":[{\"@type\":\"ListItem\",\"@id\":\"https:\\\/\\\/staytv.cr#listItem\",\"position\":1,\"name\":\"Home\",\"item\":\"https:\\\/\\\/staytv.cr\",\"nextItem\":{\"@type\":\"ListItem\",\"@id\":\"https:\\\/\\\/staytv.cr\\\/index.php\\\/category\\\/sucesos\\\/#listItem\",\"name\":\"SUCESOS\"}},{\"@type\":\"ListItem\",\"@id\":\"https:\\\/\\\/staytv.cr\\\/index.php\\\/category\\\/sucesos\\\/#listItem\",\"position\":2,\"name\":\"SUCESOS\",\"item\":\"https:\\\/\\\/staytv.cr\\\/index.php\\\/category\\\/sucesos\\\/\",\"nextItem\":{\"@type\":\"ListItem\",\"@id\":\"https:\\\/\\\/staytv.cr\\\/index.php\\\/2025\\\/11\\\/05\\\/extradicion-de-macho-coca-eeuu-2025\\\/#listItem\",\"name\":\"EE.UU. solicita extradici\\u00f3n de alias \\u201cMacho Coca\\u201d por presunto tr\\u00e1fico internacional de drogas\"},\"previousItem\":{\"@type\":\"ListItem\",\"@id\":\"https:\\\/\\\/staytv.cr#listItem\",\"name\":\"Home\"}},{\"@type\":\"ListItem\",\"@id\":\"https:\\\/\\\/staytv.cr\\\/index.php\\\/2025\\\/11\\\/05\\\/extradicion-de-macho-coca-eeuu-2025\\\/#listItem\",\"position\":3,\"name\":\"EE.UU. solicita extradici\\u00f3n de alias \\u201cMacho Coca\\u201d por presunto tr\\u00e1fico internacional de drogas\",\"previousItem\":{\"@type\":\"ListItem\",\"@id\":\"https:\\\/\\\/staytv.cr\\\/index.php\\\/category\\\/sucesos\\\/#listItem\",\"name\":\"SUCESOS\"}}]},{\"@type\":\"Organization\",\"@id\":\"https:\\\/\\\/staytv.cr\\\/#organization\",\"name\":\"Stay TV\",\"description\":\"Stay TV es un medio digital de noticias con base en Centroam\\u00e9rica, con cobertura local e internacional desde una mirada asi\\u00e1tica.\",\"url\":\"https:\\\/\\\/staytv.cr\\\/\",\"logo\":{\"@type\":\"ImageObject\",\"url\":\"https:\\\/\\\/staytv.cr\\\/wp-content\\\/uploads\\\/cropped-StayTV_logo_oficial_simple.png\",\"@id\":\"https:\\\/\\\/staytv.cr\\\/index.php\\\/2025\\\/11\\\/05\\\/extradicion-de-macho-coca-eeuu-2025\\\/#organizationLogo\",\"width\":2560,\"height\":769},\"image\":{\"@id\":\"https:\\\/\\\/staytv.cr\\\/index.php\\\/2025\\\/11\\\/05\\\/extradicion-de-macho-coca-eeuu-2025\\\/#organizationLogo\"},\"sameAs\":[\"https:\\\/\\\/www.instagram.com\\\/staytvcr\\\/\"]},{\"@type\":\"Person\",\"@id\":\"https:\\\/\\\/staytv.cr\\\/index.php\\\/author\\\/diegostaytv\\\/#author\",\"url\":\"https:\\\/\\\/staytv.cr\\\/index.php\\\/author\\\/diegostaytv\\\/\",\"name\":\"Diego Molina\",\"image\":{\"@type\":\"ImageObject\",\"url\":\"https:\\\/\\\/secure.gravatar.com\\\/avatar\\\/7d23cb63381aa64750c7e76727c208369ebd6f2565e9dc4c62e323b1ea59af41?s=96&d=mm&r=g\"}},{\"@type\":\"WebPage\",\"@id\":\"https:\\\/\\\/staytv.cr\\\/index.php\\\/2025\\\/11\\\/05\\\/extradicion-de-macho-coca-eeuu-2025\\\/#webpage\",\"url\":\"https:\\\/\\\/staytv.cr\\\/index.php\\\/2025\\\/11\\\/05\\\/extradicion-de-macho-coca-eeuu-2025\\\/\",\"name\":\"Extradici\\u00f3n de Macho Coca: EE.UU. por tr\\u00e1fico internacional\",\"description\":\"Extradici\\u00f3n de Macho Coca: EE.UU. solicita a Costa Rica entregar a Bell Fern\\u00e1ndez, se\\u00f1alado por tr\\u00e1fico internacional de drogas. Detalles del caso en StayTV.\",\"inLanguage\":\"zh-TW\",\"isPartOf\":{\"@id\":\"https:\\\/\\\/staytv.cr\\\/#website\"},\"breadcrumb\":{\"@id\":\"https:\\\/\\\/staytv.cr\\\/index.php\\\/2025\\\/11\\\/05\\\/extradicion-de-macho-coca-eeuu-2025\\\/#breadcrumblist\"},\"author\":{\"@id\":\"https:\\\/\\\/staytv.cr\\\/index.php\\\/author\\\/diegostaytv\\\/#author\"},\"creator\":{\"@id\":\"https:\\\/\\\/staytv.cr\\\/index.php\\\/author\\\/diegostaytv\\\/#author\"},\"image\":{\"@type\":\"ImageObject\",\"url\":\"https:\\\/\\\/staytv.cr\\\/wp-content\\\/uploads\\\/Sin-titulo-7-135.png\",\"@id\":\"https:\\\/\\\/staytv.cr\\\/index.php\\\/2025\\\/11\\\/05\\\/extradicion-de-macho-coca-eeuu-2025\\\/#mainImage\",\"width\":1280,\"height\":720,\"caption\":\"extradici\\u00f3n de alias \\u201cMacho Coca\\u201d\"},\"primaryImageOfPage\":{\"@id\":\"https:\\\/\\\/staytv.cr\\\/index.php\\\/2025\\\/11\\\/05\\\/extradicion-de-macho-coca-eeuu-2025\\\/#mainImage\"},\"datePublished\":\"2025-11-05T12:09:22-06:00\",\"dateModified\":\"2025-11-05T12:09:22-06:00\"},{\"@type\":\"WebSite\",\"@id\":\"https:\\\/\\\/staytv.cr\\\/#website\",\"url\":\"https:\\\/\\\/staytv.cr\\\/\",\"name\":\"Staytv\",\"description\":\"Medio de comunicaci\\u00f3n digital de Costa Rica.\",\"inLanguage\":\"zh-TW\",\"publisher\":{\"@id\":\"https:\\\/\\\/staytv.cr\\\/#organization\"}}]}\n\t\t<\/script>\n\t\t<!-- All in One SEO Pro -->\r\n\t\t<title>Extradici\u00f3n de Macho Coca: EE.UU. por tr\u00e1fico internacional<\/title>\n\n","aioseo_head_json":{"title":"Extradici\u00f3n de Macho Coca: EE.UU. por tr\u00e1fico internacional","description":"Extradici\u00f3n de Macho Coca: EE.UU. solicita a Costa Rica entregar a Bell Fern\u00e1ndez, se\u00f1alado por tr\u00e1fico internacional de drogas. Detalles del caso en StayTV.","canonical_url":"https:\/\/staytv.cr\/index.php\/2025\/11\/05\/extradicion-de-macho-coca-eeuu-2025\/","robots":"max-image-preview:large","keywords":"","webmasterTools":{"miscellaneous":""},"schema":{"@context":"https:\/\/schema.org","@graph":[{"@type":"BreadcrumbList","@id":"https:\/\/staytv.cr\/index.php\/2025\/11\/05\/extradicion-de-macho-coca-eeuu-2025\/#breadcrumblist","itemListElement":[{"@type":"ListItem","@id":"https:\/\/staytv.cr#listItem","position":1,"name":"Home","item":"https:\/\/staytv.cr","nextItem":{"@type":"ListItem","@id":"https:\/\/staytv.cr\/index.php\/category\/sucesos\/#listItem","name":"SUCESOS"}},{"@type":"ListItem","@id":"https:\/\/staytv.cr\/index.php\/category\/sucesos\/#listItem","position":2,"name":"SUCESOS","item":"https:\/\/staytv.cr\/index.php\/category\/sucesos\/","nextItem":{"@type":"ListItem","@id":"https:\/\/staytv.cr\/index.php\/2025\/11\/05\/extradicion-de-macho-coca-eeuu-2025\/#listItem","name":"EE.UU. solicita extradici\u00f3n de alias \u201cMacho Coca\u201d por presunto tr\u00e1fico internacional de drogas"},"previousItem":{"@type":"ListItem","@id":"https:\/\/staytv.cr#listItem","name":"Home"}},{"@type":"ListItem","@id":"https:\/\/staytv.cr\/index.php\/2025\/11\/05\/extradicion-de-macho-coca-eeuu-2025\/#listItem","position":3,"name":"EE.UU. solicita extradici\u00f3n de alias \u201cMacho Coca\u201d por presunto tr\u00e1fico internacional de drogas","previousItem":{"@type":"ListItem","@id":"https:\/\/staytv.cr\/index.php\/category\/sucesos\/#listItem","name":"SUCESOS"}}]},{"@type":"Organization","@id":"https:\/\/staytv.cr\/#organization","name":"Stay TV","description":"Stay TV es un medio digital de noticias con base en Centroam\u00e9rica, con cobertura local e internacional desde una mirada asi\u00e1tica.","url":"https:\/\/staytv.cr\/","logo":{"@type":"ImageObject","url":"https:\/\/staytv.cr\/wp-content\/uploads\/cropped-StayTV_logo_oficial_simple.png","@id":"https:\/\/staytv.cr\/index.php\/2025\/11\/05\/extradicion-de-macho-coca-eeuu-2025\/#organizationLogo","width":2560,"height":769},"image":{"@id":"https:\/\/staytv.cr\/index.php\/2025\/11\/05\/extradicion-de-macho-coca-eeuu-2025\/#organizationLogo"},"sameAs":["https:\/\/www.instagram.com\/staytvcr\/"]},{"@type":"Person","@id":"https:\/\/staytv.cr\/index.php\/author\/diegostaytv\/#author","url":"https:\/\/staytv.cr\/index.php\/author\/diegostaytv\/","name":"Diego Molina","image":{"@type":"ImageObject","url":"https:\/\/secure.gravatar.com\/avatar\/7d23cb63381aa64750c7e76727c208369ebd6f2565e9dc4c62e323b1ea59af41?s=96&d=mm&r=g"}},{"@type":"WebPage","@id":"https:\/\/staytv.cr\/index.php\/2025\/11\/05\/extradicion-de-macho-coca-eeuu-2025\/#webpage","url":"https:\/\/staytv.cr\/index.php\/2025\/11\/05\/extradicion-de-macho-coca-eeuu-2025\/","name":"Extradici\u00f3n de Macho Coca: EE.UU. por tr\u00e1fico internacional","description":"Extradici\u00f3n de Macho Coca: EE.UU. solicita a Costa Rica entregar a Bell Fern\u00e1ndez, se\u00f1alado por tr\u00e1fico internacional de drogas. Detalles del caso en StayTV.","inLanguage":"zh-TW","isPartOf":{"@id":"https:\/\/staytv.cr\/#website"},"breadcrumb":{"@id":"https:\/\/staytv.cr\/index.php\/2025\/11\/05\/extradicion-de-macho-coca-eeuu-2025\/#breadcrumblist"},"author":{"@id":"https:\/\/staytv.cr\/index.php\/author\/diegostaytv\/#author"},"creator":{"@id":"https:\/\/staytv.cr\/index.php\/author\/diegostaytv\/#author"},"image":{"@type":"ImageObject","url":"https:\/\/staytv.cr\/wp-content\/uploads\/Sin-titulo-7-135.png","@id":"https:\/\/staytv.cr\/index.php\/2025\/11\/05\/extradicion-de-macho-coca-eeuu-2025\/#mainImage","width":1280,"height":720,"caption":"extradici\u00f3n de alias \u201cMacho Coca\u201d"},"primaryImageOfPage":{"@id":"https:\/\/staytv.cr\/index.php\/2025\/11\/05\/extradicion-de-macho-coca-eeuu-2025\/#mainImage"},"datePublished":"2025-11-05T12:09:22-06:00","dateModified":"2025-11-05T12:09:22-06:00"},{"@type":"WebSite","@id":"https:\/\/staytv.cr\/#website","url":"https:\/\/staytv.cr\/","name":"Staytv","description":"Medio de comunicaci\u00f3n digital de Costa Rica.","inLanguage":"zh-TW","publisher":{"@id":"https:\/\/staytv.cr\/#organization"}}]},"og:locale":"zh_TW","og:site_name":"Staytv - Medio de comunicaci\u00f3n digital de Costa Rica.","og:type":"article","og:title":"Extradici\u00f3n de Macho Coca: EE.UU. por tr\u00e1fico internacional","og:description":"Extradici\u00f3n de Macho Coca: EE.UU. solicita a Costa Rica entregar a Bell Fern\u00e1ndez, se\u00f1alado por tr\u00e1fico internacional de drogas. Detalles del caso en StayTV.","og:url":"https:\/\/staytv.cr\/index.php\/2025\/11\/05\/extradicion-de-macho-coca-eeuu-2025\/","og:image":"https:\/\/staytv.cr\/wp-content\/uploads\/Sin-titulo-7-135.png","og:image:secure_url":"https:\/\/staytv.cr\/wp-content\/uploads\/Sin-titulo-7-135.png","og:image:width":1280,"og:image:height":720,"article:published_time":"2025-11-05T18:09:22+00:00","article:modified_time":"2025-11-05T18:09:22+00:00","article:publisher":"https:\/\/www.facebook.com\/staytvcr","twitter:card":"summary_large_image","twitter:title":"Extradici\u00f3n de Macho Coca: EE.UU. por tr\u00e1fico internacional","twitter:description":"Extradici\u00f3n de Macho Coca: EE.UU. solicita a Costa Rica entregar a Bell Fern\u00e1ndez, se\u00f1alado por tr\u00e1fico internacional de drogas. Detalles del caso en StayTV.","twitter:image":"https:\/\/staytv.cr\/wp-content\/uploads\/Sin-titulo-7-135.png"},"aioseo_meta_data":{"post_id":"25207","title":"Extradici\u00f3n de Macho Coca: EE.UU. por tr\u00e1fico internacional","description":"Extradici\u00f3n de Macho Coca: EE.UU. solicita a Costa Rica entregar a Bell Fern\u00e1ndez, se\u00f1alado por tr\u00e1fico internacional de drogas. Detalles del caso en StayTV.","keywords":null,"keyphrases":{"focus":{"keyphrase":"extradici\u00f3n de Macho Coca","score":67,"analysis":{"keyphraseInTitle":{"score":9,"maxScore":9,"error":0},"keyphraseInDescription":{"score":9,"maxScore":9,"error":0},"keyphraseLength":{"score":6,"maxScore":9,"error":1,"length":5},"keyphraseInURL":[],"keyphraseInIntroduction":{"score":9,"maxScore":9,"error":0},"keyphraseInSubHeadings":{"score":3,"maxScore":9,"error":1},"keyphraseInImageAlt":[],"keywordDensity":{"score":0,"type":"low","maxScore":9,"error":1}}},"additional":[]},"canonical_url":null,"og_title":null,"og_description":null,"og_object_type":"default","og_image_type":"default","og_image_custom_url":null,"og_image_custom_fields":null,"og_custom_image_width":null,"og_custom_image_height":null,"og_video":"","og_custom_url":null,"og_article_section":null,"og_article_tags":null,"twitter_use_og":true,"twitter_card":"default","twitter_image_type":"default","twitter_image_custom_url":null,"twitter_image_custom_fields":null,"twitter_title":null,"twitter_description":null,"schema_type":null,"schema_type_options":null,"pillar_content":false,"robots_default":true,"robots_noindex":false,"robots_noarchive":false,"robots_nosnippet":false,"robots_nofollow":false,"robots_noimageindex":false,"robots_noodp":false,"robots_notranslate":false,"robots_max_snippet":"-1","robots_max_videopreview":"-1","robots_max_imagepreview":"none","tabs":null,"priority":null,"frequency":"default","local_seo":null,"created":"2025-11-05 17:58:16","updated":"2025-11-05 18:09:22"},"aioseo_breadcrumb":"<div class=\"aioseo-breadcrumbs\"><span class=\"aioseo-breadcrumb\">\n\t<a href=\"https:\/\/staytv.cr\" title=\"Home\">Home<\/a>\n<\/span><span class=\"aioseo-breadcrumb-separator\">&raquo;<\/span><span class=\"aioseo-breadcrumb\">\n\t<a href=\"https:\/\/staytv.cr\/index.php\/category\/sucesos\/\" title=\"SUCESOS\">SUCESOS<\/a>\n<\/span><span class=\"aioseo-breadcrumb-separator\">&raquo;<\/span><span class=\"aioseo-breadcrumb\">\n\tEE.UU. solicita extradici\u00f3n de alias \u201cMacho Coca\u201d por presunto tr\u00e1fico internacional de drogas\n<\/span><\/div>","aioseo_breadcrumb_json":[{"label":"Home","link":"https:\/\/staytv.cr"},{"label":"SUCESOS","link":"https:\/\/staytv.cr\/index.php\/category\/sucesos\/"},{"label":"EE.UU. solicita extradici\u00f3n de alias \u201cMacho Coca\u201d por presunto tr\u00e1fico internacional de drogas","link":"https:\/\/staytv.cr\/index.php\/2025\/11\/05\/extradicion-de-macho-coca-eeuu-2025\/"}],"_links":{"self":[{"href":"https:\/\/staytv.cr\/index.php\/wp-json\/wp\/v2\/posts\/25207","targetHints":{"allow":["GET"]}}],"collection":[{"href":"https:\/\/staytv.cr\/index.php\/wp-json\/wp\/v2\/posts"}],"about":[{"href":"https:\/\/staytv.cr\/index.php\/wp-json\/wp\/v2\/types\/post"}],"author":[{"embeddable":true,"href":"https:\/\/staytv.cr\/index.php\/wp-json\/wp\/v2\/users\/10"}],"replies":[{"embeddable":true,"href":"https:\/\/staytv.cr\/index.php\/wp-json\/wp\/v2\/comments?post=25207"}],"version-history":[{"count":1,"href":"https:\/\/staytv.cr\/index.php\/wp-json\/wp\/v2\/posts\/25207\/revisions"}],"predecessor-version":[{"id":25209,"href":"https:\/\/staytv.cr\/index.php\/wp-json\/wp\/v2\/posts\/25207\/revisions\/25209"}],"wp:featuredmedia":[{"embeddable":true,"href":"https:\/\/staytv.cr\/index.php\/wp-json\/wp\/v2\/media\/25208"}],"wp:attachment":[{"href":"https:\/\/staytv.cr\/index.php\/wp-json\/wp\/v2\/media?parent=25207"}],"wp:term":[{"taxonomy":"category","embeddable":true,"href":"https:\/\/staytv.cr\/index.php\/wp-json\/wp\/v2\/categories?post=25207"},{"taxonomy":"post_tag","embeddable":true,"href":"https:\/\/staytv.cr\/index.php\/wp-json\/wp\/v2\/tags?post=25207"}],"curies":[{"name":"wp","href":"https:\/\/api.w.org\/{rel}","templated":true}]}}