{"id":25230,"date":"2025-11-06T08:46:54","date_gmt":"2025-11-06T14:46:54","guid":{"rendered":"https:\/\/staytv.cr\/?p=25230"},"modified":"2025-11-06T09:14:52","modified_gmt":"2025-11-06T15:14:52","slug":"presidencia-racsel-costa-rica-liderara-salud-digital-regional","status":"publish","type":"post","link":"https:\/\/staytv.cr\/index.php\/2025\/11\/06\/presidencia-racsel-costa-rica-liderara-salud-digital-regional\/","title":{"rendered":"Presidencia RACSEL Costa Rica marca nuevo liderazgo regional en salud digital"},"content":{"rendered":"<article>\n<header>Presidencia RACSEL Costa Rica liderar\u00e1 salud digital regional<\/p>\n<hr \/>\n<h1><strong style=\"font-size: 16px;\">La presidencia RACSEL Costa Rica<\/strong><span style=\"font-size: 16px;\"> qued\u00f3 oficialmente en manos del pa\u00eds para el periodo 2025-2027, tras el reciente encuentro regional que reuni\u00f3 a los pa\u00edses miembros y organismos internacionales. La designaci\u00f3n, asumida por el Ministerio de Salud, refuerza el papel de Costa Rica como referente regional en interoperabilidad, gobernanza sanitaria y salud digital.<\/span><\/h1>\n<\/header>\n<section>\n<h2>Presidencia RACSEL Costa Rica impulsa cooperaci\u00f3n regional<\/h2>\n<p><!-- Video responsivo con bordes (despu\u00e9s del primer subt\u00edtulo) --><\/p>\n<div style=\"position: relative; width: 100%; padding-bottom: 56.25%; height: 0; overflow: hidden; border-radius: 12px; border: 1px solid #e5e7eb; box-shadow: 0 2px 10px rgba(0,0,0,.06); margin: 12px 0;\"><iframe style=\"position: absolute; top: 0; left: 0; width: 100%; height: 100%; border: 0;\" title=\"Presidencia RACSEL Costa Rica \u2013 video oficial\" data-src=\"https:\/\/www.youtube.com\/embed\/ihvPR9wnLE0\" allowfullscreen=\"allowfullscreen\" src=\"data:image\/svg+xml;base64,PHN2ZyB3aWR0aD0iMSIgaGVpZ2h0PSIxIiB4bWxucz0iaHR0cDovL3d3dy53My5vcmcvMjAwMC9zdmciPjwvc3ZnPg==\" class=\"lazyload\" data-load-mode=\"1\"><\/iframe><\/div>\n<p><!-- Fin video --><\/p>\n<p>Durante la sesi\u00f3n, Costa Rica asumi\u00f3 la presidencia pro tempore de la Red Americana de Cooperaci\u00f3n en Salud Electr\u00f3nica (RACSEL), un espacio apoyado por el BID, la OPS y diversas instituciones aliadas. El pa\u00eds liderar\u00e1 la gobernanza regional, la cooperaci\u00f3n t\u00e9cnica, la transparencia y la rendici\u00f3n de cuentas en salud digital.<\/p>\n<p>Seg\u00fan el Ministerio de Salud, esta designaci\u00f3n reconoce el avance del pa\u00eds en el desarrollo de herramientas digitales, est\u00e1ndares de interoperabilidad y procesos de innovaci\u00f3n que consolidan sistemas de informaci\u00f3n modernos y seguros.<\/p>\n<\/section>\n<section>\n<h2>Funciones estrat\u00e9gicas de la presidencia RACSEL Costa Rica<\/h2>\n<p>El viceministro de Salud, Dr. Allan Mora Vargas, destac\u00f3 que el reto principal ser\u00e1 fortalecer la articulaci\u00f3n regional para asegurar un desarrollo digital centrado en las personas y con equidad en el acceso a servicios de salud. Adem\u00e1s, Costa Rica impulsar\u00e1 mecanismos de intercambio de conocimientos, buenas pr\u00e1cticas y cooperaci\u00f3n t\u00e9cnica entre los pa\u00edses miembros.<\/p>\n<p>El traspaso fue realizado por El Salvador, pa\u00eds que finaliza su periodo con resultados en fortalecimiento institucional y gobernanza regional.<\/p>\n<\/section>\n<section>\n<h2>Certificado digital y avances de la presidencia RACSEL Costa Rica<\/h2>\n<p>Costa Rica reafirm\u00f3 su compromiso con la modernizaci\u00f3n sanitaria al crear el certificado digital de vacunaci\u00f3n contra la fiebre amarilla, totalmente integrado con los sistemas nacionales de salud. Esta herramienta permite verificaci\u00f3n en tiempo real, mayor trazabilidad y confianza ciudadana mediante pr\u00e1cticas tecnol\u00f3gicas seguras.<\/p>\n<\/section>\n<section>La Red RACSEL integra a los pa\u00edses de Am\u00e9rica Latina y el Caribe comprometidos con construir sistemas de salud m\u00e1s eficientes, sostenibles y transparentes mediante la digitalizaci\u00f3n.<\/section>\n<footer><strong>Fuente:<\/strong> Ministerio de Salud de Costa Rica.\ud83d\udc49 Lea m\u00e1s noticias en staytv.cr, da <a href=\"https:\/\/staytv.cr\/index.php\/category\/nacional\/\">Click AC\u00c1<\/a>.&nbsp;<\/p>\n<\/footer>\n<p><!-- \ud83d\udd0e BLOQUE SEO AIOSEO --><\/p>\n<section>\n<ul>\n<li><\/li>\n<\/ul>\n<\/section>\n<\/article>\n","protected":false},"excerpt":{"rendered":"<p>Presidencia RACSEL Costa Rica liderar\u00e1 salud digital regional La presidencia RACSEL Costa Rica qued\u00f3 oficialmente en manos del pa\u00eds para el periodo 2025-2027, tras el reciente encuentro regional que reuni\u00f3 a los pa\u00edses miembros y organismos internacionales. La designaci\u00f3n, asumida por el Ministerio de Salud, refuerza el papel de Costa Rica como referente regional en [&hellip;]<\/p>\n","protected":false},"author":10,"featured_media":25232,"comment_status":"open","ping_status":"open","sticky":false,"template":"","format":"standard","meta":{"episode_type":"","audio_file":"","podmotor_file_id":"","podmotor_episode_id":"","cover_image":"","cover_image_id":"","duration":"","filesize":"","filesize_raw":"","date_recorded":"","explicit":"","block":"","itunes_episode_number":"","itunes_title":"","itunes_season_number":"","itunes_episode_type":"","footnotes":""},"categories":[13],"tags":[1651,1134,1649,1650,788,1335],"class_list":{"0":"post-25230","1":"post","2":"type-post","3":"status-publish","4":"format-standard","5":"has-post-thumbnail","7":"category-nacional","8":"tag-interoperabilidad","9":"tag-ministerio-de-salud","10":"tag-presidencia-racsel-costa-rica","11":"tag-racsel","12":"tag-salud-digital","13":"tag-staytv"},"aioseo_notices":[],"aioseo_head":"\n\t\t<!-- All in One SEO Pro 4.8.3.2 - aioseo.com -->\n\t<meta name=\"description\" content=\"Presidencia RACSEL Costa Rica asumi\u00f3 liderazgo regional en salud digital e interoperabilidad. Conozca los avances y retos para 2025-2027 en la regi\u00f3n.\" \/>\n\t<meta name=\"robots\" content=\"max-image-preview:large\" \/>\n\t<meta name=\"author\" content=\"Diego Molina\"\/>\n\t<link rel=\"canonical\" href=\"https:\/\/staytv.cr\/index.php\/2025\/11\/06\/presidencia-racsel-costa-rica-liderara-salud-digital-regional\/\" \/>\n\t<meta name=\"generator\" content=\"All in One SEO Pro (AIOSEO) 4.8.3.2\" \/>\n\t\t<meta property=\"og:locale\" content=\"es_ES\" \/>\n\t\t<meta property=\"og:site_name\" content=\"Staytv - Medio de comunicaci\u00f3n digital de Costa Rica.\" \/>\n\t\t<meta property=\"og:type\" content=\"article\" \/>\n\t\t<meta property=\"og:title\" content=\"RACSEL Costa Rica liderar\u00e1 salud digital regional\" \/>\n\t\t<meta property=\"og:description\" content=\"Presidencia RACSEL Costa Rica asumi\u00f3 liderazgo regional en salud digital e interoperabilidad. Conozca los avances y retos para 2025-2027 en la regi\u00f3n.\" \/>\n\t\t<meta property=\"og:url\" content=\"https:\/\/staytv.cr\/index.php\/2025\/11\/06\/presidencia-racsel-costa-rica-liderara-salud-digital-regional\/\" \/>\n\t\t<meta property=\"og:image\" content=\"https:\/\/staytv.cr\/wp-content\/uploads\/Sin-titulo-2-154.png\" \/>\n\t\t<meta property=\"og:image:secure_url\" content=\"https:\/\/staytv.cr\/wp-content\/uploads\/Sin-titulo-2-154.png\" \/>\n\t\t<meta property=\"og:image:width\" content=\"1280\" \/>\n\t\t<meta property=\"og:image:height\" content=\"720\" \/>\n\t\t<meta property=\"article:published_time\" content=\"2025-11-06T14:46:54+00:00\" \/>\n\t\t<meta property=\"article:modified_time\" content=\"2025-11-06T15:14:52+00:00\" \/>\n\t\t<meta property=\"article:publisher\" content=\"https:\/\/www.facebook.com\/staytvcr\" \/>\n\t\t<meta name=\"twitter:card\" content=\"summary_large_image\" \/>\n\t\t<meta name=\"twitter:title\" content=\"RACSEL Costa Rica liderar\u00e1 salud digital regional\" \/>\n\t\t<meta name=\"twitter:description\" content=\"Presidencia RACSEL Costa Rica asumi\u00f3 liderazgo regional en salud digital e interoperabilidad. Conozca los avances y retos para 2025-2027 en la regi\u00f3n.\" \/>\n\t\t<meta name=\"twitter:image\" content=\"https:\/\/staytv.cr\/wp-content\/uploads\/Sin-titulo-2-154.png\" \/>\n\t\t<script type=\"application\/ld+json\" class=\"aioseo-schema\">\n\t\t\t{\"@context\":\"https:\\\/\\\/schema.org\",\"@graph\":[{\"@type\":\"BreadcrumbList\",\"@id\":\"https:\\\/\\\/staytv.cr\\\/index.php\\\/2025\\\/11\\\/06\\\/presidencia-racsel-costa-rica-liderara-salud-digital-regional\\\/#breadcrumblist\",\"itemListElement\":[{\"@type\":\"ListItem\",\"@id\":\"https:\\\/\\\/staytv.cr#listItem\",\"position\":1,\"name\":\"Home\",\"item\":\"https:\\\/\\\/staytv.cr\",\"nextItem\":{\"@type\":\"ListItem\",\"@id\":\"https:\\\/\\\/staytv.cr\\\/index.php\\\/category\\\/nacional\\\/#listItem\",\"name\":\"NACIONAL\"}},{\"@type\":\"ListItem\",\"@id\":\"https:\\\/\\\/staytv.cr\\\/index.php\\\/category\\\/nacional\\\/#listItem\",\"position\":2,\"name\":\"NACIONAL\",\"item\":\"https:\\\/\\\/staytv.cr\\\/index.php\\\/category\\\/nacional\\\/\",\"nextItem\":{\"@type\":\"ListItem\",\"@id\":\"https:\\\/\\\/staytv.cr\\\/index.php\\\/2025\\\/11\\\/06\\\/presidencia-racsel-costa-rica-liderara-salud-digital-regional\\\/#listItem\",\"name\":\"Presidencia RACSEL Costa Rica marca nuevo liderazgo regional en salud digital\"},\"previousItem\":{\"@type\":\"ListItem\",\"@id\":\"https:\\\/\\\/staytv.cr#listItem\",\"name\":\"Home\"}},{\"@type\":\"ListItem\",\"@id\":\"https:\\\/\\\/staytv.cr\\\/index.php\\\/2025\\\/11\\\/06\\\/presidencia-racsel-costa-rica-liderara-salud-digital-regional\\\/#listItem\",\"position\":3,\"name\":\"Presidencia RACSEL Costa Rica marca nuevo liderazgo regional en salud digital\",\"previousItem\":{\"@type\":\"ListItem\",\"@id\":\"https:\\\/\\\/staytv.cr\\\/index.php\\\/category\\\/nacional\\\/#listItem\",\"name\":\"NACIONAL\"}}]},{\"@type\":\"Organization\",\"@id\":\"https:\\\/\\\/staytv.cr\\\/#organization\",\"name\":\"Stay TV\",\"description\":\"Stay TV es un medio digital de noticias con base en Centroam\\u00e9rica, con cobertura local e internacional desde una mirada asi\\u00e1tica.\",\"url\":\"https:\\\/\\\/staytv.cr\\\/\",\"logo\":{\"@type\":\"ImageObject\",\"url\":\"https:\\\/\\\/staytv.cr\\\/wp-content\\\/uploads\\\/cropped-StayTV_logo_oficial_simple.png\",\"@id\":\"https:\\\/\\\/staytv.cr\\\/index.php\\\/2025\\\/11\\\/06\\\/presidencia-racsel-costa-rica-liderara-salud-digital-regional\\\/#organizationLogo\",\"width\":2560,\"height\":769},\"image\":{\"@id\":\"https:\\\/\\\/staytv.cr\\\/index.php\\\/2025\\\/11\\\/06\\\/presidencia-racsel-costa-rica-liderara-salud-digital-regional\\\/#organizationLogo\"},\"sameAs\":[\"https:\\\/\\\/www.instagram.com\\\/staytvcr\\\/\"]},{\"@type\":\"Person\",\"@id\":\"https:\\\/\\\/staytv.cr\\\/index.php\\\/author\\\/diegostaytv\\\/#author\",\"url\":\"https:\\\/\\\/staytv.cr\\\/index.php\\\/author\\\/diegostaytv\\\/\",\"name\":\"Diego Molina\",\"image\":{\"@type\":\"ImageObject\",\"url\":\"https:\\\/\\\/secure.gravatar.com\\\/avatar\\\/7d23cb63381aa64750c7e76727c208369ebd6f2565e9dc4c62e323b1ea59af41?s=96&d=mm&r=g\"}},{\"@type\":\"WebPage\",\"@id\":\"https:\\\/\\\/staytv.cr\\\/index.php\\\/2025\\\/11\\\/06\\\/presidencia-racsel-costa-rica-liderara-salud-digital-regional\\\/#webpage\",\"url\":\"https:\\\/\\\/staytv.cr\\\/index.php\\\/2025\\\/11\\\/06\\\/presidencia-racsel-costa-rica-liderara-salud-digital-regional\\\/\",\"name\":\"RACSEL Costa Rica liderar\\u00e1 salud digital regional\",\"description\":\"Presidencia RACSEL Costa Rica asumi\\u00f3 liderazgo regional en salud digital e interoperabilidad. Conozca los avances y retos para 2025-2027 en la regi\\u00f3n.\",\"inLanguage\":\"es-ES\",\"isPartOf\":{\"@id\":\"https:\\\/\\\/staytv.cr\\\/#website\"},\"breadcrumb\":{\"@id\":\"https:\\\/\\\/staytv.cr\\\/index.php\\\/2025\\\/11\\\/06\\\/presidencia-racsel-costa-rica-liderara-salud-digital-regional\\\/#breadcrumblist\"},\"author\":{\"@id\":\"https:\\\/\\\/staytv.cr\\\/index.php\\\/author\\\/diegostaytv\\\/#author\"},\"creator\":{\"@id\":\"https:\\\/\\\/staytv.cr\\\/index.php\\\/author\\\/diegostaytv\\\/#author\"},\"image\":{\"@type\":\"ImageObject\",\"url\":\"https:\\\/\\\/staytv.cr\\\/wp-content\\\/uploads\\\/Sin-titulo-2-154.png\",\"@id\":\"https:\\\/\\\/staytv.cr\\\/index.php\\\/2025\\\/11\\\/06\\\/presidencia-racsel-costa-rica-liderara-salud-digital-regional\\\/#mainImage\",\"width\":1280,\"height\":720,\"caption\":\"presidencia RACSEL Costa Rica en encuentro regional\"},\"primaryImageOfPage\":{\"@id\":\"https:\\\/\\\/staytv.cr\\\/index.php\\\/2025\\\/11\\\/06\\\/presidencia-racsel-costa-rica-liderara-salud-digital-regional\\\/#mainImage\"},\"datePublished\":\"2025-11-06T08:46:54-06:00\",\"dateModified\":\"2025-11-06T09:14:52-06:00\"},{\"@type\":\"WebSite\",\"@id\":\"https:\\\/\\\/staytv.cr\\\/#website\",\"url\":\"https:\\\/\\\/staytv.cr\\\/\",\"name\":\"Staytv\",\"description\":\"Medio de comunicaci\\u00f3n digital de Costa Rica.\",\"inLanguage\":\"es-ES\",\"publisher\":{\"@id\":\"https:\\\/\\\/staytv.cr\\\/#organization\"}}]}\n\t\t<\/script>\n\t\t<!-- All in One SEO Pro -->\r\n\t\t<title>RACSEL Costa Rica liderar\u00e1 salud digital regional<\/title>\n\n","aioseo_head_json":{"title":"RACSEL Costa Rica liderar\u00e1 salud digital regional","description":"Presidencia RACSEL Costa Rica asumi\u00f3 liderazgo regional en salud digital e interoperabilidad. Conozca los avances y retos para 2025-2027 en la regi\u00f3n.","canonical_url":"https:\/\/staytv.cr\/index.php\/2025\/11\/06\/presidencia-racsel-costa-rica-liderara-salud-digital-regional\/","robots":"max-image-preview:large","keywords":"","webmasterTools":{"miscellaneous":""},"schema":{"@context":"https:\/\/schema.org","@graph":[{"@type":"BreadcrumbList","@id":"https:\/\/staytv.cr\/index.php\/2025\/11\/06\/presidencia-racsel-costa-rica-liderara-salud-digital-regional\/#breadcrumblist","itemListElement":[{"@type":"ListItem","@id":"https:\/\/staytv.cr#listItem","position":1,"name":"Home","item":"https:\/\/staytv.cr","nextItem":{"@type":"ListItem","@id":"https:\/\/staytv.cr\/index.php\/category\/nacional\/#listItem","name":"NACIONAL"}},{"@type":"ListItem","@id":"https:\/\/staytv.cr\/index.php\/category\/nacional\/#listItem","position":2,"name":"NACIONAL","item":"https:\/\/staytv.cr\/index.php\/category\/nacional\/","nextItem":{"@type":"ListItem","@id":"https:\/\/staytv.cr\/index.php\/2025\/11\/06\/presidencia-racsel-costa-rica-liderara-salud-digital-regional\/#listItem","name":"Presidencia RACSEL Costa Rica marca nuevo liderazgo regional en salud digital"},"previousItem":{"@type":"ListItem","@id":"https:\/\/staytv.cr#listItem","name":"Home"}},{"@type":"ListItem","@id":"https:\/\/staytv.cr\/index.php\/2025\/11\/06\/presidencia-racsel-costa-rica-liderara-salud-digital-regional\/#listItem","position":3,"name":"Presidencia RACSEL Costa Rica marca nuevo liderazgo regional en salud digital","previousItem":{"@type":"ListItem","@id":"https:\/\/staytv.cr\/index.php\/category\/nacional\/#listItem","name":"NACIONAL"}}]},{"@type":"Organization","@id":"https:\/\/staytv.cr\/#organization","name":"Stay TV","description":"Stay TV es un medio digital de noticias con base en Centroam\u00e9rica, con cobertura local e internacional desde una mirada asi\u00e1tica.","url":"https:\/\/staytv.cr\/","logo":{"@type":"ImageObject","url":"https:\/\/staytv.cr\/wp-content\/uploads\/cropped-StayTV_logo_oficial_simple.png","@id":"https:\/\/staytv.cr\/index.php\/2025\/11\/06\/presidencia-racsel-costa-rica-liderara-salud-digital-regional\/#organizationLogo","width":2560,"height":769},"image":{"@id":"https:\/\/staytv.cr\/index.php\/2025\/11\/06\/presidencia-racsel-costa-rica-liderara-salud-digital-regional\/#organizationLogo"},"sameAs":["https:\/\/www.instagram.com\/staytvcr\/"]},{"@type":"Person","@id":"https:\/\/staytv.cr\/index.php\/author\/diegostaytv\/#author","url":"https:\/\/staytv.cr\/index.php\/author\/diegostaytv\/","name":"Diego Molina","image":{"@type":"ImageObject","url":"https:\/\/secure.gravatar.com\/avatar\/7d23cb63381aa64750c7e76727c208369ebd6f2565e9dc4c62e323b1ea59af41?s=96&d=mm&r=g"}},{"@type":"WebPage","@id":"https:\/\/staytv.cr\/index.php\/2025\/11\/06\/presidencia-racsel-costa-rica-liderara-salud-digital-regional\/#webpage","url":"https:\/\/staytv.cr\/index.php\/2025\/11\/06\/presidencia-racsel-costa-rica-liderara-salud-digital-regional\/","name":"RACSEL Costa Rica liderar\u00e1 salud digital regional","description":"Presidencia RACSEL Costa Rica asumi\u00f3 liderazgo regional en salud digital e interoperabilidad. Conozca los avances y retos para 2025-2027 en la regi\u00f3n.","inLanguage":"es-ES","isPartOf":{"@id":"https:\/\/staytv.cr\/#website"},"breadcrumb":{"@id":"https:\/\/staytv.cr\/index.php\/2025\/11\/06\/presidencia-racsel-costa-rica-liderara-salud-digital-regional\/#breadcrumblist"},"author":{"@id":"https:\/\/staytv.cr\/index.php\/author\/diegostaytv\/#author"},"creator":{"@id":"https:\/\/staytv.cr\/index.php\/author\/diegostaytv\/#author"},"image":{"@type":"ImageObject","url":"https:\/\/staytv.cr\/wp-content\/uploads\/Sin-titulo-2-154.png","@id":"https:\/\/staytv.cr\/index.php\/2025\/11\/06\/presidencia-racsel-costa-rica-liderara-salud-digital-regional\/#mainImage","width":1280,"height":720,"caption":"presidencia RACSEL Costa Rica en encuentro regional"},"primaryImageOfPage":{"@id":"https:\/\/staytv.cr\/index.php\/2025\/11\/06\/presidencia-racsel-costa-rica-liderara-salud-digital-regional\/#mainImage"},"datePublished":"2025-11-06T08:46:54-06:00","dateModified":"2025-11-06T09:14:52-06:00"},{"@type":"WebSite","@id":"https:\/\/staytv.cr\/#website","url":"https:\/\/staytv.cr\/","name":"Staytv","description":"Medio de comunicaci\u00f3n digital de Costa Rica.","inLanguage":"es-ES","publisher":{"@id":"https:\/\/staytv.cr\/#organization"}}]},"og:locale":"es_ES","og:site_name":"Staytv - Medio de comunicaci\u00f3n digital de Costa Rica.","og:type":"article","og:title":"RACSEL Costa Rica liderar\u00e1 salud digital regional","og:description":"Presidencia RACSEL Costa Rica asumi\u00f3 liderazgo regional en salud digital e interoperabilidad. Conozca los avances y retos para 2025-2027 en la regi\u00f3n.","og:url":"https:\/\/staytv.cr\/index.php\/2025\/11\/06\/presidencia-racsel-costa-rica-liderara-salud-digital-regional\/","og:image":"https:\/\/staytv.cr\/wp-content\/uploads\/Sin-titulo-2-154.png","og:image:secure_url":"https:\/\/staytv.cr\/wp-content\/uploads\/Sin-titulo-2-154.png","og:image:width":1280,"og:image:height":720,"article:published_time":"2025-11-06T14:46:54+00:00","article:modified_time":"2025-11-06T15:14:52+00:00","article:publisher":"https:\/\/www.facebook.com\/staytvcr","twitter:card":"summary_large_image","twitter:title":"RACSEL Costa Rica liderar\u00e1 salud digital regional","twitter:description":"Presidencia RACSEL Costa Rica asumi\u00f3 liderazgo regional en salud digital e interoperabilidad. Conozca los avances y retos para 2025-2027 en la regi\u00f3n.","twitter:image":"https:\/\/staytv.cr\/wp-content\/uploads\/Sin-titulo-2-154.png"},"aioseo_meta_data":{"post_id":"25230","title":"RACSEL Costa Rica liderar\u00e1 salud digital regional","description":"Presidencia RACSEL Costa Rica asumi\u00f3 liderazgo regional en salud digital e interoperabilidad. Conozca los avances y retos para 2025-2027 en la regi\u00f3n.","keywords":null,"keyphrases":{"focus":{"keyphrase":"RACSEL Costa Rica","score":80,"analysis":{"keyphraseInTitle":{"score":9,"maxScore":9,"error":0},"keyphraseInDescription":{"score":9,"maxScore":9,"error":0},"keyphraseLength":{"score":9,"maxScore":9,"error":0,"length":3},"keyphraseInURL":{"score":5,"maxScore":5,"error":0},"keyphraseInIntroduction":{"score":3,"maxScore":9,"error":1},"keyphraseInSubHeadings":{"score":3,"maxScore":9,"error":1},"keyphraseInImageAlt":[],"keywordDensity":{"type":"best","score":9,"maxScore":9,"error":0}}},"additional":[]},"canonical_url":null,"og_title":null,"og_description":null,"og_object_type":"default","og_image_type":"default","og_image_custom_url":null,"og_image_custom_fields":null,"og_custom_image_width":null,"og_custom_image_height":null,"og_video":"","og_custom_url":null,"og_article_section":null,"og_article_tags":null,"twitter_use_og":true,"twitter_card":"default","twitter_image_type":"default","twitter_image_custom_url":null,"twitter_image_custom_fields":null,"twitter_title":null,"twitter_description":null,"schema_type":null,"schema_type_options":null,"pillar_content":false,"robots_default":true,"robots_noindex":false,"robots_noarchive":false,"robots_nosnippet":false,"robots_nofollow":false,"robots_noimageindex":false,"robots_noodp":false,"robots_notranslate":false,"robots_max_snippet":"-1","robots_max_videopreview":"-1","robots_max_imagepreview":"none","tabs":null,"priority":null,"frequency":"default","local_seo":null,"created":"2025-11-06 14:20:13","updated":"2025-11-06 15:14:53"},"aioseo_breadcrumb":"<div class=\"aioseo-breadcrumbs\"><span class=\"aioseo-breadcrumb\">\n\t<a href=\"https:\/\/staytv.cr\" title=\"Home\">Home<\/a>\n<\/span><span class=\"aioseo-breadcrumb-separator\">&raquo;<\/span><span class=\"aioseo-breadcrumb\">\n\t<a href=\"https:\/\/staytv.cr\/index.php\/category\/nacional\/\" title=\"NACIONAL\">NACIONAL<\/a>\n<\/span><span class=\"aioseo-breadcrumb-separator\">&raquo;<\/span><span class=\"aioseo-breadcrumb\">\n\tPresidencia RACSEL Costa Rica marca nuevo liderazgo regional en salud digital\n<\/span><\/div>","aioseo_breadcrumb_json":[{"label":"Home","link":"https:\/\/staytv.cr"},{"label":"NACIONAL","link":"https:\/\/staytv.cr\/index.php\/category\/nacional\/"},{"label":"Presidencia RACSEL Costa Rica marca nuevo liderazgo regional en salud digital","link":"https:\/\/staytv.cr\/index.php\/2025\/11\/06\/presidencia-racsel-costa-rica-liderara-salud-digital-regional\/"}],"_links":{"self":[{"href":"https:\/\/staytv.cr\/index.php\/wp-json\/wp\/v2\/posts\/25230","targetHints":{"allow":["GET"]}}],"collection":[{"href":"https:\/\/staytv.cr\/index.php\/wp-json\/wp\/v2\/posts"}],"about":[{"href":"https:\/\/staytv.cr\/index.php\/wp-json\/wp\/v2\/types\/post"}],"author":[{"embeddable":true,"href":"https:\/\/staytv.cr\/index.php\/wp-json\/wp\/v2\/users\/10"}],"replies":[{"embeddable":true,"href":"https:\/\/staytv.cr\/index.php\/wp-json\/wp\/v2\/comments?post=25230"}],"version-history":[{"count":2,"href":"https:\/\/staytv.cr\/index.php\/wp-json\/wp\/v2\/posts\/25230\/revisions"}],"predecessor-version":[{"id":25234,"href":"https:\/\/staytv.cr\/index.php\/wp-json\/wp\/v2\/posts\/25230\/revisions\/25234"}],"wp:featuredmedia":[{"embeddable":true,"href":"https:\/\/staytv.cr\/index.php\/wp-json\/wp\/v2\/media\/25232"}],"wp:attachment":[{"href":"https:\/\/staytv.cr\/index.php\/wp-json\/wp\/v2\/media?parent=25230"}],"wp:term":[{"taxonomy":"category","embeddable":true,"href":"https:\/\/staytv.cr\/index.php\/wp-json\/wp\/v2\/categories?post=25230"},{"taxonomy":"post_tag","embeddable":true,"href":"https:\/\/staytv.cr\/index.php\/wp-json\/wp\/v2\/tags?post=25230"}],"curies":[{"name":"wp","href":"https:\/\/api.w.org\/{rel}","templated":true}]}}