{"id":25283,"date":"2025-11-07T09:12:15","date_gmt":"2025-11-07T15:12:15","guid":{"rendered":"https:\/\/staytv.cr\/?p=25283"},"modified":"2025-11-07T11:54:55","modified_gmt":"2025-11-07T17:54:55","slug":"claudia-scheinbaum-fue-acosada-sexualmente-en-la-calle","status":"publish","type":"post","link":"https:\/\/staytv.cr\/index.php\/2025\/11\/07\/claudia-scheinbaum-fue-acosada-sexualmente-en-la-calle\/","title":{"rendered":"\ud83d\udcf0 \u58a8\u897f\u54e5\u603b\u7edf\u514b\u52b3\u8fea\u5a05\u2022\u8c22\u56e0\u9c8d\u59c6\u906d\u8857\u5934\u6027\u9a9a\u6270 \u5f15\u53d1\u5973\u6027\u6743\u76ca\u4fdd\u62a4\u5173\u6ce8"},"content":{"rendered":"<p>\u58a8\u897f\u54e5\u603b\u7edf\u514b\u52b3\u8fea\u5a05\u2022\u8c22\u56e0\u9c8d\u59c6\u906d\u8857\u5934\u6027\u9a9a\u6270 \u5f15\u53d1\u5168\u56fd\u6cd5\u5f8b\u6539\u9769\u8ba8\u8bba<!--more--><\/p>\n<hr \/>\n<p><iframe title=\"\u58a8\u897f\u54e5\u603b\u7edf\u514b\u52b3\u8fea\u5a05\u2022\u8c22\u56e0\u9c8d\u59c6\u906d\u8857\u5934\u6027\u9a9a\u6270\" width=\"1170\" height=\"658\" data-src=\"https:\/\/www.youtube.com\/embed\/vbEqB-hoYzk?feature=oembed\" frameborder=\"0\" allow=\"accelerometer; autoplay; clipboard-write; encrypted-media; gyroscope; picture-in-picture; web-share\" referrerpolicy=\"strict-origin-when-cross-origin\" allowfullscreen src=\"data:image\/svg+xml;base64,PHN2ZyB3aWR0aD0iMSIgaGVpZ2h0PSIxIiB4bWxucz0iaHR0cDovL3d3dy53My5vcmcvMjAwMC9zdmciPjwvc3ZnPg==\" class=\"lazyload\" data-load-mode=\"1\"><\/iframe><\/p>\n<p data-start=\"460\" data-end=\"586\">\u3010\u65b0\u95fb\u62a5\u9053\u3011\u58a8\u897f\u54e5\u603b\u7edf\u514b\u52b3\u8fea\u5a05\u2022\u8c22\u56e0\u9c8d\u59c6\u8fd1\u65e5\u5728\u58a8\u897f\u54e5\u57ce\u516c\u5f00\u884c\u7a0b\u4e2d\u906d\u9047\u8857\u5934\u6027\u9a9a\u6270\uff0c\u5f15\u53d1\u5168\u56fd\u5173\u4e8e\u5973\u6027\u516c\u5171\u5b89\u5168\u4e0e\u6cd5\u5f8b\u4fdd\u62a4\u7684\u6fc0\u70c8\u8ba8\u8bba\u3002\u4e8b\u4ef6\u53d1\u751f\u5728\u5468\u4e8c\uff0c\u5f53\u65f6\u603b\u7edf\u6b63\u524d\u5f80\u4e00\u573a\u516c\u5f00\u6d3b\u52a8\u5e76\u5728\u56fd\u5bb6\u5bab\u9644\u8fd1\u5411\u652f\u6301\u8005\u81f4\u610f\uff0c\u4e00\u540d\u9189\u9152\u7537\u5b50\u7a81\u7136\u4ece\u80cc\u540e\u9760\u8fd1\uff0c\u8bd5\u56fe\u5bf9\u5979\u5b9e\u65bd\u7325\u4eb5\u5e76\u5f3a\u884c\u4eb2\u543b\u3002<\/p>\n<p data-start=\"588\" data-end=\"700\">\u8b66\u65b9\u5728\u6570\u5c0f\u65f6\u540e\u902e\u6355\u4e86\u5acc\u7591\u7537\u5b50\uff0c\u5e76\u786e\u8ba4\u5176\u5728\u88ad\u51fb\u603b\u7edf\u540e\u7ee7\u7eed\u9a9a\u6270\u5176\u4ed6\u5973\u6027\u3002\u8c22\u56e0\u9c8d\u59c6\u603b\u7edf\u5f3a\u70c8\u8c34\u8d23\u6b64\u884c\u4e3a\uff0c\u5e76\u8868\u793a\uff1a\u201c\u5982\u679c\u8fde\u603b\u7edf\u90fd\u4f1a\u906d\u5230\u8fd9\u79cd\u5bf9\u5f85\uff0c\u5e74\u8f7b\u5973\u6027\u53c8\u5c06\u9762\u5bf9\u600e\u6837\u7684\u73b0\u5b9e\uff1f\u201d\u5979\u5f3a\u8c03\u81ea\u5df1\u4ee5\u201c\u5973\u6027\u201d\u7684\u8eab\u4efd\u63d0\u51fa\u63a7\u8bc9\uff0c\u65e8\u5728\u4e3a\u5168\u58a8\u897f\u54e5\u5973\u6027\u53d1\u58f0\u3002<\/p>\n<p><img decoding=\"async\" data-src=\"https:\/\/media.elobservador.com.uy\/p\/4b88263686d34d53879401d5987553e4\/adjuntos\/367\/imagenes\/100\/689\/0100689083\/1000x0\/smart\/acoso-la-presidenta-mexico-claudia-sheinbaum.jpg\" alt=\"VIDEO | Qui\u00e9n es el hombre que acos\u00f3 a la presidenta de M\u00e9xico, Claudia Sheinbaum\" src=\"data:image\/svg+xml;base64,PHN2ZyB3aWR0aD0iMSIgaGVpZ2h0PSIxIiB4bWxucz0iaHR0cDovL3d3dy53My5vcmcvMjAwMC9zdmciPjwvc3ZnPg==\" class=\"lazyload\" \/><\/p>\n<hr data-start=\"702\" data-end=\"705\" \/>\n<h2 data-start=\"707\" data-end=\"749\">\u58a8\u897f\u54e5\u603b\u7edf\u514b\u52b3\u8fea\u5a05\u2022\u8c22\u56e0\u9c8d\u59c6\u906d\u8857\u5934\u6027\u9a9a\u6270 \u5f15\u53d1\u5973\u6027\u6743\u76ca\u4fdd\u62a4\u5173\u6ce8 \u7684\u6cd5\u5f8b\u6539\u9769\u80cc\u666f<\/h2>\n<p data-start=\"751\" data-end=\"877\">\u4e8b\u53d1\u540e\uff0c\u603b\u7edf\u5ba3\u5e03\u5c06\u4e0b\u4ee4\u5ba1\u67e5\u5168\u56fd\u5404\u5dde\u5211\u6cd5\u4e2d\u5173\u4e8e\u8857\u5934\u6027\u9a9a\u6270\u7684\u89c4\u5b9a\u3002\u76ee\u524d\u58a8\u897f\u54e5\u5404\u5730\u6cd5\u5f8b\u4e0d\u7edf\u4e00\uff0c\u90e8\u5206\u5dde\u5bf9\u6027\u9a9a\u6270\u7684\u5904\u7f5a\u529b\u5ea6\u6781\u4f4e\uff0c\u4f7f\u53d7\u5bb3\u8005\u96be\u4ee5\u83b7\u5f97\u6709\u6548\u4fdd\u62a4\u3002\u6839\u636e\u8054\u5408\u56fd\u5987\u5973\u7f72\u6570\u636e\uff0c\u8d85\u8fc7 70% \u7684\u58a8\u897f\u54e5 15 \u5c81\u4ee5\u4e0a\u5973\u6027\u81f3\u5c11\u7ecf\u5386\u8fc7\u4e00\u6b21\u7c7b\u4f3c\u4fb5\u5bb3\uff0c\u7a81\u663e\u6cd5\u5f8b\u6539\u9769\u7684\u7d27\u8feb\u6027\u3002<\/p>\n<p data-start=\"879\" data-end=\"932\">\u4e13\u5bb6\u6307\u51fa\uff0c\u8bb8\u591a\u5dde\u4ecd\u5c06\u6027\u9a9a\u6270\u89c6\u4e3a\u8f7b\u5fae\u8fdd\u6cd5\u884c\u4e3a\uff0c\u7f3a\u4e4f\u5f3a\u5236\u63aa\u65bd\u4e0e\u660e\u786e\u91cf\u5211\u6807\u51c6\uff0c\u4f7f\u5f97\u9a9a\u6270\u884c\u4e3a\u6781\u6613\u88ab\u5ffd\u89c6\u6216\u4e0d\u4e86\u4e86\u4e4b\u3002<\/p>\n<hr data-start=\"934\" data-end=\"937\" \/>\n<h2 data-start=\"939\" data-end=\"979\">\u58a8\u897f\u54e5\u603b\u7edf\u514b\u52b3\u8fea\u5a05\u2022\u8c22\u56e0\u9c8d\u59c6\u906d\u8857\u5934\u6027\u9a9a\u6270 \u5f15\u53d1\u5973\u6027\u6743\u76ca\u4fdd\u62a4\u5173\u6ce8 \u7684\u5b89\u5168\u4e89\u8bae<\/h2>\n<p data-start=\"981\" data-end=\"1076\">\u8be5\u4e8b\u4ef6\u4e5f\u5f15\u53d1\u5bf9\u603b\u7edf\u5b89\u5168\u9632\u62a4\u5236\u5ea6\u7684\u4e89\u8bba\u3002\u81ea 2019 \u5e74\u8d77\uff0c\u58a8\u897f\u54e5\u5e9f\u9664\u603b\u7edf\u5e9c\u536b\u961f\uff0c\u7531\u4e00\u652f\u65e0\u519b\u8bad\u80cc\u666f\u3001\u65e0\u6b66\u88c5\u7684\u603b\u7edf\u52a9\u624b\u56e2\u961f\u8d1f\u8d23\u4fdd\u62a4\u603b\u7edf\u5b89\u5168\u3002\u591a\u540d\u53cd\u5bf9\u6d3e\u4eba\u58eb\u6279\u8bc4\u73b0\u884c\u6a21\u5f0f\u201c\u4e0d\u8db3\u4ee5\u786e\u4fdd\u56fd\u5bb6\u5143\u9996\u5b89\u5168\u201d\u3002<\/p>\n<p data-start=\"1078\" data-end=\"1140\">\u7136\u800c\u8c22\u56e0\u9c8d\u59c6\u603b\u7edf\u660e\u786e\u8868\u793a\uff0c\u6682\u4e0d\u8003\u8651\u8c03\u6574\u5b89\u4fdd\u7ed3\u6784\uff0c\u5e76\u5f3a\u8c03\u5176\u516c\u5f00\u63a7\u8bc9\u4e0d\u662f\u4e3a\u4e86\u81ea\u8eab\u5b89\u5168\uff0c\u800c\u662f\u4e3a\u4e86\u201c\u8ba9\u6240\u6709\u5973\u6027\u77e5\u9053\uff0c\u5979\u4eec\u5e76\u4e0d\u5b64\u5355\u201d\u3002<\/p>\n<hr data-start=\"1142\" data-end=\"1145\" \/>\n<h2 data-start=\"1147\" data-end=\"1187\">\u58a8\u897f\u54e5\u603b\u7edf\u514b\u52b3\u8fea\u5a05\u2022\u8c22\u56e0\u9c8d\u59c6\u906d\u8857\u5934\u6027\u9a9a\u6270 \u5f15\u53d1\u5973\u6027\u6743\u76ca\u4fdd\u62a4\u5173\u6ce8 \u7684\u793e\u4f1a\u5f71\u54cd<\/h2>\n<p data-start=\"1189\" data-end=\"1300\">\u6b64\u4e8b\u4ef6\u9707\u52a8\u56fd\u5185\u5916\u8206\u8bba\uff0c\u63a8\u52a8\u5bf9\u516c\u5171\u573a\u6240\u5973\u6027\u5b89\u5168\u7684\u518d\u8ba8\u8bba\u3002\u5973\u6027\u7ec4\u7ec7\u5f3a\u8c03\uff0c\u8bb8\u591a\u5973\u6027\u5728\u516c\u5171\u4ea4\u901a\u3001\u8857\u9053\u4e0e\u5de5\u4f5c\u573a\u6240\u9891\u7e41\u906d\u9047\u9a9a\u6270\uff0c\u5374\u82e6\u4e8e\u7f3a\u4e4f\u6709\u6548\u4e3e\u62a5\u673a\u5236\u4e0e\u6cd5\u5f8b\u4fdd\u969c\u3002\u603b\u7edf\u7684\u906d\u9047\u6210\u4e3a\u63a8\u52a8\u6539\u9769\u7684\u89e6\u53d1\u70b9\uff0c\u4f7f\u793e\u4f1a\u5168\u9762\u5ba1\u89c6\u5973\u6027\u9762\u5bf9\u7684\u7ed3\u6784\u6027\u66b4\u529b\u95ee\u9898\u3002<\/p>\n<p data-start=\"1302\" data-end=\"1359\">\u8c22\u56e0\u9c8d\u59c6\u547c\u5401\u5168\u56fd\u793e\u4f1a\u5171\u540c\u52aa\u529b\uff0c\u63a8\u52a8\u6559\u80b2\u6539\u9769\u3001\u516c\u5171\u5b89\u5168\u653f\u7b56\u6539\u8fdb\u53ca\u53f8\u6cd5\u4f53\u7cfb\u5f3a\u5316\uff0c\u4ee5\u521b\u5efa\u4e00\u4e2a\u5973\u6027\u80fd\u591f\u65e0\u60e7\u884c\u8d70\u8857\u5934\u7684\u56fd\u5bb6\u3002<\/p>\n<p data-start=\"1361\" data-end=\"1390\"><strong data-start=\"1361\" data-end=\"1390\">\u9605\u8bfb\u66f4\u591a\u65b0\u95fb\uff0c<a href=\"https:\/\/staytv.cr\/index.php\/category\/mandarin\/\">\u8bf7\u4e0a staytv.cr<\/a>\uff0c\u70b9\u51fb\u8fd9\u91cc\u3002<\/strong><\/p>\n","protected":false},"excerpt":{"rendered":"<p>\u58a8\u897f\u54e5\u603b\u7edf\u514b\u52b3\u8fea\u5a05\u2022\u8c22\u56e0\u9c8d\u59c6\u906d\u8857\u5934\u6027\u9a9a\u6270 \u5f15\u53d1\u5168\u56fd\u6cd5\u5f8b\u6539\u9769\u8ba8\u8bba<\/p>\n","protected":false},"author":10,"featured_media":25284,"comment_status":"open","ping_status":"open","sticky":false,"template":"","format":"standard","meta":{"episode_type":"","audio_file":"","podmotor_file_id":"","podmotor_episode_id":"","cover_image":"","cover_image_id":"","duration":"","filesize":"","filesize_raw":"","date_recorded":"","explicit":"","block":"","itunes_episode_number":"","itunes_title":"","itunes_season_number":"","itunes_episode_type":"","footnotes":""},"categories":[404],"tags":[],"class_list":{"0":"post-25283","1":"post","2":"type-post","3":"status-publish","4":"format-standard","5":"has-post-thumbnail","7":"category-mandarin"},"aioseo_notices":[],"aioseo_head":"\n\t\t<!-- All in One SEO Pro 4.8.3.2 - aioseo.com -->\n\t<meta name=\"description\" content=\"\u58a8\u897f\u54e5\u603b\u7edf\u514b\u52b3\u8fea\u5a05\u2022\u8c22\u56e0\u9c8d\u59c6\u906d\u8857\u5934\u6027\u9a9a\u6270 \u58a8\u897f\u54e5\u603b\u7edf\u514b\u52b3\u8fea\u5a05\u2022\u8c22\u56e0\u9c8d\u59c6\u906d\u8857\u5934\u6027\u9a9a\u6270\uff0c\u5f15\u53d1\u5168\u56fd\u5173\u6ce8\u5e76\u63a8\u52a8\u5ba1\u67e5\u5211\u6cd5\uff0c\u51f8\u663e\u516c\u5171\u573a\u6240\u5973\u6027\u5b89\u5168\u5371\u673a\u53ca\u6cd5\u5f8b\u6539\u9769\u8feb\u5207\u6027\u3002\" \/>\n\t<meta name=\"robots\" content=\"max-image-preview:large\" \/>\n\t<meta name=\"author\" content=\"Diego Molina\"\/>\n\t<link rel=\"canonical\" href=\"https:\/\/staytv.cr\/index.php\/2025\/11\/07\/claudia-scheinbaum-fue-acosada-sexualmente-en-la-calle\/\" \/>\n\t<meta name=\"generator\" content=\"All in One SEO Pro (AIOSEO) 4.8.3.2\" \/>\n\t\t<meta property=\"og:locale\" content=\"es_ES\" \/>\n\t\t<meta property=\"og:site_name\" content=\"Staytv - Medio de comunicaci\u00f3n digital de Costa Rica.\" \/>\n\t\t<meta property=\"og:type\" content=\"article\" \/>\n\t\t<meta property=\"og:title\" content=\"\u58a8\u897f\u54e5\u603b\u7edf\u514b\u52b3\u8fea\u5a05\u2022\u8c22\u56e0\u9c8d\u59c6\u906d\u8857\u5934\u6027\u9a9a\u6270 \u58a8\u897f\u54e5\u603b\u7edf\u514b\u52b3\u8fea\u5a05\u2022\u8c22\u56e0\u9c8d\u59c6\u906d\u8857\u5934\u6027\u9a9a\u6270 \u5f15\u53d1\u5168\u56fd\u6cd5\u5f8b\u6539\u9769\u8ba8\u8bba\" \/>\n\t\t<meta property=\"og:description\" content=\"\u58a8\u897f\u54e5\u603b\u7edf\u514b\u52b3\u8fea\u5a05\u2022\u8c22\u56e0\u9c8d\u59c6\u906d\u8857\u5934\u6027\u9a9a\u6270 \u58a8\u897f\u54e5\u603b\u7edf\u514b\u52b3\u8fea\u5a05\u2022\u8c22\u56e0\u9c8d\u59c6\u906d\u8857\u5934\u6027\u9a9a\u6270\uff0c\u5f15\u53d1\u5168\u56fd\u5173\u6ce8\u5e76\u63a8\u52a8\u5ba1\u67e5\u5211\u6cd5\uff0c\u51f8\u663e\u516c\u5171\u573a\u6240\u5973\u6027\u5b89\u5168\u5371\u673a\u53ca\u6cd5\u5f8b\u6539\u9769\u8feb\u5207\u6027\u3002\" \/>\n\t\t<meta property=\"og:url\" content=\"https:\/\/staytv.cr\/index.php\/2025\/11\/07\/claudia-scheinbaum-fue-acosada-sexualmente-en-la-calle\/\" \/>\n\t\t<meta property=\"og:image\" content=\"https:\/\/staytv.cr\/wp-content\/uploads\/Sin-titulo-2-155.png\" \/>\n\t\t<meta property=\"og:image:secure_url\" content=\"https:\/\/staytv.cr\/wp-content\/uploads\/Sin-titulo-2-155.png\" \/>\n\t\t<meta property=\"og:image:width\" content=\"1280\" \/>\n\t\t<meta property=\"og:image:height\" content=\"720\" \/>\n\t\t<meta property=\"article:published_time\" content=\"2025-11-07T15:12:15+00:00\" \/>\n\t\t<meta property=\"article:modified_time\" content=\"2025-11-07T17:54:55+00:00\" \/>\n\t\t<meta property=\"article:publisher\" content=\"https:\/\/www.facebook.com\/staytvcr\" \/>\n\t\t<meta name=\"twitter:card\" content=\"summary_large_image\" \/>\n\t\t<meta name=\"twitter:title\" content=\"\u58a8\u897f\u54e5\u603b\u7edf\u514b\u52b3\u8fea\u5a05\u2022\u8c22\u56e0\u9c8d\u59c6\u906d\u8857\u5934\u6027\u9a9a\u6270 \u58a8\u897f\u54e5\u603b\u7edf\u514b\u52b3\u8fea\u5a05\u2022\u8c22\u56e0\u9c8d\u59c6\u906d\u8857\u5934\u6027\u9a9a\u6270 \u5f15\u53d1\u5168\u56fd\u6cd5\u5f8b\u6539\u9769\u8ba8\u8bba\" \/>\n\t\t<meta name=\"twitter:description\" content=\"\u58a8\u897f\u54e5\u603b\u7edf\u514b\u52b3\u8fea\u5a05\u2022\u8c22\u56e0\u9c8d\u59c6\u906d\u8857\u5934\u6027\u9a9a\u6270 \u58a8\u897f\u54e5\u603b\u7edf\u514b\u52b3\u8fea\u5a05\u2022\u8c22\u56e0\u9c8d\u59c6\u906d\u8857\u5934\u6027\u9a9a\u6270\uff0c\u5f15\u53d1\u5168\u56fd\u5173\u6ce8\u5e76\u63a8\u52a8\u5ba1\u67e5\u5211\u6cd5\uff0c\u51f8\u663e\u516c\u5171\u573a\u6240\u5973\u6027\u5b89\u5168\u5371\u673a\u53ca\u6cd5\u5f8b\u6539\u9769\u8feb\u5207\u6027\u3002\" \/>\n\t\t<meta name=\"twitter:image\" content=\"https:\/\/staytv.cr\/wp-content\/uploads\/Sin-titulo-2-155.png\" \/>\n\t\t<script type=\"application\/ld+json\" class=\"aioseo-schema\">\n\t\t\t{\"@context\":\"https:\\\/\\\/schema.org\",\"@graph\":[{\"@type\":\"BreadcrumbList\",\"@id\":\"https:\\\/\\\/staytv.cr\\\/index.php\\\/2025\\\/11\\\/07\\\/claudia-scheinbaum-fue-acosada-sexualmente-en-la-calle\\\/#breadcrumblist\",\"itemListElement\":[{\"@type\":\"ListItem\",\"@id\":\"https:\\\/\\\/staytv.cr#listItem\",\"position\":1,\"name\":\"Home\",\"item\":\"https:\\\/\\\/staytv.cr\",\"nextItem\":{\"@type\":\"ListItem\",\"@id\":\"https:\\\/\\\/staytv.cr\\\/index.php\\\/category\\\/mandarin\\\/#listItem\",\"name\":\"Mandar\\u00edn\"}},{\"@type\":\"ListItem\",\"@id\":\"https:\\\/\\\/staytv.cr\\\/index.php\\\/category\\\/mandarin\\\/#listItem\",\"position\":2,\"name\":\"Mandar\\u00edn\",\"item\":\"https:\\\/\\\/staytv.cr\\\/index.php\\\/category\\\/mandarin\\\/\",\"nextItem\":{\"@type\":\"ListItem\",\"@id\":\"https:\\\/\\\/staytv.cr\\\/index.php\\\/2025\\\/11\\\/07\\\/claudia-scheinbaum-fue-acosada-sexualmente-en-la-calle\\\/#listItem\",\"name\":\"\\ud83d\\udcf0 \\u58a8\\u897f\\u54e5\\u603b\\u7edf\\u514b\\u52b3\\u8fea\\u5a05\\u2022\\u8c22\\u56e0\\u9c8d\\u59c6\\u906d\\u8857\\u5934\\u6027\\u9a9a\\u6270 \\u5f15\\u53d1\\u5973\\u6027\\u6743\\u76ca\\u4fdd\\u62a4\\u5173\\u6ce8\"},\"previousItem\":{\"@type\":\"ListItem\",\"@id\":\"https:\\\/\\\/staytv.cr#listItem\",\"name\":\"Home\"}},{\"@type\":\"ListItem\",\"@id\":\"https:\\\/\\\/staytv.cr\\\/index.php\\\/2025\\\/11\\\/07\\\/claudia-scheinbaum-fue-acosada-sexualmente-en-la-calle\\\/#listItem\",\"position\":3,\"name\":\"\\ud83d\\udcf0 \\u58a8\\u897f\\u54e5\\u603b\\u7edf\\u514b\\u52b3\\u8fea\\u5a05\\u2022\\u8c22\\u56e0\\u9c8d\\u59c6\\u906d\\u8857\\u5934\\u6027\\u9a9a\\u6270 \\u5f15\\u53d1\\u5973\\u6027\\u6743\\u76ca\\u4fdd\\u62a4\\u5173\\u6ce8\",\"previousItem\":{\"@type\":\"ListItem\",\"@id\":\"https:\\\/\\\/staytv.cr\\\/index.php\\\/category\\\/mandarin\\\/#listItem\",\"name\":\"Mandar\\u00edn\"}}]},{\"@type\":\"Organization\",\"@id\":\"https:\\\/\\\/staytv.cr\\\/#organization\",\"name\":\"Stay TV\",\"description\":\"Stay TV es un medio digital de noticias con base en Centroam\\u00e9rica, con cobertura local e internacional desde una mirada asi\\u00e1tica.\",\"url\":\"https:\\\/\\\/staytv.cr\\\/\",\"logo\":{\"@type\":\"ImageObject\",\"url\":\"https:\\\/\\\/staytv.cr\\\/wp-content\\\/uploads\\\/cropped-StayTV_logo_oficial_simple.png\",\"@id\":\"https:\\\/\\\/staytv.cr\\\/index.php\\\/2025\\\/11\\\/07\\\/claudia-scheinbaum-fue-acosada-sexualmente-en-la-calle\\\/#organizationLogo\",\"width\":2560,\"height\":769},\"image\":{\"@id\":\"https:\\\/\\\/staytv.cr\\\/index.php\\\/2025\\\/11\\\/07\\\/claudia-scheinbaum-fue-acosada-sexualmente-en-la-calle\\\/#organizationLogo\"},\"sameAs\":[\"https:\\\/\\\/www.instagram.com\\\/staytvcr\\\/\"]},{\"@type\":\"Person\",\"@id\":\"https:\\\/\\\/staytv.cr\\\/index.php\\\/author\\\/diegostaytv\\\/#author\",\"url\":\"https:\\\/\\\/staytv.cr\\\/index.php\\\/author\\\/diegostaytv\\\/\",\"name\":\"Diego Molina\",\"image\":{\"@type\":\"ImageObject\",\"url\":\"https:\\\/\\\/secure.gravatar.com\\\/avatar\\\/7d23cb63381aa64750c7e76727c208369ebd6f2565e9dc4c62e323b1ea59af41?s=96&d=mm&r=g\"}},{\"@type\":\"WebPage\",\"@id\":\"https:\\\/\\\/staytv.cr\\\/index.php\\\/2025\\\/11\\\/07\\\/claudia-scheinbaum-fue-acosada-sexualmente-en-la-calle\\\/#webpage\",\"url\":\"https:\\\/\\\/staytv.cr\\\/index.php\\\/2025\\\/11\\\/07\\\/claudia-scheinbaum-fue-acosada-sexualmente-en-la-calle\\\/\",\"name\":\"\\u58a8\\u897f\\u54e5\\u603b\\u7edf\\u514b\\u52b3\\u8fea\\u5a05\\u2022\\u8c22\\u56e0\\u9c8d\\u59c6\\u906d\\u8857\\u5934\\u6027\\u9a9a\\u6270 \\u58a8\\u897f\\u54e5\\u603b\\u7edf\\u514b\\u52b3\\u8fea\\u5a05\\u2022\\u8c22\\u56e0\\u9c8d\\u59c6\\u906d\\u8857\\u5934\\u6027\\u9a9a\\u6270 \\u5f15\\u53d1\\u5168\\u56fd\\u6cd5\\u5f8b\\u6539\\u9769\\u8ba8\\u8bba\",\"description\":\"\\u58a8\\u897f\\u54e5\\u603b\\u7edf\\u514b\\u52b3\\u8fea\\u5a05\\u2022\\u8c22\\u56e0\\u9c8d\\u59c6\\u906d\\u8857\\u5934\\u6027\\u9a9a\\u6270 \\u58a8\\u897f\\u54e5\\u603b\\u7edf\\u514b\\u52b3\\u8fea\\u5a05\\u2022\\u8c22\\u56e0\\u9c8d\\u59c6\\u906d\\u8857\\u5934\\u6027\\u9a9a\\u6270\\uff0c\\u5f15\\u53d1\\u5168\\u56fd\\u5173\\u6ce8\\u5e76\\u63a8\\u52a8\\u5ba1\\u67e5\\u5211\\u6cd5\\uff0c\\u51f8\\u663e\\u516c\\u5171\\u573a\\u6240\\u5973\\u6027\\u5b89\\u5168\\u5371\\u673a\\u53ca\\u6cd5\\u5f8b\\u6539\\u9769\\u8feb\\u5207\\u6027\\u3002\",\"inLanguage\":\"es-ES\",\"isPartOf\":{\"@id\":\"https:\\\/\\\/staytv.cr\\\/#website\"},\"breadcrumb\":{\"@id\":\"https:\\\/\\\/staytv.cr\\\/index.php\\\/2025\\\/11\\\/07\\\/claudia-scheinbaum-fue-acosada-sexualmente-en-la-calle\\\/#breadcrumblist\"},\"author\":{\"@id\":\"https:\\\/\\\/staytv.cr\\\/index.php\\\/author\\\/diegostaytv\\\/#author\"},\"creator\":{\"@id\":\"https:\\\/\\\/staytv.cr\\\/index.php\\\/author\\\/diegostaytv\\\/#author\"},\"image\":{\"@type\":\"ImageObject\",\"url\":\"https:\\\/\\\/staytv.cr\\\/wp-content\\\/uploads\\\/Sin-titulo-2-155.png\",\"@id\":\"https:\\\/\\\/staytv.cr\\\/index.php\\\/2025\\\/11\\\/07\\\/claudia-scheinbaum-fue-acosada-sexualmente-en-la-calle\\\/#mainImage\",\"width\":1280,\"height\":720,\"caption\":\"\\u58a8\\u897f\\u54e5\\u603b\\u7edf\\u514b\\u52b3\\u8fea\\u5a05\\u2022\\u8c22\\u56e0\\u9c8d\\u59c6\\u906d\\u8857\\u5934\\u6027\\u9a9a\\u6270 \\u65b0\\u95fb\\u73b0\\u573a\"},\"primaryImageOfPage\":{\"@id\":\"https:\\\/\\\/staytv.cr\\\/index.php\\\/2025\\\/11\\\/07\\\/claudia-scheinbaum-fue-acosada-sexualmente-en-la-calle\\\/#mainImage\"},\"datePublished\":\"2025-11-07T09:12:15-06:00\",\"dateModified\":\"2025-11-07T11:54:55-06:00\"},{\"@type\":\"WebSite\",\"@id\":\"https:\\\/\\\/staytv.cr\\\/#website\",\"url\":\"https:\\\/\\\/staytv.cr\\\/\",\"name\":\"Staytv\",\"description\":\"Medio de comunicaci\\u00f3n digital de Costa Rica.\",\"inLanguage\":\"es-ES\",\"publisher\":{\"@id\":\"https:\\\/\\\/staytv.cr\\\/#organization\"}}]}\n\t\t<\/script>\n\t\t<!-- All in One SEO Pro -->\r\n\t\t<title>\u58a8\u897f\u54e5\u603b\u7edf\u514b\u52b3\u8fea\u5a05\u2022\u8c22\u56e0\u9c8d\u59c6\u906d\u8857\u5934\u6027\u9a9a\u6270 \u58a8\u897f\u54e5\u603b\u7edf\u514b\u52b3\u8fea\u5a05\u2022\u8c22\u56e0\u9c8d\u59c6\u906d\u8857\u5934\u6027\u9a9a\u6270 \u5f15\u53d1\u5168\u56fd\u6cd5\u5f8b\u6539\u9769\u8ba8\u8bba<\/title>\n\n","aioseo_head_json":{"title":"\u58a8\u897f\u54e5\u603b\u7edf\u514b\u52b3\u8fea\u5a05\u2022\u8c22\u56e0\u9c8d\u59c6\u906d\u8857\u5934\u6027\u9a9a\u6270 \u58a8\u897f\u54e5\u603b\u7edf\u514b\u52b3\u8fea\u5a05\u2022\u8c22\u56e0\u9c8d\u59c6\u906d\u8857\u5934\u6027\u9a9a\u6270 \u5f15\u53d1\u5168\u56fd\u6cd5\u5f8b\u6539\u9769\u8ba8\u8bba","description":"\u58a8\u897f\u54e5\u603b\u7edf\u514b\u52b3\u8fea\u5a05\u2022\u8c22\u56e0\u9c8d\u59c6\u906d\u8857\u5934\u6027\u9a9a\u6270 \u58a8\u897f\u54e5\u603b\u7edf\u514b\u52b3\u8fea\u5a05\u2022\u8c22\u56e0\u9c8d\u59c6\u906d\u8857\u5934\u6027\u9a9a\u6270\uff0c\u5f15\u53d1\u5168\u56fd\u5173\u6ce8\u5e76\u63a8\u52a8\u5ba1\u67e5\u5211\u6cd5\uff0c\u51f8\u663e\u516c\u5171\u573a\u6240\u5973\u6027\u5b89\u5168\u5371\u673a\u53ca\u6cd5\u5f8b\u6539\u9769\u8feb\u5207\u6027\u3002","canonical_url":"https:\/\/staytv.cr\/index.php\/2025\/11\/07\/claudia-scheinbaum-fue-acosada-sexualmente-en-la-calle\/","robots":"max-image-preview:large","keywords":"","webmasterTools":{"miscellaneous":""},"schema":{"@context":"https:\/\/schema.org","@graph":[{"@type":"BreadcrumbList","@id":"https:\/\/staytv.cr\/index.php\/2025\/11\/07\/claudia-scheinbaum-fue-acosada-sexualmente-en-la-calle\/#breadcrumblist","itemListElement":[{"@type":"ListItem","@id":"https:\/\/staytv.cr#listItem","position":1,"name":"Home","item":"https:\/\/staytv.cr","nextItem":{"@type":"ListItem","@id":"https:\/\/staytv.cr\/index.php\/category\/mandarin\/#listItem","name":"Mandar\u00edn"}},{"@type":"ListItem","@id":"https:\/\/staytv.cr\/index.php\/category\/mandarin\/#listItem","position":2,"name":"Mandar\u00edn","item":"https:\/\/staytv.cr\/index.php\/category\/mandarin\/","nextItem":{"@type":"ListItem","@id":"https:\/\/staytv.cr\/index.php\/2025\/11\/07\/claudia-scheinbaum-fue-acosada-sexualmente-en-la-calle\/#listItem","name":"\ud83d\udcf0 \u58a8\u897f\u54e5\u603b\u7edf\u514b\u52b3\u8fea\u5a05\u2022\u8c22\u56e0\u9c8d\u59c6\u906d\u8857\u5934\u6027\u9a9a\u6270 \u5f15\u53d1\u5973\u6027\u6743\u76ca\u4fdd\u62a4\u5173\u6ce8"},"previousItem":{"@type":"ListItem","@id":"https:\/\/staytv.cr#listItem","name":"Home"}},{"@type":"ListItem","@id":"https:\/\/staytv.cr\/index.php\/2025\/11\/07\/claudia-scheinbaum-fue-acosada-sexualmente-en-la-calle\/#listItem","position":3,"name":"\ud83d\udcf0 \u58a8\u897f\u54e5\u603b\u7edf\u514b\u52b3\u8fea\u5a05\u2022\u8c22\u56e0\u9c8d\u59c6\u906d\u8857\u5934\u6027\u9a9a\u6270 \u5f15\u53d1\u5973\u6027\u6743\u76ca\u4fdd\u62a4\u5173\u6ce8","previousItem":{"@type":"ListItem","@id":"https:\/\/staytv.cr\/index.php\/category\/mandarin\/#listItem","name":"Mandar\u00edn"}}]},{"@type":"Organization","@id":"https:\/\/staytv.cr\/#organization","name":"Stay TV","description":"Stay TV es un medio digital de noticias con base en Centroam\u00e9rica, con cobertura local e internacional desde una mirada asi\u00e1tica.","url":"https:\/\/staytv.cr\/","logo":{"@type":"ImageObject","url":"https:\/\/staytv.cr\/wp-content\/uploads\/cropped-StayTV_logo_oficial_simple.png","@id":"https:\/\/staytv.cr\/index.php\/2025\/11\/07\/claudia-scheinbaum-fue-acosada-sexualmente-en-la-calle\/#organizationLogo","width":2560,"height":769},"image":{"@id":"https:\/\/staytv.cr\/index.php\/2025\/11\/07\/claudia-scheinbaum-fue-acosada-sexualmente-en-la-calle\/#organizationLogo"},"sameAs":["https:\/\/www.instagram.com\/staytvcr\/"]},{"@type":"Person","@id":"https:\/\/staytv.cr\/index.php\/author\/diegostaytv\/#author","url":"https:\/\/staytv.cr\/index.php\/author\/diegostaytv\/","name":"Diego Molina","image":{"@type":"ImageObject","url":"https:\/\/secure.gravatar.com\/avatar\/7d23cb63381aa64750c7e76727c208369ebd6f2565e9dc4c62e323b1ea59af41?s=96&d=mm&r=g"}},{"@type":"WebPage","@id":"https:\/\/staytv.cr\/index.php\/2025\/11\/07\/claudia-scheinbaum-fue-acosada-sexualmente-en-la-calle\/#webpage","url":"https:\/\/staytv.cr\/index.php\/2025\/11\/07\/claudia-scheinbaum-fue-acosada-sexualmente-en-la-calle\/","name":"\u58a8\u897f\u54e5\u603b\u7edf\u514b\u52b3\u8fea\u5a05\u2022\u8c22\u56e0\u9c8d\u59c6\u906d\u8857\u5934\u6027\u9a9a\u6270 \u58a8\u897f\u54e5\u603b\u7edf\u514b\u52b3\u8fea\u5a05\u2022\u8c22\u56e0\u9c8d\u59c6\u906d\u8857\u5934\u6027\u9a9a\u6270 \u5f15\u53d1\u5168\u56fd\u6cd5\u5f8b\u6539\u9769\u8ba8\u8bba","description":"\u58a8\u897f\u54e5\u603b\u7edf\u514b\u52b3\u8fea\u5a05\u2022\u8c22\u56e0\u9c8d\u59c6\u906d\u8857\u5934\u6027\u9a9a\u6270 \u58a8\u897f\u54e5\u603b\u7edf\u514b\u52b3\u8fea\u5a05\u2022\u8c22\u56e0\u9c8d\u59c6\u906d\u8857\u5934\u6027\u9a9a\u6270\uff0c\u5f15\u53d1\u5168\u56fd\u5173\u6ce8\u5e76\u63a8\u52a8\u5ba1\u67e5\u5211\u6cd5\uff0c\u51f8\u663e\u516c\u5171\u573a\u6240\u5973\u6027\u5b89\u5168\u5371\u673a\u53ca\u6cd5\u5f8b\u6539\u9769\u8feb\u5207\u6027\u3002","inLanguage":"es-ES","isPartOf":{"@id":"https:\/\/staytv.cr\/#website"},"breadcrumb":{"@id":"https:\/\/staytv.cr\/index.php\/2025\/11\/07\/claudia-scheinbaum-fue-acosada-sexualmente-en-la-calle\/#breadcrumblist"},"author":{"@id":"https:\/\/staytv.cr\/index.php\/author\/diegostaytv\/#author"},"creator":{"@id":"https:\/\/staytv.cr\/index.php\/author\/diegostaytv\/#author"},"image":{"@type":"ImageObject","url":"https:\/\/staytv.cr\/wp-content\/uploads\/Sin-titulo-2-155.png","@id":"https:\/\/staytv.cr\/index.php\/2025\/11\/07\/claudia-scheinbaum-fue-acosada-sexualmente-en-la-calle\/#mainImage","width":1280,"height":720,"caption":"\u58a8\u897f\u54e5\u603b\u7edf\u514b\u52b3\u8fea\u5a05\u2022\u8c22\u56e0\u9c8d\u59c6\u906d\u8857\u5934\u6027\u9a9a\u6270 \u65b0\u95fb\u73b0\u573a"},"primaryImageOfPage":{"@id":"https:\/\/staytv.cr\/index.php\/2025\/11\/07\/claudia-scheinbaum-fue-acosada-sexualmente-en-la-calle\/#mainImage"},"datePublished":"2025-11-07T09:12:15-06:00","dateModified":"2025-11-07T11:54:55-06:00"},{"@type":"WebSite","@id":"https:\/\/staytv.cr\/#website","url":"https:\/\/staytv.cr\/","name":"Staytv","description":"Medio de comunicaci\u00f3n digital de Costa Rica.","inLanguage":"es-ES","publisher":{"@id":"https:\/\/staytv.cr\/#organization"}}]},"og:locale":"es_ES","og:site_name":"Staytv - Medio de comunicaci\u00f3n digital de Costa Rica.","og:type":"article","og:title":"\u58a8\u897f\u54e5\u603b\u7edf\u514b\u52b3\u8fea\u5a05\u2022\u8c22\u56e0\u9c8d\u59c6\u906d\u8857\u5934\u6027\u9a9a\u6270 \u58a8\u897f\u54e5\u603b\u7edf\u514b\u52b3\u8fea\u5a05\u2022\u8c22\u56e0\u9c8d\u59c6\u906d\u8857\u5934\u6027\u9a9a\u6270 \u5f15\u53d1\u5168\u56fd\u6cd5\u5f8b\u6539\u9769\u8ba8\u8bba","og:description":"\u58a8\u897f\u54e5\u603b\u7edf\u514b\u52b3\u8fea\u5a05\u2022\u8c22\u56e0\u9c8d\u59c6\u906d\u8857\u5934\u6027\u9a9a\u6270 \u58a8\u897f\u54e5\u603b\u7edf\u514b\u52b3\u8fea\u5a05\u2022\u8c22\u56e0\u9c8d\u59c6\u906d\u8857\u5934\u6027\u9a9a\u6270\uff0c\u5f15\u53d1\u5168\u56fd\u5173\u6ce8\u5e76\u63a8\u52a8\u5ba1\u67e5\u5211\u6cd5\uff0c\u51f8\u663e\u516c\u5171\u573a\u6240\u5973\u6027\u5b89\u5168\u5371\u673a\u53ca\u6cd5\u5f8b\u6539\u9769\u8feb\u5207\u6027\u3002","og:url":"https:\/\/staytv.cr\/index.php\/2025\/11\/07\/claudia-scheinbaum-fue-acosada-sexualmente-en-la-calle\/","og:image":"https:\/\/staytv.cr\/wp-content\/uploads\/Sin-titulo-2-155.png","og:image:secure_url":"https:\/\/staytv.cr\/wp-content\/uploads\/Sin-titulo-2-155.png","og:image:width":1280,"og:image:height":720,"article:published_time":"2025-11-07T15:12:15+00:00","article:modified_time":"2025-11-07T17:54:55+00:00","article:publisher":"https:\/\/www.facebook.com\/staytvcr","twitter:card":"summary_large_image","twitter:title":"\u58a8\u897f\u54e5\u603b\u7edf\u514b\u52b3\u8fea\u5a05\u2022\u8c22\u56e0\u9c8d\u59c6\u906d\u8857\u5934\u6027\u9a9a\u6270 \u58a8\u897f\u54e5\u603b\u7edf\u514b\u52b3\u8fea\u5a05\u2022\u8c22\u56e0\u9c8d\u59c6\u906d\u8857\u5934\u6027\u9a9a\u6270 \u5f15\u53d1\u5168\u56fd\u6cd5\u5f8b\u6539\u9769\u8ba8\u8bba","twitter:description":"\u58a8\u897f\u54e5\u603b\u7edf\u514b\u52b3\u8fea\u5a05\u2022\u8c22\u56e0\u9c8d\u59c6\u906d\u8857\u5934\u6027\u9a9a\u6270 \u58a8\u897f\u54e5\u603b\u7edf\u514b\u52b3\u8fea\u5a05\u2022\u8c22\u56e0\u9c8d\u59c6\u906d\u8857\u5934\u6027\u9a9a\u6270\uff0c\u5f15\u53d1\u5168\u56fd\u5173\u6ce8\u5e76\u63a8\u52a8\u5ba1\u67e5\u5211\u6cd5\uff0c\u51f8\u663e\u516c\u5171\u573a\u6240\u5973\u6027\u5b89\u5168\u5371\u673a\u53ca\u6cd5\u5f8b\u6539\u9769\u8feb\u5207\u6027\u3002","twitter:image":"https:\/\/staytv.cr\/wp-content\/uploads\/Sin-titulo-2-155.png"},"aioseo_meta_data":{"post_id":"25283","title":"\u58a8\u897f\u54e5\u603b\u7edf\u514b\u52b3\u8fea\u5a05\u2022\u8c22\u56e0\u9c8d\u59c6\u906d\u8857\u5934\u6027\u9a9a\u6270 \u58a8\u897f\u54e5\u603b\u7edf\u514b\u52b3\u8fea\u5a05\u2022\u8c22\u56e0\u9c8d\u59c6\u906d\u8857\u5934\u6027\u9a9a\u6270 \u5f15\u53d1\u5168\u56fd\u6cd5\u5f8b\u6539\u9769\u8ba8\u8bba","description":"\u58a8\u897f\u54e5\u603b\u7edf\u514b\u52b3\u8fea\u5a05\u2022\u8c22\u56e0\u9c8d\u59c6\u906d\u8857\u5934\u6027\u9a9a\u6270 \u58a8\u897f\u54e5\u603b\u7edf\u514b\u52b3\u8fea\u5a05\u2022\u8c22\u56e0\u9c8d\u59c6\u906d\u8857\u5934\u6027\u9a9a\u6270\uff0c\u5f15\u53d1\u5168\u56fd\u5173\u6ce8\u5e76\u63a8\u52a8\u5ba1\u67e5\u5211\u6cd5\uff0c\u51f8\u663e\u516c\u5171\u573a\u6240\u5973\u6027\u5b89\u5168\u5371\u673a\u53ca\u6cd5\u5f8b\u6539\u9769\u8feb\u5207\u6027\u3002","keywords":null,"keyphrases":{"focus":{"keyphrase":"\u58a8\u897f\u54e5\u603b\u7edf\u514b\u52b3\u8fea\u5a05\u2022\u8c22\u56e0\u9c8d\u59c6\u906d\u8857\u5934\u6027\u9a9a\u6270","score":58,"analysis":{"keyphraseInTitle":{"score":9,"maxScore":9,"error":0},"keyphraseInDescription":{"score":9,"maxScore":9,"error":0},"keyphraseLength":{"score":-999,"maxScore":9,"error":1,"length":0},"keyphraseInURL":{"score":1,"maxScore":5,"error":1},"keyphraseInIntroduction":{"score":9,"maxScore":9,"error":0},"keyphraseInSubHeadings":{"score":3,"maxScore":9,"error":1},"keyphraseInImageAlt":{"score":3,"maxScore":9,"error":1},"keywordDensity":{"type":"high","score":0,"maxScore":9,"error":1}}},"additional":[]},"canonical_url":null,"og_title":null,"og_description":null,"og_object_type":"default","og_image_type":"default","og_image_custom_url":null,"og_image_custom_fields":null,"og_custom_image_width":null,"og_custom_image_height":null,"og_video":"","og_custom_url":null,"og_article_section":null,"og_article_tags":null,"twitter_use_og":true,"twitter_card":"default","twitter_image_type":"default","twitter_image_custom_url":null,"twitter_image_custom_fields":null,"twitter_title":null,"twitter_description":null,"schema_type":null,"schema_type_options":null,"pillar_content":false,"robots_default":true,"robots_noindex":false,"robots_noarchive":false,"robots_nosnippet":false,"robots_nofollow":false,"robots_noimageindex":false,"robots_noodp":false,"robots_notranslate":false,"robots_max_snippet":"-1","robots_max_videopreview":"-1","robots_max_imagepreview":"none","tabs":null,"priority":null,"frequency":"default","local_seo":null,"created":"2025-11-07 14:52:10","updated":"2025-11-07 17:54:55"},"aioseo_breadcrumb":"<div class=\"aioseo-breadcrumbs\"><span class=\"aioseo-breadcrumb\">\n\t<a href=\"https:\/\/staytv.cr\" title=\"Home\">Home<\/a>\n<\/span><span class=\"aioseo-breadcrumb-separator\">&raquo;<\/span><span class=\"aioseo-breadcrumb\">\n\t<a href=\"https:\/\/staytv.cr\/index.php\/category\/mandarin\/\" title=\"Mandar\u00edn\">Mandar\u00edn<\/a>\n<\/span><span class=\"aioseo-breadcrumb-separator\">&raquo;<\/span><span class=\"aioseo-breadcrumb\">\n\t\ud83d\udcf0 \u58a8\u897f\u54e5\u603b\u7edf\u514b\u52b3\u8fea\u5a05\u2022\u8c22\u56e0\u9c8d\u59c6\u906d\u8857\u5934\u6027\u9a9a\u6270 \u5f15\u53d1\u5973\u6027\u6743\u76ca\u4fdd\u62a4\u5173\u6ce8\n<\/span><\/div>","aioseo_breadcrumb_json":[{"label":"Home","link":"https:\/\/staytv.cr"},{"label":"Mandar\u00edn","link":"https:\/\/staytv.cr\/index.php\/category\/mandarin\/"},{"label":"\ud83d\udcf0 \u58a8\u897f\u54e5\u603b\u7edf\u514b\u52b3\u8fea\u5a05\u2022\u8c22\u56e0\u9c8d\u59c6\u906d\u8857\u5934\u6027\u9a9a\u6270 \u5f15\u53d1\u5973\u6027\u6743\u76ca\u4fdd\u62a4\u5173\u6ce8","link":"https:\/\/staytv.cr\/index.php\/2025\/11\/07\/claudia-scheinbaum-fue-acosada-sexualmente-en-la-calle\/"}],"_links":{"self":[{"href":"https:\/\/staytv.cr\/index.php\/wp-json\/wp\/v2\/posts\/25283","targetHints":{"allow":["GET"]}}],"collection":[{"href":"https:\/\/staytv.cr\/index.php\/wp-json\/wp\/v2\/posts"}],"about":[{"href":"https:\/\/staytv.cr\/index.php\/wp-json\/wp\/v2\/types\/post"}],"author":[{"embeddable":true,"href":"https:\/\/staytv.cr\/index.php\/wp-json\/wp\/v2\/users\/10"}],"replies":[{"embeddable":true,"href":"https:\/\/staytv.cr\/index.php\/wp-json\/wp\/v2\/comments?post=25283"}],"version-history":[{"count":2,"href":"https:\/\/staytv.cr\/index.php\/wp-json\/wp\/v2\/posts\/25283\/revisions"}],"predecessor-version":[{"id":25303,"href":"https:\/\/staytv.cr\/index.php\/wp-json\/wp\/v2\/posts\/25283\/revisions\/25303"}],"wp:featuredmedia":[{"embeddable":true,"href":"https:\/\/staytv.cr\/index.php\/wp-json\/wp\/v2\/media\/25284"}],"wp:attachment":[{"href":"https:\/\/staytv.cr\/index.php\/wp-json\/wp\/v2\/media?parent=25283"}],"wp:term":[{"taxonomy":"category","embeddable":true,"href":"https:\/\/staytv.cr\/index.php\/wp-json\/wp\/v2\/categories?post=25283"},{"taxonomy":"post_tag","embeddable":true,"href":"https:\/\/staytv.cr\/index.php\/wp-json\/wp\/v2\/tags?post=25283"}],"curies":[{"name":"wp","href":"https:\/\/api.w.org\/{rel}","templated":true}]}}