{"id":25814,"date":"2025-11-19T10:42:49","date_gmt":"2025-11-19T16:42:49","guid":{"rendered":"https:\/\/staytv.cr\/?p=25814"},"modified":"2025-11-19T10:57:54","modified_gmt":"2025-11-19T16:57:54","slug":"atraso-en-la-recuperacion-de-abastecimiento-aya","status":"publish","type":"post","link":"https:\/\/staytv.cr\/index.php\/2025\/11\/19\/atraso-en-la-recuperacion-de-abastecimiento-aya\/","title":{"rendered":"Atraso en Recuperaci\u00f3n de Abastecimiento AyA por Situaci\u00f3n El\u00e9ctrica"},"content":{"rendered":"<p>Un <strong>atraso en la recuperaci\u00f3n de abastecimiento AyA por situaci\u00f3n el\u00e9ctrica<\/strong> extiende los cortes y afecta a comunidades elevadas y alejadas de Escaz\u00fa, Santa Ana, Alajuelita y la zona sur de Desamparados. El Instituto Costarricense de Acueductos y Alcantarillados (AyA) inform\u00f3 que la situaci\u00f3n se debi\u00f3 a un incidente el\u00e9ctrico durante el mantenimiento preventivo programado para el martes, lo que requiri\u00f3 acci\u00f3n conjunta de la Compa\u00f1\u00eda Nacional de Fuerza y Luz, el proveedor externo y t\u00e9cnicos institucionales.<\/p>\n<h2>Atraso Recuperaci\u00f3n Abastecimiento AyA: Causas del Fallo<\/h2>\n<p>El incidente el\u00e9ctrico oblig\u00f3 a extender las labores de mantenimiento hasta horas de la madrugada, retrasando la reactivaci\u00f3n del sistema de bombeo. Se espera que la normalizaci\u00f3n del servicio ocurra de forma paulatina durante la tarde y noche, y, para algunos sectores, en la madrugada del mi\u00e9rcoles.<\/p>\n<p>Estos trabajos son parte de un mantenimiento preventivo anual que busca mejorar la eficiencia energ\u00e9tica y reducir el riesgo de fallas futuras en el sistema h\u00eddrico nacional.<\/p>\n<h2>Comunidades Afectadas y Respuesta Institucional<\/h2>\n<p>Los sectores m\u00e1s altos y distantes de Escaz\u00fa, Santa Ana, Alajuelita y Desamparados son los m\u00e1s impactados. Para atender las necesidades inmediatas, el AyA mantiene la distribuci\u00f3n de agua potable mediante camiones cisterna en los puntos m\u00e1s cr\u00edticos, priorizando sectores de mayor afectaci\u00f3n.<\/p>\n<p>Autoridades reiteran su compromiso con la modernizaci\u00f3n y confiabilidad de la infraestructura h\u00eddrica, pidiendo comprensi\u00f3n a la ciudadan\u00eda afectada.<\/p>\n<h2>Recomendaciones para Solicitar Abastecimiento de Agua<\/h2>\n<p>El AyA recuerda que cualquier persona que requiera suministro mediante cisterna debe gestionarlo llamando a la l\u00ednea de atenci\u00f3n 800-REPORTE. Este servicio se mantendr\u00e1 durante el tiempo necesario hasta que se normalice completamente el abastecimiento.<\/p>\n<p>La instituci\u00f3n ofrece disculpas y agradece la comprensi\u00f3n de la comunidad mientras finalizan estos trabajos esenciales.<\/p>\n<h2>Cierre<\/h2>\n<p>El <strong>atraso en la recuperaci\u00f3n de abastecimiento AyA por situaci\u00f3n el\u00e9ctrica<\/strong> evidencia la importancia del mantenimiento y modernizaci\u00f3n de la infraestructura para brindar un servicio seguro y continuo. Se insta a la poblaci\u00f3n a mantenerse informada y usar los canales oficiales en caso de requerir apoyo inmediato.<\/p>\n<p>&nbsp;<\/p>\n<p><strong>Enlaces sugeridos:<\/strong><\/p>\n<ul>\n<li>Lea m\u00e1s noticias en <a href=\"https:\/\/staytv.cr\" target=\"_blank\" rel=\"noopener\">staytv.cr<\/a>, da Click AC\u00c1.<\/li>\n<li><a href=\"https:\/\/www.aya.go.cr\" target=\"_blank\" rel=\"noopener\">Instituto Costarricense de Acueductos y Alcantarillados<\/a><\/li>\n<\/ul>\n","protected":false},"excerpt":{"rendered":"<p>Un atraso en la recuperaci\u00f3n de abastecimiento AyA por situaci\u00f3n el\u00e9ctrica extiende los cortes y afecta a comunidades elevadas y alejadas de Escaz\u00fa, Santa Ana, Alajuelita y la zona sur de Desamparados. El Instituto Costarricense de Acueductos y Alcantarillados (AyA) inform\u00f3 que la situaci\u00f3n se debi\u00f3 a un incidente el\u00e9ctrico durante el mantenimiento preventivo programado [&hellip;]<\/p>\n","protected":false},"author":10,"featured_media":25815,"comment_status":"open","ping_status":"open","sticky":false,"template":"","format":"standard","meta":{"episode_type":"","audio_file":"","podmotor_file_id":"","podmotor_episode_id":"","cover_image":"","cover_image_id":"","duration":"","filesize":"","filesize_raw":"","date_recorded":"","explicit":"","block":"","itunes_episode_number":"","itunes_title":"","itunes_season_number":"","itunes_episode_type":"","footnotes":""},"categories":[13],"tags":[],"class_list":{"0":"post-25814","1":"post","2":"type-post","3":"status-publish","4":"format-standard","5":"has-post-thumbnail","7":"category-nacional"},"aioseo_notices":[],"aioseo_head":"\n\t\t<!-- All in One SEO Pro 4.8.3.2 - aioseo.com -->\n\t<meta name=\"description\" content=\"Atraso en la recuperaci\u00f3n del agua por situaci\u00f3n el\u00e9ctrica prolonga cortes en Escaz\u00fa, Santa Ana y \u00e1reas del sur; AyA activa entrega con cisternas.\" \/>\n\t<meta name=\"robots\" content=\"max-image-preview:large\" \/>\n\t<meta name=\"author\" content=\"Diego Molina\"\/>\n\t<link rel=\"canonical\" href=\"https:\/\/staytv.cr\/index.php\/2025\/11\/19\/atraso-en-la-recuperacion-de-abastecimiento-aya\/\" \/>\n\t<meta name=\"generator\" content=\"All in One SEO Pro (AIOSEO) 4.8.3.2\" \/>\n\t\t<meta property=\"og:locale\" content=\"es_ES\" \/>\n\t\t<meta property=\"og:site_name\" content=\"Staytv - Medio de comunicaci\u00f3n digital de Costa Rica.\" \/>\n\t\t<meta property=\"og:type\" content=\"article\" \/>\n\t\t<meta property=\"og:title\" content=\"Atraso en la recuperaci\u00f3n de abastecimiento AyA\" \/>\n\t\t<meta property=\"og:description\" content=\"Atraso en la recuperaci\u00f3n del agua por situaci\u00f3n el\u00e9ctrica prolonga cortes en Escaz\u00fa, Santa Ana y \u00e1reas del sur; AyA activa entrega con cisternas.\" \/>\n\t\t<meta property=\"og:url\" content=\"https:\/\/staytv.cr\/index.php\/2025\/11\/19\/atraso-en-la-recuperacion-de-abastecimiento-aya\/\" \/>\n\t\t<meta property=\"og:image\" content=\"https:\/\/staytv.cr\/wp-content\/uploads\/Sin-titulo-5-154.png\" \/>\n\t\t<meta property=\"og:image:secure_url\" content=\"https:\/\/staytv.cr\/wp-content\/uploads\/Sin-titulo-5-154.png\" \/>\n\t\t<meta property=\"og:image:width\" content=\"1280\" \/>\n\t\t<meta property=\"og:image:height\" content=\"720\" \/>\n\t\t<meta property=\"article:published_time\" content=\"2025-11-19T16:42:49+00:00\" \/>\n\t\t<meta property=\"article:modified_time\" content=\"2025-11-19T16:57:54+00:00\" \/>\n\t\t<meta property=\"article:publisher\" content=\"https:\/\/www.facebook.com\/staytvcr\" \/>\n\t\t<meta name=\"twitter:card\" content=\"summary_large_image\" \/>\n\t\t<meta name=\"twitter:title\" content=\"Atraso en la recuperaci\u00f3n de abastecimiento AyA\" \/>\n\t\t<meta name=\"twitter:description\" content=\"Atraso en la recuperaci\u00f3n del agua por situaci\u00f3n el\u00e9ctrica prolonga cortes en Escaz\u00fa, Santa Ana y \u00e1reas del sur; AyA activa entrega con cisternas.\" \/>\n\t\t<meta name=\"twitter:image\" content=\"https:\/\/staytv.cr\/wp-content\/uploads\/Sin-titulo-5-154.png\" \/>\n\t\t<script type=\"application\/ld+json\" class=\"aioseo-schema\">\n\t\t\t{\"@context\":\"https:\\\/\\\/schema.org\",\"@graph\":[{\"@type\":\"BreadcrumbList\",\"@id\":\"https:\\\/\\\/staytv.cr\\\/index.php\\\/2025\\\/11\\\/19\\\/atraso-en-la-recuperacion-de-abastecimiento-aya\\\/#breadcrumblist\",\"itemListElement\":[{\"@type\":\"ListItem\",\"@id\":\"https:\\\/\\\/staytv.cr#listItem\",\"position\":1,\"name\":\"Home\",\"item\":\"https:\\\/\\\/staytv.cr\",\"nextItem\":{\"@type\":\"ListItem\",\"@id\":\"https:\\\/\\\/staytv.cr\\\/index.php\\\/category\\\/nacional\\\/#listItem\",\"name\":\"NACIONAL\"}},{\"@type\":\"ListItem\",\"@id\":\"https:\\\/\\\/staytv.cr\\\/index.php\\\/category\\\/nacional\\\/#listItem\",\"position\":2,\"name\":\"NACIONAL\",\"item\":\"https:\\\/\\\/staytv.cr\\\/index.php\\\/category\\\/nacional\\\/\",\"nextItem\":{\"@type\":\"ListItem\",\"@id\":\"https:\\\/\\\/staytv.cr\\\/index.php\\\/2025\\\/11\\\/19\\\/atraso-en-la-recuperacion-de-abastecimiento-aya\\\/#listItem\",\"name\":\"Atraso en Recuperaci\\u00f3n de Abastecimiento AyA por Situaci\\u00f3n El\\u00e9ctrica\"},\"previousItem\":{\"@type\":\"ListItem\",\"@id\":\"https:\\\/\\\/staytv.cr#listItem\",\"name\":\"Home\"}},{\"@type\":\"ListItem\",\"@id\":\"https:\\\/\\\/staytv.cr\\\/index.php\\\/2025\\\/11\\\/19\\\/atraso-en-la-recuperacion-de-abastecimiento-aya\\\/#listItem\",\"position\":3,\"name\":\"Atraso en Recuperaci\\u00f3n de Abastecimiento AyA por Situaci\\u00f3n El\\u00e9ctrica\",\"previousItem\":{\"@type\":\"ListItem\",\"@id\":\"https:\\\/\\\/staytv.cr\\\/index.php\\\/category\\\/nacional\\\/#listItem\",\"name\":\"NACIONAL\"}}]},{\"@type\":\"Organization\",\"@id\":\"https:\\\/\\\/staytv.cr\\\/#organization\",\"name\":\"Stay TV\",\"description\":\"Stay TV es un medio digital de noticias con base en Centroam\\u00e9rica, con cobertura local e internacional desde una mirada asi\\u00e1tica.\",\"url\":\"https:\\\/\\\/staytv.cr\\\/\",\"logo\":{\"@type\":\"ImageObject\",\"url\":\"https:\\\/\\\/staytv.cr\\\/wp-content\\\/uploads\\\/cropped-StayTV_logo_oficial_simple.png\",\"@id\":\"https:\\\/\\\/staytv.cr\\\/index.php\\\/2025\\\/11\\\/19\\\/atraso-en-la-recuperacion-de-abastecimiento-aya\\\/#organizationLogo\",\"width\":2560,\"height\":769},\"image\":{\"@id\":\"https:\\\/\\\/staytv.cr\\\/index.php\\\/2025\\\/11\\\/19\\\/atraso-en-la-recuperacion-de-abastecimiento-aya\\\/#organizationLogo\"},\"sameAs\":[\"https:\\\/\\\/www.instagram.com\\\/staytvcr\\\/\"]},{\"@type\":\"Person\",\"@id\":\"https:\\\/\\\/staytv.cr\\\/index.php\\\/author\\\/diegostaytv\\\/#author\",\"url\":\"https:\\\/\\\/staytv.cr\\\/index.php\\\/author\\\/diegostaytv\\\/\",\"name\":\"Diego Molina\",\"image\":{\"@type\":\"ImageObject\",\"url\":\"https:\\\/\\\/secure.gravatar.com\\\/avatar\\\/7d23cb63381aa64750c7e76727c208369ebd6f2565e9dc4c62e323b1ea59af41?s=96&d=mm&r=g\"}},{\"@type\":\"WebPage\",\"@id\":\"https:\\\/\\\/staytv.cr\\\/index.php\\\/2025\\\/11\\\/19\\\/atraso-en-la-recuperacion-de-abastecimiento-aya\\\/#webpage\",\"url\":\"https:\\\/\\\/staytv.cr\\\/index.php\\\/2025\\\/11\\\/19\\\/atraso-en-la-recuperacion-de-abastecimiento-aya\\\/\",\"name\":\"Atraso en la recuperaci\\u00f3n de abastecimiento AyA\",\"description\":\"Atraso en la recuperaci\\u00f3n del agua por situaci\\u00f3n el\\u00e9ctrica prolonga cortes en Escaz\\u00fa, Santa Ana y \\u00e1reas del sur; AyA activa entrega con cisternas.\",\"inLanguage\":\"es-ES\",\"isPartOf\":{\"@id\":\"https:\\\/\\\/staytv.cr\\\/#website\"},\"breadcrumb\":{\"@id\":\"https:\\\/\\\/staytv.cr\\\/index.php\\\/2025\\\/11\\\/19\\\/atraso-en-la-recuperacion-de-abastecimiento-aya\\\/#breadcrumblist\"},\"author\":{\"@id\":\"https:\\\/\\\/staytv.cr\\\/index.php\\\/author\\\/diegostaytv\\\/#author\"},\"creator\":{\"@id\":\"https:\\\/\\\/staytv.cr\\\/index.php\\\/author\\\/diegostaytv\\\/#author\"},\"image\":{\"@type\":\"ImageObject\",\"url\":\"https:\\\/\\\/staytv.cr\\\/wp-content\\\/uploads\\\/Sin-titulo-5-154.png\",\"@id\":\"https:\\\/\\\/staytv.cr\\\/index.php\\\/2025\\\/11\\\/19\\\/atraso-en-la-recuperacion-de-abastecimiento-aya\\\/#mainImage\",\"width\":1280,\"height\":720,\"caption\":\"atraso recuperaci\\u00f3n abastecimiento aya situaci\\u00f3n el\\u00e9ctrica zonas afectadas\"},\"primaryImageOfPage\":{\"@id\":\"https:\\\/\\\/staytv.cr\\\/index.php\\\/2025\\\/11\\\/19\\\/atraso-en-la-recuperacion-de-abastecimiento-aya\\\/#mainImage\"},\"datePublished\":\"2025-11-19T10:42:49-06:00\",\"dateModified\":\"2025-11-19T10:57:54-06:00\"},{\"@type\":\"WebSite\",\"@id\":\"https:\\\/\\\/staytv.cr\\\/#website\",\"url\":\"https:\\\/\\\/staytv.cr\\\/\",\"name\":\"Staytv\",\"description\":\"Medio de comunicaci\\u00f3n digital de Costa Rica.\",\"inLanguage\":\"es-ES\",\"publisher\":{\"@id\":\"https:\\\/\\\/staytv.cr\\\/#organization\"}}]}\n\t\t<\/script>\n\t\t<!-- All in One SEO Pro -->\r\n\t\t<title>Atraso en la recuperaci\u00f3n de abastecimiento AyA<\/title>\n\n","aioseo_head_json":{"title":"Atraso en la recuperaci\u00f3n de abastecimiento AyA","description":"Atraso en la recuperaci\u00f3n del agua por situaci\u00f3n el\u00e9ctrica prolonga cortes en Escaz\u00fa, Santa Ana y \u00e1reas del sur; AyA activa entrega con cisternas.","canonical_url":"https:\/\/staytv.cr\/index.php\/2025\/11\/19\/atraso-en-la-recuperacion-de-abastecimiento-aya\/","robots":"max-image-preview:large","keywords":"","webmasterTools":{"miscellaneous":""},"schema":{"@context":"https:\/\/schema.org","@graph":[{"@type":"BreadcrumbList","@id":"https:\/\/staytv.cr\/index.php\/2025\/11\/19\/atraso-en-la-recuperacion-de-abastecimiento-aya\/#breadcrumblist","itemListElement":[{"@type":"ListItem","@id":"https:\/\/staytv.cr#listItem","position":1,"name":"Home","item":"https:\/\/staytv.cr","nextItem":{"@type":"ListItem","@id":"https:\/\/staytv.cr\/index.php\/category\/nacional\/#listItem","name":"NACIONAL"}},{"@type":"ListItem","@id":"https:\/\/staytv.cr\/index.php\/category\/nacional\/#listItem","position":2,"name":"NACIONAL","item":"https:\/\/staytv.cr\/index.php\/category\/nacional\/","nextItem":{"@type":"ListItem","@id":"https:\/\/staytv.cr\/index.php\/2025\/11\/19\/atraso-en-la-recuperacion-de-abastecimiento-aya\/#listItem","name":"Atraso en Recuperaci\u00f3n de Abastecimiento AyA por Situaci\u00f3n El\u00e9ctrica"},"previousItem":{"@type":"ListItem","@id":"https:\/\/staytv.cr#listItem","name":"Home"}},{"@type":"ListItem","@id":"https:\/\/staytv.cr\/index.php\/2025\/11\/19\/atraso-en-la-recuperacion-de-abastecimiento-aya\/#listItem","position":3,"name":"Atraso en Recuperaci\u00f3n de Abastecimiento AyA por Situaci\u00f3n El\u00e9ctrica","previousItem":{"@type":"ListItem","@id":"https:\/\/staytv.cr\/index.php\/category\/nacional\/#listItem","name":"NACIONAL"}}]},{"@type":"Organization","@id":"https:\/\/staytv.cr\/#organization","name":"Stay TV","description":"Stay TV es un medio digital de noticias con base en Centroam\u00e9rica, con cobertura local e internacional desde una mirada asi\u00e1tica.","url":"https:\/\/staytv.cr\/","logo":{"@type":"ImageObject","url":"https:\/\/staytv.cr\/wp-content\/uploads\/cropped-StayTV_logo_oficial_simple.png","@id":"https:\/\/staytv.cr\/index.php\/2025\/11\/19\/atraso-en-la-recuperacion-de-abastecimiento-aya\/#organizationLogo","width":2560,"height":769},"image":{"@id":"https:\/\/staytv.cr\/index.php\/2025\/11\/19\/atraso-en-la-recuperacion-de-abastecimiento-aya\/#organizationLogo"},"sameAs":["https:\/\/www.instagram.com\/staytvcr\/"]},{"@type":"Person","@id":"https:\/\/staytv.cr\/index.php\/author\/diegostaytv\/#author","url":"https:\/\/staytv.cr\/index.php\/author\/diegostaytv\/","name":"Diego Molina","image":{"@type":"ImageObject","url":"https:\/\/secure.gravatar.com\/avatar\/7d23cb63381aa64750c7e76727c208369ebd6f2565e9dc4c62e323b1ea59af41?s=96&d=mm&r=g"}},{"@type":"WebPage","@id":"https:\/\/staytv.cr\/index.php\/2025\/11\/19\/atraso-en-la-recuperacion-de-abastecimiento-aya\/#webpage","url":"https:\/\/staytv.cr\/index.php\/2025\/11\/19\/atraso-en-la-recuperacion-de-abastecimiento-aya\/","name":"Atraso en la recuperaci\u00f3n de abastecimiento AyA","description":"Atraso en la recuperaci\u00f3n del agua por situaci\u00f3n el\u00e9ctrica prolonga cortes en Escaz\u00fa, Santa Ana y \u00e1reas del sur; AyA activa entrega con cisternas.","inLanguage":"es-ES","isPartOf":{"@id":"https:\/\/staytv.cr\/#website"},"breadcrumb":{"@id":"https:\/\/staytv.cr\/index.php\/2025\/11\/19\/atraso-en-la-recuperacion-de-abastecimiento-aya\/#breadcrumblist"},"author":{"@id":"https:\/\/staytv.cr\/index.php\/author\/diegostaytv\/#author"},"creator":{"@id":"https:\/\/staytv.cr\/index.php\/author\/diegostaytv\/#author"},"image":{"@type":"ImageObject","url":"https:\/\/staytv.cr\/wp-content\/uploads\/Sin-titulo-5-154.png","@id":"https:\/\/staytv.cr\/index.php\/2025\/11\/19\/atraso-en-la-recuperacion-de-abastecimiento-aya\/#mainImage","width":1280,"height":720,"caption":"atraso recuperaci\u00f3n abastecimiento aya situaci\u00f3n el\u00e9ctrica zonas afectadas"},"primaryImageOfPage":{"@id":"https:\/\/staytv.cr\/index.php\/2025\/11\/19\/atraso-en-la-recuperacion-de-abastecimiento-aya\/#mainImage"},"datePublished":"2025-11-19T10:42:49-06:00","dateModified":"2025-11-19T10:57:54-06:00"},{"@type":"WebSite","@id":"https:\/\/staytv.cr\/#website","url":"https:\/\/staytv.cr\/","name":"Staytv","description":"Medio de comunicaci\u00f3n digital de Costa Rica.","inLanguage":"es-ES","publisher":{"@id":"https:\/\/staytv.cr\/#organization"}}]},"og:locale":"es_ES","og:site_name":"Staytv - Medio de comunicaci\u00f3n digital de Costa Rica.","og:type":"article","og:title":"Atraso en la recuperaci\u00f3n de abastecimiento AyA","og:description":"Atraso en la recuperaci\u00f3n del agua por situaci\u00f3n el\u00e9ctrica prolonga cortes en Escaz\u00fa, Santa Ana y \u00e1reas del sur; AyA activa entrega con cisternas.","og:url":"https:\/\/staytv.cr\/index.php\/2025\/11\/19\/atraso-en-la-recuperacion-de-abastecimiento-aya\/","og:image":"https:\/\/staytv.cr\/wp-content\/uploads\/Sin-titulo-5-154.png","og:image:secure_url":"https:\/\/staytv.cr\/wp-content\/uploads\/Sin-titulo-5-154.png","og:image:width":1280,"og:image:height":720,"article:published_time":"2025-11-19T16:42:49+00:00","article:modified_time":"2025-11-19T16:57:54+00:00","article:publisher":"https:\/\/www.facebook.com\/staytvcr","twitter:card":"summary_large_image","twitter:title":"Atraso en la recuperaci\u00f3n de abastecimiento AyA","twitter:description":"Atraso en la recuperaci\u00f3n del agua por situaci\u00f3n el\u00e9ctrica prolonga cortes en Escaz\u00fa, Santa Ana y \u00e1reas del sur; AyA activa entrega con cisternas.","twitter:image":"https:\/\/staytv.cr\/wp-content\/uploads\/Sin-titulo-5-154.png"},"aioseo_meta_data":{"post_id":"25814","title":"Atraso en la recuperaci\u00f3n de abastecimiento AyA","description":"Atraso en la recuperaci\u00f3n del agua por situaci\u00f3n el\u00e9ctrica prolonga cortes en Escaz\u00fa, Santa Ana y \u00e1reas del sur; AyA activa entrega con cisternas.","keywords":null,"keyphrases":{"focus":{"keyphrase":"Atraso en la recuperaci\u00f3n","score":85,"analysis":{"keyphraseInTitle":{"score":9,"maxScore":9,"error":0},"keyphraseInDescription":{"score":9,"maxScore":9,"error":0},"keyphraseLength":{"score":6,"maxScore":9,"error":1,"length":5},"keyphraseInURL":{"score":5,"maxScore":5,"error":0},"keyphraseInIntroduction":{"score":9,"maxScore":9,"error":0},"keyphraseInSubHeadings":{"score":3,"maxScore":9,"error":1},"keyphraseInImageAlt":[],"keywordDensity":{"type":"best","score":9,"maxScore":9,"error":0}}},"additional":[{"keyphrase":"abastecimiento AyA situaci\u00f3n el\u00e9ctrica","score":33,"analysis":{"keyphraseInDescription":{"score":3,"maxScore":9,"error":1},"keyphraseLength":{"score":6,"maxScore":9,"error":1,"length":6},"keyphraseInIntroduction":{"score":3,"maxScore":9,"error":1},"keyphraseInImageAlt":[],"keywordDensity":{"score":0,"type":"low","maxScore":9,"error":1}}}]},"canonical_url":null,"og_title":null,"og_description":null,"og_object_type":"default","og_image_type":"default","og_image_custom_url":null,"og_image_custom_fields":null,"og_custom_image_width":null,"og_custom_image_height":null,"og_video":"","og_custom_url":null,"og_article_section":null,"og_article_tags":null,"twitter_use_og":true,"twitter_card":"default","twitter_image_type":"default","twitter_image_custom_url":null,"twitter_image_custom_fields":null,"twitter_title":null,"twitter_description":null,"schema_type":null,"schema_type_options":null,"pillar_content":false,"robots_default":true,"robots_noindex":false,"robots_noarchive":false,"robots_nosnippet":false,"robots_nofollow":false,"robots_noimageindex":false,"robots_noodp":false,"robots_notranslate":false,"robots_max_snippet":"-1","robots_max_videopreview":"-1","robots_max_imagepreview":"none","tabs":null,"priority":null,"frequency":"default","local_seo":null,"created":"2025-11-19 15:57:26","updated":"2025-11-19 16:57:54"},"aioseo_breadcrumb":"<div class=\"aioseo-breadcrumbs\"><span class=\"aioseo-breadcrumb\">\n\t<a href=\"https:\/\/staytv.cr\" title=\"Home\">Home<\/a>\n<\/span><span class=\"aioseo-breadcrumb-separator\">&raquo;<\/span><span class=\"aioseo-breadcrumb\">\n\t<a href=\"https:\/\/staytv.cr\/index.php\/category\/nacional\/\" title=\"NACIONAL\">NACIONAL<\/a>\n<\/span><span class=\"aioseo-breadcrumb-separator\">&raquo;<\/span><span class=\"aioseo-breadcrumb\">\n\tAtraso en Recuperaci\u00f3n de Abastecimiento AyA por Situaci\u00f3n El\u00e9ctrica\n<\/span><\/div>","aioseo_breadcrumb_json":[{"label":"Home","link":"https:\/\/staytv.cr"},{"label":"NACIONAL","link":"https:\/\/staytv.cr\/index.php\/category\/nacional\/"},{"label":"Atraso en Recuperaci\u00f3n de Abastecimiento AyA por Situaci\u00f3n El\u00e9ctrica","link":"https:\/\/staytv.cr\/index.php\/2025\/11\/19\/atraso-en-la-recuperacion-de-abastecimiento-aya\/"}],"_links":{"self":[{"href":"https:\/\/staytv.cr\/index.php\/wp-json\/wp\/v2\/posts\/25814","targetHints":{"allow":["GET"]}}],"collection":[{"href":"https:\/\/staytv.cr\/index.php\/wp-json\/wp\/v2\/posts"}],"about":[{"href":"https:\/\/staytv.cr\/index.php\/wp-json\/wp\/v2\/types\/post"}],"author":[{"embeddable":true,"href":"https:\/\/staytv.cr\/index.php\/wp-json\/wp\/v2\/users\/10"}],"replies":[{"embeddable":true,"href":"https:\/\/staytv.cr\/index.php\/wp-json\/wp\/v2\/comments?post=25814"}],"version-history":[{"count":1,"href":"https:\/\/staytv.cr\/index.php\/wp-json\/wp\/v2\/posts\/25814\/revisions"}],"predecessor-version":[{"id":25816,"href":"https:\/\/staytv.cr\/index.php\/wp-json\/wp\/v2\/posts\/25814\/revisions\/25816"}],"wp:featuredmedia":[{"embeddable":true,"href":"https:\/\/staytv.cr\/index.php\/wp-json\/wp\/v2\/media\/25815"}],"wp:attachment":[{"href":"https:\/\/staytv.cr\/index.php\/wp-json\/wp\/v2\/media?parent=25814"}],"wp:term":[{"taxonomy":"category","embeddable":true,"href":"https:\/\/staytv.cr\/index.php\/wp-json\/wp\/v2\/categories?post=25814"},{"taxonomy":"post_tag","embeddable":true,"href":"https:\/\/staytv.cr\/index.php\/wp-json\/wp\/v2\/tags?post=25814"}],"curies":[{"name":"wp","href":"https:\/\/api.w.org\/{rel}","templated":true}]}}