{"id":25986,"date":"2025-11-25T09:05:40","date_gmt":"2025-11-25T15:05:40","guid":{"rendered":"https:\/\/staytv.cr\/?p=25986"},"modified":"2025-11-25T09:05:40","modified_gmt":"2025-11-25T15:05:40","slug":"homicidios-en-desamparados","status":"publish","type":"post","link":"https:\/\/staytv.cr\/index.php\/2025\/11\/25\/homicidios-en-desamparados\/","title":{"rendered":"Homicidios en Desamparados y Alajuelita: Dos hombres pierden la vida por balazos"},"content":{"rendered":"<p>Dos hechos de violencia sacudieron la madrugada de este 25 de noviembre de 2025 en la Gran \u00c1rea Metropolitana, dejando como saldo dos hombres fallecidos por impactos de bala. Los <strong>homicidios en Desamparados<\/strong> y Alajuelita han movilizado a las autoridades, que investigan las circunstancias de ambos casos.<\/p>\n<h2>Homicidio en San Rafael, Desamparados<\/h2>\n<p>A la 1:20 a.m., en San Rafael, arriba de Desamparados, un hombre de aproximadamente 25 a\u00f1os perdi\u00f3 la vida tras recibir al menos dos disparos, uno en la sien y otro en el p\u00f3mulo. Las heridas provocaron exposici\u00f3n de masa cef\u00e1lica, caus\u00e1ndole la muerte de manera inmediata. Seg\u00fan informaci\u00f3n preliminar, el m\u00f3vil podr\u00eda ser un ajuste de cuentas.<\/p>\n<p>Personal de la Cruz Roja lleg\u00f3 al sitio y declarou al hombre fallecido. Oficiales de la Fuerza P\u00fablica custodian la escena a la espera de los agentes del Organismo de Investigaci\u00f3n Judicial (OIJ), quienes asumir\u00e1n las investigaciones correspondientes.<\/p>\n<p><iframe title=\"Homicidios en Desamparados y Alajuelita\" width=\"1170\" height=\"878\" data-src=\"https:\/\/www.youtube.com\/embed\/lykLJJCwhRM?feature=oembed\" frameborder=\"0\" allow=\"accelerometer; autoplay; clipboard-write; encrypted-media; gyroscope; picture-in-picture; web-share\" referrerpolicy=\"strict-origin-when-cross-origin\" allowfullscreen src=\"data:image\/svg+xml;base64,PHN2ZyB3aWR0aD0iMSIgaGVpZ2h0PSIxIiB4bWxucz0iaHR0cDovL3d3dy53My5vcmcvMjAwMC9zdmciPjwvc3ZnPg==\" class=\"lazyload\" data-load-mode=\"1\"><\/iframe><\/p>\n<h2>Homicidio en Urbanizaci\u00f3n Tiriv\u00ed, Alajuelita<\/h2>\n<p>En otro hecho violento, un hombre de entre 35 y 40 a\u00f1os fue encontrado sin vida en la Urbanizaci\u00f3n Tiriv\u00ed, Alajuelita, tras recibir al menos seis impactos de bala en la cabeza. Param\u00e9dicos de la Cruz Roja Costarricense acudieron al lugar y lo declararon fallecido en el sitio. La Fuerza P\u00fablica mantiene la escena bajo custodia mientras se espera la llegada del OIJ para el levantamiento del cuerpo y el inicio de las pesquisas.<\/p>\n<p><iframe title=\"Homicidio en Urbanizaci\u00f3n Tiriv\u00ed, Alajuelita\" width=\"1170\" height=\"658\" data-src=\"https:\/\/www.youtube.com\/embed\/yy5g1A_SaYQ?feature=oembed\" frameborder=\"0\" allow=\"accelerometer; autoplay; clipboard-write; encrypted-media; gyroscope; picture-in-picture; web-share\" referrerpolicy=\"strict-origin-when-cross-origin\" allowfullscreen src=\"data:image\/svg+xml;base64,PHN2ZyB3aWR0aD0iMSIgaGVpZ2h0PSIxIiB4bWxucz0iaHR0cDovL3d3dy53My5vcmcvMjAwMC9zdmciPjwvc3ZnPg==\" class=\"lazyload\" data-load-mode=\"1\"><\/iframe><\/p>\n<h2>Contexto de violencia y llamado a la acci\u00f3n<\/h2>\n<p>Estos <strong>homicidios en Desamparados<\/strong> y Alajuelita reflejan la creciente preocupaci\u00f3n por la violencia armada en zonas urbanas de Costa Rica. Las autoridades del OIJ trabajar\u00e1n en determinar las causas y los responsables de ambos cr\u00edmenes, mientras se refuerza la presencia policial en las \u00e1reas afectadas.<\/p>\n<h2>Cierre<\/h2>\n<p>Los tr\u00e1gicos <strong>homicidios en Desamparados<\/strong> y Alajuelita subrayan la urgencia de acciones coordinadas para combatir la violencia y garantizar la seguridad de la ciudadan\u00eda. Las investigaciones del OIJ ser\u00e1n clave para esclarecer estos hechos y llevar a los responsables ante la justicia.<\/p>\n<p>&nbsp;<\/p>\n<p><strong>Enlaces sugeridos:<\/strong><\/p>\n<ul>\n<li>Lea m\u00e1s noticias en <a href=\"https:\/\/staytv.cr\" target=\"_blank\" rel=\"noopener\">staytv.cr<\/a>, da Click AC\u00c1.<\/li>\n<li><a href=\"https:\/\/www.oij.go.cr\/\" target=\"_blank\" rel=\"noopener\">Organismo de Investigaci\u00f3n Judicial (OIJ)<\/a><\/li>\n<\/ul>\n<p>\u00ab`<\/p>\n","protected":false},"excerpt":{"rendered":"<p>Dos hechos de violencia sacudieron la madrugada de este 25 de noviembre de 2025 en la Gran \u00c1rea Metropolitana, dejando como saldo dos hombres fallecidos por impactos de bala. Los homicidios en Desamparados y Alajuelita han movilizado a las autoridades, que investigan las circunstancias de ambos casos. Homicidio en San Rafael, Desamparados A la 1:20 [&hellip;]<\/p>\n","protected":false},"author":10,"featured_media":25987,"comment_status":"open","ping_status":"open","sticky":false,"template":"","format":"standard","meta":{"episode_type":"","audio_file":"","podmotor_file_id":"","podmotor_episode_id":"","cover_image":"","cover_image_id":"","duration":"","filesize":"","filesize_raw":"","date_recorded":"","explicit":"","block":"","itunes_episode_number":"","itunes_title":"","itunes_season_number":"","itunes_episode_type":"","footnotes":""},"categories":[1],"tags":[1765,1762,70,274,1761,171,1760,130,1763,1764,935],"class_list":{"0":"post-25986","1":"post","2":"type-post","3":"status-publish","4":"format-standard","5":"has-post-thumbnail","7":"category-sucesos","8":"tag-ajuste-de-cuentas","9":"tag-alajuelita","10":"tag-costa-rica","11":"tag-cruz-roja","12":"tag-desamparados","13":"tag-fuerza-publica","14":"tag-homicidios","15":"tag-oij","16":"tag-san-rafael","17":"tag-urbanizacion-tirivi","18":"tag-violencia"},"aioseo_notices":[],"aioseo_head":"\n\t\t<!-- All in One SEO Pro 4.8.3.2 - aioseo.com -->\n\t<meta name=\"description\" content=\"Homicidios en Desamparados y Alajuelita: Dos hombres asesinados con impactos de bala en San Rafael y Urbanizaci\u00f3n Tiriv\u00ed. OIJ investiga los casos.\" \/>\n\t<meta name=\"robots\" content=\"max-image-preview:large\" \/>\n\t<meta name=\"author\" content=\"Diego Molina\"\/>\n\t<link rel=\"canonical\" href=\"https:\/\/staytv.cr\/index.php\/2025\/11\/25\/homicidios-en-desamparados\/\" \/>\n\t<meta name=\"generator\" content=\"All in One SEO Pro (AIOSEO) 4.8.3.2\" \/>\n\t\t<meta property=\"og:locale\" content=\"es_ES\" \/>\n\t\t<meta property=\"og:site_name\" content=\"Staytv - Medio de comunicaci\u00f3n digital de Costa Rica.\" \/>\n\t\t<meta property=\"og:type\" content=\"article\" \/>\n\t\t<meta property=\"og:title\" content=\"Homicidios en Desamparados y Alajuelita: Dos hombres pierden la vida por balazos\" \/>\n\t\t<meta property=\"og:description\" content=\"Homicidios en Desamparados y Alajuelita: Dos hombres asesinados con impactos de bala en San Rafael y Urbanizaci\u00f3n Tiriv\u00ed. OIJ investiga los casos.\" \/>\n\t\t<meta property=\"og:url\" content=\"https:\/\/staytv.cr\/index.php\/2025\/11\/25\/homicidios-en-desamparados\/\" \/>\n\t\t<meta property=\"og:image\" content=\"https:\/\/staytv.cr\/wp-content\/uploads\/Sin-titulo-1-174.jpg\" \/>\n\t\t<meta property=\"og:image:secure_url\" content=\"https:\/\/staytv.cr\/wp-content\/uploads\/Sin-titulo-1-174.jpg\" \/>\n\t\t<meta property=\"og:image:width\" content=\"1280\" \/>\n\t\t<meta property=\"og:image:height\" content=\"720\" \/>\n\t\t<meta property=\"article:published_time\" content=\"2025-11-25T15:05:40+00:00\" \/>\n\t\t<meta property=\"article:modified_time\" content=\"2025-11-25T15:05:40+00:00\" \/>\n\t\t<meta property=\"article:publisher\" content=\"https:\/\/www.facebook.com\/staytvcr\" \/>\n\t\t<meta name=\"twitter:card\" content=\"summary_large_image\" \/>\n\t\t<meta name=\"twitter:title\" content=\"Homicidios en Desamparados y Alajuelita: Dos hombres pierden la vida por balazos\" \/>\n\t\t<meta name=\"twitter:description\" content=\"Homicidios en Desamparados y Alajuelita: Dos hombres asesinados con impactos de bala en San Rafael y Urbanizaci\u00f3n Tiriv\u00ed. OIJ investiga los casos.\" \/>\n\t\t<meta name=\"twitter:image\" content=\"https:\/\/staytv.cr\/wp-content\/uploads\/Sin-titulo-1-174.jpg\" \/>\n\t\t<script type=\"application\/ld+json\" class=\"aioseo-schema\">\n\t\t\t{\"@context\":\"https:\\\/\\\/schema.org\",\"@graph\":[{\"@type\":\"BreadcrumbList\",\"@id\":\"https:\\\/\\\/staytv.cr\\\/index.php\\\/2025\\\/11\\\/25\\\/homicidios-en-desamparados\\\/#breadcrumblist\",\"itemListElement\":[{\"@type\":\"ListItem\",\"@id\":\"https:\\\/\\\/staytv.cr#listItem\",\"position\":1,\"name\":\"Home\",\"item\":\"https:\\\/\\\/staytv.cr\",\"nextItem\":{\"@type\":\"ListItem\",\"@id\":\"https:\\\/\\\/staytv.cr\\\/index.php\\\/category\\\/sucesos\\\/#listItem\",\"name\":\"SUCESOS\"}},{\"@type\":\"ListItem\",\"@id\":\"https:\\\/\\\/staytv.cr\\\/index.php\\\/category\\\/sucesos\\\/#listItem\",\"position\":2,\"name\":\"SUCESOS\",\"item\":\"https:\\\/\\\/staytv.cr\\\/index.php\\\/category\\\/sucesos\\\/\",\"nextItem\":{\"@type\":\"ListItem\",\"@id\":\"https:\\\/\\\/staytv.cr\\\/index.php\\\/2025\\\/11\\\/25\\\/homicidios-en-desamparados\\\/#listItem\",\"name\":\"Homicidios en Desamparados y Alajuelita: Dos hombres pierden la vida por balazos\"},\"previousItem\":{\"@type\":\"ListItem\",\"@id\":\"https:\\\/\\\/staytv.cr#listItem\",\"name\":\"Home\"}},{\"@type\":\"ListItem\",\"@id\":\"https:\\\/\\\/staytv.cr\\\/index.php\\\/2025\\\/11\\\/25\\\/homicidios-en-desamparados\\\/#listItem\",\"position\":3,\"name\":\"Homicidios en Desamparados y Alajuelita: Dos hombres pierden la vida por balazos\",\"previousItem\":{\"@type\":\"ListItem\",\"@id\":\"https:\\\/\\\/staytv.cr\\\/index.php\\\/category\\\/sucesos\\\/#listItem\",\"name\":\"SUCESOS\"}}]},{\"@type\":\"Organization\",\"@id\":\"https:\\\/\\\/staytv.cr\\\/#organization\",\"name\":\"Stay TV\",\"description\":\"Stay TV es un medio digital de noticias con base en Centroam\\u00e9rica, con cobertura local e internacional desde una mirada asi\\u00e1tica.\",\"url\":\"https:\\\/\\\/staytv.cr\\\/\",\"logo\":{\"@type\":\"ImageObject\",\"url\":\"https:\\\/\\\/staytv.cr\\\/wp-content\\\/uploads\\\/cropped-StayTV_logo_oficial_simple.png\",\"@id\":\"https:\\\/\\\/staytv.cr\\\/index.php\\\/2025\\\/11\\\/25\\\/homicidios-en-desamparados\\\/#organizationLogo\",\"width\":2560,\"height\":769},\"image\":{\"@id\":\"https:\\\/\\\/staytv.cr\\\/index.php\\\/2025\\\/11\\\/25\\\/homicidios-en-desamparados\\\/#organizationLogo\"},\"sameAs\":[\"https:\\\/\\\/www.instagram.com\\\/staytvcr\\\/\"]},{\"@type\":\"Person\",\"@id\":\"https:\\\/\\\/staytv.cr\\\/index.php\\\/author\\\/diegostaytv\\\/#author\",\"url\":\"https:\\\/\\\/staytv.cr\\\/index.php\\\/author\\\/diegostaytv\\\/\",\"name\":\"Diego Molina\",\"image\":{\"@type\":\"ImageObject\",\"url\":\"https:\\\/\\\/secure.gravatar.com\\\/avatar\\\/7d23cb63381aa64750c7e76727c208369ebd6f2565e9dc4c62e323b1ea59af41?s=96&d=mm&r=g\"}},{\"@type\":\"WebPage\",\"@id\":\"https:\\\/\\\/staytv.cr\\\/index.php\\\/2025\\\/11\\\/25\\\/homicidios-en-desamparados\\\/#webpage\",\"url\":\"https:\\\/\\\/staytv.cr\\\/index.php\\\/2025\\\/11\\\/25\\\/homicidios-en-desamparados\\\/\",\"name\":\"Homicidios en Desamparados y Alajuelita: Dos hombres pierden la vida por balazos\",\"description\":\"Homicidios en Desamparados y Alajuelita: Dos hombres asesinados con impactos de bala en San Rafael y Urbanizaci\\u00f3n Tiriv\\u00ed. OIJ investiga los casos.\",\"inLanguage\":\"es-ES\",\"isPartOf\":{\"@id\":\"https:\\\/\\\/staytv.cr\\\/#website\"},\"breadcrumb\":{\"@id\":\"https:\\\/\\\/staytv.cr\\\/index.php\\\/2025\\\/11\\\/25\\\/homicidios-en-desamparados\\\/#breadcrumblist\"},\"author\":{\"@id\":\"https:\\\/\\\/staytv.cr\\\/index.php\\\/author\\\/diegostaytv\\\/#author\"},\"creator\":{\"@id\":\"https:\\\/\\\/staytv.cr\\\/index.php\\\/author\\\/diegostaytv\\\/#author\"},\"image\":{\"@type\":\"ImageObject\",\"url\":\"https:\\\/\\\/staytv.cr\\\/wp-content\\\/uploads\\\/Sin-titulo-1-174.jpg\",\"@id\":\"https:\\\/\\\/staytv.cr\\\/index.php\\\/2025\\\/11\\\/25\\\/homicidios-en-desamparados\\\/#mainImage\",\"width\":1280,\"height\":720,\"caption\":\"homicidios en Desamparados\"},\"primaryImageOfPage\":{\"@id\":\"https:\\\/\\\/staytv.cr\\\/index.php\\\/2025\\\/11\\\/25\\\/homicidios-en-desamparados\\\/#mainImage\"},\"datePublished\":\"2025-11-25T09:05:40-06:00\",\"dateModified\":\"2025-11-25T09:05:40-06:00\"},{\"@type\":\"WebSite\",\"@id\":\"https:\\\/\\\/staytv.cr\\\/#website\",\"url\":\"https:\\\/\\\/staytv.cr\\\/\",\"name\":\"Staytv\",\"description\":\"Medio de comunicaci\\u00f3n digital de Costa Rica.\",\"inLanguage\":\"es-ES\",\"publisher\":{\"@id\":\"https:\\\/\\\/staytv.cr\\\/#organization\"}}]}\n\t\t<\/script>\n\t\t<!-- All in One SEO Pro -->\r\n\t\t<title>Homicidios en Desamparados y Alajuelita: Dos hombres pierden la vida por balazos<\/title>\n\n","aioseo_head_json":{"title":"Homicidios en Desamparados y Alajuelita: Dos hombres pierden la vida por balazos","description":"Homicidios en Desamparados y Alajuelita: Dos hombres asesinados con impactos de bala en San Rafael y Urbanizaci\u00f3n Tiriv\u00ed. OIJ investiga los casos.","canonical_url":"https:\/\/staytv.cr\/index.php\/2025\/11\/25\/homicidios-en-desamparados\/","robots":"max-image-preview:large","keywords":"","webmasterTools":{"miscellaneous":""},"schema":{"@context":"https:\/\/schema.org","@graph":[{"@type":"BreadcrumbList","@id":"https:\/\/staytv.cr\/index.php\/2025\/11\/25\/homicidios-en-desamparados\/#breadcrumblist","itemListElement":[{"@type":"ListItem","@id":"https:\/\/staytv.cr#listItem","position":1,"name":"Home","item":"https:\/\/staytv.cr","nextItem":{"@type":"ListItem","@id":"https:\/\/staytv.cr\/index.php\/category\/sucesos\/#listItem","name":"SUCESOS"}},{"@type":"ListItem","@id":"https:\/\/staytv.cr\/index.php\/category\/sucesos\/#listItem","position":2,"name":"SUCESOS","item":"https:\/\/staytv.cr\/index.php\/category\/sucesos\/","nextItem":{"@type":"ListItem","@id":"https:\/\/staytv.cr\/index.php\/2025\/11\/25\/homicidios-en-desamparados\/#listItem","name":"Homicidios en Desamparados y Alajuelita: Dos hombres pierden la vida por balazos"},"previousItem":{"@type":"ListItem","@id":"https:\/\/staytv.cr#listItem","name":"Home"}},{"@type":"ListItem","@id":"https:\/\/staytv.cr\/index.php\/2025\/11\/25\/homicidios-en-desamparados\/#listItem","position":3,"name":"Homicidios en Desamparados y Alajuelita: Dos hombres pierden la vida por balazos","previousItem":{"@type":"ListItem","@id":"https:\/\/staytv.cr\/index.php\/category\/sucesos\/#listItem","name":"SUCESOS"}}]},{"@type":"Organization","@id":"https:\/\/staytv.cr\/#organization","name":"Stay TV","description":"Stay TV es un medio digital de noticias con base en Centroam\u00e9rica, con cobertura local e internacional desde una mirada asi\u00e1tica.","url":"https:\/\/staytv.cr\/","logo":{"@type":"ImageObject","url":"https:\/\/staytv.cr\/wp-content\/uploads\/cropped-StayTV_logo_oficial_simple.png","@id":"https:\/\/staytv.cr\/index.php\/2025\/11\/25\/homicidios-en-desamparados\/#organizationLogo","width":2560,"height":769},"image":{"@id":"https:\/\/staytv.cr\/index.php\/2025\/11\/25\/homicidios-en-desamparados\/#organizationLogo"},"sameAs":["https:\/\/www.instagram.com\/staytvcr\/"]},{"@type":"Person","@id":"https:\/\/staytv.cr\/index.php\/author\/diegostaytv\/#author","url":"https:\/\/staytv.cr\/index.php\/author\/diegostaytv\/","name":"Diego Molina","image":{"@type":"ImageObject","url":"https:\/\/secure.gravatar.com\/avatar\/7d23cb63381aa64750c7e76727c208369ebd6f2565e9dc4c62e323b1ea59af41?s=96&d=mm&r=g"}},{"@type":"WebPage","@id":"https:\/\/staytv.cr\/index.php\/2025\/11\/25\/homicidios-en-desamparados\/#webpage","url":"https:\/\/staytv.cr\/index.php\/2025\/11\/25\/homicidios-en-desamparados\/","name":"Homicidios en Desamparados y Alajuelita: Dos hombres pierden la vida por balazos","description":"Homicidios en Desamparados y Alajuelita: Dos hombres asesinados con impactos de bala en San Rafael y Urbanizaci\u00f3n Tiriv\u00ed. OIJ investiga los casos.","inLanguage":"es-ES","isPartOf":{"@id":"https:\/\/staytv.cr\/#website"},"breadcrumb":{"@id":"https:\/\/staytv.cr\/index.php\/2025\/11\/25\/homicidios-en-desamparados\/#breadcrumblist"},"author":{"@id":"https:\/\/staytv.cr\/index.php\/author\/diegostaytv\/#author"},"creator":{"@id":"https:\/\/staytv.cr\/index.php\/author\/diegostaytv\/#author"},"image":{"@type":"ImageObject","url":"https:\/\/staytv.cr\/wp-content\/uploads\/Sin-titulo-1-174.jpg","@id":"https:\/\/staytv.cr\/index.php\/2025\/11\/25\/homicidios-en-desamparados\/#mainImage","width":1280,"height":720,"caption":"homicidios en Desamparados"},"primaryImageOfPage":{"@id":"https:\/\/staytv.cr\/index.php\/2025\/11\/25\/homicidios-en-desamparados\/#mainImage"},"datePublished":"2025-11-25T09:05:40-06:00","dateModified":"2025-11-25T09:05:40-06:00"},{"@type":"WebSite","@id":"https:\/\/staytv.cr\/#website","url":"https:\/\/staytv.cr\/","name":"Staytv","description":"Medio de comunicaci\u00f3n digital de Costa Rica.","inLanguage":"es-ES","publisher":{"@id":"https:\/\/staytv.cr\/#organization"}}]},"og:locale":"es_ES","og:site_name":"Staytv - Medio de comunicaci\u00f3n digital de Costa Rica.","og:type":"article","og:title":"Homicidios en Desamparados y Alajuelita: Dos hombres pierden la vida por balazos","og:description":"Homicidios en Desamparados y Alajuelita: Dos hombres asesinados con impactos de bala en San Rafael y Urbanizaci\u00f3n Tiriv\u00ed. OIJ investiga los casos.","og:url":"https:\/\/staytv.cr\/index.php\/2025\/11\/25\/homicidios-en-desamparados\/","og:image":"https:\/\/staytv.cr\/wp-content\/uploads\/Sin-titulo-1-174.jpg","og:image:secure_url":"https:\/\/staytv.cr\/wp-content\/uploads\/Sin-titulo-1-174.jpg","og:image:width":1280,"og:image:height":720,"article:published_time":"2025-11-25T15:05:40+00:00","article:modified_time":"2025-11-25T15:05:40+00:00","article:publisher":"https:\/\/www.facebook.com\/staytvcr","twitter:card":"summary_large_image","twitter:title":"Homicidios en Desamparados y Alajuelita: Dos hombres pierden la vida por balazos","twitter:description":"Homicidios en Desamparados y Alajuelita: Dos hombres asesinados con impactos de bala en San Rafael y Urbanizaci\u00f3n Tiriv\u00ed. OIJ investiga los casos.","twitter:image":"https:\/\/staytv.cr\/wp-content\/uploads\/Sin-titulo-1-174.jpg"},"aioseo_meta_data":{"post_id":"25986","title":"Homicidios en Desamparados y Alajuelita: Dos hombres pierden la vida por balazos","description":"Homicidios en Desamparados y Alajuelita: Dos hombres asesinados con impactos de bala en San Rafael y Urbanizaci\u00f3n Tiriv\u00ed. OIJ investiga los casos.","keywords":null,"keyphrases":{"focus":{"keyphrase":"homicidios en Desamparados","score":83,"analysis":{"keyphraseInTitle":{"score":9,"maxScore":9,"error":0},"keyphraseInDescription":{"score":9,"maxScore":9,"error":0},"keyphraseLength":{"score":9,"maxScore":9,"error":0,"length":3},"keyphraseInURL":{"score":1,"maxScore":5,"error":1},"keyphraseInIntroduction":{"score":9,"maxScore":9,"error":0},"keyphraseInSubHeadings":{"score":3,"maxScore":9,"error":1},"keyphraseInImageAlt":[],"keywordDensity":{"type":"best","score":9,"maxScore":9,"error":0}}},"additional":[]},"canonical_url":null,"og_title":null,"og_description":null,"og_object_type":"default","og_image_type":"default","og_image_custom_url":null,"og_image_custom_fields":null,"og_custom_image_width":null,"og_custom_image_height":null,"og_video":"","og_custom_url":null,"og_article_section":null,"og_article_tags":null,"twitter_use_og":true,"twitter_card":"default","twitter_image_type":"default","twitter_image_custom_url":null,"twitter_image_custom_fields":null,"twitter_title":null,"twitter_description":null,"schema_type":null,"schema_type_options":null,"pillar_content":false,"robots_default":true,"robots_noindex":false,"robots_noarchive":false,"robots_nosnippet":false,"robots_nofollow":false,"robots_noimageindex":false,"robots_noodp":false,"robots_notranslate":false,"robots_max_snippet":"-1","robots_max_videopreview":"-1","robots_max_imagepreview":"none","tabs":null,"priority":null,"frequency":"default","local_seo":null,"created":"2025-11-25 14:43:06","updated":"2025-11-25 15:05:40"},"aioseo_breadcrumb":"<div class=\"aioseo-breadcrumbs\"><span class=\"aioseo-breadcrumb\">\n\t<a href=\"https:\/\/staytv.cr\" title=\"Home\">Home<\/a>\n<\/span><span class=\"aioseo-breadcrumb-separator\">&raquo;<\/span><span class=\"aioseo-breadcrumb\">\n\t<a href=\"https:\/\/staytv.cr\/index.php\/category\/sucesos\/\" title=\"SUCESOS\">SUCESOS<\/a>\n<\/span><span class=\"aioseo-breadcrumb-separator\">&raquo;<\/span><span class=\"aioseo-breadcrumb\">\n\tHomicidios en Desamparados y Alajuelita: Dos hombres pierden la vida por balazos\n<\/span><\/div>","aioseo_breadcrumb_json":[{"label":"Home","link":"https:\/\/staytv.cr"},{"label":"SUCESOS","link":"https:\/\/staytv.cr\/index.php\/category\/sucesos\/"},{"label":"Homicidios en Desamparados y Alajuelita: Dos hombres pierden la vida por balazos","link":"https:\/\/staytv.cr\/index.php\/2025\/11\/25\/homicidios-en-desamparados\/"}],"_links":{"self":[{"href":"https:\/\/staytv.cr\/index.php\/wp-json\/wp\/v2\/posts\/25986","targetHints":{"allow":["GET"]}}],"collection":[{"href":"https:\/\/staytv.cr\/index.php\/wp-json\/wp\/v2\/posts"}],"about":[{"href":"https:\/\/staytv.cr\/index.php\/wp-json\/wp\/v2\/types\/post"}],"author":[{"embeddable":true,"href":"https:\/\/staytv.cr\/index.php\/wp-json\/wp\/v2\/users\/10"}],"replies":[{"embeddable":true,"href":"https:\/\/staytv.cr\/index.php\/wp-json\/wp\/v2\/comments?post=25986"}],"version-history":[{"count":1,"href":"https:\/\/staytv.cr\/index.php\/wp-json\/wp\/v2\/posts\/25986\/revisions"}],"predecessor-version":[{"id":25988,"href":"https:\/\/staytv.cr\/index.php\/wp-json\/wp\/v2\/posts\/25986\/revisions\/25988"}],"wp:featuredmedia":[{"embeddable":true,"href":"https:\/\/staytv.cr\/index.php\/wp-json\/wp\/v2\/media\/25987"}],"wp:attachment":[{"href":"https:\/\/staytv.cr\/index.php\/wp-json\/wp\/v2\/media?parent=25986"}],"wp:term":[{"taxonomy":"category","embeddable":true,"href":"https:\/\/staytv.cr\/index.php\/wp-json\/wp\/v2\/categories?post=25986"},{"taxonomy":"post_tag","embeddable":true,"href":"https:\/\/staytv.cr\/index.php\/wp-json\/wp\/v2\/tags?post=25986"}],"curies":[{"name":"wp","href":"https:\/\/api.w.org\/{rel}","templated":true}]}}