{"id":26137,"date":"2025-12-02T09:17:15","date_gmt":"2025-12-02T15:17:15","guid":{"rendered":"https:\/\/staytv.cr\/?p=26137"},"modified":"2025-12-30T23:29:49","modified_gmt":"2025-12-31T05:29:49","slug":"cuidado-personal-sostenible-soulkind","status":"publish","type":"post","link":"https:\/\/staytv.cr\/index.php\/2025\/12\/02\/cuidado-personal-sostenible-soulkind\/","title":{"rendered":"Cuidado personal sostenible: la filosof\u00eda de SoulKind para sanar desde adentro"},"content":{"rendered":"<p>\u00bfHace cu\u00e1nto tiempo no tienes una conversaci\u00f3n sincera contigo misma? En esta era de ritmo fren\u00e9tico, vivimos corriendo detr\u00e1s del trabajo, mientras rara vez nos detenemos a preguntar: \u201c\u00bfEst\u00e1s bien?\u201d<\/p>\n<p>Doris, la visionaria fundadora de SoulKind, alguna vez desempe\u00f1\u00f3 un alto cargo como directora de marketing en una empresa multinacional cotizada. A\u00f1os de presi\u00f3n constante la hicieron sentirse como una m\u00e1quina sin alma. Fue hasta que su cuerpo lanz\u00f3 se\u00f1ales de alerta que decidi\u00f3 hacer una pausa introspectiva. \u201cEn ese momento supe que no pod\u00eda seguir as\u00ed\u201d, recuerda en una entrevista \u00edntima en el podcast \u2018Negocios Conscientes\u2019. Renunci\u00f3 a su puesto corporativo, se refugi\u00f3 entre monta\u00f1as verdes, se form\u00f3 en aromaterapia y meditaci\u00f3n, y comenz\u00f3 a reconstruir la conexi\u00f3n con su esencia.<\/p>\n<p>\u201cEl verdadero cuidado personal comienza por tratarse con cari\u00f1o y respeto.\u201d Este despertar interior se convirti\u00f3 en la semilla de lo que hoy es SoulKind: una marca de cosm\u00e9tica org\u00e1nica que fusiona el self-care con pr\u00e1cticas sostenibles, cultivando bienestar desde adentro hacia afuera.<\/p>\n<p>Para Doris, cada persona es su propio ecosistema, tan delicado y valioso como el planeta mismo. Cuando nos consumimos sin tregua, la armon\u00eda f\u00edsica y emocional se rompe. Aprender a cuidarse es el primer paso hacia un estado de plenitud vibrante. Para ella, la sostenibilidad no se limita al reciclaje; es una filosof\u00eda que se entreteje en cada decisi\u00f3n cotidiana, desde el cuerpo hasta el estilo de vida.<\/p>\n<p>Con esa convicci\u00f3n, SoulKind desarroll\u00f3 una l\u00ednea refinada de productos de ba\u00f1o usando su exclusiva tecnolog\u00eda \u201csin diluci\u00f3n<img decoding=\"async\" class=\"wp-smiley lazyload\" style=\"height: 1em; max-height: 1em;\" data-src=\"https:\/\/s.w.org\/images\/core\/emoji\/16.0.1\/72x72\/2122.png\" alt=\"\u2122\" src=\"data:image\/svg+xml;base64,PHN2ZyB3aWR0aD0iMSIgaGVpZ2h0PSIxIiB4bWxucz0iaHR0cDovL3d3dy53My5vcmcvMjAwMC9zdmciPjwvc3ZnPg==\" \/>\u201d, eliminando por completo el uso de agua en sus f\u00f3rmulas. En su lugar, utiliza hidrosol de rosa org\u00e1nica y glicerina vegetal, reduciendo el desperdicio h\u00eddrico y la huella de carbono. M\u00e1s del 98% de sus ingredientes son de origen natural y se presentan en elegantes envases de aluminio reciclable, reafirmando el compromiso por una belleza que honra tanto al cuerpo como al planeta.<\/p>\n<div id=\"attachment_19824\" class=\"wp-caption alignnone\" style=\"width: 1034px;\">\n<p><img decoding=\"async\" class=\"wp-image-19824 size-large lazyload\" title=\"SoulKind Real \u6f54\u984f\u7cbe\u7cb9\u3001Real \u6c90\u6d74\u7cbe\u7cb9\u4ee5\u300c\u96f6\u7a00\u91cb\u2122\u6280\u8853\u300d\u8207\u7d14\u92c1\u5305\u88dd\u6253\u9020\uff0c\u5f9e\u6210\u5206\u5230\u5305\u6750\u90fd\u8cab\u5fb9\u300c\u5c0d\u81ea\u5df1\u597d\uff0c\u4e5f\u5c0d\u5730\u7403\u597d\u300d\u7684\u7406\u5ff5\u3002(\u5716SoulKind\u63d0\u4f9b)\" data-src=\"https:\/\/ilady.life\/wp-content\/uploads\/2025\/11\/f4c9db0b7c-1024x768.webp\" data-sizes=\"auto\" data-srcset=\"https:\/\/ilady.life\/wp-content\/uploads\/2025\/11\/f4c9db0b7c-1024x768.webp 1024w, https:\/\/ilady.life\/wp-content\/uploads\/2025\/11\/f4c9db0b7c-300x225.webp 300w, https:\/\/ilady.life\/wp-content\/uploads\/2025\/11\/f4c9db0b7c-768x576.webp 768w, https:\/\/ilady.life\/wp-content\/uploads\/2025\/11\/f4c9db0b7c-1536x1152.webp 1536w, https:\/\/ilady.life\/wp-content\/uploads\/2025\/11\/f4c9db0b7c-1170x878.webp 1170w, https:\/\/ilady.life\/wp-content\/uploads\/2025\/11\/f4c9db0b7c-585x439.webp 585w, https:\/\/ilady.life\/wp-content\/uploads\/2025\/11\/f4c9db0b7c.webp 1600w\" alt=\"SoulKind Real \u6f54\u984f\u7cbe\u7cb9\u3001Real \u6c90\u6d74\u7cbe\u7cb9\u4ee5\u300c\u96f6\u7a00\u91cb\u2122\u6280\u8853\u300d\u8207\u7d14\u92c1\u5305\u88dd\u6253\u9020\uff0c\u5f9e\u6210\u5206\u5230\u5305\u6750\u90fd\u8cab\u5fb9\u300c\u5c0d\u81ea\u5df1\u597d\uff0c\u4e5f\u5c0d\u5730\u7403\u597d\u300d\u7684\u7406\u5ff5\u3002\" width=\"1024\" height=\"768\" aria-describedby=\"caption-attachment-19824\" src=\"data:image\/svg+xml;base64,PHN2ZyB3aWR0aD0iMSIgaGVpZ2h0PSIxIiB4bWxucz0iaHR0cDovL3d3dy53My5vcmcvMjAwMC9zdmciPjwvc3ZnPg==\" style=\"--smush-placeholder-width: 1024px; --smush-placeholder-aspect-ratio: 1024\/768;\" data-original-sizes=\"auto, (max-width: 1024px) 100vw, 1024px\" \/><\/p>\n<p id=\"caption-attachment-19824\" class=\"wp-caption-text\">SoulKind Real Limpiador y Gel de Ducha nacen con la innovadora tecnolog\u00eda \u201csin diluci\u00f3n<img decoding=\"async\" class=\"wp-smiley lazyload\" style=\"height: 1em; max-height: 1em;\" data-src=\"https:\/\/s.w.org\/images\/core\/emoji\/16.0.1\/72x72\/2122.png\" alt=\"\u2122\" src=\"data:image\/svg+xml;base64,PHN2ZyB3aWR0aD0iMSIgaGVpZ2h0PSIxIiB4bWxucz0iaHR0cDovL3d3dy53My5vcmcvMjAwMC9zdmciPjwvc3ZnPg==\" \/>\u201d y envases de aluminio puro, fieles al esp\u00edritu de ser buenos con uno mismo y con el planeta. (Foto cortes\u00eda de SoulKind)<\/p>\n<\/div>\n<p>Abrazar la sostenibilidad no es un camino sencillo. Doris comparte: \u201cM\u00e1s adelante descubr\u00ed que en Taiw\u00e1n casi no hay f\u00e1bricas capacitadas para procesar tubos de aluminio puro como los que usamos. La mayor\u00eda ha migrado al uso de envases de aluminio pl\u00e1stico, m\u00e1s econ\u00f3micos y f\u00e1ciles de producir. Pero la sostenibilidad no puede ser solo un eslogan; si uno cree en ella, hay que defenderla con convicci\u00f3n\u201d.<\/p>\n<p>Tras m\u00e1s de un a\u00f1o de investigaci\u00f3n artesanal, hoy SoulKind presenta con orgullo su l\u00ednea Real: f\u00f3rmulas conscientes y empaques elegantes que materializan la filosof\u00eda de cuidarse mientras se cuida la Tierra. Con autoconciencia, Doris super\u00f3 el agotamiento moderno y, a trav\u00e9s de <a href=\"https:\/\/www.soulkind.com.tw\/\">SoulKind<\/a>, invita a transformar cada acto de cuidado personal en una declaraci\u00f3n diaria de amor propio y respeto por el entorno.<\/p>\n<p>&nbsp;<\/p>\n<p>The post <a href=\"https:\/\/ilady.life\/%e5%be%9e%e9%ab%98%e5%a3%93%e8%81%b7%e5%a0%b4%e5%88%b0%e8%87%aa%e6%88%91%e8%a6%ba%e5%af%9f%ef%bc%9asoulkind-%e5%89%b5%e8%be%a6%e4%ba%ba-doris-%e4%bb%a5%e6%b0%b8%e7%ba%8c%e4%bf%9d%e9%a4%8a%e5%af%a6\/\">Del caos corporativo al despertar interior: Doris, fundadora de SoulKind, redefine el equilibrio cuerpo-mente con belleza sostenible<\/a> first appeared on <a href=\"https:\/\/ilady.life\">iLady \u611b\u5973\u4e5f\uff5c\u570b\u969b\u5973\u6027\u5a92\u9ad4 &#8211; \u65e5\u65e5\u70ba\u59b3\u6dfb\u4e00\u9ede\u611b<\/a>.<\/p>\n","protected":false},"excerpt":{"rendered":"<p>\u00bfHace cu\u00e1nto tiempo no tienes una conversaci\u00f3n sincera contigo misma? En esta era de ritmo fren\u00e9tico, vivimos corriendo detr\u00e1s del trabajo, mientras rara vez nos detenemos a preguntar: \u201c\u00bfEst\u00e1s bien?\u201d Doris, la visionaria fundadora de SoulKind, alguna vez desempe\u00f1\u00f3 un alto cargo como directora de marketing en una empresa multinacional cotizada. A\u00f1os de presi\u00f3n constante [&hellip;]<\/p>\n","protected":false},"author":16,"featured_media":26227,"comment_status":"open","ping_status":"open","sticky":false,"template":"","format":"standard","meta":{"episode_type":"","audio_file":"","podmotor_file_id":"","podmotor_episode_id":"","cover_image":"","cover_image_id":"","duration":"","filesize":"","filesize_raw":"","date_recorded":"","explicit":"","block":"","itunes_episode_number":"","itunes_title":"","itunes_season_number":"","itunes_episode_type":"","footnotes":""},"categories":[9],"tags":[1697,447,1072,2070,799,1068,2071],"class_list":{"0":"post-26137","1":"post","2":"type-post","3":"status-publish","4":"format-standard","5":"has-post-thumbnail","7":"category-estilo-de-vida","8":"tag-autocuidado","9":"tag-bienestar-emocional","10":"tag-cosmetica-organica","11":"tag-cuidado-personal-sostenible","12":"tag-sostenibilidad","13":"tag-soulkind","14":"tag-tecnologia-sin-dilucion"},"aioseo_notices":[],"aioseo_head":"\n\t\t<!-- All in One SEO Pro 4.8.3.2 - aioseo.com -->\n\t<meta name=\"description\" content=\"El cuidado personal sostenible gu\u00eda la historia de Doris y SoulKind: una visi\u00f3n que une autocuidado, cosm\u00e9tica org\u00e1nica y tecnolog\u00eda sin diluci\u00f3n para honrar cuerpo y planeta\" \/>\n\t<meta name=\"robots\" content=\"max-image-preview:large\" \/>\n\t<meta name=\"author\" content=\"iLady\"\/>\n\t<link rel=\"canonical\" href=\"https:\/\/staytv.cr\/index.php\/2025\/12\/02\/cuidado-personal-sostenible-soulkind\/\" \/>\n\t<meta name=\"generator\" content=\"All in One SEO Pro (AIOSEO) 4.8.3.2\" \/>\n\t\t<meta property=\"og:locale\" content=\"es_ES\" \/>\n\t\t<meta property=\"og:site_name\" content=\"Staytv - Medio de comunicaci\u00f3n digital de Costa Rica.\" \/>\n\t\t<meta property=\"og:type\" content=\"article\" \/>\n\t\t<meta property=\"og:title\" content=\"Cuidado personal sostenible: la filosof\u00eda de SoulKind para sanar desde adentro\" \/>\n\t\t<meta property=\"og:description\" content=\"El cuidado personal sostenible gu\u00eda la historia de Doris y SoulKind: una visi\u00f3n que une autocuidado, cosm\u00e9tica org\u00e1nica y tecnolog\u00eda sin diluci\u00f3n para honrar cuerpo y planeta\" \/>\n\t\t<meta property=\"og:url\" content=\"https:\/\/staytv.cr\/index.php\/2025\/12\/02\/cuidado-personal-sostenible-soulkind\/\" \/>\n\t\t<meta property=\"og:image\" content=\"https:\/\/staytv.cr\/wp-content\/uploads\/\u622a\u5716-2025-12-02-\u665a\u4e0a11.16.25.png\" \/>\n\t\t<meta property=\"og:image:secure_url\" content=\"https:\/\/staytv.cr\/wp-content\/uploads\/\u622a\u5716-2025-12-02-\u665a\u4e0a11.16.25.png\" \/>\n\t\t<meta property=\"og:image:width\" content=\"1626\" \/>\n\t\t<meta property=\"og:image:height\" content=\"1224\" \/>\n\t\t<meta property=\"article:published_time\" content=\"2025-12-02T15:17:15+00:00\" \/>\n\t\t<meta property=\"article:modified_time\" content=\"2025-12-31T05:29:49+00:00\" \/>\n\t\t<meta property=\"article:publisher\" content=\"https:\/\/www.facebook.com\/staytvcr\" \/>\n\t\t<meta name=\"twitter:card\" content=\"summary_large_image\" \/>\n\t\t<meta name=\"twitter:title\" content=\"Cuidado personal sostenible: la filosof\u00eda de SoulKind para sanar desde adentro\" \/>\n\t\t<meta name=\"twitter:description\" content=\"El cuidado personal sostenible gu\u00eda la historia de Doris y SoulKind: una visi\u00f3n que une autocuidado, cosm\u00e9tica org\u00e1nica y tecnolog\u00eda sin diluci\u00f3n para honrar cuerpo y planeta\" \/>\n\t\t<meta name=\"twitter:image\" content=\"https:\/\/staytv.cr\/wp-content\/uploads\/\u622a\u5716-2025-12-02-\u665a\u4e0a11.16.25.png\" \/>\n\t\t<script type=\"application\/ld+json\" class=\"aioseo-schema\">\n\t\t\t{\"@context\":\"https:\\\/\\\/schema.org\",\"@graph\":[{\"@type\":\"BreadcrumbList\",\"@id\":\"https:\\\/\\\/staytv.cr\\\/index.php\\\/2025\\\/12\\\/02\\\/cuidado-personal-sostenible-soulkind\\\/#breadcrumblist\",\"itemListElement\":[{\"@type\":\"ListItem\",\"@id\":\"https:\\\/\\\/staytv.cr#listItem\",\"position\":1,\"name\":\"Home\",\"item\":\"https:\\\/\\\/staytv.cr\",\"nextItem\":{\"@type\":\"ListItem\",\"@id\":\"https:\\\/\\\/staytv.cr\\\/index.php\\\/category\\\/estilo-de-vida\\\/#listItem\",\"name\":\"ESTILO DE VIDA\"}},{\"@type\":\"ListItem\",\"@id\":\"https:\\\/\\\/staytv.cr\\\/index.php\\\/category\\\/estilo-de-vida\\\/#listItem\",\"position\":2,\"name\":\"ESTILO DE VIDA\",\"item\":\"https:\\\/\\\/staytv.cr\\\/index.php\\\/category\\\/estilo-de-vida\\\/\",\"nextItem\":{\"@type\":\"ListItem\",\"@id\":\"https:\\\/\\\/staytv.cr\\\/index.php\\\/2025\\\/12\\\/02\\\/cuidado-personal-sostenible-soulkind\\\/#listItem\",\"name\":\"Cuidado personal sostenible: la filosof\\u00eda de SoulKind para sanar desde adentro\"},\"previousItem\":{\"@type\":\"ListItem\",\"@id\":\"https:\\\/\\\/staytv.cr#listItem\",\"name\":\"Home\"}},{\"@type\":\"ListItem\",\"@id\":\"https:\\\/\\\/staytv.cr\\\/index.php\\\/2025\\\/12\\\/02\\\/cuidado-personal-sostenible-soulkind\\\/#listItem\",\"position\":3,\"name\":\"Cuidado personal sostenible: la filosof\\u00eda de SoulKind para sanar desde adentro\",\"previousItem\":{\"@type\":\"ListItem\",\"@id\":\"https:\\\/\\\/staytv.cr\\\/index.php\\\/category\\\/estilo-de-vida\\\/#listItem\",\"name\":\"ESTILO DE VIDA\"}}]},{\"@type\":\"Organization\",\"@id\":\"https:\\\/\\\/staytv.cr\\\/#organization\",\"name\":\"Stay TV\",\"description\":\"Stay TV es un medio digital de noticias con base en Centroam\\u00e9rica, con cobertura local e internacional desde una mirada asi\\u00e1tica.\",\"url\":\"https:\\\/\\\/staytv.cr\\\/\",\"logo\":{\"@type\":\"ImageObject\",\"url\":\"https:\\\/\\\/staytv.cr\\\/wp-content\\\/uploads\\\/cropped-StayTV_logo_oficial_simple.png\",\"@id\":\"https:\\\/\\\/staytv.cr\\\/index.php\\\/2025\\\/12\\\/02\\\/cuidado-personal-sostenible-soulkind\\\/#organizationLogo\",\"width\":2560,\"height\":769},\"image\":{\"@id\":\"https:\\\/\\\/staytv.cr\\\/index.php\\\/2025\\\/12\\\/02\\\/cuidado-personal-sostenible-soulkind\\\/#organizationLogo\"},\"sameAs\":[\"https:\\\/\\\/www.instagram.com\\\/staytvcr\\\/\"]},{\"@type\":\"Person\",\"@id\":\"https:\\\/\\\/staytv.cr\\\/index.php\\\/author\\\/ilady\\\/#author\",\"url\":\"https:\\\/\\\/staytv.cr\\\/index.php\\\/author\\\/ilady\\\/\",\"name\":\"iLady\",\"image\":{\"@type\":\"ImageObject\",\"url\":\"https:\\\/\\\/secure.gravatar.com\\\/avatar\\\/c3f1283d52cccc82a85500d76a387ce6b8d62a329f559dbb78daf62e45790402?s=96&d=mm&r=g\"}},{\"@type\":\"WebPage\",\"@id\":\"https:\\\/\\\/staytv.cr\\\/index.php\\\/2025\\\/12\\\/02\\\/cuidado-personal-sostenible-soulkind\\\/#webpage\",\"url\":\"https:\\\/\\\/staytv.cr\\\/index.php\\\/2025\\\/12\\\/02\\\/cuidado-personal-sostenible-soulkind\\\/\",\"name\":\"Cuidado personal sostenible: la filosof\\u00eda de SoulKind para sanar desde adentro\",\"description\":\"El cuidado personal sostenible gu\\u00eda la historia de Doris y SoulKind: una visi\\u00f3n que une autocuidado, cosm\\u00e9tica org\\u00e1nica y tecnolog\\u00eda sin diluci\\u00f3n para honrar cuerpo y planeta\",\"inLanguage\":\"es-ES\",\"isPartOf\":{\"@id\":\"https:\\\/\\\/staytv.cr\\\/#website\"},\"breadcrumb\":{\"@id\":\"https:\\\/\\\/staytv.cr\\\/index.php\\\/2025\\\/12\\\/02\\\/cuidado-personal-sostenible-soulkind\\\/#breadcrumblist\"},\"author\":{\"@id\":\"https:\\\/\\\/staytv.cr\\\/index.php\\\/author\\\/ilady\\\/#author\"},\"creator\":{\"@id\":\"https:\\\/\\\/staytv.cr\\\/index.php\\\/author\\\/ilady\\\/#author\"},\"image\":{\"@type\":\"ImageObject\",\"url\":\"https:\\\/\\\/staytv.cr\\\/wp-content\\\/uploads\\\/\\u622a\\u5716-2025-12-02-\\u665a\\u4e0a11.16.25.png\",\"@id\":\"https:\\\/\\\/staytv.cr\\\/index.php\\\/2025\\\/12\\\/02\\\/cuidado-personal-sostenible-soulkind\\\/#mainImage\",\"width\":1626,\"height\":1224},\"primaryImageOfPage\":{\"@id\":\"https:\\\/\\\/staytv.cr\\\/index.php\\\/2025\\\/12\\\/02\\\/cuidado-personal-sostenible-soulkind\\\/#mainImage\"},\"datePublished\":\"2025-12-02T09:17:15-06:00\",\"dateModified\":\"2025-12-30T23:29:49-06:00\"},{\"@type\":\"WebSite\",\"@id\":\"https:\\\/\\\/staytv.cr\\\/#website\",\"url\":\"https:\\\/\\\/staytv.cr\\\/\",\"name\":\"Staytv\",\"description\":\"Medio de comunicaci\\u00f3n digital de Costa Rica.\",\"inLanguage\":\"es-ES\",\"publisher\":{\"@id\":\"https:\\\/\\\/staytv.cr\\\/#organization\"}}]}\n\t\t<\/script>\n\t\t<!-- All in One SEO Pro -->\r\n\t\t<title>Cuidado personal sostenible: la filosof\u00eda de SoulKind para sanar desde adentro<\/title>\n\n","aioseo_head_json":{"title":"Cuidado personal sostenible: la filosof\u00eda de SoulKind para sanar desde adentro","description":"El cuidado personal sostenible gu\u00eda la historia de Doris y SoulKind: una visi\u00f3n que une autocuidado, cosm\u00e9tica org\u00e1nica y tecnolog\u00eda sin diluci\u00f3n para honrar cuerpo y planeta","canonical_url":"https:\/\/staytv.cr\/index.php\/2025\/12\/02\/cuidado-personal-sostenible-soulkind\/","robots":"max-image-preview:large","keywords":"","webmasterTools":{"miscellaneous":""},"schema":{"@context":"https:\/\/schema.org","@graph":[{"@type":"BreadcrumbList","@id":"https:\/\/staytv.cr\/index.php\/2025\/12\/02\/cuidado-personal-sostenible-soulkind\/#breadcrumblist","itemListElement":[{"@type":"ListItem","@id":"https:\/\/staytv.cr#listItem","position":1,"name":"Home","item":"https:\/\/staytv.cr","nextItem":{"@type":"ListItem","@id":"https:\/\/staytv.cr\/index.php\/category\/estilo-de-vida\/#listItem","name":"ESTILO DE VIDA"}},{"@type":"ListItem","@id":"https:\/\/staytv.cr\/index.php\/category\/estilo-de-vida\/#listItem","position":2,"name":"ESTILO DE VIDA","item":"https:\/\/staytv.cr\/index.php\/category\/estilo-de-vida\/","nextItem":{"@type":"ListItem","@id":"https:\/\/staytv.cr\/index.php\/2025\/12\/02\/cuidado-personal-sostenible-soulkind\/#listItem","name":"Cuidado personal sostenible: la filosof\u00eda de SoulKind para sanar desde adentro"},"previousItem":{"@type":"ListItem","@id":"https:\/\/staytv.cr#listItem","name":"Home"}},{"@type":"ListItem","@id":"https:\/\/staytv.cr\/index.php\/2025\/12\/02\/cuidado-personal-sostenible-soulkind\/#listItem","position":3,"name":"Cuidado personal sostenible: la filosof\u00eda de SoulKind para sanar desde adentro","previousItem":{"@type":"ListItem","@id":"https:\/\/staytv.cr\/index.php\/category\/estilo-de-vida\/#listItem","name":"ESTILO DE VIDA"}}]},{"@type":"Organization","@id":"https:\/\/staytv.cr\/#organization","name":"Stay TV","description":"Stay TV es un medio digital de noticias con base en Centroam\u00e9rica, con cobertura local e internacional desde una mirada asi\u00e1tica.","url":"https:\/\/staytv.cr\/","logo":{"@type":"ImageObject","url":"https:\/\/staytv.cr\/wp-content\/uploads\/cropped-StayTV_logo_oficial_simple.png","@id":"https:\/\/staytv.cr\/index.php\/2025\/12\/02\/cuidado-personal-sostenible-soulkind\/#organizationLogo","width":2560,"height":769},"image":{"@id":"https:\/\/staytv.cr\/index.php\/2025\/12\/02\/cuidado-personal-sostenible-soulkind\/#organizationLogo"},"sameAs":["https:\/\/www.instagram.com\/staytvcr\/"]},{"@type":"Person","@id":"https:\/\/staytv.cr\/index.php\/author\/ilady\/#author","url":"https:\/\/staytv.cr\/index.php\/author\/ilady\/","name":"iLady","image":{"@type":"ImageObject","url":"https:\/\/secure.gravatar.com\/avatar\/c3f1283d52cccc82a85500d76a387ce6b8d62a329f559dbb78daf62e45790402?s=96&d=mm&r=g"}},{"@type":"WebPage","@id":"https:\/\/staytv.cr\/index.php\/2025\/12\/02\/cuidado-personal-sostenible-soulkind\/#webpage","url":"https:\/\/staytv.cr\/index.php\/2025\/12\/02\/cuidado-personal-sostenible-soulkind\/","name":"Cuidado personal sostenible: la filosof\u00eda de SoulKind para sanar desde adentro","description":"El cuidado personal sostenible gu\u00eda la historia de Doris y SoulKind: una visi\u00f3n que une autocuidado, cosm\u00e9tica org\u00e1nica y tecnolog\u00eda sin diluci\u00f3n para honrar cuerpo y planeta","inLanguage":"es-ES","isPartOf":{"@id":"https:\/\/staytv.cr\/#website"},"breadcrumb":{"@id":"https:\/\/staytv.cr\/index.php\/2025\/12\/02\/cuidado-personal-sostenible-soulkind\/#breadcrumblist"},"author":{"@id":"https:\/\/staytv.cr\/index.php\/author\/ilady\/#author"},"creator":{"@id":"https:\/\/staytv.cr\/index.php\/author\/ilady\/#author"},"image":{"@type":"ImageObject","url":"https:\/\/staytv.cr\/wp-content\/uploads\/\u622a\u5716-2025-12-02-\u665a\u4e0a11.16.25.png","@id":"https:\/\/staytv.cr\/index.php\/2025\/12\/02\/cuidado-personal-sostenible-soulkind\/#mainImage","width":1626,"height":1224},"primaryImageOfPage":{"@id":"https:\/\/staytv.cr\/index.php\/2025\/12\/02\/cuidado-personal-sostenible-soulkind\/#mainImage"},"datePublished":"2025-12-02T09:17:15-06:00","dateModified":"2025-12-30T23:29:49-06:00"},{"@type":"WebSite","@id":"https:\/\/staytv.cr\/#website","url":"https:\/\/staytv.cr\/","name":"Staytv","description":"Medio de comunicaci\u00f3n digital de Costa Rica.","inLanguage":"es-ES","publisher":{"@id":"https:\/\/staytv.cr\/#organization"}}]},"og:locale":"es_ES","og:site_name":"Staytv - Medio de comunicaci\u00f3n digital de Costa Rica.","og:type":"article","og:title":"Cuidado personal sostenible: la filosof\u00eda de SoulKind para sanar desde adentro","og:description":"El cuidado personal sostenible gu\u00eda la historia de Doris y SoulKind: una visi\u00f3n que une autocuidado, cosm\u00e9tica org\u00e1nica y tecnolog\u00eda sin diluci\u00f3n para honrar cuerpo y planeta","og:url":"https:\/\/staytv.cr\/index.php\/2025\/12\/02\/cuidado-personal-sostenible-soulkind\/","og:image":"https:\/\/staytv.cr\/wp-content\/uploads\/\u622a\u5716-2025-12-02-\u665a\u4e0a11.16.25.png","og:image:secure_url":"https:\/\/staytv.cr\/wp-content\/uploads\/\u622a\u5716-2025-12-02-\u665a\u4e0a11.16.25.png","og:image:width":1626,"og:image:height":1224,"article:published_time":"2025-12-02T15:17:15+00:00","article:modified_time":"2025-12-31T05:29:49+00:00","article:publisher":"https:\/\/www.facebook.com\/staytvcr","twitter:card":"summary_large_image","twitter:title":"Cuidado personal sostenible: la filosof\u00eda de SoulKind para sanar desde adentro","twitter:description":"El cuidado personal sostenible gu\u00eda la historia de Doris y SoulKind: una visi\u00f3n que une autocuidado, cosm\u00e9tica org\u00e1nica y tecnolog\u00eda sin diluci\u00f3n para honrar cuerpo y planeta","twitter:image":"https:\/\/staytv.cr\/wp-content\/uploads\/\u622a\u5716-2025-12-02-\u665a\u4e0a11.16.25.png"},"aioseo_meta_data":{"post_id":"26137","title":"#post_title","description":"El cuidado personal sostenible gu\u00eda la historia de Doris y SoulKind: una visi\u00f3n que une autocuidado, cosm\u00e9tica org\u00e1nica y tecnolog\u00eda sin diluci\u00f3n para honrar cuerpo y planeta","keywords":null,"keyphrases":{"focus":{"keyphrase":"cuidado personal sostenible","score":64,"analysis":{"keyphraseInTitle":{"score":9,"maxScore":9,"error":0},"keyphraseInDescription":{"score":9,"maxScore":9,"error":0},"keyphraseLength":{"score":9,"maxScore":9,"error":0,"length":3},"keyphraseInURL":{"score":5,"maxScore":5,"error":0},"keyphraseInIntroduction":{"score":3,"maxScore":9,"error":1},"keyphraseInSubHeadings":[],"keyphraseInImageAlt":{"score":3,"maxScore":9,"error":1},"keywordDensity":{"score":0,"type":"low","maxScore":9,"error":1}}},"additional":[]},"canonical_url":null,"og_title":null,"og_description":null,"og_object_type":"default","og_image_type":"default","og_image_custom_url":null,"og_image_custom_fields":null,"og_custom_image_width":null,"og_custom_image_height":null,"og_video":"","og_custom_url":null,"og_article_section":null,"og_article_tags":null,"twitter_use_og":true,"twitter_card":"default","twitter_image_type":"default","twitter_image_custom_url":null,"twitter_image_custom_fields":null,"twitter_title":null,"twitter_description":null,"schema_type":null,"schema_type_options":null,"pillar_content":false,"robots_default":true,"robots_noindex":false,"robots_noarchive":false,"robots_nosnippet":false,"robots_nofollow":false,"robots_noimageindex":false,"robots_noodp":false,"robots_notranslate":false,"robots_max_snippet":"-1","robots_max_videopreview":"-1","robots_max_imagepreview":"none","tabs":null,"priority":null,"frequency":"default","local_seo":null,"created":"2025-11-29 06:00:45","updated":"2025-12-31 05:29:49"},"aioseo_breadcrumb":"<div class=\"aioseo-breadcrumbs\"><span class=\"aioseo-breadcrumb\">\n\t<a href=\"https:\/\/staytv.cr\" title=\"Home\">Home<\/a>\n<\/span><span class=\"aioseo-breadcrumb-separator\">&raquo;<\/span><span class=\"aioseo-breadcrumb\">\n\t<a href=\"https:\/\/staytv.cr\/index.php\/category\/estilo-de-vida\/\" title=\"ESTILO DE VIDA\">ESTILO DE VIDA<\/a>\n<\/span><span class=\"aioseo-breadcrumb-separator\">&raquo;<\/span><span class=\"aioseo-breadcrumb\">\n\tCuidado personal sostenible: la filosof\u00eda de SoulKind para sanar desde adentro\n<\/span><\/div>","aioseo_breadcrumb_json":[{"label":"Home","link":"https:\/\/staytv.cr"},{"label":"ESTILO DE VIDA","link":"https:\/\/staytv.cr\/index.php\/category\/estilo-de-vida\/"},{"label":"Cuidado personal sostenible: la filosof\u00eda de SoulKind para sanar desde adentro","link":"https:\/\/staytv.cr\/index.php\/2025\/12\/02\/cuidado-personal-sostenible-soulkind\/"}],"_links":{"self":[{"href":"https:\/\/staytv.cr\/index.php\/wp-json\/wp\/v2\/posts\/26137","targetHints":{"allow":["GET"]}}],"collection":[{"href":"https:\/\/staytv.cr\/index.php\/wp-json\/wp\/v2\/posts"}],"about":[{"href":"https:\/\/staytv.cr\/index.php\/wp-json\/wp\/v2\/types\/post"}],"author":[{"embeddable":true,"href":"https:\/\/staytv.cr\/index.php\/wp-json\/wp\/v2\/users\/16"}],"replies":[{"embeddable":true,"href":"https:\/\/staytv.cr\/index.php\/wp-json\/wp\/v2\/comments?post=26137"}],"version-history":[{"count":2,"href":"https:\/\/staytv.cr\/index.php\/wp-json\/wp\/v2\/posts\/26137\/revisions"}],"predecessor-version":[{"id":26228,"href":"https:\/\/staytv.cr\/index.php\/wp-json\/wp\/v2\/posts\/26137\/revisions\/26228"}],"wp:featuredmedia":[{"embeddable":true,"href":"https:\/\/staytv.cr\/index.php\/wp-json\/wp\/v2\/media\/26227"}],"wp:attachment":[{"href":"https:\/\/staytv.cr\/index.php\/wp-json\/wp\/v2\/media?parent=26137"}],"wp:term":[{"taxonomy":"category","embeddable":true,"href":"https:\/\/staytv.cr\/index.php\/wp-json\/wp\/v2\/categories?post=26137"},{"taxonomy":"post_tag","embeddable":true,"href":"https:\/\/staytv.cr\/index.php\/wp-json\/wp\/v2\/tags?post=26137"}],"curies":[{"name":"wp","href":"https:\/\/api.w.org\/{rel}","templated":true}]}}