{"id":26141,"date":"2025-11-29T11:05:11","date_gmt":"2025-11-29T17:05:11","guid":{"rendered":"https:\/\/staytv.cr\/?p=26141"},"modified":"2025-11-29T11:22:05","modified_gmt":"2025-11-29T17:22:05","slug":"subasta-de-frecuencias-zamora-alerta-sobre-riesgo-a-libertad-de-expresion","status":"publish","type":"post","link":"https:\/\/staytv.cr\/index.php\/2025\/11\/29\/subasta-de-frecuencias-zamora-alerta-sobre-riesgo-a-libertad-de-expresion\/","title":{"rendered":"Subasta de Frecuencias: Zamora alerta sobre riesgo a libertad de expresi\u00f3n"},"content":{"rendered":"<p>El candidato presidencial del Partido Nueva Generaci\u00f3n (PNG), Fernando Zamora Castellanos, emiti\u00f3 una fuerte advertencia este jueves 28 de noviembre de 2025 sobre los riesgos que representa la <strong>subasta de frecuencias<\/strong> y el aumento dr\u00e1stico de tarifas por su uso, una decisi\u00f3n gubernamental que, seg\u00fan afirm\u00f3, pone en peligro la libertad de expresi\u00f3n y amenaza la supervivencia de los peque\u00f1os medios de comunicaci\u00f3n en Costa Rica.<\/p>\n<p><iframe title=\"Subasta de Frecuencias: Zamora alerta sobre riesgo a libertad de expresi\u00f3n\" width=\"1170\" height=\"878\" data-src=\"https:\/\/www.youtube.com\/embed\/-uNrxZkM45Q?feature=oembed\" frameborder=\"0\" allow=\"accelerometer; autoplay; clipboard-write; encrypted-media; gyroscope; picture-in-picture; web-share\" referrerpolicy=\"strict-origin-when-cross-origin\" allowfullscreen src=\"data:image\/svg+xml;base64,PHN2ZyB3aWR0aD0iMSIgaGVpZ2h0PSIxIiB4bWxucz0iaHR0cDovL3d3dy53My5vcmcvMjAwMC9zdmciPjwvc3ZnPg==\" class=\"lazyload\" data-load-mode=\"1\"><\/iframe><\/p>\n<h2>Cr\u00edtica al modelo de subasta y tarifas<\/h2>\n<p>Zamora reconoci\u00f3 la necesidad de actualizar las tarifas por el uso de frecuencias, que no han sido revisadas en d\u00e9cadas, pero critic\u00f3 la implementaci\u00f3n de una subasta abierta y desproporcionada. \u00abEs cierto que los precios por el uso de frecuencias est\u00e1n desactualizados desde hace d\u00e9cadas; todos entendemos que deben revisarse. Pero pasar de corregir tarifas a empujar a todos los medios a competir en una subasta desproporcionada es otra cosa: eso es un riesgo directo a la libertad de expresi\u00f3n\u00bb, asegur\u00f3 el candidato en su comunicado.<\/p>\n<h2>Impacto en medios peque\u00f1os y regionales<\/h2>\n<p>El aspirante presidencial se\u00f1al\u00f3 que la <strong>subasta de frecuencias<\/strong> podr\u00eda tener un efecto devastador en los medios regionales, comunitarios y nacionales de baja audiencia, que ya enfrentan dificultades para sobrevivir. \u00abEsta subasta puede dejar una enorme cantidad de frecuencias en manos de unos pocos. Muchos medios no podr\u00e1n pagar ni competir, y terminar\u00e1n fuera del aire\u00bb, advirti\u00f3 Zamora, destacando c\u00f3mo esta medida podr\u00eda concentrar el poder informativo y asfixiar la diversidad de voces en el pa\u00eds.<\/p>\n<h2>Riesgo de motivaciones pol\u00edticas<\/h2>\n<p>Zamora tambi\u00e9n expres\u00f3 su preocupaci\u00f3n por posibles intenciones de venganza pol\u00edtica detr\u00e1s del proceso, sugiriendo que, aunque algunos intereses podr\u00edan estar dirigidos a afectar a grandes medios, el impacto real recae sobre los m\u00e1s peque\u00f1os. \u00abTenemos que abrir los ojos. Hay intereses tratando de afectar a ciertos medios grandes, pero en ese intento lo que realmente se est\u00e1 provocando es el cierre masivo de medios peque\u00f1os. Y cuando los peque\u00f1os desaparecen, la democracia pierde\u00bb, afirm\u00f3 con contundencia.<\/p>\n<h2>Propuesta de equilibrio y protecci\u00f3n<\/h2>\n<p>El candidato insisti\u00f3 en la necesidad de establecer un sistema tarifario justo y actualizado que no quiebre a los medios locales y regionales, subrayando que la diversidad informativa es un pilar fundamental de la democracia. \u00abCosta Rica debe establecer una tarifa justa y actualizada, pero jam\u00e1s una que quiebre a los medios regionales o locales. Si concentramos la comunicaci\u00f3n en unos pocos, aumentar\u00e1 el desempleo, se debilitar\u00e1 el pluralismo y aislaremos a miles de costarricenses que dependen de sus medios locales para informarse\u00bb, argument\u00f3.<\/p>\n<h2>Compromiso de Zamora con la libertad de expresi\u00f3n<\/h2>\n<p>Finalmente, Zamora reiter\u00f3 que, de llegar a la presidencia, impulsar\u00e1 una revisi\u00f3n t\u00e9cnica, equilibrada y no politizada del sistema tarifario para las frecuencias. \u00abVamos a proteger a los peque\u00f1os medios y a la libertad de expresi\u00f3n. Lo que est\u00e1 en juego no es un n\u00famero en una tabla tarifaria; es el derecho de todos los costarricenses a informarse sin censura econ\u00f3mica\u00bb, asegur\u00f3, posicion\u00e1ndose como defensor de la pluralidad informativa en el pa\u00eds.<\/p>\n<h2>Cierre<\/h2>\n<p>La cr\u00edtica de Fernando Zamora a la <strong>subasta de frecuencias<\/strong> abre un debate crucial sobre el impacto de las pol\u00edticas gubernamentales en la libertad de expresi\u00f3n y la supervivencia de los medios peque\u00f1os en Costa Rica. Su advertencia sobre la concentraci\u00f3n del poder informativo y el riesgo para la democracia resuena como un llamado a proteger la diversidad de voces, mientras el candidato del PNG se compromete a buscar soluciones justas y equitativas para el sector de la comunicaci\u00f3n.<\/p>\n<p><strong>Enlaces sugeridos:<\/strong><\/p>\n<ul>\n<li>Lea m\u00e1s noticias en <a href=\"https:\/\/staytv.cr\" target=\"_blank\" rel=\"noopener\">staytv.cr<\/a>, da Click AC\u00c1.<\/li>\n<\/ul>\n","protected":false},"excerpt":{"rendered":"<p>El candidato presidencial del Partido Nueva Generaci\u00f3n (PNG), Fernando Zamora Castellanos, emiti\u00f3 una fuerte advertencia este jueves 28 de noviembre de 2025 sobre los riesgos que representa la subasta de frecuencias y el aumento dr\u00e1stico de tarifas por su uso, una decisi\u00f3n gubernamental que, seg\u00fan afirm\u00f3, pone en peligro la libertad de expresi\u00f3n y amenaza [&hellip;]<\/p>\n","protected":false},"author":10,"featured_media":26142,"comment_status":"open","ping_status":"open","sticky":false,"template":"","format":"standard","meta":{"episode_type":"","audio_file":"","podmotor_file_id":"","podmotor_episode_id":"","cover_image":"","cover_image_id":"","duration":"","filesize":"","filesize_raw":"","date_recorded":"","explicit":"","block":"","itunes_episode_number":"","itunes_title":"","itunes_season_number":"","itunes_episode_type":"","footnotes":""},"categories":[13],"tags":[1316,1947,1942,1944,1945,1948,1943,1518,1735,1946],"class_list":{"0":"post-26141","1":"post","2":"type-post","3":"status-publish","4":"format-standard","5":"has-post-thumbnail","7":"category-nacional","8":"tag-democracia","9":"tag-diversidad-informativa","10":"tag-fernando-zamora","11":"tag-libertad-de-expresion","12":"tag-medios-pequenos","13":"tag-medios-regionales","14":"tag-png","15":"tag-politica-costa-rica","16":"tag-subasta-de-frecuencias","17":"tag-tarifas-frecuencias"},"aioseo_notices":[],"aioseo_head":"\n\t\t<!-- All in One SEO Pro 4.8.3.2 - aioseo.com -->\n\t<meta name=\"description\" content=\"Subasta de Frecuencias: Fernando Zamora advierte que aumento de tarifas y subasta amenaza a medios peque\u00f1os y la diversidad informativa en Costa Rica.\" \/>\n\t<meta name=\"robots\" content=\"max-image-preview:large\" \/>\n\t<meta name=\"author\" content=\"Diego Molina\"\/>\n\t<link rel=\"canonical\" href=\"https:\/\/staytv.cr\/index.php\/2025\/11\/29\/subasta-de-frecuencias-zamora-alerta-sobre-riesgo-a-libertad-de-expresion\/\" \/>\n\t<meta name=\"generator\" content=\"All in One SEO Pro (AIOSEO) 4.8.3.2\" \/>\n\t\t<meta property=\"og:locale\" content=\"es_ES\" \/>\n\t\t<meta property=\"og:site_name\" content=\"Staytv - Medio de comunicaci\u00f3n digital de Costa Rica.\" \/>\n\t\t<meta property=\"og:type\" content=\"article\" \/>\n\t\t<meta property=\"og:title\" content=\"Subasta de Frecuencias: Zamora alerta sobre riesgo a libertad de expresi\u00f3n\" \/>\n\t\t<meta property=\"og:description\" content=\"Subasta de Frecuencias: Fernando Zamora advierte que aumento de tarifas y subasta amenaza a medios peque\u00f1os y la diversidad informativa en Costa Rica.\" \/>\n\t\t<meta property=\"og:url\" content=\"https:\/\/staytv.cr\/index.php\/2025\/11\/29\/subasta-de-frecuencias-zamora-alerta-sobre-riesgo-a-libertad-de-expresion\/\" \/>\n\t\t<meta property=\"og:image\" content=\"https:\/\/staytv.cr\/wp-content\/uploads\/Sin-titulo-2-175.png\" \/>\n\t\t<meta property=\"og:image:secure_url\" content=\"https:\/\/staytv.cr\/wp-content\/uploads\/Sin-titulo-2-175.png\" \/>\n\t\t<meta property=\"og:image:width\" content=\"1280\" \/>\n\t\t<meta property=\"og:image:height\" content=\"720\" \/>\n\t\t<meta property=\"article:published_time\" content=\"2025-11-29T17:05:11+00:00\" \/>\n\t\t<meta property=\"article:modified_time\" content=\"2025-11-29T17:22:05+00:00\" \/>\n\t\t<meta property=\"article:publisher\" content=\"https:\/\/www.facebook.com\/staytvcr\" \/>\n\t\t<meta name=\"twitter:card\" content=\"summary_large_image\" \/>\n\t\t<meta name=\"twitter:title\" content=\"Subasta de Frecuencias: Zamora alerta sobre riesgo a libertad de expresi\u00f3n\" \/>\n\t\t<meta name=\"twitter:description\" content=\"Subasta de Frecuencias: Fernando Zamora advierte que aumento de tarifas y subasta amenaza a medios peque\u00f1os y la diversidad informativa en Costa Rica.\" \/>\n\t\t<meta name=\"twitter:image\" content=\"https:\/\/staytv.cr\/wp-content\/uploads\/Sin-titulo-2-175.png\" \/>\n\t\t<script type=\"application\/ld+json\" class=\"aioseo-schema\">\n\t\t\t{\"@context\":\"https:\\\/\\\/schema.org\",\"@graph\":[{\"@type\":\"BreadcrumbList\",\"@id\":\"https:\\\/\\\/staytv.cr\\\/index.php\\\/2025\\\/11\\\/29\\\/subasta-de-frecuencias-zamora-alerta-sobre-riesgo-a-libertad-de-expresion\\\/#breadcrumblist\",\"itemListElement\":[{\"@type\":\"ListItem\",\"@id\":\"https:\\\/\\\/staytv.cr#listItem\",\"position\":1,\"name\":\"Home\",\"item\":\"https:\\\/\\\/staytv.cr\",\"nextItem\":{\"@type\":\"ListItem\",\"@id\":\"https:\\\/\\\/staytv.cr\\\/index.php\\\/category\\\/nacional\\\/#listItem\",\"name\":\"NACIONAL\"}},{\"@type\":\"ListItem\",\"@id\":\"https:\\\/\\\/staytv.cr\\\/index.php\\\/category\\\/nacional\\\/#listItem\",\"position\":2,\"name\":\"NACIONAL\",\"item\":\"https:\\\/\\\/staytv.cr\\\/index.php\\\/category\\\/nacional\\\/\",\"nextItem\":{\"@type\":\"ListItem\",\"@id\":\"https:\\\/\\\/staytv.cr\\\/index.php\\\/2025\\\/11\\\/29\\\/subasta-de-frecuencias-zamora-alerta-sobre-riesgo-a-libertad-de-expresion\\\/#listItem\",\"name\":\"Subasta de Frecuencias: Zamora alerta sobre riesgo a libertad de expresi\\u00f3n\"},\"previousItem\":{\"@type\":\"ListItem\",\"@id\":\"https:\\\/\\\/staytv.cr#listItem\",\"name\":\"Home\"}},{\"@type\":\"ListItem\",\"@id\":\"https:\\\/\\\/staytv.cr\\\/index.php\\\/2025\\\/11\\\/29\\\/subasta-de-frecuencias-zamora-alerta-sobre-riesgo-a-libertad-de-expresion\\\/#listItem\",\"position\":3,\"name\":\"Subasta de Frecuencias: Zamora alerta sobre riesgo a libertad de expresi\\u00f3n\",\"previousItem\":{\"@type\":\"ListItem\",\"@id\":\"https:\\\/\\\/staytv.cr\\\/index.php\\\/category\\\/nacional\\\/#listItem\",\"name\":\"NACIONAL\"}}]},{\"@type\":\"Organization\",\"@id\":\"https:\\\/\\\/staytv.cr\\\/#organization\",\"name\":\"Stay TV\",\"description\":\"Stay TV es un medio digital de noticias con base en Centroam\\u00e9rica, con cobertura local e internacional desde una mirada asi\\u00e1tica.\",\"url\":\"https:\\\/\\\/staytv.cr\\\/\",\"logo\":{\"@type\":\"ImageObject\",\"url\":\"https:\\\/\\\/staytv.cr\\\/wp-content\\\/uploads\\\/cropped-StayTV_logo_oficial_simple.png\",\"@id\":\"https:\\\/\\\/staytv.cr\\\/index.php\\\/2025\\\/11\\\/29\\\/subasta-de-frecuencias-zamora-alerta-sobre-riesgo-a-libertad-de-expresion\\\/#organizationLogo\",\"width\":2560,\"height\":769},\"image\":{\"@id\":\"https:\\\/\\\/staytv.cr\\\/index.php\\\/2025\\\/11\\\/29\\\/subasta-de-frecuencias-zamora-alerta-sobre-riesgo-a-libertad-de-expresion\\\/#organizationLogo\"},\"sameAs\":[\"https:\\\/\\\/www.instagram.com\\\/staytvcr\\\/\"]},{\"@type\":\"Person\",\"@id\":\"https:\\\/\\\/staytv.cr\\\/index.php\\\/author\\\/diegostaytv\\\/#author\",\"url\":\"https:\\\/\\\/staytv.cr\\\/index.php\\\/author\\\/diegostaytv\\\/\",\"name\":\"Diego Molina\",\"image\":{\"@type\":\"ImageObject\",\"url\":\"https:\\\/\\\/secure.gravatar.com\\\/avatar\\\/7d23cb63381aa64750c7e76727c208369ebd6f2565e9dc4c62e323b1ea59af41?s=96&d=mm&r=g\"}},{\"@type\":\"WebPage\",\"@id\":\"https:\\\/\\\/staytv.cr\\\/index.php\\\/2025\\\/11\\\/29\\\/subasta-de-frecuencias-zamora-alerta-sobre-riesgo-a-libertad-de-expresion\\\/#webpage\",\"url\":\"https:\\\/\\\/staytv.cr\\\/index.php\\\/2025\\\/11\\\/29\\\/subasta-de-frecuencias-zamora-alerta-sobre-riesgo-a-libertad-de-expresion\\\/\",\"name\":\"Subasta de Frecuencias: Zamora alerta sobre riesgo a libertad de expresi\\u00f3n\",\"description\":\"Subasta de Frecuencias: Fernando Zamora advierte que aumento de tarifas y subasta amenaza a medios peque\\u00f1os y la diversidad informativa en Costa Rica.\",\"inLanguage\":\"es-ES\",\"isPartOf\":{\"@id\":\"https:\\\/\\\/staytv.cr\\\/#website\"},\"breadcrumb\":{\"@id\":\"https:\\\/\\\/staytv.cr\\\/index.php\\\/2025\\\/11\\\/29\\\/subasta-de-frecuencias-zamora-alerta-sobre-riesgo-a-libertad-de-expresion\\\/#breadcrumblist\"},\"author\":{\"@id\":\"https:\\\/\\\/staytv.cr\\\/index.php\\\/author\\\/diegostaytv\\\/#author\"},\"creator\":{\"@id\":\"https:\\\/\\\/staytv.cr\\\/index.php\\\/author\\\/diegostaytv\\\/#author\"},\"image\":{\"@type\":\"ImageObject\",\"url\":\"https:\\\/\\\/staytv.cr\\\/wp-content\\\/uploads\\\/Sin-titulo-2-175.png\",\"@id\":\"https:\\\/\\\/staytv.cr\\\/index.php\\\/2025\\\/11\\\/29\\\/subasta-de-frecuencias-zamora-alerta-sobre-riesgo-a-libertad-de-expresion\\\/#mainImage\",\"width\":1280,\"height\":720,\"caption\":\"Imagen de subasta de frecuencias criticada por Fernando Zamora\"},\"primaryImageOfPage\":{\"@id\":\"https:\\\/\\\/staytv.cr\\\/index.php\\\/2025\\\/11\\\/29\\\/subasta-de-frecuencias-zamora-alerta-sobre-riesgo-a-libertad-de-expresion\\\/#mainImage\"},\"datePublished\":\"2025-11-29T11:05:11-06:00\",\"dateModified\":\"2025-11-29T11:22:05-06:00\"},{\"@type\":\"WebSite\",\"@id\":\"https:\\\/\\\/staytv.cr\\\/#website\",\"url\":\"https:\\\/\\\/staytv.cr\\\/\",\"name\":\"Staytv\",\"description\":\"Medio de comunicaci\\u00f3n digital de Costa Rica.\",\"inLanguage\":\"es-ES\",\"publisher\":{\"@id\":\"https:\\\/\\\/staytv.cr\\\/#organization\"}}]}\n\t\t<\/script>\n\t\t<!-- All in One SEO Pro -->\r\n\t\t<title>Subasta de Frecuencias: Zamora alerta sobre riesgo a libertad de expresi\u00f3n<\/title>\n\n","aioseo_head_json":{"title":"Subasta de Frecuencias: Zamora alerta sobre riesgo a libertad de expresi\u00f3n","description":"Subasta de Frecuencias: Fernando Zamora advierte que aumento de tarifas y subasta amenaza a medios peque\u00f1os y la diversidad informativa en Costa Rica.","canonical_url":"https:\/\/staytv.cr\/index.php\/2025\/11\/29\/subasta-de-frecuencias-zamora-alerta-sobre-riesgo-a-libertad-de-expresion\/","robots":"max-image-preview:large","keywords":"","webmasterTools":{"miscellaneous":""},"schema":{"@context":"https:\/\/schema.org","@graph":[{"@type":"BreadcrumbList","@id":"https:\/\/staytv.cr\/index.php\/2025\/11\/29\/subasta-de-frecuencias-zamora-alerta-sobre-riesgo-a-libertad-de-expresion\/#breadcrumblist","itemListElement":[{"@type":"ListItem","@id":"https:\/\/staytv.cr#listItem","position":1,"name":"Home","item":"https:\/\/staytv.cr","nextItem":{"@type":"ListItem","@id":"https:\/\/staytv.cr\/index.php\/category\/nacional\/#listItem","name":"NACIONAL"}},{"@type":"ListItem","@id":"https:\/\/staytv.cr\/index.php\/category\/nacional\/#listItem","position":2,"name":"NACIONAL","item":"https:\/\/staytv.cr\/index.php\/category\/nacional\/","nextItem":{"@type":"ListItem","@id":"https:\/\/staytv.cr\/index.php\/2025\/11\/29\/subasta-de-frecuencias-zamora-alerta-sobre-riesgo-a-libertad-de-expresion\/#listItem","name":"Subasta de Frecuencias: Zamora alerta sobre riesgo a libertad de expresi\u00f3n"},"previousItem":{"@type":"ListItem","@id":"https:\/\/staytv.cr#listItem","name":"Home"}},{"@type":"ListItem","@id":"https:\/\/staytv.cr\/index.php\/2025\/11\/29\/subasta-de-frecuencias-zamora-alerta-sobre-riesgo-a-libertad-de-expresion\/#listItem","position":3,"name":"Subasta de Frecuencias: Zamora alerta sobre riesgo a libertad de expresi\u00f3n","previousItem":{"@type":"ListItem","@id":"https:\/\/staytv.cr\/index.php\/category\/nacional\/#listItem","name":"NACIONAL"}}]},{"@type":"Organization","@id":"https:\/\/staytv.cr\/#organization","name":"Stay TV","description":"Stay TV es un medio digital de noticias con base en Centroam\u00e9rica, con cobertura local e internacional desde una mirada asi\u00e1tica.","url":"https:\/\/staytv.cr\/","logo":{"@type":"ImageObject","url":"https:\/\/staytv.cr\/wp-content\/uploads\/cropped-StayTV_logo_oficial_simple.png","@id":"https:\/\/staytv.cr\/index.php\/2025\/11\/29\/subasta-de-frecuencias-zamora-alerta-sobre-riesgo-a-libertad-de-expresion\/#organizationLogo","width":2560,"height":769},"image":{"@id":"https:\/\/staytv.cr\/index.php\/2025\/11\/29\/subasta-de-frecuencias-zamora-alerta-sobre-riesgo-a-libertad-de-expresion\/#organizationLogo"},"sameAs":["https:\/\/www.instagram.com\/staytvcr\/"]},{"@type":"Person","@id":"https:\/\/staytv.cr\/index.php\/author\/diegostaytv\/#author","url":"https:\/\/staytv.cr\/index.php\/author\/diegostaytv\/","name":"Diego Molina","image":{"@type":"ImageObject","url":"https:\/\/secure.gravatar.com\/avatar\/7d23cb63381aa64750c7e76727c208369ebd6f2565e9dc4c62e323b1ea59af41?s=96&d=mm&r=g"}},{"@type":"WebPage","@id":"https:\/\/staytv.cr\/index.php\/2025\/11\/29\/subasta-de-frecuencias-zamora-alerta-sobre-riesgo-a-libertad-de-expresion\/#webpage","url":"https:\/\/staytv.cr\/index.php\/2025\/11\/29\/subasta-de-frecuencias-zamora-alerta-sobre-riesgo-a-libertad-de-expresion\/","name":"Subasta de Frecuencias: Zamora alerta sobre riesgo a libertad de expresi\u00f3n","description":"Subasta de Frecuencias: Fernando Zamora advierte que aumento de tarifas y subasta amenaza a medios peque\u00f1os y la diversidad informativa en Costa Rica.","inLanguage":"es-ES","isPartOf":{"@id":"https:\/\/staytv.cr\/#website"},"breadcrumb":{"@id":"https:\/\/staytv.cr\/index.php\/2025\/11\/29\/subasta-de-frecuencias-zamora-alerta-sobre-riesgo-a-libertad-de-expresion\/#breadcrumblist"},"author":{"@id":"https:\/\/staytv.cr\/index.php\/author\/diegostaytv\/#author"},"creator":{"@id":"https:\/\/staytv.cr\/index.php\/author\/diegostaytv\/#author"},"image":{"@type":"ImageObject","url":"https:\/\/staytv.cr\/wp-content\/uploads\/Sin-titulo-2-175.png","@id":"https:\/\/staytv.cr\/index.php\/2025\/11\/29\/subasta-de-frecuencias-zamora-alerta-sobre-riesgo-a-libertad-de-expresion\/#mainImage","width":1280,"height":720,"caption":"Imagen de subasta de frecuencias criticada por Fernando Zamora"},"primaryImageOfPage":{"@id":"https:\/\/staytv.cr\/index.php\/2025\/11\/29\/subasta-de-frecuencias-zamora-alerta-sobre-riesgo-a-libertad-de-expresion\/#mainImage"},"datePublished":"2025-11-29T11:05:11-06:00","dateModified":"2025-11-29T11:22:05-06:00"},{"@type":"WebSite","@id":"https:\/\/staytv.cr\/#website","url":"https:\/\/staytv.cr\/","name":"Staytv","description":"Medio de comunicaci\u00f3n digital de Costa Rica.","inLanguage":"es-ES","publisher":{"@id":"https:\/\/staytv.cr\/#organization"}}]},"og:locale":"es_ES","og:site_name":"Staytv - Medio de comunicaci\u00f3n digital de Costa Rica.","og:type":"article","og:title":"Subasta de Frecuencias: Zamora alerta sobre riesgo a libertad de expresi\u00f3n","og:description":"Subasta de Frecuencias: Fernando Zamora advierte que aumento de tarifas y subasta amenaza a medios peque\u00f1os y la diversidad informativa en Costa Rica.","og:url":"https:\/\/staytv.cr\/index.php\/2025\/11\/29\/subasta-de-frecuencias-zamora-alerta-sobre-riesgo-a-libertad-de-expresion\/","og:image":"https:\/\/staytv.cr\/wp-content\/uploads\/Sin-titulo-2-175.png","og:image:secure_url":"https:\/\/staytv.cr\/wp-content\/uploads\/Sin-titulo-2-175.png","og:image:width":1280,"og:image:height":720,"article:published_time":"2025-11-29T17:05:11+00:00","article:modified_time":"2025-11-29T17:22:05+00:00","article:publisher":"https:\/\/www.facebook.com\/staytvcr","twitter:card":"summary_large_image","twitter:title":"Subasta de Frecuencias: Zamora alerta sobre riesgo a libertad de expresi\u00f3n","twitter:description":"Subasta de Frecuencias: Fernando Zamora advierte que aumento de tarifas y subasta amenaza a medios peque\u00f1os y la diversidad informativa en Costa Rica.","twitter:image":"https:\/\/staytv.cr\/wp-content\/uploads\/Sin-titulo-2-175.png"},"aioseo_meta_data":{"post_id":"26141","title":"Subasta de Frecuencias: Zamora alerta sobre riesgo a libertad de expresi\u00f3n","description":"Subasta de Frecuencias: Fernando Zamora advierte que aumento de tarifas y subasta amenaza a medios peque\u00f1os y la diversidad informativa en Costa Rica.","keywords":null,"keyphrases":{"focus":{"keyphrase":"subasta de frecuencias","score":75,"analysis":{"keyphraseInTitle":{"score":9,"maxScore":9,"error":0},"keyphraseInDescription":{"score":9,"maxScore":9,"error":0},"keyphraseLength":{"score":9,"maxScore":9,"error":0,"length":3},"keyphraseInURL":{"score":5,"maxScore":5,"error":0},"keyphraseInIntroduction":{"score":9,"maxScore":9,"error":0},"keyphraseInSubHeadings":{"score":3,"maxScore":9,"error":1},"keyphraseInImageAlt":[],"keywordDensity":{"score":0,"type":"low","maxScore":9,"error":1}}},"additional":[]},"canonical_url":null,"og_title":null,"og_description":null,"og_object_type":"default","og_image_type":"default","og_image_custom_url":null,"og_image_custom_fields":null,"og_custom_image_width":null,"og_custom_image_height":null,"og_video":"","og_custom_url":null,"og_article_section":null,"og_article_tags":null,"twitter_use_og":true,"twitter_card":"default","twitter_image_type":"default","twitter_image_custom_url":null,"twitter_image_custom_fields":null,"twitter_title":null,"twitter_description":null,"schema_type":null,"schema_type_options":null,"pillar_content":false,"robots_default":true,"robots_noindex":false,"robots_noarchive":false,"robots_nosnippet":false,"robots_nofollow":false,"robots_noimageindex":false,"robots_noodp":false,"robots_notranslate":false,"robots_max_snippet":"-1","robots_max_videopreview":"-1","robots_max_imagepreview":"none","tabs":null,"priority":null,"frequency":"default","local_seo":null,"created":"2025-11-29 17:00:54","updated":"2025-11-29 17:22:05"},"aioseo_breadcrumb":"<div class=\"aioseo-breadcrumbs\"><span class=\"aioseo-breadcrumb\">\n\t<a href=\"https:\/\/staytv.cr\" title=\"Home\">Home<\/a>\n<\/span><span class=\"aioseo-breadcrumb-separator\">&raquo;<\/span><span class=\"aioseo-breadcrumb\">\n\t<a href=\"https:\/\/staytv.cr\/index.php\/category\/nacional\/\" title=\"NACIONAL\">NACIONAL<\/a>\n<\/span><span class=\"aioseo-breadcrumb-separator\">&raquo;<\/span><span class=\"aioseo-breadcrumb\">\n\tSubasta de Frecuencias: Zamora alerta sobre riesgo a libertad de expresi\u00f3n\n<\/span><\/div>","aioseo_breadcrumb_json":[{"label":"Home","link":"https:\/\/staytv.cr"},{"label":"NACIONAL","link":"https:\/\/staytv.cr\/index.php\/category\/nacional\/"},{"label":"Subasta de Frecuencias: Zamora alerta sobre riesgo a libertad de expresi\u00f3n","link":"https:\/\/staytv.cr\/index.php\/2025\/11\/29\/subasta-de-frecuencias-zamora-alerta-sobre-riesgo-a-libertad-de-expresion\/"}],"_links":{"self":[{"href":"https:\/\/staytv.cr\/index.php\/wp-json\/wp\/v2\/posts\/26141","targetHints":{"allow":["GET"]}}],"collection":[{"href":"https:\/\/staytv.cr\/index.php\/wp-json\/wp\/v2\/posts"}],"about":[{"href":"https:\/\/staytv.cr\/index.php\/wp-json\/wp\/v2\/types\/post"}],"author":[{"embeddable":true,"href":"https:\/\/staytv.cr\/index.php\/wp-json\/wp\/v2\/users\/10"}],"replies":[{"embeddable":true,"href":"https:\/\/staytv.cr\/index.php\/wp-json\/wp\/v2\/comments?post=26141"}],"version-history":[{"count":1,"href":"https:\/\/staytv.cr\/index.php\/wp-json\/wp\/v2\/posts\/26141\/revisions"}],"predecessor-version":[{"id":26143,"href":"https:\/\/staytv.cr\/index.php\/wp-json\/wp\/v2\/posts\/26141\/revisions\/26143"}],"wp:featuredmedia":[{"embeddable":true,"href":"https:\/\/staytv.cr\/index.php\/wp-json\/wp\/v2\/media\/26142"}],"wp:attachment":[{"href":"https:\/\/staytv.cr\/index.php\/wp-json\/wp\/v2\/media?parent=26141"}],"wp:term":[{"taxonomy":"category","embeddable":true,"href":"https:\/\/staytv.cr\/index.php\/wp-json\/wp\/v2\/categories?post=26141"},{"taxonomy":"post_tag","embeddable":true,"href":"https:\/\/staytv.cr\/index.php\/wp-json\/wp\/v2\/tags?post=26141"}],"curies":[{"name":"wp","href":"https:\/\/api.w.org\/{rel}","templated":true}]}}