{"id":26296,"date":"2025-12-03T10:06:53","date_gmt":"2025-12-03T16:06:53","guid":{"rendered":"https:\/\/staytv.cr\/?p=26296"},"modified":"2025-12-03T10:09:45","modified_gmt":"2025-12-03T16:09:45","slug":"captura-en-cartago-detienen-a-dos-de-banda-maruja","status":"publish","type":"post","link":"https:\/\/staytv.cr\/index.php\/2025\/12\/03\/captura-en-cartago-detienen-a-dos-de-banda-maruja\/","title":{"rendered":"Captura en Cartago: Detienen a dos de banda Maruja"},"content":{"rendered":"<p>Una importante <strong>Captura en Cartago<\/strong> fue lograda por la Unidad Especial de Apoyo de la Fuerza P\u00fablica, quienes detuvieron a dos sujetos vinculados a la estructura criminal conocida como \u00abMaruja\u00bb, en el marco de una investigaci\u00f3n liderada por la Polic\u00eda de Control de Drogas. El operativo, reportado el 1 de diciembre de 2025, tambi\u00e9n result\u00f3 en el decomiso de droga y elementos relacionados con actividades delictivas en esta zona de Cartago.<\/p>\n<p><iframe title=\"Captura en Cartago: Detienen a dos de banda Maruja\" width=\"1170\" height=\"658\" data-src=\"https:\/\/www.youtube.com\/embed\/FwVpOO-Bif4?feature=oembed\" frameborder=\"0\" allow=\"accelerometer; autoplay; clipboard-write; encrypted-media; gyroscope; picture-in-picture; web-share\" referrerpolicy=\"strict-origin-when-cross-origin\" allowfullscreen src=\"data:image\/svg+xml;base64,PHN2ZyB3aWR0aD0iMSIgaGVpZ2h0PSIxIiB4bWxucz0iaHR0cDovL3d3dy53My5vcmcvMjAwMC9zdmciPjwvc3ZnPg==\" class=\"lazyload\" data-load-mode=\"1\"><\/iframe><\/p>\n<h2>Detalles del operativo y detenciones<\/h2>\n<p>Los oficiales de la Fuerza P\u00fablica llevaron a cabo un allanamiento como parte de una investigaci\u00f3n en curso sobre la estructura criminal Maruja, conocida por su implicaci\u00f3n en eventos de violencia en Cartago. Durante la operaci\u00f3n, se logr\u00f3 la captura de dos individuos que formaban parte de esta organizaci\u00f3n delictiva. Aunque no se han revelado las identidades de los detenidos, las autoridades confirmaron que esta acci\u00f3n representa un golpe significativo a las actividades ilegales en la regi\u00f3n.<\/p>\n<h2>Decomiso de droga y armamento<\/h2>\n<p>Adem\u00e1s de la <strong>Captura en Cartago<\/strong>, el operativo result\u00f3 en el decomiso de droga de diferentes denominaciones, lo que refuerza la conexi\u00f3n de los detenidos con el tr\u00e1fico de estupefacientes. Asimismo, se incaut\u00f3 un tambor tipo cargador de un fusil ametrallador, un elemento que sugiere la capacidad de fuego de esta estructura criminal y el potencial peligro que representa para la seguridad de la comunidad. Estos hallazgos est\u00e1n siendo analizados como parte de la investigaci\u00f3n en curso.<\/p>\n<h2>Contexto de violencia en Cartago<\/h2>\n<p>La estructura Maruja ha sido vinculada a m\u00faltiples eventos de violencia en la zona de Cartago, lo que ha generado preocupaci\u00f3n entre los residentes y ha motivado una respuesta contundente por parte de las autoridades. La Polic\u00eda de Control de Drogas y la Fuerza P\u00fablica han intensificado sus esfuerzos para desmantelar este tipo de organizaciones, que afectan la tranquilidad y el bienestar de las comunidades locales. Esta <strong>Captura en Cartago<\/strong> es un paso importante en la lucha contra el crimen organizado en la regi\u00f3n.<\/p>\n<h2>Desarrollo del operativo<\/h2>\n<p>Durante el allanamiento, se report\u00f3 un momento de tensi\u00f3n cuando una persona intent\u00f3 huir por la parte trasera de la ubicaci\u00f3n, aunque no se ha confirmado si esta fue una de las personas detenidas. Los oficiales mantuvieron el control de la situaci\u00f3n, asegurando el \u00e1rea y procediendo con las detenciones y decomisos. Este tipo de operativos refleja el compromiso de las fuerzas de seguridad para contrarrestar las actividades delictivas y garantizar la protecci\u00f3n de los ciudadanos.<\/p>\n<h2>Cierre<\/h2>\n<p>La <strong>Captura en Cartago<\/strong> de dos sujetos vinculados a la estructura criminal Maruja, junto con el decomiso de droga y un cargador de fusil ametrallador, representa un avance significativo en la lucha contra el crimen organizado en la regi\u00f3n. Este operativo de la Fuerza P\u00fablica y la Polic\u00eda de Control de Drogas, llevado a cabo el 1 de diciembre de 2025, subraya la importancia de las acciones coordinadas para combatir la violencia y el tr\u00e1fico de drogas. Las autoridades contin\u00faan investigando para desmantelar por completo esta red criminal y devolver la seguridad a las comunidades afectadas.<\/p>\n<p><strong>Enlaces sugeridos:<\/strong><\/p>\n<ul>\n<li>Lea m\u00e1s noticias en <a href=\"https:\/\/staytv.cr\" target=\"_blank\" rel=\"noopener\">staytv.cr<\/a>, da Click AC\u00c1.<\/li>\n<\/ul>\n","protected":false},"excerpt":{"rendered":"<p>Una importante Captura en Cartago fue lograda por la Unidad Especial de Apoyo de la Fuerza P\u00fablica, quienes detuvieron a dos sujetos vinculados a la estructura criminal conocida como \u00abMaruja\u00bb, en el marco de una investigaci\u00f3n liderada por la Polic\u00eda de Control de Drogas. El operativo, reportado el 1 de diciembre de 2025, tambi\u00e9n result\u00f3 [&hellip;]<\/p>\n","protected":false},"author":10,"featured_media":26297,"comment_status":"open","ping_status":"open","sticky":false,"template":"","format":"standard","meta":{"episode_type":"","audio_file":"","podmotor_file_id":"","podmotor_episode_id":"","cover_image":"","cover_image_id":"","duration":"","filesize":"","filesize_raw":"","date_recorded":"","explicit":"","block":"","itunes_episode_number":"","itunes_title":"","itunes_season_number":"","itunes_episode_type":"","footnotes":""},"categories":[1],"tags":[2173,2168,2172,2170,2169,171,1505,2167,2174,2171],"class_list":{"0":"post-26296","1":"post","2":"type-post","3":"status-publish","4":"format-standard","5":"has-post-thumbnail","7":"category-sucesos","8":"tag-allanamiento","9":"tag-captura-en-cartago","10":"tag-cargador-fusil","11":"tag-decomiso-droga","12":"tag-estructura-maruja","13":"tag-fuerza-publica","14":"tag-policia-de-control-de-drogas","15":"tag-seguridad-costa-rica","16":"tag-sucesos-criminales","17":"tag-violencia-cartago"},"aioseo_notices":[],"aioseo_head":"\n\t\t<!-- All in One SEO Pro 4.8.3.2 - aioseo.com -->\n\t<meta name=\"description\" content=\"Captura en Cartago: Fuerza P\u00fablica detiene a dos sujetos de la estructura Maruja, decomisando droga y cargador de fusil.\" \/>\n\t<meta name=\"robots\" content=\"max-image-preview:large\" \/>\n\t<meta name=\"author\" content=\"Diego Molina\"\/>\n\t<link rel=\"canonical\" href=\"https:\/\/staytv.cr\/index.php\/2025\/12\/03\/captura-en-cartago-detienen-a-dos-de-banda-maruja\/\" \/>\n\t<meta name=\"generator\" content=\"All in One SEO Pro (AIOSEO) 4.8.3.2\" \/>\n\t\t<meta property=\"og:locale\" content=\"es_ES\" \/>\n\t\t<meta property=\"og:site_name\" content=\"Staytv - Medio de comunicaci\u00f3n digital de Costa Rica.\" \/>\n\t\t<meta property=\"og:type\" content=\"article\" \/>\n\t\t<meta property=\"og:title\" content=\"Captura en Cartago: Detienen a dos de banda Maruja\" \/>\n\t\t<meta property=\"og:description\" content=\"Captura en Cartago: Fuerza P\u00fablica detiene a dos sujetos de la estructura Maruja, decomisando droga y cargador de fusil.\" \/>\n\t\t<meta property=\"og:url\" content=\"https:\/\/staytv.cr\/index.php\/2025\/12\/03\/captura-en-cartago-detienen-a-dos-de-banda-maruja\/\" \/>\n\t\t<meta property=\"og:image\" content=\"https:\/\/staytv.cr\/wp-content\/uploads\/Sin-titulo-3-171.png\" \/>\n\t\t<meta property=\"og:image:secure_url\" content=\"https:\/\/staytv.cr\/wp-content\/uploads\/Sin-titulo-3-171.png\" \/>\n\t\t<meta property=\"og:image:width\" content=\"1280\" \/>\n\t\t<meta property=\"og:image:height\" content=\"720\" \/>\n\t\t<meta property=\"article:published_time\" content=\"2025-12-03T16:06:53+00:00\" \/>\n\t\t<meta property=\"article:modified_time\" content=\"2025-12-03T16:09:45+00:00\" \/>\n\t\t<meta property=\"article:publisher\" content=\"https:\/\/www.facebook.com\/staytvcr\" \/>\n\t\t<meta name=\"twitter:card\" content=\"summary_large_image\" \/>\n\t\t<meta name=\"twitter:title\" content=\"Captura en Cartago: Detienen a dos de banda Maruja\" \/>\n\t\t<meta name=\"twitter:description\" content=\"Captura en Cartago: Fuerza P\u00fablica detiene a dos sujetos de la estructura Maruja, decomisando droga y cargador de fusil.\" \/>\n\t\t<meta name=\"twitter:image\" content=\"https:\/\/staytv.cr\/wp-content\/uploads\/Sin-titulo-3-171.png\" \/>\n\t\t<script type=\"application\/ld+json\" class=\"aioseo-schema\">\n\t\t\t{\"@context\":\"https:\\\/\\\/schema.org\",\"@graph\":[{\"@type\":\"BreadcrumbList\",\"@id\":\"https:\\\/\\\/staytv.cr\\\/index.php\\\/2025\\\/12\\\/03\\\/captura-en-cartago-detienen-a-dos-de-banda-maruja\\\/#breadcrumblist\",\"itemListElement\":[{\"@type\":\"ListItem\",\"@id\":\"https:\\\/\\\/staytv.cr#listItem\",\"position\":1,\"name\":\"Home\",\"item\":\"https:\\\/\\\/staytv.cr\",\"nextItem\":{\"@type\":\"ListItem\",\"@id\":\"https:\\\/\\\/staytv.cr\\\/index.php\\\/category\\\/sucesos\\\/#listItem\",\"name\":\"SUCESOS\"}},{\"@type\":\"ListItem\",\"@id\":\"https:\\\/\\\/staytv.cr\\\/index.php\\\/category\\\/sucesos\\\/#listItem\",\"position\":2,\"name\":\"SUCESOS\",\"item\":\"https:\\\/\\\/staytv.cr\\\/index.php\\\/category\\\/sucesos\\\/\",\"nextItem\":{\"@type\":\"ListItem\",\"@id\":\"https:\\\/\\\/staytv.cr\\\/index.php\\\/2025\\\/12\\\/03\\\/captura-en-cartago-detienen-a-dos-de-banda-maruja\\\/#listItem\",\"name\":\"Captura en Cartago: Detienen a dos de banda Maruja\"},\"previousItem\":{\"@type\":\"ListItem\",\"@id\":\"https:\\\/\\\/staytv.cr#listItem\",\"name\":\"Home\"}},{\"@type\":\"ListItem\",\"@id\":\"https:\\\/\\\/staytv.cr\\\/index.php\\\/2025\\\/12\\\/03\\\/captura-en-cartago-detienen-a-dos-de-banda-maruja\\\/#listItem\",\"position\":3,\"name\":\"Captura en Cartago: Detienen a dos de banda Maruja\",\"previousItem\":{\"@type\":\"ListItem\",\"@id\":\"https:\\\/\\\/staytv.cr\\\/index.php\\\/category\\\/sucesos\\\/#listItem\",\"name\":\"SUCESOS\"}}]},{\"@type\":\"Organization\",\"@id\":\"https:\\\/\\\/staytv.cr\\\/#organization\",\"name\":\"Stay TV\",\"description\":\"Stay TV es un medio digital de noticias con base en Centroam\\u00e9rica, con cobertura local e internacional desde una mirada asi\\u00e1tica.\",\"url\":\"https:\\\/\\\/staytv.cr\\\/\",\"logo\":{\"@type\":\"ImageObject\",\"url\":\"https:\\\/\\\/staytv.cr\\\/wp-content\\\/uploads\\\/cropped-StayTV_logo_oficial_simple.png\",\"@id\":\"https:\\\/\\\/staytv.cr\\\/index.php\\\/2025\\\/12\\\/03\\\/captura-en-cartago-detienen-a-dos-de-banda-maruja\\\/#organizationLogo\",\"width\":2560,\"height\":769},\"image\":{\"@id\":\"https:\\\/\\\/staytv.cr\\\/index.php\\\/2025\\\/12\\\/03\\\/captura-en-cartago-detienen-a-dos-de-banda-maruja\\\/#organizationLogo\"},\"sameAs\":[\"https:\\\/\\\/www.instagram.com\\\/staytvcr\\\/\"]},{\"@type\":\"Person\",\"@id\":\"https:\\\/\\\/staytv.cr\\\/index.php\\\/author\\\/diegostaytv\\\/#author\",\"url\":\"https:\\\/\\\/staytv.cr\\\/index.php\\\/author\\\/diegostaytv\\\/\",\"name\":\"Diego Molina\",\"image\":{\"@type\":\"ImageObject\",\"url\":\"https:\\\/\\\/secure.gravatar.com\\\/avatar\\\/7d23cb63381aa64750c7e76727c208369ebd6f2565e9dc4c62e323b1ea59af41?s=96&d=mm&r=g\"}},{\"@type\":\"WebPage\",\"@id\":\"https:\\\/\\\/staytv.cr\\\/index.php\\\/2025\\\/12\\\/03\\\/captura-en-cartago-detienen-a-dos-de-banda-maruja\\\/#webpage\",\"url\":\"https:\\\/\\\/staytv.cr\\\/index.php\\\/2025\\\/12\\\/03\\\/captura-en-cartago-detienen-a-dos-de-banda-maruja\\\/\",\"name\":\"Captura en Cartago: Detienen a dos de banda Maruja\",\"description\":\"Captura en Cartago: Fuerza P\\u00fablica detiene a dos sujetos de la estructura Maruja, decomisando droga y cargador de fusil.\",\"inLanguage\":\"es-ES\",\"isPartOf\":{\"@id\":\"https:\\\/\\\/staytv.cr\\\/#website\"},\"breadcrumb\":{\"@id\":\"https:\\\/\\\/staytv.cr\\\/index.php\\\/2025\\\/12\\\/03\\\/captura-en-cartago-detienen-a-dos-de-banda-maruja\\\/#breadcrumblist\"},\"author\":{\"@id\":\"https:\\\/\\\/staytv.cr\\\/index.php\\\/author\\\/diegostaytv\\\/#author\"},\"creator\":{\"@id\":\"https:\\\/\\\/staytv.cr\\\/index.php\\\/author\\\/diegostaytv\\\/#author\"},\"image\":{\"@type\":\"ImageObject\",\"url\":\"https:\\\/\\\/staytv.cr\\\/wp-content\\\/uploads\\\/Sin-titulo-3-171.png\",\"@id\":\"https:\\\/\\\/staytv.cr\\\/index.php\\\/2025\\\/12\\\/03\\\/captura-en-cartago-detienen-a-dos-de-banda-maruja\\\/#mainImage\",\"width\":1280,\"height\":720,\"caption\":\"Imagen de captura en Cartago de banda Maruja\"},\"primaryImageOfPage\":{\"@id\":\"https:\\\/\\\/staytv.cr\\\/index.php\\\/2025\\\/12\\\/03\\\/captura-en-cartago-detienen-a-dos-de-banda-maruja\\\/#mainImage\"},\"datePublished\":\"2025-12-03T10:06:53-06:00\",\"dateModified\":\"2025-12-03T10:09:45-06:00\"},{\"@type\":\"WebSite\",\"@id\":\"https:\\\/\\\/staytv.cr\\\/#website\",\"url\":\"https:\\\/\\\/staytv.cr\\\/\",\"name\":\"Staytv\",\"description\":\"Medio de comunicaci\\u00f3n digital de Costa Rica.\",\"inLanguage\":\"es-ES\",\"publisher\":{\"@id\":\"https:\\\/\\\/staytv.cr\\\/#organization\"}}]}\n\t\t<\/script>\n\t\t<!-- All in One SEO Pro -->\r\n\t\t<title>Captura en Cartago: Detienen a dos de banda Maruja<\/title>\n\n","aioseo_head_json":{"title":"Captura en Cartago: Detienen a dos de banda Maruja","description":"Captura en Cartago: Fuerza P\u00fablica detiene a dos sujetos de la estructura Maruja, decomisando droga y cargador de fusil.","canonical_url":"https:\/\/staytv.cr\/index.php\/2025\/12\/03\/captura-en-cartago-detienen-a-dos-de-banda-maruja\/","robots":"max-image-preview:large","keywords":"","webmasterTools":{"miscellaneous":""},"schema":{"@context":"https:\/\/schema.org","@graph":[{"@type":"BreadcrumbList","@id":"https:\/\/staytv.cr\/index.php\/2025\/12\/03\/captura-en-cartago-detienen-a-dos-de-banda-maruja\/#breadcrumblist","itemListElement":[{"@type":"ListItem","@id":"https:\/\/staytv.cr#listItem","position":1,"name":"Home","item":"https:\/\/staytv.cr","nextItem":{"@type":"ListItem","@id":"https:\/\/staytv.cr\/index.php\/category\/sucesos\/#listItem","name":"SUCESOS"}},{"@type":"ListItem","@id":"https:\/\/staytv.cr\/index.php\/category\/sucesos\/#listItem","position":2,"name":"SUCESOS","item":"https:\/\/staytv.cr\/index.php\/category\/sucesos\/","nextItem":{"@type":"ListItem","@id":"https:\/\/staytv.cr\/index.php\/2025\/12\/03\/captura-en-cartago-detienen-a-dos-de-banda-maruja\/#listItem","name":"Captura en Cartago: Detienen a dos de banda Maruja"},"previousItem":{"@type":"ListItem","@id":"https:\/\/staytv.cr#listItem","name":"Home"}},{"@type":"ListItem","@id":"https:\/\/staytv.cr\/index.php\/2025\/12\/03\/captura-en-cartago-detienen-a-dos-de-banda-maruja\/#listItem","position":3,"name":"Captura en Cartago: Detienen a dos de banda Maruja","previousItem":{"@type":"ListItem","@id":"https:\/\/staytv.cr\/index.php\/category\/sucesos\/#listItem","name":"SUCESOS"}}]},{"@type":"Organization","@id":"https:\/\/staytv.cr\/#organization","name":"Stay TV","description":"Stay TV es un medio digital de noticias con base en Centroam\u00e9rica, con cobertura local e internacional desde una mirada asi\u00e1tica.","url":"https:\/\/staytv.cr\/","logo":{"@type":"ImageObject","url":"https:\/\/staytv.cr\/wp-content\/uploads\/cropped-StayTV_logo_oficial_simple.png","@id":"https:\/\/staytv.cr\/index.php\/2025\/12\/03\/captura-en-cartago-detienen-a-dos-de-banda-maruja\/#organizationLogo","width":2560,"height":769},"image":{"@id":"https:\/\/staytv.cr\/index.php\/2025\/12\/03\/captura-en-cartago-detienen-a-dos-de-banda-maruja\/#organizationLogo"},"sameAs":["https:\/\/www.instagram.com\/staytvcr\/"]},{"@type":"Person","@id":"https:\/\/staytv.cr\/index.php\/author\/diegostaytv\/#author","url":"https:\/\/staytv.cr\/index.php\/author\/diegostaytv\/","name":"Diego Molina","image":{"@type":"ImageObject","url":"https:\/\/secure.gravatar.com\/avatar\/7d23cb63381aa64750c7e76727c208369ebd6f2565e9dc4c62e323b1ea59af41?s=96&d=mm&r=g"}},{"@type":"WebPage","@id":"https:\/\/staytv.cr\/index.php\/2025\/12\/03\/captura-en-cartago-detienen-a-dos-de-banda-maruja\/#webpage","url":"https:\/\/staytv.cr\/index.php\/2025\/12\/03\/captura-en-cartago-detienen-a-dos-de-banda-maruja\/","name":"Captura en Cartago: Detienen a dos de banda Maruja","description":"Captura en Cartago: Fuerza P\u00fablica detiene a dos sujetos de la estructura Maruja, decomisando droga y cargador de fusil.","inLanguage":"es-ES","isPartOf":{"@id":"https:\/\/staytv.cr\/#website"},"breadcrumb":{"@id":"https:\/\/staytv.cr\/index.php\/2025\/12\/03\/captura-en-cartago-detienen-a-dos-de-banda-maruja\/#breadcrumblist"},"author":{"@id":"https:\/\/staytv.cr\/index.php\/author\/diegostaytv\/#author"},"creator":{"@id":"https:\/\/staytv.cr\/index.php\/author\/diegostaytv\/#author"},"image":{"@type":"ImageObject","url":"https:\/\/staytv.cr\/wp-content\/uploads\/Sin-titulo-3-171.png","@id":"https:\/\/staytv.cr\/index.php\/2025\/12\/03\/captura-en-cartago-detienen-a-dos-de-banda-maruja\/#mainImage","width":1280,"height":720,"caption":"Imagen de captura en Cartago de banda Maruja"},"primaryImageOfPage":{"@id":"https:\/\/staytv.cr\/index.php\/2025\/12\/03\/captura-en-cartago-detienen-a-dos-de-banda-maruja\/#mainImage"},"datePublished":"2025-12-03T10:06:53-06:00","dateModified":"2025-12-03T10:09:45-06:00"},{"@type":"WebSite","@id":"https:\/\/staytv.cr\/#website","url":"https:\/\/staytv.cr\/","name":"Staytv","description":"Medio de comunicaci\u00f3n digital de Costa Rica.","inLanguage":"es-ES","publisher":{"@id":"https:\/\/staytv.cr\/#organization"}}]},"og:locale":"es_ES","og:site_name":"Staytv - Medio de comunicaci\u00f3n digital de Costa Rica.","og:type":"article","og:title":"Captura en Cartago: Detienen a dos de banda Maruja","og:description":"Captura en Cartago: Fuerza P\u00fablica detiene a dos sujetos de la estructura Maruja, decomisando droga y cargador de fusil.","og:url":"https:\/\/staytv.cr\/index.php\/2025\/12\/03\/captura-en-cartago-detienen-a-dos-de-banda-maruja\/","og:image":"https:\/\/staytv.cr\/wp-content\/uploads\/Sin-titulo-3-171.png","og:image:secure_url":"https:\/\/staytv.cr\/wp-content\/uploads\/Sin-titulo-3-171.png","og:image:width":1280,"og:image:height":720,"article:published_time":"2025-12-03T16:06:53+00:00","article:modified_time":"2025-12-03T16:09:45+00:00","article:publisher":"https:\/\/www.facebook.com\/staytvcr","twitter:card":"summary_large_image","twitter:title":"Captura en Cartago: Detienen a dos de banda Maruja","twitter:description":"Captura en Cartago: Fuerza P\u00fablica detiene a dos sujetos de la estructura Maruja, decomisando droga y cargador de fusil.","twitter:image":"https:\/\/staytv.cr\/wp-content\/uploads\/Sin-titulo-3-171.png"},"aioseo_meta_data":{"post_id":"26296","title":"Captura en Cartago: Detienen a dos de banda Maruja","description":"Captura en Cartago: Fuerza P\u00fablica detiene a dos sujetos de la estructura Maruja, decomisando droga y cargador de fusil.","keywords":null,"keyphrases":{"focus":{"keyphrase":"Captura en Cartago","score":90,"analysis":{"keyphraseInTitle":{"score":9,"maxScore":9,"error":0},"keyphraseInDescription":{"score":9,"maxScore":9,"error":0},"keyphraseLength":{"score":9,"maxScore":9,"error":0,"length":3},"keyphraseInURL":{"score":5,"maxScore":5,"error":0},"keyphraseInIntroduction":{"score":9,"maxScore":9,"error":0},"keyphraseInSubHeadings":{"score":3,"maxScore":9,"error":1},"keyphraseInImageAlt":[],"keywordDensity":{"type":"best","score":9,"maxScore":9,"error":0}}},"additional":[]},"canonical_url":null,"og_title":null,"og_description":null,"og_object_type":"default","og_image_type":"default","og_image_custom_url":null,"og_image_custom_fields":null,"og_custom_image_width":null,"og_custom_image_height":null,"og_video":"","og_custom_url":null,"og_article_section":null,"og_article_tags":null,"twitter_use_og":true,"twitter_card":"default","twitter_image_type":"default","twitter_image_custom_url":null,"twitter_image_custom_fields":null,"twitter_title":null,"twitter_description":null,"schema_type":null,"schema_type_options":null,"pillar_content":false,"robots_default":true,"robots_noindex":false,"robots_noarchive":false,"robots_nosnippet":false,"robots_nofollow":false,"robots_noimageindex":false,"robots_noodp":false,"robots_notranslate":false,"robots_max_snippet":"-1","robots_max_videopreview":"-1","robots_max_imagepreview":"none","tabs":null,"priority":null,"frequency":"default","local_seo":null,"created":"2025-12-03 16:03:09","updated":"2025-12-03 16:09:45"},"aioseo_breadcrumb":"<div class=\"aioseo-breadcrumbs\"><span class=\"aioseo-breadcrumb\">\n\t<a href=\"https:\/\/staytv.cr\" title=\"Home\">Home<\/a>\n<\/span><span class=\"aioseo-breadcrumb-separator\">&raquo;<\/span><span class=\"aioseo-breadcrumb\">\n\t<a href=\"https:\/\/staytv.cr\/index.php\/category\/sucesos\/\" title=\"SUCESOS\">SUCESOS<\/a>\n<\/span><span class=\"aioseo-breadcrumb-separator\">&raquo;<\/span><span class=\"aioseo-breadcrumb\">\n\tCaptura en Cartago: Detienen a dos de banda Maruja\n<\/span><\/div>","aioseo_breadcrumb_json":[{"label":"Home","link":"https:\/\/staytv.cr"},{"label":"SUCESOS","link":"https:\/\/staytv.cr\/index.php\/category\/sucesos\/"},{"label":"Captura en Cartago: Detienen a dos de banda Maruja","link":"https:\/\/staytv.cr\/index.php\/2025\/12\/03\/captura-en-cartago-detienen-a-dos-de-banda-maruja\/"}],"_links":{"self":[{"href":"https:\/\/staytv.cr\/index.php\/wp-json\/wp\/v2\/posts\/26296","targetHints":{"allow":["GET"]}}],"collection":[{"href":"https:\/\/staytv.cr\/index.php\/wp-json\/wp\/v2\/posts"}],"about":[{"href":"https:\/\/staytv.cr\/index.php\/wp-json\/wp\/v2\/types\/post"}],"author":[{"embeddable":true,"href":"https:\/\/staytv.cr\/index.php\/wp-json\/wp\/v2\/users\/10"}],"replies":[{"embeddable":true,"href":"https:\/\/staytv.cr\/index.php\/wp-json\/wp\/v2\/comments?post=26296"}],"version-history":[{"count":1,"href":"https:\/\/staytv.cr\/index.php\/wp-json\/wp\/v2\/posts\/26296\/revisions"}],"predecessor-version":[{"id":26298,"href":"https:\/\/staytv.cr\/index.php\/wp-json\/wp\/v2\/posts\/26296\/revisions\/26298"}],"wp:featuredmedia":[{"embeddable":true,"href":"https:\/\/staytv.cr\/index.php\/wp-json\/wp\/v2\/media\/26297"}],"wp:attachment":[{"href":"https:\/\/staytv.cr\/index.php\/wp-json\/wp\/v2\/media?parent=26296"}],"wp:term":[{"taxonomy":"category","embeddable":true,"href":"https:\/\/staytv.cr\/index.php\/wp-json\/wp\/v2\/categories?post=26296"},{"taxonomy":"post_tag","embeddable":true,"href":"https:\/\/staytv.cr\/index.php\/wp-json\/wp\/v2\/tags?post=26296"}],"curies":[{"name":"wp","href":"https:\/\/api.w.org\/{rel}","templated":true}]}}