{"id":26326,"date":"2025-12-03T16:24:05","date_gmt":"2025-12-03T22:24:05","guid":{"rendered":"https:\/\/staytv.cr\/?p=26326"},"modified":"2025-12-03T17:44:14","modified_gmt":"2025-12-03T23:44:14","slug":"china-y-costa-rica-tension-por-declaraciones-de-embajada","status":"publish","type":"post","link":"https:\/\/staytv.cr\/index.php\/2025\/12\/03\/china-y-costa-rica-tension-por-declaraciones-de-embajada\/","title":{"rendered":"China y Costa Rica: Tensi\u00f3n por declaraciones de embajada"},"content":{"rendered":"<p>Una controversia entre <strong>China y Costa Rica<\/strong> ha surgido tras un comunicado emitido por la Embajada de China en San Jos\u00e9 el 2 de diciembre de 2025, en respuesta a declaraciones del candidato presidencial del Partido Liberal Progresista (PLP) y diputado Eli\u00e9cer Feinzaig. En una entrevista con La Naci\u00f3n, Feinzaig abord\u00f3 temas relacionados con China y Taiw\u00e1n, lo que provoc\u00f3 una fuerte reacci\u00f3n de la Embajada, acus\u00e1ndolo de violar el principio de una sola China y de intervenir en asuntos internos, mientras el PLP rechaza lo que considera una injerencia extranjera en las elecciones costarricenses.<\/p>\n<h2>Posici\u00f3n de la Embajada China<\/h2>\n<p>En su comunicado, la Embajada de China reitera que el Gobierno de la Rep\u00fablica Popular China es el \u00fanico representante leg\u00edtimo de toda China y que Taiw\u00e1n es parte inalienable de su territorio, subrayando que el principio de una sola China es un consenso internacional y la base de sus relaciones amistosas con otros pa\u00edses. Adem\u00e1s, critica la narrativa de \u201cdemocracia versus totalitarismo\u201d como divisiva y defiende la tecnolog\u00eda 5G de empresas chinas, rechazando su politizaci\u00f3n. La Embajada califica las declaraciones de Feinzaig como un \u201cpuro show pol\u00edtico\u201d que involucra a China en las elecciones de Costa Rica, inst\u00e1ndolo a no enviar se\u00f1ales err\u00f3neas a fuerzas secesionistas de Taiw\u00e1n y a \u201cno jugar con el fuego\u201d en temas sensibles para sus intereses.<\/p>\n<h2>Respuesta de Eli\u00e9cer Feinzaig y el PLP<\/h2>\n<p>Eli\u00e9cer Feinzaig y el PLP han rechazado categ\u00f3ricamente el comunicado de la Embajada China, consider\u00e1ndolo un intento de influir en las elecciones costarricenses y un ataque a la soberan\u00eda nacional. Feinzaig afirm\u00f3 que \u201cCosta Rica no acepta injerencias extranjeras\u201d y lament\u00f3 lo que describe como una amenaza velada en expresiones como \u201ctomar nota\u201d y \u201cno jugar con el fuego\u201d, que interpreta como un lenguaje violento e inaceptable. El PLP defiende su derecho constitucional a emitir opiniones libres y sostiene que Costa Rica, como democracia s\u00f3lida, decide su pol\u00edtica exterior sin imposiciones de potencias extranjeras.<\/p>\n<p><!-- CAJA DE VIDEO + DOFOLLOW (RESPONSIVE) --><\/p>\n<div style=\"margin: 20px 0; width: 100%;\">\n<p><!-- VIDEO RESPONSIVE 16:9 --><\/p>\n<div style=\"position: relative; width: 100%; padding-bottom: 56.25%; height: 0; overflow: hidden; border-radius: 12px;\"><iframe style=\"position: absolute; top: 0; left: 0; width: 100%; height: 100%; border: 0;\" data-src=\"https:\/\/www.youtube.com\/embed\/3ifq9K20304\" allowfullscreen=\"allowfullscreen\" src=\"data:image\/svg+xml;base64,PHN2ZyB3aWR0aD0iMSIgaGVpZ2h0PSIxIiB4bWxucz0iaHR0cDovL3d3dy53My5vcmcvMjAwMC9zdmciPjwvc3ZnPg==\" class=\"lazyload\" data-load-mode=\"1\"><br \/>\n<\/iframe><\/div>\n<p><!-- ENLACE DOFOLLOW --><\/p>\n<p style=\"margin-top: 12px; font-size: 15px;\"><strong>Recurso externo:<\/strong><br \/>\n<a href=\"https:\/\/youtu.be\/3ifq9K20304\">Ver video completo en YouTube<\/a><\/p>\n<\/div>\n<p>&nbsp;<\/p>\n<p>Feinzaig aclar\u00f3 que su propuesta incluye reestablecer relaciones diplom\u00e1ticas con Taiw\u00e1n sin romper los v\u00ednculos con China, destacando que desea buenas relaciones con el pueblo chino, pero no bajo imposiciones de su gobierno. Adem\u00e1s, cita resoluciones internacionales y del Parlamento Europeo que apoyan el reconocimiento de la vocaci\u00f3n democr\u00e1tica de Taiw\u00e1n, argumentando que la democracia es un derecho universal y no un privilegio de unos pocos, en clara discrepancia con la postura china.<\/p>\n<h2>Debate sobre soberan\u00eda e injerencia<\/h2>\n<p>El enfrentamiento entre <strong>China y Costa Rica<\/strong> pone de relieve tensiones sobre la soberan\u00eda y la libertad de expresi\u00f3n en el contexto electoral. Mientras la Embajada China acusa a Feinzaig de politizar las relaciones bilaterales y violar principios internacionales, el PLP sostiene que China confunde la leg\u00edtima opini\u00f3n pol\u00edtica con una supuesta intervenci\u00f3n en asuntos internos, cuando, seg\u00fan Feinzaig, es precisamente la Embajada la que interfiere al pronunciarse durante un proceso electoral costarricense. Este incidente resalta las diferencias fundamentales en la percepci\u00f3n de democracia y pol\u00edtica exterior entre ambas partes.<\/p>\n<h2>Implicaciones para las elecciones y la pol\u00edtica exterior<\/h2>\n<p>Las declaraciones de la Embajada China y la respuesta del PLP han generado un debate sobre el rol de potencias extranjeras en las elecciones de Costa Rica, previstas para 2026. La propuesta de Feinzaig de reabrir relaciones con Taiw\u00e1n, sin romper con China, podr\u00eda influir en el dise\u00f1o de la pol\u00edtica exterior del pa\u00eds si el PLP llegara al poder, mientras la postura china busca reafirmar el principio de una sola China como base de sus v\u00ednculos internacionales. Este conflicto podr\u00eda polarizar opiniones entre los votantes costarricenses y afectar la percepci\u00f3n de las relaciones bilaterales.<\/p>\n<h2>Cierre<\/h2>\n<p>La controversia entre <strong>China y Costa Rica<\/strong>, desatada por el comunicado de la Embajada China contra Eli\u00e9cer Feinzaig el 2 de diciembre de 2025, refleja profundas diferencias sobre democracia, soberan\u00eda y pol\u00edtica exterior. Mientras China defiende el principio de una sola China y critica las declaraciones del candidato del PLP como un show pol\u00edtico, Feinzaig y su partido rechazan lo que consideran una injerencia inaceptable en las elecciones costarricenses. Este enfrentamiento subraya la importancia de proteger la autonom\u00eda nacional y el derecho a la libre expresi\u00f3n en un contexto electoral cada vez m\u00e1s complejo.<\/p>\n<p><strong>Enlaces sugeridos:<\/strong><\/p>\n<ul>\n<li>Lea m\u00e1s noticias en <a href=\"https:\/\/staytv.cr\" target=\"_blank\" rel=\"noopener\">staytv.cr<\/a>, da Click AC\u00c1.<\/li>\n<\/ul>\n","protected":false},"excerpt":{"rendered":"<p>Una controversia entre China y Costa Rica ha surgido tras un comunicado emitido por la Embajada de China en San Jos\u00e9 el 2 de diciembre de 2025, en respuesta a declaraciones del candidato presidencial del Partido Liberal Progresista (PLP) y diputado Eli\u00e9cer Feinzaig. En una entrevista con La Naci\u00f3n, Feinzaig abord\u00f3 temas relacionados con China [&hellip;]<\/p>\n","protected":false},"author":10,"featured_media":26327,"comment_status":"open","ping_status":"open","sticky":false,"template":"","format":"standard","meta":{"episode_type":"","audio_file":"","podmotor_file_id":"","podmotor_episode_id":"","cover_image":"","cover_image_id":"","duration":"","filesize":"","filesize_raw":"","date_recorded":"","explicit":"","block":"","itunes_episode_number":"","itunes_title":"","itunes_season_number":"","itunes_episode_type":"","footnotes":""},"categories":[13],"tags":[2185,2236,2235,2186,2230,2234,2237,2231,2232,2233],"class_list":{"0":"post-26326","1":"post","2":"type-post","3":"status-publish","4":"format-standard","5":"has-post-thumbnail","7":"category-nacional","8":"tag-china-y-costa-rica","9":"tag-democracia-soberania","10":"tag-elecciones-costa-rica","11":"tag-eliecer-feinzaig","12":"tag-embajada-china","13":"tag-injerencia-extranjera","14":"tag-noticias-politicas","15":"tag-plp-costa-rica","16":"tag-principio-una-china","17":"tag-relaciones-taiwan"},"aioseo_notices":[],"aioseo_head":"\n\t\t<!-- All in One SEO Pro 4.8.3.2 - aioseo.com -->\n\t<meta name=\"description\" content=\"China y Costa Rica: Embajada China critica a Feinzaig del PLP por comentarios sobre Taiw\u00e1n, generando rechazo por injerencia.\" \/>\n\t<meta name=\"robots\" content=\"max-image-preview:large\" \/>\n\t<meta name=\"author\" content=\"Diego Molina\"\/>\n\t<link rel=\"canonical\" href=\"https:\/\/staytv.cr\/index.php\/2025\/12\/03\/china-y-costa-rica-tension-por-declaraciones-de-embajada\/\" \/>\n\t<meta name=\"generator\" content=\"All in One SEO Pro (AIOSEO) 4.8.3.2\" \/>\n\t\t<meta property=\"og:locale\" content=\"es_ES\" \/>\n\t\t<meta property=\"og:site_name\" content=\"Staytv - Medio de comunicaci\u00f3n digital de Costa Rica.\" \/>\n\t\t<meta property=\"og:type\" content=\"article\" \/>\n\t\t<meta property=\"og:title\" content=\"China y Costa Rica: Tensi\u00f3n por declaraciones de embajada\" \/>\n\t\t<meta property=\"og:description\" content=\"China y Costa Rica: Embajada China critica a Feinzaig del PLP por comentarios sobre Taiw\u00e1n, generando rechazo por injerencia.\" \/>\n\t\t<meta property=\"og:url\" content=\"https:\/\/staytv.cr\/index.php\/2025\/12\/03\/china-y-costa-rica-tension-por-declaraciones-de-embajada\/\" \/>\n\t\t<meta property=\"og:image\" content=\"https:\/\/staytv.cr\/wp-content\/uploads\/Sin-titulo-10-125.png\" \/>\n\t\t<meta property=\"og:image:secure_url\" content=\"https:\/\/staytv.cr\/wp-content\/uploads\/Sin-titulo-10-125.png\" \/>\n\t\t<meta property=\"og:image:width\" content=\"1280\" \/>\n\t\t<meta property=\"og:image:height\" content=\"720\" \/>\n\t\t<meta property=\"article:published_time\" content=\"2025-12-03T22:24:05+00:00\" \/>\n\t\t<meta property=\"article:modified_time\" content=\"2025-12-03T23:44:14+00:00\" \/>\n\t\t<meta property=\"article:publisher\" content=\"https:\/\/www.facebook.com\/staytvcr\" \/>\n\t\t<meta name=\"twitter:card\" content=\"summary_large_image\" \/>\n\t\t<meta name=\"twitter:title\" content=\"China y Costa Rica: Tensi\u00f3n por declaraciones de embajada\" \/>\n\t\t<meta name=\"twitter:description\" content=\"China y Costa Rica: Embajada China critica a Feinzaig del PLP por comentarios sobre Taiw\u00e1n, generando rechazo por injerencia.\" \/>\n\t\t<meta name=\"twitter:image\" content=\"https:\/\/staytv.cr\/wp-content\/uploads\/Sin-titulo-10-125.png\" \/>\n\t\t<script type=\"application\/ld+json\" class=\"aioseo-schema\">\n\t\t\t{\"@context\":\"https:\\\/\\\/schema.org\",\"@graph\":[{\"@type\":\"BreadcrumbList\",\"@id\":\"https:\\\/\\\/staytv.cr\\\/index.php\\\/2025\\\/12\\\/03\\\/china-y-costa-rica-tension-por-declaraciones-de-embajada\\\/#breadcrumblist\",\"itemListElement\":[{\"@type\":\"ListItem\",\"@id\":\"https:\\\/\\\/staytv.cr#listItem\",\"position\":1,\"name\":\"Home\",\"item\":\"https:\\\/\\\/staytv.cr\",\"nextItem\":{\"@type\":\"ListItem\",\"@id\":\"https:\\\/\\\/staytv.cr\\\/index.php\\\/category\\\/nacional\\\/#listItem\",\"name\":\"NACIONAL\"}},{\"@type\":\"ListItem\",\"@id\":\"https:\\\/\\\/staytv.cr\\\/index.php\\\/category\\\/nacional\\\/#listItem\",\"position\":2,\"name\":\"NACIONAL\",\"item\":\"https:\\\/\\\/staytv.cr\\\/index.php\\\/category\\\/nacional\\\/\",\"nextItem\":{\"@type\":\"ListItem\",\"@id\":\"https:\\\/\\\/staytv.cr\\\/index.php\\\/2025\\\/12\\\/03\\\/china-y-costa-rica-tension-por-declaraciones-de-embajada\\\/#listItem\",\"name\":\"China y Costa Rica: Tensi\\u00f3n por declaraciones de embajada\"},\"previousItem\":{\"@type\":\"ListItem\",\"@id\":\"https:\\\/\\\/staytv.cr#listItem\",\"name\":\"Home\"}},{\"@type\":\"ListItem\",\"@id\":\"https:\\\/\\\/staytv.cr\\\/index.php\\\/2025\\\/12\\\/03\\\/china-y-costa-rica-tension-por-declaraciones-de-embajada\\\/#listItem\",\"position\":3,\"name\":\"China y Costa Rica: Tensi\\u00f3n por declaraciones de embajada\",\"previousItem\":{\"@type\":\"ListItem\",\"@id\":\"https:\\\/\\\/staytv.cr\\\/index.php\\\/category\\\/nacional\\\/#listItem\",\"name\":\"NACIONAL\"}}]},{\"@type\":\"Organization\",\"@id\":\"https:\\\/\\\/staytv.cr\\\/#organization\",\"name\":\"Stay TV\",\"description\":\"Stay TV es un medio digital de noticias con base en Centroam\\u00e9rica, con cobertura local e internacional desde una mirada asi\\u00e1tica.\",\"url\":\"https:\\\/\\\/staytv.cr\\\/\",\"logo\":{\"@type\":\"ImageObject\",\"url\":\"https:\\\/\\\/staytv.cr\\\/wp-content\\\/uploads\\\/cropped-StayTV_logo_oficial_simple.png\",\"@id\":\"https:\\\/\\\/staytv.cr\\\/index.php\\\/2025\\\/12\\\/03\\\/china-y-costa-rica-tension-por-declaraciones-de-embajada\\\/#organizationLogo\",\"width\":2560,\"height\":769},\"image\":{\"@id\":\"https:\\\/\\\/staytv.cr\\\/index.php\\\/2025\\\/12\\\/03\\\/china-y-costa-rica-tension-por-declaraciones-de-embajada\\\/#organizationLogo\"},\"sameAs\":[\"https:\\\/\\\/www.instagram.com\\\/staytvcr\\\/\"]},{\"@type\":\"Person\",\"@id\":\"https:\\\/\\\/staytv.cr\\\/index.php\\\/author\\\/diegostaytv\\\/#author\",\"url\":\"https:\\\/\\\/staytv.cr\\\/index.php\\\/author\\\/diegostaytv\\\/\",\"name\":\"Diego Molina\",\"image\":{\"@type\":\"ImageObject\",\"url\":\"https:\\\/\\\/secure.gravatar.com\\\/avatar\\\/7d23cb63381aa64750c7e76727c208369ebd6f2565e9dc4c62e323b1ea59af41?s=96&d=mm&r=g\"}},{\"@type\":\"WebPage\",\"@id\":\"https:\\\/\\\/staytv.cr\\\/index.php\\\/2025\\\/12\\\/03\\\/china-y-costa-rica-tension-por-declaraciones-de-embajada\\\/#webpage\",\"url\":\"https:\\\/\\\/staytv.cr\\\/index.php\\\/2025\\\/12\\\/03\\\/china-y-costa-rica-tension-por-declaraciones-de-embajada\\\/\",\"name\":\"China y Costa Rica: Tensi\\u00f3n por declaraciones de embajada\",\"description\":\"China y Costa Rica: Embajada China critica a Feinzaig del PLP por comentarios sobre Taiw\\u00e1n, generando rechazo por injerencia.\",\"inLanguage\":\"es-ES\",\"isPartOf\":{\"@id\":\"https:\\\/\\\/staytv.cr\\\/#website\"},\"breadcrumb\":{\"@id\":\"https:\\\/\\\/staytv.cr\\\/index.php\\\/2025\\\/12\\\/03\\\/china-y-costa-rica-tension-por-declaraciones-de-embajada\\\/#breadcrumblist\"},\"author\":{\"@id\":\"https:\\\/\\\/staytv.cr\\\/index.php\\\/author\\\/diegostaytv\\\/#author\"},\"creator\":{\"@id\":\"https:\\\/\\\/staytv.cr\\\/index.php\\\/author\\\/diegostaytv\\\/#author\"},\"image\":{\"@type\":\"ImageObject\",\"url\":\"https:\\\/\\\/staytv.cr\\\/wp-content\\\/uploads\\\/Sin-titulo-10-125.png\",\"@id\":\"https:\\\/\\\/staytv.cr\\\/index.php\\\/2025\\\/12\\\/03\\\/china-y-costa-rica-tension-por-declaraciones-de-embajada\\\/#mainImage\",\"width\":1280,\"height\":720,\"caption\":\"Imagen de China y Costa Rica en tensi\\u00f3n pol\\u00edtica\"},\"primaryImageOfPage\":{\"@id\":\"https:\\\/\\\/staytv.cr\\\/index.php\\\/2025\\\/12\\\/03\\\/china-y-costa-rica-tension-por-declaraciones-de-embajada\\\/#mainImage\"},\"datePublished\":\"2025-12-03T16:24:05-06:00\",\"dateModified\":\"2025-12-03T17:44:14-06:00\"},{\"@type\":\"WebSite\",\"@id\":\"https:\\\/\\\/staytv.cr\\\/#website\",\"url\":\"https:\\\/\\\/staytv.cr\\\/\",\"name\":\"Staytv\",\"description\":\"Medio de comunicaci\\u00f3n digital de Costa Rica.\",\"inLanguage\":\"es-ES\",\"publisher\":{\"@id\":\"https:\\\/\\\/staytv.cr\\\/#organization\"}}]}\n\t\t<\/script>\n\t\t<!-- All in One SEO Pro -->\r\n\t\t<title>China y Costa Rica: Tensi\u00f3n por declaraciones de embajada<\/title>\n\n","aioseo_head_json":{"title":"China y Costa Rica: Tensi\u00f3n por declaraciones de embajada","description":"China y Costa Rica: Embajada China critica a Feinzaig del PLP por comentarios sobre Taiw\u00e1n, generando rechazo por injerencia.","canonical_url":"https:\/\/staytv.cr\/index.php\/2025\/12\/03\/china-y-costa-rica-tension-por-declaraciones-de-embajada\/","robots":"max-image-preview:large","keywords":"","webmasterTools":{"miscellaneous":""},"schema":{"@context":"https:\/\/schema.org","@graph":[{"@type":"BreadcrumbList","@id":"https:\/\/staytv.cr\/index.php\/2025\/12\/03\/china-y-costa-rica-tension-por-declaraciones-de-embajada\/#breadcrumblist","itemListElement":[{"@type":"ListItem","@id":"https:\/\/staytv.cr#listItem","position":1,"name":"Home","item":"https:\/\/staytv.cr","nextItem":{"@type":"ListItem","@id":"https:\/\/staytv.cr\/index.php\/category\/nacional\/#listItem","name":"NACIONAL"}},{"@type":"ListItem","@id":"https:\/\/staytv.cr\/index.php\/category\/nacional\/#listItem","position":2,"name":"NACIONAL","item":"https:\/\/staytv.cr\/index.php\/category\/nacional\/","nextItem":{"@type":"ListItem","@id":"https:\/\/staytv.cr\/index.php\/2025\/12\/03\/china-y-costa-rica-tension-por-declaraciones-de-embajada\/#listItem","name":"China y Costa Rica: Tensi\u00f3n por declaraciones de embajada"},"previousItem":{"@type":"ListItem","@id":"https:\/\/staytv.cr#listItem","name":"Home"}},{"@type":"ListItem","@id":"https:\/\/staytv.cr\/index.php\/2025\/12\/03\/china-y-costa-rica-tension-por-declaraciones-de-embajada\/#listItem","position":3,"name":"China y Costa Rica: Tensi\u00f3n por declaraciones de embajada","previousItem":{"@type":"ListItem","@id":"https:\/\/staytv.cr\/index.php\/category\/nacional\/#listItem","name":"NACIONAL"}}]},{"@type":"Organization","@id":"https:\/\/staytv.cr\/#organization","name":"Stay TV","description":"Stay TV es un medio digital de noticias con base en Centroam\u00e9rica, con cobertura local e internacional desde una mirada asi\u00e1tica.","url":"https:\/\/staytv.cr\/","logo":{"@type":"ImageObject","url":"https:\/\/staytv.cr\/wp-content\/uploads\/cropped-StayTV_logo_oficial_simple.png","@id":"https:\/\/staytv.cr\/index.php\/2025\/12\/03\/china-y-costa-rica-tension-por-declaraciones-de-embajada\/#organizationLogo","width":2560,"height":769},"image":{"@id":"https:\/\/staytv.cr\/index.php\/2025\/12\/03\/china-y-costa-rica-tension-por-declaraciones-de-embajada\/#organizationLogo"},"sameAs":["https:\/\/www.instagram.com\/staytvcr\/"]},{"@type":"Person","@id":"https:\/\/staytv.cr\/index.php\/author\/diegostaytv\/#author","url":"https:\/\/staytv.cr\/index.php\/author\/diegostaytv\/","name":"Diego Molina","image":{"@type":"ImageObject","url":"https:\/\/secure.gravatar.com\/avatar\/7d23cb63381aa64750c7e76727c208369ebd6f2565e9dc4c62e323b1ea59af41?s=96&d=mm&r=g"}},{"@type":"WebPage","@id":"https:\/\/staytv.cr\/index.php\/2025\/12\/03\/china-y-costa-rica-tension-por-declaraciones-de-embajada\/#webpage","url":"https:\/\/staytv.cr\/index.php\/2025\/12\/03\/china-y-costa-rica-tension-por-declaraciones-de-embajada\/","name":"China y Costa Rica: Tensi\u00f3n por declaraciones de embajada","description":"China y Costa Rica: Embajada China critica a Feinzaig del PLP por comentarios sobre Taiw\u00e1n, generando rechazo por injerencia.","inLanguage":"es-ES","isPartOf":{"@id":"https:\/\/staytv.cr\/#website"},"breadcrumb":{"@id":"https:\/\/staytv.cr\/index.php\/2025\/12\/03\/china-y-costa-rica-tension-por-declaraciones-de-embajada\/#breadcrumblist"},"author":{"@id":"https:\/\/staytv.cr\/index.php\/author\/diegostaytv\/#author"},"creator":{"@id":"https:\/\/staytv.cr\/index.php\/author\/diegostaytv\/#author"},"image":{"@type":"ImageObject","url":"https:\/\/staytv.cr\/wp-content\/uploads\/Sin-titulo-10-125.png","@id":"https:\/\/staytv.cr\/index.php\/2025\/12\/03\/china-y-costa-rica-tension-por-declaraciones-de-embajada\/#mainImage","width":1280,"height":720,"caption":"Imagen de China y Costa Rica en tensi\u00f3n pol\u00edtica"},"primaryImageOfPage":{"@id":"https:\/\/staytv.cr\/index.php\/2025\/12\/03\/china-y-costa-rica-tension-por-declaraciones-de-embajada\/#mainImage"},"datePublished":"2025-12-03T16:24:05-06:00","dateModified":"2025-12-03T17:44:14-06:00"},{"@type":"WebSite","@id":"https:\/\/staytv.cr\/#website","url":"https:\/\/staytv.cr\/","name":"Staytv","description":"Medio de comunicaci\u00f3n digital de Costa Rica.","inLanguage":"es-ES","publisher":{"@id":"https:\/\/staytv.cr\/#organization"}}]},"og:locale":"es_ES","og:site_name":"Staytv - Medio de comunicaci\u00f3n digital de Costa Rica.","og:type":"article","og:title":"China y Costa Rica: Tensi\u00f3n por declaraciones de embajada","og:description":"China y Costa Rica: Embajada China critica a Feinzaig del PLP por comentarios sobre Taiw\u00e1n, generando rechazo por injerencia.","og:url":"https:\/\/staytv.cr\/index.php\/2025\/12\/03\/china-y-costa-rica-tension-por-declaraciones-de-embajada\/","og:image":"https:\/\/staytv.cr\/wp-content\/uploads\/Sin-titulo-10-125.png","og:image:secure_url":"https:\/\/staytv.cr\/wp-content\/uploads\/Sin-titulo-10-125.png","og:image:width":1280,"og:image:height":720,"article:published_time":"2025-12-03T22:24:05+00:00","article:modified_time":"2025-12-03T23:44:14+00:00","article:publisher":"https:\/\/www.facebook.com\/staytvcr","twitter:card":"summary_large_image","twitter:title":"China y Costa Rica: Tensi\u00f3n por declaraciones de embajada","twitter:description":"China y Costa Rica: Embajada China critica a Feinzaig del PLP por comentarios sobre Taiw\u00e1n, generando rechazo por injerencia.","twitter:image":"https:\/\/staytv.cr\/wp-content\/uploads\/Sin-titulo-10-125.png"},"aioseo_meta_data":{"post_id":"26326","title":"China y Costa Rica: Tensi\u00f3n por declaraciones de embajada","description":"China y Costa Rica: Embajada China critica a Feinzaig del PLP por comentarios sobre Taiw\u00e1n, generando rechazo por injerencia.","keywords":null,"keyphrases":{"focus":{"keyphrase":"China y Costa Rica","score":75,"analysis":{"keyphraseInTitle":{"score":9,"maxScore":9,"error":0},"keyphraseInDescription":{"score":9,"maxScore":9,"error":0},"keyphraseLength":{"score":9,"maxScore":9,"error":0,"length":4},"keyphraseInURL":{"score":5,"maxScore":5,"error":0},"keyphraseInIntroduction":{"score":9,"maxScore":9,"error":0},"keyphraseInSubHeadings":{"score":3,"maxScore":9,"error":1},"keyphraseInImageAlt":[],"keywordDensity":{"score":0,"type":"low","maxScore":9,"error":1}}},"additional":[]},"canonical_url":null,"og_title":null,"og_description":null,"og_object_type":"default","og_image_type":"default","og_image_custom_url":null,"og_image_custom_fields":null,"og_custom_image_width":null,"og_custom_image_height":null,"og_video":"","og_custom_url":null,"og_article_section":null,"og_article_tags":null,"twitter_use_og":true,"twitter_card":"default","twitter_image_type":"default","twitter_image_custom_url":null,"twitter_image_custom_fields":null,"twitter_title":null,"twitter_description":null,"schema_type":null,"schema_type_options":null,"pillar_content":false,"robots_default":true,"robots_noindex":false,"robots_noarchive":false,"robots_nosnippet":false,"robots_nofollow":false,"robots_noimageindex":false,"robots_noodp":false,"robots_notranslate":false,"robots_max_snippet":"-1","robots_max_videopreview":"-1","robots_max_imagepreview":"none","tabs":null,"priority":null,"frequency":"default","local_seo":null,"created":"2025-12-03 22:08:46","updated":"2025-12-03 23:44:14"},"aioseo_breadcrumb":"<div class=\"aioseo-breadcrumbs\"><span class=\"aioseo-breadcrumb\">\n\t<a href=\"https:\/\/staytv.cr\" title=\"Home\">Home<\/a>\n<\/span><span class=\"aioseo-breadcrumb-separator\">&raquo;<\/span><span class=\"aioseo-breadcrumb\">\n\t<a href=\"https:\/\/staytv.cr\/index.php\/category\/nacional\/\" title=\"NACIONAL\">NACIONAL<\/a>\n<\/span><span class=\"aioseo-breadcrumb-separator\">&raquo;<\/span><span class=\"aioseo-breadcrumb\">\n\tChina y Costa Rica: Tensi\u00f3n por declaraciones de embajada\n<\/span><\/div>","aioseo_breadcrumb_json":[{"label":"Home","link":"https:\/\/staytv.cr"},{"label":"NACIONAL","link":"https:\/\/staytv.cr\/index.php\/category\/nacional\/"},{"label":"China y Costa Rica: Tensi\u00f3n por declaraciones de embajada","link":"https:\/\/staytv.cr\/index.php\/2025\/12\/03\/china-y-costa-rica-tension-por-declaraciones-de-embajada\/"}],"_links":{"self":[{"href":"https:\/\/staytv.cr\/index.php\/wp-json\/wp\/v2\/posts\/26326","targetHints":{"allow":["GET"]}}],"collection":[{"href":"https:\/\/staytv.cr\/index.php\/wp-json\/wp\/v2\/posts"}],"about":[{"href":"https:\/\/staytv.cr\/index.php\/wp-json\/wp\/v2\/types\/post"}],"author":[{"embeddable":true,"href":"https:\/\/staytv.cr\/index.php\/wp-json\/wp\/v2\/users\/10"}],"replies":[{"embeddable":true,"href":"https:\/\/staytv.cr\/index.php\/wp-json\/wp\/v2\/comments?post=26326"}],"version-history":[{"count":1,"href":"https:\/\/staytv.cr\/index.php\/wp-json\/wp\/v2\/posts\/26326\/revisions"}],"predecessor-version":[{"id":26328,"href":"https:\/\/staytv.cr\/index.php\/wp-json\/wp\/v2\/posts\/26326\/revisions\/26328"}],"wp:featuredmedia":[{"embeddable":true,"href":"https:\/\/staytv.cr\/index.php\/wp-json\/wp\/v2\/media\/26327"}],"wp:attachment":[{"href":"https:\/\/staytv.cr\/index.php\/wp-json\/wp\/v2\/media?parent=26326"}],"wp:term":[{"taxonomy":"category","embeddable":true,"href":"https:\/\/staytv.cr\/index.php\/wp-json\/wp\/v2\/categories?post=26326"},{"taxonomy":"post_tag","embeddable":true,"href":"https:\/\/staytv.cr\/index.php\/wp-json\/wp\/v2\/tags?post=26326"}],"curies":[{"name":"wp","href":"https:\/\/api.w.org\/{rel}","templated":true}]}}