{"id":26335,"date":"2025-12-04T14:19:43","date_gmt":"2025-12-04T20:19:43","guid":{"rendered":"https:\/\/staytv.cr\/?p=26335"},"modified":"2025-12-04T14:35:03","modified_gmt":"2025-12-04T20:35:03","slug":"prohibicion-de-smartphones-chile-veta-uso-en-aulas","status":"publish","type":"post","link":"https:\/\/staytv.cr\/index.php\/2025\/12\/04\/prohibicion-de-smartphones-chile-veta-uso-en-aulas\/","title":{"rendered":"Prohibici\u00f3n de Smartphones: Chile veta uso en aulas"},"content":{"rendered":"<p>Chile ha implementado una significativa <strong>Prohibici\u00f3n de Smartphones<\/strong> en las aulas de escuelas primarias y secundarias tras la reciente aprobaci\u00f3n de un proyecto de ley por parte del Congreso, reportado el 1 de diciembre de 2025. Esta medida busca reducir las distracciones causadas por dispositivos m\u00f3viles y mejorar la atenci\u00f3n y calidad del aprendizaje de los estudiantes durante la jornada escolar.<\/p>\n<p><iframe title=\"Ley que prohibir\u00e1 celulares en salas de clases comenzar\u00e1 a regir en 2026\" width=\"1170\" height=\"658\" data-src=\"https:\/\/www.youtube.com\/embed\/4CPbqtklsg4?feature=oembed\" frameborder=\"0\" allow=\"accelerometer; autoplay; clipboard-write; encrypted-media; gyroscope; picture-in-picture; web-share\" referrerpolicy=\"strict-origin-when-cross-origin\" allowfullscreen src=\"data:image\/svg+xml;base64,PHN2ZyB3aWR0aD0iMSIgaGVpZ2h0PSIxIiB4bWxucz0iaHR0cDovL3d3dy53My5vcmcvMjAwMC9zdmciPjwvc3ZnPg==\" class=\"lazyload\" data-load-mode=\"1\"><\/iframe><\/p>\n<h2>Objetivos de la nueva regulaci\u00f3n escolar<\/h2>\n<p>El prop\u00f3sito principal de esta <strong>Prohibici\u00f3n de Smartphones<\/strong> es minimizar las interrupciones que los tel\u00e9fonos inteligentes generan en el entorno educativo, permitiendo a los estudiantes concentrarse plenamente en sus actividades acad\u00e9micas. Se espera que esta restricci\u00f3n impulse el rendimiento escolar al limitar el acceso a distracciones digitales. Adem\u00e1s, la normativa pretende crear un ambiente m\u00e1s propicio para el aprendizaje y fomentar la interacci\u00f3n directa entre docentes y alumnos, fortaleciendo las din\u00e1micas educativas.<\/p>\n<h2>Reacciones divididas en la comunidad educativa<\/h2>\n<p>La aprobaci\u00f3n de la ley ha generado opiniones encontradas entre los sectores educativos y las familias. Por un lado, algunos expertos y asociaciones de padres respaldan la <strong>Prohibici\u00f3n de Smartphones<\/strong>, argumentando que es un paso necesario para contrarrestar el uso excesivo de dispositivos m\u00f3viles entre los j\u00f3venes y sus efectos negativos en la concentraci\u00f3n. Consideran que esta medida puede ayudar a recuperar el enfoque en la educaci\u00f3n tradicional y los valores de interacci\u00f3n personal.<\/p>\n<p>Por otro lado, hay quienes expresan preocupaci\u00f3n por las implicaciones de esta restricci\u00f3n. Cr\u00edticos se\u00f1alan que la <strong>Prohibici\u00f3n de Smartphones<\/strong> podr\u00eda limitar el desarrollo de habilidades digitales esenciales en un mundo cada vez m\u00e1s tecnol\u00f3gico. Asimismo, algunos padres temen que la medida afecte la comunicaci\u00f3n con sus hijos durante el horario escolar, lo que podr\u00eda comprometer su seguridad en situaciones de emergencia.<\/p>\n<h2>Desaf\u00edos para la implementaci\u00f3n efectiva<\/h2>\n<p>Aunque la ley establece un marco claro para la <strong>Prohibici\u00f3n de Smartphones<\/strong>, su aplicaci\u00f3n depender\u00e1 en gran medida de la capacidad de cada establecimiento educativo para hacerla cumplir. Las escuelas deber\u00e1n dise\u00f1ar protocolos de supervisi\u00f3n efectivos y ofrecer alternativas para el uso responsable de la tecnolog\u00eda fuera del horario de clases. La colaboraci\u00f3n entre docentes y padres ser\u00e1 crucial para evitar tensiones y garantizar que la medida alcance sus objetivos sin generar inconvenientes innecesarios.<\/p>\n<h2>Tendencia global y debate sobre tecnolog\u00eda en educaci\u00f3n<\/h2>\n<p>La <strong>Prohibici\u00f3n de Smartphones<\/strong> en Chile refleja una tendencia global hacia la reevaluaci\u00f3n del rol de los dispositivos m\u00f3viles en los contextos educativos. Mientras algunos pa\u00edses han adoptado medidas similares para proteger la atenci\u00f3n de los estudiantes, otros abogan por integrar la tecnolog\u00eda de manera controlada en el aprendizaje. Este debate pone en el centro la necesidad de equilibrar la formaci\u00f3n en competencias digitales con la creaci\u00f3n de entornos educativos libres de distracciones.<\/p>\n<h2>Cierre<\/h2>\n<p>La <strong>Prohibici\u00f3n de Smartphones<\/strong> en aulas de primaria y secundaria en Chile, aprobada el 1 de diciembre de 2025, busca mejorar el aprendizaje y reducir distracciones, pero ha generado opiniones divididas sobre sus implicaciones en habilidades digitales y seguridad. Mientras las escuelas enfrentan el desaf\u00edo de implementar esta ley de manera efectiva, la medida abre un debate global sobre el uso de tecnolog\u00eda en la educaci\u00f3n. Ser\u00e1 fundamental observar los resultados en los pr\u00f3ximos a\u00f1os para evaluar su impacto y determinar si esta iniciativa podr\u00eda inspirar pol\u00edticas similares en otras naciones.<\/p>\n<p><strong>Enlaces sugeridos:<\/strong><\/p>\n<ul>\n<li>Lea m\u00e1s noticias en <a href=\"https:\/\/staytv.cr\" target=\"_blank\" rel=\"noopener\">staytv.cr<\/a>, da Click AC\u00c1.<\/li>\n<\/ul>\n","protected":false},"excerpt":{"rendered":"<p>Chile ha implementado una significativa Prohibici\u00f3n de Smartphones en las aulas de escuelas primarias y secundarias tras la reciente aprobaci\u00f3n de un proyecto de ley por parte del Congreso, reportado el 1 de diciembre de 2025. Esta medida busca reducir las distracciones causadas por dispositivos m\u00f3viles y mejorar la atenci\u00f3n y calidad del aprendizaje de [&hellip;]<\/p>\n","protected":false},"author":11,"featured_media":26361,"comment_status":"open","ping_status":"open","sticky":false,"template":"","format":"standard","meta":{"episode_type":"","audio_file":"","podmotor_file_id":"","podmotor_episode_id":"","cover_image":"","cover_image_id":"","duration":"","filesize":"","filesize_raw":"","date_recorded":"","explicit":"","block":"","itunes_episode_number":"","itunes_title":"","itunes_season_number":"","itunes_episode_type":"","footnotes":""},"categories":[13],"tags":[2284,2280,2283,2285,2282,2107,2279,2286,2287,2281],"class_list":{"0":"post-26335","1":"post","2":"type-post","3":"status-publish","4":"format-standard","5":"has-post-thumbnail","7":"category-nacional","8":"tag-aprendizaje-calidad","9":"tag-chile-educacion","10":"tag-distraccion-estudiantes","11":"tag-habilidades-digitales","12":"tag-ley-escolar","13":"tag-noticias-internacionales","14":"tag-prohibicion-de-smartphones","15":"tag-seguridad-escolar","16":"tag-tecnologia-educacion","17":"tag-telefonos-aulas"},"aioseo_notices":[],"aioseo_head":"\n\t\t<!-- All in One SEO Pro 4.8.3.2 - aioseo.com -->\n\t<meta name=\"description\" content=\"Prohibici\u00f3n de Smartphones: Chile aprueba ley que veta tel\u00e9fonos en aulas de primaria y secundaria para mejorar aprendizaje.\" \/>\n\t<meta name=\"robots\" content=\"max-image-preview:large\" \/>\n\t<meta name=\"author\" content=\"Ryan\"\/>\n\t<link rel=\"canonical\" href=\"https:\/\/staytv.cr\/index.php\/2025\/12\/04\/prohibicion-de-smartphones-chile-veta-uso-en-aulas\/\" \/>\n\t<meta name=\"generator\" content=\"All in One SEO Pro (AIOSEO) 4.8.3.2\" \/>\n\t\t<meta property=\"og:locale\" content=\"es_ES\" \/>\n\t\t<meta property=\"og:site_name\" content=\"Staytv - Medio de comunicaci\u00f3n digital de Costa Rica.\" \/>\n\t\t<meta property=\"og:type\" content=\"article\" \/>\n\t\t<meta property=\"og:title\" content=\"Prohibici\u00f3n de Smartphones: Chile veta uso en aulas\" \/>\n\t\t<meta property=\"og:description\" content=\"Prohibici\u00f3n de Smartphones: Chile aprueba ley que veta tel\u00e9fonos en aulas de primaria y secundaria para mejorar aprendizaje.\" \/>\n\t\t<meta property=\"og:url\" content=\"https:\/\/staytv.cr\/index.php\/2025\/12\/04\/prohibicion-de-smartphones-chile-veta-uso-en-aulas\/\" \/>\n\t\t<meta property=\"og:image\" content=\"https:\/\/staytv.cr\/wp-content\/uploads\/Sin-titulo-7-151.png\" \/>\n\t\t<meta property=\"og:image:secure_url\" content=\"https:\/\/staytv.cr\/wp-content\/uploads\/Sin-titulo-7-151.png\" \/>\n\t\t<meta property=\"og:image:width\" content=\"1280\" \/>\n\t\t<meta property=\"og:image:height\" content=\"720\" \/>\n\t\t<meta property=\"article:published_time\" content=\"2025-12-04T20:19:43+00:00\" \/>\n\t\t<meta property=\"article:modified_time\" content=\"2025-12-04T20:35:03+00:00\" \/>\n\t\t<meta property=\"article:publisher\" content=\"https:\/\/www.facebook.com\/staytvcr\" \/>\n\t\t<meta name=\"twitter:card\" content=\"summary_large_image\" \/>\n\t\t<meta name=\"twitter:title\" content=\"Prohibici\u00f3n de Smartphones: Chile veta uso en aulas\" \/>\n\t\t<meta name=\"twitter:description\" content=\"Prohibici\u00f3n de Smartphones: Chile aprueba ley que veta tel\u00e9fonos en aulas de primaria y secundaria para mejorar aprendizaje.\" \/>\n\t\t<meta name=\"twitter:image\" content=\"https:\/\/staytv.cr\/wp-content\/uploads\/Sin-titulo-7-151.png\" \/>\n\t\t<script type=\"application\/ld+json\" class=\"aioseo-schema\">\n\t\t\t{\"@context\":\"https:\\\/\\\/schema.org\",\"@graph\":[{\"@type\":\"BreadcrumbList\",\"@id\":\"https:\\\/\\\/staytv.cr\\\/index.php\\\/2025\\\/12\\\/04\\\/prohibicion-de-smartphones-chile-veta-uso-en-aulas\\\/#breadcrumblist\",\"itemListElement\":[{\"@type\":\"ListItem\",\"@id\":\"https:\\\/\\\/staytv.cr#listItem\",\"position\":1,\"name\":\"Home\",\"item\":\"https:\\\/\\\/staytv.cr\",\"nextItem\":{\"@type\":\"ListItem\",\"@id\":\"https:\\\/\\\/staytv.cr\\\/index.php\\\/category\\\/nacional\\\/#listItem\",\"name\":\"NACIONAL\"}},{\"@type\":\"ListItem\",\"@id\":\"https:\\\/\\\/staytv.cr\\\/index.php\\\/category\\\/nacional\\\/#listItem\",\"position\":2,\"name\":\"NACIONAL\",\"item\":\"https:\\\/\\\/staytv.cr\\\/index.php\\\/category\\\/nacional\\\/\",\"nextItem\":{\"@type\":\"ListItem\",\"@id\":\"https:\\\/\\\/staytv.cr\\\/index.php\\\/2025\\\/12\\\/04\\\/prohibicion-de-smartphones-chile-veta-uso-en-aulas\\\/#listItem\",\"name\":\"Prohibici\\u00f3n de Smartphones: Chile veta uso en aulas\"},\"previousItem\":{\"@type\":\"ListItem\",\"@id\":\"https:\\\/\\\/staytv.cr#listItem\",\"name\":\"Home\"}},{\"@type\":\"ListItem\",\"@id\":\"https:\\\/\\\/staytv.cr\\\/index.php\\\/2025\\\/12\\\/04\\\/prohibicion-de-smartphones-chile-veta-uso-en-aulas\\\/#listItem\",\"position\":3,\"name\":\"Prohibici\\u00f3n de Smartphones: Chile veta uso en aulas\",\"previousItem\":{\"@type\":\"ListItem\",\"@id\":\"https:\\\/\\\/staytv.cr\\\/index.php\\\/category\\\/nacional\\\/#listItem\",\"name\":\"NACIONAL\"}}]},{\"@type\":\"Organization\",\"@id\":\"https:\\\/\\\/staytv.cr\\\/#organization\",\"name\":\"Stay TV\",\"description\":\"Stay TV es un medio digital de noticias con base en Centroam\\u00e9rica, con cobertura local e internacional desde una mirada asi\\u00e1tica.\",\"url\":\"https:\\\/\\\/staytv.cr\\\/\",\"logo\":{\"@type\":\"ImageObject\",\"url\":\"https:\\\/\\\/staytv.cr\\\/wp-content\\\/uploads\\\/cropped-StayTV_logo_oficial_simple.png\",\"@id\":\"https:\\\/\\\/staytv.cr\\\/index.php\\\/2025\\\/12\\\/04\\\/prohibicion-de-smartphones-chile-veta-uso-en-aulas\\\/#organizationLogo\",\"width\":2560,\"height\":769},\"image\":{\"@id\":\"https:\\\/\\\/staytv.cr\\\/index.php\\\/2025\\\/12\\\/04\\\/prohibicion-de-smartphones-chile-veta-uso-en-aulas\\\/#organizationLogo\"},\"sameAs\":[\"https:\\\/\\\/www.instagram.com\\\/staytvcr\\\/\"]},{\"@type\":\"Person\",\"@id\":\"https:\\\/\\\/staytv.cr\\\/index.php\\\/author\\\/ryantv\\\/#author\",\"url\":\"https:\\\/\\\/staytv.cr\\\/index.php\\\/author\\\/ryantv\\\/\",\"name\":\"Ryan\",\"image\":{\"@type\":\"ImageObject\",\"url\":\"https:\\\/\\\/secure.gravatar.com\\\/avatar\\\/f95152fd26e0540ce723631868753fd2ae822574fa609b52b1b123eea57755e2?s=96&d=mm&r=g\"}},{\"@type\":\"WebPage\",\"@id\":\"https:\\\/\\\/staytv.cr\\\/index.php\\\/2025\\\/12\\\/04\\\/prohibicion-de-smartphones-chile-veta-uso-en-aulas\\\/#webpage\",\"url\":\"https:\\\/\\\/staytv.cr\\\/index.php\\\/2025\\\/12\\\/04\\\/prohibicion-de-smartphones-chile-veta-uso-en-aulas\\\/\",\"name\":\"Prohibici\\u00f3n de Smartphones: Chile veta uso en aulas\",\"description\":\"Prohibici\\u00f3n de Smartphones: Chile aprueba ley que veta tel\\u00e9fonos en aulas de primaria y secundaria para mejorar aprendizaje.\",\"inLanguage\":\"es-ES\",\"isPartOf\":{\"@id\":\"https:\\\/\\\/staytv.cr\\\/#website\"},\"breadcrumb\":{\"@id\":\"https:\\\/\\\/staytv.cr\\\/index.php\\\/2025\\\/12\\\/04\\\/prohibicion-de-smartphones-chile-veta-uso-en-aulas\\\/#breadcrumblist\"},\"author\":{\"@id\":\"https:\\\/\\\/staytv.cr\\\/index.php\\\/author\\\/ryantv\\\/#author\"},\"creator\":{\"@id\":\"https:\\\/\\\/staytv.cr\\\/index.php\\\/author\\\/ryantv\\\/#author\"},\"image\":{\"@type\":\"ImageObject\",\"url\":\"https:\\\/\\\/staytv.cr\\\/wp-content\\\/uploads\\\/Sin-titulo-7-151.png\",\"@id\":\"https:\\\/\\\/staytv.cr\\\/index.php\\\/2025\\\/12\\\/04\\\/prohibicion-de-smartphones-chile-veta-uso-en-aulas\\\/#mainImage\",\"width\":1280,\"height\":720,\"caption\":\"Imagen de Prohibici\\u00f3n de Smartphones en aulas de Chile\"},\"primaryImageOfPage\":{\"@id\":\"https:\\\/\\\/staytv.cr\\\/index.php\\\/2025\\\/12\\\/04\\\/prohibicion-de-smartphones-chile-veta-uso-en-aulas\\\/#mainImage\"},\"datePublished\":\"2025-12-04T14:19:43-06:00\",\"dateModified\":\"2025-12-04T14:35:03-06:00\"},{\"@type\":\"WebSite\",\"@id\":\"https:\\\/\\\/staytv.cr\\\/#website\",\"url\":\"https:\\\/\\\/staytv.cr\\\/\",\"name\":\"Staytv\",\"description\":\"Medio de comunicaci\\u00f3n digital de Costa Rica.\",\"inLanguage\":\"es-ES\",\"publisher\":{\"@id\":\"https:\\\/\\\/staytv.cr\\\/#organization\"}}]}\n\t\t<\/script>\n\t\t<!-- All in One SEO Pro -->\r\n\t\t<title>Prohibici\u00f3n de Smartphones: Chile veta uso en aulas<\/title>\n\n","aioseo_head_json":{"title":"Prohibici\u00f3n de Smartphones: Chile veta uso en aulas","description":"Prohibici\u00f3n de Smartphones: Chile aprueba ley que veta tel\u00e9fonos en aulas de primaria y secundaria para mejorar aprendizaje.","canonical_url":"https:\/\/staytv.cr\/index.php\/2025\/12\/04\/prohibicion-de-smartphones-chile-veta-uso-en-aulas\/","robots":"max-image-preview:large","keywords":"","webmasterTools":{"miscellaneous":""},"schema":{"@context":"https:\/\/schema.org","@graph":[{"@type":"BreadcrumbList","@id":"https:\/\/staytv.cr\/index.php\/2025\/12\/04\/prohibicion-de-smartphones-chile-veta-uso-en-aulas\/#breadcrumblist","itemListElement":[{"@type":"ListItem","@id":"https:\/\/staytv.cr#listItem","position":1,"name":"Home","item":"https:\/\/staytv.cr","nextItem":{"@type":"ListItem","@id":"https:\/\/staytv.cr\/index.php\/category\/nacional\/#listItem","name":"NACIONAL"}},{"@type":"ListItem","@id":"https:\/\/staytv.cr\/index.php\/category\/nacional\/#listItem","position":2,"name":"NACIONAL","item":"https:\/\/staytv.cr\/index.php\/category\/nacional\/","nextItem":{"@type":"ListItem","@id":"https:\/\/staytv.cr\/index.php\/2025\/12\/04\/prohibicion-de-smartphones-chile-veta-uso-en-aulas\/#listItem","name":"Prohibici\u00f3n de Smartphones: Chile veta uso en aulas"},"previousItem":{"@type":"ListItem","@id":"https:\/\/staytv.cr#listItem","name":"Home"}},{"@type":"ListItem","@id":"https:\/\/staytv.cr\/index.php\/2025\/12\/04\/prohibicion-de-smartphones-chile-veta-uso-en-aulas\/#listItem","position":3,"name":"Prohibici\u00f3n de Smartphones: Chile veta uso en aulas","previousItem":{"@type":"ListItem","@id":"https:\/\/staytv.cr\/index.php\/category\/nacional\/#listItem","name":"NACIONAL"}}]},{"@type":"Organization","@id":"https:\/\/staytv.cr\/#organization","name":"Stay TV","description":"Stay TV es un medio digital de noticias con base en Centroam\u00e9rica, con cobertura local e internacional desde una mirada asi\u00e1tica.","url":"https:\/\/staytv.cr\/","logo":{"@type":"ImageObject","url":"https:\/\/staytv.cr\/wp-content\/uploads\/cropped-StayTV_logo_oficial_simple.png","@id":"https:\/\/staytv.cr\/index.php\/2025\/12\/04\/prohibicion-de-smartphones-chile-veta-uso-en-aulas\/#organizationLogo","width":2560,"height":769},"image":{"@id":"https:\/\/staytv.cr\/index.php\/2025\/12\/04\/prohibicion-de-smartphones-chile-veta-uso-en-aulas\/#organizationLogo"},"sameAs":["https:\/\/www.instagram.com\/staytvcr\/"]},{"@type":"Person","@id":"https:\/\/staytv.cr\/index.php\/author\/ryantv\/#author","url":"https:\/\/staytv.cr\/index.php\/author\/ryantv\/","name":"Ryan","image":{"@type":"ImageObject","url":"https:\/\/secure.gravatar.com\/avatar\/f95152fd26e0540ce723631868753fd2ae822574fa609b52b1b123eea57755e2?s=96&d=mm&r=g"}},{"@type":"WebPage","@id":"https:\/\/staytv.cr\/index.php\/2025\/12\/04\/prohibicion-de-smartphones-chile-veta-uso-en-aulas\/#webpage","url":"https:\/\/staytv.cr\/index.php\/2025\/12\/04\/prohibicion-de-smartphones-chile-veta-uso-en-aulas\/","name":"Prohibici\u00f3n de Smartphones: Chile veta uso en aulas","description":"Prohibici\u00f3n de Smartphones: Chile aprueba ley que veta tel\u00e9fonos en aulas de primaria y secundaria para mejorar aprendizaje.","inLanguage":"es-ES","isPartOf":{"@id":"https:\/\/staytv.cr\/#website"},"breadcrumb":{"@id":"https:\/\/staytv.cr\/index.php\/2025\/12\/04\/prohibicion-de-smartphones-chile-veta-uso-en-aulas\/#breadcrumblist"},"author":{"@id":"https:\/\/staytv.cr\/index.php\/author\/ryantv\/#author"},"creator":{"@id":"https:\/\/staytv.cr\/index.php\/author\/ryantv\/#author"},"image":{"@type":"ImageObject","url":"https:\/\/staytv.cr\/wp-content\/uploads\/Sin-titulo-7-151.png","@id":"https:\/\/staytv.cr\/index.php\/2025\/12\/04\/prohibicion-de-smartphones-chile-veta-uso-en-aulas\/#mainImage","width":1280,"height":720,"caption":"Imagen de Prohibici\u00f3n de Smartphones en aulas de Chile"},"primaryImageOfPage":{"@id":"https:\/\/staytv.cr\/index.php\/2025\/12\/04\/prohibicion-de-smartphones-chile-veta-uso-en-aulas\/#mainImage"},"datePublished":"2025-12-04T14:19:43-06:00","dateModified":"2025-12-04T14:35:03-06:00"},{"@type":"WebSite","@id":"https:\/\/staytv.cr\/#website","url":"https:\/\/staytv.cr\/","name":"Staytv","description":"Medio de comunicaci\u00f3n digital de Costa Rica.","inLanguage":"es-ES","publisher":{"@id":"https:\/\/staytv.cr\/#organization"}}]},"og:locale":"es_ES","og:site_name":"Staytv - Medio de comunicaci\u00f3n digital de Costa Rica.","og:type":"article","og:title":"Prohibici\u00f3n de Smartphones: Chile veta uso en aulas","og:description":"Prohibici\u00f3n de Smartphones: Chile aprueba ley que veta tel\u00e9fonos en aulas de primaria y secundaria para mejorar aprendizaje.","og:url":"https:\/\/staytv.cr\/index.php\/2025\/12\/04\/prohibicion-de-smartphones-chile-veta-uso-en-aulas\/","og:image":"https:\/\/staytv.cr\/wp-content\/uploads\/Sin-titulo-7-151.png","og:image:secure_url":"https:\/\/staytv.cr\/wp-content\/uploads\/Sin-titulo-7-151.png","og:image:width":1280,"og:image:height":720,"article:published_time":"2025-12-04T20:19:43+00:00","article:modified_time":"2025-12-04T20:35:03+00:00","article:publisher":"https:\/\/www.facebook.com\/staytvcr","twitter:card":"summary_large_image","twitter:title":"Prohibici\u00f3n de Smartphones: Chile veta uso en aulas","twitter:description":"Prohibici\u00f3n de Smartphones: Chile aprueba ley que veta tel\u00e9fonos en aulas de primaria y secundaria para mejorar aprendizaje.","twitter:image":"https:\/\/staytv.cr\/wp-content\/uploads\/Sin-titulo-7-151.png"},"aioseo_meta_data":{"post_id":"26335","title":"Prohibici\u00f3n de Smartphones: Chile veta uso en aulas","description":"Prohibici\u00f3n de Smartphones: Chile aprueba ley que veta tel\u00e9fonos en aulas de primaria y secundaria para mejorar aprendizaje.","keywords":null,"keyphrases":{"focus":{"keyphrase":"Prohibici\u00f3n de Smartphones","score":90,"analysis":{"keyphraseInTitle":{"score":9,"maxScore":9,"error":0},"keyphraseInDescription":{"score":9,"maxScore":9,"error":0},"keyphraseLength":{"score":9,"maxScore":9,"error":0,"length":4},"keyphraseInURL":{"score":5,"maxScore":5,"error":0},"keyphraseInIntroduction":{"score":9,"maxScore":9,"error":0},"keyphraseInSubHeadings":{"score":3,"maxScore":9,"error":1},"keyphraseInImageAlt":[],"keywordDensity":{"type":"best","score":9,"maxScore":9,"error":0}}},"additional":[]},"canonical_url":null,"og_title":null,"og_description":null,"og_object_type":"default","og_image_type":"default","og_image_custom_url":null,"og_image_custom_fields":null,"og_custom_image_width":null,"og_custom_image_height":null,"og_video":"","og_custom_url":null,"og_article_section":null,"og_article_tags":null,"twitter_use_og":true,"twitter_card":"default","twitter_image_type":"default","twitter_image_custom_url":null,"twitter_image_custom_fields":null,"twitter_title":null,"twitter_description":null,"schema_type":null,"schema_type_options":null,"pillar_content":false,"robots_default":true,"robots_noindex":false,"robots_noarchive":false,"robots_nosnippet":false,"robots_nofollow":false,"robots_noimageindex":false,"robots_noodp":false,"robots_notranslate":false,"robots_max_snippet":"-1","robots_max_videopreview":"-1","robots_max_imagepreview":"none","tabs":null,"priority":null,"frequency":"default","local_seo":null,"created":"2025-12-04 10:02:12","updated":"2025-12-04 20:35:04"},"aioseo_breadcrumb":"<div class=\"aioseo-breadcrumbs\"><span class=\"aioseo-breadcrumb\">\n\t<a href=\"https:\/\/staytv.cr\" title=\"Home\">Home<\/a>\n<\/span><span class=\"aioseo-breadcrumb-separator\">&raquo;<\/span><span class=\"aioseo-breadcrumb\">\n\t<a href=\"https:\/\/staytv.cr\/index.php\/category\/nacional\/\" title=\"NACIONAL\">NACIONAL<\/a>\n<\/span><span class=\"aioseo-breadcrumb-separator\">&raquo;<\/span><span class=\"aioseo-breadcrumb\">\n\tProhibici\u00f3n de Smartphones: Chile veta uso en aulas\n<\/span><\/div>","aioseo_breadcrumb_json":[{"label":"Home","link":"https:\/\/staytv.cr"},{"label":"NACIONAL","link":"https:\/\/staytv.cr\/index.php\/category\/nacional\/"},{"label":"Prohibici\u00f3n de Smartphones: Chile veta uso en aulas","link":"https:\/\/staytv.cr\/index.php\/2025\/12\/04\/prohibicion-de-smartphones-chile-veta-uso-en-aulas\/"}],"_links":{"self":[{"href":"https:\/\/staytv.cr\/index.php\/wp-json\/wp\/v2\/posts\/26335","targetHints":{"allow":["GET"]}}],"collection":[{"href":"https:\/\/staytv.cr\/index.php\/wp-json\/wp\/v2\/posts"}],"about":[{"href":"https:\/\/staytv.cr\/index.php\/wp-json\/wp\/v2\/types\/post"}],"author":[{"embeddable":true,"href":"https:\/\/staytv.cr\/index.php\/wp-json\/wp\/v2\/users\/11"}],"replies":[{"embeddable":true,"href":"https:\/\/staytv.cr\/index.php\/wp-json\/wp\/v2\/comments?post=26335"}],"version-history":[{"count":2,"href":"https:\/\/staytv.cr\/index.php\/wp-json\/wp\/v2\/posts\/26335\/revisions"}],"predecessor-version":[{"id":26362,"href":"https:\/\/staytv.cr\/index.php\/wp-json\/wp\/v2\/posts\/26335\/revisions\/26362"}],"wp:featuredmedia":[{"embeddable":true,"href":"https:\/\/staytv.cr\/index.php\/wp-json\/wp\/v2\/media\/26361"}],"wp:attachment":[{"href":"https:\/\/staytv.cr\/index.php\/wp-json\/wp\/v2\/media?parent=26335"}],"wp:term":[{"taxonomy":"category","embeddable":true,"href":"https:\/\/staytv.cr\/index.php\/wp-json\/wp\/v2\/categories?post=26335"},{"taxonomy":"post_tag","embeddable":true,"href":"https:\/\/staytv.cr\/index.php\/wp-json\/wp\/v2\/tags?post=26335"}],"curies":[{"name":"wp","href":"https:\/\/api.w.org\/{rel}","templated":true}]}}