{"id":29687,"date":"2026-02-09T09:55:03","date_gmt":"2026-02-09T15:55:03","guid":{"rendered":"https:\/\/staytv.cr\/?p=29687"},"modified":"2026-02-09T09:55:03","modified_gmt":"2026-02-09T15:55:03","slug":"trata-de-personas-en-costas-capacitan-a-guardacostas","status":"publish","type":"post","link":"https:\/\/staytv.cr\/index.php\/2026\/02\/09\/trata-de-personas-en-costas-capacitan-a-guardacostas\/","title":{"rendered":"Capacitan a Guardacostas para detectar v\u00edctimas en mar"},"content":{"rendered":"<p>&nbsp;<\/p>\n<article>\n<h1>Trata de personas en costas: capacitan a Guardacostas para detectar v\u00edctimas en mar y litoral<\/h1>\n<p>La lucha contra la <strong>trata de personas en costas<\/strong> dio un paso clave este lunes 9 de febrero,<br \/>\ncuando oficiales del Servicio Nacional de Guardacostas recibieron una capacitaci\u00f3n especializada en la Academia Nacional de Polic\u00eda (ANP)<br \/>\ndel Ministerio de Seguridad P\u00fablica, en Pococ\u00ed.<br \/>\nEl curso, impartido por la Organizaci\u00f3n Internacional para las Migraciones (OIM), se centr\u00f3 en la \u201cDetecci\u00f3n y derivaci\u00f3n de posibles casos de trata de personas en el sector mar\u00edtimo\u2013costero\u201d<br \/>\ny busca fortalecer la capacidad del Estado para identificar v\u00edctimas en embarcaciones de turismo, cabotaje y pesca, donde muchas veces la explotaci\u00f3n pasa desapercibida.<\/p>\n<h2>Trata de personas en costas: curso especializado para Guardacostas<\/h2>\n<p>El comunicado oficial detalla que la capacitaci\u00f3n sobre <strong>trata de personas en costas<\/strong> fue dise\u00f1ada espec\u00edficamente para el Servicio Nacional de Guardacostas,<br \/>\ncomo parte de un curso especializado de la Academia Nacional de Polic\u00eda, en coordinaci\u00f3n con la Secretar\u00eda T\u00e9cnica de la Coalici\u00f3n Contra el Tr\u00e1fico Il\u00edcito de Migrantes y la Trata de Personas.<br \/>\nNo se trata de una formaci\u00f3n gen\u00e9rica, sino de un m\u00f3dulo adaptado al contexto mar\u00edtimo\u2013costero, donde operan redes que combinan contrabando, tr\u00e1fico il\u00edcito de migrantes y explotaci\u00f3n laboral o sexual.<\/p>\n<p>Javier Cubero, comandante y director del Guardacostas, destac\u00f3 que el entrenamiento \u201cnos da herramientas para detectar personas que se ven afectadas por este tipo de delito,<br \/>\ntenemos una l\u00ednea directa con la Fiscal\u00eda de Trata. Este delito puede ser detectado en embarcaciones de turismo, cabotaje, pesca, que est\u00e1n contra su voluntad\u201d.<br \/>\nCon esta formaci\u00f3n, los oficiales aprenden a reconocer indicios y a activar de inmediato canales institucionales para proteger a las v\u00edctimas y judicializar a los responsables.<\/p>\n<h2>Capacitaci\u00f3n en indicadores y reporte para casos de trata de personas en costas<\/h2>\n<p>La capacitaci\u00f3n combin\u00f3 teor\u00eda y pr\u00e1ctica para profundizar en todos los componentes de la <strong>trata de personas en costas<\/strong>.<br \/>\nSeg\u00fan el comunicado, el curso abarc\u00f3 conceptos b\u00e1sicos del delito de trata, los indicadores y se\u00f1ales de alerta, el abordaje de la v\u00edctima y del victimario,<br \/>\nas\u00ed como el reporte policial espec\u00edfico para este tipo de situaciones.<br \/>\nDurante el curso, los oficiales realizaron ejercicios y simulacros orientados a aplicar estos contenidos en sus lugares de trabajo.<\/p>\n<p>Este enfoque es clave en un pa\u00eds con amplia l\u00ednea de costa y alta actividad tur\u00edstica y pesquera,<br \/>\ndonde la detecci\u00f3n temprana en mar y puertos puede ser la diferencia entre que una red de trata siga operando o sea desarticulada.<br \/>\nLa formaci\u00f3n fortalece la capacidad de los Guardacostas para actuar como primera l\u00ednea de detecci\u00f3n y derivaci\u00f3n de posibles v\u00edctimas.<\/p>\n<h3>Trata de personas en costas: la visi\u00f3n de la OIM<\/h3>\n<p>Francesca Tabellini, representante de la OIM en Costa Rica, explic\u00f3 que \u201cla trata de personas es la compra-venta del ser humano con el fin de explotarlo y se puede dar por tierra y mar\u201d.<br \/>\nEn este sentido, insisti\u00f3 en que es fundamental que el personal del Servicio Nacional de Guardacostas conozca los indicadores de la <strong>trata de personas en costas<\/strong>,<br \/>\nsepa c\u00f3mo identificarla y cu\u00e1les son los pasos a seguir cuando detectan un posible caso.<\/p>\n<p>La capacitaci\u00f3n incorpora un enfoque de derechos humanos que busca garantizar que, al mismo tiempo que se persigue a las redes criminales,<br \/>\nse proteja a las personas v\u00edctimas, muchas de ellas migrantes en situaci\u00f3n de alta vulnerabilidad.<br \/>\nLa coordinaci\u00f3n con la Coalici\u00f3n Contra el Tr\u00e1fico Il\u00edcito de Migrantes y la Trata de Personas asegura que los casos no queden solo en la dimensi\u00f3n policial,<br \/>\nsino que se integren en una respuesta institucional m\u00e1s amplia.<\/p>\n<h2>Trata de personas en costas y Estado de Derecho: seguridad con enfoque de derechos<\/h2>\n<p>Que el Ministerio de Seguridad P\u00fablica fortalezca la respuesta frente a la <strong>trata de personas en costas<\/strong> en alianza con la OIM<br \/>\nva en la l\u00ednea de combinar seguridad con respeto a los derechos humanos.<br \/>\nEn lugar de apostar \u00fanicamente por m\u00e1s control punitivo, se apuesta por m\u00e1s profesionalizaci\u00f3n, mejor coordinaci\u00f3n institucional<br \/>\ny uso de herramientas t\u00e9cnicas para identificar y atender a las v\u00edctimas.<\/p>\n<p>En un pa\u00eds que enfrenta retos crecientes vinculados al crimen organizado y la violencia,<br \/>\nformar a los Guardacostas en la detecci\u00f3n de trata en mar y litoral refuerza el rol del Estado como garante de derechos, especialmente para poblaciones vulnerables.<br \/>\nLa capacitaci\u00f3n no solo mejora la eficacia operativa, sino que tambi\u00e9n se alinea con los compromisos internacionales de Costa Rica en materia de derechos humanos y lucha contra la explotaci\u00f3n.<\/p>\n<p><!-- CAJA DE VIDEO + DOFOLLOW (RESPONSIVE) --><\/p>\n<div style=\"margin: 20px 0; width: 100%;\">\n<div style=\"position: relative; width: 100%; padding-bottom: 56.25%; height: 0; overflow: hidden; border-radius: 12px;\"><iframe style=\"position: absolute; top: 0; left: 0; width: 100%; height: 100%; border: 0;\" data-src=\"https:\/\/www.youtube.com\/embed\/Pq-PMbIwpLM\" allowfullscreen=\"allowfullscreen\" src=\"data:image\/svg+xml;base64,PHN2ZyB3aWR0aD0iMSIgaGVpZ2h0PSIxIiB4bWxucz0iaHR0cDovL3d3dy53My5vcmcvMjAwMC9zdmciPjwvc3ZnPg==\" class=\"lazyload\" data-load-mode=\"1\"><br \/>\n<\/iframe><\/div>\n<p style=\"margin-top: 12px; font-size: 15px;\"><strong>Recurso externo:<\/strong><br \/>\n<a href=\"https:\/\/youtu.be\/Pq-PMbIwpLM\">Ver video completo en YouTube<\/a><\/p>\n<\/div>\n<p>&nbsp;<\/p>\n<p><em><br \/>\nCon informaci\u00f3n para<br \/>\n<a href=\"https:\/\/www.staytv.com\" target=\"_blank\" rel=\"noopener noreferrer\"><br \/>\nSTAY TV<br \/>\n<\/a>.<br \/>\n<\/em><\/p>\n<p><!-- Tags: trata de personas en costas, Guardacostas, OIM, Ministerio de Seguridad P\u00fablica, Pococ\u00ed, migraci\u00f3n, delitos transnacionales, Fiscal\u00eda de Trata, Costa Rica, derechos humanos --><\/p>\n<\/article>\n<p>&nbsp;<\/p>\n","protected":false},"excerpt":{"rendered":"<p>&nbsp; Trata de personas en costas: capacitan a Guardacostas para detectar v\u00edctimas en mar y litoral La lucha contra la trata de personas en costas dio un paso clave este lunes 9 de febrero, cuando oficiales del Servicio Nacional de Guardacostas recibieron una capacitaci\u00f3n especializada en la Academia Nacional de Polic\u00eda (ANP) del Ministerio de [&hellip;]<\/p>\n","protected":false},"author":10,"featured_media":29688,"comment_status":"open","ping_status":"open","sticky":false,"template":"","format":"standard","meta":{"episode_type":"","audio_file":"","podmotor_file_id":"","podmotor_episode_id":"","cover_image":"","cover_image_id":"","duration":"","filesize":"","filesize_raw":"","date_recorded":"","explicit":"","block":"","itunes_episode_number":"","itunes_title":"","itunes_season_number":"","itunes_episode_type":"","footnotes":""},"categories":[1],"tags":[70,4798,3996,4799,197,2970,173,4797,1344,4796],"class_list":{"0":"post-29687","1":"post","2":"type-post","3":"status-publish","4":"format-standard","5":"has-post-thumbnail","7":"category-sucesos","8":"tag-costa-rica","9":"tag-delitos-transnacionales","10":"tag-derechos-humanos","11":"tag-fiscalia-de-trata","12":"tag-guardacostas","13":"tag-migracion","14":"tag-ministerio-de-seguridad-publica","15":"tag-oim","16":"tag-pococi","17":"tag-trata-de-personas-en-costas"},"aioseo_notices":[],"aioseo_head":"\n\t\t<!-- All in One SEO Pro 4.8.3.2 - aioseo.com -->\n\t<meta name=\"description\" content=\"Trata de personas en costas Guardacostas reciben capacitaci\u00f3n especializada con apoyo de la OIM para detectar v\u00edctimas en mar y litoral y coordinar con Fiscal\u00eda\" \/>\n\t<meta name=\"robots\" content=\"max-image-preview:large\" \/>\n\t<meta name=\"author\" content=\"Diego Molina\"\/>\n\t<link rel=\"canonical\" href=\"https:\/\/staytv.cr\/index.php\/2026\/02\/09\/trata-de-personas-en-costas-capacitan-a-guardacostas\/\" \/>\n\t<meta name=\"generator\" content=\"All in One SEO Pro (AIOSEO) 4.8.3.2\" \/>\n\t\t<meta property=\"og:locale\" content=\"es_ES\" \/>\n\t\t<meta property=\"og:site_name\" content=\"Staytv - Medio de comunicaci\u00f3n digital de Costa Rica.\" \/>\n\t\t<meta property=\"og:type\" content=\"article\" \/>\n\t\t<meta property=\"og:title\" content=\"Trata de personas en costas: capacitan a Guardacostas\" \/>\n\t\t<meta property=\"og:description\" content=\"Trata de personas en costas Guardacostas reciben capacitaci\u00f3n especializada con apoyo de la OIM para detectar v\u00edctimas en mar y litoral y coordinar con Fiscal\u00eda\" \/>\n\t\t<meta property=\"og:url\" content=\"https:\/\/staytv.cr\/index.php\/2026\/02\/09\/trata-de-personas-en-costas-capacitan-a-guardacostas\/\" \/>\n\t\t<meta property=\"og:image\" content=\"https:\/\/staytv.cr\/wp-content\/uploads\/Sin-titulo-3-227.png\" \/>\n\t\t<meta property=\"og:image:secure_url\" content=\"https:\/\/staytv.cr\/wp-content\/uploads\/Sin-titulo-3-227.png\" \/>\n\t\t<meta property=\"og:image:width\" content=\"1280\" \/>\n\t\t<meta property=\"og:image:height\" content=\"720\" \/>\n\t\t<meta property=\"article:published_time\" content=\"2026-02-09T15:55:03+00:00\" \/>\n\t\t<meta property=\"article:modified_time\" content=\"2026-02-09T15:55:03+00:00\" \/>\n\t\t<meta property=\"article:publisher\" content=\"https:\/\/www.facebook.com\/staytvcr\" \/>\n\t\t<meta name=\"twitter:card\" content=\"summary_large_image\" \/>\n\t\t<meta name=\"twitter:title\" content=\"Trata de personas en costas: capacitan a Guardacostas\" \/>\n\t\t<meta name=\"twitter:description\" content=\"Trata de personas en costas Guardacostas reciben capacitaci\u00f3n especializada con apoyo de la OIM para detectar v\u00edctimas en mar y litoral y coordinar con Fiscal\u00eda\" \/>\n\t\t<meta name=\"twitter:image\" content=\"https:\/\/staytv.cr\/wp-content\/uploads\/Sin-titulo-3-227.png\" \/>\n\t\t<script type=\"application\/ld+json\" class=\"aioseo-schema\">\n\t\t\t{\"@context\":\"https:\\\/\\\/schema.org\",\"@graph\":[{\"@type\":\"BreadcrumbList\",\"@id\":\"https:\\\/\\\/staytv.cr\\\/index.php\\\/2026\\\/02\\\/09\\\/trata-de-personas-en-costas-capacitan-a-guardacostas\\\/#breadcrumblist\",\"itemListElement\":[{\"@type\":\"ListItem\",\"@id\":\"https:\\\/\\\/staytv.cr#listItem\",\"position\":1,\"name\":\"Home\",\"item\":\"https:\\\/\\\/staytv.cr\",\"nextItem\":{\"@type\":\"ListItem\",\"@id\":\"https:\\\/\\\/staytv.cr\\\/index.php\\\/category\\\/sucesos\\\/#listItem\",\"name\":\"SUCESOS\"}},{\"@type\":\"ListItem\",\"@id\":\"https:\\\/\\\/staytv.cr\\\/index.php\\\/category\\\/sucesos\\\/#listItem\",\"position\":2,\"name\":\"SUCESOS\",\"item\":\"https:\\\/\\\/staytv.cr\\\/index.php\\\/category\\\/sucesos\\\/\",\"nextItem\":{\"@type\":\"ListItem\",\"@id\":\"https:\\\/\\\/staytv.cr\\\/index.php\\\/2026\\\/02\\\/09\\\/trata-de-personas-en-costas-capacitan-a-guardacostas\\\/#listItem\",\"name\":\"Capacitan a Guardacostas para detectar v\\u00edctimas en mar\"},\"previousItem\":{\"@type\":\"ListItem\",\"@id\":\"https:\\\/\\\/staytv.cr#listItem\",\"name\":\"Home\"}},{\"@type\":\"ListItem\",\"@id\":\"https:\\\/\\\/staytv.cr\\\/index.php\\\/2026\\\/02\\\/09\\\/trata-de-personas-en-costas-capacitan-a-guardacostas\\\/#listItem\",\"position\":3,\"name\":\"Capacitan a Guardacostas para detectar v\\u00edctimas en mar\",\"previousItem\":{\"@type\":\"ListItem\",\"@id\":\"https:\\\/\\\/staytv.cr\\\/index.php\\\/category\\\/sucesos\\\/#listItem\",\"name\":\"SUCESOS\"}}]},{\"@type\":\"Organization\",\"@id\":\"https:\\\/\\\/staytv.cr\\\/#organization\",\"name\":\"Stay TV\",\"description\":\"Stay TV es un medio digital de noticias con base en Centroam\\u00e9rica, con cobertura local e internacional desde una mirada asi\\u00e1tica.\",\"url\":\"https:\\\/\\\/staytv.cr\\\/\",\"logo\":{\"@type\":\"ImageObject\",\"url\":\"https:\\\/\\\/staytv.cr\\\/wp-content\\\/uploads\\\/cropped-StayTV_logo_oficial_simple.png\",\"@id\":\"https:\\\/\\\/staytv.cr\\\/index.php\\\/2026\\\/02\\\/09\\\/trata-de-personas-en-costas-capacitan-a-guardacostas\\\/#organizationLogo\",\"width\":2560,\"height\":769},\"image\":{\"@id\":\"https:\\\/\\\/staytv.cr\\\/index.php\\\/2026\\\/02\\\/09\\\/trata-de-personas-en-costas-capacitan-a-guardacostas\\\/#organizationLogo\"},\"sameAs\":[\"https:\\\/\\\/www.instagram.com\\\/staytvcr\\\/\"]},{\"@type\":\"Person\",\"@id\":\"https:\\\/\\\/staytv.cr\\\/index.php\\\/author\\\/diegostaytv\\\/#author\",\"url\":\"https:\\\/\\\/staytv.cr\\\/index.php\\\/author\\\/diegostaytv\\\/\",\"name\":\"Diego Molina\",\"image\":{\"@type\":\"ImageObject\",\"url\":\"https:\\\/\\\/secure.gravatar.com\\\/avatar\\\/7d23cb63381aa64750c7e76727c208369ebd6f2565e9dc4c62e323b1ea59af41?s=96&d=mm&r=g\"}},{\"@type\":\"WebPage\",\"@id\":\"https:\\\/\\\/staytv.cr\\\/index.php\\\/2026\\\/02\\\/09\\\/trata-de-personas-en-costas-capacitan-a-guardacostas\\\/#webpage\",\"url\":\"https:\\\/\\\/staytv.cr\\\/index.php\\\/2026\\\/02\\\/09\\\/trata-de-personas-en-costas-capacitan-a-guardacostas\\\/\",\"name\":\"Trata de personas en costas: capacitan a Guardacostas\",\"description\":\"Trata de personas en costas Guardacostas reciben capacitaci\\u00f3n especializada con apoyo de la OIM para detectar v\\u00edctimas en mar y litoral y coordinar con Fiscal\\u00eda\",\"inLanguage\":\"es-ES\",\"isPartOf\":{\"@id\":\"https:\\\/\\\/staytv.cr\\\/#website\"},\"breadcrumb\":{\"@id\":\"https:\\\/\\\/staytv.cr\\\/index.php\\\/2026\\\/02\\\/09\\\/trata-de-personas-en-costas-capacitan-a-guardacostas\\\/#breadcrumblist\"},\"author\":{\"@id\":\"https:\\\/\\\/staytv.cr\\\/index.php\\\/author\\\/diegostaytv\\\/#author\"},\"creator\":{\"@id\":\"https:\\\/\\\/staytv.cr\\\/index.php\\\/author\\\/diegostaytv\\\/#author\"},\"image\":{\"@type\":\"ImageObject\",\"url\":\"https:\\\/\\\/staytv.cr\\\/wp-content\\\/uploads\\\/Sin-titulo-3-227.png\",\"@id\":\"https:\\\/\\\/staytv.cr\\\/index.php\\\/2026\\\/02\\\/09\\\/trata-de-personas-en-costas-capacitan-a-guardacostas\\\/#mainImage\",\"width\":1280,\"height\":720,\"caption\":\"trata de personas en costas\"},\"primaryImageOfPage\":{\"@id\":\"https:\\\/\\\/staytv.cr\\\/index.php\\\/2026\\\/02\\\/09\\\/trata-de-personas-en-costas-capacitan-a-guardacostas\\\/#mainImage\"},\"datePublished\":\"2026-02-09T09:55:03-06:00\",\"dateModified\":\"2026-02-09T09:55:03-06:00\"},{\"@type\":\"WebSite\",\"@id\":\"https:\\\/\\\/staytv.cr\\\/#website\",\"url\":\"https:\\\/\\\/staytv.cr\\\/\",\"name\":\"Staytv\",\"description\":\"Medio de comunicaci\\u00f3n digital de Costa Rica.\",\"inLanguage\":\"es-ES\",\"publisher\":{\"@id\":\"https:\\\/\\\/staytv.cr\\\/#organization\"}}]}\n\t\t<\/script>\n\t\t<!-- All in One SEO Pro -->\r\n\t\t<title>Trata de personas en costas: capacitan a Guardacostas<\/title>\n\n","aioseo_head_json":{"title":"Trata de personas en costas: capacitan a Guardacostas","description":"Trata de personas en costas Guardacostas reciben capacitaci\u00f3n especializada con apoyo de la OIM para detectar v\u00edctimas en mar y litoral y coordinar con Fiscal\u00eda","canonical_url":"https:\/\/staytv.cr\/index.php\/2026\/02\/09\/trata-de-personas-en-costas-capacitan-a-guardacostas\/","robots":"max-image-preview:large","keywords":"","webmasterTools":{"miscellaneous":""},"schema":{"@context":"https:\/\/schema.org","@graph":[{"@type":"BreadcrumbList","@id":"https:\/\/staytv.cr\/index.php\/2026\/02\/09\/trata-de-personas-en-costas-capacitan-a-guardacostas\/#breadcrumblist","itemListElement":[{"@type":"ListItem","@id":"https:\/\/staytv.cr#listItem","position":1,"name":"Home","item":"https:\/\/staytv.cr","nextItem":{"@type":"ListItem","@id":"https:\/\/staytv.cr\/index.php\/category\/sucesos\/#listItem","name":"SUCESOS"}},{"@type":"ListItem","@id":"https:\/\/staytv.cr\/index.php\/category\/sucesos\/#listItem","position":2,"name":"SUCESOS","item":"https:\/\/staytv.cr\/index.php\/category\/sucesos\/","nextItem":{"@type":"ListItem","@id":"https:\/\/staytv.cr\/index.php\/2026\/02\/09\/trata-de-personas-en-costas-capacitan-a-guardacostas\/#listItem","name":"Capacitan a Guardacostas para detectar v\u00edctimas en mar"},"previousItem":{"@type":"ListItem","@id":"https:\/\/staytv.cr#listItem","name":"Home"}},{"@type":"ListItem","@id":"https:\/\/staytv.cr\/index.php\/2026\/02\/09\/trata-de-personas-en-costas-capacitan-a-guardacostas\/#listItem","position":3,"name":"Capacitan a Guardacostas para detectar v\u00edctimas en mar","previousItem":{"@type":"ListItem","@id":"https:\/\/staytv.cr\/index.php\/category\/sucesos\/#listItem","name":"SUCESOS"}}]},{"@type":"Organization","@id":"https:\/\/staytv.cr\/#organization","name":"Stay TV","description":"Stay TV es un medio digital de noticias con base en Centroam\u00e9rica, con cobertura local e internacional desde una mirada asi\u00e1tica.","url":"https:\/\/staytv.cr\/","logo":{"@type":"ImageObject","url":"https:\/\/staytv.cr\/wp-content\/uploads\/cropped-StayTV_logo_oficial_simple.png","@id":"https:\/\/staytv.cr\/index.php\/2026\/02\/09\/trata-de-personas-en-costas-capacitan-a-guardacostas\/#organizationLogo","width":2560,"height":769},"image":{"@id":"https:\/\/staytv.cr\/index.php\/2026\/02\/09\/trata-de-personas-en-costas-capacitan-a-guardacostas\/#organizationLogo"},"sameAs":["https:\/\/www.instagram.com\/staytvcr\/"]},{"@type":"Person","@id":"https:\/\/staytv.cr\/index.php\/author\/diegostaytv\/#author","url":"https:\/\/staytv.cr\/index.php\/author\/diegostaytv\/","name":"Diego Molina","image":{"@type":"ImageObject","url":"https:\/\/secure.gravatar.com\/avatar\/7d23cb63381aa64750c7e76727c208369ebd6f2565e9dc4c62e323b1ea59af41?s=96&d=mm&r=g"}},{"@type":"WebPage","@id":"https:\/\/staytv.cr\/index.php\/2026\/02\/09\/trata-de-personas-en-costas-capacitan-a-guardacostas\/#webpage","url":"https:\/\/staytv.cr\/index.php\/2026\/02\/09\/trata-de-personas-en-costas-capacitan-a-guardacostas\/","name":"Trata de personas en costas: capacitan a Guardacostas","description":"Trata de personas en costas Guardacostas reciben capacitaci\u00f3n especializada con apoyo de la OIM para detectar v\u00edctimas en mar y litoral y coordinar con Fiscal\u00eda","inLanguage":"es-ES","isPartOf":{"@id":"https:\/\/staytv.cr\/#website"},"breadcrumb":{"@id":"https:\/\/staytv.cr\/index.php\/2026\/02\/09\/trata-de-personas-en-costas-capacitan-a-guardacostas\/#breadcrumblist"},"author":{"@id":"https:\/\/staytv.cr\/index.php\/author\/diegostaytv\/#author"},"creator":{"@id":"https:\/\/staytv.cr\/index.php\/author\/diegostaytv\/#author"},"image":{"@type":"ImageObject","url":"https:\/\/staytv.cr\/wp-content\/uploads\/Sin-titulo-3-227.png","@id":"https:\/\/staytv.cr\/index.php\/2026\/02\/09\/trata-de-personas-en-costas-capacitan-a-guardacostas\/#mainImage","width":1280,"height":720,"caption":"trata de personas en costas"},"primaryImageOfPage":{"@id":"https:\/\/staytv.cr\/index.php\/2026\/02\/09\/trata-de-personas-en-costas-capacitan-a-guardacostas\/#mainImage"},"datePublished":"2026-02-09T09:55:03-06:00","dateModified":"2026-02-09T09:55:03-06:00"},{"@type":"WebSite","@id":"https:\/\/staytv.cr\/#website","url":"https:\/\/staytv.cr\/","name":"Staytv","description":"Medio de comunicaci\u00f3n digital de Costa Rica.","inLanguage":"es-ES","publisher":{"@id":"https:\/\/staytv.cr\/#organization"}}]},"og:locale":"es_ES","og:site_name":"Staytv - Medio de comunicaci\u00f3n digital de Costa Rica.","og:type":"article","og:title":"Trata de personas en costas: capacitan a Guardacostas","og:description":"Trata de personas en costas Guardacostas reciben capacitaci\u00f3n especializada con apoyo de la OIM para detectar v\u00edctimas en mar y litoral y coordinar con Fiscal\u00eda","og:url":"https:\/\/staytv.cr\/index.php\/2026\/02\/09\/trata-de-personas-en-costas-capacitan-a-guardacostas\/","og:image":"https:\/\/staytv.cr\/wp-content\/uploads\/Sin-titulo-3-227.png","og:image:secure_url":"https:\/\/staytv.cr\/wp-content\/uploads\/Sin-titulo-3-227.png","og:image:width":1280,"og:image:height":720,"article:published_time":"2026-02-09T15:55:03+00:00","article:modified_time":"2026-02-09T15:55:03+00:00","article:publisher":"https:\/\/www.facebook.com\/staytvcr","twitter:card":"summary_large_image","twitter:title":"Trata de personas en costas: capacitan a Guardacostas","twitter:description":"Trata de personas en costas Guardacostas reciben capacitaci\u00f3n especializada con apoyo de la OIM para detectar v\u00edctimas en mar y litoral y coordinar con Fiscal\u00eda","twitter:image":"https:\/\/staytv.cr\/wp-content\/uploads\/Sin-titulo-3-227.png"},"aioseo_meta_data":{"post_id":"29687","title":"Trata de personas en costas: capacitan a Guardacostas","description":"Trata de personas en costas Guardacostas reciben capacitaci\u00f3n especializada con apoyo de la OIM para detectar v\u00edctimas en mar y litoral y coordinar con Fiscal\u00eda","keywords":null,"keyphrases":{"focus":{"keyphrase":"trata","score":64,"analysis":{"keyphraseInTitle":{"score":9,"maxScore":9,"error":0},"keyphraseInDescription":{"score":9,"maxScore":9,"error":0},"keyphraseLength":{"score":9,"maxScore":9,"error":0,"length":1},"keyphraseInURL":{"score":5,"maxScore":5,"error":0},"keyphraseInIntroduction":{"score":3,"maxScore":9,"error":1},"keyphraseInSubHeadings":{"score":3,"maxScore":9,"error":1},"keyphraseInImageAlt":[],"keywordDensity":{"type":"high","score":0,"maxScore":9,"error":1}}},"additional":[]},"canonical_url":null,"og_title":null,"og_description":null,"og_object_type":"default","og_image_type":"default","og_image_custom_url":null,"og_image_custom_fields":null,"og_custom_image_width":null,"og_custom_image_height":null,"og_video":"","og_custom_url":null,"og_article_section":null,"og_article_tags":null,"twitter_use_og":true,"twitter_card":"default","twitter_image_type":"default","twitter_image_custom_url":null,"twitter_image_custom_fields":null,"twitter_title":null,"twitter_description":null,"schema_type":null,"schema_type_options":null,"pillar_content":false,"robots_default":true,"robots_noindex":false,"robots_noarchive":false,"robots_nosnippet":false,"robots_nofollow":false,"robots_noimageindex":false,"robots_noodp":false,"robots_notranslate":false,"robots_max_snippet":"-1","robots_max_videopreview":"-1","robots_max_imagepreview":"none","tabs":null,"priority":null,"frequency":"default","local_seo":null,"created":"2026-02-09 15:43:00","updated":"2026-02-09 15:55:04"},"aioseo_breadcrumb":"<div class=\"aioseo-breadcrumbs\"><span class=\"aioseo-breadcrumb\">\n\t<a href=\"https:\/\/staytv.cr\" title=\"Home\">Home<\/a>\n<\/span><span class=\"aioseo-breadcrumb-separator\">&raquo;<\/span><span class=\"aioseo-breadcrumb\">\n\t<a href=\"https:\/\/staytv.cr\/index.php\/category\/sucesos\/\" title=\"SUCESOS\">SUCESOS<\/a>\n<\/span><span class=\"aioseo-breadcrumb-separator\">&raquo;<\/span><span class=\"aioseo-breadcrumb\">\n\tCapacitan a Guardacostas para detectar v\u00edctimas en mar\n<\/span><\/div>","aioseo_breadcrumb_json":[{"label":"Home","link":"https:\/\/staytv.cr"},{"label":"SUCESOS","link":"https:\/\/staytv.cr\/index.php\/category\/sucesos\/"},{"label":"Capacitan a Guardacostas para detectar v\u00edctimas en mar","link":"https:\/\/staytv.cr\/index.php\/2026\/02\/09\/trata-de-personas-en-costas-capacitan-a-guardacostas\/"}],"_links":{"self":[{"href":"https:\/\/staytv.cr\/index.php\/wp-json\/wp\/v2\/posts\/29687","targetHints":{"allow":["GET"]}}],"collection":[{"href":"https:\/\/staytv.cr\/index.php\/wp-json\/wp\/v2\/posts"}],"about":[{"href":"https:\/\/staytv.cr\/index.php\/wp-json\/wp\/v2\/types\/post"}],"author":[{"embeddable":true,"href":"https:\/\/staytv.cr\/index.php\/wp-json\/wp\/v2\/users\/10"}],"replies":[{"embeddable":true,"href":"https:\/\/staytv.cr\/index.php\/wp-json\/wp\/v2\/comments?post=29687"}],"version-history":[{"count":1,"href":"https:\/\/staytv.cr\/index.php\/wp-json\/wp\/v2\/posts\/29687\/revisions"}],"predecessor-version":[{"id":29689,"href":"https:\/\/staytv.cr\/index.php\/wp-json\/wp\/v2\/posts\/29687\/revisions\/29689"}],"wp:featuredmedia":[{"embeddable":true,"href":"https:\/\/staytv.cr\/index.php\/wp-json\/wp\/v2\/media\/29688"}],"wp:attachment":[{"href":"https:\/\/staytv.cr\/index.php\/wp-json\/wp\/v2\/media?parent=29687"}],"wp:term":[{"taxonomy":"category","embeddable":true,"href":"https:\/\/staytv.cr\/index.php\/wp-json\/wp\/v2\/categories?post=29687"},{"taxonomy":"post_tag","embeddable":true,"href":"https:\/\/staytv.cr\/index.php\/wp-json\/wp\/v2\/tags?post=29687"}],"curies":[{"name":"wp","href":"https:\/\/api.w.org\/{rel}","templated":true}]}}