{"id":30249,"date":"2026-02-19T15:08:21","date_gmt":"2026-02-19T21:08:21","guid":{"rendered":"https:\/\/staytv.cr\/?p=30249"},"modified":"2026-02-19T15:08:21","modified_gmt":"2026-02-19T21:08:21","slug":"cartago-impulsa-acuerdo-provincial-de-seguridad-ante-avance-del-crimen-organizado","status":"publish","type":"post","link":"https:\/\/staytv.cr\/index.php\/2026\/02\/19\/cartago-impulsa-acuerdo-provincial-de-seguridad-ante-avance-del-crimen-organizado\/","title":{"rendered":"Cartago impulsa acuerdo provincial de seguridad ante avance del crimen organizado"},"content":{"rendered":"<p>&nbsp;<\/p>\n<article>\n<h1><\/h1>\n<p>Las autoridades municipales de Cartago anunciaron el inicio de un proceso de di\u00e1logo para construir un acuerdo provincial en materia de <strong>terror<\/strong> y seguridad ciudadana, con apoyo de la Comisi\u00f3n de Seguridad y Crimen Organizado del Colegio de Abogados. La intenci\u00f3n es articular esfuerzos entre municipalidades y otras instancias, pese a que la responsabilidad formal de la seguridad recae en el Ministerio de Seguridad P\u00fablica y el OIJ. El llamado surge ante la presencia de pandillas, narcotr\u00e1fico y b\u00fankers en comunidades como Los Diques, que han generado preocupaci\u00f3n por el aumento de hechos violentos.<\/p>\n<p><!-- CAJA DE VIDEO + DOFOLLOW (RESPONSIVE) --><\/p>\n<div style=\"margin: 20px 0; width: 100%;\">\n<p><!-- CONTENEDOR VIDEO 16:9 --><\/p>\n<div style=\"position: relative; width: 100%; padding-bottom: 56.25%; height: 0; overflow: hidden; border-radius: 12px;\"><iframe style=\"position: absolute; top: 0; left: 0; width: 100%; height: 100%; border: 0;\" data-src=\"https:\/\/www.youtube.com\/embed\/oQcEL7nItdc\" allowfullscreen=\"allowfullscreen\" src=\"data:image\/svg+xml;base64,PHN2ZyB3aWR0aD0iMSIgaGVpZ2h0PSIxIiB4bWxucz0iaHR0cDovL3d3dy53My5vcmcvMjAwMC9zdmciPjwvc3ZnPg==\" class=\"lazyload\" data-load-mode=\"1\"><br \/>\n<\/iframe><\/div>\n<p><!-- ENLACE DOFOLLOW (SIN ATRIBUTOS REL) --><\/p>\n<p style=\"margin-top: 12px; font-size: 15px;\"><strong>Recurso externo:<\/strong><br \/>\n<a href=\"https:\/\/youtu.be\/oQcEL7nItdc\">Ver video completo en YouTube<\/a><\/p>\n<\/div>\n<p>&nbsp;<\/p>\n<h2>Un frente com\u00fan contra el terror del crimen organizado<\/h2>\n<p>Seg\u00fan explicaron las autoridades locales, el objetivo del acuerdo provincial es unir capacidades institucionales ante un enemigo \u201cmuy poderoso, multimillonario y con muchas herramientas ilegales para operar\u201d. La Municipalidad de Cartago admite que no es la encargada directa de la seguridad p\u00fablica, pero insiste en que puede y quiere ayudar m\u00e1s, especialmente frente a las limitaciones de recursos que enfrenta Seguridad P\u00fablica y otras instituciones.<\/p>\n<p>Con el acompa\u00f1amiento de destacados juristas de la Comisi\u00f3n de Seguridad y Crimen Organizado, se trabaja en un plan de acci\u00f3n que re\u00fana todo lo que cada municipalidad puede hacer para velar por la seguridad de los cartagineses. La prioridad es que la poblaci\u00f3n no quede desprotegida frente al <strong>terror<\/strong> que generan las disputas de pandillas y las estructuras del narcotr\u00e1fico en barrios sensibles de la provincia.<\/p>\n<h2>Operativos, pandillas y presencia temporal de la Fuerza P\u00fablica<\/h2>\n<p>Las autoridades locales reconocen que existe una lucha de pandillas que est\u00e1 afectando directamente a Cartago y atentando contra la vida de varias personas, un factor clave en la sensaci\u00f3n de <strong>terror<\/strong> en las comunidades. En respuesta, la Polic\u00eda Municipal, en coordinaci\u00f3n con el OIJ y con refuerzos recientes de la Fuerza P\u00fablica, ha realizado operativos en sectores como Los Diques y otras zonas conflictivas.<\/p>\n<p>Sin embargo, advierten que el refuerzo policial de Seguridad P\u00fablica ha sido aparentemente temporal. La Municipalidad sostiene que, si el Ministerio contara con m\u00e1s oficiales, estos operativos podr\u00edan ser semanales y no solo reacciones puntuales en momentos de crisis. De esa capacidad depender\u00eda evitar que se consoliden b\u00fankers y puntos de venta de droga en Cartago, por lo que reiteran la necesidad de un acuerdo nacional en seguridad y de un fortalecimiento real de las fuerzas policiales del Estado para enfrentar el <strong>terror<\/strong> del crimen organizado.<\/p>\n<h3>Prevenci\u00f3n local: control de espacio p\u00fablico y ventas ambulantes<\/h3>\n<p>En el plano preventivo, el gobierno local ha comenzado a intervenir el ornato y el uso del espacio p\u00fablico, especialmente en la zona de la estaci\u00f3n y la parada de Lumaca, donde se han registrado incidentes vinculados a ri\u00f1as y delitos. Al revisar ventas ambulantes estacionarias instaladas sin permiso, las autoridades encontraron una cantidad importante de objetos punzocortantes, lo que encendi\u00f3 alertas sobre riesgos asociados a estos puntos informales.<\/p>\n<p>La Municipalidad anunci\u00f3 que continuar\u00e1 retirando estos objetos, abordando el fen\u00f3meno de ventas sin autorizaci\u00f3n y tomando todas las decisiones pertinentes para reducir la posibilidad de hechos violentos. No obstante, insiste en que su apoyo a la seguridad implica desviar recursos que podr\u00edan destinarse a calles, parques, acueductos y otras obras. Por ello subraya que, aunque colabora frente al <strong>terror<\/strong> criminal, el peso principal debe recaer en el gobierno central, que es el competente en materia de seguridad p\u00fablica y persecuci\u00f3n penal.<\/p>\n<p>Con informaci\u00f3n para STAY TV: https:\/\/www.staytv.com<\/p>\n<\/article>\n<p>&nbsp;<\/p>\n","protected":false},"excerpt":{"rendered":"<p>&nbsp; Las autoridades municipales de Cartago anunciaron el inicio de un proceso de di\u00e1logo para construir un acuerdo provincial en materia de terror y seguridad ciudadana, con apoyo de la Comisi\u00f3n de Seguridad y Crimen Organizado del Colegio de Abogados. La intenci\u00f3n es articular esfuerzos entre municipalidades y otras instancias, pese a que la responsabilidad [&hellip;]<\/p>\n","protected":false},"author":10,"featured_media":30250,"comment_status":"open","ping_status":"open","sticky":false,"template":"","format":"standard","meta":{"episode_type":"","audio_file":"","podmotor_file_id":"","podmotor_episode_id":"","cover_image":"","cover_image_id":"","duration":"","filesize":"","filesize_raw":"","date_recorded":"","explicit":"","block":"","itunes_episode_number":"","itunes_title":"","itunes_season_number":"","itunes_episode_type":"","footnotes":""},"categories":[1],"tags":[1096,5181,1511,171,5182,178,5180,1672,5109,908,4845],"class_list":{"0":"post-30249","1":"post","2":"type-post","3":"status-publish","4":"format-standard","5":"has-post-thumbnail","7":"category-sucesos","8":"tag-cartago","9":"tag-colegio-de-abogados","10":"tag-crimen-organizado","11":"tag-fuerza-publica","12":"tag-los-diques","13":"tag-narcotrafico","14":"tag-pandillas","15":"tag-policia-municipal","16":"tag-policiales","17":"tag-seguridad-ciudadana","18":"tag-terror"},"aioseo_notices":[],"aioseo_head":"\n\t\t<!-- All in One SEO Pro 4.8.3.2 - aioseo.com -->\n\t<meta name=\"description\" content=\"Cartago impulsa un acuerdo provincial de seguridad para enfrentar el terror de pandillas y narcotr\u00e1fico, en apoyo a las fuerzas policiales del Estado.\" \/>\n\t<meta name=\"robots\" content=\"max-image-preview:large\" \/>\n\t<meta name=\"author\" content=\"Diego Molina\"\/>\n\t<link rel=\"canonical\" href=\"https:\/\/staytv.cr\/index.php\/2026\/02\/19\/cartago-impulsa-acuerdo-provincial-de-seguridad-ante-avance-del-crimen-organizado\/\" \/>\n\t<meta name=\"generator\" content=\"All in One SEO Pro (AIOSEO) 4.8.3.2\" \/>\n\t\t<meta property=\"og:locale\" content=\"es_ES\" \/>\n\t\t<meta property=\"og:site_name\" content=\"Staytv - Medio de comunicaci\u00f3n digital de Costa Rica.\" \/>\n\t\t<meta property=\"og:type\" content=\"article\" \/>\n\t\t<meta property=\"og:title\" content=\"Cartago se organiza contra el terror del crimen organizado\" \/>\n\t\t<meta property=\"og:description\" content=\"Cartago impulsa un acuerdo provincial de seguridad para enfrentar el terror de pandillas y narcotr\u00e1fico, en apoyo a las fuerzas policiales del Estado.\" \/>\n\t\t<meta property=\"og:url\" content=\"https:\/\/staytv.cr\/index.php\/2026\/02\/19\/cartago-impulsa-acuerdo-provincial-de-seguridad-ante-avance-del-crimen-organizado\/\" \/>\n\t\t<meta property=\"og:image\" content=\"https:\/\/staytv.cr\/wp-content\/uploads\/Sin-titulo-8-38.jpg\" \/>\n\t\t<meta property=\"og:image:secure_url\" content=\"https:\/\/staytv.cr\/wp-content\/uploads\/Sin-titulo-8-38.jpg\" \/>\n\t\t<meta property=\"og:image:width\" content=\"1280\" \/>\n\t\t<meta property=\"og:image:height\" content=\"720\" \/>\n\t\t<meta property=\"article:published_time\" content=\"2026-02-19T21:08:21+00:00\" \/>\n\t\t<meta property=\"article:modified_time\" content=\"2026-02-19T21:08:21+00:00\" \/>\n\t\t<meta property=\"article:publisher\" content=\"https:\/\/www.facebook.com\/staytvcr\" \/>\n\t\t<meta name=\"twitter:card\" content=\"summary_large_image\" \/>\n\t\t<meta name=\"twitter:title\" content=\"Cartago se organiza contra el terror del crimen organizado\" \/>\n\t\t<meta name=\"twitter:description\" content=\"Cartago impulsa un acuerdo provincial de seguridad para enfrentar el terror de pandillas y narcotr\u00e1fico, en apoyo a las fuerzas policiales del Estado.\" \/>\n\t\t<meta name=\"twitter:image\" content=\"https:\/\/staytv.cr\/wp-content\/uploads\/Sin-titulo-8-38.jpg\" \/>\n\t\t<script type=\"application\/ld+json\" class=\"aioseo-schema\">\n\t\t\t{\"@context\":\"https:\\\/\\\/schema.org\",\"@graph\":[{\"@type\":\"BreadcrumbList\",\"@id\":\"https:\\\/\\\/staytv.cr\\\/index.php\\\/2026\\\/02\\\/19\\\/cartago-impulsa-acuerdo-provincial-de-seguridad-ante-avance-del-crimen-organizado\\\/#breadcrumblist\",\"itemListElement\":[{\"@type\":\"ListItem\",\"@id\":\"https:\\\/\\\/staytv.cr#listItem\",\"position\":1,\"name\":\"Home\",\"item\":\"https:\\\/\\\/staytv.cr\",\"nextItem\":{\"@type\":\"ListItem\",\"@id\":\"https:\\\/\\\/staytv.cr\\\/index.php\\\/category\\\/sucesos\\\/#listItem\",\"name\":\"SUCESOS\"}},{\"@type\":\"ListItem\",\"@id\":\"https:\\\/\\\/staytv.cr\\\/index.php\\\/category\\\/sucesos\\\/#listItem\",\"position\":2,\"name\":\"SUCESOS\",\"item\":\"https:\\\/\\\/staytv.cr\\\/index.php\\\/category\\\/sucesos\\\/\",\"nextItem\":{\"@type\":\"ListItem\",\"@id\":\"https:\\\/\\\/staytv.cr\\\/index.php\\\/2026\\\/02\\\/19\\\/cartago-impulsa-acuerdo-provincial-de-seguridad-ante-avance-del-crimen-organizado\\\/#listItem\",\"name\":\"Cartago impulsa acuerdo provincial de seguridad ante avance del crimen organizado\"},\"previousItem\":{\"@type\":\"ListItem\",\"@id\":\"https:\\\/\\\/staytv.cr#listItem\",\"name\":\"Home\"}},{\"@type\":\"ListItem\",\"@id\":\"https:\\\/\\\/staytv.cr\\\/index.php\\\/2026\\\/02\\\/19\\\/cartago-impulsa-acuerdo-provincial-de-seguridad-ante-avance-del-crimen-organizado\\\/#listItem\",\"position\":3,\"name\":\"Cartago impulsa acuerdo provincial de seguridad ante avance del crimen organizado\",\"previousItem\":{\"@type\":\"ListItem\",\"@id\":\"https:\\\/\\\/staytv.cr\\\/index.php\\\/category\\\/sucesos\\\/#listItem\",\"name\":\"SUCESOS\"}}]},{\"@type\":\"Organization\",\"@id\":\"https:\\\/\\\/staytv.cr\\\/#organization\",\"name\":\"Stay TV\",\"description\":\"Stay TV es un medio digital de noticias con base en Centroam\\u00e9rica, con cobertura local e internacional desde una mirada asi\\u00e1tica.\",\"url\":\"https:\\\/\\\/staytv.cr\\\/\",\"logo\":{\"@type\":\"ImageObject\",\"url\":\"https:\\\/\\\/staytv.cr\\\/wp-content\\\/uploads\\\/cropped-StayTV_logo_oficial_simple.png\",\"@id\":\"https:\\\/\\\/staytv.cr\\\/index.php\\\/2026\\\/02\\\/19\\\/cartago-impulsa-acuerdo-provincial-de-seguridad-ante-avance-del-crimen-organizado\\\/#organizationLogo\",\"width\":2560,\"height\":769},\"image\":{\"@id\":\"https:\\\/\\\/staytv.cr\\\/index.php\\\/2026\\\/02\\\/19\\\/cartago-impulsa-acuerdo-provincial-de-seguridad-ante-avance-del-crimen-organizado\\\/#organizationLogo\"},\"sameAs\":[\"https:\\\/\\\/www.instagram.com\\\/staytvcr\\\/\"]},{\"@type\":\"Person\",\"@id\":\"https:\\\/\\\/staytv.cr\\\/index.php\\\/author\\\/diegostaytv\\\/#author\",\"url\":\"https:\\\/\\\/staytv.cr\\\/index.php\\\/author\\\/diegostaytv\\\/\",\"name\":\"Diego Molina\",\"image\":{\"@type\":\"ImageObject\",\"url\":\"https:\\\/\\\/secure.gravatar.com\\\/avatar\\\/7d23cb63381aa64750c7e76727c208369ebd6f2565e9dc4c62e323b1ea59af41?s=96&d=mm&r=g\"}},{\"@type\":\"WebPage\",\"@id\":\"https:\\\/\\\/staytv.cr\\\/index.php\\\/2026\\\/02\\\/19\\\/cartago-impulsa-acuerdo-provincial-de-seguridad-ante-avance-del-crimen-organizado\\\/#webpage\",\"url\":\"https:\\\/\\\/staytv.cr\\\/index.php\\\/2026\\\/02\\\/19\\\/cartago-impulsa-acuerdo-provincial-de-seguridad-ante-avance-del-crimen-organizado\\\/\",\"name\":\"Cartago se organiza contra el terror del crimen organizado\",\"description\":\"Cartago impulsa un acuerdo provincial de seguridad para enfrentar el terror de pandillas y narcotr\\u00e1fico, en apoyo a las fuerzas policiales del Estado.\",\"inLanguage\":\"es-ES\",\"isPartOf\":{\"@id\":\"https:\\\/\\\/staytv.cr\\\/#website\"},\"breadcrumb\":{\"@id\":\"https:\\\/\\\/staytv.cr\\\/index.php\\\/2026\\\/02\\\/19\\\/cartago-impulsa-acuerdo-provincial-de-seguridad-ante-avance-del-crimen-organizado\\\/#breadcrumblist\"},\"author\":{\"@id\":\"https:\\\/\\\/staytv.cr\\\/index.php\\\/author\\\/diegostaytv\\\/#author\"},\"creator\":{\"@id\":\"https:\\\/\\\/staytv.cr\\\/index.php\\\/author\\\/diegostaytv\\\/#author\"},\"image\":{\"@type\":\"ImageObject\",\"url\":\"https:\\\/\\\/staytv.cr\\\/wp-content\\\/uploads\\\/Sin-titulo-8-38.jpg\",\"@id\":\"https:\\\/\\\/staytv.cr\\\/index.php\\\/2026\\\/02\\\/19\\\/cartago-impulsa-acuerdo-provincial-de-seguridad-ante-avance-del-crimen-organizado\\\/#mainImage\",\"width\":1280,\"height\":720,\"caption\":\"Polic\\u00eda Municipal y Fuerza P\\u00fablica\"},\"primaryImageOfPage\":{\"@id\":\"https:\\\/\\\/staytv.cr\\\/index.php\\\/2026\\\/02\\\/19\\\/cartago-impulsa-acuerdo-provincial-de-seguridad-ante-avance-del-crimen-organizado\\\/#mainImage\"},\"datePublished\":\"2026-02-19T15:08:21-06:00\",\"dateModified\":\"2026-02-19T15:08:21-06:00\"},{\"@type\":\"WebSite\",\"@id\":\"https:\\\/\\\/staytv.cr\\\/#website\",\"url\":\"https:\\\/\\\/staytv.cr\\\/\",\"name\":\"Staytv\",\"description\":\"Medio de comunicaci\\u00f3n digital de Costa Rica.\",\"inLanguage\":\"es-ES\",\"publisher\":{\"@id\":\"https:\\\/\\\/staytv.cr\\\/#organization\"}}]}\n\t\t<\/script>\n\t\t<!-- All in One SEO Pro -->\r\n\t\t<title>Cartago se organiza contra el terror del crimen organizado<\/title>\n\n","aioseo_head_json":{"title":"Cartago se organiza contra el terror del crimen organizado","description":"Cartago impulsa un acuerdo provincial de seguridad para enfrentar el terror de pandillas y narcotr\u00e1fico, en apoyo a las fuerzas policiales del Estado.","canonical_url":"https:\/\/staytv.cr\/index.php\/2026\/02\/19\/cartago-impulsa-acuerdo-provincial-de-seguridad-ante-avance-del-crimen-organizado\/","robots":"max-image-preview:large","keywords":"","webmasterTools":{"miscellaneous":""},"schema":{"@context":"https:\/\/schema.org","@graph":[{"@type":"BreadcrumbList","@id":"https:\/\/staytv.cr\/index.php\/2026\/02\/19\/cartago-impulsa-acuerdo-provincial-de-seguridad-ante-avance-del-crimen-organizado\/#breadcrumblist","itemListElement":[{"@type":"ListItem","@id":"https:\/\/staytv.cr#listItem","position":1,"name":"Home","item":"https:\/\/staytv.cr","nextItem":{"@type":"ListItem","@id":"https:\/\/staytv.cr\/index.php\/category\/sucesos\/#listItem","name":"SUCESOS"}},{"@type":"ListItem","@id":"https:\/\/staytv.cr\/index.php\/category\/sucesos\/#listItem","position":2,"name":"SUCESOS","item":"https:\/\/staytv.cr\/index.php\/category\/sucesos\/","nextItem":{"@type":"ListItem","@id":"https:\/\/staytv.cr\/index.php\/2026\/02\/19\/cartago-impulsa-acuerdo-provincial-de-seguridad-ante-avance-del-crimen-organizado\/#listItem","name":"Cartago impulsa acuerdo provincial de seguridad ante avance del crimen organizado"},"previousItem":{"@type":"ListItem","@id":"https:\/\/staytv.cr#listItem","name":"Home"}},{"@type":"ListItem","@id":"https:\/\/staytv.cr\/index.php\/2026\/02\/19\/cartago-impulsa-acuerdo-provincial-de-seguridad-ante-avance-del-crimen-organizado\/#listItem","position":3,"name":"Cartago impulsa acuerdo provincial de seguridad ante avance del crimen organizado","previousItem":{"@type":"ListItem","@id":"https:\/\/staytv.cr\/index.php\/category\/sucesos\/#listItem","name":"SUCESOS"}}]},{"@type":"Organization","@id":"https:\/\/staytv.cr\/#organization","name":"Stay TV","description":"Stay TV es un medio digital de noticias con base en Centroam\u00e9rica, con cobertura local e internacional desde una mirada asi\u00e1tica.","url":"https:\/\/staytv.cr\/","logo":{"@type":"ImageObject","url":"https:\/\/staytv.cr\/wp-content\/uploads\/cropped-StayTV_logo_oficial_simple.png","@id":"https:\/\/staytv.cr\/index.php\/2026\/02\/19\/cartago-impulsa-acuerdo-provincial-de-seguridad-ante-avance-del-crimen-organizado\/#organizationLogo","width":2560,"height":769},"image":{"@id":"https:\/\/staytv.cr\/index.php\/2026\/02\/19\/cartago-impulsa-acuerdo-provincial-de-seguridad-ante-avance-del-crimen-organizado\/#organizationLogo"},"sameAs":["https:\/\/www.instagram.com\/staytvcr\/"]},{"@type":"Person","@id":"https:\/\/staytv.cr\/index.php\/author\/diegostaytv\/#author","url":"https:\/\/staytv.cr\/index.php\/author\/diegostaytv\/","name":"Diego Molina","image":{"@type":"ImageObject","url":"https:\/\/secure.gravatar.com\/avatar\/7d23cb63381aa64750c7e76727c208369ebd6f2565e9dc4c62e323b1ea59af41?s=96&d=mm&r=g"}},{"@type":"WebPage","@id":"https:\/\/staytv.cr\/index.php\/2026\/02\/19\/cartago-impulsa-acuerdo-provincial-de-seguridad-ante-avance-del-crimen-organizado\/#webpage","url":"https:\/\/staytv.cr\/index.php\/2026\/02\/19\/cartago-impulsa-acuerdo-provincial-de-seguridad-ante-avance-del-crimen-organizado\/","name":"Cartago se organiza contra el terror del crimen organizado","description":"Cartago impulsa un acuerdo provincial de seguridad para enfrentar el terror de pandillas y narcotr\u00e1fico, en apoyo a las fuerzas policiales del Estado.","inLanguage":"es-ES","isPartOf":{"@id":"https:\/\/staytv.cr\/#website"},"breadcrumb":{"@id":"https:\/\/staytv.cr\/index.php\/2026\/02\/19\/cartago-impulsa-acuerdo-provincial-de-seguridad-ante-avance-del-crimen-organizado\/#breadcrumblist"},"author":{"@id":"https:\/\/staytv.cr\/index.php\/author\/diegostaytv\/#author"},"creator":{"@id":"https:\/\/staytv.cr\/index.php\/author\/diegostaytv\/#author"},"image":{"@type":"ImageObject","url":"https:\/\/staytv.cr\/wp-content\/uploads\/Sin-titulo-8-38.jpg","@id":"https:\/\/staytv.cr\/index.php\/2026\/02\/19\/cartago-impulsa-acuerdo-provincial-de-seguridad-ante-avance-del-crimen-organizado\/#mainImage","width":1280,"height":720,"caption":"Polic\u00eda Municipal y Fuerza P\u00fablica"},"primaryImageOfPage":{"@id":"https:\/\/staytv.cr\/index.php\/2026\/02\/19\/cartago-impulsa-acuerdo-provincial-de-seguridad-ante-avance-del-crimen-organizado\/#mainImage"},"datePublished":"2026-02-19T15:08:21-06:00","dateModified":"2026-02-19T15:08:21-06:00"},{"@type":"WebSite","@id":"https:\/\/staytv.cr\/#website","url":"https:\/\/staytv.cr\/","name":"Staytv","description":"Medio de comunicaci\u00f3n digital de Costa Rica.","inLanguage":"es-ES","publisher":{"@id":"https:\/\/staytv.cr\/#organization"}}]},"og:locale":"es_ES","og:site_name":"Staytv - Medio de comunicaci\u00f3n digital de Costa Rica.","og:type":"article","og:title":"Cartago se organiza contra el terror del crimen organizado","og:description":"Cartago impulsa un acuerdo provincial de seguridad para enfrentar el terror de pandillas y narcotr\u00e1fico, en apoyo a las fuerzas policiales del Estado.","og:url":"https:\/\/staytv.cr\/index.php\/2026\/02\/19\/cartago-impulsa-acuerdo-provincial-de-seguridad-ante-avance-del-crimen-organizado\/","og:image":"https:\/\/staytv.cr\/wp-content\/uploads\/Sin-titulo-8-38.jpg","og:image:secure_url":"https:\/\/staytv.cr\/wp-content\/uploads\/Sin-titulo-8-38.jpg","og:image:width":1280,"og:image:height":720,"article:published_time":"2026-02-19T21:08:21+00:00","article:modified_time":"2026-02-19T21:08:21+00:00","article:publisher":"https:\/\/www.facebook.com\/staytvcr","twitter:card":"summary_large_image","twitter:title":"Cartago se organiza contra el terror del crimen organizado","twitter:description":"Cartago impulsa un acuerdo provincial de seguridad para enfrentar el terror de pandillas y narcotr\u00e1fico, en apoyo a las fuerzas policiales del Estado.","twitter:image":"https:\/\/staytv.cr\/wp-content\/uploads\/Sin-titulo-8-38.jpg"},"aioseo_meta_data":{"post_id":"30249","title":"Cartago se organiza contra el terror del crimen organizado","description":"Cartago impulsa un acuerdo provincial de seguridad para enfrentar el terror de pandillas y narcotr\u00e1fico, en apoyo a las fuerzas policiales del Estado.","keywords":null,"keyphrases":{"focus":{"keyphrase":"Cartago","score":80,"analysis":{"keyphraseInTitle":{"score":9,"maxScore":9,"error":0},"keyphraseInDescription":{"score":9,"maxScore":9,"error":0},"keyphraseLength":{"score":9,"maxScore":9,"error":0,"length":1},"keyphraseInURL":{"score":5,"maxScore":5,"error":0},"keyphraseInIntroduction":{"score":3,"maxScore":9,"error":1},"keyphraseInSubHeadings":{"score":3,"maxScore":9,"error":1},"keyphraseInImageAlt":[],"keywordDensity":{"type":"best","score":9,"maxScore":9,"error":0}}},"additional":[]},"canonical_url":null,"og_title":null,"og_description":null,"og_object_type":"default","og_image_type":"default","og_image_custom_url":null,"og_image_custom_fields":null,"og_custom_image_width":null,"og_custom_image_height":null,"og_video":"","og_custom_url":null,"og_article_section":null,"og_article_tags":null,"twitter_use_og":true,"twitter_card":"default","twitter_image_type":"default","twitter_image_custom_url":null,"twitter_image_custom_fields":null,"twitter_title":null,"twitter_description":null,"schema_type":null,"schema_type_options":null,"pillar_content":false,"robots_default":true,"robots_noindex":false,"robots_noarchive":false,"robots_nosnippet":false,"robots_nofollow":false,"robots_noimageindex":false,"robots_noodp":false,"robots_notranslate":false,"robots_max_snippet":"-1","robots_max_videopreview":"-1","robots_max_imagepreview":"none","tabs":null,"priority":null,"frequency":"default","local_seo":null,"created":"2026-02-19 20:57:38","updated":"2026-02-19 21:08:23"},"aioseo_breadcrumb":"<div class=\"aioseo-breadcrumbs\"><span class=\"aioseo-breadcrumb\">\n\t<a href=\"https:\/\/staytv.cr\" title=\"Home\">Home<\/a>\n<\/span><span class=\"aioseo-breadcrumb-separator\">&raquo;<\/span><span class=\"aioseo-breadcrumb\">\n\t<a href=\"https:\/\/staytv.cr\/index.php\/category\/sucesos\/\" title=\"SUCESOS\">SUCESOS<\/a>\n<\/span><span class=\"aioseo-breadcrumb-separator\">&raquo;<\/span><span class=\"aioseo-breadcrumb\">\n\tCartago impulsa acuerdo provincial de seguridad ante avance del crimen organizado\n<\/span><\/div>","aioseo_breadcrumb_json":[{"label":"Home","link":"https:\/\/staytv.cr"},{"label":"SUCESOS","link":"https:\/\/staytv.cr\/index.php\/category\/sucesos\/"},{"label":"Cartago impulsa acuerdo provincial de seguridad ante avance del crimen organizado","link":"https:\/\/staytv.cr\/index.php\/2026\/02\/19\/cartago-impulsa-acuerdo-provincial-de-seguridad-ante-avance-del-crimen-organizado\/"}],"_links":{"self":[{"href":"https:\/\/staytv.cr\/index.php\/wp-json\/wp\/v2\/posts\/30249","targetHints":{"allow":["GET"]}}],"collection":[{"href":"https:\/\/staytv.cr\/index.php\/wp-json\/wp\/v2\/posts"}],"about":[{"href":"https:\/\/staytv.cr\/index.php\/wp-json\/wp\/v2\/types\/post"}],"author":[{"embeddable":true,"href":"https:\/\/staytv.cr\/index.php\/wp-json\/wp\/v2\/users\/10"}],"replies":[{"embeddable":true,"href":"https:\/\/staytv.cr\/index.php\/wp-json\/wp\/v2\/comments?post=30249"}],"version-history":[{"count":1,"href":"https:\/\/staytv.cr\/index.php\/wp-json\/wp\/v2\/posts\/30249\/revisions"}],"predecessor-version":[{"id":30251,"href":"https:\/\/staytv.cr\/index.php\/wp-json\/wp\/v2\/posts\/30249\/revisions\/30251"}],"wp:featuredmedia":[{"embeddable":true,"href":"https:\/\/staytv.cr\/index.php\/wp-json\/wp\/v2\/media\/30250"}],"wp:attachment":[{"href":"https:\/\/staytv.cr\/index.php\/wp-json\/wp\/v2\/media?parent=30249"}],"wp:term":[{"taxonomy":"category","embeddable":true,"href":"https:\/\/staytv.cr\/index.php\/wp-json\/wp\/v2\/categories?post=30249"},{"taxonomy":"post_tag","embeddable":true,"href":"https:\/\/staytv.cr\/index.php\/wp-json\/wp\/v2\/tags?post=30249"}],"curies":[{"name":"wp","href":"https:\/\/api.w.org\/{rel}","templated":true}]}}