{"id":30427,"date":"2026-02-23T14:15:04","date_gmt":"2026-02-23T20:15:04","guid":{"rendered":"https:\/\/staytv.cr\/?p=30427"},"modified":"2026-02-23T14:53:47","modified_gmt":"2026-02-23T20:53:47","slug":"vientos-de-diciembre-y-enero-dejan-viviendas-afectadas-y-activan-seguro-del-ins","status":"publish","type":"post","link":"https:\/\/staytv.cr\/index.php\/2026\/02\/23\/vientos-de-diciembre-y-enero-dejan-viviendas-afectadas-y-activan-seguro-del-ins\/","title":{"rendered":"Vientos de diciembre y enero dejan viviendas afectadas y activan seguro del INS"},"content":{"rendered":"<p>Entre diciembre de 2025 y enero de 2026, los fuertes <strong>vientos<\/strong> que afectaron al pa\u00eds golpearon, en promedio, una vivienda asegurada cada cuatro d\u00edas, seg\u00fan datos del Instituto Nacional de Seguros (INS). En total, 17 propietarios con p\u00f3lizas de incendio presentaron solicitudes de indemnizaci\u00f3n por da\u00f1os vinculados a r\u00e1fagas y ca\u00eddas de \u00e1rboles. Estos casos se encuentran en tr\u00e1mite y podr\u00edan representar pagos de hasta 31 millones de colones, sujeto a lo que determinen las inspecciones t\u00e9cnicas. La mayor\u00eda de los reclamos provienen de inmuebles ubicados en Alajuela y Heredia, dos de las provincias m\u00e1s expuestas a episodios recientes de viento fuerte.<\/p>\n<figure id=\"attachment_30429\" aria-describedby=\"caption-attachment-30429\" style=\"width: 1440px\" class=\"wp-caption alignleft\"><img loading=\"lazy\" loading=\"lazy\" decoding=\"async\" class=\"wp-image-30429 size-full\" src=\"https:\/\/staytv.cr\/wp-content\/uploads\/techo.avif\" alt=\"vientos\" width=\"1440\" height=\"814\" srcset=\"https:\/\/staytv.cr\/wp-content\/uploads\/techo.avif 1440w, https:\/\/staytv.cr\/wp-content\/uploads\/techo-300x170.avif 300w, https:\/\/staytv.cr\/wp-content\/uploads\/techo-1024x579.avif 1024w, https:\/\/staytv.cr\/wp-content\/uploads\/techo-150x85.avif 150w, https:\/\/staytv.cr\/wp-content\/uploads\/techo-768x434.avif 768w, https:\/\/staytv.cr\/wp-content\/uploads\/techo-860x486.avif 860w\" sizes=\"auto, (max-width: 1440px) 100vw, 1440px\" \/><figcaption id=\"caption-attachment-30429\" class=\"wp-caption-text\">vientos<\/figcaption><\/figure>\n<article>\n<h2>Vientos y da\u00f1os en viviendas aseguradas: 17 casos en dos meses<\/h2>\n<p>De acuerdo con el INS, las solicitudes de indemnizaci\u00f3n corresponden a 17 viviendas que resultaron afectadas por <strong>vientos<\/strong> intensos entre diciembre de 2025 y enero de 2026. El promedio equivale a una casa da\u00f1ada cada cuatro d\u00edas, lo que refleja el impacto recurrente de las condiciones meteorol\u00f3gicas sobre la infraestructura habitacional. Las provincias con m\u00e1s reportes son Alajuela y Heredia, donde los eventos de viento fuerte han sido frecuentes en los \u00faltimos meses.<\/p>\n<p>Las indemnizaciones asociadas a estos expedientes podr\u00edan sumar hasta 31 millones de colones, aunque el monto final depender\u00e1 de los resultados de las inspecciones que realizan los profesionales del INS. En cada caso se eval\u00faan los da\u00f1os estructurales \u2014como destechados parciales o totales, afectaci\u00f3n en paredes y otras \u00e1reas de la vivienda\u2014 y tambi\u00e9n las posibles p\u00e9rdidas en equipos y electrodom\u00e9sticos, cuando corresponda.<\/p>\n<h2>Vientos, p\u00f3lizas de incendio y cobertura del Seguro Hogar Comprensivo<\/h2>\n<p>El INS record\u00f3 que estos reclamos se tramitan gracias a que los propietarios contaban con p\u00f3lizas de incendio, productos que cubren no solo da\u00f1os por fuego, sino tambi\u00e9n inundaciones, deslizamientos, temblores y <strong>vientos<\/strong>, como en estos casos. Karla Huezo, subjefa de la Direcci\u00f3n de Seguros Generales, explic\u00f3 que en afectaciones por viento o ca\u00edda de \u00e1rboles es com\u00fan encontrar casas destechadas o con da\u00f1os en paredes, y que el equipo t\u00e9cnico valora la magnitud del perjuicio para definir la indemnizaci\u00f3n.<\/p>\n<p>Huezo subray\u00f3 que estas p\u00f3lizas tambi\u00e9n pueden cubrir la afectaci\u00f3n de electrodom\u00e9sticos u otros bienes contenidos en la vivienda, lo cual se considera cuando aplica. Dentro de la oferta del INS, la opci\u00f3n m\u00e1s completa es el Seguro Hogar Comprensivo, que integra en una sola p\u00f3liza la protecci\u00f3n frente a los principales riesgos a los que est\u00e1 expuesta una casa: fuego, temblor, terremoto, deslizamientos, inundaciones, da\u00f1os por viento o rayos y coberturas adicionales.<\/p>\n<h3>Vientos, costos del seguro y recomendaciones del INS para propietarios<\/h3>\n<p>Para ilustrar el costo de la protecci\u00f3n, el INS detalla que, en una vivienda valorada en 60 millones de colones, la inversi\u00f3n anual del Seguro Hogar Comprensivo es de 2.344 colones por mill\u00f3n asegurado. En ese ejemplo, el seguro tendr\u00eda un costo aproximado de 140.556 colones al a\u00f1o, es decir, unos 385 colones diarios para cubrir tanto la estructura como el menaje del hogar. Adem\u00e1s, esta p\u00f3liza ofrece servicios de multiasistencia hogar sin costo adicional, como plomer\u00eda, cerrajer\u00eda, electricidad, reparaci\u00f3n de cristales y traslados al aeropuerto o a citas m\u00e9dicas programadas.<\/p>\n<p>El seguro puede ser contratado por propietarios u oferentes de alquiler a trav\u00e9s de asesores, corredoras y sociedades agencia de seguros, as\u00ed como en sucursales del INS y en su sitio web. La instituci\u00f3n recomienda que, si existen dudas sobre la posibilidad de asegurar una vivienda por su ubicaci\u00f3n o estado, se solicite una inspecci\u00f3n previa. En un contexto de episodios cada vez m\u00e1s frecuentes de vientos fuertes y otros eventos clim\u00e1ticos, contar con una p\u00f3liza adecuada se vuelve una herramienta clave para mitigar el impacto econ\u00f3mico de los da\u00f1os y proteger el patrimonio familiar.<\/p>\n<p>Con informaci\u00f3n para STAY TV: <a href=\"https:\/\/www.staytv.com\">STAY TV<\/a><\/p>\n<\/article>\n<p>&nbsp;<\/p>\n","protected":false},"excerpt":{"rendered":"<p>Entre diciembre de 2025 y enero de 2026, los fuertes vientos que afectaron al pa\u00eds golpearon, en promedio, una vivienda asegurada cada cuatro d\u00edas, seg\u00fan datos del Instituto Nacional de Seguros (INS). En total, 17 propietarios con p\u00f3lizas de incendio presentaron solicitudes de indemnizaci\u00f3n por da\u00f1os vinculados a r\u00e1fagas y ca\u00eddas de \u00e1rboles. Estos casos [&hellip;]<\/p>\n","protected":false},"author":10,"featured_media":30428,"comment_status":"open","ping_status":"open","sticky":false,"template":"","format":"standard","meta":{"episode_type":"","audio_file":"","podmotor_file_id":"","podmotor_episode_id":"","cover_image":"","cover_image_id":"","duration":"","filesize":"","filesize_raw":"","date_recorded":"","explicit":"","block":"","itunes_episode_number":"","itunes_title":"","itunes_season_number":"","itunes_episode_type":"","footnotes":""},"categories":[1],"tags":[1506,1379,70,5338,1537,5335,5337,141,195,5339,1557,5336],"class_list":{"0":"post-30427","1":"post","2":"type-post","3":"status-publish","4":"format-standard","5":"has-post-thumbnail","7":"category-sucesos","8":"tag-alajuela","9":"tag-clima","10":"tag-costa-rica","11":"tag-danos-por-viento","12":"tag-heredia","13":"tag-hogar-comprensivo","14":"tag-indemnizaciones","15":"tag-ins","16":"tag-seguros","17":"tag-seguros-de-incendio","18":"tag-vientos","19":"tag-viviendas"},"aioseo_notices":[],"aioseo_head":"\n\t\t<!-- All in One SEO Pro 4.8.3.2 - aioseo.com -->\n\t<meta name=\"description\" content=\"Entre diciembre de 2025 y enero de 2026, los fuertes vientos que afectaron al pa\u00eds golpearon, en promedio, una vivienda asegurada cada cuatro d\u00edas, seg\u00fan datos del Instituto Nacional de Seguros (INS). En total, 17 propietarios con p\u00f3lizas de incendio presentaron solicitudes de indemnizaci\u00f3n por da\u00f1os vinculados a r\u00e1fagas y ca\u00eddas de \u00e1rboles. Estos casos\" \/>\n\t<meta name=\"robots\" content=\"max-image-preview:large\" \/>\n\t<meta name=\"author\" content=\"Diego Molina\"\/>\n\t<link rel=\"canonical\" href=\"https:\/\/staytv.cr\/index.php\/2026\/02\/23\/vientos-de-diciembre-y-enero-dejan-viviendas-afectadas-y-activan-seguro-del-ins\/\" \/>\n\t<meta name=\"generator\" content=\"All in One SEO Pro (AIOSEO) 4.8.3.2\" \/>\n\t\t<meta property=\"og:locale\" content=\"es_ES\" \/>\n\t\t<meta property=\"og:site_name\" content=\"Staytv - Medio de comunicaci\u00f3n digital de Costa Rica.\" \/>\n\t\t<meta property=\"og:type\" content=\"article\" \/>\n\t\t<meta property=\"og:title\" content=\"Vientos de diciembre y enero dejan viviendas afectadas y activan seguro del INS - Staytv\" \/>\n\t\t<meta property=\"og:description\" content=\"Entre diciembre de 2025 y enero de 2026, los fuertes vientos que afectaron al pa\u00eds golpearon, en promedio, una vivienda asegurada cada cuatro d\u00edas, seg\u00fan datos del Instituto Nacional de Seguros (INS). En total, 17 propietarios con p\u00f3lizas de incendio presentaron solicitudes de indemnizaci\u00f3n por da\u00f1os vinculados a r\u00e1fagas y ca\u00eddas de \u00e1rboles. Estos casos\" \/>\n\t\t<meta property=\"og:url\" content=\"https:\/\/staytv.cr\/index.php\/2026\/02\/23\/vientos-de-diciembre-y-enero-dejan-viviendas-afectadas-y-activan-seguro-del-ins\/\" \/>\n\t\t<meta property=\"og:image\" content=\"https:\/\/staytv.cr\/wp-content\/uploads\/Sin-titulo-8-39.jpg\" \/>\n\t\t<meta property=\"og:image:secure_url\" content=\"https:\/\/staytv.cr\/wp-content\/uploads\/Sin-titulo-8-39.jpg\" \/>\n\t\t<meta property=\"og:image:width\" content=\"1280\" \/>\n\t\t<meta property=\"og:image:height\" content=\"720\" \/>\n\t\t<meta property=\"article:published_time\" content=\"2026-02-23T20:15:04+00:00\" \/>\n\t\t<meta property=\"article:modified_time\" content=\"2026-02-23T20:53:47+00:00\" \/>\n\t\t<meta property=\"article:publisher\" content=\"https:\/\/www.facebook.com\/staytvcr\" \/>\n\t\t<meta name=\"twitter:card\" content=\"summary_large_image\" \/>\n\t\t<meta name=\"twitter:title\" content=\"Vientos de diciembre y enero dejan viviendas afectadas y activan seguro del INS - Staytv\" \/>\n\t\t<meta name=\"twitter:description\" content=\"Entre diciembre de 2025 y enero de 2026, los fuertes vientos que afectaron al pa\u00eds golpearon, en promedio, una vivienda asegurada cada cuatro d\u00edas, seg\u00fan datos del Instituto Nacional de Seguros (INS). En total, 17 propietarios con p\u00f3lizas de incendio presentaron solicitudes de indemnizaci\u00f3n por da\u00f1os vinculados a r\u00e1fagas y ca\u00eddas de \u00e1rboles. Estos casos\" \/>\n\t\t<meta name=\"twitter:image\" content=\"https:\/\/staytv.cr\/wp-content\/uploads\/Sin-titulo-8-39.jpg\" \/>\n\t\t<script type=\"application\/ld+json\" class=\"aioseo-schema\">\n\t\t\t{\"@context\":\"https:\\\/\\\/schema.org\",\"@graph\":[{\"@type\":\"BreadcrumbList\",\"@id\":\"https:\\\/\\\/staytv.cr\\\/index.php\\\/2026\\\/02\\\/23\\\/vientos-de-diciembre-y-enero-dejan-viviendas-afectadas-y-activan-seguro-del-ins\\\/#breadcrumblist\",\"itemListElement\":[{\"@type\":\"ListItem\",\"@id\":\"https:\\\/\\\/staytv.cr#listItem\",\"position\":1,\"name\":\"Home\",\"item\":\"https:\\\/\\\/staytv.cr\",\"nextItem\":{\"@type\":\"ListItem\",\"@id\":\"https:\\\/\\\/staytv.cr\\\/index.php\\\/category\\\/sucesos\\\/#listItem\",\"name\":\"SUCESOS\"}},{\"@type\":\"ListItem\",\"@id\":\"https:\\\/\\\/staytv.cr\\\/index.php\\\/category\\\/sucesos\\\/#listItem\",\"position\":2,\"name\":\"SUCESOS\",\"item\":\"https:\\\/\\\/staytv.cr\\\/index.php\\\/category\\\/sucesos\\\/\",\"nextItem\":{\"@type\":\"ListItem\",\"@id\":\"https:\\\/\\\/staytv.cr\\\/index.php\\\/2026\\\/02\\\/23\\\/vientos-de-diciembre-y-enero-dejan-viviendas-afectadas-y-activan-seguro-del-ins\\\/#listItem\",\"name\":\"Vientos de diciembre y enero dejan viviendas afectadas y activan seguro del INS\"},\"previousItem\":{\"@type\":\"ListItem\",\"@id\":\"https:\\\/\\\/staytv.cr#listItem\",\"name\":\"Home\"}},{\"@type\":\"ListItem\",\"@id\":\"https:\\\/\\\/staytv.cr\\\/index.php\\\/2026\\\/02\\\/23\\\/vientos-de-diciembre-y-enero-dejan-viviendas-afectadas-y-activan-seguro-del-ins\\\/#listItem\",\"position\":3,\"name\":\"Vientos de diciembre y enero dejan viviendas afectadas y activan seguro del INS\",\"previousItem\":{\"@type\":\"ListItem\",\"@id\":\"https:\\\/\\\/staytv.cr\\\/index.php\\\/category\\\/sucesos\\\/#listItem\",\"name\":\"SUCESOS\"}}]},{\"@type\":\"Organization\",\"@id\":\"https:\\\/\\\/staytv.cr\\\/#organization\",\"name\":\"Stay TV\",\"description\":\"Stay TV es un medio digital de noticias con base en Centroam\\u00e9rica, con cobertura local e internacional desde una mirada asi\\u00e1tica.\",\"url\":\"https:\\\/\\\/staytv.cr\\\/\",\"logo\":{\"@type\":\"ImageObject\",\"url\":\"https:\\\/\\\/staytv.cr\\\/wp-content\\\/uploads\\\/cropped-StayTV_logo_oficial_simple.png\",\"@id\":\"https:\\\/\\\/staytv.cr\\\/index.php\\\/2026\\\/02\\\/23\\\/vientos-de-diciembre-y-enero-dejan-viviendas-afectadas-y-activan-seguro-del-ins\\\/#organizationLogo\",\"width\":2560,\"height\":769},\"image\":{\"@id\":\"https:\\\/\\\/staytv.cr\\\/index.php\\\/2026\\\/02\\\/23\\\/vientos-de-diciembre-y-enero-dejan-viviendas-afectadas-y-activan-seguro-del-ins\\\/#organizationLogo\"},\"sameAs\":[\"https:\\\/\\\/www.instagram.com\\\/staytvcr\\\/\"]},{\"@type\":\"Person\",\"@id\":\"https:\\\/\\\/staytv.cr\\\/index.php\\\/author\\\/diegostaytv\\\/#author\",\"url\":\"https:\\\/\\\/staytv.cr\\\/index.php\\\/author\\\/diegostaytv\\\/\",\"name\":\"Diego Molina\",\"image\":{\"@type\":\"ImageObject\",\"url\":\"https:\\\/\\\/secure.gravatar.com\\\/avatar\\\/7d23cb63381aa64750c7e76727c208369ebd6f2565e9dc4c62e323b1ea59af41?s=96&d=mm&r=g\"}},{\"@type\":\"WebPage\",\"@id\":\"https:\\\/\\\/staytv.cr\\\/index.php\\\/2026\\\/02\\\/23\\\/vientos-de-diciembre-y-enero-dejan-viviendas-afectadas-y-activan-seguro-del-ins\\\/#webpage\",\"url\":\"https:\\\/\\\/staytv.cr\\\/index.php\\\/2026\\\/02\\\/23\\\/vientos-de-diciembre-y-enero-dejan-viviendas-afectadas-y-activan-seguro-del-ins\\\/\",\"name\":\"Vientos de diciembre y enero dejan viviendas afectadas y activan seguro del INS - Staytv\",\"description\":\"Entre diciembre de 2025 y enero de 2026, los fuertes vientos que afectaron al pa\\u00eds golpearon, en promedio, una vivienda asegurada cada cuatro d\\u00edas, seg\\u00fan datos del Instituto Nacional de Seguros (INS). En total, 17 propietarios con p\\u00f3lizas de incendio presentaron solicitudes de indemnizaci\\u00f3n por da\\u00f1os vinculados a r\\u00e1fagas y ca\\u00eddas de \\u00e1rboles. Estos casos\",\"inLanguage\":\"es-ES\",\"isPartOf\":{\"@id\":\"https:\\\/\\\/staytv.cr\\\/#website\"},\"breadcrumb\":{\"@id\":\"https:\\\/\\\/staytv.cr\\\/index.php\\\/2026\\\/02\\\/23\\\/vientos-de-diciembre-y-enero-dejan-viviendas-afectadas-y-activan-seguro-del-ins\\\/#breadcrumblist\"},\"author\":{\"@id\":\"https:\\\/\\\/staytv.cr\\\/index.php\\\/author\\\/diegostaytv\\\/#author\"},\"creator\":{\"@id\":\"https:\\\/\\\/staytv.cr\\\/index.php\\\/author\\\/diegostaytv\\\/#author\"},\"image\":{\"@type\":\"ImageObject\",\"url\":\"https:\\\/\\\/staytv.cr\\\/wp-content\\\/uploads\\\/Sin-titulo-8-39.jpg\",\"@id\":\"https:\\\/\\\/staytv.cr\\\/index.php\\\/2026\\\/02\\\/23\\\/vientos-de-diciembre-y-enero-dejan-viviendas-afectadas-y-activan-seguro-del-ins\\\/#mainImage\",\"width\":1280,\"height\":720,\"caption\":\"vientos fuertes generan 17 reclamos de vivienda ante el INS\"},\"primaryImageOfPage\":{\"@id\":\"https:\\\/\\\/staytv.cr\\\/index.php\\\/2026\\\/02\\\/23\\\/vientos-de-diciembre-y-enero-dejan-viviendas-afectadas-y-activan-seguro-del-ins\\\/#mainImage\"},\"datePublished\":\"2026-02-23T14:15:04-06:00\",\"dateModified\":\"2026-02-23T14:53:47-06:00\"},{\"@type\":\"WebSite\",\"@id\":\"https:\\\/\\\/staytv.cr\\\/#website\",\"url\":\"https:\\\/\\\/staytv.cr\\\/\",\"name\":\"Staytv\",\"description\":\"Medio de comunicaci\\u00f3n digital de Costa Rica.\",\"inLanguage\":\"es-ES\",\"publisher\":{\"@id\":\"https:\\\/\\\/staytv.cr\\\/#organization\"}}]}\n\t\t<\/script>\n\t\t<!-- All in One SEO Pro -->\r\n\t\t<title>Vientos de diciembre y enero dejan viviendas afectadas y activan seguro del INS - Staytv<\/title>\n\n","aioseo_head_json":{"title":"Vientos de diciembre y enero dejan viviendas afectadas y activan seguro del INS - Staytv","description":"Entre diciembre de 2025 y enero de 2026, los fuertes vientos que afectaron al pa\u00eds golpearon, en promedio, una vivienda asegurada cada cuatro d\u00edas, seg\u00fan datos del Instituto Nacional de Seguros (INS). En total, 17 propietarios con p\u00f3lizas de incendio presentaron solicitudes de indemnizaci\u00f3n por da\u00f1os vinculados a r\u00e1fagas y ca\u00eddas de \u00e1rboles. Estos casos","canonical_url":"https:\/\/staytv.cr\/index.php\/2026\/02\/23\/vientos-de-diciembre-y-enero-dejan-viviendas-afectadas-y-activan-seguro-del-ins\/","robots":"max-image-preview:large","keywords":"","webmasterTools":{"miscellaneous":""},"schema":{"@context":"https:\/\/schema.org","@graph":[{"@type":"BreadcrumbList","@id":"https:\/\/staytv.cr\/index.php\/2026\/02\/23\/vientos-de-diciembre-y-enero-dejan-viviendas-afectadas-y-activan-seguro-del-ins\/#breadcrumblist","itemListElement":[{"@type":"ListItem","@id":"https:\/\/staytv.cr#listItem","position":1,"name":"Home","item":"https:\/\/staytv.cr","nextItem":{"@type":"ListItem","@id":"https:\/\/staytv.cr\/index.php\/category\/sucesos\/#listItem","name":"SUCESOS"}},{"@type":"ListItem","@id":"https:\/\/staytv.cr\/index.php\/category\/sucesos\/#listItem","position":2,"name":"SUCESOS","item":"https:\/\/staytv.cr\/index.php\/category\/sucesos\/","nextItem":{"@type":"ListItem","@id":"https:\/\/staytv.cr\/index.php\/2026\/02\/23\/vientos-de-diciembre-y-enero-dejan-viviendas-afectadas-y-activan-seguro-del-ins\/#listItem","name":"Vientos de diciembre y enero dejan viviendas afectadas y activan seguro del INS"},"previousItem":{"@type":"ListItem","@id":"https:\/\/staytv.cr#listItem","name":"Home"}},{"@type":"ListItem","@id":"https:\/\/staytv.cr\/index.php\/2026\/02\/23\/vientos-de-diciembre-y-enero-dejan-viviendas-afectadas-y-activan-seguro-del-ins\/#listItem","position":3,"name":"Vientos de diciembre y enero dejan viviendas afectadas y activan seguro del INS","previousItem":{"@type":"ListItem","@id":"https:\/\/staytv.cr\/index.php\/category\/sucesos\/#listItem","name":"SUCESOS"}}]},{"@type":"Organization","@id":"https:\/\/staytv.cr\/#organization","name":"Stay TV","description":"Stay TV es un medio digital de noticias con base en Centroam\u00e9rica, con cobertura local e internacional desde una mirada asi\u00e1tica.","url":"https:\/\/staytv.cr\/","logo":{"@type":"ImageObject","url":"https:\/\/staytv.cr\/wp-content\/uploads\/cropped-StayTV_logo_oficial_simple.png","@id":"https:\/\/staytv.cr\/index.php\/2026\/02\/23\/vientos-de-diciembre-y-enero-dejan-viviendas-afectadas-y-activan-seguro-del-ins\/#organizationLogo","width":2560,"height":769},"image":{"@id":"https:\/\/staytv.cr\/index.php\/2026\/02\/23\/vientos-de-diciembre-y-enero-dejan-viviendas-afectadas-y-activan-seguro-del-ins\/#organizationLogo"},"sameAs":["https:\/\/www.instagram.com\/staytvcr\/"]},{"@type":"Person","@id":"https:\/\/staytv.cr\/index.php\/author\/diegostaytv\/#author","url":"https:\/\/staytv.cr\/index.php\/author\/diegostaytv\/","name":"Diego Molina","image":{"@type":"ImageObject","url":"https:\/\/secure.gravatar.com\/avatar\/7d23cb63381aa64750c7e76727c208369ebd6f2565e9dc4c62e323b1ea59af41?s=96&d=mm&r=g"}},{"@type":"WebPage","@id":"https:\/\/staytv.cr\/index.php\/2026\/02\/23\/vientos-de-diciembre-y-enero-dejan-viviendas-afectadas-y-activan-seguro-del-ins\/#webpage","url":"https:\/\/staytv.cr\/index.php\/2026\/02\/23\/vientos-de-diciembre-y-enero-dejan-viviendas-afectadas-y-activan-seguro-del-ins\/","name":"Vientos de diciembre y enero dejan viviendas afectadas y activan seguro del INS - Staytv","description":"Entre diciembre de 2025 y enero de 2026, los fuertes vientos que afectaron al pa\u00eds golpearon, en promedio, una vivienda asegurada cada cuatro d\u00edas, seg\u00fan datos del Instituto Nacional de Seguros (INS). En total, 17 propietarios con p\u00f3lizas de incendio presentaron solicitudes de indemnizaci\u00f3n por da\u00f1os vinculados a r\u00e1fagas y ca\u00eddas de \u00e1rboles. Estos casos","inLanguage":"es-ES","isPartOf":{"@id":"https:\/\/staytv.cr\/#website"},"breadcrumb":{"@id":"https:\/\/staytv.cr\/index.php\/2026\/02\/23\/vientos-de-diciembre-y-enero-dejan-viviendas-afectadas-y-activan-seguro-del-ins\/#breadcrumblist"},"author":{"@id":"https:\/\/staytv.cr\/index.php\/author\/diegostaytv\/#author"},"creator":{"@id":"https:\/\/staytv.cr\/index.php\/author\/diegostaytv\/#author"},"image":{"@type":"ImageObject","url":"https:\/\/staytv.cr\/wp-content\/uploads\/Sin-titulo-8-39.jpg","@id":"https:\/\/staytv.cr\/index.php\/2026\/02\/23\/vientos-de-diciembre-y-enero-dejan-viviendas-afectadas-y-activan-seguro-del-ins\/#mainImage","width":1280,"height":720,"caption":"vientos fuertes generan 17 reclamos de vivienda ante el INS"},"primaryImageOfPage":{"@id":"https:\/\/staytv.cr\/index.php\/2026\/02\/23\/vientos-de-diciembre-y-enero-dejan-viviendas-afectadas-y-activan-seguro-del-ins\/#mainImage"},"datePublished":"2026-02-23T14:15:04-06:00","dateModified":"2026-02-23T14:53:47-06:00"},{"@type":"WebSite","@id":"https:\/\/staytv.cr\/#website","url":"https:\/\/staytv.cr\/","name":"Staytv","description":"Medio de comunicaci\u00f3n digital de Costa Rica.","inLanguage":"es-ES","publisher":{"@id":"https:\/\/staytv.cr\/#organization"}}]},"og:locale":"es_ES","og:site_name":"Staytv - Medio de comunicaci\u00f3n digital de Costa Rica.","og:type":"article","og:title":"Vientos de diciembre y enero dejan viviendas afectadas y activan seguro del INS - Staytv","og:description":"Entre diciembre de 2025 y enero de 2026, los fuertes vientos que afectaron al pa\u00eds golpearon, en promedio, una vivienda asegurada cada cuatro d\u00edas, seg\u00fan datos del Instituto Nacional de Seguros (INS). En total, 17 propietarios con p\u00f3lizas de incendio presentaron solicitudes de indemnizaci\u00f3n por da\u00f1os vinculados a r\u00e1fagas y ca\u00eddas de \u00e1rboles. Estos casos","og:url":"https:\/\/staytv.cr\/index.php\/2026\/02\/23\/vientos-de-diciembre-y-enero-dejan-viviendas-afectadas-y-activan-seguro-del-ins\/","og:image":"https:\/\/staytv.cr\/wp-content\/uploads\/Sin-titulo-8-39.jpg","og:image:secure_url":"https:\/\/staytv.cr\/wp-content\/uploads\/Sin-titulo-8-39.jpg","og:image:width":1280,"og:image:height":720,"article:published_time":"2026-02-23T20:15:04+00:00","article:modified_time":"2026-02-23T20:53:47+00:00","article:publisher":"https:\/\/www.facebook.com\/staytvcr","twitter:card":"summary_large_image","twitter:title":"Vientos de diciembre y enero dejan viviendas afectadas y activan seguro del INS - Staytv","twitter:description":"Entre diciembre de 2025 y enero de 2026, los fuertes vientos que afectaron al pa\u00eds golpearon, en promedio, una vivienda asegurada cada cuatro d\u00edas, seg\u00fan datos del Instituto Nacional de Seguros (INS). En total, 17 propietarios con p\u00f3lizas de incendio presentaron solicitudes de indemnizaci\u00f3n por da\u00f1os vinculados a r\u00e1fagas y ca\u00eddas de \u00e1rboles. Estos casos","twitter:image":"https:\/\/staytv.cr\/wp-content\/uploads\/Sin-titulo-8-39.jpg"},"aioseo_meta_data":{"post_id":"30427","title":null,"description":null,"keywords":null,"keyphrases":{"focus":{"keyphrase":"","score":0,"analysis":{"keyphraseInTitle":{"score":0,"maxScore":9,"error":1}}},"additional":[]},"canonical_url":null,"og_title":null,"og_description":null,"og_object_type":"default","og_image_type":"default","og_image_custom_url":null,"og_image_custom_fields":null,"og_custom_image_width":null,"og_custom_image_height":null,"og_video":"","og_custom_url":null,"og_article_section":null,"og_article_tags":null,"twitter_use_og":true,"twitter_card":"default","twitter_image_type":"default","twitter_image_custom_url":null,"twitter_image_custom_fields":null,"twitter_title":null,"twitter_description":null,"schema_type":null,"schema_type_options":null,"pillar_content":false,"robots_default":true,"robots_noindex":false,"robots_noarchive":false,"robots_nosnippet":false,"robots_nofollow":false,"robots_noimageindex":false,"robots_noodp":false,"robots_notranslate":false,"robots_max_snippet":"-1","robots_max_videopreview":"-1","robots_max_imagepreview":"large","tabs":null,"priority":null,"frequency":"default","local_seo":null,"created":"2026-02-23 20:07:57","updated":"2026-02-23 20:53:51"},"aioseo_breadcrumb":"<div class=\"aioseo-breadcrumbs\"><span class=\"aioseo-breadcrumb\">\n\t<a href=\"https:\/\/staytv.cr\" title=\"Home\">Home<\/a>\n<\/span><span class=\"aioseo-breadcrumb-separator\">&raquo;<\/span><span class=\"aioseo-breadcrumb\">\n\t<a href=\"https:\/\/staytv.cr\/index.php\/category\/sucesos\/\" title=\"SUCESOS\">SUCESOS<\/a>\n<\/span><span class=\"aioseo-breadcrumb-separator\">&raquo;<\/span><span class=\"aioseo-breadcrumb\">\n\tVientos de diciembre y enero dejan viviendas afectadas y activan seguro del INS\n<\/span><\/div>","aioseo_breadcrumb_json":[{"label":"Home","link":"https:\/\/staytv.cr"},{"label":"SUCESOS","link":"https:\/\/staytv.cr\/index.php\/category\/sucesos\/"},{"label":"Vientos de diciembre y enero dejan viviendas afectadas y activan seguro del INS","link":"https:\/\/staytv.cr\/index.php\/2026\/02\/23\/vientos-de-diciembre-y-enero-dejan-viviendas-afectadas-y-activan-seguro-del-ins\/"}],"_links":{"self":[{"href":"https:\/\/staytv.cr\/index.php\/wp-json\/wp\/v2\/posts\/30427","targetHints":{"allow":["GET"]}}],"collection":[{"href":"https:\/\/staytv.cr\/index.php\/wp-json\/wp\/v2\/posts"}],"about":[{"href":"https:\/\/staytv.cr\/index.php\/wp-json\/wp\/v2\/types\/post"}],"author":[{"embeddable":true,"href":"https:\/\/staytv.cr\/index.php\/wp-json\/wp\/v2\/users\/10"}],"replies":[{"embeddable":true,"href":"https:\/\/staytv.cr\/index.php\/wp-json\/wp\/v2\/comments?post=30427"}],"version-history":[{"count":1,"href":"https:\/\/staytv.cr\/index.php\/wp-json\/wp\/v2\/posts\/30427\/revisions"}],"predecessor-version":[{"id":30430,"href":"https:\/\/staytv.cr\/index.php\/wp-json\/wp\/v2\/posts\/30427\/revisions\/30430"}],"wp:featuredmedia":[{"embeddable":true,"href":"https:\/\/staytv.cr\/index.php\/wp-json\/wp\/v2\/media\/30428"}],"wp:attachment":[{"href":"https:\/\/staytv.cr\/index.php\/wp-json\/wp\/v2\/media?parent=30427"}],"wp:term":[{"taxonomy":"category","embeddable":true,"href":"https:\/\/staytv.cr\/index.php\/wp-json\/wp\/v2\/categories?post=30427"},{"taxonomy":"post_tag","embeddable":true,"href":"https:\/\/staytv.cr\/index.php\/wp-json\/wp\/v2\/tags?post=30427"}],"curies":[{"name":"wp","href":"https:\/\/api.w.org\/{rel}","templated":true}]}}