{"id":30920,"date":"2026-03-04T09:49:02","date_gmt":"2026-03-04T15:49:02","guid":{"rendered":"https:\/\/staytv.cr\/?p=30920"},"modified":"2026-03-04T09:49:02","modified_gmt":"2026-03-04T15:49:02","slug":"accidente-en-la-estatua-de-leon-cortes-pickup-causa-danos-de-hasta-usd-30-mil-en-semaforos-y-conductor-es-trasladado-en-estado-critico","status":"publish","type":"post","link":"https:\/\/staytv.cr\/index.php\/2026\/03\/04\/accidente-en-la-estatua-de-leon-cortes-pickup-causa-danos-de-hasta-usd-30-mil-en-semaforos-y-conductor-es-trasladado-en-estado-critico\/","title":{"rendered":"Accidente en la estatua de Le\u00f3n Cort\u00e9s: pickup causa da\u00f1os de hasta USD 30 mil en sem\u00e1foros y conductor es trasladado en estado cr\u00edtico"},"content":{"rendered":"<p>Un <strong>accidente<\/strong> de tr\u00e1nsito ocurrido en la madrugada del <strong>mi\u00e9rcoles 4 de marzo de 2026<\/strong> dej\u00f3 serios da\u00f1os materiales y un conductor herido de gravedad en el sector de <strong>Sabana Este, San Jos\u00e9<\/strong>. Un veh\u00edculo tipo <strong>pickup<\/strong> que circulaba de <strong>Paseo Col\u00f3n hacia La Sabana<\/strong> no logr\u00f3 tomar la curva y choc\u00f3 de frente contra la <strong>estatua de Le\u00f3n Cort\u00e9s<\/strong>, impactando el poste de sem\u00e1foros que controla la intersecci\u00f3n. Seg\u00fan confirm\u00f3 el <strong>Ministerio de Obras P\u00fablicas y Transportes (MOPT)<\/strong> a trav\u00e9s de CR Hoy, los da\u00f1os \u00fanicamente en la estructura semaf\u00f3rica ascienden a hasta <strong>USD 30.000<\/strong>. El conductor fue trasladado en estado <strong>cr\u00edtico<\/strong> al <strong>Hospital San Juan de Dios<\/strong> por la Cruz Roja Costarricense, seg\u00fan report\u00f3 <strong>Repretel<\/strong>.<\/p>\n<p>La colisi\u00f3n se registr\u00f3 a las <strong>3:41 a.m.<\/strong>, cuando el tr\u00e1fico en el sector era m\u00ednimo. El impacto fue de tal magnitud que el <strong>le\u00f3n ubicado en la parte inferior y central de la estatua<\/strong> recibi\u00f3 la mayor parte del golpe y qued\u00f3 <strong>completamente destruido<\/strong>. El veh\u00edculo pas\u00f3 recto sin girar, lo que sugiere una p\u00e9rdida total del control del autom\u00f3vil antes del impacto.<\/p>\n<figure id=\"attachment_30922\" aria-describedby=\"caption-attachment-30922\" style=\"width: 1280px\" class=\"wp-caption alignleft\"><img decoding=\"async\" class=\"size-full wp-image-30922 lazyload\" data-src=\"https:\/\/staytv.cr\/wp-content\/uploads\/4.1.jpg\" alt=\"Accidente en estatua de Le\u00f3n Cort\u00e9s causa da\u00f1os de $30 mil\" width=\"1280\" height=\"720\" src=\"data:image\/svg+xml;base64,PHN2ZyB3aWR0aD0iMSIgaGVpZ2h0PSIxIiB4bWxucz0iaHR0cDovL3d3dy53My5vcmcvMjAwMC9zdmciPjwvc3ZnPg==\" style=\"--smush-placeholder-width: 1280px; --smush-placeholder-aspect-ratio: 1280\/720;\" data-srcset=\"https:\/\/staytv.cr\/wp-content\/uploads\/4.1.jpg 1280w, https:\/\/staytv.cr\/wp-content\/uploads\/4.1-300x169.jpg 300w, https:\/\/staytv.cr\/wp-content\/uploads\/4.1-1024x576.jpg 1024w, https:\/\/staytv.cr\/wp-content\/uploads\/4.1-150x84.jpg 150w, https:\/\/staytv.cr\/wp-content\/uploads\/4.1-768x432.jpg 768w, https:\/\/staytv.cr\/wp-content\/uploads\/4.1-860x484.jpg 860w\" data-sizes=\"auto\" data-original-sizes=\"(max-width: 1280px) 100vw, 1280px\" \/><figcaption id=\"caption-attachment-30922\" class=\"wp-caption-text\">Accidente en estatua de Le\u00f3n Cort\u00e9s causa da\u00f1os de $30 mil<\/figcaption><\/figure>\n<h2>Accidente que golpea un \u00edcono hist\u00f3rico de San Jos\u00e9<\/h2>\n<p>La estatua de <strong>Le\u00f3n Cort\u00e9s Castro<\/strong>, expresidente de Costa Rica entre 1936 y 1940, es uno de los monumentos m\u00e1s reconocidos del <strong>Parque Metropolitano La Sabana<\/strong> y un punto de referencia hist\u00f3rico y cultural para los josefinos. Su ubicaci\u00f3n en una de las intersecciones m\u00e1s transitadas del pa\u00eds la convierte en un punto vulnerable ante accidentes de tr\u00e1nsito, como el ocurrido esta madrugada.<\/p>\n<p>El deterioro del le\u00f3n en la base del monumento no solo representa una p\u00e9rdida patrimonial, sino tambi\u00e9n una se\u00f1al de alerta sobre la seguridad vial en esta zona, donde la velocidad y la falta de iluminaci\u00f3n adecuada en horas nocturnas han sido factores recurrentes en accidentes anteriores.<\/p>\n<h2>USD 30.000 en da\u00f1os solo en sem\u00e1foros: el impacto sobre la infraestructura vial<\/h2>\n<p><strong>Diego Rugama<\/strong>, jefe del Departamento de Sem\u00e1foros del MOPT, explic\u00f3 la gravedad del da\u00f1o: el poste impactado no es uno cualquiera, sino el que alberga el <strong>sistema de control que regula toda la intersecci\u00f3n y sus comunicaciones<\/strong>. Eso significa que el accidente no afect\u00f3 \u00fanicamente un elemento f\u00edsico, sino el cerebro del sistema semaf\u00f3rico de esa esquina.<\/p>\n<p>Para restablecer el funcionamiento, ser\u00e1 necesario <strong>construir una base de concreto<\/strong> donde se instalar\u00e1 un nuevo poste. El proceso de fraguado del concreto puede tardar hasta tres d\u00edas en condiciones normales, pero Rugama indic\u00f3 que se utilizar\u00e1 un <strong>acelerante<\/strong> para reducir ese tiempo. En el mejor escenario, el concreto podr\u00eda estar listo el <strong>jueves 5 de marzo<\/strong>, lo que permitir\u00eda instalar el nuevo poste y restablecer los sem\u00e1foros ese mismo d\u00eda. Mientras tanto, la intersecci\u00f3n permanecer\u00e1 sin se\u00f1alizaci\u00f3n semaf\u00f3rica activa.<\/p>\n<h3>Intersecci\u00f3n sin sem\u00e1foros: riesgo para conductores y peatones<\/h3>\n<p>La ausencia temporal de sem\u00e1foros en esta intersecci\u00f3n representa un riesgo real para los miles de conductores y peatones que transitan diariamente por el sector de Sabana Este. Las autoridades de tr\u00e1nsito deber\u00e1n reforzar la presencia de oficiales en el punto para ordenar la circulaci\u00f3n y prevenir nuevos accidentes durante el per\u00edodo de reparaci\u00f3n, especialmente en las horas pico de la ma\u00f1ana y la tarde.<\/p>\n<h2>\u00bfQui\u00e9n pagar\u00e1 los USD 30 mil?<\/h2>\n<p>La pregunta sobre la responsabilidad econ\u00f3mica del da\u00f1o tiene una respuesta clara seg\u00fan el MOPT. Rugama explic\u00f3 que en la <strong>boleta del accidente se consigna al Estado como afectado<\/strong>. Una vez que el caso llegue a los tribunales, al MOPT se le solicitar\u00e1 el detalle completo de todos los costos incurridos en la reparaci\u00f3n. Esa cifra ser\u00e1 notificada al conductor, quien deber\u00e1 asumir los da\u00f1os, ya sea a trav\u00e9s de su <strong>p\u00f3liza de seguro<\/strong> u otro mecanismo de cobro.<\/p>\n<p>Como garant\u00eda de pago, <strong>el veh\u00edculo quedar\u00e1 gravado<\/strong> hasta que se realice la cancelaci\u00f3n total de los da\u00f1os ocasionados. Este mecanismo legal busca asegurar que el Estado recupere los fondos invertidos en la reparaci\u00f3n de infraestructura p\u00fablica da\u00f1ada por accidentes de tr\u00e1nsito, un procedimiento que aplica independientemente de las circunstancias que rodearon el incidente.<\/p>\n<h2>El estado del conductor: trasladado en estado cr\u00edtico<\/h2>\n<p>Seg\u00fan confirm\u00f3 <strong>Repretel<\/strong>, el hombre adulto que conduc\u00eda el pickup fue trasladado en estado <strong>cr\u00edtico<\/strong> al <strong>Hospital San Juan de Dios<\/strong> por la Cruz Roja Costarricense. Al cierre de esta nota, no se hab\u00edan dado a conocer detalles adicionales sobre su identidad ni sobre su evoluci\u00f3n m\u00e9dica. Las autoridades investigan las circunstancias exactas que llevaron al conductor a perder el control del veh\u00edculo en esa intersecci\u00f3n durante la madrugada.<\/p>\n<p>El accidente suma a una preocupante estad\u00edstica de incidentes de tr\u00e1nsito nocturnos en el Gran \u00c1rea Metropolitana, donde la velocidad excesiva, el cansancio y el consumo de alcohol siguen siendo factores de riesgo que las campa\u00f1as de seguridad vial no han logrado erradicar completamente.<\/p>\n<p>Con informaci\u00f3n para STAY TV: <a href=\"https:\/\/www.staytv.com\">STAY TV<\/a><\/p>\n<p>&nbsp;<\/p>\n","protected":false},"excerpt":{"rendered":"<p>Un accidente de tr\u00e1nsito ocurrido en la madrugada del mi\u00e9rcoles 4 de marzo de 2026 dej\u00f3 serios da\u00f1os materiales y un conductor herido de gravedad en el sector de Sabana Este, San Jos\u00e9. Un veh\u00edculo tipo pickup que circulaba de Paseo Col\u00f3n hacia La Sabana no logr\u00f3 tomar la curva y choc\u00f3 de frente contra [&hellip;]<\/p>\n","protected":false},"author":10,"featured_media":30921,"comment_status":"open","ping_status":"open","sticky":false,"template":"","format":"standard","meta":{"episode_type":"","audio_file":"","podmotor_file_id":"","podmotor_episode_id":"","cover_image":"","cover_image_id":"","duration":"","filesize":"","filesize_raw":"","date_recorded":"","explicit":"","block":"","itunes_episode_number":"","itunes_title":"","itunes_season_number":"","itunes_episode_type":"","footnotes":""},"categories":[1],"tags":[5685,70,5690,5686,5185,241,5688,1113,5689,5687,2977],"class_list":{"0":"post-30920","1":"post","2":"type-post","3":"status-publish","4":"format-standard","5":"has-post-thumbnail","7":"category-sucesos","8":"tag-accidente","9":"tag-costa-rica","10":"tag-danos-viales","11":"tag-estatua-leon-cortes","12":"tag-la-sabana","13":"tag-mopt","14":"tag-pickup","15":"tag-san-jose","16":"tag-san-juan-de-dios","17":"tag-semaforos","18":"tag-transito"},"aioseo_notices":[],"aioseo_head":"\n\t\t<!-- All in One SEO Pro 4.8.3.2 - aioseo.com -->\n\t<meta name=\"description\" content=\"Accidente en estatua de Le\u00f3n Cort\u00e9s: pickup choca y causa da\u00f1os de hasta $30 mil en sem\u00e1foros; conductor trasladado en estado cr\u00edtico al San Juan de Dios.\" \/>\n\t<meta name=\"robots\" content=\"max-image-preview:large\" \/>\n\t<meta name=\"author\" content=\"Diego Molina\"\/>\n\t<link rel=\"canonical\" href=\"https:\/\/staytv.cr\/index.php\/2026\/03\/04\/accidente-en-la-estatua-de-leon-cortes-pickup-causa-danos-de-hasta-usd-30-mil-en-semaforos-y-conductor-es-trasladado-en-estado-critico\/\" \/>\n\t<meta name=\"generator\" content=\"All in One SEO Pro (AIOSEO) 4.8.3.2\" \/>\n\t\t<meta property=\"og:locale\" content=\"es_ES\" \/>\n\t\t<meta property=\"og:site_name\" content=\"Staytv - Medio de comunicaci\u00f3n digital de Costa Rica.\" \/>\n\t\t<meta property=\"og:type\" content=\"article\" \/>\n\t\t<meta property=\"og:title\" content=\"Accidente en estatua de Le\u00f3n Cort\u00e9s causa da\u00f1os de $30 mil\" \/>\n\t\t<meta property=\"og:description\" content=\"Accidente en estatua de Le\u00f3n Cort\u00e9s: pickup choca y causa da\u00f1os de hasta $30 mil en sem\u00e1foros; conductor trasladado en estado cr\u00edtico al San Juan de Dios.\" \/>\n\t\t<meta property=\"og:url\" content=\"https:\/\/staytv.cr\/index.php\/2026\/03\/04\/accidente-en-la-estatua-de-leon-cortes-pickup-causa-danos-de-hasta-usd-30-mil-en-semaforos-y-conductor-es-trasladado-en-estado-critico\/\" \/>\n\t\t<meta property=\"og:image\" content=\"https:\/\/staytv.cr\/wp-content\/uploads\/4-5.jpg\" \/>\n\t\t<meta property=\"og:image:secure_url\" content=\"https:\/\/staytv.cr\/wp-content\/uploads\/4-5.jpg\" \/>\n\t\t<meta property=\"og:image:width\" content=\"1280\" \/>\n\t\t<meta property=\"og:image:height\" content=\"720\" \/>\n\t\t<meta property=\"article:published_time\" content=\"2026-03-04T15:49:02+00:00\" \/>\n\t\t<meta property=\"article:modified_time\" content=\"2026-03-04T15:49:02+00:00\" \/>\n\t\t<meta property=\"article:publisher\" content=\"https:\/\/www.facebook.com\/staytvcr\" \/>\n\t\t<meta name=\"twitter:card\" content=\"summary_large_image\" \/>\n\t\t<meta name=\"twitter:title\" content=\"Accidente en estatua de Le\u00f3n Cort\u00e9s causa da\u00f1os de $30 mil\" \/>\n\t\t<meta name=\"twitter:description\" content=\"Accidente en estatua de Le\u00f3n Cort\u00e9s: pickup choca y causa da\u00f1os de hasta $30 mil en sem\u00e1foros; conductor trasladado en estado cr\u00edtico al San Juan de Dios.\" \/>\n\t\t<meta name=\"twitter:image\" content=\"https:\/\/staytv.cr\/wp-content\/uploads\/4-5.jpg\" \/>\n\t\t<script type=\"application\/ld+json\" class=\"aioseo-schema\">\n\t\t\t{\"@context\":\"https:\\\/\\\/schema.org\",\"@graph\":[{\"@type\":\"BreadcrumbList\",\"@id\":\"https:\\\/\\\/staytv.cr\\\/index.php\\\/2026\\\/03\\\/04\\\/accidente-en-la-estatua-de-leon-cortes-pickup-causa-danos-de-hasta-usd-30-mil-en-semaforos-y-conductor-es-trasladado-en-estado-critico\\\/#breadcrumblist\",\"itemListElement\":[{\"@type\":\"ListItem\",\"@id\":\"https:\\\/\\\/staytv.cr#listItem\",\"position\":1,\"name\":\"Home\",\"item\":\"https:\\\/\\\/staytv.cr\",\"nextItem\":{\"@type\":\"ListItem\",\"@id\":\"https:\\\/\\\/staytv.cr\\\/index.php\\\/category\\\/sucesos\\\/#listItem\",\"name\":\"SUCESOS\"}},{\"@type\":\"ListItem\",\"@id\":\"https:\\\/\\\/staytv.cr\\\/index.php\\\/category\\\/sucesos\\\/#listItem\",\"position\":2,\"name\":\"SUCESOS\",\"item\":\"https:\\\/\\\/staytv.cr\\\/index.php\\\/category\\\/sucesos\\\/\",\"nextItem\":{\"@type\":\"ListItem\",\"@id\":\"https:\\\/\\\/staytv.cr\\\/index.php\\\/2026\\\/03\\\/04\\\/accidente-en-la-estatua-de-leon-cortes-pickup-causa-danos-de-hasta-usd-30-mil-en-semaforos-y-conductor-es-trasladado-en-estado-critico\\\/#listItem\",\"name\":\"Accidente en la estatua de Le\\u00f3n Cort\\u00e9s: pickup causa da\\u00f1os de hasta USD 30 mil en sem\\u00e1foros y conductor es trasladado en estado cr\\u00edtico\"},\"previousItem\":{\"@type\":\"ListItem\",\"@id\":\"https:\\\/\\\/staytv.cr#listItem\",\"name\":\"Home\"}},{\"@type\":\"ListItem\",\"@id\":\"https:\\\/\\\/staytv.cr\\\/index.php\\\/2026\\\/03\\\/04\\\/accidente-en-la-estatua-de-leon-cortes-pickup-causa-danos-de-hasta-usd-30-mil-en-semaforos-y-conductor-es-trasladado-en-estado-critico\\\/#listItem\",\"position\":3,\"name\":\"Accidente en la estatua de Le\\u00f3n Cort\\u00e9s: pickup causa da\\u00f1os de hasta USD 30 mil en sem\\u00e1foros y conductor es trasladado en estado cr\\u00edtico\",\"previousItem\":{\"@type\":\"ListItem\",\"@id\":\"https:\\\/\\\/staytv.cr\\\/index.php\\\/category\\\/sucesos\\\/#listItem\",\"name\":\"SUCESOS\"}}]},{\"@type\":\"Organization\",\"@id\":\"https:\\\/\\\/staytv.cr\\\/#organization\",\"name\":\"Stay TV\",\"description\":\"Stay TV es un medio digital de noticias con base en Centroam\\u00e9rica, con cobertura local e internacional desde una mirada asi\\u00e1tica.\",\"url\":\"https:\\\/\\\/staytv.cr\\\/\",\"logo\":{\"@type\":\"ImageObject\",\"url\":\"https:\\\/\\\/staytv.cr\\\/wp-content\\\/uploads\\\/cropped-StayTV_logo_oficial_simple.png\",\"@id\":\"https:\\\/\\\/staytv.cr\\\/index.php\\\/2026\\\/03\\\/04\\\/accidente-en-la-estatua-de-leon-cortes-pickup-causa-danos-de-hasta-usd-30-mil-en-semaforos-y-conductor-es-trasladado-en-estado-critico\\\/#organizationLogo\",\"width\":2560,\"height\":769},\"image\":{\"@id\":\"https:\\\/\\\/staytv.cr\\\/index.php\\\/2026\\\/03\\\/04\\\/accidente-en-la-estatua-de-leon-cortes-pickup-causa-danos-de-hasta-usd-30-mil-en-semaforos-y-conductor-es-trasladado-en-estado-critico\\\/#organizationLogo\"},\"sameAs\":[\"https:\\\/\\\/www.instagram.com\\\/staytvcr\\\/\"]},{\"@type\":\"Person\",\"@id\":\"https:\\\/\\\/staytv.cr\\\/index.php\\\/author\\\/diegostaytv\\\/#author\",\"url\":\"https:\\\/\\\/staytv.cr\\\/index.php\\\/author\\\/diegostaytv\\\/\",\"name\":\"Diego Molina\",\"image\":{\"@type\":\"ImageObject\",\"url\":\"https:\\\/\\\/secure.gravatar.com\\\/avatar\\\/7d23cb63381aa64750c7e76727c208369ebd6f2565e9dc4c62e323b1ea59af41?s=96&d=mm&r=g\"}},{\"@type\":\"WebPage\",\"@id\":\"https:\\\/\\\/staytv.cr\\\/index.php\\\/2026\\\/03\\\/04\\\/accidente-en-la-estatua-de-leon-cortes-pickup-causa-danos-de-hasta-usd-30-mil-en-semaforos-y-conductor-es-trasladado-en-estado-critico\\\/#webpage\",\"url\":\"https:\\\/\\\/staytv.cr\\\/index.php\\\/2026\\\/03\\\/04\\\/accidente-en-la-estatua-de-leon-cortes-pickup-causa-danos-de-hasta-usd-30-mil-en-semaforos-y-conductor-es-trasladado-en-estado-critico\\\/\",\"name\":\"Accidente en estatua de Le\\u00f3n Cort\\u00e9s causa da\\u00f1os de $30 mil\",\"description\":\"Accidente en estatua de Le\\u00f3n Cort\\u00e9s: pickup choca y causa da\\u00f1os de hasta $30 mil en sem\\u00e1foros; conductor trasladado en estado cr\\u00edtico al San Juan de Dios.\",\"inLanguage\":\"es-ES\",\"isPartOf\":{\"@id\":\"https:\\\/\\\/staytv.cr\\\/#website\"},\"breadcrumb\":{\"@id\":\"https:\\\/\\\/staytv.cr\\\/index.php\\\/2026\\\/03\\\/04\\\/accidente-en-la-estatua-de-leon-cortes-pickup-causa-danos-de-hasta-usd-30-mil-en-semaforos-y-conductor-es-trasladado-en-estado-critico\\\/#breadcrumblist\"},\"author\":{\"@id\":\"https:\\\/\\\/staytv.cr\\\/index.php\\\/author\\\/diegostaytv\\\/#author\"},\"creator\":{\"@id\":\"https:\\\/\\\/staytv.cr\\\/index.php\\\/author\\\/diegostaytv\\\/#author\"},\"image\":{\"@type\":\"ImageObject\",\"url\":\"https:\\\/\\\/staytv.cr\\\/wp-content\\\/uploads\\\/4-5.jpg\",\"@id\":\"https:\\\/\\\/staytv.cr\\\/index.php\\\/2026\\\/03\\\/04\\\/accidente-en-la-estatua-de-leon-cortes-pickup-causa-danos-de-hasta-usd-30-mil-en-semaforos-y-conductor-es-trasladado-en-estado-critico\\\/#mainImage\",\"width\":1280,\"height\":720,\"caption\":\"Accidente en estatua de Le\\u00f3n Cort\\u00e9s causa da\\u00f1os de $30 mil\"},\"primaryImageOfPage\":{\"@id\":\"https:\\\/\\\/staytv.cr\\\/index.php\\\/2026\\\/03\\\/04\\\/accidente-en-la-estatua-de-leon-cortes-pickup-causa-danos-de-hasta-usd-30-mil-en-semaforos-y-conductor-es-trasladado-en-estado-critico\\\/#mainImage\"},\"datePublished\":\"2026-03-04T09:49:02-06:00\",\"dateModified\":\"2026-03-04T09:49:02-06:00\"},{\"@type\":\"WebSite\",\"@id\":\"https:\\\/\\\/staytv.cr\\\/#website\",\"url\":\"https:\\\/\\\/staytv.cr\\\/\",\"name\":\"Staytv\",\"description\":\"Medio de comunicaci\\u00f3n digital de Costa Rica.\",\"inLanguage\":\"es-ES\",\"publisher\":{\"@id\":\"https:\\\/\\\/staytv.cr\\\/#organization\"}}]}\n\t\t<\/script>\n\t\t<!-- All in One SEO Pro -->\r\n\t\t<title>Accidente en estatua de Le\u00f3n Cort\u00e9s causa da\u00f1os de $30 mil<\/title>\n\n","aioseo_head_json":{"title":"Accidente en estatua de Le\u00f3n Cort\u00e9s causa da\u00f1os de $30 mil","description":"Accidente en estatua de Le\u00f3n Cort\u00e9s: pickup choca y causa da\u00f1os de hasta $30 mil en sem\u00e1foros; conductor trasladado en estado cr\u00edtico al San Juan de Dios.","canonical_url":"https:\/\/staytv.cr\/index.php\/2026\/03\/04\/accidente-en-la-estatua-de-leon-cortes-pickup-causa-danos-de-hasta-usd-30-mil-en-semaforos-y-conductor-es-trasladado-en-estado-critico\/","robots":"max-image-preview:large","keywords":"","webmasterTools":{"miscellaneous":""},"schema":{"@context":"https:\/\/schema.org","@graph":[{"@type":"BreadcrumbList","@id":"https:\/\/staytv.cr\/index.php\/2026\/03\/04\/accidente-en-la-estatua-de-leon-cortes-pickup-causa-danos-de-hasta-usd-30-mil-en-semaforos-y-conductor-es-trasladado-en-estado-critico\/#breadcrumblist","itemListElement":[{"@type":"ListItem","@id":"https:\/\/staytv.cr#listItem","position":1,"name":"Home","item":"https:\/\/staytv.cr","nextItem":{"@type":"ListItem","@id":"https:\/\/staytv.cr\/index.php\/category\/sucesos\/#listItem","name":"SUCESOS"}},{"@type":"ListItem","@id":"https:\/\/staytv.cr\/index.php\/category\/sucesos\/#listItem","position":2,"name":"SUCESOS","item":"https:\/\/staytv.cr\/index.php\/category\/sucesos\/","nextItem":{"@type":"ListItem","@id":"https:\/\/staytv.cr\/index.php\/2026\/03\/04\/accidente-en-la-estatua-de-leon-cortes-pickup-causa-danos-de-hasta-usd-30-mil-en-semaforos-y-conductor-es-trasladado-en-estado-critico\/#listItem","name":"Accidente en la estatua de Le\u00f3n Cort\u00e9s: pickup causa da\u00f1os de hasta USD 30 mil en sem\u00e1foros y conductor es trasladado en estado cr\u00edtico"},"previousItem":{"@type":"ListItem","@id":"https:\/\/staytv.cr#listItem","name":"Home"}},{"@type":"ListItem","@id":"https:\/\/staytv.cr\/index.php\/2026\/03\/04\/accidente-en-la-estatua-de-leon-cortes-pickup-causa-danos-de-hasta-usd-30-mil-en-semaforos-y-conductor-es-trasladado-en-estado-critico\/#listItem","position":3,"name":"Accidente en la estatua de Le\u00f3n Cort\u00e9s: pickup causa da\u00f1os de hasta USD 30 mil en sem\u00e1foros y conductor es trasladado en estado cr\u00edtico","previousItem":{"@type":"ListItem","@id":"https:\/\/staytv.cr\/index.php\/category\/sucesos\/#listItem","name":"SUCESOS"}}]},{"@type":"Organization","@id":"https:\/\/staytv.cr\/#organization","name":"Stay TV","description":"Stay TV es un medio digital de noticias con base en Centroam\u00e9rica, con cobertura local e internacional desde una mirada asi\u00e1tica.","url":"https:\/\/staytv.cr\/","logo":{"@type":"ImageObject","url":"https:\/\/staytv.cr\/wp-content\/uploads\/cropped-StayTV_logo_oficial_simple.png","@id":"https:\/\/staytv.cr\/index.php\/2026\/03\/04\/accidente-en-la-estatua-de-leon-cortes-pickup-causa-danos-de-hasta-usd-30-mil-en-semaforos-y-conductor-es-trasladado-en-estado-critico\/#organizationLogo","width":2560,"height":769},"image":{"@id":"https:\/\/staytv.cr\/index.php\/2026\/03\/04\/accidente-en-la-estatua-de-leon-cortes-pickup-causa-danos-de-hasta-usd-30-mil-en-semaforos-y-conductor-es-trasladado-en-estado-critico\/#organizationLogo"},"sameAs":["https:\/\/www.instagram.com\/staytvcr\/"]},{"@type":"Person","@id":"https:\/\/staytv.cr\/index.php\/author\/diegostaytv\/#author","url":"https:\/\/staytv.cr\/index.php\/author\/diegostaytv\/","name":"Diego Molina","image":{"@type":"ImageObject","url":"https:\/\/secure.gravatar.com\/avatar\/7d23cb63381aa64750c7e76727c208369ebd6f2565e9dc4c62e323b1ea59af41?s=96&d=mm&r=g"}},{"@type":"WebPage","@id":"https:\/\/staytv.cr\/index.php\/2026\/03\/04\/accidente-en-la-estatua-de-leon-cortes-pickup-causa-danos-de-hasta-usd-30-mil-en-semaforos-y-conductor-es-trasladado-en-estado-critico\/#webpage","url":"https:\/\/staytv.cr\/index.php\/2026\/03\/04\/accidente-en-la-estatua-de-leon-cortes-pickup-causa-danos-de-hasta-usd-30-mil-en-semaforos-y-conductor-es-trasladado-en-estado-critico\/","name":"Accidente en estatua de Le\u00f3n Cort\u00e9s causa da\u00f1os de $30 mil","description":"Accidente en estatua de Le\u00f3n Cort\u00e9s: pickup choca y causa da\u00f1os de hasta $30 mil en sem\u00e1foros; conductor trasladado en estado cr\u00edtico al San Juan de Dios.","inLanguage":"es-ES","isPartOf":{"@id":"https:\/\/staytv.cr\/#website"},"breadcrumb":{"@id":"https:\/\/staytv.cr\/index.php\/2026\/03\/04\/accidente-en-la-estatua-de-leon-cortes-pickup-causa-danos-de-hasta-usd-30-mil-en-semaforos-y-conductor-es-trasladado-en-estado-critico\/#breadcrumblist"},"author":{"@id":"https:\/\/staytv.cr\/index.php\/author\/diegostaytv\/#author"},"creator":{"@id":"https:\/\/staytv.cr\/index.php\/author\/diegostaytv\/#author"},"image":{"@type":"ImageObject","url":"https:\/\/staytv.cr\/wp-content\/uploads\/4-5.jpg","@id":"https:\/\/staytv.cr\/index.php\/2026\/03\/04\/accidente-en-la-estatua-de-leon-cortes-pickup-causa-danos-de-hasta-usd-30-mil-en-semaforos-y-conductor-es-trasladado-en-estado-critico\/#mainImage","width":1280,"height":720,"caption":"Accidente en estatua de Le\u00f3n Cort\u00e9s causa da\u00f1os de $30 mil"},"primaryImageOfPage":{"@id":"https:\/\/staytv.cr\/index.php\/2026\/03\/04\/accidente-en-la-estatua-de-leon-cortes-pickup-causa-danos-de-hasta-usd-30-mil-en-semaforos-y-conductor-es-trasladado-en-estado-critico\/#mainImage"},"datePublished":"2026-03-04T09:49:02-06:00","dateModified":"2026-03-04T09:49:02-06:00"},{"@type":"WebSite","@id":"https:\/\/staytv.cr\/#website","url":"https:\/\/staytv.cr\/","name":"Staytv","description":"Medio de comunicaci\u00f3n digital de Costa Rica.","inLanguage":"es-ES","publisher":{"@id":"https:\/\/staytv.cr\/#organization"}}]},"og:locale":"es_ES","og:site_name":"Staytv - Medio de comunicaci\u00f3n digital de Costa Rica.","og:type":"article","og:title":"Accidente en estatua de Le\u00f3n Cort\u00e9s causa da\u00f1os de $30 mil","og:description":"Accidente en estatua de Le\u00f3n Cort\u00e9s: pickup choca y causa da\u00f1os de hasta $30 mil en sem\u00e1foros; conductor trasladado en estado cr\u00edtico al San Juan de Dios.","og:url":"https:\/\/staytv.cr\/index.php\/2026\/03\/04\/accidente-en-la-estatua-de-leon-cortes-pickup-causa-danos-de-hasta-usd-30-mil-en-semaforos-y-conductor-es-trasladado-en-estado-critico\/","og:image":"https:\/\/staytv.cr\/wp-content\/uploads\/4-5.jpg","og:image:secure_url":"https:\/\/staytv.cr\/wp-content\/uploads\/4-5.jpg","og:image:width":1280,"og:image:height":720,"article:published_time":"2026-03-04T15:49:02+00:00","article:modified_time":"2026-03-04T15:49:02+00:00","article:publisher":"https:\/\/www.facebook.com\/staytvcr","twitter:card":"summary_large_image","twitter:title":"Accidente en estatua de Le\u00f3n Cort\u00e9s causa da\u00f1os de $30 mil","twitter:description":"Accidente en estatua de Le\u00f3n Cort\u00e9s: pickup choca y causa da\u00f1os de hasta $30 mil en sem\u00e1foros; conductor trasladado en estado cr\u00edtico al San Juan de Dios.","twitter:image":"https:\/\/staytv.cr\/wp-content\/uploads\/4-5.jpg"},"aioseo_meta_data":{"post_id":"30920","title":"Accidente en estatua de Le\u00f3n Cort\u00e9s causa da\u00f1os de $30 mil","description":"Accidente en estatua de Le\u00f3n Cort\u00e9s: pickup choca y causa da\u00f1os de hasta $30 mil en sem\u00e1foros; conductor trasladado en estado cr\u00edtico al San Juan de Dios.","keywords":null,"keyphrases":{"focus":{"keyphrase":"accidente","score":91,"analysis":{"keyphraseInTitle":{"score":9,"maxScore":9,"error":0},"keyphraseInDescription":{"score":9,"maxScore":9,"error":0},"keyphraseLength":{"score":9,"maxScore":9,"error":0,"length":1},"keyphraseInURL":{"score":5,"maxScore":5,"error":0},"keyphraseInIntroduction":{"score":9,"maxScore":9,"error":0},"keyphraseInSubHeadings":{"score":3,"maxScore":9,"error":1},"keyphraseInImageAlt":{"score":9,"maxScore":9,"error":0},"keywordDensity":{"type":"best","score":9,"maxScore":9,"error":0}}},"additional":[]},"canonical_url":null,"og_title":null,"og_description":null,"og_object_type":"default","og_image_type":"default","og_image_custom_url":null,"og_image_custom_fields":null,"og_custom_image_width":null,"og_custom_image_height":null,"og_video":"","og_custom_url":null,"og_article_section":null,"og_article_tags":null,"twitter_use_og":true,"twitter_card":"default","twitter_image_type":"default","twitter_image_custom_url":null,"twitter_image_custom_fields":null,"twitter_title":null,"twitter_description":null,"schema_type":null,"schema_type_options":null,"pillar_content":false,"robots_default":true,"robots_noindex":false,"robots_noarchive":false,"robots_nosnippet":false,"robots_nofollow":false,"robots_noimageindex":false,"robots_noodp":false,"robots_notranslate":false,"robots_max_snippet":"-1","robots_max_videopreview":"-1","robots_max_imagepreview":"none","tabs":null,"priority":null,"frequency":"default","local_seo":null,"created":"2026-03-04 15:49:03","updated":"2026-03-04 15:49:04"},"aioseo_breadcrumb":"<div class=\"aioseo-breadcrumbs\"><span class=\"aioseo-breadcrumb\">\n\t<a href=\"https:\/\/staytv.cr\" title=\"Home\">Home<\/a>\n<\/span><span class=\"aioseo-breadcrumb-separator\">&raquo;<\/span><span class=\"aioseo-breadcrumb\">\n\t<a href=\"https:\/\/staytv.cr\/index.php\/category\/sucesos\/\" title=\"SUCESOS\">SUCESOS<\/a>\n<\/span><span class=\"aioseo-breadcrumb-separator\">&raquo;<\/span><span class=\"aioseo-breadcrumb\">\n\tAccidente en la estatua de Le\u00f3n Cort\u00e9s: pickup causa da\u00f1os de hasta USD 30 mil en sem\u00e1foros y conductor es trasladado en estado cr\u00edtico\n<\/span><\/div>","aioseo_breadcrumb_json":[{"label":"Home","link":"https:\/\/staytv.cr"},{"label":"SUCESOS","link":"https:\/\/staytv.cr\/index.php\/category\/sucesos\/"},{"label":"Accidente en la estatua de Le\u00f3n Cort\u00e9s: pickup causa da\u00f1os de hasta USD 30 mil en sem\u00e1foros y conductor es trasladado en estado cr\u00edtico","link":"https:\/\/staytv.cr\/index.php\/2026\/03\/04\/accidente-en-la-estatua-de-leon-cortes-pickup-causa-danos-de-hasta-usd-30-mil-en-semaforos-y-conductor-es-trasladado-en-estado-critico\/"}],"_links":{"self":[{"href":"https:\/\/staytv.cr\/index.php\/wp-json\/wp\/v2\/posts\/30920","targetHints":{"allow":["GET"]}}],"collection":[{"href":"https:\/\/staytv.cr\/index.php\/wp-json\/wp\/v2\/posts"}],"about":[{"href":"https:\/\/staytv.cr\/index.php\/wp-json\/wp\/v2\/types\/post"}],"author":[{"embeddable":true,"href":"https:\/\/staytv.cr\/index.php\/wp-json\/wp\/v2\/users\/10"}],"replies":[{"embeddable":true,"href":"https:\/\/staytv.cr\/index.php\/wp-json\/wp\/v2\/comments?post=30920"}],"version-history":[{"count":1,"href":"https:\/\/staytv.cr\/index.php\/wp-json\/wp\/v2\/posts\/30920\/revisions"}],"predecessor-version":[{"id":30923,"href":"https:\/\/staytv.cr\/index.php\/wp-json\/wp\/v2\/posts\/30920\/revisions\/30923"}],"wp:featuredmedia":[{"embeddable":true,"href":"https:\/\/staytv.cr\/index.php\/wp-json\/wp\/v2\/media\/30921"}],"wp:attachment":[{"href":"https:\/\/staytv.cr\/index.php\/wp-json\/wp\/v2\/media?parent=30920"}],"wp:term":[{"taxonomy":"category","embeddable":true,"href":"https:\/\/staytv.cr\/index.php\/wp-json\/wp\/v2\/categories?post=30920"},{"taxonomy":"post_tag","embeddable":true,"href":"https:\/\/staytv.cr\/index.php\/wp-json\/wp\/v2\/tags?post=30920"}],"curies":[{"name":"wp","href":"https:\/\/api.w.org\/{rel}","templated":true}]}}