{"id":30934,"date":"2026-03-04T14:41:03","date_gmt":"2026-03-04T20:41:03","guid":{"rendered":"https:\/\/staytv.cr\/?p=30934"},"modified":"2026-03-04T14:42:22","modified_gmt":"2026-03-04T20:42:22","slug":"ciep-explica-como-se-definio-el-voto-en-2026-y-quienes-inclinaron-la-balanza","status":"publish","type":"post","link":"https:\/\/staytv.cr\/index.php\/2026\/03\/04\/ciep-explica-como-se-definio-el-voto-en-2026-y-quienes-inclinaron-la-balanza\/","title":{"rendered":"CIEP explica c\u00f3mo se defini\u00f3 el voto en 2026 y qui\u00e9nes inclinaron la balanza"},"content":{"rendered":"<p><strong>CIEP<\/strong> present\u00f3 su informe post-electoral del Panel de Votantes 2025-2026, un estudio longitudinal que sigui\u00f3 la evoluci\u00f3n de la intenci\u00f3n y la decisi\u00f3n de voto durante cuatro rondas, desde octubre de 2025 hasta febrero de 2026. El reporte ofrece una lectura de tendencias, movimientos del electorado y perfiles de respaldo, con un objetivo central: entender cu\u00e1ndo se tom\u00f3 la decisi\u00f3n, c\u00f3mo se movieron los indecisos y qu\u00e9 factores terminaron pesando en el cierre de campa\u00f1a.<\/p>\n<h2>CIEP y el panel 2026: qu\u00e9 midi\u00f3 y cu\u00e1les son sus l\u00edmites<\/h2>\n<p>El informe detalla que, tras cuatro rondas, se mantuvieron 878 participantes dentro del panel. Entre octubre de 2025 y febrero de 2026, el estudio perdi\u00f3 2.125 personas de las 3.003 con las que inici\u00f3, lo que representa una \u201cmortalidad\u201d del 71%. El propio CIEP advierte que esta p\u00e9rdida puede interpretarse como un riesgo metodol\u00f3gico y confirma la presencia de sesgos en quienes permanecieron: por ejemplo, m\u00e1s hombres que mujeres y una mayor proporci\u00f3n de personas con educaci\u00f3n universitaria que en la poblaci\u00f3n general.<\/p>\n<p>Sin embargo, el equipo plantea que el punto decisivo no es \u00fanicamente cu\u00e1nto se reduce la muestra, sino si las preferencias pol\u00edticas de quienes se mantuvieron reflejan de manera razonable el comportamiento de la sociedad. En esa l\u00ednea, el informe concluye que el panel midi\u00f3 razonablemente bien las tendencias antes y despu\u00e9s de la elecci\u00f3n, al mostrar similitudes con los resultados oficiales, aun con las limitaciones propias de un estudio de este tipo.<\/p>\n<h2>Presidencia: indecisos en ca\u00edda y un cierre de campa\u00f1a determinante<\/h2>\n<p>Uno de los hallazgos m\u00e1s relevantes es la ca\u00edda sostenida de personas indecisas, que pasan de 55% en octubre a 25,9% en la medici\u00f3n del 28 de enero, seg\u00fan el cuadro de intenci\u00f3n y decisi\u00f3n. En paralelo, el panel muestra un crecimiento de la candidatura de Laura Fern\u00e1ndez: 25% (octubre), 30% (diciembre), 40% (21 de enero) y 43,8% (28 de enero), antes de registrar 56,1% en el post-electoral. Para \u00c1lvaro Ramos, el panel reporta 7% (octubre), 8% (diciembre), 8% (21 de enero), 9,2% (28 de enero) y 24,1% en el post-electoral.<\/p>\n<p>El CIEP adem\u00e1s reconoce diferencias frente a cifras oficiales: el panel sobreestim\u00f3 la victoria de Fern\u00e1ndez en 7,5 puntos porcentuales (56% en el panel vs. 49% en cifras oficiales) y subestim\u00f3 el segundo lugar de Ramos en 9,5 puntos (24% en el panel vs. 34% oficiales), diferencias que califica como \u201crazonables\u201d dada la naturaleza del estudio y la p\u00e9rdida de participantes.<\/p>\n<h2>Diputaciones: el panel y las tendencias del resultado legislativo<\/h2>\n<p>En la elecci\u00f3n legislativa, el cuadro de intenci\u00f3n y decisi\u00f3n post-electoral del panel reporta un \u201ctriunfo contundente del oficialismo\u201d y ubica a Pueblo Soberano con 50,8%, seguido por Liberaci\u00f3n Nacional con 18,5% y el Frente Amplio con 16,2%. Adem\u00e1s, registra apoyos para Coalici\u00f3n Agenda Ciudadana (2,8%) y PUSC (3,0%), entre otros partidos con porcentajes menores.<\/p>\n<p>M\u00e1s all\u00e1 del dato num\u00e9rico, el informe subraya que el panel capt\u00f3 tendencias clave: el repunte del PLN, un mayor respaldo relativo al Frente Amplio en legislativas comparado con presidenciales y un patr\u00f3n de apoyo a CAC y PUSC. Esta lectura es importante porque ayuda a explicar la gobernabilidad: una cosa es ganar la Presidencia y otra es la correlaci\u00f3n de fuerzas en el Congreso, donde se negocian leyes, presupuesto y reformas estructurales.<\/p>\n<h2>Los flujos del voto: menos volatilidad y un \u00faltimo giro que import\u00f3<\/h2>\n<p>El informe resume la campa\u00f1a como un proceso con menos volatilidad que en elecciones recientes y describe los movimientos del electorado mediante flujos entre rondas. En esa lectura, Fern\u00e1ndez aparece como la candidatura que m\u00e1s convirti\u00f3 indecisos, especialmente entre diciembre de 2025 y enero de 2026, y su ventaja se fortalece porque una mayor proporci\u00f3n de indecisos que termin\u00f3 eligiendo candidatura se inclin\u00f3 por ella en distintos tramos de la campa\u00f1a. Al mismo tiempo, el estudio se\u00f1ala que, aunque Fern\u00e1ndez atrajo apoyo desde otras candidaturas, estas no fueron su fuente principal, y que sus p\u00e9rdidas de respaldo fueron menores o se neutralizaron con nuevos apoyos.<\/p>\n<p>Para la oposici\u00f3n, el reporte indica que las candidaturas opositoras sumaron indecisos, pero en menor proporci\u00f3n que la aspirante oficialista, y sin grandes flujos de p\u00e9rdida o ganancia entre s\u00ed. No obstante, el CIEP destaca un punto cr\u00edtico: en el \u00faltimo tramo de la campa\u00f1a, Fern\u00e1ndez y Ramos igualaron en capacidad de persuadir indecisos, con la diferencia de que la candidata oficialista ya acumulaba una ventaja considerable. Adem\u00e1s, se reporta un repunte fuerte de Ramos en la \u00faltima semana, explicado por convertir indecisos y arrebatar apoyos de otras candidaturas, siendo el traslado desde Claudia Dobles hacia Ramos el m\u00e1s determinante.<\/p>\n<h2>Perfiles de apoyo: qui\u00e9nes respaldaron a cada candidatura<\/h2>\n<p>En el perfil de quienes votaron por Fern\u00e1ndez, el informe se\u00f1ala que sobresalen hombres y personas de 35 a 54 a\u00f1os y de 55 o m\u00e1s. Tambi\u00e9n destaca el grupo con educaci\u00f3n secundaria, habitantes de Puntarenas, Guanacaste, Alajuela y Lim\u00f3n, y un componente emocional: quienes reportaron sentir esperanza de que las cosas mejoraran al momento de votar.<\/p>\n<p>En el caso de Ramos, el CIEP apunta que sobresalen mujeres y personas empadronadas con 55 a\u00f1os o m\u00e1s, as\u00ed como quienes reportan nivel educativo universitario y quienes viven en Cartago y San Jos\u00e9. En la dimensi\u00f3n emocional, el informe asocia su apoyo con quienes votaron con miedo a que las cosas empeoraran.<\/p>\n<h2>Implicaciones para Costa Rica: lectura pol\u00edtica de los datos<\/h2>\n<p>El valor del informe no se reduce a porcentajes: el CIEP dibuja un mapa de momentos de decisi\u00f3n y motivaciones que ayuda a entender por qu\u00e9 una campa\u00f1a se mueve o se estabiliza. En t\u00e9rminos de estrategia pol\u00edtica, el estudio sugiere que el control de la narrativa y la capacidad de convertir indecisos en el tramo medio de campa\u00f1a puede construir ventajas dif\u00edciles de revertir, incluso si el rival crece en la recta final. En t\u00e9rminos de comunicaci\u00f3n p\u00fablica, el contraste entre \u201cesperanza\u201d y \u201cmiedo\u201d funciona como se\u00f1al para comprender climas sociales: cuando predomina la esperanza, suele haber respaldo a continuidad o estabilidad; cuando domina el miedo, tiende a activarse el voto de castigo o el giro hacia alternativas que prometen correcci\u00f3n de rumbo.<\/p>\n<p>Para la etapa postelectoral y el inicio del nuevo periodo, los hallazgos abren preguntas que impactan a la audiencia: \u00bfqu\u00e9 tan s\u00f3lida es la base social que sostuvo el triunfo?, \u00bfc\u00f3mo se atienden expectativas territoriales distintas (costas y provincias fuera del Valle Central, frente a centros urbanos)?, \u00bfy qu\u00e9 tipo de agenda legislativa es posible con la distribuci\u00f3n del voto parlamentario que describe el panel? En un pa\u00eds con alta sensibilidad por seguridad, empleo y costo de vida, estas respuestas no se quedan en an\u00e1lisis acad\u00e9mico: terminan influyendo en gobernabilidad, prioridades y ritmo de las decisiones del Ejecutivo y del Congreso.<\/p>\n<p>Con informaci\u00f3n para STAY TV: <a href=\"https:\/\/staytv.cr\/index.php\/category\/nacional\/\">STAY TV<\/a><\/p>\n<p>&nbsp;<\/p>\n","protected":false},"excerpt":{"rendered":"<p>CIEP present\u00f3 su informe post-electoral del Panel de Votantes 2025-2026, un estudio longitudinal que sigui\u00f3 la evoluci\u00f3n de la intenci\u00f3n y la decisi\u00f3n de voto durante cuatro rondas, desde octubre de 2025 hasta febrero de 2026. El reporte ofrece una lectura de tendencias, movimientos del electorado y perfiles de respaldo, con un objetivo central: entender [&hellip;]<\/p>\n","protected":false},"author":10,"featured_media":30936,"comment_status":"open","ping_status":"open","sticky":false,"template":"","format":"standard","meta":{"episode_type":"","audio_file":"","podmotor_file_id":"","podmotor_episode_id":"","cover_image":"","cover_image_id":"","duration":"","filesize":"","filesize_raw":"","date_recorded":"","explicit":"","block":"","itunes_episode_number":"","itunes_title":"","itunes_season_number":"","itunes_episode_type":"","footnotes":""},"categories":[13,1],"tags":[2520,5707,70,1541,5708,2518,2519,5709,4093,5711,5710],"class_list":{"0":"post-30934","1":"post","2":"type-post","3":"status-publish","4":"format-standard","5":"has-post-thumbnail","7":"category-nacional","8":"category-sucesos","9":"tag-alvaro-ramos","10":"tag-ciep","11":"tag-costa-rica","12":"tag-elecciones-2026","13":"tag-encuesta","14":"tag-indecisos","15":"tag-laura-fernandez","16":"tag-panel-electoral","17":"tag-ucr","18":"tag-voto-legislativo","19":"tag-voto-presidencial"},"aioseo_notices":[],"aioseo_head":"\n\t\t<!-- All in One SEO Pro 4.8.3.2 - aioseo.com -->\n\t<meta name=\"description\" content=\"CIEP revela c\u00f3mo se decidi\u00f3 el voto en 2026 y qu\u00e9 cambi\u00f3 en la \u00faltima semana. Datos del panel, flujos de indecisos y perfiles de apoyo.\" \/>\n\t<meta name=\"robots\" content=\"max-image-preview:large\" \/>\n\t<meta name=\"author\" content=\"Diego Molina\"\/>\n\t<link rel=\"canonical\" href=\"https:\/\/staytv.cr\/index.php\/2026\/03\/04\/ciep-explica-como-se-definio-el-voto-en-2026-y-quienes-inclinaron-la-balanza\/\" \/>\n\t<meta name=\"generator\" content=\"All in One SEO Pro (AIOSEO) 4.8.3.2\" \/>\n\t\t<meta property=\"og:locale\" content=\"es_ES\" \/>\n\t\t<meta property=\"og:site_name\" content=\"Staytv - Medio de comunicaci\u00f3n digital de Costa Rica.\" \/>\n\t\t<meta property=\"og:type\" content=\"article\" \/>\n\t\t<meta property=\"og:title\" content=\"CIEP: claves del voto y panel electoral 2026 en Costa Rica\" \/>\n\t\t<meta property=\"og:description\" content=\"CIEP revela c\u00f3mo se decidi\u00f3 el voto en 2026 y qu\u00e9 cambi\u00f3 en la \u00faltima semana. Datos del panel, flujos de indecisos y perfiles de apoyo.\" \/>\n\t\t<meta property=\"og:url\" content=\"https:\/\/staytv.cr\/index.php\/2026\/03\/04\/ciep-explica-como-se-definio-el-voto-en-2026-y-quienes-inclinaron-la-balanza\/\" \/>\n\t\t<meta property=\"og:image\" content=\"https:\/\/staytv.cr\/wp-content\/uploads\/8-3.jpg\" \/>\n\t\t<meta property=\"og:image:secure_url\" content=\"https:\/\/staytv.cr\/wp-content\/uploads\/8-3.jpg\" \/>\n\t\t<meta property=\"og:image:width\" content=\"1280\" \/>\n\t\t<meta property=\"og:image:height\" content=\"720\" \/>\n\t\t<meta property=\"article:published_time\" content=\"2026-03-04T20:41:03+00:00\" \/>\n\t\t<meta property=\"article:modified_time\" content=\"2026-03-04T20:42:22+00:00\" \/>\n\t\t<meta property=\"article:publisher\" content=\"https:\/\/www.facebook.com\/staytvcr\" \/>\n\t\t<meta name=\"twitter:card\" content=\"summary_large_image\" \/>\n\t\t<meta name=\"twitter:title\" content=\"CIEP: claves del voto y panel electoral 2026 en Costa Rica\" \/>\n\t\t<meta name=\"twitter:description\" content=\"CIEP revela c\u00f3mo se decidi\u00f3 el voto en 2026 y qu\u00e9 cambi\u00f3 en la \u00faltima semana. Datos del panel, flujos de indecisos y perfiles de apoyo.\" \/>\n\t\t<meta name=\"twitter:image\" content=\"https:\/\/staytv.cr\/wp-content\/uploads\/8-3.jpg\" \/>\n\t\t<script type=\"application\/ld+json\" class=\"aioseo-schema\">\n\t\t\t{\"@context\":\"https:\\\/\\\/schema.org\",\"@graph\":[{\"@type\":\"BreadcrumbList\",\"@id\":\"https:\\\/\\\/staytv.cr\\\/index.php\\\/2026\\\/03\\\/04\\\/ciep-explica-como-se-definio-el-voto-en-2026-y-quienes-inclinaron-la-balanza\\\/#breadcrumblist\",\"itemListElement\":[{\"@type\":\"ListItem\",\"@id\":\"https:\\\/\\\/staytv.cr#listItem\",\"position\":1,\"name\":\"Home\",\"item\":\"https:\\\/\\\/staytv.cr\",\"nextItem\":{\"@type\":\"ListItem\",\"@id\":\"https:\\\/\\\/staytv.cr\\\/index.php\\\/category\\\/sucesos\\\/#listItem\",\"name\":\"SUCESOS\"}},{\"@type\":\"ListItem\",\"@id\":\"https:\\\/\\\/staytv.cr\\\/index.php\\\/category\\\/sucesos\\\/#listItem\",\"position\":2,\"name\":\"SUCESOS\",\"item\":\"https:\\\/\\\/staytv.cr\\\/index.php\\\/category\\\/sucesos\\\/\",\"nextItem\":{\"@type\":\"ListItem\",\"@id\":\"https:\\\/\\\/staytv.cr\\\/index.php\\\/2026\\\/03\\\/04\\\/ciep-explica-como-se-definio-el-voto-en-2026-y-quienes-inclinaron-la-balanza\\\/#listItem\",\"name\":\"CIEP explica c\\u00f3mo se defini\\u00f3 el voto en 2026 y qui\\u00e9nes inclinaron la balanza\"},\"previousItem\":{\"@type\":\"ListItem\",\"@id\":\"https:\\\/\\\/staytv.cr#listItem\",\"name\":\"Home\"}},{\"@type\":\"ListItem\",\"@id\":\"https:\\\/\\\/staytv.cr\\\/index.php\\\/2026\\\/03\\\/04\\\/ciep-explica-como-se-definio-el-voto-en-2026-y-quienes-inclinaron-la-balanza\\\/#listItem\",\"position\":3,\"name\":\"CIEP explica c\\u00f3mo se defini\\u00f3 el voto en 2026 y qui\\u00e9nes inclinaron la balanza\",\"previousItem\":{\"@type\":\"ListItem\",\"@id\":\"https:\\\/\\\/staytv.cr\\\/index.php\\\/category\\\/sucesos\\\/#listItem\",\"name\":\"SUCESOS\"}}]},{\"@type\":\"Organization\",\"@id\":\"https:\\\/\\\/staytv.cr\\\/#organization\",\"name\":\"Stay TV\",\"description\":\"Stay TV es un medio digital de noticias con base en Centroam\\u00e9rica, con cobertura local e internacional desde una mirada asi\\u00e1tica.\",\"url\":\"https:\\\/\\\/staytv.cr\\\/\",\"logo\":{\"@type\":\"ImageObject\",\"url\":\"https:\\\/\\\/staytv.cr\\\/wp-content\\\/uploads\\\/cropped-StayTV_logo_oficial_simple.png\",\"@id\":\"https:\\\/\\\/staytv.cr\\\/index.php\\\/2026\\\/03\\\/04\\\/ciep-explica-como-se-definio-el-voto-en-2026-y-quienes-inclinaron-la-balanza\\\/#organizationLogo\",\"width\":2560,\"height\":769},\"image\":{\"@id\":\"https:\\\/\\\/staytv.cr\\\/index.php\\\/2026\\\/03\\\/04\\\/ciep-explica-como-se-definio-el-voto-en-2026-y-quienes-inclinaron-la-balanza\\\/#organizationLogo\"},\"sameAs\":[\"https:\\\/\\\/www.instagram.com\\\/staytvcr\\\/\"]},{\"@type\":\"Person\",\"@id\":\"https:\\\/\\\/staytv.cr\\\/index.php\\\/author\\\/diegostaytv\\\/#author\",\"url\":\"https:\\\/\\\/staytv.cr\\\/index.php\\\/author\\\/diegostaytv\\\/\",\"name\":\"Diego Molina\",\"image\":{\"@type\":\"ImageObject\",\"url\":\"https:\\\/\\\/secure.gravatar.com\\\/avatar\\\/7d23cb63381aa64750c7e76727c208369ebd6f2565e9dc4c62e323b1ea59af41?s=96&d=mm&r=g\"}},{\"@type\":\"WebPage\",\"@id\":\"https:\\\/\\\/staytv.cr\\\/index.php\\\/2026\\\/03\\\/04\\\/ciep-explica-como-se-definio-el-voto-en-2026-y-quienes-inclinaron-la-balanza\\\/#webpage\",\"url\":\"https:\\\/\\\/staytv.cr\\\/index.php\\\/2026\\\/03\\\/04\\\/ciep-explica-como-se-definio-el-voto-en-2026-y-quienes-inclinaron-la-balanza\\\/\",\"name\":\"CIEP: claves del voto y panel electoral 2026 en Costa Rica\",\"description\":\"CIEP revela c\\u00f3mo se decidi\\u00f3 el voto en 2026 y qu\\u00e9 cambi\\u00f3 en la \\u00faltima semana. Datos del panel, flujos de indecisos y perfiles de apoyo.\",\"inLanguage\":\"es-ES\",\"isPartOf\":{\"@id\":\"https:\\\/\\\/staytv.cr\\\/#website\"},\"breadcrumb\":{\"@id\":\"https:\\\/\\\/staytv.cr\\\/index.php\\\/2026\\\/03\\\/04\\\/ciep-explica-como-se-definio-el-voto-en-2026-y-quienes-inclinaron-la-balanza\\\/#breadcrumblist\"},\"author\":{\"@id\":\"https:\\\/\\\/staytv.cr\\\/index.php\\\/author\\\/diegostaytv\\\/#author\"},\"creator\":{\"@id\":\"https:\\\/\\\/staytv.cr\\\/index.php\\\/author\\\/diegostaytv\\\/#author\"},\"image\":{\"@type\":\"ImageObject\",\"url\":\"https:\\\/\\\/staytv.cr\\\/wp-content\\\/uploads\\\/8-3.jpg\",\"@id\":\"https:\\\/\\\/staytv.cr\\\/index.php\\\/2026\\\/03\\\/04\\\/ciep-explica-como-se-definio-el-voto-en-2026-y-quienes-inclinaron-la-balanza\\\/#mainImage\",\"width\":1280,\"height\":720,\"caption\":\"CIEP explica c\\u00f3mo se defini\\u00f3 el voto en 2026 y qui\\u00e9nes inclinaron la balanza\"},\"primaryImageOfPage\":{\"@id\":\"https:\\\/\\\/staytv.cr\\\/index.php\\\/2026\\\/03\\\/04\\\/ciep-explica-como-se-definio-el-voto-en-2026-y-quienes-inclinaron-la-balanza\\\/#mainImage\"},\"datePublished\":\"2026-03-04T14:41:03-06:00\",\"dateModified\":\"2026-03-04T14:42:22-06:00\"},{\"@type\":\"WebSite\",\"@id\":\"https:\\\/\\\/staytv.cr\\\/#website\",\"url\":\"https:\\\/\\\/staytv.cr\\\/\",\"name\":\"Staytv\",\"description\":\"Medio de comunicaci\\u00f3n digital de Costa Rica.\",\"inLanguage\":\"es-ES\",\"publisher\":{\"@id\":\"https:\\\/\\\/staytv.cr\\\/#organization\"}}]}\n\t\t<\/script>\n\t\t<!-- All in One SEO Pro -->\r\n\t\t<title>CIEP: claves del voto y panel electoral 2026 en Costa Rica<\/title>\n\n","aioseo_head_json":{"title":"CIEP: claves del voto y panel electoral 2026 en Costa Rica","description":"CIEP revela c\u00f3mo se decidi\u00f3 el voto en 2026 y qu\u00e9 cambi\u00f3 en la \u00faltima semana. Datos del panel, flujos de indecisos y perfiles de apoyo.","canonical_url":"https:\/\/staytv.cr\/index.php\/2026\/03\/04\/ciep-explica-como-se-definio-el-voto-en-2026-y-quienes-inclinaron-la-balanza\/","robots":"max-image-preview:large","keywords":"","webmasterTools":{"miscellaneous":""},"schema":{"@context":"https:\/\/schema.org","@graph":[{"@type":"BreadcrumbList","@id":"https:\/\/staytv.cr\/index.php\/2026\/03\/04\/ciep-explica-como-se-definio-el-voto-en-2026-y-quienes-inclinaron-la-balanza\/#breadcrumblist","itemListElement":[{"@type":"ListItem","@id":"https:\/\/staytv.cr#listItem","position":1,"name":"Home","item":"https:\/\/staytv.cr","nextItem":{"@type":"ListItem","@id":"https:\/\/staytv.cr\/index.php\/category\/sucesos\/#listItem","name":"SUCESOS"}},{"@type":"ListItem","@id":"https:\/\/staytv.cr\/index.php\/category\/sucesos\/#listItem","position":2,"name":"SUCESOS","item":"https:\/\/staytv.cr\/index.php\/category\/sucesos\/","nextItem":{"@type":"ListItem","@id":"https:\/\/staytv.cr\/index.php\/2026\/03\/04\/ciep-explica-como-se-definio-el-voto-en-2026-y-quienes-inclinaron-la-balanza\/#listItem","name":"CIEP explica c\u00f3mo se defini\u00f3 el voto en 2026 y qui\u00e9nes inclinaron la balanza"},"previousItem":{"@type":"ListItem","@id":"https:\/\/staytv.cr#listItem","name":"Home"}},{"@type":"ListItem","@id":"https:\/\/staytv.cr\/index.php\/2026\/03\/04\/ciep-explica-como-se-definio-el-voto-en-2026-y-quienes-inclinaron-la-balanza\/#listItem","position":3,"name":"CIEP explica c\u00f3mo se defini\u00f3 el voto en 2026 y qui\u00e9nes inclinaron la balanza","previousItem":{"@type":"ListItem","@id":"https:\/\/staytv.cr\/index.php\/category\/sucesos\/#listItem","name":"SUCESOS"}}]},{"@type":"Organization","@id":"https:\/\/staytv.cr\/#organization","name":"Stay TV","description":"Stay TV es un medio digital de noticias con base en Centroam\u00e9rica, con cobertura local e internacional desde una mirada asi\u00e1tica.","url":"https:\/\/staytv.cr\/","logo":{"@type":"ImageObject","url":"https:\/\/staytv.cr\/wp-content\/uploads\/cropped-StayTV_logo_oficial_simple.png","@id":"https:\/\/staytv.cr\/index.php\/2026\/03\/04\/ciep-explica-como-se-definio-el-voto-en-2026-y-quienes-inclinaron-la-balanza\/#organizationLogo","width":2560,"height":769},"image":{"@id":"https:\/\/staytv.cr\/index.php\/2026\/03\/04\/ciep-explica-como-se-definio-el-voto-en-2026-y-quienes-inclinaron-la-balanza\/#organizationLogo"},"sameAs":["https:\/\/www.instagram.com\/staytvcr\/"]},{"@type":"Person","@id":"https:\/\/staytv.cr\/index.php\/author\/diegostaytv\/#author","url":"https:\/\/staytv.cr\/index.php\/author\/diegostaytv\/","name":"Diego Molina","image":{"@type":"ImageObject","url":"https:\/\/secure.gravatar.com\/avatar\/7d23cb63381aa64750c7e76727c208369ebd6f2565e9dc4c62e323b1ea59af41?s=96&d=mm&r=g"}},{"@type":"WebPage","@id":"https:\/\/staytv.cr\/index.php\/2026\/03\/04\/ciep-explica-como-se-definio-el-voto-en-2026-y-quienes-inclinaron-la-balanza\/#webpage","url":"https:\/\/staytv.cr\/index.php\/2026\/03\/04\/ciep-explica-como-se-definio-el-voto-en-2026-y-quienes-inclinaron-la-balanza\/","name":"CIEP: claves del voto y panel electoral 2026 en Costa Rica","description":"CIEP revela c\u00f3mo se decidi\u00f3 el voto en 2026 y qu\u00e9 cambi\u00f3 en la \u00faltima semana. Datos del panel, flujos de indecisos y perfiles de apoyo.","inLanguage":"es-ES","isPartOf":{"@id":"https:\/\/staytv.cr\/#website"},"breadcrumb":{"@id":"https:\/\/staytv.cr\/index.php\/2026\/03\/04\/ciep-explica-como-se-definio-el-voto-en-2026-y-quienes-inclinaron-la-balanza\/#breadcrumblist"},"author":{"@id":"https:\/\/staytv.cr\/index.php\/author\/diegostaytv\/#author"},"creator":{"@id":"https:\/\/staytv.cr\/index.php\/author\/diegostaytv\/#author"},"image":{"@type":"ImageObject","url":"https:\/\/staytv.cr\/wp-content\/uploads\/8-3.jpg","@id":"https:\/\/staytv.cr\/index.php\/2026\/03\/04\/ciep-explica-como-se-definio-el-voto-en-2026-y-quienes-inclinaron-la-balanza\/#mainImage","width":1280,"height":720,"caption":"CIEP explica c\u00f3mo se defini\u00f3 el voto en 2026 y qui\u00e9nes inclinaron la balanza"},"primaryImageOfPage":{"@id":"https:\/\/staytv.cr\/index.php\/2026\/03\/04\/ciep-explica-como-se-definio-el-voto-en-2026-y-quienes-inclinaron-la-balanza\/#mainImage"},"datePublished":"2026-03-04T14:41:03-06:00","dateModified":"2026-03-04T14:42:22-06:00"},{"@type":"WebSite","@id":"https:\/\/staytv.cr\/#website","url":"https:\/\/staytv.cr\/","name":"Staytv","description":"Medio de comunicaci\u00f3n digital de Costa Rica.","inLanguage":"es-ES","publisher":{"@id":"https:\/\/staytv.cr\/#organization"}}]},"og:locale":"es_ES","og:site_name":"Staytv - Medio de comunicaci\u00f3n digital de Costa Rica.","og:type":"article","og:title":"CIEP: claves del voto y panel electoral 2026 en Costa Rica","og:description":"CIEP revela c\u00f3mo se decidi\u00f3 el voto en 2026 y qu\u00e9 cambi\u00f3 en la \u00faltima semana. Datos del panel, flujos de indecisos y perfiles de apoyo.","og:url":"https:\/\/staytv.cr\/index.php\/2026\/03\/04\/ciep-explica-como-se-definio-el-voto-en-2026-y-quienes-inclinaron-la-balanza\/","og:image":"https:\/\/staytv.cr\/wp-content\/uploads\/8-3.jpg","og:image:secure_url":"https:\/\/staytv.cr\/wp-content\/uploads\/8-3.jpg","og:image:width":1280,"og:image:height":720,"article:published_time":"2026-03-04T20:41:03+00:00","article:modified_time":"2026-03-04T20:42:22+00:00","article:publisher":"https:\/\/www.facebook.com\/staytvcr","twitter:card":"summary_large_image","twitter:title":"CIEP: claves del voto y panel electoral 2026 en Costa Rica","twitter:description":"CIEP revela c\u00f3mo se decidi\u00f3 el voto en 2026 y qu\u00e9 cambi\u00f3 en la \u00faltima semana. Datos del panel, flujos de indecisos y perfiles de apoyo.","twitter:image":"https:\/\/staytv.cr\/wp-content\/uploads\/8-3.jpg"},"aioseo_meta_data":{"post_id":"30934","title":"CIEP: claves del voto y panel electoral 2026 en Costa Rica","description":"CIEP revela c\u00f3mo se decidi\u00f3 el voto en 2026 y qu\u00e9 cambi\u00f3 en la \u00faltima semana. Datos del panel, flujos de indecisos y perfiles de apoyo.","keywords":null,"keyphrases":{"focus":{"keyphrase":"CIEP","score":90,"analysis":{"keyphraseInTitle":{"score":9,"maxScore":9,"error":0},"keyphraseInDescription":{"score":9,"maxScore":9,"error":0},"keyphraseLength":{"score":9,"maxScore":9,"error":0,"length":1},"keyphraseInURL":{"score":5,"maxScore":5,"error":0},"keyphraseInIntroduction":{"score":9,"maxScore":9,"error":0},"keyphraseInSubHeadings":{"score":3,"maxScore":9,"error":1},"keyphraseInImageAlt":[],"keywordDensity":{"type":"best","score":9,"maxScore":9,"error":0}}},"additional":[{"keyphrase":"CIEP","score":100,"analysis":{"keyphraseInDescription":{"score":9,"maxScore":9,"error":0},"keyphraseLength":{"score":9,"maxScore":9,"error":0,"length":1},"keyphraseInIntroduction":{"score":9,"maxScore":9,"error":0},"keyphraseInImageAlt":[],"keywordDensity":{"type":"best","score":9,"maxScore":9,"error":0}}}]},"canonical_url":null,"og_title":null,"og_description":null,"og_object_type":"default","og_image_type":"default","og_image_custom_url":null,"og_image_custom_fields":null,"og_custom_image_width":null,"og_custom_image_height":null,"og_video":"","og_custom_url":null,"og_article_section":null,"og_article_tags":null,"twitter_use_og":true,"twitter_card":"default","twitter_image_type":"default","twitter_image_custom_url":null,"twitter_image_custom_fields":null,"twitter_title":null,"twitter_description":null,"schema_type":null,"schema_type_options":null,"pillar_content":false,"robots_default":true,"robots_noindex":false,"robots_noarchive":false,"robots_nosnippet":false,"robots_nofollow":false,"robots_noimageindex":false,"robots_noodp":false,"robots_notranslate":false,"robots_max_snippet":"-1","robots_max_videopreview":"-1","robots_max_imagepreview":"none","tabs":null,"priority":null,"frequency":"default","local_seo":null,"created":"2026-03-04 20:41:09","updated":"2026-03-04 20:42:22"},"aioseo_breadcrumb":"<div class=\"aioseo-breadcrumbs\"><span class=\"aioseo-breadcrumb\">\n\t<a href=\"https:\/\/staytv.cr\" title=\"Home\">Home<\/a>\n<\/span><span class=\"aioseo-breadcrumb-separator\">&raquo;<\/span><span class=\"aioseo-breadcrumb\">\n\t<a href=\"https:\/\/staytv.cr\/index.php\/category\/sucesos\/\" title=\"SUCESOS\">SUCESOS<\/a>\n<\/span><span class=\"aioseo-breadcrumb-separator\">&raquo;<\/span><span class=\"aioseo-breadcrumb\">\n\tCIEP explica c\u00f3mo se defini\u00f3 el voto en 2026 y qui\u00e9nes inclinaron la balanza\n<\/span><\/div>","aioseo_breadcrumb_json":[{"label":"Home","link":"https:\/\/staytv.cr"},{"label":"SUCESOS","link":"https:\/\/staytv.cr\/index.php\/category\/sucesos\/"},{"label":"CIEP explica c\u00f3mo se defini\u00f3 el voto en 2026 y qui\u00e9nes inclinaron la balanza","link":"https:\/\/staytv.cr\/index.php\/2026\/03\/04\/ciep-explica-como-se-definio-el-voto-en-2026-y-quienes-inclinaron-la-balanza\/"}],"_links":{"self":[{"href":"https:\/\/staytv.cr\/index.php\/wp-json\/wp\/v2\/posts\/30934","targetHints":{"allow":["GET"]}}],"collection":[{"href":"https:\/\/staytv.cr\/index.php\/wp-json\/wp\/v2\/posts"}],"about":[{"href":"https:\/\/staytv.cr\/index.php\/wp-json\/wp\/v2\/types\/post"}],"author":[{"embeddable":true,"href":"https:\/\/staytv.cr\/index.php\/wp-json\/wp\/v2\/users\/10"}],"replies":[{"embeddable":true,"href":"https:\/\/staytv.cr\/index.php\/wp-json\/wp\/v2\/comments?post=30934"}],"version-history":[{"count":1,"href":"https:\/\/staytv.cr\/index.php\/wp-json\/wp\/v2\/posts\/30934\/revisions"}],"predecessor-version":[{"id":30935,"href":"https:\/\/staytv.cr\/index.php\/wp-json\/wp\/v2\/posts\/30934\/revisions\/30935"}],"wp:featuredmedia":[{"embeddable":true,"href":"https:\/\/staytv.cr\/index.php\/wp-json\/wp\/v2\/media\/30936"}],"wp:attachment":[{"href":"https:\/\/staytv.cr\/index.php\/wp-json\/wp\/v2\/media?parent=30934"}],"wp:term":[{"taxonomy":"category","embeddable":true,"href":"https:\/\/staytv.cr\/index.php\/wp-json\/wp\/v2\/categories?post=30934"},{"taxonomy":"post_tag","embeddable":true,"href":"https:\/\/staytv.cr\/index.php\/wp-json\/wp\/v2\/tags?post=30934"}],"curies":[{"name":"wp","href":"https:\/\/api.w.org\/{rel}","templated":true}]}}