{"id":30941,"date":"2026-03-04T16:19:04","date_gmt":"2026-03-04T22:19:04","guid":{"rendered":"https:\/\/staytv.cr\/?p=30941"},"modified":"2026-03-04T18:12:12","modified_gmt":"2026-03-05T00:12:12","slug":"fiscalia-sin-reglamento-magistrado-cruz-confronta-al-fiscal","status":"publish","type":"post","link":"https:\/\/staytv.cr\/index.php\/2026\/03\/04\/fiscalia-sin-reglamento-magistrado-cruz-confronta-al-fiscal\/","title":{"rendered":"Fiscal\u00eda en el banquillo: magistrado Fernando Cruz interpela al fiscal Carlo D\u00edaz por cuatro a\u00f1os sin reglamento de nombramientos"},"content":{"rendered":"<h1><\/h1>\n<p>Una tensa y reveladora sesi\u00f3n en la <strong>Corte Plena del Poder Judicial<\/strong> expuso una de las deudas institucionales m\u00e1s graves del <strong>Ministerio P\u00fablico de Costa Rica<\/strong>: la ausencia prolongada de un reglamento que regule con claridad y objetividad los nombramientos dentro de la <strong>fiscal\u00eda<\/strong>. Desde el inicio de la sesi\u00f3n, el magistrado <strong>Fernando Cruz<\/strong> tom\u00f3 la palabra para interpelar directamente al <strong>fiscal general Carlo D\u00edaz<\/strong>, cuestionando con dureza la postergaci\u00f3n indefinida de ese instrumento normativo, indispensable para garantizar transparencia, legalidad y meritocracia en la selecci\u00f3n de fiscales. La comparecencia dej\u00f3 al descubierto tensiones profundas entre el m\u00e1ximo \u00f3rgano judicial y la jefatura del Ministerio P\u00fablico, y tuvo un episodio adicional de pol\u00e9mica cuando el <strong>presidente de la Corte Suprema de Justicia, Orlando Aguirre G\u00f3mez<\/strong>, interrumpi\u00f3 la intervenci\u00f3n del magistrado Cruz por raz\u00f3n de la hora de almuerzo, una decisi\u00f3n que gener\u00f3 un reclamo inmediato por parte del interpelante.<\/p>\n<p>El magistrado <strong>Fernando Cruz<\/strong> no dej\u00f3 dudas sobre el tono ni el prop\u00f3sito de su intervenci\u00f3n: dej\u00f3 claro desde el principio que no estaba consultando, sino ejerciendo su deber constitucional de controlar y fiscalizar las actuaciones del Ministerio P\u00fablico. Manifest\u00f3 abiertamente su desacuerdo con varias de las respuestas del <strong>fiscal Carlo D\u00edaz<\/strong>, y se\u00f1al\u00f3 que era la primera vez que sent\u00eda que el fiscal le impon\u00eda una limitaci\u00f3n en esa funci\u00f3n de control. El intercambio evidenci\u00f3 que el problema va mucho m\u00e1s all\u00e1 de un rezago administrativo: es una fractura estructural que erosiona la credibilidad del sistema judicial costarricense.<\/p>\n<p>Para conocer m\u00e1s sobre temas que marcan la institucionalidad del pa\u00eds, visite la secci\u00f3n de <a href=\"https:\/\/staytv.cr\/index.php\/category\/nacional\/\">noticias nacionales en STAY TV<\/a>.<\/p>\n<div style=\"position: relative; padding-bottom: 56.25%; height: 0; overflow: hidden; border-radius: 12px; margin-bottom: 1.5rem;\"><iframe style=\"position: absolute; top: 0; left: 0; width: 100%; height: 100%; border: 0;\" title=\"Reproductor de video de YouTube - Fernando Cruz interpela a Carlo D\u00edaz\" data-src=\"https:\/\/www.youtube.com\/embed\/m72f8hAP6y8\" allowfullscreen=\"allowfullscreen\" src=\"data:image\/svg+xml;base64,PHN2ZyB3aWR0aD0iMSIgaGVpZ2h0PSIxIiB4bWxucz0iaHR0cDovL3d3dy53My5vcmcvMjAwMC9zdmciPjwvc3ZnPg==\" class=\"lazyload\" data-load-mode=\"1\"><br \/>\n<\/iframe><\/div>\n<p class=\"recurso-externo\"><strong>Recurso externo:<\/strong> <a href=\"https:\/\/youtu.be\/m72f8hAP6y8\">Ver video completo en YouTube<\/a><\/p>\n<p>&nbsp;<\/p>\n<h2>Un reclamo en medio de la sesi\u00f3n: la interrupci\u00f3n de Orlando Aguirre G\u00f3mez<\/h2>\n<p>Uno de los momentos m\u00e1s comentados de la jornada ocurri\u00f3 cuando el <strong>presidente de la Corte Suprema, Orlando Aguirre G\u00f3mez<\/strong>, interrumpi\u00f3 la intervenci\u00f3n del magistrado <strong>Fernando Cruz<\/strong> alegando que era la hora de almuerzo. La decisi\u00f3n no cay\u00f3 bien. Cruz reclam\u00f3 que se le estaba cortando el hilo de una interpelaci\u00f3n en curso, considerada por \u00e9l y por otros magistrados como un acto de fiscalizaci\u00f3n institucional de primer orden. El episodio, aunque puntual, reflej\u00f3 las tensiones internas dentro de la propia Corte en torno a c\u00f3mo y cu\u00e1ndo se ejercen los mecanismos de control sobre el Ministerio P\u00fablico. Para los cr\u00edticos, interrumpir ese debate por razones de horario es una se\u00f1al de la poca urgencia con que algunas autoridades tratan asuntos que llevan a\u00f1os sin resolverse.<\/p>\n<h2>Cuatro a\u00f1os sin reglamento: una omisi\u00f3n que no tiene excusa<\/h2>\n<p>El magistrado <strong>Fernando Cruz<\/strong> record\u00f3 que esta no es la primera vez que se plantea la urgencia de un reglamento para los nombramientos en la <strong>fiscal\u00eda<\/strong>. Ya durante la administraci\u00f3n del exfiscal general <strong>Warner Molina<\/strong>\u00a0\u2014recientemente jubilado\u2014 se hab\u00eda elaborado al menos un borrador de reglamento. Esa iniciativa qued\u00f3 inconclusa, y el problema persiste cuatro a\u00f1os despu\u00e9s. Cruz fue categ\u00f3rico: en el per\u00edodo anterior se realizaron <strong>38 nombramientos sin concurso abierto en escalaf\u00f3n<\/strong>, sin criterios objetivos verificables, y la situaci\u00f3n no ha cambiado en lo esencial. Para el magistrado, eso es inaceptable en un Estado de Derecho, con mayor raz\u00f3n en una instituci\u00f3n cuya raz\u00f3n de ser es perseguir precisamente ese tipo de irregularidades en el ejercicio del poder p\u00fablico.<\/p>\n<p>El <strong>fiscal general Carlo D\u00edaz<\/strong>, por su parte, reconoci\u00f3 que el reglamento sigue pendiente, pero defendi\u00f3 que el proceso ha sido complejo por la naturaleza t\u00e9cnica del instrumento y por la carga de trabajo institucional. Argument\u00f3 que las acciones de la fiscal\u00eda han respondido principalmente a los requerimientos emanados de la propia Corte. Una respuesta que el magistrado Cruz no acept\u00f3 como justificaci\u00f3n suficiente, insistiendo en que el tiempo transcurrido transforma la omisi\u00f3n en una falla institucional de primer orden que no puede seguir siendo minimizada.<\/p>\n<h2>Fiscal\u00edas especializadas: vocaci\u00f3n bajo amenaza y cargos sin llenar<\/h2>\n<p>La comparecencia tambi\u00e9n puso sobre la mesa el estado cr\u00edtico de las <strong>fiscal\u00edas especializadas<\/strong>, especialmente las dedicadas al <strong>narcotr\u00e1fico y al crimen organizado<\/strong>. El fiscal general <strong>Carlo D\u00edaz<\/strong> admiti\u00f3 que cubrir las plazas en esas unidades representa un desaf\u00edo extraordinario: la violencia y los riesgos asociados al trabajo en esos frentes hacen que muy pocos profesionales est\u00e9n dispuestos a asumir esos cargos. Cuando se produce una vacante o una incapacidad, la instituci\u00f3n se ve forzada a recurrir a la figura de <strong>inopia<\/strong> \u2014una designaci\u00f3n de emergencia ante la ausencia de candidatos id\u00f3neos\u2014 para mantener operativas esas fiscal\u00edas estrat\u00e9gicas.<\/p>\n<p>El magistrado <strong>Fernando Cruz<\/strong> escuch\u00f3 esos argumentos, pero plante\u00f3 preguntas de fondo que ning\u00fan dato sobre escasez de personal puede responder por s\u00ed solo: \u00bfcu\u00e1nto tiempo duran las investigaciones en esas unidades? \u00bfCu\u00e1ntos casos han concluido en acusaci\u00f3n formal? \u00bfCu\u00e1ntos en condena efectiva? \u00bfQu\u00e9 errores se han cometido y qu\u00e9 correctivos se han aplicado? Cruz propuso que esas m\u00e9tricas deben evaluarse de forma sistem\u00e1tica para determinar si el perfil del personal nombrado en las fiscal\u00edas de \u00e9lite responde realmente a las exigencias del cargo. Fue un llamado directo a la rendici\u00f3n de cuentas, con nombre y cargo: <strong>Carlo D\u00edaz<\/strong>, fiscal general.<\/p>\n<h3>Intervenciones telef\u00f3nicas: el cuello de botella que frena investigaciones clave<\/h3>\n<p>Otro flanco cr\u00edtico que el magistrado <strong>Fernando Cruz<\/strong> puso sobre la mesa fue la demora excesiva en la tramitaci\u00f3n de solicitudes de <strong>intervenciones telef\u00f3nicas<\/strong> presentadas por la <strong>fiscal\u00eda<\/strong>. Cruz consider\u00f3 que esas peticiones deben resolverse \u2014aprobadas o rechazadas\u2014 en un plazo m\u00e1ximo de quince d\u00edas, dado su car\u00e1cter estrat\u00e9gico para las investigaciones penales en curso. El <strong>fiscal Carlo D\u00edaz<\/strong> reconoci\u00f3 la dificultad operativa, pero se\u00f1al\u00f3 que la capacidad del <strong>Organismo de Investigaci\u00f3n Judicial (OIJ)<\/strong> para ejecutar esas intervenciones es limitada, lo que genera cuellos de botella que no dependen exclusivamente del Ministerio P\u00fablico. Cruz respondi\u00f3 con un argumento que no deja espacio para evasivas: es precisamente el fiscal general quien tiene la autoridad y el conocimiento t\u00e9cnico para se\u00f1alar p\u00fablicamente esas limitaciones del sistema sin que se le atribuya parcialidad, y si no lo hace, nadie m\u00e1s lo har\u00e1 con igual peso institucional.<\/p>\n<h2>Una tensi\u00f3n que no es coyuntural: el fondo del conflicto institucional<\/h2>\n<p>El enfrentamiento entre el magistrado <strong>Fernando Cruz<\/strong> y el fiscal general <strong>Carlo D\u00edaz<\/strong>, con el episodio de la interrupci\u00f3n de <strong>Orlando Aguirre G\u00f3mez<\/strong> como tel\u00f3n de fondo, no es un incidente aislado ni una disputa de egos. Es la manifestaci\u00f3n p\u00fablica de una tensi\u00f3n estructural entre instituciones que comparten el mismo universo judicial pero que tienen visiones distintas sobre los l\u00edmites del control, la autonom\u00eda y la responsabilidad institucional. La <strong>Corte Plena<\/strong> reivindica su rol fiscalizador sobre el Ministerio P\u00fablico; la fiscal\u00eda defiende su autonom\u00eda operativa apelando a la complejidad de su gesti\u00f3n. En ese cruce de fuerzas, quienes pierden son los ciudadanos: sin reglamento, sin m\u00e9tricas de desempe\u00f1o, sin plazos definidos para actuaciones estrat\u00e9gicas, el sistema judicial costarricense sigue prometiendo m\u00e1s de lo que cumple.<\/p>\n<p>Si despu\u00e9s de cuatro a\u00f1os, con un borrador de reglamento heredado de una gesti\u00f3n anterior y con magistrados que han se\u00f1alado el problema en m\u00faltiples ocasiones, la <strong>fiscal\u00eda<\/strong> todav\u00eda no cuenta con una normativa b\u00e1sica para regular sus nombramientos, la pregunta que queda flotando en el aire no es t\u00e9cnica: es pol\u00edtica. \u00bfA qui\u00e9n le conviene que ese reglamento no exista?<\/p>\n<p>Para conocer m\u00e1s sobre este y otros temas institucionales, visite la secci\u00f3n de <a href=\"https:\/\/staytv.cr\/index.php\/category\/nacional\/\">noticias nacionales en STAY TV<\/a>.<\/p>\n<p>Con informaci\u00f3n para STAY TV: <a href=\"https:\/\/staytv.cr\">STAY TV<\/a><\/p>\n<p>&nbsp;<\/p>\n","protected":false},"excerpt":{"rendered":"<p>Una tensa y reveladora sesi\u00f3n en la Corte Plena del Poder Judicial expuso una de las deudas institucionales m\u00e1s graves del Ministerio P\u00fablico de Costa Rica: la ausencia prolongada de un reglamento que regule con claridad y objetividad los nombramientos dentro de la fiscal\u00eda. Desde el inicio de la sesi\u00f3n, el magistrado Fernando Cruz tom\u00f3 [&hellip;]<\/p>\n","protected":false},"author":10,"featured_media":30942,"comment_status":"open","ping_status":"open","sticky":false,"template":"","format":"standard","meta":{"episode_type":"","audio_file":"","podmotor_file_id":"","podmotor_episode_id":"","cover_image":"","cover_image_id":"","duration":"","filesize":"","filesize_raw":"","date_recorded":"","explicit":"","block":"","itunes_episode_number":"","itunes_title":"","itunes_season_number":"","itunes_episode_type":"","footnotes":""},"categories":[13],"tags":[5722,5727,4896,837,70,1511,5724,5723,3331,5728,5725,275,5726],"class_list":{"0":"post-30941","1":"post","2":"type-post","3":"status-publish","4":"format-standard","5":"has-post-thumbnail","7":"category-nacional","8":"tag-carlo-diaz","9":"tag-carrera-fiscal","10":"tag-corte-plena","11":"tag-corte-suprema","12":"tag-costa-rica","13":"tag-crimen-organizado","14":"tag-fernando-cruz","15":"tag-fiscal-general","16":"tag-fiscalia","17":"tag-intervenciones-telefonicas","18":"tag-orlando-aguirre-gomez","19":"tag-poder-judicial","20":"tag-reglamento-nombramientos"},"aioseo_notices":[],"aioseo_head":"\n\t\t<!-- All in One SEO Pro 4.8.3.2 - aioseo.com -->\n\t<meta name=\"description\" content=\"Fiscal\u00eda en el banquillo: magistrado Fernando Cruz confronta al fiscal Carlo D\u00edaz por cuatro a\u00f1os sin reglamento de nombramientos en la Corte Plena.\" \/>\n\t<meta name=\"robots\" content=\"max-image-preview:large\" \/>\n\t<meta name=\"author\" content=\"Diego Molina\"\/>\n\t<link rel=\"canonical\" href=\"https:\/\/staytv.cr\/index.php\/2026\/03\/04\/fiscalia-sin-reglamento-magistrado-cruz-confronta-al-fiscal\/\" \/>\n\t<meta name=\"generator\" content=\"All in One SEO Pro (AIOSEO) 4.8.3.2\" \/>\n\t\t<meta property=\"og:locale\" content=\"es_ES\" \/>\n\t\t<meta property=\"og:site_name\" content=\"Staytv - Medio de comunicaci\u00f3n digital de Costa Rica.\" \/>\n\t\t<meta property=\"og:type\" content=\"article\" \/>\n\t\t<meta property=\"og:title\" content=\"Fiscal\u00eda sin reglamento: magistrado Cruz confronta al fiscal\" \/>\n\t\t<meta property=\"og:description\" content=\"Fiscal\u00eda en el banquillo: magistrado Fernando Cruz confronta al fiscal Carlo D\u00edaz por cuatro a\u00f1os sin reglamento de nombramientos en la Corte Plena.\" \/>\n\t\t<meta property=\"og:url\" content=\"https:\/\/staytv.cr\/index.php\/2026\/03\/04\/fiscalia-sin-reglamento-magistrado-cruz-confronta-al-fiscal\/\" \/>\n\t\t<meta property=\"og:image\" content=\"https:\/\/staytv.cr\/wp-content\/uploads\/10-3.jpg\" \/>\n\t\t<meta property=\"og:image:secure_url\" content=\"https:\/\/staytv.cr\/wp-content\/uploads\/10-3.jpg\" \/>\n\t\t<meta property=\"og:image:width\" content=\"1280\" \/>\n\t\t<meta property=\"og:image:height\" content=\"720\" \/>\n\t\t<meta property=\"article:published_time\" content=\"2026-03-04T22:19:04+00:00\" \/>\n\t\t<meta property=\"article:modified_time\" content=\"2026-03-05T00:12:12+00:00\" \/>\n\t\t<meta property=\"article:publisher\" content=\"https:\/\/www.facebook.com\/staytvcr\" \/>\n\t\t<meta name=\"twitter:card\" content=\"summary_large_image\" \/>\n\t\t<meta name=\"twitter:title\" content=\"Fiscal\u00eda sin reglamento: magistrado Cruz confronta al fiscal\" \/>\n\t\t<meta name=\"twitter:description\" content=\"Fiscal\u00eda en el banquillo: magistrado Fernando Cruz confronta al fiscal Carlo D\u00edaz por cuatro a\u00f1os sin reglamento de nombramientos en la Corte Plena.\" \/>\n\t\t<meta name=\"twitter:image\" content=\"https:\/\/staytv.cr\/wp-content\/uploads\/10-3.jpg\" \/>\n\t\t<script type=\"application\/ld+json\" class=\"aioseo-schema\">\n\t\t\t{\"@context\":\"https:\\\/\\\/schema.org\",\"@graph\":[{\"@type\":\"BreadcrumbList\",\"@id\":\"https:\\\/\\\/staytv.cr\\\/index.php\\\/2026\\\/03\\\/04\\\/fiscalia-sin-reglamento-magistrado-cruz-confronta-al-fiscal\\\/#breadcrumblist\",\"itemListElement\":[{\"@type\":\"ListItem\",\"@id\":\"https:\\\/\\\/staytv.cr#listItem\",\"position\":1,\"name\":\"Home\",\"item\":\"https:\\\/\\\/staytv.cr\",\"nextItem\":{\"@type\":\"ListItem\",\"@id\":\"https:\\\/\\\/staytv.cr\\\/index.php\\\/category\\\/nacional\\\/#listItem\",\"name\":\"NACIONAL\"}},{\"@type\":\"ListItem\",\"@id\":\"https:\\\/\\\/staytv.cr\\\/index.php\\\/category\\\/nacional\\\/#listItem\",\"position\":2,\"name\":\"NACIONAL\",\"item\":\"https:\\\/\\\/staytv.cr\\\/index.php\\\/category\\\/nacional\\\/\",\"nextItem\":{\"@type\":\"ListItem\",\"@id\":\"https:\\\/\\\/staytv.cr\\\/index.php\\\/2026\\\/03\\\/04\\\/fiscalia-sin-reglamento-magistrado-cruz-confronta-al-fiscal\\\/#listItem\",\"name\":\"Fiscal\\u00eda en el banquillo: magistrado Fernando Cruz interpela al fiscal Carlo D\\u00edaz por cuatro a\\u00f1os sin reglamento de nombramientos\"},\"previousItem\":{\"@type\":\"ListItem\",\"@id\":\"https:\\\/\\\/staytv.cr#listItem\",\"name\":\"Home\"}},{\"@type\":\"ListItem\",\"@id\":\"https:\\\/\\\/staytv.cr\\\/index.php\\\/2026\\\/03\\\/04\\\/fiscalia-sin-reglamento-magistrado-cruz-confronta-al-fiscal\\\/#listItem\",\"position\":3,\"name\":\"Fiscal\\u00eda en el banquillo: magistrado Fernando Cruz interpela al fiscal Carlo D\\u00edaz por cuatro a\\u00f1os sin reglamento de nombramientos\",\"previousItem\":{\"@type\":\"ListItem\",\"@id\":\"https:\\\/\\\/staytv.cr\\\/index.php\\\/category\\\/nacional\\\/#listItem\",\"name\":\"NACIONAL\"}}]},{\"@type\":\"Organization\",\"@id\":\"https:\\\/\\\/staytv.cr\\\/#organization\",\"name\":\"Stay TV\",\"description\":\"Stay TV es un medio digital de noticias con base en Centroam\\u00e9rica, con cobertura local e internacional desde una mirada asi\\u00e1tica.\",\"url\":\"https:\\\/\\\/staytv.cr\\\/\",\"logo\":{\"@type\":\"ImageObject\",\"url\":\"https:\\\/\\\/staytv.cr\\\/wp-content\\\/uploads\\\/cropped-StayTV_logo_oficial_simple.png\",\"@id\":\"https:\\\/\\\/staytv.cr\\\/index.php\\\/2026\\\/03\\\/04\\\/fiscalia-sin-reglamento-magistrado-cruz-confronta-al-fiscal\\\/#organizationLogo\",\"width\":2560,\"height\":769},\"image\":{\"@id\":\"https:\\\/\\\/staytv.cr\\\/index.php\\\/2026\\\/03\\\/04\\\/fiscalia-sin-reglamento-magistrado-cruz-confronta-al-fiscal\\\/#organizationLogo\"},\"sameAs\":[\"https:\\\/\\\/www.instagram.com\\\/staytvcr\\\/\"]},{\"@type\":\"Person\",\"@id\":\"https:\\\/\\\/staytv.cr\\\/index.php\\\/author\\\/diegostaytv\\\/#author\",\"url\":\"https:\\\/\\\/staytv.cr\\\/index.php\\\/author\\\/diegostaytv\\\/\",\"name\":\"Diego Molina\",\"image\":{\"@type\":\"ImageObject\",\"url\":\"https:\\\/\\\/secure.gravatar.com\\\/avatar\\\/7d23cb63381aa64750c7e76727c208369ebd6f2565e9dc4c62e323b1ea59af41?s=96&d=mm&r=g\"}},{\"@type\":\"WebPage\",\"@id\":\"https:\\\/\\\/staytv.cr\\\/index.php\\\/2026\\\/03\\\/04\\\/fiscalia-sin-reglamento-magistrado-cruz-confronta-al-fiscal\\\/#webpage\",\"url\":\"https:\\\/\\\/staytv.cr\\\/index.php\\\/2026\\\/03\\\/04\\\/fiscalia-sin-reglamento-magistrado-cruz-confronta-al-fiscal\\\/\",\"name\":\"Fiscal\\u00eda sin reglamento: magistrado Cruz confronta al fiscal\",\"description\":\"Fiscal\\u00eda en el banquillo: magistrado Fernando Cruz confronta al fiscal Carlo D\\u00edaz por cuatro a\\u00f1os sin reglamento de nombramientos en la Corte Plena.\",\"inLanguage\":\"es-ES\",\"isPartOf\":{\"@id\":\"https:\\\/\\\/staytv.cr\\\/#website\"},\"breadcrumb\":{\"@id\":\"https:\\\/\\\/staytv.cr\\\/index.php\\\/2026\\\/03\\\/04\\\/fiscalia-sin-reglamento-magistrado-cruz-confronta-al-fiscal\\\/#breadcrumblist\"},\"author\":{\"@id\":\"https:\\\/\\\/staytv.cr\\\/index.php\\\/author\\\/diegostaytv\\\/#author\"},\"creator\":{\"@id\":\"https:\\\/\\\/staytv.cr\\\/index.php\\\/author\\\/diegostaytv\\\/#author\"},\"image\":{\"@type\":\"ImageObject\",\"url\":\"https:\\\/\\\/staytv.cr\\\/wp-content\\\/uploads\\\/10-3.jpg\",\"@id\":\"https:\\\/\\\/staytv.cr\\\/index.php\\\/2026\\\/03\\\/04\\\/fiscalia-sin-reglamento-magistrado-cruz-confronta-al-fiscal\\\/#mainImage\",\"width\":1280,\"height\":720,\"caption\":\"fiscal\\u00eda\"},\"primaryImageOfPage\":{\"@id\":\"https:\\\/\\\/staytv.cr\\\/index.php\\\/2026\\\/03\\\/04\\\/fiscalia-sin-reglamento-magistrado-cruz-confronta-al-fiscal\\\/#mainImage\"},\"datePublished\":\"2026-03-04T16:19:04-06:00\",\"dateModified\":\"2026-03-04T18:12:12-06:00\"},{\"@type\":\"WebSite\",\"@id\":\"https:\\\/\\\/staytv.cr\\\/#website\",\"url\":\"https:\\\/\\\/staytv.cr\\\/\",\"name\":\"Staytv\",\"description\":\"Medio de comunicaci\\u00f3n digital de Costa Rica.\",\"inLanguage\":\"es-ES\",\"publisher\":{\"@id\":\"https:\\\/\\\/staytv.cr\\\/#organization\"}}]}\n\t\t<\/script>\n\t\t<!-- All in One SEO Pro -->\r\n\t\t<title>Fiscal\u00eda sin reglamento: magistrado Cruz confronta al fiscal<\/title>\n\n","aioseo_head_json":{"title":"Fiscal\u00eda sin reglamento: magistrado Cruz confronta al fiscal","description":"Fiscal\u00eda en el banquillo: magistrado Fernando Cruz confronta al fiscal Carlo D\u00edaz por cuatro a\u00f1os sin reglamento de nombramientos en la Corte Plena.","canonical_url":"https:\/\/staytv.cr\/index.php\/2026\/03\/04\/fiscalia-sin-reglamento-magistrado-cruz-confronta-al-fiscal\/","robots":"max-image-preview:large","keywords":"","webmasterTools":{"miscellaneous":""},"schema":{"@context":"https:\/\/schema.org","@graph":[{"@type":"BreadcrumbList","@id":"https:\/\/staytv.cr\/index.php\/2026\/03\/04\/fiscalia-sin-reglamento-magistrado-cruz-confronta-al-fiscal\/#breadcrumblist","itemListElement":[{"@type":"ListItem","@id":"https:\/\/staytv.cr#listItem","position":1,"name":"Home","item":"https:\/\/staytv.cr","nextItem":{"@type":"ListItem","@id":"https:\/\/staytv.cr\/index.php\/category\/nacional\/#listItem","name":"NACIONAL"}},{"@type":"ListItem","@id":"https:\/\/staytv.cr\/index.php\/category\/nacional\/#listItem","position":2,"name":"NACIONAL","item":"https:\/\/staytv.cr\/index.php\/category\/nacional\/","nextItem":{"@type":"ListItem","@id":"https:\/\/staytv.cr\/index.php\/2026\/03\/04\/fiscalia-sin-reglamento-magistrado-cruz-confronta-al-fiscal\/#listItem","name":"Fiscal\u00eda en el banquillo: magistrado Fernando Cruz interpela al fiscal Carlo D\u00edaz por cuatro a\u00f1os sin reglamento de nombramientos"},"previousItem":{"@type":"ListItem","@id":"https:\/\/staytv.cr#listItem","name":"Home"}},{"@type":"ListItem","@id":"https:\/\/staytv.cr\/index.php\/2026\/03\/04\/fiscalia-sin-reglamento-magistrado-cruz-confronta-al-fiscal\/#listItem","position":3,"name":"Fiscal\u00eda en el banquillo: magistrado Fernando Cruz interpela al fiscal Carlo D\u00edaz por cuatro a\u00f1os sin reglamento de nombramientos","previousItem":{"@type":"ListItem","@id":"https:\/\/staytv.cr\/index.php\/category\/nacional\/#listItem","name":"NACIONAL"}}]},{"@type":"Organization","@id":"https:\/\/staytv.cr\/#organization","name":"Stay TV","description":"Stay TV es un medio digital de noticias con base en Centroam\u00e9rica, con cobertura local e internacional desde una mirada asi\u00e1tica.","url":"https:\/\/staytv.cr\/","logo":{"@type":"ImageObject","url":"https:\/\/staytv.cr\/wp-content\/uploads\/cropped-StayTV_logo_oficial_simple.png","@id":"https:\/\/staytv.cr\/index.php\/2026\/03\/04\/fiscalia-sin-reglamento-magistrado-cruz-confronta-al-fiscal\/#organizationLogo","width":2560,"height":769},"image":{"@id":"https:\/\/staytv.cr\/index.php\/2026\/03\/04\/fiscalia-sin-reglamento-magistrado-cruz-confronta-al-fiscal\/#organizationLogo"},"sameAs":["https:\/\/www.instagram.com\/staytvcr\/"]},{"@type":"Person","@id":"https:\/\/staytv.cr\/index.php\/author\/diegostaytv\/#author","url":"https:\/\/staytv.cr\/index.php\/author\/diegostaytv\/","name":"Diego Molina","image":{"@type":"ImageObject","url":"https:\/\/secure.gravatar.com\/avatar\/7d23cb63381aa64750c7e76727c208369ebd6f2565e9dc4c62e323b1ea59af41?s=96&d=mm&r=g"}},{"@type":"WebPage","@id":"https:\/\/staytv.cr\/index.php\/2026\/03\/04\/fiscalia-sin-reglamento-magistrado-cruz-confronta-al-fiscal\/#webpage","url":"https:\/\/staytv.cr\/index.php\/2026\/03\/04\/fiscalia-sin-reglamento-magistrado-cruz-confronta-al-fiscal\/","name":"Fiscal\u00eda sin reglamento: magistrado Cruz confronta al fiscal","description":"Fiscal\u00eda en el banquillo: magistrado Fernando Cruz confronta al fiscal Carlo D\u00edaz por cuatro a\u00f1os sin reglamento de nombramientos en la Corte Plena.","inLanguage":"es-ES","isPartOf":{"@id":"https:\/\/staytv.cr\/#website"},"breadcrumb":{"@id":"https:\/\/staytv.cr\/index.php\/2026\/03\/04\/fiscalia-sin-reglamento-magistrado-cruz-confronta-al-fiscal\/#breadcrumblist"},"author":{"@id":"https:\/\/staytv.cr\/index.php\/author\/diegostaytv\/#author"},"creator":{"@id":"https:\/\/staytv.cr\/index.php\/author\/diegostaytv\/#author"},"image":{"@type":"ImageObject","url":"https:\/\/staytv.cr\/wp-content\/uploads\/10-3.jpg","@id":"https:\/\/staytv.cr\/index.php\/2026\/03\/04\/fiscalia-sin-reglamento-magistrado-cruz-confronta-al-fiscal\/#mainImage","width":1280,"height":720,"caption":"fiscal\u00eda"},"primaryImageOfPage":{"@id":"https:\/\/staytv.cr\/index.php\/2026\/03\/04\/fiscalia-sin-reglamento-magistrado-cruz-confronta-al-fiscal\/#mainImage"},"datePublished":"2026-03-04T16:19:04-06:00","dateModified":"2026-03-04T18:12:12-06:00"},{"@type":"WebSite","@id":"https:\/\/staytv.cr\/#website","url":"https:\/\/staytv.cr\/","name":"Staytv","description":"Medio de comunicaci\u00f3n digital de Costa Rica.","inLanguage":"es-ES","publisher":{"@id":"https:\/\/staytv.cr\/#organization"}}]},"og:locale":"es_ES","og:site_name":"Staytv - Medio de comunicaci\u00f3n digital de Costa Rica.","og:type":"article","og:title":"Fiscal\u00eda sin reglamento: magistrado Cruz confronta al fiscal","og:description":"Fiscal\u00eda en el banquillo: magistrado Fernando Cruz confronta al fiscal Carlo D\u00edaz por cuatro a\u00f1os sin reglamento de nombramientos en la Corte Plena.","og:url":"https:\/\/staytv.cr\/index.php\/2026\/03\/04\/fiscalia-sin-reglamento-magistrado-cruz-confronta-al-fiscal\/","og:image":"https:\/\/staytv.cr\/wp-content\/uploads\/10-3.jpg","og:image:secure_url":"https:\/\/staytv.cr\/wp-content\/uploads\/10-3.jpg","og:image:width":1280,"og:image:height":720,"article:published_time":"2026-03-04T22:19:04+00:00","article:modified_time":"2026-03-05T00:12:12+00:00","article:publisher":"https:\/\/www.facebook.com\/staytvcr","twitter:card":"summary_large_image","twitter:title":"Fiscal\u00eda sin reglamento: magistrado Cruz confronta al fiscal","twitter:description":"Fiscal\u00eda en el banquillo: magistrado Fernando Cruz confronta al fiscal Carlo D\u00edaz por cuatro a\u00f1os sin reglamento de nombramientos en la Corte Plena.","twitter:image":"https:\/\/staytv.cr\/wp-content\/uploads\/10-3.jpg"},"aioseo_meta_data":{"post_id":"30941","title":"Fiscal\u00eda sin reglamento: magistrado Cruz confronta al fiscal","description":"Fiscal\u00eda en el banquillo: magistrado Fernando Cruz confronta al fiscal Carlo D\u00edaz por cuatro a\u00f1os sin reglamento de nombramientos en la Corte Plena.","keywords":null,"keyphrases":{"focus":{"keyphrase":"fiscal\u00eda","score":83,"analysis":{"keyphraseInTitle":{"score":9,"maxScore":9,"error":0},"keyphraseInDescription":{"score":9,"maxScore":9,"error":0},"keyphraseLength":{"score":9,"maxScore":9,"error":0,"length":2},"keyphraseInURL":{"score":1,"maxScore":5,"error":1},"keyphraseInIntroduction":{"score":9,"maxScore":9,"error":0},"keyphraseInSubHeadings":{"score":3,"maxScore":9,"error":1},"keyphraseInImageAlt":[],"keywordDensity":{"type":"best","score":9,"maxScore":9,"error":0}}},"additional":[]},"canonical_url":null,"og_title":null,"og_description":null,"og_object_type":"default","og_image_type":"default","og_image_custom_url":null,"og_image_custom_fields":null,"og_custom_image_width":null,"og_custom_image_height":null,"og_video":"","og_custom_url":null,"og_article_section":null,"og_article_tags":null,"twitter_use_og":true,"twitter_card":"default","twitter_image_type":"default","twitter_image_custom_url":null,"twitter_image_custom_fields":null,"twitter_title":null,"twitter_description":null,"schema_type":null,"schema_type_options":null,"pillar_content":false,"robots_default":true,"robots_noindex":false,"robots_noarchive":false,"robots_nosnippet":false,"robots_nofollow":false,"robots_noimageindex":false,"robots_noodp":false,"robots_notranslate":false,"robots_max_snippet":"-1","robots_max_videopreview":"-1","robots_max_imagepreview":"large","tabs":null,"priority":null,"frequency":"default","local_seo":null,"created":"2026-03-04 22:19:04","updated":"2026-03-05 00:12:14"},"aioseo_breadcrumb":"<div class=\"aioseo-breadcrumbs\"><span class=\"aioseo-breadcrumb\">\n\t<a href=\"https:\/\/staytv.cr\" title=\"Home\">Home<\/a>\n<\/span><span class=\"aioseo-breadcrumb-separator\">&raquo;<\/span><span class=\"aioseo-breadcrumb\">\n\t<a href=\"https:\/\/staytv.cr\/index.php\/category\/nacional\/\" title=\"NACIONAL\">NACIONAL<\/a>\n<\/span><span class=\"aioseo-breadcrumb-separator\">&raquo;<\/span><span class=\"aioseo-breadcrumb\">\n\tFiscal\u00eda en el banquillo: magistrado Fernando Cruz interpela al fiscal Carlo D\u00edaz por cuatro a\u00f1os sin reglamento de nombramientos\n<\/span><\/div>","aioseo_breadcrumb_json":[{"label":"Home","link":"https:\/\/staytv.cr"},{"label":"NACIONAL","link":"https:\/\/staytv.cr\/index.php\/category\/nacional\/"},{"label":"Fiscal\u00eda en el banquillo: magistrado Fernando Cruz interpela al fiscal Carlo D\u00edaz por cuatro a\u00f1os sin reglamento de nombramientos","link":"https:\/\/staytv.cr\/index.php\/2026\/03\/04\/fiscalia-sin-reglamento-magistrado-cruz-confronta-al-fiscal\/"}],"_links":{"self":[{"href":"https:\/\/staytv.cr\/index.php\/wp-json\/wp\/v2\/posts\/30941","targetHints":{"allow":["GET"]}}],"collection":[{"href":"https:\/\/staytv.cr\/index.php\/wp-json\/wp\/v2\/posts"}],"about":[{"href":"https:\/\/staytv.cr\/index.php\/wp-json\/wp\/v2\/types\/post"}],"author":[{"embeddable":true,"href":"https:\/\/staytv.cr\/index.php\/wp-json\/wp\/v2\/users\/10"}],"replies":[{"embeddable":true,"href":"https:\/\/staytv.cr\/index.php\/wp-json\/wp\/v2\/comments?post=30941"}],"version-history":[{"count":1,"href":"https:\/\/staytv.cr\/index.php\/wp-json\/wp\/v2\/posts\/30941\/revisions"}],"predecessor-version":[{"id":30943,"href":"https:\/\/staytv.cr\/index.php\/wp-json\/wp\/v2\/posts\/30941\/revisions\/30943"}],"wp:featuredmedia":[{"embeddable":true,"href":"https:\/\/staytv.cr\/index.php\/wp-json\/wp\/v2\/media\/30942"}],"wp:attachment":[{"href":"https:\/\/staytv.cr\/index.php\/wp-json\/wp\/v2\/media?parent=30941"}],"wp:term":[{"taxonomy":"category","embeddable":true,"href":"https:\/\/staytv.cr\/index.php\/wp-json\/wp\/v2\/categories?post=30941"},{"taxonomy":"post_tag","embeddable":true,"href":"https:\/\/staytv.cr\/index.php\/wp-json\/wp\/v2\/tags?post=30941"}],"curies":[{"name":"wp","href":"https:\/\/api.w.org\/{rel}","templated":true}]}}