{"id":30954,"date":"2026-03-05T09:05:09","date_gmt":"2026-03-05T15:05:09","guid":{"rendered":"https:\/\/staytv.cr\/?p=30954"},"modified":"2026-03-05T09:05:09","modified_gmt":"2026-03-05T15:05:09","slug":"primera-rescate-de-manati-bebe-en-costa-rica-impulsa-conservacion","status":"publish","type":"post","link":"https:\/\/staytv.cr\/index.php\/2026\/03\/05\/primera-rescate-de-manati-bebe-en-costa-rica-impulsa-conservacion\/","title":{"rendered":"Manat\u00ed beb\u00e9 rescatado por primera vez en el Caribe de Costa Rica en un operativo hist\u00f3rico para la conservaci\u00f3n"},"content":{"rendered":"<p>Un hecho sin precedentes sacudi\u00f3 a la comunidad conservacionista de Costa Rica a inicios de 2026: el <strong>primer rescate registrado de un beb\u00e9 manat\u00ed<\/strong> en el pa\u00eds tuvo lugar en una playa del <strong>Caribe costarricense<\/strong> el pasado 5 de enero, cuando el ejemplar fue encontrado encallado y en condici\u00f3n vulnerable. El animal, de aproximadamente <strong>1,5 metros de longitud y 35 kilogramos de peso<\/strong>, fue atendido de inmediato por veterinarios especializados del <strong>Wildlife Rescue Center<\/strong>, en coordinaci\u00f3n con funcionarios del <strong>SINAC del \u00c1rea de Conservaci\u00f3n Tortuguero<\/strong>. El <strong>manat\u00ed<\/strong>, catalogado como especie en grave peligro de extinci\u00f3n, libra hoy una batalla por su vida con el respaldo de un equipo multidisciplinario comprometido con su recuperaci\u00f3n.<\/p>\n<p>La relevancia del hallazgo trasciende el caso particular del animal. Este rescate representa un punto de inflexi\u00f3n en la historia de la conservaci\u00f3n marina de Costa Rica: nunca antes se hab\u00eda realizado una intervenci\u00f3n de este tipo con un ejemplar de manat\u00ed de tan corta edad en el territorio nacional, lo que convierte la operaci\u00f3n en un modelo de referencia para futuras emergencias con esta especie. Para seguir el avance de este caso y otras iniciativas de conservaci\u00f3n en el pa\u00eds, visite la secci\u00f3n de <a href=\"https:\/\/staytv.cr\/index.php\/category\/nacional\/\">noticias nacionales en STAY TV<\/a>.<\/p>\n<h2>Un operativo coordinado desde la playa hasta el centro de rehabilitaci\u00f3n<\/h2>\n<p>El rescate no fue una acci\u00f3n improvisada. Desde el momento en que se recibi\u00f3 el aviso sobre la presencia del <strong>manat\u00ed<\/strong> encallado en la playa, el equipo del <strong>Wildlife Rescue Center<\/strong> activ\u00f3 sus protocolos de emergencia para mam\u00edferos marinos y estableci\u00f3 coordinaci\u00f3n inmediata con el <strong>SINAC del \u00c1rea de Conservaci\u00f3n Tortuguero<\/strong>. La operaci\u00f3n implic\u00f3 el traslado cuidadoso del animal desde la zona del hallazgo hasta las instalaciones de rehabilitaci\u00f3n, un proceso que exige minimizar el estr\u00e9s del ejemplar en todo momento, ya que en especies como el manat\u00ed el manejo inadecuado puede desencadenar complicaciones graves e incluso fatales.<\/p>\n<p>Los veterinarios a cargo realizaron una evaluaci\u00f3n m\u00e9dica completa del ejemplar al llegar al centro de rehabilitaci\u00f3n. Se iniciaron de inmediato protocolos de <strong>hidrataci\u00f3n, alimentaci\u00f3n especializada y monitoreo constante<\/strong> de sus signos vitales. Dado que se trata de un beb\u00e9, la ausencia de su madre representa un desaf\u00edo adicional: el animal debe recibir sustitutos adecuados de la leche materna y ser estimulado para mantener sus funciones biol\u00f3gicas, todo esto bajo supervisi\u00f3n veterinaria las 24 horas del d\u00eda.<\/p>\n<h2>El manat\u00ed en Costa Rica: una especie invisible que el Caribe esconde<\/h2>\n<p>El <strong>manat\u00ed del Caribe<\/strong> (<em>Trichechus manatus<\/em>) es una de las especies m\u00e1s amenazadas del ecosistema marino costarricense. Su presencia en las aguas del Caribe norte del pa\u00eds, especialmente en las zonas cercanas a <strong>Tortuguero<\/strong> y los canales del litoral, ha sido documentada pero con registros escasos y espor\u00e1dicos. Su naturaleza silenciosa, sus movimientos lentos y su tendencia a habitar zonas de baja visibilidad hacen que la poblaci\u00f3n sea dif\u00edcil de monitorear con precisi\u00f3n.<\/p>\n<p>Las principales amenazas que enfrenta la especie en la regi\u00f3n incluyen las <strong>colisiones con embarcaciones motorizadas<\/strong>, la degradaci\u00f3n de los pastos marinos que constituyen su principal fuente de alimento, la contaminaci\u00f3n de los cuerpos de agua y la p\u00e9rdida progresiva de h\u00e1bitat costero por presi\u00f3n humana. El cambio clim\u00e1tico agrava este panorama al alterar la temperatura y salinidad de las aguas donde el manat\u00ed se alimenta y reproduce. En ese contexto, cada ejemplar que logra sobrevivir y reproducirse tiene un valor incalculable para la estabilidad de la poblaci\u00f3n.<\/p>\n<h3>El SINAC y el Wildlife Rescue Center: una alianza que marca diferencia<\/h3>\n<p>La respuesta coordinada entre el <strong>Wildlife Rescue Center<\/strong> y el <strong>SINAC del \u00c1rea de Conservaci\u00f3n Tortuguero<\/strong> durante este rescate evidencia la madurez que ha alcanzado la red institucional de atenci\u00f3n a la vida silvestre en Costa Rica. No es la primera vez que ambas entidades trabajan juntas ante emergencias con fauna marina, pero s\u00ed es la primera vez que el resultado involucra a un ejemplar tan joven de una especie tan amenazada. Esta alianza p\u00fablico-privada es precisamente el modelo que los expertos en conservaci\u00f3n recomiendan para pa\u00edses megadiversos con recursos institucionales limitados: sumar capacidades especializadas del sector privado con la autoridad y el alcance territorial del Estado.<\/p>\n<p>Adem\u00e1s del rescate en s\u00ed, el equipo del <strong>SINAC<\/strong> ha realizado giras de campo en la zona para la <strong>colecta de pastos marinos<\/strong>, una actividad clave para garantizar que el beb\u00e9 manat\u00ed pueda recibir alimentaci\u00f3n adecuada y, eventualmente, ser preparado para su reinserci\u00f3n en el h\u00e1bitat natural. Ese trabajo de campo complementa la atenci\u00f3n veterinaria y subraya que la conservaci\u00f3n exitosa requiere tanto del cuidado del animal individual como del ecosistema que lo recibir\u00e1 de vuelta.<\/p>\n<h2>Un precedente que fortalece la conservaci\u00f3n marina nacional<\/h2>\n<p>M\u00e1s all\u00e1 de la suerte del ejemplar rescatado, este caso tiene implicaciones duraderas para la conservaci\u00f3n en Costa Rica. En primer lugar, genera un <strong>protocolo de referencia<\/strong> para futuros rescates de manat\u00edes: los procedimientos aplicados, los errores cometidos y las lecciones aprendidas quedar\u00e1n documentados para que la pr\u00f3xima intervenci\u00f3n sea m\u00e1s \u00e1gil y efectiva. En un pa\u00eds donde este tipo de rescate nunca hab\u00eda ocurrido, esa acumulaci\u00f3n de conocimiento es un activo invaluable.<\/p>\n<p>En segundo lugar, el caso ha tenido una repercusi\u00f3n medi\u00e1tica significativa tanto a nivel nacional como internacional, con cobertura de medios como <strong>SWI Swissinfo<\/strong>, <strong>Diario Libre<\/strong> y <strong>ABC Espa\u00f1a<\/strong>, entre otros. Esa visibilidad global coloca a Costa Rica en el mapa de la conservaci\u00f3n marina activa, refuerza su imagen como destino comprometido con la biodiversidad y puede atraer cooperaci\u00f3n t\u00e9cnica y financiera internacional para fortalecer los programas de monitoreo y respuesta ante emergencias con fauna silvestre.<\/p>\n<h2>La esperanza de un regreso al mar<\/h2>\n<p>El objetivo final del equipo a cargo del <strong>manat\u00ed<\/strong> es claro: lograr que el ejemplar se recupere por completo y pueda ser reinsertado en su h\u00e1bitat natural en las aguas del Caribe costarricense. El proceso de rehabilitaci\u00f3n es largo y exigente, y no est\u00e1 exento de riesgos dado el delicado estado en que fue encontrado el animal. Sin embargo, los veterinarios y cuidadores del <strong>Wildlife Rescue Center<\/strong> han expresado un cauteloso optimismo: el beb\u00e9 est\u00e1 respondiendo a los tratamientos y mostrando signos de mejor\u00eda progresiva.<\/p>\n<p>Cuando ese d\u00eda llegue y el manat\u00ed vuelva a nadar libre en las aguas que le pertenecen, Costa Rica habr\u00e1 escrito una p\u00e1gina in\u00e9dita en su historia de conservaci\u00f3n. No solo habr\u00e1 salvado a un animal: habr\u00e1 demostrado que cuenta con las personas, las instituciones y la voluntad para proteger incluso a las especies m\u00e1s vulnerables, las que viven lejos de los reflectores y que dependen del silencio del mar para sobrevivir.<\/p>\n<p>Para m\u00e1s informaci\u00f3n sobre conservaci\u00f3n, biodiversidad y medio ambiente en Costa Rica, visite la secci\u00f3n de <a href=\"https:\/\/staytv.cr\/index.php\/category\/nacional\/\">noticias nacionales en STAY TV<\/a>.<\/p>\n<p>Con informaci\u00f3n para STAY TV: <a href=\"https:\/\/staytv.cr\">STAY TV<\/a><\/p>\n<p>&nbsp;<\/p>\n","protected":false},"excerpt":{"rendered":"<p>Un hecho sin precedentes sacudi\u00f3 a la comunidad conservacionista de Costa Rica a inicios de 2026: el primer rescate registrado de un beb\u00e9 manat\u00ed en el pa\u00eds tuvo lugar en una playa del Caribe costarricense el pasado 5 de enero, cuando el ejemplar fue encontrado encallado y en condici\u00f3n vulnerable. El animal, de aproximadamente 1,5 [&hellip;]<\/p>\n","protected":false},"author":11,"featured_media":30966,"comment_status":"open","ping_status":"open","sticky":false,"template":"","format":"standard","meta":{"episode_type":"","audio_file":"","podmotor_file_id":"","podmotor_episode_id":"","cover_image":"","cover_image_id":"","duration":"","filesize":"","filesize_raw":"","date_recorded":"","explicit":"","block":"","itunes_episode_number":"","itunes_title":"","itunes_season_number":"","itunes_episode_type":"","footnotes":""},"categories":[13],"tags":[1480,1032,5731,70,5732,5733,5729,1668,1603,5441,5730],"class_list":{"0":"post-30954","1":"post","2":"type-post","3":"status-publish","4":"format-standard","5":"has-post-thumbnail","7":"category-nacional","8":"tag-biodiversidad","9":"tag-caribe","10":"tag-conservacion-marina","11":"tag-costa-rica","12":"tag-especie-en-peligro","13":"tag-fauna-silvestre","14":"tag-manati","15":"tag-rescate-animal","16":"tag-sinac","17":"tag-tortuguero","18":"tag-wildlife-rescue-center"},"aioseo_notices":[],"aioseo_head":"\n\t\t<!-- All in One SEO Pro 4.8.3.2 - aioseo.com -->\n\t<meta name=\"description\" content=\"Manat\u00ed beb\u00e9 en peligro de extinci\u00f3n es rescatado por primera vez en el Caribe de Costa Rica por el Wildlife Rescue Center y el SINAC.\" \/>\n\t<meta name=\"robots\" content=\"max-image-preview:large\" \/>\n\t<meta name=\"author\" content=\"Ryan\"\/>\n\t<link rel=\"canonical\" href=\"https:\/\/staytv.cr\/index.php\/2026\/03\/05\/primera-rescate-de-manati-bebe-en-costa-rica-impulsa-conservacion\/\" \/>\n\t<meta name=\"generator\" content=\"All in One SEO Pro (AIOSEO) 4.8.3.2\" \/>\n\t\t<meta property=\"og:locale\" content=\"es_ES\" \/>\n\t\t<meta property=\"og:site_name\" content=\"Staytv - Medio de comunicaci\u00f3n digital de Costa Rica.\" \/>\n\t\t<meta property=\"og:type\" content=\"article\" \/>\n\t\t<meta property=\"og:title\" content=\"Manat\u00ed beb\u00e9 rescatado por primera vez en Costa Rica\" \/>\n\t\t<meta property=\"og:description\" content=\"Manat\u00ed beb\u00e9 en peligro de extinci\u00f3n es rescatado por primera vez en el Caribe de Costa Rica por el Wildlife Rescue Center y el SINAC.\" \/>\n\t\t<meta property=\"og:url\" content=\"https:\/\/staytv.cr\/index.php\/2026\/03\/05\/primera-rescate-de-manati-bebe-en-costa-rica-impulsa-conservacion\/\" \/>\n\t\t<meta property=\"og:image\" content=\"https:\/\/staytv.cr\/wp-content\/uploads\/Sin-titulo-2-47.jpg\" \/>\n\t\t<meta property=\"og:image:secure_url\" content=\"https:\/\/staytv.cr\/wp-content\/uploads\/Sin-titulo-2-47.jpg\" \/>\n\t\t<meta property=\"og:image:width\" content=\"1280\" \/>\n\t\t<meta property=\"og:image:height\" content=\"720\" \/>\n\t\t<meta property=\"article:published_time\" content=\"2026-03-05T15:05:09+00:00\" \/>\n\t\t<meta property=\"article:modified_time\" content=\"2026-03-05T15:05:09+00:00\" \/>\n\t\t<meta property=\"article:publisher\" content=\"https:\/\/www.facebook.com\/staytvcr\" \/>\n\t\t<meta name=\"twitter:card\" content=\"summary_large_image\" \/>\n\t\t<meta name=\"twitter:title\" content=\"Manat\u00ed beb\u00e9 rescatado por primera vez en Costa Rica\" \/>\n\t\t<meta name=\"twitter:description\" content=\"Manat\u00ed beb\u00e9 en peligro de extinci\u00f3n es rescatado por primera vez en el Caribe de Costa Rica por el Wildlife Rescue Center y el SINAC.\" \/>\n\t\t<meta name=\"twitter:image\" content=\"https:\/\/staytv.cr\/wp-content\/uploads\/Sin-titulo-2-47.jpg\" \/>\n\t\t<script type=\"application\/ld+json\" class=\"aioseo-schema\">\n\t\t\t{\"@context\":\"https:\\\/\\\/schema.org\",\"@graph\":[{\"@type\":\"BreadcrumbList\",\"@id\":\"https:\\\/\\\/staytv.cr\\\/index.php\\\/2026\\\/03\\\/05\\\/primera-rescate-de-manati-bebe-en-costa-rica-impulsa-conservacion\\\/#breadcrumblist\",\"itemListElement\":[{\"@type\":\"ListItem\",\"@id\":\"https:\\\/\\\/staytv.cr#listItem\",\"position\":1,\"name\":\"Home\",\"item\":\"https:\\\/\\\/staytv.cr\",\"nextItem\":{\"@type\":\"ListItem\",\"@id\":\"https:\\\/\\\/staytv.cr\\\/index.php\\\/category\\\/nacional\\\/#listItem\",\"name\":\"NACIONAL\"}},{\"@type\":\"ListItem\",\"@id\":\"https:\\\/\\\/staytv.cr\\\/index.php\\\/category\\\/nacional\\\/#listItem\",\"position\":2,\"name\":\"NACIONAL\",\"item\":\"https:\\\/\\\/staytv.cr\\\/index.php\\\/category\\\/nacional\\\/\",\"nextItem\":{\"@type\":\"ListItem\",\"@id\":\"https:\\\/\\\/staytv.cr\\\/index.php\\\/2026\\\/03\\\/05\\\/primera-rescate-de-manati-bebe-en-costa-rica-impulsa-conservacion\\\/#listItem\",\"name\":\"Manat\\u00ed beb\\u00e9 rescatado por primera vez en el Caribe de Costa Rica en un operativo hist\\u00f3rico para la conservaci\\u00f3n\"},\"previousItem\":{\"@type\":\"ListItem\",\"@id\":\"https:\\\/\\\/staytv.cr#listItem\",\"name\":\"Home\"}},{\"@type\":\"ListItem\",\"@id\":\"https:\\\/\\\/staytv.cr\\\/index.php\\\/2026\\\/03\\\/05\\\/primera-rescate-de-manati-bebe-en-costa-rica-impulsa-conservacion\\\/#listItem\",\"position\":3,\"name\":\"Manat\\u00ed beb\\u00e9 rescatado por primera vez en el Caribe de Costa Rica en un operativo hist\\u00f3rico para la conservaci\\u00f3n\",\"previousItem\":{\"@type\":\"ListItem\",\"@id\":\"https:\\\/\\\/staytv.cr\\\/index.php\\\/category\\\/nacional\\\/#listItem\",\"name\":\"NACIONAL\"}}]},{\"@type\":\"Organization\",\"@id\":\"https:\\\/\\\/staytv.cr\\\/#organization\",\"name\":\"Stay TV\",\"description\":\"Stay TV es un medio digital de noticias con base en Centroam\\u00e9rica, con cobertura local e internacional desde una mirada asi\\u00e1tica.\",\"url\":\"https:\\\/\\\/staytv.cr\\\/\",\"logo\":{\"@type\":\"ImageObject\",\"url\":\"https:\\\/\\\/staytv.cr\\\/wp-content\\\/uploads\\\/cropped-StayTV_logo_oficial_simple.png\",\"@id\":\"https:\\\/\\\/staytv.cr\\\/index.php\\\/2026\\\/03\\\/05\\\/primera-rescate-de-manati-bebe-en-costa-rica-impulsa-conservacion\\\/#organizationLogo\",\"width\":2560,\"height\":769},\"image\":{\"@id\":\"https:\\\/\\\/staytv.cr\\\/index.php\\\/2026\\\/03\\\/05\\\/primera-rescate-de-manati-bebe-en-costa-rica-impulsa-conservacion\\\/#organizationLogo\"},\"sameAs\":[\"https:\\\/\\\/www.instagram.com\\\/staytvcr\\\/\"]},{\"@type\":\"Person\",\"@id\":\"https:\\\/\\\/staytv.cr\\\/index.php\\\/author\\\/ryantv\\\/#author\",\"url\":\"https:\\\/\\\/staytv.cr\\\/index.php\\\/author\\\/ryantv\\\/\",\"name\":\"Ryan\",\"image\":{\"@type\":\"ImageObject\",\"url\":\"https:\\\/\\\/secure.gravatar.com\\\/avatar\\\/f95152fd26e0540ce723631868753fd2ae822574fa609b52b1b123eea57755e2?s=96&d=mm&r=g\"}},{\"@type\":\"WebPage\",\"@id\":\"https:\\\/\\\/staytv.cr\\\/index.php\\\/2026\\\/03\\\/05\\\/primera-rescate-de-manati-bebe-en-costa-rica-impulsa-conservacion\\\/#webpage\",\"url\":\"https:\\\/\\\/staytv.cr\\\/index.php\\\/2026\\\/03\\\/05\\\/primera-rescate-de-manati-bebe-en-costa-rica-impulsa-conservacion\\\/\",\"name\":\"Manat\\u00ed beb\\u00e9 rescatado por primera vez en Costa Rica\",\"description\":\"Manat\\u00ed beb\\u00e9 en peligro de extinci\\u00f3n es rescatado por primera vez en el Caribe de Costa Rica por el Wildlife Rescue Center y el SINAC.\",\"inLanguage\":\"es-ES\",\"isPartOf\":{\"@id\":\"https:\\\/\\\/staytv.cr\\\/#website\"},\"breadcrumb\":{\"@id\":\"https:\\\/\\\/staytv.cr\\\/index.php\\\/2026\\\/03\\\/05\\\/primera-rescate-de-manati-bebe-en-costa-rica-impulsa-conservacion\\\/#breadcrumblist\"},\"author\":{\"@id\":\"https:\\\/\\\/staytv.cr\\\/index.php\\\/author\\\/ryantv\\\/#author\"},\"creator\":{\"@id\":\"https:\\\/\\\/staytv.cr\\\/index.php\\\/author\\\/ryantv\\\/#author\"},\"image\":{\"@type\":\"ImageObject\",\"url\":\"https:\\\/\\\/staytv.cr\\\/wp-content\\\/uploads\\\/Sin-titulo-2-47.jpg\",\"@id\":\"https:\\\/\\\/staytv.cr\\\/index.php\\\/2026\\\/03\\\/05\\\/primera-rescate-de-manati-bebe-en-costa-rica-impulsa-conservacion\\\/#mainImage\",\"width\":1280,\"height\":720,\"caption\":\"Manat\\u00ed beb\\u00e9 rescatado por primera vez en Costa Rica\"},\"primaryImageOfPage\":{\"@id\":\"https:\\\/\\\/staytv.cr\\\/index.php\\\/2026\\\/03\\\/05\\\/primera-rescate-de-manati-bebe-en-costa-rica-impulsa-conservacion\\\/#mainImage\"},\"datePublished\":\"2026-03-05T09:05:09-06:00\",\"dateModified\":\"2026-03-05T09:05:09-06:00\"},{\"@type\":\"WebSite\",\"@id\":\"https:\\\/\\\/staytv.cr\\\/#website\",\"url\":\"https:\\\/\\\/staytv.cr\\\/\",\"name\":\"Staytv\",\"description\":\"Medio de comunicaci\\u00f3n digital de Costa Rica.\",\"inLanguage\":\"es-ES\",\"publisher\":{\"@id\":\"https:\\\/\\\/staytv.cr\\\/#organization\"}}]}\n\t\t<\/script>\n\t\t<!-- All in One SEO Pro -->\r\n\t\t<title>Manat\u00ed beb\u00e9 rescatado por primera vez en Costa Rica<\/title>\n\n","aioseo_head_json":{"title":"Manat\u00ed beb\u00e9 rescatado por primera vez en Costa Rica","description":"Manat\u00ed beb\u00e9 en peligro de extinci\u00f3n es rescatado por primera vez en el Caribe de Costa Rica por el Wildlife Rescue Center y el SINAC.","canonical_url":"https:\/\/staytv.cr\/index.php\/2026\/03\/05\/primera-rescate-de-manati-bebe-en-costa-rica-impulsa-conservacion\/","robots":"max-image-preview:large","keywords":"","webmasterTools":{"miscellaneous":""},"schema":{"@context":"https:\/\/schema.org","@graph":[{"@type":"BreadcrumbList","@id":"https:\/\/staytv.cr\/index.php\/2026\/03\/05\/primera-rescate-de-manati-bebe-en-costa-rica-impulsa-conservacion\/#breadcrumblist","itemListElement":[{"@type":"ListItem","@id":"https:\/\/staytv.cr#listItem","position":1,"name":"Home","item":"https:\/\/staytv.cr","nextItem":{"@type":"ListItem","@id":"https:\/\/staytv.cr\/index.php\/category\/nacional\/#listItem","name":"NACIONAL"}},{"@type":"ListItem","@id":"https:\/\/staytv.cr\/index.php\/category\/nacional\/#listItem","position":2,"name":"NACIONAL","item":"https:\/\/staytv.cr\/index.php\/category\/nacional\/","nextItem":{"@type":"ListItem","@id":"https:\/\/staytv.cr\/index.php\/2026\/03\/05\/primera-rescate-de-manati-bebe-en-costa-rica-impulsa-conservacion\/#listItem","name":"Manat\u00ed beb\u00e9 rescatado por primera vez en el Caribe de Costa Rica en un operativo hist\u00f3rico para la conservaci\u00f3n"},"previousItem":{"@type":"ListItem","@id":"https:\/\/staytv.cr#listItem","name":"Home"}},{"@type":"ListItem","@id":"https:\/\/staytv.cr\/index.php\/2026\/03\/05\/primera-rescate-de-manati-bebe-en-costa-rica-impulsa-conservacion\/#listItem","position":3,"name":"Manat\u00ed beb\u00e9 rescatado por primera vez en el Caribe de Costa Rica en un operativo hist\u00f3rico para la conservaci\u00f3n","previousItem":{"@type":"ListItem","@id":"https:\/\/staytv.cr\/index.php\/category\/nacional\/#listItem","name":"NACIONAL"}}]},{"@type":"Organization","@id":"https:\/\/staytv.cr\/#organization","name":"Stay TV","description":"Stay TV es un medio digital de noticias con base en Centroam\u00e9rica, con cobertura local e internacional desde una mirada asi\u00e1tica.","url":"https:\/\/staytv.cr\/","logo":{"@type":"ImageObject","url":"https:\/\/staytv.cr\/wp-content\/uploads\/cropped-StayTV_logo_oficial_simple.png","@id":"https:\/\/staytv.cr\/index.php\/2026\/03\/05\/primera-rescate-de-manati-bebe-en-costa-rica-impulsa-conservacion\/#organizationLogo","width":2560,"height":769},"image":{"@id":"https:\/\/staytv.cr\/index.php\/2026\/03\/05\/primera-rescate-de-manati-bebe-en-costa-rica-impulsa-conservacion\/#organizationLogo"},"sameAs":["https:\/\/www.instagram.com\/staytvcr\/"]},{"@type":"Person","@id":"https:\/\/staytv.cr\/index.php\/author\/ryantv\/#author","url":"https:\/\/staytv.cr\/index.php\/author\/ryantv\/","name":"Ryan","image":{"@type":"ImageObject","url":"https:\/\/secure.gravatar.com\/avatar\/f95152fd26e0540ce723631868753fd2ae822574fa609b52b1b123eea57755e2?s=96&d=mm&r=g"}},{"@type":"WebPage","@id":"https:\/\/staytv.cr\/index.php\/2026\/03\/05\/primera-rescate-de-manati-bebe-en-costa-rica-impulsa-conservacion\/#webpage","url":"https:\/\/staytv.cr\/index.php\/2026\/03\/05\/primera-rescate-de-manati-bebe-en-costa-rica-impulsa-conservacion\/","name":"Manat\u00ed beb\u00e9 rescatado por primera vez en Costa Rica","description":"Manat\u00ed beb\u00e9 en peligro de extinci\u00f3n es rescatado por primera vez en el Caribe de Costa Rica por el Wildlife Rescue Center y el SINAC.","inLanguage":"es-ES","isPartOf":{"@id":"https:\/\/staytv.cr\/#website"},"breadcrumb":{"@id":"https:\/\/staytv.cr\/index.php\/2026\/03\/05\/primera-rescate-de-manati-bebe-en-costa-rica-impulsa-conservacion\/#breadcrumblist"},"author":{"@id":"https:\/\/staytv.cr\/index.php\/author\/ryantv\/#author"},"creator":{"@id":"https:\/\/staytv.cr\/index.php\/author\/ryantv\/#author"},"image":{"@type":"ImageObject","url":"https:\/\/staytv.cr\/wp-content\/uploads\/Sin-titulo-2-47.jpg","@id":"https:\/\/staytv.cr\/index.php\/2026\/03\/05\/primera-rescate-de-manati-bebe-en-costa-rica-impulsa-conservacion\/#mainImage","width":1280,"height":720,"caption":"Manat\u00ed beb\u00e9 rescatado por primera vez en Costa Rica"},"primaryImageOfPage":{"@id":"https:\/\/staytv.cr\/index.php\/2026\/03\/05\/primera-rescate-de-manati-bebe-en-costa-rica-impulsa-conservacion\/#mainImage"},"datePublished":"2026-03-05T09:05:09-06:00","dateModified":"2026-03-05T09:05:09-06:00"},{"@type":"WebSite","@id":"https:\/\/staytv.cr\/#website","url":"https:\/\/staytv.cr\/","name":"Staytv","description":"Medio de comunicaci\u00f3n digital de Costa Rica.","inLanguage":"es-ES","publisher":{"@id":"https:\/\/staytv.cr\/#organization"}}]},"og:locale":"es_ES","og:site_name":"Staytv - Medio de comunicaci\u00f3n digital de Costa Rica.","og:type":"article","og:title":"Manat\u00ed beb\u00e9 rescatado por primera vez en Costa Rica","og:description":"Manat\u00ed beb\u00e9 en peligro de extinci\u00f3n es rescatado por primera vez en el Caribe de Costa Rica por el Wildlife Rescue Center y el SINAC.","og:url":"https:\/\/staytv.cr\/index.php\/2026\/03\/05\/primera-rescate-de-manati-bebe-en-costa-rica-impulsa-conservacion\/","og:image":"https:\/\/staytv.cr\/wp-content\/uploads\/Sin-titulo-2-47.jpg","og:image:secure_url":"https:\/\/staytv.cr\/wp-content\/uploads\/Sin-titulo-2-47.jpg","og:image:width":1280,"og:image:height":720,"article:published_time":"2026-03-05T15:05:09+00:00","article:modified_time":"2026-03-05T15:05:09+00:00","article:publisher":"https:\/\/www.facebook.com\/staytvcr","twitter:card":"summary_large_image","twitter:title":"Manat\u00ed beb\u00e9 rescatado por primera vez en Costa Rica","twitter:description":"Manat\u00ed beb\u00e9 en peligro de extinci\u00f3n es rescatado por primera vez en el Caribe de Costa Rica por el Wildlife Rescue Center y el SINAC.","twitter:image":"https:\/\/staytv.cr\/wp-content\/uploads\/Sin-titulo-2-47.jpg"},"aioseo_meta_data":{"post_id":"30954","title":"Manat\u00ed beb\u00e9 rescatado por primera vez en Costa Rica","description":"Manat\u00ed beb\u00e9 en peligro de extinci\u00f3n es rescatado por primera vez en el Caribe de Costa Rica por el Wildlife Rescue Center y el SINAC.","keywords":null,"keyphrases":{"focus":{"keyphrase":"manat\u00ed","score":90,"analysis":{"keyphraseInTitle":{"score":9,"maxScore":9,"error":0},"keyphraseInDescription":{"score":9,"maxScore":9,"error":0},"keyphraseLength":{"score":9,"maxScore":9,"error":0,"length":1},"keyphraseInURL":{"score":5,"maxScore":5,"error":0},"keyphraseInIntroduction":{"score":9,"maxScore":9,"error":0},"keyphraseInSubHeadings":{"score":3,"maxScore":9,"error":1},"keyphraseInImageAlt":[],"keywordDensity":{"type":"best","score":9,"maxScore":9,"error":0}}},"additional":[]},"canonical_url":null,"og_title":null,"og_description":null,"og_object_type":"default","og_image_type":"default","og_image_custom_url":null,"og_image_custom_fields":null,"og_custom_image_width":null,"og_custom_image_height":null,"og_video":"","og_custom_url":null,"og_article_section":null,"og_article_tags":null,"twitter_use_og":true,"twitter_card":"default","twitter_image_type":"default","twitter_image_custom_url":null,"twitter_image_custom_fields":null,"twitter_title":null,"twitter_description":null,"schema_type":null,"schema_type_options":null,"pillar_content":false,"robots_default":true,"robots_noindex":false,"robots_noarchive":false,"robots_nosnippet":false,"robots_nofollow":false,"robots_noimageindex":false,"robots_noodp":false,"robots_notranslate":false,"robots_max_snippet":"-1","robots_max_videopreview":"-1","robots_max_imagepreview":"none","tabs":null,"priority":null,"frequency":"default","local_seo":null,"created":"2026-03-05 10:07:22","updated":"2026-03-05 15:05:22"},"aioseo_breadcrumb":"<div class=\"aioseo-breadcrumbs\"><span class=\"aioseo-breadcrumb\">\n\t<a href=\"https:\/\/staytv.cr\" title=\"Home\">Home<\/a>\n<\/span><span class=\"aioseo-breadcrumb-separator\">&raquo;<\/span><span class=\"aioseo-breadcrumb\">\n\t<a href=\"https:\/\/staytv.cr\/index.php\/category\/nacional\/\" title=\"NACIONAL\">NACIONAL<\/a>\n<\/span><span class=\"aioseo-breadcrumb-separator\">&raquo;<\/span><span class=\"aioseo-breadcrumb\">\n\tManat\u00ed beb\u00e9 rescatado por primera vez en el Caribe de Costa Rica en un operativo hist\u00f3rico para la conservaci\u00f3n\n<\/span><\/div>","aioseo_breadcrumb_json":[{"label":"Home","link":"https:\/\/staytv.cr"},{"label":"NACIONAL","link":"https:\/\/staytv.cr\/index.php\/category\/nacional\/"},{"label":"Manat\u00ed beb\u00e9 rescatado por primera vez en el Caribe de Costa Rica en un operativo hist\u00f3rico para la conservaci\u00f3n","link":"https:\/\/staytv.cr\/index.php\/2026\/03\/05\/primera-rescate-de-manati-bebe-en-costa-rica-impulsa-conservacion\/"}],"_links":{"self":[{"href":"https:\/\/staytv.cr\/index.php\/wp-json\/wp\/v2\/posts\/30954","targetHints":{"allow":["GET"]}}],"collection":[{"href":"https:\/\/staytv.cr\/index.php\/wp-json\/wp\/v2\/posts"}],"about":[{"href":"https:\/\/staytv.cr\/index.php\/wp-json\/wp\/v2\/types\/post"}],"author":[{"embeddable":true,"href":"https:\/\/staytv.cr\/index.php\/wp-json\/wp\/v2\/users\/11"}],"replies":[{"embeddable":true,"href":"https:\/\/staytv.cr\/index.php\/wp-json\/wp\/v2\/comments?post=30954"}],"version-history":[{"count":3,"href":"https:\/\/staytv.cr\/index.php\/wp-json\/wp\/v2\/posts\/30954\/revisions"}],"predecessor-version":[{"id":30967,"href":"https:\/\/staytv.cr\/index.php\/wp-json\/wp\/v2\/posts\/30954\/revisions\/30967"}],"wp:featuredmedia":[{"embeddable":true,"href":"https:\/\/staytv.cr\/index.php\/wp-json\/wp\/v2\/media\/30966"}],"wp:attachment":[{"href":"https:\/\/staytv.cr\/index.php\/wp-json\/wp\/v2\/media?parent=30954"}],"wp:term":[{"taxonomy":"category","embeddable":true,"href":"https:\/\/staytv.cr\/index.php\/wp-json\/wp\/v2\/categories?post=30954"},{"taxonomy":"post_tag","embeddable":true,"href":"https:\/\/staytv.cr\/index.php\/wp-json\/wp\/v2\/tags?post=30954"}],"curies":[{"name":"wp","href":"https:\/\/api.w.org\/{rel}","templated":true}]}}