{"id":31040,"date":"2026-03-06T12:03:46","date_gmt":"2026-03-06T18:03:46","guid":{"rendered":"https:\/\/staytv.cr\/?p=31040"},"modified":"2026-03-06T12:03:46","modified_gmt":"2026-03-06T18:03:46","slug":"docentes-en-crisis-una-propone-cuatro-proyectos-educativos","status":"publish","type":"post","link":"https:\/\/staytv.cr\/index.php\/2026\/03\/06\/docentes-en-crisis-una-propone-cuatro-proyectos-educativos\/","title":{"rendered":"D\u00f3lar: el tipo de cambio cae a \u00a2479 y reabre el debate econ\u00f3mico"},"content":{"rendered":"<p><main style=\"max-width: 980px; margin: 0 auto; padding: 24px; font-family: system-ui,-apple-system,Segoe UI,Roboto,Arial,sans-serif; line-height: 1.6; color: #111;\"><\/main>&nbsp;<\/p>\n<p style=\"margin: 0 0 10px 0; font-size: 14px; opacity: .85;\">Econom\u00eda | Mercado cambiario<\/p>\n<h1 style=\"margin: 0 0 12px 0; font-size: 30px; line-height: 1.2;\"><\/h1>\n<p style=\"margin: 0 0 12px 0;\"><strong>d\u00f3lar<\/strong> es la palabra que hoy vuelve a concentrar la atenci\u00f3n en Costa Rica: al 6 de marzo de 2026, el tipo de cambio de referencia para la venta se ubic\u00f3 en \u00a2479,79 por d\u00f3lar, un nivel que no se observaba desde hace m\u00e1s de dos d\u00e9cadas. Este movimiento no ocurre en el vac\u00edo: se da en un entorno de elevada oferta de divisas, un mayor volumen de transacciones y una participaci\u00f3n m\u00e1s activa del Banco Central en el mercado cambiario, factores que tienden a empujar el precio cuando se combinan en periodos cortos.<\/p>\n<p style=\"margin: 0 0 12px 0;\">Que este indicador haya bajado a \u00a2479,79 no solo tiene una lectura hist\u00f3rica por el nivel alcanzado. Tambi\u00e9n env\u00eda se\u00f1ales a hogares y empresas: afecta costos de importaci\u00f3n, pagos de cr\u00e9ditos en moneda extranjera, m\u00e1rgenes de exportadores y expectativas sobre precios. As\u00ed, aunque un col\u00f3n m\u00e1s fuerte puede aliviar presiones sobre algunos productos importados, tambi\u00e9n puede tensionar sectores que reciben ingresos en d\u00f3lares y pagan costos en colones, especialmente si el ajuste es r\u00e1pido y concentrado en pocos d\u00edas.<\/p>\n<section style=\"border: 1px solid #ddd; border-radius: 12px; padding: 14px; background: #fafafa; margin: 14px 0;\">\n<p style=\"margin: 0 0 8px 0;\"><strong>Dato clave<\/strong>: del 1.\u00ba de enero de 2026 al 6 de marzo, el col\u00f3n se apreci\u00f3 \u00a221,6 frente al d\u00f3lar (variaci\u00f3n acumulada de -4,3%). En el mismo lapso de 2025, la baja fue de \u00a24,2 (-0,8%).<\/p>\n<p style=\"margin: 0; font-size: 13px; opacity: .85;\">Fuente: an\u00e1lisis del Observatorio Econ\u00f3mico y Social (OES) de la Escuela de Econom\u00eda de la UNA, con datos del BCCR (seg\u00fan documento aportado por el usuario).<\/p>\n<\/section>\n<div style=\"position: relative; padding-bottom: 56.25%; height: 0; overflow: hidden; border-radius: 12px; margin-bottom: 1.5rem;\"><iframe style=\"position: absolute; top: 0; left: 0; width: 100%; height: 100%; border: 0;\" title=\"Reproductor de video de YouTube - Ca\u00edda d\u00f3lar Costa Rica\" data-src=\"https:\/\/www.youtube.com\/embed\/hpPLQLLDpto\" allowfullscreen=\"allowfullscreen\" src=\"data:image\/svg+xml;base64,PHN2ZyB3aWR0aD0iMSIgaGVpZ2h0PSIxIiB4bWxucz0iaHR0cDovL3d3dy53My5vcmcvMjAwMC9zdmciPjwvc3ZnPg==\" class=\"lazyload\" data-load-mode=\"1\"><br \/>\n<\/iframe><\/div>\n<p class=\"recurso-externo\"><strong>Recurso externo:<\/strong> <a href=\"https:\/\/youtu.be\/hpPLQLLDpto\">Ver video completo en YouTube<\/a><\/p>\n<h2><\/h2>\n<h2 style=\"margin: 26px 0 10px 0; font-size: 22px;\">d\u00f3lar y punto de partida: qu\u00e9 mide el \u201ctipo de cambio de referencia\u201d<\/h2>\n<p style=\"margin: 0 0 12px 0;\">El tipo de cambio de referencia para la venta es calculado diariamente por el Banco Central con base en informaci\u00f3n que reportan las entidades autorizadas que operan en el mercado cambiario. En t\u00e9rminos pr\u00e1cticos, funciona como una \u201cfoto\u201d del precio promedio ponderado de las transacciones, y por eso sirve como indicador de las condiciones efectivas de oferta y demanda de d\u00f3lares en el pa\u00eds. Cuando ese precio cae con fuerza, el mensaje es claro: en el balance del mercado, la oferta est\u00e1 pesando m\u00e1s o la demanda se est\u00e1 reacomodando.<\/p>\n<p style=\"margin: 0 0 12px 0;\">Para la audiencia, la clave no es solo el n\u00famero, sino su impacto. Un d\u00f3lar m\u00e1s bajo tiende a abaratar importaciones y puede moderar algunos componentes de costos. Pero tambi\u00e9n reduce el monto en colones que reciben exportadores, turismo receptivo y empresas con contratos dolarizados. Por eso el debate se vuelve inevitable: \u00bfcu\u00e1nto de esta ca\u00edda es temporal y cu\u00e1nto responde a una din\u00e1mica m\u00e1s estructural del mercado de divisas?<\/p>\n<h2 style=\"margin: 26px 0 10px 0; font-size: 22px;\">d\u00f3lar: gr\u00e1ficos para entender la magnitud del ajuste<\/h2>\n<p><!-- GR\u00c1FICO 1: BARRAS (HTML\/CSS, visible en WordPress) --><\/p>\n<section style=\"border: 1px solid #ddd; border-radius: 12px; padding: 14px; background: #fff; margin: 14px 0;\">\n<h3 style=\"margin: 0 0 10px 0; font-size: 18px;\">Comparaci\u00f3n 2025 vs 2026 (apreciaci\u00f3n del col\u00f3n)<\/h3>\n<p style=\"margin: 0 0 10px 0; font-size: 13px; opacity: .9;\">Apreciaci\u00f3n del col\u00f3n (\u00a2) del 1.\u00ba de enero al 6 de marzo.<\/p>\n<div style=\"display: grid; grid-template-columns: 120px 1fr; gap: 10px; align-items: center; margin: 10px 0;\">\n<div style=\"font-size: 14px;\"><strong>2025<\/strong> (\u00a24,2)<\/div>\n<div style=\"height: 18px; background: #eee; border: 1px solid #ddd; border-radius: 999px; overflow: hidden;\">\n<div style=\"height: 18px; width: 19%; background: #777;\"><\/div>\n<\/div>\n<\/div>\n<div style=\"display: grid; grid-template-columns: 120px 1fr; gap: 10px; align-items: center; margin: 10px 0;\">\n<div style=\"font-size: 14px;\"><strong>2026<\/strong> (\u00a221,6)<\/div>\n<div style=\"height: 18px; background: #eee; border: 1px solid #ddd; border-radius: 999px; overflow: hidden;\">\n<div style=\"height: 18px; width: 100%; background: #444;\"><\/div>\n<\/div>\n<\/div>\n<p style=\"margin: 10px 0 0 0; font-size: 13px; opacity: .85;\">Lectura: la apreciaci\u00f3n acumulada del col\u00f3n en 2026 es varias veces mayor que en 2025 para el mismo periodo.<\/p>\n<\/section>\n<p><!-- GR\u00c1FICO 2: \u201cL\u00cdNEA\u201d CON PUNTOS (HTML\/CSS, visible en WordPress) --><\/p>\n<section style=\"border: 1px solid #ddd; border-radius: 12px; padding: 14px; background: #fff; margin: 14px 0;\">\n<h3 style=\"margin: 0 0 10px 0; font-size: 18px;\">Puntos de referencia del tipo de cambio<\/h3>\n<div style=\"position: relative; padding: 18px 8px 8px 8px;\">\n<div style=\"position: absolute; left: 8px; right: 8px; top: 34px; height: 2px; background: #333; opacity: .25;\"><\/div>\n<div style=\"display: flex; justify-content: space-between; gap: 10px;\">\n<div style=\"text-align: center; flex: 1;\">\n<div style=\"width: 12px; height: 12px; border-radius: 50%; background: #333; margin: 0 auto 8px auto;\"><\/div>\n<div style=\"font-size: 13px;\"><strong>\u00a2698,4<\/strong><\/div>\n<div style=\"font-size: 12px; opacity: .85;\">Jun 2022<\/div>\n<\/div>\n<div style=\"text-align: center; flex: 1;\">\n<div style=\"width: 12px; height: 12px; border-radius: 50%; background: #333; margin: 0 auto 8px auto;\"><\/div>\n<div style=\"font-size: 13px;\"><strong>\u00a2501,42<\/strong><\/div>\n<div style=\"font-size: 12px; opacity: .85;\">1 ene 2026<\/div>\n<\/div>\n<div style=\"text-align: center; flex: 1;\">\n<div style=\"width: 12px; height: 12px; border-radius: 50%; background: #333; margin: 0 auto 8px auto;\"><\/div>\n<div style=\"font-size: 13px;\"><strong>\u00a2479,79<\/strong><\/div>\n<div style=\"font-size: 12px; opacity: .85;\">6 mar 2026<\/div>\n<\/div>\n<\/div>\n<\/div>\n<p style=\"margin: 10px 0 0 0; font-size: 13px; opacity: .85;\">Del m\u00e1ximo reciente (junio 2022) al nivel actual, la reducci\u00f3n acumulada es de \u00a2218 (31,3%).<\/p>\n<\/section>\n<h2 style=\"margin: 26px 0 10px 0; font-size: 22px;\">d\u00f3lar y febrero como \u201cmes bisagra\u201d: la presi\u00f3n se concentr\u00f3<\/h2>\n<p style=\"margin: 0 0 12px 0;\">Un elemento que ayuda a leer la velocidad del ajuste es la distribuci\u00f3n mensual. En 2026, la presi\u00f3n a la baja sobre el tipo de cambio se concentr\u00f3 especialmente en febrero: en ese mes la reducci\u00f3n fue de \u00a225,12, mientras que en enero la ca\u00edda fue de \u00a22,05. En 2025, para esos mismos meses, las disminuciones fueron menores (\u00a22,07 en enero y \u00a22,66 en febrero). Ya en los primeros d\u00edas de marzo de 2026 aparece un cambio de din\u00e1mica, con un aumento de \u00a25,54 en los primeros seis d\u00edas del mes.<\/p>\n<p style=\"margin: 0 0 12px 0;\">Esta concentraci\u00f3n temporal suele importar tanto como el nivel final. Cuando la oferta de d\u00f3lares se acumula en ventanas cortas, el mercado reacciona con movimientos m\u00e1s fuertes, y el efecto se siente en cadenas de decisiones: importadores ajustan precios y calendarios de compra; empresas con deuda dolarizada recalculan cuotas; exportadores y turismo revisan m\u00e1rgenes; y las expectativas del p\u00fablico cambian m\u00e1s r\u00e1pido de lo habitual.<\/p>\n<h2 style=\"margin: 26px 0 10px 0; font-size: 22px;\">d\u00f3lar: lo que muestra la \u201cventanilla\u201d y por qu\u00e9 el total no cuenta toda la historia<\/h2>\n<p style=\"margin: 0 0 12px 0;\">El an\u00e1lisis revisa las operaciones de contado en ventanilla realizadas por intermediarios cambiarios con el p\u00fablico no financiero. A nivel agregado, el saldo neto superavitario entre el 1.\u00ba de enero y el 4 de marzo se mantiene parecido entre 2025 y 2026, pero con una diferencia relevante: en 2026 se observan episodios puntuales de oferta extraordinaria, particularmente concentrados en febrero. Ese \u201cc\u00f3mo\u201d y ese \u201ccu\u00e1ndo\u201d pueden empujar el precio m\u00e1s que un aumento grande en el total del periodo.<\/p>\n<table style=\"width: 100%; border-collapse: collapse; margin: 10px 0;\">\n<thead>\n<tr>\n<th style=\"border: 1px solid #ddd; background: #f2f2f2; padding: 8px; text-align: left;\">A\u00f1o<\/th>\n<th style=\"border: 1px solid #ddd; background: #f2f2f2; padding: 8px; text-align: left;\">Compras (US$ millones)<\/th>\n<th style=\"border: 1px solid #ddd; background: #f2f2f2; padding: 8px; text-align: left;\">Ventas (US$ millones)<\/th>\n<th style=\"border: 1px solid #ddd; background: #f2f2f2; padding: 8px; text-align: left;\">Super\u00e1vit (US$ millones)<\/th>\n<\/tr>\n<\/thead>\n<tbody>\n<tr>\n<td style=\"border: 1px solid #ddd; padding: 8px;\">2025<\/td>\n<td style=\"border: 1px solid #ddd; padding: 8px;\">5.965,7<\/td>\n<td style=\"border: 1px solid #ddd; padding: 8px;\">4.920,6<\/td>\n<td style=\"border: 1px solid #ddd; padding: 8px;\">1.045,1<\/td>\n<\/tr>\n<tr>\n<td style=\"border: 1px solid #ddd; padding: 8px;\">2026<\/td>\n<td style=\"border: 1px solid #ddd; padding: 8px;\">6.549,3<\/td>\n<td style=\"border: 1px solid #ddd; padding: 8px;\">5.470,0<\/td>\n<td style=\"border: 1px solid #ddd; padding: 8px;\">1.079,4<\/td>\n<\/tr>\n<\/tbody>\n<\/table>\n<p style=\"margin: 0 0 12px 0;\">Aunque el super\u00e1vit agregado sube poco entre a\u00f1os, el documento destaca super\u00e1vits diarios extraordinarios en febrero que concentraron una porci\u00f3n significativa del saldo del mes. En t\u00e9rminos simples: no necesariamente cambi\u00f3 de forma dr\u00e1stica el \u201csaldo total\u201d del periodo, pero s\u00ed hubo d\u00edas con mucha oferta que empujaron el precio hacia abajo con m\u00e1s fuerza. Cuando esos picos coinciden con baja demanda relativa, el tipo de cambio puede moverse con rapidez.<\/p>\n<h3 style=\"margin: 18px 0 10px 0; font-size: 18px;\">d\u00f3lar y MONEX: volumen negociado e intervenci\u00f3n<\/h3>\n<p style=\"margin: 0 0 12px 0;\">Otro componente es el comportamiento en MONEX, el mercado de divisas en el que se negocian d\u00f3lares bajo supervisi\u00f3n del Banco Central. Entre el 1.\u00ba de enero y el 5 de marzo, el col\u00f3n tambi\u00e9n se apreci\u00f3 en ambos a\u00f1os, pero con magnitudes distintas: en 2025 la reducci\u00f3n del tipo de cambio promedio ponderado fue de \u00a24,7, mientras que en 2026 fue de \u00a218,7. Adem\u00e1s, el volumen negociado aument\u00f3 en 2026 frente a 2025, un indicio de mayor actividad en el mercado. En este escenario, la lectura para el p\u00fablico es clara: m\u00e1s transacciones y m\u00e1s oferta tienden a presionar el precio, aunque la pregunta de fondo es si esa presi\u00f3n se mantiene o si responde a una ventana espec\u00edfica del calendario.<\/p>\n<h2 style=\"margin: 26px 0 10px 0; font-size: 22px;\">d\u00f3lar: implicaciones para hogares, empresas y pol\u00edtica econ\u00f3mica<\/h2>\n<p style=\"margin: 0 0 12px 0;\">En el corto plazo, un d\u00f3lar m\u00e1s barato puede sentirse como alivio en importaciones y algunos costos asociados a bienes y servicios transables. Para consumidores, esto puede reflejarse en menores presiones en ciertos productos importados o en insumos que entran en cadenas de precios. Pero el impacto no es uniforme. Para exportadores y actividades que cobran en d\u00f3lares, la apreciaci\u00f3n del col\u00f3n reduce ingresos relativos en moneda local, lo que presiona m\u00e1rgenes y obliga a ajustes, desde renegociaci\u00f3n de contratos hasta decisiones de inversi\u00f3n.<\/p>\n<p style=\"margin: 0 0 12px 0;\">En cr\u00e9ditos, el efecto depende del lado del balance: deudores en d\u00f3lares con ingresos en colones suelen ver una reducci\u00f3n del monto en colones de su cuota cuando el tipo de cambio baja; quienes reciben remesas o ingresos dolarizados, en cambio, pueden sentir que \u201crinde menos\u201d al convertirlos. Para la pol\u00edtica econ\u00f3mica, el punto sensible es administrar estabilidad: el mercado interpreta no solo el nivel del tipo de cambio, sino la consistencia de la participaci\u00f3n del Banco Central, el ritmo de la oferta y la se\u00f1al que env\u00edan los vol\u00famenes transados.<\/p>\n<section style=\"border-top: 1px solid #e6e6e6; margin-top: 18px; padding-top: 14px;\">\n<p style=\"margin: 0 0 8px 0; font-size: 13px; opacity: .9;\"><strong>Claves r\u00e1pidas<\/strong><\/p>\n<ul style=\"margin: 0; padding-left: 18px;\">\n<li style=\"margin: 0 0 6px 0;\">El tipo de cambio de referencia lleg\u00f3 a \u00a2479,79 por d\u00f3lar.<\/li>\n<li style=\"margin: 0 0 6px 0;\">La apreciaci\u00f3n acumulada del col\u00f3n en 2026 supera ampliamente la de 2025 para el mismo periodo.<\/li>\n<li style=\"margin: 0 0 6px 0;\">Febrero concentr\u00f3 la mayor parte de la presi\u00f3n a la baja.<\/li>\n<li style=\"margin: 0;\">Los picos de oferta diaria y el mayor volumen negociado ayudan a explicar la magnitud del ajuste.<\/li>\n<\/ul>\n<\/section>\n<p>Con informaci\u00f3n para STAY TV: <a href=\"https:\/\/www.staytv.com\">STAY TV<\/a><\/p>\n<p>&nbsp;<\/p>\n","protected":false},"excerpt":{"rendered":"<p>&nbsp; Econom\u00eda | Mercado cambiario d\u00f3lar es la palabra que hoy vuelve a concentrar la atenci\u00f3n en Costa Rica: al 6 de marzo de 2026, el tipo de cambio de referencia para la venta se ubic\u00f3 en \u00a2479,79 por d\u00f3lar, un nivel que no se observaba desde hace m\u00e1s de dos d\u00e9cadas. Este movimiento no [&hellip;]<\/p>\n","protected":false},"author":10,"featured_media":31041,"comment_status":"open","ping_status":"open","sticky":false,"template":"","format":"standard","meta":{"episode_type":"","audio_file":"","podmotor_file_id":"","podmotor_episode_id":"","cover_image":"","cover_image_id":"","duration":"","filesize":"","filesize_raw":"","date_recorded":"","explicit":"","block":"","itunes_episode_number":"","itunes_title":"","itunes_season_number":"","itunes_episode_type":"","footnotes":""},"categories":[54],"tags":[2706,5813,5061,5817,5812,5810,5811,5815,1537,5814,5816,282],"class_list":{"0":"post-31040","1":"post","2":"type-post","3":"status-publish","4":"format-standard","5":"has-post-thumbnail","7":"category-economics","8":"tag-2706","9":"tag-bienestar-laboral","10":"tag-cide","11":"tag-colypro","12":"tag-conocimiento-docente","13":"tag-docentes","14":"tag-educacion-costarricense","15":"tag-escuelas-por-la-paz","16":"tag-heredia","17":"tag-matematica","18":"tag-rutas-vocacionales","19":"tag-una"},"aioseo_notices":[],"aioseo_head":"\n\t\t<!-- All in One SEO Pro 4.8.3.2 - aioseo.com -->\n\t<meta name=\"description\" content=\"docentes con bajo conocimiento profesional y alto desgaste: UNA lanza cuatro proyectos estrat\u00e9gicos en educaci\u00f3n para 2026 basados en encuesta a 398 maestros.\" \/>\n\t<meta name=\"robots\" content=\"max-image-preview:large\" \/>\n\t<meta name=\"author\" content=\"Diego Molina\"\/>\n\t<link rel=\"canonical\" href=\"https:\/\/staytv.cr\/index.php\/2026\/03\/06\/docentes-en-crisis-una-propone-cuatro-proyectos-educativos\/\" \/>\n\t<meta name=\"generator\" content=\"All in One SEO Pro (AIOSEO) 4.8.3.2\" \/>\n\t\t<meta property=\"og:locale\" content=\"es_ES\" \/>\n\t\t<meta property=\"og:site_name\" content=\"Staytv - Medio de comunicaci\u00f3n digital de Costa Rica.\" \/>\n\t\t<meta property=\"og:type\" content=\"article\" \/>\n\t\t<meta property=\"og:title\" content=\"Docentes en crisis: UNA propone cuatro proyectos educativos\" \/>\n\t\t<meta property=\"og:description\" content=\"docentes con bajo conocimiento profesional y alto desgaste: UNA lanza cuatro proyectos estrat\u00e9gicos en educaci\u00f3n para 2026 basados en encuesta a 398 maestros.\" \/>\n\t\t<meta property=\"og:url\" content=\"https:\/\/staytv.cr\/index.php\/2026\/03\/06\/docentes-en-crisis-una-propone-cuatro-proyectos-educativos\/\" \/>\n\t\t<meta property=\"og:image\" content=\"https:\/\/staytv.cr\/wp-content\/uploads\/6-5.jpg\" \/>\n\t\t<meta property=\"og:image:secure_url\" content=\"https:\/\/staytv.cr\/wp-content\/uploads\/6-5.jpg\" \/>\n\t\t<meta property=\"og:image:width\" content=\"1280\" \/>\n\t\t<meta property=\"og:image:height\" content=\"720\" \/>\n\t\t<meta property=\"article:published_time\" content=\"2026-03-06T18:03:46+00:00\" \/>\n\t\t<meta property=\"article:modified_time\" content=\"2026-03-06T18:03:46+00:00\" \/>\n\t\t<meta property=\"article:publisher\" content=\"https:\/\/www.facebook.com\/staytvcr\" \/>\n\t\t<meta name=\"twitter:card\" content=\"summary_large_image\" \/>\n\t\t<meta name=\"twitter:title\" content=\"Docentes en crisis: UNA propone cuatro proyectos educativos\" \/>\n\t\t<meta name=\"twitter:description\" content=\"docentes con bajo conocimiento profesional y alto desgaste: UNA lanza cuatro proyectos estrat\u00e9gicos en educaci\u00f3n para 2026 basados en encuesta a 398 maestros.\" \/>\n\t\t<meta name=\"twitter:image\" content=\"https:\/\/staytv.cr\/wp-content\/uploads\/6-5.jpg\" \/>\n\t\t<script type=\"application\/ld+json\" class=\"aioseo-schema\">\n\t\t\t{\"@context\":\"https:\\\/\\\/schema.org\",\"@graph\":[{\"@type\":\"BreadcrumbList\",\"@id\":\"https:\\\/\\\/staytv.cr\\\/index.php\\\/2026\\\/03\\\/06\\\/docentes-en-crisis-una-propone-cuatro-proyectos-educativos\\\/#breadcrumblist\",\"itemListElement\":[{\"@type\":\"ListItem\",\"@id\":\"https:\\\/\\\/staytv.cr#listItem\",\"position\":1,\"name\":\"Home\",\"item\":\"https:\\\/\\\/staytv.cr\",\"nextItem\":{\"@type\":\"ListItem\",\"@id\":\"https:\\\/\\\/staytv.cr\\\/index.php\\\/category\\\/economics\\\/#listItem\",\"name\":\"ECONOM\\u00cdA\"}},{\"@type\":\"ListItem\",\"@id\":\"https:\\\/\\\/staytv.cr\\\/index.php\\\/category\\\/economics\\\/#listItem\",\"position\":2,\"name\":\"ECONOM\\u00cdA\",\"item\":\"https:\\\/\\\/staytv.cr\\\/index.php\\\/category\\\/economics\\\/\",\"nextItem\":{\"@type\":\"ListItem\",\"@id\":\"https:\\\/\\\/staytv.cr\\\/index.php\\\/2026\\\/03\\\/06\\\/docentes-en-crisis-una-propone-cuatro-proyectos-educativos\\\/#listItem\",\"name\":\"D\\u00f3lar: el tipo de cambio cae a \\u00a2479 y reabre el debate econ\\u00f3mico\"},\"previousItem\":{\"@type\":\"ListItem\",\"@id\":\"https:\\\/\\\/staytv.cr#listItem\",\"name\":\"Home\"}},{\"@type\":\"ListItem\",\"@id\":\"https:\\\/\\\/staytv.cr\\\/index.php\\\/2026\\\/03\\\/06\\\/docentes-en-crisis-una-propone-cuatro-proyectos-educativos\\\/#listItem\",\"position\":3,\"name\":\"D\\u00f3lar: el tipo de cambio cae a \\u00a2479 y reabre el debate econ\\u00f3mico\",\"previousItem\":{\"@type\":\"ListItem\",\"@id\":\"https:\\\/\\\/staytv.cr\\\/index.php\\\/category\\\/economics\\\/#listItem\",\"name\":\"ECONOM\\u00cdA\"}}]},{\"@type\":\"Organization\",\"@id\":\"https:\\\/\\\/staytv.cr\\\/#organization\",\"name\":\"Stay TV\",\"description\":\"Stay TV es un medio digital de noticias con base en Centroam\\u00e9rica, con cobertura local e internacional desde una mirada asi\\u00e1tica.\",\"url\":\"https:\\\/\\\/staytv.cr\\\/\",\"logo\":{\"@type\":\"ImageObject\",\"url\":\"https:\\\/\\\/staytv.cr\\\/wp-content\\\/uploads\\\/cropped-StayTV_logo_oficial_simple.png\",\"@id\":\"https:\\\/\\\/staytv.cr\\\/index.php\\\/2026\\\/03\\\/06\\\/docentes-en-crisis-una-propone-cuatro-proyectos-educativos\\\/#organizationLogo\",\"width\":2560,\"height\":769},\"image\":{\"@id\":\"https:\\\/\\\/staytv.cr\\\/index.php\\\/2026\\\/03\\\/06\\\/docentes-en-crisis-una-propone-cuatro-proyectos-educativos\\\/#organizationLogo\"},\"sameAs\":[\"https:\\\/\\\/www.instagram.com\\\/staytvcr\\\/\"]},{\"@type\":\"Person\",\"@id\":\"https:\\\/\\\/staytv.cr\\\/index.php\\\/author\\\/diegostaytv\\\/#author\",\"url\":\"https:\\\/\\\/staytv.cr\\\/index.php\\\/author\\\/diegostaytv\\\/\",\"name\":\"Diego Molina\",\"image\":{\"@type\":\"ImageObject\",\"url\":\"https:\\\/\\\/secure.gravatar.com\\\/avatar\\\/7d23cb63381aa64750c7e76727c208369ebd6f2565e9dc4c62e323b1ea59af41?s=96&d=mm&r=g\"}},{\"@type\":\"WebPage\",\"@id\":\"https:\\\/\\\/staytv.cr\\\/index.php\\\/2026\\\/03\\\/06\\\/docentes-en-crisis-una-propone-cuatro-proyectos-educativos\\\/#webpage\",\"url\":\"https:\\\/\\\/staytv.cr\\\/index.php\\\/2026\\\/03\\\/06\\\/docentes-en-crisis-una-propone-cuatro-proyectos-educativos\\\/\",\"name\":\"Docentes en crisis: UNA propone cuatro proyectos educativos\",\"description\":\"docentes con bajo conocimiento profesional y alto desgaste: UNA lanza cuatro proyectos estrat\\u00e9gicos en educaci\\u00f3n para 2026 basados en encuesta a 398 maestros.\",\"inLanguage\":\"es-ES\",\"isPartOf\":{\"@id\":\"https:\\\/\\\/staytv.cr\\\/#website\"},\"breadcrumb\":{\"@id\":\"https:\\\/\\\/staytv.cr\\\/index.php\\\/2026\\\/03\\\/06\\\/docentes-en-crisis-una-propone-cuatro-proyectos-educativos\\\/#breadcrumblist\"},\"author\":{\"@id\":\"https:\\\/\\\/staytv.cr\\\/index.php\\\/author\\\/diegostaytv\\\/#author\"},\"creator\":{\"@id\":\"https:\\\/\\\/staytv.cr\\\/index.php\\\/author\\\/diegostaytv\\\/#author\"},\"image\":{\"@type\":\"ImageObject\",\"url\":\"https:\\\/\\\/staytv.cr\\\/wp-content\\\/uploads\\\/6-5.jpg\",\"@id\":\"https:\\\/\\\/staytv.cr\\\/index.php\\\/2026\\\/03\\\/06\\\/docentes-en-crisis-una-propone-cuatro-proyectos-educativos\\\/#mainImage\",\"width\":1280,\"height\":720,\"caption\":\"Docentes en crisis: UNA propone cuatro proyectos educativos para 2026\"},\"primaryImageOfPage\":{\"@id\":\"https:\\\/\\\/staytv.cr\\\/index.php\\\/2026\\\/03\\\/06\\\/docentes-en-crisis-una-propone-cuatro-proyectos-educativos\\\/#mainImage\"},\"datePublished\":\"2026-03-06T12:03:46-06:00\",\"dateModified\":\"2026-03-06T12:03:46-06:00\"},{\"@type\":\"WebSite\",\"@id\":\"https:\\\/\\\/staytv.cr\\\/#website\",\"url\":\"https:\\\/\\\/staytv.cr\\\/\",\"name\":\"Staytv\",\"description\":\"Medio de comunicaci\\u00f3n digital de Costa Rica.\",\"inLanguage\":\"es-ES\",\"publisher\":{\"@id\":\"https:\\\/\\\/staytv.cr\\\/#organization\"}}]}\n\t\t<\/script>\n\t\t<!-- All in One SEO Pro -->\r\n\t\t<title>Docentes en crisis: UNA propone cuatro proyectos educativos<\/title>\n\n","aioseo_head_json":{"title":"Docentes en crisis: UNA propone cuatro proyectos educativos","description":"docentes con bajo conocimiento profesional y alto desgaste: UNA lanza cuatro proyectos estrat\u00e9gicos en educaci\u00f3n para 2026 basados en encuesta a 398 maestros.","canonical_url":"https:\/\/staytv.cr\/index.php\/2026\/03\/06\/docentes-en-crisis-una-propone-cuatro-proyectos-educativos\/","robots":"max-image-preview:large","keywords":"","webmasterTools":{"miscellaneous":""},"schema":{"@context":"https:\/\/schema.org","@graph":[{"@type":"BreadcrumbList","@id":"https:\/\/staytv.cr\/index.php\/2026\/03\/06\/docentes-en-crisis-una-propone-cuatro-proyectos-educativos\/#breadcrumblist","itemListElement":[{"@type":"ListItem","@id":"https:\/\/staytv.cr#listItem","position":1,"name":"Home","item":"https:\/\/staytv.cr","nextItem":{"@type":"ListItem","@id":"https:\/\/staytv.cr\/index.php\/category\/economics\/#listItem","name":"ECONOM\u00cdA"}},{"@type":"ListItem","@id":"https:\/\/staytv.cr\/index.php\/category\/economics\/#listItem","position":2,"name":"ECONOM\u00cdA","item":"https:\/\/staytv.cr\/index.php\/category\/economics\/","nextItem":{"@type":"ListItem","@id":"https:\/\/staytv.cr\/index.php\/2026\/03\/06\/docentes-en-crisis-una-propone-cuatro-proyectos-educativos\/#listItem","name":"D\u00f3lar: el tipo de cambio cae a \u00a2479 y reabre el debate econ\u00f3mico"},"previousItem":{"@type":"ListItem","@id":"https:\/\/staytv.cr#listItem","name":"Home"}},{"@type":"ListItem","@id":"https:\/\/staytv.cr\/index.php\/2026\/03\/06\/docentes-en-crisis-una-propone-cuatro-proyectos-educativos\/#listItem","position":3,"name":"D\u00f3lar: el tipo de cambio cae a \u00a2479 y reabre el debate econ\u00f3mico","previousItem":{"@type":"ListItem","@id":"https:\/\/staytv.cr\/index.php\/category\/economics\/#listItem","name":"ECONOM\u00cdA"}}]},{"@type":"Organization","@id":"https:\/\/staytv.cr\/#organization","name":"Stay TV","description":"Stay TV es un medio digital de noticias con base en Centroam\u00e9rica, con cobertura local e internacional desde una mirada asi\u00e1tica.","url":"https:\/\/staytv.cr\/","logo":{"@type":"ImageObject","url":"https:\/\/staytv.cr\/wp-content\/uploads\/cropped-StayTV_logo_oficial_simple.png","@id":"https:\/\/staytv.cr\/index.php\/2026\/03\/06\/docentes-en-crisis-una-propone-cuatro-proyectos-educativos\/#organizationLogo","width":2560,"height":769},"image":{"@id":"https:\/\/staytv.cr\/index.php\/2026\/03\/06\/docentes-en-crisis-una-propone-cuatro-proyectos-educativos\/#organizationLogo"},"sameAs":["https:\/\/www.instagram.com\/staytvcr\/"]},{"@type":"Person","@id":"https:\/\/staytv.cr\/index.php\/author\/diegostaytv\/#author","url":"https:\/\/staytv.cr\/index.php\/author\/diegostaytv\/","name":"Diego Molina","image":{"@type":"ImageObject","url":"https:\/\/secure.gravatar.com\/avatar\/7d23cb63381aa64750c7e76727c208369ebd6f2565e9dc4c62e323b1ea59af41?s=96&d=mm&r=g"}},{"@type":"WebPage","@id":"https:\/\/staytv.cr\/index.php\/2026\/03\/06\/docentes-en-crisis-una-propone-cuatro-proyectos-educativos\/#webpage","url":"https:\/\/staytv.cr\/index.php\/2026\/03\/06\/docentes-en-crisis-una-propone-cuatro-proyectos-educativos\/","name":"Docentes en crisis: UNA propone cuatro proyectos educativos","description":"docentes con bajo conocimiento profesional y alto desgaste: UNA lanza cuatro proyectos estrat\u00e9gicos en educaci\u00f3n para 2026 basados en encuesta a 398 maestros.","inLanguage":"es-ES","isPartOf":{"@id":"https:\/\/staytv.cr\/#website"},"breadcrumb":{"@id":"https:\/\/staytv.cr\/index.php\/2026\/03\/06\/docentes-en-crisis-una-propone-cuatro-proyectos-educativos\/#breadcrumblist"},"author":{"@id":"https:\/\/staytv.cr\/index.php\/author\/diegostaytv\/#author"},"creator":{"@id":"https:\/\/staytv.cr\/index.php\/author\/diegostaytv\/#author"},"image":{"@type":"ImageObject","url":"https:\/\/staytv.cr\/wp-content\/uploads\/6-5.jpg","@id":"https:\/\/staytv.cr\/index.php\/2026\/03\/06\/docentes-en-crisis-una-propone-cuatro-proyectos-educativos\/#mainImage","width":1280,"height":720,"caption":"Docentes en crisis: UNA propone cuatro proyectos educativos para 2026"},"primaryImageOfPage":{"@id":"https:\/\/staytv.cr\/index.php\/2026\/03\/06\/docentes-en-crisis-una-propone-cuatro-proyectos-educativos\/#mainImage"},"datePublished":"2026-03-06T12:03:46-06:00","dateModified":"2026-03-06T12:03:46-06:00"},{"@type":"WebSite","@id":"https:\/\/staytv.cr\/#website","url":"https:\/\/staytv.cr\/","name":"Staytv","description":"Medio de comunicaci\u00f3n digital de Costa Rica.","inLanguage":"es-ES","publisher":{"@id":"https:\/\/staytv.cr\/#organization"}}]},"og:locale":"es_ES","og:site_name":"Staytv - Medio de comunicaci\u00f3n digital de Costa Rica.","og:type":"article","og:title":"Docentes en crisis: UNA propone cuatro proyectos educativos","og:description":"docentes con bajo conocimiento profesional y alto desgaste: UNA lanza cuatro proyectos estrat\u00e9gicos en educaci\u00f3n para 2026 basados en encuesta a 398 maestros.","og:url":"https:\/\/staytv.cr\/index.php\/2026\/03\/06\/docentes-en-crisis-una-propone-cuatro-proyectos-educativos\/","og:image":"https:\/\/staytv.cr\/wp-content\/uploads\/6-5.jpg","og:image:secure_url":"https:\/\/staytv.cr\/wp-content\/uploads\/6-5.jpg","og:image:width":1280,"og:image:height":720,"article:published_time":"2026-03-06T18:03:46+00:00","article:modified_time":"2026-03-06T18:03:46+00:00","article:publisher":"https:\/\/www.facebook.com\/staytvcr","twitter:card":"summary_large_image","twitter:title":"Docentes en crisis: UNA propone cuatro proyectos educativos","twitter:description":"docentes con bajo conocimiento profesional y alto desgaste: UNA lanza cuatro proyectos estrat\u00e9gicos en educaci\u00f3n para 2026 basados en encuesta a 398 maestros.","twitter:image":"https:\/\/staytv.cr\/wp-content\/uploads\/6-5.jpg"},"aioseo_meta_data":{"post_id":"31040","title":"Docentes en crisis: UNA propone cuatro proyectos educativos","description":"docentes con bajo conocimiento profesional y alto desgaste: UNA lanza cuatro proyectos estrat\u00e9gicos en educaci\u00f3n para 2026 basados en encuesta a 398 maestros.","keywords":null,"keyphrases":{"focus":{"keyphrase":"docentes","score":58,"analysis":{"keyphraseInTitle":{"score":9,"maxScore":9,"error":0},"keyphraseInDescription":{"score":9,"maxScore":9,"error":0},"keyphraseLength":{"score":9,"maxScore":9,"error":0,"length":1},"keyphraseInURL":{"score":1,"maxScore":5,"error":1},"keyphraseInIntroduction":{"score":3,"maxScore":9,"error":1},"keyphraseInSubHeadings":{"score":3,"maxScore":9,"error":1},"keyphraseInImageAlt":[],"keywordDensity":{"score":0,"type":"low","maxScore":9,"error":1}}},"additional":[]},"canonical_url":null,"og_title":null,"og_description":null,"og_object_type":"default","og_image_type":"default","og_image_custom_url":null,"og_image_custom_fields":null,"og_custom_image_width":null,"og_custom_image_height":null,"og_video":"","og_custom_url":null,"og_article_section":null,"og_article_tags":null,"twitter_use_og":true,"twitter_card":"default","twitter_image_type":"default","twitter_image_custom_url":null,"twitter_image_custom_fields":null,"twitter_title":null,"twitter_description":null,"schema_type":null,"schema_type_options":null,"pillar_content":false,"robots_default":true,"robots_noindex":false,"robots_noarchive":false,"robots_nosnippet":false,"robots_nofollow":false,"robots_noimageindex":false,"robots_noodp":false,"robots_notranslate":false,"robots_max_snippet":"-1","robots_max_videopreview":"-1","robots_max_imagepreview":"none","tabs":null,"priority":null,"frequency":"default","local_seo":null,"created":"2026-03-06 17:51:03","updated":"2026-03-06 18:03:46"},"aioseo_breadcrumb":"<div class=\"aioseo-breadcrumbs\"><span class=\"aioseo-breadcrumb\">\n\t<a href=\"https:\/\/staytv.cr\" title=\"Home\">Home<\/a>\n<\/span><span class=\"aioseo-breadcrumb-separator\">&raquo;<\/span><span class=\"aioseo-breadcrumb\">\n\t<a href=\"https:\/\/staytv.cr\/index.php\/category\/economics\/\" title=\"ECONOM\u00cdA\">ECONOM\u00cdA<\/a>\n<\/span><span class=\"aioseo-breadcrumb-separator\">&raquo;<\/span><span class=\"aioseo-breadcrumb\">\n\tD\u00f3lar: el tipo de cambio cae a \u00a2479 y reabre el debate econ\u00f3mico\n<\/span><\/div>","aioseo_breadcrumb_json":[{"label":"Home","link":"https:\/\/staytv.cr"},{"label":"ECONOM\u00cdA","link":"https:\/\/staytv.cr\/index.php\/category\/economics\/"},{"label":"D\u00f3lar: el tipo de cambio cae a \u00a2479 y reabre el debate econ\u00f3mico","link":"https:\/\/staytv.cr\/index.php\/2026\/03\/06\/docentes-en-crisis-una-propone-cuatro-proyectos-educativos\/"}],"_links":{"self":[{"href":"https:\/\/staytv.cr\/index.php\/wp-json\/wp\/v2\/posts\/31040","targetHints":{"allow":["GET"]}}],"collection":[{"href":"https:\/\/staytv.cr\/index.php\/wp-json\/wp\/v2\/posts"}],"about":[{"href":"https:\/\/staytv.cr\/index.php\/wp-json\/wp\/v2\/types\/post"}],"author":[{"embeddable":true,"href":"https:\/\/staytv.cr\/index.php\/wp-json\/wp\/v2\/users\/10"}],"replies":[{"embeddable":true,"href":"https:\/\/staytv.cr\/index.php\/wp-json\/wp\/v2\/comments?post=31040"}],"version-history":[{"count":1,"href":"https:\/\/staytv.cr\/index.php\/wp-json\/wp\/v2\/posts\/31040\/revisions"}],"predecessor-version":[{"id":31042,"href":"https:\/\/staytv.cr\/index.php\/wp-json\/wp\/v2\/posts\/31040\/revisions\/31042"}],"wp:featuredmedia":[{"embeddable":true,"href":"https:\/\/staytv.cr\/index.php\/wp-json\/wp\/v2\/media\/31041"}],"wp:attachment":[{"href":"https:\/\/staytv.cr\/index.php\/wp-json\/wp\/v2\/media?parent=31040"}],"wp:term":[{"taxonomy":"category","embeddable":true,"href":"https:\/\/staytv.cr\/index.php\/wp-json\/wp\/v2\/categories?post=31040"},{"taxonomy":"post_tag","embeddable":true,"href":"https:\/\/staytv.cr\/index.php\/wp-json\/wp\/v2\/tags?post=31040"}],"curies":[{"name":"wp","href":"https:\/\/api.w.org\/{rel}","templated":true}]}}