{"id":31063,"date":"2026-03-07T09:00:42","date_gmt":"2026-03-07T15:00:42","guid":{"rendered":"https:\/\/staytv.cr\/?p=31063"},"modified":"2026-03-06T19:22:24","modified_gmt":"2026-03-07T01:22:24","slug":"segundo-caso-de-sarampion-es-confirmado","status":"publish","type":"post","link":"https:\/\/staytv.cr\/index.php\/2026\/03\/07\/segundo-caso-de-sarampion-es-confirmado\/","title":{"rendered":"Segundo caso de sarampi\u00f3n es confirmado"},"content":{"rendered":"<p>&nbsp;<\/p>\n<h1>Sarampi\u00f3n en Costa Rica: Ministerio de Salud confirma segundo caso en menos de un mes<\/h1>\n<p>El <strong>sarampi\u00f3n<\/strong> vuelve a encender las alertas sanitarias en Costa Rica. El <strong>viernes 6 de marzo de 2026<\/strong>, el <strong>Ministerio de Salud<\/strong> confirm\u00f3 un nuevo caso de esta enfermedad viral altamente contagiosa, diagnosticado por el <strong>Centro Nacional de Referencia Virol\u00f3gica del Inciensa<\/strong>. Se trata de una persona de sexo femenino, <strong>menor de edad<\/strong>, que se encuentra <strong>estable y en aislamiento<\/strong>. Las autoridades sanitarias activaron de inmediato los protocolos epidemiol\u00f3gicos correspondientes, en coordinaci\u00f3n con la <strong>Caja Costarricense de Seguro Social (CCSS)<\/strong>. Para seguir esta y otras noticias de salud p\u00fablica, visite la secci\u00f3n de <a href=\"https:\/\/staytv.cr\/index.php\/category\/nacional\/\">noticias nacionales en STAY TV<\/a>.<\/p>\n<p>Este segundo caso ocurre apenas semanas despu\u00e9s del primero, registrado el <strong>14 de febrero de 2026<\/strong> en el cant\u00f3n de <strong>P\u00e9rez Zeled\u00f3n<\/strong>, tambi\u00e9n catalogado como un caso importado y diagnosticado igualmente por el Inciensa. En ese momento, el Ministerio de Salud activ\u00f3 protocolos de contenci\u00f3n y emiti\u00f3 una alerta preventiva ante el repunte regional de la enfermedad. La confirmaci\u00f3n de un segundo caso en tan corto plazo subraya la importancia de mantener coberturas de vacunaci\u00f3n altas y una vigilancia epidemiol\u00f3gica activa.<\/p>\n<div style=\"position: relative; padding-bottom: 56.25%; height: 0; overflow: hidden; border-radius: 12px; margin-bottom: 1.5rem;\"><iframe style=\"position: absolute; top: 0; left: 0; width: 100%; height: 100%; border: 0;\" title=\"Reproductor de video de YouTube - Caso sarampi\u00f3n Costa Rica\" data-src=\"https:\/\/www.youtube.com\/embed\/Z6j4Ab9Qh9U\" allowfullscreen=\"allowfullscreen\" src=\"data:image\/svg+xml;base64,PHN2ZyB3aWR0aD0iMSIgaGVpZ2h0PSIxIiB4bWxucz0iaHR0cDovL3d3dy53My5vcmcvMjAwMC9zdmciPjwvc3ZnPg==\" class=\"lazyload\" data-load-mode=\"1\"><br \/>\n<\/iframe><\/div>\n<p class=\"recurso-externo\"><strong>Recurso externo:<\/strong> <a href=\"https:\/\/youtu.be\/Z6j4Ab9Qh9U\">Ver video completo en YouTube<\/a><\/p>\n<p>&nbsp;<\/p>\n<h2>Las investigaciones epidemiol\u00f3gicas est\u00e1n en curso<\/h2>\n<p>Seg\u00fan el comunicado oficial del <strong>Ministerio de Salud<\/strong>, un equipo t\u00e9cnico interinstitucional conformado por funcionarios del Ministerio y de la <strong>CCSS<\/strong> ya est\u00e1 trabajando en el an\u00e1lisis del caso. En este momento se encuentran en estudio los <strong>posibles factores del contagio<\/strong>, incluyendo el origen, la cadena de transmisi\u00f3n y los contactos de la menor. Las autoridades indicaron que, <em>\u00abuna vez que finalicen las investigaciones, se brindar\u00e1 mayor informaci\u00f3n\u00bb<\/em>, seg\u00fan el comunicado oficial.<\/p>\n<p>La rapidez con que se activaron los equipos interinstitucionales refleja la preparaci\u00f3n del sistema de salud costarricense para responder a este tipo de alertas. Sin embargo, la aparici\u00f3n de un segundo caso en menos de tres semanas plantea la necesidad de revisar las coberturas de vacunaci\u00f3n en comunidades espec\u00edficas y reforzar la vigilancia en los principales puntos de entrada al pa\u00eds.<\/p>\n<h3>\u00bfQu\u00e9 es el sarampi\u00f3n y por qu\u00e9 es tan contagioso?<\/h3>\n<p>El <strong>sarampi\u00f3n<\/strong> es una enfermedad viral que figura entre las m\u00e1s contagiosas que existen. Seg\u00fan el comunicado oficial del <strong>Ministerio de Salud<\/strong>, suele iniciar con <strong>fiebre, tos, secreci\u00f3n nasal y ojos enrojecidos<\/strong>. Posteriormente aparece un <strong>brote en la piel<\/strong> que comienza en la cara y se extiende progresivamente al resto del cuerpo. Una persona infectada puede transmitir el virus desde <strong>cuatro d\u00edas antes<\/strong> hasta <strong>cuatro d\u00edas despu\u00e9s<\/strong> de la aparici\u00f3n del brote cut\u00e1neo, lo que significa que una persona puede contagiar a otros sin saber a\u00fan que est\u00e1 enferma.<\/p>\n<p>La transmisi\u00f3n ocurre por v\u00eda a\u00e9rea: basta con que una persona infectada <strong>tosa, estornude o hable<\/strong> en un espacio cerrado para que el virus se disperse. Por esa raz\u00f3n, los lugares de mayor riesgo son los <strong>aeropuertos, aviones, transporte p\u00fablico y sitios tur\u00edsticos<\/strong>, ambientes donde el flujo de personas provenientes de distintas regiones del mundo es constante. En un pa\u00eds con el nivel de tr\u00e1fico internacional de Costa Rica, ese factor de riesgo es especialmente relevante.<\/p>\n<h2>El contexto regional: Costa Rica no est\u00e1 sola ante esta amenaza<\/h2>\n<p>El reporte del <strong>Ministerio de Salud<\/strong> se produce en un contexto regional adverso. Seg\u00fan una alerta preventiva emitida a mediados de febrero de 2026 y recogida por <strong>Infobae<\/strong>, Costa Rica no registra casos <em>end\u00e9micos<\/em> de sarampi\u00f3n, pero en las semanas previas al segundo caso ya se hab\u00edan contabilizado <strong>al menos 15 casos importados<\/strong> en el pa\u00eds. Este dato es importante: los casos no surgen de transmisi\u00f3n local sostenida, sino que llegan desde territorios donde la enfermedad circula con mayor intensidad, producto de coberturas de vacunaci\u00f3n insuficientes a nivel regional.<\/p>\n<p>Am\u00e9rica Latina ha experimentado en los \u00faltimos a\u00f1os un debilitamiento de las coberturas de vacunaci\u00f3n infantil como consecuencia de la pandemia de COVID-19, conflictos sociales y la desinformaci\u00f3n sobre las vacunas. Ese entorno es el caldo de cultivo perfecto para el resurgimiento de enfermedades como el sarampi\u00f3n, que la regi\u00f3n hab\u00eda logrado eliminar como enfermedad end\u00e9mica hace d\u00e9cadas.<\/p>\n<h2>Campa\u00f1a de vacunaci\u00f3n activada: 30.000 dosis disponibles sin necesidad de cita<\/h2>\n<p>Ante este escenario, el <strong>Ministerio de Salud<\/strong> y la <strong>CCSS<\/strong> tomaron medidas preventivas que precedieron incluso a la confirmaci\u00f3n del segundo caso. Seg\u00fan report\u00f3 <strong>Repretel<\/strong> y confirm\u00f3 <strong>Swiss Info<\/strong>, las autoridades lanzaron una <strong>campa\u00f1a de vacunaci\u00f3n contra el sarampi\u00f3n<\/strong> con la disponibilidad de <strong>30.000 dosis<\/strong> que pueden aplicarse en los diferentes centros de salud del pa\u00eds <strong>sin necesidad de agendar cita previa<\/strong>. La vacuna forma parte del <strong>esquema b\u00e1sico de vacunaci\u00f3n<\/strong> de Costa Rica y es la herramienta m\u00e1s eficaz para prevenir el contagio y evitar la propagaci\u00f3n comunitaria.<\/p>\n<p>Las autoridades han insistido en que la vacunaci\u00f3n es la \u00fanica medida que puede garantizar la inmunidad de grupo. Una cobertura por encima del 95% en la poblaci\u00f3n es necesaria para frenar la circulaci\u00f3n del virus. Ante cualquier duda sobre el estado de vacunaci\u00f3n propio o de los menores a cargo, lo recomendable es acudir al centro de salud m\u00e1s cercano para verificar y, si es necesario, actualizar el esquema de inmunizaci\u00f3n.<\/p>\n<h3>\u00bfQu\u00e9 debe hacer la poblaci\u00f3n?<\/h3>\n<p>Las <strong>recomendaciones del Ministerio de Salud<\/strong> para la poblaci\u00f3n son claras: verificar que el esquema de vacunaci\u00f3n est\u00e9 completo, especialmente en ni\u00f1os, ni\u00f1as y personas que viajen al extranjero o frecuenten lugares con alta afluencia de turistas. Ante la aparici\u00f3n de s\u00edntomas compatibles con el sarampi\u00f3n \u2014fiebre, tos, ojos rojos y brote en la piel\u2014, se debe <strong>consultar de inmediato con un m\u00e9dico y evitar el contacto con otras personas<\/strong> para no propagar el virus. El aislamiento oportuno, como en el caso de la menor confirmada este viernes, es una de las medidas m\u00e1s efectivas para cortar la cadena de transmisi\u00f3n.<\/p>\n<p>Las investigaciones en curso determinar\u00e1n si este segundo caso tiene relaci\u00f3n con el primero registrado en febrero o si se trata de una cadena independiente. Esa informaci\u00f3n es cr\u00edtica para definir las acciones de contenci\u00f3n que seguir\u00e1n implementando el Ministerio de Salud y la CCSS en las pr\u00f3ximas semanas. La ciudadan\u00eda puede seguir las actualizaciones oficiales a trav\u00e9s del sitio web del <strong>Ministerio de Salud<\/strong> y los canales institucionales de la <strong>CCSS<\/strong>.<\/p>\n<p>Para m\u00e1s informaci\u00f3n sobre salud p\u00fablica y noticias nacionales, siga la cobertura en <a href=\"https:\/\/staytv.cr\/index.php\/category\/nacional\/\">STAY TV Nacional<\/a>.<\/p>\n<p>Con informaci\u00f3n para STAY TV: <a href=\"https:\/\/staytv.cr\">STAY TV<\/a><\/p>\n<p>&nbsp;<\/p>\n","protected":false},"excerpt":{"rendered":"<p>&nbsp; Sarampi\u00f3n en Costa Rica: Ministerio de Salud confirma segundo caso en menos de un mes El sarampi\u00f3n vuelve a encender las alertas sanitarias en Costa Rica. El viernes 6 de marzo de 2026, el Ministerio de Salud confirm\u00f3 un nuevo caso de esta enfermedad viral altamente contagiosa, diagnosticado por el Centro Nacional de Referencia [&hellip;]<\/p>\n","protected":false},"author":10,"featured_media":31064,"comment_status":"open","ping_status":"open","sticky":false,"template":"","format":"standard","meta":{"episode_type":"","audio_file":"","podmotor_file_id":"","podmotor_episode_id":"","cover_image":"","cover_image_id":"","duration":"","filesize":"","filesize_raw":"","date_recorded":"","explicit":"","block":"","itunes_episode_number":"","itunes_title":"","itunes_season_number":"","itunes_episode_type":"","footnotes":""},"categories":[13],"tags":[5850,5851,136,70,5223,2939,1134,464,5095,2888],"class_list":{"0":"post-31063","1":"post","2":"type-post","3":"status-publish","4":"format-standard","5":"has-post-thumbnail","7":"category-nacional","8":"tag-brote-viral","9":"tag-caso-importado","10":"tag-ccss","11":"tag-costa-rica","12":"tag-epidemiologia","13":"tag-inciensa","14":"tag-ministerio-de-salud","15":"tag-salud-publica","16":"tag-sarampion","17":"tag-vacunacion"},"aioseo_notices":[],"aioseo_head":"\n\t\t<!-- All in One SEO Pro 4.8.3.2 - aioseo.com -->\n\t<meta name=\"description\" content=\"Sarampi\u00f3n vuelve a encender alertas: Ministerio de Salud confirma segundo caso en Costa Rica, una menor de edad estable y en aislamiento.\" \/>\n\t<meta name=\"robots\" content=\"max-image-preview:large\" \/>\n\t<meta name=\"author\" content=\"Diego Molina\"\/>\n\t<link rel=\"canonical\" href=\"https:\/\/staytv.cr\/index.php\/2026\/03\/07\/segundo-caso-de-sarampion-es-confirmado\/\" \/>\n\t<meta name=\"generator\" content=\"All in One SEO Pro (AIOSEO) 4.8.3.2\" \/>\n\t\t<meta property=\"og:locale\" content=\"es_ES\" \/>\n\t\t<meta property=\"og:site_name\" content=\"Staytv - Medio de comunicaci\u00f3n digital de Costa Rica.\" \/>\n\t\t<meta property=\"og:type\" content=\"article\" \/>\n\t\t<meta property=\"og:title\" content=\"Sarampi\u00f3n: Salud confirma segundo caso en Costa Rica\" \/>\n\t\t<meta property=\"og:description\" content=\"Sarampi\u00f3n vuelve a encender alertas: Ministerio de Salud confirma segundo caso en Costa Rica, una menor de edad estable y en aislamiento.\" \/>\n\t\t<meta property=\"og:url\" content=\"https:\/\/staytv.cr\/index.php\/2026\/03\/07\/segundo-caso-de-sarampion-es-confirmado\/\" \/>\n\t\t<meta property=\"og:image\" content=\"https:\/\/staytv.cr\/wp-content\/uploads\/2-8.jpg\" \/>\n\t\t<meta property=\"og:image:secure_url\" content=\"https:\/\/staytv.cr\/wp-content\/uploads\/2-8.jpg\" \/>\n\t\t<meta property=\"og:image:width\" content=\"1280\" \/>\n\t\t<meta property=\"og:image:height\" content=\"720\" \/>\n\t\t<meta property=\"article:published_time\" content=\"2026-03-07T15:00:42+00:00\" \/>\n\t\t<meta property=\"article:modified_time\" content=\"2026-03-07T01:22:24+00:00\" \/>\n\t\t<meta property=\"article:publisher\" content=\"https:\/\/www.facebook.com\/staytvcr\" \/>\n\t\t<meta name=\"twitter:card\" content=\"summary_large_image\" \/>\n\t\t<meta name=\"twitter:title\" content=\"Sarampi\u00f3n: Salud confirma segundo caso en Costa Rica\" \/>\n\t\t<meta name=\"twitter:description\" content=\"Sarampi\u00f3n vuelve a encender alertas: Ministerio de Salud confirma segundo caso en Costa Rica, una menor de edad estable y en aislamiento.\" \/>\n\t\t<meta name=\"twitter:image\" content=\"https:\/\/staytv.cr\/wp-content\/uploads\/2-8.jpg\" \/>\n\t\t<script type=\"application\/ld+json\" class=\"aioseo-schema\">\n\t\t\t{\"@context\":\"https:\\\/\\\/schema.org\",\"@graph\":[{\"@type\":\"BreadcrumbList\",\"@id\":\"https:\\\/\\\/staytv.cr\\\/index.php\\\/2026\\\/03\\\/07\\\/segundo-caso-de-sarampion-es-confirmado\\\/#breadcrumblist\",\"itemListElement\":[{\"@type\":\"ListItem\",\"@id\":\"https:\\\/\\\/staytv.cr#listItem\",\"position\":1,\"name\":\"Home\",\"item\":\"https:\\\/\\\/staytv.cr\",\"nextItem\":{\"@type\":\"ListItem\",\"@id\":\"https:\\\/\\\/staytv.cr\\\/index.php\\\/category\\\/nacional\\\/#listItem\",\"name\":\"NACIONAL\"}},{\"@type\":\"ListItem\",\"@id\":\"https:\\\/\\\/staytv.cr\\\/index.php\\\/category\\\/nacional\\\/#listItem\",\"position\":2,\"name\":\"NACIONAL\",\"item\":\"https:\\\/\\\/staytv.cr\\\/index.php\\\/category\\\/nacional\\\/\",\"nextItem\":{\"@type\":\"ListItem\",\"@id\":\"https:\\\/\\\/staytv.cr\\\/index.php\\\/2026\\\/03\\\/07\\\/segundo-caso-de-sarampion-es-confirmado\\\/#listItem\",\"name\":\"Segundo caso de sarampi\\u00f3n es confirmado\"},\"previousItem\":{\"@type\":\"ListItem\",\"@id\":\"https:\\\/\\\/staytv.cr#listItem\",\"name\":\"Home\"}},{\"@type\":\"ListItem\",\"@id\":\"https:\\\/\\\/staytv.cr\\\/index.php\\\/2026\\\/03\\\/07\\\/segundo-caso-de-sarampion-es-confirmado\\\/#listItem\",\"position\":3,\"name\":\"Segundo caso de sarampi\\u00f3n es confirmado\",\"previousItem\":{\"@type\":\"ListItem\",\"@id\":\"https:\\\/\\\/staytv.cr\\\/index.php\\\/category\\\/nacional\\\/#listItem\",\"name\":\"NACIONAL\"}}]},{\"@type\":\"Organization\",\"@id\":\"https:\\\/\\\/staytv.cr\\\/#organization\",\"name\":\"Stay TV\",\"description\":\"Stay TV es un medio digital de noticias con base en Centroam\\u00e9rica, con cobertura local e internacional desde una mirada asi\\u00e1tica.\",\"url\":\"https:\\\/\\\/staytv.cr\\\/\",\"logo\":{\"@type\":\"ImageObject\",\"url\":\"https:\\\/\\\/staytv.cr\\\/wp-content\\\/uploads\\\/cropped-StayTV_logo_oficial_simple.png\",\"@id\":\"https:\\\/\\\/staytv.cr\\\/index.php\\\/2026\\\/03\\\/07\\\/segundo-caso-de-sarampion-es-confirmado\\\/#organizationLogo\",\"width\":2560,\"height\":769},\"image\":{\"@id\":\"https:\\\/\\\/staytv.cr\\\/index.php\\\/2026\\\/03\\\/07\\\/segundo-caso-de-sarampion-es-confirmado\\\/#organizationLogo\"},\"sameAs\":[\"https:\\\/\\\/www.instagram.com\\\/staytvcr\\\/\"]},{\"@type\":\"Person\",\"@id\":\"https:\\\/\\\/staytv.cr\\\/index.php\\\/author\\\/diegostaytv\\\/#author\",\"url\":\"https:\\\/\\\/staytv.cr\\\/index.php\\\/author\\\/diegostaytv\\\/\",\"name\":\"Diego Molina\",\"image\":{\"@type\":\"ImageObject\",\"url\":\"https:\\\/\\\/secure.gravatar.com\\\/avatar\\\/7d23cb63381aa64750c7e76727c208369ebd6f2565e9dc4c62e323b1ea59af41?s=96&d=mm&r=g\"}},{\"@type\":\"WebPage\",\"@id\":\"https:\\\/\\\/staytv.cr\\\/index.php\\\/2026\\\/03\\\/07\\\/segundo-caso-de-sarampion-es-confirmado\\\/#webpage\",\"url\":\"https:\\\/\\\/staytv.cr\\\/index.php\\\/2026\\\/03\\\/07\\\/segundo-caso-de-sarampion-es-confirmado\\\/\",\"name\":\"Sarampi\\u00f3n: Salud confirma segundo caso en Costa Rica\",\"description\":\"Sarampi\\u00f3n vuelve a encender alertas: Ministerio de Salud confirma segundo caso en Costa Rica, una menor de edad estable y en aislamiento.\",\"inLanguage\":\"es-ES\",\"isPartOf\":{\"@id\":\"https:\\\/\\\/staytv.cr\\\/#website\"},\"breadcrumb\":{\"@id\":\"https:\\\/\\\/staytv.cr\\\/index.php\\\/2026\\\/03\\\/07\\\/segundo-caso-de-sarampion-es-confirmado\\\/#breadcrumblist\"},\"author\":{\"@id\":\"https:\\\/\\\/staytv.cr\\\/index.php\\\/author\\\/diegostaytv\\\/#author\"},\"creator\":{\"@id\":\"https:\\\/\\\/staytv.cr\\\/index.php\\\/author\\\/diegostaytv\\\/#author\"},\"image\":{\"@type\":\"ImageObject\",\"url\":\"https:\\\/\\\/staytv.cr\\\/wp-content\\\/uploads\\\/2-8.jpg\",\"@id\":\"https:\\\/\\\/staytv.cr\\\/index.php\\\/2026\\\/03\\\/07\\\/segundo-caso-de-sarampion-es-confirmado\\\/#mainImage\",\"width\":1280,\"height\":720,\"caption\":\"Sarampi\\u00f3n: Salud confirma segundo caso en Costa Rica en marzo 2026\"},\"primaryImageOfPage\":{\"@id\":\"https:\\\/\\\/staytv.cr\\\/index.php\\\/2026\\\/03\\\/07\\\/segundo-caso-de-sarampion-es-confirmado\\\/#mainImage\"},\"datePublished\":\"2026-03-07T09:00:42-06:00\",\"dateModified\":\"2026-03-06T19:22:24-06:00\"},{\"@type\":\"WebSite\",\"@id\":\"https:\\\/\\\/staytv.cr\\\/#website\",\"url\":\"https:\\\/\\\/staytv.cr\\\/\",\"name\":\"Staytv\",\"description\":\"Medio de comunicaci\\u00f3n digital de Costa Rica.\",\"inLanguage\":\"es-ES\",\"publisher\":{\"@id\":\"https:\\\/\\\/staytv.cr\\\/#organization\"}}]}\n\t\t<\/script>\n\t\t<!-- All in One SEO Pro -->\r\n\t\t<title>Sarampi\u00f3n: Salud confirma segundo caso en Costa Rica<\/title>\n\n","aioseo_head_json":{"title":"Sarampi\u00f3n: Salud confirma segundo caso en Costa Rica","description":"Sarampi\u00f3n vuelve a encender alertas: Ministerio de Salud confirma segundo caso en Costa Rica, una menor de edad estable y en aislamiento.","canonical_url":"https:\/\/staytv.cr\/index.php\/2026\/03\/07\/segundo-caso-de-sarampion-es-confirmado\/","robots":"max-image-preview:large","keywords":"","webmasterTools":{"miscellaneous":""},"schema":{"@context":"https:\/\/schema.org","@graph":[{"@type":"BreadcrumbList","@id":"https:\/\/staytv.cr\/index.php\/2026\/03\/07\/segundo-caso-de-sarampion-es-confirmado\/#breadcrumblist","itemListElement":[{"@type":"ListItem","@id":"https:\/\/staytv.cr#listItem","position":1,"name":"Home","item":"https:\/\/staytv.cr","nextItem":{"@type":"ListItem","@id":"https:\/\/staytv.cr\/index.php\/category\/nacional\/#listItem","name":"NACIONAL"}},{"@type":"ListItem","@id":"https:\/\/staytv.cr\/index.php\/category\/nacional\/#listItem","position":2,"name":"NACIONAL","item":"https:\/\/staytv.cr\/index.php\/category\/nacional\/","nextItem":{"@type":"ListItem","@id":"https:\/\/staytv.cr\/index.php\/2026\/03\/07\/segundo-caso-de-sarampion-es-confirmado\/#listItem","name":"Segundo caso de sarampi\u00f3n es confirmado"},"previousItem":{"@type":"ListItem","@id":"https:\/\/staytv.cr#listItem","name":"Home"}},{"@type":"ListItem","@id":"https:\/\/staytv.cr\/index.php\/2026\/03\/07\/segundo-caso-de-sarampion-es-confirmado\/#listItem","position":3,"name":"Segundo caso de sarampi\u00f3n es confirmado","previousItem":{"@type":"ListItem","@id":"https:\/\/staytv.cr\/index.php\/category\/nacional\/#listItem","name":"NACIONAL"}}]},{"@type":"Organization","@id":"https:\/\/staytv.cr\/#organization","name":"Stay TV","description":"Stay TV es un medio digital de noticias con base en Centroam\u00e9rica, con cobertura local e internacional desde una mirada asi\u00e1tica.","url":"https:\/\/staytv.cr\/","logo":{"@type":"ImageObject","url":"https:\/\/staytv.cr\/wp-content\/uploads\/cropped-StayTV_logo_oficial_simple.png","@id":"https:\/\/staytv.cr\/index.php\/2026\/03\/07\/segundo-caso-de-sarampion-es-confirmado\/#organizationLogo","width":2560,"height":769},"image":{"@id":"https:\/\/staytv.cr\/index.php\/2026\/03\/07\/segundo-caso-de-sarampion-es-confirmado\/#organizationLogo"},"sameAs":["https:\/\/www.instagram.com\/staytvcr\/"]},{"@type":"Person","@id":"https:\/\/staytv.cr\/index.php\/author\/diegostaytv\/#author","url":"https:\/\/staytv.cr\/index.php\/author\/diegostaytv\/","name":"Diego Molina","image":{"@type":"ImageObject","url":"https:\/\/secure.gravatar.com\/avatar\/7d23cb63381aa64750c7e76727c208369ebd6f2565e9dc4c62e323b1ea59af41?s=96&d=mm&r=g"}},{"@type":"WebPage","@id":"https:\/\/staytv.cr\/index.php\/2026\/03\/07\/segundo-caso-de-sarampion-es-confirmado\/#webpage","url":"https:\/\/staytv.cr\/index.php\/2026\/03\/07\/segundo-caso-de-sarampion-es-confirmado\/","name":"Sarampi\u00f3n: Salud confirma segundo caso en Costa Rica","description":"Sarampi\u00f3n vuelve a encender alertas: Ministerio de Salud confirma segundo caso en Costa Rica, una menor de edad estable y en aislamiento.","inLanguage":"es-ES","isPartOf":{"@id":"https:\/\/staytv.cr\/#website"},"breadcrumb":{"@id":"https:\/\/staytv.cr\/index.php\/2026\/03\/07\/segundo-caso-de-sarampion-es-confirmado\/#breadcrumblist"},"author":{"@id":"https:\/\/staytv.cr\/index.php\/author\/diegostaytv\/#author"},"creator":{"@id":"https:\/\/staytv.cr\/index.php\/author\/diegostaytv\/#author"},"image":{"@type":"ImageObject","url":"https:\/\/staytv.cr\/wp-content\/uploads\/2-8.jpg","@id":"https:\/\/staytv.cr\/index.php\/2026\/03\/07\/segundo-caso-de-sarampion-es-confirmado\/#mainImage","width":1280,"height":720,"caption":"Sarampi\u00f3n: Salud confirma segundo caso en Costa Rica en marzo 2026"},"primaryImageOfPage":{"@id":"https:\/\/staytv.cr\/index.php\/2026\/03\/07\/segundo-caso-de-sarampion-es-confirmado\/#mainImage"},"datePublished":"2026-03-07T09:00:42-06:00","dateModified":"2026-03-06T19:22:24-06:00"},{"@type":"WebSite","@id":"https:\/\/staytv.cr\/#website","url":"https:\/\/staytv.cr\/","name":"Staytv","description":"Medio de comunicaci\u00f3n digital de Costa Rica.","inLanguage":"es-ES","publisher":{"@id":"https:\/\/staytv.cr\/#organization"}}]},"og:locale":"es_ES","og:site_name":"Staytv - Medio de comunicaci\u00f3n digital de Costa Rica.","og:type":"article","og:title":"Sarampi\u00f3n: Salud confirma segundo caso en Costa Rica","og:description":"Sarampi\u00f3n vuelve a encender alertas: Ministerio de Salud confirma segundo caso en Costa Rica, una menor de edad estable y en aislamiento.","og:url":"https:\/\/staytv.cr\/index.php\/2026\/03\/07\/segundo-caso-de-sarampion-es-confirmado\/","og:image":"https:\/\/staytv.cr\/wp-content\/uploads\/2-8.jpg","og:image:secure_url":"https:\/\/staytv.cr\/wp-content\/uploads\/2-8.jpg","og:image:width":1280,"og:image:height":720,"article:published_time":"2026-03-07T15:00:42+00:00","article:modified_time":"2026-03-07T01:22:24+00:00","article:publisher":"https:\/\/www.facebook.com\/staytvcr","twitter:card":"summary_large_image","twitter:title":"Sarampi\u00f3n: Salud confirma segundo caso en Costa Rica","twitter:description":"Sarampi\u00f3n vuelve a encender alertas: Ministerio de Salud confirma segundo caso en Costa Rica, una menor de edad estable y en aislamiento.","twitter:image":"https:\/\/staytv.cr\/wp-content\/uploads\/2-8.jpg"},"aioseo_meta_data":{"post_id":"31063","title":"Sarampi\u00f3n: Salud confirma segundo caso en Costa Rica","description":"Sarampi\u00f3n vuelve a encender alertas: Ministerio de Salud confirma segundo caso en Costa Rica, una menor de edad estable y en aislamiento.","keywords":null,"keyphrases":{"focus":{"keyphrase":"sarampi\u00f3n","score":80,"analysis":{"keyphraseInTitle":{"score":9,"maxScore":9,"error":0},"keyphraseInDescription":{"score":9,"maxScore":9,"error":0},"keyphraseLength":{"score":9,"maxScore":9,"error":0,"length":2},"keyphraseInURL":{"score":5,"maxScore":5,"error":0},"keyphraseInIntroduction":{"score":3,"maxScore":9,"error":1},"keyphraseInSubHeadings":{"score":3,"maxScore":9,"error":1},"keyphraseInImageAlt":[],"keywordDensity":{"type":"best","score":9,"maxScore":9,"error":0}}},"additional":[]},"canonical_url":null,"og_title":null,"og_description":null,"og_object_type":"default","og_image_type":"default","og_image_custom_url":null,"og_image_custom_fields":null,"og_custom_image_width":null,"og_custom_image_height":null,"og_video":"","og_custom_url":null,"og_article_section":null,"og_article_tags":null,"twitter_use_og":true,"twitter_card":"default","twitter_image_type":"default","twitter_image_custom_url":null,"twitter_image_custom_fields":null,"twitter_title":null,"twitter_description":null,"schema_type":null,"schema_type_options":null,"pillar_content":false,"robots_default":true,"robots_noindex":false,"robots_noarchive":false,"robots_nosnippet":false,"robots_nofollow":false,"robots_noimageindex":false,"robots_noodp":false,"robots_notranslate":false,"robots_max_snippet":"-1","robots_max_videopreview":"-1","robots_max_imagepreview":"none","tabs":null,"priority":null,"frequency":"default","local_seo":null,"created":"2026-03-07 01:16:18","updated":"2026-03-07 15:01:19"},"aioseo_breadcrumb":"<div class=\"aioseo-breadcrumbs\"><span class=\"aioseo-breadcrumb\">\n\t<a href=\"https:\/\/staytv.cr\" title=\"Home\">Home<\/a>\n<\/span><span class=\"aioseo-breadcrumb-separator\">&raquo;<\/span><span class=\"aioseo-breadcrumb\">\n\t<a href=\"https:\/\/staytv.cr\/index.php\/category\/nacional\/\" title=\"NACIONAL\">NACIONAL<\/a>\n<\/span><span class=\"aioseo-breadcrumb-separator\">&raquo;<\/span><span class=\"aioseo-breadcrumb\">\n\tSegundo caso de sarampi\u00f3n es confirmado\n<\/span><\/div>","aioseo_breadcrumb_json":[{"label":"Home","link":"https:\/\/staytv.cr"},{"label":"NACIONAL","link":"https:\/\/staytv.cr\/index.php\/category\/nacional\/"},{"label":"Segundo caso de sarampi\u00f3n es confirmado","link":"https:\/\/staytv.cr\/index.php\/2026\/03\/07\/segundo-caso-de-sarampion-es-confirmado\/"}],"_links":{"self":[{"href":"https:\/\/staytv.cr\/index.php\/wp-json\/wp\/v2\/posts\/31063","targetHints":{"allow":["GET"]}}],"collection":[{"href":"https:\/\/staytv.cr\/index.php\/wp-json\/wp\/v2\/posts"}],"about":[{"href":"https:\/\/staytv.cr\/index.php\/wp-json\/wp\/v2\/types\/post"}],"author":[{"embeddable":true,"href":"https:\/\/staytv.cr\/index.php\/wp-json\/wp\/v2\/users\/10"}],"replies":[{"embeddable":true,"href":"https:\/\/staytv.cr\/index.php\/wp-json\/wp\/v2\/comments?post=31063"}],"version-history":[{"count":1,"href":"https:\/\/staytv.cr\/index.php\/wp-json\/wp\/v2\/posts\/31063\/revisions"}],"predecessor-version":[{"id":31065,"href":"https:\/\/staytv.cr\/index.php\/wp-json\/wp\/v2\/posts\/31063\/revisions\/31065"}],"wp:featuredmedia":[{"embeddable":true,"href":"https:\/\/staytv.cr\/index.php\/wp-json\/wp\/v2\/media\/31064"}],"wp:attachment":[{"href":"https:\/\/staytv.cr\/index.php\/wp-json\/wp\/v2\/media?parent=31063"}],"wp:term":[{"taxonomy":"category","embeddable":true,"href":"https:\/\/staytv.cr\/index.php\/wp-json\/wp\/v2\/categories?post=31063"},{"taxonomy":"post_tag","embeddable":true,"href":"https:\/\/staytv.cr\/index.php\/wp-json\/wp\/v2\/tags?post=31063"}],"curies":[{"name":"wp","href":"https:\/\/api.w.org\/{rel}","templated":true}]}}