{"id":31120,"date":"2026-03-09T12:58:48","date_gmt":"2026-03-09T18:58:48","guid":{"rendered":"https:\/\/staytv.cr\/?p=31120"},"modified":"2026-03-09T12:58:48","modified_gmt":"2026-03-09T18:58:48","slug":"sarampion-en-moravia-suspenden-clases-en-liceo-por-2do-caso","status":"publish","type":"post","link":"https:\/\/staytv.cr\/index.php\/2026\/03\/09\/sarampion-en-moravia-suspenden-clases-en-liceo-por-2do-caso\/","title":{"rendered":"Salud suspende clases en el Liceo y activa investigaci\u00f3n epidemiol\u00f3gica"},"content":{"rendered":"<p>&nbsp;<\/p>\n<h1>Alerta en Moravia: Ministerio de Salud suspende clases en el Liceo y activa investigaci\u00f3n epidemiol\u00f3gica por segundo caso de sarampi\u00f3n<\/h1>\n<p>El <strong>sarampi\u00f3n<\/strong> puso en alerta a la comunidad educativa de <strong>Moravia<\/strong> este <strong>lunes 9 de marzo de 2026<\/strong>. El <strong>Ministerio de Salud<\/strong> confirm\u00f3 un segundo caso de la enfermedad en Costa Rica \u2014correspondiente a una <strong>mujer adulta estable<\/strong>, cuyo diagn\u00f3stico fue verificado por el <strong>Centro Nacional de Referencia Virol\u00f3gica del INCIENSA<\/strong>\u2014 y solicit\u00f3 de forma preventiva al <strong>Ministerio de Educaci\u00f3n P\u00fablica (MEP)<\/strong> la <strong>suspensi\u00f3n temporal de lecciones en el Liceo de Moravia<\/strong> durante este lunes, as\u00ed como la suspensi\u00f3n de actividades vinculadas a un programa del <strong>Ministerio de Cultura y Juventud<\/strong>, de acuerdo con el comunicado oficial de la instituci\u00f3n. La medida fue confirmada por <strong>Teletica<\/strong>, <strong>La Teja<\/strong> y <strong>Central NCR<\/strong>. Costa Rica no registra casos <strong>end\u00e9micos<\/strong> de sarampi\u00f3n desde <strong>1999<\/strong>, seg\u00fan consign\u00f3 <strong>Teletica<\/strong>, lo que subraya la excepcionalidad del escenario actual. Para seguir esta y otras noticias de salud p\u00fablica, visite la secci\u00f3n de <a href=\"https:\/\/staytv.cr\/index.php\/category\/nacional\/\">noticias nacionales en STAY TV<\/a>.<\/p>\n<p>Este segundo caso se suma al primero confirmado el <strong>viernes 6 de marzo<\/strong>, correspondiente a una <strong>menor de edad<\/strong> que tambi\u00e9n se encuentra estable y en aislamiento. La aparici\u00f3n de dos casos en tan corto plazo \u2014ambos diagnosticados por el <strong>INCIENSA<\/strong> y atendidos por equipos interinstitucionales del Ministerio de Salud y la <strong>CCSS<\/strong>\u2014 activ\u00f3 los protocolos de contenci\u00f3n epidemiol\u00f3gica que incluyen la identificaci\u00f3n de contactos, la verificaci\u00f3n de esquemas de vacunaci\u00f3n y la realizaci\u00f3n de an\u00e1lisis cl\u00ednicos en la comunidad afectada.<\/p>\n<p><!-- CAJA DE VIDEO + DOFOLLOW (RESPONSIVE) --><\/p>\n<div style=\"margin: 20px 0; width: 100%;\">\n<p><!-- CONTENEDOR VIDEO 16:9 --><\/p>\n<div style=\"position: relative; width: 100%; padding-bottom: 56.25%; height: 0; overflow: hidden; border-radius: 12px;\"><iframe style=\"position: absolute; top: 0; left: 0; width: 100%; height: 100%; border: 0;\" data-src=\"https:\/\/www.youtube.com\/embed\/jn7Jg9pZfzE\" allowfullscreen=\"allowfullscreen\" src=\"data:image\/svg+xml;base64,PHN2ZyB3aWR0aD0iMSIgaGVpZ2h0PSIxIiB4bWxucz0iaHR0cDovL3d3dy53My5vcmcvMjAwMC9zdmciPjwvc3ZnPg==\" class=\"lazyload\" data-load-mode=\"1\"><br \/>\n<\/iframe><\/div>\n<p><!-- ENLACE DOFOLLOW (SIN ATRIBUTOS REL) --><\/p>\n<p style=\"margin-top: 12px; font-size: 15px;\"><strong>Recurso externo:<\/strong><br \/>\n<a href=\"https:\/\/youtu.be\/jn7Jg9pZfzE\">Ver video completo en YouTube<\/a><\/p>\n<\/div>\n<p>&nbsp;<\/p>\n<h2>La suspensi\u00f3n en el Liceo de Moravia: prevenci\u00f3n mientras avanza la investigaci\u00f3n<\/h2>\n<p>La decisi\u00f3n de suspender clases en el <strong>Liceo de Moravia<\/strong> no responde a un brote confirmado dentro del centro educativo, sino a una medida preventiva que busca darle espacio a los equipos t\u00e9cnicos del <strong>Ministerio de Salud<\/strong> y la <strong>CCSS<\/strong> para completar la identificaci\u00f3n de contactos y los an\u00e1lisis de laboratorio necesarios relacionados con el segundo caso, de acuerdo con el comunicado oficial. El prop\u00f3sito declarado es <em>\u00abproteger la salud de la comunidad educativa y de la poblaci\u00f3n en general\u00bb<\/em>, seg\u00fan la misma fuente.<\/p>\n<p>La rapidez con que se tom\u00f3 esta decisi\u00f3n refleja el protocolo establecido para situaciones de riesgo de transmisi\u00f3n en entornos de alta concentraci\u00f3n de personas. Un colegio, con decenas o cientos de estudiantes interactuando en espacios cerrados, es exactamente el tipo de ambiente donde el <strong>sarampi\u00f3n<\/strong> \u2014una de las enfermedades m\u00e1s contagiosas que existen\u2014 puede propagarse con mayor velocidad. Actuar antes de que esa propagaci\u00f3n ocurra es la l\u00f3gica que gu\u00eda la medida, seg\u00fan el Ministerio de Salud.<\/p>\n<h3>La investigaci\u00f3n epidemiol\u00f3gica: identificaci\u00f3n de contactos y cadena de transmisi\u00f3n<\/h3>\n<p>El n\u00facleo del trabajo que las autoridades sanitarias est\u00e1n ejecutando en este momento es la <strong>investigaci\u00f3n epidemiol\u00f3gica<\/strong> destinada a establecer la cadena de transmisi\u00f3n entre los dos casos confirmados, determinar su origen y mapear los contactos de ambas personas durante el per\u00edodo de contagiosidad. El <strong>sarampi\u00f3n<\/strong> puede transmitirse desde <strong>cuatro d\u00edas antes<\/strong> hasta <strong>cuatro d\u00edas despu\u00e9s<\/strong> de la aparici\u00f3n del brote cut\u00e1neo, lo que implica que cada caso puede haber estado en contacto con un n\u00famero significativo de personas antes de que los s\u00edntomas fueran evidentes.<\/p>\n<p>Los equipos del <strong>Ministerio de Salud<\/strong> y la <strong>CCSS<\/strong> trabajan de forma interinstitucional en la verificaci\u00f3n de <strong>esquemas de vacunaci\u00f3n<\/strong> de los contactos identificados, la realizaci\u00f3n de an\u00e1lisis cl\u00ednicos y el seguimiento de posibles casos secundarios. La investigaci\u00f3n determinar\u00e1 si los dos casos confirmados est\u00e1n epidemiol\u00f3gicamente relacionados o si responden a cadenas de transmisi\u00f3n independientes, dato cr\u00edtico para definir el alcance y la intensidad de las medidas de contenci\u00f3n, de acuerdo con el comunicado oficial.<\/p>\n<h2>S\u00edntomas que no deben ignorarse: el llamado del Ministerio de Salud<\/h2>\n<p>Ante el contexto de alerta activa, el <strong>Ministerio de Salud<\/strong> inst\u00f3 a la poblaci\u00f3n a mantenerse atenta ante la presencia de s\u00edntomas compatibles con el <strong>sarampi\u00f3n<\/strong>. De acuerdo con el comunicado oficial, los signos de alarma incluyen <strong>fiebre alta superior a 39 grados, dolor o malestar general en el cuerpo, secreci\u00f3n nasal, tos, conjuntivitis<\/strong> \u2014ojos rojos\u2014 y <strong>brote o manchas en la piel<\/strong>. Ante la aparici\u00f3n de cualquiera de estos s\u00edntomas, la indicaci\u00f3n es acudir de inmediato al centro de salud m\u00e1s cercano para valoraci\u00f3n m\u00e9dica.<\/p>\n<p>La recomendaci\u00f3n tiene especial relevancia en el contexto de Moravia y sus comunidades aleda\u00f1as, donde la presencia de dos casos confirmados eleva la probabilidad de que existan contactos que a\u00fan no hayan desarrollado s\u00edntomas o que los est\u00e9n experimentando sin identificarlos correctamente como compatibles con el sarampi\u00f3n. La detecci\u00f3n temprana y el aislamiento oportuno son las herramientas m\u00e1s eficaces para cortar la cadena de transmisi\u00f3n.<\/p>\n<h2>El contexto: Costa Rica sin sarampi\u00f3n end\u00e9mico desde 1999<\/h2>\n<p>Para dimensionar correctamente la alerta, es necesario tener presente el contexto hist\u00f3rico. Costa Rica no registra casos <strong>end\u00e9micos<\/strong> de sarampi\u00f3n desde <strong>1999<\/strong>, seg\u00fan consign\u00f3 <strong>Teletica<\/strong>. Los casos que han aparecido en a\u00f1os recientes, incluyendo los dos confirmados en marzo de 2026, son de origen <strong>importado<\/strong>: llegan al pa\u00eds desde territorios donde la enfermedad circula con mayor intensidad, como consecuencia del debilitamiento de las coberturas de vacunaci\u00f3n a nivel regional. Ese contexto regional adverso \u2014potenciado por los efectos de la pandemia de COVID-19 sobre los programas de inmunizaci\u00f3n\u2014 es el tel\u00f3n de fondo que explica el repunte de casos en Am\u00e9rica Latina.<\/p>\n<p>La <strong>vacunaci\u00f3n<\/strong> sigue siendo la \u00fanica medida que puede garantizar la protecci\u00f3n individual y la inmunidad de grupo necesaria para evitar brotes. La vacuna contra el sarampi\u00f3n forma parte del <strong>esquema b\u00e1sico de vacunaci\u00f3n<\/strong> de Costa Rica y se aplica de forma gratuita en los centros de salud de la <strong>CCSS<\/strong> en todo el pa\u00eds. El Ministerio de Salud anunci\u00f3 que continuar\u00e1 informando a la poblaci\u00f3n conforme avancen los resultados de la investigaci\u00f3n epidemiol\u00f3gica. Para m\u00e1s informaci\u00f3n sobre salud p\u00fablica y noticias de actualidad, siga la cobertura en <a href=\"https:\/\/staytv.cr\/index.php\/category\/nacional\/\">STAY TV Nacional<\/a>.<\/p>\n<p>Con informaci\u00f3n para STAY TV: <a href=\"https:\/\/staytv.cr\">STAY TV<\/a><\/p>\n<p>&nbsp;<\/p>\n","protected":false},"excerpt":{"rendered":"<p>&nbsp; Alerta en Moravia: Ministerio de Salud suspende clases en el Liceo y activa investigaci\u00f3n epidemiol\u00f3gica por segundo caso de sarampi\u00f3n El sarampi\u00f3n puso en alerta a la comunidad educativa de Moravia este lunes 9 de marzo de 2026. El Ministerio de Salud confirm\u00f3 un segundo caso de la enfermedad en Costa Rica \u2014correspondiente a [&hellip;]<\/p>\n","protected":false},"author":10,"featured_media":31122,"comment_status":"open","ping_status":"open","sticky":false,"template":"","format":"standard","meta":{"episode_type":"","audio_file":"","podmotor_file_id":"","podmotor_episode_id":"","cover_image":"","cover_image_id":"","duration":"","filesize":"","filesize_raw":"","date_recorded":"","explicit":"","block":"","itunes_episode_number":"","itunes_title":"","itunes_season_number":"","itunes_episode_type":"","footnotes":""},"categories":[1],"tags":[136,70,5223,2939,5916,212,1134,359,5095,5917,2888],"class_list":{"0":"post-31120","1":"post","2":"type-post","3":"status-publish","4":"format-standard","5":"has-post-thumbnail","7":"category-sucesos","8":"tag-ccss","9":"tag-costa-rica","10":"tag-epidemiologia","11":"tag-inciensa","12":"tag-liceo-de-moravia","13":"tag-mep","14":"tag-ministerio-de-salud","15":"tag-moravia","16":"tag-sarampion","17":"tag-suspension-clases","18":"tag-vacunacion"},"aioseo_notices":[],"aioseo_head":"\n\t\t<!-- All in One SEO Pro 4.8.3.2 - aioseo.com -->\n\t<meta name=\"description\" content=\"Sarampi\u00f3n activa alerta en Moravia: Ministerio de Salud suspende clases en el Liceo y una actividad cultural tras confirmar segundo caso en mujer adulta.\" \/>\n\t<meta name=\"robots\" content=\"max-image-preview:large\" \/>\n\t<meta name=\"author\" content=\"Diego Molina\"\/>\n\t<link rel=\"canonical\" href=\"https:\/\/staytv.cr\/index.php\/2026\/03\/09\/sarampion-en-moravia-suspenden-clases-en-liceo-por-2do-caso\/\" \/>\n\t<meta name=\"generator\" content=\"All in One SEO Pro (AIOSEO) 4.8.3.2\" \/>\n\t\t<meta property=\"og:locale\" content=\"es_ES\" \/>\n\t\t<meta property=\"og:site_name\" content=\"Staytv - Medio de comunicaci\u00f3n digital de Costa Rica.\" \/>\n\t\t<meta property=\"og:type\" content=\"article\" \/>\n\t\t<meta property=\"og:title\" content=\"Sarampi\u00f3n en Moravia: suspenden clases en Liceo por 2do caso\" \/>\n\t\t<meta property=\"og:description\" content=\"Sarampi\u00f3n activa alerta en Moravia: Ministerio de Salud suspende clases en el Liceo y una actividad cultural tras confirmar segundo caso en mujer adulta.\" \/>\n\t\t<meta property=\"og:url\" content=\"https:\/\/staytv.cr\/index.php\/2026\/03\/09\/sarampion-en-moravia-suspenden-clases-en-liceo-por-2do-caso\/\" \/>\n\t\t<meta property=\"og:image\" content=\"https:\/\/staytv.cr\/wp-content\/uploads\/7-7.jpg\" \/>\n\t\t<meta property=\"og:image:secure_url\" content=\"https:\/\/staytv.cr\/wp-content\/uploads\/7-7.jpg\" \/>\n\t\t<meta property=\"og:image:width\" content=\"1280\" \/>\n\t\t<meta property=\"og:image:height\" content=\"720\" \/>\n\t\t<meta property=\"article:published_time\" content=\"2026-03-09T18:58:48+00:00\" \/>\n\t\t<meta property=\"article:modified_time\" content=\"2026-03-09T18:58:48+00:00\" \/>\n\t\t<meta property=\"article:publisher\" content=\"https:\/\/www.facebook.com\/staytvcr\" \/>\n\t\t<meta name=\"twitter:card\" content=\"summary_large_image\" \/>\n\t\t<meta name=\"twitter:title\" content=\"Sarampi\u00f3n en Moravia: suspenden clases en Liceo por 2do caso\" \/>\n\t\t<meta name=\"twitter:description\" content=\"Sarampi\u00f3n activa alerta en Moravia: Ministerio de Salud suspende clases en el Liceo y una actividad cultural tras confirmar segundo caso en mujer adulta.\" \/>\n\t\t<meta name=\"twitter:image\" content=\"https:\/\/staytv.cr\/wp-content\/uploads\/7-7.jpg\" \/>\n\t\t<script type=\"application\/ld+json\" class=\"aioseo-schema\">\n\t\t\t{\"@context\":\"https:\\\/\\\/schema.org\",\"@graph\":[{\"@type\":\"BreadcrumbList\",\"@id\":\"https:\\\/\\\/staytv.cr\\\/index.php\\\/2026\\\/03\\\/09\\\/sarampion-en-moravia-suspenden-clases-en-liceo-por-2do-caso\\\/#breadcrumblist\",\"itemListElement\":[{\"@type\":\"ListItem\",\"@id\":\"https:\\\/\\\/staytv.cr#listItem\",\"position\":1,\"name\":\"Home\",\"item\":\"https:\\\/\\\/staytv.cr\",\"nextItem\":{\"@type\":\"ListItem\",\"@id\":\"https:\\\/\\\/staytv.cr\\\/index.php\\\/category\\\/sucesos\\\/#listItem\",\"name\":\"SUCESOS\"}},{\"@type\":\"ListItem\",\"@id\":\"https:\\\/\\\/staytv.cr\\\/index.php\\\/category\\\/sucesos\\\/#listItem\",\"position\":2,\"name\":\"SUCESOS\",\"item\":\"https:\\\/\\\/staytv.cr\\\/index.php\\\/category\\\/sucesos\\\/\",\"nextItem\":{\"@type\":\"ListItem\",\"@id\":\"https:\\\/\\\/staytv.cr\\\/index.php\\\/2026\\\/03\\\/09\\\/sarampion-en-moravia-suspenden-clases-en-liceo-por-2do-caso\\\/#listItem\",\"name\":\"Salud suspende clases en el Liceo y activa investigaci\\u00f3n epidemiol\\u00f3gica\"},\"previousItem\":{\"@type\":\"ListItem\",\"@id\":\"https:\\\/\\\/staytv.cr#listItem\",\"name\":\"Home\"}},{\"@type\":\"ListItem\",\"@id\":\"https:\\\/\\\/staytv.cr\\\/index.php\\\/2026\\\/03\\\/09\\\/sarampion-en-moravia-suspenden-clases-en-liceo-por-2do-caso\\\/#listItem\",\"position\":3,\"name\":\"Salud suspende clases en el Liceo y activa investigaci\\u00f3n epidemiol\\u00f3gica\",\"previousItem\":{\"@type\":\"ListItem\",\"@id\":\"https:\\\/\\\/staytv.cr\\\/index.php\\\/category\\\/sucesos\\\/#listItem\",\"name\":\"SUCESOS\"}}]},{\"@type\":\"Organization\",\"@id\":\"https:\\\/\\\/staytv.cr\\\/#organization\",\"name\":\"Stay TV\",\"description\":\"Stay TV es un medio digital de noticias con base en Centroam\\u00e9rica, con cobertura local e internacional desde una mirada asi\\u00e1tica.\",\"url\":\"https:\\\/\\\/staytv.cr\\\/\",\"logo\":{\"@type\":\"ImageObject\",\"url\":\"https:\\\/\\\/staytv.cr\\\/wp-content\\\/uploads\\\/cropped-StayTV_logo_oficial_simple.png\",\"@id\":\"https:\\\/\\\/staytv.cr\\\/index.php\\\/2026\\\/03\\\/09\\\/sarampion-en-moravia-suspenden-clases-en-liceo-por-2do-caso\\\/#organizationLogo\",\"width\":2560,\"height\":769},\"image\":{\"@id\":\"https:\\\/\\\/staytv.cr\\\/index.php\\\/2026\\\/03\\\/09\\\/sarampion-en-moravia-suspenden-clases-en-liceo-por-2do-caso\\\/#organizationLogo\"},\"sameAs\":[\"https:\\\/\\\/www.instagram.com\\\/staytvcr\\\/\"]},{\"@type\":\"Person\",\"@id\":\"https:\\\/\\\/staytv.cr\\\/index.php\\\/author\\\/diegostaytv\\\/#author\",\"url\":\"https:\\\/\\\/staytv.cr\\\/index.php\\\/author\\\/diegostaytv\\\/\",\"name\":\"Diego Molina\",\"image\":{\"@type\":\"ImageObject\",\"url\":\"https:\\\/\\\/secure.gravatar.com\\\/avatar\\\/7d23cb63381aa64750c7e76727c208369ebd6f2565e9dc4c62e323b1ea59af41?s=96&d=mm&r=g\"}},{\"@type\":\"WebPage\",\"@id\":\"https:\\\/\\\/staytv.cr\\\/index.php\\\/2026\\\/03\\\/09\\\/sarampion-en-moravia-suspenden-clases-en-liceo-por-2do-caso\\\/#webpage\",\"url\":\"https:\\\/\\\/staytv.cr\\\/index.php\\\/2026\\\/03\\\/09\\\/sarampion-en-moravia-suspenden-clases-en-liceo-por-2do-caso\\\/\",\"name\":\"Sarampi\\u00f3n en Moravia: suspenden clases en Liceo por 2do caso\",\"description\":\"Sarampi\\u00f3n activa alerta en Moravia: Ministerio de Salud suspende clases en el Liceo y una actividad cultural tras confirmar segundo caso en mujer adulta.\",\"inLanguage\":\"es-ES\",\"isPartOf\":{\"@id\":\"https:\\\/\\\/staytv.cr\\\/#website\"},\"breadcrumb\":{\"@id\":\"https:\\\/\\\/staytv.cr\\\/index.php\\\/2026\\\/03\\\/09\\\/sarampion-en-moravia-suspenden-clases-en-liceo-por-2do-caso\\\/#breadcrumblist\"},\"author\":{\"@id\":\"https:\\\/\\\/staytv.cr\\\/index.php\\\/author\\\/diegostaytv\\\/#author\"},\"creator\":{\"@id\":\"https:\\\/\\\/staytv.cr\\\/index.php\\\/author\\\/diegostaytv\\\/#author\"},\"image\":{\"@type\":\"ImageObject\",\"url\":\"https:\\\/\\\/staytv.cr\\\/wp-content\\\/uploads\\\/7-7.jpg\",\"@id\":\"https:\\\/\\\/staytv.cr\\\/index.php\\\/2026\\\/03\\\/09\\\/sarampion-en-moravia-suspenden-clases-en-liceo-por-2do-caso\\\/#mainImage\",\"width\":1280,\"height\":720,\"caption\":\"Sarampi\\u00f3n en Moravia\"},\"primaryImageOfPage\":{\"@id\":\"https:\\\/\\\/staytv.cr\\\/index.php\\\/2026\\\/03\\\/09\\\/sarampion-en-moravia-suspenden-clases-en-liceo-por-2do-caso\\\/#mainImage\"},\"datePublished\":\"2026-03-09T12:58:48-06:00\",\"dateModified\":\"2026-03-09T12:58:48-06:00\"},{\"@type\":\"WebSite\",\"@id\":\"https:\\\/\\\/staytv.cr\\\/#website\",\"url\":\"https:\\\/\\\/staytv.cr\\\/\",\"name\":\"Staytv\",\"description\":\"Medio de comunicaci\\u00f3n digital de Costa Rica.\",\"inLanguage\":\"es-ES\",\"publisher\":{\"@id\":\"https:\\\/\\\/staytv.cr\\\/#organization\"}}]}\n\t\t<\/script>\n\t\t<!-- All in One SEO Pro -->\r\n\t\t<title>Sarampi\u00f3n en Moravia: suspenden clases en Liceo por 2do caso<\/title>\n\n","aioseo_head_json":{"title":"Sarampi\u00f3n en Moravia: suspenden clases en Liceo por 2do caso","description":"Sarampi\u00f3n activa alerta en Moravia: Ministerio de Salud suspende clases en el Liceo y una actividad cultural tras confirmar segundo caso en mujer adulta.","canonical_url":"https:\/\/staytv.cr\/index.php\/2026\/03\/09\/sarampion-en-moravia-suspenden-clases-en-liceo-por-2do-caso\/","robots":"max-image-preview:large","keywords":"","webmasterTools":{"miscellaneous":""},"schema":{"@context":"https:\/\/schema.org","@graph":[{"@type":"BreadcrumbList","@id":"https:\/\/staytv.cr\/index.php\/2026\/03\/09\/sarampion-en-moravia-suspenden-clases-en-liceo-por-2do-caso\/#breadcrumblist","itemListElement":[{"@type":"ListItem","@id":"https:\/\/staytv.cr#listItem","position":1,"name":"Home","item":"https:\/\/staytv.cr","nextItem":{"@type":"ListItem","@id":"https:\/\/staytv.cr\/index.php\/category\/sucesos\/#listItem","name":"SUCESOS"}},{"@type":"ListItem","@id":"https:\/\/staytv.cr\/index.php\/category\/sucesos\/#listItem","position":2,"name":"SUCESOS","item":"https:\/\/staytv.cr\/index.php\/category\/sucesos\/","nextItem":{"@type":"ListItem","@id":"https:\/\/staytv.cr\/index.php\/2026\/03\/09\/sarampion-en-moravia-suspenden-clases-en-liceo-por-2do-caso\/#listItem","name":"Salud suspende clases en el Liceo y activa investigaci\u00f3n epidemiol\u00f3gica"},"previousItem":{"@type":"ListItem","@id":"https:\/\/staytv.cr#listItem","name":"Home"}},{"@type":"ListItem","@id":"https:\/\/staytv.cr\/index.php\/2026\/03\/09\/sarampion-en-moravia-suspenden-clases-en-liceo-por-2do-caso\/#listItem","position":3,"name":"Salud suspende clases en el Liceo y activa investigaci\u00f3n epidemiol\u00f3gica","previousItem":{"@type":"ListItem","@id":"https:\/\/staytv.cr\/index.php\/category\/sucesos\/#listItem","name":"SUCESOS"}}]},{"@type":"Organization","@id":"https:\/\/staytv.cr\/#organization","name":"Stay TV","description":"Stay TV es un medio digital de noticias con base en Centroam\u00e9rica, con cobertura local e internacional desde una mirada asi\u00e1tica.","url":"https:\/\/staytv.cr\/","logo":{"@type":"ImageObject","url":"https:\/\/staytv.cr\/wp-content\/uploads\/cropped-StayTV_logo_oficial_simple.png","@id":"https:\/\/staytv.cr\/index.php\/2026\/03\/09\/sarampion-en-moravia-suspenden-clases-en-liceo-por-2do-caso\/#organizationLogo","width":2560,"height":769},"image":{"@id":"https:\/\/staytv.cr\/index.php\/2026\/03\/09\/sarampion-en-moravia-suspenden-clases-en-liceo-por-2do-caso\/#organizationLogo"},"sameAs":["https:\/\/www.instagram.com\/staytvcr\/"]},{"@type":"Person","@id":"https:\/\/staytv.cr\/index.php\/author\/diegostaytv\/#author","url":"https:\/\/staytv.cr\/index.php\/author\/diegostaytv\/","name":"Diego Molina","image":{"@type":"ImageObject","url":"https:\/\/secure.gravatar.com\/avatar\/7d23cb63381aa64750c7e76727c208369ebd6f2565e9dc4c62e323b1ea59af41?s=96&d=mm&r=g"}},{"@type":"WebPage","@id":"https:\/\/staytv.cr\/index.php\/2026\/03\/09\/sarampion-en-moravia-suspenden-clases-en-liceo-por-2do-caso\/#webpage","url":"https:\/\/staytv.cr\/index.php\/2026\/03\/09\/sarampion-en-moravia-suspenden-clases-en-liceo-por-2do-caso\/","name":"Sarampi\u00f3n en Moravia: suspenden clases en Liceo por 2do caso","description":"Sarampi\u00f3n activa alerta en Moravia: Ministerio de Salud suspende clases en el Liceo y una actividad cultural tras confirmar segundo caso en mujer adulta.","inLanguage":"es-ES","isPartOf":{"@id":"https:\/\/staytv.cr\/#website"},"breadcrumb":{"@id":"https:\/\/staytv.cr\/index.php\/2026\/03\/09\/sarampion-en-moravia-suspenden-clases-en-liceo-por-2do-caso\/#breadcrumblist"},"author":{"@id":"https:\/\/staytv.cr\/index.php\/author\/diegostaytv\/#author"},"creator":{"@id":"https:\/\/staytv.cr\/index.php\/author\/diegostaytv\/#author"},"image":{"@type":"ImageObject","url":"https:\/\/staytv.cr\/wp-content\/uploads\/7-7.jpg","@id":"https:\/\/staytv.cr\/index.php\/2026\/03\/09\/sarampion-en-moravia-suspenden-clases-en-liceo-por-2do-caso\/#mainImage","width":1280,"height":720,"caption":"Sarampi\u00f3n en Moravia"},"primaryImageOfPage":{"@id":"https:\/\/staytv.cr\/index.php\/2026\/03\/09\/sarampion-en-moravia-suspenden-clases-en-liceo-por-2do-caso\/#mainImage"},"datePublished":"2026-03-09T12:58:48-06:00","dateModified":"2026-03-09T12:58:48-06:00"},{"@type":"WebSite","@id":"https:\/\/staytv.cr\/#website","url":"https:\/\/staytv.cr\/","name":"Staytv","description":"Medio de comunicaci\u00f3n digital de Costa Rica.","inLanguage":"es-ES","publisher":{"@id":"https:\/\/staytv.cr\/#organization"}}]},"og:locale":"es_ES","og:site_name":"Staytv - Medio de comunicaci\u00f3n digital de Costa Rica.","og:type":"article","og:title":"Sarampi\u00f3n en Moravia: suspenden clases en Liceo por 2do caso","og:description":"Sarampi\u00f3n activa alerta en Moravia: Ministerio de Salud suspende clases en el Liceo y una actividad cultural tras confirmar segundo caso en mujer adulta.","og:url":"https:\/\/staytv.cr\/index.php\/2026\/03\/09\/sarampion-en-moravia-suspenden-clases-en-liceo-por-2do-caso\/","og:image":"https:\/\/staytv.cr\/wp-content\/uploads\/7-7.jpg","og:image:secure_url":"https:\/\/staytv.cr\/wp-content\/uploads\/7-7.jpg","og:image:width":1280,"og:image:height":720,"article:published_time":"2026-03-09T18:58:48+00:00","article:modified_time":"2026-03-09T18:58:48+00:00","article:publisher":"https:\/\/www.facebook.com\/staytvcr","twitter:card":"summary_large_image","twitter:title":"Sarampi\u00f3n en Moravia: suspenden clases en Liceo por 2do caso","twitter:description":"Sarampi\u00f3n activa alerta en Moravia: Ministerio de Salud suspende clases en el Liceo y una actividad cultural tras confirmar segundo caso en mujer adulta.","twitter:image":"https:\/\/staytv.cr\/wp-content\/uploads\/7-7.jpg"},"aioseo_meta_data":{"post_id":"31120","title":"Sarampi\u00f3n en Moravia: suspenden clases en Liceo por 2do caso","description":"Sarampi\u00f3n activa alerta en Moravia: Ministerio de Salud suspende clases en el Liceo y una actividad cultural tras confirmar segundo caso en mujer adulta.","keywords":null,"keyphrases":{"focus":{"keyphrase":"sarampi\u00f3n","score":80,"analysis":{"keyphraseInTitle":{"score":9,"maxScore":9,"error":0},"keyphraseInDescription":{"score":9,"maxScore":9,"error":0},"keyphraseLength":{"score":9,"maxScore":9,"error":0,"length":2},"keyphraseInURL":{"score":5,"maxScore":5,"error":0},"keyphraseInIntroduction":{"score":3,"maxScore":9,"error":1},"keyphraseInSubHeadings":{"score":3,"maxScore":9,"error":1},"keyphraseInImageAlt":[],"keywordDensity":{"type":"best","score":9,"maxScore":9,"error":0}}},"additional":[]},"canonical_url":null,"og_title":null,"og_description":null,"og_object_type":"default","og_image_type":"default","og_image_custom_url":null,"og_image_custom_fields":null,"og_custom_image_width":null,"og_custom_image_height":null,"og_video":"","og_custom_url":null,"og_article_section":null,"og_article_tags":null,"twitter_use_og":true,"twitter_card":"default","twitter_image_type":"default","twitter_image_custom_url":null,"twitter_image_custom_fields":null,"twitter_title":null,"twitter_description":null,"schema_type":null,"schema_type_options":null,"pillar_content":false,"robots_default":true,"robots_noindex":false,"robots_noarchive":false,"robots_nosnippet":false,"robots_nofollow":false,"robots_noimageindex":false,"robots_noodp":false,"robots_notranslate":false,"robots_max_snippet":"-1","robots_max_videopreview":"-1","robots_max_imagepreview":"none","tabs":null,"priority":null,"frequency":"default","local_seo":null,"created":"2026-03-09 18:49:48","updated":"2026-03-09 18:58:51"},"aioseo_breadcrumb":"<div class=\"aioseo-breadcrumbs\"><span class=\"aioseo-breadcrumb\">\n\t<a href=\"https:\/\/staytv.cr\" title=\"Home\">Home<\/a>\n<\/span><span class=\"aioseo-breadcrumb-separator\">&raquo;<\/span><span class=\"aioseo-breadcrumb\">\n\t<a href=\"https:\/\/staytv.cr\/index.php\/category\/sucesos\/\" title=\"SUCESOS\">SUCESOS<\/a>\n<\/span><span class=\"aioseo-breadcrumb-separator\">&raquo;<\/span><span class=\"aioseo-breadcrumb\">\n\tSalud suspende clases en el Liceo y activa investigaci\u00f3n epidemiol\u00f3gica\n<\/span><\/div>","aioseo_breadcrumb_json":[{"label":"Home","link":"https:\/\/staytv.cr"},{"label":"SUCESOS","link":"https:\/\/staytv.cr\/index.php\/category\/sucesos\/"},{"label":"Salud suspende clases en el Liceo y activa investigaci\u00f3n epidemiol\u00f3gica","link":"https:\/\/staytv.cr\/index.php\/2026\/03\/09\/sarampion-en-moravia-suspenden-clases-en-liceo-por-2do-caso\/"}],"_links":{"self":[{"href":"https:\/\/staytv.cr\/index.php\/wp-json\/wp\/v2\/posts\/31120","targetHints":{"allow":["GET"]}}],"collection":[{"href":"https:\/\/staytv.cr\/index.php\/wp-json\/wp\/v2\/posts"}],"about":[{"href":"https:\/\/staytv.cr\/index.php\/wp-json\/wp\/v2\/types\/post"}],"author":[{"embeddable":true,"href":"https:\/\/staytv.cr\/index.php\/wp-json\/wp\/v2\/users\/10"}],"replies":[{"embeddable":true,"href":"https:\/\/staytv.cr\/index.php\/wp-json\/wp\/v2\/comments?post=31120"}],"version-history":[{"count":1,"href":"https:\/\/staytv.cr\/index.php\/wp-json\/wp\/v2\/posts\/31120\/revisions"}],"predecessor-version":[{"id":31121,"href":"https:\/\/staytv.cr\/index.php\/wp-json\/wp\/v2\/posts\/31120\/revisions\/31121"}],"wp:featuredmedia":[{"embeddable":true,"href":"https:\/\/staytv.cr\/index.php\/wp-json\/wp\/v2\/media\/31122"}],"wp:attachment":[{"href":"https:\/\/staytv.cr\/index.php\/wp-json\/wp\/v2\/media?parent=31120"}],"wp:term":[{"taxonomy":"category","embeddable":true,"href":"https:\/\/staytv.cr\/index.php\/wp-json\/wp\/v2\/categories?post=31120"},{"taxonomy":"post_tag","embeddable":true,"href":"https:\/\/staytv.cr\/index.php\/wp-json\/wp\/v2\/tags?post=31120"}],"curies":[{"name":"wp","href":"https:\/\/api.w.org\/{rel}","templated":true}]}}