{"id":31191,"date":"2026-03-12T08:23:16","date_gmt":"2026-03-12T14:23:16","guid":{"rendered":"https:\/\/staytv.cr\/?p=31191"},"modified":"2026-03-12T08:23:16","modified_gmt":"2026-03-12T14:23:16","slug":"costa-rica-impulsa-viajes-bienestar-naturaleza","status":"publish","type":"post","link":"https:\/\/staytv.cr\/index.php\/2026\/03\/12\/costa-rica-impulsa-viajes-bienestar-naturaleza\/","title":{"rendered":"El negocio del Wellness: C\u00f3mo el turismo de bienestar reactiva la econom\u00eda rural"},"content":{"rendered":"<p>&nbsp;<\/p>\n<h1>Nueva Frontera Tur\u00edstica: El bienestar personal como motor de desarrollo sostenible<\/h1>\n<p>Costa Rica ha dado un paso estrat\u00e9gico para consolidar su liderazgo en el mercado internacional mediante el lanzamiento de una ambiciosa campa\u00f1a enfocada en el <strong>bienestar<\/strong> integral. Esta iniciativa, impulsada por las autoridades de turismo en conjunto con el sector privado, busca transformar la riqueza natural del pa\u00eds en un escenario para la salud f\u00edsica y mental, atrayendo a un perfil de viajero con alto poder adquisitivo y conciencia ecol\u00f3gica. Para conocer m\u00e1s sobre el impacto de estas inversiones, visite la secci\u00f3n de <a href=\"https:\/\/staytv.cr\/index.php\/category\/economics\/\">Econom\u00eda en STAY TV<\/a>.<\/p>\n<h2>Diversificaci\u00f3n de la oferta: M\u00e1s all\u00e1 del sol y la playa<\/h2>\n<p>El n\u00facleo de esta estrategia reside en el concepto de \u00abwellness\u00bb o <strong>bienestar<\/strong>, desplazando el enfoque tradicional hacia experiencias hol\u00edsticas que incluyen yoga al aire libre, meditaci\u00f3n guiada y terapias naturales en entornos v\u00edrgenes. Al potenciar los parques nacionales y las zonas rurales como sedes principales, el pa\u00eds no solo diversifica su producto tur\u00edstico, sino que reduce la presi\u00f3n sobre los destinos costeros saturados, distribuyendo los beneficios de la actividad de manera m\u00e1s equitativa en todo el territorio.<\/p>\n<p>Los operadores tur\u00edsticos han dise\u00f1ado paquetes especializados que integran la alimentaci\u00f3n saludable basada en productos locales de kil\u00f3metro cero con actividades de bajo impacto ambiental. Esta <strong>literatura<\/strong> promocional resalta que el contacto directo con la biodiversidad es, en s\u00ed mismo, una herramienta terap\u00e9utica para el turista moderno que busca escapar del estr\u00e9s urbano.<\/p>\n<h2>Impacto en la econom\u00eda local y el empleo rural<\/h2>\n<p>Desde una perspectiva econ\u00f3mica, la campa\u00f1a busca fortalecer el tejido empresarial de las comunidades rurales. El turismo de <strong>bienestar<\/strong> se caracteriza por atraer a visitantes que permanecen m\u00e1s tiempo en el pa\u00eds y consumen servicios personalizados, lo que genera ingresos directos para peque\u00f1os negocios, gu\u00edas locales y talleres de artesan\u00eda o gastronom\u00eda. Esta inyecci\u00f3n de capital es vital para las zonas alejadas del Gran \u00c1rea Metropolitana, donde el turismo responsable se convierte en el principal pilar de subsistencia.<\/p>\n<h2>Sostenibilidad y conservaci\u00f3n como pilares<\/h2>\n<p>El compromiso con el <strong>bienestar<\/strong> individual no se separa de la salud del ecosistema. La campa\u00f1a establece que la protecci\u00f3n de los recursos naturales es la base del modelo de negocio; sin bosques primarios ni r\u00edos limpios, la oferta pierde su valor diferenciador. Por ello, se promueven pr\u00e1cticas sostenibles que educan al visitante sobre la importancia de la conservaci\u00f3n, asegurando que su paso por el pa\u00eds deje una huella positiva tanto en su salud como en el medio ambiente.<\/p>\n<p>En este sentido, Costa Rica se posiciona no solo como un santuario de biodiversidad, sino como un centro mundial de <strong>bienestar<\/strong>, compitiendo con destinos de Asia y Europa mediante la ventaja competitiva de su sistema de \u00e1reas protegidas y su paz social.<\/p>\n<div style=\"background: #1a1a1a; padding: 25px; border-radius: 8px; margin: 25px 0; border: 1px solid #333; font-family: sans-serif; color: #fff;\">\n<h4 style=\"margin-top: 0; text-align: center; color: #4a90e2;\">Componentes Clave del Turismo de Bienestar<\/h4>\n<table style=\"width: 100%; font-size: 12px; border-collapse: collapse; text-align: left; margin-top: 15px;\">\n<thead>\n<tr style=\"border-bottom: 2px solid #444;\">\n<th style=\"padding: 10px;\">Eje Estrat\u00e9gico<\/th>\n<th style=\"padding: 10px;\">Actividades Principales<\/th>\n<\/tr>\n<\/thead>\n<tbody>\n<tr style=\"border-bottom: 1px solid #222;\">\n<td style=\"padding: 10px;\">Conexi\u00f3n Natural<\/td>\n<td style=\"padding: 10px;\">Senderismo consciente, ba\u00f1os de bosque y observaci\u00f3n de fauna.<\/td>\n<\/tr>\n<tr style=\"border-bottom: 1px solid #222;\">\n<td style=\"padding: 10px;\">Pr\u00e1cticas Hol\u00edsticas<\/td>\n<td style=\"padding: 10px;\">Yoga, meditaci\u00f3n, retiros espirituales y talleres de respiraci\u00f3n.<\/td>\n<\/tr>\n<tr style=\"border-bottom: 1px solid #222;\">\n<td style=\"padding: 10px;\">Salud Alimentaria<\/td>\n<td style=\"padding: 10px;\">Gastronom\u00eda org\u00e1nica y nutrici\u00f3n basada en plantas locales.<\/td>\n<\/tr>\n<tr>\n<td style=\"padding: 10px;\">Desarrollo Local<\/td>\n<td style=\"padding: 10px;\">Encadenamientos con productores rurales y pymes tur\u00edsticas.<\/td>\n<\/tr>\n<\/tbody>\n<\/table>\n<\/div>\n<h2>El futuro del turismo nacional<\/h2>\n<p>Con esta apuesta, el pa\u00eds busca liderar la recuperaci\u00f3n del sector mediante un modelo que prioriza la calidad sobre la cantidad. El turismo de <strong>bienestar<\/strong> representa una oportunidad de oro para que Costa Rica se mantenga a la vanguardia de las tendencias globales de viaje, donde el autocuidado y el respeto por el entorno son los nuevos lujos. La meta es clara: convertir el \u00abPura Vida\u00bb en una experiencia tangible de salud y equilibrio para el mundo entero.<\/p>\n<p>Mant\u00e9ngase informado sobre las tendencias de mercado y el desarrollo econ\u00f3mico nacional en <a href=\"https:\/\/staytv.cr\">STAY TV<\/a>.<\/p>\n<p>Con informaci\u00f3n para STAY TV: <a href=\"https:\/\/staytv.cr\">STAY TV<\/a><\/p>\n<p>&nbsp;<\/p>\n","protected":false},"excerpt":{"rendered":"<p>&nbsp; Nueva Frontera Tur\u00edstica: El bienestar personal como motor de desarrollo sostenible Costa Rica ha dado un paso estrat\u00e9gico para consolidar su liderazgo en el mercado internacional mediante el lanzamiento de una ambiciosa campa\u00f1a enfocada en el bienestar integral. Esta iniciativa, impulsada por las autoridades de turismo en conjunto con el sector privado, busca transformar [&hellip;]<\/p>\n","protected":false},"author":11,"featured_media":31325,"comment_status":"open","ping_status":"open","sticky":false,"template":"","format":"standard","meta":{"episode_type":"","audio_file":"","podmotor_file_id":"","podmotor_episode_id":"","cover_image":"","cover_image_id":"","duration":"","filesize":"","filesize_raw":"","date_recorded":"","explicit":"","block":"","itunes_episode_number":"","itunes_title":"","itunes_season_number":"","itunes_episode_type":"","footnotes":""},"categories":[13],"tags":[820,70,374,203,5998,799,166],"class_list":{"0":"post-31191","1":"post","2":"type-post","3":"status-publish","4":"format-standard","5":"has-post-thumbnail","7":"category-nacional","8":"tag-bienestar","9":"tag-costa-rica","10":"tag-economia","11":"tag-ict","12":"tag-parques-nacionales","13":"tag-sostenibilidad","14":"tag-turismo"},"aioseo_notices":[],"aioseo_head":"\n\t\t<!-- All in One SEO Pro 4.8.3.2 - aioseo.com -->\n\t<meta name=\"description\" content=\"bienestar: Costa Rica impulsa el turismo de bienestar en zonas rurales y parques nacionales para reactivar la econom\u00eda local y promover la sostenibilidad.\" \/>\n\t<meta name=\"robots\" content=\"max-image-preview:large\" \/>\n\t<meta name=\"author\" content=\"Ryan\"\/>\n\t<link rel=\"canonical\" href=\"https:\/\/staytv.cr\/index.php\/2026\/03\/12\/costa-rica-impulsa-viajes-bienestar-naturaleza\/\" \/>\n\t<meta name=\"generator\" content=\"All in One SEO Pro (AIOSEO) 4.8.3.2\" \/>\n\t\t<meta property=\"og:locale\" content=\"es_ES\" \/>\n\t\t<meta property=\"og:site_name\" content=\"Staytv - Medio de comunicaci\u00f3n digital de Costa Rica.\" \/>\n\t\t<meta property=\"og:type\" content=\"article\" \/>\n\t\t<meta property=\"og:title\" content=\"bienestar: Costa Rica lanza campa\u00f1a de turismo hol\u00edstico\" \/>\n\t\t<meta property=\"og:description\" content=\"bienestar: Costa Rica impulsa el turismo de bienestar en zonas rurales y parques nacionales para reactivar la econom\u00eda local y promover la sostenibilidad.\" \/>\n\t\t<meta property=\"og:url\" content=\"https:\/\/staytv.cr\/index.php\/2026\/03\/12\/costa-rica-impulsa-viajes-bienestar-naturaleza\/\" \/>\n\t\t<meta property=\"og:image\" content=\"https:\/\/staytv.cr\/wp-content\/uploads\/Sin-titulo-1-51.jpg\" \/>\n\t\t<meta property=\"og:image:secure_url\" content=\"https:\/\/staytv.cr\/wp-content\/uploads\/Sin-titulo-1-51.jpg\" \/>\n\t\t<meta property=\"og:image:width\" content=\"1280\" \/>\n\t\t<meta property=\"og:image:height\" content=\"720\" \/>\n\t\t<meta property=\"article:published_time\" content=\"2026-03-12T14:23:16+00:00\" \/>\n\t\t<meta property=\"article:modified_time\" content=\"2026-03-12T14:23:16+00:00\" \/>\n\t\t<meta property=\"article:publisher\" content=\"https:\/\/www.facebook.com\/staytvcr\" \/>\n\t\t<meta name=\"twitter:card\" content=\"summary_large_image\" \/>\n\t\t<meta name=\"twitter:title\" content=\"bienestar: Costa Rica lanza campa\u00f1a de turismo hol\u00edstico\" \/>\n\t\t<meta name=\"twitter:description\" content=\"bienestar: Costa Rica impulsa el turismo de bienestar en zonas rurales y parques nacionales para reactivar la econom\u00eda local y promover la sostenibilidad.\" \/>\n\t\t<meta name=\"twitter:image\" content=\"https:\/\/staytv.cr\/wp-content\/uploads\/Sin-titulo-1-51.jpg\" \/>\n\t\t<script type=\"application\/ld+json\" class=\"aioseo-schema\">\n\t\t\t{\"@context\":\"https:\\\/\\\/schema.org\",\"@graph\":[{\"@type\":\"BreadcrumbList\",\"@id\":\"https:\\\/\\\/staytv.cr\\\/index.php\\\/2026\\\/03\\\/12\\\/costa-rica-impulsa-viajes-bienestar-naturaleza\\\/#breadcrumblist\",\"itemListElement\":[{\"@type\":\"ListItem\",\"@id\":\"https:\\\/\\\/staytv.cr#listItem\",\"position\":1,\"name\":\"Home\",\"item\":\"https:\\\/\\\/staytv.cr\",\"nextItem\":{\"@type\":\"ListItem\",\"@id\":\"https:\\\/\\\/staytv.cr\\\/index.php\\\/category\\\/nacional\\\/#listItem\",\"name\":\"NACIONAL\"}},{\"@type\":\"ListItem\",\"@id\":\"https:\\\/\\\/staytv.cr\\\/index.php\\\/category\\\/nacional\\\/#listItem\",\"position\":2,\"name\":\"NACIONAL\",\"item\":\"https:\\\/\\\/staytv.cr\\\/index.php\\\/category\\\/nacional\\\/\",\"nextItem\":{\"@type\":\"ListItem\",\"@id\":\"https:\\\/\\\/staytv.cr\\\/index.php\\\/2026\\\/03\\\/12\\\/costa-rica-impulsa-viajes-bienestar-naturaleza\\\/#listItem\",\"name\":\"El negocio del Wellness: C\\u00f3mo el turismo de bienestar reactiva la econom\\u00eda rural\"},\"previousItem\":{\"@type\":\"ListItem\",\"@id\":\"https:\\\/\\\/staytv.cr#listItem\",\"name\":\"Home\"}},{\"@type\":\"ListItem\",\"@id\":\"https:\\\/\\\/staytv.cr\\\/index.php\\\/2026\\\/03\\\/12\\\/costa-rica-impulsa-viajes-bienestar-naturaleza\\\/#listItem\",\"position\":3,\"name\":\"El negocio del Wellness: C\\u00f3mo el turismo de bienestar reactiva la econom\\u00eda rural\",\"previousItem\":{\"@type\":\"ListItem\",\"@id\":\"https:\\\/\\\/staytv.cr\\\/index.php\\\/category\\\/nacional\\\/#listItem\",\"name\":\"NACIONAL\"}}]},{\"@type\":\"Organization\",\"@id\":\"https:\\\/\\\/staytv.cr\\\/#organization\",\"name\":\"Stay TV\",\"description\":\"Stay TV es un medio digital de noticias con base en Centroam\\u00e9rica, con cobertura local e internacional desde una mirada asi\\u00e1tica.\",\"url\":\"https:\\\/\\\/staytv.cr\\\/\",\"logo\":{\"@type\":\"ImageObject\",\"url\":\"https:\\\/\\\/staytv.cr\\\/wp-content\\\/uploads\\\/cropped-StayTV_logo_oficial_simple.png\",\"@id\":\"https:\\\/\\\/staytv.cr\\\/index.php\\\/2026\\\/03\\\/12\\\/costa-rica-impulsa-viajes-bienestar-naturaleza\\\/#organizationLogo\",\"width\":2560,\"height\":769},\"image\":{\"@id\":\"https:\\\/\\\/staytv.cr\\\/index.php\\\/2026\\\/03\\\/12\\\/costa-rica-impulsa-viajes-bienestar-naturaleza\\\/#organizationLogo\"},\"sameAs\":[\"https:\\\/\\\/www.instagram.com\\\/staytvcr\\\/\"]},{\"@type\":\"Person\",\"@id\":\"https:\\\/\\\/staytv.cr\\\/index.php\\\/author\\\/ryantv\\\/#author\",\"url\":\"https:\\\/\\\/staytv.cr\\\/index.php\\\/author\\\/ryantv\\\/\",\"name\":\"Ryan\",\"image\":{\"@type\":\"ImageObject\",\"url\":\"https:\\\/\\\/secure.gravatar.com\\\/avatar\\\/f95152fd26e0540ce723631868753fd2ae822574fa609b52b1b123eea57755e2?s=96&d=mm&r=g\"}},{\"@type\":\"WebPage\",\"@id\":\"https:\\\/\\\/staytv.cr\\\/index.php\\\/2026\\\/03\\\/12\\\/costa-rica-impulsa-viajes-bienestar-naturaleza\\\/#webpage\",\"url\":\"https:\\\/\\\/staytv.cr\\\/index.php\\\/2026\\\/03\\\/12\\\/costa-rica-impulsa-viajes-bienestar-naturaleza\\\/\",\"name\":\"bienestar: Costa Rica lanza campa\\u00f1a de turismo hol\\u00edstico\",\"description\":\"bienestar: Costa Rica impulsa el turismo de bienestar en zonas rurales y parques nacionales para reactivar la econom\\u00eda local y promover la sostenibilidad.\",\"inLanguage\":\"es-ES\",\"isPartOf\":{\"@id\":\"https:\\\/\\\/staytv.cr\\\/#website\"},\"breadcrumb\":{\"@id\":\"https:\\\/\\\/staytv.cr\\\/index.php\\\/2026\\\/03\\\/12\\\/costa-rica-impulsa-viajes-bienestar-naturaleza\\\/#breadcrumblist\"},\"author\":{\"@id\":\"https:\\\/\\\/staytv.cr\\\/index.php\\\/author\\\/ryantv\\\/#author\"},\"creator\":{\"@id\":\"https:\\\/\\\/staytv.cr\\\/index.php\\\/author\\\/ryantv\\\/#author\"},\"image\":{\"@type\":\"ImageObject\",\"url\":\"https:\\\/\\\/staytv.cr\\\/wp-content\\\/uploads\\\/Sin-titulo-1-51.jpg\",\"@id\":\"https:\\\/\\\/staytv.cr\\\/index.php\\\/2026\\\/03\\\/12\\\/costa-rica-impulsa-viajes-bienestar-naturaleza\\\/#mainImage\",\"width\":1280,\"height\":720,\"caption\":\"El negocio del Wellness: C\\u00f3mo el turismo de bienestar reactiva la econom\\u00eda rural\"},\"primaryImageOfPage\":{\"@id\":\"https:\\\/\\\/staytv.cr\\\/index.php\\\/2026\\\/03\\\/12\\\/costa-rica-impulsa-viajes-bienestar-naturaleza\\\/#mainImage\"},\"datePublished\":\"2026-03-12T08:23:16-06:00\",\"dateModified\":\"2026-03-12T08:23:16-06:00\"},{\"@type\":\"WebSite\",\"@id\":\"https:\\\/\\\/staytv.cr\\\/#website\",\"url\":\"https:\\\/\\\/staytv.cr\\\/\",\"name\":\"Staytv\",\"description\":\"Medio de comunicaci\\u00f3n digital de Costa Rica.\",\"inLanguage\":\"es-ES\",\"publisher\":{\"@id\":\"https:\\\/\\\/staytv.cr\\\/#organization\"}}]}\n\t\t<\/script>\n\t\t<!-- All in One SEO Pro -->\r\n\t\t<title>bienestar: Costa Rica lanza campa\u00f1a de turismo hol\u00edstico<\/title>\n\n","aioseo_head_json":{"title":"bienestar: Costa Rica lanza campa\u00f1a de turismo hol\u00edstico","description":"bienestar: Costa Rica impulsa el turismo de bienestar en zonas rurales y parques nacionales para reactivar la econom\u00eda local y promover la sostenibilidad.","canonical_url":"https:\/\/staytv.cr\/index.php\/2026\/03\/12\/costa-rica-impulsa-viajes-bienestar-naturaleza\/","robots":"max-image-preview:large","keywords":"","webmasterTools":{"miscellaneous":""},"schema":{"@context":"https:\/\/schema.org","@graph":[{"@type":"BreadcrumbList","@id":"https:\/\/staytv.cr\/index.php\/2026\/03\/12\/costa-rica-impulsa-viajes-bienestar-naturaleza\/#breadcrumblist","itemListElement":[{"@type":"ListItem","@id":"https:\/\/staytv.cr#listItem","position":1,"name":"Home","item":"https:\/\/staytv.cr","nextItem":{"@type":"ListItem","@id":"https:\/\/staytv.cr\/index.php\/category\/nacional\/#listItem","name":"NACIONAL"}},{"@type":"ListItem","@id":"https:\/\/staytv.cr\/index.php\/category\/nacional\/#listItem","position":2,"name":"NACIONAL","item":"https:\/\/staytv.cr\/index.php\/category\/nacional\/","nextItem":{"@type":"ListItem","@id":"https:\/\/staytv.cr\/index.php\/2026\/03\/12\/costa-rica-impulsa-viajes-bienestar-naturaleza\/#listItem","name":"El negocio del Wellness: C\u00f3mo el turismo de bienestar reactiva la econom\u00eda rural"},"previousItem":{"@type":"ListItem","@id":"https:\/\/staytv.cr#listItem","name":"Home"}},{"@type":"ListItem","@id":"https:\/\/staytv.cr\/index.php\/2026\/03\/12\/costa-rica-impulsa-viajes-bienestar-naturaleza\/#listItem","position":3,"name":"El negocio del Wellness: C\u00f3mo el turismo de bienestar reactiva la econom\u00eda rural","previousItem":{"@type":"ListItem","@id":"https:\/\/staytv.cr\/index.php\/category\/nacional\/#listItem","name":"NACIONAL"}}]},{"@type":"Organization","@id":"https:\/\/staytv.cr\/#organization","name":"Stay TV","description":"Stay TV es un medio digital de noticias con base en Centroam\u00e9rica, con cobertura local e internacional desde una mirada asi\u00e1tica.","url":"https:\/\/staytv.cr\/","logo":{"@type":"ImageObject","url":"https:\/\/staytv.cr\/wp-content\/uploads\/cropped-StayTV_logo_oficial_simple.png","@id":"https:\/\/staytv.cr\/index.php\/2026\/03\/12\/costa-rica-impulsa-viajes-bienestar-naturaleza\/#organizationLogo","width":2560,"height":769},"image":{"@id":"https:\/\/staytv.cr\/index.php\/2026\/03\/12\/costa-rica-impulsa-viajes-bienestar-naturaleza\/#organizationLogo"},"sameAs":["https:\/\/www.instagram.com\/staytvcr\/"]},{"@type":"Person","@id":"https:\/\/staytv.cr\/index.php\/author\/ryantv\/#author","url":"https:\/\/staytv.cr\/index.php\/author\/ryantv\/","name":"Ryan","image":{"@type":"ImageObject","url":"https:\/\/secure.gravatar.com\/avatar\/f95152fd26e0540ce723631868753fd2ae822574fa609b52b1b123eea57755e2?s=96&d=mm&r=g"}},{"@type":"WebPage","@id":"https:\/\/staytv.cr\/index.php\/2026\/03\/12\/costa-rica-impulsa-viajes-bienestar-naturaleza\/#webpage","url":"https:\/\/staytv.cr\/index.php\/2026\/03\/12\/costa-rica-impulsa-viajes-bienestar-naturaleza\/","name":"bienestar: Costa Rica lanza campa\u00f1a de turismo hol\u00edstico","description":"bienestar: Costa Rica impulsa el turismo de bienestar en zonas rurales y parques nacionales para reactivar la econom\u00eda local y promover la sostenibilidad.","inLanguage":"es-ES","isPartOf":{"@id":"https:\/\/staytv.cr\/#website"},"breadcrumb":{"@id":"https:\/\/staytv.cr\/index.php\/2026\/03\/12\/costa-rica-impulsa-viajes-bienestar-naturaleza\/#breadcrumblist"},"author":{"@id":"https:\/\/staytv.cr\/index.php\/author\/ryantv\/#author"},"creator":{"@id":"https:\/\/staytv.cr\/index.php\/author\/ryantv\/#author"},"image":{"@type":"ImageObject","url":"https:\/\/staytv.cr\/wp-content\/uploads\/Sin-titulo-1-51.jpg","@id":"https:\/\/staytv.cr\/index.php\/2026\/03\/12\/costa-rica-impulsa-viajes-bienestar-naturaleza\/#mainImage","width":1280,"height":720,"caption":"El negocio del Wellness: C\u00f3mo el turismo de bienestar reactiva la econom\u00eda rural"},"primaryImageOfPage":{"@id":"https:\/\/staytv.cr\/index.php\/2026\/03\/12\/costa-rica-impulsa-viajes-bienestar-naturaleza\/#mainImage"},"datePublished":"2026-03-12T08:23:16-06:00","dateModified":"2026-03-12T08:23:16-06:00"},{"@type":"WebSite","@id":"https:\/\/staytv.cr\/#website","url":"https:\/\/staytv.cr\/","name":"Staytv","description":"Medio de comunicaci\u00f3n digital de Costa Rica.","inLanguage":"es-ES","publisher":{"@id":"https:\/\/staytv.cr\/#organization"}}]},"og:locale":"es_ES","og:site_name":"Staytv - Medio de comunicaci\u00f3n digital de Costa Rica.","og:type":"article","og:title":"bienestar: Costa Rica lanza campa\u00f1a de turismo hol\u00edstico","og:description":"bienestar: Costa Rica impulsa el turismo de bienestar en zonas rurales y parques nacionales para reactivar la econom\u00eda local y promover la sostenibilidad.","og:url":"https:\/\/staytv.cr\/index.php\/2026\/03\/12\/costa-rica-impulsa-viajes-bienestar-naturaleza\/","og:image":"https:\/\/staytv.cr\/wp-content\/uploads\/Sin-titulo-1-51.jpg","og:image:secure_url":"https:\/\/staytv.cr\/wp-content\/uploads\/Sin-titulo-1-51.jpg","og:image:width":1280,"og:image:height":720,"article:published_time":"2026-03-12T14:23:16+00:00","article:modified_time":"2026-03-12T14:23:16+00:00","article:publisher":"https:\/\/www.facebook.com\/staytvcr","twitter:card":"summary_large_image","twitter:title":"bienestar: Costa Rica lanza campa\u00f1a de turismo hol\u00edstico","twitter:description":"bienestar: Costa Rica impulsa el turismo de bienestar en zonas rurales y parques nacionales para reactivar la econom\u00eda local y promover la sostenibilidad.","twitter:image":"https:\/\/staytv.cr\/wp-content\/uploads\/Sin-titulo-1-51.jpg"},"aioseo_meta_data":{"post_id":"31191","title":"bienestar: Costa Rica lanza campa\u00f1a de turismo hol\u00edstico","description":"bienestar: Costa Rica impulsa el turismo de bienestar en zonas rurales y parques nacionales para reactivar la econom\u00eda local y promover la sostenibilidad.","keywords":null,"keyphrases":{"focus":{"keyphrase":"bienestar","score":90,"analysis":{"keyphraseInTitle":{"score":9,"maxScore":9,"error":0},"keyphraseInDescription":{"score":9,"maxScore":9,"error":0},"keyphraseLength":{"score":9,"maxScore":9,"error":0,"length":1},"keyphraseInURL":{"score":5,"maxScore":5,"error":0},"keyphraseInIntroduction":{"score":9,"maxScore":9,"error":0},"keyphraseInSubHeadings":{"score":3,"maxScore":9,"error":1},"keyphraseInImageAlt":[],"keywordDensity":{"type":"best","score":9,"maxScore":9,"error":0}}},"additional":[]},"canonical_url":null,"og_title":null,"og_description":null,"og_object_type":"default","og_image_type":"default","og_image_custom_url":null,"og_image_custom_fields":null,"og_custom_image_width":null,"og_custom_image_height":null,"og_video":"","og_custom_url":null,"og_article_section":null,"og_article_tags":null,"twitter_use_og":true,"twitter_card":"default","twitter_image_type":"default","twitter_image_custom_url":null,"twitter_image_custom_fields":null,"twitter_title":null,"twitter_description":null,"schema_type":null,"schema_type_options":null,"pillar_content":false,"robots_default":true,"robots_noindex":false,"robots_noarchive":false,"robots_nosnippet":false,"robots_nofollow":false,"robots_noimageindex":false,"robots_noodp":false,"robots_notranslate":false,"robots_max_snippet":"-1","robots_max_videopreview":"-1","robots_max_imagepreview":"none","tabs":null,"priority":null,"frequency":"default","local_seo":null,"created":"2026-03-10 16:38:41","updated":"2026-03-12 14:23:42"},"aioseo_breadcrumb":"<div class=\"aioseo-breadcrumbs\"><span class=\"aioseo-breadcrumb\">\n\t<a href=\"https:\/\/staytv.cr\" title=\"Home\">Home<\/a>\n<\/span><span class=\"aioseo-breadcrumb-separator\">&raquo;<\/span><span class=\"aioseo-breadcrumb\">\n\t<a href=\"https:\/\/staytv.cr\/index.php\/category\/nacional\/\" title=\"NACIONAL\">NACIONAL<\/a>\n<\/span><span class=\"aioseo-breadcrumb-separator\">&raquo;<\/span><span class=\"aioseo-breadcrumb\">\n\tEl negocio del Wellness: C\u00f3mo el turismo de bienestar reactiva la econom\u00eda rural\n<\/span><\/div>","aioseo_breadcrumb_json":[{"label":"Home","link":"https:\/\/staytv.cr"},{"label":"NACIONAL","link":"https:\/\/staytv.cr\/index.php\/category\/nacional\/"},{"label":"El negocio del Wellness: C\u00f3mo el turismo de bienestar reactiva la econom\u00eda rural","link":"https:\/\/staytv.cr\/index.php\/2026\/03\/12\/costa-rica-impulsa-viajes-bienestar-naturaleza\/"}],"_links":{"self":[{"href":"https:\/\/staytv.cr\/index.php\/wp-json\/wp\/v2\/posts\/31191","targetHints":{"allow":["GET"]}}],"collection":[{"href":"https:\/\/staytv.cr\/index.php\/wp-json\/wp\/v2\/posts"}],"about":[{"href":"https:\/\/staytv.cr\/index.php\/wp-json\/wp\/v2\/types\/post"}],"author":[{"embeddable":true,"href":"https:\/\/staytv.cr\/index.php\/wp-json\/wp\/v2\/users\/11"}],"replies":[{"embeddable":true,"href":"https:\/\/staytv.cr\/index.php\/wp-json\/wp\/v2\/comments?post=31191"}],"version-history":[{"count":3,"href":"https:\/\/staytv.cr\/index.php\/wp-json\/wp\/v2\/posts\/31191\/revisions"}],"predecessor-version":[{"id":31326,"href":"https:\/\/staytv.cr\/index.php\/wp-json\/wp\/v2\/posts\/31191\/revisions\/31326"}],"wp:featuredmedia":[{"embeddable":true,"href":"https:\/\/staytv.cr\/index.php\/wp-json\/wp\/v2\/media\/31325"}],"wp:attachment":[{"href":"https:\/\/staytv.cr\/index.php\/wp-json\/wp\/v2\/media?parent=31191"}],"wp:term":[{"taxonomy":"category","embeddable":true,"href":"https:\/\/staytv.cr\/index.php\/wp-json\/wp\/v2\/categories?post=31191"},{"taxonomy":"post_tag","embeddable":true,"href":"https:\/\/staytv.cr\/index.php\/wp-json\/wp\/v2\/tags?post=31191"}],"curies":[{"name":"wp","href":"https:\/\/api.w.org\/{rel}","templated":true}]}}