{"id":31193,"date":"2026-03-12T16:31:58","date_gmt":"2026-03-12T22:31:58","guid":{"rendered":"https:\/\/staytv.cr\/?p=31193"},"modified":"2026-03-12T16:31:58","modified_gmt":"2026-03-12T22:31:58","slug":"vehiculos-electricos-byd-acelera-carga-rapida","status":"publish","type":"post","link":"https:\/\/staytv.cr\/index.php\/2026\/03\/12\/vehiculos-electricos-byd-acelera-carga-rapida\/","title":{"rendered":"Veh\u00edculos el\u00e9ctricos: El plan de BYD para eliminar el miedo a la carga lenta"},"content":{"rendered":"<p>Veh\u00edculos el\u00e9ctricos: Mientras BYD impulsa carga r\u00e1pida en China, el MEIC en Costa Rica revela resultados de fiscalizaci\u00f3n en garant\u00edas de EVs.<!--more--><\/p>\n<h1>Transformaci\u00f3n de los veh\u00edculos el\u00e9ctricos: Entre la carga r\u00e1pida de BYD y la protecci\u00f3n al consumidor tico<\/h1>\n<p>El mercado de los <strong>veh\u00edculos el\u00e9ctricos<\/strong> atraviesa una fase de reajuste estrat\u00e9gico a nivel global. Mientras el gigante chino BYD anuncia una intensificaci\u00f3n en su infraestructura de carga r\u00e1pida para contrarrestar la desaceleraci\u00f3n del mercado en Asia, en Costa Rica el Ministerio de Econom\u00eda, Industria y Comercio (MEIC) ha puesto bajo la lupa la transparencia de las garant\u00edas que las agencias ofrecen a los compradores locales. Para un an\u00e1lisis profundo sobre las tendencias de mercado y finanzas, visite la secci\u00f3n de <a href=\"https:\/\/staytv.cr\/index.php\/category\/economics\/\">Econom\u00eda en STAY TV<\/a>.<\/p>\n<h2>BYD: Carga r\u00e1pida como respuesta a la desaceleraci\u00f3n<\/h2>\n<p>Ante las se\u00f1ales de enfriamiento en el mercado el\u00e9ctrico de China \u2014el m\u00e1s grande del mundo\u2014, BYD ha decidido apostar por la mejora de la experiencia del usuario. La empresa busca reducir los tiempos de espera mediante nuevas tecnolog\u00edas de carga r\u00e1pida, un factor cr\u00edtico para mantener la confianza del consumidor tras el recorte de incentivos gubernamentales y la saturaci\u00f3n de ciertos segmentos. Esta movida no solo busca sostener las ventas de <strong>veh\u00edculos el\u00e9ctricos<\/strong> en China, sino marcar un est\u00e1ndar tecnol\u00f3gico que eventualmente impactar\u00e1 a sus mercados de exportaci\u00f3n, incluido el latinoamericano.<\/p>\n<h2>Costa Rica: MEIC fiscaliza el mercado de veh\u00edculos el\u00e9ctricos y de combusti\u00f3n<\/h2>\n<p>En el contexto local, la adopci\u00f3n de la movilidad el\u00e9ctrica no solo depende de la carga, sino de la seguridad jur\u00eddica del comprador. El MEIC realiz\u00f3 recientemente una fiscalizaci\u00f3n de mercado para analizar si los documentos de garant\u00eda de veh\u00edculos nuevos y usados, tanto el\u00e9ctricos como de combusti\u00f3n, cumplen con la legislaci\u00f3n nacional (Ley N\u00b07472). El objetivo es asegurar que la informaci\u00f3n entregada sea clara, veraz y en espa\u00f1ol, protegiendo el derecho irrenunciable del consumidor a la garant\u00eda impl\u00edcita.<\/p>\n<p>Seg\u00fan el informe del MEIC, se fiscalizaron agencias de gran relevancia en el pa\u00eds que manejan <strong>veh\u00edculos el\u00e9ctricos<\/strong>, como Grupo Q, Veinsa, Purdy y Cori Motors. La revisi\u00f3n busca que elementos cr\u00edticos como la vigencia de la garant\u00eda, los t\u00e9rminos de cobertura y las exclusiones est\u00e9n detallados de forma que no induzcan al error, un paso fundamental para fortalecer un mercado que a\u00fan genera dudas t\u00e9cnicas entre los nuevos usuarios de tecnolog\u00eda EV.<\/p>\n<h2>Implicaciones econ\u00f3micas: Confianza e infraestructura<\/h2>\n<p>La combinaci\u00f3n de una mejor infraestructura de carga (liderada por fabricantes como BYD) y una regulaci\u00f3n robusta de las garant\u00edas (liderada por el MEIC) es la f\u00f3rmula para estabilizar el crecimiento de los <strong>veh\u00edculos el\u00e9ctricos<\/strong>. En Costa Rica, el cumplimiento de los art\u00edculos 34 y 43 de la Ley de Promoci\u00f3n de la Competencia es vital para que el consumidor perciba la movilidad el\u00e9ctrica como una inversi\u00f3n segura a largo plazo y no solo como una tendencia pasajera.<\/p>\n<div style=\"background: #1a1a1a; padding: 25px; border-radius: 8px; margin: 25px 0; border: 1px solid #333; font-family: sans-serif; color: #fff;\">\n<h4 style=\"margin-top: 0; text-align: center; color: #f5a623;\">Resultados de Fiscalizaci\u00f3n MEIC 2026 &#8211; Agencias EV<\/h4>\n<table style=\"width: 100%; font-size: 12px; border-collapse: collapse; text-align: left; margin-top: 15px;\">\n<thead>\n<tr style=\"border-bottom: 2px solid #444;\">\n<th style=\"padding: 10px;\">Agencia Fiscalizada<\/th>\n<th style=\"padding: 10px;\">Tipo de Veh\u00edculos<\/th>\n<\/tr>\n<\/thead>\n<tbody>\n<tr style=\"border-bottom: 1px solid #222;\">\n<td style=\"padding: 10px;\">Grupo Q \/ Veinsa \/ Vetrasa<\/td>\n<td style=\"padding: 10px;\">Nuevos y usados (El\u00e9ctricos y Combusti\u00f3n)<\/td>\n<\/tr>\n<tr style=\"border-bottom: 1px solid #222;\">\n<td style=\"padding: 10px;\">Cori Motors \/ Cori Car<\/td>\n<td style=\"padding: 10px;\">Nuevos (El\u00e9ctricos y Combusti\u00f3n)<\/td>\n<\/tr>\n<tr style=\"border-bottom: 1px solid #222;\">\n<td style=\"padding: 10px;\">Agencia Datsun \/ Purdy<\/td>\n<td style=\"padding: 10px;\">Nuevos y usados (El\u00e9ctricos y Combusti\u00f3n)<\/td>\n<\/tr>\n<tr>\n<td style=\"padding: 10px;\">Puntos evaluados<\/td>\n<td style=\"padding: 10px;\">Claridad en plazos, exclusiones y cobertura t\u00e9cnica.<\/td>\n<\/tr>\n<\/tbody>\n<\/table>\n<\/div>\n<p>El mercado de los <strong>veh\u00edculos el\u00e9ctricos<\/strong> evoluciona hacia una mayor madurez, donde la tecnolog\u00eda de carga y la transparencia contractual ser\u00e1n los pilares de la pr\u00f3xima fase de adopci\u00f3n masiva. Mant\u00e9ngase informado sobre econom\u00eda y movilidad sostenible en <a href=\"https:\/\/staytv.cr\">STAY TV<\/a>.<\/p>\n<p>Con informaci\u00f3n para STAY TV: <a href=\"https:\/\/staytv.cr\">STAY TV<\/a><\/p>\n<p>&nbsp;<\/p>\n","protected":false},"excerpt":{"rendered":"<p>Veh\u00edculos el\u00e9ctricos: Mientras BYD impulsa carga r\u00e1pida en China, el MEIC en Costa Rica revela resultados de fiscalizaci\u00f3n en garant\u00edas de EVs.<\/p>\n","protected":false},"author":11,"featured_media":31378,"comment_status":"open","ping_status":"open","sticky":false,"template":"","format":"standard","meta":{"episode_type":"","audio_file":"","podmotor_file_id":"","podmotor_episode_id":"","cover_image":"","cover_image_id":"","duration":"","filesize":"","filesize_raw":"","date_recorded":"","explicit":"","block":"","itunes_episode_number":"","itunes_title":"","itunes_season_number":"","itunes_episode_type":"","footnotes":""},"categories":[54,403],"tags":[3470,208,70,374,3799,2555,167,3468],"class_list":{"0":"post-31193","1":"post","2":"type-post","3":"status-publish","4":"format-standard","5":"has-post-thumbnail","7":"category-economics","8":"category-tech","9":"tag-byd","10":"tag-china","11":"tag-costa-rica","12":"tag-economia","13":"tag-garantias","14":"tag-infraestructura","15":"tag-meic","16":"tag-vehiculos-electricos"},"aioseo_notices":[],"aioseo_head":"\n\t\t<!-- All in One SEO Pro 4.8.3.2 - aioseo.com -->\n\t<meta name=\"description\" content=\"veh\u00edculos el\u00e9ctricos: Mientras BYD impulsa carga r\u00e1pida en China, el MEIC en Costa Rica revela resultados de fiscalizaci\u00f3n en garant\u00edas de EVs.\" \/>\n\t<meta name=\"robots\" content=\"max-image-preview:large\" \/>\n\t<meta name=\"author\" content=\"Ryan\"\/>\n\t<link rel=\"canonical\" href=\"https:\/\/staytv.cr\/index.php\/2026\/03\/12\/vehiculos-electricos-byd-acelera-carga-rapida\/\" \/>\n\t<meta name=\"generator\" content=\"All in One SEO Pro (AIOSEO) 4.8.3.2\" \/>\n\t\t<meta property=\"og:locale\" content=\"es_ES\" \/>\n\t\t<meta property=\"og:site_name\" content=\"Staytv - Medio de comunicaci\u00f3n digital de Costa Rica.\" \/>\n\t\t<meta property=\"og:type\" content=\"article\" \/>\n\t\t<meta property=\"og:title\" content=\"veh\u00edculos el\u00e9ctricos: BYD acelera carga r\u00e1pida\" \/>\n\t\t<meta property=\"og:description\" content=\"veh\u00edculos el\u00e9ctricos: Mientras BYD impulsa carga r\u00e1pida en China, el MEIC en Costa Rica revela resultados de fiscalizaci\u00f3n en garant\u00edas de EVs.\" \/>\n\t\t<meta property=\"og:url\" content=\"https:\/\/staytv.cr\/index.php\/2026\/03\/12\/vehiculos-electricos-byd-acelera-carga-rapida\/\" \/>\n\t\t<meta property=\"og:image\" content=\"https:\/\/staytv.cr\/wp-content\/uploads\/Sin-titulo-9-45.jpg\" \/>\n\t\t<meta property=\"og:image:secure_url\" content=\"https:\/\/staytv.cr\/wp-content\/uploads\/Sin-titulo-9-45.jpg\" \/>\n\t\t<meta property=\"og:image:width\" content=\"1280\" \/>\n\t\t<meta property=\"og:image:height\" content=\"720\" \/>\n\t\t<meta property=\"article:published_time\" content=\"2026-03-12T22:31:58+00:00\" \/>\n\t\t<meta property=\"article:modified_time\" content=\"2026-03-12T22:31:58+00:00\" \/>\n\t\t<meta property=\"article:publisher\" content=\"https:\/\/www.facebook.com\/staytvcr\" \/>\n\t\t<meta name=\"twitter:card\" content=\"summary_large_image\" \/>\n\t\t<meta name=\"twitter:title\" content=\"veh\u00edculos el\u00e9ctricos: BYD acelera carga r\u00e1pida\" \/>\n\t\t<meta name=\"twitter:description\" content=\"veh\u00edculos el\u00e9ctricos: Mientras BYD impulsa carga r\u00e1pida en China, el MEIC en Costa Rica revela resultados de fiscalizaci\u00f3n en garant\u00edas de EVs.\" \/>\n\t\t<meta name=\"twitter:image\" content=\"https:\/\/staytv.cr\/wp-content\/uploads\/Sin-titulo-9-45.jpg\" \/>\n\t\t<script type=\"application\/ld+json\" class=\"aioseo-schema\">\n\t\t\t{\"@context\":\"https:\\\/\\\/schema.org\",\"@graph\":[{\"@type\":\"BreadcrumbList\",\"@id\":\"https:\\\/\\\/staytv.cr\\\/index.php\\\/2026\\\/03\\\/12\\\/vehiculos-electricos-byd-acelera-carga-rapida\\\/#breadcrumblist\",\"itemListElement\":[{\"@type\":\"ListItem\",\"@id\":\"https:\\\/\\\/staytv.cr#listItem\",\"position\":1,\"name\":\"Home\",\"item\":\"https:\\\/\\\/staytv.cr\",\"nextItem\":{\"@type\":\"ListItem\",\"@id\":\"https:\\\/\\\/staytv.cr\\\/index.php\\\/category\\\/estilo-de-vida\\\/#listItem\",\"name\":\"ESTILO DE VIDA\"}},{\"@type\":\"ListItem\",\"@id\":\"https:\\\/\\\/staytv.cr\\\/index.php\\\/category\\\/estilo-de-vida\\\/#listItem\",\"position\":2,\"name\":\"ESTILO DE VIDA\",\"item\":\"https:\\\/\\\/staytv.cr\\\/index.php\\\/category\\\/estilo-de-vida\\\/\",\"nextItem\":{\"@type\":\"ListItem\",\"@id\":\"https:\\\/\\\/staytv.cr\\\/index.php\\\/category\\\/estilo-de-vida\\\/tech\\\/#listItem\",\"name\":\"TECNOLOG\\u00cdA\"},\"previousItem\":{\"@type\":\"ListItem\",\"@id\":\"https:\\\/\\\/staytv.cr#listItem\",\"name\":\"Home\"}},{\"@type\":\"ListItem\",\"@id\":\"https:\\\/\\\/staytv.cr\\\/index.php\\\/category\\\/estilo-de-vida\\\/tech\\\/#listItem\",\"position\":3,\"name\":\"TECNOLOG\\u00cdA\",\"item\":\"https:\\\/\\\/staytv.cr\\\/index.php\\\/category\\\/estilo-de-vida\\\/tech\\\/\",\"nextItem\":{\"@type\":\"ListItem\",\"@id\":\"https:\\\/\\\/staytv.cr\\\/index.php\\\/2026\\\/03\\\/12\\\/vehiculos-electricos-byd-acelera-carga-rapida\\\/#listItem\",\"name\":\"Veh\\u00edculos el\\u00e9ctricos: El plan de BYD para eliminar el miedo a la carga lenta\"},\"previousItem\":{\"@type\":\"ListItem\",\"@id\":\"https:\\\/\\\/staytv.cr\\\/index.php\\\/category\\\/estilo-de-vida\\\/#listItem\",\"name\":\"ESTILO DE VIDA\"}},{\"@type\":\"ListItem\",\"@id\":\"https:\\\/\\\/staytv.cr\\\/index.php\\\/2026\\\/03\\\/12\\\/vehiculos-electricos-byd-acelera-carga-rapida\\\/#listItem\",\"position\":4,\"name\":\"Veh\\u00edculos el\\u00e9ctricos: El plan de BYD para eliminar el miedo a la carga lenta\",\"previousItem\":{\"@type\":\"ListItem\",\"@id\":\"https:\\\/\\\/staytv.cr\\\/index.php\\\/category\\\/estilo-de-vida\\\/tech\\\/#listItem\",\"name\":\"TECNOLOG\\u00cdA\"}}]},{\"@type\":\"Organization\",\"@id\":\"https:\\\/\\\/staytv.cr\\\/#organization\",\"name\":\"Stay TV\",\"description\":\"Stay TV es un medio digital de noticias con base en Centroam\\u00e9rica, con cobertura local e internacional desde una mirada asi\\u00e1tica.\",\"url\":\"https:\\\/\\\/staytv.cr\\\/\",\"logo\":{\"@type\":\"ImageObject\",\"url\":\"https:\\\/\\\/staytv.cr\\\/wp-content\\\/uploads\\\/cropped-StayTV_logo_oficial_simple.png\",\"@id\":\"https:\\\/\\\/staytv.cr\\\/index.php\\\/2026\\\/03\\\/12\\\/vehiculos-electricos-byd-acelera-carga-rapida\\\/#organizationLogo\",\"width\":2560,\"height\":769},\"image\":{\"@id\":\"https:\\\/\\\/staytv.cr\\\/index.php\\\/2026\\\/03\\\/12\\\/vehiculos-electricos-byd-acelera-carga-rapida\\\/#organizationLogo\"},\"sameAs\":[\"https:\\\/\\\/www.instagram.com\\\/staytvcr\\\/\"]},{\"@type\":\"Person\",\"@id\":\"https:\\\/\\\/staytv.cr\\\/index.php\\\/author\\\/ryantv\\\/#author\",\"url\":\"https:\\\/\\\/staytv.cr\\\/index.php\\\/author\\\/ryantv\\\/\",\"name\":\"Ryan\",\"image\":{\"@type\":\"ImageObject\",\"url\":\"https:\\\/\\\/secure.gravatar.com\\\/avatar\\\/f95152fd26e0540ce723631868753fd2ae822574fa609b52b1b123eea57755e2?s=96&d=mm&r=g\"}},{\"@type\":\"WebPage\",\"@id\":\"https:\\\/\\\/staytv.cr\\\/index.php\\\/2026\\\/03\\\/12\\\/vehiculos-electricos-byd-acelera-carga-rapida\\\/#webpage\",\"url\":\"https:\\\/\\\/staytv.cr\\\/index.php\\\/2026\\\/03\\\/12\\\/vehiculos-electricos-byd-acelera-carga-rapida\\\/\",\"name\":\"veh\\u00edculos el\\u00e9ctricos: BYD acelera carga r\\u00e1pida\",\"description\":\"veh\\u00edculos el\\u00e9ctricos: Mientras BYD impulsa carga r\\u00e1pida en China, el MEIC en Costa Rica revela resultados de fiscalizaci\\u00f3n en garant\\u00edas de EVs.\",\"inLanguage\":\"es-ES\",\"isPartOf\":{\"@id\":\"https:\\\/\\\/staytv.cr\\\/#website\"},\"breadcrumb\":{\"@id\":\"https:\\\/\\\/staytv.cr\\\/index.php\\\/2026\\\/03\\\/12\\\/vehiculos-electricos-byd-acelera-carga-rapida\\\/#breadcrumblist\"},\"author\":{\"@id\":\"https:\\\/\\\/staytv.cr\\\/index.php\\\/author\\\/ryantv\\\/#author\"},\"creator\":{\"@id\":\"https:\\\/\\\/staytv.cr\\\/index.php\\\/author\\\/ryantv\\\/#author\"},\"image\":{\"@type\":\"ImageObject\",\"url\":\"https:\\\/\\\/staytv.cr\\\/wp-content\\\/uploads\\\/Sin-titulo-9-45.jpg\",\"@id\":\"https:\\\/\\\/staytv.cr\\\/index.php\\\/2026\\\/03\\\/12\\\/vehiculos-electricos-byd-acelera-carga-rapida\\\/#mainImage\",\"width\":1280,\"height\":720,\"caption\":\"veh\\u00edculos el\\u00e9ctricos\"},\"primaryImageOfPage\":{\"@id\":\"https:\\\/\\\/staytv.cr\\\/index.php\\\/2026\\\/03\\\/12\\\/vehiculos-electricos-byd-acelera-carga-rapida\\\/#mainImage\"},\"datePublished\":\"2026-03-12T16:31:58-06:00\",\"dateModified\":\"2026-03-12T16:31:58-06:00\"},{\"@type\":\"WebSite\",\"@id\":\"https:\\\/\\\/staytv.cr\\\/#website\",\"url\":\"https:\\\/\\\/staytv.cr\\\/\",\"name\":\"Staytv\",\"description\":\"Medio de comunicaci\\u00f3n digital de Costa Rica.\",\"inLanguage\":\"es-ES\",\"publisher\":{\"@id\":\"https:\\\/\\\/staytv.cr\\\/#organization\"}}]}\n\t\t<\/script>\n\t\t<!-- All in One SEO Pro -->\r\n\t\t<title>veh\u00edculos el\u00e9ctricos: BYD acelera carga r\u00e1pida<\/title>\n\n","aioseo_head_json":{"title":"veh\u00edculos el\u00e9ctricos: BYD acelera carga r\u00e1pida","description":"veh\u00edculos el\u00e9ctricos: Mientras BYD impulsa carga r\u00e1pida en China, el MEIC en Costa Rica revela resultados de fiscalizaci\u00f3n en garant\u00edas de EVs.","canonical_url":"https:\/\/staytv.cr\/index.php\/2026\/03\/12\/vehiculos-electricos-byd-acelera-carga-rapida\/","robots":"max-image-preview:large","keywords":"","webmasterTools":{"miscellaneous":""},"schema":{"@context":"https:\/\/schema.org","@graph":[{"@type":"BreadcrumbList","@id":"https:\/\/staytv.cr\/index.php\/2026\/03\/12\/vehiculos-electricos-byd-acelera-carga-rapida\/#breadcrumblist","itemListElement":[{"@type":"ListItem","@id":"https:\/\/staytv.cr#listItem","position":1,"name":"Home","item":"https:\/\/staytv.cr","nextItem":{"@type":"ListItem","@id":"https:\/\/staytv.cr\/index.php\/category\/estilo-de-vida\/#listItem","name":"ESTILO DE VIDA"}},{"@type":"ListItem","@id":"https:\/\/staytv.cr\/index.php\/category\/estilo-de-vida\/#listItem","position":2,"name":"ESTILO DE VIDA","item":"https:\/\/staytv.cr\/index.php\/category\/estilo-de-vida\/","nextItem":{"@type":"ListItem","@id":"https:\/\/staytv.cr\/index.php\/category\/estilo-de-vida\/tech\/#listItem","name":"TECNOLOG\u00cdA"},"previousItem":{"@type":"ListItem","@id":"https:\/\/staytv.cr#listItem","name":"Home"}},{"@type":"ListItem","@id":"https:\/\/staytv.cr\/index.php\/category\/estilo-de-vida\/tech\/#listItem","position":3,"name":"TECNOLOG\u00cdA","item":"https:\/\/staytv.cr\/index.php\/category\/estilo-de-vida\/tech\/","nextItem":{"@type":"ListItem","@id":"https:\/\/staytv.cr\/index.php\/2026\/03\/12\/vehiculos-electricos-byd-acelera-carga-rapida\/#listItem","name":"Veh\u00edculos el\u00e9ctricos: El plan de BYD para eliminar el miedo a la carga lenta"},"previousItem":{"@type":"ListItem","@id":"https:\/\/staytv.cr\/index.php\/category\/estilo-de-vida\/#listItem","name":"ESTILO DE VIDA"}},{"@type":"ListItem","@id":"https:\/\/staytv.cr\/index.php\/2026\/03\/12\/vehiculos-electricos-byd-acelera-carga-rapida\/#listItem","position":4,"name":"Veh\u00edculos el\u00e9ctricos: El plan de BYD para eliminar el miedo a la carga lenta","previousItem":{"@type":"ListItem","@id":"https:\/\/staytv.cr\/index.php\/category\/estilo-de-vida\/tech\/#listItem","name":"TECNOLOG\u00cdA"}}]},{"@type":"Organization","@id":"https:\/\/staytv.cr\/#organization","name":"Stay TV","description":"Stay TV es un medio digital de noticias con base en Centroam\u00e9rica, con cobertura local e internacional desde una mirada asi\u00e1tica.","url":"https:\/\/staytv.cr\/","logo":{"@type":"ImageObject","url":"https:\/\/staytv.cr\/wp-content\/uploads\/cropped-StayTV_logo_oficial_simple.png","@id":"https:\/\/staytv.cr\/index.php\/2026\/03\/12\/vehiculos-electricos-byd-acelera-carga-rapida\/#organizationLogo","width":2560,"height":769},"image":{"@id":"https:\/\/staytv.cr\/index.php\/2026\/03\/12\/vehiculos-electricos-byd-acelera-carga-rapida\/#organizationLogo"},"sameAs":["https:\/\/www.instagram.com\/staytvcr\/"]},{"@type":"Person","@id":"https:\/\/staytv.cr\/index.php\/author\/ryantv\/#author","url":"https:\/\/staytv.cr\/index.php\/author\/ryantv\/","name":"Ryan","image":{"@type":"ImageObject","url":"https:\/\/secure.gravatar.com\/avatar\/f95152fd26e0540ce723631868753fd2ae822574fa609b52b1b123eea57755e2?s=96&d=mm&r=g"}},{"@type":"WebPage","@id":"https:\/\/staytv.cr\/index.php\/2026\/03\/12\/vehiculos-electricos-byd-acelera-carga-rapida\/#webpage","url":"https:\/\/staytv.cr\/index.php\/2026\/03\/12\/vehiculos-electricos-byd-acelera-carga-rapida\/","name":"veh\u00edculos el\u00e9ctricos: BYD acelera carga r\u00e1pida","description":"veh\u00edculos el\u00e9ctricos: Mientras BYD impulsa carga r\u00e1pida en China, el MEIC en Costa Rica revela resultados de fiscalizaci\u00f3n en garant\u00edas de EVs.","inLanguage":"es-ES","isPartOf":{"@id":"https:\/\/staytv.cr\/#website"},"breadcrumb":{"@id":"https:\/\/staytv.cr\/index.php\/2026\/03\/12\/vehiculos-electricos-byd-acelera-carga-rapida\/#breadcrumblist"},"author":{"@id":"https:\/\/staytv.cr\/index.php\/author\/ryantv\/#author"},"creator":{"@id":"https:\/\/staytv.cr\/index.php\/author\/ryantv\/#author"},"image":{"@type":"ImageObject","url":"https:\/\/staytv.cr\/wp-content\/uploads\/Sin-titulo-9-45.jpg","@id":"https:\/\/staytv.cr\/index.php\/2026\/03\/12\/vehiculos-electricos-byd-acelera-carga-rapida\/#mainImage","width":1280,"height":720,"caption":"veh\u00edculos el\u00e9ctricos"},"primaryImageOfPage":{"@id":"https:\/\/staytv.cr\/index.php\/2026\/03\/12\/vehiculos-electricos-byd-acelera-carga-rapida\/#mainImage"},"datePublished":"2026-03-12T16:31:58-06:00","dateModified":"2026-03-12T16:31:58-06:00"},{"@type":"WebSite","@id":"https:\/\/staytv.cr\/#website","url":"https:\/\/staytv.cr\/","name":"Staytv","description":"Medio de comunicaci\u00f3n digital de Costa Rica.","inLanguage":"es-ES","publisher":{"@id":"https:\/\/staytv.cr\/#organization"}}]},"og:locale":"es_ES","og:site_name":"Staytv - Medio de comunicaci\u00f3n digital de Costa Rica.","og:type":"article","og:title":"veh\u00edculos el\u00e9ctricos: BYD acelera carga r\u00e1pida","og:description":"veh\u00edculos el\u00e9ctricos: Mientras BYD impulsa carga r\u00e1pida en China, el MEIC en Costa Rica revela resultados de fiscalizaci\u00f3n en garant\u00edas de EVs.","og:url":"https:\/\/staytv.cr\/index.php\/2026\/03\/12\/vehiculos-electricos-byd-acelera-carga-rapida\/","og:image":"https:\/\/staytv.cr\/wp-content\/uploads\/Sin-titulo-9-45.jpg","og:image:secure_url":"https:\/\/staytv.cr\/wp-content\/uploads\/Sin-titulo-9-45.jpg","og:image:width":1280,"og:image:height":720,"article:published_time":"2026-03-12T22:31:58+00:00","article:modified_time":"2026-03-12T22:31:58+00:00","article:publisher":"https:\/\/www.facebook.com\/staytvcr","twitter:card":"summary_large_image","twitter:title":"veh\u00edculos el\u00e9ctricos: BYD acelera carga r\u00e1pida","twitter:description":"veh\u00edculos el\u00e9ctricos: Mientras BYD impulsa carga r\u00e1pida en China, el MEIC en Costa Rica revela resultados de fiscalizaci\u00f3n en garant\u00edas de EVs.","twitter:image":"https:\/\/staytv.cr\/wp-content\/uploads\/Sin-titulo-9-45.jpg"},"aioseo_meta_data":{"post_id":"31193","title":"veh\u00edculos el\u00e9ctricos: BYD acelera carga r\u00e1pida","description":"veh\u00edculos el\u00e9ctricos: Mientras BYD impulsa carga r\u00e1pida en China, el MEIC en Costa Rica revela resultados de fiscalizaci\u00f3n en garant\u00edas de EVs.","keywords":null,"keyphrases":{"focus":{"keyphrase":"veh\u00edculos el\u00e9ctricos","score":90,"analysis":{"keyphraseInTitle":{"score":9,"maxScore":9,"error":0},"keyphraseInDescription":{"score":9,"maxScore":9,"error":0},"keyphraseLength":{"score":9,"maxScore":9,"error":0,"length":4},"keyphraseInURL":[],"keyphraseInIntroduction":{"score":9,"maxScore":9,"error":0},"keyphraseInSubHeadings":{"score":9,"maxScore":9,"error":0},"keyphraseInImageAlt":{"score":3,"maxScore":9,"error":1},"keywordDensity":{"type":"best","score":9,"maxScore":9,"error":0}}},"additional":[]},"canonical_url":null,"og_title":null,"og_description":null,"og_object_type":"default","og_image_type":"default","og_image_custom_url":null,"og_image_custom_fields":null,"og_custom_image_width":null,"og_custom_image_height":null,"og_video":"","og_custom_url":null,"og_article_section":null,"og_article_tags":null,"twitter_use_og":true,"twitter_card":"default","twitter_image_type":"default","twitter_image_custom_url":null,"twitter_image_custom_fields":null,"twitter_title":null,"twitter_description":null,"schema_type":null,"schema_type_options":null,"pillar_content":false,"robots_default":true,"robots_noindex":false,"robots_noarchive":false,"robots_nosnippet":false,"robots_nofollow":false,"robots_noimageindex":false,"robots_noodp":false,"robots_notranslate":false,"robots_max_snippet":"-1","robots_max_videopreview":"-1","robots_max_imagepreview":"none","tabs":null,"priority":null,"frequency":"default","local_seo":null,"created":"2026-03-10 19:50:38","updated":"2026-03-12 22:31:59"},"aioseo_breadcrumb":"<div class=\"aioseo-breadcrumbs\"><span class=\"aioseo-breadcrumb\">\n\t<a href=\"https:\/\/staytv.cr\" title=\"Home\">Home<\/a>\n<\/span><span class=\"aioseo-breadcrumb-separator\">&raquo;<\/span><span class=\"aioseo-breadcrumb\">\n\t<a href=\"https:\/\/staytv.cr\/index.php\/category\/estilo-de-vida\/\" title=\"ESTILO DE VIDA\">ESTILO DE VIDA<\/a>\n<\/span><span class=\"aioseo-breadcrumb-separator\">&raquo;<\/span><span class=\"aioseo-breadcrumb\">\n\t<a href=\"https:\/\/staytv.cr\/index.php\/category\/estilo-de-vida\/tech\/\" title=\"TECNOLOG\u00cdA\">TECNOLOG\u00cdA<\/a>\n<\/span><span class=\"aioseo-breadcrumb-separator\">&raquo;<\/span><span class=\"aioseo-breadcrumb\">\n\tVeh\u00edculos el\u00e9ctricos: El plan de BYD para eliminar el miedo a la carga lenta\n<\/span><\/div>","aioseo_breadcrumb_json":[{"label":"Home","link":"https:\/\/staytv.cr"},{"label":"ESTILO DE VIDA","link":"https:\/\/staytv.cr\/index.php\/category\/estilo-de-vida\/"},{"label":"TECNOLOG\u00cdA","link":"https:\/\/staytv.cr\/index.php\/category\/estilo-de-vida\/tech\/"},{"label":"Veh\u00edculos el\u00e9ctricos: El plan de BYD para eliminar el miedo a la carga lenta","link":"https:\/\/staytv.cr\/index.php\/2026\/03\/12\/vehiculos-electricos-byd-acelera-carga-rapida\/"}],"_links":{"self":[{"href":"https:\/\/staytv.cr\/index.php\/wp-json\/wp\/v2\/posts\/31193","targetHints":{"allow":["GET"]}}],"collection":[{"href":"https:\/\/staytv.cr\/index.php\/wp-json\/wp\/v2\/posts"}],"about":[{"href":"https:\/\/staytv.cr\/index.php\/wp-json\/wp\/v2\/types\/post"}],"author":[{"embeddable":true,"href":"https:\/\/staytv.cr\/index.php\/wp-json\/wp\/v2\/users\/11"}],"replies":[{"embeddable":true,"href":"https:\/\/staytv.cr\/index.php\/wp-json\/wp\/v2\/comments?post=31193"}],"version-history":[{"count":3,"href":"https:\/\/staytv.cr\/index.php\/wp-json\/wp\/v2\/posts\/31193\/revisions"}],"predecessor-version":[{"id":31379,"href":"https:\/\/staytv.cr\/index.php\/wp-json\/wp\/v2\/posts\/31193\/revisions\/31379"}],"wp:featuredmedia":[{"embeddable":true,"href":"https:\/\/staytv.cr\/index.php\/wp-json\/wp\/v2\/media\/31378"}],"wp:attachment":[{"href":"https:\/\/staytv.cr\/index.php\/wp-json\/wp\/v2\/media?parent=31193"}],"wp:term":[{"taxonomy":"category","embeddable":true,"href":"https:\/\/staytv.cr\/index.php\/wp-json\/wp\/v2\/categories?post=31193"},{"taxonomy":"post_tag","embeddable":true,"href":"https:\/\/staytv.cr\/index.php\/wp-json\/wp\/v2\/tags?post=31193"}],"curies":[{"name":"wp","href":"https:\/\/api.w.org\/{rel}","templated":true}]}}