{"id":31233,"date":"2026-03-10T11:13:16","date_gmt":"2026-03-10T17:13:16","guid":{"rendered":"https:\/\/staytv.cr\/?p=31233"},"modified":"2026-03-10T11:13:16","modified_gmt":"2026-03-10T17:13:16","slug":"ministerio-de-salud-descarta-caso-sospechoso-de-sarampion","status":"publish","type":"post","link":"https:\/\/staytv.cr\/index.php\/2026\/03\/10\/ministerio-de-salud-descarta-caso-sospechoso-de-sarampion\/","title":{"rendered":"Ministerio de Salud descarta caso sospechoso de sarampi\u00f3n"},"content":{"rendered":"<p>Sarampi\u00f3n: INCIENSA descarta caso en Liceo de Moravia y Ministerio de Salud levanta suspensi\u00f3n de clases; dos casos confirmados en brote activo.<!--more--><\/p>\n<h1>Clases vuelven al Liceo de Moravia: Ministerio de Salud descarta caso sospechoso de sarampi\u00f3n tras resultados negativos del INCIENSA<\/h1>\n<p>Buenas noticias para la comunidad educativa de <strong>Moravia<\/strong>. El <strong>Ministerio de Salud<\/strong> inform\u00f3 este <strong>lunes 9 de marzo de 2026<\/strong> que el caso sospechoso de <strong>sarampi\u00f3n<\/strong> identificado en el <strong>Liceo de Moravia<\/strong> fue <strong>descartado<\/strong>, luego de que los resultados de laboratorio analizados por el <strong>Centro Nacional de Referencia Virol\u00f3gica del INCIENSA<\/strong> dieran <strong>negativo<\/strong>, de acuerdo con el comunicado oficial de la instituci\u00f3n. En consecuencia, el <strong>Ministerio de Salud<\/strong> levant\u00f3 la medida preventiva emitida al <strong>Ministerio de Educaci\u00f3n P\u00fablica (MEP)<\/strong> de suspender las lecciones en ese centro educativo, por lo que las <strong>clases se reanudar\u00e1n este martes 10 de marzo con total normalidad<\/strong>, seg\u00fan el mismo comunicado. Para m\u00e1s informaci\u00f3n sobre salud p\u00fablica y actualidad nacional, visite la secci\u00f3n de <a href=\"https:\/\/staytv.cr\/index.php\/category\/nacional\/\">noticias nacionales en STAY TV<\/a>.<\/p>\n<p>La suspensi\u00f3n preventiva hab\u00eda sido ordenada el propio lunes por la ma\u00f1ana, como medida de contenci\u00f3n mientras los equipos t\u00e9cnicos del <strong>Ministerio de Salud<\/strong> y la <strong>Caja Costarricense de Seguro Social (CCSS)<\/strong> completaban los an\u00e1lisis de laboratorio y el seguimiento epidemiol\u00f3gico correspondiente. La rapidez con que se obtuvo el resultado negativo \u2014y la inmediatez con que las autoridades levantaron la medida preventiva\u2014 refleja la capacidad de respuesta del sistema de vigilancia epidemiol\u00f3gica costarricense ante alertas de este tipo.<\/p>\n<h2>Los dos casos confirmados: Pococ\u00ed y Dulce Nombre de Coronado<\/h2>\n<p>Aunque el caso sospechoso del Liceo de Moravia fue descartado, el <strong>Ministerio de Salud<\/strong> confirm\u00f3 que s\u00ed existen <strong>dos casos activos de sarampi\u00f3n<\/strong> en Costa Rica, ambos vinculados a un <strong>mismo brote<\/strong>. El primero corresponde a una <strong>menor de edad vecina de Pococ\u00ed<\/strong> y el segundo a una <strong>mujer de 41 a\u00f1os vecina de Dulce Nombre de Coronado<\/strong>, de acuerdo con el comunicado oficial. Ambas personas se encuentran <strong>evolucionando de forma satisfactoria<\/strong> y no han presentado complicaciones, seg\u00fan la misma fuente.<\/p>\n<p>La confirmaci\u00f3n de que ambos casos est\u00e1n asociados a un <strong>mismo brote<\/strong> es un dato epidemiol\u00f3gico relevante: indica que existe una cadena de transmisi\u00f3n identificada entre los dos casos, lo que orienta los esfuerzos de contenci\u00f3n hacia el rastreo de contactos compartidos y la verificaci\u00f3n de los esquemas de vacunaci\u00f3n en los entornos de ambas personas. El <strong>Ministerio de Salud<\/strong> y la <strong>CCSS<\/strong> contin\u00faan ejecutando las acciones epidemiol\u00f3gicas correspondientes, seg\u00fan el comunicado oficial.<\/p>\n<h3>La medida que se mantiene: programa del Ministerio de Cultura y Juventud<\/h3>\n<p>Si bien las clases en el <strong>Liceo de Moravia<\/strong> se reanudan con normalidad, el <strong>Ministerio de Salud<\/strong> aclar\u00f3 que se <strong>mantiene la suspensi\u00f3n preventiva<\/strong> de actividades vinculadas a un programa del <strong>Ministerio de Cultura y Juventud<\/strong>, como parte de las medidas de control epidemiol\u00f3gico activas, de acuerdo con el comunicado oficial. Esta distinci\u00f3n es importante: el levantamiento de la suspensi\u00f3n de clases no implica el fin de todas las medidas preventivas, sino \u00fanicamente aquellas que han perdido su justificaci\u00f3n tras los resultados negativos de laboratorio.<\/p>\n<p>El <strong>personal del Ministerio de Salud y de la CCSS<\/strong> contin\u00faa en terreno, realizando el seguimiento de contactos, la verificaci\u00f3n de esquemas de vacunaci\u00f3n y los an\u00e1lisis cl\u00ednicos necesarios para garantizar que el brote identificado no se extienda a nuevas personas o comunidades, de acuerdo con el comunicado oficial.<\/p>\n<h2>La vigilancia contin\u00faa: s\u00edntomas que no deben ignorarse<\/h2>\n<p>Pese al resultado negativo en Moravia y a la buena evoluci\u00f3n de los dos casos confirmados, el <strong>Ministerio de Salud<\/strong> mantuvo su llamado a la poblaci\u00f3n a mantenerse alerta. Los s\u00edntomas compatibles con el <strong>sarampi\u00f3n<\/strong> que deben motivar una consulta m\u00e9dica inmediata son, de acuerdo con el comunicado oficial: <strong>fiebre alta superior a 39\u00b0C, dolor o malestar general en el cuerpo, secreci\u00f3n nasal, tos, conjuntivitis<\/strong> \u2014ojos rojos\u2014 y <strong>erupci\u00f3n o manchas en la piel<\/strong>. Ante la presencia de cualquiera de estos signos, la instrucci\u00f3n es acudir de forma inmediata al centro de salud m\u00e1s cercano para valoraci\u00f3n m\u00e9dica.<\/p>\n<p>La recomendaci\u00f3n adquiere especial relevancia en el contexto de un brote activo con dos casos confirmados. Aunque la situaci\u00f3n est\u00e1 bajo control y sin complicaciones reportadas, la naturaleza altamente contagiosa del <strong>sarampi\u00f3n<\/strong> \u2014que puede transmitirse desde cuatro d\u00edas antes de que aparezcan los s\u00edntomas\u2014 exige que cualquier persona con signos compatibles no espere ni minimice su condici\u00f3n. La detecci\u00f3n y el aislamiento tempranos son las herramientas m\u00e1s eficaces para evitar que el brote se ampl\u00ede, seg\u00fan el propio protocolo institucional del <strong>Ministerio de Salud<\/strong>.<\/p>\n<h2>Un sistema de respuesta que funcion\u00f3<\/h2>\n<p>El episodio del <strong>Liceo de Moravia<\/strong> \u2014desde la alerta inicial hasta el levantamiento de la suspensi\u00f3n en pocas horas\u2014 es un ejemplo de c\u00f3mo debe operar un sistema de vigilancia epidemiol\u00f3gica eficaz. La identificaci\u00f3n oportuna del caso sospechoso, la activaci\u00f3n inmediata de los protocolos de laboratorio del <strong>INCIENSA<\/strong>, la medida preventiva sobre las lecciones y el levantamiento r\u00e1pido de esa medida una vez descartado el riesgo constituyen una secuencia de respuesta institucional que protegi\u00f3 a la comunidad educativa sin prolongar innecesariamente la interrupci\u00f3n de las clases.<\/p>\n<p>El <strong>Ministerio de Salud<\/strong> anunci\u00f3 que continuar\u00e1 informando a la poblaci\u00f3n conforme se obtengan nuevos resultados de la investigaci\u00f3n epidemiol\u00f3gica en curso. La situaci\u00f3n del brote con los dos casos confirmados en <strong>Pococ\u00ed<\/strong> y <strong>Dulce Nombre de Coronado<\/strong> sigue bajo seguimiento activo. Para m\u00e1s cobertura sobre salud p\u00fablica y actualidad en Costa Rica, siga inform\u00e1ndose en <a href=\"https:\/\/staytv.cr\/index.php\/category\/nacional\/\">STAY TV Nacional<\/a>.<\/p>\n<p>Con informaci\u00f3n para STAY TV: <a href=\"https:\/\/staytv.cr\">STAY TV<\/a><\/p>\n<p>&nbsp;<\/p>\n","protected":false},"excerpt":{"rendered":"<p>Sarampi\u00f3n: INCIENSA descarta caso en Liceo de Moravia y Ministerio de Salud levanta suspensi\u00f3n de clases; dos casos confirmados en brote activo.<\/p>\n","protected":false},"author":10,"featured_media":31234,"comment_status":"open","ping_status":"open","sticky":false,"template":"","format":"standard","meta":{"episode_type":"","audio_file":"","podmotor_file_id":"","podmotor_episode_id":"","cover_image":"","cover_image_id":"","duration":"","filesize":"","filesize_raw":"","date_recorded":"","explicit":"","block":"","itunes_episode_number":"","itunes_title":"","itunes_season_number":"","itunes_episode_type":"","footnotes":""},"categories":[13],"tags":[5952,136,5951,5223,2939,5916,1134,359,1344,5095,2888],"class_list":{"0":"post-31233","1":"post","2":"type-post","3":"status-publish","4":"format-standard","5":"has-post-thumbnail","7":"category-nacional","8":"tag-brote","9":"tag-ccss","10":"tag-dulce-nombre-de-coronado","11":"tag-epidemiologia","12":"tag-inciensa","13":"tag-liceo-de-moravia","14":"tag-ministerio-de-salud","15":"tag-moravia","16":"tag-pococi","17":"tag-sarampion","18":"tag-vacunacion"},"aioseo_notices":[],"aioseo_head":"\n\t\t<!-- All in One SEO Pro 4.8.3.2 - aioseo.com -->\n\t<meta name=\"description\" content=\"Sarampi\u00f3n: INCIENSA descarta caso en Liceo de Moravia y Ministerio de Salud levanta suspensi\u00f3n de clases; dos casos confirmados en brote activo.\" \/>\n\t<meta name=\"robots\" content=\"max-image-preview:large\" \/>\n\t<meta name=\"author\" content=\"Diego Molina\"\/>\n\t<link rel=\"canonical\" href=\"https:\/\/staytv.cr\/index.php\/2026\/03\/10\/ministerio-de-salud-descarta-caso-sospechoso-de-sarampion\/\" \/>\n\t<meta name=\"generator\" content=\"All in One SEO Pro (AIOSEO) 4.8.3.2\" \/>\n\t\t<meta property=\"og:locale\" content=\"es_ES\" \/>\n\t\t<meta property=\"og:site_name\" content=\"Staytv - Medio de comunicaci\u00f3n digital de Costa Rica.\" \/>\n\t\t<meta property=\"og:type\" content=\"article\" \/>\n\t\t<meta property=\"og:title\" content=\"Sarampi\u00f3n: descartan caso en Liceo de Moravia\" \/>\n\t\t<meta property=\"og:description\" content=\"Sarampi\u00f3n: INCIENSA descarta caso en Liceo de Moravia y Ministerio de Salud levanta suspensi\u00f3n de clases; dos casos confirmados en brote activo.\" \/>\n\t\t<meta property=\"og:url\" content=\"https:\/\/staytv.cr\/index.php\/2026\/03\/10\/ministerio-de-salud-descarta-caso-sospechoso-de-sarampion\/\" \/>\n\t\t<meta property=\"og:image\" content=\"https:\/\/staytv.cr\/wp-content\/uploads\/Sin-titulo-5-48.jpg\" \/>\n\t\t<meta property=\"og:image:secure_url\" content=\"https:\/\/staytv.cr\/wp-content\/uploads\/Sin-titulo-5-48.jpg\" \/>\n\t\t<meta property=\"og:image:width\" content=\"1280\" \/>\n\t\t<meta property=\"og:image:height\" content=\"720\" \/>\n\t\t<meta property=\"article:published_time\" content=\"2026-03-10T17:13:16+00:00\" \/>\n\t\t<meta property=\"article:modified_time\" content=\"2026-03-10T17:13:16+00:00\" \/>\n\t\t<meta property=\"article:publisher\" content=\"https:\/\/www.facebook.com\/staytvcr\" \/>\n\t\t<meta name=\"twitter:card\" content=\"summary_large_image\" \/>\n\t\t<meta name=\"twitter:title\" content=\"Sarampi\u00f3n: descartan caso en Liceo de Moravia\" \/>\n\t\t<meta name=\"twitter:description\" content=\"Sarampi\u00f3n: INCIENSA descarta caso en Liceo de Moravia y Ministerio de Salud levanta suspensi\u00f3n de clases; dos casos confirmados en brote activo.\" \/>\n\t\t<meta name=\"twitter:image\" content=\"https:\/\/staytv.cr\/wp-content\/uploads\/Sin-titulo-5-48.jpg\" \/>\n\t\t<script type=\"application\/ld+json\" class=\"aioseo-schema\">\n\t\t\t{\"@context\":\"https:\\\/\\\/schema.org\",\"@graph\":[{\"@type\":\"BreadcrumbList\",\"@id\":\"https:\\\/\\\/staytv.cr\\\/index.php\\\/2026\\\/03\\\/10\\\/ministerio-de-salud-descarta-caso-sospechoso-de-sarampion\\\/#breadcrumblist\",\"itemListElement\":[{\"@type\":\"ListItem\",\"@id\":\"https:\\\/\\\/staytv.cr#listItem\",\"position\":1,\"name\":\"Home\",\"item\":\"https:\\\/\\\/staytv.cr\",\"nextItem\":{\"@type\":\"ListItem\",\"@id\":\"https:\\\/\\\/staytv.cr\\\/index.php\\\/category\\\/nacional\\\/#listItem\",\"name\":\"NACIONAL\"}},{\"@type\":\"ListItem\",\"@id\":\"https:\\\/\\\/staytv.cr\\\/index.php\\\/category\\\/nacional\\\/#listItem\",\"position\":2,\"name\":\"NACIONAL\",\"item\":\"https:\\\/\\\/staytv.cr\\\/index.php\\\/category\\\/nacional\\\/\",\"nextItem\":{\"@type\":\"ListItem\",\"@id\":\"https:\\\/\\\/staytv.cr\\\/index.php\\\/2026\\\/03\\\/10\\\/ministerio-de-salud-descarta-caso-sospechoso-de-sarampion\\\/#listItem\",\"name\":\"Ministerio de Salud descarta caso sospechoso de sarampi\\u00f3n\"},\"previousItem\":{\"@type\":\"ListItem\",\"@id\":\"https:\\\/\\\/staytv.cr#listItem\",\"name\":\"Home\"}},{\"@type\":\"ListItem\",\"@id\":\"https:\\\/\\\/staytv.cr\\\/index.php\\\/2026\\\/03\\\/10\\\/ministerio-de-salud-descarta-caso-sospechoso-de-sarampion\\\/#listItem\",\"position\":3,\"name\":\"Ministerio de Salud descarta caso sospechoso de sarampi\\u00f3n\",\"previousItem\":{\"@type\":\"ListItem\",\"@id\":\"https:\\\/\\\/staytv.cr\\\/index.php\\\/category\\\/nacional\\\/#listItem\",\"name\":\"NACIONAL\"}}]},{\"@type\":\"Organization\",\"@id\":\"https:\\\/\\\/staytv.cr\\\/#organization\",\"name\":\"Stay TV\",\"description\":\"Stay TV es un medio digital de noticias con base en Centroam\\u00e9rica, con cobertura local e internacional desde una mirada asi\\u00e1tica.\",\"url\":\"https:\\\/\\\/staytv.cr\\\/\",\"logo\":{\"@type\":\"ImageObject\",\"url\":\"https:\\\/\\\/staytv.cr\\\/wp-content\\\/uploads\\\/cropped-StayTV_logo_oficial_simple.png\",\"@id\":\"https:\\\/\\\/staytv.cr\\\/index.php\\\/2026\\\/03\\\/10\\\/ministerio-de-salud-descarta-caso-sospechoso-de-sarampion\\\/#organizationLogo\",\"width\":2560,\"height\":769},\"image\":{\"@id\":\"https:\\\/\\\/staytv.cr\\\/index.php\\\/2026\\\/03\\\/10\\\/ministerio-de-salud-descarta-caso-sospechoso-de-sarampion\\\/#organizationLogo\"},\"sameAs\":[\"https:\\\/\\\/www.instagram.com\\\/staytvcr\\\/\"]},{\"@type\":\"Person\",\"@id\":\"https:\\\/\\\/staytv.cr\\\/index.php\\\/author\\\/diegostaytv\\\/#author\",\"url\":\"https:\\\/\\\/staytv.cr\\\/index.php\\\/author\\\/diegostaytv\\\/\",\"name\":\"Diego Molina\",\"image\":{\"@type\":\"ImageObject\",\"url\":\"https:\\\/\\\/secure.gravatar.com\\\/avatar\\\/7d23cb63381aa64750c7e76727c208369ebd6f2565e9dc4c62e323b1ea59af41?s=96&d=mm&r=g\"}},{\"@type\":\"WebPage\",\"@id\":\"https:\\\/\\\/staytv.cr\\\/index.php\\\/2026\\\/03\\\/10\\\/ministerio-de-salud-descarta-caso-sospechoso-de-sarampion\\\/#webpage\",\"url\":\"https:\\\/\\\/staytv.cr\\\/index.php\\\/2026\\\/03\\\/10\\\/ministerio-de-salud-descarta-caso-sospechoso-de-sarampion\\\/\",\"name\":\"Sarampi\\u00f3n: descartan caso en Liceo de Moravia\",\"description\":\"Sarampi\\u00f3n: INCIENSA descarta caso en Liceo de Moravia y Ministerio de Salud levanta suspensi\\u00f3n de clases; dos casos confirmados en brote activo.\",\"inLanguage\":\"es-ES\",\"isPartOf\":{\"@id\":\"https:\\\/\\\/staytv.cr\\\/#website\"},\"breadcrumb\":{\"@id\":\"https:\\\/\\\/staytv.cr\\\/index.php\\\/2026\\\/03\\\/10\\\/ministerio-de-salud-descarta-caso-sospechoso-de-sarampion\\\/#breadcrumblist\"},\"author\":{\"@id\":\"https:\\\/\\\/staytv.cr\\\/index.php\\\/author\\\/diegostaytv\\\/#author\"},\"creator\":{\"@id\":\"https:\\\/\\\/staytv.cr\\\/index.php\\\/author\\\/diegostaytv\\\/#author\"},\"image\":{\"@type\":\"ImageObject\",\"url\":\"https:\\\/\\\/staytv.cr\\\/wp-content\\\/uploads\\\/Sin-titulo-5-48.jpg\",\"@id\":\"https:\\\/\\\/staytv.cr\\\/index.php\\\/2026\\\/03\\\/10\\\/ministerio-de-salud-descarta-caso-sospechoso-de-sarampion\\\/#mainImage\",\"width\":1280,\"height\":720,\"caption\":\"sarampi\\u00f3n, moravia, liceo de moravia, inciensa, ministerio de salud, ccss, pococ\\u00ed, dulce nombre de coronado, brote, vacunaci\\u00f3n, epidemiolog\\u00eda\"},\"primaryImageOfPage\":{\"@id\":\"https:\\\/\\\/staytv.cr\\\/index.php\\\/2026\\\/03\\\/10\\\/ministerio-de-salud-descarta-caso-sospechoso-de-sarampion\\\/#mainImage\"},\"datePublished\":\"2026-03-10T11:13:16-06:00\",\"dateModified\":\"2026-03-10T11:13:16-06:00\"},{\"@type\":\"WebSite\",\"@id\":\"https:\\\/\\\/staytv.cr\\\/#website\",\"url\":\"https:\\\/\\\/staytv.cr\\\/\",\"name\":\"Staytv\",\"description\":\"Medio de comunicaci\\u00f3n digital de Costa Rica.\",\"inLanguage\":\"es-ES\",\"publisher\":{\"@id\":\"https:\\\/\\\/staytv.cr\\\/#organization\"}}]}\n\t\t<\/script>\n\t\t<!-- All in One SEO Pro -->\r\n\t\t<title>Sarampi\u00f3n: descartan caso en Liceo de Moravia<\/title>\n\n","aioseo_head_json":{"title":"Sarampi\u00f3n: descartan caso en Liceo de Moravia","description":"Sarampi\u00f3n: INCIENSA descarta caso en Liceo de Moravia y Ministerio de Salud levanta suspensi\u00f3n de clases; dos casos confirmados en brote activo.","canonical_url":"https:\/\/staytv.cr\/index.php\/2026\/03\/10\/ministerio-de-salud-descarta-caso-sospechoso-de-sarampion\/","robots":"max-image-preview:large","keywords":"","webmasterTools":{"miscellaneous":""},"schema":{"@context":"https:\/\/schema.org","@graph":[{"@type":"BreadcrumbList","@id":"https:\/\/staytv.cr\/index.php\/2026\/03\/10\/ministerio-de-salud-descarta-caso-sospechoso-de-sarampion\/#breadcrumblist","itemListElement":[{"@type":"ListItem","@id":"https:\/\/staytv.cr#listItem","position":1,"name":"Home","item":"https:\/\/staytv.cr","nextItem":{"@type":"ListItem","@id":"https:\/\/staytv.cr\/index.php\/category\/nacional\/#listItem","name":"NACIONAL"}},{"@type":"ListItem","@id":"https:\/\/staytv.cr\/index.php\/category\/nacional\/#listItem","position":2,"name":"NACIONAL","item":"https:\/\/staytv.cr\/index.php\/category\/nacional\/","nextItem":{"@type":"ListItem","@id":"https:\/\/staytv.cr\/index.php\/2026\/03\/10\/ministerio-de-salud-descarta-caso-sospechoso-de-sarampion\/#listItem","name":"Ministerio de Salud descarta caso sospechoso de sarampi\u00f3n"},"previousItem":{"@type":"ListItem","@id":"https:\/\/staytv.cr#listItem","name":"Home"}},{"@type":"ListItem","@id":"https:\/\/staytv.cr\/index.php\/2026\/03\/10\/ministerio-de-salud-descarta-caso-sospechoso-de-sarampion\/#listItem","position":3,"name":"Ministerio de Salud descarta caso sospechoso de sarampi\u00f3n","previousItem":{"@type":"ListItem","@id":"https:\/\/staytv.cr\/index.php\/category\/nacional\/#listItem","name":"NACIONAL"}}]},{"@type":"Organization","@id":"https:\/\/staytv.cr\/#organization","name":"Stay TV","description":"Stay TV es un medio digital de noticias con base en Centroam\u00e9rica, con cobertura local e internacional desde una mirada asi\u00e1tica.","url":"https:\/\/staytv.cr\/","logo":{"@type":"ImageObject","url":"https:\/\/staytv.cr\/wp-content\/uploads\/cropped-StayTV_logo_oficial_simple.png","@id":"https:\/\/staytv.cr\/index.php\/2026\/03\/10\/ministerio-de-salud-descarta-caso-sospechoso-de-sarampion\/#organizationLogo","width":2560,"height":769},"image":{"@id":"https:\/\/staytv.cr\/index.php\/2026\/03\/10\/ministerio-de-salud-descarta-caso-sospechoso-de-sarampion\/#organizationLogo"},"sameAs":["https:\/\/www.instagram.com\/staytvcr\/"]},{"@type":"Person","@id":"https:\/\/staytv.cr\/index.php\/author\/diegostaytv\/#author","url":"https:\/\/staytv.cr\/index.php\/author\/diegostaytv\/","name":"Diego Molina","image":{"@type":"ImageObject","url":"https:\/\/secure.gravatar.com\/avatar\/7d23cb63381aa64750c7e76727c208369ebd6f2565e9dc4c62e323b1ea59af41?s=96&d=mm&r=g"}},{"@type":"WebPage","@id":"https:\/\/staytv.cr\/index.php\/2026\/03\/10\/ministerio-de-salud-descarta-caso-sospechoso-de-sarampion\/#webpage","url":"https:\/\/staytv.cr\/index.php\/2026\/03\/10\/ministerio-de-salud-descarta-caso-sospechoso-de-sarampion\/","name":"Sarampi\u00f3n: descartan caso en Liceo de Moravia","description":"Sarampi\u00f3n: INCIENSA descarta caso en Liceo de Moravia y Ministerio de Salud levanta suspensi\u00f3n de clases; dos casos confirmados en brote activo.","inLanguage":"es-ES","isPartOf":{"@id":"https:\/\/staytv.cr\/#website"},"breadcrumb":{"@id":"https:\/\/staytv.cr\/index.php\/2026\/03\/10\/ministerio-de-salud-descarta-caso-sospechoso-de-sarampion\/#breadcrumblist"},"author":{"@id":"https:\/\/staytv.cr\/index.php\/author\/diegostaytv\/#author"},"creator":{"@id":"https:\/\/staytv.cr\/index.php\/author\/diegostaytv\/#author"},"image":{"@type":"ImageObject","url":"https:\/\/staytv.cr\/wp-content\/uploads\/Sin-titulo-5-48.jpg","@id":"https:\/\/staytv.cr\/index.php\/2026\/03\/10\/ministerio-de-salud-descarta-caso-sospechoso-de-sarampion\/#mainImage","width":1280,"height":720,"caption":"sarampi\u00f3n, moravia, liceo de moravia, inciensa, ministerio de salud, ccss, pococ\u00ed, dulce nombre de coronado, brote, vacunaci\u00f3n, epidemiolog\u00eda"},"primaryImageOfPage":{"@id":"https:\/\/staytv.cr\/index.php\/2026\/03\/10\/ministerio-de-salud-descarta-caso-sospechoso-de-sarampion\/#mainImage"},"datePublished":"2026-03-10T11:13:16-06:00","dateModified":"2026-03-10T11:13:16-06:00"},{"@type":"WebSite","@id":"https:\/\/staytv.cr\/#website","url":"https:\/\/staytv.cr\/","name":"Staytv","description":"Medio de comunicaci\u00f3n digital de Costa Rica.","inLanguage":"es-ES","publisher":{"@id":"https:\/\/staytv.cr\/#organization"}}]},"og:locale":"es_ES","og:site_name":"Staytv - Medio de comunicaci\u00f3n digital de Costa Rica.","og:type":"article","og:title":"Sarampi\u00f3n: descartan caso en Liceo de Moravia","og:description":"Sarampi\u00f3n: INCIENSA descarta caso en Liceo de Moravia y Ministerio de Salud levanta suspensi\u00f3n de clases; dos casos confirmados en brote activo.","og:url":"https:\/\/staytv.cr\/index.php\/2026\/03\/10\/ministerio-de-salud-descarta-caso-sospechoso-de-sarampion\/","og:image":"https:\/\/staytv.cr\/wp-content\/uploads\/Sin-titulo-5-48.jpg","og:image:secure_url":"https:\/\/staytv.cr\/wp-content\/uploads\/Sin-titulo-5-48.jpg","og:image:width":1280,"og:image:height":720,"article:published_time":"2026-03-10T17:13:16+00:00","article:modified_time":"2026-03-10T17:13:16+00:00","article:publisher":"https:\/\/www.facebook.com\/staytvcr","twitter:card":"summary_large_image","twitter:title":"Sarampi\u00f3n: descartan caso en Liceo de Moravia","twitter:description":"Sarampi\u00f3n: INCIENSA descarta caso en Liceo de Moravia y Ministerio de Salud levanta suspensi\u00f3n de clases; dos casos confirmados en brote activo.","twitter:image":"https:\/\/staytv.cr\/wp-content\/uploads\/Sin-titulo-5-48.jpg"},"aioseo_meta_data":{"post_id":"31233","title":"Sarampi\u00f3n: descartan caso en Liceo de Moravia","description":"Sarampi\u00f3n: INCIENSA descarta caso en Liceo de Moravia y Ministerio de Salud levanta suspensi\u00f3n de clases; dos casos confirmados en brote activo.","keywords":null,"keyphrases":{"focus":{"keyphrase":"sarampi\u00f3n","score":81,"analysis":{"keyphraseInTitle":{"score":9,"maxScore":9,"error":0},"keyphraseInDescription":{"score":9,"maxScore":9,"error":0},"keyphraseLength":{"score":9,"maxScore":9,"error":0,"length":2},"keyphraseInURL":[],"keyphraseInIntroduction":{"score":9,"maxScore":9,"error":0},"keyphraseInSubHeadings":{"score":3,"maxScore":9,"error":1},"keyphraseInImageAlt":{"score":3,"maxScore":9,"error":1},"keywordDensity":{"type":"best","score":9,"maxScore":9,"error":0}}},"additional":[]},"canonical_url":null,"og_title":null,"og_description":null,"og_object_type":"default","og_image_type":"default","og_image_custom_url":null,"og_image_custom_fields":null,"og_custom_image_width":null,"og_custom_image_height":null,"og_video":"","og_custom_url":null,"og_article_section":null,"og_article_tags":null,"twitter_use_og":true,"twitter_card":"default","twitter_image_type":"default","twitter_image_custom_url":null,"twitter_image_custom_fields":null,"twitter_title":null,"twitter_description":null,"schema_type":null,"schema_type_options":null,"pillar_content":false,"robots_default":true,"robots_noindex":false,"robots_noarchive":false,"robots_nosnippet":false,"robots_nofollow":false,"robots_noimageindex":false,"robots_noodp":false,"robots_notranslate":false,"robots_max_snippet":"-1","robots_max_videopreview":"-1","robots_max_imagepreview":"none","tabs":null,"priority":null,"frequency":"default","local_seo":null,"created":"2026-03-10 17:13:17","updated":"2026-03-10 17:13:17"},"aioseo_breadcrumb":"<div class=\"aioseo-breadcrumbs\"><span class=\"aioseo-breadcrumb\">\n\t<a href=\"https:\/\/staytv.cr\" title=\"Home\">Home<\/a>\n<\/span><span class=\"aioseo-breadcrumb-separator\">&raquo;<\/span><span class=\"aioseo-breadcrumb\">\n\t<a href=\"https:\/\/staytv.cr\/index.php\/category\/nacional\/\" title=\"NACIONAL\">NACIONAL<\/a>\n<\/span><span class=\"aioseo-breadcrumb-separator\">&raquo;<\/span><span class=\"aioseo-breadcrumb\">\n\tMinisterio de Salud descarta caso sospechoso de sarampi\u00f3n\n<\/span><\/div>","aioseo_breadcrumb_json":[{"label":"Home","link":"https:\/\/staytv.cr"},{"label":"NACIONAL","link":"https:\/\/staytv.cr\/index.php\/category\/nacional\/"},{"label":"Ministerio de Salud descarta caso sospechoso de sarampi\u00f3n","link":"https:\/\/staytv.cr\/index.php\/2026\/03\/10\/ministerio-de-salud-descarta-caso-sospechoso-de-sarampion\/"}],"_links":{"self":[{"href":"https:\/\/staytv.cr\/index.php\/wp-json\/wp\/v2\/posts\/31233","targetHints":{"allow":["GET"]}}],"collection":[{"href":"https:\/\/staytv.cr\/index.php\/wp-json\/wp\/v2\/posts"}],"about":[{"href":"https:\/\/staytv.cr\/index.php\/wp-json\/wp\/v2\/types\/post"}],"author":[{"embeddable":true,"href":"https:\/\/staytv.cr\/index.php\/wp-json\/wp\/v2\/users\/10"}],"replies":[{"embeddable":true,"href":"https:\/\/staytv.cr\/index.php\/wp-json\/wp\/v2\/comments?post=31233"}],"version-history":[{"count":1,"href":"https:\/\/staytv.cr\/index.php\/wp-json\/wp\/v2\/posts\/31233\/revisions"}],"predecessor-version":[{"id":31235,"href":"https:\/\/staytv.cr\/index.php\/wp-json\/wp\/v2\/posts\/31233\/revisions\/31235"}],"wp:featuredmedia":[{"embeddable":true,"href":"https:\/\/staytv.cr\/index.php\/wp-json\/wp\/v2\/media\/31234"}],"wp:attachment":[{"href":"https:\/\/staytv.cr\/index.php\/wp-json\/wp\/v2\/media?parent=31233"}],"wp:term":[{"taxonomy":"category","embeddable":true,"href":"https:\/\/staytv.cr\/index.php\/wp-json\/wp\/v2\/categories?post=31233"},{"taxonomy":"post_tag","embeddable":true,"href":"https:\/\/staytv.cr\/index.php\/wp-json\/wp\/v2\/tags?post=31233"}],"curies":[{"name":"wp","href":"https:\/\/api.w.org\/{rel}","templated":true}]}}