{"id":31343,"date":"2026-03-12T15:15:24","date_gmt":"2026-03-12T21:15:24","guid":{"rendered":"https:\/\/staytv.cr\/?p=31343"},"modified":"2026-03-12T15:15:24","modified_gmt":"2026-03-12T21:15:24","slug":"criminalidad-quepos-menor-fallecido-balacera","status":"publish","type":"post","link":"https:\/\/staytv.cr\/index.php\/2026\/03\/12\/criminalidad-quepos-menor-fallecido-balacera\/","title":{"rendered":"Criminalidad sin l\u00edmites: Un menor fallecido y cuatro heridos tras tiroteo en Quepos"},"content":{"rendered":"<p>&nbsp;<\/p>\n<h1>Violencia Desmedida: Ataque de sicarios cobra la vida de un ni\u00f1o de un a\u00f1o y nueve meses en Quepos<\/h1>\n<p>La subdelegaci\u00f3n regional del Organismo de Investigaci\u00f3n Judicial (OIJ) de Quepos confirm\u00f3 un evento que estremece los cimientos de la seguridad p\u00fablica y evidencia el grado de <strong>criminalidad<\/strong> que azota al pa\u00eds. Durante la noche de ayer, una vivienda en la comunidad de La Inmaculada se convirti\u00f3 en el escenario de una masacre que dej\u00f3 como saldo m\u00e1s doloroso el fallecimiento de un menor de apenas 21 meses de edad. Para seguir el pulso de la informaci\u00f3n policial y judicial, visite la secci\u00f3n de <a href=\"https:\/\/staytv.cr\/index.php\/category\/sucesos\/\">Sucesos en STAY TV<\/a>.<\/p>\n<p><!-- CAJA DE VIDEO + DOFOLLOW (RESPONSIVE) --><\/p>\n<div style=\"margin: 20px 0; width: 100%;\">\n<p><!-- CONTENEDOR VIDEO 16:9 --><\/p>\n<div style=\"position: relative; width: 100%; padding-bottom: 56.25%; height: 0; overflow: hidden; border-radius: 12px;\"><iframe style=\"position: absolute; top: 0; left: 0; width: 100%; height: 100%; border: 0;\" data-src=\"https:\/\/www.youtube.com\/embed\/EEAJuyIR5NQ\" allowfullscreen=\"allowfullscreen\" src=\"data:image\/svg+xml;base64,PHN2ZyB3aWR0aD0iMSIgaGVpZ2h0PSIxIiB4bWxucz0iaHR0cDovL3d3dy53My5vcmcvMjAwMC9zdmciPjwvc3ZnPg==\" class=\"lazyload\" data-load-mode=\"1\"><br \/>\n<\/iframe><\/div>\n<p><!-- ENLACE DOFOLLOW (SIN ATRIBUTOS REL) --><\/p>\n<p style=\"margin-top: 12px; font-size: 15px;\"><strong>Recurso externo:<\/strong><br \/>\n<a href=\"https:\/\/youtu.be\/EEAJuyIR5NQ\">Ver video completo en YouTube<\/a><\/p>\n<\/div>\n<p>&nbsp;<\/p>\n<h2>El ataque: R\u00e1fagas indiscriminadas contra inocentes<\/h2>\n<p>Seg\u00fan los informes preliminares de los agentes judiciales, el incidente se desencaden\u00f3 cuando un veh\u00edculo con varios sujetos a bordo lleg\u00f3 al frente de una vivienda en el sector de La Inmaculada. Sin mediar palabra, los sospechosos abrieron fuego de manera aleatoria y masiva contra la infraestructura. Dentro de la casa permanec\u00edan varios adultos y tres menores de edad, quienes quedaron atrapados en medio del tiroteo.<\/p>\n<p>Lamentablemente, el ni\u00f1o de un a\u00f1o y nueve meses fue alcanzado por los proyectiles, perdiendo la vida en el sitio. Adem\u00e1s del fallecimiento del menor, otros dos ni\u00f1os resultaron con lesiones leves, mientras que dos adultos fueron trasladados a centros m\u00e9dicos con heridas de bala: un hombre de apellido L\u00f3pez, de 28 a\u00f1os, y una mujer de apellido Barrantes, de 25 a\u00f1os. Este ataque es una muestra fehaciente de la <strong>criminalidad<\/strong> que ya no discrimina objetivos ni toma en consideraci\u00f3n la presencia de personas vulnerables.<\/p>\n<h2>Quepos y el Pac\u00edfico Central bajo la sombra de la violencia<\/h2>\n<p>Las autoridades del OIJ reconocieron que la zona de Quepos no escapa a la ola de violencia que se ha incrementado regularmente en la regi\u00f3n del Pac\u00edfico Central. La tendencia de los grupos criminales en esta zona ha evolucionado hacia m\u00e9todos de ataque extremadamente violentos, donde el uso de armas autom\u00e1ticas y las r\u00e1fagas a mansalva se han vuelto comunes en las disputas por territorio o ajustes de cuentas.<\/p>\n<p>Este caso en particular ha encendido las alarmas debido a la corta edad de la v\u00edctima principal. Los investigadores judiciales se\u00f1alaron que el grado de <strong>criminalidad<\/strong> actual se caracteriza por un desprecio absoluto hacia las v\u00edctimas colaterales. \u00abLos grupos criminales ya no respetan si en las viviendas o en los veh\u00edculos van menores de edad; simplemente ejecutan sus venganzas sin medir los da\u00f1os\u00bb, indicaron fuentes policiales.<\/p>\n<h2>Investigaci\u00f3n en curso: Tras el m\u00f3vil y los responsables<\/h2>\n<p>De momento, el OIJ realiza todas las indagaciones necesarias para determinar la identidad de los responsables que huyeron en el veh\u00edculo tras el ataque. Se est\u00e1n recolectando indicios bal\u00edsticos en la escena y se revisan c\u00e1maras de seguridad en las v\u00edas de escape hacia el centro de Quepos o comunidades aleda\u00f1as. Aunque se presume que el m\u00f3vil podr\u00eda estar relacionado con rencillas entre bandas locales, las autoridades no descartan ninguna hip\u00f3tesis hasta concluir las pesquisas t\u00e9cnicas.<\/p>\n<p>La p\u00e9rdida de una vida tan joven pone de relieve la urgencia de un abordaje integral contra estas organizaciones que se han vuelto cada vez m\u00e1s feroces. El OIJ reafirma que seguir\u00e1 trabajando intensamente en la desarticulaci\u00f3n de estos grupos, cuyo comportamiento pone en riesgo constante a ciudadanos que no tienen relaci\u00f3n alguna con sus actividades il\u00edcitas.<\/p>\n<div style=\"background: #1a1a1a; padding: 25px; border-radius: 8px; margin: 25px 0; border: 1px solid #333; font-family: sans-serif; color: #fff;\">\n<h4 style=\"margin-top: 0; text-align: center; color: #e63946;\">Reporte de V\u00edctimas &#8211; Incidente Quepos<\/h4>\n<table style=\"width: 100%; font-size: 12px; border-collapse: collapse; text-align: left; margin-top: 15px;\">\n<thead>\n<tr style=\"border-bottom: 2px solid #444;\">\n<th style=\"padding: 10px;\">V\u00edctima<\/th>\n<th style=\"padding: 10px;\">Edad \/ Apellido<\/th>\n<th style=\"padding: 10px;\">Condici\u00f3n<\/th>\n<\/tr>\n<\/thead>\n<tbody>\n<tr style=\"border-bottom: 1px solid #222;\">\n<td style=\"padding: 10px;\">Menor de edad<\/td>\n<td style=\"padding: 10px;\">1 a\u00f1o y 9 meses<\/td>\n<td style=\"padding: 10px; font-weight: bold; color: #ff4d4d;\">Fallecido<\/td>\n<\/tr>\n<tr style=\"border-bottom: 1px solid #222;\">\n<td style=\"padding: 10px;\">Masculino<\/td>\n<td style=\"padding: 10px;\">L\u00f3pez (28 a\u00f1os)<\/td>\n<td style=\"padding: 10px;\">Herido de bala<\/td>\n<\/tr>\n<tr style=\"border-bottom: 1px solid #222;\">\n<td style=\"padding: 10px;\">Femenina<\/td>\n<td style=\"padding: 10px;\">Barrantes (25 a\u00f1os)<\/td>\n<td style=\"padding: 10px;\">Herida de bala<\/td>\n<\/tr>\n<tr>\n<td style=\"padding: 10px;\">Dos menores<\/td>\n<td style=\"padding: 10px;\">No especificado<\/td>\n<td style=\"padding: 10px;\">Lesiones leves<\/td>\n<\/tr>\n<\/tbody>\n<\/table>\n<\/div>\n<h2>Un llamado a la atenci\u00f3n nacional<\/h2>\n<p>Este evento doloroso es un ejemplo crudo de la realidad que enfrenta el pa\u00eds. La <strong>criminalidad<\/strong> ha traspasado fronteras \u00e9ticas, involucrando a personas totalmente inocentes en din\u00e1micas de venganza sangrienta. La comunidad de Quepos se mantiene consternada mientras las autoridades judiciales intensifican su presencia en la zona para evitar posibles represalias y tratar de dar con el paradero de los sicarios que perpetraron este cobarde ataque.<\/p>\n<p>Mant\u00e9ngase informado sobre el avance de esta investigaci\u00f3n y otros hechos de impacto policial en <a href=\"https:\/\/staytv.cr\">STAY TV<\/a>.<\/p>\n<p>Con informaci\u00f3n para STAY TV: <a href=\"https:\/\/staytv.cr\">STAY TV<\/a><\/p>\n<p>&nbsp;<\/p>\n","protected":false},"excerpt":{"rendered":"<p>&nbsp; Violencia Desmedida: Ataque de sicarios cobra la vida de un ni\u00f1o de un a\u00f1o y nueve meses en Quepos La subdelegaci\u00f3n regional del Organismo de Investigaci\u00f3n Judicial (OIJ) de Quepos confirm\u00f3 un evento que estremece los cimientos de la seguridad p\u00fablica y evidencia el grado de criminalidad que azota al pa\u00eds. Durante la noche [&hellip;]<\/p>\n","protected":false},"author":10,"featured_media":31345,"comment_status":"open","ping_status":"open","sticky":false,"template":"","format":"standard","meta":{"episode_type":"","audio_file":"","podmotor_file_id":"","podmotor_episode_id":"","cover_image":"","cover_image_id":"","duration":"","filesize":"","filesize_raw":"","date_recorded":"","explicit":"","block":"","itunes_episode_number":"","itunes_title":"","itunes_season_number":"","itunes_episode_type":"","footnotes":""},"categories":[1],"tags":[70,5021,6002,2948,130,1154,351,935],"class_list":{"0":"post-31343","1":"post","2":"type-post","3":"status-publish","4":"format-standard","5":"has-post-thumbnail","7":"category-sucesos","8":"tag-costa-rica","9":"tag-criminalidad","10":"tag-inmaculada","11":"tag-menor-fallecido","12":"tag-oij","13":"tag-quepos","14":"tag-sucesos","15":"tag-violencia"},"aioseo_notices":[],"aioseo_head":"\n\t\t<!-- All in One SEO Pro 4.8.3.2 - aioseo.com -->\n\t<meta name=\"description\" content=\"criminalidad: Ataque armado en La Inmaculada de Quepos deja un menor fallecido y cuatro heridos. OIJ investiga violencia desmedida de grupos criminales.\" \/>\n\t<meta name=\"robots\" content=\"max-image-preview:large\" \/>\n\t<meta name=\"author\" content=\"Diego Molina\"\/>\n\t<link rel=\"canonical\" href=\"https:\/\/staytv.cr\/index.php\/2026\/03\/12\/criminalidad-quepos-menor-fallecido-balacera\/\" \/>\n\t<meta name=\"generator\" content=\"All in One SEO Pro (AIOSEO) 4.8.3.2\" \/>\n\t\t<meta property=\"og:locale\" content=\"es_ES\" \/>\n\t\t<meta property=\"og:site_name\" content=\"Staytv - Medio de comunicaci\u00f3n digital de Costa Rica.\" \/>\n\t\t<meta property=\"og:type\" content=\"article\" \/>\n\t\t<meta property=\"og:title\" content=\"criminalidad: Menor de 21 meses asesinado en balacera\" \/>\n\t\t<meta property=\"og:description\" content=\"criminalidad: Ataque armado en La Inmaculada de Quepos deja un menor fallecido y cuatro heridos. OIJ investiga violencia desmedida de grupos criminales.\" \/>\n\t\t<meta property=\"og:url\" content=\"https:\/\/staytv.cr\/index.php\/2026\/03\/12\/criminalidad-quepos-menor-fallecido-balacera\/\" \/>\n\t\t<meta property=\"og:image\" content=\"https:\/\/staytv.cr\/wp-content\/uploads\/Sin-titulo-6-51.jpg\" \/>\n\t\t<meta property=\"og:image:secure_url\" content=\"https:\/\/staytv.cr\/wp-content\/uploads\/Sin-titulo-6-51.jpg\" \/>\n\t\t<meta property=\"og:image:width\" content=\"1280\" \/>\n\t\t<meta property=\"og:image:height\" content=\"720\" \/>\n\t\t<meta property=\"article:published_time\" content=\"2026-03-12T21:15:24+00:00\" \/>\n\t\t<meta property=\"article:modified_time\" content=\"2026-03-12T21:15:24+00:00\" \/>\n\t\t<meta property=\"article:publisher\" content=\"https:\/\/www.facebook.com\/staytvcr\" \/>\n\t\t<meta name=\"twitter:card\" content=\"summary_large_image\" \/>\n\t\t<meta name=\"twitter:title\" content=\"criminalidad: Menor de 21 meses asesinado en balacera\" \/>\n\t\t<meta name=\"twitter:description\" content=\"criminalidad: Ataque armado en La Inmaculada de Quepos deja un menor fallecido y cuatro heridos. OIJ investiga violencia desmedida de grupos criminales.\" \/>\n\t\t<meta name=\"twitter:image\" content=\"https:\/\/staytv.cr\/wp-content\/uploads\/Sin-titulo-6-51.jpg\" \/>\n\t\t<script type=\"application\/ld+json\" class=\"aioseo-schema\">\n\t\t\t{\"@context\":\"https:\\\/\\\/schema.org\",\"@graph\":[{\"@type\":\"BreadcrumbList\",\"@id\":\"https:\\\/\\\/staytv.cr\\\/index.php\\\/2026\\\/03\\\/12\\\/criminalidad-quepos-menor-fallecido-balacera\\\/#breadcrumblist\",\"itemListElement\":[{\"@type\":\"ListItem\",\"@id\":\"https:\\\/\\\/staytv.cr#listItem\",\"position\":1,\"name\":\"Home\",\"item\":\"https:\\\/\\\/staytv.cr\",\"nextItem\":{\"@type\":\"ListItem\",\"@id\":\"https:\\\/\\\/staytv.cr\\\/index.php\\\/category\\\/sucesos\\\/#listItem\",\"name\":\"SUCESOS\"}},{\"@type\":\"ListItem\",\"@id\":\"https:\\\/\\\/staytv.cr\\\/index.php\\\/category\\\/sucesos\\\/#listItem\",\"position\":2,\"name\":\"SUCESOS\",\"item\":\"https:\\\/\\\/staytv.cr\\\/index.php\\\/category\\\/sucesos\\\/\",\"nextItem\":{\"@type\":\"ListItem\",\"@id\":\"https:\\\/\\\/staytv.cr\\\/index.php\\\/2026\\\/03\\\/12\\\/criminalidad-quepos-menor-fallecido-balacera\\\/#listItem\",\"name\":\"Criminalidad sin l\\u00edmites: Un menor fallecido y cuatro heridos tras tiroteo en Quepos\"},\"previousItem\":{\"@type\":\"ListItem\",\"@id\":\"https:\\\/\\\/staytv.cr#listItem\",\"name\":\"Home\"}},{\"@type\":\"ListItem\",\"@id\":\"https:\\\/\\\/staytv.cr\\\/index.php\\\/2026\\\/03\\\/12\\\/criminalidad-quepos-menor-fallecido-balacera\\\/#listItem\",\"position\":3,\"name\":\"Criminalidad sin l\\u00edmites: Un menor fallecido y cuatro heridos tras tiroteo en Quepos\",\"previousItem\":{\"@type\":\"ListItem\",\"@id\":\"https:\\\/\\\/staytv.cr\\\/index.php\\\/category\\\/sucesos\\\/#listItem\",\"name\":\"SUCESOS\"}}]},{\"@type\":\"Organization\",\"@id\":\"https:\\\/\\\/staytv.cr\\\/#organization\",\"name\":\"Stay TV\",\"description\":\"Stay TV es un medio digital de noticias con base en Centroam\\u00e9rica, con cobertura local e internacional desde una mirada asi\\u00e1tica.\",\"url\":\"https:\\\/\\\/staytv.cr\\\/\",\"logo\":{\"@type\":\"ImageObject\",\"url\":\"https:\\\/\\\/staytv.cr\\\/wp-content\\\/uploads\\\/cropped-StayTV_logo_oficial_simple.png\",\"@id\":\"https:\\\/\\\/staytv.cr\\\/index.php\\\/2026\\\/03\\\/12\\\/criminalidad-quepos-menor-fallecido-balacera\\\/#organizationLogo\",\"width\":2560,\"height\":769},\"image\":{\"@id\":\"https:\\\/\\\/staytv.cr\\\/index.php\\\/2026\\\/03\\\/12\\\/criminalidad-quepos-menor-fallecido-balacera\\\/#organizationLogo\"},\"sameAs\":[\"https:\\\/\\\/www.instagram.com\\\/staytvcr\\\/\"]},{\"@type\":\"Person\",\"@id\":\"https:\\\/\\\/staytv.cr\\\/index.php\\\/author\\\/diegostaytv\\\/#author\",\"url\":\"https:\\\/\\\/staytv.cr\\\/index.php\\\/author\\\/diegostaytv\\\/\",\"name\":\"Diego Molina\",\"image\":{\"@type\":\"ImageObject\",\"url\":\"https:\\\/\\\/secure.gravatar.com\\\/avatar\\\/7d23cb63381aa64750c7e76727c208369ebd6f2565e9dc4c62e323b1ea59af41?s=96&d=mm&r=g\"}},{\"@type\":\"WebPage\",\"@id\":\"https:\\\/\\\/staytv.cr\\\/index.php\\\/2026\\\/03\\\/12\\\/criminalidad-quepos-menor-fallecido-balacera\\\/#webpage\",\"url\":\"https:\\\/\\\/staytv.cr\\\/index.php\\\/2026\\\/03\\\/12\\\/criminalidad-quepos-menor-fallecido-balacera\\\/\",\"name\":\"criminalidad: Menor de 21 meses asesinado en balacera\",\"description\":\"criminalidad: Ataque armado en La Inmaculada de Quepos deja un menor fallecido y cuatro heridos. OIJ investiga violencia desmedida de grupos criminales.\",\"inLanguage\":\"es-ES\",\"isPartOf\":{\"@id\":\"https:\\\/\\\/staytv.cr\\\/#website\"},\"breadcrumb\":{\"@id\":\"https:\\\/\\\/staytv.cr\\\/index.php\\\/2026\\\/03\\\/12\\\/criminalidad-quepos-menor-fallecido-balacera\\\/#breadcrumblist\"},\"author\":{\"@id\":\"https:\\\/\\\/staytv.cr\\\/index.php\\\/author\\\/diegostaytv\\\/#author\"},\"creator\":{\"@id\":\"https:\\\/\\\/staytv.cr\\\/index.php\\\/author\\\/diegostaytv\\\/#author\"},\"image\":{\"@type\":\"ImageObject\",\"url\":\"https:\\\/\\\/staytv.cr\\\/wp-content\\\/uploads\\\/Sin-titulo-6-51.jpg\",\"@id\":\"https:\\\/\\\/staytv.cr\\\/index.php\\\/2026\\\/03\\\/12\\\/criminalidad-quepos-menor-fallecido-balacera\\\/#mainImage\",\"width\":1280,\"height\":720,\"caption\":\"criminalidad\"},\"primaryImageOfPage\":{\"@id\":\"https:\\\/\\\/staytv.cr\\\/index.php\\\/2026\\\/03\\\/12\\\/criminalidad-quepos-menor-fallecido-balacera\\\/#mainImage\"},\"datePublished\":\"2026-03-12T15:15:24-06:00\",\"dateModified\":\"2026-03-12T15:15:24-06:00\"},{\"@type\":\"WebSite\",\"@id\":\"https:\\\/\\\/staytv.cr\\\/#website\",\"url\":\"https:\\\/\\\/staytv.cr\\\/\",\"name\":\"Staytv\",\"description\":\"Medio de comunicaci\\u00f3n digital de Costa Rica.\",\"inLanguage\":\"es-ES\",\"publisher\":{\"@id\":\"https:\\\/\\\/staytv.cr\\\/#organization\"}}]}\n\t\t<\/script>\n\t\t<!-- All in One SEO Pro -->\r\n\t\t<title>criminalidad: Menor de 21 meses asesinado en balacera<\/title>\n\n","aioseo_head_json":{"title":"criminalidad: Menor de 21 meses asesinado en balacera","description":"criminalidad: Ataque armado en La Inmaculada de Quepos deja un menor fallecido y cuatro heridos. OIJ investiga violencia desmedida de grupos criminales.","canonical_url":"https:\/\/staytv.cr\/index.php\/2026\/03\/12\/criminalidad-quepos-menor-fallecido-balacera\/","robots":"max-image-preview:large","keywords":"","webmasterTools":{"miscellaneous":""},"schema":{"@context":"https:\/\/schema.org","@graph":[{"@type":"BreadcrumbList","@id":"https:\/\/staytv.cr\/index.php\/2026\/03\/12\/criminalidad-quepos-menor-fallecido-balacera\/#breadcrumblist","itemListElement":[{"@type":"ListItem","@id":"https:\/\/staytv.cr#listItem","position":1,"name":"Home","item":"https:\/\/staytv.cr","nextItem":{"@type":"ListItem","@id":"https:\/\/staytv.cr\/index.php\/category\/sucesos\/#listItem","name":"SUCESOS"}},{"@type":"ListItem","@id":"https:\/\/staytv.cr\/index.php\/category\/sucesos\/#listItem","position":2,"name":"SUCESOS","item":"https:\/\/staytv.cr\/index.php\/category\/sucesos\/","nextItem":{"@type":"ListItem","@id":"https:\/\/staytv.cr\/index.php\/2026\/03\/12\/criminalidad-quepos-menor-fallecido-balacera\/#listItem","name":"Criminalidad sin l\u00edmites: Un menor fallecido y cuatro heridos tras tiroteo en Quepos"},"previousItem":{"@type":"ListItem","@id":"https:\/\/staytv.cr#listItem","name":"Home"}},{"@type":"ListItem","@id":"https:\/\/staytv.cr\/index.php\/2026\/03\/12\/criminalidad-quepos-menor-fallecido-balacera\/#listItem","position":3,"name":"Criminalidad sin l\u00edmites: Un menor fallecido y cuatro heridos tras tiroteo en Quepos","previousItem":{"@type":"ListItem","@id":"https:\/\/staytv.cr\/index.php\/category\/sucesos\/#listItem","name":"SUCESOS"}}]},{"@type":"Organization","@id":"https:\/\/staytv.cr\/#organization","name":"Stay TV","description":"Stay TV es un medio digital de noticias con base en Centroam\u00e9rica, con cobertura local e internacional desde una mirada asi\u00e1tica.","url":"https:\/\/staytv.cr\/","logo":{"@type":"ImageObject","url":"https:\/\/staytv.cr\/wp-content\/uploads\/cropped-StayTV_logo_oficial_simple.png","@id":"https:\/\/staytv.cr\/index.php\/2026\/03\/12\/criminalidad-quepos-menor-fallecido-balacera\/#organizationLogo","width":2560,"height":769},"image":{"@id":"https:\/\/staytv.cr\/index.php\/2026\/03\/12\/criminalidad-quepos-menor-fallecido-balacera\/#organizationLogo"},"sameAs":["https:\/\/www.instagram.com\/staytvcr\/"]},{"@type":"Person","@id":"https:\/\/staytv.cr\/index.php\/author\/diegostaytv\/#author","url":"https:\/\/staytv.cr\/index.php\/author\/diegostaytv\/","name":"Diego Molina","image":{"@type":"ImageObject","url":"https:\/\/secure.gravatar.com\/avatar\/7d23cb63381aa64750c7e76727c208369ebd6f2565e9dc4c62e323b1ea59af41?s=96&d=mm&r=g"}},{"@type":"WebPage","@id":"https:\/\/staytv.cr\/index.php\/2026\/03\/12\/criminalidad-quepos-menor-fallecido-balacera\/#webpage","url":"https:\/\/staytv.cr\/index.php\/2026\/03\/12\/criminalidad-quepos-menor-fallecido-balacera\/","name":"criminalidad: Menor de 21 meses asesinado en balacera","description":"criminalidad: Ataque armado en La Inmaculada de Quepos deja un menor fallecido y cuatro heridos. OIJ investiga violencia desmedida de grupos criminales.","inLanguage":"es-ES","isPartOf":{"@id":"https:\/\/staytv.cr\/#website"},"breadcrumb":{"@id":"https:\/\/staytv.cr\/index.php\/2026\/03\/12\/criminalidad-quepos-menor-fallecido-balacera\/#breadcrumblist"},"author":{"@id":"https:\/\/staytv.cr\/index.php\/author\/diegostaytv\/#author"},"creator":{"@id":"https:\/\/staytv.cr\/index.php\/author\/diegostaytv\/#author"},"image":{"@type":"ImageObject","url":"https:\/\/staytv.cr\/wp-content\/uploads\/Sin-titulo-6-51.jpg","@id":"https:\/\/staytv.cr\/index.php\/2026\/03\/12\/criminalidad-quepos-menor-fallecido-balacera\/#mainImage","width":1280,"height":720,"caption":"criminalidad"},"primaryImageOfPage":{"@id":"https:\/\/staytv.cr\/index.php\/2026\/03\/12\/criminalidad-quepos-menor-fallecido-balacera\/#mainImage"},"datePublished":"2026-03-12T15:15:24-06:00","dateModified":"2026-03-12T15:15:24-06:00"},{"@type":"WebSite","@id":"https:\/\/staytv.cr\/#website","url":"https:\/\/staytv.cr\/","name":"Staytv","description":"Medio de comunicaci\u00f3n digital de Costa Rica.","inLanguage":"es-ES","publisher":{"@id":"https:\/\/staytv.cr\/#organization"}}]},"og:locale":"es_ES","og:site_name":"Staytv - Medio de comunicaci\u00f3n digital de Costa Rica.","og:type":"article","og:title":"criminalidad: Menor de 21 meses asesinado en balacera","og:description":"criminalidad: Ataque armado en La Inmaculada de Quepos deja un menor fallecido y cuatro heridos. OIJ investiga violencia desmedida de grupos criminales.","og:url":"https:\/\/staytv.cr\/index.php\/2026\/03\/12\/criminalidad-quepos-menor-fallecido-balacera\/","og:image":"https:\/\/staytv.cr\/wp-content\/uploads\/Sin-titulo-6-51.jpg","og:image:secure_url":"https:\/\/staytv.cr\/wp-content\/uploads\/Sin-titulo-6-51.jpg","og:image:width":1280,"og:image:height":720,"article:published_time":"2026-03-12T21:15:24+00:00","article:modified_time":"2026-03-12T21:15:24+00:00","article:publisher":"https:\/\/www.facebook.com\/staytvcr","twitter:card":"summary_large_image","twitter:title":"criminalidad: Menor de 21 meses asesinado en balacera","twitter:description":"criminalidad: Ataque armado en La Inmaculada de Quepos deja un menor fallecido y cuatro heridos. OIJ investiga violencia desmedida de grupos criminales.","twitter:image":"https:\/\/staytv.cr\/wp-content\/uploads\/Sin-titulo-6-51.jpg"},"aioseo_meta_data":{"post_id":"31343","title":"criminalidad: Menor de 21 meses asesinado en balacera","description":"criminalidad: Ataque armado en La Inmaculada de Quepos deja un menor fallecido y cuatro heridos. OIJ investiga violencia desmedida de grupos criminales.","keywords":null,"keyphrases":{"focus":{"keyphrase":"criminalidad","score":73,"analysis":{"keyphraseInTitle":{"score":9,"maxScore":9,"error":0},"keyphraseInDescription":{"score":9,"maxScore":9,"error":0},"keyphraseLength":{"score":9,"maxScore":9,"error":0,"length":1},"keyphraseInURL":{"score":1,"maxScore":5,"error":1},"keyphraseInIntroduction":{"score":3,"maxScore":9,"error":1},"keyphraseInSubHeadings":{"score":3,"maxScore":9,"error":1},"keyphraseInImageAlt":[],"keywordDensity":{"type":"best","score":9,"maxScore":9,"error":0}}},"additional":[]},"canonical_url":null,"og_title":null,"og_description":null,"og_object_type":"default","og_image_type":"featured","og_image_custom_url":null,"og_image_custom_fields":null,"og_custom_image_width":null,"og_custom_image_height":null,"og_video":"","og_custom_url":null,"og_article_section":null,"og_article_tags":null,"twitter_use_og":true,"twitter_card":"default","twitter_image_type":"default","twitter_image_custom_url":null,"twitter_image_custom_fields":null,"twitter_title":null,"twitter_description":null,"schema_type":null,"schema_type_options":null,"pillar_content":false,"robots_default":true,"robots_noindex":false,"robots_noarchive":false,"robots_nosnippet":false,"robots_nofollow":false,"robots_noimageindex":false,"robots_noodp":false,"robots_notranslate":false,"robots_max_snippet":"-1","robots_max_videopreview":"-1","robots_max_imagepreview":"none","tabs":null,"priority":null,"frequency":"default","local_seo":null,"created":"2026-03-12 21:00:38","updated":"2026-03-12 21:15:28"},"aioseo_breadcrumb":"<div class=\"aioseo-breadcrumbs\"><span class=\"aioseo-breadcrumb\">\n\t<a href=\"https:\/\/staytv.cr\" title=\"Home\">Home<\/a>\n<\/span><span class=\"aioseo-breadcrumb-separator\">&raquo;<\/span><span class=\"aioseo-breadcrumb\">\n\t<a href=\"https:\/\/staytv.cr\/index.php\/category\/sucesos\/\" title=\"SUCESOS\">SUCESOS<\/a>\n<\/span><span class=\"aioseo-breadcrumb-separator\">&raquo;<\/span><span class=\"aioseo-breadcrumb\">\n\tCriminalidad sin l\u00edmites: Un menor fallecido y cuatro heridos tras tiroteo en Quepos\n<\/span><\/div>","aioseo_breadcrumb_json":[{"label":"Home","link":"https:\/\/staytv.cr"},{"label":"SUCESOS","link":"https:\/\/staytv.cr\/index.php\/category\/sucesos\/"},{"label":"Criminalidad sin l\u00edmites: Un menor fallecido y cuatro heridos tras tiroteo en Quepos","link":"https:\/\/staytv.cr\/index.php\/2026\/03\/12\/criminalidad-quepos-menor-fallecido-balacera\/"}],"_links":{"self":[{"href":"https:\/\/staytv.cr\/index.php\/wp-json\/wp\/v2\/posts\/31343","targetHints":{"allow":["GET"]}}],"collection":[{"href":"https:\/\/staytv.cr\/index.php\/wp-json\/wp\/v2\/posts"}],"about":[{"href":"https:\/\/staytv.cr\/index.php\/wp-json\/wp\/v2\/types\/post"}],"author":[{"embeddable":true,"href":"https:\/\/staytv.cr\/index.php\/wp-json\/wp\/v2\/users\/10"}],"replies":[{"embeddable":true,"href":"https:\/\/staytv.cr\/index.php\/wp-json\/wp\/v2\/comments?post=31343"}],"version-history":[{"count":1,"href":"https:\/\/staytv.cr\/index.php\/wp-json\/wp\/v2\/posts\/31343\/revisions"}],"predecessor-version":[{"id":31346,"href":"https:\/\/staytv.cr\/index.php\/wp-json\/wp\/v2\/posts\/31343\/revisions\/31346"}],"wp:featuredmedia":[{"embeddable":true,"href":"https:\/\/staytv.cr\/index.php\/wp-json\/wp\/v2\/media\/31345"}],"wp:attachment":[{"href":"https:\/\/staytv.cr\/index.php\/wp-json\/wp\/v2\/media?parent=31343"}],"wp:term":[{"taxonomy":"category","embeddable":true,"href":"https:\/\/staytv.cr\/index.php\/wp-json\/wp\/v2\/categories?post=31343"},{"taxonomy":"post_tag","embeddable":true,"href":"https:\/\/staytv.cr\/index.php\/wp-json\/wp\/v2\/tags?post=31343"}],"curies":[{"name":"wp","href":"https:\/\/api.w.org\/{rel}","templated":true}]}}