{"id":31469,"date":"2026-03-16T09:19:33","date_gmt":"2026-03-16T15:19:33","guid":{"rendered":"https:\/\/staytv.cr\/?p=31469"},"modified":"2026-03-16T09:21:13","modified_gmt":"2026-03-16T15:21:13","slug":"fallece-exjerarca-de-la-caja-en-puriscal-lo-que-se-sabe-de-su-deceso","status":"publish","type":"post","link":"https:\/\/staytv.cr\/index.php\/2026\/03\/16\/fallece-exjerarca-de-la-caja-en-puriscal-lo-que-se-sabe-de-su-deceso\/","title":{"rendered":"Fallece exjerarca de la Caja en Puriscal: Lo que se sabe de su deceso"},"content":{"rendered":"<p>&nbsp;<\/p>\n<h1>Luto en el sector salud: Fallece la Dra. Mar\u00eda del Roc\u00edo S\u00e1enz, figura clave de la CCSS y el Ministerio de Salud<\/h1>\n<p>Costa Rica despide a una de sus profesionales m\u00e1s destacadas en el \u00e1mbito de la medicina y la gesti\u00f3n p\u00fablica. La noche de este domingo 15 de marzo, falleci\u00f3 en su residencia en Santiago de Puriscal la <strong>Dra. Mar\u00eda del Roc\u00edo S\u00e1enz Madrigal<\/strong>, a la edad de 67 a\u00f1os. Su partida deja un vac\u00edo significativo en las instituciones que lider\u00f3 con determinaci\u00f3n durante momentos cr\u00edticos del pa\u00eds. Para conocer m\u00e1s sobre el legado de figuras nacionales, visite nuestra secci\u00f3n <a href=\"https:\/\/staytv.cr\/index.php\/category\/nacional\/\">Nacional en STAY TV<\/a>.<\/p>\n<h2>Una vida dedicada al bienestar social<\/h2>\n<p>La Dra. S\u00e1enz Madrigal no solo fue una m\u00e9dica de renombre, sino una estratega pol\u00edtica que ocup\u00f3 los cargos m\u00e1s altos del sistema de salud costarricense. Durante la administraci\u00f3n de Abel Pacheco de la Espriella (2002-2006), se desempe\u00f1\u00f3 como <strong>Ministra de Salud<\/strong>, y posteriormente, bajo el mandato de Luis Guillermo Sol\u00eds Rivera (2014-2018), asumi\u00f3 la <strong>Presidencia Ejecutiva de la Caja Costarricense del Seguro Social (CCSS)<\/strong>.<\/p>\n<p>Seg\u00fan informes de la Cruz Roja, el deceso se produjo tras sufrir complicaciones m\u00e9dicas repentinas que derivaron en un paro cardiorrespiratorio. Pese a los esfuerzos de reanimaci\u00f3n realizados por las unidades de emergencia tras recibir el llamado a las 10:16 p.m., la doctora fue declarada fallecida en su hogar.<\/p>\n<h2>El mensaje del expresidente Luis Guillermo Sol\u00eds<\/h2>\n<p>Tras conocerse la noticia, el expresidente Sol\u00eds Rivera comparti\u00f3 un emotivo mensaje de condolencia, resaltando la \u00ablarga y distinguida carrera profesional\u00bb de S\u00e1enz. El exmandatario enfatiz\u00f3 que su labor en el \u00e1rea de su especialidad trajo \u00abbienestar y protecci\u00f3n a miles de costarricenses\u00bb. Sus palabras reflejan el respeto que la Dra. Mar\u00eda del Roc\u00edo inspiraba tanto en el \u00e1mbito acad\u00e9mico como en el pol\u00edtico y social.<\/p>\n<p>Adem\u00e1s de sus cargos p\u00fablicos, fue una docente universitaria incansable, dedicada a formar a las futuras generaciones de m\u00e9dicos bajo los principios de la seguridad social y la salud universal, pilares que defendi\u00f3 hasta sus \u00faltimos d\u00edas.<\/p>\n<div style=\"background: #1a1a1a; padding: 25px; border-radius: 8px; margin: 25px 0; border: 1px solid #333; font-family: sans-serif; color: #fff;\">\n<h4 style=\"margin-top: 0; text-align: center; color: #e63946;\">Hitos en la Carrera de la Dra. Mar\u00eda del Roc\u00edo S\u00e1enz<\/h4>\n<table style=\"width: 100%; font-size: 12px; border-collapse: collapse; text-align: left; margin-top: 15px;\">\n<thead>\n<tr style=\"border-bottom: 2px solid #444;\">\n<th style=\"padding: 10px;\">Periodo \/ Cargo<\/th>\n<th style=\"padding: 10px;\">Aporte Principal<\/th>\n<\/tr>\n<\/thead>\n<tbody>\n<tr style=\"border-bottom: 1px solid #222;\">\n<td style=\"padding: 10px;\">2002 &#8211; 2006 (Ministra de Salud)<\/td>\n<td style=\"padding: 10px;\">Liderazgo en pol\u00edticas de vigilancia epidemiol\u00f3gica y salud p\u00fablica nacional.<\/td>\n<\/tr>\n<tr style=\"border-bottom: 1px solid #222;\">\n<td style=\"padding: 10px;\">2014 &#8211; 2017 (Presidenta CCSS)<\/td>\n<td style=\"padding: 10px;\">Fortalecimiento financiero de la instituci\u00f3n y atenci\u00f3n a la infraestructura hospitalaria.<\/td>\n<\/tr>\n<tr>\n<td style=\"padding: 10px;\">Docencia y Medicina<\/td>\n<td style=\"padding: 10px;\">Referente en la formaci\u00f3n t\u00e9cnica y \u00e9tica de nuevos profesionales de la salud.<\/td>\n<\/tr>\n<\/tbody>\n<\/table>\n<\/div>\n<p>En conclusi\u00f3n, el fallecimiento de <strong>Mar\u00eda del Roc\u00edo S\u00e1enz<\/strong> marca el cierre de un cap\u00edtulo importante en la historia de la seguridad social de Costa Rica. Su legado permanecer\u00e1 en los programas de salud que ayud\u00f3 a cimentar. Siga la actualidad nacional y los homenajes p\u00f3stumos en <a href=\"https:\/\/staytv.cr\">STAY TV<\/a>.<\/p>\n<p>Con informaci\u00f3n para STAY TV: <a href=\"https:\/\/staytv.cr\">STAY TV<\/a><\/p>\n<p>&nbsp;<\/p>\n","protected":false},"excerpt":{"rendered":"<p>&nbsp; Luto en el sector salud: Fallece la Dra. Mar\u00eda del Roc\u00edo S\u00e1enz, figura clave de la CCSS y el Ministerio de Salud Costa Rica despide a una de sus profesionales m\u00e1s destacadas en el \u00e1mbito de la medicina y la gesti\u00f3n p\u00fablica. La noche de este domingo 15 de marzo, falleci\u00f3 en su residencia [&hellip;]<\/p>\n","protected":false},"author":10,"featured_media":31471,"comment_status":"open","ping_status":"open","sticky":false,"template":"","format":"standard","meta":{"episode_type":"","audio_file":"","podmotor_file_id":"","podmotor_episode_id":"","cover_image":"","cover_image_id":"","duration":"","filesize":"","filesize_raw":"","date_recorded":"","explicit":"","block":"","itunes_episode_number":"","itunes_title":"","itunes_season_number":"","itunes_episode_type":"","footnotes":""},"categories":[13],"tags":[136,70,6043,6044,6042,1134,464],"class_list":{"0":"post-31469","1":"post","2":"type-post","3":"status-publish","4":"format-standard","5":"has-post-thumbnail","7":"category-nacional","8":"tag-ccss","9":"tag-costa-rica","10":"tag-luis-guillermo-solis","11":"tag-luto","12":"tag-maria-del-rocio-saenz","13":"tag-ministerio-de-salud","14":"tag-salud-publica"},"aioseo_notices":[],"aioseo_head":"\n\t\t<!-- All in One SEO Pro 4.8.3.2 - aioseo.com -->\n\t<meta name=\"description\" content=\"Luto en la salud p\u00fablica: Fallece la Dra. Mar\u00eda del Roc\u00edo S\u00e1enz a los 67 a\u00f1os. Luis Guillermo Sol\u00eds destaca su legado en la CCSS y el Ministerio de Salud.\" \/>\n\t<meta name=\"robots\" content=\"max-image-preview:large\" \/>\n\t<meta name=\"author\" content=\"Diego Molina\"\/>\n\t<link rel=\"canonical\" href=\"https:\/\/staytv.cr\/index.php\/2026\/03\/16\/fallece-exjerarca-de-la-caja-en-puriscal-lo-que-se-sabe-de-su-deceso\/\" \/>\n\t<meta name=\"generator\" content=\"All in One SEO Pro (AIOSEO) 4.8.3.2\" \/>\n\t\t<meta property=\"og:locale\" content=\"es_ES\" \/>\n\t\t<meta property=\"og:site_name\" content=\"Staytv - Medio de comunicaci\u00f3n digital de Costa Rica.\" \/>\n\t\t<meta property=\"og:type\" content=\"article\" \/>\n\t\t<meta property=\"og:title\" content=\"Mar\u00eda del Roc\u00edo S\u00e1enz: Muere expresidenta de la CCSS\" \/>\n\t\t<meta property=\"og:description\" content=\"Luto en la salud p\u00fablica: Fallece la Dra. Mar\u00eda del Roc\u00edo S\u00e1enz a los 67 a\u00f1os. Luis Guillermo Sol\u00eds destaca su legado en la CCSS y el Ministerio de Salud.\" \/>\n\t\t<meta property=\"og:url\" content=\"https:\/\/staytv.cr\/index.php\/2026\/03\/16\/fallece-exjerarca-de-la-caja-en-puriscal-lo-que-se-sabe-de-su-deceso\/\" \/>\n\t\t<meta property=\"og:image\" content=\"https:\/\/staytv.cr\/wp-content\/uploads\/Sin-titulo-2-51.jpg\" \/>\n\t\t<meta property=\"og:image:secure_url\" content=\"https:\/\/staytv.cr\/wp-content\/uploads\/Sin-titulo-2-51.jpg\" \/>\n\t\t<meta property=\"og:image:width\" content=\"1200\" \/>\n\t\t<meta property=\"og:image:height\" content=\"630\" \/>\n\t\t<meta property=\"article:published_time\" content=\"2026-03-16T15:19:33+00:00\" \/>\n\t\t<meta property=\"article:modified_time\" content=\"2026-03-16T15:21:13+00:00\" \/>\n\t\t<meta property=\"article:publisher\" content=\"https:\/\/www.facebook.com\/staytvcr\" \/>\n\t\t<meta name=\"twitter:card\" content=\"summary_large_image\" \/>\n\t\t<meta name=\"twitter:title\" content=\"Mar\u00eda del Roc\u00edo S\u00e1enz: Muere expresidenta de la CCSS\" \/>\n\t\t<meta name=\"twitter:description\" content=\"Luto en la salud p\u00fablica: Fallece la Dra. Mar\u00eda del Roc\u00edo S\u00e1enz a los 67 a\u00f1os. Luis Guillermo Sol\u00eds destaca su legado en la CCSS y el Ministerio de Salud.\" \/>\n\t\t<meta name=\"twitter:image\" content=\"https:\/\/staytv.cr\/wp-content\/uploads\/Sin-titulo-2-51.jpg\" \/>\n\t\t<script type=\"application\/ld+json\" class=\"aioseo-schema\">\n\t\t\t{\"@context\":\"https:\\\/\\\/schema.org\",\"@graph\":[{\"@type\":\"BreadcrumbList\",\"@id\":\"https:\\\/\\\/staytv.cr\\\/index.php\\\/2026\\\/03\\\/16\\\/fallece-exjerarca-de-la-caja-en-puriscal-lo-que-se-sabe-de-su-deceso\\\/#breadcrumblist\",\"itemListElement\":[{\"@type\":\"ListItem\",\"@id\":\"https:\\\/\\\/staytv.cr#listItem\",\"position\":1,\"name\":\"Home\",\"item\":\"https:\\\/\\\/staytv.cr\",\"nextItem\":{\"@type\":\"ListItem\",\"@id\":\"https:\\\/\\\/staytv.cr\\\/index.php\\\/category\\\/nacional\\\/#listItem\",\"name\":\"NACIONAL\"}},{\"@type\":\"ListItem\",\"@id\":\"https:\\\/\\\/staytv.cr\\\/index.php\\\/category\\\/nacional\\\/#listItem\",\"position\":2,\"name\":\"NACIONAL\",\"item\":\"https:\\\/\\\/staytv.cr\\\/index.php\\\/category\\\/nacional\\\/\",\"nextItem\":{\"@type\":\"ListItem\",\"@id\":\"https:\\\/\\\/staytv.cr\\\/index.php\\\/2026\\\/03\\\/16\\\/fallece-exjerarca-de-la-caja-en-puriscal-lo-que-se-sabe-de-su-deceso\\\/#listItem\",\"name\":\"Fallece exjerarca de la Caja en Puriscal: Lo que se sabe de su deceso\"},\"previousItem\":{\"@type\":\"ListItem\",\"@id\":\"https:\\\/\\\/staytv.cr#listItem\",\"name\":\"Home\"}},{\"@type\":\"ListItem\",\"@id\":\"https:\\\/\\\/staytv.cr\\\/index.php\\\/2026\\\/03\\\/16\\\/fallece-exjerarca-de-la-caja-en-puriscal-lo-que-se-sabe-de-su-deceso\\\/#listItem\",\"position\":3,\"name\":\"Fallece exjerarca de la Caja en Puriscal: Lo que se sabe de su deceso\",\"previousItem\":{\"@type\":\"ListItem\",\"@id\":\"https:\\\/\\\/staytv.cr\\\/index.php\\\/category\\\/nacional\\\/#listItem\",\"name\":\"NACIONAL\"}}]},{\"@type\":\"Organization\",\"@id\":\"https:\\\/\\\/staytv.cr\\\/#organization\",\"name\":\"Stay TV\",\"description\":\"Stay TV es un medio digital de noticias con base en Centroam\\u00e9rica, con cobertura local e internacional desde una mirada asi\\u00e1tica.\",\"url\":\"https:\\\/\\\/staytv.cr\\\/\",\"logo\":{\"@type\":\"ImageObject\",\"url\":\"https:\\\/\\\/staytv.cr\\\/wp-content\\\/uploads\\\/cropped-StayTV_logo_oficial_simple.png\",\"@id\":\"https:\\\/\\\/staytv.cr\\\/index.php\\\/2026\\\/03\\\/16\\\/fallece-exjerarca-de-la-caja-en-puriscal-lo-que-se-sabe-de-su-deceso\\\/#organizationLogo\",\"width\":2560,\"height\":769},\"image\":{\"@id\":\"https:\\\/\\\/staytv.cr\\\/index.php\\\/2026\\\/03\\\/16\\\/fallece-exjerarca-de-la-caja-en-puriscal-lo-que-se-sabe-de-su-deceso\\\/#organizationLogo\"},\"sameAs\":[\"https:\\\/\\\/www.instagram.com\\\/staytvcr\\\/\"]},{\"@type\":\"Person\",\"@id\":\"https:\\\/\\\/staytv.cr\\\/index.php\\\/author\\\/diegostaytv\\\/#author\",\"url\":\"https:\\\/\\\/staytv.cr\\\/index.php\\\/author\\\/diegostaytv\\\/\",\"name\":\"Diego Molina\",\"image\":{\"@type\":\"ImageObject\",\"url\":\"https:\\\/\\\/secure.gravatar.com\\\/avatar\\\/7d23cb63381aa64750c7e76727c208369ebd6f2565e9dc4c62e323b1ea59af41?s=96&d=mm&r=g\"}},{\"@type\":\"WebPage\",\"@id\":\"https:\\\/\\\/staytv.cr\\\/index.php\\\/2026\\\/03\\\/16\\\/fallece-exjerarca-de-la-caja-en-puriscal-lo-que-se-sabe-de-su-deceso\\\/#webpage\",\"url\":\"https:\\\/\\\/staytv.cr\\\/index.php\\\/2026\\\/03\\\/16\\\/fallece-exjerarca-de-la-caja-en-puriscal-lo-que-se-sabe-de-su-deceso\\\/\",\"name\":\"Mar\\u00eda del Roc\\u00edo S\\u00e1enz: Muere expresidenta de la CCSS\",\"description\":\"Luto en la salud p\\u00fablica: Fallece la Dra. Mar\\u00eda del Roc\\u00edo S\\u00e1enz a los 67 a\\u00f1os. Luis Guillermo Sol\\u00eds destaca su legado en la CCSS y el Ministerio de Salud.\",\"inLanguage\":\"es-ES\",\"isPartOf\":{\"@id\":\"https:\\\/\\\/staytv.cr\\\/#website\"},\"breadcrumb\":{\"@id\":\"https:\\\/\\\/staytv.cr\\\/index.php\\\/2026\\\/03\\\/16\\\/fallece-exjerarca-de-la-caja-en-puriscal-lo-que-se-sabe-de-su-deceso\\\/#breadcrumblist\"},\"author\":{\"@id\":\"https:\\\/\\\/staytv.cr\\\/index.php\\\/author\\\/diegostaytv\\\/#author\"},\"creator\":{\"@id\":\"https:\\\/\\\/staytv.cr\\\/index.php\\\/author\\\/diegostaytv\\\/#author\"},\"image\":{\"@type\":\"ImageObject\",\"url\":\"https:\\\/\\\/staytv.cr\\\/wp-content\\\/uploads\\\/Sin-titulo-2-51.jpg\",\"@id\":\"https:\\\/\\\/staytv.cr\\\/index.php\\\/2026\\\/03\\\/16\\\/fallece-exjerarca-de-la-caja-en-puriscal-lo-que-se-sabe-de-su-deceso\\\/#mainImage\",\"width\":1200,\"height\":630,\"caption\":\"Mar\\u00eda del Roc\\u00edo S\\u00e1enz\"},\"primaryImageOfPage\":{\"@id\":\"https:\\\/\\\/staytv.cr\\\/index.php\\\/2026\\\/03\\\/16\\\/fallece-exjerarca-de-la-caja-en-puriscal-lo-que-se-sabe-de-su-deceso\\\/#mainImage\"},\"datePublished\":\"2026-03-16T09:19:33-06:00\",\"dateModified\":\"2026-03-16T09:21:13-06:00\"},{\"@type\":\"WebSite\",\"@id\":\"https:\\\/\\\/staytv.cr\\\/#website\",\"url\":\"https:\\\/\\\/staytv.cr\\\/\",\"name\":\"Staytv\",\"description\":\"Medio de comunicaci\\u00f3n digital de Costa Rica.\",\"inLanguage\":\"es-ES\",\"publisher\":{\"@id\":\"https:\\\/\\\/staytv.cr\\\/#organization\"}}]}\n\t\t<\/script>\n\t\t<!-- All in One SEO Pro -->\r\n\t\t<title>Mar\u00eda del Roc\u00edo S\u00e1enz: Muere expresidenta de la CCSS<\/title>\n\n","aioseo_head_json":{"title":"Mar\u00eda del Roc\u00edo S\u00e1enz: Muere expresidenta de la CCSS","description":"Luto en la salud p\u00fablica: Fallece la Dra. Mar\u00eda del Roc\u00edo S\u00e1enz a los 67 a\u00f1os. Luis Guillermo Sol\u00eds destaca su legado en la CCSS y el Ministerio de Salud.","canonical_url":"https:\/\/staytv.cr\/index.php\/2026\/03\/16\/fallece-exjerarca-de-la-caja-en-puriscal-lo-que-se-sabe-de-su-deceso\/","robots":"max-image-preview:large","keywords":"","webmasterTools":{"miscellaneous":""},"schema":{"@context":"https:\/\/schema.org","@graph":[{"@type":"BreadcrumbList","@id":"https:\/\/staytv.cr\/index.php\/2026\/03\/16\/fallece-exjerarca-de-la-caja-en-puriscal-lo-que-se-sabe-de-su-deceso\/#breadcrumblist","itemListElement":[{"@type":"ListItem","@id":"https:\/\/staytv.cr#listItem","position":1,"name":"Home","item":"https:\/\/staytv.cr","nextItem":{"@type":"ListItem","@id":"https:\/\/staytv.cr\/index.php\/category\/nacional\/#listItem","name":"NACIONAL"}},{"@type":"ListItem","@id":"https:\/\/staytv.cr\/index.php\/category\/nacional\/#listItem","position":2,"name":"NACIONAL","item":"https:\/\/staytv.cr\/index.php\/category\/nacional\/","nextItem":{"@type":"ListItem","@id":"https:\/\/staytv.cr\/index.php\/2026\/03\/16\/fallece-exjerarca-de-la-caja-en-puriscal-lo-que-se-sabe-de-su-deceso\/#listItem","name":"Fallece exjerarca de la Caja en Puriscal: Lo que se sabe de su deceso"},"previousItem":{"@type":"ListItem","@id":"https:\/\/staytv.cr#listItem","name":"Home"}},{"@type":"ListItem","@id":"https:\/\/staytv.cr\/index.php\/2026\/03\/16\/fallece-exjerarca-de-la-caja-en-puriscal-lo-que-se-sabe-de-su-deceso\/#listItem","position":3,"name":"Fallece exjerarca de la Caja en Puriscal: Lo que se sabe de su deceso","previousItem":{"@type":"ListItem","@id":"https:\/\/staytv.cr\/index.php\/category\/nacional\/#listItem","name":"NACIONAL"}}]},{"@type":"Organization","@id":"https:\/\/staytv.cr\/#organization","name":"Stay TV","description":"Stay TV es un medio digital de noticias con base en Centroam\u00e9rica, con cobertura local e internacional desde una mirada asi\u00e1tica.","url":"https:\/\/staytv.cr\/","logo":{"@type":"ImageObject","url":"https:\/\/staytv.cr\/wp-content\/uploads\/cropped-StayTV_logo_oficial_simple.png","@id":"https:\/\/staytv.cr\/index.php\/2026\/03\/16\/fallece-exjerarca-de-la-caja-en-puriscal-lo-que-se-sabe-de-su-deceso\/#organizationLogo","width":2560,"height":769},"image":{"@id":"https:\/\/staytv.cr\/index.php\/2026\/03\/16\/fallece-exjerarca-de-la-caja-en-puriscal-lo-que-se-sabe-de-su-deceso\/#organizationLogo"},"sameAs":["https:\/\/www.instagram.com\/staytvcr\/"]},{"@type":"Person","@id":"https:\/\/staytv.cr\/index.php\/author\/diegostaytv\/#author","url":"https:\/\/staytv.cr\/index.php\/author\/diegostaytv\/","name":"Diego Molina","image":{"@type":"ImageObject","url":"https:\/\/secure.gravatar.com\/avatar\/7d23cb63381aa64750c7e76727c208369ebd6f2565e9dc4c62e323b1ea59af41?s=96&d=mm&r=g"}},{"@type":"WebPage","@id":"https:\/\/staytv.cr\/index.php\/2026\/03\/16\/fallece-exjerarca-de-la-caja-en-puriscal-lo-que-se-sabe-de-su-deceso\/#webpage","url":"https:\/\/staytv.cr\/index.php\/2026\/03\/16\/fallece-exjerarca-de-la-caja-en-puriscal-lo-que-se-sabe-de-su-deceso\/","name":"Mar\u00eda del Roc\u00edo S\u00e1enz: Muere expresidenta de la CCSS","description":"Luto en la salud p\u00fablica: Fallece la Dra. Mar\u00eda del Roc\u00edo S\u00e1enz a los 67 a\u00f1os. Luis Guillermo Sol\u00eds destaca su legado en la CCSS y el Ministerio de Salud.","inLanguage":"es-ES","isPartOf":{"@id":"https:\/\/staytv.cr\/#website"},"breadcrumb":{"@id":"https:\/\/staytv.cr\/index.php\/2026\/03\/16\/fallece-exjerarca-de-la-caja-en-puriscal-lo-que-se-sabe-de-su-deceso\/#breadcrumblist"},"author":{"@id":"https:\/\/staytv.cr\/index.php\/author\/diegostaytv\/#author"},"creator":{"@id":"https:\/\/staytv.cr\/index.php\/author\/diegostaytv\/#author"},"image":{"@type":"ImageObject","url":"https:\/\/staytv.cr\/wp-content\/uploads\/Sin-titulo-2-51.jpg","@id":"https:\/\/staytv.cr\/index.php\/2026\/03\/16\/fallece-exjerarca-de-la-caja-en-puriscal-lo-que-se-sabe-de-su-deceso\/#mainImage","width":1200,"height":630,"caption":"Mar\u00eda del Roc\u00edo S\u00e1enz"},"primaryImageOfPage":{"@id":"https:\/\/staytv.cr\/index.php\/2026\/03\/16\/fallece-exjerarca-de-la-caja-en-puriscal-lo-que-se-sabe-de-su-deceso\/#mainImage"},"datePublished":"2026-03-16T09:19:33-06:00","dateModified":"2026-03-16T09:21:13-06:00"},{"@type":"WebSite","@id":"https:\/\/staytv.cr\/#website","url":"https:\/\/staytv.cr\/","name":"Staytv","description":"Medio de comunicaci\u00f3n digital de Costa Rica.","inLanguage":"es-ES","publisher":{"@id":"https:\/\/staytv.cr\/#organization"}}]},"og:locale":"es_ES","og:site_name":"Staytv - Medio de comunicaci\u00f3n digital de Costa Rica.","og:type":"article","og:title":"Mar\u00eda del Roc\u00edo S\u00e1enz: Muere expresidenta de la CCSS","og:description":"Luto en la salud p\u00fablica: Fallece la Dra. Mar\u00eda del Roc\u00edo S\u00e1enz a los 67 a\u00f1os. Luis Guillermo Sol\u00eds destaca su legado en la CCSS y el Ministerio de Salud.","og:url":"https:\/\/staytv.cr\/index.php\/2026\/03\/16\/fallece-exjerarca-de-la-caja-en-puriscal-lo-que-se-sabe-de-su-deceso\/","og:image":"https:\/\/staytv.cr\/wp-content\/uploads\/Sin-titulo-2-51.jpg","og:image:secure_url":"https:\/\/staytv.cr\/wp-content\/uploads\/Sin-titulo-2-51.jpg","og:image:width":1200,"og:image:height":630,"article:published_time":"2026-03-16T15:19:33+00:00","article:modified_time":"2026-03-16T15:21:13+00:00","article:publisher":"https:\/\/www.facebook.com\/staytvcr","twitter:card":"summary_large_image","twitter:title":"Mar\u00eda del Roc\u00edo S\u00e1enz: Muere expresidenta de la CCSS","twitter:description":"Luto en la salud p\u00fablica: Fallece la Dra. Mar\u00eda del Roc\u00edo S\u00e1enz a los 67 a\u00f1os. Luis Guillermo Sol\u00eds destaca su legado en la CCSS y el Ministerio de Salud.","twitter:image":"https:\/\/staytv.cr\/wp-content\/uploads\/Sin-titulo-2-51.jpg"},"aioseo_meta_data":{"post_id":"31469","title":"Mar\u00eda del Roc\u00edo S\u00e1enz: Muere expresidenta de la CCSS","description":"Luto en la salud p\u00fablica: Fallece la Dra. Mar\u00eda del Roc\u00edo S\u00e1enz a los 67 a\u00f1os. Luis Guillermo Sol\u00eds destaca su legado en la CCSS y el Ministerio de Salud.","keywords":null,"keyphrases":{"focus":{"keyphrase":"Mar\u00eda del Roc\u00edo S\u00e1enz","score":68,"analysis":{"keyphraseInTitle":{"score":9,"maxScore":9,"error":0},"keyphraseInDescription":{"score":9,"maxScore":9,"error":0},"keyphraseLength":{"score":6,"maxScore":9,"error":1,"length":7},"keyphraseInURL":{"score":1,"maxScore":5,"error":1},"keyphraseInIntroduction":{"score":3,"maxScore":9,"error":1},"keyphraseInSubHeadings":{"score":3,"maxScore":9,"error":1},"keyphraseInImageAlt":[],"keywordDensity":{"type":"best","score":9,"maxScore":9,"error":0}}},"additional":[]},"canonical_url":null,"og_title":null,"og_description":null,"og_object_type":"default","og_image_type":"default","og_image_custom_url":null,"og_image_custom_fields":null,"og_custom_image_width":null,"og_custom_image_height":null,"og_video":"","og_custom_url":null,"og_article_section":null,"og_article_tags":null,"twitter_use_og":true,"twitter_card":"default","twitter_image_type":"default","twitter_image_custom_url":null,"twitter_image_custom_fields":null,"twitter_title":null,"twitter_description":null,"schema_type":null,"schema_type_options":null,"pillar_content":false,"robots_default":true,"robots_noindex":false,"robots_noarchive":false,"robots_nosnippet":false,"robots_nofollow":false,"robots_noimageindex":false,"robots_noodp":false,"robots_notranslate":false,"robots_max_snippet":"-1","robots_max_videopreview":"-1","robots_max_imagepreview":"none","tabs":null,"priority":null,"frequency":"default","local_seo":null,"created":"2026-03-16 15:19:33","updated":"2026-03-16 15:21:14"},"aioseo_breadcrumb":"<div class=\"aioseo-breadcrumbs\"><span class=\"aioseo-breadcrumb\">\n\t<a href=\"https:\/\/staytv.cr\" title=\"Home\">Home<\/a>\n<\/span><span class=\"aioseo-breadcrumb-separator\">&raquo;<\/span><span class=\"aioseo-breadcrumb\">\n\t<a href=\"https:\/\/staytv.cr\/index.php\/category\/nacional\/\" title=\"NACIONAL\">NACIONAL<\/a>\n<\/span><span class=\"aioseo-breadcrumb-separator\">&raquo;<\/span><span class=\"aioseo-breadcrumb\">\n\tFallece exjerarca de la Caja en Puriscal: Lo que se sabe de su deceso\n<\/span><\/div>","aioseo_breadcrumb_json":[{"label":"Home","link":"https:\/\/staytv.cr"},{"label":"NACIONAL","link":"https:\/\/staytv.cr\/index.php\/category\/nacional\/"},{"label":"Fallece exjerarca de la Caja en Puriscal: Lo que se sabe de su deceso","link":"https:\/\/staytv.cr\/index.php\/2026\/03\/16\/fallece-exjerarca-de-la-caja-en-puriscal-lo-que-se-sabe-de-su-deceso\/"}],"_links":{"self":[{"href":"https:\/\/staytv.cr\/index.php\/wp-json\/wp\/v2\/posts\/31469","targetHints":{"allow":["GET"]}}],"collection":[{"href":"https:\/\/staytv.cr\/index.php\/wp-json\/wp\/v2\/posts"}],"about":[{"href":"https:\/\/staytv.cr\/index.php\/wp-json\/wp\/v2\/types\/post"}],"author":[{"embeddable":true,"href":"https:\/\/staytv.cr\/index.php\/wp-json\/wp\/v2\/users\/10"}],"replies":[{"embeddable":true,"href":"https:\/\/staytv.cr\/index.php\/wp-json\/wp\/v2\/comments?post=31469"}],"version-history":[{"count":1,"href":"https:\/\/staytv.cr\/index.php\/wp-json\/wp\/v2\/posts\/31469\/revisions"}],"predecessor-version":[{"id":31470,"href":"https:\/\/staytv.cr\/index.php\/wp-json\/wp\/v2\/posts\/31469\/revisions\/31470"}],"wp:featuredmedia":[{"embeddable":true,"href":"https:\/\/staytv.cr\/index.php\/wp-json\/wp\/v2\/media\/31471"}],"wp:attachment":[{"href":"https:\/\/staytv.cr\/index.php\/wp-json\/wp\/v2\/media?parent=31469"}],"wp:term":[{"taxonomy":"category","embeddable":true,"href":"https:\/\/staytv.cr\/index.php\/wp-json\/wp\/v2\/categories?post=31469"},{"taxonomy":"post_tag","embeddable":true,"href":"https:\/\/staytv.cr\/index.php\/wp-json\/wp\/v2\/tags?post=31469"}],"curies":[{"name":"wp","href":"https:\/\/api.w.org\/{rel}","templated":true}]}}