{"id":31475,"date":"2026-03-16T10:09:57","date_gmt":"2026-03-16T16:09:57","guid":{"rendered":"https:\/\/staytv.cr\/?p=31475"},"modified":"2026-03-16T11:28:33","modified_gmt":"2026-03-16T17:28:33","slug":"noche-violenta-en-alajuelita-balacera-deja-un-muerto-y-un-herido-grave","status":"publish","type":"post","link":"https:\/\/staytv.cr\/index.php\/2026\/03\/16\/noche-violenta-en-alajuelita-balacera-deja-un-muerto-y-un-herido-grave\/","title":{"rendered":"\u00a1Noche violenta en Alajuelita! Balacera deja un muerto y un herido grave"},"content":{"rendered":"<p>Balacera en Alajuelita en Concepci\u00f3n de Alajuelita dej\u00f3 a un joven de 21 a\u00f1os fallecido y otro en estado cr\u00edtico. El OIJ investiga el m\u00f3vil del crimen.<!--more--><br \/>\n<!-- CAJA DE VIDEO + DOFOLLOW (RESPONSIVE) --><\/p>\n<div style=\"margin: 20px 0; width: 100%;\">\n<p><!-- CONTENEDOR VIDEO 16:9 --><\/p>\n<div style=\"position: relative; width: 100%; padding-bottom: 56.25%; height: 0; overflow: hidden; border-radius: 12px;\"><iframe style=\"position: absolute; top: 0; left: 0; width: 100%; height: 100%; border: 0;\" data-src=\"https:\/\/www.youtube.com\/embed\/Lhr5zjAJPz4\" allowfullscreen=\"allowfullscreen\" src=\"data:image\/svg+xml;base64,PHN2ZyB3aWR0aD0iMSIgaGVpZ2h0PSIxIiB4bWxucz0iaHR0cDovL3d3dy53My5vcmcvMjAwMC9zdmciPjwvc3ZnPg==\" class=\"lazyload\" data-load-mode=\"1\"><br \/>\n<\/iframe><\/div>\n<p><!-- ENLACE DOFOLLOW (SIN ATRIBUTOS REL) --><\/p>\n<p style=\"margin-top: 12px; font-size: 15px;\"><strong>Recurso externo:<\/strong><br \/>\n<a href=\"https:\/\/youtu.be\/Lhr5zjAJPz4\">Ver video completo en YouTube<\/a><\/p>\n<\/div>\n<h1>Violencia en Alajuelita: Ataque armado deja un joven fallecido y otro luchando por su vida<\/h1>\n<p>La noche de este domingo 15 de marzo se ti\u00f1\u00f3 de sangre en el sector de <strong>Concepci\u00f3n de Alajuelita<\/strong>. Un violento ataque con arma de fuego dej\u00f3 como saldo un hombre de 21 a\u00f1os fallecido y otro de la misma edad gravemente herido tras ser emboscados en v\u00eda p\u00fablica. Para m\u00e1s detalles sobre la situaci\u00f3n de seguridad en el pa\u00eds, visite nuestra secci\u00f3n de <a href=\"https:\/\/staytv.cr\/index.php\/category\/nacional\/\">Sucesos en STAY TV<\/a>.<\/p>\n<p>&nbsp;<\/p>\n<h2>Emboscada desde una motocicleta<\/h2>\n<p>De acuerdo con el informe preliminar brindado por las autoridades, los hechos ocurrieron aproximadamente a las <strong>10:30 p. m.<\/strong> Ambos j\u00f3venes se encontraban en la v\u00eda p\u00fablica cuando fueron interceptados por dos sujetos que viajaban a bordo de una motocicleta. Sin mediar palabra, los sospechosos abrieron fuego en m\u00faltiples ocasiones contra las v\u00edctimas antes de darse a la fuga.<\/p>\n<p>Uno de los heridos, de apellido <strong>Vega (21 a\u00f1os)<\/strong>, fue trasladado de urgencia a la Cl\u00ednica Sol\u00f3n N\u00fa\u00f1ez; sin embargo, debido a la gravedad de los impactos, fue declarado fallecido poco despu\u00e9s de su ingreso. El segundo afectado, de apellido <strong>Alvarado (tambi\u00e9n de 21 a\u00f1os)<\/strong>, fue llevado de emergencia al Hospital San Juan de Dios, donde permanece bajo pron\u00f3stico reservado en condici\u00f3n delicada.<\/p>\n<p>&nbsp;<\/p>\n<h2>OIJ tras la pista de los responsables<\/h2>\n<p>Agentes de la Secci\u00f3n de Inspecciones Oculares y Recolecci\u00f3n de Indicios del <strong>Organismo de Investigaci\u00f3n Judicial (OIJ)<\/strong> se desplazaron al lugar del ataque para realizar el levantamiento de evidencias bal\u00edsticas. Los investigadores trabajan ahora en la recolecci\u00f3n de testimonios y la revisi\u00f3n de c\u00e1maras de seguridad cercanas para intentar identificar la ruta de escape de la motocicleta.<\/p>\n<p>Hasta el momento, el m\u00f3vil del ataque es desconocido, aunque las autoridades no descartan un posible ajuste de cuentas dada la din\u00e1mica de los hechos. El caso se mantiene bajo una rigurosa investigaci\u00f3n judicial.<\/p>\n<div style=\"background: #1a1a1a; padding: 25px; border-radius: 8px; margin: 25px 0; border: 1px solid #333; font-family: sans-serif; color: #fff;\">\n<h4 style=\"margin-top: 0; text-align: center; color: #e63946;\">Reporte de V\u00edctimas: Concepci\u00f3n de Alajuelita<\/h4>\n<table style=\"width: 100%; font-size: 12px; border-collapse: collapse; text-align: left; margin-top: 15px;\">\n<thead>\n<tr style=\"border-bottom: 2px solid #444;\">\n<th style=\"padding: 10px;\">V\u00edctima (Apellido)<\/th>\n<th style=\"padding: 10px;\">Edad<\/th>\n<th style=\"padding: 10px;\">Estado \/ Centro M\u00e9dico<\/th>\n<\/tr>\n<\/thead>\n<tbody>\n<tr style=\"border-bottom: 1px solid #222;\">\n<td style=\"padding: 10px;\">Vega<\/td>\n<td style=\"padding: 10px;\">21 a\u00f1os<\/td>\n<td style=\"padding: 10px; color: #ff4d4d;\">Fallecido (Cl\u00ednica Sol\u00f3n N\u00fa\u00f1ez)<\/td>\n<\/tr>\n<tr>\n<td style=\"padding: 10px;\">Alvarado<\/td>\n<td style=\"padding: 10px;\">21 a\u00f1os<\/td>\n<td style=\"padding: 10px;\">Cr\u00edtico (Hospital San Juan de Dios)<\/td>\n<\/tr>\n<\/tbody>\n<\/table>\n<\/div>\n<p>En conclusi\u00f3n, la zona de Alajuelita vuelve a ser escenario de la creciente ola de violencia que azota la capital. Mant\u00e9ngase informado sobre el avance de esta y otras noticias en <a href=\"https:\/\/staytv.cr\">STAY TV<\/a>.<\/p>\n<p>Con informaci\u00f3n para STAY TV: <a href=\"https:\/\/staytv.cr\">STAY TV<\/a><\/p>\n<p>&nbsp;<\/p>\n","protected":false},"excerpt":{"rendered":"<p>Balacera en Alajuelita en Concepci\u00f3n de Alajuelita dej\u00f3 a un joven de 21 a\u00f1os fallecido y otro en estado cr\u00edtico. El OIJ investiga el m\u00f3vil del crimen.<\/p>\n","protected":false},"author":10,"featured_media":31476,"comment_status":"open","ping_status":"open","sticky":false,"template":"","format":"standard","meta":{"episode_type":"","audio_file":"","podmotor_file_id":"","podmotor_episode_id":"","cover_image":"","cover_image_id":"","duration":"","filesize":"","filesize_raw":"","date_recorded":"","explicit":"","block":"","itunes_episode_number":"","itunes_title":"","itunes_season_number":"","itunes_episode_type":"","footnotes":""},"categories":[1],"tags":[1762,6025,70,6021,130,351],"class_list":{"0":"post-31475","1":"post","2":"type-post","3":"status-publish","4":"format-standard","5":"has-post-thumbnail","7":"category-sucesos","8":"tag-alajuelita","9":"tag-balacera","10":"tag-costa-rica","11":"tag-nacional","12":"tag-oij","13":"tag-sucesos"},"aioseo_notices":[],"aioseo_head":"\n\t\t<!-- All in One SEO Pro 4.8.3.2 - aioseo.com -->\n\t<meta name=\"description\" content=\"Balacera en Alajuelita en Concepci\u00f3n de Alajuelita dej\u00f3 a un joven de 21 a\u00f1os fallecido y otro en estado cr\u00edtico. El OIJ investiga el m\u00f3vil del crimen.\" \/>\n\t<meta name=\"robots\" content=\"max-image-preview:large\" \/>\n\t<meta name=\"author\" content=\"Diego Molina\"\/>\n\t<link rel=\"canonical\" href=\"https:\/\/staytv.cr\/index.php\/2026\/03\/16\/noche-violenta-en-alajuelita-balacera-deja-un-muerto-y-un-herido-grave\/\" \/>\n\t<meta name=\"generator\" content=\"All in One SEO Pro (AIOSEO) 4.8.3.2\" \/>\n\t\t<meta property=\"og:locale\" content=\"es_ES\" \/>\n\t\t<meta property=\"og:site_name\" content=\"Staytv - Medio de comunicaci\u00f3n digital de Costa Rica.\" \/>\n\t\t<meta property=\"og:type\" content=\"article\" \/>\n\t\t<meta property=\"og:title\" content=\"Balacera en Alajuelita deja un muerto y un herido\" \/>\n\t\t<meta property=\"og:description\" content=\"Balacera en Alajuelita en Concepci\u00f3n de Alajuelita dej\u00f3 a un joven de 21 a\u00f1os fallecido y otro en estado cr\u00edtico. El OIJ investiga el m\u00f3vil del crimen.\" \/>\n\t\t<meta property=\"og:url\" content=\"https:\/\/staytv.cr\/index.php\/2026\/03\/16\/noche-violenta-en-alajuelita-balacera-deja-un-muerto-y-un-herido-grave\/\" \/>\n\t\t<meta property=\"og:image\" content=\"https:\/\/staytv.cr\/wp-content\/uploads\/Sin-titulo-4-48.jpg\" \/>\n\t\t<meta property=\"og:image:secure_url\" content=\"https:\/\/staytv.cr\/wp-content\/uploads\/Sin-titulo-4-48.jpg\" \/>\n\t\t<meta property=\"og:image:width\" content=\"1200\" \/>\n\t\t<meta property=\"og:image:height\" content=\"630\" \/>\n\t\t<meta property=\"article:published_time\" content=\"2026-03-16T16:09:57+00:00\" \/>\n\t\t<meta property=\"article:modified_time\" content=\"2026-03-16T17:28:33+00:00\" \/>\n\t\t<meta property=\"article:publisher\" content=\"https:\/\/www.facebook.com\/staytvcr\" \/>\n\t\t<meta name=\"twitter:card\" content=\"summary_large_image\" \/>\n\t\t<meta name=\"twitter:title\" content=\"Balacera en Alajuelita deja un muerto y un herido\" \/>\n\t\t<meta name=\"twitter:description\" content=\"Balacera en Alajuelita en Concepci\u00f3n de Alajuelita dej\u00f3 a un joven de 21 a\u00f1os fallecido y otro en estado cr\u00edtico. El OIJ investiga el m\u00f3vil del crimen.\" \/>\n\t\t<meta name=\"twitter:image\" content=\"https:\/\/staytv.cr\/wp-content\/uploads\/Sin-titulo-4-48.jpg\" \/>\n\t\t<script type=\"application\/ld+json\" class=\"aioseo-schema\">\n\t\t\t{\"@context\":\"https:\\\/\\\/schema.org\",\"@graph\":[{\"@type\":\"BreadcrumbList\",\"@id\":\"https:\\\/\\\/staytv.cr\\\/index.php\\\/2026\\\/03\\\/16\\\/noche-violenta-en-alajuelita-balacera-deja-un-muerto-y-un-herido-grave\\\/#breadcrumblist\",\"itemListElement\":[{\"@type\":\"ListItem\",\"@id\":\"https:\\\/\\\/staytv.cr#listItem\",\"position\":1,\"name\":\"Home\",\"item\":\"https:\\\/\\\/staytv.cr\",\"nextItem\":{\"@type\":\"ListItem\",\"@id\":\"https:\\\/\\\/staytv.cr\\\/index.php\\\/category\\\/sucesos\\\/#listItem\",\"name\":\"SUCESOS\"}},{\"@type\":\"ListItem\",\"@id\":\"https:\\\/\\\/staytv.cr\\\/index.php\\\/category\\\/sucesos\\\/#listItem\",\"position\":2,\"name\":\"SUCESOS\",\"item\":\"https:\\\/\\\/staytv.cr\\\/index.php\\\/category\\\/sucesos\\\/\",\"nextItem\":{\"@type\":\"ListItem\",\"@id\":\"https:\\\/\\\/staytv.cr\\\/index.php\\\/2026\\\/03\\\/16\\\/noche-violenta-en-alajuelita-balacera-deja-un-muerto-y-un-herido-grave\\\/#listItem\",\"name\":\"\\u00a1Noche violenta en Alajuelita! Balacera deja un muerto y un herido grave\"},\"previousItem\":{\"@type\":\"ListItem\",\"@id\":\"https:\\\/\\\/staytv.cr#listItem\",\"name\":\"Home\"}},{\"@type\":\"ListItem\",\"@id\":\"https:\\\/\\\/staytv.cr\\\/index.php\\\/2026\\\/03\\\/16\\\/noche-violenta-en-alajuelita-balacera-deja-un-muerto-y-un-herido-grave\\\/#listItem\",\"position\":3,\"name\":\"\\u00a1Noche violenta en Alajuelita! Balacera deja un muerto y un herido grave\",\"previousItem\":{\"@type\":\"ListItem\",\"@id\":\"https:\\\/\\\/staytv.cr\\\/index.php\\\/category\\\/sucesos\\\/#listItem\",\"name\":\"SUCESOS\"}}]},{\"@type\":\"Organization\",\"@id\":\"https:\\\/\\\/staytv.cr\\\/#organization\",\"name\":\"Stay TV\",\"description\":\"Stay TV es un medio digital de noticias con base en Centroam\\u00e9rica, con cobertura local e internacional desde una mirada asi\\u00e1tica.\",\"url\":\"https:\\\/\\\/staytv.cr\\\/\",\"logo\":{\"@type\":\"ImageObject\",\"url\":\"https:\\\/\\\/staytv.cr\\\/wp-content\\\/uploads\\\/cropped-StayTV_logo_oficial_simple.png\",\"@id\":\"https:\\\/\\\/staytv.cr\\\/index.php\\\/2026\\\/03\\\/16\\\/noche-violenta-en-alajuelita-balacera-deja-un-muerto-y-un-herido-grave\\\/#organizationLogo\",\"width\":2560,\"height\":769},\"image\":{\"@id\":\"https:\\\/\\\/staytv.cr\\\/index.php\\\/2026\\\/03\\\/16\\\/noche-violenta-en-alajuelita-balacera-deja-un-muerto-y-un-herido-grave\\\/#organizationLogo\"},\"sameAs\":[\"https:\\\/\\\/www.instagram.com\\\/staytvcr\\\/\"]},{\"@type\":\"Person\",\"@id\":\"https:\\\/\\\/staytv.cr\\\/index.php\\\/author\\\/diegostaytv\\\/#author\",\"url\":\"https:\\\/\\\/staytv.cr\\\/index.php\\\/author\\\/diegostaytv\\\/\",\"name\":\"Diego Molina\",\"image\":{\"@type\":\"ImageObject\",\"url\":\"https:\\\/\\\/secure.gravatar.com\\\/avatar\\\/7d23cb63381aa64750c7e76727c208369ebd6f2565e9dc4c62e323b1ea59af41?s=96&d=mm&r=g\"}},{\"@type\":\"WebPage\",\"@id\":\"https:\\\/\\\/staytv.cr\\\/index.php\\\/2026\\\/03\\\/16\\\/noche-violenta-en-alajuelita-balacera-deja-un-muerto-y-un-herido-grave\\\/#webpage\",\"url\":\"https:\\\/\\\/staytv.cr\\\/index.php\\\/2026\\\/03\\\/16\\\/noche-violenta-en-alajuelita-balacera-deja-un-muerto-y-un-herido-grave\\\/\",\"name\":\"Balacera en Alajuelita deja un muerto y un herido\",\"description\":\"Balacera en Alajuelita en Concepci\\u00f3n de Alajuelita dej\\u00f3 a un joven de 21 a\\u00f1os fallecido y otro en estado cr\\u00edtico. El OIJ investiga el m\\u00f3vil del crimen.\",\"inLanguage\":\"es-ES\",\"isPartOf\":{\"@id\":\"https:\\\/\\\/staytv.cr\\\/#website\"},\"breadcrumb\":{\"@id\":\"https:\\\/\\\/staytv.cr\\\/index.php\\\/2026\\\/03\\\/16\\\/noche-violenta-en-alajuelita-balacera-deja-un-muerto-y-un-herido-grave\\\/#breadcrumblist\"},\"author\":{\"@id\":\"https:\\\/\\\/staytv.cr\\\/index.php\\\/author\\\/diegostaytv\\\/#author\"},\"creator\":{\"@id\":\"https:\\\/\\\/staytv.cr\\\/index.php\\\/author\\\/diegostaytv\\\/#author\"},\"image\":{\"@type\":\"ImageObject\",\"url\":\"https:\\\/\\\/staytv.cr\\\/wp-content\\\/uploads\\\/Sin-titulo-4-48.jpg\",\"@id\":\"https:\\\/\\\/staytv.cr\\\/index.php\\\/2026\\\/03\\\/16\\\/noche-violenta-en-alajuelita-balacera-deja-un-muerto-y-un-herido-grave\\\/#mainImage\",\"width\":1200,\"height\":630,\"caption\":\"Balacera en Alajuelita\"},\"primaryImageOfPage\":{\"@id\":\"https:\\\/\\\/staytv.cr\\\/index.php\\\/2026\\\/03\\\/16\\\/noche-violenta-en-alajuelita-balacera-deja-un-muerto-y-un-herido-grave\\\/#mainImage\"},\"datePublished\":\"2026-03-16T10:09:57-06:00\",\"dateModified\":\"2026-03-16T11:28:33-06:00\"},{\"@type\":\"WebSite\",\"@id\":\"https:\\\/\\\/staytv.cr\\\/#website\",\"url\":\"https:\\\/\\\/staytv.cr\\\/\",\"name\":\"Staytv\",\"description\":\"Medio de comunicaci\\u00f3n digital de Costa Rica.\",\"inLanguage\":\"es-ES\",\"publisher\":{\"@id\":\"https:\\\/\\\/staytv.cr\\\/#organization\"}}]}\n\t\t<\/script>\n\t\t<!-- All in One SEO Pro -->\r\n\t\t<title>Balacera en Alajuelita deja un muerto y un herido<\/title>\n\n","aioseo_head_json":{"title":"Balacera en Alajuelita deja un muerto y un herido","description":"Balacera en Alajuelita en Concepci\u00f3n de Alajuelita dej\u00f3 a un joven de 21 a\u00f1os fallecido y otro en estado cr\u00edtico. El OIJ investiga el m\u00f3vil del crimen.","canonical_url":"https:\/\/staytv.cr\/index.php\/2026\/03\/16\/noche-violenta-en-alajuelita-balacera-deja-un-muerto-y-un-herido-grave\/","robots":"max-image-preview:large","keywords":"","webmasterTools":{"miscellaneous":""},"schema":{"@context":"https:\/\/schema.org","@graph":[{"@type":"BreadcrumbList","@id":"https:\/\/staytv.cr\/index.php\/2026\/03\/16\/noche-violenta-en-alajuelita-balacera-deja-un-muerto-y-un-herido-grave\/#breadcrumblist","itemListElement":[{"@type":"ListItem","@id":"https:\/\/staytv.cr#listItem","position":1,"name":"Home","item":"https:\/\/staytv.cr","nextItem":{"@type":"ListItem","@id":"https:\/\/staytv.cr\/index.php\/category\/sucesos\/#listItem","name":"SUCESOS"}},{"@type":"ListItem","@id":"https:\/\/staytv.cr\/index.php\/category\/sucesos\/#listItem","position":2,"name":"SUCESOS","item":"https:\/\/staytv.cr\/index.php\/category\/sucesos\/","nextItem":{"@type":"ListItem","@id":"https:\/\/staytv.cr\/index.php\/2026\/03\/16\/noche-violenta-en-alajuelita-balacera-deja-un-muerto-y-un-herido-grave\/#listItem","name":"\u00a1Noche violenta en Alajuelita! Balacera deja un muerto y un herido grave"},"previousItem":{"@type":"ListItem","@id":"https:\/\/staytv.cr#listItem","name":"Home"}},{"@type":"ListItem","@id":"https:\/\/staytv.cr\/index.php\/2026\/03\/16\/noche-violenta-en-alajuelita-balacera-deja-un-muerto-y-un-herido-grave\/#listItem","position":3,"name":"\u00a1Noche violenta en Alajuelita! Balacera deja un muerto y un herido grave","previousItem":{"@type":"ListItem","@id":"https:\/\/staytv.cr\/index.php\/category\/sucesos\/#listItem","name":"SUCESOS"}}]},{"@type":"Organization","@id":"https:\/\/staytv.cr\/#organization","name":"Stay TV","description":"Stay TV es un medio digital de noticias con base en Centroam\u00e9rica, con cobertura local e internacional desde una mirada asi\u00e1tica.","url":"https:\/\/staytv.cr\/","logo":{"@type":"ImageObject","url":"https:\/\/staytv.cr\/wp-content\/uploads\/cropped-StayTV_logo_oficial_simple.png","@id":"https:\/\/staytv.cr\/index.php\/2026\/03\/16\/noche-violenta-en-alajuelita-balacera-deja-un-muerto-y-un-herido-grave\/#organizationLogo","width":2560,"height":769},"image":{"@id":"https:\/\/staytv.cr\/index.php\/2026\/03\/16\/noche-violenta-en-alajuelita-balacera-deja-un-muerto-y-un-herido-grave\/#organizationLogo"},"sameAs":["https:\/\/www.instagram.com\/staytvcr\/"]},{"@type":"Person","@id":"https:\/\/staytv.cr\/index.php\/author\/diegostaytv\/#author","url":"https:\/\/staytv.cr\/index.php\/author\/diegostaytv\/","name":"Diego Molina","image":{"@type":"ImageObject","url":"https:\/\/secure.gravatar.com\/avatar\/7d23cb63381aa64750c7e76727c208369ebd6f2565e9dc4c62e323b1ea59af41?s=96&d=mm&r=g"}},{"@type":"WebPage","@id":"https:\/\/staytv.cr\/index.php\/2026\/03\/16\/noche-violenta-en-alajuelita-balacera-deja-un-muerto-y-un-herido-grave\/#webpage","url":"https:\/\/staytv.cr\/index.php\/2026\/03\/16\/noche-violenta-en-alajuelita-balacera-deja-un-muerto-y-un-herido-grave\/","name":"Balacera en Alajuelita deja un muerto y un herido","description":"Balacera en Alajuelita en Concepci\u00f3n de Alajuelita dej\u00f3 a un joven de 21 a\u00f1os fallecido y otro en estado cr\u00edtico. El OIJ investiga el m\u00f3vil del crimen.","inLanguage":"es-ES","isPartOf":{"@id":"https:\/\/staytv.cr\/#website"},"breadcrumb":{"@id":"https:\/\/staytv.cr\/index.php\/2026\/03\/16\/noche-violenta-en-alajuelita-balacera-deja-un-muerto-y-un-herido-grave\/#breadcrumblist"},"author":{"@id":"https:\/\/staytv.cr\/index.php\/author\/diegostaytv\/#author"},"creator":{"@id":"https:\/\/staytv.cr\/index.php\/author\/diegostaytv\/#author"},"image":{"@type":"ImageObject","url":"https:\/\/staytv.cr\/wp-content\/uploads\/Sin-titulo-4-48.jpg","@id":"https:\/\/staytv.cr\/index.php\/2026\/03\/16\/noche-violenta-en-alajuelita-balacera-deja-un-muerto-y-un-herido-grave\/#mainImage","width":1200,"height":630,"caption":"Balacera en Alajuelita"},"primaryImageOfPage":{"@id":"https:\/\/staytv.cr\/index.php\/2026\/03\/16\/noche-violenta-en-alajuelita-balacera-deja-un-muerto-y-un-herido-grave\/#mainImage"},"datePublished":"2026-03-16T10:09:57-06:00","dateModified":"2026-03-16T11:28:33-06:00"},{"@type":"WebSite","@id":"https:\/\/staytv.cr\/#website","url":"https:\/\/staytv.cr\/","name":"Staytv","description":"Medio de comunicaci\u00f3n digital de Costa Rica.","inLanguage":"es-ES","publisher":{"@id":"https:\/\/staytv.cr\/#organization"}}]},"og:locale":"es_ES","og:site_name":"Staytv - Medio de comunicaci\u00f3n digital de Costa Rica.","og:type":"article","og:title":"Balacera en Alajuelita deja un muerto y un herido","og:description":"Balacera en Alajuelita en Concepci\u00f3n de Alajuelita dej\u00f3 a un joven de 21 a\u00f1os fallecido y otro en estado cr\u00edtico. El OIJ investiga el m\u00f3vil del crimen.","og:url":"https:\/\/staytv.cr\/index.php\/2026\/03\/16\/noche-violenta-en-alajuelita-balacera-deja-un-muerto-y-un-herido-grave\/","og:image":"https:\/\/staytv.cr\/wp-content\/uploads\/Sin-titulo-4-48.jpg","og:image:secure_url":"https:\/\/staytv.cr\/wp-content\/uploads\/Sin-titulo-4-48.jpg","og:image:width":1200,"og:image:height":630,"article:published_time":"2026-03-16T16:09:57+00:00","article:modified_time":"2026-03-16T17:28:33+00:00","article:publisher":"https:\/\/www.facebook.com\/staytvcr","twitter:card":"summary_large_image","twitter:title":"Balacera en Alajuelita deja un muerto y un herido","twitter:description":"Balacera en Alajuelita en Concepci\u00f3n de Alajuelita dej\u00f3 a un joven de 21 a\u00f1os fallecido y otro en estado cr\u00edtico. El OIJ investiga el m\u00f3vil del crimen.","twitter:image":"https:\/\/staytv.cr\/wp-content\/uploads\/Sin-titulo-4-48.jpg"},"aioseo_meta_data":{"post_id":"31475","title":"Balacera en Alajuelita deja un muerto y un herido","description":"Balacera en Alajuelita en Concepci\u00f3n de Alajuelita dej\u00f3 a un joven de 21 a\u00f1os fallecido y otro en estado cr\u00edtico. El OIJ investiga el m\u00f3vil del crimen.","keywords":null,"keyphrases":{"focus":{"keyphrase":"Balacera en Alajuelita","score":67,"analysis":{"keyphraseInTitle":{"score":9,"maxScore":9,"error":0},"keyphraseInDescription":{"score":9,"maxScore":9,"error":0},"keyphraseLength":{"score":9,"maxScore":9,"error":0,"length":3},"keyphraseInURL":[],"keyphraseInIntroduction":{"score":9,"maxScore":9,"error":0},"keyphraseInSubHeadings":{"score":3,"maxScore":9,"error":1},"keyphraseInImageAlt":{"score":3,"maxScore":9,"error":1},"keywordDensity":{"score":0,"type":"low","maxScore":9,"error":1}}},"additional":[]},"canonical_url":null,"og_title":null,"og_description":null,"og_object_type":"default","og_image_type":"default","og_image_custom_url":null,"og_image_custom_fields":null,"og_custom_image_width":null,"og_custom_image_height":null,"og_video":"","og_custom_url":null,"og_article_section":null,"og_article_tags":null,"twitter_use_og":true,"twitter_card":"default","twitter_image_type":"default","twitter_image_custom_url":null,"twitter_image_custom_fields":null,"twitter_title":null,"twitter_description":null,"schema_type":null,"schema_type_options":null,"pillar_content":false,"robots_default":true,"robots_noindex":false,"robots_noarchive":false,"robots_nosnippet":false,"robots_nofollow":false,"robots_noimageindex":false,"robots_noodp":false,"robots_notranslate":false,"robots_max_snippet":"-1","robots_max_videopreview":"-1","robots_max_imagepreview":"large","tabs":null,"priority":null,"frequency":"default","local_seo":null,"created":"2026-03-16 15:57:34","updated":"2026-03-16 17:28:35"},"aioseo_breadcrumb":"<div class=\"aioseo-breadcrumbs\"><span class=\"aioseo-breadcrumb\">\n\t<a href=\"https:\/\/staytv.cr\" title=\"Home\">Home<\/a>\n<\/span><span class=\"aioseo-breadcrumb-separator\">&raquo;<\/span><span class=\"aioseo-breadcrumb\">\n\t<a href=\"https:\/\/staytv.cr\/index.php\/category\/sucesos\/\" title=\"SUCESOS\">SUCESOS<\/a>\n<\/span><span class=\"aioseo-breadcrumb-separator\">&raquo;<\/span><span class=\"aioseo-breadcrumb\">\n\t\u00a1Noche violenta en Alajuelita! Balacera deja un muerto y un herido grave\n<\/span><\/div>","aioseo_breadcrumb_json":[{"label":"Home","link":"https:\/\/staytv.cr"},{"label":"SUCESOS","link":"https:\/\/staytv.cr\/index.php\/category\/sucesos\/"},{"label":"\u00a1Noche violenta en Alajuelita! Balacera deja un muerto y un herido grave","link":"https:\/\/staytv.cr\/index.php\/2026\/03\/16\/noche-violenta-en-alajuelita-balacera-deja-un-muerto-y-un-herido-grave\/"}],"_links":{"self":[{"href":"https:\/\/staytv.cr\/index.php\/wp-json\/wp\/v2\/posts\/31475","targetHints":{"allow":["GET"]}}],"collection":[{"href":"https:\/\/staytv.cr\/index.php\/wp-json\/wp\/v2\/posts"}],"about":[{"href":"https:\/\/staytv.cr\/index.php\/wp-json\/wp\/v2\/types\/post"}],"author":[{"embeddable":true,"href":"https:\/\/staytv.cr\/index.php\/wp-json\/wp\/v2\/users\/10"}],"replies":[{"embeddable":true,"href":"https:\/\/staytv.cr\/index.php\/wp-json\/wp\/v2\/comments?post=31475"}],"version-history":[{"count":1,"href":"https:\/\/staytv.cr\/index.php\/wp-json\/wp\/v2\/posts\/31475\/revisions"}],"predecessor-version":[{"id":31477,"href":"https:\/\/staytv.cr\/index.php\/wp-json\/wp\/v2\/posts\/31475\/revisions\/31477"}],"wp:featuredmedia":[{"embeddable":true,"href":"https:\/\/staytv.cr\/index.php\/wp-json\/wp\/v2\/media\/31476"}],"wp:attachment":[{"href":"https:\/\/staytv.cr\/index.php\/wp-json\/wp\/v2\/media?parent=31475"}],"wp:term":[{"taxonomy":"category","embeddable":true,"href":"https:\/\/staytv.cr\/index.php\/wp-json\/wp\/v2\/categories?post=31475"},{"taxonomy":"post_tag","embeddable":true,"href":"https:\/\/staytv.cr\/index.php\/wp-json\/wp\/v2\/tags?post=31475"}],"curies":[{"name":"wp","href":"https:\/\/api.w.org\/{rel}","templated":true}]}}