{"id":32140,"date":"2026-04-04T09:51:43","date_gmt":"2026-04-04T15:51:43","guid":{"rendered":"https:\/\/staytv.cr\/?p=32140"},"modified":"2026-04-04T09:52:09","modified_gmt":"2026-04-04T15:52:09","slug":"alfredo-volio-en-portada-de-forbes","status":"publish","type":"post","link":"https:\/\/staytv.cr\/index.php\/2026\/04\/04\/alfredo-volio-en-portada-de-forbes\/","title":{"rendered":"\u00bfC\u00f3mo dise\u00f1ar ciudades sostenibles? La visi\u00f3n de Alfredo Volio en Forbes"},"content":{"rendered":"<p><span data-path-to-node=\"4,4,1,0\">Alfredo Volio Guerrero, CEO de Portafolio Inmobiliario, protagoniza la portada de Forbes Centroam\u00e9rica con su visi\u00f3n de desarrollo urbano sostenible en 2026.<\/span><!--more--><\/p>\n<div class=\"marco-4-3\"><img decoding=\"async\" data-src=\"https:\/\/observador.cr\/wp-content\/uploads\/2025\/01\/Alfredo-Volio-e1736281835314.jpg\" alt=\"Alfredo Volio - El Observador\" src=\"data:image\/svg+xml;base64,PHN2ZyB3aWR0aD0iMSIgaGVpZ2h0PSIxIiB4bWxucz0iaHR0cDovL3d3dy53My5vcmcvMjAwMC9zdmciPjwvc3ZnPg==\" class=\"lazyload\" \/><\/div>\n<style>\n    .marco-4-3 {<br \/>        max-width: 720px;<br \/>        width: 100%;<br \/>        margin: 0 auto;<br \/>        border: 2px solid #ddd;<br \/>        border-radius: 8px;<br \/>        background-color: #f5f5f5;<br \/>        display: flex;<br \/>        align-items: center;<br \/>        justify-content: center;<br \/>        overflow: hidden;<br \/>        aspect-ratio: 4 \/ 3;<br \/>    }<br \/>    .marco-4-3 img {<br \/>        width: 100%;<br \/>        height: 100%;<br \/>        object-fit: contain;<br \/>    }<br \/><\/style>\n<h1>Capital en tierra firme: Alfredo Volio Guerrero lidera la visi\u00f3n empresarial en la nueva edici\u00f3n de Forbes<\/h1>\n<p>El sector de los <strong>Negocios<\/strong> en Costa Rica alcanza un nuevo hito de visibilidad regional. En su edici\u00f3n de abril 2026, la prestigiosa revista <em>Forbes Centroam\u00e9rica<\/em> presenta en su portada a Alfredo Volio Guerrero, CEO de Portafolio Inmobiliario. Bajo el t\u00edtulo \u00abCapital en tierra firme\u00bb, el reportaje profundiza en la trayectoria del empresario y su capacidad para consolidar proyectos de <strong>Urbanismo<\/strong> que no solo transforman la infraestructura, sino que dinamizan la econom\u00eda nacional mediante modelos de desarrollo sostenible. Para conocer m\u00e1s sobre el impacto de la inversi\u00f3n privada en el pa\u00eds, puede visitar nuestra categor\u00eda <a href=\"https:\/\/staytv.cr\/index.php\/category\/economics\/\">Econom\u00eda<\/a>.<\/p>\n<p>La publicaci\u00f3n destaca a Volio como una figura central en la planificaci\u00f3n de ciudades modernas, subrayando su enfoque en la resiliencia y el crecimiento ordenado. Seg\u00fan Forbes, Portafolio Inmobiliario ha logrado posicionarse como un referente en la regi\u00f3n gracias a una estrategia que equilibra la rentabilidad con la responsabilidad ambiental. Este enfoque de <strong>Urbanismo<\/strong> sostenible ha permitido atraer capitales frescos y generar empleos directos, consolidando polos de desarrollo que integran espacios comerciales, residenciales y \u00e1reas p\u00fablicas eficientes.<\/p>\n<h2>Sostenibilidad y resiliencia en el mercado inmobiliario<\/h2>\n<p>Uno de los puntos clave del reportaje es la visi\u00f3n de Volio sobre la adaptaci\u00f3n clim\u00e1tica de las ciudades. El empresario defiende que el futuro del <strong>Urbanismo<\/strong> depende de la capacidad de los desarrolladores para crear infraestructuras que minimicen la huella de carbono y mejoren la calidad de vida de los habitantes. Esta filosof\u00eda de trabajo, descrita en la nota de Forbes como \u00abCapital en tierra firme\u00bb, alude a una inversi\u00f3n segura basada en la solidez de proyectos que respetan el entorno y ofrecen soluciones de movilidad y uso de suelo inteligentes.<\/p>\n<p>La influencia de Volio Guerrero en la agenda regional de <strong>Negocios<\/strong> es innegable. Su presencia en la portada de Forbes no solo reconoce su labor individual, sino que pone en foco el potencial de Costa Rica como laboratorio de innovaci\u00f3n urbana. La nota destaca que, a trav\u00e9s de una coordinaci\u00f3n multisectorial, es posible superar los desaf\u00edos de tramitoman\u00eda y voluntad pol\u00edtica para implementar modelos de gesti\u00f3n urbana que sean replicables en otras capitales centroamericanas, fortaleciendo la competitividad de toda la regi\u00f3n.<\/p>\n<p>[Image: Cover of Forbes Central America April 2026 featuring Alfredo Volio Guerrero]<\/p>\n<div style=\"width: 100%; font-family: sans-serif; margin-bottom: 30px; border: 1px solid #ddd; border-radius: 8px; overflow: hidden;\">\n<div style=\"background-color: #1a1a1a; color: #ffffff; padding: 15px; text-align: center; font-weight: bold; font-size: 1.2em;\">REPORTAJE ESPECIAL: FORBES CENTROAM\u00c9RICA (ABRIL 2026)<\/div>\n<div style=\"display: flex; background-color: #f4f4f4; border-bottom: 2px solid #ddd; font-weight: bold; padding: 10px;\">\n<div style=\"flex: 2;\">Elemento<\/div>\n<div style=\"flex: 3;\">Detalle del Reportaje<\/div>\n<\/div>\n<div style=\"display: flex; padding: 8px; border-bottom: 1px solid #eee;\">\n<div style=\"flex: 2; font-weight: bold;\">T\u00edtulo de Portada<\/div>\n<div style=\"flex: 3;\">Alfredo Volio: Capital en tierra firme.<\/div>\n<\/div>\n<div style=\"display: flex; padding: 8px; border-bottom: 1px solid #eee;\">\n<div style=\"flex: 2; font-weight: bold;\">Cargo<\/div>\n<div style=\"flex: 3;\">CEO de Portafolio Inmobiliario.<\/div>\n<\/div>\n<div style=\"display: flex; padding: 8px; border-bottom: 1px solid #eee;\">\n<div style=\"flex: 2; font-weight: bold;\">Temas Centrales<\/div>\n<div style=\"flex: 3;\">Inversi\u00f3n, Urbanismo Sostenible e Innovaci\u00f3n.<\/div>\n<\/div>\n<div style=\"display: flex; padding: 8px; border-bottom: 1px solid #eee;\">\n<div style=\"flex: 2; font-weight: bold;\">Fecha de Publicaci\u00f3n<\/div>\n<div style=\"flex: 3;\">01 de abril de 2026.<\/div>\n<\/div>\n<\/div>\n<h2>Fuentes Oficiales<\/h2>\n<ul>\n<li><strong>Forbes Centroam\u00e9rica:<\/strong> <a href=\"https:\/\/forbescentroamerica.com\/2026\/04\/01\/nuestra-revista-alfredo-volio-capital-en-tierra-firme-forbes-centroamerica-abril-2026\/\" target=\"_blank\" rel=\"noopener\">Edici\u00f3n Digital Abril 2026<\/a>.<\/li>\n<li><strong>Portafolio Inmobiliario:<\/strong> Perfil corporativo de Alfredo Volio Guerrero.<\/li>\n<\/ul>\n<p>Para m\u00e1s informaci\u00f3n, visite el sitio oficial en <a href=\"https:\/\/staytv.cr\">https:\/\/staytv.cr<\/a><\/p>\n<p>&nbsp;<\/p>\n","protected":false},"excerpt":{"rendered":"<p>Alfredo Volio Guerrero, CEO de Portafolio Inmobiliario, protagoniza la portada de Forbes Centroam\u00e9rica con su visi\u00f3n de desarrollo urbano sostenible en 2026.<\/p>\n","protected":false},"author":11,"featured_media":32156,"comment_status":"open","ping_status":"open","sticky":false,"template":"","format":"standard","meta":{"episode_type":"","audio_file":"","podmotor_file_id":"","podmotor_episode_id":"","cover_image":"","cover_image_id":"","duration":"","filesize":"","filesize_raw":"","date_recorded":"","explicit":"","block":"","itunes_episode_number":"","itunes_title":"","itunes_season_number":"","itunes_episode_type":"","footnotes":""},"categories":[54],"tags":[6277,70,5472,4478,6278,799,6276],"class_list":{"0":"post-32140","1":"post","2":"type-post","3":"status-publish","4":"format-standard","5":"has-post-thumbnail","7":"category-economics","8":"tag-alfredo-volio","9":"tag-costa-rica","10":"tag-forbes-centroamerica","11":"tag-negocios","12":"tag-portafolio-inmobiliario","13":"tag-sostenibilidad","14":"tag-urbanismo"},"aioseo_notices":[],"aioseo_head":"\n\t\t<!-- All in One SEO Pro 4.8.3.2 - aioseo.com -->\n\t<meta name=\"description\" content=\"Alfredo Volio Guerrero, CEO de Portafolio Inmobiliario, protagoniza la portada de Forbes Centroam\u00e9rica con su visi\u00f3n de desarrollo urbano sostenible en 2026.\" \/>\n\t<meta name=\"robots\" content=\"max-image-preview:large\" \/>\n\t<meta name=\"author\" content=\"Ryan\"\/>\n\t<link rel=\"canonical\" href=\"https:\/\/staytv.cr\/index.php\/2026\/04\/04\/alfredo-volio-en-portada-de-forbes\/\" \/>\n\t<meta name=\"generator\" content=\"All in One SEO Pro (AIOSEO) 4.8.3.2\" \/>\n\t\t<meta property=\"og:locale\" content=\"es_ES\" \/>\n\t\t<meta property=\"og:site_name\" content=\"Staytv - Medio de comunicaci\u00f3n digital de Costa Rica.\" \/>\n\t\t<meta property=\"og:type\" content=\"article\" \/>\n\t\t<meta property=\"og:title\" content=\"Alfredo Volio: El rostro del desarrollo urbano en Forbes\" \/>\n\t\t<meta property=\"og:description\" content=\"Alfredo Volio Guerrero, CEO de Portafolio Inmobiliario, protagoniza la portada de Forbes Centroam\u00e9rica con su visi\u00f3n de desarrollo urbano sostenible en 2026.\" \/>\n\t\t<meta property=\"og:url\" content=\"https:\/\/staytv.cr\/index.php\/2026\/04\/04\/alfredo-volio-en-portada-de-forbes\/\" \/>\n\t\t<meta property=\"og:image\" content=\"https:\/\/staytv.cr\/wp-content\/uploads\/3-7.png\" \/>\n\t\t<meta property=\"og:image:secure_url\" content=\"https:\/\/staytv.cr\/wp-content\/uploads\/3-7.png\" \/>\n\t\t<meta property=\"og:image:width\" content=\"1200\" \/>\n\t\t<meta property=\"og:image:height\" content=\"630\" \/>\n\t\t<meta property=\"article:published_time\" content=\"2026-04-04T15:51:43+00:00\" \/>\n\t\t<meta property=\"article:modified_time\" content=\"2026-04-04T15:52:09+00:00\" \/>\n\t\t<meta property=\"article:publisher\" content=\"https:\/\/www.facebook.com\/staytvcr\" \/>\n\t\t<meta name=\"twitter:card\" content=\"summary_large_image\" \/>\n\t\t<meta name=\"twitter:title\" content=\"Alfredo Volio: El rostro del desarrollo urbano en Forbes\" \/>\n\t\t<meta name=\"twitter:description\" content=\"Alfredo Volio Guerrero, CEO de Portafolio Inmobiliario, protagoniza la portada de Forbes Centroam\u00e9rica con su visi\u00f3n de desarrollo urbano sostenible en 2026.\" \/>\n\t\t<meta name=\"twitter:image\" content=\"https:\/\/staytv.cr\/wp-content\/uploads\/3-7.png\" \/>\n\t\t<script type=\"application\/ld+json\" class=\"aioseo-schema\">\n\t\t\t{\"@context\":\"https:\\\/\\\/schema.org\",\"@graph\":[{\"@type\":\"BreadcrumbList\",\"@id\":\"https:\\\/\\\/staytv.cr\\\/index.php\\\/2026\\\/04\\\/04\\\/alfredo-volio-en-portada-de-forbes\\\/#breadcrumblist\",\"itemListElement\":[{\"@type\":\"ListItem\",\"@id\":\"https:\\\/\\\/staytv.cr#listItem\",\"position\":1,\"name\":\"Home\",\"item\":\"https:\\\/\\\/staytv.cr\",\"nextItem\":{\"@type\":\"ListItem\",\"@id\":\"https:\\\/\\\/staytv.cr\\\/index.php\\\/category\\\/economics\\\/#listItem\",\"name\":\"ECONOM\\u00cdA\"}},{\"@type\":\"ListItem\",\"@id\":\"https:\\\/\\\/staytv.cr\\\/index.php\\\/category\\\/economics\\\/#listItem\",\"position\":2,\"name\":\"ECONOM\\u00cdA\",\"item\":\"https:\\\/\\\/staytv.cr\\\/index.php\\\/category\\\/economics\\\/\",\"nextItem\":{\"@type\":\"ListItem\",\"@id\":\"https:\\\/\\\/staytv.cr\\\/index.php\\\/2026\\\/04\\\/04\\\/alfredo-volio-en-portada-de-forbes\\\/#listItem\",\"name\":\"\\u00bfC\\u00f3mo dise\\u00f1ar ciudades sostenibles? La visi\\u00f3n de Alfredo Volio en Forbes\"},\"previousItem\":{\"@type\":\"ListItem\",\"@id\":\"https:\\\/\\\/staytv.cr#listItem\",\"name\":\"Home\"}},{\"@type\":\"ListItem\",\"@id\":\"https:\\\/\\\/staytv.cr\\\/index.php\\\/2026\\\/04\\\/04\\\/alfredo-volio-en-portada-de-forbes\\\/#listItem\",\"position\":3,\"name\":\"\\u00bfC\\u00f3mo dise\\u00f1ar ciudades sostenibles? La visi\\u00f3n de Alfredo Volio en Forbes\",\"previousItem\":{\"@type\":\"ListItem\",\"@id\":\"https:\\\/\\\/staytv.cr\\\/index.php\\\/category\\\/economics\\\/#listItem\",\"name\":\"ECONOM\\u00cdA\"}}]},{\"@type\":\"Organization\",\"@id\":\"https:\\\/\\\/staytv.cr\\\/#organization\",\"name\":\"Stay TV\",\"description\":\"Stay TV es un medio digital de noticias con base en Centroam\\u00e9rica, con cobertura local e internacional desde una mirada asi\\u00e1tica.\",\"url\":\"https:\\\/\\\/staytv.cr\\\/\",\"logo\":{\"@type\":\"ImageObject\",\"url\":\"https:\\\/\\\/staytv.cr\\\/wp-content\\\/uploads\\\/cropped-StayTV_logo_oficial_simple.png\",\"@id\":\"https:\\\/\\\/staytv.cr\\\/index.php\\\/2026\\\/04\\\/04\\\/alfredo-volio-en-portada-de-forbes\\\/#organizationLogo\",\"width\":2560,\"height\":769},\"image\":{\"@id\":\"https:\\\/\\\/staytv.cr\\\/index.php\\\/2026\\\/04\\\/04\\\/alfredo-volio-en-portada-de-forbes\\\/#organizationLogo\"},\"sameAs\":[\"https:\\\/\\\/www.instagram.com\\\/staytvcr\\\/\"]},{\"@type\":\"Person\",\"@id\":\"https:\\\/\\\/staytv.cr\\\/index.php\\\/author\\\/ryantv\\\/#author\",\"url\":\"https:\\\/\\\/staytv.cr\\\/index.php\\\/author\\\/ryantv\\\/\",\"name\":\"Ryan\",\"image\":{\"@type\":\"ImageObject\",\"url\":\"https:\\\/\\\/secure.gravatar.com\\\/avatar\\\/f95152fd26e0540ce723631868753fd2ae822574fa609b52b1b123eea57755e2?s=96&d=mm&r=g\"}},{\"@type\":\"WebPage\",\"@id\":\"https:\\\/\\\/staytv.cr\\\/index.php\\\/2026\\\/04\\\/04\\\/alfredo-volio-en-portada-de-forbes\\\/#webpage\",\"url\":\"https:\\\/\\\/staytv.cr\\\/index.php\\\/2026\\\/04\\\/04\\\/alfredo-volio-en-portada-de-forbes\\\/\",\"name\":\"Alfredo Volio: El rostro del desarrollo urbano en Forbes\",\"description\":\"Alfredo Volio Guerrero, CEO de Portafolio Inmobiliario, protagoniza la portada de Forbes Centroam\\u00e9rica con su visi\\u00f3n de desarrollo urbano sostenible en 2026.\",\"inLanguage\":\"es-ES\",\"isPartOf\":{\"@id\":\"https:\\\/\\\/staytv.cr\\\/#website\"},\"breadcrumb\":{\"@id\":\"https:\\\/\\\/staytv.cr\\\/index.php\\\/2026\\\/04\\\/04\\\/alfredo-volio-en-portada-de-forbes\\\/#breadcrumblist\"},\"author\":{\"@id\":\"https:\\\/\\\/staytv.cr\\\/index.php\\\/author\\\/ryantv\\\/#author\"},\"creator\":{\"@id\":\"https:\\\/\\\/staytv.cr\\\/index.php\\\/author\\\/ryantv\\\/#author\"},\"image\":{\"@type\":\"ImageObject\",\"url\":\"https:\\\/\\\/staytv.cr\\\/wp-content\\\/uploads\\\/3-7.png\",\"@id\":\"https:\\\/\\\/staytv.cr\\\/index.php\\\/2026\\\/04\\\/04\\\/alfredo-volio-en-portada-de-forbes\\\/#mainImage\",\"width\":1200,\"height\":630,\"caption\":\"\\u00bfC\\u00f3mo dise\\u00f1ar ciudades sostenibles?\"},\"primaryImageOfPage\":{\"@id\":\"https:\\\/\\\/staytv.cr\\\/index.php\\\/2026\\\/04\\\/04\\\/alfredo-volio-en-portada-de-forbes\\\/#mainImage\"},\"datePublished\":\"2026-04-04T09:51:43-06:00\",\"dateModified\":\"2026-04-04T09:52:09-06:00\"},{\"@type\":\"WebSite\",\"@id\":\"https:\\\/\\\/staytv.cr\\\/#website\",\"url\":\"https:\\\/\\\/staytv.cr\\\/\",\"name\":\"Staytv\",\"description\":\"Medio de comunicaci\\u00f3n digital de Costa Rica.\",\"inLanguage\":\"es-ES\",\"publisher\":{\"@id\":\"https:\\\/\\\/staytv.cr\\\/#organization\"}}]}\n\t\t<\/script>\n\t\t<!-- All in One SEO Pro -->\r\n\t\t<title>Alfredo Volio: El rostro del desarrollo urbano en Forbes<\/title>\n\n","aioseo_head_json":{"title":"Alfredo Volio: El rostro del desarrollo urbano en Forbes","description":"Alfredo Volio Guerrero, CEO de Portafolio Inmobiliario, protagoniza la portada de Forbes Centroam\u00e9rica con su visi\u00f3n de desarrollo urbano sostenible en 2026.","canonical_url":"https:\/\/staytv.cr\/index.php\/2026\/04\/04\/alfredo-volio-en-portada-de-forbes\/","robots":"max-image-preview:large","keywords":"","webmasterTools":{"miscellaneous":""},"schema":{"@context":"https:\/\/schema.org","@graph":[{"@type":"BreadcrumbList","@id":"https:\/\/staytv.cr\/index.php\/2026\/04\/04\/alfredo-volio-en-portada-de-forbes\/#breadcrumblist","itemListElement":[{"@type":"ListItem","@id":"https:\/\/staytv.cr#listItem","position":1,"name":"Home","item":"https:\/\/staytv.cr","nextItem":{"@type":"ListItem","@id":"https:\/\/staytv.cr\/index.php\/category\/economics\/#listItem","name":"ECONOM\u00cdA"}},{"@type":"ListItem","@id":"https:\/\/staytv.cr\/index.php\/category\/economics\/#listItem","position":2,"name":"ECONOM\u00cdA","item":"https:\/\/staytv.cr\/index.php\/category\/economics\/","nextItem":{"@type":"ListItem","@id":"https:\/\/staytv.cr\/index.php\/2026\/04\/04\/alfredo-volio-en-portada-de-forbes\/#listItem","name":"\u00bfC\u00f3mo dise\u00f1ar ciudades sostenibles? La visi\u00f3n de Alfredo Volio en Forbes"},"previousItem":{"@type":"ListItem","@id":"https:\/\/staytv.cr#listItem","name":"Home"}},{"@type":"ListItem","@id":"https:\/\/staytv.cr\/index.php\/2026\/04\/04\/alfredo-volio-en-portada-de-forbes\/#listItem","position":3,"name":"\u00bfC\u00f3mo dise\u00f1ar ciudades sostenibles? La visi\u00f3n de Alfredo Volio en Forbes","previousItem":{"@type":"ListItem","@id":"https:\/\/staytv.cr\/index.php\/category\/economics\/#listItem","name":"ECONOM\u00cdA"}}]},{"@type":"Organization","@id":"https:\/\/staytv.cr\/#organization","name":"Stay TV","description":"Stay TV es un medio digital de noticias con base en Centroam\u00e9rica, con cobertura local e internacional desde una mirada asi\u00e1tica.","url":"https:\/\/staytv.cr\/","logo":{"@type":"ImageObject","url":"https:\/\/staytv.cr\/wp-content\/uploads\/cropped-StayTV_logo_oficial_simple.png","@id":"https:\/\/staytv.cr\/index.php\/2026\/04\/04\/alfredo-volio-en-portada-de-forbes\/#organizationLogo","width":2560,"height":769},"image":{"@id":"https:\/\/staytv.cr\/index.php\/2026\/04\/04\/alfredo-volio-en-portada-de-forbes\/#organizationLogo"},"sameAs":["https:\/\/www.instagram.com\/staytvcr\/"]},{"@type":"Person","@id":"https:\/\/staytv.cr\/index.php\/author\/ryantv\/#author","url":"https:\/\/staytv.cr\/index.php\/author\/ryantv\/","name":"Ryan","image":{"@type":"ImageObject","url":"https:\/\/secure.gravatar.com\/avatar\/f95152fd26e0540ce723631868753fd2ae822574fa609b52b1b123eea57755e2?s=96&d=mm&r=g"}},{"@type":"WebPage","@id":"https:\/\/staytv.cr\/index.php\/2026\/04\/04\/alfredo-volio-en-portada-de-forbes\/#webpage","url":"https:\/\/staytv.cr\/index.php\/2026\/04\/04\/alfredo-volio-en-portada-de-forbes\/","name":"Alfredo Volio: El rostro del desarrollo urbano en Forbes","description":"Alfredo Volio Guerrero, CEO de Portafolio Inmobiliario, protagoniza la portada de Forbes Centroam\u00e9rica con su visi\u00f3n de desarrollo urbano sostenible en 2026.","inLanguage":"es-ES","isPartOf":{"@id":"https:\/\/staytv.cr\/#website"},"breadcrumb":{"@id":"https:\/\/staytv.cr\/index.php\/2026\/04\/04\/alfredo-volio-en-portada-de-forbes\/#breadcrumblist"},"author":{"@id":"https:\/\/staytv.cr\/index.php\/author\/ryantv\/#author"},"creator":{"@id":"https:\/\/staytv.cr\/index.php\/author\/ryantv\/#author"},"image":{"@type":"ImageObject","url":"https:\/\/staytv.cr\/wp-content\/uploads\/3-7.png","@id":"https:\/\/staytv.cr\/index.php\/2026\/04\/04\/alfredo-volio-en-portada-de-forbes\/#mainImage","width":1200,"height":630,"caption":"\u00bfC\u00f3mo dise\u00f1ar ciudades sostenibles?"},"primaryImageOfPage":{"@id":"https:\/\/staytv.cr\/index.php\/2026\/04\/04\/alfredo-volio-en-portada-de-forbes\/#mainImage"},"datePublished":"2026-04-04T09:51:43-06:00","dateModified":"2026-04-04T09:52:09-06:00"},{"@type":"WebSite","@id":"https:\/\/staytv.cr\/#website","url":"https:\/\/staytv.cr\/","name":"Staytv","description":"Medio de comunicaci\u00f3n digital de Costa Rica.","inLanguage":"es-ES","publisher":{"@id":"https:\/\/staytv.cr\/#organization"}}]},"og:locale":"es_ES","og:site_name":"Staytv - Medio de comunicaci\u00f3n digital de Costa Rica.","og:type":"article","og:title":"Alfredo Volio: El rostro del desarrollo urbano en Forbes","og:description":"Alfredo Volio Guerrero, CEO de Portafolio Inmobiliario, protagoniza la portada de Forbes Centroam\u00e9rica con su visi\u00f3n de desarrollo urbano sostenible en 2026.","og:url":"https:\/\/staytv.cr\/index.php\/2026\/04\/04\/alfredo-volio-en-portada-de-forbes\/","og:image":"https:\/\/staytv.cr\/wp-content\/uploads\/3-7.png","og:image:secure_url":"https:\/\/staytv.cr\/wp-content\/uploads\/3-7.png","og:image:width":1200,"og:image:height":630,"article:published_time":"2026-04-04T15:51:43+00:00","article:modified_time":"2026-04-04T15:52:09+00:00","article:publisher":"https:\/\/www.facebook.com\/staytvcr","twitter:card":"summary_large_image","twitter:title":"Alfredo Volio: El rostro del desarrollo urbano en Forbes","twitter:description":"Alfredo Volio Guerrero, CEO de Portafolio Inmobiliario, protagoniza la portada de Forbes Centroam\u00e9rica con su visi\u00f3n de desarrollo urbano sostenible en 2026.","twitter:image":"https:\/\/staytv.cr\/wp-content\/uploads\/3-7.png"},"aioseo_meta_data":{"post_id":"32140","title":"Alfredo Volio: El rostro del desarrollo urbano en Forbes","description":"Alfredo Volio Guerrero, CEO de Portafolio Inmobiliario, protagoniza la portada de Forbes Centroam\u00e9rica con su visi\u00f3n de desarrollo urbano sostenible en 2026.","keywords":null,"keyphrases":{"focus":{"keyphrase":"Alfredo Volio","score":91,"analysis":{"keyphraseInTitle":{"score":9,"maxScore":9,"error":0},"keyphraseInDescription":{"score":9,"maxScore":9,"error":0},"keyphraseLength":{"score":9,"maxScore":9,"error":0,"length":2},"keyphraseInURL":{"score":5,"maxScore":5,"error":0},"keyphraseInIntroduction":{"score":9,"maxScore":9,"error":0},"keyphraseInSubHeadings":{"score":3,"maxScore":9,"error":1},"keyphraseInImageAlt":{"score":9,"maxScore":9,"error":0},"keywordDensity":{"type":"best","score":9,"maxScore":9,"error":0}}},"additional":[]},"canonical_url":null,"og_title":null,"og_description":null,"og_object_type":"default","og_image_type":"default","og_image_custom_url":null,"og_image_custom_fields":null,"og_custom_image_width":null,"og_custom_image_height":null,"og_video":"","og_custom_url":null,"og_article_section":null,"og_article_tags":null,"twitter_use_og":true,"twitter_card":"default","twitter_image_type":"default","twitter_image_custom_url":null,"twitter_image_custom_fields":null,"twitter_title":null,"twitter_description":null,"schema_type":null,"schema_type_options":null,"pillar_content":false,"robots_default":true,"robots_noindex":false,"robots_noarchive":false,"robots_nosnippet":false,"robots_nofollow":false,"robots_noimageindex":false,"robots_noodp":false,"robots_notranslate":false,"robots_max_snippet":"-1","robots_max_videopreview":"-1","robots_max_imagepreview":"none","tabs":null,"priority":null,"frequency":"default","local_seo":null,"created":"2026-04-04 10:06:21","updated":"2026-04-04 15:52:10"},"aioseo_breadcrumb":"<div class=\"aioseo-breadcrumbs\"><span class=\"aioseo-breadcrumb\">\n\t<a href=\"https:\/\/staytv.cr\" title=\"Home\">Home<\/a>\n<\/span><span class=\"aioseo-breadcrumb-separator\">&raquo;<\/span><span class=\"aioseo-breadcrumb\">\n\t<a href=\"https:\/\/staytv.cr\/index.php\/category\/economics\/\" title=\"ECONOM\u00cdA\">ECONOM\u00cdA<\/a>\n<\/span><span class=\"aioseo-breadcrumb-separator\">&raquo;<\/span><span class=\"aioseo-breadcrumb\">\n\t\u00bfC\u00f3mo dise\u00f1ar ciudades sostenibles? La visi\u00f3n de Alfredo Volio en Forbes\n<\/span><\/div>","aioseo_breadcrumb_json":[{"label":"Home","link":"https:\/\/staytv.cr"},{"label":"ECONOM\u00cdA","link":"https:\/\/staytv.cr\/index.php\/category\/economics\/"},{"label":"\u00bfC\u00f3mo dise\u00f1ar ciudades sostenibles? La visi\u00f3n de Alfredo Volio en Forbes","link":"https:\/\/staytv.cr\/index.php\/2026\/04\/04\/alfredo-volio-en-portada-de-forbes\/"}],"_links":{"self":[{"href":"https:\/\/staytv.cr\/index.php\/wp-json\/wp\/v2\/posts\/32140","targetHints":{"allow":["GET"]}}],"collection":[{"href":"https:\/\/staytv.cr\/index.php\/wp-json\/wp\/v2\/posts"}],"about":[{"href":"https:\/\/staytv.cr\/index.php\/wp-json\/wp\/v2\/types\/post"}],"author":[{"embeddable":true,"href":"https:\/\/staytv.cr\/index.php\/wp-json\/wp\/v2\/users\/11"}],"replies":[{"embeddable":true,"href":"https:\/\/staytv.cr\/index.php\/wp-json\/wp\/v2\/comments?post=32140"}],"version-history":[{"count":4,"href":"https:\/\/staytv.cr\/index.php\/wp-json\/wp\/v2\/posts\/32140\/revisions"}],"predecessor-version":[{"id":32158,"href":"https:\/\/staytv.cr\/index.php\/wp-json\/wp\/v2\/posts\/32140\/revisions\/32158"}],"wp:featuredmedia":[{"embeddable":true,"href":"https:\/\/staytv.cr\/index.php\/wp-json\/wp\/v2\/media\/32156"}],"wp:attachment":[{"href":"https:\/\/staytv.cr\/index.php\/wp-json\/wp\/v2\/media?parent=32140"}],"wp:term":[{"taxonomy":"category","embeddable":true,"href":"https:\/\/staytv.cr\/index.php\/wp-json\/wp\/v2\/categories?post=32140"},{"taxonomy":"post_tag","embeddable":true,"href":"https:\/\/staytv.cr\/index.php\/wp-json\/wp\/v2\/tags?post=32140"}],"curies":[{"name":"wp","href":"https:\/\/api.w.org\/{rel}","templated":true}]}}