{"id":32288,"date":"2026-04-08T10:22:40","date_gmt":"2026-04-08T16:22:40","guid":{"rendered":"https:\/\/staytv.cr\/?p=32288"},"modified":"2026-04-08T10:22:40","modified_gmt":"2026-04-08T16:22:40","slug":"costa-rica-llevara-selecciones-de-futbol-a-santo-domingo-2026","status":"publish","type":"post","link":"https:\/\/staytv.cr\/index.php\/2026\/04\/08\/costa-rica-llevara-selecciones-de-futbol-a-santo-domingo-2026\/","title":{"rendered":"Santo Domingo 2026: Costa Rica confirma f\u00fatbol masculino y femenino para las justas"},"content":{"rendered":"<p><span data-path-to-node=\"3,5,1,0\">Santo Domingo 2026: Costa Rica inscribir\u00e1 a las selecciones de f\u00fatbol masculina y femenina para los Juegos Centroamericanos y del Caribe el pr\u00f3ximo a\u00f1o.<\/span><!--more--><\/p>\n<p><img decoding=\"async\" data-src=\"https:\/\/d1qqtien6gys07.cloudfront.net\/wp-content\/uploads\/2026\/04\/H5XXGNU5PFBZTGQYT5IDNCRYWE.jpg\" src=\"data:image\/svg+xml;base64,PHN2ZyB3aWR0aD0iMSIgaGVpZ2h0PSIxIiB4bWxucz0iaHR0cDovL3d3dy53My5vcmcvMjAwMC9zdmciPjwvc3ZnPg==\" class=\"lazyload\" \/><\/p>\n<h1>\u00a1A conquistar el Caribe! Costa Rica confirma f\u00fatbol masculino y femenino para Santo Domingo 2026<\/h1>\n<p>La planificaci\u00f3n deportiva nacional marca un hito importante este mi\u00e9rcoles 8 de abril de 2026. La federaci\u00f3n nacional anunci\u00f3 desde San Jos\u00e9 que Costa Rica inscribir\u00e1 formalmente tanto a la selecci\u00f3n masculina como a la femenina de f\u00fatbol para los Juegos Centroamericanos y del Caribe <strong>Santo Domingo 2026<\/strong>. Para seguir de cerca el desarrollo de nuestros atletas, visite nuestra secci\u00f3n de <a href=\"https:\/\/staytv.cr\/sports\/\">Deportes<\/a>.<\/p>\n<p>La decisi\u00f3n asegura plazas de competencia vitales para las rutas de desarrollo del f\u00fatbol nacional. Seg\u00fan el ente federativo, la participaci\u00f3n en las justas regionales del pr\u00f3ximo a\u00f1o permitir\u00e1 dar fogueo internacional a talentos j\u00f3venes y consolidar los procesos de selecciones en formaci\u00f3n, un paso necesario para elevar el nivel competitivo de cara a futuros ciclos mundialistas.<\/p>\n<h2>Planificaci\u00f3n log\u00edstica y deportiva en marcha<\/h2>\n<p>Con la inscripci\u00f3n asegurada, la federaci\u00f3n iniciar\u00e1 de inmediato la definici\u00f3n de calendarios de concentraci\u00f3n y programas de entrenamiento. La coordinaci\u00f3n con los clubes locales ser\u00e1 fundamental para los criterios de convocatoria, buscando un equilibrio que permita a los jugadores y jugadoras proyectar su carrera sin afectar el calendario de la liga dom\u00e9stica.<\/p>\n<blockquote><p>\u201cSanto Domingo 2026 representa una oportunidad de oro para evaluar proyectos de mediano plazo y dar minutos competitivos a jugadores en proceso de desarrollo en un entorno de alta exigencia regional\u201d, destac\u00f3 la federaci\u00f3n en su comunicado.<\/p><\/blockquote>\n<p>Adem\u00e1s de lo deportivo, la log\u00edstica administrativa ya se encuentra en fase operativa para gestionar traslados, alojamiento y la acreditaci\u00f3n de los cuerpos t\u00e9cnicos. Se espera que en los pr\u00f3ximos meses se divulgue el cronograma detallado de microciclos para ambas selecciones, reafirmando el compromiso del pa\u00eds con el \u00e9xito en las justas de <strong>Santo Domingo 2026<\/strong>.<\/p>\n<div style=\"width: 100%; font-family: sans-serif; margin-bottom: 30px; border: 1px solid #ddd; border-radius: 8px; overflow: hidden;\">\n<div style=\"background-color: #d32f2f; color: #ffffff; padding: 15px; text-align: center; font-weight: bold; font-size: 1.2em;\">HOJA DE RUTA: F\u00daTBOL EN SANTO DOMINGO 2026<\/div>\n<div style=\"display: flex; background-color: #f4f4f4; border-bottom: 2px solid #ddd; font-weight: bold; padding: 10px;\">\n<div style=\"flex: 2;\">Fase<\/div>\n<div style=\"flex: 3;\">Acciones Inmediatas<\/div>\n<\/div>\n<div style=\"display: flex; padding: 8px; border-bottom: 1px solid #eee;\">\n<div style=\"flex: 2; font-weight: bold;\">Inscripci\u00f3n<\/div>\n<div style=\"flex: 3;\">Confirmada para categor\u00edas masculina y femenina.<\/div>\n<\/div>\n<div style=\"display: flex; padding: 8px; border-bottom: 1px solid #eee;\">\n<div style=\"flex: 2; font-weight: bold;\">Convocatorias<\/div>\n<div style=\"flex: 3;\">Definici\u00f3n de criterios t\u00e9cnicos y scouting de j\u00f3venes promesas.<\/div>\n<\/div>\n<div style=\"display: flex; padding: 8px; border-bottom: 1px solid #eee;\">\n<div style=\"flex: 2; font-weight: bold;\">Log\u00edstica<\/div>\n<div style=\"flex: 3;\">Acreditaciones y coordinaci\u00f3n de campamentos en Rep\u00fablica Dominicana.<\/div>\n<\/div>\n<div style=\"display: flex; padding: 8px; border-bottom: 1px solid #eee;\">\n<div style=\"flex: 2; font-weight: bold;\">Objetivo<\/div>\n<div style=\"flex: 3;\">Podio regional y fogueo internacional para el relevo generacional.<\/div>\n<\/div>\n<\/div>\n<h2>Fuentes Oficiales<\/h2>\n<ul>\n<li><strong>FCRF:<\/strong> Comunicado oficial sobre participaci\u00f3n en ciclo ol\u00edmpico 2026.<\/li>\n<li><strong>Comit\u00e9 Organizador Santo Domingo 2026:<\/strong> Manual de inscripci\u00f3n por delegaci\u00f3n.<\/li>\n<\/ul>\n<p>Mant\u00e9ngase al d\u00eda con toda la informaci\u00f3n deportiva en STAY TV: <a href=\"https:\/\/staytv.cr\">https:\/\/staytv.cr<\/a><\/p>\n<p>&nbsp;<\/p>\n","protected":false},"excerpt":{"rendered":"<p>Santo Domingo 2026: Costa Rica inscribir\u00e1 a las selecciones de f\u00fatbol masculina y femenina para los Juegos Centroamericanos y del Caribe el pr\u00f3ximo a\u00f1o.<\/p>\n","protected":false},"author":11,"featured_media":32304,"comment_status":"open","ping_status":"open","sticky":false,"template":"","format":"standard","meta":{"episode_type":"","audio_file":"","podmotor_file_id":"","podmotor_episode_id":"","cover_image":"","cover_image_id":"","duration":"","filesize":"","filesize_raw":"","date_recorded":"","explicit":"","block":"","itunes_episode_number":"","itunes_title":"","itunes_season_number":"","itunes_episode_type":"","footnotes":""},"categories":[10],"tags":[],"class_list":{"0":"post-32288","1":"post","2":"type-post","3":"status-publish","4":"format-standard","5":"has-post-thumbnail","7":"category-deportes"},"aioseo_notices":[],"aioseo_head":"\n\t\t<!-- All in One SEO Pro 4.8.3.2 - aioseo.com -->\n\t<meta name=\"description\" content=\"Santo Domingo 2026: Costa Rica inscribir\u00e1 a las selecciones de f\u00fatbol masculina y femenina para los Juegos Centroamericanos y del Caribe el pr\u00f3ximo a\u00f1o.\" \/>\n\t<meta name=\"robots\" content=\"max-image-preview:large\" \/>\n\t<meta name=\"author\" content=\"Ryan\"\/>\n\t<link rel=\"canonical\" href=\"https:\/\/staytv.cr\/index.php\/2026\/04\/08\/costa-rica-llevara-selecciones-de-futbol-a-santo-domingo-2026\/\" \/>\n\t<meta name=\"generator\" content=\"All in One SEO Pro (AIOSEO) 4.8.3.2\" \/>\n\t\t<meta property=\"og:locale\" content=\"es_ES\" \/>\n\t\t<meta property=\"og:site_name\" content=\"Staytv - Medio de comunicaci\u00f3n digital de Costa Rica.\" \/>\n\t\t<meta property=\"og:type\" content=\"article\" \/>\n\t\t<meta property=\"og:title\" content=\"Santo Domingo 2026: Costa Rica llevar\u00e1 selecciones de f\u00fatbol\" \/>\n\t\t<meta property=\"og:description\" content=\"Santo Domingo 2026: Costa Rica inscribir\u00e1 a las selecciones de f\u00fatbol masculina y femenina para los Juegos Centroamericanos y del Caribe el pr\u00f3ximo a\u00f1o.\" \/>\n\t\t<meta property=\"og:url\" content=\"https:\/\/staytv.cr\/index.php\/2026\/04\/08\/costa-rica-llevara-selecciones-de-futbol-a-santo-domingo-2026\/\" \/>\n\t\t<meta property=\"og:image\" content=\"https:\/\/staytv.cr\/wp-content\/uploads\/Sin-titulo-3-114.png\" \/>\n\t\t<meta property=\"og:image:secure_url\" content=\"https:\/\/staytv.cr\/wp-content\/uploads\/Sin-titulo-3-114.png\" \/>\n\t\t<meta property=\"og:image:width\" content=\"1200\" \/>\n\t\t<meta property=\"og:image:height\" content=\"630\" \/>\n\t\t<meta property=\"article:published_time\" content=\"2026-04-08T16:22:40+00:00\" \/>\n\t\t<meta property=\"article:modified_time\" content=\"2026-04-08T16:22:40+00:00\" \/>\n\t\t<meta property=\"article:publisher\" content=\"https:\/\/www.facebook.com\/staytvcr\" \/>\n\t\t<meta name=\"twitter:card\" content=\"summary_large_image\" \/>\n\t\t<meta name=\"twitter:title\" content=\"Santo Domingo 2026: Costa Rica llevar\u00e1 selecciones de f\u00fatbol\" \/>\n\t\t<meta name=\"twitter:description\" content=\"Santo Domingo 2026: Costa Rica inscribir\u00e1 a las selecciones de f\u00fatbol masculina y femenina para los Juegos Centroamericanos y del Caribe el pr\u00f3ximo a\u00f1o.\" \/>\n\t\t<meta name=\"twitter:image\" content=\"https:\/\/staytv.cr\/wp-content\/uploads\/Sin-titulo-3-114.png\" \/>\n\t\t<script type=\"application\/ld+json\" class=\"aioseo-schema\">\n\t\t\t{\"@context\":\"https:\\\/\\\/schema.org\",\"@graph\":[{\"@type\":\"BreadcrumbList\",\"@id\":\"https:\\\/\\\/staytv.cr\\\/index.php\\\/2026\\\/04\\\/08\\\/costa-rica-llevara-selecciones-de-futbol-a-santo-domingo-2026\\\/#breadcrumblist\",\"itemListElement\":[{\"@type\":\"ListItem\",\"@id\":\"https:\\\/\\\/staytv.cr#listItem\",\"position\":1,\"name\":\"Home\",\"item\":\"https:\\\/\\\/staytv.cr\",\"nextItem\":{\"@type\":\"ListItem\",\"@id\":\"https:\\\/\\\/staytv.cr\\\/index.php\\\/category\\\/deportes\\\/#listItem\",\"name\":\"DEPORTES\"}},{\"@type\":\"ListItem\",\"@id\":\"https:\\\/\\\/staytv.cr\\\/index.php\\\/category\\\/deportes\\\/#listItem\",\"position\":2,\"name\":\"DEPORTES\",\"item\":\"https:\\\/\\\/staytv.cr\\\/index.php\\\/category\\\/deportes\\\/\",\"nextItem\":{\"@type\":\"ListItem\",\"@id\":\"https:\\\/\\\/staytv.cr\\\/index.php\\\/2026\\\/04\\\/08\\\/costa-rica-llevara-selecciones-de-futbol-a-santo-domingo-2026\\\/#listItem\",\"name\":\"Santo Domingo 2026: Costa Rica confirma f\\u00fatbol masculino y femenino para las justas\"},\"previousItem\":{\"@type\":\"ListItem\",\"@id\":\"https:\\\/\\\/staytv.cr#listItem\",\"name\":\"Home\"}},{\"@type\":\"ListItem\",\"@id\":\"https:\\\/\\\/staytv.cr\\\/index.php\\\/2026\\\/04\\\/08\\\/costa-rica-llevara-selecciones-de-futbol-a-santo-domingo-2026\\\/#listItem\",\"position\":3,\"name\":\"Santo Domingo 2026: Costa Rica confirma f\\u00fatbol masculino y femenino para las justas\",\"previousItem\":{\"@type\":\"ListItem\",\"@id\":\"https:\\\/\\\/staytv.cr\\\/index.php\\\/category\\\/deportes\\\/#listItem\",\"name\":\"DEPORTES\"}}]},{\"@type\":\"Organization\",\"@id\":\"https:\\\/\\\/staytv.cr\\\/#organization\",\"name\":\"Stay TV\",\"description\":\"Stay TV es un medio digital de noticias con base en Centroam\\u00e9rica, con cobertura local e internacional desde una mirada asi\\u00e1tica.\",\"url\":\"https:\\\/\\\/staytv.cr\\\/\",\"logo\":{\"@type\":\"ImageObject\",\"url\":\"https:\\\/\\\/staytv.cr\\\/wp-content\\\/uploads\\\/cropped-StayTV_logo_oficial_simple.png\",\"@id\":\"https:\\\/\\\/staytv.cr\\\/index.php\\\/2026\\\/04\\\/08\\\/costa-rica-llevara-selecciones-de-futbol-a-santo-domingo-2026\\\/#organizationLogo\",\"width\":2560,\"height\":769},\"image\":{\"@id\":\"https:\\\/\\\/staytv.cr\\\/index.php\\\/2026\\\/04\\\/08\\\/costa-rica-llevara-selecciones-de-futbol-a-santo-domingo-2026\\\/#organizationLogo\"},\"sameAs\":[\"https:\\\/\\\/www.instagram.com\\\/staytvcr\\\/\"]},{\"@type\":\"Person\",\"@id\":\"https:\\\/\\\/staytv.cr\\\/index.php\\\/author\\\/ryantv\\\/#author\",\"url\":\"https:\\\/\\\/staytv.cr\\\/index.php\\\/author\\\/ryantv\\\/\",\"name\":\"Ryan\",\"image\":{\"@type\":\"ImageObject\",\"url\":\"https:\\\/\\\/secure.gravatar.com\\\/avatar\\\/f95152fd26e0540ce723631868753fd2ae822574fa609b52b1b123eea57755e2?s=96&d=mm&r=g\"}},{\"@type\":\"WebPage\",\"@id\":\"https:\\\/\\\/staytv.cr\\\/index.php\\\/2026\\\/04\\\/08\\\/costa-rica-llevara-selecciones-de-futbol-a-santo-domingo-2026\\\/#webpage\",\"url\":\"https:\\\/\\\/staytv.cr\\\/index.php\\\/2026\\\/04\\\/08\\\/costa-rica-llevara-selecciones-de-futbol-a-santo-domingo-2026\\\/\",\"name\":\"Santo Domingo 2026: Costa Rica llevar\\u00e1 selecciones de f\\u00fatbol\",\"description\":\"Santo Domingo 2026: Costa Rica inscribir\\u00e1 a las selecciones de f\\u00fatbol masculina y femenina para los Juegos Centroamericanos y del Caribe el pr\\u00f3ximo a\\u00f1o.\",\"inLanguage\":\"es-ES\",\"isPartOf\":{\"@id\":\"https:\\\/\\\/staytv.cr\\\/#website\"},\"breadcrumb\":{\"@id\":\"https:\\\/\\\/staytv.cr\\\/index.php\\\/2026\\\/04\\\/08\\\/costa-rica-llevara-selecciones-de-futbol-a-santo-domingo-2026\\\/#breadcrumblist\"},\"author\":{\"@id\":\"https:\\\/\\\/staytv.cr\\\/index.php\\\/author\\\/ryantv\\\/#author\"},\"creator\":{\"@id\":\"https:\\\/\\\/staytv.cr\\\/index.php\\\/author\\\/ryantv\\\/#author\"},\"image\":{\"@type\":\"ImageObject\",\"url\":\"https:\\\/\\\/staytv.cr\\\/wp-content\\\/uploads\\\/Sin-titulo-3-114.png\",\"@id\":\"https:\\\/\\\/staytv.cr\\\/index.php\\\/2026\\\/04\\\/08\\\/costa-rica-llevara-selecciones-de-futbol-a-santo-domingo-2026\\\/#mainImage\",\"width\":1200,\"height\":630,\"caption\":\"Costa Rica llevar\\u00e1 selecciones de f\\u00fatbol\"},\"primaryImageOfPage\":{\"@id\":\"https:\\\/\\\/staytv.cr\\\/index.php\\\/2026\\\/04\\\/08\\\/costa-rica-llevara-selecciones-de-futbol-a-santo-domingo-2026\\\/#mainImage\"},\"datePublished\":\"2026-04-08T10:22:40-06:00\",\"dateModified\":\"2026-04-08T10:22:40-06:00\"},{\"@type\":\"WebSite\",\"@id\":\"https:\\\/\\\/staytv.cr\\\/#website\",\"url\":\"https:\\\/\\\/staytv.cr\\\/\",\"name\":\"Staytv\",\"description\":\"Medio de comunicaci\\u00f3n digital de Costa Rica.\",\"inLanguage\":\"es-ES\",\"publisher\":{\"@id\":\"https:\\\/\\\/staytv.cr\\\/#organization\"}}]}\n\t\t<\/script>\n\t\t<!-- All in One SEO Pro -->\r\n\t\t<title>Santo Domingo 2026: Costa Rica llevar\u00e1 selecciones de f\u00fatbol<\/title>\n\n","aioseo_head_json":{"title":"Santo Domingo 2026: Costa Rica llevar\u00e1 selecciones de f\u00fatbol","description":"Santo Domingo 2026: Costa Rica inscribir\u00e1 a las selecciones de f\u00fatbol masculina y femenina para los Juegos Centroamericanos y del Caribe el pr\u00f3ximo a\u00f1o.","canonical_url":"https:\/\/staytv.cr\/index.php\/2026\/04\/08\/costa-rica-llevara-selecciones-de-futbol-a-santo-domingo-2026\/","robots":"max-image-preview:large","keywords":"","webmasterTools":{"miscellaneous":""},"schema":{"@context":"https:\/\/schema.org","@graph":[{"@type":"BreadcrumbList","@id":"https:\/\/staytv.cr\/index.php\/2026\/04\/08\/costa-rica-llevara-selecciones-de-futbol-a-santo-domingo-2026\/#breadcrumblist","itemListElement":[{"@type":"ListItem","@id":"https:\/\/staytv.cr#listItem","position":1,"name":"Home","item":"https:\/\/staytv.cr","nextItem":{"@type":"ListItem","@id":"https:\/\/staytv.cr\/index.php\/category\/deportes\/#listItem","name":"DEPORTES"}},{"@type":"ListItem","@id":"https:\/\/staytv.cr\/index.php\/category\/deportes\/#listItem","position":2,"name":"DEPORTES","item":"https:\/\/staytv.cr\/index.php\/category\/deportes\/","nextItem":{"@type":"ListItem","@id":"https:\/\/staytv.cr\/index.php\/2026\/04\/08\/costa-rica-llevara-selecciones-de-futbol-a-santo-domingo-2026\/#listItem","name":"Santo Domingo 2026: Costa Rica confirma f\u00fatbol masculino y femenino para las justas"},"previousItem":{"@type":"ListItem","@id":"https:\/\/staytv.cr#listItem","name":"Home"}},{"@type":"ListItem","@id":"https:\/\/staytv.cr\/index.php\/2026\/04\/08\/costa-rica-llevara-selecciones-de-futbol-a-santo-domingo-2026\/#listItem","position":3,"name":"Santo Domingo 2026: Costa Rica confirma f\u00fatbol masculino y femenino para las justas","previousItem":{"@type":"ListItem","@id":"https:\/\/staytv.cr\/index.php\/category\/deportes\/#listItem","name":"DEPORTES"}}]},{"@type":"Organization","@id":"https:\/\/staytv.cr\/#organization","name":"Stay TV","description":"Stay TV es un medio digital de noticias con base en Centroam\u00e9rica, con cobertura local e internacional desde una mirada asi\u00e1tica.","url":"https:\/\/staytv.cr\/","logo":{"@type":"ImageObject","url":"https:\/\/staytv.cr\/wp-content\/uploads\/cropped-StayTV_logo_oficial_simple.png","@id":"https:\/\/staytv.cr\/index.php\/2026\/04\/08\/costa-rica-llevara-selecciones-de-futbol-a-santo-domingo-2026\/#organizationLogo","width":2560,"height":769},"image":{"@id":"https:\/\/staytv.cr\/index.php\/2026\/04\/08\/costa-rica-llevara-selecciones-de-futbol-a-santo-domingo-2026\/#organizationLogo"},"sameAs":["https:\/\/www.instagram.com\/staytvcr\/"]},{"@type":"Person","@id":"https:\/\/staytv.cr\/index.php\/author\/ryantv\/#author","url":"https:\/\/staytv.cr\/index.php\/author\/ryantv\/","name":"Ryan","image":{"@type":"ImageObject","url":"https:\/\/secure.gravatar.com\/avatar\/f95152fd26e0540ce723631868753fd2ae822574fa609b52b1b123eea57755e2?s=96&d=mm&r=g"}},{"@type":"WebPage","@id":"https:\/\/staytv.cr\/index.php\/2026\/04\/08\/costa-rica-llevara-selecciones-de-futbol-a-santo-domingo-2026\/#webpage","url":"https:\/\/staytv.cr\/index.php\/2026\/04\/08\/costa-rica-llevara-selecciones-de-futbol-a-santo-domingo-2026\/","name":"Santo Domingo 2026: Costa Rica llevar\u00e1 selecciones de f\u00fatbol","description":"Santo Domingo 2026: Costa Rica inscribir\u00e1 a las selecciones de f\u00fatbol masculina y femenina para los Juegos Centroamericanos y del Caribe el pr\u00f3ximo a\u00f1o.","inLanguage":"es-ES","isPartOf":{"@id":"https:\/\/staytv.cr\/#website"},"breadcrumb":{"@id":"https:\/\/staytv.cr\/index.php\/2026\/04\/08\/costa-rica-llevara-selecciones-de-futbol-a-santo-domingo-2026\/#breadcrumblist"},"author":{"@id":"https:\/\/staytv.cr\/index.php\/author\/ryantv\/#author"},"creator":{"@id":"https:\/\/staytv.cr\/index.php\/author\/ryantv\/#author"},"image":{"@type":"ImageObject","url":"https:\/\/staytv.cr\/wp-content\/uploads\/Sin-titulo-3-114.png","@id":"https:\/\/staytv.cr\/index.php\/2026\/04\/08\/costa-rica-llevara-selecciones-de-futbol-a-santo-domingo-2026\/#mainImage","width":1200,"height":630,"caption":"Costa Rica llevar\u00e1 selecciones de f\u00fatbol"},"primaryImageOfPage":{"@id":"https:\/\/staytv.cr\/index.php\/2026\/04\/08\/costa-rica-llevara-selecciones-de-futbol-a-santo-domingo-2026\/#mainImage"},"datePublished":"2026-04-08T10:22:40-06:00","dateModified":"2026-04-08T10:22:40-06:00"},{"@type":"WebSite","@id":"https:\/\/staytv.cr\/#website","url":"https:\/\/staytv.cr\/","name":"Staytv","description":"Medio de comunicaci\u00f3n digital de Costa Rica.","inLanguage":"es-ES","publisher":{"@id":"https:\/\/staytv.cr\/#organization"}}]},"og:locale":"es_ES","og:site_name":"Staytv - Medio de comunicaci\u00f3n digital de Costa Rica.","og:type":"article","og:title":"Santo Domingo 2026: Costa Rica llevar\u00e1 selecciones de f\u00fatbol","og:description":"Santo Domingo 2026: Costa Rica inscribir\u00e1 a las selecciones de f\u00fatbol masculina y femenina para los Juegos Centroamericanos y del Caribe el pr\u00f3ximo a\u00f1o.","og:url":"https:\/\/staytv.cr\/index.php\/2026\/04\/08\/costa-rica-llevara-selecciones-de-futbol-a-santo-domingo-2026\/","og:image":"https:\/\/staytv.cr\/wp-content\/uploads\/Sin-titulo-3-114.png","og:image:secure_url":"https:\/\/staytv.cr\/wp-content\/uploads\/Sin-titulo-3-114.png","og:image:width":1200,"og:image:height":630,"article:published_time":"2026-04-08T16:22:40+00:00","article:modified_time":"2026-04-08T16:22:40+00:00","article:publisher":"https:\/\/www.facebook.com\/staytvcr","twitter:card":"summary_large_image","twitter:title":"Santo Domingo 2026: Costa Rica llevar\u00e1 selecciones de f\u00fatbol","twitter:description":"Santo Domingo 2026: Costa Rica inscribir\u00e1 a las selecciones de f\u00fatbol masculina y femenina para los Juegos Centroamericanos y del Caribe el pr\u00f3ximo a\u00f1o.","twitter:image":"https:\/\/staytv.cr\/wp-content\/uploads\/Sin-titulo-3-114.png"},"aioseo_meta_data":{"post_id":"32288","title":"Santo Domingo 2026: Costa Rica llevar\u00e1 selecciones de f\u00fatbol","description":"Santo Domingo 2026: Costa Rica inscribir\u00e1 a las selecciones de f\u00fatbol masculina y femenina para los Juegos Centroamericanos y del Caribe el pr\u00f3ximo a\u00f1o.","keywords":null,"keyphrases":{"focus":{"keyphrase":"Santo Domingo","score":82,"analysis":{"keyphraseInTitle":{"score":9,"maxScore":9,"error":0},"keyphraseInDescription":{"score":9,"maxScore":9,"error":0},"keyphraseLength":{"score":9,"maxScore":9,"error":0,"length":2},"keyphraseInURL":{"score":5,"maxScore":5,"error":0},"keyphraseInIntroduction":{"score":9,"maxScore":9,"error":0},"keyphraseInSubHeadings":{"score":3,"maxScore":9,"error":1},"keyphraseInImageAlt":{"score":3,"maxScore":9,"error":1},"keywordDensity":{"type":"best","score":9,"maxScore":9,"error":0}}},"additional":[{"keyphrase":"Santo Domingo","score":87,"analysis":{"keyphraseInDescription":{"score":9,"maxScore":9,"error":0},"keyphraseLength":{"score":9,"maxScore":9,"error":0,"length":2},"keyphraseInIntroduction":{"score":9,"maxScore":9,"error":0},"keyphraseInImageAlt":{"score":3,"maxScore":9,"error":1},"keywordDensity":{"type":"best","score":9,"maxScore":9,"error":0}}}]},"canonical_url":null,"og_title":null,"og_description":null,"og_object_type":"default","og_image_type":"default","og_image_custom_url":null,"og_image_custom_fields":null,"og_custom_image_width":null,"og_custom_image_height":null,"og_video":"","og_custom_url":null,"og_article_section":null,"og_article_tags":null,"twitter_use_og":true,"twitter_card":"default","twitter_image_type":"default","twitter_image_custom_url":null,"twitter_image_custom_fields":null,"twitter_title":null,"twitter_description":null,"schema_type":null,"schema_type_options":null,"pillar_content":false,"robots_default":true,"robots_noindex":false,"robots_noarchive":false,"robots_nosnippet":false,"robots_nofollow":false,"robots_noimageindex":false,"robots_noodp":false,"robots_notranslate":false,"robots_max_snippet":"-1","robots_max_videopreview":"-1","robots_max_imagepreview":"none","tabs":null,"priority":null,"frequency":"default","local_seo":null,"created":"2026-04-08 10:06:49","updated":"2026-04-08 16:22:40"},"aioseo_breadcrumb":"<div class=\"aioseo-breadcrumbs\"><span class=\"aioseo-breadcrumb\">\n\t<a href=\"https:\/\/staytv.cr\" title=\"Home\">Home<\/a>\n<\/span><span class=\"aioseo-breadcrumb-separator\">&raquo;<\/span><span class=\"aioseo-breadcrumb\">\n\t<a href=\"https:\/\/staytv.cr\/index.php\/category\/deportes\/\" title=\"DEPORTES\">DEPORTES<\/a>\n<\/span><span class=\"aioseo-breadcrumb-separator\">&raquo;<\/span><span class=\"aioseo-breadcrumb\">\n\tSanto Domingo 2026: Costa Rica confirma f\u00fatbol masculino y femenino para las justas\n<\/span><\/div>","aioseo_breadcrumb_json":[{"label":"Home","link":"https:\/\/staytv.cr"},{"label":"DEPORTES","link":"https:\/\/staytv.cr\/index.php\/category\/deportes\/"},{"label":"Santo Domingo 2026: Costa Rica confirma f\u00fatbol masculino y femenino para las justas","link":"https:\/\/staytv.cr\/index.php\/2026\/04\/08\/costa-rica-llevara-selecciones-de-futbol-a-santo-domingo-2026\/"}],"_links":{"self":[{"href":"https:\/\/staytv.cr\/index.php\/wp-json\/wp\/v2\/posts\/32288","targetHints":{"allow":["GET"]}}],"collection":[{"href":"https:\/\/staytv.cr\/index.php\/wp-json\/wp\/v2\/posts"}],"about":[{"href":"https:\/\/staytv.cr\/index.php\/wp-json\/wp\/v2\/types\/post"}],"author":[{"embeddable":true,"href":"https:\/\/staytv.cr\/index.php\/wp-json\/wp\/v2\/users\/11"}],"replies":[{"embeddable":true,"href":"https:\/\/staytv.cr\/index.php\/wp-json\/wp\/v2\/comments?post=32288"}],"version-history":[{"count":3,"href":"https:\/\/staytv.cr\/index.php\/wp-json\/wp\/v2\/posts\/32288\/revisions"}],"predecessor-version":[{"id":32305,"href":"https:\/\/staytv.cr\/index.php\/wp-json\/wp\/v2\/posts\/32288\/revisions\/32305"}],"wp:featuredmedia":[{"embeddable":true,"href":"https:\/\/staytv.cr\/index.php\/wp-json\/wp\/v2\/media\/32304"}],"wp:attachment":[{"href":"https:\/\/staytv.cr\/index.php\/wp-json\/wp\/v2\/media?parent=32288"}],"wp:term":[{"taxonomy":"category","embeddable":true,"href":"https:\/\/staytv.cr\/index.php\/wp-json\/wp\/v2\/categories?post=32288"},{"taxonomy":"post_tag","embeddable":true,"href":"https:\/\/staytv.cr\/index.php\/wp-json\/wp\/v2\/tags?post=32288"}],"curies":[{"name":"wp","href":"https:\/\/api.w.org\/{rel}","templated":true}]}}