{"id":33138,"date":"2026-04-27T15:24:56","date_gmt":"2026-04-27T21:24:56","guid":{"rendered":"https:\/\/staytv.cr\/?p=33138"},"modified":"2026-04-27T15:24:56","modified_gmt":"2026-04-27T21:24:56","slug":"cohere-y-aleph-alpha-se-fusionan-en-ia-empresarial","status":"publish","type":"post","link":"https:\/\/staytv.cr\/index.php\/2026\/04\/27\/cohere-y-aleph-alpha-se-fusionan-en-ia-empresarial\/","title":{"rendered":"\u00bfQu\u00e9 es la IA empresarial? Todo sobre la fusi\u00f3n de Cohere y Aleph Alpha este 2026"},"content":{"rendered":"<p>IA empresarial: Cohere y Aleph Alpha se unen para crear un gigante transatl\u00e1ntico con el apoyo de Schwarz Group, ofreciendo IA soberana para gobiernos.<!--more--><br \/>\n<img decoding=\"async\" src=\"https:\/\/s.yimg.com\/os\/es\/qore_584\/e1edd0d82dfe7a4c8ac975ba2e6be73b\" alt=\"Cohere y Aleph Alpha negocian fusi\u00f3n transatl\u00e1ntica en IA - Yahoo Noticias\" \/><\/p>\n<h1>Desaf\u00edo a Silicon Valley: Cohere y Aleph Alpha se fusionan para crear un gigante de IA soberana<\/h1>\n<p>Para contextualizar este movimiento, es necesario definir dos conceptos clave: la <strong>IA empresarial<\/strong> se refiere a modelos dise\u00f1ados espec\u00edficamente para resolver tareas corporativas con alta precisi\u00f3n, a diferencia de las IAs generales. Por otro lado, la <strong>IA soberana<\/strong> es la capacidad de un pa\u00eds o empresa de gestionar su tecnolog\u00eda e infraestructura de datos sin depender de proveedores extranjeros, garantizando que la informaci\u00f3n sensible nunca salga de su control. Para m\u00e1s noticias de innovaci\u00f3n, visite nuestra secci\u00f3n <a href=\"https:\/\/staytv.cr\/index.php\/category\/tech\/\">Tech<\/a>.<\/p>\n<p>Este viernes 24 de abril de 2026, la canadiense <strong>Cohere<\/strong> y la alemana <strong>Aleph Alpha<\/strong> anunciaron su fusi\u00f3n estrat\u00e9gica. Esta uni\u00f3n transatl\u00e1ntica cuenta con el respaldo financiero del <strong>Schwarz Group<\/strong> (propietario de la cadena Lidl), posicion\u00e1ndose como la alternativa m\u00e1s s\u00f3lida para gobiernos y sectores regulados que buscan herramientas de inteligencia artificial con un control total sobre la seguridad y el cumplimiento normativo.<\/p>\n<div style=\"width: 100%; font-family: 'Segoe UI', Tahoma, Geneva, Verdana, sans-serif; margin: 30px 0; border-radius: 12px; overflow: hidden; box-shadow: 0 10px 25px rgba(0,0,0,0.15); border: 1px solid #eee;\">\n<div style=\"background-color: #1a237e; color: #ffffff; padding: 18px; text-align: center; font-weight: bold; font-size: 1.3em; letter-spacing: 1px;\">GIGANTE DE IA EMPRESARIAL 2026<\/div>\n<div style=\"display: flex; border-bottom: 1px solid #eee; background-color: #ffffff;\">\n<div style=\"flex: 1; padding: 15px; font-weight: bold; color: #333; background-color: #f9f9f9; border-right: 1px solid #eee;\">Entidades<\/div>\n<div style=\"flex: 2; padding: 15px; color: #1a237e; font-weight: bold;\">Cohere (Canad\u00e1) + Aleph Alpha (Alemania).<\/div>\n<\/div>\n<div style=\"display: flex; border-bottom: 1px solid #eee; background-color: #ffffff;\">\n<div style=\"flex: 1; padding: 15px; font-weight: bold; color: #333; background-color: #f9f9f9; border-right: 1px solid #eee;\">Socio Industrial<\/div>\n<div style=\"flex: 2; padding: 15px; color: #555;\">Schwarz Group (Due\u00f1o de Lidl).<\/div>\n<\/div>\n<div style=\"display: flex; border-bottom: 1px solid #eee; background-color: #ffffff;\">\n<div style=\"flex: 1; padding: 15px; font-weight: bold; color: #333; background-color: #f9f9f9; border-right: 1px solid #eee;\">Foco de Mercado<\/div>\n<div style=\"flex: 2; padding: 15px; color: #d32f2f; font-weight: bold;\">Industrias reguladas, Gobiernos y Sector P\u00fablico.<\/div>\n<\/div>\n<div style=\"display: flex; background-color: #ffffff;\">\n<div style=\"flex: 1; padding: 15px; font-weight: bold; color: #333; background-color: #f9f9f9; border-right: 1px solid #eee;\">Valor Agregado<\/div>\n<div style=\"flex: 2; padding: 15px; color: #2e7d32; font-weight: bold;\">Control total de infraestructura y soberan\u00eda de datos.<\/div>\n<\/div>\n<\/div>\n<h2>Una apuesta por el control y la autonom\u00eda<\/h2>\n<p>En un mercado actualmente dominado por empresas de Estados Unidos, el nuevo grupo busca ser la respuesta para organizaciones que priorizan d\u00f3nde \u00abcorren\u00bb sus sistemas y c\u00f3mo se administran. Al unir la capacidad de desarrollo de modelos de Cohere con la infraestructura y enfoque europeo de Aleph Alpha, el grupo promete despliegues de IA listos para entornos donde la seguridad de la informaci\u00f3n es la prioridad absoluta. Con el apoyo de Schwarz Group, la operaci\u00f3n gana el alcance regional necesario para competir por contratos gubernamentales a gran escala.<\/p>\n<blockquote><p>\u201cEl nuevo grupo quiere presentarse como una alternativa soberana para organizaciones que buscan m\u00e1s control sobre sus datos y su infraestructura en un mercado altamente concentrado\u201d, indicaron analistas del sector.<\/p><\/blockquote>\n<h2>Fuentes<\/h2>\n<ul>\n<li><strong>Cohere:<\/strong> Comunicado oficial de fusi\u00f3n estrat\u00e9gica (Abril 2026).<\/li>\n<li><strong>Aleph Alpha:<\/strong> Registro de operaciones en la Uni\u00f3n Europea.<\/li>\n<li><strong>Schwarz Group:<\/strong> Reporte de inversi\u00f3n industrial en tecnolog\u00eda.<\/li>\n<\/ul>\n<p>Siga el avance de la inteligencia artificial en STAY TV: <a href=\"https:\/\/staytv.cr\">https:\/\/staytv.cr<\/a><\/p>\n<p>&nbsp;<\/p>\n","protected":false},"excerpt":{"rendered":"<p>IA empresarial: Cohere y Aleph Alpha se unen para crear un gigante transatl\u00e1ntico con el apoyo de Schwarz Group, ofreciendo IA soberana para gobiernos.<\/p>\n","protected":false},"author":11,"featured_media":33175,"comment_status":"open","ping_status":"open","sticky":false,"template":"","format":"standard","meta":{"episode_type":"","audio_file":"","podmotor_file_id":"","podmotor_episode_id":"","cover_image":"","cover_image_id":"","duration":"","filesize":"","filesize_raw":"","date_recorded":"","explicit":"","block":"","itunes_episode_number":"","itunes_title":"","itunes_season_number":"","itunes_episode_type":"","footnotes":""},"categories":[54,403],"tags":[6735,6734,4786,700,391,6736,311],"class_list":{"0":"post-33138","1":"post","2":"type-post","3":"status-publish","4":"format-standard","5":"has-post-thumbnail","7":"category-economics","8":"category-tech","9":"tag-aleph-alpha","10":"tag-cohere","11":"tag-empresas","12":"tag-europa","13":"tag-ia","14":"tag-schwarz-group","15":"tag-tecnologia"},"aioseo_notices":[],"aioseo_head":"\n\t\t<!-- All in One SEO Pro 4.8.3.2 - aioseo.com -->\n\t<meta name=\"description\" content=\"IA empresarial: Cohere y Aleph Alpha se unen para crear un gigante transatl\u00e1ntico con el apoyo de Schwarz Group, ofreciendo IA soberana para gobiernos.\" \/>\n\t<meta name=\"robots\" content=\"max-image-preview:large\" \/>\n\t<meta name=\"author\" content=\"Ryan\"\/>\n\t<link rel=\"canonical\" href=\"https:\/\/staytv.cr\/index.php\/2026\/04\/27\/cohere-y-aleph-alpha-se-fusionan-en-ia-empresarial\/\" \/>\n\t<meta name=\"generator\" content=\"All in One SEO Pro (AIOSEO) 4.8.3.2\" \/>\n\t\t<meta property=\"og:locale\" content=\"es_ES\" \/>\n\t\t<meta property=\"og:site_name\" content=\"Staytv - Medio de comunicaci\u00f3n digital de Costa Rica.\" \/>\n\t\t<meta property=\"og:type\" content=\"article\" \/>\n\t\t<meta property=\"og:title\" content=\"IA empresarial: Cohere y Aleph Alpha se fusionan\" \/>\n\t\t<meta property=\"og:description\" content=\"IA empresarial: Cohere y Aleph Alpha se unen para crear un gigante transatl\u00e1ntico con el apoyo de Schwarz Group, ofreciendo IA soberana para gobiernos.\" \/>\n\t\t<meta property=\"og:url\" content=\"https:\/\/staytv.cr\/index.php\/2026\/04\/27\/cohere-y-aleph-alpha-se-fusionan-en-ia-empresarial\/\" \/>\n\t\t<meta property=\"og:image\" content=\"https:\/\/staytv.cr\/wp-content\/uploads\/Sin-titulo-8-202.png\" \/>\n\t\t<meta property=\"og:image:secure_url\" content=\"https:\/\/staytv.cr\/wp-content\/uploads\/Sin-titulo-8-202.png\" \/>\n\t\t<meta property=\"og:image:width\" content=\"1200\" \/>\n\t\t<meta property=\"og:image:height\" content=\"630\" \/>\n\t\t<meta property=\"article:published_time\" content=\"2026-04-27T21:24:56+00:00\" \/>\n\t\t<meta property=\"article:modified_time\" content=\"2026-04-27T21:24:56+00:00\" \/>\n\t\t<meta property=\"article:publisher\" content=\"https:\/\/www.facebook.com\/staytvcr\" \/>\n\t\t<meta name=\"twitter:card\" content=\"summary_large_image\" \/>\n\t\t<meta name=\"twitter:title\" content=\"IA empresarial: Cohere y Aleph Alpha se fusionan\" \/>\n\t\t<meta name=\"twitter:description\" content=\"IA empresarial: Cohere y Aleph Alpha se unen para crear un gigante transatl\u00e1ntico con el apoyo de Schwarz Group, ofreciendo IA soberana para gobiernos.\" \/>\n\t\t<meta name=\"twitter:image\" content=\"https:\/\/staytv.cr\/wp-content\/uploads\/Sin-titulo-8-202.png\" \/>\n\t\t<script type=\"application\/ld+json\" class=\"aioseo-schema\">\n\t\t\t{\"@context\":\"https:\\\/\\\/schema.org\",\"@graph\":[{\"@type\":\"BreadcrumbList\",\"@id\":\"https:\\\/\\\/staytv.cr\\\/index.php\\\/2026\\\/04\\\/27\\\/cohere-y-aleph-alpha-se-fusionan-en-ia-empresarial\\\/#breadcrumblist\",\"itemListElement\":[{\"@type\":\"ListItem\",\"@id\":\"https:\\\/\\\/staytv.cr#listItem\",\"position\":1,\"name\":\"Home\",\"item\":\"https:\\\/\\\/staytv.cr\",\"nextItem\":{\"@type\":\"ListItem\",\"@id\":\"https:\\\/\\\/staytv.cr\\\/index.php\\\/category\\\/estilo-de-vida\\\/#listItem\",\"name\":\"ESTILO DE VIDA\"}},{\"@type\":\"ListItem\",\"@id\":\"https:\\\/\\\/staytv.cr\\\/index.php\\\/category\\\/estilo-de-vida\\\/#listItem\",\"position\":2,\"name\":\"ESTILO DE VIDA\",\"item\":\"https:\\\/\\\/staytv.cr\\\/index.php\\\/category\\\/estilo-de-vida\\\/\",\"nextItem\":{\"@type\":\"ListItem\",\"@id\":\"https:\\\/\\\/staytv.cr\\\/index.php\\\/category\\\/estilo-de-vida\\\/tech\\\/#listItem\",\"name\":\"TECNOLOG\\u00cdA\"},\"previousItem\":{\"@type\":\"ListItem\",\"@id\":\"https:\\\/\\\/staytv.cr#listItem\",\"name\":\"Home\"}},{\"@type\":\"ListItem\",\"@id\":\"https:\\\/\\\/staytv.cr\\\/index.php\\\/category\\\/estilo-de-vida\\\/tech\\\/#listItem\",\"position\":3,\"name\":\"TECNOLOG\\u00cdA\",\"item\":\"https:\\\/\\\/staytv.cr\\\/index.php\\\/category\\\/estilo-de-vida\\\/tech\\\/\",\"nextItem\":{\"@type\":\"ListItem\",\"@id\":\"https:\\\/\\\/staytv.cr\\\/index.php\\\/2026\\\/04\\\/27\\\/cohere-y-aleph-alpha-se-fusionan-en-ia-empresarial\\\/#listItem\",\"name\":\"\\u00bfQu\\u00e9 es la IA empresarial? Todo sobre la fusi\\u00f3n de Cohere y Aleph Alpha este 2026\"},\"previousItem\":{\"@type\":\"ListItem\",\"@id\":\"https:\\\/\\\/staytv.cr\\\/index.php\\\/category\\\/estilo-de-vida\\\/#listItem\",\"name\":\"ESTILO DE VIDA\"}},{\"@type\":\"ListItem\",\"@id\":\"https:\\\/\\\/staytv.cr\\\/index.php\\\/2026\\\/04\\\/27\\\/cohere-y-aleph-alpha-se-fusionan-en-ia-empresarial\\\/#listItem\",\"position\":4,\"name\":\"\\u00bfQu\\u00e9 es la IA empresarial? Todo sobre la fusi\\u00f3n de Cohere y Aleph Alpha este 2026\",\"previousItem\":{\"@type\":\"ListItem\",\"@id\":\"https:\\\/\\\/staytv.cr\\\/index.php\\\/category\\\/estilo-de-vida\\\/tech\\\/#listItem\",\"name\":\"TECNOLOG\\u00cdA\"}}]},{\"@type\":\"Organization\",\"@id\":\"https:\\\/\\\/staytv.cr\\\/#organization\",\"name\":\"Stay TV\",\"description\":\"Stay TV es un medio digital de noticias con base en Centroam\\u00e9rica, con cobertura local e internacional desde una mirada asi\\u00e1tica.\",\"url\":\"https:\\\/\\\/staytv.cr\\\/\",\"logo\":{\"@type\":\"ImageObject\",\"url\":\"https:\\\/\\\/staytv.cr\\\/wp-content\\\/uploads\\\/cropped-StayTV_logo_oficial_simple.png\",\"@id\":\"https:\\\/\\\/staytv.cr\\\/index.php\\\/2026\\\/04\\\/27\\\/cohere-y-aleph-alpha-se-fusionan-en-ia-empresarial\\\/#organizationLogo\",\"width\":2560,\"height\":769},\"image\":{\"@id\":\"https:\\\/\\\/staytv.cr\\\/index.php\\\/2026\\\/04\\\/27\\\/cohere-y-aleph-alpha-se-fusionan-en-ia-empresarial\\\/#organizationLogo\"},\"sameAs\":[\"https:\\\/\\\/www.instagram.com\\\/staytvcr\\\/\"]},{\"@type\":\"Person\",\"@id\":\"https:\\\/\\\/staytv.cr\\\/index.php\\\/author\\\/ryantv\\\/#author\",\"url\":\"https:\\\/\\\/staytv.cr\\\/index.php\\\/author\\\/ryantv\\\/\",\"name\":\"Ryan\",\"image\":{\"@type\":\"ImageObject\",\"url\":\"https:\\\/\\\/secure.gravatar.com\\\/avatar\\\/f95152fd26e0540ce723631868753fd2ae822574fa609b52b1b123eea57755e2?s=96&d=mm&r=g\"}},{\"@type\":\"WebPage\",\"@id\":\"https:\\\/\\\/staytv.cr\\\/index.php\\\/2026\\\/04\\\/27\\\/cohere-y-aleph-alpha-se-fusionan-en-ia-empresarial\\\/#webpage\",\"url\":\"https:\\\/\\\/staytv.cr\\\/index.php\\\/2026\\\/04\\\/27\\\/cohere-y-aleph-alpha-se-fusionan-en-ia-empresarial\\\/\",\"name\":\"IA empresarial: Cohere y Aleph Alpha se fusionan\",\"description\":\"IA empresarial: Cohere y Aleph Alpha se unen para crear un gigante transatl\\u00e1ntico con el apoyo de Schwarz Group, ofreciendo IA soberana para gobiernos.\",\"inLanguage\":\"es-ES\",\"isPartOf\":{\"@id\":\"https:\\\/\\\/staytv.cr\\\/#website\"},\"breadcrumb\":{\"@id\":\"https:\\\/\\\/staytv.cr\\\/index.php\\\/2026\\\/04\\\/27\\\/cohere-y-aleph-alpha-se-fusionan-en-ia-empresarial\\\/#breadcrumblist\"},\"author\":{\"@id\":\"https:\\\/\\\/staytv.cr\\\/index.php\\\/author\\\/ryantv\\\/#author\"},\"creator\":{\"@id\":\"https:\\\/\\\/staytv.cr\\\/index.php\\\/author\\\/ryantv\\\/#author\"},\"image\":{\"@type\":\"ImageObject\",\"url\":\"https:\\\/\\\/staytv.cr\\\/wp-content\\\/uploads\\\/Sin-titulo-8-202.png\",\"@id\":\"https:\\\/\\\/staytv.cr\\\/index.php\\\/2026\\\/04\\\/27\\\/cohere-y-aleph-alpha-se-fusionan-en-ia-empresarial\\\/#mainImage\",\"width\":1200,\"height\":630,\"caption\":\"\\u00bfQu\\u00e9 es la IA empresarial?\"},\"primaryImageOfPage\":{\"@id\":\"https:\\\/\\\/staytv.cr\\\/index.php\\\/2026\\\/04\\\/27\\\/cohere-y-aleph-alpha-se-fusionan-en-ia-empresarial\\\/#mainImage\"},\"datePublished\":\"2026-04-27T15:24:56-06:00\",\"dateModified\":\"2026-04-27T15:24:56-06:00\"},{\"@type\":\"WebSite\",\"@id\":\"https:\\\/\\\/staytv.cr\\\/#website\",\"url\":\"https:\\\/\\\/staytv.cr\\\/\",\"name\":\"Staytv\",\"description\":\"Medio de comunicaci\\u00f3n digital de Costa Rica.\",\"inLanguage\":\"es-ES\",\"publisher\":{\"@id\":\"https:\\\/\\\/staytv.cr\\\/#organization\"}}]}\n\t\t<\/script>\n\t\t<!-- All in One SEO Pro -->\r\n\t\t<title>IA empresarial: Cohere y Aleph Alpha se fusionan<\/title>\n\n","aioseo_head_json":{"title":"IA empresarial: Cohere y Aleph Alpha se fusionan","description":"IA empresarial: Cohere y Aleph Alpha se unen para crear un gigante transatl\u00e1ntico con el apoyo de Schwarz Group, ofreciendo IA soberana para gobiernos.","canonical_url":"https:\/\/staytv.cr\/index.php\/2026\/04\/27\/cohere-y-aleph-alpha-se-fusionan-en-ia-empresarial\/","robots":"max-image-preview:large","keywords":"","webmasterTools":{"miscellaneous":""},"schema":{"@context":"https:\/\/schema.org","@graph":[{"@type":"BreadcrumbList","@id":"https:\/\/staytv.cr\/index.php\/2026\/04\/27\/cohere-y-aleph-alpha-se-fusionan-en-ia-empresarial\/#breadcrumblist","itemListElement":[{"@type":"ListItem","@id":"https:\/\/staytv.cr#listItem","position":1,"name":"Home","item":"https:\/\/staytv.cr","nextItem":{"@type":"ListItem","@id":"https:\/\/staytv.cr\/index.php\/category\/estilo-de-vida\/#listItem","name":"ESTILO DE VIDA"}},{"@type":"ListItem","@id":"https:\/\/staytv.cr\/index.php\/category\/estilo-de-vida\/#listItem","position":2,"name":"ESTILO DE VIDA","item":"https:\/\/staytv.cr\/index.php\/category\/estilo-de-vida\/","nextItem":{"@type":"ListItem","@id":"https:\/\/staytv.cr\/index.php\/category\/estilo-de-vida\/tech\/#listItem","name":"TECNOLOG\u00cdA"},"previousItem":{"@type":"ListItem","@id":"https:\/\/staytv.cr#listItem","name":"Home"}},{"@type":"ListItem","@id":"https:\/\/staytv.cr\/index.php\/category\/estilo-de-vida\/tech\/#listItem","position":3,"name":"TECNOLOG\u00cdA","item":"https:\/\/staytv.cr\/index.php\/category\/estilo-de-vida\/tech\/","nextItem":{"@type":"ListItem","@id":"https:\/\/staytv.cr\/index.php\/2026\/04\/27\/cohere-y-aleph-alpha-se-fusionan-en-ia-empresarial\/#listItem","name":"\u00bfQu\u00e9 es la IA empresarial? Todo sobre la fusi\u00f3n de Cohere y Aleph Alpha este 2026"},"previousItem":{"@type":"ListItem","@id":"https:\/\/staytv.cr\/index.php\/category\/estilo-de-vida\/#listItem","name":"ESTILO DE VIDA"}},{"@type":"ListItem","@id":"https:\/\/staytv.cr\/index.php\/2026\/04\/27\/cohere-y-aleph-alpha-se-fusionan-en-ia-empresarial\/#listItem","position":4,"name":"\u00bfQu\u00e9 es la IA empresarial? Todo sobre la fusi\u00f3n de Cohere y Aleph Alpha este 2026","previousItem":{"@type":"ListItem","@id":"https:\/\/staytv.cr\/index.php\/category\/estilo-de-vida\/tech\/#listItem","name":"TECNOLOG\u00cdA"}}]},{"@type":"Organization","@id":"https:\/\/staytv.cr\/#organization","name":"Stay TV","description":"Stay TV es un medio digital de noticias con base en Centroam\u00e9rica, con cobertura local e internacional desde una mirada asi\u00e1tica.","url":"https:\/\/staytv.cr\/","logo":{"@type":"ImageObject","url":"https:\/\/staytv.cr\/wp-content\/uploads\/cropped-StayTV_logo_oficial_simple.png","@id":"https:\/\/staytv.cr\/index.php\/2026\/04\/27\/cohere-y-aleph-alpha-se-fusionan-en-ia-empresarial\/#organizationLogo","width":2560,"height":769},"image":{"@id":"https:\/\/staytv.cr\/index.php\/2026\/04\/27\/cohere-y-aleph-alpha-se-fusionan-en-ia-empresarial\/#organizationLogo"},"sameAs":["https:\/\/www.instagram.com\/staytvcr\/"]},{"@type":"Person","@id":"https:\/\/staytv.cr\/index.php\/author\/ryantv\/#author","url":"https:\/\/staytv.cr\/index.php\/author\/ryantv\/","name":"Ryan","image":{"@type":"ImageObject","url":"https:\/\/secure.gravatar.com\/avatar\/f95152fd26e0540ce723631868753fd2ae822574fa609b52b1b123eea57755e2?s=96&d=mm&r=g"}},{"@type":"WebPage","@id":"https:\/\/staytv.cr\/index.php\/2026\/04\/27\/cohere-y-aleph-alpha-se-fusionan-en-ia-empresarial\/#webpage","url":"https:\/\/staytv.cr\/index.php\/2026\/04\/27\/cohere-y-aleph-alpha-se-fusionan-en-ia-empresarial\/","name":"IA empresarial: Cohere y Aleph Alpha se fusionan","description":"IA empresarial: Cohere y Aleph Alpha se unen para crear un gigante transatl\u00e1ntico con el apoyo de Schwarz Group, ofreciendo IA soberana para gobiernos.","inLanguage":"es-ES","isPartOf":{"@id":"https:\/\/staytv.cr\/#website"},"breadcrumb":{"@id":"https:\/\/staytv.cr\/index.php\/2026\/04\/27\/cohere-y-aleph-alpha-se-fusionan-en-ia-empresarial\/#breadcrumblist"},"author":{"@id":"https:\/\/staytv.cr\/index.php\/author\/ryantv\/#author"},"creator":{"@id":"https:\/\/staytv.cr\/index.php\/author\/ryantv\/#author"},"image":{"@type":"ImageObject","url":"https:\/\/staytv.cr\/wp-content\/uploads\/Sin-titulo-8-202.png","@id":"https:\/\/staytv.cr\/index.php\/2026\/04\/27\/cohere-y-aleph-alpha-se-fusionan-en-ia-empresarial\/#mainImage","width":1200,"height":630,"caption":"\u00bfQu\u00e9 es la IA empresarial?"},"primaryImageOfPage":{"@id":"https:\/\/staytv.cr\/index.php\/2026\/04\/27\/cohere-y-aleph-alpha-se-fusionan-en-ia-empresarial\/#mainImage"},"datePublished":"2026-04-27T15:24:56-06:00","dateModified":"2026-04-27T15:24:56-06:00"},{"@type":"WebSite","@id":"https:\/\/staytv.cr\/#website","url":"https:\/\/staytv.cr\/","name":"Staytv","description":"Medio de comunicaci\u00f3n digital de Costa Rica.","inLanguage":"es-ES","publisher":{"@id":"https:\/\/staytv.cr\/#organization"}}]},"og:locale":"es_ES","og:site_name":"Staytv - Medio de comunicaci\u00f3n digital de Costa Rica.","og:type":"article","og:title":"IA empresarial: Cohere y Aleph Alpha se fusionan","og:description":"IA empresarial: Cohere y Aleph Alpha se unen para crear un gigante transatl\u00e1ntico con el apoyo de Schwarz Group, ofreciendo IA soberana para gobiernos.","og:url":"https:\/\/staytv.cr\/index.php\/2026\/04\/27\/cohere-y-aleph-alpha-se-fusionan-en-ia-empresarial\/","og:image":"https:\/\/staytv.cr\/wp-content\/uploads\/Sin-titulo-8-202.png","og:image:secure_url":"https:\/\/staytv.cr\/wp-content\/uploads\/Sin-titulo-8-202.png","og:image:width":1200,"og:image:height":630,"article:published_time":"2026-04-27T21:24:56+00:00","article:modified_time":"2026-04-27T21:24:56+00:00","article:publisher":"https:\/\/www.facebook.com\/staytvcr","twitter:card":"summary_large_image","twitter:title":"IA empresarial: Cohere y Aleph Alpha se fusionan","twitter:description":"IA empresarial: Cohere y Aleph Alpha se unen para crear un gigante transatl\u00e1ntico con el apoyo de Schwarz Group, ofreciendo IA soberana para gobiernos.","twitter:image":"https:\/\/staytv.cr\/wp-content\/uploads\/Sin-titulo-8-202.png"},"aioseo_meta_data":{"post_id":"33138","title":"IA empresarial: Cohere y Aleph Alpha se fusionan","description":"IA empresarial: Cohere y Aleph Alpha se unen para crear un gigante transatl\u00e1ntico con el apoyo de Schwarz Group, ofreciendo IA soberana para gobiernos.","keywords":null,"keyphrases":{"focus":{"keyphrase":"IA","score":75,"analysis":{"keyphraseInTitle":{"score":9,"maxScore":9,"error":0},"keyphraseInDescription":{"score":9,"maxScore":9,"error":0},"keyphraseLength":{"score":9,"maxScore":9,"error":0,"length":1},"keyphraseInURL":{"score":5,"maxScore":5,"error":0},"keyphraseInIntroduction":{"score":9,"maxScore":9,"error":0},"keyphraseInSubHeadings":{"score":3,"maxScore":9,"error":1},"keyphraseInImageAlt":[],"keywordDensity":{"type":"high","score":0,"maxScore":9,"error":1}}},"additional":[]},"canonical_url":null,"og_title":null,"og_description":null,"og_object_type":"default","og_image_type":"default","og_image_custom_url":null,"og_image_custom_fields":null,"og_custom_image_width":null,"og_custom_image_height":null,"og_video":"","og_custom_url":null,"og_article_section":null,"og_article_tags":null,"twitter_use_og":true,"twitter_card":"default","twitter_image_type":"default","twitter_image_custom_url":null,"twitter_image_custom_fields":null,"twitter_title":null,"twitter_description":null,"schema_type":null,"schema_type_options":null,"pillar_content":false,"robots_default":true,"robots_noindex":false,"robots_noarchive":false,"robots_nosnippet":false,"robots_nofollow":false,"robots_noimageindex":false,"robots_noodp":false,"robots_notranslate":false,"robots_max_snippet":"-1","robots_max_videopreview":"-1","robots_max_imagepreview":"large","tabs":null,"priority":null,"frequency":"default","local_seo":null,"created":"2026-04-27 12:59:56","updated":"2026-04-27 21:24:57"},"aioseo_breadcrumb":"<div class=\"aioseo-breadcrumbs\"><span class=\"aioseo-breadcrumb\">\n\t<a href=\"https:\/\/staytv.cr\" title=\"Home\">Home<\/a>\n<\/span><span class=\"aioseo-breadcrumb-separator\">&raquo;<\/span><span class=\"aioseo-breadcrumb\">\n\t<a href=\"https:\/\/staytv.cr\/index.php\/category\/estilo-de-vida\/\" title=\"ESTILO DE VIDA\">ESTILO DE VIDA<\/a>\n<\/span><span class=\"aioseo-breadcrumb-separator\">&raquo;<\/span><span class=\"aioseo-breadcrumb\">\n\t<a href=\"https:\/\/staytv.cr\/index.php\/category\/estilo-de-vida\/tech\/\" title=\"TECNOLOG\u00cdA\">TECNOLOG\u00cdA<\/a>\n<\/span><span class=\"aioseo-breadcrumb-separator\">&raquo;<\/span><span class=\"aioseo-breadcrumb\">\n\t\u00bfQu\u00e9 es la IA empresarial? Todo sobre la fusi\u00f3n de Cohere y Aleph Alpha este 2026\n<\/span><\/div>","aioseo_breadcrumb_json":[{"label":"Home","link":"https:\/\/staytv.cr"},{"label":"ESTILO DE VIDA","link":"https:\/\/staytv.cr\/index.php\/category\/estilo-de-vida\/"},{"label":"TECNOLOG\u00cdA","link":"https:\/\/staytv.cr\/index.php\/category\/estilo-de-vida\/tech\/"},{"label":"\u00bfQu\u00e9 es la IA empresarial? Todo sobre la fusi\u00f3n de Cohere y Aleph Alpha este 2026","link":"https:\/\/staytv.cr\/index.php\/2026\/04\/27\/cohere-y-aleph-alpha-se-fusionan-en-ia-empresarial\/"}],"_links":{"self":[{"href":"https:\/\/staytv.cr\/index.php\/wp-json\/wp\/v2\/posts\/33138","targetHints":{"allow":["GET"]}}],"collection":[{"href":"https:\/\/staytv.cr\/index.php\/wp-json\/wp\/v2\/posts"}],"about":[{"href":"https:\/\/staytv.cr\/index.php\/wp-json\/wp\/v2\/types\/post"}],"author":[{"embeddable":true,"href":"https:\/\/staytv.cr\/index.php\/wp-json\/wp\/v2\/users\/11"}],"replies":[{"embeddable":true,"href":"https:\/\/staytv.cr\/index.php\/wp-json\/wp\/v2\/comments?post=33138"}],"version-history":[{"count":3,"href":"https:\/\/staytv.cr\/index.php\/wp-json\/wp\/v2\/posts\/33138\/revisions"}],"predecessor-version":[{"id":33176,"href":"https:\/\/staytv.cr\/index.php\/wp-json\/wp\/v2\/posts\/33138\/revisions\/33176"}],"wp:featuredmedia":[{"embeddable":true,"href":"https:\/\/staytv.cr\/index.php\/wp-json\/wp\/v2\/media\/33175"}],"wp:attachment":[{"href":"https:\/\/staytv.cr\/index.php\/wp-json\/wp\/v2\/media?parent=33138"}],"wp:term":[{"taxonomy":"category","embeddable":true,"href":"https:\/\/staytv.cr\/index.php\/wp-json\/wp\/v2\/categories?post=33138"},{"taxonomy":"post_tag","embeddable":true,"href":"https:\/\/staytv.cr\/index.php\/wp-json\/wp\/v2\/tags?post=33138"}],"curies":[{"name":"wp","href":"https:\/\/api.w.org\/{rel}","templated":true}]}}