{"id":33150,"date":"2026-04-27T09:12:33","date_gmt":"2026-04-27T15:12:33","guid":{"rendered":"https:\/\/staytv.cr\/?p=33150"},"modified":"2026-04-27T09:12:33","modified_gmt":"2026-04-27T15:12:33","slug":"atentado-en-washington-condena-mundial-tras-ataque-en-la-gala-de-donald-trump","status":"publish","type":"post","link":"https:\/\/staytv.cr\/index.php\/2026\/04\/27\/atentado-en-washington-condena-mundial-tras-ataque-en-la-gala-de-donald-trump\/","title":{"rendered":"Atentado en Washington: Condena mundial tras ataque en la gala de Donald Trump"},"content":{"rendered":"<p>Atentado fallido contra Donald Trump en la gala de la Casa Blanca genera condena mundial. L\u00edderes de la UE, Israel y Am\u00e9rica Latina repudian el ataque.<!--more--><br \/>\n<!-- CAJA DE VIDEO + DOFOLLOW (RESPONSIVE) --><\/p>\n<div style=\"margin:20px 0; width:100%;\">\n<p>  <!-- CONTENEDOR VIDEO 16:9 --><\/p>\n<div style=\"position:relative; width:100%; padding-bottom:56.25%; height:0; overflow:hidden; border-radius:12px;\">\n    <iframe\n      data-src=\"https:\/\/www.youtube.com\/embed\/Sw_571dzS8w\"\n      style=\"position:absolute; top:0; left:0; width:100%; height:100%; border:0;\"\n      allowfullscreen\n      src=\"data:image\/svg+xml;base64,PHN2ZyB3aWR0aD0iMSIgaGVpZ2h0PSIxIiB4bWxucz0iaHR0cDovL3d3dy53My5vcmcvMjAwMC9zdmciPjwvc3ZnPg==\" class=\"lazyload\" data-load-mode=\"1\"><br \/>\n    <\/iframe>\n  <\/div>\n<p>  <!-- ENLACE DOFOLLOW (SIN ATRIBUTOS REL) --><\/p>\n<p style=\"margin-top:12px; font-size:15px;\">\n    <strong>Recurso externo:<\/strong><br \/>\n    <a href=\"https:\/\/youtu.be\/Sw_571dzS8w\">Ver video completo en YouTube<\/a>\n  <\/p>\n<\/div>\n<h1>Condena un\u00e1nime: El mundo repudia el intento de atentado contra Donald Trump en la Gala de Corresponsales<\/h1>\n<p>Para contextualizar la gravedad de este evento, es necesario presentar la importancia del escenario: la <strong>Cena de la Asociaci\u00f3n de Corresponsales de la Casa Blanca<\/strong> (WHCA, por sus siglas en ingl\u00e9s) es una gala anual de alt\u00edsimo perfil donde tradicionalmente el presidente de los Estados Unidos interact\u00faa con la prensa y celebridades. Un incidente armado en este entorno no solo representa una falla cr\u00edtica de seguridad, sino un ataque directo al coraz\u00f3n de la vida pol\u00edtica y diplom\u00e1tica de Washington.<\/p>\n<p>Este s\u00e1bado 25 de abril de 2026, la gala se convirti\u00f3 en una escena de caos cuando un tirador intent\u00f3 irrumpir en el evento, obligando a la evacuaci\u00f3n inmediata del presidente <strong>Donald Trump<\/strong> y su esposa. Tras confirmarse que ambos salieron ilesos y que el atacante fue detenido, una ola de reacciones internacionales ha inundado las canciller\u00edas, reafirmando el rechazo absoluto a la violencia pol\u00edtica en las democracias modernas.<\/p>\n<div style=\"width: 100%; font-family: 'Segoe UI', Tahoma, Geneva, Verdana, sans-serif; margin: 30px 0; border-radius: 12px; overflow: hidden; box-shadow: 0 10px 25px rgba(0,0,0,0.15); border: 1px solid #eee;\">\n<div style=\"background-color: #d32f2f; color: #ffffff; padding: 18px; text-align: center; font-weight: bold; font-size: 1.3em; letter-spacing: 1px;\">SOLIDARIDAD GLOBAL ANTE EL INCIDENTE<\/div>\n<div style=\"display: flex; border-bottom: 1px solid #eee; background-color: #ffffff;\">\n<div style=\"flex: 1; padding: 15px; font-weight: bold; color: #333; background-color: #f9f9f9; border-right: 1px solid #eee;\">L\u00edderes Europeos<\/div>\n<div style=\"flex: 2; padding: 15px; color: #555;\">La Uni\u00f3n Europea, Francia, Reino Unido y Espa\u00f1a condenaron firmemente el ataque.<\/div>\n<\/div>\n<div style=\"display: flex; border-bottom: 1px solid #eee; background-color: #ffffff;\">\n<div style=\"flex: 1; padding: 15px; font-weight: bold; color: #333; background-color: #f9f9f9; border-right: 1px solid #eee;\">Medio Oriente y Asia<\/div>\n<div style=\"flex: 2; padding: 15px; color: #1a237e; font-weight: bold;\">Israel (Netanyahu), Turqu\u00eda, India y Pakist\u00e1n expresaron su alivio por la seguridad del mandatario.<\/div>\n<\/div>\n<div style=\"display: flex; border-bottom: 1px solid #eee; background-color: #ffffff;\">\n<div style=\"flex: 1; padding: 15px; font-weight: bold; color: #333; background-color: #f9f9f9; border-right: 1px solid #eee;\">Am\u00e9rica Latina<\/div>\n<div style=\"flex: 2; padding: 15px; color: #d32f2f; font-weight: bold;\">Brasil (Lula), M\u00e9xico (Sheinbaum) y Argentina (Milei) repudiaron el uso de la violencia.<\/div>\n<\/div>\n<div style=\"display: flex; background-color: #ffffff;\">\n<div style=\"flex: 1; padding: 15px; font-weight: bold; color: #333; background-color: #f9f9f9; border-right: 1px solid #eee;\">Estatus de Seguridad<\/div>\n<div style=\"flex: 2; padding: 15px; color: #2e7d32; font-weight: bold;\">El tirador fue detenido antes de concretar el ataque; Trump y altos cargos est\u00e1n a salvo.<\/div>\n<\/div>\n<\/div>\n<h2>Latinoam\u00e9rica unida contra la violencia pol\u00edtica<\/h2>\n<p>Desde el sur del continente, los mensajes fueron contundentes. El presidente de Brasil, <strong>Lula da Silva<\/strong>, calific\u00f3 el hecho como una \u00abafrenta a los valores democr\u00e1ticos\u00bb, mientras que la presidenta de M\u00e9xico, <strong>Claudia Sheinbaum<\/strong>, enfatiz\u00f3 que la violencia nunca debe ser el camino. Por su parte, la oficina de <strong>Javier Milei<\/strong> en Argentina agradeci\u00f3 la r\u00e1pida acci\u00f3n de los servicios de seguridad que evit\u00f3 una tragedia mayor en el evento.<\/p>\n<blockquote><p>\u201cNo hay lugar para la violencia, ni contra los l\u00edderes pol\u00edticos ni contra nadie\u201d, sentenci\u00f3 el primer ministro de Israel, Benjam\u00edn Netanyahu, en sinton\u00eda con el sentimiento global.<\/p><\/blockquote>\n<h2>Fuentes<\/h2>\n<ul>\n<li><strong>AFP \/ Agencias Internacionales:<\/strong> Reporte desde Washington D.C., abril 2026.<\/li>\n<li><strong>Comunicados Oficiales:<\/strong> Oficinas de Presidencia de Brasil, M\u00e9xico, Argentina e Israel.<\/li>\n<li><strong>Asociaci\u00f3n de Corresponsales de la Casa Blanca (WHCA).<\/strong><\/li>\n<\/ul>\n<p>Siga el an\u00e1lisis del impacto geopol\u00edtico en STAY TV: <a href=\"https:\/\/staytv.cr\">https:\/\/staytv.cr<\/a><\/p>\n<p>&nbsp;<\/p>\n","protected":false},"excerpt":{"rendered":"<p>Atentado fallido contra Donald Trump en la gala de la Casa Blanca genera condena mundial. L\u00edderes de la UE, Israel y Am\u00e9rica Latina repudian el ataque.<\/p>\n","protected":false},"author":10,"featured_media":0,"comment_status":"open","ping_status":"open","sticky":false,"template":"","format":"standard","meta":{"episode_type":"","audio_file":"","podmotor_file_id":"","podmotor_episode_id":"","cover_image":"","cover_image_id":"","duration":"","filesize":"","filesize_raw":"","date_recorded":"","explicit":"","block":"","itunes_episode_number":"","itunes_title":"","itunes_season_number":"","itunes_episode_type":"","footnotes":""},"categories":[8],"tags":[6710,621,779,6124,157,6546],"class_list":{"0":"post-33150","1":"post","2":"type-post","3":"status-publish","4":"format-standard","6":"category-internacional","7":"tag-atentado","8":"tag-casa-blanca","9":"tag-donald-trump","10":"tag-internacional","11":"tag-seguridad","12":"tag-washington"},"aioseo_notices":[],"aioseo_head":"\n\t\t<!-- All in One SEO Pro 4.8.3.2 - aioseo.com -->\n\t<meta name=\"description\" content=\"Atentado fallido contra Donald Trump en la gala de la Casa Blanca genera condena mundial. L\u00edderes de la UE, Israel y Am\u00e9rica Latina repudian el ataque.\" \/>\n\t<meta name=\"robots\" content=\"max-image-preview:large\" \/>\n\t<meta name=\"author\" content=\"Diego Molina\"\/>\n\t<link rel=\"canonical\" href=\"https:\/\/staytv.cr\/index.php\/2026\/04\/27\/atentado-en-washington-condena-mundial-tras-ataque-en-la-gala-de-donald-trump\/\" \/>\n\t<meta name=\"generator\" content=\"All in One SEO Pro (AIOSEO) 4.8.3.2\" \/>\n\t\t<meta property=\"og:locale\" content=\"es_ES\" \/>\n\t\t<meta property=\"og:site_name\" content=\"Staytv - Medio de comunicaci\u00f3n digital de Costa Rica.\" \/>\n\t\t<meta property=\"og:type\" content=\"article\" \/>\n\t\t<meta property=\"og:title\" content=\"Atentado frustrado: El mundo se solidariza con Trump\" \/>\n\t\t<meta property=\"og:description\" content=\"Atentado fallido contra Donald Trump en la gala de la Casa Blanca genera condena mundial. L\u00edderes de la UE, Israel y Am\u00e9rica Latina repudian el ataque.\" \/>\n\t\t<meta property=\"og:url\" content=\"https:\/\/staytv.cr\/index.php\/2026\/04\/27\/atentado-en-washington-condena-mundial-tras-ataque-en-la-gala-de-donald-trump\/\" \/>\n\t\t<meta property=\"og:image\" content=\"https:\/\/staytv.cr\/wp-content\/uploads\/portada.jpg\" \/>\n\t\t<meta property=\"og:image:secure_url\" content=\"https:\/\/staytv.cr\/wp-content\/uploads\/portada.jpg\" \/>\n\t\t<meta property=\"og:image:width\" content=\"2048\" \/>\n\t\t<meta property=\"og:image:height\" content=\"758\" \/>\n\t\t<meta property=\"article:published_time\" content=\"2026-04-27T15:12:33+00:00\" \/>\n\t\t<meta property=\"article:modified_time\" content=\"2026-04-27T15:12:33+00:00\" \/>\n\t\t<meta property=\"article:publisher\" content=\"https:\/\/www.facebook.com\/staytvcr\" \/>\n\t\t<meta name=\"twitter:card\" content=\"summary_large_image\" \/>\n\t\t<meta name=\"twitter:title\" content=\"Atentado frustrado: El mundo se solidariza con Trump\" \/>\n\t\t<meta name=\"twitter:description\" content=\"Atentado fallido contra Donald Trump en la gala de la Casa Blanca genera condena mundial. L\u00edderes de la UE, Israel y Am\u00e9rica Latina repudian el ataque.\" \/>\n\t\t<meta name=\"twitter:image\" content=\"https:\/\/staytv.cr\/wp-content\/uploads\/portada.jpg\" \/>\n\t\t<script type=\"application\/ld+json\" class=\"aioseo-schema\">\n\t\t\t{\"@context\":\"https:\\\/\\\/schema.org\",\"@graph\":[{\"@type\":\"BreadcrumbList\",\"@id\":\"https:\\\/\\\/staytv.cr\\\/index.php\\\/2026\\\/04\\\/27\\\/atentado-en-washington-condena-mundial-tras-ataque-en-la-gala-de-donald-trump\\\/#breadcrumblist\",\"itemListElement\":[{\"@type\":\"ListItem\",\"@id\":\"https:\\\/\\\/staytv.cr#listItem\",\"position\":1,\"name\":\"Home\",\"item\":\"https:\\\/\\\/staytv.cr\",\"nextItem\":{\"@type\":\"ListItem\",\"@id\":\"https:\\\/\\\/staytv.cr\\\/index.php\\\/category\\\/internacional\\\/#listItem\",\"name\":\"INTERNACIONAL\"}},{\"@type\":\"ListItem\",\"@id\":\"https:\\\/\\\/staytv.cr\\\/index.php\\\/category\\\/internacional\\\/#listItem\",\"position\":2,\"name\":\"INTERNACIONAL\",\"item\":\"https:\\\/\\\/staytv.cr\\\/index.php\\\/category\\\/internacional\\\/\",\"nextItem\":{\"@type\":\"ListItem\",\"@id\":\"https:\\\/\\\/staytv.cr\\\/index.php\\\/2026\\\/04\\\/27\\\/atentado-en-washington-condena-mundial-tras-ataque-en-la-gala-de-donald-trump\\\/#listItem\",\"name\":\"Atentado en Washington: Condena mundial tras ataque en la gala de Donald Trump\"},\"previousItem\":{\"@type\":\"ListItem\",\"@id\":\"https:\\\/\\\/staytv.cr#listItem\",\"name\":\"Home\"}},{\"@type\":\"ListItem\",\"@id\":\"https:\\\/\\\/staytv.cr\\\/index.php\\\/2026\\\/04\\\/27\\\/atentado-en-washington-condena-mundial-tras-ataque-en-la-gala-de-donald-trump\\\/#listItem\",\"position\":3,\"name\":\"Atentado en Washington: Condena mundial tras ataque en la gala de Donald Trump\",\"previousItem\":{\"@type\":\"ListItem\",\"@id\":\"https:\\\/\\\/staytv.cr\\\/index.php\\\/category\\\/internacional\\\/#listItem\",\"name\":\"INTERNACIONAL\"}}]},{\"@type\":\"Organization\",\"@id\":\"https:\\\/\\\/staytv.cr\\\/#organization\",\"name\":\"Stay TV\",\"description\":\"Stay TV es un medio digital de noticias con base en Centroam\\u00e9rica, con cobertura local e internacional desde una mirada asi\\u00e1tica.\",\"url\":\"https:\\\/\\\/staytv.cr\\\/\",\"logo\":{\"@type\":\"ImageObject\",\"url\":\"https:\\\/\\\/staytv.cr\\\/wp-content\\\/uploads\\\/cropped-StayTV_logo_oficial_simple.png\",\"@id\":\"https:\\\/\\\/staytv.cr\\\/index.php\\\/2026\\\/04\\\/27\\\/atentado-en-washington-condena-mundial-tras-ataque-en-la-gala-de-donald-trump\\\/#organizationLogo\",\"width\":2560,\"height\":769},\"image\":{\"@id\":\"https:\\\/\\\/staytv.cr\\\/index.php\\\/2026\\\/04\\\/27\\\/atentado-en-washington-condena-mundial-tras-ataque-en-la-gala-de-donald-trump\\\/#organizationLogo\"},\"sameAs\":[\"https:\\\/\\\/www.instagram.com\\\/staytvcr\\\/\"]},{\"@type\":\"Person\",\"@id\":\"https:\\\/\\\/staytv.cr\\\/index.php\\\/author\\\/diegostaytv\\\/#author\",\"url\":\"https:\\\/\\\/staytv.cr\\\/index.php\\\/author\\\/diegostaytv\\\/\",\"name\":\"Diego Molina\",\"image\":{\"@type\":\"ImageObject\",\"url\":\"https:\\\/\\\/secure.gravatar.com\\\/avatar\\\/7d23cb63381aa64750c7e76727c208369ebd6f2565e9dc4c62e323b1ea59af41?s=96&d=mm&r=g\"}},{\"@type\":\"WebPage\",\"@id\":\"https:\\\/\\\/staytv.cr\\\/index.php\\\/2026\\\/04\\\/27\\\/atentado-en-washington-condena-mundial-tras-ataque-en-la-gala-de-donald-trump\\\/#webpage\",\"url\":\"https:\\\/\\\/staytv.cr\\\/index.php\\\/2026\\\/04\\\/27\\\/atentado-en-washington-condena-mundial-tras-ataque-en-la-gala-de-donald-trump\\\/\",\"name\":\"Atentado frustrado: El mundo se solidariza con Trump\",\"description\":\"Atentado fallido contra Donald Trump en la gala de la Casa Blanca genera condena mundial. L\\u00edderes de la UE, Israel y Am\\u00e9rica Latina repudian el ataque.\",\"inLanguage\":\"es-ES\",\"isPartOf\":{\"@id\":\"https:\\\/\\\/staytv.cr\\\/#website\"},\"breadcrumb\":{\"@id\":\"https:\\\/\\\/staytv.cr\\\/index.php\\\/2026\\\/04\\\/27\\\/atentado-en-washington-condena-mundial-tras-ataque-en-la-gala-de-donald-trump\\\/#breadcrumblist\"},\"author\":{\"@id\":\"https:\\\/\\\/staytv.cr\\\/index.php\\\/author\\\/diegostaytv\\\/#author\"},\"creator\":{\"@id\":\"https:\\\/\\\/staytv.cr\\\/index.php\\\/author\\\/diegostaytv\\\/#author\"},\"datePublished\":\"2026-04-27T09:12:33-06:00\",\"dateModified\":\"2026-04-27T09:12:33-06:00\"},{\"@type\":\"WebSite\",\"@id\":\"https:\\\/\\\/staytv.cr\\\/#website\",\"url\":\"https:\\\/\\\/staytv.cr\\\/\",\"name\":\"Staytv\",\"description\":\"Medio de comunicaci\\u00f3n digital de Costa Rica.\",\"inLanguage\":\"es-ES\",\"publisher\":{\"@id\":\"https:\\\/\\\/staytv.cr\\\/#organization\"}}]}\n\t\t<\/script>\n\t\t<!-- All in One SEO Pro -->\r\n\t\t<title>Atentado frustrado: El mundo se solidariza con Trump<\/title>\n\n","aioseo_head_json":{"title":"Atentado frustrado: El mundo se solidariza con Trump","description":"Atentado fallido contra Donald Trump en la gala de la Casa Blanca genera condena mundial. L\u00edderes de la UE, Israel y Am\u00e9rica Latina repudian el ataque.","canonical_url":"https:\/\/staytv.cr\/index.php\/2026\/04\/27\/atentado-en-washington-condena-mundial-tras-ataque-en-la-gala-de-donald-trump\/","robots":"max-image-preview:large","keywords":"","webmasterTools":{"miscellaneous":""},"schema":{"@context":"https:\/\/schema.org","@graph":[{"@type":"BreadcrumbList","@id":"https:\/\/staytv.cr\/index.php\/2026\/04\/27\/atentado-en-washington-condena-mundial-tras-ataque-en-la-gala-de-donald-trump\/#breadcrumblist","itemListElement":[{"@type":"ListItem","@id":"https:\/\/staytv.cr#listItem","position":1,"name":"Home","item":"https:\/\/staytv.cr","nextItem":{"@type":"ListItem","@id":"https:\/\/staytv.cr\/index.php\/category\/internacional\/#listItem","name":"INTERNACIONAL"}},{"@type":"ListItem","@id":"https:\/\/staytv.cr\/index.php\/category\/internacional\/#listItem","position":2,"name":"INTERNACIONAL","item":"https:\/\/staytv.cr\/index.php\/category\/internacional\/","nextItem":{"@type":"ListItem","@id":"https:\/\/staytv.cr\/index.php\/2026\/04\/27\/atentado-en-washington-condena-mundial-tras-ataque-en-la-gala-de-donald-trump\/#listItem","name":"Atentado en Washington: Condena mundial tras ataque en la gala de Donald Trump"},"previousItem":{"@type":"ListItem","@id":"https:\/\/staytv.cr#listItem","name":"Home"}},{"@type":"ListItem","@id":"https:\/\/staytv.cr\/index.php\/2026\/04\/27\/atentado-en-washington-condena-mundial-tras-ataque-en-la-gala-de-donald-trump\/#listItem","position":3,"name":"Atentado en Washington: Condena mundial tras ataque en la gala de Donald Trump","previousItem":{"@type":"ListItem","@id":"https:\/\/staytv.cr\/index.php\/category\/internacional\/#listItem","name":"INTERNACIONAL"}}]},{"@type":"Organization","@id":"https:\/\/staytv.cr\/#organization","name":"Stay TV","description":"Stay TV es un medio digital de noticias con base en Centroam\u00e9rica, con cobertura local e internacional desde una mirada asi\u00e1tica.","url":"https:\/\/staytv.cr\/","logo":{"@type":"ImageObject","url":"https:\/\/staytv.cr\/wp-content\/uploads\/cropped-StayTV_logo_oficial_simple.png","@id":"https:\/\/staytv.cr\/index.php\/2026\/04\/27\/atentado-en-washington-condena-mundial-tras-ataque-en-la-gala-de-donald-trump\/#organizationLogo","width":2560,"height":769},"image":{"@id":"https:\/\/staytv.cr\/index.php\/2026\/04\/27\/atentado-en-washington-condena-mundial-tras-ataque-en-la-gala-de-donald-trump\/#organizationLogo"},"sameAs":["https:\/\/www.instagram.com\/staytvcr\/"]},{"@type":"Person","@id":"https:\/\/staytv.cr\/index.php\/author\/diegostaytv\/#author","url":"https:\/\/staytv.cr\/index.php\/author\/diegostaytv\/","name":"Diego Molina","image":{"@type":"ImageObject","url":"https:\/\/secure.gravatar.com\/avatar\/7d23cb63381aa64750c7e76727c208369ebd6f2565e9dc4c62e323b1ea59af41?s=96&d=mm&r=g"}},{"@type":"WebPage","@id":"https:\/\/staytv.cr\/index.php\/2026\/04\/27\/atentado-en-washington-condena-mundial-tras-ataque-en-la-gala-de-donald-trump\/#webpage","url":"https:\/\/staytv.cr\/index.php\/2026\/04\/27\/atentado-en-washington-condena-mundial-tras-ataque-en-la-gala-de-donald-trump\/","name":"Atentado frustrado: El mundo se solidariza con Trump","description":"Atentado fallido contra Donald Trump en la gala de la Casa Blanca genera condena mundial. L\u00edderes de la UE, Israel y Am\u00e9rica Latina repudian el ataque.","inLanguage":"es-ES","isPartOf":{"@id":"https:\/\/staytv.cr\/#website"},"breadcrumb":{"@id":"https:\/\/staytv.cr\/index.php\/2026\/04\/27\/atentado-en-washington-condena-mundial-tras-ataque-en-la-gala-de-donald-trump\/#breadcrumblist"},"author":{"@id":"https:\/\/staytv.cr\/index.php\/author\/diegostaytv\/#author"},"creator":{"@id":"https:\/\/staytv.cr\/index.php\/author\/diegostaytv\/#author"},"datePublished":"2026-04-27T09:12:33-06:00","dateModified":"2026-04-27T09:12:33-06:00"},{"@type":"WebSite","@id":"https:\/\/staytv.cr\/#website","url":"https:\/\/staytv.cr\/","name":"Staytv","description":"Medio de comunicaci\u00f3n digital de Costa Rica.","inLanguage":"es-ES","publisher":{"@id":"https:\/\/staytv.cr\/#organization"}}]},"og:locale":"es_ES","og:site_name":"Staytv - Medio de comunicaci\u00f3n digital de Costa Rica.","og:type":"article","og:title":"Atentado frustrado: El mundo se solidariza con Trump","og:description":"Atentado fallido contra Donald Trump en la gala de la Casa Blanca genera condena mundial. L\u00edderes de la UE, Israel y Am\u00e9rica Latina repudian el ataque.","og:url":"https:\/\/staytv.cr\/index.php\/2026\/04\/27\/atentado-en-washington-condena-mundial-tras-ataque-en-la-gala-de-donald-trump\/","og:image":"https:\/\/staytv.cr\/wp-content\/uploads\/portada.jpg","og:image:secure_url":"https:\/\/staytv.cr\/wp-content\/uploads\/portada.jpg","og:image:width":2048,"og:image:height":758,"article:published_time":"2026-04-27T15:12:33+00:00","article:modified_time":"2026-04-27T15:12:33+00:00","article:publisher":"https:\/\/www.facebook.com\/staytvcr","twitter:card":"summary_large_image","twitter:title":"Atentado frustrado: El mundo se solidariza con Trump","twitter:description":"Atentado fallido contra Donald Trump en la gala de la Casa Blanca genera condena mundial. L\u00edderes de la UE, Israel y Am\u00e9rica Latina repudian el ataque.","twitter:image":"https:\/\/staytv.cr\/wp-content\/uploads\/portada.jpg"},"aioseo_meta_data":{"post_id":"33150","title":"Atentado frustrado: El mundo se solidariza con Trump","description":"Atentado fallido contra Donald Trump en la gala de la Casa Blanca genera condena mundial. L\u00edderes de la UE, Israel y Am\u00e9rica Latina repudian el ataque.","keywords":null,"keyphrases":{"focus":{"keyphrase":"Atentado","score":63,"analysis":{"keyphraseInTitle":{"score":9,"maxScore":9,"error":0},"keyphraseInDescription":{"score":9,"maxScore":9,"error":0},"keyphraseLength":{"score":9,"maxScore":9,"error":0,"length":1},"keyphraseInURL":{"score":1,"maxScore":5,"error":1},"keyphraseInIntroduction":{"score":9,"maxScore":9,"error":0},"keyphraseInSubHeadings":{"score":3,"maxScore":9,"error":1},"keyphraseInImageAlt":{"score":3,"maxScore":9,"error":1},"keywordDensity":{"score":0,"type":"low","maxScore":9,"error":1}}},"additional":[]},"canonical_url":null,"og_title":null,"og_description":null,"og_object_type":"default","og_image_type":"default","og_image_custom_url":null,"og_image_custom_fields":null,"og_custom_image_width":null,"og_custom_image_height":null,"og_video":"","og_custom_url":null,"og_article_section":null,"og_article_tags":null,"twitter_use_og":true,"twitter_card":"default","twitter_image_type":"default","twitter_image_custom_url":null,"twitter_image_custom_fields":null,"twitter_title":null,"twitter_description":null,"schema_type":null,"schema_type_options":null,"pillar_content":false,"robots_default":true,"robots_noindex":false,"robots_noarchive":false,"robots_nosnippet":false,"robots_nofollow":false,"robots_noimageindex":false,"robots_noodp":false,"robots_notranslate":false,"robots_max_snippet":"-1","robots_max_videopreview":"-1","robots_max_imagepreview":"none","tabs":null,"priority":null,"frequency":"default","local_seo":null,"created":"2026-04-27 14:56:34","updated":"2026-04-27 15:12:33"},"aioseo_breadcrumb":"<div class=\"aioseo-breadcrumbs\"><span class=\"aioseo-breadcrumb\">\n\t<a href=\"https:\/\/staytv.cr\" title=\"Home\">Home<\/a>\n<\/span><span class=\"aioseo-breadcrumb-separator\">&raquo;<\/span><span class=\"aioseo-breadcrumb\">\n\t<a href=\"https:\/\/staytv.cr\/index.php\/category\/internacional\/\" title=\"INTERNACIONAL\">INTERNACIONAL<\/a>\n<\/span><span class=\"aioseo-breadcrumb-separator\">&raquo;<\/span><span class=\"aioseo-breadcrumb\">\n\tAtentado en Washington: Condena mundial tras ataque en la gala de Donald Trump\n<\/span><\/div>","aioseo_breadcrumb_json":[{"label":"Home","link":"https:\/\/staytv.cr"},{"label":"INTERNACIONAL","link":"https:\/\/staytv.cr\/index.php\/category\/internacional\/"},{"label":"Atentado en Washington: Condena mundial tras ataque en la gala de Donald Trump","link":"https:\/\/staytv.cr\/index.php\/2026\/04\/27\/atentado-en-washington-condena-mundial-tras-ataque-en-la-gala-de-donald-trump\/"}],"_links":{"self":[{"href":"https:\/\/staytv.cr\/index.php\/wp-json\/wp\/v2\/posts\/33150","targetHints":{"allow":["GET"]}}],"collection":[{"href":"https:\/\/staytv.cr\/index.php\/wp-json\/wp\/v2\/posts"}],"about":[{"href":"https:\/\/staytv.cr\/index.php\/wp-json\/wp\/v2\/types\/post"}],"author":[{"embeddable":true,"href":"https:\/\/staytv.cr\/index.php\/wp-json\/wp\/v2\/users\/10"}],"replies":[{"embeddable":true,"href":"https:\/\/staytv.cr\/index.php\/wp-json\/wp\/v2\/comments?post=33150"}],"version-history":[{"count":1,"href":"https:\/\/staytv.cr\/index.php\/wp-json\/wp\/v2\/posts\/33150\/revisions"}],"predecessor-version":[{"id":33151,"href":"https:\/\/staytv.cr\/index.php\/wp-json\/wp\/v2\/posts\/33150\/revisions\/33151"}],"wp:attachment":[{"href":"https:\/\/staytv.cr\/index.php\/wp-json\/wp\/v2\/media?parent=33150"}],"wp:term":[{"taxonomy":"category","embeddable":true,"href":"https:\/\/staytv.cr\/index.php\/wp-json\/wp\/v2\/categories?post=33150"},{"taxonomy":"post_tag","embeddable":true,"href":"https:\/\/staytv.cr\/index.php\/wp-json\/wp\/v2\/tags?post=33150"}],"curies":[{"name":"wp","href":"https:\/\/api.w.org\/{rel}","templated":true}]}}