{"id":33163,"date":"2026-04-27T11:51:24","date_gmt":"2026-04-27T17:51:24","guid":{"rendered":"https:\/\/staytv.cr\/?p=33163"},"modified":"2026-04-27T11:51:41","modified_gmt":"2026-04-27T17:51:41","slug":"traspaso-2026-todo-sobre-entradas-buses-y-trenes-para-el-8-de-mayo-en-el-nacional","status":"publish","type":"post","link":"https:\/\/staytv.cr\/index.php\/2026\/04\/27\/traspaso-2026-todo-sobre-entradas-buses-y-trenes-para-el-8-de-mayo-en-el-nacional\/","title":{"rendered":"Traspaso 2026: Todo sobre entradas, buses y trenes para el 8 de mayo en el Nacional"},"content":{"rendered":"<p>Traspaso de Poderes este 8 de mayo: horarios de trenes, cierres viales, seguridad y c\u00f3mo obtener sus entradas gratuitas para el Estadio Nacional.<!--more--><\/p>\n<p><!-- CAJA DE VIDEO + DOFOLLOW (RESPONSIVE) --><\/p>\n<div style=\"margin: 20px 0; width: 100%;\">\n<p><!-- CONTENEDOR VIDEO 16:9 --><\/p>\n<div style=\"position: relative; width: 100%; padding-bottom: 56.25%; height: 0; overflow: hidden; border-radius: 12px;\"><iframe style=\"position: absolute; top: 0; left: 0; width: 100%; height: 100%; border: 0;\" data-src=\"https:\/\/www.youtube.com\/embed\/2ojPagUKe9M\" allowfullscreen=\"allowfullscreen\" src=\"data:image\/svg+xml;base64,PHN2ZyB3aWR0aD0iMSIgaGVpZ2h0PSIxIiB4bWxucz0iaHR0cDovL3d3dy53My5vcmcvMjAwMC9zdmciPjwvc3ZnPg==\" class=\"lazyload\" data-load-mode=\"1\"><br \/>\n<\/iframe><\/div>\n<p><!-- ENLACE DOFOLLOW (SIN ATRIBUTOS REL) --><\/p>\n<p style=\"margin-top: 12px; font-size: 15px;\"><strong>Recurso externo:<\/strong><br \/>\n<a href=\"https:\/\/youtu.be\/2ojPagUKe9M\">Ver video completo en YouTube<\/a><\/p>\n<\/div>\n<h1>\u00a1Fiesta de la Democracia! Todo lo que debe saber para asistir al Traspaso de Poderes 2026<\/h1>\n<p>Para contextualizar este evento hist\u00f3rico, el <strong>Traspaso de Poderes<\/strong> es la ceremonia oficial de transici\u00f3n democr\u00e1tica en Costa Rica, donde el presidente saliente entrega el mando al presidente electo ante la Asamblea Legislativa. Este 2026, la celebraci\u00f3n se traslada al <strong>Estadio Nacional<\/strong> (La Sabana), bajo el lema \u00abDonde canta la democracia\u00bb, con la presencia de 89 delegaciones internacionales, incluyendo al Rey de Espa\u00f1a. Para m\u00e1s detalles nacionales, visite nuestra secci\u00f3n <a href=\"https:\/\/staytv.cr\/index.php\/category\/nacional\/\">Nacional<\/a>.<\/p>\n<p>La jornada del pr\u00f3ximo <strong>viernes 8 de mayo<\/strong> contar\u00e1 con un despliegue sin precedentes. Desde las 6:00 a.m. iniciar\u00e1n los operativos de tr\u00e1nsito y seguridad para recibir a miles de ciudadanos en una fiesta que es totalmente gratuita pero que requiere orden y cumplimiento de protocolos estrictos.<\/p>\n<div style=\"width: 100%; font-family: 'Segoe UI', Tahoma, Geneva, Verdana, sans-serif; margin: 30px 0; border-radius: 12px; overflow: hidden; box-shadow: 0 10px 25px rgba(0,0,0,0.15); border: 1px solid #eee;\">\n<div style=\"background-color: #004a99; color: #ffffff; padding: 18px; text-align: center; font-weight: bold; font-size: 1.3em; letter-spacing: 1px;\">OPERATIVO TRASPASO 2026: GU\u00cdA DEL ASISTENTE<\/div>\n<div style=\"display: flex; border-bottom: 1px solid #eee; background-color: #ffffff;\">\n<div style=\"flex: 1; padding: 15px; font-weight: bold; color: #333; background-color: #f9f9f9; border-right: 1px solid #eee;\">Entradas (Gratis)<\/div>\n<div style=\"flex: 2; padding: 15px; color: #1a237e; font-weight: bold;\">Disponibles en www.quickpay.com desde el martes 28 de abril (12:00 md). M\u00e1ximo 3 por persona.<\/div>\n<\/div>\n<div style=\"display: flex; border-bottom: 1px solid #eee; background-color: #ffffff;\">\n<div style=\"flex: 1; padding: 15px; font-weight: bold; color: #333; background-color: #f9f9f9; border-right: 1px solid #eee;\">Transporte P\u00fablico<\/div>\n<div style=\"flex: 2; padding: 15px; color: #555;\">M\u00e1s de 300 autobuses exclusivos y servicios especiales de tren desde Heredia, Alajuela y Cartago.<\/div>\n<\/div>\n<div style=\"display: flex; border-bottom: 1px solid #eee; background-color: #ffffff;\">\n<div style=\"flex: 1; padding: 15px; font-weight: bold; color: #333; background-color: #f9f9f9; border-right: 1px solid #eee;\">Seguridad<\/div>\n<div style=\"flex: 2; padding: 15px; color: #d32f2f; font-weight: bold;\">800 oficiales de Fuerza P\u00fablica. Prohibido: botellas, comida, maletines, sombrillas u objetos ruidosos.<\/div>\n<\/div>\n<div style=\"display: flex; background-color: #ffffff;\">\n<div style=\"flex: 1; padding: 15px; font-weight: bold; color: #333; background-color: #f9f9f9; border-right: 1px solid #eee;\">Horario Oficial<\/div>\n<div style=\"flex: 2; padding: 15px; color: #2e7d32; font-weight: bold;\">Bandas: 8:00 a.m. | Sesi\u00f3n Solemne y Consejo de Gobierno: 11:00 a.m.<\/div>\n<\/div>\n<\/div>\n<h2>Movilidad Nacional: El Tren y Buses se unen a la fiesta<\/h2>\n<p>Para quienes logren obtener su entrada confirmada, el INCOFER habilitar\u00e1 trenes saliendo desde Cartago, Heredia y Alajuela con destino a La Sabana en horas de la ma\u00f1ana. Al finalizar, habr\u00e1 dos servicios (2:45 p.m. y 3:00 p.m.) de regreso. Por su parte, la empresa Canatrans dispondr\u00e1 de buses desde el Parque Central a partir de las 8:00 a.m., los cuales se pueden coordinar v\u00eda WhatsApp al <strong>8788-3551<\/strong>.<\/p>\n<div style=\"width: 100%; font-family: 'Segoe UI', Tahoma, Geneva, Verdana, sans-serif; margin: 30px 0; border-radius: 12px; overflow: hidden; box-shadow: 0 10px 25px rgba(0,0,0,0.15); border: 1px solid #eee; background-color: #ffffff;\">\n<div style=\"background-color: #004a99; color: #ffffff; padding: 20px; text-align: center; font-weight: bold; font-size: 1.4em; letter-spacing: 1px;\">GU\u00cdA DE MOVILIDAD: TRASPASO DE PODERES 2026<\/div>\n<div style=\"padding: 20px; border-bottom: 1px solid #eee;\">\n<h3 style=\"color: #004a99; margin-top: 0; border-bottom: 2px solid #004a99; display: inline-block; padding-bottom: 5px;\">\ud83d\ude86 Servicios Especiales de Tren (INCOFER)<\/h3>\n<p style=\"font-size: 0.95em; color: #555;\">Los servicios llegar\u00e1n directamente a la estaci\u00f3n de <strong>La Sabana<\/strong>. Para el regreso, se conectar\u00e1 con la Estaci\u00f3n del Atl\u00e1ntico.<\/p>\n<table style=\"width: 100%; border-collapse: collapse; margin-top: 10px; font-size: 0.9em;\">\n<thead>\n<tr style=\"background-color: #f4f4f4; text-align: left;\">\n<th style=\"padding: 10px; border: 1px solid #ddd;\">Ruta de Salida<\/th>\n<th style=\"padding: 10px; border: 1px solid #ddd;\">Horarios (Ma\u00f1ana)<\/th>\n<\/tr>\n<\/thead>\n<tbody>\n<tr>\n<td style=\"padding: 10px; border: 1px solid #ddd; font-weight: bold;\">Desde Heredia<\/td>\n<td style=\"padding: 10px; border: 1px solid #ddd;\">08:54 AM | 09:31 AM<\/td>\n<\/tr>\n<tr style=\"background-color: #fafafa;\">\n<td style=\"padding: 10px; border: 1px solid #ddd; font-weight: bold;\">Estaci\u00f3n del Atl\u00e1ntico (SJ)<\/td>\n<td style=\"padding: 10px; border: 1px solid #ddd;\">08:30 AM | 09:00 AM | 09:29 AM | 09:56 AM<\/td>\n<\/tr>\n<tr>\n<td style=\"padding: 10px; border: 1px solid #ddd; font-weight: bold;\">Estaci\u00f3n del Pac\u00edfico (SJ)<\/td>\n<td style=\"padding: 10px; border: 1px solid #ddd;\">08:45 AM | 09:15 AM | 09:44 AM | 10:05 AM | 10:11 AM<\/td>\n<\/tr>\n<\/tbody>\n<\/table>\n<p style=\"font-size: 0.85em; color: #d32f2f; margin-top: 10px;\"><strong>*Regreso desde La Sabana:<\/strong> Salidas a las 02:45 PM y 03:00 PM hacia Estaci\u00f3n del Atl\u00e1ntico.<\/p>\n<\/div>\n<div style=\"padding: 20px; background-color: #f9f9f9; border-bottom: 1px solid #eee;\">\n<h3 style=\"color: #2e7d32; margin-top: 0; border-bottom: 2px solid #2e7d32; display: inline-block; padding-bottom: 5px;\">\ud83d\ude8c Buses Exclusivos (CANATRANS)<\/h3>\n<ul style=\"font-size: 0.95em; color: #333; line-height: 1.6;\">\n<li><strong>Punto de salida:<\/strong> Parque Central de San Jos\u00e9 (Desde las 08:00 AM).<\/li>\n<li><strong>Unidades disponibles:<\/strong> M\u00e1s de 300 buses desde diversas comunidades.<\/li>\n<li><strong>Requisito:<\/strong> Solo para personas con entrada confirmada (QR).<\/li>\n<li><strong>Coordinaci\u00f3n WhatsApp:<\/strong> <span style=\"background-color: #25d366; color: white; padding: 2px 8px; border-radius: 4px; font-weight: bold;\">8788-3551<\/span><\/li>\n<\/ul>\n<\/div>\n<div style=\"padding: 20px;\">\n<h3 style=\"color: #c62828; margin-top: 0; border-bottom: 2px solid #c62828; display: inline-block; padding-bottom: 5px;\">\u26a0\ufe0f Operativo de Tr\u00e1nsito<\/h3>\n<p style=\"font-size: 0.95em; color: #555; margin-bottom: 5px;\"><strong>Horario de cierres:<\/strong> 06:00 AM a 04:00 PM.<\/p>\n<div style=\"display: flex; flex-wrap: wrap; gap: 10px; font-size: 0.85em;\">\n<div style=\"background: #ffebee; border: 1px solid #ffcdd2; padding: 10px; border-radius: 8px; flex: 1; min-width: 200px;\"><strong>Cierre Norte\/Oeste:<\/strong> Sector Licey y entrada principal Paseo Col\u00f3n.<\/div>\n<div style=\"background: #ffebee; border: 1px solid #ffcdd2; padding: 10px; border-radius: 8px; flex: 1; min-width: 200px;\"><strong>Ruta 27:<\/strong> Carril cerrado en sentido San Jos\u00e9 &#8211; Escaz\u00fa.<\/div>\n<\/div>\n<\/div>\n<div style=\"background-color: #f4f4f4; padding: 15px; text-align: center; font-size: 0.85em; color: #777;\">*Recuerde portar su entrada digital 48 horas antes del evento.<\/div>\n<\/div>\n<p><!-- CAJA DE VIDEO + DOFOLLOW (RESPONSIVE) --><\/p>\n<div style=\"margin: 20px 0; width: 100%;\">\n<p><!-- CONTENEDOR VIDEO 16:9 --><\/p>\n<div style=\"position: relative; width: 100%; padding-bottom: 56.25%; height: 0; overflow: hidden; border-radius: 12px;\"><iframe style=\"position: absolute; top: 0; left: 0; width: 100%; height: 100%; border: 0;\" data-src=\"https:\/\/www.youtube.com\/embed\/F5ZdPl0n3EY\" allowfullscreen=\"allowfullscreen\" src=\"data:image\/svg+xml;base64,PHN2ZyB3aWR0aD0iMSIgaGVpZ2h0PSIxIiB4bWxucz0iaHR0cDovL3d3dy53My5vcmcvMjAwMC9zdmciPjwvc3ZnPg==\" class=\"lazyload\" data-load-mode=\"1\"><br \/>\n<\/iframe><\/div>\n<p><!-- ENLACE DOFOLLOW (SIN ATRIBUTOS REL) --><\/p>\n<p style=\"margin-top: 12px; font-size: 15px;\"><strong>Recurso externo:<\/strong><br \/>\n<a href=\"https:\/\/youtu.be\/F5ZdPl0n3EY\">Ver video completo en YouTube<\/a><\/p>\n<\/div>\n<h2><\/h2>\n<h2>Salud y Atenci\u00f3n en el Sitio<\/h2>\n<p>La Cruz Roja desplegar\u00e1 40 funcionarios y dos hospitales m\u00f3viles en el sector este del estadio. Adem\u00e1s, se habilitar\u00e1n entre 8 y 10 quioscos con alimentaci\u00f3n e hidrataci\u00f3n gratuita (hasta agotar existencias) para que la poblaci\u00f3n disfrute del concierto \u00abCosta Rica Canta\u00bb con la Sinf\u00f3nica Nacional sin contratiempos.<\/p>\n<blockquote><p>\u201cEste 8 de mayo no es solo un evento; es la expresi\u00f3n m\u00e1s viva de nuestra democracia. Es el momento en que Costa Rica se reconoce y celebra el poder de su gente\u201d, resalt\u00f3 la organizaci\u00f3n.<\/p><\/blockquote>\n<h2>Fuentes<\/h2>\n<ul>\n<li><strong>Ministerio de Seguridad P\u00fablica:<\/strong> Plan Operativo Traspaso 2026.<\/li>\n<li><strong>INCOFER \/ Ministerio de Obras P\u00fablicas y Transportes (MOPT).<\/strong><\/li>\n<li><strong>Comisi\u00f3n Organizadora del Traspaso de Poderes.<\/strong><\/li>\n<\/ul>\n<p>Sea parte de la historia con STAY TV: <a href=\"https:\/\/staytv.cr\">https:\/\/staytv.cr<\/a><\/p>\n<p>&nbsp;<\/p>\n","protected":false},"excerpt":{"rendered":"<p>Traspaso de Poderes este 8 de mayo: horarios de trenes, cierres viales, seguridad y c\u00f3mo obtener sus entradas gratuitas para el Estadio Nacional.<\/p>\n","protected":false},"author":10,"featured_media":33164,"comment_status":"open","ping_status":"open","sticky":false,"template":"","format":"standard","meta":{"episode_type":"","audio_file":"","podmotor_file_id":"","podmotor_episode_id":"","cover_image":"","cover_image_id":"","duration":"","filesize":"","filesize_raw":"","date_recorded":"","explicit":"","block":"","itunes_episode_number":"","itunes_title":"","itunes_season_number":"","itunes_episode_type":"","footnotes":""},"categories":[13],"tags":[70,1316,2456,157,2557,6726],"class_list":{"0":"post-33163","1":"post","2":"type-post","3":"status-publish","4":"format-standard","5":"has-post-thumbnail","7":"category-nacional","8":"tag-costa-rica","9":"tag-democracia","10":"tag-estadio-nacional","11":"tag-seguridad","12":"tag-transporte","13":"tag-traspaso"},"aioseo_notices":[],"aioseo_head":"\n\t\t<!-- All in One SEO Pro 4.8.3.2 - aioseo.com -->\n\t<meta name=\"description\" content=\"Traspaso de Poderes este 8 de mayo: horarios de trenes, cierres viales, seguridad y c\u00f3mo obtener sus entradas gratuitas para el Estadio Nacional.\" \/>\n\t<meta name=\"robots\" content=\"max-image-preview:large\" \/>\n\t<meta name=\"author\" content=\"Diego Molina\"\/>\n\t<link rel=\"canonical\" href=\"https:\/\/staytv.cr\/index.php\/2026\/04\/27\/traspaso-2026-todo-sobre-entradas-buses-y-trenes-para-el-8-de-mayo-en-el-nacional\/\" \/>\n\t<meta name=\"generator\" content=\"All in One SEO Pro (AIOSEO) 4.8.3.2\" \/>\n\t\t<meta property=\"og:locale\" content=\"es_ES\" \/>\n\t\t<meta property=\"og:site_name\" content=\"Staytv - Medio de comunicaci\u00f3n digital de Costa Rica.\" \/>\n\t\t<meta property=\"og:type\" content=\"article\" \/>\n\t\t<meta property=\"og:title\" content=\"Traspaso de Poderes 2026: Gu\u00eda de transporte y log\u00edstica\" \/>\n\t\t<meta property=\"og:description\" content=\"Traspaso de Poderes este 8 de mayo: horarios de trenes, cierres viales, seguridad y c\u00f3mo obtener sus entradas gratuitas para el Estadio Nacional.\" \/>\n\t\t<meta property=\"og:url\" content=\"https:\/\/staytv.cr\/index.php\/2026\/04\/27\/traspaso-2026-todo-sobre-entradas-buses-y-trenes-para-el-8-de-mayo-en-el-nacional\/\" \/>\n\t\t<meta property=\"og:image\" content=\"https:\/\/staytv.cr\/wp-content\/uploads\/Sin-titulo-4-218.png\" \/>\n\t\t<meta property=\"og:image:secure_url\" content=\"https:\/\/staytv.cr\/wp-content\/uploads\/Sin-titulo-4-218.png\" \/>\n\t\t<meta property=\"og:image:width\" content=\"1200\" \/>\n\t\t<meta property=\"og:image:height\" content=\"630\" \/>\n\t\t<meta property=\"article:published_time\" content=\"2026-04-27T17:51:24+00:00\" \/>\n\t\t<meta property=\"article:modified_time\" content=\"2026-04-27T17:51:41+00:00\" \/>\n\t\t<meta property=\"article:publisher\" content=\"https:\/\/www.facebook.com\/staytvcr\" \/>\n\t\t<meta name=\"twitter:card\" content=\"summary_large_image\" \/>\n\t\t<meta name=\"twitter:title\" content=\"Traspaso de Poderes 2026: Gu\u00eda de transporte y log\u00edstica\" \/>\n\t\t<meta name=\"twitter:description\" content=\"Traspaso de Poderes este 8 de mayo: horarios de trenes, cierres viales, seguridad y c\u00f3mo obtener sus entradas gratuitas para el Estadio Nacional.\" \/>\n\t\t<meta name=\"twitter:image\" content=\"https:\/\/staytv.cr\/wp-content\/uploads\/Sin-titulo-4-218.png\" \/>\n\t\t<script type=\"application\/ld+json\" class=\"aioseo-schema\">\n\t\t\t{\"@context\":\"https:\\\/\\\/schema.org\",\"@graph\":[{\"@type\":\"BreadcrumbList\",\"@id\":\"https:\\\/\\\/staytv.cr\\\/index.php\\\/2026\\\/04\\\/27\\\/traspaso-2026-todo-sobre-entradas-buses-y-trenes-para-el-8-de-mayo-en-el-nacional\\\/#breadcrumblist\",\"itemListElement\":[{\"@type\":\"ListItem\",\"@id\":\"https:\\\/\\\/staytv.cr#listItem\",\"position\":1,\"name\":\"Home\",\"item\":\"https:\\\/\\\/staytv.cr\",\"nextItem\":{\"@type\":\"ListItem\",\"@id\":\"https:\\\/\\\/staytv.cr\\\/index.php\\\/category\\\/nacional\\\/#listItem\",\"name\":\"NACIONAL\"}},{\"@type\":\"ListItem\",\"@id\":\"https:\\\/\\\/staytv.cr\\\/index.php\\\/category\\\/nacional\\\/#listItem\",\"position\":2,\"name\":\"NACIONAL\",\"item\":\"https:\\\/\\\/staytv.cr\\\/index.php\\\/category\\\/nacional\\\/\",\"nextItem\":{\"@type\":\"ListItem\",\"@id\":\"https:\\\/\\\/staytv.cr\\\/index.php\\\/2026\\\/04\\\/27\\\/traspaso-2026-todo-sobre-entradas-buses-y-trenes-para-el-8-de-mayo-en-el-nacional\\\/#listItem\",\"name\":\"Traspaso 2026: Todo sobre entradas, buses y trenes para el 8 de mayo en el Nacional\"},\"previousItem\":{\"@type\":\"ListItem\",\"@id\":\"https:\\\/\\\/staytv.cr#listItem\",\"name\":\"Home\"}},{\"@type\":\"ListItem\",\"@id\":\"https:\\\/\\\/staytv.cr\\\/index.php\\\/2026\\\/04\\\/27\\\/traspaso-2026-todo-sobre-entradas-buses-y-trenes-para-el-8-de-mayo-en-el-nacional\\\/#listItem\",\"position\":3,\"name\":\"Traspaso 2026: Todo sobre entradas, buses y trenes para el 8 de mayo en el Nacional\",\"previousItem\":{\"@type\":\"ListItem\",\"@id\":\"https:\\\/\\\/staytv.cr\\\/index.php\\\/category\\\/nacional\\\/#listItem\",\"name\":\"NACIONAL\"}}]},{\"@type\":\"Organization\",\"@id\":\"https:\\\/\\\/staytv.cr\\\/#organization\",\"name\":\"Stay TV\",\"description\":\"Stay TV es un medio digital de noticias con base en Centroam\\u00e9rica, con cobertura local e internacional desde una mirada asi\\u00e1tica.\",\"url\":\"https:\\\/\\\/staytv.cr\\\/\",\"logo\":{\"@type\":\"ImageObject\",\"url\":\"https:\\\/\\\/staytv.cr\\\/wp-content\\\/uploads\\\/cropped-StayTV_logo_oficial_simple.png\",\"@id\":\"https:\\\/\\\/staytv.cr\\\/index.php\\\/2026\\\/04\\\/27\\\/traspaso-2026-todo-sobre-entradas-buses-y-trenes-para-el-8-de-mayo-en-el-nacional\\\/#organizationLogo\",\"width\":2560,\"height\":769},\"image\":{\"@id\":\"https:\\\/\\\/staytv.cr\\\/index.php\\\/2026\\\/04\\\/27\\\/traspaso-2026-todo-sobre-entradas-buses-y-trenes-para-el-8-de-mayo-en-el-nacional\\\/#organizationLogo\"},\"sameAs\":[\"https:\\\/\\\/www.instagram.com\\\/staytvcr\\\/\"]},{\"@type\":\"Person\",\"@id\":\"https:\\\/\\\/staytv.cr\\\/index.php\\\/author\\\/diegostaytv\\\/#author\",\"url\":\"https:\\\/\\\/staytv.cr\\\/index.php\\\/author\\\/diegostaytv\\\/\",\"name\":\"Diego Molina\",\"image\":{\"@type\":\"ImageObject\",\"url\":\"https:\\\/\\\/secure.gravatar.com\\\/avatar\\\/7d23cb63381aa64750c7e76727c208369ebd6f2565e9dc4c62e323b1ea59af41?s=96&d=mm&r=g\"}},{\"@type\":\"WebPage\",\"@id\":\"https:\\\/\\\/staytv.cr\\\/index.php\\\/2026\\\/04\\\/27\\\/traspaso-2026-todo-sobre-entradas-buses-y-trenes-para-el-8-de-mayo-en-el-nacional\\\/#webpage\",\"url\":\"https:\\\/\\\/staytv.cr\\\/index.php\\\/2026\\\/04\\\/27\\\/traspaso-2026-todo-sobre-entradas-buses-y-trenes-para-el-8-de-mayo-en-el-nacional\\\/\",\"name\":\"Traspaso de Poderes 2026: Gu\\u00eda de transporte y log\\u00edstica\",\"description\":\"Traspaso de Poderes este 8 de mayo: horarios de trenes, cierres viales, seguridad y c\\u00f3mo obtener sus entradas gratuitas para el Estadio Nacional.\",\"inLanguage\":\"es-ES\",\"isPartOf\":{\"@id\":\"https:\\\/\\\/staytv.cr\\\/#website\"},\"breadcrumb\":{\"@id\":\"https:\\\/\\\/staytv.cr\\\/index.php\\\/2026\\\/04\\\/27\\\/traspaso-2026-todo-sobre-entradas-buses-y-trenes-para-el-8-de-mayo-en-el-nacional\\\/#breadcrumblist\"},\"author\":{\"@id\":\"https:\\\/\\\/staytv.cr\\\/index.php\\\/author\\\/diegostaytv\\\/#author\"},\"creator\":{\"@id\":\"https:\\\/\\\/staytv.cr\\\/index.php\\\/author\\\/diegostaytv\\\/#author\"},\"image\":{\"@type\":\"ImageObject\",\"url\":\"https:\\\/\\\/staytv.cr\\\/wp-content\\\/uploads\\\/Sin-titulo-4-218.png\",\"@id\":\"https:\\\/\\\/staytv.cr\\\/index.php\\\/2026\\\/04\\\/27\\\/traspaso-2026-todo-sobre-entradas-buses-y-trenes-para-el-8-de-mayo-en-el-nacional\\\/#mainImage\",\"width\":1200,\"height\":630,\"caption\":\"Traspaso de Poderes 2026\"},\"primaryImageOfPage\":{\"@id\":\"https:\\\/\\\/staytv.cr\\\/index.php\\\/2026\\\/04\\\/27\\\/traspaso-2026-todo-sobre-entradas-buses-y-trenes-para-el-8-de-mayo-en-el-nacional\\\/#mainImage\"},\"datePublished\":\"2026-04-27T11:51:24-06:00\",\"dateModified\":\"2026-04-27T11:51:41-06:00\"},{\"@type\":\"WebSite\",\"@id\":\"https:\\\/\\\/staytv.cr\\\/#website\",\"url\":\"https:\\\/\\\/staytv.cr\\\/\",\"name\":\"Staytv\",\"description\":\"Medio de comunicaci\\u00f3n digital de Costa Rica.\",\"inLanguage\":\"es-ES\",\"publisher\":{\"@id\":\"https:\\\/\\\/staytv.cr\\\/#organization\"}}]}\n\t\t<\/script>\n\t\t<!-- All in One SEO Pro -->\r\n\t\t<title>Traspaso de Poderes 2026: Gu\u00eda de transporte y log\u00edstica<\/title>\n\n","aioseo_head_json":{"title":"Traspaso de Poderes 2026: Gu\u00eda de transporte y log\u00edstica","description":"Traspaso de Poderes este 8 de mayo: horarios de trenes, cierres viales, seguridad y c\u00f3mo obtener sus entradas gratuitas para el Estadio Nacional.","canonical_url":"https:\/\/staytv.cr\/index.php\/2026\/04\/27\/traspaso-2026-todo-sobre-entradas-buses-y-trenes-para-el-8-de-mayo-en-el-nacional\/","robots":"max-image-preview:large","keywords":"","webmasterTools":{"miscellaneous":""},"schema":{"@context":"https:\/\/schema.org","@graph":[{"@type":"BreadcrumbList","@id":"https:\/\/staytv.cr\/index.php\/2026\/04\/27\/traspaso-2026-todo-sobre-entradas-buses-y-trenes-para-el-8-de-mayo-en-el-nacional\/#breadcrumblist","itemListElement":[{"@type":"ListItem","@id":"https:\/\/staytv.cr#listItem","position":1,"name":"Home","item":"https:\/\/staytv.cr","nextItem":{"@type":"ListItem","@id":"https:\/\/staytv.cr\/index.php\/category\/nacional\/#listItem","name":"NACIONAL"}},{"@type":"ListItem","@id":"https:\/\/staytv.cr\/index.php\/category\/nacional\/#listItem","position":2,"name":"NACIONAL","item":"https:\/\/staytv.cr\/index.php\/category\/nacional\/","nextItem":{"@type":"ListItem","@id":"https:\/\/staytv.cr\/index.php\/2026\/04\/27\/traspaso-2026-todo-sobre-entradas-buses-y-trenes-para-el-8-de-mayo-en-el-nacional\/#listItem","name":"Traspaso 2026: Todo sobre entradas, buses y trenes para el 8 de mayo en el Nacional"},"previousItem":{"@type":"ListItem","@id":"https:\/\/staytv.cr#listItem","name":"Home"}},{"@type":"ListItem","@id":"https:\/\/staytv.cr\/index.php\/2026\/04\/27\/traspaso-2026-todo-sobre-entradas-buses-y-trenes-para-el-8-de-mayo-en-el-nacional\/#listItem","position":3,"name":"Traspaso 2026: Todo sobre entradas, buses y trenes para el 8 de mayo en el Nacional","previousItem":{"@type":"ListItem","@id":"https:\/\/staytv.cr\/index.php\/category\/nacional\/#listItem","name":"NACIONAL"}}]},{"@type":"Organization","@id":"https:\/\/staytv.cr\/#organization","name":"Stay TV","description":"Stay TV es un medio digital de noticias con base en Centroam\u00e9rica, con cobertura local e internacional desde una mirada asi\u00e1tica.","url":"https:\/\/staytv.cr\/","logo":{"@type":"ImageObject","url":"https:\/\/staytv.cr\/wp-content\/uploads\/cropped-StayTV_logo_oficial_simple.png","@id":"https:\/\/staytv.cr\/index.php\/2026\/04\/27\/traspaso-2026-todo-sobre-entradas-buses-y-trenes-para-el-8-de-mayo-en-el-nacional\/#organizationLogo","width":2560,"height":769},"image":{"@id":"https:\/\/staytv.cr\/index.php\/2026\/04\/27\/traspaso-2026-todo-sobre-entradas-buses-y-trenes-para-el-8-de-mayo-en-el-nacional\/#organizationLogo"},"sameAs":["https:\/\/www.instagram.com\/staytvcr\/"]},{"@type":"Person","@id":"https:\/\/staytv.cr\/index.php\/author\/diegostaytv\/#author","url":"https:\/\/staytv.cr\/index.php\/author\/diegostaytv\/","name":"Diego Molina","image":{"@type":"ImageObject","url":"https:\/\/secure.gravatar.com\/avatar\/7d23cb63381aa64750c7e76727c208369ebd6f2565e9dc4c62e323b1ea59af41?s=96&d=mm&r=g"}},{"@type":"WebPage","@id":"https:\/\/staytv.cr\/index.php\/2026\/04\/27\/traspaso-2026-todo-sobre-entradas-buses-y-trenes-para-el-8-de-mayo-en-el-nacional\/#webpage","url":"https:\/\/staytv.cr\/index.php\/2026\/04\/27\/traspaso-2026-todo-sobre-entradas-buses-y-trenes-para-el-8-de-mayo-en-el-nacional\/","name":"Traspaso de Poderes 2026: Gu\u00eda de transporte y log\u00edstica","description":"Traspaso de Poderes este 8 de mayo: horarios de trenes, cierres viales, seguridad y c\u00f3mo obtener sus entradas gratuitas para el Estadio Nacional.","inLanguage":"es-ES","isPartOf":{"@id":"https:\/\/staytv.cr\/#website"},"breadcrumb":{"@id":"https:\/\/staytv.cr\/index.php\/2026\/04\/27\/traspaso-2026-todo-sobre-entradas-buses-y-trenes-para-el-8-de-mayo-en-el-nacional\/#breadcrumblist"},"author":{"@id":"https:\/\/staytv.cr\/index.php\/author\/diegostaytv\/#author"},"creator":{"@id":"https:\/\/staytv.cr\/index.php\/author\/diegostaytv\/#author"},"image":{"@type":"ImageObject","url":"https:\/\/staytv.cr\/wp-content\/uploads\/Sin-titulo-4-218.png","@id":"https:\/\/staytv.cr\/index.php\/2026\/04\/27\/traspaso-2026-todo-sobre-entradas-buses-y-trenes-para-el-8-de-mayo-en-el-nacional\/#mainImage","width":1200,"height":630,"caption":"Traspaso de Poderes 2026"},"primaryImageOfPage":{"@id":"https:\/\/staytv.cr\/index.php\/2026\/04\/27\/traspaso-2026-todo-sobre-entradas-buses-y-trenes-para-el-8-de-mayo-en-el-nacional\/#mainImage"},"datePublished":"2026-04-27T11:51:24-06:00","dateModified":"2026-04-27T11:51:41-06:00"},{"@type":"WebSite","@id":"https:\/\/staytv.cr\/#website","url":"https:\/\/staytv.cr\/","name":"Staytv","description":"Medio de comunicaci\u00f3n digital de Costa Rica.","inLanguage":"es-ES","publisher":{"@id":"https:\/\/staytv.cr\/#organization"}}]},"og:locale":"es_ES","og:site_name":"Staytv - Medio de comunicaci\u00f3n digital de Costa Rica.","og:type":"article","og:title":"Traspaso de Poderes 2026: Gu\u00eda de transporte y log\u00edstica","og:description":"Traspaso de Poderes este 8 de mayo: horarios de trenes, cierres viales, seguridad y c\u00f3mo obtener sus entradas gratuitas para el Estadio Nacional.","og:url":"https:\/\/staytv.cr\/index.php\/2026\/04\/27\/traspaso-2026-todo-sobre-entradas-buses-y-trenes-para-el-8-de-mayo-en-el-nacional\/","og:image":"https:\/\/staytv.cr\/wp-content\/uploads\/Sin-titulo-4-218.png","og:image:secure_url":"https:\/\/staytv.cr\/wp-content\/uploads\/Sin-titulo-4-218.png","og:image:width":1200,"og:image:height":630,"article:published_time":"2026-04-27T17:51:24+00:00","article:modified_time":"2026-04-27T17:51:41+00:00","article:publisher":"https:\/\/www.facebook.com\/staytvcr","twitter:card":"summary_large_image","twitter:title":"Traspaso de Poderes 2026: Gu\u00eda de transporte y log\u00edstica","twitter:description":"Traspaso de Poderes este 8 de mayo: horarios de trenes, cierres viales, seguridad y c\u00f3mo obtener sus entradas gratuitas para el Estadio Nacional.","twitter:image":"https:\/\/staytv.cr\/wp-content\/uploads\/Sin-titulo-4-218.png"},"aioseo_meta_data":{"post_id":"33163","title":"Traspaso de Poderes 2026: Gu\u00eda de transporte y log\u00edstica","description":"Traspaso de Poderes este 8 de mayo: horarios de trenes, cierres viales, seguridad y c\u00f3mo obtener sus entradas gratuitas para el Estadio Nacional.","keywords":null,"keyphrases":{"focus":{"keyphrase":"Traspaso","score":82,"analysis":{"keyphraseInTitle":{"score":9,"maxScore":9,"error":0},"keyphraseInDescription":{"score":9,"maxScore":9,"error":0},"keyphraseLength":{"score":9,"maxScore":9,"error":0,"length":1},"keyphraseInURL":{"score":5,"maxScore":5,"error":0},"keyphraseInIntroduction":{"score":9,"maxScore":9,"error":0},"keyphraseInSubHeadings":{"score":3,"maxScore":9,"error":1},"keyphraseInImageAlt":{"score":3,"maxScore":9,"error":1},"keywordDensity":{"type":"best","score":9,"maxScore":9,"error":0}}},"additional":[]},"canonical_url":null,"og_title":null,"og_description":null,"og_object_type":"default","og_image_type":"default","og_image_custom_url":null,"og_image_custom_fields":null,"og_custom_image_width":null,"og_custom_image_height":null,"og_video":"","og_custom_url":null,"og_article_section":null,"og_article_tags":null,"twitter_use_og":true,"twitter_card":"default","twitter_image_type":"default","twitter_image_custom_url":null,"twitter_image_custom_fields":null,"twitter_title":null,"twitter_description":null,"schema_type":null,"schema_type_options":null,"pillar_content":false,"robots_default":true,"robots_noindex":false,"robots_noarchive":false,"robots_nosnippet":false,"robots_nofollow":false,"robots_noimageindex":false,"robots_noodp":false,"robots_notranslate":false,"robots_max_snippet":"-1","robots_max_videopreview":"-1","robots_max_imagepreview":"none","tabs":null,"priority":null,"frequency":"default","local_seo":null,"created":"2026-04-27 17:37:47","updated":"2026-04-27 17:51:41"},"aioseo_breadcrumb":"<div class=\"aioseo-breadcrumbs\"><span class=\"aioseo-breadcrumb\">\n\t<a href=\"https:\/\/staytv.cr\" title=\"Home\">Home<\/a>\n<\/span><span class=\"aioseo-breadcrumb-separator\">&raquo;<\/span><span class=\"aioseo-breadcrumb\">\n\t<a href=\"https:\/\/staytv.cr\/index.php\/category\/nacional\/\" title=\"NACIONAL\">NACIONAL<\/a>\n<\/span><span class=\"aioseo-breadcrumb-separator\">&raquo;<\/span><span class=\"aioseo-breadcrumb\">\n\tTraspaso 2026: Todo sobre entradas, buses y trenes para el 8 de mayo en el Nacional\n<\/span><\/div>","aioseo_breadcrumb_json":[{"label":"Home","link":"https:\/\/staytv.cr"},{"label":"NACIONAL","link":"https:\/\/staytv.cr\/index.php\/category\/nacional\/"},{"label":"Traspaso 2026: Todo sobre entradas, buses y trenes para el 8 de mayo en el Nacional","link":"https:\/\/staytv.cr\/index.php\/2026\/04\/27\/traspaso-2026-todo-sobre-entradas-buses-y-trenes-para-el-8-de-mayo-en-el-nacional\/"}],"_links":{"self":[{"href":"https:\/\/staytv.cr\/index.php\/wp-json\/wp\/v2\/posts\/33163","targetHints":{"allow":["GET"]}}],"collection":[{"href":"https:\/\/staytv.cr\/index.php\/wp-json\/wp\/v2\/posts"}],"about":[{"href":"https:\/\/staytv.cr\/index.php\/wp-json\/wp\/v2\/types\/post"}],"author":[{"embeddable":true,"href":"https:\/\/staytv.cr\/index.php\/wp-json\/wp\/v2\/users\/10"}],"replies":[{"embeddable":true,"href":"https:\/\/staytv.cr\/index.php\/wp-json\/wp\/v2\/comments?post=33163"}],"version-history":[{"count":1,"href":"https:\/\/staytv.cr\/index.php\/wp-json\/wp\/v2\/posts\/33163\/revisions"}],"predecessor-version":[{"id":33165,"href":"https:\/\/staytv.cr\/index.php\/wp-json\/wp\/v2\/posts\/33163\/revisions\/33165"}],"wp:featuredmedia":[{"embeddable":true,"href":"https:\/\/staytv.cr\/index.php\/wp-json\/wp\/v2\/media\/33164"}],"wp:attachment":[{"href":"https:\/\/staytv.cr\/index.php\/wp-json\/wp\/v2\/media?parent=33163"}],"wp:term":[{"taxonomy":"category","embeddable":true,"href":"https:\/\/staytv.cr\/index.php\/wp-json\/wp\/v2\/categories?post=33163"},{"taxonomy":"post_tag","embeddable":true,"href":"https:\/\/staytv.cr\/index.php\/wp-json\/wp\/v2\/tags?post=33163"}],"curies":[{"name":"wp","href":"https:\/\/api.w.org\/{rel}","templated":true}]}}