{"id":33172,"date":"2026-04-27T14:04:13","date_gmt":"2026-04-27T20:04:13","guid":{"rendered":"https:\/\/staytv.cr\/?p=33172"},"modified":"2026-04-27T14:04:13","modified_gmt":"2026-04-27T20:04:13","slug":"marta-acosta-firma-resolucion-asi-operara-la-cgr-durante-el-traspaso-de-poderes","status":"publish","type":"post","link":"https:\/\/staytv.cr\/index.php\/2026\/04\/27\/marta-acosta-firma-resolucion-asi-operara-la-cgr-durante-el-traspaso-de-poderes\/","title":{"rendered":"Marta Acosta firma resoluci\u00f3n: As\u00ed operar\u00e1 la CGR durante el traspaso de poderes"},"content":{"rendered":"<p>La CGR confirma asueto para su personal y suspensi\u00f3n de plazos legales el 8 de mayo de 2026 con motivo del traspaso de poderes en Costa Rica.<!--more--><\/p>\n<p><img decoding=\"async\" data-src=\"https:\/\/www.nacion.com\/resizer\/v2\/QNTW5B6SYJAHBFKMFCJBBJAQ3M.jpg?auth=2024fd6a21e344792f77621d446fce8521ca49db35f3ac2882a268edab425008\" alt=\"As\u00ed respondi\u00f3 la contralora general Marta Acosta al pedido de renuncia de  la presidenta electa, Laura Fern\u00e1ndez | La Naci\u00f3n\" src=\"data:image\/svg+xml;base64,PHN2ZyB3aWR0aD0iMSIgaGVpZ2h0PSIxIiB4bWxucz0iaHR0cDovL3d3dy53My5vcmcvMjAwMC9zdmciPjwvc3ZnPg==\" class=\"lazyload\" \/><\/p>\n<h1>Traspaso de Poderes: CGR suspende labores y plazos administrativos para este 8 de mayo<\/h1>\n<p>Para contextualizar la relevancia de esta resoluci\u00f3n, la <strong>Contralor\u00eda General de la Rep\u00fablica (CGR)<\/strong> es el \u00f3rgano constitucional, auxiliar de la Asamblea Legislativa, encargado de la fiscalizaci\u00f3n superior de la Hacienda P\u00fablica[cite: 6]. Su independencia funcional y administrativa le permite dictar sus propias disposiciones en concordancia con las directrices del Poder Ejecutivo para eventos de importancia nacional[cite: 6]. Para m\u00e1s detalles sobre la gesti\u00f3n p\u00fablica, visite nuestra secci\u00f3n <a href=\"https:\/\/staytv.cr\/index.php\/category\/nacional\/\">Nacional<\/a>.<\/p>\n<p>Mediante la resoluci\u00f3n <strong>R-DC-00043-2026<\/strong>, emitida a las once horas del 22 de abril de 2026, el Despacho Contralor oficializ\u00f3 su adhesi\u00f3n al asueto nacional dispuesto por el Gobierno. Esta medida busca facilitar la participaci\u00f3n del personal en las actividades propias de la celebraci\u00f3n del traspaso de poderes en el territorio nacional[cite: 8].<\/p>\n<div style=\"width: 100%; font-family: 'Segoe UI', Tahoma, Geneva, Verdana, sans-serif; margin: 30px 0; border-radius: 12px; overflow: hidden; box-shadow: 0 10px 25px rgba(0,0,0,0.15); border: 1px solid #eee;\">\n<div style=\"background-color: #004a99; color: #ffffff; padding: 18px; text-align: center; font-weight: bold; font-size: 1.3em; letter-spacing: 1px;\">RESOLUCI\u00d3N R-DC-00043-2026<\/div>\n<div style=\"display: flex; border-bottom: 1px solid #eee; background-color: #ffffff;\">\n<div style=\"flex: 1; padding: 15px; font-weight: bold; color: #333; background-color: #f9f9f9; border-right: 1px solid #eee;\">Disposici\u00f3n Principal<\/div>\n<div style=\"flex: 2; padding: 15px; color: #1a237e; font-weight: bold;\">Asueto al personal y cierre de instalaciones el 8 de mayo de 2026.<\/div>\n<\/div>\n<div style=\"display: flex; border-bottom: 1px solid #eee; background-color: #ffffff;\">\n<div style=\"flex: 1; padding: 15px; font-weight: bold; color: #333; background-color: #f9f9f9; border-right: 1px solid #eee;\">Suspensi\u00f3n de Plazos<\/div>\n<div style=\"flex: 2; padding: 15px; color: #d32f2f; font-weight: bold;\">Se pausan tr\u00e1mites de contrataci\u00f3n, declaraciones juradas y actividad jurisdiccional.<\/div>\n<\/div>\n<div style=\"display: flex; border-bottom: 1px solid #eee; background-color: #ffffff;\">\n<div style=\"flex: 1; padding: 15px; font-weight: bold; color: #333; background-color: #f9f9f9; border-right: 1px solid #eee;\">Servicios Activos<\/div>\n<div style=\"flex: 2; padding: 15px; color: #555;\">Vigilancia y seguridad institucional a cargo de Servicios Generales.<\/div>\n<\/div>\n<div style=\"display: flex; background-color: #ffffff;\">\n<div style=\"flex: 1; padding: 15px; font-weight: bold; color: #333; background-color: #f9f9f9; border-right: 1px solid #eee;\">Reanudaci\u00f3n<\/div>\n<div style=\"flex: 2; padding: 15px; color: #2e7d32; font-weight: bold;\">Todos los plazos se retoman el d\u00eda h\u00e1bil siguiente.<\/div>\n<\/div>\n<\/div>\n<h2>Impacto en tr\u00e1mites y servicios<\/h2>\n<p>La resoluci\u00f3n firmada por la Contralora General, Marta E. Acosta Z\u00fa\u00f1iga, aclara que la suspensi\u00f3n de plazos afecta \u00fanicamente la jornada del viernes 8 de mayo[cite: 12, 14]. Esto incluye la recepci\u00f3n de declaraciones juradas y cualquier tr\u00e1mite relacionado con el fuero propio de la instituci\u00f3n. El documento rige a partir de su comunicaci\u00f3n oficial[cite: 13].<\/p>\n<blockquote><p>\u201cEsta Contralor\u00eda General estima procedente conceder a su personal el asueto otorgado por el Poder Ejecutivo, con el fin de que se posibilite la participaci\u00f3n de las actividades propias de tal evento\u201d[cite: 8].<\/p><\/blockquote>\n<h2>Fuentes<\/h2>\n<ul>\n<li><strong>Contralor\u00eda General de la Rep\u00fablica (CGR):<\/strong> Resoluci\u00f3n R-DC-00043-2026[cite: 4].<\/li>\n<li><strong>Poder Ejecutivo:<\/strong> Decreto Ejecutivo N\u00b0 45680-MGP[cite: 7].<\/li>\n<\/ul>\n<p>Inf\u00f3rmese sobre la log\u00edstica nacional en STAY TV: <a href=\"https:\/\/staytv.cr\">https:\/\/staytv.cr<\/a><\/p>\n<p>&nbsp;<\/p>\n","protected":false},"excerpt":{"rendered":"<p>La CGR confirma asueto para su personal y suspensi\u00f3n de plazos legales el 8 de mayo de 2026 con motivo del traspaso de poderes en Costa Rica.<\/p>\n","protected":false},"author":10,"featured_media":33173,"comment_status":"open","ping_status":"open","sticky":false,"template":"","format":"standard","meta":{"episode_type":"","audio_file":"","podmotor_file_id":"","podmotor_episode_id":"","cover_image":"","cover_image_id":"","duration":"","filesize":"","filesize_raw":"","date_recorded":"","explicit":"","block":"","itunes_episode_number":"","itunes_title":"","itunes_season_number":"","itunes_episode_type":"","footnotes":""},"categories":[13],"tags":[6489,6733,70,216,6021,6726],"class_list":{"0":"post-33172","1":"post","2":"type-post","3":"status-publish","4":"format-standard","5":"has-post-thumbnail","7":"category-nacional","8":"tag-asueto","9":"tag-cgr","10":"tag-costa-rica","11":"tag-marta-acosta","12":"tag-nacional","13":"tag-traspaso"},"aioseo_notices":[],"aioseo_head":"\n\t\t<!-- All in One SEO Pro 4.8.3.2 - aioseo.com -->\n\t<meta name=\"description\" content=\"La CGR confirma asueto para su personal y suspensi\u00f3n de plazos legales el 8 de mayo de 2026 con motivo del traspaso de poderes en Costa Rica.\" \/>\n\t<meta name=\"robots\" content=\"max-image-preview:large\" \/>\n\t<meta name=\"author\" content=\"Diego Molina\"\/>\n\t<link rel=\"canonical\" href=\"https:\/\/staytv.cr\/index.php\/2026\/04\/27\/marta-acosta-firma-resolucion-asi-operara-la-cgr-durante-el-traspaso-de-poderes\/\" \/>\n\t<meta name=\"generator\" content=\"All in One SEO Pro (AIOSEO) 4.8.3.2\" \/>\n\t\t<meta property=\"og:locale\" content=\"es_ES\" \/>\n\t\t<meta property=\"og:site_name\" content=\"Staytv - Medio de comunicaci\u00f3n digital de Costa Rica.\" \/>\n\t\t<meta property=\"og:type\" content=\"article\" \/>\n\t\t<meta property=\"og:title\" content=\"CGR suspende plazos y otorga asueto este 8 de mayo\" \/>\n\t\t<meta property=\"og:description\" content=\"La CGR confirma asueto para su personal y suspensi\u00f3n de plazos legales el 8 de mayo de 2026 con motivo del traspaso de poderes en Costa Rica.\" \/>\n\t\t<meta property=\"og:url\" content=\"https:\/\/staytv.cr\/index.php\/2026\/04\/27\/marta-acosta-firma-resolucion-asi-operara-la-cgr-durante-el-traspaso-de-poderes\/\" \/>\n\t\t<meta property=\"og:image\" content=\"https:\/\/staytv.cr\/wp-content\/uploads\/Sin-titulo-7-215.png\" \/>\n\t\t<meta property=\"og:image:secure_url\" content=\"https:\/\/staytv.cr\/wp-content\/uploads\/Sin-titulo-7-215.png\" \/>\n\t\t<meta property=\"og:image:width\" content=\"1200\" \/>\n\t\t<meta property=\"og:image:height\" content=\"630\" \/>\n\t\t<meta property=\"article:published_time\" content=\"2026-04-27T20:04:13+00:00\" \/>\n\t\t<meta property=\"article:modified_time\" content=\"2026-04-27T20:04:13+00:00\" \/>\n\t\t<meta property=\"article:publisher\" content=\"https:\/\/www.facebook.com\/staytvcr\" \/>\n\t\t<meta name=\"twitter:card\" content=\"summary_large_image\" \/>\n\t\t<meta name=\"twitter:title\" content=\"CGR suspende plazos y otorga asueto este 8 de mayo\" \/>\n\t\t<meta name=\"twitter:description\" content=\"La CGR confirma asueto para su personal y suspensi\u00f3n de plazos legales el 8 de mayo de 2026 con motivo del traspaso de poderes en Costa Rica.\" \/>\n\t\t<meta name=\"twitter:image\" content=\"https:\/\/staytv.cr\/wp-content\/uploads\/Sin-titulo-7-215.png\" \/>\n\t\t<script type=\"application\/ld+json\" class=\"aioseo-schema\">\n\t\t\t{\"@context\":\"https:\\\/\\\/schema.org\",\"@graph\":[{\"@type\":\"BreadcrumbList\",\"@id\":\"https:\\\/\\\/staytv.cr\\\/index.php\\\/2026\\\/04\\\/27\\\/marta-acosta-firma-resolucion-asi-operara-la-cgr-durante-el-traspaso-de-poderes\\\/#breadcrumblist\",\"itemListElement\":[{\"@type\":\"ListItem\",\"@id\":\"https:\\\/\\\/staytv.cr#listItem\",\"position\":1,\"name\":\"Home\",\"item\":\"https:\\\/\\\/staytv.cr\",\"nextItem\":{\"@type\":\"ListItem\",\"@id\":\"https:\\\/\\\/staytv.cr\\\/index.php\\\/category\\\/nacional\\\/#listItem\",\"name\":\"NACIONAL\"}},{\"@type\":\"ListItem\",\"@id\":\"https:\\\/\\\/staytv.cr\\\/index.php\\\/category\\\/nacional\\\/#listItem\",\"position\":2,\"name\":\"NACIONAL\",\"item\":\"https:\\\/\\\/staytv.cr\\\/index.php\\\/category\\\/nacional\\\/\",\"nextItem\":{\"@type\":\"ListItem\",\"@id\":\"https:\\\/\\\/staytv.cr\\\/index.php\\\/2026\\\/04\\\/27\\\/marta-acosta-firma-resolucion-asi-operara-la-cgr-durante-el-traspaso-de-poderes\\\/#listItem\",\"name\":\"Marta Acosta firma resoluci\\u00f3n: As\\u00ed operar\\u00e1 la CGR durante el traspaso de poderes\"},\"previousItem\":{\"@type\":\"ListItem\",\"@id\":\"https:\\\/\\\/staytv.cr#listItem\",\"name\":\"Home\"}},{\"@type\":\"ListItem\",\"@id\":\"https:\\\/\\\/staytv.cr\\\/index.php\\\/2026\\\/04\\\/27\\\/marta-acosta-firma-resolucion-asi-operara-la-cgr-durante-el-traspaso-de-poderes\\\/#listItem\",\"position\":3,\"name\":\"Marta Acosta firma resoluci\\u00f3n: As\\u00ed operar\\u00e1 la CGR durante el traspaso de poderes\",\"previousItem\":{\"@type\":\"ListItem\",\"@id\":\"https:\\\/\\\/staytv.cr\\\/index.php\\\/category\\\/nacional\\\/#listItem\",\"name\":\"NACIONAL\"}}]},{\"@type\":\"Organization\",\"@id\":\"https:\\\/\\\/staytv.cr\\\/#organization\",\"name\":\"Stay TV\",\"description\":\"Stay TV es un medio digital de noticias con base en Centroam\\u00e9rica, con cobertura local e internacional desde una mirada asi\\u00e1tica.\",\"url\":\"https:\\\/\\\/staytv.cr\\\/\",\"logo\":{\"@type\":\"ImageObject\",\"url\":\"https:\\\/\\\/staytv.cr\\\/wp-content\\\/uploads\\\/cropped-StayTV_logo_oficial_simple.png\",\"@id\":\"https:\\\/\\\/staytv.cr\\\/index.php\\\/2026\\\/04\\\/27\\\/marta-acosta-firma-resolucion-asi-operara-la-cgr-durante-el-traspaso-de-poderes\\\/#organizationLogo\",\"width\":2560,\"height\":769},\"image\":{\"@id\":\"https:\\\/\\\/staytv.cr\\\/index.php\\\/2026\\\/04\\\/27\\\/marta-acosta-firma-resolucion-asi-operara-la-cgr-durante-el-traspaso-de-poderes\\\/#organizationLogo\"},\"sameAs\":[\"https:\\\/\\\/www.instagram.com\\\/staytvcr\\\/\"]},{\"@type\":\"Person\",\"@id\":\"https:\\\/\\\/staytv.cr\\\/index.php\\\/author\\\/diegostaytv\\\/#author\",\"url\":\"https:\\\/\\\/staytv.cr\\\/index.php\\\/author\\\/diegostaytv\\\/\",\"name\":\"Diego Molina\",\"image\":{\"@type\":\"ImageObject\",\"url\":\"https:\\\/\\\/secure.gravatar.com\\\/avatar\\\/7d23cb63381aa64750c7e76727c208369ebd6f2565e9dc4c62e323b1ea59af41?s=96&d=mm&r=g\"}},{\"@type\":\"WebPage\",\"@id\":\"https:\\\/\\\/staytv.cr\\\/index.php\\\/2026\\\/04\\\/27\\\/marta-acosta-firma-resolucion-asi-operara-la-cgr-durante-el-traspaso-de-poderes\\\/#webpage\",\"url\":\"https:\\\/\\\/staytv.cr\\\/index.php\\\/2026\\\/04\\\/27\\\/marta-acosta-firma-resolucion-asi-operara-la-cgr-durante-el-traspaso-de-poderes\\\/\",\"name\":\"CGR suspende plazos y otorga asueto este 8 de mayo\",\"description\":\"La CGR confirma asueto para su personal y suspensi\\u00f3n de plazos legales el 8 de mayo de 2026 con motivo del traspaso de poderes en Costa Rica.\",\"inLanguage\":\"es-ES\",\"isPartOf\":{\"@id\":\"https:\\\/\\\/staytv.cr\\\/#website\"},\"breadcrumb\":{\"@id\":\"https:\\\/\\\/staytv.cr\\\/index.php\\\/2026\\\/04\\\/27\\\/marta-acosta-firma-resolucion-asi-operara-la-cgr-durante-el-traspaso-de-poderes\\\/#breadcrumblist\"},\"author\":{\"@id\":\"https:\\\/\\\/staytv.cr\\\/index.php\\\/author\\\/diegostaytv\\\/#author\"},\"creator\":{\"@id\":\"https:\\\/\\\/staytv.cr\\\/index.php\\\/author\\\/diegostaytv\\\/#author\"},\"image\":{\"@type\":\"ImageObject\",\"url\":\"https:\\\/\\\/staytv.cr\\\/wp-content\\\/uploads\\\/Sin-titulo-7-215.png\",\"@id\":\"https:\\\/\\\/staytv.cr\\\/index.php\\\/2026\\\/04\\\/27\\\/marta-acosta-firma-resolucion-asi-operara-la-cgr-durante-el-traspaso-de-poderes\\\/#mainImage\",\"width\":1200,\"height\":630,\"caption\":\"CGR suspende plazos y otorga asueto este 8 de mayo\"},\"primaryImageOfPage\":{\"@id\":\"https:\\\/\\\/staytv.cr\\\/index.php\\\/2026\\\/04\\\/27\\\/marta-acosta-firma-resolucion-asi-operara-la-cgr-durante-el-traspaso-de-poderes\\\/#mainImage\"},\"datePublished\":\"2026-04-27T14:04:13-06:00\",\"dateModified\":\"2026-04-27T14:04:13-06:00\"},{\"@type\":\"WebSite\",\"@id\":\"https:\\\/\\\/staytv.cr\\\/#website\",\"url\":\"https:\\\/\\\/staytv.cr\\\/\",\"name\":\"Staytv\",\"description\":\"Medio de comunicaci\\u00f3n digital de Costa Rica.\",\"inLanguage\":\"es-ES\",\"publisher\":{\"@id\":\"https:\\\/\\\/staytv.cr\\\/#organization\"}}]}\n\t\t<\/script>\n\t\t<!-- All in One SEO Pro -->\r\n\t\t<title>CGR suspende plazos y otorga asueto este 8 de mayo<\/title>\n\n","aioseo_head_json":{"title":"CGR suspende plazos y otorga asueto este 8 de mayo","description":"La CGR confirma asueto para su personal y suspensi\u00f3n de plazos legales el 8 de mayo de 2026 con motivo del traspaso de poderes en Costa Rica.","canonical_url":"https:\/\/staytv.cr\/index.php\/2026\/04\/27\/marta-acosta-firma-resolucion-asi-operara-la-cgr-durante-el-traspaso-de-poderes\/","robots":"max-image-preview:large","keywords":"","webmasterTools":{"miscellaneous":""},"schema":{"@context":"https:\/\/schema.org","@graph":[{"@type":"BreadcrumbList","@id":"https:\/\/staytv.cr\/index.php\/2026\/04\/27\/marta-acosta-firma-resolucion-asi-operara-la-cgr-durante-el-traspaso-de-poderes\/#breadcrumblist","itemListElement":[{"@type":"ListItem","@id":"https:\/\/staytv.cr#listItem","position":1,"name":"Home","item":"https:\/\/staytv.cr","nextItem":{"@type":"ListItem","@id":"https:\/\/staytv.cr\/index.php\/category\/nacional\/#listItem","name":"NACIONAL"}},{"@type":"ListItem","@id":"https:\/\/staytv.cr\/index.php\/category\/nacional\/#listItem","position":2,"name":"NACIONAL","item":"https:\/\/staytv.cr\/index.php\/category\/nacional\/","nextItem":{"@type":"ListItem","@id":"https:\/\/staytv.cr\/index.php\/2026\/04\/27\/marta-acosta-firma-resolucion-asi-operara-la-cgr-durante-el-traspaso-de-poderes\/#listItem","name":"Marta Acosta firma resoluci\u00f3n: As\u00ed operar\u00e1 la CGR durante el traspaso de poderes"},"previousItem":{"@type":"ListItem","@id":"https:\/\/staytv.cr#listItem","name":"Home"}},{"@type":"ListItem","@id":"https:\/\/staytv.cr\/index.php\/2026\/04\/27\/marta-acosta-firma-resolucion-asi-operara-la-cgr-durante-el-traspaso-de-poderes\/#listItem","position":3,"name":"Marta Acosta firma resoluci\u00f3n: As\u00ed operar\u00e1 la CGR durante el traspaso de poderes","previousItem":{"@type":"ListItem","@id":"https:\/\/staytv.cr\/index.php\/category\/nacional\/#listItem","name":"NACIONAL"}}]},{"@type":"Organization","@id":"https:\/\/staytv.cr\/#organization","name":"Stay TV","description":"Stay TV es un medio digital de noticias con base en Centroam\u00e9rica, con cobertura local e internacional desde una mirada asi\u00e1tica.","url":"https:\/\/staytv.cr\/","logo":{"@type":"ImageObject","url":"https:\/\/staytv.cr\/wp-content\/uploads\/cropped-StayTV_logo_oficial_simple.png","@id":"https:\/\/staytv.cr\/index.php\/2026\/04\/27\/marta-acosta-firma-resolucion-asi-operara-la-cgr-durante-el-traspaso-de-poderes\/#organizationLogo","width":2560,"height":769},"image":{"@id":"https:\/\/staytv.cr\/index.php\/2026\/04\/27\/marta-acosta-firma-resolucion-asi-operara-la-cgr-durante-el-traspaso-de-poderes\/#organizationLogo"},"sameAs":["https:\/\/www.instagram.com\/staytvcr\/"]},{"@type":"Person","@id":"https:\/\/staytv.cr\/index.php\/author\/diegostaytv\/#author","url":"https:\/\/staytv.cr\/index.php\/author\/diegostaytv\/","name":"Diego Molina","image":{"@type":"ImageObject","url":"https:\/\/secure.gravatar.com\/avatar\/7d23cb63381aa64750c7e76727c208369ebd6f2565e9dc4c62e323b1ea59af41?s=96&d=mm&r=g"}},{"@type":"WebPage","@id":"https:\/\/staytv.cr\/index.php\/2026\/04\/27\/marta-acosta-firma-resolucion-asi-operara-la-cgr-durante-el-traspaso-de-poderes\/#webpage","url":"https:\/\/staytv.cr\/index.php\/2026\/04\/27\/marta-acosta-firma-resolucion-asi-operara-la-cgr-durante-el-traspaso-de-poderes\/","name":"CGR suspende plazos y otorga asueto este 8 de mayo","description":"La CGR confirma asueto para su personal y suspensi\u00f3n de plazos legales el 8 de mayo de 2026 con motivo del traspaso de poderes en Costa Rica.","inLanguage":"es-ES","isPartOf":{"@id":"https:\/\/staytv.cr\/#website"},"breadcrumb":{"@id":"https:\/\/staytv.cr\/index.php\/2026\/04\/27\/marta-acosta-firma-resolucion-asi-operara-la-cgr-durante-el-traspaso-de-poderes\/#breadcrumblist"},"author":{"@id":"https:\/\/staytv.cr\/index.php\/author\/diegostaytv\/#author"},"creator":{"@id":"https:\/\/staytv.cr\/index.php\/author\/diegostaytv\/#author"},"image":{"@type":"ImageObject","url":"https:\/\/staytv.cr\/wp-content\/uploads\/Sin-titulo-7-215.png","@id":"https:\/\/staytv.cr\/index.php\/2026\/04\/27\/marta-acosta-firma-resolucion-asi-operara-la-cgr-durante-el-traspaso-de-poderes\/#mainImage","width":1200,"height":630,"caption":"CGR suspende plazos y otorga asueto este 8 de mayo"},"primaryImageOfPage":{"@id":"https:\/\/staytv.cr\/index.php\/2026\/04\/27\/marta-acosta-firma-resolucion-asi-operara-la-cgr-durante-el-traspaso-de-poderes\/#mainImage"},"datePublished":"2026-04-27T14:04:13-06:00","dateModified":"2026-04-27T14:04:13-06:00"},{"@type":"WebSite","@id":"https:\/\/staytv.cr\/#website","url":"https:\/\/staytv.cr\/","name":"Staytv","description":"Medio de comunicaci\u00f3n digital de Costa Rica.","inLanguage":"es-ES","publisher":{"@id":"https:\/\/staytv.cr\/#organization"}}]},"og:locale":"es_ES","og:site_name":"Staytv - Medio de comunicaci\u00f3n digital de Costa Rica.","og:type":"article","og:title":"CGR suspende plazos y otorga asueto este 8 de mayo","og:description":"La CGR confirma asueto para su personal y suspensi\u00f3n de plazos legales el 8 de mayo de 2026 con motivo del traspaso de poderes en Costa Rica.","og:url":"https:\/\/staytv.cr\/index.php\/2026\/04\/27\/marta-acosta-firma-resolucion-asi-operara-la-cgr-durante-el-traspaso-de-poderes\/","og:image":"https:\/\/staytv.cr\/wp-content\/uploads\/Sin-titulo-7-215.png","og:image:secure_url":"https:\/\/staytv.cr\/wp-content\/uploads\/Sin-titulo-7-215.png","og:image:width":1200,"og:image:height":630,"article:published_time":"2026-04-27T20:04:13+00:00","article:modified_time":"2026-04-27T20:04:13+00:00","article:publisher":"https:\/\/www.facebook.com\/staytvcr","twitter:card":"summary_large_image","twitter:title":"CGR suspende plazos y otorga asueto este 8 de mayo","twitter:description":"La CGR confirma asueto para su personal y suspensi\u00f3n de plazos legales el 8 de mayo de 2026 con motivo del traspaso de poderes en Costa Rica.","twitter:image":"https:\/\/staytv.cr\/wp-content\/uploads\/Sin-titulo-7-215.png"},"aioseo_meta_data":{"post_id":"33172","title":"CGR suspende plazos y otorga asueto este 8 de mayo","description":"La CGR confirma asueto para su personal y suspensi\u00f3n de plazos legales el 8 de mayo de 2026 con motivo del traspaso de poderes en Costa Rica.","keywords":null,"keyphrases":{"focus":{"keyphrase":"CGR","score":76,"analysis":{"keyphraseInTitle":{"score":9,"maxScore":9,"error":0},"keyphraseInDescription":{"score":9,"maxScore":9,"error":0},"keyphraseLength":{"score":9,"maxScore":9,"error":0,"length":1},"keyphraseInURL":{"score":1,"maxScore":5,"error":1},"keyphraseInIntroduction":{"score":9,"maxScore":9,"error":0},"keyphraseInSubHeadings":{"score":3,"maxScore":9,"error":1},"keyphraseInImageAlt":{"score":3,"maxScore":9,"error":1},"keywordDensity":{"type":"best","score":9,"maxScore":9,"error":0}}},"additional":[]},"canonical_url":null,"og_title":null,"og_description":null,"og_object_type":"default","og_image_type":"default","og_image_custom_url":null,"og_image_custom_fields":null,"og_custom_image_width":null,"og_custom_image_height":null,"og_video":"","og_custom_url":null,"og_article_section":null,"og_article_tags":null,"twitter_use_og":true,"twitter_card":"default","twitter_image_type":"default","twitter_image_custom_url":null,"twitter_image_custom_fields":null,"twitter_title":null,"twitter_description":null,"schema_type":null,"schema_type_options":null,"pillar_content":false,"robots_default":true,"robots_noindex":false,"robots_noarchive":false,"robots_nosnippet":false,"robots_nofollow":false,"robots_noimageindex":false,"robots_noodp":false,"robots_notranslate":false,"robots_max_snippet":"-1","robots_max_videopreview":"-1","robots_max_imagepreview":"none","tabs":null,"priority":null,"frequency":"default","local_seo":null,"created":"2026-04-27 19:59:05","updated":"2026-04-27 20:04:13"},"aioseo_breadcrumb":"<div class=\"aioseo-breadcrumbs\"><span class=\"aioseo-breadcrumb\">\n\t<a href=\"https:\/\/staytv.cr\" title=\"Home\">Home<\/a>\n<\/span><span class=\"aioseo-breadcrumb-separator\">&raquo;<\/span><span class=\"aioseo-breadcrumb\">\n\t<a href=\"https:\/\/staytv.cr\/index.php\/category\/nacional\/\" title=\"NACIONAL\">NACIONAL<\/a>\n<\/span><span class=\"aioseo-breadcrumb-separator\">&raquo;<\/span><span class=\"aioseo-breadcrumb\">\n\tMarta Acosta firma resoluci\u00f3n: As\u00ed operar\u00e1 la CGR durante el traspaso de poderes\n<\/span><\/div>","aioseo_breadcrumb_json":[{"label":"Home","link":"https:\/\/staytv.cr"},{"label":"NACIONAL","link":"https:\/\/staytv.cr\/index.php\/category\/nacional\/"},{"label":"Marta Acosta firma resoluci\u00f3n: As\u00ed operar\u00e1 la CGR durante el traspaso de poderes","link":"https:\/\/staytv.cr\/index.php\/2026\/04\/27\/marta-acosta-firma-resolucion-asi-operara-la-cgr-durante-el-traspaso-de-poderes\/"}],"_links":{"self":[{"href":"https:\/\/staytv.cr\/index.php\/wp-json\/wp\/v2\/posts\/33172","targetHints":{"allow":["GET"]}}],"collection":[{"href":"https:\/\/staytv.cr\/index.php\/wp-json\/wp\/v2\/posts"}],"about":[{"href":"https:\/\/staytv.cr\/index.php\/wp-json\/wp\/v2\/types\/post"}],"author":[{"embeddable":true,"href":"https:\/\/staytv.cr\/index.php\/wp-json\/wp\/v2\/users\/10"}],"replies":[{"embeddable":true,"href":"https:\/\/staytv.cr\/index.php\/wp-json\/wp\/v2\/comments?post=33172"}],"version-history":[{"count":1,"href":"https:\/\/staytv.cr\/index.php\/wp-json\/wp\/v2\/posts\/33172\/revisions"}],"predecessor-version":[{"id":33174,"href":"https:\/\/staytv.cr\/index.php\/wp-json\/wp\/v2\/posts\/33172\/revisions\/33174"}],"wp:featuredmedia":[{"embeddable":true,"href":"https:\/\/staytv.cr\/index.php\/wp-json\/wp\/v2\/media\/33173"}],"wp:attachment":[{"href":"https:\/\/staytv.cr\/index.php\/wp-json\/wp\/v2\/media?parent=33172"}],"wp:term":[{"taxonomy":"category","embeddable":true,"href":"https:\/\/staytv.cr\/index.php\/wp-json\/wp\/v2\/categories?post=33172"},{"taxonomy":"post_tag","embeddable":true,"href":"https:\/\/staytv.cr\/index.php\/wp-json\/wp\/v2\/tags?post=33172"}],"curies":[{"name":"wp","href":"https:\/\/api.w.org\/{rel}","templated":true}]}}