{"id":33224,"date":"2026-04-28T16:35:28","date_gmt":"2026-04-28T22:35:28","guid":{"rendered":"https:\/\/staytv.cr\/?p=33224"},"modified":"2026-04-28T16:35:28","modified_gmt":"2026-04-28T22:35:28","slug":"eli-feinzaig-explota-contra-el-incop-licitacion-de-puerto-caldera-es-un-proceso-viciado","status":"publish","type":"post","link":"https:\/\/staytv.cr\/index.php\/2026\/04\/28\/eli-feinzaig-explota-contra-el-incop-licitacion-de-puerto-caldera-es-un-proceso-viciado\/","title":{"rendered":"Eli Feinzaig explota contra el INCOP: \u00abLicitaci\u00f3n de Puerto Caldera es un proceso viciado\u00bb"},"content":{"rendered":"<p><span data-path-to-node=\"3,5,1,0\">El diputado <b data-path-to-node=\"3,5,1,0\" data-index-in-node=\"12\">Eli Feinzaig<\/b> denuncia documentos ilegibles y trato desigual en la licitaci\u00f3n de Puerto Caldera. Exige transparencia ante posible monopolio.<\/span><!--more--><br \/>\n<img decoding=\"async\" data-src=\"https:\/\/observador.cr\/wp-content\/uploads\/2024\/12\/Puerto-Caldera-2024-12-02-at-18.47.41.jpeg\" alt=\"Concurso para modernizar Caldera queda con solo un oferente a pocos meses  de que venza la concesi\u00f3n actual - El Observador CR\" src=\"data:image\/svg+xml;base64,PHN2ZyB3aWR0aD0iMSIgaGVpZ2h0PSIxIiB4bWxucz0iaHR0cDovL3d3dy53My5vcmcvMjAwMC9zdmciPjwvc3ZnPg==\" class=\"lazyload\" \/><\/p>\n<h1>Esc\u00e1ndalo en el Pac\u00edfico: Eli Feinzaig denuncia \u00abproceso viciado\u00bb y documentos ilegibles en licitaci\u00f3n de Puerto Caldera<\/h1>\n<p>Para contextualizar la gravedad de esta denuncia, es vital definir los actores involucrados: el <strong>INCOP (Instituto Costarricense de Puertos del Pac\u00edfico)<\/strong> es la autoridad portuaria que supervisa la concesi\u00f3n; por otro lado, la <strong>COPROCOM (Comisi\u00f3n para la Promover la Competencia)<\/strong> es el ente encargado de evitar pr\u00e1cticas monop\u00f3licas. La denuncia gira en torno a la concesi\u00f3n de <strong>Puerto Caldera<\/strong>, el nodo log\u00edstico m\u00e1s importante del pa\u00eds en el litoral Pac\u00edfico, cuya administraci\u00f3n por las pr\u00f3ximas d\u00e9cadas est\u00e1 en juego. Para m\u00e1s informaci\u00f3n sobre control pol\u00edtico, visite nuestra secci\u00f3n <a href=\"https:\/\/staytv.cr\/index.php\/category\/nacional\/\">Nacional<\/a>.<\/p>\n<p>Este martes 28 de abril de 2026, el diputado del Partido Liberal Progresista, <strong>Eli Feinzaig<\/strong>, sacudi\u00f3 el plenario legislativo al presentar pruebas de lo que califica como un trato preferencial y opaco en la adjudicaci\u00f3n del puerto al <strong>Consorcio Sunset<\/strong> (formado por HGT Inversiones y APM Terminals).<\/p>\n<div style=\"width: 100%; font-family: 'Segoe UI', Tahoma, Geneva, Verdana, sans-serif; margin: 30px 0; border-radius: 12px; overflow: hidden; box-shadow: 0 10px 25px rgba(0,0,0,0.15); border: 1px solid #eee;\">\n<div style=\"background-color: #1a237e; color: #ffffff; padding: 18px; text-align: center; font-weight: bold; font-size: 1.3em; letter-spacing: 1px;\">EXPEDIENTE CALDERA: DENUNCIA FEINZAIG<\/div>\n<div style=\"display: flex; border-bottom: 1px solid #eee; background-color: #ffffff;\">\n<div style=\"flex: 1; padding: 15px; font-weight: bold; color: #333; background-color: #f9f9f9; border-right: 1px solid #eee;\">Informaci\u00f3n Financiera<\/div>\n<div style=\"flex: 2; padding: 15px; color: #d32f2f; font-weight: bold;\">75 folios ilegibles (60% de la oferta) aceptados por INCOP al Consorcio Sunset.<\/div>\n<\/div>\n<div style=\"display: flex; border-bottom: 1px solid #eee; background-color: #ffffff;\">\n<div style=\"flex: 1; padding: 15px; font-weight: bold; color: #333; background-color: #f9f9f9; border-right: 1px solid #eee;\">Trato Desigual<\/div>\n<div style=\"flex: 2; padding: 15px; color: #555;\">Descalificaci\u00f3n del competidor ICTSI tras recalcular su deuda sin metodolog\u00eda clara.<\/div>\n<\/div>\n<div style=\"display: flex; border-bottom: 1px solid #eee; background-color: #ffffff;\">\n<div style=\"flex: 1; padding: 15px; font-weight: bold; color: #333; background-color: #f9f9f9; border-right: 1px solid #eee;\">Riesgo de Monopolio<\/div>\n<div style=\"flex: 2; padding: 15px; color: #1a237e; font-weight: bold;\">Uni\u00f3n de actuales operadores de Caldera y Mo\u00edn investigada por COPROCOM.<\/div>\n<\/div>\n<div style=\"display: flex; background-color: #ffffff;\">\n<div style=\"flex: 1; padding: 15px; font-weight: bold; color: #333; background-color: #f9f9f9; border-right: 1px solid #eee;\">Postura Legislativa<\/div>\n<div style=\"flex: 2; padding: 15px; color: #2e7d32; font-weight: bold;\">Exigencia de transparencia absoluta sobre el patrimonio p\u00fablico.<\/div>\n<\/div>\n<\/div>\n<h2>Documentaci\u00f3n ilegible y consorcio bajo la lupa<\/h2>\n<p>Feinzaig cuestion\u00f3 duramente que el INCOP validara la oferta de Sunset a pesar de que gran parte de su documentaci\u00f3n financiera es \u00ababsolutamente ilegible\u00bb en los sistemas p\u00fablicos. Adem\u00e1s, se\u00f1al\u00f3 una posible violaci\u00f3n a la Ley de Contrataci\u00f3n P\u00fablica: el consorcio se justifica solo si las empresas no pueden cumplir requisitos solas, pero tanto HGT como APM Terminals declararon cumplir todo individualmente. \u00ab\u00bfPor qu\u00e9 se unieron?\u00bb, cuestion\u00f3 el legislador, sugiriendo un pacto entre competidores para eliminar la competencia.<\/p>\n<blockquote><p>\u201cA Sunset se le aceptaron documentos que nadie puede leer ni verificar. Puerto Caldera es de todos los costarricenses. Su futuro no puede estar en manos de un proceso viciado\u201d, concluy\u00f3 Eli Feinzaig.<\/p><\/blockquote>\n<h2>Fuentes<\/h2>\n<ul>\n<li><strong>Asamblea Legislativa:<\/strong> Acta de plenario del 28 de abril, 2026.<\/li>\n<li><strong>Despacho del Diputado Eli Feinzaig:<\/strong> Expediente de licitaci\u00f3n Puerto Caldera.<\/li>\n<li><strong>Contralor\u00eda General de la Rep\u00fablica:<\/strong> Resoluci\u00f3n R-DCA-0326-2017 (Jurisprudencia sobre consorcios).<\/li>\n<\/ul>\n<p>Siga el pulso de la pol\u00edtica nacional en STAY TV: <a href=\"https:\/\/staytv.cr\">https:\/\/staytv.cr<\/a><\/p>\n<p>&nbsp;<\/p>\n","protected":false},"excerpt":{"rendered":"<p>El diputado Eli Feinzaig denuncia documentos ilegibles y trato desigual en la licitaci\u00f3n de Puerto Caldera. Exige transparencia ante posible monopolio.<\/p>\n","protected":false},"author":10,"featured_media":33225,"comment_status":"open","ping_status":"open","sticky":false,"template":"","format":"standard","meta":{"episode_type":"","audio_file":"","podmotor_file_id":"","podmotor_episode_id":"","cover_image":"","cover_image_id":"","duration":"","filesize":"","filesize_raw":"","date_recorded":"","explicit":"","block":"","itunes_episode_number":"","itunes_title":"","itunes_season_number":"","itunes_episode_type":"","footnotes":""},"categories":[13],"tags":[6764,3968,2288,6763,5521,6021,6762],"class_list":{"0":"post-33224","1":"post","2":"type-post","3":"status-publish","4":"format-standard","5":"has-post-thumbnail","7":"category-nacional","8":"tag-coprocom","9":"tag-corrupcion","10":"tag-eli-feinzaig","11":"tag-incop","12":"tag-licitacion","13":"tag-nacional","14":"tag-puerto-caldera"},"aioseo_notices":[],"aioseo_head":"\n\t\t<!-- All in One SEO Pro 4.8.3.2 - aioseo.com -->\n\t<meta name=\"description\" content=\"El diputado Eli Feinzaig denuncia documentos ilegibles y trato desigual en la licitaci\u00f3n de Puerto Caldera. Exige transparencia ante posible monopolio.\" \/>\n\t<meta name=\"robots\" content=\"max-image-preview:large\" \/>\n\t<meta name=\"author\" content=\"Diego Molina\"\/>\n\t<link rel=\"canonical\" href=\"https:\/\/staytv.cr\/index.php\/2026\/04\/28\/eli-feinzaig-explota-contra-el-incop-licitacion-de-puerto-caldera-es-un-proceso-viciado\/\" \/>\n\t<meta name=\"generator\" content=\"All in One SEO Pro (AIOSEO) 4.8.3.2\" \/>\n\t\t<meta property=\"og:locale\" content=\"es_ES\" \/>\n\t\t<meta property=\"og:site_name\" content=\"Staytv - Medio de comunicaci\u00f3n digital de Costa Rica.\" \/>\n\t\t<meta property=\"og:type\" content=\"article\" \/>\n\t\t<meta property=\"og:title\" content=\"Eli Feinzaig denuncia vicios en licitaci\u00f3n de Caldera\" \/>\n\t\t<meta property=\"og:description\" content=\"El diputado Eli Feinzaig denuncia documentos ilegibles y trato desigual en la licitaci\u00f3n de Puerto Caldera. Exige transparencia ante posible monopolio.\" \/>\n\t\t<meta property=\"og:url\" content=\"https:\/\/staytv.cr\/index.php\/2026\/04\/28\/eli-feinzaig-explota-contra-el-incop-licitacion-de-puerto-caldera-es-un-proceso-viciado\/\" \/>\n\t\t<meta property=\"og:image\" content=\"https:\/\/staytv.cr\/wp-content\/uploads\/Sin-titulo-10-174.png\" \/>\n\t\t<meta property=\"og:image:secure_url\" content=\"https:\/\/staytv.cr\/wp-content\/uploads\/Sin-titulo-10-174.png\" \/>\n\t\t<meta property=\"og:image:width\" content=\"1200\" \/>\n\t\t<meta property=\"og:image:height\" content=\"630\" \/>\n\t\t<meta property=\"article:published_time\" content=\"2026-04-28T22:35:28+00:00\" \/>\n\t\t<meta property=\"article:modified_time\" content=\"2026-04-28T22:35:28+00:00\" \/>\n\t\t<meta property=\"article:publisher\" content=\"https:\/\/www.facebook.com\/staytvcr\" \/>\n\t\t<meta name=\"twitter:card\" content=\"summary_large_image\" \/>\n\t\t<meta name=\"twitter:title\" content=\"Eli Feinzaig denuncia vicios en licitaci\u00f3n de Caldera\" \/>\n\t\t<meta name=\"twitter:description\" content=\"El diputado Eli Feinzaig denuncia documentos ilegibles y trato desigual en la licitaci\u00f3n de Puerto Caldera. Exige transparencia ante posible monopolio.\" \/>\n\t\t<meta name=\"twitter:image\" content=\"https:\/\/staytv.cr\/wp-content\/uploads\/Sin-titulo-10-174.png\" \/>\n\t\t<script type=\"application\/ld+json\" class=\"aioseo-schema\">\n\t\t\t{\"@context\":\"https:\\\/\\\/schema.org\",\"@graph\":[{\"@type\":\"BreadcrumbList\",\"@id\":\"https:\\\/\\\/staytv.cr\\\/index.php\\\/2026\\\/04\\\/28\\\/eli-feinzaig-explota-contra-el-incop-licitacion-de-puerto-caldera-es-un-proceso-viciado\\\/#breadcrumblist\",\"itemListElement\":[{\"@type\":\"ListItem\",\"@id\":\"https:\\\/\\\/staytv.cr#listItem\",\"position\":1,\"name\":\"Home\",\"item\":\"https:\\\/\\\/staytv.cr\",\"nextItem\":{\"@type\":\"ListItem\",\"@id\":\"https:\\\/\\\/staytv.cr\\\/index.php\\\/category\\\/nacional\\\/#listItem\",\"name\":\"NACIONAL\"}},{\"@type\":\"ListItem\",\"@id\":\"https:\\\/\\\/staytv.cr\\\/index.php\\\/category\\\/nacional\\\/#listItem\",\"position\":2,\"name\":\"NACIONAL\",\"item\":\"https:\\\/\\\/staytv.cr\\\/index.php\\\/category\\\/nacional\\\/\",\"nextItem\":{\"@type\":\"ListItem\",\"@id\":\"https:\\\/\\\/staytv.cr\\\/index.php\\\/2026\\\/04\\\/28\\\/eli-feinzaig-explota-contra-el-incop-licitacion-de-puerto-caldera-es-un-proceso-viciado\\\/#listItem\",\"name\":\"Eli Feinzaig explota contra el INCOP: \\u00abLicitaci\\u00f3n de Puerto Caldera es un proceso viciado\\u00bb\"},\"previousItem\":{\"@type\":\"ListItem\",\"@id\":\"https:\\\/\\\/staytv.cr#listItem\",\"name\":\"Home\"}},{\"@type\":\"ListItem\",\"@id\":\"https:\\\/\\\/staytv.cr\\\/index.php\\\/2026\\\/04\\\/28\\\/eli-feinzaig-explota-contra-el-incop-licitacion-de-puerto-caldera-es-un-proceso-viciado\\\/#listItem\",\"position\":3,\"name\":\"Eli Feinzaig explota contra el INCOP: \\u00abLicitaci\\u00f3n de Puerto Caldera es un proceso viciado\\u00bb\",\"previousItem\":{\"@type\":\"ListItem\",\"@id\":\"https:\\\/\\\/staytv.cr\\\/index.php\\\/category\\\/nacional\\\/#listItem\",\"name\":\"NACIONAL\"}}]},{\"@type\":\"Organization\",\"@id\":\"https:\\\/\\\/staytv.cr\\\/#organization\",\"name\":\"Stay TV\",\"description\":\"Stay TV es un medio digital de noticias con base en Centroam\\u00e9rica, con cobertura local e internacional desde una mirada asi\\u00e1tica.\",\"url\":\"https:\\\/\\\/staytv.cr\\\/\",\"logo\":{\"@type\":\"ImageObject\",\"url\":\"https:\\\/\\\/staytv.cr\\\/wp-content\\\/uploads\\\/cropped-StayTV_logo_oficial_simple.png\",\"@id\":\"https:\\\/\\\/staytv.cr\\\/index.php\\\/2026\\\/04\\\/28\\\/eli-feinzaig-explota-contra-el-incop-licitacion-de-puerto-caldera-es-un-proceso-viciado\\\/#organizationLogo\",\"width\":2560,\"height\":769},\"image\":{\"@id\":\"https:\\\/\\\/staytv.cr\\\/index.php\\\/2026\\\/04\\\/28\\\/eli-feinzaig-explota-contra-el-incop-licitacion-de-puerto-caldera-es-un-proceso-viciado\\\/#organizationLogo\"},\"sameAs\":[\"https:\\\/\\\/www.instagram.com\\\/staytvcr\\\/\"]},{\"@type\":\"Person\",\"@id\":\"https:\\\/\\\/staytv.cr\\\/index.php\\\/author\\\/diegostaytv\\\/#author\",\"url\":\"https:\\\/\\\/staytv.cr\\\/index.php\\\/author\\\/diegostaytv\\\/\",\"name\":\"Diego Molina\",\"image\":{\"@type\":\"ImageObject\",\"url\":\"https:\\\/\\\/secure.gravatar.com\\\/avatar\\\/7d23cb63381aa64750c7e76727c208369ebd6f2565e9dc4c62e323b1ea59af41?s=96&d=mm&r=g\"}},{\"@type\":\"WebPage\",\"@id\":\"https:\\\/\\\/staytv.cr\\\/index.php\\\/2026\\\/04\\\/28\\\/eli-feinzaig-explota-contra-el-incop-licitacion-de-puerto-caldera-es-un-proceso-viciado\\\/#webpage\",\"url\":\"https:\\\/\\\/staytv.cr\\\/index.php\\\/2026\\\/04\\\/28\\\/eli-feinzaig-explota-contra-el-incop-licitacion-de-puerto-caldera-es-un-proceso-viciado\\\/\",\"name\":\"Eli Feinzaig denuncia vicios en licitaci\\u00f3n de Caldera\",\"description\":\"El diputado Eli Feinzaig denuncia documentos ilegibles y trato desigual en la licitaci\\u00f3n de Puerto Caldera. Exige transparencia ante posible monopolio.\",\"inLanguage\":\"es-ES\",\"isPartOf\":{\"@id\":\"https:\\\/\\\/staytv.cr\\\/#website\"},\"breadcrumb\":{\"@id\":\"https:\\\/\\\/staytv.cr\\\/index.php\\\/2026\\\/04\\\/28\\\/eli-feinzaig-explota-contra-el-incop-licitacion-de-puerto-caldera-es-un-proceso-viciado\\\/#breadcrumblist\"},\"author\":{\"@id\":\"https:\\\/\\\/staytv.cr\\\/index.php\\\/author\\\/diegostaytv\\\/#author\"},\"creator\":{\"@id\":\"https:\\\/\\\/staytv.cr\\\/index.php\\\/author\\\/diegostaytv\\\/#author\"},\"image\":{\"@type\":\"ImageObject\",\"url\":\"https:\\\/\\\/staytv.cr\\\/wp-content\\\/uploads\\\/Sin-titulo-10-174.png\",\"@id\":\"https:\\\/\\\/staytv.cr\\\/index.php\\\/2026\\\/04\\\/28\\\/eli-feinzaig-explota-contra-el-incop-licitacion-de-puerto-caldera-es-un-proceso-viciado\\\/#mainImage\",\"width\":1200,\"height\":630,\"caption\":\"\\u00a0Eli Feinzaig denuncia vicios en licitaci\\u00f3n de Caldera\"},\"primaryImageOfPage\":{\"@id\":\"https:\\\/\\\/staytv.cr\\\/index.php\\\/2026\\\/04\\\/28\\\/eli-feinzaig-explota-contra-el-incop-licitacion-de-puerto-caldera-es-un-proceso-viciado\\\/#mainImage\"},\"datePublished\":\"2026-04-28T16:35:28-06:00\",\"dateModified\":\"2026-04-28T16:35:28-06:00\"},{\"@type\":\"WebSite\",\"@id\":\"https:\\\/\\\/staytv.cr\\\/#website\",\"url\":\"https:\\\/\\\/staytv.cr\\\/\",\"name\":\"Staytv\",\"description\":\"Medio de comunicaci\\u00f3n digital de Costa Rica.\",\"inLanguage\":\"es-ES\",\"publisher\":{\"@id\":\"https:\\\/\\\/staytv.cr\\\/#organization\"}}]}\n\t\t<\/script>\n\t\t<!-- All in One SEO Pro -->\r\n\t\t<title>Eli Feinzaig denuncia vicios en licitaci\u00f3n de Caldera<\/title>\n\n","aioseo_head_json":{"title":"Eli Feinzaig denuncia vicios en licitaci\u00f3n de Caldera","description":"El diputado Eli Feinzaig denuncia documentos ilegibles y trato desigual en la licitaci\u00f3n de Puerto Caldera. Exige transparencia ante posible monopolio.","canonical_url":"https:\/\/staytv.cr\/index.php\/2026\/04\/28\/eli-feinzaig-explota-contra-el-incop-licitacion-de-puerto-caldera-es-un-proceso-viciado\/","robots":"max-image-preview:large","keywords":"","webmasterTools":{"miscellaneous":""},"schema":{"@context":"https:\/\/schema.org","@graph":[{"@type":"BreadcrumbList","@id":"https:\/\/staytv.cr\/index.php\/2026\/04\/28\/eli-feinzaig-explota-contra-el-incop-licitacion-de-puerto-caldera-es-un-proceso-viciado\/#breadcrumblist","itemListElement":[{"@type":"ListItem","@id":"https:\/\/staytv.cr#listItem","position":1,"name":"Home","item":"https:\/\/staytv.cr","nextItem":{"@type":"ListItem","@id":"https:\/\/staytv.cr\/index.php\/category\/nacional\/#listItem","name":"NACIONAL"}},{"@type":"ListItem","@id":"https:\/\/staytv.cr\/index.php\/category\/nacional\/#listItem","position":2,"name":"NACIONAL","item":"https:\/\/staytv.cr\/index.php\/category\/nacional\/","nextItem":{"@type":"ListItem","@id":"https:\/\/staytv.cr\/index.php\/2026\/04\/28\/eli-feinzaig-explota-contra-el-incop-licitacion-de-puerto-caldera-es-un-proceso-viciado\/#listItem","name":"Eli Feinzaig explota contra el INCOP: \u00abLicitaci\u00f3n de Puerto Caldera es un proceso viciado\u00bb"},"previousItem":{"@type":"ListItem","@id":"https:\/\/staytv.cr#listItem","name":"Home"}},{"@type":"ListItem","@id":"https:\/\/staytv.cr\/index.php\/2026\/04\/28\/eli-feinzaig-explota-contra-el-incop-licitacion-de-puerto-caldera-es-un-proceso-viciado\/#listItem","position":3,"name":"Eli Feinzaig explota contra el INCOP: \u00abLicitaci\u00f3n de Puerto Caldera es un proceso viciado\u00bb","previousItem":{"@type":"ListItem","@id":"https:\/\/staytv.cr\/index.php\/category\/nacional\/#listItem","name":"NACIONAL"}}]},{"@type":"Organization","@id":"https:\/\/staytv.cr\/#organization","name":"Stay TV","description":"Stay TV es un medio digital de noticias con base en Centroam\u00e9rica, con cobertura local e internacional desde una mirada asi\u00e1tica.","url":"https:\/\/staytv.cr\/","logo":{"@type":"ImageObject","url":"https:\/\/staytv.cr\/wp-content\/uploads\/cropped-StayTV_logo_oficial_simple.png","@id":"https:\/\/staytv.cr\/index.php\/2026\/04\/28\/eli-feinzaig-explota-contra-el-incop-licitacion-de-puerto-caldera-es-un-proceso-viciado\/#organizationLogo","width":2560,"height":769},"image":{"@id":"https:\/\/staytv.cr\/index.php\/2026\/04\/28\/eli-feinzaig-explota-contra-el-incop-licitacion-de-puerto-caldera-es-un-proceso-viciado\/#organizationLogo"},"sameAs":["https:\/\/www.instagram.com\/staytvcr\/"]},{"@type":"Person","@id":"https:\/\/staytv.cr\/index.php\/author\/diegostaytv\/#author","url":"https:\/\/staytv.cr\/index.php\/author\/diegostaytv\/","name":"Diego Molina","image":{"@type":"ImageObject","url":"https:\/\/secure.gravatar.com\/avatar\/7d23cb63381aa64750c7e76727c208369ebd6f2565e9dc4c62e323b1ea59af41?s=96&d=mm&r=g"}},{"@type":"WebPage","@id":"https:\/\/staytv.cr\/index.php\/2026\/04\/28\/eli-feinzaig-explota-contra-el-incop-licitacion-de-puerto-caldera-es-un-proceso-viciado\/#webpage","url":"https:\/\/staytv.cr\/index.php\/2026\/04\/28\/eli-feinzaig-explota-contra-el-incop-licitacion-de-puerto-caldera-es-un-proceso-viciado\/","name":"Eli Feinzaig denuncia vicios en licitaci\u00f3n de Caldera","description":"El diputado Eli Feinzaig denuncia documentos ilegibles y trato desigual en la licitaci\u00f3n de Puerto Caldera. Exige transparencia ante posible monopolio.","inLanguage":"es-ES","isPartOf":{"@id":"https:\/\/staytv.cr\/#website"},"breadcrumb":{"@id":"https:\/\/staytv.cr\/index.php\/2026\/04\/28\/eli-feinzaig-explota-contra-el-incop-licitacion-de-puerto-caldera-es-un-proceso-viciado\/#breadcrumblist"},"author":{"@id":"https:\/\/staytv.cr\/index.php\/author\/diegostaytv\/#author"},"creator":{"@id":"https:\/\/staytv.cr\/index.php\/author\/diegostaytv\/#author"},"image":{"@type":"ImageObject","url":"https:\/\/staytv.cr\/wp-content\/uploads\/Sin-titulo-10-174.png","@id":"https:\/\/staytv.cr\/index.php\/2026\/04\/28\/eli-feinzaig-explota-contra-el-incop-licitacion-de-puerto-caldera-es-un-proceso-viciado\/#mainImage","width":1200,"height":630,"caption":"\u00a0Eli Feinzaig denuncia vicios en licitaci\u00f3n de Caldera"},"primaryImageOfPage":{"@id":"https:\/\/staytv.cr\/index.php\/2026\/04\/28\/eli-feinzaig-explota-contra-el-incop-licitacion-de-puerto-caldera-es-un-proceso-viciado\/#mainImage"},"datePublished":"2026-04-28T16:35:28-06:00","dateModified":"2026-04-28T16:35:28-06:00"},{"@type":"WebSite","@id":"https:\/\/staytv.cr\/#website","url":"https:\/\/staytv.cr\/","name":"Staytv","description":"Medio de comunicaci\u00f3n digital de Costa Rica.","inLanguage":"es-ES","publisher":{"@id":"https:\/\/staytv.cr\/#organization"}}]},"og:locale":"es_ES","og:site_name":"Staytv - Medio de comunicaci\u00f3n digital de Costa Rica.","og:type":"article","og:title":"Eli Feinzaig denuncia vicios en licitaci\u00f3n de Caldera","og:description":"El diputado Eli Feinzaig denuncia documentos ilegibles y trato desigual en la licitaci\u00f3n de Puerto Caldera. Exige transparencia ante posible monopolio.","og:url":"https:\/\/staytv.cr\/index.php\/2026\/04\/28\/eli-feinzaig-explota-contra-el-incop-licitacion-de-puerto-caldera-es-un-proceso-viciado\/","og:image":"https:\/\/staytv.cr\/wp-content\/uploads\/Sin-titulo-10-174.png","og:image:secure_url":"https:\/\/staytv.cr\/wp-content\/uploads\/Sin-titulo-10-174.png","og:image:width":1200,"og:image:height":630,"article:published_time":"2026-04-28T22:35:28+00:00","article:modified_time":"2026-04-28T22:35:28+00:00","article:publisher":"https:\/\/www.facebook.com\/staytvcr","twitter:card":"summary_large_image","twitter:title":"Eli Feinzaig denuncia vicios en licitaci\u00f3n de Caldera","twitter:description":"El diputado Eli Feinzaig denuncia documentos ilegibles y trato desigual en la licitaci\u00f3n de Puerto Caldera. Exige transparencia ante posible monopolio.","twitter:image":"https:\/\/staytv.cr\/wp-content\/uploads\/Sin-titulo-10-174.png"},"aioseo_meta_data":{"post_id":"33224","title":"Eli Feinzaig denuncia vicios en licitaci\u00f3n de Caldera","description":"El diputado Eli Feinzaig denuncia documentos ilegibles y trato desigual en la licitaci\u00f3n de Puerto Caldera. Exige transparencia ante posible monopolio.","keywords":null,"keyphrases":{"focus":{"keyphrase":"Eli Feinzaig","score":76,"analysis":{"keyphraseInTitle":{"score":9,"maxScore":9,"error":0},"keyphraseInDescription":{"score":9,"maxScore":9,"error":0},"keyphraseLength":{"score":9,"maxScore":9,"error":0,"length":2},"keyphraseInURL":{"score":1,"maxScore":5,"error":1},"keyphraseInIntroduction":{"score":9,"maxScore":9,"error":0},"keyphraseInSubHeadings":{"score":3,"maxScore":9,"error":1},"keyphraseInImageAlt":{"score":3,"maxScore":9,"error":1},"keywordDensity":{"type":"best","score":9,"maxScore":9,"error":0}}},"additional":[]},"canonical_url":null,"og_title":null,"og_description":null,"og_object_type":"default","og_image_type":"default","og_image_custom_url":null,"og_image_custom_fields":null,"og_custom_image_width":null,"og_custom_image_height":null,"og_video":"","og_custom_url":null,"og_article_section":null,"og_article_tags":null,"twitter_use_og":true,"twitter_card":"default","twitter_image_type":"default","twitter_image_custom_url":null,"twitter_image_custom_fields":null,"twitter_title":null,"twitter_description":null,"schema_type":null,"schema_type_options":null,"pillar_content":false,"robots_default":true,"robots_noindex":false,"robots_noarchive":false,"robots_nosnippet":false,"robots_nofollow":false,"robots_noimageindex":false,"robots_noodp":false,"robots_notranslate":false,"robots_max_snippet":"-1","robots_max_videopreview":"-1","robots_max_imagepreview":"none","tabs":null,"priority":null,"frequency":"default","local_seo":null,"created":"2026-04-28 22:35:19","updated":"2026-04-28 22:35:28"},"aioseo_breadcrumb":"<div class=\"aioseo-breadcrumbs\"><span class=\"aioseo-breadcrumb\">\n\t<a href=\"https:\/\/staytv.cr\" title=\"Home\">Home<\/a>\n<\/span><span class=\"aioseo-breadcrumb-separator\">&raquo;<\/span><span class=\"aioseo-breadcrumb\">\n\t<a href=\"https:\/\/staytv.cr\/index.php\/category\/nacional\/\" title=\"NACIONAL\">NACIONAL<\/a>\n<\/span><span class=\"aioseo-breadcrumb-separator\">&raquo;<\/span><span class=\"aioseo-breadcrumb\">\n\tEli Feinzaig explota contra el INCOP: \u00abLicitaci\u00f3n de Puerto Caldera es un proceso viciado\u00bb\n<\/span><\/div>","aioseo_breadcrumb_json":[{"label":"Home","link":"https:\/\/staytv.cr"},{"label":"NACIONAL","link":"https:\/\/staytv.cr\/index.php\/category\/nacional\/"},{"label":"Eli Feinzaig explota contra el INCOP: \u00abLicitaci\u00f3n de Puerto Caldera es un proceso viciado\u00bb","link":"https:\/\/staytv.cr\/index.php\/2026\/04\/28\/eli-feinzaig-explota-contra-el-incop-licitacion-de-puerto-caldera-es-un-proceso-viciado\/"}],"_links":{"self":[{"href":"https:\/\/staytv.cr\/index.php\/wp-json\/wp\/v2\/posts\/33224","targetHints":{"allow":["GET"]}}],"collection":[{"href":"https:\/\/staytv.cr\/index.php\/wp-json\/wp\/v2\/posts"}],"about":[{"href":"https:\/\/staytv.cr\/index.php\/wp-json\/wp\/v2\/types\/post"}],"author":[{"embeddable":true,"href":"https:\/\/staytv.cr\/index.php\/wp-json\/wp\/v2\/users\/10"}],"replies":[{"embeddable":true,"href":"https:\/\/staytv.cr\/index.php\/wp-json\/wp\/v2\/comments?post=33224"}],"version-history":[{"count":1,"href":"https:\/\/staytv.cr\/index.php\/wp-json\/wp\/v2\/posts\/33224\/revisions"}],"predecessor-version":[{"id":33226,"href":"https:\/\/staytv.cr\/index.php\/wp-json\/wp\/v2\/posts\/33224\/revisions\/33226"}],"wp:featuredmedia":[{"embeddable":true,"href":"https:\/\/staytv.cr\/index.php\/wp-json\/wp\/v2\/media\/33225"}],"wp:attachment":[{"href":"https:\/\/staytv.cr\/index.php\/wp-json\/wp\/v2\/media?parent=33224"}],"wp:term":[{"taxonomy":"category","embeddable":true,"href":"https:\/\/staytv.cr\/index.php\/wp-json\/wp\/v2\/categories?post=33224"},{"taxonomy":"post_tag","embeddable":true,"href":"https:\/\/staytv.cr\/index.php\/wp-json\/wp\/v2\/tags?post=33224"}],"curies":[{"name":"wp","href":"https:\/\/api.w.org\/{rel}","templated":true}]}}