{"id":33247,"date":"2026-04-30T15:23:21","date_gmt":"2026-04-30T21:23:21","guid":{"rendered":"https:\/\/staytv.cr\/?p=33247"},"modified":"2026-04-30T15:24:21","modified_gmt":"2026-04-30T21:24:21","slug":"corte-suprema-evalua-frenar-juicios-por-roundup","status":"publish","type":"post","link":"https:\/\/staytv.cr\/index.php\/2026\/04\/30\/corte-suprema-evalua-frenar-juicios-por-roundup\/","title":{"rendered":"Bayer vs La Corte Suprema: El juicio que definir\u00e1 el futuro del glifosato en EE. UU."},"content":{"rendered":"<p>La Corte Suprema de EE. UU. debate si bloquea demandas contra Bayer por el herbicida Roundup. El fallo definir\u00e1 el futuro de los reclamos por c\u00e1ncer.<!--more--><\/p>\n<h1><img decoding=\"async\" data-src=\"https:\/\/www.swissinfo.ch\/content\/wp-content\/uploads\/sites\/13\/2022\/06\/a60da87ab1b85251c1bcc42ec4982aef-image_doc-32cx88x-data.jpg?resize=1200,1200\" alt=\"Corte Suprema de EEUU asesta duro golpe al herbicida Roundup de Bayer - SWI swissinfo.ch\" src=\"data:image\/svg+xml;base64,PHN2ZyB3aWR0aD0iMSIgaGVpZ2h0PSIxIiB4bWxucz0iaHR0cDovL3d3dy53My5vcmcvMjAwMC9zdmciPjwvc3ZnPg==\" class=\"lazyload\" \/><\/h1>\n<h1>Batalla Legal Decisiva: La Corte Suprema de EE. UU. eval\u00faa el futuro de miles de demandas contra Bayer por Roundup<\/h1>\n<p>Para contextualizar este caso, el debate jur\u00eddico gira en torno a la <strong>prevalencia de la ley federal<\/strong>: Bayer argumenta que, como el herbicida <strong>glifosato<\/strong> (ingrediente activo de Roundup) cuenta con aprobaci\u00f3n federal y su etiqueta cumple con las normas nacionales, las leyes de los estados no deber\u00edan poder exigir advertencias adicionales sobre riesgos de c\u00e1ncer. Por el contrario, los demandantes sostienen que las empresas tienen la obligaci\u00f3n de informar sobre riesgos detectados, independientemente del marco federal. Este fallo es vital para entender la <strong>responsabilidad por producto<\/strong> en el sistema legal estadounidense. Para m\u00e1s an\u00e1lisis internacional, visite nuestra secci\u00f3n <a href=\"https:\/\/staytv.cr\/index.php\/category\/internacional\/\">Internacional<\/a>.<\/p>\n<p>Este lunes 27 de abril de 2026, los magistrados en Washington escucharon los argumentos que definir\u00e1n si se bloquean miles de demandas pendientes contra <strong>Bayer<\/strong>. El tribunal parece dividido sobre si una aprobaci\u00f3n federal limita o impide los reclamos por omisiones en las etiquetas de advertencia de productos qu\u00edmicos.<\/p>\n<p><!-- TABLA FORMATO DIV CON SOMBRAS: TRIAGE JUR\u00cdDICO DEL CASO BAYER --><\/p>\n<div style=\"width: 100%; font-family: 'Segoe UI', Tahoma, Geneva, Verdana, sans-serif; margin: 30px 0; border-radius: 12px; overflow: hidden; box-shadow: 0 10px 25px rgba(0,0,0,0.15); border: 1px solid #eee;\">\n<div style=\"background-color: #0081c3; color: #ffffff; padding: 18px; text-align: center; font-weight: bold; font-size: 1.3em; letter-spacing: 1px;\">EXPEDIENTE JUDICIAL: ROUNDUP VS BAYER 2026<\/div>\n<div style=\"display: flex; border-bottom: 1px solid #eee; background-color: #ffffff;\">\n<div style=\"flex: 1; padding: 15px; font-weight: bold; color: #333; background-color: #f9f9f9; border-right: 1px solid #eee;\">Conflicto Central<\/div>\n<div style=\"flex: 2; padding: 15px; color: #1a237e; font-weight: bold;\">Ley federal de etiquetado vs. exigencias estatales de advertencia por c\u00e1ncer.<\/div>\n<\/div>\n<div style=\"display: flex; border-bottom: 1px solid #eee; background-color: #ffffff;\">\n<div style=\"flex: 1; padding: 15px; font-weight: bold; color: #333; background-color: #f9f9f9; border-right: 1px solid #eee;\">Postura de Bayer<\/div>\n<div style=\"flex: 2; padding: 15px; color: #555;\">El producto cumple con el marco regulatorio federal; las demandas estatales son improcedentes.<\/div>\n<\/div>\n<div style=\"display: flex; border-bottom: 1px solid #eee; background-color: #ffffff;\">\n<div style=\"flex: 1; padding: 15px; font-weight: bold; color: #333; background-color: #f9f9f9; border-right: 1px solid #eee;\">Riesgo Corporativo<\/div>\n<div style=\"flex: 2; padding: 15px; color: #d32f2f; font-weight: bold;\">Miles de litigios masivos activos y exposici\u00f3n a indemnizaciones millonarias.<\/div>\n<\/div>\n<div style=\"display: flex; background-color: #ffffff;\">\n<div style=\"flex: 1; padding: 15px; font-weight: bold; color: #333; background-color: #f9f9f9; border-right: 1px solid #eee;\">Impacto del Fallo<\/div>\n<div style=\"flex: 2; padding: 15px; color: #2e7d32; font-weight: bold;\">Sentar\u00e1 precedente para todas las demandas por etiquetado y seguridad qu\u00edmica.<\/div>\n<\/div>\n<\/div>\n<h2>Un fallo que redefinir\u00e1 la industria farmac\u00e9utica y qu\u00edmica<\/h2>\n<p>La resoluci\u00f3n de la Corte Suprema es seguida de cerca por aseguradoras y fabricantes globales. Una decisi\u00f3n favorable a Bayer reducir\u00eda dr\u00e1sticamente la exposici\u00f3n a nuevos reclamos y blindar\u00eda a las empresas que operan bajo licencias federales. Sin embargo, si los jueces mantienen la v\u00eda abierta para las demandas estatales, Bayer seguir\u00e1 bajo una intensa presi\u00f3n financiera y judicial que podr\u00eda alterar permanentemente el volumen de casos por Roundup en los Estados Unidos.<\/p>\n<blockquote><p>\u201cEl debate se concentra en si una aprobaci\u00f3n federal limita o impide reclamos por omisiones en las etiquetas. Lo que resuelva la Corte marcar\u00e1 un precedente para futuros litigios sobre responsabilidad por producto.\u201d<\/p><\/blockquote>\n<h2>Fuentes<\/h2>\n<ul>\n<li><strong>Corte Suprema de los Estados Unidos:<\/strong> Expediente de argumentos orales (Washington, abril 2026).<\/li>\n<li><strong>Bayer AG:<\/strong> Reporte de relaciones con inversionistas y litigios por Roundup.<\/li>\n<\/ul>\n<p>Siga el pulso del poder judicial global en STAY TV: <a href=\"https:\/\/staytv.cr\">https:\/\/staytv.cr<\/a><\/p>\n<p>&nbsp;<\/p>\n","protected":false},"excerpt":{"rendered":"<p>La Corte Suprema de EE. UU. debate si bloquea demandas contra Bayer por el herbicida Roundup. El fallo definir\u00e1 el futuro de los reclamos por c\u00e1ncer.<\/p>\n","protected":false},"author":11,"featured_media":33306,"comment_status":"open","ping_status":"open","sticky":false,"template":"","format":"standard","meta":{"episode_type":"","audio_file":"","podmotor_file_id":"","podmotor_episode_id":"","cover_image":"","cover_image_id":"","duration":"","filesize":"","filesize_raw":"","date_recorded":"","explicit":"","block":"","itunes_episode_number":"","itunes_title":"","itunes_season_number":"","itunes_episode_type":"","footnotes":""},"categories":[8],"tags":[334,837,6014,6798,6124,6797,128],"class_list":{"0":"post-33247","1":"post","2":"type-post","3":"status-publish","4":"format-standard","5":"has-post-thumbnail","7":"category-internacional","8":"tag-bayer","9":"tag-corte-suprema","10":"tag-ee-uu","11":"tag-glifosato","12":"tag-internacional","13":"tag-roundup","14":"tag-salud"},"aioseo_notices":[],"aioseo_head":"\n\t\t<!-- All in One SEO Pro 4.8.3.2 - aioseo.com -->\n\t<meta name=\"description\" content=\"La Corte Suprema de EE. UU. debate si bloquea demandas contra Bayer por el herbicida Roundup. El fallo definir\u00e1 el futuro de los reclamos por c\u00e1ncer.\" \/>\n\t<meta name=\"robots\" content=\"max-image-preview:large\" \/>\n\t<meta name=\"author\" content=\"Ryan\"\/>\n\t<link rel=\"canonical\" href=\"https:\/\/staytv.cr\/index.php\/2026\/04\/30\/corte-suprema-evalua-frenar-juicios-por-roundup\/\" \/>\n\t<meta name=\"generator\" content=\"All in One SEO Pro (AIOSEO) 4.8.3.2\" \/>\n\t\t<meta property=\"og:locale\" content=\"es_ES\" \/>\n\t\t<meta property=\"og:site_name\" content=\"Staytv - Medio de comunicaci\u00f3n digital de Costa Rica.\" \/>\n\t\t<meta property=\"og:type\" content=\"article\" \/>\n\t\t<meta property=\"og:title\" content=\"Bayer: Corte Suprema eval\u00faa frenar juicios por Roundup\" \/>\n\t\t<meta property=\"og:description\" content=\"La Corte Suprema de EE. UU. debate si bloquea demandas contra Bayer por el herbicida Roundup. El fallo definir\u00e1 el futuro de los reclamos por c\u00e1ncer.\" \/>\n\t\t<meta property=\"og:url\" content=\"https:\/\/staytv.cr\/index.php\/2026\/04\/30\/corte-suprema-evalua-frenar-juicios-por-roundup\/\" \/>\n\t\t<meta property=\"og:image\" content=\"https:\/\/staytv.cr\/wp-content\/uploads\/Sin-titulo-8-206.png\" \/>\n\t\t<meta property=\"og:image:secure_url\" content=\"https:\/\/staytv.cr\/wp-content\/uploads\/Sin-titulo-8-206.png\" \/>\n\t\t<meta property=\"og:image:width\" content=\"1200\" \/>\n\t\t<meta property=\"og:image:height\" content=\"630\" \/>\n\t\t<meta property=\"article:published_time\" content=\"2026-04-30T21:23:21+00:00\" \/>\n\t\t<meta property=\"article:modified_time\" content=\"2026-04-30T21:24:21+00:00\" \/>\n\t\t<meta property=\"article:publisher\" content=\"https:\/\/www.facebook.com\/staytvcr\" \/>\n\t\t<meta name=\"twitter:card\" content=\"summary_large_image\" \/>\n\t\t<meta name=\"twitter:title\" content=\"Bayer: Corte Suprema eval\u00faa frenar juicios por Roundup\" \/>\n\t\t<meta name=\"twitter:description\" content=\"La Corte Suprema de EE. UU. debate si bloquea demandas contra Bayer por el herbicida Roundup. El fallo definir\u00e1 el futuro de los reclamos por c\u00e1ncer.\" \/>\n\t\t<meta name=\"twitter:image\" content=\"https:\/\/staytv.cr\/wp-content\/uploads\/Sin-titulo-8-206.png\" \/>\n\t\t<script type=\"application\/ld+json\" class=\"aioseo-schema\">\n\t\t\t{\"@context\":\"https:\\\/\\\/schema.org\",\"@graph\":[{\"@type\":\"BreadcrumbList\",\"@id\":\"https:\\\/\\\/staytv.cr\\\/index.php\\\/2026\\\/04\\\/30\\\/corte-suprema-evalua-frenar-juicios-por-roundup\\\/#breadcrumblist\",\"itemListElement\":[{\"@type\":\"ListItem\",\"@id\":\"https:\\\/\\\/staytv.cr#listItem\",\"position\":1,\"name\":\"Home\",\"item\":\"https:\\\/\\\/staytv.cr\",\"nextItem\":{\"@type\":\"ListItem\",\"@id\":\"https:\\\/\\\/staytv.cr\\\/index.php\\\/category\\\/internacional\\\/#listItem\",\"name\":\"INTERNACIONAL\"}},{\"@type\":\"ListItem\",\"@id\":\"https:\\\/\\\/staytv.cr\\\/index.php\\\/category\\\/internacional\\\/#listItem\",\"position\":2,\"name\":\"INTERNACIONAL\",\"item\":\"https:\\\/\\\/staytv.cr\\\/index.php\\\/category\\\/internacional\\\/\",\"nextItem\":{\"@type\":\"ListItem\",\"@id\":\"https:\\\/\\\/staytv.cr\\\/index.php\\\/2026\\\/04\\\/30\\\/corte-suprema-evalua-frenar-juicios-por-roundup\\\/#listItem\",\"name\":\"Bayer vs La Corte Suprema: El juicio que definir\\u00e1 el futuro del glifosato en EE. UU.\"},\"previousItem\":{\"@type\":\"ListItem\",\"@id\":\"https:\\\/\\\/staytv.cr#listItem\",\"name\":\"Home\"}},{\"@type\":\"ListItem\",\"@id\":\"https:\\\/\\\/staytv.cr\\\/index.php\\\/2026\\\/04\\\/30\\\/corte-suprema-evalua-frenar-juicios-por-roundup\\\/#listItem\",\"position\":3,\"name\":\"Bayer vs La Corte Suprema: El juicio que definir\\u00e1 el futuro del glifosato en EE. UU.\",\"previousItem\":{\"@type\":\"ListItem\",\"@id\":\"https:\\\/\\\/staytv.cr\\\/index.php\\\/category\\\/internacional\\\/#listItem\",\"name\":\"INTERNACIONAL\"}}]},{\"@type\":\"Organization\",\"@id\":\"https:\\\/\\\/staytv.cr\\\/#organization\",\"name\":\"Stay TV\",\"description\":\"Stay TV es un medio digital de noticias con base en Centroam\\u00e9rica, con cobertura local e internacional desde una mirada asi\\u00e1tica.\",\"url\":\"https:\\\/\\\/staytv.cr\\\/\",\"logo\":{\"@type\":\"ImageObject\",\"url\":\"https:\\\/\\\/staytv.cr\\\/wp-content\\\/uploads\\\/cropped-StayTV_logo_oficial_simple.png\",\"@id\":\"https:\\\/\\\/staytv.cr\\\/index.php\\\/2026\\\/04\\\/30\\\/corte-suprema-evalua-frenar-juicios-por-roundup\\\/#organizationLogo\",\"width\":2560,\"height\":769},\"image\":{\"@id\":\"https:\\\/\\\/staytv.cr\\\/index.php\\\/2026\\\/04\\\/30\\\/corte-suprema-evalua-frenar-juicios-por-roundup\\\/#organizationLogo\"},\"sameAs\":[\"https:\\\/\\\/www.instagram.com\\\/staytvcr\\\/\"]},{\"@type\":\"Person\",\"@id\":\"https:\\\/\\\/staytv.cr\\\/index.php\\\/author\\\/ryantv\\\/#author\",\"url\":\"https:\\\/\\\/staytv.cr\\\/index.php\\\/author\\\/ryantv\\\/\",\"name\":\"Ryan\",\"image\":{\"@type\":\"ImageObject\",\"url\":\"https:\\\/\\\/secure.gravatar.com\\\/avatar\\\/f95152fd26e0540ce723631868753fd2ae822574fa609b52b1b123eea57755e2?s=96&d=mm&r=g\"}},{\"@type\":\"WebPage\",\"@id\":\"https:\\\/\\\/staytv.cr\\\/index.php\\\/2026\\\/04\\\/30\\\/corte-suprema-evalua-frenar-juicios-por-roundup\\\/#webpage\",\"url\":\"https:\\\/\\\/staytv.cr\\\/index.php\\\/2026\\\/04\\\/30\\\/corte-suprema-evalua-frenar-juicios-por-roundup\\\/\",\"name\":\"Bayer: Corte Suprema eval\\u00faa frenar juicios por Roundup\",\"description\":\"La Corte Suprema de EE. UU. debate si bloquea demandas contra Bayer por el herbicida Roundup. El fallo definir\\u00e1 el futuro de los reclamos por c\\u00e1ncer.\",\"inLanguage\":\"es-ES\",\"isPartOf\":{\"@id\":\"https:\\\/\\\/staytv.cr\\\/#website\"},\"breadcrumb\":{\"@id\":\"https:\\\/\\\/staytv.cr\\\/index.php\\\/2026\\\/04\\\/30\\\/corte-suprema-evalua-frenar-juicios-por-roundup\\\/#breadcrumblist\"},\"author\":{\"@id\":\"https:\\\/\\\/staytv.cr\\\/index.php\\\/author\\\/ryantv\\\/#author\"},\"creator\":{\"@id\":\"https:\\\/\\\/staytv.cr\\\/index.php\\\/author\\\/ryantv\\\/#author\"},\"image\":{\"@type\":\"ImageObject\",\"url\":\"https:\\\/\\\/staytv.cr\\\/wp-content\\\/uploads\\\/Sin-titulo-8-206.png\",\"@id\":\"https:\\\/\\\/staytv.cr\\\/index.php\\\/2026\\\/04\\\/30\\\/corte-suprema-evalua-frenar-juicios-por-roundup\\\/#mainImage\",\"width\":1200,\"height\":630,\"caption\":\"Bayer vs La Corte Suprema\"},\"primaryImageOfPage\":{\"@id\":\"https:\\\/\\\/staytv.cr\\\/index.php\\\/2026\\\/04\\\/30\\\/corte-suprema-evalua-frenar-juicios-por-roundup\\\/#mainImage\"},\"datePublished\":\"2026-04-30T15:23:21-06:00\",\"dateModified\":\"2026-04-30T15:24:21-06:00\"},{\"@type\":\"WebSite\",\"@id\":\"https:\\\/\\\/staytv.cr\\\/#website\",\"url\":\"https:\\\/\\\/staytv.cr\\\/\",\"name\":\"Staytv\",\"description\":\"Medio de comunicaci\\u00f3n digital de Costa Rica.\",\"inLanguage\":\"es-ES\",\"publisher\":{\"@id\":\"https:\\\/\\\/staytv.cr\\\/#organization\"}}]}\n\t\t<\/script>\n\t\t<!-- All in One SEO Pro -->\r\n\t\t<title>Bayer: Corte Suprema eval\u00faa frenar juicios por Roundup<\/title>\n\n","aioseo_head_json":{"title":"Bayer: Corte Suprema eval\u00faa frenar juicios por Roundup","description":"La Corte Suprema de EE. UU. debate si bloquea demandas contra Bayer por el herbicida Roundup. El fallo definir\u00e1 el futuro de los reclamos por c\u00e1ncer.","canonical_url":"https:\/\/staytv.cr\/index.php\/2026\/04\/30\/corte-suprema-evalua-frenar-juicios-por-roundup\/","robots":"max-image-preview:large","keywords":"","webmasterTools":{"miscellaneous":""},"schema":{"@context":"https:\/\/schema.org","@graph":[{"@type":"BreadcrumbList","@id":"https:\/\/staytv.cr\/index.php\/2026\/04\/30\/corte-suprema-evalua-frenar-juicios-por-roundup\/#breadcrumblist","itemListElement":[{"@type":"ListItem","@id":"https:\/\/staytv.cr#listItem","position":1,"name":"Home","item":"https:\/\/staytv.cr","nextItem":{"@type":"ListItem","@id":"https:\/\/staytv.cr\/index.php\/category\/internacional\/#listItem","name":"INTERNACIONAL"}},{"@type":"ListItem","@id":"https:\/\/staytv.cr\/index.php\/category\/internacional\/#listItem","position":2,"name":"INTERNACIONAL","item":"https:\/\/staytv.cr\/index.php\/category\/internacional\/","nextItem":{"@type":"ListItem","@id":"https:\/\/staytv.cr\/index.php\/2026\/04\/30\/corte-suprema-evalua-frenar-juicios-por-roundup\/#listItem","name":"Bayer vs La Corte Suprema: El juicio que definir\u00e1 el futuro del glifosato en EE. UU."},"previousItem":{"@type":"ListItem","@id":"https:\/\/staytv.cr#listItem","name":"Home"}},{"@type":"ListItem","@id":"https:\/\/staytv.cr\/index.php\/2026\/04\/30\/corte-suprema-evalua-frenar-juicios-por-roundup\/#listItem","position":3,"name":"Bayer vs La Corte Suprema: El juicio que definir\u00e1 el futuro del glifosato en EE. UU.","previousItem":{"@type":"ListItem","@id":"https:\/\/staytv.cr\/index.php\/category\/internacional\/#listItem","name":"INTERNACIONAL"}}]},{"@type":"Organization","@id":"https:\/\/staytv.cr\/#organization","name":"Stay TV","description":"Stay TV es un medio digital de noticias con base en Centroam\u00e9rica, con cobertura local e internacional desde una mirada asi\u00e1tica.","url":"https:\/\/staytv.cr\/","logo":{"@type":"ImageObject","url":"https:\/\/staytv.cr\/wp-content\/uploads\/cropped-StayTV_logo_oficial_simple.png","@id":"https:\/\/staytv.cr\/index.php\/2026\/04\/30\/corte-suprema-evalua-frenar-juicios-por-roundup\/#organizationLogo","width":2560,"height":769},"image":{"@id":"https:\/\/staytv.cr\/index.php\/2026\/04\/30\/corte-suprema-evalua-frenar-juicios-por-roundup\/#organizationLogo"},"sameAs":["https:\/\/www.instagram.com\/staytvcr\/"]},{"@type":"Person","@id":"https:\/\/staytv.cr\/index.php\/author\/ryantv\/#author","url":"https:\/\/staytv.cr\/index.php\/author\/ryantv\/","name":"Ryan","image":{"@type":"ImageObject","url":"https:\/\/secure.gravatar.com\/avatar\/f95152fd26e0540ce723631868753fd2ae822574fa609b52b1b123eea57755e2?s=96&d=mm&r=g"}},{"@type":"WebPage","@id":"https:\/\/staytv.cr\/index.php\/2026\/04\/30\/corte-suprema-evalua-frenar-juicios-por-roundup\/#webpage","url":"https:\/\/staytv.cr\/index.php\/2026\/04\/30\/corte-suprema-evalua-frenar-juicios-por-roundup\/","name":"Bayer: Corte Suprema eval\u00faa frenar juicios por Roundup","description":"La Corte Suprema de EE. UU. debate si bloquea demandas contra Bayer por el herbicida Roundup. El fallo definir\u00e1 el futuro de los reclamos por c\u00e1ncer.","inLanguage":"es-ES","isPartOf":{"@id":"https:\/\/staytv.cr\/#website"},"breadcrumb":{"@id":"https:\/\/staytv.cr\/index.php\/2026\/04\/30\/corte-suprema-evalua-frenar-juicios-por-roundup\/#breadcrumblist"},"author":{"@id":"https:\/\/staytv.cr\/index.php\/author\/ryantv\/#author"},"creator":{"@id":"https:\/\/staytv.cr\/index.php\/author\/ryantv\/#author"},"image":{"@type":"ImageObject","url":"https:\/\/staytv.cr\/wp-content\/uploads\/Sin-titulo-8-206.png","@id":"https:\/\/staytv.cr\/index.php\/2026\/04\/30\/corte-suprema-evalua-frenar-juicios-por-roundup\/#mainImage","width":1200,"height":630,"caption":"Bayer vs La Corte Suprema"},"primaryImageOfPage":{"@id":"https:\/\/staytv.cr\/index.php\/2026\/04\/30\/corte-suprema-evalua-frenar-juicios-por-roundup\/#mainImage"},"datePublished":"2026-04-30T15:23:21-06:00","dateModified":"2026-04-30T15:24:21-06:00"},{"@type":"WebSite","@id":"https:\/\/staytv.cr\/#website","url":"https:\/\/staytv.cr\/","name":"Staytv","description":"Medio de comunicaci\u00f3n digital de Costa Rica.","inLanguage":"es-ES","publisher":{"@id":"https:\/\/staytv.cr\/#organization"}}]},"og:locale":"es_ES","og:site_name":"Staytv - Medio de comunicaci\u00f3n digital de Costa Rica.","og:type":"article","og:title":"Bayer: Corte Suprema eval\u00faa frenar juicios por Roundup","og:description":"La Corte Suprema de EE. UU. debate si bloquea demandas contra Bayer por el herbicida Roundup. El fallo definir\u00e1 el futuro de los reclamos por c\u00e1ncer.","og:url":"https:\/\/staytv.cr\/index.php\/2026\/04\/30\/corte-suprema-evalua-frenar-juicios-por-roundup\/","og:image":"https:\/\/staytv.cr\/wp-content\/uploads\/Sin-titulo-8-206.png","og:image:secure_url":"https:\/\/staytv.cr\/wp-content\/uploads\/Sin-titulo-8-206.png","og:image:width":1200,"og:image:height":630,"article:published_time":"2026-04-30T21:23:21+00:00","article:modified_time":"2026-04-30T21:24:21+00:00","article:publisher":"https:\/\/www.facebook.com\/staytvcr","twitter:card":"summary_large_image","twitter:title":"Bayer: Corte Suprema eval\u00faa frenar juicios por Roundup","twitter:description":"La Corte Suprema de EE. UU. debate si bloquea demandas contra Bayer por el herbicida Roundup. El fallo definir\u00e1 el futuro de los reclamos por c\u00e1ncer.","twitter:image":"https:\/\/staytv.cr\/wp-content\/uploads\/Sin-titulo-8-206.png"},"aioseo_meta_data":{"post_id":"33247","title":"Bayer: Corte Suprema eval\u00faa frenar juicios por Roundup","description":"La Corte Suprema de EE. UU. debate si bloquea demandas contra Bayer por el herbicida Roundup. El fallo definir\u00e1 el futuro de los reclamos por c\u00e1ncer.","keywords":null,"keyphrases":{"focus":{"keyphrase":"Bayer","score":85,"analysis":{"keyphraseInTitle":{"score":9,"maxScore":9,"error":0},"keyphraseInDescription":{"score":9,"maxScore":9,"error":0},"keyphraseLength":{"score":9,"maxScore":9,"error":0,"length":1},"keyphraseInURL":{"score":1,"maxScore":5,"error":1},"keyphraseInIntroduction":{"score":9,"maxScore":9,"error":0},"keyphraseInSubHeadings":{"score":3,"maxScore":9,"error":1},"keyphraseInImageAlt":{"score":9,"maxScore":9,"error":0},"keywordDensity":{"type":"best","score":9,"maxScore":9,"error":0}}},"additional":[]},"canonical_url":null,"og_title":null,"og_description":null,"og_object_type":"default","og_image_type":"default","og_image_custom_url":null,"og_image_custom_fields":null,"og_custom_image_width":null,"og_custom_image_height":null,"og_video":"","og_custom_url":null,"og_article_section":null,"og_article_tags":null,"twitter_use_og":true,"twitter_card":"default","twitter_image_type":"default","twitter_image_custom_url":null,"twitter_image_custom_fields":null,"twitter_title":null,"twitter_description":null,"schema_type":null,"schema_type_options":null,"pillar_content":false,"robots_default":true,"robots_noindex":false,"robots_noarchive":false,"robots_nosnippet":false,"robots_nofollow":false,"robots_noimageindex":false,"robots_noodp":false,"robots_notranslate":false,"robots_max_snippet":"-1","robots_max_videopreview":"-1","robots_max_imagepreview":"large","tabs":null,"priority":null,"frequency":"default","local_seo":null,"created":"2026-04-29 10:02:38","updated":"2026-04-30 21:24:21"},"aioseo_breadcrumb":"<div class=\"aioseo-breadcrumbs\"><span class=\"aioseo-breadcrumb\">\n\t<a href=\"https:\/\/staytv.cr\" title=\"Home\">Home<\/a>\n<\/span><span class=\"aioseo-breadcrumb-separator\">&raquo;<\/span><span class=\"aioseo-breadcrumb\">\n\t<a href=\"https:\/\/staytv.cr\/index.php\/category\/internacional\/\" title=\"INTERNACIONAL\">INTERNACIONAL<\/a>\n<\/span><span class=\"aioseo-breadcrumb-separator\">&raquo;<\/span><span class=\"aioseo-breadcrumb\">\n\tBayer vs La Corte Suprema: El juicio que definir\u00e1 el futuro del glifosato en EE. UU.\n<\/span><\/div>","aioseo_breadcrumb_json":[{"label":"Home","link":"https:\/\/staytv.cr"},{"label":"INTERNACIONAL","link":"https:\/\/staytv.cr\/index.php\/category\/internacional\/"},{"label":"Bayer vs La Corte Suprema: El juicio que definir\u00e1 el futuro del glifosato en EE. UU.","link":"https:\/\/staytv.cr\/index.php\/2026\/04\/30\/corte-suprema-evalua-frenar-juicios-por-roundup\/"}],"_links":{"self":[{"href":"https:\/\/staytv.cr\/index.php\/wp-json\/wp\/v2\/posts\/33247","targetHints":{"allow":["GET"]}}],"collection":[{"href":"https:\/\/staytv.cr\/index.php\/wp-json\/wp\/v2\/posts"}],"about":[{"href":"https:\/\/staytv.cr\/index.php\/wp-json\/wp\/v2\/types\/post"}],"author":[{"embeddable":true,"href":"https:\/\/staytv.cr\/index.php\/wp-json\/wp\/v2\/users\/11"}],"replies":[{"embeddable":true,"href":"https:\/\/staytv.cr\/index.php\/wp-json\/wp\/v2\/comments?post=33247"}],"version-history":[{"count":3,"href":"https:\/\/staytv.cr\/index.php\/wp-json\/wp\/v2\/posts\/33247\/revisions"}],"predecessor-version":[{"id":33305,"href":"https:\/\/staytv.cr\/index.php\/wp-json\/wp\/v2\/posts\/33247\/revisions\/33305"}],"wp:featuredmedia":[{"embeddable":true,"href":"https:\/\/staytv.cr\/index.php\/wp-json\/wp\/v2\/media\/33306"}],"wp:attachment":[{"href":"https:\/\/staytv.cr\/index.php\/wp-json\/wp\/v2\/media?parent=33247"}],"wp:term":[{"taxonomy":"category","embeddable":true,"href":"https:\/\/staytv.cr\/index.php\/wp-json\/wp\/v2\/categories?post=33247"},{"taxonomy":"post_tag","embeddable":true,"href":"https:\/\/staytv.cr\/index.php\/wp-json\/wp\/v2\/tags?post=33247"}],"curies":[{"name":"wp","href":"https:\/\/api.w.org\/{rel}","templated":true}]}}