{"id":33307,"date":"2026-04-30T16:26:26","date_gmt":"2026-04-30T22:26:26","guid":{"rendered":"https:\/\/staytv.cr\/?p=33307"},"modified":"2026-04-30T16:28:03","modified_gmt":"2026-04-30T22:28:03","slug":"habra-protestas-el-8-de-mayo-la-policia-explica-como-intervendra-grupos-de-civil","status":"publish","type":"post","link":"https:\/\/staytv.cr\/index.php\/2026\/04\/30\/habra-protestas-el-8-de-mayo-la-policia-explica-como-intervendra-grupos-de-civil\/","title":{"rendered":"\u00bfHabr\u00e1 protestas el 8 de mayo? La polic\u00eda explica c\u00f3mo intervendr\u00e1 grupos de civil"},"content":{"rendered":"<p><span data-path-to-node=\"3,5,1,0\">Fuerza P\u00fablica garantiza seguridad 360\u00b0 para este <b data-path-to-node=\"3,5,1,0\" data-index-in-node=\"50\">8 de mayo<\/b>. Per\u00edmetros de 1 km, agentes civiles y control de grupos opositores en el Estadio Nacional.<\/span><!--more--><!-- CAJA DE VIDEO + DOFOLLOW (RESPONSIVE) --><\/p>\n<div style=\"margin: 20px 0; width: 100%;\">\n<p><!-- CONTENEDOR VIDEO 16:9 --><\/p>\n<div style=\"position: relative; width: 100%; padding-bottom: 56.25%; height: 0; overflow: hidden; border-radius: 12px;\"><iframe style=\"position: absolute; top: 0; left: 0; width: 100%; height: 100%; border: 0;\" data-src=\"https:\/\/www.youtube.com\/embed\/m8DdQglOpGM\" allowfullscreen=\"allowfullscreen\" src=\"data:image\/svg+xml;base64,PHN2ZyB3aWR0aD0iMSIgaGVpZ2h0PSIxIiB4bWxucz0iaHR0cDovL3d3dy53My5vcmcvMjAwMC9zdmciPjwvc3ZnPg==\" class=\"lazyload\" data-load-mode=\"1\"><br \/>\n<\/iframe><\/div>\n<p><!-- ENLACE DOFOLLOW (SIN ATRIBUTOS REL) --><\/p>\n<p style=\"margin-top: 12px; font-size: 15px;\"><strong>Recurso externo:<\/strong><br \/>\n<a href=\"https:\/\/youtu.be\/m8DdQglOpGM\">Ver video completo en YouTube<\/a><\/p>\n<\/div>\n<h1>Blindaje Total: Fuerza P\u00fablica aplicar\u00e1 seguridad \u00ab360 grados\u00bb y rastreo de inteligencia para el Traspaso de Poderes<\/h1>\n<p>Para contextualizar la magnitud de este evento, el <strong>Traspaso de Poderes<\/strong> es el acto constitucional donde se realiza el cambio de mando presidencial. En esta ocasi\u00f3n, el <strong>Estadio Nacional<\/strong> funcionar\u00e1 como el epicentro de la ceremonia, recibiendo a delegaciones internacionales y mandatarios de todo el mundo. La <strong>Fuerza P\u00fablica<\/strong>, en coordinaci\u00f3n con la Direcci\u00f3n de Inteligencia y An\u00e1lisis Criminal, ha dise\u00f1ado un operativo para neutralizar riesgos de disturbios o infiltraciones de grupos opositores. Para m\u00e1s detalles sobre esta fiesta patria, visite nuestra secci\u00f3n <a href=\"https:\/\/staytv.cr\/index.php\/category\/nacional\/\">Nacional<\/a>.<\/p>\n<p>Este jueves 30 de abril de 2026, las autoridades de seguridad brindaron detalles sobre el plan preventivo para el pr\u00f3ximo <strong>8 de mayo<\/strong>. El objetivo es garantizar que la actividad transcurra sin incidentes, protegiendo tanto a invitados especiales como a la ciudadan\u00eda en general.<\/p>\n<p><!-- TABLA FORMATO DIV CON SOMBRAS: TRIAGE DEL OPERATIVO DE SEGURIDAD --><\/p>\n<div style=\"width: 100%; font-family: 'Segoe UI', Tahoma, Geneva, Verdana, sans-serif; margin: 30px 0; border-radius: 12px; overflow: hidden; box-shadow: 0 10px 25px rgba(0,0,0,0.15); border: 1px solid #eee;\">\n<div style=\"background-color: #1a237e; color: #ffffff; padding: 18px; text-align: center; font-weight: bold; font-size: 1.3em; letter-spacing: 1px;\">PLAN OPERATIVO: TRASPASO DE PODERES 2026<\/div>\n<div style=\"display: flex; border-bottom: 1px solid #eee; background-color: #ffffff;\">\n<div style=\"flex: 1; padding: 15px; font-weight: bold; color: #333; background-color: #f9f9f9; border-right: 1px solid #eee;\">Alcance del Per\u00edmetro<\/div>\n<div style=\"flex: 2; padding: 15px; color: #1a237e; font-weight: bold;\">Seguridad 360\u00b0 en un radio de m\u00e1s de 1 km desde el Estadio Nacional.<\/div>\n<\/div>\n<div style=\"display: flex; border-bottom: 1px solid #eee; background-color: #ffffff;\">\n<div style=\"flex: 1; padding: 15px; font-weight: bold; color: #333; background-color: #f9f9f9; border-right: 1px solid #eee;\">Inteligencia Policial<\/div>\n<div style=\"flex: 2; padding: 15px; color: #555;\">Oficiales de civil identificar\u00e1n e individualizar\u00e1n grupos organizados de previo.<\/div>\n<\/div>\n<div style=\"display: flex; border-bottom: 1px solid #eee; background-color: #ffffff;\">\n<div style=\"flex: 1; padding: 15px; font-weight: bold; color: #333; background-color: #f9f9f9; border-right: 1px solid #eee;\">Fases del Operativo<\/div>\n<div style=\"flex: 2; padding: 15px; color: #d32f2f; font-weight: bold;\">Acciones preventivas antes, durante y despu\u00e9s de la ceremonia.<\/div>\n<\/div>\n<div style=\"display: flex; background-color: #ffffff;\">\n<div style=\"flex: 1; padding: 15px; font-weight: bold; color: #333; background-color: #f9f9f9; border-right: 1px solid #eee;\">Control de Disturbios<\/div>\n<div style=\"flex: 2; padding: 15px; color: #2e7d32; font-weight: bold;\">Grupos especializados en contenci\u00f3n listos en avenidas de aproximaci\u00f3n.<\/div>\n<\/div>\n<\/div>\n<h2>Prevenci\u00f3n de infiltraciones y disturbios<\/h2>\n<p>Ante la consulta sobre posibles manifestaciones de opositores, la Fuerza P\u00fablica confirm\u00f3 que mantiene un monitoreo constante desde el centro de San Jos\u00e9 y otros puntos estrat\u00e9gicos. La estrategia incluye la intervenci\u00f3n previa de grupos que pretendan desplazarse hacia el estadio con la intenci\u00f3n de generar violencia. Adem\u00e1s, se mantendr\u00e1 un asueto administrativo confirmado por la Contralor\u00eda General para facilitar la log\u00edstica y seguridad en la capital durante el evento.<\/p>\n<blockquote><p>\u201cTenemos seguridad 360 grados alrededor de todo el estadio y en un per\u00edmetro que abarca m\u00e1s de 1 km de distancia. La seguridad est\u00e1 garantizada.\u201d<\/p><\/blockquote>\n<h2>Fuentes<\/h2>\n<ul>\n<li><strong>Fuerza P\u00fablica de Costa Rica:<\/strong> Declaraciones oficiales sobre el operativo del 8 de mayo.<\/li>\n<li><strong>Contralor\u00eda General de la Rep\u00fablica:<\/strong> Resoluci\u00f3n R-DC-00043-2026 sobre asueto nacional.<\/li>\n<\/ul>\n<p>Siga todos los detalles del Traspaso de Poderes en STAY TV: <a href=\"https:\/\/staytv.cr\">https:\/\/staytv.cr<\/a><\/p>\n<p>&nbsp;<\/p>\n","protected":false},"excerpt":{"rendered":"<p>Fuerza P\u00fablica garantiza seguridad 360\u00b0 para este 8 de mayo. Per\u00edmetros de 1 km, agentes civiles y control de grupos opositores en el Estadio Nacional.<\/p>\n","protected":false},"author":10,"featured_media":33309,"comment_status":"open","ping_status":"open","sticky":false,"template":"","format":"standard","meta":{"episode_type":"","audio_file":"","podmotor_file_id":"","podmotor_episode_id":"","cover_image":"","cover_image_id":"","duration":"","filesize":"","filesize_raw":"","date_recorded":"","explicit":"","block":"","itunes_episode_number":"","itunes_title":"","itunes_season_number":"","itunes_episode_type":"","footnotes":""},"categories":[13],"tags":[6490,2456,171,6021,157,3678],"class_list":{"0":"post-33307","1":"post","2":"type-post","3":"status-publish","4":"format-standard","5":"has-post-thumbnail","7":"category-nacional","8":"tag-8-de-mayo","9":"tag-estadio-nacional","10":"tag-fuerza-publica","11":"tag-nacional","12":"tag-seguridad","13":"tag-traspaso-de-poderes"},"aioseo_notices":[],"aioseo_head":"\n\t\t<!-- All in One SEO Pro 4.8.3.2 - aioseo.com -->\n\t<meta name=\"description\" content=\"Fuerza P\u00fablica garantiza seguridad 360\u00b0 para este 8 de mayo. Per\u00edmetros de 1 km, agentes civiles y control de grupos opositores en el Estadio Nacional.\" \/>\n\t<meta name=\"robots\" content=\"max-image-preview:large\" \/>\n\t<meta name=\"author\" content=\"Diego Molina\"\/>\n\t<link rel=\"canonical\" href=\"https:\/\/staytv.cr\/index.php\/2026\/04\/30\/habra-protestas-el-8-de-mayo-la-policia-explica-como-intervendra-grupos-de-civil\/\" \/>\n\t<meta name=\"generator\" content=\"All in One SEO Pro (AIOSEO) 4.8.3.2\" \/>\n\t\t<meta property=\"og:locale\" content=\"es_ES\" \/>\n\t\t<meta property=\"og:site_name\" content=\"Staytv - Medio de comunicaci\u00f3n digital de Costa Rica.\" \/>\n\t\t<meta property=\"og:type\" content=\"article\" \/>\n\t\t<meta property=\"og:title\" content=\"8 de mayo: Seguridad 360\u00b0 para el Traspaso de Poderes\" \/>\n\t\t<meta property=\"og:description\" content=\"Fuerza P\u00fablica garantiza seguridad 360\u00b0 para este 8 de mayo. Per\u00edmetros de 1 km, agentes civiles y control de grupos opositores en el Estadio Nacional.\" \/>\n\t\t<meta property=\"og:url\" content=\"https:\/\/staytv.cr\/index.php\/2026\/04\/30\/habra-protestas-el-8-de-mayo-la-policia-explica-como-intervendra-grupos-de-civil\/\" \/>\n\t\t<meta property=\"og:image\" content=\"https:\/\/staytv.cr\/wp-content\/uploads\/Sin-titulo-9-192.png\" \/>\n\t\t<meta property=\"og:image:secure_url\" content=\"https:\/\/staytv.cr\/wp-content\/uploads\/Sin-titulo-9-192.png\" \/>\n\t\t<meta property=\"og:image:width\" content=\"1200\" \/>\n\t\t<meta property=\"og:image:height\" content=\"630\" \/>\n\t\t<meta property=\"article:published_time\" content=\"2026-04-30T22:26:26+00:00\" \/>\n\t\t<meta property=\"article:modified_time\" content=\"2026-04-30T22:28:03+00:00\" \/>\n\t\t<meta property=\"article:publisher\" content=\"https:\/\/www.facebook.com\/staytvcr\" \/>\n\t\t<meta name=\"twitter:card\" content=\"summary_large_image\" \/>\n\t\t<meta name=\"twitter:title\" content=\"8 de mayo: Seguridad 360\u00b0 para el Traspaso de Poderes\" \/>\n\t\t<meta name=\"twitter:description\" content=\"Fuerza P\u00fablica garantiza seguridad 360\u00b0 para este 8 de mayo. Per\u00edmetros de 1 km, agentes civiles y control de grupos opositores en el Estadio Nacional.\" \/>\n\t\t<meta name=\"twitter:image\" content=\"https:\/\/staytv.cr\/wp-content\/uploads\/Sin-titulo-9-192.png\" \/>\n\t\t<script type=\"application\/ld+json\" class=\"aioseo-schema\">\n\t\t\t{\"@context\":\"https:\\\/\\\/schema.org\",\"@graph\":[{\"@type\":\"BreadcrumbList\",\"@id\":\"https:\\\/\\\/staytv.cr\\\/index.php\\\/2026\\\/04\\\/30\\\/habra-protestas-el-8-de-mayo-la-policia-explica-como-intervendra-grupos-de-civil\\\/#breadcrumblist\",\"itemListElement\":[{\"@type\":\"ListItem\",\"@id\":\"https:\\\/\\\/staytv.cr#listItem\",\"position\":1,\"name\":\"Home\",\"item\":\"https:\\\/\\\/staytv.cr\",\"nextItem\":{\"@type\":\"ListItem\",\"@id\":\"https:\\\/\\\/staytv.cr\\\/index.php\\\/category\\\/nacional\\\/#listItem\",\"name\":\"NACIONAL\"}},{\"@type\":\"ListItem\",\"@id\":\"https:\\\/\\\/staytv.cr\\\/index.php\\\/category\\\/nacional\\\/#listItem\",\"position\":2,\"name\":\"NACIONAL\",\"item\":\"https:\\\/\\\/staytv.cr\\\/index.php\\\/category\\\/nacional\\\/\",\"nextItem\":{\"@type\":\"ListItem\",\"@id\":\"https:\\\/\\\/staytv.cr\\\/index.php\\\/2026\\\/04\\\/30\\\/habra-protestas-el-8-de-mayo-la-policia-explica-como-intervendra-grupos-de-civil\\\/#listItem\",\"name\":\"\\u00bfHabr\\u00e1 protestas el 8 de mayo? La polic\\u00eda explica c\\u00f3mo intervendr\\u00e1 grupos de civil\"},\"previousItem\":{\"@type\":\"ListItem\",\"@id\":\"https:\\\/\\\/staytv.cr#listItem\",\"name\":\"Home\"}},{\"@type\":\"ListItem\",\"@id\":\"https:\\\/\\\/staytv.cr\\\/index.php\\\/2026\\\/04\\\/30\\\/habra-protestas-el-8-de-mayo-la-policia-explica-como-intervendra-grupos-de-civil\\\/#listItem\",\"position\":3,\"name\":\"\\u00bfHabr\\u00e1 protestas el 8 de mayo? La polic\\u00eda explica c\\u00f3mo intervendr\\u00e1 grupos de civil\",\"previousItem\":{\"@type\":\"ListItem\",\"@id\":\"https:\\\/\\\/staytv.cr\\\/index.php\\\/category\\\/nacional\\\/#listItem\",\"name\":\"NACIONAL\"}}]},{\"@type\":\"Organization\",\"@id\":\"https:\\\/\\\/staytv.cr\\\/#organization\",\"name\":\"Stay TV\",\"description\":\"Stay TV es un medio digital de noticias con base en Centroam\\u00e9rica, con cobertura local e internacional desde una mirada asi\\u00e1tica.\",\"url\":\"https:\\\/\\\/staytv.cr\\\/\",\"logo\":{\"@type\":\"ImageObject\",\"url\":\"https:\\\/\\\/staytv.cr\\\/wp-content\\\/uploads\\\/cropped-StayTV_logo_oficial_simple.png\",\"@id\":\"https:\\\/\\\/staytv.cr\\\/index.php\\\/2026\\\/04\\\/30\\\/habra-protestas-el-8-de-mayo-la-policia-explica-como-intervendra-grupos-de-civil\\\/#organizationLogo\",\"width\":2560,\"height\":769},\"image\":{\"@id\":\"https:\\\/\\\/staytv.cr\\\/index.php\\\/2026\\\/04\\\/30\\\/habra-protestas-el-8-de-mayo-la-policia-explica-como-intervendra-grupos-de-civil\\\/#organizationLogo\"},\"sameAs\":[\"https:\\\/\\\/www.instagram.com\\\/staytvcr\\\/\"]},{\"@type\":\"Person\",\"@id\":\"https:\\\/\\\/staytv.cr\\\/index.php\\\/author\\\/diegostaytv\\\/#author\",\"url\":\"https:\\\/\\\/staytv.cr\\\/index.php\\\/author\\\/diegostaytv\\\/\",\"name\":\"Diego Molina\",\"image\":{\"@type\":\"ImageObject\",\"url\":\"https:\\\/\\\/secure.gravatar.com\\\/avatar\\\/7d23cb63381aa64750c7e76727c208369ebd6f2565e9dc4c62e323b1ea59af41?s=96&d=mm&r=g\"}},{\"@type\":\"WebPage\",\"@id\":\"https:\\\/\\\/staytv.cr\\\/index.php\\\/2026\\\/04\\\/30\\\/habra-protestas-el-8-de-mayo-la-policia-explica-como-intervendra-grupos-de-civil\\\/#webpage\",\"url\":\"https:\\\/\\\/staytv.cr\\\/index.php\\\/2026\\\/04\\\/30\\\/habra-protestas-el-8-de-mayo-la-policia-explica-como-intervendra-grupos-de-civil\\\/\",\"name\":\"8 de mayo: Seguridad 360\\u00b0 para el Traspaso de Poderes\",\"description\":\"Fuerza P\\u00fablica garantiza seguridad 360\\u00b0 para este 8 de mayo. Per\\u00edmetros de 1 km, agentes civiles y control de grupos opositores en el Estadio Nacional.\",\"inLanguage\":\"es-ES\",\"isPartOf\":{\"@id\":\"https:\\\/\\\/staytv.cr\\\/#website\"},\"breadcrumb\":{\"@id\":\"https:\\\/\\\/staytv.cr\\\/index.php\\\/2026\\\/04\\\/30\\\/habra-protestas-el-8-de-mayo-la-policia-explica-como-intervendra-grupos-de-civil\\\/#breadcrumblist\"},\"author\":{\"@id\":\"https:\\\/\\\/staytv.cr\\\/index.php\\\/author\\\/diegostaytv\\\/#author\"},\"creator\":{\"@id\":\"https:\\\/\\\/staytv.cr\\\/index.php\\\/author\\\/diegostaytv\\\/#author\"},\"image\":{\"@type\":\"ImageObject\",\"url\":\"https:\\\/\\\/staytv.cr\\\/wp-content\\\/uploads\\\/Sin-titulo-9-192.png\",\"@id\":\"https:\\\/\\\/staytv.cr\\\/index.php\\\/2026\\\/04\\\/30\\\/habra-protestas-el-8-de-mayo-la-policia-explica-como-intervendra-grupos-de-civil\\\/#mainImage\",\"width\":1200,\"height\":630,\"caption\":\"8 de mayo\"},\"primaryImageOfPage\":{\"@id\":\"https:\\\/\\\/staytv.cr\\\/index.php\\\/2026\\\/04\\\/30\\\/habra-protestas-el-8-de-mayo-la-policia-explica-como-intervendra-grupos-de-civil\\\/#mainImage\"},\"datePublished\":\"2026-04-30T16:26:26-06:00\",\"dateModified\":\"2026-04-30T16:28:03-06:00\"},{\"@type\":\"WebSite\",\"@id\":\"https:\\\/\\\/staytv.cr\\\/#website\",\"url\":\"https:\\\/\\\/staytv.cr\\\/\",\"name\":\"Staytv\",\"description\":\"Medio de comunicaci\\u00f3n digital de Costa Rica.\",\"inLanguage\":\"es-ES\",\"publisher\":{\"@id\":\"https:\\\/\\\/staytv.cr\\\/#organization\"}}]}\n\t\t<\/script>\n\t\t<!-- All in One SEO Pro -->\r\n\t\t<title>8 de mayo: Seguridad 360\u00b0 para el Traspaso de Poderes<\/title>\n\n","aioseo_head_json":{"title":"8 de mayo: Seguridad 360\u00b0 para el Traspaso de Poderes","description":"Fuerza P\u00fablica garantiza seguridad 360\u00b0 para este 8 de mayo. Per\u00edmetros de 1 km, agentes civiles y control de grupos opositores en el Estadio Nacional.","canonical_url":"https:\/\/staytv.cr\/index.php\/2026\/04\/30\/habra-protestas-el-8-de-mayo-la-policia-explica-como-intervendra-grupos-de-civil\/","robots":"max-image-preview:large","keywords":"","webmasterTools":{"miscellaneous":""},"schema":{"@context":"https:\/\/schema.org","@graph":[{"@type":"BreadcrumbList","@id":"https:\/\/staytv.cr\/index.php\/2026\/04\/30\/habra-protestas-el-8-de-mayo-la-policia-explica-como-intervendra-grupos-de-civil\/#breadcrumblist","itemListElement":[{"@type":"ListItem","@id":"https:\/\/staytv.cr#listItem","position":1,"name":"Home","item":"https:\/\/staytv.cr","nextItem":{"@type":"ListItem","@id":"https:\/\/staytv.cr\/index.php\/category\/nacional\/#listItem","name":"NACIONAL"}},{"@type":"ListItem","@id":"https:\/\/staytv.cr\/index.php\/category\/nacional\/#listItem","position":2,"name":"NACIONAL","item":"https:\/\/staytv.cr\/index.php\/category\/nacional\/","nextItem":{"@type":"ListItem","@id":"https:\/\/staytv.cr\/index.php\/2026\/04\/30\/habra-protestas-el-8-de-mayo-la-policia-explica-como-intervendra-grupos-de-civil\/#listItem","name":"\u00bfHabr\u00e1 protestas el 8 de mayo? La polic\u00eda explica c\u00f3mo intervendr\u00e1 grupos de civil"},"previousItem":{"@type":"ListItem","@id":"https:\/\/staytv.cr#listItem","name":"Home"}},{"@type":"ListItem","@id":"https:\/\/staytv.cr\/index.php\/2026\/04\/30\/habra-protestas-el-8-de-mayo-la-policia-explica-como-intervendra-grupos-de-civil\/#listItem","position":3,"name":"\u00bfHabr\u00e1 protestas el 8 de mayo? La polic\u00eda explica c\u00f3mo intervendr\u00e1 grupos de civil","previousItem":{"@type":"ListItem","@id":"https:\/\/staytv.cr\/index.php\/category\/nacional\/#listItem","name":"NACIONAL"}}]},{"@type":"Organization","@id":"https:\/\/staytv.cr\/#organization","name":"Stay TV","description":"Stay TV es un medio digital de noticias con base en Centroam\u00e9rica, con cobertura local e internacional desde una mirada asi\u00e1tica.","url":"https:\/\/staytv.cr\/","logo":{"@type":"ImageObject","url":"https:\/\/staytv.cr\/wp-content\/uploads\/cropped-StayTV_logo_oficial_simple.png","@id":"https:\/\/staytv.cr\/index.php\/2026\/04\/30\/habra-protestas-el-8-de-mayo-la-policia-explica-como-intervendra-grupos-de-civil\/#organizationLogo","width":2560,"height":769},"image":{"@id":"https:\/\/staytv.cr\/index.php\/2026\/04\/30\/habra-protestas-el-8-de-mayo-la-policia-explica-como-intervendra-grupos-de-civil\/#organizationLogo"},"sameAs":["https:\/\/www.instagram.com\/staytvcr\/"]},{"@type":"Person","@id":"https:\/\/staytv.cr\/index.php\/author\/diegostaytv\/#author","url":"https:\/\/staytv.cr\/index.php\/author\/diegostaytv\/","name":"Diego Molina","image":{"@type":"ImageObject","url":"https:\/\/secure.gravatar.com\/avatar\/7d23cb63381aa64750c7e76727c208369ebd6f2565e9dc4c62e323b1ea59af41?s=96&d=mm&r=g"}},{"@type":"WebPage","@id":"https:\/\/staytv.cr\/index.php\/2026\/04\/30\/habra-protestas-el-8-de-mayo-la-policia-explica-como-intervendra-grupos-de-civil\/#webpage","url":"https:\/\/staytv.cr\/index.php\/2026\/04\/30\/habra-protestas-el-8-de-mayo-la-policia-explica-como-intervendra-grupos-de-civil\/","name":"8 de mayo: Seguridad 360\u00b0 para el Traspaso de Poderes","description":"Fuerza P\u00fablica garantiza seguridad 360\u00b0 para este 8 de mayo. Per\u00edmetros de 1 km, agentes civiles y control de grupos opositores en el Estadio Nacional.","inLanguage":"es-ES","isPartOf":{"@id":"https:\/\/staytv.cr\/#website"},"breadcrumb":{"@id":"https:\/\/staytv.cr\/index.php\/2026\/04\/30\/habra-protestas-el-8-de-mayo-la-policia-explica-como-intervendra-grupos-de-civil\/#breadcrumblist"},"author":{"@id":"https:\/\/staytv.cr\/index.php\/author\/diegostaytv\/#author"},"creator":{"@id":"https:\/\/staytv.cr\/index.php\/author\/diegostaytv\/#author"},"image":{"@type":"ImageObject","url":"https:\/\/staytv.cr\/wp-content\/uploads\/Sin-titulo-9-192.png","@id":"https:\/\/staytv.cr\/index.php\/2026\/04\/30\/habra-protestas-el-8-de-mayo-la-policia-explica-como-intervendra-grupos-de-civil\/#mainImage","width":1200,"height":630,"caption":"8 de mayo"},"primaryImageOfPage":{"@id":"https:\/\/staytv.cr\/index.php\/2026\/04\/30\/habra-protestas-el-8-de-mayo-la-policia-explica-como-intervendra-grupos-de-civil\/#mainImage"},"datePublished":"2026-04-30T16:26:26-06:00","dateModified":"2026-04-30T16:28:03-06:00"},{"@type":"WebSite","@id":"https:\/\/staytv.cr\/#website","url":"https:\/\/staytv.cr\/","name":"Staytv","description":"Medio de comunicaci\u00f3n digital de Costa Rica.","inLanguage":"es-ES","publisher":{"@id":"https:\/\/staytv.cr\/#organization"}}]},"og:locale":"es_ES","og:site_name":"Staytv - Medio de comunicaci\u00f3n digital de Costa Rica.","og:type":"article","og:title":"8 de mayo: Seguridad 360\u00b0 para el Traspaso de Poderes","og:description":"Fuerza P\u00fablica garantiza seguridad 360\u00b0 para este 8 de mayo. Per\u00edmetros de 1 km, agentes civiles y control de grupos opositores en el Estadio Nacional.","og:url":"https:\/\/staytv.cr\/index.php\/2026\/04\/30\/habra-protestas-el-8-de-mayo-la-policia-explica-como-intervendra-grupos-de-civil\/","og:image":"https:\/\/staytv.cr\/wp-content\/uploads\/Sin-titulo-9-192.png","og:image:secure_url":"https:\/\/staytv.cr\/wp-content\/uploads\/Sin-titulo-9-192.png","og:image:width":1200,"og:image:height":630,"article:published_time":"2026-04-30T22:26:26+00:00","article:modified_time":"2026-04-30T22:28:03+00:00","article:publisher":"https:\/\/www.facebook.com\/staytvcr","twitter:card":"summary_large_image","twitter:title":"8 de mayo: Seguridad 360\u00b0 para el Traspaso de Poderes","twitter:description":"Fuerza P\u00fablica garantiza seguridad 360\u00b0 para este 8 de mayo. Per\u00edmetros de 1 km, agentes civiles y control de grupos opositores en el Estadio Nacional.","twitter:image":"https:\/\/staytv.cr\/wp-content\/uploads\/Sin-titulo-9-192.png"},"aioseo_meta_data":{"post_id":"33307","title":"8 de mayo: Seguridad 360\u00b0 para el Traspaso de Poderes","description":"Fuerza P\u00fablica garantiza seguridad 360\u00b0 para este 8 de mayo. Per\u00edmetros de 1 km, agentes civiles y control de grupos opositores en el Estadio Nacional.","keywords":null,"keyphrases":{"focus":{"keyphrase":"8 de mayo","score":82,"analysis":{"keyphraseInTitle":{"score":9,"maxScore":9,"error":0},"keyphraseInDescription":{"score":9,"maxScore":9,"error":0},"keyphraseLength":{"score":9,"maxScore":9,"error":0,"length":3},"keyphraseInURL":{"score":5,"maxScore":5,"error":0},"keyphraseInIntroduction":{"score":9,"maxScore":9,"error":0},"keyphraseInSubHeadings":{"score":3,"maxScore":9,"error":1},"keyphraseInImageAlt":{"score":3,"maxScore":9,"error":1},"keywordDensity":{"type":"best","score":9,"maxScore":9,"error":0}}},"additional":[]},"canonical_url":null,"og_title":null,"og_description":null,"og_object_type":"default","og_image_type":"default","og_image_custom_url":null,"og_image_custom_fields":null,"og_custom_image_width":null,"og_custom_image_height":null,"og_video":"","og_custom_url":null,"og_article_section":null,"og_article_tags":null,"twitter_use_og":true,"twitter_card":"default","twitter_image_type":"default","twitter_image_custom_url":null,"twitter_image_custom_fields":null,"twitter_title":null,"twitter_description":null,"schema_type":null,"schema_type_options":null,"pillar_content":false,"robots_default":true,"robots_noindex":false,"robots_noarchive":false,"robots_nosnippet":false,"robots_nofollow":false,"robots_noimageindex":false,"robots_noodp":false,"robots_notranslate":false,"robots_max_snippet":"-1","robots_max_videopreview":"-1","robots_max_imagepreview":"none","tabs":null,"priority":null,"frequency":"default","local_seo":null,"created":"2026-04-30 22:11:34","updated":"2026-04-30 22:28:03"},"aioseo_breadcrumb":"<div class=\"aioseo-breadcrumbs\"><span class=\"aioseo-breadcrumb\">\n\t<a href=\"https:\/\/staytv.cr\" title=\"Home\">Home<\/a>\n<\/span><span class=\"aioseo-breadcrumb-separator\">&raquo;<\/span><span class=\"aioseo-breadcrumb\">\n\t<a href=\"https:\/\/staytv.cr\/index.php\/category\/nacional\/\" title=\"NACIONAL\">NACIONAL<\/a>\n<\/span><span class=\"aioseo-breadcrumb-separator\">&raquo;<\/span><span class=\"aioseo-breadcrumb\">\n\t\u00bfHabr\u00e1 protestas el 8 de mayo? La polic\u00eda explica c\u00f3mo intervendr\u00e1 grupos de civil\n<\/span><\/div>","aioseo_breadcrumb_json":[{"label":"Home","link":"https:\/\/staytv.cr"},{"label":"NACIONAL","link":"https:\/\/staytv.cr\/index.php\/category\/nacional\/"},{"label":"\u00bfHabr\u00e1 protestas el 8 de mayo? La polic\u00eda explica c\u00f3mo intervendr\u00e1 grupos de civil","link":"https:\/\/staytv.cr\/index.php\/2026\/04\/30\/habra-protestas-el-8-de-mayo-la-policia-explica-como-intervendra-grupos-de-civil\/"}],"_links":{"self":[{"href":"https:\/\/staytv.cr\/index.php\/wp-json\/wp\/v2\/posts\/33307","targetHints":{"allow":["GET"]}}],"collection":[{"href":"https:\/\/staytv.cr\/index.php\/wp-json\/wp\/v2\/posts"}],"about":[{"href":"https:\/\/staytv.cr\/index.php\/wp-json\/wp\/v2\/types\/post"}],"author":[{"embeddable":true,"href":"https:\/\/staytv.cr\/index.php\/wp-json\/wp\/v2\/users\/10"}],"replies":[{"embeddable":true,"href":"https:\/\/staytv.cr\/index.php\/wp-json\/wp\/v2\/comments?post=33307"}],"version-history":[{"count":1,"href":"https:\/\/staytv.cr\/index.php\/wp-json\/wp\/v2\/posts\/33307\/revisions"}],"predecessor-version":[{"id":33308,"href":"https:\/\/staytv.cr\/index.php\/wp-json\/wp\/v2\/posts\/33307\/revisions\/33308"}],"wp:featuredmedia":[{"embeddable":true,"href":"https:\/\/staytv.cr\/index.php\/wp-json\/wp\/v2\/media\/33309"}],"wp:attachment":[{"href":"https:\/\/staytv.cr\/index.php\/wp-json\/wp\/v2\/media?parent=33307"}],"wp:term":[{"taxonomy":"category","embeddable":true,"href":"https:\/\/staytv.cr\/index.php\/wp-json\/wp\/v2\/categories?post=33307"},{"taxonomy":"post_tag","embeddable":true,"href":"https:\/\/staytv.cr\/index.php\/wp-json\/wp\/v2\/tags?post=33307"}],"curies":[{"name":"wp","href":"https:\/\/api.w.org\/{rel}","templated":true}]}}