{"id":33310,"date":"2026-04-30T16:53:12","date_gmt":"2026-04-30T22:53:12","guid":{"rendered":"https:\/\/staytv.cr\/?p=33310"},"modified":"2026-04-30T16:53:12","modified_gmt":"2026-04-30T22:53:12","slug":"golpe-en-moin-asi-cayeron-los-responsables-de-contaminar-contenedores-de-fruta","status":"publish","type":"post","link":"https:\/\/staytv.cr\/index.php\/2026\/04\/30\/golpe-en-moin-asi-cayeron-los-responsables-de-contaminar-contenedores-de-fruta\/","title":{"rendered":"Golpe en Mo\u00edn: As\u00ed cayeron los responsables de contaminar contenedores de fruta"},"content":{"rendered":"<p>La PCD detuvo a dos costarricenses vinculados al env\u00edo de 810 kilos de coca\u00edna a Reino Unido. La Operaci\u00f3n Soberan\u00eda ya suma 860 mil contenedores escaneados.<!--more--><br \/>\n<!-- CAJA DE VIDEO + DOFOLLOW (RESPONSIVE) --><\/p>\n<div style=\"margin:20px 0; width:100%;\">\n<p>  <!-- CONTENEDOR VIDEO 16:9 --><\/p>\n<div style=\"position:relative; width:100%; padding-bottom:56.25%; height:0; overflow:hidden; border-radius:12px;\">\n    <iframe\n      data-src=\"https:\/\/www.youtube.com\/embed\/7t7g5v_Koo4\"\n      style=\"position:absolute; top:0; left:0; width:100%; height:100%; border:0;\"\n      allowfullscreen\n      src=\"data:image\/svg+xml;base64,PHN2ZyB3aWR0aD0iMSIgaGVpZ2h0PSIxIiB4bWxucz0iaHR0cDovL3d3dy53My5vcmcvMjAwMC9zdmciPjwvc3ZnPg==\" class=\"lazyload\" data-load-mode=\"1\"><br \/>\n    <\/iframe>\n  <\/div>\n<p>  <!-- ENLACE DOFOLLOW (SIN ATRIBUTOS REL) --><\/p>\n<p style=\"margin-top:12px; font-size:15px;\">\n    <strong>Recurso externo:<\/strong><br \/>\n    <a href=\"https:\/\/youtu.be\/7t7g5v_Koo4\">Ver video completo en YouTube<\/a>\n  <\/p>\n<\/div>\n<h1>Golpe al Narcotr\u00e1fico: PCD detiene a sospechosos de enviar 810 kilos de coca\u00edna a Reino Unido tras operativo en Mo\u00edn<\/h1>\n<p>Para contextualizar este hito en seguridad, la <strong>Operaci\u00f3n Soberan\u00eda<\/strong> es la estrategia estatal integral que busca retomar el control de los puertos mediante el escaneo del 100% de la carga, utilizando tecnolog\u00eda de punta para detectar sustancias il\u00edcitas. Por su parte, la <strong>PCD (Polic\u00eda de Control de Drogas)<\/strong> es el cuerpo especializado encargado de las investigaciones internas para desarticular a los grupos que \u00abcontaminan\u00bb contenedores de exportaci\u00f3n leg\u00edtima. Esta labor es vital para proteger el buen nombre del comercio exterior costarricense. Para m\u00e1s reportes de impacto, visite nuestra secci\u00f3n de <a href=\"https:\/\/staytv.cr\/index.php\/category\/sucesos\/\">Sucesos<\/a>.<\/p>\n<p>Este jueves 30 de abril de 2026, las autoridades informaron sobre la detenci\u00f3n de dos sujetos costarricenses vinculados a un decomiso de droga realizado el a\u00f1o anterior en la terminal de <strong>APM Terminals<\/strong> en Mo\u00edn. La investigaci\u00f3n inici\u00f3 tras el hallazgo de un cargamento de 810 kilos de coca\u00edna oculto en un contenedor de fruta fresca que ten\u00eda como destino el Reino Unido.<\/p>\n<p><!-- TABLA FORMATO DIV CON SOMBRAS: BALANCE OPERACI\u00d3N SOBERAN\u00cdA 2026 --><\/p>\n<div style=\"width: 100%; font-family: 'Segoe UI', Tahoma, Geneva, Verdana, sans-serif; margin: 30px 0; border-radius: 12px; overflow: hidden; box-shadow: 0 10px 25px rgba(0,0,0,0.15); border: 1px solid #eee;\">\n<div style=\"background-color: #1a237e; color: #ffffff; padding: 18px; text-align: center; font-weight: bold; font-size: 1.3em; letter-spacing: 1px;\">REPORTE DE SEGURIDAD: OPERACI\u00d3N SOBERAN\u00cdA<\/div>\n<div style=\"display: flex; border-bottom: 1px solid #eee; background-color: #ffffff;\">\n<div style=\"flex: 1; padding: 15px; font-weight: bold; color: #333; background-color: #f9f9f9; border-right: 1px solid #eee;\">Contenedores Escaneados<\/div>\n<div style=\"flex: 2; padding: 15px; color: #1a237e; font-weight: bold;\">860.000 unidades inspeccionadas en APM Terminals.<\/div>\n<\/div>\n<div style=\"display: flex; border-bottom: 1px solid #eee; background-color: #ffffff;\">\n<div style=\"flex: 1; padding: 15px; font-weight: bold; color: #333; background-color: #f9f9f9; border-right: 1px solid #eee;\">Detenciones Recientes<\/div>\n<div style=\"flex: 2; padding: 15px; color: #d32f2f; font-weight: bold;\">2 costarricenses (uno con amplio historial delictivo).<\/div>\n<\/div>\n<div style=\"display: flex; border-bottom: 1px solid #eee; background-color: #ffffff;\">\n<div style=\"flex: 1; padding: 15px; font-weight: bold; color: #333; background-color: #f9f9f9; border-right: 1px solid #eee;\">Antecedente Clave<\/div>\n<div style=\"flex: 2; padding: 15px; color: #555;\">Incautaci\u00f3n de 810 kg de coca\u00edna en fruta fresca (25 de julio, 2025).<\/div>\n<\/div>\n<div style=\"display: flex; background-color: #ffffff;\">\n<div style=\"flex: 1; padding: 15px; font-weight: bold; color: #333; background-color: #f9f9f9; border-right: 1px solid #eee;\">Objetivo Estrat\u00e9gico<\/div>\n<div style=\"flex: 2; padding: 15px; color: #2e7d32; font-weight: bold;\">Desarticular grupos que contaminan productos de exportaci\u00f3n.<\/div>\n<\/div>\n<\/div>\n<h2>Protegiendo el nombre de Costa Rica en el exterior<\/h2>\n<p>La PCD ha sido enf\u00e1tica en que el trabajo no termina con el escaneo de los contenedores. La detenci\u00f3n de estos sujetos este 30 de abril demuestra que las investigaciones internas son fundamentales para desarmar a las organizaciones criminales que utilizan el comercio l\u00edcito para el trasiego de drogas hacia Europa y Estados Unidos. Uno de los detenidos cuenta con un amplio historial delictivo, lo que subraya la peligrosidad de las estructuras que operan en los muelles de Lim\u00f3n.<\/p>\n<blockquote><p>\u201cVamos a seguir trabajando para evitar que salga droga y para desarticular a los grupos que afectan el buen nombre de Costa Rica al contaminar nuestros productos de exportaci\u00f3n.\u201d<\/p><\/blockquote>\n<h2>Fuentes<\/h2>\n<ul>\n<li><strong>Ministerio de Seguridad P\u00fablica (MSP):<\/strong> Informe de la Polic\u00eda de Control de Drogas (PCD).<\/li>\n<li><strong>Operaci\u00f3n Soberan\u00eda:<\/strong> Reporte de escaneo y control portuario en Mo\u00edn.<\/li>\n<\/ul>\n<p>Siga el acontecer de la seguridad nacional en STAY TV: <a href=\"https:\/\/staytv.cr\">https:\/\/staytv.cr<\/a><\/p>\n<p>&nbsp;<\/p>\n","protected":false},"excerpt":{"rendered":"<p>La PCD detuvo a dos costarricenses vinculados al env\u00edo de 810 kilos de coca\u00edna a Reino Unido. La Operaci\u00f3n Soberan\u00eda ya suma 860 mil contenedores escaneados.<\/p>\n","protected":false},"author":10,"featured_media":33311,"comment_status":"open","ping_status":"open","sticky":false,"template":"","format":"standard","meta":{"episode_type":"","audio_file":"","podmotor_file_id":"","podmotor_episode_id":"","cover_image":"","cover_image_id":"","duration":"","filesize":"","filesize_raw":"","date_recorded":"","explicit":"","block":"","itunes_episode_number":"","itunes_title":"","itunes_season_number":"","itunes_episode_type":"","footnotes":""},"categories":[1],"tags":[174,4220,178,176,1645,351],"class_list":{"0":"post-33310","1":"post","2":"type-post","3":"status-publish","4":"format-standard","5":"has-post-thumbnail","7":"category-sucesos","8":"tag-apm-terminals","9":"tag-cocaina","10":"tag-narcotrafico","11":"tag-operacion-soberania","12":"tag-pcd","13":"tag-sucesos"},"aioseo_notices":[],"aioseo_head":"\n\t\t<!-- All in One SEO Pro 4.8.3.2 - aioseo.com -->\n\t<meta name=\"description\" content=\"La PCD detuvo a dos costarricenses vinculados al env\u00edo de 810 kilos de coca\u00edna a Reino Unido. La Operaci\u00f3n Soberan\u00eda ya suma 860 mil contenedores escaneados.\" \/>\n\t<meta name=\"robots\" content=\"max-image-preview:large\" \/>\n\t<meta name=\"author\" content=\"Diego Molina\"\/>\n\t<link rel=\"canonical\" href=\"https:\/\/staytv.cr\/index.php\/2026\/04\/30\/golpe-en-moin-asi-cayeron-los-responsables-de-contaminar-contenedores-de-fruta\/\" \/>\n\t<meta name=\"generator\" content=\"All in One SEO Pro (AIOSEO) 4.8.3.2\" \/>\n\t\t<meta property=\"og:locale\" content=\"es_ES\" \/>\n\t\t<meta property=\"og:site_name\" content=\"Staytv - Medio de comunicaci\u00f3n digital de Costa Rica.\" \/>\n\t\t<meta property=\"og:type\" content=\"article\" \/>\n\t\t<meta property=\"og:title\" content=\"PCD detiene a dos sujetos por env\u00edo de droga a Europa\" \/>\n\t\t<meta property=\"og:description\" content=\"La PCD detuvo a dos costarricenses vinculados al env\u00edo de 810 kilos de coca\u00edna a Reino Unido. La Operaci\u00f3n Soberan\u00eda ya suma 860 mil contenedores escaneados.\" \/>\n\t\t<meta property=\"og:url\" content=\"https:\/\/staytv.cr\/index.php\/2026\/04\/30\/golpe-en-moin-asi-cayeron-los-responsables-de-contaminar-contenedores-de-fruta\/\" \/>\n\t\t<meta property=\"og:image\" content=\"https:\/\/staytv.cr\/wp-content\/uploads\/Sin-titulo-10-176.png\" \/>\n\t\t<meta property=\"og:image:secure_url\" content=\"https:\/\/staytv.cr\/wp-content\/uploads\/Sin-titulo-10-176.png\" \/>\n\t\t<meta property=\"og:image:width\" content=\"1200\" \/>\n\t\t<meta property=\"og:image:height\" content=\"630\" \/>\n\t\t<meta property=\"article:published_time\" content=\"2026-04-30T22:53:12+00:00\" \/>\n\t\t<meta property=\"article:modified_time\" content=\"2026-04-30T22:53:12+00:00\" \/>\n\t\t<meta property=\"article:publisher\" content=\"https:\/\/www.facebook.com\/staytvcr\" \/>\n\t\t<meta name=\"twitter:card\" content=\"summary_large_image\" \/>\n\t\t<meta name=\"twitter:title\" content=\"PCD detiene a dos sujetos por env\u00edo de droga a Europa\" \/>\n\t\t<meta name=\"twitter:description\" content=\"La PCD detuvo a dos costarricenses vinculados al env\u00edo de 810 kilos de coca\u00edna a Reino Unido. La Operaci\u00f3n Soberan\u00eda ya suma 860 mil contenedores escaneados.\" \/>\n\t\t<meta name=\"twitter:image\" content=\"https:\/\/staytv.cr\/wp-content\/uploads\/Sin-titulo-10-176.png\" \/>\n\t\t<script type=\"application\/ld+json\" class=\"aioseo-schema\">\n\t\t\t{\"@context\":\"https:\\\/\\\/schema.org\",\"@graph\":[{\"@type\":\"BreadcrumbList\",\"@id\":\"https:\\\/\\\/staytv.cr\\\/index.php\\\/2026\\\/04\\\/30\\\/golpe-en-moin-asi-cayeron-los-responsables-de-contaminar-contenedores-de-fruta\\\/#breadcrumblist\",\"itemListElement\":[{\"@type\":\"ListItem\",\"@id\":\"https:\\\/\\\/staytv.cr#listItem\",\"position\":1,\"name\":\"Home\",\"item\":\"https:\\\/\\\/staytv.cr\",\"nextItem\":{\"@type\":\"ListItem\",\"@id\":\"https:\\\/\\\/staytv.cr\\\/index.php\\\/category\\\/sucesos\\\/#listItem\",\"name\":\"SUCESOS\"}},{\"@type\":\"ListItem\",\"@id\":\"https:\\\/\\\/staytv.cr\\\/index.php\\\/category\\\/sucesos\\\/#listItem\",\"position\":2,\"name\":\"SUCESOS\",\"item\":\"https:\\\/\\\/staytv.cr\\\/index.php\\\/category\\\/sucesos\\\/\",\"nextItem\":{\"@type\":\"ListItem\",\"@id\":\"https:\\\/\\\/staytv.cr\\\/index.php\\\/2026\\\/04\\\/30\\\/golpe-en-moin-asi-cayeron-los-responsables-de-contaminar-contenedores-de-fruta\\\/#listItem\",\"name\":\"Golpe en Mo\\u00edn: As\\u00ed cayeron los responsables de contaminar contenedores de fruta\"},\"previousItem\":{\"@type\":\"ListItem\",\"@id\":\"https:\\\/\\\/staytv.cr#listItem\",\"name\":\"Home\"}},{\"@type\":\"ListItem\",\"@id\":\"https:\\\/\\\/staytv.cr\\\/index.php\\\/2026\\\/04\\\/30\\\/golpe-en-moin-asi-cayeron-los-responsables-de-contaminar-contenedores-de-fruta\\\/#listItem\",\"position\":3,\"name\":\"Golpe en Mo\\u00edn: As\\u00ed cayeron los responsables de contaminar contenedores de fruta\",\"previousItem\":{\"@type\":\"ListItem\",\"@id\":\"https:\\\/\\\/staytv.cr\\\/index.php\\\/category\\\/sucesos\\\/#listItem\",\"name\":\"SUCESOS\"}}]},{\"@type\":\"Organization\",\"@id\":\"https:\\\/\\\/staytv.cr\\\/#organization\",\"name\":\"Stay TV\",\"description\":\"Stay TV es un medio digital de noticias con base en Centroam\\u00e9rica, con cobertura local e internacional desde una mirada asi\\u00e1tica.\",\"url\":\"https:\\\/\\\/staytv.cr\\\/\",\"logo\":{\"@type\":\"ImageObject\",\"url\":\"https:\\\/\\\/staytv.cr\\\/wp-content\\\/uploads\\\/cropped-StayTV_logo_oficial_simple.png\",\"@id\":\"https:\\\/\\\/staytv.cr\\\/index.php\\\/2026\\\/04\\\/30\\\/golpe-en-moin-asi-cayeron-los-responsables-de-contaminar-contenedores-de-fruta\\\/#organizationLogo\",\"width\":2560,\"height\":769},\"image\":{\"@id\":\"https:\\\/\\\/staytv.cr\\\/index.php\\\/2026\\\/04\\\/30\\\/golpe-en-moin-asi-cayeron-los-responsables-de-contaminar-contenedores-de-fruta\\\/#organizationLogo\"},\"sameAs\":[\"https:\\\/\\\/www.instagram.com\\\/staytvcr\\\/\"]},{\"@type\":\"Person\",\"@id\":\"https:\\\/\\\/staytv.cr\\\/index.php\\\/author\\\/diegostaytv\\\/#author\",\"url\":\"https:\\\/\\\/staytv.cr\\\/index.php\\\/author\\\/diegostaytv\\\/\",\"name\":\"Diego Molina\",\"image\":{\"@type\":\"ImageObject\",\"url\":\"https:\\\/\\\/secure.gravatar.com\\\/avatar\\\/7d23cb63381aa64750c7e76727c208369ebd6f2565e9dc4c62e323b1ea59af41?s=96&d=mm&r=g\"}},{\"@type\":\"WebPage\",\"@id\":\"https:\\\/\\\/staytv.cr\\\/index.php\\\/2026\\\/04\\\/30\\\/golpe-en-moin-asi-cayeron-los-responsables-de-contaminar-contenedores-de-fruta\\\/#webpage\",\"url\":\"https:\\\/\\\/staytv.cr\\\/index.php\\\/2026\\\/04\\\/30\\\/golpe-en-moin-asi-cayeron-los-responsables-de-contaminar-contenedores-de-fruta\\\/\",\"name\":\"PCD detiene a dos sujetos por env\\u00edo de droga a Europa\",\"description\":\"La PCD detuvo a dos costarricenses vinculados al env\\u00edo de 810 kilos de coca\\u00edna a Reino Unido. La Operaci\\u00f3n Soberan\\u00eda ya suma 860 mil contenedores escaneados.\",\"inLanguage\":\"es-ES\",\"isPartOf\":{\"@id\":\"https:\\\/\\\/staytv.cr\\\/#website\"},\"breadcrumb\":{\"@id\":\"https:\\\/\\\/staytv.cr\\\/index.php\\\/2026\\\/04\\\/30\\\/golpe-en-moin-asi-cayeron-los-responsables-de-contaminar-contenedores-de-fruta\\\/#breadcrumblist\"},\"author\":{\"@id\":\"https:\\\/\\\/staytv.cr\\\/index.php\\\/author\\\/diegostaytv\\\/#author\"},\"creator\":{\"@id\":\"https:\\\/\\\/staytv.cr\\\/index.php\\\/author\\\/diegostaytv\\\/#author\"},\"image\":{\"@type\":\"ImageObject\",\"url\":\"https:\\\/\\\/staytv.cr\\\/wp-content\\\/uploads\\\/Sin-titulo-10-176.png\",\"@id\":\"https:\\\/\\\/staytv.cr\\\/index.php\\\/2026\\\/04\\\/30\\\/golpe-en-moin-asi-cayeron-los-responsables-de-contaminar-contenedores-de-fruta\\\/#mainImage\",\"width\":1200,\"height\":630},\"primaryImageOfPage\":{\"@id\":\"https:\\\/\\\/staytv.cr\\\/index.php\\\/2026\\\/04\\\/30\\\/golpe-en-moin-asi-cayeron-los-responsables-de-contaminar-contenedores-de-fruta\\\/#mainImage\"},\"datePublished\":\"2026-04-30T16:53:12-06:00\",\"dateModified\":\"2026-04-30T16:53:12-06:00\"},{\"@type\":\"WebSite\",\"@id\":\"https:\\\/\\\/staytv.cr\\\/#website\",\"url\":\"https:\\\/\\\/staytv.cr\\\/\",\"name\":\"Staytv\",\"description\":\"Medio de comunicaci\\u00f3n digital de Costa Rica.\",\"inLanguage\":\"es-ES\",\"publisher\":{\"@id\":\"https:\\\/\\\/staytv.cr\\\/#organization\"}}]}\n\t\t<\/script>\n\t\t<!-- All in One SEO Pro -->\r\n\t\t<title>PCD detiene a dos sujetos por env\u00edo de droga a Europa<\/title>\n\n","aioseo_head_json":{"title":"PCD detiene a dos sujetos por env\u00edo de droga a Europa","description":"La PCD detuvo a dos costarricenses vinculados al env\u00edo de 810 kilos de coca\u00edna a Reino Unido. La Operaci\u00f3n Soberan\u00eda ya suma 860 mil contenedores escaneados.","canonical_url":"https:\/\/staytv.cr\/index.php\/2026\/04\/30\/golpe-en-moin-asi-cayeron-los-responsables-de-contaminar-contenedores-de-fruta\/","robots":"max-image-preview:large","keywords":"","webmasterTools":{"miscellaneous":""},"schema":{"@context":"https:\/\/schema.org","@graph":[{"@type":"BreadcrumbList","@id":"https:\/\/staytv.cr\/index.php\/2026\/04\/30\/golpe-en-moin-asi-cayeron-los-responsables-de-contaminar-contenedores-de-fruta\/#breadcrumblist","itemListElement":[{"@type":"ListItem","@id":"https:\/\/staytv.cr#listItem","position":1,"name":"Home","item":"https:\/\/staytv.cr","nextItem":{"@type":"ListItem","@id":"https:\/\/staytv.cr\/index.php\/category\/sucesos\/#listItem","name":"SUCESOS"}},{"@type":"ListItem","@id":"https:\/\/staytv.cr\/index.php\/category\/sucesos\/#listItem","position":2,"name":"SUCESOS","item":"https:\/\/staytv.cr\/index.php\/category\/sucesos\/","nextItem":{"@type":"ListItem","@id":"https:\/\/staytv.cr\/index.php\/2026\/04\/30\/golpe-en-moin-asi-cayeron-los-responsables-de-contaminar-contenedores-de-fruta\/#listItem","name":"Golpe en Mo\u00edn: As\u00ed cayeron los responsables de contaminar contenedores de fruta"},"previousItem":{"@type":"ListItem","@id":"https:\/\/staytv.cr#listItem","name":"Home"}},{"@type":"ListItem","@id":"https:\/\/staytv.cr\/index.php\/2026\/04\/30\/golpe-en-moin-asi-cayeron-los-responsables-de-contaminar-contenedores-de-fruta\/#listItem","position":3,"name":"Golpe en Mo\u00edn: As\u00ed cayeron los responsables de contaminar contenedores de fruta","previousItem":{"@type":"ListItem","@id":"https:\/\/staytv.cr\/index.php\/category\/sucesos\/#listItem","name":"SUCESOS"}}]},{"@type":"Organization","@id":"https:\/\/staytv.cr\/#organization","name":"Stay TV","description":"Stay TV es un medio digital de noticias con base en Centroam\u00e9rica, con cobertura local e internacional desde una mirada asi\u00e1tica.","url":"https:\/\/staytv.cr\/","logo":{"@type":"ImageObject","url":"https:\/\/staytv.cr\/wp-content\/uploads\/cropped-StayTV_logo_oficial_simple.png","@id":"https:\/\/staytv.cr\/index.php\/2026\/04\/30\/golpe-en-moin-asi-cayeron-los-responsables-de-contaminar-contenedores-de-fruta\/#organizationLogo","width":2560,"height":769},"image":{"@id":"https:\/\/staytv.cr\/index.php\/2026\/04\/30\/golpe-en-moin-asi-cayeron-los-responsables-de-contaminar-contenedores-de-fruta\/#organizationLogo"},"sameAs":["https:\/\/www.instagram.com\/staytvcr\/"]},{"@type":"Person","@id":"https:\/\/staytv.cr\/index.php\/author\/diegostaytv\/#author","url":"https:\/\/staytv.cr\/index.php\/author\/diegostaytv\/","name":"Diego Molina","image":{"@type":"ImageObject","url":"https:\/\/secure.gravatar.com\/avatar\/7d23cb63381aa64750c7e76727c208369ebd6f2565e9dc4c62e323b1ea59af41?s=96&d=mm&r=g"}},{"@type":"WebPage","@id":"https:\/\/staytv.cr\/index.php\/2026\/04\/30\/golpe-en-moin-asi-cayeron-los-responsables-de-contaminar-contenedores-de-fruta\/#webpage","url":"https:\/\/staytv.cr\/index.php\/2026\/04\/30\/golpe-en-moin-asi-cayeron-los-responsables-de-contaminar-contenedores-de-fruta\/","name":"PCD detiene a dos sujetos por env\u00edo de droga a Europa","description":"La PCD detuvo a dos costarricenses vinculados al env\u00edo de 810 kilos de coca\u00edna a Reino Unido. La Operaci\u00f3n Soberan\u00eda ya suma 860 mil contenedores escaneados.","inLanguage":"es-ES","isPartOf":{"@id":"https:\/\/staytv.cr\/#website"},"breadcrumb":{"@id":"https:\/\/staytv.cr\/index.php\/2026\/04\/30\/golpe-en-moin-asi-cayeron-los-responsables-de-contaminar-contenedores-de-fruta\/#breadcrumblist"},"author":{"@id":"https:\/\/staytv.cr\/index.php\/author\/diegostaytv\/#author"},"creator":{"@id":"https:\/\/staytv.cr\/index.php\/author\/diegostaytv\/#author"},"image":{"@type":"ImageObject","url":"https:\/\/staytv.cr\/wp-content\/uploads\/Sin-titulo-10-176.png","@id":"https:\/\/staytv.cr\/index.php\/2026\/04\/30\/golpe-en-moin-asi-cayeron-los-responsables-de-contaminar-contenedores-de-fruta\/#mainImage","width":1200,"height":630},"primaryImageOfPage":{"@id":"https:\/\/staytv.cr\/index.php\/2026\/04\/30\/golpe-en-moin-asi-cayeron-los-responsables-de-contaminar-contenedores-de-fruta\/#mainImage"},"datePublished":"2026-04-30T16:53:12-06:00","dateModified":"2026-04-30T16:53:12-06:00"},{"@type":"WebSite","@id":"https:\/\/staytv.cr\/#website","url":"https:\/\/staytv.cr\/","name":"Staytv","description":"Medio de comunicaci\u00f3n digital de Costa Rica.","inLanguage":"es-ES","publisher":{"@id":"https:\/\/staytv.cr\/#organization"}}]},"og:locale":"es_ES","og:site_name":"Staytv - Medio de comunicaci\u00f3n digital de Costa Rica.","og:type":"article","og:title":"PCD detiene a dos sujetos por env\u00edo de droga a Europa","og:description":"La PCD detuvo a dos costarricenses vinculados al env\u00edo de 810 kilos de coca\u00edna a Reino Unido. La Operaci\u00f3n Soberan\u00eda ya suma 860 mil contenedores escaneados.","og:url":"https:\/\/staytv.cr\/index.php\/2026\/04\/30\/golpe-en-moin-asi-cayeron-los-responsables-de-contaminar-contenedores-de-fruta\/","og:image":"https:\/\/staytv.cr\/wp-content\/uploads\/Sin-titulo-10-176.png","og:image:secure_url":"https:\/\/staytv.cr\/wp-content\/uploads\/Sin-titulo-10-176.png","og:image:width":1200,"og:image:height":630,"article:published_time":"2026-04-30T22:53:12+00:00","article:modified_time":"2026-04-30T22:53:12+00:00","article:publisher":"https:\/\/www.facebook.com\/staytvcr","twitter:card":"summary_large_image","twitter:title":"PCD detiene a dos sujetos por env\u00edo de droga a Europa","twitter:description":"La PCD detuvo a dos costarricenses vinculados al env\u00edo de 810 kilos de coca\u00edna a Reino Unido. La Operaci\u00f3n Soberan\u00eda ya suma 860 mil contenedores escaneados.","twitter:image":"https:\/\/staytv.cr\/wp-content\/uploads\/Sin-titulo-10-176.png"},"aioseo_meta_data":{"post_id":"33310","title":"PCD detiene a dos sujetos por env\u00edo de droga a Europa","description":"La PCD detuvo a dos costarricenses vinculados al env\u00edo de 810 kilos de coca\u00edna a Reino Unido. La Operaci\u00f3n Soberan\u00eda ya suma 860 mil contenedores escaneados.","keywords":null,"keyphrases":{"focus":{"keyphrase":"PCD","score":83,"analysis":{"keyphraseInTitle":{"score":9,"maxScore":9,"error":0},"keyphraseInDescription":{"score":9,"maxScore":9,"error":0},"keyphraseLength":{"score":9,"maxScore":9,"error":0,"length":1},"keyphraseInURL":{"score":1,"maxScore":5,"error":1},"keyphraseInIntroduction":{"score":9,"maxScore":9,"error":0},"keyphraseInSubHeadings":{"score":3,"maxScore":9,"error":1},"keyphraseInImageAlt":[],"keywordDensity":{"type":"best","score":9,"maxScore":9,"error":0}}},"additional":[]},"canonical_url":null,"og_title":null,"og_description":null,"og_object_type":"default","og_image_type":"default","og_image_custom_url":null,"og_image_custom_fields":null,"og_custom_image_width":null,"og_custom_image_height":null,"og_video":"","og_custom_url":null,"og_article_section":null,"og_article_tags":null,"twitter_use_og":true,"twitter_card":"default","twitter_image_type":"default","twitter_image_custom_url":null,"twitter_image_custom_fields":null,"twitter_title":null,"twitter_description":null,"schema_type":null,"schema_type_options":null,"pillar_content":false,"robots_default":true,"robots_noindex":false,"robots_noarchive":false,"robots_nosnippet":false,"robots_nofollow":false,"robots_noimageindex":false,"robots_noodp":false,"robots_notranslate":false,"robots_max_snippet":"-1","robots_max_videopreview":"-1","robots_max_imagepreview":"none","tabs":null,"priority":null,"frequency":"default","local_seo":null,"created":"2026-04-30 22:47:40","updated":"2026-04-30 22:53:12"},"aioseo_breadcrumb":"<div class=\"aioseo-breadcrumbs\"><span class=\"aioseo-breadcrumb\">\n\t<a href=\"https:\/\/staytv.cr\" title=\"Home\">Home<\/a>\n<\/span><span class=\"aioseo-breadcrumb-separator\">&raquo;<\/span><span class=\"aioseo-breadcrumb\">\n\t<a href=\"https:\/\/staytv.cr\/index.php\/category\/sucesos\/\" title=\"SUCESOS\">SUCESOS<\/a>\n<\/span><span class=\"aioseo-breadcrumb-separator\">&raquo;<\/span><span class=\"aioseo-breadcrumb\">\n\tGolpe en Mo\u00edn: As\u00ed cayeron los responsables de contaminar contenedores de fruta\n<\/span><\/div>","aioseo_breadcrumb_json":[{"label":"Home","link":"https:\/\/staytv.cr"},{"label":"SUCESOS","link":"https:\/\/staytv.cr\/index.php\/category\/sucesos\/"},{"label":"Golpe en Mo\u00edn: As\u00ed cayeron los responsables de contaminar contenedores de fruta","link":"https:\/\/staytv.cr\/index.php\/2026\/04\/30\/golpe-en-moin-asi-cayeron-los-responsables-de-contaminar-contenedores-de-fruta\/"}],"_links":{"self":[{"href":"https:\/\/staytv.cr\/index.php\/wp-json\/wp\/v2\/posts\/33310","targetHints":{"allow":["GET"]}}],"collection":[{"href":"https:\/\/staytv.cr\/index.php\/wp-json\/wp\/v2\/posts"}],"about":[{"href":"https:\/\/staytv.cr\/index.php\/wp-json\/wp\/v2\/types\/post"}],"author":[{"embeddable":true,"href":"https:\/\/staytv.cr\/index.php\/wp-json\/wp\/v2\/users\/10"}],"replies":[{"embeddable":true,"href":"https:\/\/staytv.cr\/index.php\/wp-json\/wp\/v2\/comments?post=33310"}],"version-history":[{"count":1,"href":"https:\/\/staytv.cr\/index.php\/wp-json\/wp\/v2\/posts\/33310\/revisions"}],"predecessor-version":[{"id":33312,"href":"https:\/\/staytv.cr\/index.php\/wp-json\/wp\/v2\/posts\/33310\/revisions\/33312"}],"wp:featuredmedia":[{"embeddable":true,"href":"https:\/\/staytv.cr\/index.php\/wp-json\/wp\/v2\/media\/33311"}],"wp:attachment":[{"href":"https:\/\/staytv.cr\/index.php\/wp-json\/wp\/v2\/media?parent=33310"}],"wp:term":[{"taxonomy":"category","embeddable":true,"href":"https:\/\/staytv.cr\/index.php\/wp-json\/wp\/v2\/categories?post=33310"},{"taxonomy":"post_tag","embeddable":true,"href":"https:\/\/staytv.cr\/index.php\/wp-json\/wp\/v2\/tags?post=33310"}],"curies":[{"name":"wp","href":"https:\/\/api.w.org\/{rel}","templated":true}]}}