{"id":33339,"date":"2026-05-02T11:45:08","date_gmt":"2026-05-02T17:45:08","guid":{"rendered":"https:\/\/staytv.cr\/?p=33339"},"modified":"2026-05-02T11:45:08","modified_gmt":"2026-05-02T17:45:08","slug":"disneyland-paris-abre-world-of-frozen-en-francia","status":"publish","type":"post","link":"https:\/\/staytv.cr\/index.php\/2026\/05\/02\/disneyland-paris-abre-world-of-frozen-en-francia\/","title":{"rendered":"\u00bfVale la pena el viaje? Todo sobre la nueva zona de Frozen en Disney Adventure World"},"content":{"rendered":"<p><span data-path-to-node=\"3,5,1,0\"><b data-path-to-node=\"3,5,1,0\" data-index-in-node=\"0\">Disneyland Paris<\/b> inaugura World of Frozen en Disney Adventure World. Una expansi\u00f3n inmersiva con el palacio de Elsa y experiencias nevadas en Francia.<\/span><!--more--> <img decoding=\"async\" data-src=\"https:\/\/i.ytimg.com\/vi\/miPbyA0pta8\/sddefault.jpg\" alt=\"\u00a1Visitamos la nueva \u00e1rea Frozen en Disney Adventure World!\" src=\"data:image\/svg+xml;base64,PHN2ZyB3aWR0aD0iMSIgaGVpZ2h0PSIxIiB4bWxucz0iaHR0cDovL3d3dy53My5vcmcvMjAwMC9zdmciPjwvc3ZnPg==\" class=\"lazyload\" \/><\/p>\n<h1>Magia en el Hielo: Disneyland Paris inaugura World of Frozen como pieza central de su expansi\u00f3n en Francia<\/h1>\n<p>Para contextualizar este hito del entretenimiento, <strong>World of Frozen<\/strong> no es solo una zona de juegos; es un ejemplo de <strong>experiencia inmersiva<\/strong> de \u00faltima generaci\u00f3n. En la industria de los parques tem\u00e1ticos, esto implica el uso de ingenier\u00eda avanzada, efectos clim\u00e1ticos controlados y dise\u00f1o arquitect\u00f3nico detallado para que el visitante sienta que ha \u00abentrado\u00bb f\u00edsicamente en la pel\u00edcula. El \u00e1rea se ubica en <strong>Disney Adventure World<\/strong> (anteriormente Walt Disney Studios Park), marcando una nueva etapa de crecimiento para el resort franc\u00e9s. Para m\u00e1s noticias sobre destinos globales, visite nuestra secci\u00f3n <a href=\"https:\/\/staytv.cr\/index.php\/category\/internacional\/\">Internacional<\/a>.<\/p>\n<p>Este jueves 30 de abril de 2026, Disneyland Paris abri\u00f3 oficialmente las puertas de Arendelle. La nueva zona incorpora escenarios nevados permanentes, una r\u00e9plica del majestuoso palacio de hielo de Elsa y experiencias interactivas con personajes como Olaf, reforzando la asistencia de familias de todo el mundo.<\/p>\n<p><!-- TABLA FORMATO DIV CON SOMBRAS: TRIAGE DE LA EXPANSI\u00d3N 2026 --><\/p>\n<div style=\"width: 100%; font-family: 'Segoe UI', Tahoma, Geneva, Verdana, sans-serif; margin: 30px 0; border-radius: 12px; overflow: hidden; box-shadow: 0 10px 25px rgba(0,0,0,0.15); border: 1px solid #eee;\">\n<div style=\"background-color: #0072ce; color: #ffffff; padding: 18px; text-align: center; font-weight: bold; font-size: 1.3em; letter-spacing: 1px;\">EXPANSI\u00d3N TEM\u00c1TICA: ARENDELLE EN PAR\u00cdS<\/div>\n<div style=\"display: flex; border-bottom: 1px solid #eee; background-color: #ffffff;\">\n<div style=\"flex: 1; padding: 15px; font-weight: bold; color: #333; background-color: #f9f9f9; border-right: 1px solid #eee;\">Ubicaci\u00f3n Exacta<\/div>\n<div style=\"flex: 2; padding: 15px; color: #1a237e; font-weight: bold;\">Parque Disney Adventure World, Francia.<\/div>\n<\/div>\n<div style=\"display: flex; border-bottom: 1px solid #eee; background-color: #ffffff;\">\n<div style=\"flex: 1; padding: 15px; font-weight: bold; color: #333; background-color: #f9f9f9; border-right: 1px solid #eee;\">Atracciones Clave<\/div>\n<div style=\"flex: 2; padding: 15px; color: #555;\">Palacio de hielo de Elsa, encuentros con Olaf y villas nevadas.<\/div>\n<\/div>\n<div style=\"display: flex; border-bottom: 1px solid #eee; background-color: #ffffff;\">\n<div style=\"flex: 1; padding: 15px; font-weight: bold; color: #333; background-color: #f9f9f9; border-right: 1px solid #eee;\">Estrategia Comercial<\/div>\n<div style=\"flex: 2; padding: 15px; color: #d32f2f; font-weight: bold;\">Uso de franquicias de alto reconocimiento para elevar la asistencia.<\/div>\n<\/div>\n<div style=\"display: flex; background-color: #ffffff;\">\n<div style=\"flex: 1; padding: 15px; font-weight: bold; color: #333; background-color: #f9f9f9; border-right: 1px solid #eee;\">Impacto en el Resort<\/div>\n<div style=\"flex: 2; padding: 15px; color: #2e7d32; font-weight: bold;\">Renovaci\u00f3n del destino y extensi\u00f3n del tiempo de permanencia.<\/div>\n<\/div>\n<\/div>\n<h2>Una apuesta segura por la cultura pop global<\/h2>\n<p>La apertura de World of Frozen refleja una tendencia clara en el sector: reducir el riesgo de inversi\u00f3n mediante el uso de historias que ya poseen un reconocimiento global masivo. Frozen ha demostrado ser una de las propiedades m\u00e1s rentables de Disney, capaz de sostener no solo pel\u00edculas, sino espect\u00e1culos en vivo y ahora zonas enteras de parques tem\u00e1ticos. Para Disneyland Paris, esta incorporaci\u00f3n es el motor que impulsar\u00e1 la captaci\u00f3n de nuevas visitas y estimular\u00e1 los viajes repetidos al complejo franc\u00e9s en esta nueva etapa de 2026.<\/p>\n<blockquote><p>\u201cWorld of Frozen queda como una de las piezas centrales de la nueva etapa de crecimiento del resort franc\u00e9s, renovando la conversaci\u00f3n comercial en una industria que depende de novedades constantes.\u201d<\/p><\/blockquote>\n<h2>Fuentes<\/h2>\n<ul>\n<li><strong>Disneyland Paris Press:<\/strong> Comunicado oficial de apertura de World of Frozen (Abril 2026).<\/li>\n<li><strong>The Walt Disney Company:<\/strong> Reporte trimestral sobre el segmento de experiencias y parques.<\/li>\n<\/ul>\n<p>Siga las tendencias del turismo mundial en STAY TV: <a href=\"https:\/\/staytv.cr\">https:\/\/staytv.cr<\/a><\/p>\n<p>&nbsp;<\/p>\n","protected":false},"excerpt":{"rendered":"<p>Disneyland Paris inaugura World of Frozen en Disney Adventure World. Una expansi\u00f3n inmersiva con el palacio de Elsa y experiencias nevadas en Francia.<\/p>\n","protected":false},"author":11,"featured_media":33363,"comment_status":"open","ping_status":"open","sticky":false,"template":"","format":"standard","meta":{"episode_type":"","audio_file":"","podmotor_file_id":"","podmotor_episode_id":"","cover_image":"","cover_image_id":"","duration":"","filesize":"","filesize_raw":"","date_recorded":"","explicit":"","block":"","itunes_episode_number":"","itunes_title":"","itunes_season_number":"","itunes_episode_type":"","footnotes":""},"categories":[8],"tags":[6804,6802,757,6803,6519,166],"class_list":{"0":"post-33339","1":"post","2":"type-post","3":"status-publish","4":"format-standard","5":"has-post-thumbnail","7":"category-internacional","8":"tag-disney-adventure-world","9":"tag-disneyland-paris","10":"tag-francia","11":"tag-frozen","12":"tag-tech","13":"tag-turismo"},"aioseo_notices":[],"aioseo_head":"\n\t\t<!-- All in One SEO Pro 4.8.3.2 - aioseo.com -->\n\t<meta name=\"description\" content=\"Disneyland Paris inaugura World of Frozen en Disney Adventure World. Una expansi\u00f3n inmersiva con el palacio de Elsa y experiencias nevadas en Francia.\" \/>\n\t<meta name=\"robots\" content=\"max-image-preview:large\" \/>\n\t<meta name=\"author\" content=\"Ryan\"\/>\n\t<link rel=\"canonical\" href=\"https:\/\/staytv.cr\/index.php\/2026\/05\/02\/disneyland-paris-abre-world-of-frozen-en-francia\/\" \/>\n\t<meta name=\"generator\" content=\"All in One SEO Pro (AIOSEO) 4.8.3.2\" \/>\n\t\t<meta property=\"og:locale\" content=\"es_ES\" \/>\n\t\t<meta property=\"og:site_name\" content=\"Staytv - Medio de comunicaci\u00f3n digital de Costa Rica.\" \/>\n\t\t<meta property=\"og:type\" content=\"article\" \/>\n\t\t<meta property=\"og:title\" content=\"Disneyland Paris abre World of Frozen en Francia\" \/>\n\t\t<meta property=\"og:description\" content=\"Disneyland Paris inaugura World of Frozen en Disney Adventure World. Una expansi\u00f3n inmersiva con el palacio de Elsa y experiencias nevadas en Francia.\" \/>\n\t\t<meta property=\"og:url\" content=\"https:\/\/staytv.cr\/index.php\/2026\/05\/02\/disneyland-paris-abre-world-of-frozen-en-francia\/\" \/>\n\t\t<meta property=\"og:image\" content=\"https:\/\/staytv.cr\/wp-content\/uploads\/Sin-titulo-6-236.png\" \/>\n\t\t<meta property=\"og:image:secure_url\" content=\"https:\/\/staytv.cr\/wp-content\/uploads\/Sin-titulo-6-236.png\" \/>\n\t\t<meta property=\"og:image:width\" content=\"1200\" \/>\n\t\t<meta property=\"og:image:height\" content=\"630\" \/>\n\t\t<meta property=\"article:published_time\" content=\"2026-05-02T17:45:08+00:00\" \/>\n\t\t<meta property=\"article:modified_time\" content=\"2026-05-02T17:45:08+00:00\" \/>\n\t\t<meta property=\"article:publisher\" content=\"https:\/\/www.facebook.com\/staytvcr\" \/>\n\t\t<meta name=\"twitter:card\" content=\"summary_large_image\" \/>\n\t\t<meta name=\"twitter:title\" content=\"Disneyland Paris abre World of Frozen en Francia\" \/>\n\t\t<meta name=\"twitter:description\" content=\"Disneyland Paris inaugura World of Frozen en Disney Adventure World. Una expansi\u00f3n inmersiva con el palacio de Elsa y experiencias nevadas en Francia.\" \/>\n\t\t<meta name=\"twitter:image\" content=\"https:\/\/staytv.cr\/wp-content\/uploads\/Sin-titulo-6-236.png\" \/>\n\t\t<script type=\"application\/ld+json\" class=\"aioseo-schema\">\n\t\t\t{\"@context\":\"https:\\\/\\\/schema.org\",\"@graph\":[{\"@type\":\"BreadcrumbList\",\"@id\":\"https:\\\/\\\/staytv.cr\\\/index.php\\\/2026\\\/05\\\/02\\\/disneyland-paris-abre-world-of-frozen-en-francia\\\/#breadcrumblist\",\"itemListElement\":[{\"@type\":\"ListItem\",\"@id\":\"https:\\\/\\\/staytv.cr#listItem\",\"position\":1,\"name\":\"Home\",\"item\":\"https:\\\/\\\/staytv.cr\",\"nextItem\":{\"@type\":\"ListItem\",\"@id\":\"https:\\\/\\\/staytv.cr\\\/index.php\\\/category\\\/internacional\\\/#listItem\",\"name\":\"INTERNACIONAL\"}},{\"@type\":\"ListItem\",\"@id\":\"https:\\\/\\\/staytv.cr\\\/index.php\\\/category\\\/internacional\\\/#listItem\",\"position\":2,\"name\":\"INTERNACIONAL\",\"item\":\"https:\\\/\\\/staytv.cr\\\/index.php\\\/category\\\/internacional\\\/\",\"nextItem\":{\"@type\":\"ListItem\",\"@id\":\"https:\\\/\\\/staytv.cr\\\/index.php\\\/2026\\\/05\\\/02\\\/disneyland-paris-abre-world-of-frozen-en-francia\\\/#listItem\",\"name\":\"\\u00bfVale la pena el viaje? Todo sobre la nueva zona de Frozen en Disney Adventure World\"},\"previousItem\":{\"@type\":\"ListItem\",\"@id\":\"https:\\\/\\\/staytv.cr#listItem\",\"name\":\"Home\"}},{\"@type\":\"ListItem\",\"@id\":\"https:\\\/\\\/staytv.cr\\\/index.php\\\/2026\\\/05\\\/02\\\/disneyland-paris-abre-world-of-frozen-en-francia\\\/#listItem\",\"position\":3,\"name\":\"\\u00bfVale la pena el viaje? Todo sobre la nueva zona de Frozen en Disney Adventure World\",\"previousItem\":{\"@type\":\"ListItem\",\"@id\":\"https:\\\/\\\/staytv.cr\\\/index.php\\\/category\\\/internacional\\\/#listItem\",\"name\":\"INTERNACIONAL\"}}]},{\"@type\":\"Organization\",\"@id\":\"https:\\\/\\\/staytv.cr\\\/#organization\",\"name\":\"Stay TV\",\"description\":\"Stay TV es un medio digital de noticias con base en Centroam\\u00e9rica, con cobertura local e internacional desde una mirada asi\\u00e1tica.\",\"url\":\"https:\\\/\\\/staytv.cr\\\/\",\"logo\":{\"@type\":\"ImageObject\",\"url\":\"https:\\\/\\\/staytv.cr\\\/wp-content\\\/uploads\\\/cropped-StayTV_logo_oficial_simple.png\",\"@id\":\"https:\\\/\\\/staytv.cr\\\/index.php\\\/2026\\\/05\\\/02\\\/disneyland-paris-abre-world-of-frozen-en-francia\\\/#organizationLogo\",\"width\":2560,\"height\":769},\"image\":{\"@id\":\"https:\\\/\\\/staytv.cr\\\/index.php\\\/2026\\\/05\\\/02\\\/disneyland-paris-abre-world-of-frozen-en-francia\\\/#organizationLogo\"},\"sameAs\":[\"https:\\\/\\\/www.instagram.com\\\/staytvcr\\\/\"]},{\"@type\":\"Person\",\"@id\":\"https:\\\/\\\/staytv.cr\\\/index.php\\\/author\\\/ryantv\\\/#author\",\"url\":\"https:\\\/\\\/staytv.cr\\\/index.php\\\/author\\\/ryantv\\\/\",\"name\":\"Ryan\",\"image\":{\"@type\":\"ImageObject\",\"url\":\"https:\\\/\\\/secure.gravatar.com\\\/avatar\\\/f95152fd26e0540ce723631868753fd2ae822574fa609b52b1b123eea57755e2?s=96&d=mm&r=g\"}},{\"@type\":\"WebPage\",\"@id\":\"https:\\\/\\\/staytv.cr\\\/index.php\\\/2026\\\/05\\\/02\\\/disneyland-paris-abre-world-of-frozen-en-francia\\\/#webpage\",\"url\":\"https:\\\/\\\/staytv.cr\\\/index.php\\\/2026\\\/05\\\/02\\\/disneyland-paris-abre-world-of-frozen-en-francia\\\/\",\"name\":\"Disneyland Paris abre World of Frozen en Francia\",\"description\":\"Disneyland Paris inaugura World of Frozen en Disney Adventure World. Una expansi\\u00f3n inmersiva con el palacio de Elsa y experiencias nevadas en Francia.\",\"inLanguage\":\"es-ES\",\"isPartOf\":{\"@id\":\"https:\\\/\\\/staytv.cr\\\/#website\"},\"breadcrumb\":{\"@id\":\"https:\\\/\\\/staytv.cr\\\/index.php\\\/2026\\\/05\\\/02\\\/disneyland-paris-abre-world-of-frozen-en-francia\\\/#breadcrumblist\"},\"author\":{\"@id\":\"https:\\\/\\\/staytv.cr\\\/index.php\\\/author\\\/ryantv\\\/#author\"},\"creator\":{\"@id\":\"https:\\\/\\\/staytv.cr\\\/index.php\\\/author\\\/ryantv\\\/#author\"},\"image\":{\"@type\":\"ImageObject\",\"url\":\"https:\\\/\\\/staytv.cr\\\/wp-content\\\/uploads\\\/Sin-titulo-6-236.png\",\"@id\":\"https:\\\/\\\/staytv.cr\\\/index.php\\\/2026\\\/05\\\/02\\\/disneyland-paris-abre-world-of-frozen-en-francia\\\/#mainImage\",\"width\":1200,\"height\":630,\"caption\":\"\\u00bfVale la pena el viaje?\"},\"primaryImageOfPage\":{\"@id\":\"https:\\\/\\\/staytv.cr\\\/index.php\\\/2026\\\/05\\\/02\\\/disneyland-paris-abre-world-of-frozen-en-francia\\\/#mainImage\"},\"datePublished\":\"2026-05-02T11:45:08-06:00\",\"dateModified\":\"2026-05-02T11:45:08-06:00\"},{\"@type\":\"WebSite\",\"@id\":\"https:\\\/\\\/staytv.cr\\\/#website\",\"url\":\"https:\\\/\\\/staytv.cr\\\/\",\"name\":\"Staytv\",\"description\":\"Medio de comunicaci\\u00f3n digital de Costa Rica.\",\"inLanguage\":\"es-ES\",\"publisher\":{\"@id\":\"https:\\\/\\\/staytv.cr\\\/#organization\"}}]}\n\t\t<\/script>\n\t\t<!-- All in One SEO Pro -->\r\n\t\t<title>Disneyland Paris abre World of Frozen en Francia<\/title>\n\n","aioseo_head_json":{"title":"Disneyland Paris abre World of Frozen en Francia","description":"Disneyland Paris inaugura World of Frozen en Disney Adventure World. Una expansi\u00f3n inmersiva con el palacio de Elsa y experiencias nevadas en Francia.","canonical_url":"https:\/\/staytv.cr\/index.php\/2026\/05\/02\/disneyland-paris-abre-world-of-frozen-en-francia\/","robots":"max-image-preview:large","keywords":"","webmasterTools":{"miscellaneous":""},"schema":{"@context":"https:\/\/schema.org","@graph":[{"@type":"BreadcrumbList","@id":"https:\/\/staytv.cr\/index.php\/2026\/05\/02\/disneyland-paris-abre-world-of-frozen-en-francia\/#breadcrumblist","itemListElement":[{"@type":"ListItem","@id":"https:\/\/staytv.cr#listItem","position":1,"name":"Home","item":"https:\/\/staytv.cr","nextItem":{"@type":"ListItem","@id":"https:\/\/staytv.cr\/index.php\/category\/internacional\/#listItem","name":"INTERNACIONAL"}},{"@type":"ListItem","@id":"https:\/\/staytv.cr\/index.php\/category\/internacional\/#listItem","position":2,"name":"INTERNACIONAL","item":"https:\/\/staytv.cr\/index.php\/category\/internacional\/","nextItem":{"@type":"ListItem","@id":"https:\/\/staytv.cr\/index.php\/2026\/05\/02\/disneyland-paris-abre-world-of-frozen-en-francia\/#listItem","name":"\u00bfVale la pena el viaje? Todo sobre la nueva zona de Frozen en Disney Adventure World"},"previousItem":{"@type":"ListItem","@id":"https:\/\/staytv.cr#listItem","name":"Home"}},{"@type":"ListItem","@id":"https:\/\/staytv.cr\/index.php\/2026\/05\/02\/disneyland-paris-abre-world-of-frozen-en-francia\/#listItem","position":3,"name":"\u00bfVale la pena el viaje? Todo sobre la nueva zona de Frozen en Disney Adventure World","previousItem":{"@type":"ListItem","@id":"https:\/\/staytv.cr\/index.php\/category\/internacional\/#listItem","name":"INTERNACIONAL"}}]},{"@type":"Organization","@id":"https:\/\/staytv.cr\/#organization","name":"Stay TV","description":"Stay TV es un medio digital de noticias con base en Centroam\u00e9rica, con cobertura local e internacional desde una mirada asi\u00e1tica.","url":"https:\/\/staytv.cr\/","logo":{"@type":"ImageObject","url":"https:\/\/staytv.cr\/wp-content\/uploads\/cropped-StayTV_logo_oficial_simple.png","@id":"https:\/\/staytv.cr\/index.php\/2026\/05\/02\/disneyland-paris-abre-world-of-frozen-en-francia\/#organizationLogo","width":2560,"height":769},"image":{"@id":"https:\/\/staytv.cr\/index.php\/2026\/05\/02\/disneyland-paris-abre-world-of-frozen-en-francia\/#organizationLogo"},"sameAs":["https:\/\/www.instagram.com\/staytvcr\/"]},{"@type":"Person","@id":"https:\/\/staytv.cr\/index.php\/author\/ryantv\/#author","url":"https:\/\/staytv.cr\/index.php\/author\/ryantv\/","name":"Ryan","image":{"@type":"ImageObject","url":"https:\/\/secure.gravatar.com\/avatar\/f95152fd26e0540ce723631868753fd2ae822574fa609b52b1b123eea57755e2?s=96&d=mm&r=g"}},{"@type":"WebPage","@id":"https:\/\/staytv.cr\/index.php\/2026\/05\/02\/disneyland-paris-abre-world-of-frozen-en-francia\/#webpage","url":"https:\/\/staytv.cr\/index.php\/2026\/05\/02\/disneyland-paris-abre-world-of-frozen-en-francia\/","name":"Disneyland Paris abre World of Frozen en Francia","description":"Disneyland Paris inaugura World of Frozen en Disney Adventure World. Una expansi\u00f3n inmersiva con el palacio de Elsa y experiencias nevadas en Francia.","inLanguage":"es-ES","isPartOf":{"@id":"https:\/\/staytv.cr\/#website"},"breadcrumb":{"@id":"https:\/\/staytv.cr\/index.php\/2026\/05\/02\/disneyland-paris-abre-world-of-frozen-en-francia\/#breadcrumblist"},"author":{"@id":"https:\/\/staytv.cr\/index.php\/author\/ryantv\/#author"},"creator":{"@id":"https:\/\/staytv.cr\/index.php\/author\/ryantv\/#author"},"image":{"@type":"ImageObject","url":"https:\/\/staytv.cr\/wp-content\/uploads\/Sin-titulo-6-236.png","@id":"https:\/\/staytv.cr\/index.php\/2026\/05\/02\/disneyland-paris-abre-world-of-frozen-en-francia\/#mainImage","width":1200,"height":630,"caption":"\u00bfVale la pena el viaje?"},"primaryImageOfPage":{"@id":"https:\/\/staytv.cr\/index.php\/2026\/05\/02\/disneyland-paris-abre-world-of-frozen-en-francia\/#mainImage"},"datePublished":"2026-05-02T11:45:08-06:00","dateModified":"2026-05-02T11:45:08-06:00"},{"@type":"WebSite","@id":"https:\/\/staytv.cr\/#website","url":"https:\/\/staytv.cr\/","name":"Staytv","description":"Medio de comunicaci\u00f3n digital de Costa Rica.","inLanguage":"es-ES","publisher":{"@id":"https:\/\/staytv.cr\/#organization"}}]},"og:locale":"es_ES","og:site_name":"Staytv - Medio de comunicaci\u00f3n digital de Costa Rica.","og:type":"article","og:title":"Disneyland Paris abre World of Frozen en Francia","og:description":"Disneyland Paris inaugura World of Frozen en Disney Adventure World. Una expansi\u00f3n inmersiva con el palacio de Elsa y experiencias nevadas en Francia.","og:url":"https:\/\/staytv.cr\/index.php\/2026\/05\/02\/disneyland-paris-abre-world-of-frozen-en-francia\/","og:image":"https:\/\/staytv.cr\/wp-content\/uploads\/Sin-titulo-6-236.png","og:image:secure_url":"https:\/\/staytv.cr\/wp-content\/uploads\/Sin-titulo-6-236.png","og:image:width":1200,"og:image:height":630,"article:published_time":"2026-05-02T17:45:08+00:00","article:modified_time":"2026-05-02T17:45:08+00:00","article:publisher":"https:\/\/www.facebook.com\/staytvcr","twitter:card":"summary_large_image","twitter:title":"Disneyland Paris abre World of Frozen en Francia","twitter:description":"Disneyland Paris inaugura World of Frozen en Disney Adventure World. Una expansi\u00f3n inmersiva con el palacio de Elsa y experiencias nevadas en Francia.","twitter:image":"https:\/\/staytv.cr\/wp-content\/uploads\/Sin-titulo-6-236.png"},"aioseo_meta_data":{"post_id":"33339","title":"Disneyland Paris abre World of Frozen en Francia","description":"Disneyland Paris inaugura World of Frozen en Disney Adventure World. Una expansi\u00f3n inmersiva con el palacio de Elsa y experiencias nevadas en Francia.","keywords":null,"keyphrases":{"focus":{"keyphrase":"Disneyland Paris","score":82,"analysis":{"keyphraseInTitle":{"score":9,"maxScore":9,"error":0},"keyphraseInDescription":{"score":9,"maxScore":9,"error":0},"keyphraseLength":{"score":9,"maxScore":9,"error":0,"length":2},"keyphraseInURL":{"score":5,"maxScore":5,"error":0},"keyphraseInIntroduction":{"score":9,"maxScore":9,"error":0},"keyphraseInSubHeadings":{"score":3,"maxScore":9,"error":1},"keyphraseInImageAlt":{"score":3,"maxScore":9,"error":1},"keywordDensity":{"type":"best","score":9,"maxScore":9,"error":0}}},"additional":[]},"canonical_url":null,"og_title":null,"og_description":null,"og_object_type":"default","og_image_type":"default","og_image_custom_url":null,"og_image_custom_fields":null,"og_custom_image_width":null,"og_custom_image_height":null,"og_video":"","og_custom_url":null,"og_article_section":null,"og_article_tags":null,"twitter_use_og":true,"twitter_card":"default","twitter_image_type":"default","twitter_image_custom_url":null,"twitter_image_custom_fields":null,"twitter_title":null,"twitter_description":null,"schema_type":null,"schema_type_options":null,"pillar_content":false,"robots_default":true,"robots_noindex":false,"robots_noarchive":false,"robots_nosnippet":false,"robots_nofollow":false,"robots_noimageindex":false,"robots_noodp":false,"robots_notranslate":false,"robots_max_snippet":"-1","robots_max_videopreview":"-1","robots_max_imagepreview":"large","tabs":null,"priority":null,"frequency":"default","local_seo":null,"created":"2026-05-02 10:02:21","updated":"2026-05-02 17:45:08"},"aioseo_breadcrumb":"<div class=\"aioseo-breadcrumbs\"><span class=\"aioseo-breadcrumb\">\n\t<a href=\"https:\/\/staytv.cr\" title=\"Home\">Home<\/a>\n<\/span><span class=\"aioseo-breadcrumb-separator\">&raquo;<\/span><span class=\"aioseo-breadcrumb\">\n\t<a href=\"https:\/\/staytv.cr\/index.php\/category\/internacional\/\" title=\"INTERNACIONAL\">INTERNACIONAL<\/a>\n<\/span><span class=\"aioseo-breadcrumb-separator\">&raquo;<\/span><span class=\"aioseo-breadcrumb\">\n\t\u00bfVale la pena el viaje? Todo sobre la nueva zona de Frozen en Disney Adventure World\n<\/span><\/div>","aioseo_breadcrumb_json":[{"label":"Home","link":"https:\/\/staytv.cr"},{"label":"INTERNACIONAL","link":"https:\/\/staytv.cr\/index.php\/category\/internacional\/"},{"label":"\u00bfVale la pena el viaje? Todo sobre la nueva zona de Frozen en Disney Adventure World","link":"https:\/\/staytv.cr\/index.php\/2026\/05\/02\/disneyland-paris-abre-world-of-frozen-en-francia\/"}],"_links":{"self":[{"href":"https:\/\/staytv.cr\/index.php\/wp-json\/wp\/v2\/posts\/33339","targetHints":{"allow":["GET"]}}],"collection":[{"href":"https:\/\/staytv.cr\/index.php\/wp-json\/wp\/v2\/posts"}],"about":[{"href":"https:\/\/staytv.cr\/index.php\/wp-json\/wp\/v2\/types\/post"}],"author":[{"embeddable":true,"href":"https:\/\/staytv.cr\/index.php\/wp-json\/wp\/v2\/users\/11"}],"replies":[{"embeddable":true,"href":"https:\/\/staytv.cr\/index.php\/wp-json\/wp\/v2\/comments?post=33339"}],"version-history":[{"count":3,"href":"https:\/\/staytv.cr\/index.php\/wp-json\/wp\/v2\/posts\/33339\/revisions"}],"predecessor-version":[{"id":33364,"href":"https:\/\/staytv.cr\/index.php\/wp-json\/wp\/v2\/posts\/33339\/revisions\/33364"}],"wp:featuredmedia":[{"embeddable":true,"href":"https:\/\/staytv.cr\/index.php\/wp-json\/wp\/v2\/media\/33363"}],"wp:attachment":[{"href":"https:\/\/staytv.cr\/index.php\/wp-json\/wp\/v2\/media?parent=33339"}],"wp:term":[{"taxonomy":"category","embeddable":true,"href":"https:\/\/staytv.cr\/index.php\/wp-json\/wp\/v2\/categories?post=33339"},{"taxonomy":"post_tag","embeddable":true,"href":"https:\/\/staytv.cr\/index.php\/wp-json\/wp\/v2\/tags?post=33339"}],"curies":[{"name":"wp","href":"https:\/\/api.w.org\/{rel}","templated":true}]}}