{"id":38127,"date":"2026-08-26T12:07:42","date_gmt":"2026-08-26T18:07:42","guid":{"rendered":"https:\/\/staytv.cr\/?p=38127"},"modified":"2026-08-28T17:16:53","modified_gmt":"2026-08-28T23:16:53","slug":"por-que-canal-7-asegura-que-esta-al-borde-del-cierre-en-senal-abierta","status":"publish","type":"post","link":"https:\/\/staytv.cr\/index.php\/2026\/08\/26\/por-que-canal-7-asegura-que-esta-al-borde-del-cierre-en-senal-abierta\/","title":{"rendered":"\u00bfPor qu\u00e9 Canal 7 asegura que est\u00e1 al borde del cierre en se\u00f1al abierta?"},"content":{"rendered":"<p><span data-path-to-node=\"0,4,1,0\">La Asamblea Legislativa discutir\u00e1 la reforma a la Ley de Radio que impone un nuevo canon a televisoras, el cual podr\u00eda poner en riesgo la se\u00f1al abierta.<\/span><!--more--> <!-- CAJA DE VIDEO + DOFOLLOW (RESPONSIVE) --><\/p>\n<div style=\"margin: 20px 0; width: 100%;\">\n<p><!-- CONTENEDOR VIDEO 16:9 --><\/p>\n<div style=\"position: relative; width: 100%; padding-bottom: 56.25%; height: 0; overflow: hidden; border-radius: 12px;\"><iframe style=\"position: absolute; top: 0; left: 0; width: 100%; height: 100%; border: 0;\" data-src=\"https:\/\/www.youtube.com\/embed\/AUxRqVpzN5A?enablejsapi=1\" allowfullscreen=\"allowfullscreen\" src=\"data:image\/svg+xml;base64,PHN2ZyB3aWR0aD0iMSIgaGVpZ2h0PSIxIiB4bWxucz0iaHR0cDovL3d3dy53My5vcmcvMjAwMC9zdmciPjwvc3ZnPg==\" class=\"lazyload\" data-load-mode=\"1\"><br \/>\n<\/iframe><\/div>\n<p><!-- ENLACE DOFOLLOW (SIN ATRIBUTOS REL) --><\/p>\n<p style=\"margin-top: 12px; font-size: 15px;\"><strong>Recurso externo:<\/strong><br \/>\n<a href=\"https:\/\/youtu.be\/AUxRqVpzN5A\">Ver video completo en YouTube<\/a><\/p>\n<\/div>\n<h1>Congreso retoma pol\u00e9mica reforma a la Ley de Radio: Televisoras advierten sobre el riesgo de cierre por nuevo canon<\/h1>\n<p>El panorama de los medios de comunicaci\u00f3n en Costa Rica se encuentra ante una de sus encrucijadas m\u00e1s cr\u00edticas de las \u00faltimas d\u00e9cadas. Este jueves 27 de agosto de 2026, el Plenario de la Asamblea Legislativa tiene programado retomar la discusi\u00f3n del expediente 24.461, un proyecto que plantea una profunda reforma a la Ley de Radio de 1954. El eje central y m\u00e1s controversial de esta iniciativa es la actualizaci\u00f3n del <strong>canon<\/strong> que deben pagar las emisoras de radio y los canales de televisi\u00f3n por el derecho de uso y explotaci\u00f3n de las frecuencias del espectro radioel\u00e9ctrico, un bien de dominio p\u00fablico administrado por el Estado.<\/p>\n<p>La propuesta original, impulsada por el Poder Ejecutivo desde julio de 2024, se sustenta en el argumento oficialista de que las tarifas actuales han permanecido congeladas y desactualizadas durante much\u00edsimo tiempo, lo que impide al Estado percibir una retribuci\u00f3n justa por la explotaci\u00f3n comercial de este recurso limitado. Sin embargo, la f\u00f3rmula de cobro planteada ha encendido las alarmas en todo el sector de telecomunicaciones y radiodifusi\u00f3n, generando un intenso debate sobre el delicado equilibrio entre la recaudaci\u00f3n fiscal y la viabilidad operativa de las empresas period\u00edsticas que garantizan la pluralidad de voces en la democracia costarricense.<\/p>\n<h2>El nuevo esquema progresivo y el destino de los millonarios fondos<\/h2>\n<p>El texto que actualmente se encuentra bajo el escrutinio de los legisladores propone un modelo de cobro escalonado y progresivo que se calcula directamente sobre los ingresos brutos anuales de las empresas vinculadas al uso de estas frecuencias. Para el caso espec\u00edfico de la televisi\u00f3n abierta, el proyecto establece una base exenta para aquellas operaciones que reporten ingresos hasta por 130 salarios base. A partir de ese umbral, las tarifas se disparan: el exceso entre 130 y 216 salarios base pagar\u00e1 un 4,39%; el tramo entre 216 y 1.298 salarios base tributar\u00e1 un 6,17%; y cualquier monto que supere los 1.298 salarios base estar\u00e1 sujeto a una tasa m\u00e1xima del 7,73%.<\/p>\n<p>En el caso de las radioemisoras, aunque la afectaci\u00f3n tambi\u00e9n es significativa, el texto fija una tarifa m\u00e1xima del 3,13% sobre sus ingresos brutos, elevando el umbral de exenci\u00f3n de 100 a 130 salarios base. En cuanto a la distribuci\u00f3n del dinero recaudado, la legislaci\u00f3n dicta que el 50% de estos fondos se dirigir\u00e1 al Ministerio de Ciencia, Innovaci\u00f3n, Tecnolog\u00eda y Telecomunicaciones (MICITT) para fortalecer la administraci\u00f3n y supervisi\u00f3n t\u00e9cnica del espectro. El 50% restante ser\u00e1 inyectado al Fondo para el Fomento Audiovisual y Cinematogr\u00e1fico, un mecanismo administrado por el Ministerio de Cultura y Juventud.<\/p>\n<h2>Televisoras alzan la voz frente a un cobro catalogado de &#8220;desproporcionado&#8221;<\/h2>\n<p>La reacci\u00f3n del sector privado no se ha hecho esperar ante lo que consideran una amenaza inminente para la subsistencia de sus operaciones. Televisora de Costa Rica, operadora de Canal 7, emiti\u00f3 un contundente pronunciamiento donde asegura estar completamente de acuerdo con la necesidad de actualizar los montos hacia el Estado, pero exige que se realice bajo criterios estrictamente t\u00e9cnicos, racionales y proporcionales. La empresa advirti\u00f3 que gravar la operaci\u00f3n con un pago anual de hasta un 7,73% sobre los ingresos brutos resulta ser una medida asfixiante y confiscatoria.<\/p>\n<p>Los directivos de la televisora han sido enf\u00e1ticos al se\u00f1alar que actualmente no existe ninguna otra actividad econ\u00f3mica en el territorio nacional que est\u00e9 sometida a una carga tributaria equivalente sobre sus ingresos brutos, a\u00f1adiendo que no hay referentes internacionales de pa\u00edses democr\u00e1ticos que apliquen cobros de esta magnitud por el mismo concepto. La principal preocupaci\u00f3n radica en el impacto social de esta medida: la televisi\u00f3n abierta es un pilar fundamental que garantiza el derecho a la informaci\u00f3n gratuita para cientos de miles de ciudadanos en condici\u00f3n de vulnerabilidad socioecon\u00f3mica, quienes no pueden costear servicios de televisi\u00f3n por cable o conexiones de internet de alta velocidad.<\/p>\n<h2>Tr\u00e1mite legislativo complejo y serias advertencias internacionales<\/h2>\n<p>El camino de este proyecto en el Congreso ha estado marcado por giros reglamentarios. Aunque el 27 de julio el expediente hab\u00eda sido aprobado en primer debate con un contundente apoyo de 52 votos a favor, el Plenario decidi\u00f3 posteriormente dejar sin efecto esa votaci\u00f3n. Mediante la aplicaci\u00f3n del art\u00edculo 148 bis del Reglamento Legislativo, el proyecto fue retrotra\u00eddo a la etapa de primer debate para someterlo a modificaciones estructurales. El 10 de agosto se consolid\u00f3 un nuevo texto, pero a\u00fan restan mociones de fondo por discutir. Para abrirle espacio a este tema, los diputados aprobaron suspender una sesi\u00f3n dedicada a las jornadas 4&#215;3 y priorizar una agenda de 14 proyectos donde destaca este expediente.<\/p>\n<p>La controversia ha trascendido las fronteras nacionales. Organizaciones defensoras de la libertad de prensa, como la Sociedad Interamericana de Prensa (SIP) y el Comit\u00e9 para la Protecci\u00f3n de Periodistas (CPJ), han emitido comunicados expresando su profunda preocupaci\u00f3n. Estos entes internacionales advierten que la imposici\u00f3n de un canon tan elevado podr\u00eda vulnerar gravemente el pluralismo medi\u00e1tico y forzar el cierre de medios de comunicaci\u00f3n, lesionando el derecho de la ciudadan\u00eda a estar informada. Mientras las televisoras eval\u00faan alternativas para preservar sus operaciones e independencia, la decisi\u00f3n final recae ahora en las curules de la Asamblea Legislativa.<\/p>\n<p>Con informaci\u00f3n para STAY TV: <a href=\"https:\/\/www.staytv.com\">STAY TV<\/a><\/p>\n<p>&nbsp;<\/p>\n","protected":false},"excerpt":{"rendered":"<p>La Asamblea Legislativa discutir\u00e1 la reforma a la Ley d [&hellip;]<\/p>\n","protected":false},"author":10,"featured_media":38128,"comment_status":"open","ping_status":"open","sticky":false,"template":"","format":"standard","meta":{"_monsterinsights_skip_tracking":false,"_monsterinsights_sitenote_active":false,"_monsterinsights_sitenote_note":"","_monsterinsights_sitenote_category":0,"episode_type":"","audio_file":"","podmotor_file_id":"","podmotor_episode_id":"","cover_image":"","cover_image_id":"","duration":"","filesize":"","filesize_raw":"","date_recorded":"","explicit":"","block":"","itunes_episode_number":"","itunes_title":"","itunes_season_number":"","itunes_episode_type":"","footnotes":""},"categories":[13],"tags":[1161,8959,70,1687,8960,1737,8961],"class_list":["post-38127","post","type-post","status-publish","format-standard","has-post-thumbnail","category-nacional","tag-asamblea-legislativa","tag-canon","tag-costa-rica","tag-espectro-radioelectrico","tag-ley-de-radio","tag-medios-de-comunicacion","tag-televisoras"],"aioseo_notices":[],"aioseo_head":"\n\t\t<!-- All in One SEO Pro 4.8.3.2 - aioseo.com -->\n\t<meta name=\"description\" content=\"La Asamblea Legislativa discutir\u00e1 la reforma a la Ley de Radio que impone un nuevo canon a televisoras, el cual podr\u00eda poner en riesgo la se\u00f1al abierta.\" \/>\n\t<meta name=\"robots\" content=\"max-image-preview:large\" \/>\n\t<meta name=\"author\" content=\"Diego Molina\"\/>\n\t<link rel=\"canonical\" href=\"https:\/\/staytv.cr\/index.php\/2026\/08\/26\/por-que-canal-7-asegura-que-esta-al-borde-del-cierre-en-senal-abierta\/\" \/>\n\t<meta name=\"generator\" content=\"All in One SEO Pro (AIOSEO) 4.8.3.2\" \/>\n\t\t<meta property=\"og:locale\" content=\"zh_TW\" \/>\n\t\t<meta property=\"og:site_name\" content=\"Staytv - Medio de comunicaci\u00f3n digital de Costa Rica.\" \/>\n\t\t<meta property=\"og:type\" content=\"article\" \/>\n\t\t<meta property=\"og:title\" content=\"Congreso retoma reforma a Ley de Radio con pol\u00e9mico canon\" \/>\n\t\t<meta property=\"og:description\" content=\"La Asamblea Legislativa discutir\u00e1 la reforma a la Ley de Radio que impone un nuevo canon a televisoras, el cual podr\u00eda poner en riesgo la se\u00f1al abierta.\" \/>\n\t\t<meta property=\"og:url\" content=\"https:\/\/staytv.cr\/index.php\/2026\/08\/26\/por-que-canal-7-asegura-que-esta-al-borde-del-cierre-en-senal-abierta\/\" \/>\n\t\t<meta property=\"og:image\" content=\"https:\/\/staytv.cr\/wp-content\/uploads\/Sin-titulo-5-296.png\" \/>\n\t\t<meta property=\"og:image:secure_url\" content=\"https:\/\/staytv.cr\/wp-content\/uploads\/Sin-titulo-5-296.png\" \/>\n\t\t<meta property=\"og:image:width\" content=\"1200\" \/>\n\t\t<meta property=\"og:image:height\" content=\"630\" \/>\n\t\t<meta property=\"article:published_time\" content=\"2026-08-26T18:07:42+00:00\" \/>\n\t\t<meta property=\"article:modified_time\" content=\"2026-08-28T23:16:53+00:00\" \/>\n\t\t<meta property=\"article:publisher\" content=\"https:\/\/www.facebook.com\/staytvcr\" \/>\n\t\t<meta name=\"twitter:card\" content=\"summary_large_image\" \/>\n\t\t<meta name=\"twitter:title\" content=\"Congreso retoma reforma a Ley de Radio con pol\u00e9mico canon\" \/>\n\t\t<meta name=\"twitter:description\" content=\"La Asamblea Legislativa discutir\u00e1 la reforma a la Ley de Radio que impone un nuevo canon a televisoras, el cual podr\u00eda poner en riesgo la se\u00f1al abierta.\" \/>\n\t\t<meta name=\"twitter:image\" content=\"https:\/\/staytv.cr\/wp-content\/uploads\/Sin-titulo-5-296.png\" \/>\n\t\t<script type=\"application\/ld+json\" class=\"aioseo-schema\">\n\t\t\t{\"@context\":\"https:\\\/\\\/schema.org\",\"@graph\":[{\"@type\":\"BreadcrumbList\",\"@id\":\"https:\\\/\\\/staytv.cr\\\/index.php\\\/2026\\\/08\\\/26\\\/por-que-canal-7-asegura-que-esta-al-borde-del-cierre-en-senal-abierta\\\/#breadcrumblist\",\"itemListElement\":[{\"@type\":\"ListItem\",\"@id\":\"https:\\\/\\\/staytv.cr#listItem\",\"position\":1,\"name\":\"Home\",\"item\":\"https:\\\/\\\/staytv.cr\",\"nextItem\":{\"@type\":\"ListItem\",\"@id\":\"https:\\\/\\\/staytv.cr\\\/index.php\\\/category\\\/nacional\\\/#listItem\",\"name\":\"NACIONAL\"}},{\"@type\":\"ListItem\",\"@id\":\"https:\\\/\\\/staytv.cr\\\/index.php\\\/category\\\/nacional\\\/#listItem\",\"position\":2,\"name\":\"NACIONAL\",\"item\":\"https:\\\/\\\/staytv.cr\\\/index.php\\\/category\\\/nacional\\\/\",\"nextItem\":{\"@type\":\"ListItem\",\"@id\":\"https:\\\/\\\/staytv.cr\\\/index.php\\\/2026\\\/08\\\/26\\\/por-que-canal-7-asegura-que-esta-al-borde-del-cierre-en-senal-abierta\\\/#listItem\",\"name\":\"\\u00bfPor qu\\u00e9 Canal 7 asegura que est\\u00e1 al borde del cierre en se\\u00f1al abierta?\"},\"previousItem\":{\"@type\":\"ListItem\",\"@id\":\"https:\\\/\\\/staytv.cr#listItem\",\"name\":\"Home\"}},{\"@type\":\"ListItem\",\"@id\":\"https:\\\/\\\/staytv.cr\\\/index.php\\\/2026\\\/08\\\/26\\\/por-que-canal-7-asegura-que-esta-al-borde-del-cierre-en-senal-abierta\\\/#listItem\",\"position\":3,\"name\":\"\\u00bfPor qu\\u00e9 Canal 7 asegura que est\\u00e1 al borde del cierre en se\\u00f1al abierta?\",\"previousItem\":{\"@type\":\"ListItem\",\"@id\":\"https:\\\/\\\/staytv.cr\\\/index.php\\\/category\\\/nacional\\\/#listItem\",\"name\":\"NACIONAL\"}}]},{\"@type\":\"Organization\",\"@id\":\"https:\\\/\\\/staytv.cr\\\/#organization\",\"name\":\"Stay TV\",\"description\":\"Stay TV es un medio digital de noticias con base en Centroam\\u00e9rica, con cobertura local e internacional desde una mirada asi\\u00e1tica.\",\"url\":\"https:\\\/\\\/staytv.cr\\\/\",\"logo\":{\"@type\":\"ImageObject\",\"url\":\"https:\\\/\\\/staytv.cr\\\/wp-content\\\/uploads\\\/cropped-StayTV_logo_oficial_simple.png\",\"@id\":\"https:\\\/\\\/staytv.cr\\\/index.php\\\/2026\\\/08\\\/26\\\/por-que-canal-7-asegura-que-esta-al-borde-del-cierre-en-senal-abierta\\\/#organizationLogo\",\"width\":2560,\"height\":769},\"image\":{\"@id\":\"https:\\\/\\\/staytv.cr\\\/index.php\\\/2026\\\/08\\\/26\\\/por-que-canal-7-asegura-que-esta-al-borde-del-cierre-en-senal-abierta\\\/#organizationLogo\"},\"sameAs\":[\"https:\\\/\\\/www.instagram.com\\\/staytvcr\\\/\"]},{\"@type\":\"Person\",\"@id\":\"https:\\\/\\\/staytv.cr\\\/index.php\\\/author\\\/diegostaytv\\\/#author\",\"url\":\"https:\\\/\\\/staytv.cr\\\/index.php\\\/author\\\/diegostaytv\\\/\",\"name\":\"Diego Molina\",\"image\":{\"@type\":\"ImageObject\",\"url\":\"https:\\\/\\\/secure.gravatar.com\\\/avatar\\\/7d23cb63381aa64750c7e76727c208369ebd6f2565e9dc4c62e323b1ea59af41?s=96&d=mm&r=g\"}},{\"@type\":\"WebPage\",\"@id\":\"https:\\\/\\\/staytv.cr\\\/index.php\\\/2026\\\/08\\\/26\\\/por-que-canal-7-asegura-que-esta-al-borde-del-cierre-en-senal-abierta\\\/#webpage\",\"url\":\"https:\\\/\\\/staytv.cr\\\/index.php\\\/2026\\\/08\\\/26\\\/por-que-canal-7-asegura-que-esta-al-borde-del-cierre-en-senal-abierta\\\/\",\"name\":\"Congreso retoma reforma a Ley de Radio con pol\\u00e9mico canon\",\"description\":\"La Asamblea Legislativa discutir\\u00e1 la reforma a la Ley de Radio que impone un nuevo canon a televisoras, el cual podr\\u00eda poner en riesgo la se\\u00f1al abierta.\",\"inLanguage\":\"zh-TW\",\"isPartOf\":{\"@id\":\"https:\\\/\\\/staytv.cr\\\/#website\"},\"breadcrumb\":{\"@id\":\"https:\\\/\\\/staytv.cr\\\/index.php\\\/2026\\\/08\\\/26\\\/por-que-canal-7-asegura-que-esta-al-borde-del-cierre-en-senal-abierta\\\/#breadcrumblist\"},\"author\":{\"@id\":\"https:\\\/\\\/staytv.cr\\\/index.php\\\/author\\\/diegostaytv\\\/#author\"},\"creator\":{\"@id\":\"https:\\\/\\\/staytv.cr\\\/index.php\\\/author\\\/diegostaytv\\\/#author\"},\"image\":{\"@type\":\"ImageObject\",\"url\":\"https:\\\/\\\/staytv.cr\\\/wp-content\\\/uploads\\\/Sin-titulo-5-296.png\",\"@id\":\"https:\\\/\\\/staytv.cr\\\/index.php\\\/2026\\\/08\\\/26\\\/por-que-canal-7-asegura-que-esta-al-borde-del-cierre-en-senal-abierta\\\/#mainImage\",\"width\":1200,\"height\":630,\"caption\":\"Congreso retoma reforma a Ley de Radio con pol\\u00e9mico canon\"},\"primaryImageOfPage\":{\"@id\":\"https:\\\/\\\/staytv.cr\\\/index.php\\\/2026\\\/08\\\/26\\\/por-que-canal-7-asegura-que-esta-al-borde-del-cierre-en-senal-abierta\\\/#mainImage\"},\"datePublished\":\"2026-08-26T12:07:42-06:00\",\"dateModified\":\"2026-08-28T17:16:53-06:00\"},{\"@type\":\"WebSite\",\"@id\":\"https:\\\/\\\/staytv.cr\\\/#website\",\"url\":\"https:\\\/\\\/staytv.cr\\\/\",\"name\":\"Staytv\",\"description\":\"Medio de comunicaci\\u00f3n digital de Costa Rica.\",\"inLanguage\":\"zh-TW\",\"publisher\":{\"@id\":\"https:\\\/\\\/staytv.cr\\\/#organization\"}}]}\n\t\t<\/script>\n\t\t<!-- All in One SEO Pro -->\r\n\t\t<title>Congreso retoma reforma a Ley de Radio con pol\u00e9mico canon<\/title>\n\n","aioseo_head_json":{"title":"Congreso retoma reforma a Ley de Radio con pol\u00e9mico canon","description":"La Asamblea Legislativa discutir\u00e1 la reforma a la Ley de Radio que impone un nuevo canon a televisoras, el cual podr\u00eda poner en riesgo la se\u00f1al abierta.","canonical_url":"https:\/\/staytv.cr\/index.php\/2026\/08\/26\/por-que-canal-7-asegura-que-esta-al-borde-del-cierre-en-senal-abierta\/","robots":"max-image-preview:large","keywords":"","webmasterTools":{"miscellaneous":""},"schema":{"@context":"https:\/\/schema.org","@graph":[{"@type":"BreadcrumbList","@id":"https:\/\/staytv.cr\/index.php\/2026\/08\/26\/por-que-canal-7-asegura-que-esta-al-borde-del-cierre-en-senal-abierta\/#breadcrumblist","itemListElement":[{"@type":"ListItem","@id":"https:\/\/staytv.cr#listItem","position":1,"name":"Home","item":"https:\/\/staytv.cr","nextItem":{"@type":"ListItem","@id":"https:\/\/staytv.cr\/index.php\/category\/nacional\/#listItem","name":"NACIONAL"}},{"@type":"ListItem","@id":"https:\/\/staytv.cr\/index.php\/category\/nacional\/#listItem","position":2,"name":"NACIONAL","item":"https:\/\/staytv.cr\/index.php\/category\/nacional\/","nextItem":{"@type":"ListItem","@id":"https:\/\/staytv.cr\/index.php\/2026\/08\/26\/por-que-canal-7-asegura-que-esta-al-borde-del-cierre-en-senal-abierta\/#listItem","name":"\u00bfPor qu\u00e9 Canal 7 asegura que est\u00e1 al borde del cierre en se\u00f1al abierta?"},"previousItem":{"@type":"ListItem","@id":"https:\/\/staytv.cr#listItem","name":"Home"}},{"@type":"ListItem","@id":"https:\/\/staytv.cr\/index.php\/2026\/08\/26\/por-que-canal-7-asegura-que-esta-al-borde-del-cierre-en-senal-abierta\/#listItem","position":3,"name":"\u00bfPor qu\u00e9 Canal 7 asegura que est\u00e1 al borde del cierre en se\u00f1al abierta?","previousItem":{"@type":"ListItem","@id":"https:\/\/staytv.cr\/index.php\/category\/nacional\/#listItem","name":"NACIONAL"}}]},{"@type":"Organization","@id":"https:\/\/staytv.cr\/#organization","name":"Stay TV","description":"Stay TV es un medio digital de noticias con base en Centroam\u00e9rica, con cobertura local e internacional desde una mirada asi\u00e1tica.","url":"https:\/\/staytv.cr\/","logo":{"@type":"ImageObject","url":"https:\/\/staytv.cr\/wp-content\/uploads\/cropped-StayTV_logo_oficial_simple.png","@id":"https:\/\/staytv.cr\/index.php\/2026\/08\/26\/por-que-canal-7-asegura-que-esta-al-borde-del-cierre-en-senal-abierta\/#organizationLogo","width":2560,"height":769},"image":{"@id":"https:\/\/staytv.cr\/index.php\/2026\/08\/26\/por-que-canal-7-asegura-que-esta-al-borde-del-cierre-en-senal-abierta\/#organizationLogo"},"sameAs":["https:\/\/www.instagram.com\/staytvcr\/"]},{"@type":"Person","@id":"https:\/\/staytv.cr\/index.php\/author\/diegostaytv\/#author","url":"https:\/\/staytv.cr\/index.php\/author\/diegostaytv\/","name":"Diego Molina","image":{"@type":"ImageObject","url":"https:\/\/secure.gravatar.com\/avatar\/7d23cb63381aa64750c7e76727c208369ebd6f2565e9dc4c62e323b1ea59af41?s=96&d=mm&r=g"}},{"@type":"WebPage","@id":"https:\/\/staytv.cr\/index.php\/2026\/08\/26\/por-que-canal-7-asegura-que-esta-al-borde-del-cierre-en-senal-abierta\/#webpage","url":"https:\/\/staytv.cr\/index.php\/2026\/08\/26\/por-que-canal-7-asegura-que-esta-al-borde-del-cierre-en-senal-abierta\/","name":"Congreso retoma reforma a Ley de Radio con pol\u00e9mico canon","description":"La Asamblea Legislativa discutir\u00e1 la reforma a la Ley de Radio que impone un nuevo canon a televisoras, el cual podr\u00eda poner en riesgo la se\u00f1al abierta.","inLanguage":"zh-TW","isPartOf":{"@id":"https:\/\/staytv.cr\/#website"},"breadcrumb":{"@id":"https:\/\/staytv.cr\/index.php\/2026\/08\/26\/por-que-canal-7-asegura-que-esta-al-borde-del-cierre-en-senal-abierta\/#breadcrumblist"},"author":{"@id":"https:\/\/staytv.cr\/index.php\/author\/diegostaytv\/#author"},"creator":{"@id":"https:\/\/staytv.cr\/index.php\/author\/diegostaytv\/#author"},"image":{"@type":"ImageObject","url":"https:\/\/staytv.cr\/wp-content\/uploads\/Sin-titulo-5-296.png","@id":"https:\/\/staytv.cr\/index.php\/2026\/08\/26\/por-que-canal-7-asegura-que-esta-al-borde-del-cierre-en-senal-abierta\/#mainImage","width":1200,"height":630,"caption":"Congreso retoma reforma a Ley de Radio con pol\u00e9mico canon"},"primaryImageOfPage":{"@id":"https:\/\/staytv.cr\/index.php\/2026\/08\/26\/por-que-canal-7-asegura-que-esta-al-borde-del-cierre-en-senal-abierta\/#mainImage"},"datePublished":"2026-08-26T12:07:42-06:00","dateModified":"2026-08-28T17:16:53-06:00"},{"@type":"WebSite","@id":"https:\/\/staytv.cr\/#website","url":"https:\/\/staytv.cr\/","name":"Staytv","description":"Medio de comunicaci\u00f3n digital de Costa Rica.","inLanguage":"zh-TW","publisher":{"@id":"https:\/\/staytv.cr\/#organization"}}]},"og:locale":"zh_TW","og:site_name":"Staytv - Medio de comunicaci\u00f3n digital de Costa Rica.","og:type":"article","og:title":"Congreso retoma reforma a Ley de Radio con pol\u00e9mico canon","og:description":"La Asamblea Legislativa discutir\u00e1 la reforma a la Ley de Radio que impone un nuevo canon a televisoras, el cual podr\u00eda poner en riesgo la se\u00f1al abierta.","og:url":"https:\/\/staytv.cr\/index.php\/2026\/08\/26\/por-que-canal-7-asegura-que-esta-al-borde-del-cierre-en-senal-abierta\/","og:image":"https:\/\/staytv.cr\/wp-content\/uploads\/Sin-titulo-5-296.png","og:image:secure_url":"https:\/\/staytv.cr\/wp-content\/uploads\/Sin-titulo-5-296.png","og:image:width":1200,"og:image:height":630,"article:published_time":"2026-08-26T18:07:42+00:00","article:modified_time":"2026-08-28T23:16:53+00:00","article:publisher":"https:\/\/www.facebook.com\/staytvcr","twitter:card":"summary_large_image","twitter:title":"Congreso retoma reforma a Ley de Radio con pol\u00e9mico canon","twitter:description":"La Asamblea Legislativa discutir\u00e1 la reforma a la Ley de Radio que impone un nuevo canon a televisoras, el cual podr\u00eda poner en riesgo la se\u00f1al abierta.","twitter:image":"https:\/\/staytv.cr\/wp-content\/uploads\/Sin-titulo-5-296.png"},"aioseo_meta_data":{"post_id":"38127","title":"Congreso retoma reforma a Ley de Radio con pol\u00e9mico canon","description":"La Asamblea Legislativa discutir\u00e1 la reforma a la Ley de Radio que impone un nuevo canon a televisoras, el cual podr\u00eda poner en riesgo la se\u00f1al abierta.","keywords":null,"keyphrases":{"focus":{"keyphrase":"Canon","score":63,"analysis":{"keyphraseInTitle":{"score":9,"maxScore":9,"error":0},"keyphraseInDescription":{"score":9,"maxScore":9,"error":0},"keyphraseLength":{"score":9,"maxScore":9,"error":0,"length":1},"keyphraseInURL":{"score":1,"maxScore":5,"error":1},"keyphraseInIntroduction":{"score":9,"maxScore":9,"error":0},"keyphraseInSubHeadings":{"score":3,"maxScore":9,"error":1},"keyphraseInImageAlt":{"score":3,"maxScore":9,"error":1},"keywordDensity":{"score":0,"type":"low","maxScore":9,"error":1}}},"additional":[]},"canonical_url":null,"og_title":null,"og_description":null,"og_object_type":"default","og_image_type":"default","og_image_custom_url":null,"og_image_custom_fields":null,"og_custom_image_width":null,"og_custom_image_height":null,"og_video":"","og_custom_url":null,"og_article_section":null,"og_article_tags":null,"twitter_use_og":true,"twitter_card":"default","twitter_image_type":"default","twitter_image_custom_url":null,"twitter_image_custom_fields":null,"twitter_title":null,"twitter_description":null,"schema_type":null,"schema_type_options":null,"pillar_content":false,"robots_default":true,"robots_noindex":false,"robots_noarchive":false,"robots_nosnippet":false,"robots_nofollow":false,"robots_noimageindex":false,"robots_noodp":false,"robots_notranslate":false,"robots_max_snippet":"-1","robots_max_videopreview":"-1","robots_max_imagepreview":"none","tabs":null,"priority":null,"frequency":"default","local_seo":null,"created":"2026-08-26 18:07:55","updated":"2026-08-28 23:16:54"},"aioseo_breadcrumb":"<div class=\"aioseo-breadcrumbs\"><span class=\"aioseo-breadcrumb\">\n\t<a href=\"https:\/\/staytv.cr\" title=\"Home\">Home<\/a>\n<\/span><span class=\"aioseo-breadcrumb-separator\">&raquo;<\/span><span class=\"aioseo-breadcrumb\">\n\t<a href=\"https:\/\/staytv.cr\/index.php\/category\/nacional\/\" title=\"NACIONAL\">NACIONAL<\/a>\n<\/span><span class=\"aioseo-breadcrumb-separator\">&raquo;<\/span><span class=\"aioseo-breadcrumb\">\n\t\u00bfPor qu\u00e9 Canal 7 asegura que est\u00e1 al borde del cierre en se\u00f1al abierta?\n<\/span><\/div>","aioseo_breadcrumb_json":[{"label":"Home","link":"https:\/\/staytv.cr"},{"label":"NACIONAL","link":"https:\/\/staytv.cr\/index.php\/category\/nacional\/"},{"label":"\u00bfPor qu\u00e9 Canal 7 asegura que est\u00e1 al borde del cierre en se\u00f1al abierta?","link":"https:\/\/staytv.cr\/index.php\/2026\/08\/26\/por-que-canal-7-asegura-que-esta-al-borde-del-cierre-en-senal-abierta\/"}],"_links":{"self":[{"href":"https:\/\/staytv.cr\/index.php\/wp-json\/wp\/v2\/posts\/38127","targetHints":{"allow":["GET"]}}],"collection":[{"href":"https:\/\/staytv.cr\/index.php\/wp-json\/wp\/v2\/posts"}],"about":[{"href":"https:\/\/staytv.cr\/index.php\/wp-json\/wp\/v2\/types\/post"}],"author":[{"embeddable":true,"href":"https:\/\/staytv.cr\/index.php\/wp-json\/wp\/v2\/users\/10"}],"replies":[{"embeddable":true,"href":"https:\/\/staytv.cr\/index.php\/wp-json\/wp\/v2\/comments?post=38127"}],"version-history":[{"count":1,"href":"https:\/\/staytv.cr\/index.php\/wp-json\/wp\/v2\/posts\/38127\/revisions"}],"predecessor-version":[{"id":38129,"href":"https:\/\/staytv.cr\/index.php\/wp-json\/wp\/v2\/posts\/38127\/revisions\/38129"}],"wp:featuredmedia":[{"embeddable":true,"href":"https:\/\/staytv.cr\/index.php\/wp-json\/wp\/v2\/media\/38128"}],"wp:attachment":[{"href":"https:\/\/staytv.cr\/index.php\/wp-json\/wp\/v2\/media?parent=38127"}],"wp:term":[{"taxonomy":"category","embeddable":true,"href":"https:\/\/staytv.cr\/index.php\/wp-json\/wp\/v2\/categories?post=38127"},{"taxonomy":"post_tag","embeddable":true,"href":"https:\/\/staytv.cr\/index.php\/wp-json\/wp\/v2\/tags?post=38127"}],"curies":[{"name":"wp","href":"https:\/\/api.w.org\/{rel}","templated":true}]}}